{"id":53622,"date":"2021-09-03T15:00:00","date_gmt":"2021-09-03T20:00:00","guid":{"rendered":"https:\/\/atomic-temporary-84115225.wpcomstaging.com\/?p=53622"},"modified":"2021-09-03T15:00:00","modified_gmt":"2021-09-03T20:00:00","slug":"j-ferron-un-productor-que-pone-en-alto-el-nombre-de-mexico-en-el-ambito-musical","status":"publish","type":"post","link":"https:\/\/zeromagazine.mx\/index.php\/2021\/09\/03\/j-ferron-un-productor-que-pone-en-alto-el-nombre-de-mexico-en-el-ambito-musical\/","title":{"rendered":"J. Ferron, un productor que pone en alto el nombre de M\u00e9xico en el \u00e1mbito musical"},"content":{"rendered":"\n<p>En esta ocasi\u00f3n en <strong>Zero Magazine Mx <\/strong>tuvimos la oportunidad de entrevistar al talentoso productor musical mexicano<strong> J. Ferron<\/strong>, quien su trabajo ha llegado a tal punto que avanza a la par del 11 veces nominado al<strong> Grammy<\/strong> como productor e ingeniero de audio, <strong>Mauricio Garza<\/strong>.<\/p>\n\n\n\n<figure class=\"wp-block-image size-large coblocks-animate\"><a href=\"https:\/\/i0.wp.com\/zeromagazinemx.wpcomstaging.com\/wp-content\/uploads\/2022\/02\/e092b-img_4431.jpg?ssl=1\"><img data-recalc-dims=\"1\" decoding=\"async\" src=\"https:\/\/i0.wp.com\/zeromagazinemx.wpcomstaging.com\/wp-content\/uploads\/2022\/02\/e092b-img_4431.jpg?w=1165&#038;ssl=1\" alt=\"\" class=\"wp-image-53625\" \/><\/a><\/figure>\n\n\n\n<div class=\"wp-block-buttons is-layout-flex wp-block-buttons-is-layout-flex\">\n<div class=\"wp-block-button is-style-outline is-style-outline--1\"><a class=\"wp-block-button__link\">Por <strong>Michelle Rodr\u00edguez Solis<\/strong><\/a><\/div>\n<\/div>\n\n\n\n<p>Lleva 18 a\u00f1os en la industria, pero dedicado a la grabaci\u00f3n y producci\u00f3n los \u00faltimos 5 a\u00f1os. Ha tenido la oportunidad de trabajar con bandas de rock y metal hasta artistas de <strong>Hip Hop<\/strong> y <strong>Rap<\/strong>, as\u00ed como artistas de <strong>EDM<\/strong>, <strong>R&amp;B<\/strong>, y <strong>Pop<\/strong>. Ha colaborado con incre\u00edbles artistas como <strong>Sugarfoot Moffet<\/strong> (ex baterista de <strong>Michael Jackson<\/strong>), <strong>Dharius<\/strong> (ex miembro de <strong>Cartel de Santa<\/strong>), <strong>Tiro Loko<\/strong> (rapero mexicano), <strong>Lindsey Stirling<\/strong> (violinista y actor de doblaje), <strong>Kim Coates<\/strong> (actor y actor de doblaje), <strong>Sergio Arau<\/strong> (Ex botellita de jerez). <strong>Sueco The Child<\/strong> (artista USA), <strong>Anatii<\/strong> (artista sudafricano), <strong>Tre Carter <\/strong>(artista y cantante), <strong>Jackson Myles Chavis <\/strong>(estrella de TikTok, bailar\u00edn y cantante), entre varios otros.<\/p>\n\n\n\n<p>Actualmente<strong> J. Ferron <\/strong>cuenta con 6 estudios en 4 diferentes localidades distribuidas por l<strong>os \u00c1ngeles. <\/strong>Es reconocido como uno de los mejores estudios en la ciudad, lo cual es mucho prestigio para \u00e9l. Ahora es el ingeniero principal de los estudios y co-manager.<\/p>\n\n\n\n<p>Platicamos con <strong>J. Ferron<\/strong> sobre los desaf\u00edos que ha afrontado en la industria de la m\u00fasica, sus planes a futuro entre otras cosas m\u00e1s y esto fue lo que nos respondi\u00f3:<\/p>\n\n\n\n<p><strong>Cu\u00e9ntanos, \u00bfC\u00f3mo est\u00e1s? \u00bfC\u00f3mo te has sentido acerca de la situaci\u00f3n de la pandemia y todo este cambio por el que ha pasado el mundo?<\/strong><\/p>\n\n\n\n<p>Ha sido una situaci\u00f3n bastante complicada, si bien la industria como tal ha tenido mucho desbalance en el sentido en que no ha habido m\u00fasica en vivo, posibilidades de hacer un tour, tocar, etc. Para nosotros en los estudios fue todo lo contrario, debido a toda esta situaci\u00f3n muchos de los artistas y m\u00fasicos decidieron irse a los estudios ya sea para <em>grabar o componer<\/em>, gracias a eso para nosotros fue una \u00e9poca con much\u00edsimo trabajo, tanto as\u00ed fue que creamos un estudio m\u00e1s y contratamos a m\u00e1s ingenieros porque realmente ha sido demasiado trabajo. Estoy muy agradecido por lo mismo, tengo muchos compa\u00f1eros y conocidos que han sufrido mucho por la pandemia en ese sentido, entonces me siento afortunado por todo el trabajo y por qu\u00e9 nos ha ido realmente bien.<\/p>\n\n\n\n<figure class=\"wp-block-image size-large coblocks-animate\"><a href=\"https:\/\/i0.wp.com\/zeromagazinemx.wpcomstaging.com\/wp-content\/uploads\/2022\/02\/3db37-jmfc3-img_4417.jpg?ssl=1\"><img data-recalc-dims=\"1\" decoding=\"async\" src=\"https:\/\/i0.wp.com\/zeromagazinemx.wpcomstaging.com\/wp-content\/uploads\/2022\/02\/3db37-jmfc3-img_4417.jpg?w=1165&#038;ssl=1\" alt=\"\" class=\"wp-image-53627\" \/><\/a><\/figure>\n\n\n\n\n\n<p><strong><br><\/strong><strong>Plat\u00edcanos un poco m\u00e1s sobre tus inicios, \u00bfc\u00f3mo fue que decidiste entrar al mundo de la m\u00fasica y dedicarte a ser productor musical?<\/strong><\/p>\n\n\n\n<p>Soy originario de <strong>M\u00e9xico<\/strong>, empec\u00e9 a tocar el bajo el\u00e9ctrico a los 12 a\u00f1os, empec\u00e9 a tener bandas cuando ten\u00eda 16, empec\u00e9 a tocar en vivo y fue cuando supe que la m\u00fasica era lo m\u00edo, form\u00e9 mi primera banda musical a esa misma edad llamada \u201cWaffle\u201d, desde entonces he estado involucrado en el proceso de grabaci\u00f3n y producci\u00f3n.<\/p>\n\n\n\n<p>Afortunadamente a la gente le gustan mis ideas y mi gusto musical de tal forma que he tenido la oportunidad de explotar mi creatividad a trav\u00e9s de mis proyectos y de los proyectos de clientes. Fue hasta que me vine a <strong>Los \u00c1ngeles<\/strong>, Estados Unidos a estudiar y comenc\u00e9 a colaborar con m\u00e1s gente, as\u00ed como a tomar el papel de ingeniero de grabaci\u00f3n, aunque tambi\u00e9n adquir\u00ed el papel de productor debido a la falta de presupuesto o simplemente la confianza brindada del cliente.<\/p>\n\n\n\n<p><strong>\u00bfCu\u00e1les son los retos m\u00e1s dif\u00edciles que has afrontado desde que decidiste ser productor musical?<\/strong><\/p>\n\n\n\n<p>Creo que los retos m\u00e1s dif\u00edciles han sido personales, el creer en uno mismo creo que es el mayor reto que todo el mundo ha de romper primero, yo creo que las limitantes siempre est\u00e1n en la mente, est\u00e1n en uno mismo y uno mismo es quien se pone el pie y no puede llegar a cumplir las cosas que quiere.<\/p>\n\n\n\n<p>Siempre he dicho que hay que mantener la cabeza en alto, el creer en uno mismo, aunque los dem\u00e1s no crean y seguir picando piedra, no tener miedo de fallar.<\/p>\n\n\n\n<p>Separado a eso, el siguiente reto que he afrontado en la vida cotidiana es la interacci\u00f3n con las personas, hay personas que creen que saben much\u00edsimo pero no se saben comunicar, no saben lidiar con otras personas, quieren quedar bien pero no pueden y eso lo hace muy complicado. <em>Por m\u00e1s talentosos <\/em>que sean, el m\u00fasico <em>m\u00e1s inteligente<\/em>, el hecho de poder entablar una relaci\u00f3n con alguien a primera instancia es un reto grande que no mucha gente toma en cuenta y creo que eso es el 70% de cualquier m\u00fasico, o cualquier artista es el que tenga carisma. A lo mejor como persona el conocer gente, salir y convivir es fuerte, yo por ejemplo en lo personal cuando me vine a para <strong>Los \u00c1ngeles<\/strong> ten\u00eda mucho miedo porque no conoc\u00eda a nadie, pero poco a poco vas saliendo del camino, conoces gente, obviamente que cuesta trabajo al principio por que no siempre vas a conocer a las personas correctas, entonces esos son los mayores retos por los que uno tiene que pasar y superar.<\/p>\n\n\n\n<figure class=\"wp-block-image size-large coblocks-animate\"><a href=\"https:\/\/i0.wp.com\/zeromagazinemx.wpcomstaging.com\/wp-content\/uploads\/2022\/02\/de651-img_4434.jpg?ssl=1\"><img data-recalc-dims=\"1\" decoding=\"async\" src=\"https:\/\/i0.wp.com\/zeromagazinemx.wpcomstaging.com\/wp-content\/uploads\/2022\/02\/de651-img_4434.jpg?w=1165&#038;ssl=1\" alt=\"\" class=\"wp-image-53626\" \/><\/a><\/figure>\n\n\n\n\n\n<p><strong>De los trabajos que has realizado a lo largo de tu trayectoria, \u00bfhay alguno que consideres tu favorito?<\/strong><\/p>\n\n\n\n<p>Lo m\u00e1s cercano que he estado en mi vida de poder trabajar con <strong>Michael Jackson<\/strong>, fue el poder trabajar con su ex baterista <strong>Sugarfoot Moffet<\/strong>, tuve la oportunidad de grabarlo como 3 veces (una incre\u00edble persona y ser humano), el poder hablar con \u00e9l y de lo que fue <strong>Michael<\/strong>, lo que hicieron juntos como equipo de trabajo, c\u00f3mo se conocieron, fue incre\u00edble esa experiencia.<\/p>\n\n\n\n<p>La otra sin duda fue trabajar con Mauricio, grabar con \u00e9l y ahora el tenerlo no solo como compa\u00f1ero de trabajo sino tambi\u00e9n como amigo. Y por el lado de los artistas el poder trabajar con varios ha sido algo grande para m\u00ed. Crec\u00ed escuchando a <strong>Cartel de Santa<\/strong> y es incre\u00edble el poder trabajar con ellos y con muchos artistas m\u00e1s a los cuales toda mi vida he admirado.<\/p>\n\n\n\n<p><strong>Plat\u00edcanos alguna experiencia o alguna an\u00e9cdota que te venga a la memoria con tu experiencia profesional:<\/strong><\/p>\n\n\n\n<p>Yo estaba en <strong>M\u00e9xico<\/strong> (antes de que iniciara la pandemia) y justo <strong>Danny Dur\u00e1n<\/strong> iba a dar un concierto en el D.F y me hab\u00edan marcado desde Los \u00c1ngeles dici\u00e9ndome como \u201coye Danny va a estar por all\u00e1, necesito alguien de confianza que lo traiga de aqu\u00ed all\u00e1, que lo lleve, lo traiga y est\u00e9 al pendiente de todo el concierto\u201d, yo acepte sin problemas.<\/p>\n\n\n\n<p>Total, ya lo conoc\u00ed, incre\u00edble, fui por \u00e9l al aeropuerto, lo llev\u00e9 a su hotel y llegamos al concierto.<\/p>\n\n\n\n<p>En el concierto pues yo dije \u201cok mi trabajo ya est\u00e1 terminado\u201d, lo llev\u00e9 y estaban con lo del soundcheck y de ah\u00ed fuimos a los camerinos, estando ah\u00ed nos dimos cuenta que no funcionaba la computadora que iban a usar para las pistas y el audio y fue como un \u201c\u00bfy ahora qu\u00e9 hacemos? y ya necesitaba salir al escenario.<\/p>\n\n\n\n<p>Me tuve que acercar a \u00e9l y decirle que no estaba funcionando la computadora. Yo no s\u00e9 c\u00f3mo le hice, pero le pique algo a la computadora y la arregle, tanto que \u00e9l me dijo \u201csabes que ya qu\u00e9date aqu\u00ed en el escenario y tu vele cambiando a las pistas\u201d.&nbsp; Y as\u00ed fue como yo me qued\u00e9 durante todo su concierto en el escenario, realmente no me lo esperaba, fue muy emocionante ese d\u00eda. Siendo la primera vez que trabajaba con \u00e9l y era mi responsabilidad y que justo ese d\u00eda pasara todo eso pfff&#8230; jaja, pero, afortunadamente, todo result\u00f3 de maravilla.<\/p>\n\n\n\n<p>Pero justamente esas son de las situaciones de las que hablaba, que, ya que se te presenta eso, tienes que darle la soluci\u00f3n, adem\u00e1s de que tambi\u00e9n uno tiene que perder el miedo y enfrentarse a superar las cosas y m\u00e1s que nada confiar uno en s\u00ed mismo.<\/p>\n\n\n\n<p>Realmente como esta situaci\u00f3n han pasado miles, en este mundo de la producci\u00f3n nunca sabes lo que va a pasar, en el estudio puedes sentirte un poco m\u00e1s tranquilo porque puedes ir controlando la situaci\u00f3n, pero sientes m\u00e1s la presi\u00f3n ya cuando es en vivo.<\/p>\n\n\n\n<p>Me ha tocado en ocasiones en las que el artista estando en el estudio comienza a gritarme, llegamos a durar m\u00e1s de 8 o 10 horas grabando, cuando sal\u00eda del estudio no ten\u00eda para donde irme, no ten\u00eda a quien llamarle, no hab\u00eda nada. Pero fue ah\u00ed justo cuando aprend\u00ed la lecci\u00f3n de \u201c<strong>NO DARME POR VENCIDO<\/strong>\u201d, terminar la misi\u00f3n a como d\u00e9 lugar, bien o mal, pasar la noche y pasar la experiencia. Y lo logr\u00e9, cada que pasas un reto vas dando un paso adelante, as\u00ed se vea como un fracaso, pero siempre adelante.<\/p>\n\n\n\n<p><strong>\u00bfCu\u00e1l dir\u00edas que es tu opini\u00f3n de la m\u00fasica hoy en d\u00eda?<\/strong><\/p>\n\n\n\n<p>Yo le tengo mucho amor al <strong>rock<\/strong> y al <strong>jazz<\/strong>, pero \u00faltimamente no veo mucho <strong>rock<\/strong> y siento que ha sido algo que ha venido muriendo o por lo menos apag\u00e1ndose y cambiando en la industria. Hoy en d\u00eda no lo podemos negar, lo m\u00e1s sonado es el <strong>Hip Hop<\/strong> y el g\u00e9nero urbano (reggaet\u00f3n) es como lo que predomina y m\u00e1s escuchado. Al final del d\u00eda el g\u00e9nero manda, no estoy criticando ni nada, pero en lo personal me gustar\u00eda que hubiera m\u00e1s bandas y m\u00e1s gente tocando instrumentos en vivo, que el hacerlo ahora por puro beat o de forma digital.<\/p>\n\n\n\n<p>Tambi\u00e9n me gustar\u00eda que hubiera m\u00e1s <strong>jazz<\/strong>, porque son g\u00e9neros que se han perdido, esperemos que crezca y vuelva esa m\u00fasica. En lo personal siento que la situaci\u00f3n mundial es muy interesante la que estamos viviendo del g\u00e9nero que escuchamos, se habla del tema de la letra de las canciones que a veces me parece un poco incoherente o que realmente no le entiendes a la letra, o que no tiene un mensaje claro como tal, entiendo que el ritmo puede ser un tanto pegajoso y que te den ganas de bailar, pero, honestamente me inclino m\u00e1s por lo cl\u00e1sico como lo es el <strong>rock<\/strong> y el <strong>jazz<\/strong>.<\/p>\n\n\n\n<figure class=\"wp-block-embed aligncenter is-type-rich is-provider-instagram wp-block-embed-instagram\"><div class=\"wp-block-embed__wrapper\">\nhttps:\/\/www.instagram.com\/p\/CQFDldBLrcy\/?utm_medium=copy_link\n<\/div><\/figure>\n\n\n\n<p><strong>\u00bfQu\u00e9 consejo o mensaje le dar\u00edas a las personas que empiezan ahora con estudiar m\u00fasica, o que les gustar\u00eda especializarse en esa \u00e1rea?&nbsp;<\/strong><\/p>\n\n\n\n<p>El mejor mensaje que les dar\u00eda ser\u00eda que cualquier reto, ya sea grande o peque\u00f1o con constancia, paciencia, determinaci\u00f3n, disciplina y mucho trabajo es como se logran las cosas, es como se llega al \u00e9xito y es tambi\u00e9n c\u00f3mo se llega al lugar en el que quieres estar.<\/p>\n\n\n\n<p>No hay de otra, yo lo he visto aqu\u00ed f\u00edsicamente, si no se cultivan los trabajos de esta manera, no sirve para nada. He visto a mucha gente que dicen tener talento, se aferran a la disciplina, al trabajo, a la paciencia, la constancia y la determinaci\u00f3n y as\u00ed es como van avanzando m\u00e1s que los dem\u00e1s.&nbsp; El \u00e9xito es relativo, uno no tiene que estarse comparando con los dem\u00e1s, si vas a compararte que sea contigo mismo con tu yo de hace 1 a\u00f1o y as\u00ed mejorar y esforzarse por ser una mejor versi\u00f3n de ti mismo.<\/p>\n\n\n\n<p><strong>Y para finalizar con esta entrevista, \u00bfCu\u00e1les son los proyectos que vienen para ti en este 2021-2022?<\/strong><\/p>\n\n\n\n<p>A nivel negocio vamos a abrir un s\u00e9ptimo estudio, va a ser el m\u00e1s grande que tengamos hasta ahora, vamos a tener una consola an\u00e1loga de ochenta canales, trataremos de reclutar a m\u00e1s artistas y ampliar el negocio. Vamos a enfocarnos tambi\u00e9n m\u00e1s a la cuesti\u00f3n de producci\u00f3n de cine, componer, musicalizar a las pel\u00edculas. Va a ser muy interesante.<\/p>\n\n\n\n<p>En cuanto a la parte personal tengo unas cuantas canciones que van a salir con algunos artistas (tanto nacionales como internacionales), muchos nuevos artistas y que han tenido la oportunidad de trabajar con grandes de tallas mundiales.<\/p>\n\n\n\n<p>Vienen muchas sorpresas, est\u00e9n muy atentos.<\/p>\n\n\n\n<p><strong>Por \u00faltimo, hacemos una cordial invitaci\u00f3n para todas aquellas personas, artistas, m\u00fasicos, cantantes, etc. Que quieran colaborar con el equipo de J. Ferron, no duden en mandarle un mensaje a sus redes sociales con su m\u00fasica y contactarlo para que puedan trabajar con \u00e9l y as\u00ed mismo poder impulsar mucho m\u00e1s el talento mexicano.<\/strong><\/p>\n\n\n\n<p class=\"has-text-align-center\"><strong>Sigue a  J. Ferron en:<\/strong><\/p>\n\n\n\n<p class=\"has-text-align-center\"><strong>Instagram:<\/strong> @ferronsmusic<\/p>\n\n\n\n<p class=\"has-text-align-center\"><strong>Estudio en Los \u00c1ngeles: <\/strong><a href=\"http:\/\/theroomstudios.us\">http:\/\/theroomstudios.us<\/a><\/p>\n\n\n\n\n<!--themify_builder_content-->\n<div id=\"themify_builder_content-53622\" data-postid=\"53622\" class=\"themify_builder_content themify_builder_content-53622 themify_builder tf_clear\">\n    <\/div>\n<!--\/themify_builder_content-->\n","protected":false},"excerpt":{"rendered":"<p>En esta ocasi\u00f3n en Zero Magazine Mx tuvimos la oportunidad de entrevistar al talentoso productor musical mexicano J. Ferron, quien su trabajo ha llegado a tal punto que avanza a la par del 11 veces nominado al Grammy como productor e ingeniero de audio, Mauricio Garza. Lleva 18 a\u00f1os en la industria, pero dedicado a [&hellip;]<\/p>\n","protected":false},"author":2,"featured_media":53624,"comment_status":"open","ping_status":"open","sticky":false,"template":"","format":"standard","meta":{"_jetpack_memberships_contains_paid_content":false,"footnotes":"","jetpack_publicize_message":"","jetpack_publicize_feature_enabled":true,"jetpack_social_post_already_shared":true,"jetpack_social_options":{"image_generator_settings":{"template":"highway","default_image_id":0,"font":"","enabled":false},"version":2}},"categories":[117,91],"tags":[4530,4531,4532,4533,4534,763,4535,4536,4537,3586,4538,4539,4540,144,1665,4523,724,4541,2512,4542,4543,4544,4545,4546,4547],"class_list":["post-53622","post","type-post","status-publish","format-standard","has-post-thumbnail","hentry","category-entretenimiento","category-entrevistas","tag-anatii","tag-cartel-de-santa","tag-danny-duran","tag-dharius","tag-edm","tag-grammy","tag-hip-hop","tag-j-ferron","tag-jackson-myles-chavis","tag-jazz","tag-kim-coates","tag-lindsey-stirling","tag-mauricio-garza","tag-mexico","tag-michael-jackson","tag-pop","tag-rb","tag-rap","tag-rock","tag-sergio-arau","tag-sueco-the-child","tag-sugarfoot-moffet","tag-tiro-loko","tag-tre-carter","tag-zero-magazine-mx","has-post-title","has-post-date","has-post-category","has-post-tag","has-post-comment","has-post-author",""],"yoast_head":"<!-- This site is optimized with the Yoast SEO plugin v27.5 - https:\/\/yoast.com\/product\/yoast-seo-wordpress\/ -->\n<title>J. Ferron, un productor que pone en alto el nombre de M\u00e9xico en el \u00e1mbito musical - Zero Magazine<\/title>\n<meta name=\"robots\" content=\"index, follow, max-snippet:-1, max-image-preview:large, max-video-preview:-1\" \/>\n<link rel=\"canonical\" href=\"https:\/\/zeromagazine.mx\/index.php\/2021\/09\/03\/j-ferron-un-productor-que-pone-en-alto-el-nombre-de-mexico-en-el-ambito-musical\/\" \/>\n<meta property=\"og:locale\" content=\"es_ES\" \/>\n<meta property=\"og:type\" content=\"article\" \/>\n<meta property=\"og:title\" content=\"J. Ferron, un productor que pone en alto el nombre de M\u00e9xico en el \u00e1mbito musical - Zero Magazine\" \/>\n<meta property=\"og:description\" content=\"En esta ocasi\u00f3n en Zero Magazine Mx tuvimos la oportunidad de entrevistar al talentoso productor musical mexicano J. Ferron, quien su trabajo ha llegado a tal punto que avanza a la par del 11 veces nominado al Grammy como productor e ingeniero de audio, Mauricio Garza. Lleva 18 a\u00f1os en la industria, pero dedicado a [&hellip;]\" \/>\n<meta property=\"og:url\" content=\"https:\/\/zeromagazine.mx\/index.php\/2021\/09\/03\/j-ferron-un-productor-que-pone-en-alto-el-nombre-de-mexico-en-el-ambito-musical\/\" \/>\n<meta property=\"og:site_name\" content=\"Zero Magazine\" \/>\n<meta property=\"article:published_time\" content=\"2021-09-03T20:00:00+00:00\" \/>\n<meta name=\"author\" content=\"zeromagazinemx\" \/>\n<meta name=\"twitter:card\" content=\"summary_large_image\" \/>\n<meta name=\"twitter:label1\" content=\"Escrito por\" \/>\n\t<meta name=\"twitter:data1\" content=\"zeromagazinemx\" \/>\n\t<meta name=\"twitter:label2\" content=\"Tiempo de lectura\" \/>\n\t<meta name=\"twitter:data2\" content=\"11 minutos\" \/>\n<script type=\"application\/ld+json\" class=\"yoast-schema-graph\">{\"@context\":\"https:\\\/\\\/schema.org\",\"@graph\":[{\"@type\":\"Article\",\"@id\":\"https:\\\/\\\/zeromagazine.mx\\\/index.php\\\/2021\\\/09\\\/03\\\/j-ferron-un-productor-que-pone-en-alto-el-nombre-de-mexico-en-el-ambito-musical\\\/#article\",\"isPartOf\":{\"@id\":\"https:\\\/\\\/zeromagazine.mx\\\/index.php\\\/2021\\\/09\\\/03\\\/j-ferron-un-productor-que-pone-en-alto-el-nombre-de-mexico-en-el-ambito-musical\\\/\"},\"author\":{\"name\":\"zeromagazinemx\",\"@id\":\"https:\\\/\\\/zeromagazine.mx\\\/#\\\/schema\\\/person\\\/9aed9f33a7c39af3a348b86d723f7773\"},\"headline\":\"J. Ferron, un productor que pone en alto el nombre de M\u00e9xico en el \u00e1mbito musical\",\"datePublished\":\"2021-09-03T20:00:00+00:00\",\"mainEntityOfPage\":{\"@id\":\"https:\\\/\\\/zeromagazine.mx\\\/index.php\\\/2021\\\/09\\\/03\\\/j-ferron-un-productor-que-pone-en-alto-el-nombre-de-mexico-en-el-ambito-musical\\\/\"},\"wordCount\":2196,\"commentCount\":0,\"publisher\":{\"@id\":\"https:\\\/\\\/zeromagazine.mx\\\/#organization\"},\"image\":{\"@id\":\"https:\\\/\\\/zeromagazine.mx\\\/index.php\\\/2021\\\/09\\\/03\\\/j-ferron-un-productor-que-pone-en-alto-el-nombre-de-mexico-en-el-ambito-musical\\\/#primaryimage\"},\"thumbnailUrl\":\"\",\"keywords\":[\"Anatii\",\"Cartel de Santa\",\"Danny Dur\u00e1n\",\"Dharius\",\"EDM\",\"Grammy\",\"hip-hop\",\"J. Ferron\",\"Jackson Myles Chavis\",\"JAZZ\",\"Kim Coates\",\"Lindsey Stirling\",\"Mauricio Garza\",\"M\u00c9XICO\",\"Michael Jackson\",\"Pop\",\"r&amp;b\",\"rap\",\"Rock\",\"Sergio Arau\",\"Sueco The Child\",\"Sugarfoot Moffet\",\"Tiro Loko\",\"Tre Carter\",\"Zero Magazine Mx\"],\"articleSection\":[\"Entretenimiento\",\"Entrevistas\"],\"inLanguage\":\"es\",\"potentialAction\":[{\"@type\":\"CommentAction\",\"name\":\"Comment\",\"target\":[\"https:\\\/\\\/zeromagazine.mx\\\/index.php\\\/2021\\\/09\\\/03\\\/j-ferron-un-productor-que-pone-en-alto-el-nombre-de-mexico-en-el-ambito-musical\\\/#respond\"]}]},{\"@type\":\"WebPage\",\"@id\":\"https:\\\/\\\/zeromagazine.mx\\\/index.php\\\/2021\\\/09\\\/03\\\/j-ferron-un-productor-que-pone-en-alto-el-nombre-de-mexico-en-el-ambito-musical\\\/\",\"url\":\"https:\\\/\\\/zeromagazine.mx\\\/index.php\\\/2021\\\/09\\\/03\\\/j-ferron-un-productor-que-pone-en-alto-el-nombre-de-mexico-en-el-ambito-musical\\\/\",\"name\":\"J. Ferron, un productor que pone en alto el nombre de M\u00e9xico en el \u00e1mbito musical - Zero Magazine\",\"isPartOf\":{\"@id\":\"https:\\\/\\\/zeromagazine.mx\\\/#website\"},\"primaryImageOfPage\":{\"@id\":\"https:\\\/\\\/zeromagazine.mx\\\/index.php\\\/2021\\\/09\\\/03\\\/j-ferron-un-productor-que-pone-en-alto-el-nombre-de-mexico-en-el-ambito-musical\\\/#primaryimage\"},\"image\":{\"@id\":\"https:\\\/\\\/zeromagazine.mx\\\/index.php\\\/2021\\\/09\\\/03\\\/j-ferron-un-productor-que-pone-en-alto-el-nombre-de-mexico-en-el-ambito-musical\\\/#primaryimage\"},\"thumbnailUrl\":\"\",\"datePublished\":\"2021-09-03T20:00:00+00:00\",\"breadcrumb\":{\"@id\":\"https:\\\/\\\/zeromagazine.mx\\\/index.php\\\/2021\\\/09\\\/03\\\/j-ferron-un-productor-que-pone-en-alto-el-nombre-de-mexico-en-el-ambito-musical\\\/#breadcrumb\"},\"inLanguage\":\"es\",\"potentialAction\":[{\"@type\":\"ReadAction\",\"target\":[\"https:\\\/\\\/zeromagazine.mx\\\/index.php\\\/2021\\\/09\\\/03\\\/j-ferron-un-productor-que-pone-en-alto-el-nombre-de-mexico-en-el-ambito-musical\\\/\"]}]},{\"@type\":\"ImageObject\",\"inLanguage\":\"es\",\"@id\":\"https:\\\/\\\/zeromagazine.mx\\\/index.php\\\/2021\\\/09\\\/03\\\/j-ferron-un-productor-que-pone-en-alto-el-nombre-de-mexico-en-el-ambito-musical\\\/#primaryimage\",\"url\":\"\",\"contentUrl\":\"\"},{\"@type\":\"BreadcrumbList\",\"@id\":\"https:\\\/\\\/zeromagazine.mx\\\/index.php\\\/2021\\\/09\\\/03\\\/j-ferron-un-productor-que-pone-en-alto-el-nombre-de-mexico-en-el-ambito-musical\\\/#breadcrumb\",\"itemListElement\":[{\"@type\":\"ListItem\",\"position\":1,\"name\":\"Portada\",\"item\":\"https:\\\/\\\/zeromagazine.mx\\\/\"},{\"@type\":\"ListItem\",\"position\":2,\"name\":\"J. Ferron, un productor que pone en alto el nombre de M\u00e9xico en el \u00e1mbito musical\"}]},{\"@type\":\"WebSite\",\"@id\":\"https:\\\/\\\/zeromagazine.mx\\\/#website\",\"url\":\"https:\\\/\\\/zeromagazine.mx\\\/\",\"name\":\"Zero Magazine\",\"description\":\"\",\"publisher\":{\"@id\":\"https:\\\/\\\/zeromagazine.mx\\\/#organization\"},\"potentialAction\":[{\"@type\":\"SearchAction\",\"target\":{\"@type\":\"EntryPoint\",\"urlTemplate\":\"https:\\\/\\\/zeromagazine.mx\\\/?s={search_term_string}\"},\"query-input\":{\"@type\":\"PropertyValueSpecification\",\"valueRequired\":true,\"valueName\":\"search_term_string\"}}],\"inLanguage\":\"es\"},{\"@type\":\"Organization\",\"@id\":\"https:\\\/\\\/zeromagazine.mx\\\/#organization\",\"name\":\"Zero Magazine\",\"url\":\"https:\\\/\\\/zeromagazine.mx\\\/\",\"logo\":{\"@type\":\"ImageObject\",\"inLanguage\":\"es\",\"@id\":\"https:\\\/\\\/zeromagazine.mx\\\/#\\\/schema\\\/logo\\\/image\\\/\",\"url\":\"https:\\\/\\\/i0.wp.com\\\/zeromagazine.mx\\\/wp-content\\\/uploads\\\/2025\\\/11\\\/1.jpeg?fit=1000%2C1000&ssl=1\",\"contentUrl\":\"https:\\\/\\\/i0.wp.com\\\/zeromagazine.mx\\\/wp-content\\\/uploads\\\/2025\\\/11\\\/1.jpeg?fit=1000%2C1000&ssl=1\",\"width\":1000,\"height\":1000,\"caption\":\"Zero Magazine\"},\"image\":{\"@id\":\"https:\\\/\\\/zeromagazine.mx\\\/#\\\/schema\\\/logo\\\/image\\\/\"},\"sameAs\":[\"https:\\\/\\\/instagram.com\\\/zeromagazinemx\"]},{\"@type\":\"Person\",\"@id\":\"https:\\\/\\\/zeromagazine.mx\\\/#\\\/schema\\\/person\\\/9aed9f33a7c39af3a348b86d723f7773\",\"name\":\"zeromagazinemx\",\"image\":{\"@type\":\"ImageObject\",\"inLanguage\":\"es\",\"@id\":\"https:\\\/\\\/zeromagazine.mx\\\/wp-content\\\/litespeed\\\/avatar\\\/f91dfe5410d5dcb1a576bf8c45983896.jpg?ver=1777571230\",\"url\":\"https:\\\/\\\/zeromagazine.mx\\\/wp-content\\\/litespeed\\\/avatar\\\/f91dfe5410d5dcb1a576bf8c45983896.jpg?ver=1777571230\",\"contentUrl\":\"https:\\\/\\\/zeromagazine.mx\\\/wp-content\\\/litespeed\\\/avatar\\\/f91dfe5410d5dcb1a576bf8c45983896.jpg?ver=1777571230\",\"caption\":\"zeromagazinemx\"},\"url\":\"https:\\\/\\\/zeromagazine.mx\\\/index.php\\\/author\\\/zeromagazinemx\\\/\"}]}<\/script>\n<!-- \/ Yoast SEO plugin. -->","yoast_head_json":{"title":"J. Ferron, un productor que pone en alto el nombre de M\u00e9xico en el \u00e1mbito musical - Zero Magazine","robots":{"index":"index","follow":"follow","max-snippet":"max-snippet:-1","max-image-preview":"max-image-preview:large","max-video-preview":"max-video-preview:-1"},"canonical":"https:\/\/zeromagazine.mx\/index.php\/2021\/09\/03\/j-ferron-un-productor-que-pone-en-alto-el-nombre-de-mexico-en-el-ambito-musical\/","og_locale":"es_ES","og_type":"article","og_title":"J. Ferron, un productor que pone en alto el nombre de M\u00e9xico en el \u00e1mbito musical - Zero Magazine","og_description":"En esta ocasi\u00f3n en Zero Magazine Mx tuvimos la oportunidad de entrevistar al talentoso productor musical mexicano J. Ferron, quien su trabajo ha llegado a tal punto que avanza a la par del 11 veces nominado al Grammy como productor e ingeniero de audio, Mauricio Garza. Lleva 18 a\u00f1os en la industria, pero dedicado a [&hellip;]","og_url":"https:\/\/zeromagazine.mx\/index.php\/2021\/09\/03\/j-ferron-un-productor-que-pone-en-alto-el-nombre-de-mexico-en-el-ambito-musical\/","og_site_name":"Zero Magazine","article_published_time":"2021-09-03T20:00:00+00:00","author":"zeromagazinemx","twitter_card":"summary_large_image","twitter_misc":{"Escrito por":"zeromagazinemx","Tiempo de lectura":"11 minutos"},"schema":{"@context":"https:\/\/schema.org","@graph":[{"@type":"Article","@id":"https:\/\/zeromagazine.mx\/index.php\/2021\/09\/03\/j-ferron-un-productor-que-pone-en-alto-el-nombre-de-mexico-en-el-ambito-musical\/#article","isPartOf":{"@id":"https:\/\/zeromagazine.mx\/index.php\/2021\/09\/03\/j-ferron-un-productor-que-pone-en-alto-el-nombre-de-mexico-en-el-ambito-musical\/"},"author":{"name":"zeromagazinemx","@id":"https:\/\/zeromagazine.mx\/#\/schema\/person\/9aed9f33a7c39af3a348b86d723f7773"},"headline":"J. Ferron, un productor que pone en alto el nombre de M\u00e9xico en el \u00e1mbito musical","datePublished":"2021-09-03T20:00:00+00:00","mainEntityOfPage":{"@id":"https:\/\/zeromagazine.mx\/index.php\/2021\/09\/03\/j-ferron-un-productor-que-pone-en-alto-el-nombre-de-mexico-en-el-ambito-musical\/"},"wordCount":2196,"commentCount":0,"publisher":{"@id":"https:\/\/zeromagazine.mx\/#organization"},"image":{"@id":"https:\/\/zeromagazine.mx\/index.php\/2021\/09\/03\/j-ferron-un-productor-que-pone-en-alto-el-nombre-de-mexico-en-el-ambito-musical\/#primaryimage"},"thumbnailUrl":"","keywords":["Anatii","Cartel de Santa","Danny Dur\u00e1n","Dharius","EDM","Grammy","hip-hop","J. Ferron","Jackson Myles Chavis","JAZZ","Kim Coates","Lindsey Stirling","Mauricio Garza","M\u00c9XICO","Michael Jackson","Pop","r&amp;b","rap","Rock","Sergio Arau","Sueco The Child","Sugarfoot Moffet","Tiro Loko","Tre Carter","Zero Magazine Mx"],"articleSection":["Entretenimiento","Entrevistas"],"inLanguage":"es","potentialAction":[{"@type":"CommentAction","name":"Comment","target":["https:\/\/zeromagazine.mx\/index.php\/2021\/09\/03\/j-ferron-un-productor-que-pone-en-alto-el-nombre-de-mexico-en-el-ambito-musical\/#respond"]}]},{"@type":"WebPage","@id":"https:\/\/zeromagazine.mx\/index.php\/2021\/09\/03\/j-ferron-un-productor-que-pone-en-alto-el-nombre-de-mexico-en-el-ambito-musical\/","url":"https:\/\/zeromagazine.mx\/index.php\/2021\/09\/03\/j-ferron-un-productor-que-pone-en-alto-el-nombre-de-mexico-en-el-ambito-musical\/","name":"J. Ferron, un productor que pone en alto el nombre de M\u00e9xico en el \u00e1mbito musical - Zero Magazine","isPartOf":{"@id":"https:\/\/zeromagazine.mx\/#website"},"primaryImageOfPage":{"@id":"https:\/\/zeromagazine.mx\/index.php\/2021\/09\/03\/j-ferron-un-productor-que-pone-en-alto-el-nombre-de-mexico-en-el-ambito-musical\/#primaryimage"},"image":{"@id":"https:\/\/zeromagazine.mx\/index.php\/2021\/09\/03\/j-ferron-un-productor-que-pone-en-alto-el-nombre-de-mexico-en-el-ambito-musical\/#primaryimage"},"thumbnailUrl":"","datePublished":"2021-09-03T20:00:00+00:00","breadcrumb":{"@id":"https:\/\/zeromagazine.mx\/index.php\/2021\/09\/03\/j-ferron-un-productor-que-pone-en-alto-el-nombre-de-mexico-en-el-ambito-musical\/#breadcrumb"},"inLanguage":"es","potentialAction":[{"@type":"ReadAction","target":["https:\/\/zeromagazine.mx\/index.php\/2021\/09\/03\/j-ferron-un-productor-que-pone-en-alto-el-nombre-de-mexico-en-el-ambito-musical\/"]}]},{"@type":"ImageObject","inLanguage":"es","@id":"https:\/\/zeromagazine.mx\/index.php\/2021\/09\/03\/j-ferron-un-productor-que-pone-en-alto-el-nombre-de-mexico-en-el-ambito-musical\/#primaryimage","url":"","contentUrl":""},{"@type":"BreadcrumbList","@id":"https:\/\/zeromagazine.mx\/index.php\/2021\/09\/03\/j-ferron-un-productor-que-pone-en-alto-el-nombre-de-mexico-en-el-ambito-musical\/#breadcrumb","itemListElement":[{"@type":"ListItem","position":1,"name":"Portada","item":"https:\/\/zeromagazine.mx\/"},{"@type":"ListItem","position":2,"name":"J. Ferron, un productor que pone en alto el nombre de M\u00e9xico en el \u00e1mbito musical"}]},{"@type":"WebSite","@id":"https:\/\/zeromagazine.mx\/#website","url":"https:\/\/zeromagazine.mx\/","name":"Zero Magazine","description":"","publisher":{"@id":"https:\/\/zeromagazine.mx\/#organization"},"potentialAction":[{"@type":"SearchAction","target":{"@type":"EntryPoint","urlTemplate":"https:\/\/zeromagazine.mx\/?s={search_term_string}"},"query-input":{"@type":"PropertyValueSpecification","valueRequired":true,"valueName":"search_term_string"}}],"inLanguage":"es"},{"@type":"Organization","@id":"https:\/\/zeromagazine.mx\/#organization","name":"Zero Magazine","url":"https:\/\/zeromagazine.mx\/","logo":{"@type":"ImageObject","inLanguage":"es","@id":"https:\/\/zeromagazine.mx\/#\/schema\/logo\/image\/","url":"https:\/\/i0.wp.com\/zeromagazine.mx\/wp-content\/uploads\/2025\/11\/1.jpeg?fit=1000%2C1000&ssl=1","contentUrl":"https:\/\/i0.wp.com\/zeromagazine.mx\/wp-content\/uploads\/2025\/11\/1.jpeg?fit=1000%2C1000&ssl=1","width":1000,"height":1000,"caption":"Zero Magazine"},"image":{"@id":"https:\/\/zeromagazine.mx\/#\/schema\/logo\/image\/"},"sameAs":["https:\/\/instagram.com\/zeromagazinemx"]},{"@type":"Person","@id":"https:\/\/zeromagazine.mx\/#\/schema\/person\/9aed9f33a7c39af3a348b86d723f7773","name":"zeromagazinemx","image":{"@type":"ImageObject","inLanguage":"es","@id":"https:\/\/zeromagazine.mx\/wp-content\/litespeed\/avatar\/f91dfe5410d5dcb1a576bf8c45983896.jpg?ver=1777571230","url":"https:\/\/zeromagazine.mx\/wp-content\/litespeed\/avatar\/f91dfe5410d5dcb1a576bf8c45983896.jpg?ver=1777571230","contentUrl":"https:\/\/zeromagazine.mx\/wp-content\/litespeed\/avatar\/f91dfe5410d5dcb1a576bf8c45983896.jpg?ver=1777571230","caption":"zeromagazinemx"},"url":"https:\/\/zeromagazine.mx\/index.php\/author\/zeromagazinemx\/"}]}},"jetpack_publicize_connections":[],"jetpack_featured_media_url":"","jetpack-related-posts":[{"id":85124,"url":"https:\/\/zeromagazine.mx\/index.php\/2024\/10\/03\/j-cross-del-piano-al-beat-mundial\/","url_meta":{"origin":53622,"position":0},"title":"J Cross: Del Piano al Beat Mundial","author":"David Morales","date":"3 de octubre de 2024","format":false,"excerpt":"En esta edici\u00f3n de Zero Magazine Mx, tenemos el honor de charlar con J Cross, un talentoso productor y cantante que ha llevado su pasi\u00f3n por la m\u00fasica a niveles impresionantes. Desde su infancia inmersa en el piano hasta llegar a colaborar con artistas de renombre como Farruko, J Cross\u2026","rel":"","context":"En \u00abEntrevistas\u00bb","block_context":{"text":"Entrevistas","link":"https:\/\/zeromagazine.mx\/index.php\/category\/entretenimiento\/entrevistas\/"},"img":{"alt_text":"","src":"https:\/\/i0.wp.com\/zeromagazine.mx\/wp-content\/uploads\/2024\/10\/IMG_1714-scaled.jpeg?fit=800%2C1200&ssl=1&resize=350%2C200","width":350,"height":200,"srcset":"https:\/\/i0.wp.com\/zeromagazine.mx\/wp-content\/uploads\/2024\/10\/IMG_1714-scaled.jpeg?fit=800%2C1200&ssl=1&resize=350%2C200 1x, https:\/\/i0.wp.com\/zeromagazine.mx\/wp-content\/uploads\/2024\/10\/IMG_1714-scaled.jpeg?fit=800%2C1200&ssl=1&resize=525%2C300 1.5x, https:\/\/i0.wp.com\/zeromagazine.mx\/wp-content\/uploads\/2024\/10\/IMG_1714-scaled.jpeg?fit=800%2C1200&ssl=1&resize=700%2C400 2x"},"classes":[]},{"id":52516,"url":"https:\/\/zeromagazine.mx\/index.php\/2021\/08\/20\/feid-el-primer-reggaetonero-en-tener-alianza-con-monster-energy-ademas-de-lanzar-su-cuarto-album\/","url_meta":{"origin":53622,"position":1},"title":"Feid estrena su cuarto \u00e1lbum","author":"zeromagazinemx","date":"20 de agosto de 2021","format":false,"excerpt":"FEID lanza su cuarto \u00e1lbum de estudio titulado Inter Shibuya \u2013 La Mafia este 20 de Agosto innovando con este en la parte visual prometi\u00e9ndonos una sensaci\u00f3n totalmente nueva y una gran experiencia musical y de esto no tenemos duda, pues recordemos que FEID es un incre\u00edble compositor y ha\u2026","rel":"","context":"En \u00abEntrevistas\u00bb","block_context":{"text":"Entrevistas","link":"https:\/\/zeromagazine.mx\/index.php\/category\/entretenimiento\/entrevistas\/"},"img":{"alt_text":"","src":"","width":0,"height":0},"classes":[]},{"id":47970,"url":"https:\/\/zeromagazine.mx\/index.php\/2021\/06\/16\/jessie-j-esta-de-vuelta-en-la-pista-de-baile-con-i-want-love\/","url_meta":{"origin":53622,"position":2},"title":"Jessie J est\u00e1 de vuelta en la pista de baile con \u201cI Want Love\u201d","author":"zeromagazinemx","date":"16 de junio de 2021","format":false,"excerpt":"La artista brit\u00e1nica Jessie J vuelve con un nuevo sencillo titulado \u201cI Want Love\u201d a trav\u00e9s de LAVA\/Republic Records, ideal para bailar y disfrutar. Por Moises Kushelevich Fue desde 2018 que Jessie J hab\u00eda lanzado su \u00faltimo \u00e1lbum y vaya que la extra\u00f1\u00e1bamos pero la espera termin\u00f3 y Jessie vuelve\u2026","rel":"","context":"En \u00abEntretenimiento\u00bb","block_context":{"text":"Entretenimiento","link":"https:\/\/zeromagazine.mx\/index.php\/category\/entretenimiento\/"},"img":{"alt_text":"","src":"","width":0,"height":0},"classes":[]},{"id":112904,"url":"https:\/\/zeromagazine.mx\/index.php\/2026\/01\/09\/saibu-productor-musical-latino\/","url_meta":{"origin":53622,"position":3},"title":"SAIBU consolida su posici\u00f3n como uno de los productores m\u00e1s influyentes en la m\u00fasica latina.","author":"David Morales","date":"9 de enero de 2026","format":false,"excerpt":"Hay nombres que aparecen en los cr\u00e9ditos y otros que definen el sonido de una era.\u00a0SAIBU productor musical\u00a0pertenece claramente al segundo grupo. Despu\u00e9s de que\u00a0\u201cCuando No Era Cantante (Remix)\u201d\u00a0debutara como #1 global en Spotify, una pregunta empez\u00f3 a circular fuerte en la industria: \u00bfqui\u00e9n est\u00e1 detr\u00e1s de ese sonido que\u2026","rel":"","context":"En \u00abBlog\u00bb","block_context":{"text":"Blog","link":"https:\/\/zeromagazine.mx\/index.php\/category\/blog\/"},"img":{"alt_text":"","src":"https:\/\/i0.wp.com\/zeromagazine.mx\/wp-content\/uploads\/2026\/01\/IMG_7884.jpeg?fit=1200%2C799&ssl=1&resize=350%2C200","width":350,"height":200,"srcset":"https:\/\/i0.wp.com\/zeromagazine.mx\/wp-content\/uploads\/2026\/01\/IMG_7884.jpeg?fit=1200%2C799&ssl=1&resize=350%2C200 1x, https:\/\/i0.wp.com\/zeromagazine.mx\/wp-content\/uploads\/2026\/01\/IMG_7884.jpeg?fit=1200%2C799&ssl=1&resize=525%2C300 1.5x, https:\/\/i0.wp.com\/zeromagazine.mx\/wp-content\/uploads\/2026\/01\/IMG_7884.jpeg?fit=1200%2C799&ssl=1&resize=700%2C400 2x, https:\/\/i0.wp.com\/zeromagazine.mx\/wp-content\/uploads\/2026\/01\/IMG_7884.jpeg?fit=1200%2C799&ssl=1&resize=1050%2C600 3x"},"classes":[]},{"id":74090,"url":"https:\/\/zeromagazine.mx\/index.php\/2024\/04\/16\/no-esta-funcionando-zulia-y-los-esquivel\/","url_meta":{"origin":53622,"position":4},"title":"\u00abNo Est\u00e1 Funcionando\u00bb: Zulia y Los Esquivel","author":"zeromagazinemx","date":"16 de abril de 2024","format":false,"excerpt":"Zulia, ese talentoso artista y productor con un Grammy en su haber, se ha asociado con los hermanos multiplatino Los Esquivel para presentar \"No Est\u00e1 Funcionando\". Esta colaboraci\u00f3n toma su inspiraci\u00f3n de la anticipada pel\u00edcula M\u00e9xico-Americana, \"The Long Game\", que llegar\u00e1 a los cines ma\u00f1ana. Ahora, adentr\u00e1ndonos en los detalles,\u2026","rel":"","context":"En \u00abCine\u00bb","block_context":{"text":"Cine","link":"https:\/\/zeromagazine.mx\/index.php\/category\/entretenimiento\/cine\/"},"img":{"alt_text":"","src":"https:\/\/i0.wp.com\/zeromagazine.mx\/wp-content\/uploads\/2024\/04\/nef-pics-8-scaled.jpg?fit=1200%2C800&ssl=1&resize=350%2C200","width":350,"height":200,"srcset":"https:\/\/i0.wp.com\/zeromagazine.mx\/wp-content\/uploads\/2024\/04\/nef-pics-8-scaled.jpg?fit=1200%2C800&ssl=1&resize=350%2C200 1x, https:\/\/i0.wp.com\/zeromagazine.mx\/wp-content\/uploads\/2024\/04\/nef-pics-8-scaled.jpg?fit=1200%2C800&ssl=1&resize=525%2C300 1.5x, https:\/\/i0.wp.com\/zeromagazine.mx\/wp-content\/uploads\/2024\/04\/nef-pics-8-scaled.jpg?fit=1200%2C800&ssl=1&resize=700%2C400 2x, https:\/\/i0.wp.com\/zeromagazine.mx\/wp-content\/uploads\/2024\/04\/nef-pics-8-scaled.jpg?fit=1200%2C800&ssl=1&resize=1050%2C600 3x"},"classes":[]},{"id":47512,"url":"https:\/\/zeromagazine.mx\/index.php\/2021\/06\/11\/maroon-5-presenta-jordi-su-nuevo-album\/","url_meta":{"origin":53622,"position":5},"title":"Maroon 5 presenta \u201cJordi\u201d, su nuevo \u00e1lbum","author":"zeromagazinemx","date":"11 de junio de 2021","format":false,"excerpt":"Maroon 5, la banda tres veces ganadora del Grammy, estrena el d\u00eda de hoy su s\u00e9ptimo \u00e1lbum de estudio \u201cJordi\u201d en honor al manager original del grupo, Jordan Feldstein. por Moises Kushelevich Maroon 5 est\u00e1 de vuelta con nuevo \u00e1lbum, en el cual la banda colabor\u00f3 con el compositor y\u2026","rel":"","context":"En \u00abEntretenimiento\u00bb","block_context":{"text":"Entretenimiento","link":"https:\/\/zeromagazine.mx\/index.php\/category\/entretenimiento\/"},"img":{"alt_text":"","src":"","width":0,"height":0},"classes":[]}],"jetpack_sharing_enabled":true,"builder_content":"","_links":{"self":[{"href":"https:\/\/zeromagazine.mx\/index.php\/wp-json\/wp\/v2\/posts\/53622","targetHints":{"allow":["GET"]}}],"collection":[{"href":"https:\/\/zeromagazine.mx\/index.php\/wp-json\/wp\/v2\/posts"}],"about":[{"href":"https:\/\/zeromagazine.mx\/index.php\/wp-json\/wp\/v2\/types\/post"}],"author":[{"embeddable":true,"href":"https:\/\/zeromagazine.mx\/index.php\/wp-json\/wp\/v2\/users\/2"}],"replies":[{"embeddable":true,"href":"https:\/\/zeromagazine.mx\/index.php\/wp-json\/wp\/v2\/comments?post=53622"}],"version-history":[{"count":0,"href":"https:\/\/zeromagazine.mx\/index.php\/wp-json\/wp\/v2\/posts\/53622\/revisions"}],"wp:featuredmedia":[{"embeddable":true,"href":"https:\/\/zeromagazine.mx\/index.php\/wp-json\/"}],"wp:attachment":[{"href":"https:\/\/zeromagazine.mx\/index.php\/wp-json\/wp\/v2\/media?parent=53622"}],"wp:term":[{"taxonomy":"category","embeddable":true,"href":"https:\/\/zeromagazine.mx\/index.php\/wp-json\/wp\/v2\/categories?post=53622"},{"taxonomy":"post_tag","embeddable":true,"href":"https:\/\/zeromagazine.mx\/index.php\/wp-json\/wp\/v2\/tags?post=53622"}],"curies":[{"name":"wp","href":"https:\/\/api.w.org\/{rel}","templated":true}]}}