{"id":53654,"date":"2021-09-04T13:00:00","date_gmt":"2021-09-04T18:00:00","guid":{"rendered":"https:\/\/atomic-temporary-84115225.wpcomstaging.com\/?p=53654"},"modified":"2021-09-04T13:00:00","modified_gmt":"2021-09-04T18:00:00","slug":"preparate-este-mes-llega-pixar-fest","status":"publish","type":"post","link":"https:\/\/zeromagazine.mx\/index.php\/2021\/09\/04\/preparate-este-mes-llega-pixar-fest\/","title":{"rendered":"PREP\u00c1RATE!, este mes llega Pixar Fest"},"content":{"rendered":"\n<p>Este mes llega <strong>Pixar Fest<\/strong> con esperados estrenos y colecciones especiales en <strong>Disney+<\/strong>, y m\u00e1s sorpresas. <\/p>\n\n\n\n<figure class=\"wp-block-image size-full is-resized coblocks-animate\"><a href=\"https:\/\/i0.wp.com\/zeromagazinemx.wpcomstaging.com\/wp-content\/uploads\/2022\/02\/b2021-contenido_waifu2x_art_noise3_scale_tta_1.png?ssl=1\"><img data-recalc-dims=\"1\" decoding=\"async\" src=\"https:\/\/i0.wp.com\/zeromagazinemx.wpcomstaging.com\/wp-content\/uploads\/2022\/02\/b2021-contenido_waifu2x_art_noise3_scale_tta_1.png?resize=744%2C418&#038;ssl=1\" alt=\"\" class=\"wp-image-53679\" width=\"744\" height=\"418\" \/><\/a><\/figure>\n\n\n\n<div class=\"wp-block-buttons is-layout-flex wp-block-buttons-is-layout-flex\">\n<div class=\"wp-block-button is-style-outline is-style-outline--1\"><a class=\"wp-block-button__link\">Por Mayra Torres<\/a><\/div>\n<\/div>\n\n\n\n<p>Comenzaron los estrenos de nuevos contenidos en <strong>Disney+<\/strong>, uno de ellos es \u201c<strong>La vida de Dug<\/strong>\u201d la nueva serie animada que sigue a <strong>Dug<\/strong>, el perro parlante de <strong>UP<\/strong>: Una aventura de altura. Tambi\u00e9n se estrenar\u00e1n dos nuevas entregas de <strong>SparkShorts<\/strong>, la colecci\u00f3n de cortos de <strong>Pixar<\/strong> que abordan tem\u00e1ticas de <em>g\u00e9nero, etnia, discapacidad <\/em>y <em>diversidad sexual <\/em>en diferentes formatos y estilos visuales. <\/p>\n\n\n\n<figure class=\"wp-block-embed is-type-rich is-provider-instagram wp-block-embed-instagram\"><div class=\"wp-block-embed__wrapper\">\nhttps:\/\/www.instagram.com\/p\/CTC1vftvg-w\/?utm_medium=share_sheet\n<\/div><\/figure>\n\n\n\n<p><br>Te presentamos algunos de los estrenos que habr\u00e1 en este mes: <br>&#8211; <strong>Veintialgo<\/strong>. (<em>10 de septiembre<\/em>). Un corto creado con la t\u00e9cnica de animaci\u00f3n tradicional que transcurre en la noche del cumplea\u00f1os n\u00famero 21 de Gia, la protagonista, y aborda el tema de la inseguridad en la adultez. <br>&#8211; <strong>Nona<\/strong>. (<em>17 de septiembre<\/em>). la historia de una abuela que planea pasar su d\u00eda libre encerr\u00e1ndose en su casa para ver su programa de televisi\u00f3n preferido, hasta que inesperadamente queda al cuidado de su nieta de cinco a\u00f1os, quien solo quiere jugar. <br>&#8211; <strong>A Spark Story<\/strong>. (<em>24 de septiembre<\/em>). Documental que brinda a la audiencia acceso exclusivo a los procesos creativos de los realizadores de los cortos de la colecci\u00f3n <strong>SparkShorts <\/strong>producido en colaboraci\u00f3n con <strong>Pixar<\/strong>. <br>Algunos de los cl\u00e1sicos de la historia de <strong>Pixar<\/strong> estar\u00e1n presentes como: <br>&#8211; <strong>The Adventures of Andr\u00e9 and Wally B<\/strong>. (3 de septiembre). <br>&#8211; <strong>Red\u00b4s Dream. <\/strong>(<em>17 de septiembre<\/em>). <br>&#8211; <strong>The Legend of Mordu.<\/strong> (<em>24 de septiembre<\/em>). <br>Podr\u00e1s disfrutar de estos y m\u00e1s estrenos en el <strong>Pixar Fest<\/strong> durante todo el mes de septiembre. <\/p>\n\n\n\n<p><\/p>\n<!--themify_builder_content-->\n<div id=\"themify_builder_content-53654\" data-postid=\"53654\" class=\"themify_builder_content themify_builder_content-53654 themify_builder tf_clear\">\n    <\/div>\n<!--\/themify_builder_content-->\n","protected":false},"excerpt":{"rendered":"<p>Este mes llega Pixar Fest con esperados estrenos y colecciones especiales en Disney+, y m\u00e1s sorpresas. Comenzaron los estrenos de nuevos contenidos en Disney+, uno de ellos es \u201cLa vida de Dug\u201d la nueva serie animada que sigue a Dug, el perro parlante de UP: Una aventura de altura. Tambi\u00e9n se estrenar\u00e1n dos nuevas entregas [&hellip;]<\/p>\n","protected":false},"author":2,"featured_media":53682,"comment_status":"open","ping_status":"open","sticky":false,"template":"","format":"standard","meta":{"_jetpack_memberships_contains_paid_content":false,"footnotes":"","jetpack_publicize_message":"PREP\u00c1RATE!, que este mes llega Pixar Fest, aqu\u00ed te contamos todo sobre los nuevos estrenos.","jetpack_publicize_feature_enabled":true,"jetpack_social_post_already_shared":true,"jetpack_social_options":{"image_generator_settings":{"template":"highway","default_image_id":0,"font":"","enabled":false},"version":2}},"categories":[117],"tags":[4573,116,4574,4575,849,4576,4577,1280,4578,4579,4580,4581],"class_list":["post-53654","post","type-post","status-publish","format-standard","has-post-thumbnail","hentry","category-entretenimiento","tag-a-spark-story","tag-entretenimiento","tag-la-vida-de-dug","tag-nona","tag-pixar","tag-pixar-fest","tag-reds-dream","tag-series","tag-sparkshorts","tag-the-adventures-of-andre-and-wally-b","tag-the-legend-of-mordu","tag-veintialgo","has-post-title","has-post-date","has-post-category","has-post-tag","has-post-comment","has-post-author",""],"yoast_head":"<!-- This site is optimized with the Yoast SEO plugin v27.5 - https:\/\/yoast.com\/product\/yoast-seo-wordpress\/ -->\n<title>PREP\u00c1RATE!, este mes llega Pixar Fest - Zero Magazine<\/title>\n<meta name=\"robots\" content=\"index, follow, max-snippet:-1, max-image-preview:large, max-video-preview:-1\" \/>\n<link rel=\"canonical\" href=\"https:\/\/zeromagazine.mx\/index.php\/2021\/09\/04\/preparate-este-mes-llega-pixar-fest\/\" \/>\n<meta property=\"og:locale\" content=\"es_ES\" \/>\n<meta property=\"og:type\" content=\"article\" \/>\n<meta property=\"og:title\" content=\"PREP\u00c1RATE!, este mes llega Pixar Fest - Zero Magazine\" \/>\n<meta property=\"og:description\" content=\"Este mes llega Pixar Fest con esperados estrenos y colecciones especiales en Disney+, y m\u00e1s sorpresas. Comenzaron los estrenos de nuevos contenidos en Disney+, uno de ellos es \u201cLa vida de Dug\u201d la nueva serie animada que sigue a Dug, el perro parlante de UP: Una aventura de altura. Tambi\u00e9n se estrenar\u00e1n dos nuevas entregas [&hellip;]\" \/>\n<meta property=\"og:url\" content=\"https:\/\/zeromagazine.mx\/index.php\/2021\/09\/04\/preparate-este-mes-llega-pixar-fest\/\" \/>\n<meta property=\"og:site_name\" content=\"Zero Magazine\" \/>\n<meta property=\"article:published_time\" content=\"2021-09-04T18:00:00+00:00\" \/>\n<meta name=\"author\" content=\"zeromagazinemx\" \/>\n<meta name=\"twitter:card\" content=\"summary_large_image\" \/>\n<meta name=\"twitter:label1\" content=\"Escrito por\" \/>\n\t<meta name=\"twitter:data1\" content=\"zeromagazinemx\" \/>\n\t<meta name=\"twitter:label2\" content=\"Tiempo de lectura\" \/>\n\t<meta name=\"twitter:data2\" content=\"1 minuto\" \/>\n<script type=\"application\/ld+json\" class=\"yoast-schema-graph\">{\"@context\":\"https:\\\/\\\/schema.org\",\"@graph\":[{\"@type\":\"Article\",\"@id\":\"https:\\\/\\\/zeromagazine.mx\\\/index.php\\\/2021\\\/09\\\/04\\\/preparate-este-mes-llega-pixar-fest\\\/#article\",\"isPartOf\":{\"@id\":\"https:\\\/\\\/zeromagazine.mx\\\/index.php\\\/2021\\\/09\\\/04\\\/preparate-este-mes-llega-pixar-fest\\\/\"},\"author\":{\"name\":\"zeromagazinemx\",\"@id\":\"https:\\\/\\\/zeromagazine.mx\\\/#\\\/schema\\\/person\\\/9aed9f33a7c39af3a348b86d723f7773\"},\"headline\":\"PREP\u00c1RATE!, este mes llega Pixar Fest\",\"datePublished\":\"2021-09-04T18:00:00+00:00\",\"mainEntityOfPage\":{\"@id\":\"https:\\\/\\\/zeromagazine.mx\\\/index.php\\\/2021\\\/09\\\/04\\\/preparate-este-mes-llega-pixar-fest\\\/\"},\"wordCount\":293,\"commentCount\":0,\"publisher\":{\"@id\":\"https:\\\/\\\/zeromagazine.mx\\\/#organization\"},\"image\":{\"@id\":\"https:\\\/\\\/zeromagazine.mx\\\/index.php\\\/2021\\\/09\\\/04\\\/preparate-este-mes-llega-pixar-fest\\\/#primaryimage\"},\"thumbnailUrl\":\"\",\"keywords\":[\"A Spark Story\",\"Entretenimiento\",\"La vida de Dug\",\"Nona\",\"pixar\",\"Pixar Fest\",\"Red\u00b4s Dream\",\"Series\",\"SparkShorts\",\"The Adventures of Andr\u00e9 and Wally B\",\"The Legend of Mordu\",\"Veintialgo\"],\"articleSection\":[\"Entretenimiento\"],\"inLanguage\":\"es\",\"potentialAction\":[{\"@type\":\"CommentAction\",\"name\":\"Comment\",\"target\":[\"https:\\\/\\\/zeromagazine.mx\\\/index.php\\\/2021\\\/09\\\/04\\\/preparate-este-mes-llega-pixar-fest\\\/#respond\"]}]},{\"@type\":\"WebPage\",\"@id\":\"https:\\\/\\\/zeromagazine.mx\\\/index.php\\\/2021\\\/09\\\/04\\\/preparate-este-mes-llega-pixar-fest\\\/\",\"url\":\"https:\\\/\\\/zeromagazine.mx\\\/index.php\\\/2021\\\/09\\\/04\\\/preparate-este-mes-llega-pixar-fest\\\/\",\"name\":\"PREP\u00c1RATE!, este mes llega Pixar Fest - Zero Magazine\",\"isPartOf\":{\"@id\":\"https:\\\/\\\/zeromagazine.mx\\\/#website\"},\"primaryImageOfPage\":{\"@id\":\"https:\\\/\\\/zeromagazine.mx\\\/index.php\\\/2021\\\/09\\\/04\\\/preparate-este-mes-llega-pixar-fest\\\/#primaryimage\"},\"image\":{\"@id\":\"https:\\\/\\\/zeromagazine.mx\\\/index.php\\\/2021\\\/09\\\/04\\\/preparate-este-mes-llega-pixar-fest\\\/#primaryimage\"},\"thumbnailUrl\":\"\",\"datePublished\":\"2021-09-04T18:00:00+00:00\",\"breadcrumb\":{\"@id\":\"https:\\\/\\\/zeromagazine.mx\\\/index.php\\\/2021\\\/09\\\/04\\\/preparate-este-mes-llega-pixar-fest\\\/#breadcrumb\"},\"inLanguage\":\"es\",\"potentialAction\":[{\"@type\":\"ReadAction\",\"target\":[\"https:\\\/\\\/zeromagazine.mx\\\/index.php\\\/2021\\\/09\\\/04\\\/preparate-este-mes-llega-pixar-fest\\\/\"]}]},{\"@type\":\"ImageObject\",\"inLanguage\":\"es\",\"@id\":\"https:\\\/\\\/zeromagazine.mx\\\/index.php\\\/2021\\\/09\\\/04\\\/preparate-este-mes-llega-pixar-fest\\\/#primaryimage\",\"url\":\"\",\"contentUrl\":\"\"},{\"@type\":\"BreadcrumbList\",\"@id\":\"https:\\\/\\\/zeromagazine.mx\\\/index.php\\\/2021\\\/09\\\/04\\\/preparate-este-mes-llega-pixar-fest\\\/#breadcrumb\",\"itemListElement\":[{\"@type\":\"ListItem\",\"position\":1,\"name\":\"Portada\",\"item\":\"https:\\\/\\\/zeromagazine.mx\\\/\"},{\"@type\":\"ListItem\",\"position\":2,\"name\":\"PREP\u00c1RATE!, este mes llega Pixar Fest\"}]},{\"@type\":\"WebSite\",\"@id\":\"https:\\\/\\\/zeromagazine.mx\\\/#website\",\"url\":\"https:\\\/\\\/zeromagazine.mx\\\/\",\"name\":\"Zero Magazine\",\"description\":\"\",\"publisher\":{\"@id\":\"https:\\\/\\\/zeromagazine.mx\\\/#organization\"},\"potentialAction\":[{\"@type\":\"SearchAction\",\"target\":{\"@type\":\"EntryPoint\",\"urlTemplate\":\"https:\\\/\\\/zeromagazine.mx\\\/?s={search_term_string}\"},\"query-input\":{\"@type\":\"PropertyValueSpecification\",\"valueRequired\":true,\"valueName\":\"search_term_string\"}}],\"inLanguage\":\"es\"},{\"@type\":\"Organization\",\"@id\":\"https:\\\/\\\/zeromagazine.mx\\\/#organization\",\"name\":\"Zero Magazine\",\"url\":\"https:\\\/\\\/zeromagazine.mx\\\/\",\"logo\":{\"@type\":\"ImageObject\",\"inLanguage\":\"es\",\"@id\":\"https:\\\/\\\/zeromagazine.mx\\\/#\\\/schema\\\/logo\\\/image\\\/\",\"url\":\"https:\\\/\\\/i0.wp.com\\\/zeromagazine.mx\\\/wp-content\\\/uploads\\\/2025\\\/11\\\/1.jpeg?fit=1000%2C1000&ssl=1\",\"contentUrl\":\"https:\\\/\\\/i0.wp.com\\\/zeromagazine.mx\\\/wp-content\\\/uploads\\\/2025\\\/11\\\/1.jpeg?fit=1000%2C1000&ssl=1\",\"width\":1000,\"height\":1000,\"caption\":\"Zero Magazine\"},\"image\":{\"@id\":\"https:\\\/\\\/zeromagazine.mx\\\/#\\\/schema\\\/logo\\\/image\\\/\"},\"sameAs\":[\"https:\\\/\\\/instagram.com\\\/zeromagazinemx\"]},{\"@type\":\"Person\",\"@id\":\"https:\\\/\\\/zeromagazine.mx\\\/#\\\/schema\\\/person\\\/9aed9f33a7c39af3a348b86d723f7773\",\"name\":\"zeromagazinemx\",\"image\":{\"@type\":\"ImageObject\",\"inLanguage\":\"es\",\"@id\":\"https:\\\/\\\/zeromagazine.mx\\\/wp-content\\\/litespeed\\\/avatar\\\/f91dfe5410d5dcb1a576bf8c45983896.jpg?ver=1777571230\",\"url\":\"https:\\\/\\\/zeromagazine.mx\\\/wp-content\\\/litespeed\\\/avatar\\\/f91dfe5410d5dcb1a576bf8c45983896.jpg?ver=1777571230\",\"contentUrl\":\"https:\\\/\\\/zeromagazine.mx\\\/wp-content\\\/litespeed\\\/avatar\\\/f91dfe5410d5dcb1a576bf8c45983896.jpg?ver=1777571230\",\"caption\":\"zeromagazinemx\"},\"url\":\"https:\\\/\\\/zeromagazine.mx\\\/index.php\\\/author\\\/zeromagazinemx\\\/\"}]}<\/script>\n<!-- \/ Yoast SEO plugin. -->","yoast_head_json":{"title":"PREP\u00c1RATE!, este mes llega Pixar Fest - Zero Magazine","robots":{"index":"index","follow":"follow","max-snippet":"max-snippet:-1","max-image-preview":"max-image-preview:large","max-video-preview":"max-video-preview:-1"},"canonical":"https:\/\/zeromagazine.mx\/index.php\/2021\/09\/04\/preparate-este-mes-llega-pixar-fest\/","og_locale":"es_ES","og_type":"article","og_title":"PREP\u00c1RATE!, este mes llega Pixar Fest - Zero Magazine","og_description":"Este mes llega Pixar Fest con esperados estrenos y colecciones especiales en Disney+, y m\u00e1s sorpresas. Comenzaron los estrenos de nuevos contenidos en Disney+, uno de ellos es \u201cLa vida de Dug\u201d la nueva serie animada que sigue a Dug, el perro parlante de UP: Una aventura de altura. Tambi\u00e9n se estrenar\u00e1n dos nuevas entregas [&hellip;]","og_url":"https:\/\/zeromagazine.mx\/index.php\/2021\/09\/04\/preparate-este-mes-llega-pixar-fest\/","og_site_name":"Zero Magazine","article_published_time":"2021-09-04T18:00:00+00:00","author":"zeromagazinemx","twitter_card":"summary_large_image","twitter_misc":{"Escrito por":"zeromagazinemx","Tiempo de lectura":"1 minuto"},"schema":{"@context":"https:\/\/schema.org","@graph":[{"@type":"Article","@id":"https:\/\/zeromagazine.mx\/index.php\/2021\/09\/04\/preparate-este-mes-llega-pixar-fest\/#article","isPartOf":{"@id":"https:\/\/zeromagazine.mx\/index.php\/2021\/09\/04\/preparate-este-mes-llega-pixar-fest\/"},"author":{"name":"zeromagazinemx","@id":"https:\/\/zeromagazine.mx\/#\/schema\/person\/9aed9f33a7c39af3a348b86d723f7773"},"headline":"PREP\u00c1RATE!, este mes llega Pixar Fest","datePublished":"2021-09-04T18:00:00+00:00","mainEntityOfPage":{"@id":"https:\/\/zeromagazine.mx\/index.php\/2021\/09\/04\/preparate-este-mes-llega-pixar-fest\/"},"wordCount":293,"commentCount":0,"publisher":{"@id":"https:\/\/zeromagazine.mx\/#organization"},"image":{"@id":"https:\/\/zeromagazine.mx\/index.php\/2021\/09\/04\/preparate-este-mes-llega-pixar-fest\/#primaryimage"},"thumbnailUrl":"","keywords":["A Spark Story","Entretenimiento","La vida de Dug","Nona","pixar","Pixar Fest","Red\u00b4s Dream","Series","SparkShorts","The Adventures of Andr\u00e9 and Wally B","The Legend of Mordu","Veintialgo"],"articleSection":["Entretenimiento"],"inLanguage":"es","potentialAction":[{"@type":"CommentAction","name":"Comment","target":["https:\/\/zeromagazine.mx\/index.php\/2021\/09\/04\/preparate-este-mes-llega-pixar-fest\/#respond"]}]},{"@type":"WebPage","@id":"https:\/\/zeromagazine.mx\/index.php\/2021\/09\/04\/preparate-este-mes-llega-pixar-fest\/","url":"https:\/\/zeromagazine.mx\/index.php\/2021\/09\/04\/preparate-este-mes-llega-pixar-fest\/","name":"PREP\u00c1RATE!, este mes llega Pixar Fest - Zero Magazine","isPartOf":{"@id":"https:\/\/zeromagazine.mx\/#website"},"primaryImageOfPage":{"@id":"https:\/\/zeromagazine.mx\/index.php\/2021\/09\/04\/preparate-este-mes-llega-pixar-fest\/#primaryimage"},"image":{"@id":"https:\/\/zeromagazine.mx\/index.php\/2021\/09\/04\/preparate-este-mes-llega-pixar-fest\/#primaryimage"},"thumbnailUrl":"","datePublished":"2021-09-04T18:00:00+00:00","breadcrumb":{"@id":"https:\/\/zeromagazine.mx\/index.php\/2021\/09\/04\/preparate-este-mes-llega-pixar-fest\/#breadcrumb"},"inLanguage":"es","potentialAction":[{"@type":"ReadAction","target":["https:\/\/zeromagazine.mx\/index.php\/2021\/09\/04\/preparate-este-mes-llega-pixar-fest\/"]}]},{"@type":"ImageObject","inLanguage":"es","@id":"https:\/\/zeromagazine.mx\/index.php\/2021\/09\/04\/preparate-este-mes-llega-pixar-fest\/#primaryimage","url":"","contentUrl":""},{"@type":"BreadcrumbList","@id":"https:\/\/zeromagazine.mx\/index.php\/2021\/09\/04\/preparate-este-mes-llega-pixar-fest\/#breadcrumb","itemListElement":[{"@type":"ListItem","position":1,"name":"Portada","item":"https:\/\/zeromagazine.mx\/"},{"@type":"ListItem","position":2,"name":"PREP\u00c1RATE!, este mes llega Pixar Fest"}]},{"@type":"WebSite","@id":"https:\/\/zeromagazine.mx\/#website","url":"https:\/\/zeromagazine.mx\/","name":"Zero Magazine","description":"","publisher":{"@id":"https:\/\/zeromagazine.mx\/#organization"},"potentialAction":[{"@type":"SearchAction","target":{"@type":"EntryPoint","urlTemplate":"https:\/\/zeromagazine.mx\/?s={search_term_string}"},"query-input":{"@type":"PropertyValueSpecification","valueRequired":true,"valueName":"search_term_string"}}],"inLanguage":"es"},{"@type":"Organization","@id":"https:\/\/zeromagazine.mx\/#organization","name":"Zero Magazine","url":"https:\/\/zeromagazine.mx\/","logo":{"@type":"ImageObject","inLanguage":"es","@id":"https:\/\/zeromagazine.mx\/#\/schema\/logo\/image\/","url":"https:\/\/i0.wp.com\/zeromagazine.mx\/wp-content\/uploads\/2025\/11\/1.jpeg?fit=1000%2C1000&ssl=1","contentUrl":"https:\/\/i0.wp.com\/zeromagazine.mx\/wp-content\/uploads\/2025\/11\/1.jpeg?fit=1000%2C1000&ssl=1","width":1000,"height":1000,"caption":"Zero Magazine"},"image":{"@id":"https:\/\/zeromagazine.mx\/#\/schema\/logo\/image\/"},"sameAs":["https:\/\/instagram.com\/zeromagazinemx"]},{"@type":"Person","@id":"https:\/\/zeromagazine.mx\/#\/schema\/person\/9aed9f33a7c39af3a348b86d723f7773","name":"zeromagazinemx","image":{"@type":"ImageObject","inLanguage":"es","@id":"https:\/\/zeromagazine.mx\/wp-content\/litespeed\/avatar\/f91dfe5410d5dcb1a576bf8c45983896.jpg?ver=1777571230","url":"https:\/\/zeromagazine.mx\/wp-content\/litespeed\/avatar\/f91dfe5410d5dcb1a576bf8c45983896.jpg?ver=1777571230","contentUrl":"https:\/\/zeromagazine.mx\/wp-content\/litespeed\/avatar\/f91dfe5410d5dcb1a576bf8c45983896.jpg?ver=1777571230","caption":"zeromagazinemx"},"url":"https:\/\/zeromagazine.mx\/index.php\/author\/zeromagazinemx\/"}]}},"jetpack_publicize_connections":[],"jetpack_featured_media_url":"","jetpack-related-posts":[{"id":50223,"url":"https:\/\/zeromagazine.mx\/index.php\/2021\/07\/15\/se-revela-el-primer-trailer-y-poster-de-la-pelicula-red\/","url_meta":{"origin":53654,"position":0},"title":"Se revela el primer tr\u00e1iler y poster de la pel\u00edcula RED","author":"zeromagazinemx","date":"15 de julio de 2021","format":false,"excerpt":"Disney y Pixar presentan el primer tr\u00e1iler y poster de la pel\u00edcula RED, que tendr\u00e1 su estreno en Marzo de 2022. Por Mayra Torres RED nos presenta Mei Lee, una joven de 13 a\u00f1os que repentinamente se convierte en un panda rojo gigante cada vez que se emociona demasiado (lo\u2026","rel":"","context":"En \u00abEntretenimiento\u00bb","block_context":{"text":"Entretenimiento","link":"https:\/\/zeromagazine.mx\/index.php\/category\/entretenimiento\/"},"img":{"alt_text":"","src":"https:\/\/i0.wp.com\/img.youtube.com\/vi\/EZP8yM_oPgw\/0.jpg?resize=350%2C200","width":350,"height":200},"classes":[]},{"id":47573,"url":"https:\/\/zeromagazine.mx\/index.php\/2021\/06\/12\/nuevo-clip-y-poster-de-luca-de-disney-y-pixar\/","url_meta":{"origin":53654,"position":1},"title":"Nuevo clip y poster de Luca de Disney y Pixar","author":"zeromagazinemx","date":"12 de junio de 2021","format":false,"excerpt":"Luca, la nueva pel\u00edcula de Disney y Pixar que nos demostrar\u00e1 sobre esas amistades que nos ayudan a encontrarnos a nosotros mismos. por Moises Kushelevich En un nuevo contenido especial de Luca, comentan lo que significa para ellos la historia de la pel\u00edcula y la importancia de la amistad. Adem\u00e1s\u2026","rel":"","context":"En \u00abCine\u00bb","block_context":{"text":"Cine","link":"https:\/\/zeromagazine.mx\/index.php\/category\/entretenimiento\/cine\/"},"img":{"alt_text":"","src":"https:\/\/i0.wp.com\/zeromagazinemx.wpcomstaging.com\/wp-content\/uploads\/2022\/02\/8696b-original_1622660815_sidekick_ig_char_banner_dplus_alberto_las.jpg?resize=350%2C200&ssl=1","width":350,"height":200},"classes":[]},{"id":69894,"url":"https:\/\/zeromagazine.mx\/index.php\/2023\/12\/23\/magia-animada-2024-en-disney-pixar\/","url_meta":{"origin":53654,"position":2},"title":"\u00a1Magia Animada: 2024 en Disney-Pixar!","author":"David Morales","date":"23 de diciembre de 2023","format":false,"excerpt":"Prep\u00e1rense porque el 2024 viene con todo en cuanto a pel\u00edculas de Disney y Pixar. Tres de sus \u00faltimas joyitas llegan a la pantalla grande por primera vez, y cr\u00e9anme, \u00a1no se pueden perder esta experiencia cinematogr\u00e1fica \u00fanica! Ahora, les contar\u00e9 un poco sobre estas pel\u00edculas y lo que pueden\u2026","rel":"","context":"En \u00abCine\u00bb","block_context":{"text":"Cine","link":"https:\/\/zeromagazine.mx\/index.php\/category\/entretenimiento\/cine\/"},"img":{"alt_text":"","src":"https:\/\/i0.wp.com\/zeromagazine.mx\/wp-content\/uploads\/2023\/12\/Pixar-Poster.png?resize=350%2C200&ssl=1","width":350,"height":200},"classes":[]},{"id":73971,"url":"https:\/\/zeromagazine.mx\/index.php\/2024\/04\/15\/disney-deslumbra-en-cinemacon-2024\/","url_meta":{"origin":53654,"position":3},"title":"Disney deslumbra en CinemaCon 2024","author":"zeromagazinemx","date":"15 de abril de 2024","format":false,"excerpt":"Disney arras\u00f3 en la Convenci\u00f3n CinemaCon\u00ae 2024 en Las Vegas, presentando una alucinante lista de estrenos que nos tienen emocionad\u00edsimos. Primero, Alan Bergman, de Disney Entertainment, nos dio una dosis de emoci\u00f3n al hablar sobre los pr\u00f3ximos lanzamientos. Y, \u00a1wow!, no nos decepcionaron. Desde la nueva entrega de \"El Planeta\u2026","rel":"","context":"En \u00abCine\u00bb","block_context":{"text":"Cine","link":"https:\/\/zeromagazine.mx\/index.php\/category\/entretenimiento\/cine\/"},"img":{"alt_text":"","src":"https:\/\/i0.wp.com\/zeromagazine.mx\/wp-content\/uploads\/2024\/04\/JG1_6418_4qF5LcDM_20240411070157-scaled.jpeg?fit=1200%2C800&ssl=1&resize=350%2C200","width":350,"height":200,"srcset":"https:\/\/i0.wp.com\/zeromagazine.mx\/wp-content\/uploads\/2024\/04\/JG1_6418_4qF5LcDM_20240411070157-scaled.jpeg?fit=1200%2C800&ssl=1&resize=350%2C200 1x, https:\/\/i0.wp.com\/zeromagazine.mx\/wp-content\/uploads\/2024\/04\/JG1_6418_4qF5LcDM_20240411070157-scaled.jpeg?fit=1200%2C800&ssl=1&resize=525%2C300 1.5x, https:\/\/i0.wp.com\/zeromagazine.mx\/wp-content\/uploads\/2024\/04\/JG1_6418_4qF5LcDM_20240411070157-scaled.jpeg?fit=1200%2C800&ssl=1&resize=700%2C400 2x, https:\/\/i0.wp.com\/zeromagazine.mx\/wp-content\/uploads\/2024\/04\/JG1_6418_4qF5LcDM_20240411070157-scaled.jpeg?fit=1200%2C800&ssl=1&resize=1050%2C600 3x"},"classes":[]},{"id":82354,"url":"https:\/\/zeromagazine.mx\/index.php\/2024\/08\/23\/coco-en-concierto-musica-y-tradicion\/","url_meta":{"origin":53654,"position":4},"title":"COCO en Concierto: M\u00fasica y Tradici\u00f3n","author":"zeromagazinemx","date":"23 de agosto de 2024","format":false,"excerpt":"Chicxs, \u00bfYa est\u00e1n sintiendo el November mood o soy el \u00fanico que ya se est\u00e1 emocionande? Pues prep\u00e1rense porque El D\u00eda de Muertos se viene con todo, y este a\u00f1o la Plaza de Toros \"La M\u00e9xico\" va a estar on fire con un eventazo que no se pueden perder. El\u2026","rel":"","context":"En \u00abEntretenimiento\u00bb","block_context":{"text":"Entretenimiento","link":"https:\/\/zeromagazine.mx\/index.php\/category\/entretenimiento\/"},"img":{"alt_text":"","src":"https:\/\/i0.wp.com\/zeromagazine.mx\/wp-content\/uploads\/2024\/08\/COCO_ARTISTAS_TIPOG_4x5.jpg?fit=960%2C1200&ssl=1&resize=350%2C200","width":350,"height":200,"srcset":"https:\/\/i0.wp.com\/zeromagazine.mx\/wp-content\/uploads\/2024\/08\/COCO_ARTISTAS_TIPOG_4x5.jpg?fit=960%2C1200&ssl=1&resize=350%2C200 1x, https:\/\/i0.wp.com\/zeromagazine.mx\/wp-content\/uploads\/2024\/08\/COCO_ARTISTAS_TIPOG_4x5.jpg?fit=960%2C1200&ssl=1&resize=525%2C300 1.5x, https:\/\/i0.wp.com\/zeromagazine.mx\/wp-content\/uploads\/2024\/08\/COCO_ARTISTAS_TIPOG_4x5.jpg?fit=960%2C1200&ssl=1&resize=700%2C400 2x"},"classes":[]},{"id":72942,"url":"https:\/\/zeromagazine.mx\/index.php\/2024\/04\/02\/preparate-para-la-magia-habra-un-nuevo-disney\/","url_meta":{"origin":53654,"position":5},"title":"\u00a1Prep\u00e1rate para la Magia! Habr\u00e1 un Nuevo Disney+","author":"zeromagazinemx","date":"2 de abril de 2024","format":false,"excerpt":"\u00a1Habr\u00e1 un nuevo Disney+ en la ciudad! A partir del 26 de junio, se fusionar\u00e1n los contenidos de entretenimiento general de Star+ y el deporte de ESPN en una \u00fanica plataforma. \u00a1Una experiencia de streaming incomparable que nos va a encantar! Para empezar, este nuevo Disney+ va a ser una\u2026","rel":"","context":"En \u00abBlog\u00bb","block_context":{"text":"Blog","link":"https:\/\/zeromagazine.mx\/index.php\/category\/blog\/"},"img":{"alt_text":"","src":"https:\/\/i0.wp.com\/zeromagazine.mx\/wp-content\/uploads\/2024\/04\/image001-1.jpg?fit=1200%2C675&ssl=1&resize=350%2C200","width":350,"height":200,"srcset":"https:\/\/i0.wp.com\/zeromagazine.mx\/wp-content\/uploads\/2024\/04\/image001-1.jpg?fit=1200%2C675&ssl=1&resize=350%2C200 1x, https:\/\/i0.wp.com\/zeromagazine.mx\/wp-content\/uploads\/2024\/04\/image001-1.jpg?fit=1200%2C675&ssl=1&resize=525%2C300 1.5x, https:\/\/i0.wp.com\/zeromagazine.mx\/wp-content\/uploads\/2024\/04\/image001-1.jpg?fit=1200%2C675&ssl=1&resize=700%2C400 2x, https:\/\/i0.wp.com\/zeromagazine.mx\/wp-content\/uploads\/2024\/04\/image001-1.jpg?fit=1200%2C675&ssl=1&resize=1050%2C600 3x"},"classes":[]}],"jetpack_sharing_enabled":true,"builder_content":"","_links":{"self":[{"href":"https:\/\/zeromagazine.mx\/index.php\/wp-json\/wp\/v2\/posts\/53654","targetHints":{"allow":["GET"]}}],"collection":[{"href":"https:\/\/zeromagazine.mx\/index.php\/wp-json\/wp\/v2\/posts"}],"about":[{"href":"https:\/\/zeromagazine.mx\/index.php\/wp-json\/wp\/v2\/types\/post"}],"author":[{"embeddable":true,"href":"https:\/\/zeromagazine.mx\/index.php\/wp-json\/wp\/v2\/users\/2"}],"replies":[{"embeddable":true,"href":"https:\/\/zeromagazine.mx\/index.php\/wp-json\/wp\/v2\/comments?post=53654"}],"version-history":[{"count":0,"href":"https:\/\/zeromagazine.mx\/index.php\/wp-json\/wp\/v2\/posts\/53654\/revisions"}],"wp:featuredmedia":[{"embeddable":true,"href":"https:\/\/zeromagazine.mx\/index.php\/wp-json\/"}],"wp:attachment":[{"href":"https:\/\/zeromagazine.mx\/index.php\/wp-json\/wp\/v2\/media?parent=53654"}],"wp:term":[{"taxonomy":"category","embeddable":true,"href":"https:\/\/zeromagazine.mx\/index.php\/wp-json\/wp\/v2\/categories?post=53654"},{"taxonomy":"post_tag","embeddable":true,"href":"https:\/\/zeromagazine.mx\/index.php\/wp-json\/wp\/v2\/tags?post=53654"}],"curies":[{"name":"wp","href":"https:\/\/api.w.org\/{rel}","templated":true}]}}