{"id":53746,"date":"2021-09-05T14:00:00","date_gmt":"2021-09-05T19:00:00","guid":{"rendered":"https:\/\/atomic-temporary-84115225.wpcomstaging.com\/?p=53746"},"modified":"2021-09-05T14:00:00","modified_gmt":"2021-09-05T19:00:00","slug":"entrevista-con-japonica","status":"publish","type":"post","link":"https:\/\/zeromagazine.mx\/index.php\/2021\/09\/05\/entrevista-con-japonica\/","title":{"rendered":"Entrevista con Jap\u00f3nica"},"content":{"rendered":"\n<p><strong>Jap\u00f3nica<\/strong> la banda de rock pop latino ha lanzado su nuevo sencillo <strong>\u201cHaz de luz\u201d,<\/strong> tuvimos la oportunidad de platicar con <strong>Erick Morelos<\/strong> sobre esta nueva producci\u00f3n y nos dio algunos adelantos y sorpresas que vendr\u00e1n en pr\u00f3ximos meses. Si quieres saber todos los detalles, te invitamos a checar toda la entrevista.&nbsp;<\/p>\n\n\n\n<div class=\"wp-block-image coblocks-animate\"><figure class=\"aligncenter size-large\"><a href=\"https:\/\/i0.wp.com\/zeromagazinemx.wpcomstaging.com\/wp-content\/uploads\/2022\/02\/86957-2-1.jpg?ssl=1\"><img data-recalc-dims=\"1\" decoding=\"async\" src=\"https:\/\/i0.wp.com\/zeromagazinemx.wpcomstaging.com\/wp-content\/uploads\/2022\/02\/86957-2-1.jpg?w=1165&#038;ssl=1\" alt=\"\" class=\"wp-image-53749\" \/><\/a><\/figure><\/div>\n\n\n\n<div class=\"wp-block-buttons is-layout-flex wp-block-buttons-is-layout-flex\">\n<div class=\"wp-block-button is-style-outline is-style-outline--1\"><a class=\"wp-block-button__link\">Por Cesar Palomares<\/a><\/div>\n<\/div>\n\n\n\n<p><strong>Plat\u00edcanos un poco de su nuevo sencillo \u201cHaz de luz\u201d.<\/strong><br><br><strong>Erick:<\/strong> Primero que nada, muchas gracias por el espacio y gracias por escuchar nuestra m\u00fasica. F\u00edjate que este tema es el sexto sencillo, los cuales est\u00e1n dedicados a la madre tierra y en este caso tocamos el tema del amor desde un punto de vista m\u00e1s amplio, por ejemplo, el amor que puede existir por tu pareja o por tu mascota, ese tipo de amor que va m\u00e1s all\u00e1 del f\u00edsico.<br><br><strong>\u00bfQu\u00e9 es lo mejor de crear una canci\u00f3n y qu\u00e9 la gente escuche lo que quieren decir?<\/strong><br><br><strong>Erick:<\/strong> F\u00edjate que es bien lindo, porque de alguna manera como m\u00fasico debes de ser muy sensorial en ese sentido y captar la esencia de lo que quieres transmitir, musicalizarlo y ponerlo de una manera tangible y que la gente lo perciba de la misma manera es algo muy bonito. Esta canci\u00f3n tiene algo muy especial porque la entrada te atrapa de volada, adem\u00e1s la voz de Fernanda es super linda y le da un gran toque, creo que en general todos hicimos un buen trabajo para representar esta canci\u00f3n.<\/p>\n\n\n\n<p><strong>\u00bfEn qu\u00e9 se inspiran para poder crear cada una de estas melod\u00edas?<\/strong><br><br><strong>Erick:<\/strong> Son momentos que te llegan, est\u00e1 canci\u00f3n en particular naci\u00f3 primero la m\u00fasica, pensamos primero en el ritmo y poco a poco desarrollamos la letra.<br><\/p>\n\n\n\n<figure class=\"wp-block-embed is-type-rich is-provider-instagram wp-block-embed-instagram\"><div class=\"wp-block-embed__wrapper\">\nhttps:\/\/www.instagram.com\/p\/CSCaid_N6fr\/?utm_medium=copy_link\n<\/div><\/figure>\n\n\n\n\n\n<p><br><strong>Describe este sencillo con tres palabras.<\/strong><br><br><strong>Erick<\/strong>: Energ\u00e9tico, impresionante y arm\u00f3nico.<\/p>\n\n\n\n<p><strong>\u00bfQu\u00e9 planes tienen para los pr\u00f3ximos meses?<\/strong><br><br><strong>Erick<\/strong>: El pr\u00f3ximo 10 de septiembre vamos a sacar en nuestras redes sociales el siguiente <strong>Live Sessi\u00f3n,<\/strong> en esta ocasi\u00f3n lo hicimos con p\u00fablico, fueron alrededor de 40 personas en un espacio bastante amplio y con todas las medidas de sanidad y la verdad es que fue otra onda, volver a sentir esa energ\u00eda en el escenario es algo bien chido, lo podr\u00e1n ver a trav\u00e9s de nuestras redes sociales <a href=\"https:\/\/instagram.com\/japonicaoficial?utm_medium=copy_link\"><strong><em>@japonicaofical<\/em><\/strong>,<\/a> seguramente les va a gustar.<\/p>\n\n\n\n<p><strong>\u00bfCu\u00e1ndo saldr\u00e1 su nuevo disco?<\/strong><br><br>Yo creo que saldr\u00e1 en febrero del pr\u00f3ximo a\u00f1o, porque todav\u00eda vamos a sacar dos canciones m\u00e1s y con eso terminamos para poder sacar el LP completo.<\/p>\n\n\n\n<p class=\"has-text-align-left\"><strong>\u00bfTe gustar\u00eda agregar algo m\u00e1s?<br><br><\/strong>Escuchen <strong>\u201cHaz de luz<\/strong>\u201d es una canci\u00f3n muy linda, porque queremos mostrar el amor universal en esta vida, muchas gracias.<br><br>Te invitamos a escuchar este nuevo sencillo de Jap\u00f3nica \u201c<strong>Haz de luz<\/strong>\u201d, disponible en todas las plataformas digitales.<\/p>\n\n\n\n<figure class=\"wp-block-embed is-type-video is-provider-youtube wp-block-embed-youtube wp-embed-aspect-16-9 wp-has-aspect-ratio\"><div class=\"wp-block-embed__wrapper\">\n<div class=\"post-video\"><iframe title=\"Jap\u00f3nica - Haz de luz (Live Session)\" width=\"1165\" height=\"655\" src=\"https:\/\/www.youtube.com\/embed\/hOyIk8lrqQw?feature=oembed\" frameborder=\"0\" allow=\"accelerometer; autoplay; clipboard-write; encrypted-media; gyroscope; picture-in-picture; web-share\" allowfullscreen><\/iframe><\/div>\n<\/div><\/figure>\n\n\n\n\n<!--themify_builder_content-->\n<div id=\"themify_builder_content-53746\" data-postid=\"53746\" class=\"themify_builder_content themify_builder_content-53746 themify_builder tf_clear\">\n    <\/div>\n<!--\/themify_builder_content-->\n","protected":false},"excerpt":{"rendered":"<p>Jap\u00f3nica la banda de rock pop latino ha lanzado su nuevo sencillo \u201cHaz de luz\u201d, tuvimos la oportunidad de platicar con Erick Morelos sobre esta nueva producci\u00f3n y nos dio algunos adelantos y sorpresas que vendr\u00e1n en pr\u00f3ximos meses. Si quieres saber todos los detalles, te invitamos a checar toda la entrevista.&nbsp; Plat\u00edcanos un poco [&hellip;]<\/p>\n","protected":false},"author":2,"featured_media":53750,"comment_status":"open","ping_status":"open","sticky":false,"template":"","format":"standard","meta":{"_jetpack_memberships_contains_paid_content":false,"footnotes":"","jetpack_publicize_message":"Erik Morales de la banda de rock pop Jap\u00f3nica nos platica de su nuevo sencillo \"Haz la luz\". Entrevista completa en zeromagazinemx.com","jetpack_publicize_feature_enabled":true,"jetpack_social_post_already_shared":true,"jetpack_social_options":{"image_generator_settings":{"template":"highway","default_image_id":0,"font":"","enabled":false},"version":2}},"categories":[117,91],"tags":[4622,4623,4624],"class_list":["post-53746","post","type-post","status-publish","format-standard","has-post-thumbnail","hentry","category-entretenimiento","category-entrevistas","tag-erick-morelos","tag-haz-de-luz","tag-japonica","has-post-title","has-post-date","has-post-category","has-post-tag","has-post-comment","has-post-author",""],"yoast_head":"<!-- This site is optimized with the Yoast SEO plugin v27.5 - https:\/\/yoast.com\/product\/yoast-seo-wordpress\/ -->\n<title>Entrevista con Jap\u00f3nica - Zero Magazine<\/title>\n<meta name=\"robots\" content=\"index, follow, max-snippet:-1, max-image-preview:large, max-video-preview:-1\" \/>\n<link rel=\"canonical\" href=\"https:\/\/zeromagazine.mx\/index.php\/2021\/09\/05\/entrevista-con-japonica\/\" \/>\n<meta property=\"og:locale\" content=\"es_ES\" \/>\n<meta property=\"og:type\" content=\"article\" \/>\n<meta property=\"og:title\" content=\"Entrevista con Jap\u00f3nica - Zero Magazine\" \/>\n<meta property=\"og:description\" content=\"Jap\u00f3nica la banda de rock pop latino ha lanzado su nuevo sencillo \u201cHaz de luz\u201d, tuvimos la oportunidad de platicar con Erick Morelos sobre esta nueva producci\u00f3n y nos dio algunos adelantos y sorpresas que vendr\u00e1n en pr\u00f3ximos meses. Si quieres saber todos los detalles, te invitamos a checar toda la entrevista.&nbsp; Plat\u00edcanos un poco [&hellip;]\" \/>\n<meta property=\"og:url\" content=\"https:\/\/zeromagazine.mx\/index.php\/2021\/09\/05\/entrevista-con-japonica\/\" \/>\n<meta property=\"og:site_name\" content=\"Zero Magazine\" \/>\n<meta property=\"article:published_time\" content=\"2021-09-05T19:00:00+00:00\" \/>\n<meta name=\"author\" content=\"zeromagazinemx\" \/>\n<meta name=\"twitter:card\" content=\"summary_large_image\" \/>\n<meta name=\"twitter:label1\" content=\"Escrito por\" \/>\n\t<meta name=\"twitter:data1\" content=\"zeromagazinemx\" \/>\n\t<meta name=\"twitter:label2\" content=\"Tiempo de lectura\" \/>\n\t<meta name=\"twitter:data2\" content=\"3 minutos\" \/>\n<script type=\"application\/ld+json\" class=\"yoast-schema-graph\">{\"@context\":\"https:\\\/\\\/schema.org\",\"@graph\":[{\"@type\":\"Article\",\"@id\":\"https:\\\/\\\/zeromagazine.mx\\\/index.php\\\/2021\\\/09\\\/05\\\/entrevista-con-japonica\\\/#article\",\"isPartOf\":{\"@id\":\"https:\\\/\\\/zeromagazine.mx\\\/index.php\\\/2021\\\/09\\\/05\\\/entrevista-con-japonica\\\/\"},\"author\":{\"name\":\"zeromagazinemx\",\"@id\":\"https:\\\/\\\/zeromagazine.mx\\\/#\\\/schema\\\/person\\\/9aed9f33a7c39af3a348b86d723f7773\"},\"headline\":\"Entrevista con Jap\u00f3nica\",\"datePublished\":\"2021-09-05T19:00:00+00:00\",\"mainEntityOfPage\":{\"@id\":\"https:\\\/\\\/zeromagazine.mx\\\/index.php\\\/2021\\\/09\\\/05\\\/entrevista-con-japonica\\\/\"},\"wordCount\":512,\"commentCount\":0,\"publisher\":{\"@id\":\"https:\\\/\\\/zeromagazine.mx\\\/#organization\"},\"image\":{\"@id\":\"https:\\\/\\\/zeromagazine.mx\\\/index.php\\\/2021\\\/09\\\/05\\\/entrevista-con-japonica\\\/#primaryimage\"},\"thumbnailUrl\":\"\",\"keywords\":[\"Erick Morelos\",\"Haz de luz\",\"Jap\u00f3nica\"],\"articleSection\":[\"Entretenimiento\",\"Entrevistas\"],\"inLanguage\":\"es\",\"potentialAction\":[{\"@type\":\"CommentAction\",\"name\":\"Comment\",\"target\":[\"https:\\\/\\\/zeromagazine.mx\\\/index.php\\\/2021\\\/09\\\/05\\\/entrevista-con-japonica\\\/#respond\"]}]},{\"@type\":\"WebPage\",\"@id\":\"https:\\\/\\\/zeromagazine.mx\\\/index.php\\\/2021\\\/09\\\/05\\\/entrevista-con-japonica\\\/\",\"url\":\"https:\\\/\\\/zeromagazine.mx\\\/index.php\\\/2021\\\/09\\\/05\\\/entrevista-con-japonica\\\/\",\"name\":\"Entrevista con Jap\u00f3nica - Zero Magazine\",\"isPartOf\":{\"@id\":\"https:\\\/\\\/zeromagazine.mx\\\/#website\"},\"primaryImageOfPage\":{\"@id\":\"https:\\\/\\\/zeromagazine.mx\\\/index.php\\\/2021\\\/09\\\/05\\\/entrevista-con-japonica\\\/#primaryimage\"},\"image\":{\"@id\":\"https:\\\/\\\/zeromagazine.mx\\\/index.php\\\/2021\\\/09\\\/05\\\/entrevista-con-japonica\\\/#primaryimage\"},\"thumbnailUrl\":\"\",\"datePublished\":\"2021-09-05T19:00:00+00:00\",\"breadcrumb\":{\"@id\":\"https:\\\/\\\/zeromagazine.mx\\\/index.php\\\/2021\\\/09\\\/05\\\/entrevista-con-japonica\\\/#breadcrumb\"},\"inLanguage\":\"es\",\"potentialAction\":[{\"@type\":\"ReadAction\",\"target\":[\"https:\\\/\\\/zeromagazine.mx\\\/index.php\\\/2021\\\/09\\\/05\\\/entrevista-con-japonica\\\/\"]}]},{\"@type\":\"ImageObject\",\"inLanguage\":\"es\",\"@id\":\"https:\\\/\\\/zeromagazine.mx\\\/index.php\\\/2021\\\/09\\\/05\\\/entrevista-con-japonica\\\/#primaryimage\",\"url\":\"\",\"contentUrl\":\"\"},{\"@type\":\"BreadcrumbList\",\"@id\":\"https:\\\/\\\/zeromagazine.mx\\\/index.php\\\/2021\\\/09\\\/05\\\/entrevista-con-japonica\\\/#breadcrumb\",\"itemListElement\":[{\"@type\":\"ListItem\",\"position\":1,\"name\":\"Portada\",\"item\":\"https:\\\/\\\/zeromagazine.mx\\\/\"},{\"@type\":\"ListItem\",\"position\":2,\"name\":\"Entrevista con Jap\u00f3nica\"}]},{\"@type\":\"WebSite\",\"@id\":\"https:\\\/\\\/zeromagazine.mx\\\/#website\",\"url\":\"https:\\\/\\\/zeromagazine.mx\\\/\",\"name\":\"Zero Magazine\",\"description\":\"\",\"publisher\":{\"@id\":\"https:\\\/\\\/zeromagazine.mx\\\/#organization\"},\"potentialAction\":[{\"@type\":\"SearchAction\",\"target\":{\"@type\":\"EntryPoint\",\"urlTemplate\":\"https:\\\/\\\/zeromagazine.mx\\\/?s={search_term_string}\"},\"query-input\":{\"@type\":\"PropertyValueSpecification\",\"valueRequired\":true,\"valueName\":\"search_term_string\"}}],\"inLanguage\":\"es\"},{\"@type\":\"Organization\",\"@id\":\"https:\\\/\\\/zeromagazine.mx\\\/#organization\",\"name\":\"Zero Magazine\",\"url\":\"https:\\\/\\\/zeromagazine.mx\\\/\",\"logo\":{\"@type\":\"ImageObject\",\"inLanguage\":\"es\",\"@id\":\"https:\\\/\\\/zeromagazine.mx\\\/#\\\/schema\\\/logo\\\/image\\\/\",\"url\":\"https:\\\/\\\/i0.wp.com\\\/zeromagazine.mx\\\/wp-content\\\/uploads\\\/2025\\\/11\\\/1.jpeg?fit=1000%2C1000&ssl=1\",\"contentUrl\":\"https:\\\/\\\/i0.wp.com\\\/zeromagazine.mx\\\/wp-content\\\/uploads\\\/2025\\\/11\\\/1.jpeg?fit=1000%2C1000&ssl=1\",\"width\":1000,\"height\":1000,\"caption\":\"Zero Magazine\"},\"image\":{\"@id\":\"https:\\\/\\\/zeromagazine.mx\\\/#\\\/schema\\\/logo\\\/image\\\/\"},\"sameAs\":[\"https:\\\/\\\/instagram.com\\\/zeromagazinemx\"]},{\"@type\":\"Person\",\"@id\":\"https:\\\/\\\/zeromagazine.mx\\\/#\\\/schema\\\/person\\\/9aed9f33a7c39af3a348b86d723f7773\",\"name\":\"zeromagazinemx\",\"image\":{\"@type\":\"ImageObject\",\"inLanguage\":\"es\",\"@id\":\"https:\\\/\\\/zeromagazine.mx\\\/wp-content\\\/litespeed\\\/avatar\\\/f91dfe5410d5dcb1a576bf8c45983896.jpg?ver=1776966396\",\"url\":\"https:\\\/\\\/zeromagazine.mx\\\/wp-content\\\/litespeed\\\/avatar\\\/f91dfe5410d5dcb1a576bf8c45983896.jpg?ver=1776966396\",\"contentUrl\":\"https:\\\/\\\/zeromagazine.mx\\\/wp-content\\\/litespeed\\\/avatar\\\/f91dfe5410d5dcb1a576bf8c45983896.jpg?ver=1776966396\",\"caption\":\"zeromagazinemx\"},\"url\":\"https:\\\/\\\/zeromagazine.mx\\\/index.php\\\/author\\\/zeromagazinemx\\\/\"}]}<\/script>\n<!-- \/ Yoast SEO plugin. -->","yoast_head_json":{"title":"Entrevista con Jap\u00f3nica - Zero Magazine","robots":{"index":"index","follow":"follow","max-snippet":"max-snippet:-1","max-image-preview":"max-image-preview:large","max-video-preview":"max-video-preview:-1"},"canonical":"https:\/\/zeromagazine.mx\/index.php\/2021\/09\/05\/entrevista-con-japonica\/","og_locale":"es_ES","og_type":"article","og_title":"Entrevista con Jap\u00f3nica - Zero Magazine","og_description":"Jap\u00f3nica la banda de rock pop latino ha lanzado su nuevo sencillo \u201cHaz de luz\u201d, tuvimos la oportunidad de platicar con Erick Morelos sobre esta nueva producci\u00f3n y nos dio algunos adelantos y sorpresas que vendr\u00e1n en pr\u00f3ximos meses. Si quieres saber todos los detalles, te invitamos a checar toda la entrevista.&nbsp; Plat\u00edcanos un poco [&hellip;]","og_url":"https:\/\/zeromagazine.mx\/index.php\/2021\/09\/05\/entrevista-con-japonica\/","og_site_name":"Zero Magazine","article_published_time":"2021-09-05T19:00:00+00:00","author":"zeromagazinemx","twitter_card":"summary_large_image","twitter_misc":{"Escrito por":"zeromagazinemx","Tiempo de lectura":"3 minutos"},"schema":{"@context":"https:\/\/schema.org","@graph":[{"@type":"Article","@id":"https:\/\/zeromagazine.mx\/index.php\/2021\/09\/05\/entrevista-con-japonica\/#article","isPartOf":{"@id":"https:\/\/zeromagazine.mx\/index.php\/2021\/09\/05\/entrevista-con-japonica\/"},"author":{"name":"zeromagazinemx","@id":"https:\/\/zeromagazine.mx\/#\/schema\/person\/9aed9f33a7c39af3a348b86d723f7773"},"headline":"Entrevista con Jap\u00f3nica","datePublished":"2021-09-05T19:00:00+00:00","mainEntityOfPage":{"@id":"https:\/\/zeromagazine.mx\/index.php\/2021\/09\/05\/entrevista-con-japonica\/"},"wordCount":512,"commentCount":0,"publisher":{"@id":"https:\/\/zeromagazine.mx\/#organization"},"image":{"@id":"https:\/\/zeromagazine.mx\/index.php\/2021\/09\/05\/entrevista-con-japonica\/#primaryimage"},"thumbnailUrl":"","keywords":["Erick Morelos","Haz de luz","Jap\u00f3nica"],"articleSection":["Entretenimiento","Entrevistas"],"inLanguage":"es","potentialAction":[{"@type":"CommentAction","name":"Comment","target":["https:\/\/zeromagazine.mx\/index.php\/2021\/09\/05\/entrevista-con-japonica\/#respond"]}]},{"@type":"WebPage","@id":"https:\/\/zeromagazine.mx\/index.php\/2021\/09\/05\/entrevista-con-japonica\/","url":"https:\/\/zeromagazine.mx\/index.php\/2021\/09\/05\/entrevista-con-japonica\/","name":"Entrevista con Jap\u00f3nica - Zero Magazine","isPartOf":{"@id":"https:\/\/zeromagazine.mx\/#website"},"primaryImageOfPage":{"@id":"https:\/\/zeromagazine.mx\/index.php\/2021\/09\/05\/entrevista-con-japonica\/#primaryimage"},"image":{"@id":"https:\/\/zeromagazine.mx\/index.php\/2021\/09\/05\/entrevista-con-japonica\/#primaryimage"},"thumbnailUrl":"","datePublished":"2021-09-05T19:00:00+00:00","breadcrumb":{"@id":"https:\/\/zeromagazine.mx\/index.php\/2021\/09\/05\/entrevista-con-japonica\/#breadcrumb"},"inLanguage":"es","potentialAction":[{"@type":"ReadAction","target":["https:\/\/zeromagazine.mx\/index.php\/2021\/09\/05\/entrevista-con-japonica\/"]}]},{"@type":"ImageObject","inLanguage":"es","@id":"https:\/\/zeromagazine.mx\/index.php\/2021\/09\/05\/entrevista-con-japonica\/#primaryimage","url":"","contentUrl":""},{"@type":"BreadcrumbList","@id":"https:\/\/zeromagazine.mx\/index.php\/2021\/09\/05\/entrevista-con-japonica\/#breadcrumb","itemListElement":[{"@type":"ListItem","position":1,"name":"Portada","item":"https:\/\/zeromagazine.mx\/"},{"@type":"ListItem","position":2,"name":"Entrevista con Jap\u00f3nica"}]},{"@type":"WebSite","@id":"https:\/\/zeromagazine.mx\/#website","url":"https:\/\/zeromagazine.mx\/","name":"Zero Magazine","description":"","publisher":{"@id":"https:\/\/zeromagazine.mx\/#organization"},"potentialAction":[{"@type":"SearchAction","target":{"@type":"EntryPoint","urlTemplate":"https:\/\/zeromagazine.mx\/?s={search_term_string}"},"query-input":{"@type":"PropertyValueSpecification","valueRequired":true,"valueName":"search_term_string"}}],"inLanguage":"es"},{"@type":"Organization","@id":"https:\/\/zeromagazine.mx\/#organization","name":"Zero Magazine","url":"https:\/\/zeromagazine.mx\/","logo":{"@type":"ImageObject","inLanguage":"es","@id":"https:\/\/zeromagazine.mx\/#\/schema\/logo\/image\/","url":"https:\/\/i0.wp.com\/zeromagazine.mx\/wp-content\/uploads\/2025\/11\/1.jpeg?fit=1000%2C1000&ssl=1","contentUrl":"https:\/\/i0.wp.com\/zeromagazine.mx\/wp-content\/uploads\/2025\/11\/1.jpeg?fit=1000%2C1000&ssl=1","width":1000,"height":1000,"caption":"Zero Magazine"},"image":{"@id":"https:\/\/zeromagazine.mx\/#\/schema\/logo\/image\/"},"sameAs":["https:\/\/instagram.com\/zeromagazinemx"]},{"@type":"Person","@id":"https:\/\/zeromagazine.mx\/#\/schema\/person\/9aed9f33a7c39af3a348b86d723f7773","name":"zeromagazinemx","image":{"@type":"ImageObject","inLanguage":"es","@id":"https:\/\/zeromagazine.mx\/wp-content\/litespeed\/avatar\/f91dfe5410d5dcb1a576bf8c45983896.jpg?ver=1776966396","url":"https:\/\/zeromagazine.mx\/wp-content\/litespeed\/avatar\/f91dfe5410d5dcb1a576bf8c45983896.jpg?ver=1776966396","contentUrl":"https:\/\/zeromagazine.mx\/wp-content\/litespeed\/avatar\/f91dfe5410d5dcb1a576bf8c45983896.jpg?ver=1776966396","caption":"zeromagazinemx"},"url":"https:\/\/zeromagazine.mx\/index.php\/author\/zeromagazinemx\/"}]}},"jetpack_publicize_connections":[],"jetpack_featured_media_url":"","jetpack-related-posts":[{"id":49604,"url":"https:\/\/zeromagazine.mx\/index.php\/2021\/07\/08\/entrevista-a-erick-murias-para-la-obra-de-teatro-el-pagliacho-el-gracioso-de-la-calle-del-relox\/","url_meta":{"origin":53746,"position":0},"title":"Entrevista a Erick Murias para la obra de teatro: \u201cEL PAGLIACHO el gracioso de la calle del relox\u201d","author":"zeromagazinemx","date":"8 de julio de 2021","format":false,"excerpt":"Solo dos funciones: s\u00e1bado 17 y domingo 18 de julio, a las 13:00 horas. En Teatro de la Ciudad Esperanza Iris, Donceles 36, colonia Centro Hist\u00f3rico, cerca del Metro Allende\u00a0 Boletos en l\u00ednea: ticketmaster.com.mx o en la taquilla del recinto Autor\u00eda: Erick Murias, Direcci\u00f3n: Ra\u00fal Zamora, Dramaturgia: Fernando Hondall,\u00a0M\u00fasica Original:\u2026","rel":"","context":"En \u00abEntretenimiento\u00bb","block_context":{"text":"Entretenimiento","link":"https:\/\/zeromagazine.mx\/index.php\/category\/entretenimiento\/"},"img":{"alt_text":"","src":"","width":0,"height":0},"classes":[]},{"id":115007,"url":"https:\/\/zeromagazine.mx\/index.php\/2026\/02\/09\/turistas-mexicanos-en-japon-record\/","url_meta":{"origin":53746,"position":1},"title":"R\u00e9cord de turistas mexicanos en Jap\u00f3n","author":"David Morales","date":"9 de febrero de 2026","format":false,"excerpt":"Viajar dej\u00f3 de ser solo \u201csalir de vacaciones\u201d para convertirse en una forma de coleccionar historias. Y si hay un destino que est\u00e1 dominando los moodboards, los itinerarios so\u00f1ados y los algoritmos viajeros, ese es Jap\u00f3n. El boom es tan real que ya se habla de un momento hist\u00f3rico: nunca\u2026","rel":"","context":"En \u00abViajes\u00bb","block_context":{"text":"Viajes","link":"https:\/\/zeromagazine.mx\/index.php\/category\/lugares\/"},"img":{"alt_text":"","src":"https:\/\/i0.wp.com\/zeromagazine.mx\/wp-content\/uploads\/2026\/02\/IMG_1398.jpeg?fit=750%2C561&ssl=1&resize=350%2C200","width":350,"height":200,"srcset":"https:\/\/i0.wp.com\/zeromagazine.mx\/wp-content\/uploads\/2026\/02\/IMG_1398.jpeg?fit=750%2C561&ssl=1&resize=350%2C200 1x, https:\/\/i0.wp.com\/zeromagazine.mx\/wp-content\/uploads\/2026\/02\/IMG_1398.jpeg?fit=750%2C561&ssl=1&resize=525%2C300 1.5x, https:\/\/i0.wp.com\/zeromagazine.mx\/wp-content\/uploads\/2026\/02\/IMG_1398.jpeg?fit=750%2C561&ssl=1&resize=700%2C400 2x"},"classes":[]},{"id":47424,"url":"https:\/\/zeromagazine.mx\/index.php\/2021\/06\/11\/entrevista-con-arturo-katz\/","url_meta":{"origin":53746,"position":2},"title":"Entrevista con Arturo Katz","author":"zeromagazinemx","date":"11 de junio de 2021","format":false,"excerpt":"La joven promesa del g\u00e9nero urbano Arturo Katz, se encuentra promoviendo su m\u00e1s reciente sencillo \u201cPretextos\u201d, un tema que fue producido por el venezolano Neiko. En esta nueva producci\u00f3n podemos escuchar historias y experiencias que suceden en una relaci\u00f3n. por C\u00e9sar Palomares Tuvimos la oportunidad de platicar con Arturo Katz\u2026","rel":"","context":"En \u00abEntretenimiento\u00bb","block_context":{"text":"Entretenimiento","link":"https:\/\/zeromagazine.mx\/index.php\/category\/entretenimiento\/"},"img":{"alt_text":"","src":"https:\/\/i0.wp.com\/img.youtube.com\/vi\/t2Fr93rbSss\/0.jpg?resize=350%2C200","width":350,"height":200},"classes":[]},{"id":50747,"url":"https:\/\/zeromagazine.mx\/index.php\/2021\/07\/23\/entrevista-a-hiroshi-arikado\/","url_meta":{"origin":53746,"position":3},"title":"Entrevista a Hiroshi Arikado","author":"zeromagazinemx","date":"23 de julio de 2021","format":false,"excerpt":"Hiroshi Arikado, cantante, actor, modelo, conductor, compositor e influencer\u00a0Mexicano originario de Chihuahua,\u00a0de seguro lo recuerdas por su participaci\u00f3n en la primera edici\u00f3n del reality Peque\u00f1os Gigantes en 2011 donde obtuvo el segundo lugar y el cari\u00f1o del p\u00fablico por su carisma y gran talento, igualmente Hiroshi\u00a0ha tenido grandes giras y\u2026","rel":"","context":"En \u00abEntretenimiento\u00bb","block_context":{"text":"Entretenimiento","link":"https:\/\/zeromagazine.mx\/index.php\/category\/entretenimiento\/"},"img":{"alt_text":"","src":"https:\/\/i0.wp.com\/zeromagazinemx.wpcomstaging.com\/wp-content\/uploads\/2022\/02\/fbd94-logo_hiroshi_arikado-1.png?resize=350%2C200&ssl=1","width":350,"height":200},"classes":[]},{"id":70399,"url":"https:\/\/zeromagazine.mx\/index.php\/2024\/01\/29\/la-explosiva-colaboracion-entre-erik-canales-y-apocalyptica-preparate-para-rockear\/","url_meta":{"origin":53746,"position":4},"title":"\u00abLa Explosiva Colaboraci\u00f3n entre Erik Canales y Apocalyptica: \u00a1Prep\u00e1rate para Rockear!\u00bb","author":"David Morales","date":"29 de enero de 2024","format":false,"excerpt":"\u00bfYa escucharon la \u00faltima? El vocalista de la banda Allison, Erik Canales, est\u00e1 rompi\u00e9ndola en grande otra vez. Resulta que ahora se aventur\u00f3 a un nuevo \u00e9xito en su carrera musical al convertirse en la voz principal de la gira por M\u00e9xico de la banda finlandesa Apocalyptica en su \u2018M\u00e9xico\u2026","rel":"","context":"En \u00abBlog\u00bb","block_context":{"text":"Blog","link":"https:\/\/zeromagazine.mx\/index.php\/category\/blog\/"},"img":{"alt_text":"","src":"https:\/\/i0.wp.com\/zeromagazine.mx\/wp-content\/uploads\/2024\/01\/Outlook-s3urf2sy.png?resize=350%2C200&ssl=1","width":350,"height":200},"classes":[]},{"id":52126,"url":"https:\/\/zeromagazine.mx\/index.php\/2021\/08\/16\/entrevista-krei-glace-el-helado-que-innova-de-lo-fat-a-lo-fit\/","url_meta":{"origin":53746,"position":5},"title":"Entrevista | Krei Glac\u00e9, el helado que innova de lo fat a lo fit","author":"zeromagazinemx","date":"16 de agosto de 2021","format":false,"excerpt":"Recientemente tuvimos la fortuna de conocer una marca de helado mexicana llamada \u201cKrei Glac\u00e9\u201d y al menos en mi caso, debo admitir que revolucion\u00f3 completamente uno de mis postres favoritos, ya que no es un helado com\u00fan y corriente, sino que adem\u00e1s de tener sabores deliciosos cuenta con un excelente\u2026","rel":"","context":"En \u00abBienestar\u00bb","block_context":{"text":"Bienestar","link":"https:\/\/zeromagazine.mx\/index.php\/category\/lifestyle\/bienestar\/"},"img":{"alt_text":"","src":"","width":0,"height":0},"classes":[]}],"jetpack_sharing_enabled":true,"builder_content":"","_links":{"self":[{"href":"https:\/\/zeromagazine.mx\/index.php\/wp-json\/wp\/v2\/posts\/53746","targetHints":{"allow":["GET"]}}],"collection":[{"href":"https:\/\/zeromagazine.mx\/index.php\/wp-json\/wp\/v2\/posts"}],"about":[{"href":"https:\/\/zeromagazine.mx\/index.php\/wp-json\/wp\/v2\/types\/post"}],"author":[{"embeddable":true,"href":"https:\/\/zeromagazine.mx\/index.php\/wp-json\/wp\/v2\/users\/2"}],"replies":[{"embeddable":true,"href":"https:\/\/zeromagazine.mx\/index.php\/wp-json\/wp\/v2\/comments?post=53746"}],"version-history":[{"count":0,"href":"https:\/\/zeromagazine.mx\/index.php\/wp-json\/wp\/v2\/posts\/53746\/revisions"}],"wp:featuredmedia":[{"embeddable":true,"href":"https:\/\/zeromagazine.mx\/index.php\/wp-json\/"}],"wp:attachment":[{"href":"https:\/\/zeromagazine.mx\/index.php\/wp-json\/wp\/v2\/media?parent=53746"}],"wp:term":[{"taxonomy":"category","embeddable":true,"href":"https:\/\/zeromagazine.mx\/index.php\/wp-json\/wp\/v2\/categories?post=53746"},{"taxonomy":"post_tag","embeddable":true,"href":"https:\/\/zeromagazine.mx\/index.php\/wp-json\/wp\/v2\/tags?post=53746"}],"curies":[{"name":"wp","href":"https:\/\/api.w.org\/{rel}","templated":true}]}}