{"id":53939,"date":"2021-09-06T15:30:00","date_gmt":"2021-09-06T20:30:00","guid":{"rendered":"https:\/\/atomic-temporary-84115225.wpcomstaging.com\/?p=53939"},"modified":"2021-09-06T15:30:00","modified_gmt":"2021-09-06T20:30:00","slug":"jhay-cortez-lanza-timelezz-su-segundo-album","status":"publish","type":"post","link":"https:\/\/zeromagazine.mx\/index.php\/2021\/09\/06\/jhay-cortez-lanza-timelezz-su-segundo-album\/","title":{"rendered":"Jhay Cortez lanza \u201cTimelezz\u201d su segundo \u00e1lbum"},"content":{"rendered":"\n<p>\u201c<strong>Timelezz<\/strong>\u201d ya est\u00e1 disponible y adem\u00e1s realizar\u00e1 un concierto <strong>sold out<\/strong> en <strong>Nueva York <\/strong>hoy.<\/p>\n\n\n\n<figure class=\"wp-block-embed is-type-rich is-provider-instagram wp-block-embed-instagram\"><div class=\"wp-block-embed__wrapper\">\nhttps:\/\/www.instagram.com\/p\/CTAyoTmrW50\/?utm_medium=copy_link\n<\/div><\/figure>\n\n\n\n<div class=\"wp-block-buttons is-layout-flex wp-block-buttons-is-layout-flex\">\n<div class=\"wp-block-button is-style-outline is-style-outline--1\"><a class=\"wp-block-button__link\">Por Moises Kushelevich<\/a><\/div>\n<\/div>\n\n\n\n<p><strong>Jhay Cortez<\/strong> presenta su esperado segundo \u00e1lbum \u201c<strong>Timelezz<\/strong>\u201d a trav\u00e9s de Universal Music Latino. El \u00e1lbum muestra a <strong>Jhay<\/strong> construyendo sobre los cimientos que sent\u00f3 con su \u00e1lbum debut \u201c<strong>Famouz<\/strong>\u201d en 2019, incroporando nuevas colaboracioens con artistas como <strong>Anuel AA<\/strong>, <strong>Buscabulla<\/strong>, <strong>Arc\u00e1ngel<\/strong>,<strong> Kendo Kaponi<\/strong>, <strong>Skrillex <\/strong>y <strong>Mike Towers<\/strong>.<\/p>\n\n\n\n<p>\u201c<strong>Timelezz<\/strong>\u201d anuncia la llegada de <strong>Jhay<\/strong> como una de las principales superestrellas de la m\u00fasica latina tras sus a\u00f1os de trabajo moldeando el panorama del reggaet\u00f3n a trav\u00e9s de sus producciones. Este \u00e1lbum resalta lo que ha sido un verano de gran \u00e9xito y el surgimiento del cantante como l\u00edder de la nueva generaci\u00f3n urbana latina y un creador de \u00e9xitos certificado, liderando las listas de \u00e9xitos en todo el mundo.<\/p>\n\n\n\n<p>Recordemos que Jhay ha conseguido ganar dos galardones en los <strong>Premios Juventud<\/strong> de este a\u00f1o, ha permanecido 42 semanas en la lista <strong>Billboard Global 200<\/strong> desde su lanzamiento, llegando al <strong>#1 <\/strong>con \u201c<strong>D\u00e1kiti<\/strong>\u201d.<\/p>\n\n\n\n<p>Disfruta del nuevo lanzamiento <a href=\"https:\/\/universalmusicmexico.lnk.to\/Timelezz\">https:\/\/universalmusicmexico.lnk.to\/Timelezz<\/a><\/p>\n<!--themify_builder_content-->\n<div id=\"themify_builder_content-53939\" data-postid=\"53939\" class=\"themify_builder_content themify_builder_content-53939 themify_builder tf_clear\">\n    <\/div>\n<!--\/themify_builder_content-->\n","protected":false},"excerpt":{"rendered":"<p>\u201cTimelezz\u201d ya est\u00e1 disponible y adem\u00e1s realizar\u00e1 un concierto sold out en Nueva York hoy. Jhay Cortez presenta su esperado segundo \u00e1lbum \u201cTimelezz\u201d a trav\u00e9s de Universal Music Latino. El \u00e1lbum muestra a Jhay construyendo sobre los cimientos que sent\u00f3 con su \u00e1lbum debut \u201cFamouz\u201d en 2019, incroporando nuevas colaboracioens con artistas como Anuel AA, [&hellip;]<\/p>\n","protected":false},"author":2,"featured_media":53944,"comment_status":"open","ping_status":"open","sticky":false,"template":"","format":"standard","meta":{"_jetpack_memberships_contains_paid_content":false,"footnotes":"","jetpack_publicize_message":"Jhay Cortez lanza \u201cTimelezz\u201d su segundo \u00e1lbum, descubre mas aqu\u00ed, en Zero Magazine. ","jetpack_publicize_feature_enabled":true,"jetpack_social_post_already_shared":true,"jetpack_social_options":{"image_generator_settings":{"template":"highway","default_image_id":0,"font":"","enabled":false},"version":2}},"categories":[1],"tags":[4777,4778,4779,4780,4781,4782,4783,3835,4784,4785,4786,1994,1962,4787],"class_list":["post-53939","post","type-post","status-publish","format-standard","has-post-thumbnail","hentry","category-blog","tag-anuel-aa","tag-arcangel","tag-billboard-global-200","tag-buscabulla","tag-dakiti","tag-famouz","tag-jhay","tag-jhay-cortez","tag-kendo-kaponi","tag-mike-towers","tag-nueva-york","tag-skrillex","tag-sold-out","tag-timelezz","has-post-title","has-post-date","has-post-category","has-post-tag","has-post-comment","has-post-author",""],"yoast_head":"<!-- This site is optimized with the Yoast SEO plugin v27.5 - https:\/\/yoast.com\/product\/yoast-seo-wordpress\/ -->\n<title>Jhay Cortez lanza \u201cTimelezz\u201d su segundo \u00e1lbum - Zero Magazine<\/title>\n<meta name=\"robots\" content=\"index, follow, max-snippet:-1, max-image-preview:large, max-video-preview:-1\" \/>\n<link rel=\"canonical\" href=\"https:\/\/zeromagazine.mx\/index.php\/2021\/09\/06\/jhay-cortez-lanza-timelezz-su-segundo-album\/\" \/>\n<meta property=\"og:locale\" content=\"es_ES\" \/>\n<meta property=\"og:type\" content=\"article\" \/>\n<meta property=\"og:title\" content=\"Jhay Cortez lanza \u201cTimelezz\u201d su segundo \u00e1lbum - Zero Magazine\" \/>\n<meta property=\"og:description\" content=\"\u201cTimelezz\u201d ya est\u00e1 disponible y adem\u00e1s realizar\u00e1 un concierto sold out en Nueva York hoy. Jhay Cortez presenta su esperado segundo \u00e1lbum \u201cTimelezz\u201d a trav\u00e9s de Universal Music Latino. El \u00e1lbum muestra a Jhay construyendo sobre los cimientos que sent\u00f3 con su \u00e1lbum debut \u201cFamouz\u201d en 2019, incroporando nuevas colaboracioens con artistas como Anuel AA, [&hellip;]\" \/>\n<meta property=\"og:url\" content=\"https:\/\/zeromagazine.mx\/index.php\/2021\/09\/06\/jhay-cortez-lanza-timelezz-su-segundo-album\/\" \/>\n<meta property=\"og:site_name\" content=\"Zero Magazine\" \/>\n<meta property=\"article:published_time\" content=\"2021-09-06T20:30:00+00:00\" \/>\n<meta name=\"author\" content=\"zeromagazinemx\" \/>\n<meta name=\"twitter:card\" content=\"summary_large_image\" \/>\n<meta name=\"twitter:label1\" content=\"Escrito por\" \/>\n\t<meta name=\"twitter:data1\" content=\"zeromagazinemx\" \/>\n\t<meta name=\"twitter:label2\" content=\"Tiempo de lectura\" \/>\n\t<meta name=\"twitter:data2\" content=\"1 minuto\" \/>\n<script type=\"application\/ld+json\" class=\"yoast-schema-graph\">{\"@context\":\"https:\\\/\\\/schema.org\",\"@graph\":[{\"@type\":\"Article\",\"@id\":\"https:\\\/\\\/zeromagazine.mx\\\/index.php\\\/2021\\\/09\\\/06\\\/jhay-cortez-lanza-timelezz-su-segundo-album\\\/#article\",\"isPartOf\":{\"@id\":\"https:\\\/\\\/zeromagazine.mx\\\/index.php\\\/2021\\\/09\\\/06\\\/jhay-cortez-lanza-timelezz-su-segundo-album\\\/\"},\"author\":{\"name\":\"zeromagazinemx\",\"@id\":\"https:\\\/\\\/zeromagazine.mx\\\/#\\\/schema\\\/person\\\/9aed9f33a7c39af3a348b86d723f7773\"},\"headline\":\"Jhay Cortez lanza \u201cTimelezz\u201d su segundo \u00e1lbum\",\"datePublished\":\"2021-09-06T20:30:00+00:00\",\"mainEntityOfPage\":{\"@id\":\"https:\\\/\\\/zeromagazine.mx\\\/index.php\\\/2021\\\/09\\\/06\\\/jhay-cortez-lanza-timelezz-su-segundo-album\\\/\"},\"wordCount\":203,\"commentCount\":0,\"publisher\":{\"@id\":\"https:\\\/\\\/zeromagazine.mx\\\/#organization\"},\"image\":{\"@id\":\"https:\\\/\\\/zeromagazine.mx\\\/index.php\\\/2021\\\/09\\\/06\\\/jhay-cortez-lanza-timelezz-su-segundo-album\\\/#primaryimage\"},\"thumbnailUrl\":\"\",\"keywords\":[\"Anuel AA\",\"Arc\u00e1ngel\",\"Billboard Global 200\",\"Buscabulla\",\"D\u00e1kiti\",\"Famouz\",\"Jhay\",\"jhay cortez\",\"Kendo Kaponi\",\"Mike Towers\",\"Nueva York\",\"Skrillex\",\"Sold Out\",\"Timelezz\"],\"articleSection\":[\"Blog\"],\"inLanguage\":\"es\",\"potentialAction\":[{\"@type\":\"CommentAction\",\"name\":\"Comment\",\"target\":[\"https:\\\/\\\/zeromagazine.mx\\\/index.php\\\/2021\\\/09\\\/06\\\/jhay-cortez-lanza-timelezz-su-segundo-album\\\/#respond\"]}]},{\"@type\":\"WebPage\",\"@id\":\"https:\\\/\\\/zeromagazine.mx\\\/index.php\\\/2021\\\/09\\\/06\\\/jhay-cortez-lanza-timelezz-su-segundo-album\\\/\",\"url\":\"https:\\\/\\\/zeromagazine.mx\\\/index.php\\\/2021\\\/09\\\/06\\\/jhay-cortez-lanza-timelezz-su-segundo-album\\\/\",\"name\":\"Jhay Cortez lanza \u201cTimelezz\u201d su segundo \u00e1lbum - Zero Magazine\",\"isPartOf\":{\"@id\":\"https:\\\/\\\/zeromagazine.mx\\\/#website\"},\"primaryImageOfPage\":{\"@id\":\"https:\\\/\\\/zeromagazine.mx\\\/index.php\\\/2021\\\/09\\\/06\\\/jhay-cortez-lanza-timelezz-su-segundo-album\\\/#primaryimage\"},\"image\":{\"@id\":\"https:\\\/\\\/zeromagazine.mx\\\/index.php\\\/2021\\\/09\\\/06\\\/jhay-cortez-lanza-timelezz-su-segundo-album\\\/#primaryimage\"},\"thumbnailUrl\":\"\",\"datePublished\":\"2021-09-06T20:30:00+00:00\",\"breadcrumb\":{\"@id\":\"https:\\\/\\\/zeromagazine.mx\\\/index.php\\\/2021\\\/09\\\/06\\\/jhay-cortez-lanza-timelezz-su-segundo-album\\\/#breadcrumb\"},\"inLanguage\":\"es\",\"potentialAction\":[{\"@type\":\"ReadAction\",\"target\":[\"https:\\\/\\\/zeromagazine.mx\\\/index.php\\\/2021\\\/09\\\/06\\\/jhay-cortez-lanza-timelezz-su-segundo-album\\\/\"]}]},{\"@type\":\"ImageObject\",\"inLanguage\":\"es\",\"@id\":\"https:\\\/\\\/zeromagazine.mx\\\/index.php\\\/2021\\\/09\\\/06\\\/jhay-cortez-lanza-timelezz-su-segundo-album\\\/#primaryimage\",\"url\":\"\",\"contentUrl\":\"\"},{\"@type\":\"BreadcrumbList\",\"@id\":\"https:\\\/\\\/zeromagazine.mx\\\/index.php\\\/2021\\\/09\\\/06\\\/jhay-cortez-lanza-timelezz-su-segundo-album\\\/#breadcrumb\",\"itemListElement\":[{\"@type\":\"ListItem\",\"position\":1,\"name\":\"Portada\",\"item\":\"https:\\\/\\\/zeromagazine.mx\\\/\"},{\"@type\":\"ListItem\",\"position\":2,\"name\":\"Jhay Cortez lanza \u201cTimelezz\u201d su segundo \u00e1lbum\"}]},{\"@type\":\"WebSite\",\"@id\":\"https:\\\/\\\/zeromagazine.mx\\\/#website\",\"url\":\"https:\\\/\\\/zeromagazine.mx\\\/\",\"name\":\"Zero Magazine\",\"description\":\"\",\"publisher\":{\"@id\":\"https:\\\/\\\/zeromagazine.mx\\\/#organization\"},\"potentialAction\":[{\"@type\":\"SearchAction\",\"target\":{\"@type\":\"EntryPoint\",\"urlTemplate\":\"https:\\\/\\\/zeromagazine.mx\\\/?s={search_term_string}\"},\"query-input\":{\"@type\":\"PropertyValueSpecification\",\"valueRequired\":true,\"valueName\":\"search_term_string\"}}],\"inLanguage\":\"es\"},{\"@type\":\"Organization\",\"@id\":\"https:\\\/\\\/zeromagazine.mx\\\/#organization\",\"name\":\"Zero Magazine\",\"url\":\"https:\\\/\\\/zeromagazine.mx\\\/\",\"logo\":{\"@type\":\"ImageObject\",\"inLanguage\":\"es\",\"@id\":\"https:\\\/\\\/zeromagazine.mx\\\/#\\\/schema\\\/logo\\\/image\\\/\",\"url\":\"https:\\\/\\\/i0.wp.com\\\/zeromagazine.mx\\\/wp-content\\\/uploads\\\/2025\\\/11\\\/1.jpeg?fit=1000%2C1000&ssl=1\",\"contentUrl\":\"https:\\\/\\\/i0.wp.com\\\/zeromagazine.mx\\\/wp-content\\\/uploads\\\/2025\\\/11\\\/1.jpeg?fit=1000%2C1000&ssl=1\",\"width\":1000,\"height\":1000,\"caption\":\"Zero Magazine\"},\"image\":{\"@id\":\"https:\\\/\\\/zeromagazine.mx\\\/#\\\/schema\\\/logo\\\/image\\\/\"},\"sameAs\":[\"https:\\\/\\\/instagram.com\\\/zeromagazinemx\"]},{\"@type\":\"Person\",\"@id\":\"https:\\\/\\\/zeromagazine.mx\\\/#\\\/schema\\\/person\\\/9aed9f33a7c39af3a348b86d723f7773\",\"name\":\"zeromagazinemx\",\"image\":{\"@type\":\"ImageObject\",\"inLanguage\":\"es\",\"@id\":\"https:\\\/\\\/zeromagazine.mx\\\/wp-content\\\/litespeed\\\/avatar\\\/f91dfe5410d5dcb1a576bf8c45983896.jpg?ver=1777571230\",\"url\":\"https:\\\/\\\/zeromagazine.mx\\\/wp-content\\\/litespeed\\\/avatar\\\/f91dfe5410d5dcb1a576bf8c45983896.jpg?ver=1777571230\",\"contentUrl\":\"https:\\\/\\\/zeromagazine.mx\\\/wp-content\\\/litespeed\\\/avatar\\\/f91dfe5410d5dcb1a576bf8c45983896.jpg?ver=1777571230\",\"caption\":\"zeromagazinemx\"},\"url\":\"https:\\\/\\\/zeromagazine.mx\\\/index.php\\\/author\\\/zeromagazinemx\\\/\"}]}<\/script>\n<!-- \/ Yoast SEO plugin. -->","yoast_head_json":{"title":"Jhay Cortez lanza \u201cTimelezz\u201d su segundo \u00e1lbum - Zero Magazine","robots":{"index":"index","follow":"follow","max-snippet":"max-snippet:-1","max-image-preview":"max-image-preview:large","max-video-preview":"max-video-preview:-1"},"canonical":"https:\/\/zeromagazine.mx\/index.php\/2021\/09\/06\/jhay-cortez-lanza-timelezz-su-segundo-album\/","og_locale":"es_ES","og_type":"article","og_title":"Jhay Cortez lanza \u201cTimelezz\u201d su segundo \u00e1lbum - Zero Magazine","og_description":"\u201cTimelezz\u201d ya est\u00e1 disponible y adem\u00e1s realizar\u00e1 un concierto sold out en Nueva York hoy. Jhay Cortez presenta su esperado segundo \u00e1lbum \u201cTimelezz\u201d a trav\u00e9s de Universal Music Latino. El \u00e1lbum muestra a Jhay construyendo sobre los cimientos que sent\u00f3 con su \u00e1lbum debut \u201cFamouz\u201d en 2019, incroporando nuevas colaboracioens con artistas como Anuel AA, [&hellip;]","og_url":"https:\/\/zeromagazine.mx\/index.php\/2021\/09\/06\/jhay-cortez-lanza-timelezz-su-segundo-album\/","og_site_name":"Zero Magazine","article_published_time":"2021-09-06T20:30:00+00:00","author":"zeromagazinemx","twitter_card":"summary_large_image","twitter_misc":{"Escrito por":"zeromagazinemx","Tiempo de lectura":"1 minuto"},"schema":{"@context":"https:\/\/schema.org","@graph":[{"@type":"Article","@id":"https:\/\/zeromagazine.mx\/index.php\/2021\/09\/06\/jhay-cortez-lanza-timelezz-su-segundo-album\/#article","isPartOf":{"@id":"https:\/\/zeromagazine.mx\/index.php\/2021\/09\/06\/jhay-cortez-lanza-timelezz-su-segundo-album\/"},"author":{"name":"zeromagazinemx","@id":"https:\/\/zeromagazine.mx\/#\/schema\/person\/9aed9f33a7c39af3a348b86d723f7773"},"headline":"Jhay Cortez lanza \u201cTimelezz\u201d su segundo \u00e1lbum","datePublished":"2021-09-06T20:30:00+00:00","mainEntityOfPage":{"@id":"https:\/\/zeromagazine.mx\/index.php\/2021\/09\/06\/jhay-cortez-lanza-timelezz-su-segundo-album\/"},"wordCount":203,"commentCount":0,"publisher":{"@id":"https:\/\/zeromagazine.mx\/#organization"},"image":{"@id":"https:\/\/zeromagazine.mx\/index.php\/2021\/09\/06\/jhay-cortez-lanza-timelezz-su-segundo-album\/#primaryimage"},"thumbnailUrl":"","keywords":["Anuel AA","Arc\u00e1ngel","Billboard Global 200","Buscabulla","D\u00e1kiti","Famouz","Jhay","jhay cortez","Kendo Kaponi","Mike Towers","Nueva York","Skrillex","Sold Out","Timelezz"],"articleSection":["Blog"],"inLanguage":"es","potentialAction":[{"@type":"CommentAction","name":"Comment","target":["https:\/\/zeromagazine.mx\/index.php\/2021\/09\/06\/jhay-cortez-lanza-timelezz-su-segundo-album\/#respond"]}]},{"@type":"WebPage","@id":"https:\/\/zeromagazine.mx\/index.php\/2021\/09\/06\/jhay-cortez-lanza-timelezz-su-segundo-album\/","url":"https:\/\/zeromagazine.mx\/index.php\/2021\/09\/06\/jhay-cortez-lanza-timelezz-su-segundo-album\/","name":"Jhay Cortez lanza \u201cTimelezz\u201d su segundo \u00e1lbum - Zero Magazine","isPartOf":{"@id":"https:\/\/zeromagazine.mx\/#website"},"primaryImageOfPage":{"@id":"https:\/\/zeromagazine.mx\/index.php\/2021\/09\/06\/jhay-cortez-lanza-timelezz-su-segundo-album\/#primaryimage"},"image":{"@id":"https:\/\/zeromagazine.mx\/index.php\/2021\/09\/06\/jhay-cortez-lanza-timelezz-su-segundo-album\/#primaryimage"},"thumbnailUrl":"","datePublished":"2021-09-06T20:30:00+00:00","breadcrumb":{"@id":"https:\/\/zeromagazine.mx\/index.php\/2021\/09\/06\/jhay-cortez-lanza-timelezz-su-segundo-album\/#breadcrumb"},"inLanguage":"es","potentialAction":[{"@type":"ReadAction","target":["https:\/\/zeromagazine.mx\/index.php\/2021\/09\/06\/jhay-cortez-lanza-timelezz-su-segundo-album\/"]}]},{"@type":"ImageObject","inLanguage":"es","@id":"https:\/\/zeromagazine.mx\/index.php\/2021\/09\/06\/jhay-cortez-lanza-timelezz-su-segundo-album\/#primaryimage","url":"","contentUrl":""},{"@type":"BreadcrumbList","@id":"https:\/\/zeromagazine.mx\/index.php\/2021\/09\/06\/jhay-cortez-lanza-timelezz-su-segundo-album\/#breadcrumb","itemListElement":[{"@type":"ListItem","position":1,"name":"Portada","item":"https:\/\/zeromagazine.mx\/"},{"@type":"ListItem","position":2,"name":"Jhay Cortez lanza \u201cTimelezz\u201d su segundo \u00e1lbum"}]},{"@type":"WebSite","@id":"https:\/\/zeromagazine.mx\/#website","url":"https:\/\/zeromagazine.mx\/","name":"Zero Magazine","description":"","publisher":{"@id":"https:\/\/zeromagazine.mx\/#organization"},"potentialAction":[{"@type":"SearchAction","target":{"@type":"EntryPoint","urlTemplate":"https:\/\/zeromagazine.mx\/?s={search_term_string}"},"query-input":{"@type":"PropertyValueSpecification","valueRequired":true,"valueName":"search_term_string"}}],"inLanguage":"es"},{"@type":"Organization","@id":"https:\/\/zeromagazine.mx\/#organization","name":"Zero Magazine","url":"https:\/\/zeromagazine.mx\/","logo":{"@type":"ImageObject","inLanguage":"es","@id":"https:\/\/zeromagazine.mx\/#\/schema\/logo\/image\/","url":"https:\/\/i0.wp.com\/zeromagazine.mx\/wp-content\/uploads\/2025\/11\/1.jpeg?fit=1000%2C1000&ssl=1","contentUrl":"https:\/\/i0.wp.com\/zeromagazine.mx\/wp-content\/uploads\/2025\/11\/1.jpeg?fit=1000%2C1000&ssl=1","width":1000,"height":1000,"caption":"Zero Magazine"},"image":{"@id":"https:\/\/zeromagazine.mx\/#\/schema\/logo\/image\/"},"sameAs":["https:\/\/instagram.com\/zeromagazinemx"]},{"@type":"Person","@id":"https:\/\/zeromagazine.mx\/#\/schema\/person\/9aed9f33a7c39af3a348b86d723f7773","name":"zeromagazinemx","image":{"@type":"ImageObject","inLanguage":"es","@id":"https:\/\/zeromagazine.mx\/wp-content\/litespeed\/avatar\/f91dfe5410d5dcb1a576bf8c45983896.jpg?ver=1777571230","url":"https:\/\/zeromagazine.mx\/wp-content\/litespeed\/avatar\/f91dfe5410d5dcb1a576bf8c45983896.jpg?ver=1777571230","contentUrl":"https:\/\/zeromagazine.mx\/wp-content\/litespeed\/avatar\/f91dfe5410d5dcb1a576bf8c45983896.jpg?ver=1777571230","caption":"zeromagazinemx"},"url":"https:\/\/zeromagazine.mx\/index.php\/author\/zeromagazinemx\/"}]}},"jetpack_publicize_connections":[],"jetpack_featured_media_url":"","jetpack-related-posts":[{"id":54287,"url":"https:\/\/zeromagazine.mx\/index.php\/2021\/09\/10\/j-balvin-lanza-su-nuevo-album-jose\/","url_meta":{"origin":53939,"position":0},"title":"J Balv\u00edn lanza su nuevo \u00e1lbum \u201cJose\u201d","author":"zeromagazinemx","date":"10 de septiembre de 2021","format":false,"excerpt":"J Balvin logra el 31\u00b0 n\u00famero uno en la historia de Latin Ariplay, empatando el record de m\u00e1s n\u00famero 1 de todos los tiempos. @TEOGRAPH Por Moises Kushelevich J Balvin lanza su esperado quinto \u00e1lbum de estudio \u201cJose\u201d que se encuentra ya disponible en todo el mundo. El nombre del\u2026","rel":"","context":"En \u00abBlog\u00bb","block_context":{"text":"Blog","link":"https:\/\/zeromagazine.mx\/index.php\/category\/blog\/"},"img":{"alt_text":"","src":"","width":0,"height":0},"classes":[]},{"id":105184,"url":"https:\/\/zeromagazine.mx\/index.php\/2025\/05\/27\/my-chemical-romance-su-nueva-fecha-en-mexico\/","url_meta":{"origin":53939,"position":1},"title":"My Chemical Romance &amp; Su Nueva Fecha En M\u00e9xico","author":"David Morales","date":"27 de mayo de 2025","format":false,"excerpt":"Si pensabas que el emo hab\u00eda muerto, guess what, resucit\u00f3 y viene con toda la nostalgia noventera. My Chemical Romance acaba de confirmar una segunda fecha en CDMX y quienes sobrevivimos a los delineadores corridos del 2006 estamos llorando glitter y delineador negro. La banda liderada por Gerard Way se\u2026","rel":"","context":"En \u00abEntretenimiento\u00bb","block_context":{"text":"Entretenimiento","link":"https:\/\/zeromagazine.mx\/index.php\/category\/entretenimiento\/"},"img":{"alt_text":"","src":"https:\/\/i0.wp.com\/zeromagazine.mx\/wp-content\/uploads\/2025\/05\/My-Chemical-Romance_artes-Venta-General_fb_1200x628px.jpg?fit=1200%2C628&ssl=1&resize=350%2C200","width":350,"height":200,"srcset":"https:\/\/i0.wp.com\/zeromagazine.mx\/wp-content\/uploads\/2025\/05\/My-Chemical-Romance_artes-Venta-General_fb_1200x628px.jpg?fit=1200%2C628&ssl=1&resize=350%2C200 1x, https:\/\/i0.wp.com\/zeromagazine.mx\/wp-content\/uploads\/2025\/05\/My-Chemical-Romance_artes-Venta-General_fb_1200x628px.jpg?fit=1200%2C628&ssl=1&resize=525%2C300 1.5x, https:\/\/i0.wp.com\/zeromagazine.mx\/wp-content\/uploads\/2025\/05\/My-Chemical-Romance_artes-Venta-General_fb_1200x628px.jpg?fit=1200%2C628&ssl=1&resize=700%2C400 2x, https:\/\/i0.wp.com\/zeromagazine.mx\/wp-content\/uploads\/2025\/05\/My-Chemical-Romance_artes-Venta-General_fb_1200x628px.jpg?fit=1200%2C628&ssl=1&resize=1050%2C600 3x"},"classes":[]},{"id":52211,"url":"https:\/\/zeromagazine.mx\/index.php\/2021\/08\/16\/sebastian-yatra-presenta-su-nuevo-sencillo-delincuente-con-jhay-cortez\/","url_meta":{"origin":53939,"position":2},"title":"Sebastian Yatra presenta su nuevo sencillo \u201cDelincuente\u201d con Jhay Cortez","author":"zeromagazinemx","date":"16 de agosto de 2021","format":false,"excerpt":"El sencillo ya es el n\u00famero uno en la radio de Estados Unidos y Puerto Rico, adem\u00e1s podr\u00e1s verlo en gira con Ricky Martin y Enrique Iglesias desde el 25 de septiembre. Por Moises Kushelevich Sebasti\u00e1n Yatra marca su territorio como una voz l\u00edder en la m\u00fasica, entregando un \u00e9xito\u2026","rel":"","context":"En \u00abEntretenimiento\u00bb","block_context":{"text":"Entretenimiento","link":"https:\/\/zeromagazine.mx\/index.php\/category\/entretenimiento\/"},"img":{"alt_text":"","src":"https:\/\/i0.wp.com\/img.youtube.com\/vi\/0tGMCGRBFvI\/0.jpg?resize=350%2C200","width":350,"height":200},"classes":[]},{"id":114166,"url":"https:\/\/zeromagazine.mx\/index.php\/2026\/01\/25\/harry-styles-mexico-estadio-gnp-2026\/","url_meta":{"origin":53939,"position":3},"title":"\u00a1HARRY STYLES REGRESA A M\u00c9XICO CON DOS NOCHES EN EL ESTADIO GNP SEGUROS!","author":"David Morales","date":"25 de enero de 2026","format":false,"excerpt":"Despu\u00e9s de meses de rumores, teor\u00edas en TikTok y cuentas regresivas no oficiales,\u00a0Harry Styles M\u00e9xico\u00a0es por fin una realidad. El artista brit\u00e1nico confirma su esperado regreso con\u00a0dos noches \u00e9picas en el Estadio GNP Seguros, los pr\u00f3ximos\u00a031 de julio y 1 de agosto, y s\u00ed: la emoci\u00f3n colectiva ya est\u00e1 fuera\u2026","rel":"","context":"En \u00abBlog\u00bb","block_context":{"text":"Blog","link":"https:\/\/zeromagazine.mx\/index.php\/category\/blog\/"},"img":{"alt_text":"","src":"https:\/\/i0.wp.com\/zeromagazine.mx\/wp-content\/uploads\/2026\/01\/IMG_1141.jpeg?fit=1200%2C675&ssl=1&resize=350%2C200","width":350,"height":200,"srcset":"https:\/\/i0.wp.com\/zeromagazine.mx\/wp-content\/uploads\/2026\/01\/IMG_1141.jpeg?fit=1200%2C675&ssl=1&resize=350%2C200 1x, https:\/\/i0.wp.com\/zeromagazine.mx\/wp-content\/uploads\/2026\/01\/IMG_1141.jpeg?fit=1200%2C675&ssl=1&resize=525%2C300 1.5x, https:\/\/i0.wp.com\/zeromagazine.mx\/wp-content\/uploads\/2026\/01\/IMG_1141.jpeg?fit=1200%2C675&ssl=1&resize=700%2C400 2x, https:\/\/i0.wp.com\/zeromagazine.mx\/wp-content\/uploads\/2026\/01\/IMG_1141.jpeg?fit=1200%2C675&ssl=1&resize=1050%2C600 3x"},"classes":[]},{"id":56565,"url":"https:\/\/zeromagazine.mx\/index.php\/2021\/10\/22\/sebastian-yatra-presenta-su-nuevo-sencillo-tacones-rojos\/","url_meta":{"origin":53939,"position":4},"title":"SEBASTI\u00c1N YATRA PRESENTA SU NUEVO SENCILLO \u00abTACONES ROJOS\u00bb","author":"zeromagazinemx","date":"22 de octubre de 2021","format":false,"excerpt":"EL VIDEO OFICIAL ES PROTAGONIZADO POR LA ACTRIZ ESPA\u00d1OLA Y ARTISTA MULTIPLATINO CLARA GALLE, FILMADO EN EL PALACIO FERNAN NU\u00d1EZ EN MADRID DE GIRA CON RICKY MARTIN & ENRIQUE IGLESIAS EN NORTEAM\u00c9RICA Por Universal Music Group El talentoso y exitoso Sebasti\u00e1n Yatra (@SebastianYatra), estrena su nuevo sencillo: \u201cTacones Rojos\u201d. Presentado\u2026","rel":"","context":"En \u00abBlog\u00bb","block_context":{"text":"Blog","link":"https:\/\/zeromagazine.mx\/index.php\/category\/blog\/"},"img":{"alt_text":"","src":"https:\/\/i0.wp.com\/zeromagazinemx.wpcomstaging.com\/wp-content\/uploads\/2022\/02\/08cf0-captura-1.png?resize=350%2C200&ssl=1","width":350,"height":200,"srcset":"https:\/\/i0.wp.com\/zeromagazinemx.wpcomstaging.com\/wp-content\/uploads\/2022\/02\/08cf0-captura-1.png?resize=350%2C200&ssl=1 1x, https:\/\/i0.wp.com\/zeromagazinemx.wpcomstaging.com\/wp-content\/uploads\/2022\/02\/08cf0-captura-1.png?resize=525%2C300&ssl=1 1.5x, https:\/\/i0.wp.com\/zeromagazinemx.wpcomstaging.com\/wp-content\/uploads\/2022\/02\/08cf0-captura-1.png?resize=700%2C400&ssl=1 2x"},"classes":[]},{"id":81840,"url":"https:\/\/zeromagazine.mx\/index.php\/2024\/08\/14\/shawn-mendes-lanza-nuevo-sencillo\/","url_meta":{"origin":53939,"position":5},"title":"Shawn: \u00a1Nuevo Single &#8216;Why Why Why&#8217;!","author":"zeromagazinemx","date":"14 de agosto de 2024","format":false,"excerpt":"\u00a1Hey Mendes Army! \u00bfYa escucharon las nuevas rolas de Shawn Mendes? Porque si no, est\u00e1n missing out. Hace un par de d\u00edas, el cantante, compositor multiplatino y nominado al GRAMMY, lanz\u00f3 su sencillo principal titulado \"Why Why Why\" y tambi\u00e9n la canci\u00f3n \"Isn't That Enough\" de su pr\u00f3ximo \u00e1lbum, \"Shawn\".\u2026","rel":"","context":"En \u00abEntretenimiento\u00bb","block_context":{"text":"Entretenimiento","link":"https:\/\/zeromagazine.mx\/index.php\/category\/entretenimiento\/"},"img":{"alt_text":"","src":"https:\/\/i0.wp.com\/zeromagazine.mx\/wp-content\/uploads\/2024\/08\/WhatsApp-Image-2024-08-13-at-7.21.12-PM.jpeg?fit=1200%2C1200&ssl=1&resize=350%2C200","width":350,"height":200,"srcset":"https:\/\/i0.wp.com\/zeromagazine.mx\/wp-content\/uploads\/2024\/08\/WhatsApp-Image-2024-08-13-at-7.21.12-PM.jpeg?fit=1200%2C1200&ssl=1&resize=350%2C200 1x, https:\/\/i0.wp.com\/zeromagazine.mx\/wp-content\/uploads\/2024\/08\/WhatsApp-Image-2024-08-13-at-7.21.12-PM.jpeg?fit=1200%2C1200&ssl=1&resize=525%2C300 1.5x, https:\/\/i0.wp.com\/zeromagazine.mx\/wp-content\/uploads\/2024\/08\/WhatsApp-Image-2024-08-13-at-7.21.12-PM.jpeg?fit=1200%2C1200&ssl=1&resize=700%2C400 2x, https:\/\/i0.wp.com\/zeromagazine.mx\/wp-content\/uploads\/2024\/08\/WhatsApp-Image-2024-08-13-at-7.21.12-PM.jpeg?fit=1200%2C1200&ssl=1&resize=1050%2C600 3x"},"classes":[]}],"jetpack_sharing_enabled":true,"builder_content":"","_links":{"self":[{"href":"https:\/\/zeromagazine.mx\/index.php\/wp-json\/wp\/v2\/posts\/53939","targetHints":{"allow":["GET"]}}],"collection":[{"href":"https:\/\/zeromagazine.mx\/index.php\/wp-json\/wp\/v2\/posts"}],"about":[{"href":"https:\/\/zeromagazine.mx\/index.php\/wp-json\/wp\/v2\/types\/post"}],"author":[{"embeddable":true,"href":"https:\/\/zeromagazine.mx\/index.php\/wp-json\/wp\/v2\/users\/2"}],"replies":[{"embeddable":true,"href":"https:\/\/zeromagazine.mx\/index.php\/wp-json\/wp\/v2\/comments?post=53939"}],"version-history":[{"count":0,"href":"https:\/\/zeromagazine.mx\/index.php\/wp-json\/wp\/v2\/posts\/53939\/revisions"}],"wp:featuredmedia":[{"embeddable":true,"href":"https:\/\/zeromagazine.mx\/index.php\/wp-json\/"}],"wp:attachment":[{"href":"https:\/\/zeromagazine.mx\/index.php\/wp-json\/wp\/v2\/media?parent=53939"}],"wp:term":[{"taxonomy":"category","embeddable":true,"href":"https:\/\/zeromagazine.mx\/index.php\/wp-json\/wp\/v2\/categories?post=53939"},{"taxonomy":"post_tag","embeddable":true,"href":"https:\/\/zeromagazine.mx\/index.php\/wp-json\/wp\/v2\/tags?post=53939"}],"curies":[{"name":"wp","href":"https:\/\/api.w.org\/{rel}","templated":true}]}}