{"id":54004,"date":"2021-08-30T12:00:00","date_gmt":"2021-08-30T17:00:00","guid":{"rendered":"https:\/\/atomic-temporary-84115225.wpcomstaging.com\/?p=54004"},"modified":"2021-08-30T12:00:00","modified_gmt":"2021-08-30T17:00:00","slug":"conoce-el-tipo-de-afeitado-que-deberias-llevar-de-acuerdo-a-tu-tipo-de-piel","status":"publish","type":"post","link":"https:\/\/zeromagazine.mx\/index.php\/2021\/08\/30\/conoce-el-tipo-de-afeitado-que-deberias-llevar-de-acuerdo-a-tu-tipo-de-piel\/","title":{"rendered":"Conoce el tipo de afeitado que deber\u00edas llevar de acuerdo a tu tipo de piel"},"content":{"rendered":"\n<p><strong>Gillette<\/strong> presenta 4 opciones de rasurado que todo hombre deber\u00eda llevar de acuerdo a su tipo de <em>piel, gustos y estilo de vida<\/em>.<\/p>\n\n\n\n<div class=\"wp-block-image\"><figure class=\"aligncenter size-full is-resized\"><a href=\"https:\/\/i0.wp.com\/zeromagazinemx.wpcomstaging.com\/wp-content\/uploads\/2022\/02\/72c0d-pexels-photo-6628291.jpeg?ssl=1\"><img data-recalc-dims=\"1\" decoding=\"async\" src=\"https:\/\/i0.wp.com\/zeromagazinemx.wpcomstaging.com\/wp-content\/uploads\/2022\/02\/72c0d-pexels-photo-6628291.jpeg?resize=586%2C878&#038;ssl=1\" alt=\"nature fashion man people\" class=\"wp-image-54055\" width=\"586\" height=\"878\" \/><\/a><figcaption>Photo by cottonbro on <a href=\"https:\/\/www.pexels.com\/photo\/nature-fashion-man-people-6628291\/\" rel=\"nofollow\">Pexels.com<\/a><\/figcaption><\/figure><\/div>\n\n\n\n<div class=\"wp-block-buttons is-layout-flex wp-block-buttons-is-layout-flex\">\n<div class=\"wp-block-button is-style-outline is-style-outline--1\"><a class=\"wp-block-button__link\">Por Mayra Torres<\/a><\/div>\n<\/div>\n\n\n\n<ul class=\"wp-block-list\"><li><strong>Cara en forma cuadrada<\/strong>.<\/li><\/ul>\n\n\n\n<p>Este tipo de rostro se distingue por sus \u00e1ngulos bien marcados justo a la altura de la mand\u00edbula, la frente y las sienes, por lo que se recomienda un estilo de barba media en donde la atenci\u00f3n este en ment\u00f3n y alrededor de la boca. Para un <em>estilo pulcro af\u00e9itate<\/em> con <strong>Gillette MACH 3 Aqua Grip<\/strong> que te da un control total gracias a su mango dise\u00f1ado para que lo uses seco o mojado.<\/p>\n\n\n\n<figure class=\"wp-block-image size-large coblocks-animate\"><a href=\"https:\/\/i0.wp.com\/zeromagazinemx.wpcomstaging.com\/wp-content\/uploads\/2022\/02\/ae8c0-mach3aquagrip.png?ssl=1\"><img data-recalc-dims=\"1\" decoding=\"async\" src=\"https:\/\/i0.wp.com\/zeromagazinemx.wpcomstaging.com\/wp-content\/uploads\/2022\/02\/ae8c0-mach3aquagrip.png?w=1165&#038;ssl=1\" alt=\"\" class=\"wp-image-54006\" \/><\/a><\/figure>\n\n\n\n\n\n<ul class=\"wp-block-list\"><li><strong>Cara en forma redonda<\/strong>.<\/li><\/ul>\n\n\n\n<p>Para este tipo de rostro el mejor estilo es afinar y alargar las facciones con una barba que te ayude a crear mayores \u00e1ngulos como la barba larga o XXL. Para mantenerla estilizada puedes recortar los vellos que sobresales y alinear con la afeitadora <strong>Gillette MACH 3 Turbo<\/strong> que tiene tres hojas mas afiladas y mega banda lubricante de larga duraci\u00f3n.<\/p>\n\n\n\n<figure class=\"wp-block-image size-large coblocks-animate\"><a href=\"https:\/\/i0.wp.com\/zeromagazinemx.wpcomstaging.com\/wp-content\/uploads\/2022\/02\/ada3f-mach3turbo.png?ssl=1\"><img data-recalc-dims=\"1\" decoding=\"async\" src=\"https:\/\/i0.wp.com\/zeromagazinemx.wpcomstaging.com\/wp-content\/uploads\/2022\/02\/ada3f-mach3turbo.png?w=1165&#038;ssl=1\" alt=\"\" class=\"wp-image-54008\" \/><\/a><\/figure>\n\n\n\n\n\n<ul class=\"wp-block-list\"><li><strong>Cara en forma de trapecio.<\/strong><\/li><\/ul>\n\n\n\n<p>Para rostros con frente angosta, p\u00f3mulos poco marcados, mand\u00edbula prominente y barbilla redondeada, el mejor estilo que les favorece es utilizando un bigote mayormente poblado. La afeitadora <strong>Gillette MACH 3 Sensitive<\/strong> es ideal para lograr una afeitada mas al ras y con menos irritaci\u00f3n ya que cuenta con una banda extra lubricante con un toque de aloe y diez micro-tensores que estiran la piel.<\/p>\n\n\n\n<figure class=\"wp-block-image size-large coblocks-animate\"><a href=\"https:\/\/i0.wp.com\/zeromagazinemx.wpcomstaging.com\/wp-content\/uploads\/2022\/02\/cb8bf-mach3sensitive.png?ssl=1\"><img data-recalc-dims=\"1\" decoding=\"async\" src=\"https:\/\/i0.wp.com\/zeromagazinemx.wpcomstaging.com\/wp-content\/uploads\/2022\/02\/cb8bf-mach3sensitive.png?w=1165&#038;ssl=1\" alt=\"\" class=\"wp-image-54007\" \/><\/a><\/figure>\n\n\n\n\n\n<ul class=\"wp-block-list\"><li><strong>Cara en forma alargada.<\/strong><\/li><\/ul>\n\n\n\n<p>Un rostro delgado sin \u00e1ngulos muy prominentes per con mucha longitud desde el nacimiento del cabello hasta la barbilla y el mejor estilo para este rostro va desde una barba de 3 dias hasta un look baby fase. Usa la espuma para afeitar <strong>Gillette foamy sensitive<\/strong> y retira el vello con un rastrillo que se adapte a lo que necesitas.<\/p>\n\n\n\n<p>Ahora que conoces tu rutina ideal participa con nosotros, tenemos<strong> 5 kits de Gillette<\/strong>, para que puedas tener el mejor afeitado. Para ser uno de los<strong> 5 ganadores<\/strong>, deber\u00e1s enviar un correo a <strong>zeromagazine01@gmail.com<\/strong> con el asunto \u00ab<strong>El Mejor Afeitado es con Gillette<\/strong>\u00bb donde nos digas <strong>\u00bfCu\u00e1ntos a\u00f1os cumple Zero Magazine Mx? Y \u00bfCu\u00e1l es la mejor marca para afeitarte?<\/strong><\/p>\n\n\n\n<p>Los primeros<strong> 5<\/strong> en enviar las respuestas correctas ser\u00e1n los <strong>GANADORES.<\/strong><\/p>\n\n\n\n<p>Para participar deber\u00e1s ser mayor de 18 a\u00f1os, y tener posibilidad de recoger tu premio en nuestras oficinas ubicadas en la <em>colonia Roma Norte<\/em> (<em>la direcci\u00f3n completa, as\u00ed como el horario y fecha para su entrega se proporcionar\u00e1n una vez que hayas sido uno de los 5 correos ganadores<\/em>).<\/p>\n\n\n<!--themify_builder_content-->\n<div id=\"themify_builder_content-54004\" data-postid=\"54004\" class=\"themify_builder_content themify_builder_content-54004 themify_builder tf_clear\">\n    <\/div>\n<!--\/themify_builder_content-->\n","protected":false},"excerpt":{"rendered":"<p>Gillette presenta 4 opciones de rasurado que todo hombre deber\u00eda llevar de acuerdo a su tipo de piel, gustos y estilo de vida. Cara en forma cuadrada. Este tipo de rostro se distingue por sus \u00e1ngulos bien marcados justo a la altura de la mand\u00edbula, la frente y las sienes, por lo que se recomienda [&hellip;]<\/p>\n","protected":false},"author":2,"featured_media":0,"comment_status":"open","ping_status":"open","sticky":false,"template":"","format":"standard","meta":{"_jetpack_memberships_contains_paid_content":false,"footnotes":"","jetpack_publicize_message":"","jetpack_publicize_feature_enabled":true,"jetpack_social_post_already_shared":true,"jetpack_social_options":{"image_generator_settings":{"template":"highway","default_image_id":0,"font":"","enabled":false},"version":2}},"categories":[45,63],"tags":[3883,3884,3886,3887,3888],"class_list":["post-54004","post","type-post","status-publish","format-standard","hentry","category-bienestar","category-lifestyle","tag-gillette","tag-gillette-foamy-sensitive","tag-gillette-mach-3-aqua-grip","tag-gillette-mach-3-sensitive","tag-gillette-mach-3-turbo","has-post-title","has-post-date","has-post-category","has-post-tag","has-post-comment","has-post-author",""],"yoast_head":"<!-- This site is optimized with the Yoast SEO plugin v27.5 - https:\/\/yoast.com\/product\/yoast-seo-wordpress\/ -->\n<title>Conoce el tipo de afeitado que deber\u00edas llevar de acuerdo a tu tipo de piel - Zero Magazine<\/title>\n<meta name=\"robots\" content=\"index, follow, max-snippet:-1, max-image-preview:large, max-video-preview:-1\" \/>\n<link rel=\"canonical\" href=\"https:\/\/zeromagazine.mx\/index.php\/2021\/08\/30\/conoce-el-tipo-de-afeitado-que-deberias-llevar-de-acuerdo-a-tu-tipo-de-piel\/\" \/>\n<meta property=\"og:locale\" content=\"es_ES\" \/>\n<meta property=\"og:type\" content=\"article\" \/>\n<meta property=\"og:title\" content=\"Conoce el tipo de afeitado que deber\u00edas llevar de acuerdo a tu tipo de piel - Zero Magazine\" \/>\n<meta property=\"og:description\" content=\"Gillette presenta 4 opciones de rasurado que todo hombre deber\u00eda llevar de acuerdo a su tipo de piel, gustos y estilo de vida. Cara en forma cuadrada. Este tipo de rostro se distingue por sus \u00e1ngulos bien marcados justo a la altura de la mand\u00edbula, la frente y las sienes, por lo que se recomienda [&hellip;]\" \/>\n<meta property=\"og:url\" content=\"https:\/\/zeromagazine.mx\/index.php\/2021\/08\/30\/conoce-el-tipo-de-afeitado-que-deberias-llevar-de-acuerdo-a-tu-tipo-de-piel\/\" \/>\n<meta property=\"og:site_name\" content=\"Zero Magazine\" \/>\n<meta property=\"article:published_time\" content=\"2021-08-30T17:00:00+00:00\" \/>\n<meta property=\"og:image\" content=\"https:\/\/zeromagazinemx.wpcomstaging.com\/wp-content\/uploads\/2022\/02\/72c0d-pexels-photo-6628291.jpeg\" \/>\n<meta name=\"author\" content=\"zeromagazinemx\" \/>\n<meta name=\"twitter:card\" content=\"summary_large_image\" \/>\n<meta name=\"twitter:label1\" content=\"Escrito por\" \/>\n\t<meta name=\"twitter:data1\" content=\"zeromagazinemx\" \/>\n\t<meta name=\"twitter:label2\" content=\"Tiempo de lectura\" \/>\n\t<meta name=\"twitter:data2\" content=\"2 minutos\" \/>\n<script type=\"application\/ld+json\" class=\"yoast-schema-graph\">{\"@context\":\"https:\\\/\\\/schema.org\",\"@graph\":[{\"@type\":\"Article\",\"@id\":\"https:\\\/\\\/zeromagazine.mx\\\/index.php\\\/2021\\\/08\\\/30\\\/conoce-el-tipo-de-afeitado-que-deberias-llevar-de-acuerdo-a-tu-tipo-de-piel\\\/#article\",\"isPartOf\":{\"@id\":\"https:\\\/\\\/zeromagazine.mx\\\/index.php\\\/2021\\\/08\\\/30\\\/conoce-el-tipo-de-afeitado-que-deberias-llevar-de-acuerdo-a-tu-tipo-de-piel\\\/\"},\"author\":{\"name\":\"zeromagazinemx\",\"@id\":\"https:\\\/\\\/zeromagazine.mx\\\/#\\\/schema\\\/person\\\/9aed9f33a7c39af3a348b86d723f7773\"},\"headline\":\"Conoce el tipo de afeitado que deber\u00edas llevar de acuerdo a tu tipo de piel\",\"datePublished\":\"2021-08-30T17:00:00+00:00\",\"mainEntityOfPage\":{\"@id\":\"https:\\\/\\\/zeromagazine.mx\\\/index.php\\\/2021\\\/08\\\/30\\\/conoce-el-tipo-de-afeitado-que-deberias-llevar-de-acuerdo-a-tu-tipo-de-piel\\\/\"},\"wordCount\":455,\"commentCount\":0,\"publisher\":{\"@id\":\"https:\\\/\\\/zeromagazine.mx\\\/#organization\"},\"image\":{\"@id\":\"https:\\\/\\\/zeromagazine.mx\\\/index.php\\\/2021\\\/08\\\/30\\\/conoce-el-tipo-de-afeitado-que-deberias-llevar-de-acuerdo-a-tu-tipo-de-piel\\\/#primaryimage\"},\"thumbnailUrl\":\"https:\\\/\\\/zeromagazinemx.wpcomstaging.com\\\/wp-content\\\/uploads\\\/2022\\\/02\\\/72c0d-pexels-photo-6628291.jpeg\",\"keywords\":[\"Gillette\",\"Gillette foamy sensitive\",\"Gillette MACH 3 Aqua Grip\",\"Gillette MACH 3 Sensitive\",\"Gillette MACH 3 Turbo\"],\"articleSection\":[\"Bienestar\",\"Lifestyle\"],\"inLanguage\":\"es\",\"potentialAction\":[{\"@type\":\"CommentAction\",\"name\":\"Comment\",\"target\":[\"https:\\\/\\\/zeromagazine.mx\\\/index.php\\\/2021\\\/08\\\/30\\\/conoce-el-tipo-de-afeitado-que-deberias-llevar-de-acuerdo-a-tu-tipo-de-piel\\\/#respond\"]}]},{\"@type\":\"WebPage\",\"@id\":\"https:\\\/\\\/zeromagazine.mx\\\/index.php\\\/2021\\\/08\\\/30\\\/conoce-el-tipo-de-afeitado-que-deberias-llevar-de-acuerdo-a-tu-tipo-de-piel\\\/\",\"url\":\"https:\\\/\\\/zeromagazine.mx\\\/index.php\\\/2021\\\/08\\\/30\\\/conoce-el-tipo-de-afeitado-que-deberias-llevar-de-acuerdo-a-tu-tipo-de-piel\\\/\",\"name\":\"Conoce el tipo de afeitado que deber\u00edas llevar de acuerdo a tu tipo de piel - Zero Magazine\",\"isPartOf\":{\"@id\":\"https:\\\/\\\/zeromagazine.mx\\\/#website\"},\"primaryImageOfPage\":{\"@id\":\"https:\\\/\\\/zeromagazine.mx\\\/index.php\\\/2021\\\/08\\\/30\\\/conoce-el-tipo-de-afeitado-que-deberias-llevar-de-acuerdo-a-tu-tipo-de-piel\\\/#primaryimage\"},\"image\":{\"@id\":\"https:\\\/\\\/zeromagazine.mx\\\/index.php\\\/2021\\\/08\\\/30\\\/conoce-el-tipo-de-afeitado-que-deberias-llevar-de-acuerdo-a-tu-tipo-de-piel\\\/#primaryimage\"},\"thumbnailUrl\":\"https:\\\/\\\/zeromagazinemx.wpcomstaging.com\\\/wp-content\\\/uploads\\\/2022\\\/02\\\/72c0d-pexels-photo-6628291.jpeg\",\"datePublished\":\"2021-08-30T17:00:00+00:00\",\"breadcrumb\":{\"@id\":\"https:\\\/\\\/zeromagazine.mx\\\/index.php\\\/2021\\\/08\\\/30\\\/conoce-el-tipo-de-afeitado-que-deberias-llevar-de-acuerdo-a-tu-tipo-de-piel\\\/#breadcrumb\"},\"inLanguage\":\"es\",\"potentialAction\":[{\"@type\":\"ReadAction\",\"target\":[\"https:\\\/\\\/zeromagazine.mx\\\/index.php\\\/2021\\\/08\\\/30\\\/conoce-el-tipo-de-afeitado-que-deberias-llevar-de-acuerdo-a-tu-tipo-de-piel\\\/\"]}]},{\"@type\":\"ImageObject\",\"inLanguage\":\"es\",\"@id\":\"https:\\\/\\\/zeromagazine.mx\\\/index.php\\\/2021\\\/08\\\/30\\\/conoce-el-tipo-de-afeitado-que-deberias-llevar-de-acuerdo-a-tu-tipo-de-piel\\\/#primaryimage\",\"url\":\"https:\\\/\\\/zeromagazinemx.wpcomstaging.com\\\/wp-content\\\/uploads\\\/2022\\\/02\\\/72c0d-pexels-photo-6628291.jpeg\",\"contentUrl\":\"https:\\\/\\\/zeromagazinemx.wpcomstaging.com\\\/wp-content\\\/uploads\\\/2022\\\/02\\\/72c0d-pexels-photo-6628291.jpeg\"},{\"@type\":\"BreadcrumbList\",\"@id\":\"https:\\\/\\\/zeromagazine.mx\\\/index.php\\\/2021\\\/08\\\/30\\\/conoce-el-tipo-de-afeitado-que-deberias-llevar-de-acuerdo-a-tu-tipo-de-piel\\\/#breadcrumb\",\"itemListElement\":[{\"@type\":\"ListItem\",\"position\":1,\"name\":\"Portada\",\"item\":\"https:\\\/\\\/zeromagazine.mx\\\/\"},{\"@type\":\"ListItem\",\"position\":2,\"name\":\"Conoce el tipo de afeitado que deber\u00edas llevar de acuerdo a tu tipo de piel\"}]},{\"@type\":\"WebSite\",\"@id\":\"https:\\\/\\\/zeromagazine.mx\\\/#website\",\"url\":\"https:\\\/\\\/zeromagazine.mx\\\/\",\"name\":\"Zero Magazine\",\"description\":\"\",\"publisher\":{\"@id\":\"https:\\\/\\\/zeromagazine.mx\\\/#organization\"},\"potentialAction\":[{\"@type\":\"SearchAction\",\"target\":{\"@type\":\"EntryPoint\",\"urlTemplate\":\"https:\\\/\\\/zeromagazine.mx\\\/?s={search_term_string}\"},\"query-input\":{\"@type\":\"PropertyValueSpecification\",\"valueRequired\":true,\"valueName\":\"search_term_string\"}}],\"inLanguage\":\"es\"},{\"@type\":\"Organization\",\"@id\":\"https:\\\/\\\/zeromagazine.mx\\\/#organization\",\"name\":\"Zero Magazine\",\"url\":\"https:\\\/\\\/zeromagazine.mx\\\/\",\"logo\":{\"@type\":\"ImageObject\",\"inLanguage\":\"es\",\"@id\":\"https:\\\/\\\/zeromagazine.mx\\\/#\\\/schema\\\/logo\\\/image\\\/\",\"url\":\"https:\\\/\\\/i0.wp.com\\\/zeromagazine.mx\\\/wp-content\\\/uploads\\\/2025\\\/11\\\/1.jpeg?fit=1000%2C1000&ssl=1\",\"contentUrl\":\"https:\\\/\\\/i0.wp.com\\\/zeromagazine.mx\\\/wp-content\\\/uploads\\\/2025\\\/11\\\/1.jpeg?fit=1000%2C1000&ssl=1\",\"width\":1000,\"height\":1000,\"caption\":\"Zero Magazine\"},\"image\":{\"@id\":\"https:\\\/\\\/zeromagazine.mx\\\/#\\\/schema\\\/logo\\\/image\\\/\"},\"sameAs\":[\"https:\\\/\\\/instagram.com\\\/zeromagazinemx\"]},{\"@type\":\"Person\",\"@id\":\"https:\\\/\\\/zeromagazine.mx\\\/#\\\/schema\\\/person\\\/9aed9f33a7c39af3a348b86d723f7773\",\"name\":\"zeromagazinemx\",\"image\":{\"@type\":\"ImageObject\",\"inLanguage\":\"es\",\"@id\":\"https:\\\/\\\/zeromagazine.mx\\\/wp-content\\\/litespeed\\\/avatar\\\/f91dfe5410d5dcb1a576bf8c45983896.jpg?ver=1777571230\",\"url\":\"https:\\\/\\\/zeromagazine.mx\\\/wp-content\\\/litespeed\\\/avatar\\\/f91dfe5410d5dcb1a576bf8c45983896.jpg?ver=1777571230\",\"contentUrl\":\"https:\\\/\\\/zeromagazine.mx\\\/wp-content\\\/litespeed\\\/avatar\\\/f91dfe5410d5dcb1a576bf8c45983896.jpg?ver=1777571230\",\"caption\":\"zeromagazinemx\"},\"url\":\"https:\\\/\\\/zeromagazine.mx\\\/index.php\\\/author\\\/zeromagazinemx\\\/\"}]}<\/script>\n<!-- \/ Yoast SEO plugin. -->","yoast_head_json":{"title":"Conoce el tipo de afeitado que deber\u00edas llevar de acuerdo a tu tipo de piel - Zero Magazine","robots":{"index":"index","follow":"follow","max-snippet":"max-snippet:-1","max-image-preview":"max-image-preview:large","max-video-preview":"max-video-preview:-1"},"canonical":"https:\/\/zeromagazine.mx\/index.php\/2021\/08\/30\/conoce-el-tipo-de-afeitado-que-deberias-llevar-de-acuerdo-a-tu-tipo-de-piel\/","og_locale":"es_ES","og_type":"article","og_title":"Conoce el tipo de afeitado que deber\u00edas llevar de acuerdo a tu tipo de piel - Zero Magazine","og_description":"Gillette presenta 4 opciones de rasurado que todo hombre deber\u00eda llevar de acuerdo a su tipo de piel, gustos y estilo de vida. Cara en forma cuadrada. Este tipo de rostro se distingue por sus \u00e1ngulos bien marcados justo a la altura de la mand\u00edbula, la frente y las sienes, por lo que se recomienda [&hellip;]","og_url":"https:\/\/zeromagazine.mx\/index.php\/2021\/08\/30\/conoce-el-tipo-de-afeitado-que-deberias-llevar-de-acuerdo-a-tu-tipo-de-piel\/","og_site_name":"Zero Magazine","article_published_time":"2021-08-30T17:00:00+00:00","og_image":[{"url":"https:\/\/zeromagazinemx.wpcomstaging.com\/wp-content\/uploads\/2022\/02\/72c0d-pexels-photo-6628291.jpeg","type":"","width":"","height":""}],"author":"zeromagazinemx","twitter_card":"summary_large_image","twitter_misc":{"Escrito por":"zeromagazinemx","Tiempo de lectura":"2 minutos"},"schema":{"@context":"https:\/\/schema.org","@graph":[{"@type":"Article","@id":"https:\/\/zeromagazine.mx\/index.php\/2021\/08\/30\/conoce-el-tipo-de-afeitado-que-deberias-llevar-de-acuerdo-a-tu-tipo-de-piel\/#article","isPartOf":{"@id":"https:\/\/zeromagazine.mx\/index.php\/2021\/08\/30\/conoce-el-tipo-de-afeitado-que-deberias-llevar-de-acuerdo-a-tu-tipo-de-piel\/"},"author":{"name":"zeromagazinemx","@id":"https:\/\/zeromagazine.mx\/#\/schema\/person\/9aed9f33a7c39af3a348b86d723f7773"},"headline":"Conoce el tipo de afeitado que deber\u00edas llevar de acuerdo a tu tipo de piel","datePublished":"2021-08-30T17:00:00+00:00","mainEntityOfPage":{"@id":"https:\/\/zeromagazine.mx\/index.php\/2021\/08\/30\/conoce-el-tipo-de-afeitado-que-deberias-llevar-de-acuerdo-a-tu-tipo-de-piel\/"},"wordCount":455,"commentCount":0,"publisher":{"@id":"https:\/\/zeromagazine.mx\/#organization"},"image":{"@id":"https:\/\/zeromagazine.mx\/index.php\/2021\/08\/30\/conoce-el-tipo-de-afeitado-que-deberias-llevar-de-acuerdo-a-tu-tipo-de-piel\/#primaryimage"},"thumbnailUrl":"https:\/\/zeromagazinemx.wpcomstaging.com\/wp-content\/uploads\/2022\/02\/72c0d-pexels-photo-6628291.jpeg","keywords":["Gillette","Gillette foamy sensitive","Gillette MACH 3 Aqua Grip","Gillette MACH 3 Sensitive","Gillette MACH 3 Turbo"],"articleSection":["Bienestar","Lifestyle"],"inLanguage":"es","potentialAction":[{"@type":"CommentAction","name":"Comment","target":["https:\/\/zeromagazine.mx\/index.php\/2021\/08\/30\/conoce-el-tipo-de-afeitado-que-deberias-llevar-de-acuerdo-a-tu-tipo-de-piel\/#respond"]}]},{"@type":"WebPage","@id":"https:\/\/zeromagazine.mx\/index.php\/2021\/08\/30\/conoce-el-tipo-de-afeitado-que-deberias-llevar-de-acuerdo-a-tu-tipo-de-piel\/","url":"https:\/\/zeromagazine.mx\/index.php\/2021\/08\/30\/conoce-el-tipo-de-afeitado-que-deberias-llevar-de-acuerdo-a-tu-tipo-de-piel\/","name":"Conoce el tipo de afeitado que deber\u00edas llevar de acuerdo a tu tipo de piel - Zero Magazine","isPartOf":{"@id":"https:\/\/zeromagazine.mx\/#website"},"primaryImageOfPage":{"@id":"https:\/\/zeromagazine.mx\/index.php\/2021\/08\/30\/conoce-el-tipo-de-afeitado-que-deberias-llevar-de-acuerdo-a-tu-tipo-de-piel\/#primaryimage"},"image":{"@id":"https:\/\/zeromagazine.mx\/index.php\/2021\/08\/30\/conoce-el-tipo-de-afeitado-que-deberias-llevar-de-acuerdo-a-tu-tipo-de-piel\/#primaryimage"},"thumbnailUrl":"https:\/\/zeromagazinemx.wpcomstaging.com\/wp-content\/uploads\/2022\/02\/72c0d-pexels-photo-6628291.jpeg","datePublished":"2021-08-30T17:00:00+00:00","breadcrumb":{"@id":"https:\/\/zeromagazine.mx\/index.php\/2021\/08\/30\/conoce-el-tipo-de-afeitado-que-deberias-llevar-de-acuerdo-a-tu-tipo-de-piel\/#breadcrumb"},"inLanguage":"es","potentialAction":[{"@type":"ReadAction","target":["https:\/\/zeromagazine.mx\/index.php\/2021\/08\/30\/conoce-el-tipo-de-afeitado-que-deberias-llevar-de-acuerdo-a-tu-tipo-de-piel\/"]}]},{"@type":"ImageObject","inLanguage":"es","@id":"https:\/\/zeromagazine.mx\/index.php\/2021\/08\/30\/conoce-el-tipo-de-afeitado-que-deberias-llevar-de-acuerdo-a-tu-tipo-de-piel\/#primaryimage","url":"https:\/\/zeromagazinemx.wpcomstaging.com\/wp-content\/uploads\/2022\/02\/72c0d-pexels-photo-6628291.jpeg","contentUrl":"https:\/\/zeromagazinemx.wpcomstaging.com\/wp-content\/uploads\/2022\/02\/72c0d-pexels-photo-6628291.jpeg"},{"@type":"BreadcrumbList","@id":"https:\/\/zeromagazine.mx\/index.php\/2021\/08\/30\/conoce-el-tipo-de-afeitado-que-deberias-llevar-de-acuerdo-a-tu-tipo-de-piel\/#breadcrumb","itemListElement":[{"@type":"ListItem","position":1,"name":"Portada","item":"https:\/\/zeromagazine.mx\/"},{"@type":"ListItem","position":2,"name":"Conoce el tipo de afeitado que deber\u00edas llevar de acuerdo a tu tipo de piel"}]},{"@type":"WebSite","@id":"https:\/\/zeromagazine.mx\/#website","url":"https:\/\/zeromagazine.mx\/","name":"Zero Magazine","description":"","publisher":{"@id":"https:\/\/zeromagazine.mx\/#organization"},"potentialAction":[{"@type":"SearchAction","target":{"@type":"EntryPoint","urlTemplate":"https:\/\/zeromagazine.mx\/?s={search_term_string}"},"query-input":{"@type":"PropertyValueSpecification","valueRequired":true,"valueName":"search_term_string"}}],"inLanguage":"es"},{"@type":"Organization","@id":"https:\/\/zeromagazine.mx\/#organization","name":"Zero Magazine","url":"https:\/\/zeromagazine.mx\/","logo":{"@type":"ImageObject","inLanguage":"es","@id":"https:\/\/zeromagazine.mx\/#\/schema\/logo\/image\/","url":"https:\/\/i0.wp.com\/zeromagazine.mx\/wp-content\/uploads\/2025\/11\/1.jpeg?fit=1000%2C1000&ssl=1","contentUrl":"https:\/\/i0.wp.com\/zeromagazine.mx\/wp-content\/uploads\/2025\/11\/1.jpeg?fit=1000%2C1000&ssl=1","width":1000,"height":1000,"caption":"Zero Magazine"},"image":{"@id":"https:\/\/zeromagazine.mx\/#\/schema\/logo\/image\/"},"sameAs":["https:\/\/instagram.com\/zeromagazinemx"]},{"@type":"Person","@id":"https:\/\/zeromagazine.mx\/#\/schema\/person\/9aed9f33a7c39af3a348b86d723f7773","name":"zeromagazinemx","image":{"@type":"ImageObject","inLanguage":"es","@id":"https:\/\/zeromagazine.mx\/wp-content\/litespeed\/avatar\/f91dfe5410d5dcb1a576bf8c45983896.jpg?ver=1777571230","url":"https:\/\/zeromagazine.mx\/wp-content\/litespeed\/avatar\/f91dfe5410d5dcb1a576bf8c45983896.jpg?ver=1777571230","contentUrl":"https:\/\/zeromagazine.mx\/wp-content\/litespeed\/avatar\/f91dfe5410d5dcb1a576bf8c45983896.jpg?ver=1777571230","caption":"zeromagazinemx"},"url":"https:\/\/zeromagazine.mx\/index.php\/author\/zeromagazinemx\/"}]}},"jetpack_publicize_connections":[],"jetpack_featured_media_url":"","jetpack-related-posts":[{"id":52294,"url":"https:\/\/zeromagazine.mx\/index.php\/2021\/08\/17\/4-tipos-de-afeitado-segun-tu-tipo-de-cara\/","url_meta":{"origin":54004,"position":0},"title":"4 Tipos de afeitado seg\u00fan tu tipo de cara","author":"zeromagazinemx","date":"17 de agosto de 2021","format":false,"excerpt":"Seguramente te has preguntado qu\u00e9 forma de rasurado deber\u00edas llevar de acuerdo con tu tipo de piel, gustos y estilo de vida pero quiz\u00e1s no tomas en cuenta un factor importante: la forma de tu cara. Por Moises Kushelevich Sin duda la barba sigue siendo una de las mayores caracter\u00edsticas\u2026","rel":"","context":"En \u00abLifestyle\u00bb","block_context":{"text":"Lifestyle","link":"https:\/\/zeromagazine.mx\/index.php\/category\/lifestyle\/"},"img":{"alt_text":"","src":"","width":0,"height":0},"classes":[]},{"id":56081,"url":"https:\/\/zeromagazine.mx\/index.php\/2021\/10\/17\/siente-la-velocidad-con-gillette\/","url_meta":{"origin":54004,"position":1},"title":"Siente\u200c \u200cla\u200c \u200cvelocidad\u200c \u200ccon\u200c \u200cGillette\u00ae\u200c\u00a0","author":"zeromagazinemx","date":"17 de octubre de 2021","format":false,"excerpt":"Tenemos una fecha importante cerca, Red Bull Show Run esta a la vuelta de la esquina y Gillette\u00ae quiere que puedas sentir la experiencia en primera fila. Por Ian Ayala Este evento es una rara experiencia en M\u00e9xico, 2017 fue el a\u00f1o en que 150 mil fan\u00e1ticos en la plancha\u2026","rel":"","context":"En \u00abEntretenimiento\u00bb","block_context":{"text":"Entretenimiento","link":"https:\/\/zeromagazine.mx\/index.php\/category\/entretenimiento\/"},"img":{"alt_text":"","src":"","width":0,"height":0},"classes":[]},{"id":108507,"url":"https:\/\/zeromagazine.mx\/index.php\/2025\/09\/18\/this-is-sensitive-cetaphil\/","url_meta":{"origin":54004,"position":2},"title":"This is Sensitive: cuidar tu piel sin drama","author":"David Morales","date":"18 de septiembre de 2025","format":false,"excerpt":"La neta, cuidar la piel ya no es cosa \u201cde se\u00f1oras\u201d ni de gente obsesionada con el skincare. Hoy somos cada vez m\u00e1s los morros que entendimos que verse bien = sentirse bien. Y s\u00ed, he ca\u00eddo mil veces en hacks de TikTok que prometen piel de porcelana y solo\u2026","rel":"","context":"En \u00abBeauty\u00bb","block_context":{"text":"Beauty","link":"https:\/\/zeromagazine.mx\/index.php\/category\/beauty\/"},"img":{"alt_text":"","src":"https:\/\/i0.wp.com\/zeromagazine.mx\/wp-content\/uploads\/2025\/09\/CREMA-HIDRATANTE-453-F-scaled.jpeg?fit=1200%2C1200&ssl=1&resize=350%2C200","width":350,"height":200,"srcset":"https:\/\/i0.wp.com\/zeromagazine.mx\/wp-content\/uploads\/2025\/09\/CREMA-HIDRATANTE-453-F-scaled.jpeg?fit=1200%2C1200&ssl=1&resize=350%2C200 1x, https:\/\/i0.wp.com\/zeromagazine.mx\/wp-content\/uploads\/2025\/09\/CREMA-HIDRATANTE-453-F-scaled.jpeg?fit=1200%2C1200&ssl=1&resize=525%2C300 1.5x, https:\/\/i0.wp.com\/zeromagazine.mx\/wp-content\/uploads\/2025\/09\/CREMA-HIDRATANTE-453-F-scaled.jpeg?fit=1200%2C1200&ssl=1&resize=700%2C400 2x, https:\/\/i0.wp.com\/zeromagazine.mx\/wp-content\/uploads\/2025\/09\/CREMA-HIDRATANTE-453-F-scaled.jpeg?fit=1200%2C1200&ssl=1&resize=1050%2C600 3x"},"classes":[]},{"id":84336,"url":"https:\/\/zeromagazine.mx\/index.php\/2024\/09\/21\/skin-care-vibes-para-sensitive-queens\/","url_meta":{"origin":54004,"position":3},"title":"\u00abSkin Care Vibes para Sensitive Queens\u00bb","author":"zeromagazinemx","date":"21 de septiembre de 2024","format":false,"excerpt":"Si eres de lxs que sienten que su piel est\u00e1 en un mood s\u00faper random cada d\u00eda, we feel you. Tener piel sensible puede ser todo un drama. Un d\u00eda te levantas glowing like a queen y al otro, boom, tu cara parece un terreno de batalla con irritaci\u00f3n, resequedad,\u2026","rel":"","context":"En \u00abBeauty\u00bb","block_context":{"text":"Beauty","link":"https:\/\/zeromagazine.mx\/index.php\/category\/beauty\/"},"img":{"alt_text":"","src":"https:\/\/i0.wp.com\/zeromagazine.mx\/wp-content\/uploads\/2024\/09\/Master-This-is-sensitive-2024-TS1-IN-2-HRT-HEAD-scaled.jpg?fit=1200%2C675&ssl=1&resize=350%2C200","width":350,"height":200,"srcset":"https:\/\/i0.wp.com\/zeromagazine.mx\/wp-content\/uploads\/2024\/09\/Master-This-is-sensitive-2024-TS1-IN-2-HRT-HEAD-scaled.jpg?fit=1200%2C675&ssl=1&resize=350%2C200 1x, https:\/\/i0.wp.com\/zeromagazine.mx\/wp-content\/uploads\/2024\/09\/Master-This-is-sensitive-2024-TS1-IN-2-HRT-HEAD-scaled.jpg?fit=1200%2C675&ssl=1&resize=525%2C300 1.5x, https:\/\/i0.wp.com\/zeromagazine.mx\/wp-content\/uploads\/2024\/09\/Master-This-is-sensitive-2024-TS1-IN-2-HRT-HEAD-scaled.jpg?fit=1200%2C675&ssl=1&resize=700%2C400 2x, https:\/\/i0.wp.com\/zeromagazine.mx\/wp-content\/uploads\/2024\/09\/Master-This-is-sensitive-2024-TS1-IN-2-HRT-HEAD-scaled.jpg?fit=1200%2C675&ssl=1&resize=1050%2C600 3x"},"classes":[]},{"id":73031,"url":"https:\/\/zeromagazine.mx\/index.php\/2024\/04\/03\/nair-y-los-secretos-naturales-de-la-depilacion\/","url_meta":{"origin":54004,"position":4},"title":"Nair y los Secretos Naturales de la Depilaci\u00f3n","author":"zeromagazinemx","date":"3 de abril de 2024","format":false,"excerpt":"La primavera est\u00e1 aqu\u00ed y sabemos que eso significa que la temperatura se eleva y la ropa m\u00e1s ligera sale de los armarios. Pero, \u00bfsabes qu\u00e9 m\u00e1s trae consigo la primavera? \u00a1S\u00ed, la depilaci\u00f3n se vuelve una necesidad a\u00fan m\u00e1s apremiante! Sin embargo, con el aumento de exposici\u00f3n al sol,\u2026","rel":"","context":"En \u00abBienestar\u00bb","block_context":{"text":"Bienestar","link":"https:\/\/zeromagazine.mx\/index.php\/category\/lifestyle\/bienestar\/"},"img":{"alt_text":"","src":"https:\/\/i0.wp.com\/zeromagazine.mx\/wp-content\/uploads\/2024\/04\/Depilacion-en-primavera-Nair.png?resize=350%2C200&ssl=1","width":350,"height":200},"classes":[]},{"id":117874,"url":"https:\/\/zeromagazine.mx\/index.php\/2026\/04\/06\/presley-regier-sensitive-to-the-room-ep\/","url_meta":{"origin":54004,"position":5},"title":"Presley Regier nuevo artista pop apoyado por Tate McRae &#8211; Nuevo EP producido por productor de Addison Rae","author":"David Morales","date":"6 de abril de 2026","format":false,"excerpt":"Entre sintetizadores nost\u00e1lgicos y letras vulnerables, una nueva estrella est\u00e1 redefiniendo lo que significa hacer pop hoy. Hay artistas que suenan bien\u2026 y otros que\u00a0se sienten.\u00a0Presley Regier\u00a0definitivamente pertenece a la segunda categor\u00eda. Con el anuncio de su nuevo proyecto\u00a0Sensitive To The Room, disponible el 24 de abril, queda claro que\u2026","rel":"","context":"En \u00abEntretenimiento\u00bb","block_context":{"text":"Entretenimiento","link":"https:\/\/zeromagazine.mx\/index.php\/category\/entretenimiento\/"},"img":{"alt_text":"Presley Regier en est\u00e9tica alt pop promocionando Sensitive To The Room","src":"https:\/\/i0.wp.com\/zeromagazine.mx\/wp-content\/uploads\/2026\/04\/IMG_1991-1.jpeg?fit=481%2C293&ssl=1&resize=350%2C200","width":350,"height":200},"classes":[]}],"jetpack_sharing_enabled":true,"builder_content":"","_links":{"self":[{"href":"https:\/\/zeromagazine.mx\/index.php\/wp-json\/wp\/v2\/posts\/54004","targetHints":{"allow":["GET"]}}],"collection":[{"href":"https:\/\/zeromagazine.mx\/index.php\/wp-json\/wp\/v2\/posts"}],"about":[{"href":"https:\/\/zeromagazine.mx\/index.php\/wp-json\/wp\/v2\/types\/post"}],"author":[{"embeddable":true,"href":"https:\/\/zeromagazine.mx\/index.php\/wp-json\/wp\/v2\/users\/2"}],"replies":[{"embeddable":true,"href":"https:\/\/zeromagazine.mx\/index.php\/wp-json\/wp\/v2\/comments?post=54004"}],"version-history":[{"count":0,"href":"https:\/\/zeromagazine.mx\/index.php\/wp-json\/wp\/v2\/posts\/54004\/revisions"}],"wp:attachment":[{"href":"https:\/\/zeromagazine.mx\/index.php\/wp-json\/wp\/v2\/media?parent=54004"}],"wp:term":[{"taxonomy":"category","embeddable":true,"href":"https:\/\/zeromagazine.mx\/index.php\/wp-json\/wp\/v2\/categories?post=54004"},{"taxonomy":"post_tag","embeddable":true,"href":"https:\/\/zeromagazine.mx\/index.php\/wp-json\/wp\/v2\/tags?post=54004"}],"curies":[{"name":"wp","href":"https:\/\/api.w.org\/{rel}","templated":true}]}}