{"id":54873,"date":"2021-09-18T13:00:00","date_gmt":"2021-09-18T18:00:00","guid":{"rendered":"https:\/\/atomic-temporary-84115225.wpcomstaging.com\/?p=54873"},"modified":"2021-09-18T13:00:00","modified_gmt":"2021-09-18T18:00:00","slug":"hbo-max-celebra-el-mes-patrio-con-dos-producciones","status":"publish","type":"post","link":"https:\/\/zeromagazine.mx\/index.php\/2021\/09\/18\/hbo-max-celebra-el-mes-patrio-con-dos-producciones\/","title":{"rendered":"HBO\u200c \u200cMax\u200c \u200ccelebra\u200c \u200cel\u200c \u200cmes\u200c \u200cpatrio\u200c \u200ccon\u200c \u200cdos\u200c \u200cproducciones\u200c"},"content":{"rendered":"\n<p>\u201c<strong>Un Mundo Raro<\/strong>\u201d y \u201c<strong>Enigma Guadalupe<\/strong>\u201d son las dos nuevas producciones mexicanas de ficci\u00f3n llenas de m\u00fasica, arqueolog\u00eda, personas, cultura e historias.<\/p>\n\n\n\n<div class=\"wp-block-image coblocks-animate\"><figure class=\"aligncenter size-large\"><a href=\"https:\/\/i0.wp.com\/zeromagazinemx.wpcomstaging.com\/wp-content\/uploads\/2022\/02\/fb599-1619682456_hbo-max-logo.png?ssl=1\"><img data-recalc-dims=\"1\" decoding=\"async\" src=\"https:\/\/i0.wp.com\/zeromagazinemx.wpcomstaging.com\/wp-content\/uploads\/2022\/02\/fb599-1619682456_hbo-max-logo.png?w=1165&#038;ssl=1\" alt=\"\" class=\"wp-image-54875\" \/><\/a><\/figure><\/div>\n\n\n\n<div class=\"wp-block-buttons is-layout-flex wp-block-buttons-is-layout-flex\">\n<div class=\"wp-block-button is-style-outline is-style-outline--1\"><a class=\"wp-block-button__link\">Por Moises Kushelevich<\/a><\/div>\n<\/div>\n\n\n\n<p><strong>HBO Max<\/strong> encontr\u00f3 la mejor forma de conmemorar el 200 aniversario de la independencia de nuestro pa\u00eds y es por eso que anunci\u00f3 el desarrollo de dos producciones que abrazan la cultura y tradiciones de <strong>M\u00e9xico<\/strong>.<\/p>\n\n\n\n<p>\u201c<strong>Un Mundo Raro<\/strong>\u201d creada y escrita por <strong>Carlos Algara<\/strong> es un drama inspirado en la m\u00fasica y vida del legendario compositor e int\u00e9rprete mexicano <strong>Jos\u00e9 Alfredo Jim\u00e9nez<\/strong>, famoso por canciones como \u201c<strong>El Rey<\/strong>\u201d. La serie relata como por medio del hechizo de una gitana, <strong>Jos\u00e9 Alfredo <\/strong>intercambia su cuerpo con Luc\u00eda, una veintea\u00f1era del 2021 que no es fan de su obra. Ambos deben adaptarse a una \u00e9poca completamente distinta, sabiendo que las decisiones que tomen pueden cambiar la vida del otro y hasta de un pa\u00eds entero.<\/p>\n\n\n\n<p>\u201c<strong>Enigma Guadalupe<\/strong>\u201d parte de la premisa de un episodio de una novela de <strong>Francisco Ortega<\/strong>, que relata c\u00f3mo\u00a0 un siglo despu\u00e9s del atentado en 1921 contra la <strong>Bas\u00edlica de Guadalupe<\/strong>, un nuevo ataque en contra de este santuario aparentemente destruye la reliquia sagrada m\u00e1s venerada en <strong>M\u00e9xico<\/strong>. Dentro de la narraci\u00f3n, una intr\u00e9pida arque\u00f3loga de m\u00e9todos poco convencionales llamada <strong>Mariana Montenegro<\/strong>, se ve involucrada en el caso y es forzada por los responsables de la agresi\u00f3n para trabajar con ellos y descifrar el secreto detr\u00e1s de la tilma de la <strong>Virgen de Guadalupe.<\/strong><\/p>\n\n\n\n\n<!--themify_builder_content-->\n<div id=\"themify_builder_content-54873\" data-postid=\"54873\" class=\"themify_builder_content themify_builder_content-54873 themify_builder tf_clear\">\n    <\/div>\n<!--\/themify_builder_content-->\n","protected":false},"excerpt":{"rendered":"<p>\u201cUn Mundo Raro\u201d y \u201cEnigma Guadalupe\u201d son las dos nuevas producciones mexicanas de ficci\u00f3n llenas de m\u00fasica, arqueolog\u00eda, personas, cultura e historias. HBO Max encontr\u00f3 la mejor forma de conmemorar el 200 aniversario de la independencia de nuestro pa\u00eds y es por eso que anunci\u00f3 el desarrollo de dos producciones que abrazan la cultura y [&hellip;]<\/p>\n","protected":false},"author":2,"featured_media":0,"comment_status":"open","ping_status":"open","sticky":false,"template":"","format":"standard","meta":{"_jetpack_memberships_contains_paid_content":false,"footnotes":"","jetpack_publicize_message":"Contin\u00faa festejando el mes patrio con HBO\u200c \u200cMax\u200c \u200cy  \u200cdos\u200c \u200cproducciones\u200c  mexicanas.","jetpack_publicize_feature_enabled":true,"jetpack_social_post_already_shared":true,"jetpack_social_options":{"image_generator_settings":{"template":"highway","default_image_id":0,"font":"","enabled":false},"version":2}},"categories":[117],"tags":[5314,5315,5316,5317,5318,697,5319,5320,5321,144,5322,5323],"class_list":["post-54873","post","type-post","status-publish","format-standard","hentry","category-entretenimiento","tag-basilica-de-guadalupe","tag-carlos-algara","tag-el-rey","tag-enigma-guadalupe","tag-francisco-ortega","tag-hbo-max","tag-jose-alfredo","tag-jose-alfredo-jimenez","tag-mariana-montenegro","tag-mexico","tag-un-mundo-raro","tag-virgen-de-guadalupe","has-post-title","has-post-date","has-post-category","has-post-tag","has-post-comment","has-post-author",""],"yoast_head":"<!-- This site is optimized with the Yoast SEO plugin v27.5 - https:\/\/yoast.com\/product\/yoast-seo-wordpress\/ -->\n<title>HBO\u200c \u200cMax\u200c \u200ccelebra\u200c \u200cel\u200c \u200cmes\u200c \u200cpatrio\u200c \u200ccon\u200c \u200cdos\u200c \u200cproducciones\u200c - Zero Magazine<\/title>\n<meta name=\"robots\" content=\"index, follow, max-snippet:-1, max-image-preview:large, max-video-preview:-1\" \/>\n<link rel=\"canonical\" href=\"https:\/\/zeromagazine.mx\/index.php\/2021\/09\/18\/hbo-max-celebra-el-mes-patrio-con-dos-producciones\/\" \/>\n<meta property=\"og:locale\" content=\"es_ES\" \/>\n<meta property=\"og:type\" content=\"article\" \/>\n<meta property=\"og:title\" content=\"HBO\u200c \u200cMax\u200c \u200ccelebra\u200c \u200cel\u200c \u200cmes\u200c \u200cpatrio\u200c \u200ccon\u200c \u200cdos\u200c \u200cproducciones\u200c - Zero Magazine\" \/>\n<meta property=\"og:description\" content=\"\u201cUn Mundo Raro\u201d y \u201cEnigma Guadalupe\u201d son las dos nuevas producciones mexicanas de ficci\u00f3n llenas de m\u00fasica, arqueolog\u00eda, personas, cultura e historias. HBO Max encontr\u00f3 la mejor forma de conmemorar el 200 aniversario de la independencia de nuestro pa\u00eds y es por eso que anunci\u00f3 el desarrollo de dos producciones que abrazan la cultura y [&hellip;]\" \/>\n<meta property=\"og:url\" content=\"https:\/\/zeromagazine.mx\/index.php\/2021\/09\/18\/hbo-max-celebra-el-mes-patrio-con-dos-producciones\/\" \/>\n<meta property=\"og:site_name\" content=\"Zero Magazine\" \/>\n<meta property=\"article:published_time\" content=\"2021-09-18T18:00:00+00:00\" \/>\n<meta property=\"og:image\" content=\"https:\/\/zeromagazinemx.wpcomstaging.com\/wp-content\/uploads\/2022\/02\/fb599-1619682456_hbo-max-logo.png?w=1024&h=512\" \/>\n<meta name=\"author\" content=\"zeromagazinemx\" \/>\n<meta name=\"twitter:card\" content=\"summary_large_image\" \/>\n<meta name=\"twitter:label1\" content=\"Escrito por\" \/>\n\t<meta name=\"twitter:data1\" content=\"zeromagazinemx\" \/>\n\t<meta name=\"twitter:label2\" content=\"Tiempo de lectura\" \/>\n\t<meta name=\"twitter:data2\" content=\"1 minuto\" \/>\n<script type=\"application\/ld+json\" class=\"yoast-schema-graph\">{\"@context\":\"https:\\\/\\\/schema.org\",\"@graph\":[{\"@type\":\"Article\",\"@id\":\"https:\\\/\\\/zeromagazine.mx\\\/index.php\\\/2021\\\/09\\\/18\\\/hbo-max-celebra-el-mes-patrio-con-dos-producciones\\\/#article\",\"isPartOf\":{\"@id\":\"https:\\\/\\\/zeromagazine.mx\\\/index.php\\\/2021\\\/09\\\/18\\\/hbo-max-celebra-el-mes-patrio-con-dos-producciones\\\/\"},\"author\":{\"name\":\"zeromagazinemx\",\"@id\":\"https:\\\/\\\/zeromagazine.mx\\\/#\\\/schema\\\/person\\\/9aed9f33a7c39af3a348b86d723f7773\"},\"headline\":\"HBO\u200c \u200cMax\u200c \u200ccelebra\u200c \u200cel\u200c \u200cmes\u200c \u200cpatrio\u200c \u200ccon\u200c \u200cdos\u200c \u200cproducciones\u200c\",\"datePublished\":\"2021-09-18T18:00:00+00:00\",\"mainEntityOfPage\":{\"@id\":\"https:\\\/\\\/zeromagazine.mx\\\/index.php\\\/2021\\\/09\\\/18\\\/hbo-max-celebra-el-mes-patrio-con-dos-producciones\\\/\"},\"wordCount\":270,\"commentCount\":0,\"publisher\":{\"@id\":\"https:\\\/\\\/zeromagazine.mx\\\/#organization\"},\"image\":{\"@id\":\"https:\\\/\\\/zeromagazine.mx\\\/index.php\\\/2021\\\/09\\\/18\\\/hbo-max-celebra-el-mes-patrio-con-dos-producciones\\\/#primaryimage\"},\"thumbnailUrl\":\"https:\\\/\\\/zeromagazinemx.wpcomstaging.com\\\/wp-content\\\/uploads\\\/2022\\\/02\\\/fb599-1619682456_hbo-max-logo.png?w=1024&h=512\",\"keywords\":[\"Bas\u00edlica de Guadalupe\",\"Carlos Algara\",\"El Rey\",\"Enigma Guadalupe\",\"Francisco Ortega\",\"HBO MAX\",\"Jos\u00e9 Alfredo\",\"Jos\u00e9 Alfredo Jim\u00e9nez\",\"Mariana Montenegro\",\"M\u00c9XICO\",\"Un Mundo Raro\",\"Virgen de Guadalupe.\"],\"articleSection\":[\"Entretenimiento\"],\"inLanguage\":\"es\",\"potentialAction\":[{\"@type\":\"CommentAction\",\"name\":\"Comment\",\"target\":[\"https:\\\/\\\/zeromagazine.mx\\\/index.php\\\/2021\\\/09\\\/18\\\/hbo-max-celebra-el-mes-patrio-con-dos-producciones\\\/#respond\"]}]},{\"@type\":\"WebPage\",\"@id\":\"https:\\\/\\\/zeromagazine.mx\\\/index.php\\\/2021\\\/09\\\/18\\\/hbo-max-celebra-el-mes-patrio-con-dos-producciones\\\/\",\"url\":\"https:\\\/\\\/zeromagazine.mx\\\/index.php\\\/2021\\\/09\\\/18\\\/hbo-max-celebra-el-mes-patrio-con-dos-producciones\\\/\",\"name\":\"HBO\u200c \u200cMax\u200c \u200ccelebra\u200c \u200cel\u200c \u200cmes\u200c \u200cpatrio\u200c \u200ccon\u200c \u200cdos\u200c \u200cproducciones\u200c - Zero Magazine\",\"isPartOf\":{\"@id\":\"https:\\\/\\\/zeromagazine.mx\\\/#website\"},\"primaryImageOfPage\":{\"@id\":\"https:\\\/\\\/zeromagazine.mx\\\/index.php\\\/2021\\\/09\\\/18\\\/hbo-max-celebra-el-mes-patrio-con-dos-producciones\\\/#primaryimage\"},\"image\":{\"@id\":\"https:\\\/\\\/zeromagazine.mx\\\/index.php\\\/2021\\\/09\\\/18\\\/hbo-max-celebra-el-mes-patrio-con-dos-producciones\\\/#primaryimage\"},\"thumbnailUrl\":\"https:\\\/\\\/zeromagazinemx.wpcomstaging.com\\\/wp-content\\\/uploads\\\/2022\\\/02\\\/fb599-1619682456_hbo-max-logo.png?w=1024&h=512\",\"datePublished\":\"2021-09-18T18:00:00+00:00\",\"breadcrumb\":{\"@id\":\"https:\\\/\\\/zeromagazine.mx\\\/index.php\\\/2021\\\/09\\\/18\\\/hbo-max-celebra-el-mes-patrio-con-dos-producciones\\\/#breadcrumb\"},\"inLanguage\":\"es\",\"potentialAction\":[{\"@type\":\"ReadAction\",\"target\":[\"https:\\\/\\\/zeromagazine.mx\\\/index.php\\\/2021\\\/09\\\/18\\\/hbo-max-celebra-el-mes-patrio-con-dos-producciones\\\/\"]}]},{\"@type\":\"ImageObject\",\"inLanguage\":\"es\",\"@id\":\"https:\\\/\\\/zeromagazine.mx\\\/index.php\\\/2021\\\/09\\\/18\\\/hbo-max-celebra-el-mes-patrio-con-dos-producciones\\\/#primaryimage\",\"url\":\"https:\\\/\\\/zeromagazinemx.wpcomstaging.com\\\/wp-content\\\/uploads\\\/2022\\\/02\\\/fb599-1619682456_hbo-max-logo.png?w=1024&h=512\",\"contentUrl\":\"https:\\\/\\\/zeromagazinemx.wpcomstaging.com\\\/wp-content\\\/uploads\\\/2022\\\/02\\\/fb599-1619682456_hbo-max-logo.png?w=1024&h=512\"},{\"@type\":\"BreadcrumbList\",\"@id\":\"https:\\\/\\\/zeromagazine.mx\\\/index.php\\\/2021\\\/09\\\/18\\\/hbo-max-celebra-el-mes-patrio-con-dos-producciones\\\/#breadcrumb\",\"itemListElement\":[{\"@type\":\"ListItem\",\"position\":1,\"name\":\"Portada\",\"item\":\"https:\\\/\\\/zeromagazine.mx\\\/\"},{\"@type\":\"ListItem\",\"position\":2,\"name\":\"HBO\u200c \u200cMax\u200c \u200ccelebra\u200c \u200cel\u200c \u200cmes\u200c \u200cpatrio\u200c \u200ccon\u200c \u200cdos\u200c \u200cproducciones\u200c\"}]},{\"@type\":\"WebSite\",\"@id\":\"https:\\\/\\\/zeromagazine.mx\\\/#website\",\"url\":\"https:\\\/\\\/zeromagazine.mx\\\/\",\"name\":\"Zero Magazine\",\"description\":\"\",\"publisher\":{\"@id\":\"https:\\\/\\\/zeromagazine.mx\\\/#organization\"},\"potentialAction\":[{\"@type\":\"SearchAction\",\"target\":{\"@type\":\"EntryPoint\",\"urlTemplate\":\"https:\\\/\\\/zeromagazine.mx\\\/?s={search_term_string}\"},\"query-input\":{\"@type\":\"PropertyValueSpecification\",\"valueRequired\":true,\"valueName\":\"search_term_string\"}}],\"inLanguage\":\"es\"},{\"@type\":\"Organization\",\"@id\":\"https:\\\/\\\/zeromagazine.mx\\\/#organization\",\"name\":\"Zero Magazine\",\"url\":\"https:\\\/\\\/zeromagazine.mx\\\/\",\"logo\":{\"@type\":\"ImageObject\",\"inLanguage\":\"es\",\"@id\":\"https:\\\/\\\/zeromagazine.mx\\\/#\\\/schema\\\/logo\\\/image\\\/\",\"url\":\"https:\\\/\\\/i0.wp.com\\\/zeromagazine.mx\\\/wp-content\\\/uploads\\\/2025\\\/11\\\/1.jpeg?fit=1000%2C1000&ssl=1\",\"contentUrl\":\"https:\\\/\\\/i0.wp.com\\\/zeromagazine.mx\\\/wp-content\\\/uploads\\\/2025\\\/11\\\/1.jpeg?fit=1000%2C1000&ssl=1\",\"width\":1000,\"height\":1000,\"caption\":\"Zero Magazine\"},\"image\":{\"@id\":\"https:\\\/\\\/zeromagazine.mx\\\/#\\\/schema\\\/logo\\\/image\\\/\"},\"sameAs\":[\"https:\\\/\\\/instagram.com\\\/zeromagazinemx\"]},{\"@type\":\"Person\",\"@id\":\"https:\\\/\\\/zeromagazine.mx\\\/#\\\/schema\\\/person\\\/9aed9f33a7c39af3a348b86d723f7773\",\"name\":\"zeromagazinemx\",\"image\":{\"@type\":\"ImageObject\",\"inLanguage\":\"es\",\"@id\":\"https:\\\/\\\/zeromagazine.mx\\\/wp-content\\\/litespeed\\\/avatar\\\/f91dfe5410d5dcb1a576bf8c45983896.jpg?ver=1776966396\",\"url\":\"https:\\\/\\\/zeromagazine.mx\\\/wp-content\\\/litespeed\\\/avatar\\\/f91dfe5410d5dcb1a576bf8c45983896.jpg?ver=1776966396\",\"contentUrl\":\"https:\\\/\\\/zeromagazine.mx\\\/wp-content\\\/litespeed\\\/avatar\\\/f91dfe5410d5dcb1a576bf8c45983896.jpg?ver=1776966396\",\"caption\":\"zeromagazinemx\"},\"url\":\"https:\\\/\\\/zeromagazine.mx\\\/index.php\\\/author\\\/zeromagazinemx\\\/\"}]}<\/script>\n<!-- \/ Yoast SEO plugin. -->","yoast_head_json":{"title":"HBO\u200c \u200cMax\u200c \u200ccelebra\u200c \u200cel\u200c \u200cmes\u200c \u200cpatrio\u200c \u200ccon\u200c \u200cdos\u200c \u200cproducciones\u200c - Zero Magazine","robots":{"index":"index","follow":"follow","max-snippet":"max-snippet:-1","max-image-preview":"max-image-preview:large","max-video-preview":"max-video-preview:-1"},"canonical":"https:\/\/zeromagazine.mx\/index.php\/2021\/09\/18\/hbo-max-celebra-el-mes-patrio-con-dos-producciones\/","og_locale":"es_ES","og_type":"article","og_title":"HBO\u200c \u200cMax\u200c \u200ccelebra\u200c \u200cel\u200c \u200cmes\u200c \u200cpatrio\u200c \u200ccon\u200c \u200cdos\u200c \u200cproducciones\u200c - Zero Magazine","og_description":"\u201cUn Mundo Raro\u201d y \u201cEnigma Guadalupe\u201d son las dos nuevas producciones mexicanas de ficci\u00f3n llenas de m\u00fasica, arqueolog\u00eda, personas, cultura e historias. HBO Max encontr\u00f3 la mejor forma de conmemorar el 200 aniversario de la independencia de nuestro pa\u00eds y es por eso que anunci\u00f3 el desarrollo de dos producciones que abrazan la cultura y [&hellip;]","og_url":"https:\/\/zeromagazine.mx\/index.php\/2021\/09\/18\/hbo-max-celebra-el-mes-patrio-con-dos-producciones\/","og_site_name":"Zero Magazine","article_published_time":"2021-09-18T18:00:00+00:00","og_image":[{"url":"https:\/\/zeromagazinemx.wpcomstaging.com\/wp-content\/uploads\/2022\/02\/fb599-1619682456_hbo-max-logo.png?w=1024&h=512","type":"","width":"","height":""}],"author":"zeromagazinemx","twitter_card":"summary_large_image","twitter_misc":{"Escrito por":"zeromagazinemx","Tiempo de lectura":"1 minuto"},"schema":{"@context":"https:\/\/schema.org","@graph":[{"@type":"Article","@id":"https:\/\/zeromagazine.mx\/index.php\/2021\/09\/18\/hbo-max-celebra-el-mes-patrio-con-dos-producciones\/#article","isPartOf":{"@id":"https:\/\/zeromagazine.mx\/index.php\/2021\/09\/18\/hbo-max-celebra-el-mes-patrio-con-dos-producciones\/"},"author":{"name":"zeromagazinemx","@id":"https:\/\/zeromagazine.mx\/#\/schema\/person\/9aed9f33a7c39af3a348b86d723f7773"},"headline":"HBO\u200c \u200cMax\u200c \u200ccelebra\u200c \u200cel\u200c \u200cmes\u200c \u200cpatrio\u200c \u200ccon\u200c \u200cdos\u200c \u200cproducciones\u200c","datePublished":"2021-09-18T18:00:00+00:00","mainEntityOfPage":{"@id":"https:\/\/zeromagazine.mx\/index.php\/2021\/09\/18\/hbo-max-celebra-el-mes-patrio-con-dos-producciones\/"},"wordCount":270,"commentCount":0,"publisher":{"@id":"https:\/\/zeromagazine.mx\/#organization"},"image":{"@id":"https:\/\/zeromagazine.mx\/index.php\/2021\/09\/18\/hbo-max-celebra-el-mes-patrio-con-dos-producciones\/#primaryimage"},"thumbnailUrl":"https:\/\/zeromagazinemx.wpcomstaging.com\/wp-content\/uploads\/2022\/02\/fb599-1619682456_hbo-max-logo.png?w=1024&h=512","keywords":["Bas\u00edlica de Guadalupe","Carlos Algara","El Rey","Enigma Guadalupe","Francisco Ortega","HBO MAX","Jos\u00e9 Alfredo","Jos\u00e9 Alfredo Jim\u00e9nez","Mariana Montenegro","M\u00c9XICO","Un Mundo Raro","Virgen de Guadalupe."],"articleSection":["Entretenimiento"],"inLanguage":"es","potentialAction":[{"@type":"CommentAction","name":"Comment","target":["https:\/\/zeromagazine.mx\/index.php\/2021\/09\/18\/hbo-max-celebra-el-mes-patrio-con-dos-producciones\/#respond"]}]},{"@type":"WebPage","@id":"https:\/\/zeromagazine.mx\/index.php\/2021\/09\/18\/hbo-max-celebra-el-mes-patrio-con-dos-producciones\/","url":"https:\/\/zeromagazine.mx\/index.php\/2021\/09\/18\/hbo-max-celebra-el-mes-patrio-con-dos-producciones\/","name":"HBO\u200c \u200cMax\u200c \u200ccelebra\u200c \u200cel\u200c \u200cmes\u200c \u200cpatrio\u200c \u200ccon\u200c \u200cdos\u200c \u200cproducciones\u200c - Zero Magazine","isPartOf":{"@id":"https:\/\/zeromagazine.mx\/#website"},"primaryImageOfPage":{"@id":"https:\/\/zeromagazine.mx\/index.php\/2021\/09\/18\/hbo-max-celebra-el-mes-patrio-con-dos-producciones\/#primaryimage"},"image":{"@id":"https:\/\/zeromagazine.mx\/index.php\/2021\/09\/18\/hbo-max-celebra-el-mes-patrio-con-dos-producciones\/#primaryimage"},"thumbnailUrl":"https:\/\/zeromagazinemx.wpcomstaging.com\/wp-content\/uploads\/2022\/02\/fb599-1619682456_hbo-max-logo.png?w=1024&h=512","datePublished":"2021-09-18T18:00:00+00:00","breadcrumb":{"@id":"https:\/\/zeromagazine.mx\/index.php\/2021\/09\/18\/hbo-max-celebra-el-mes-patrio-con-dos-producciones\/#breadcrumb"},"inLanguage":"es","potentialAction":[{"@type":"ReadAction","target":["https:\/\/zeromagazine.mx\/index.php\/2021\/09\/18\/hbo-max-celebra-el-mes-patrio-con-dos-producciones\/"]}]},{"@type":"ImageObject","inLanguage":"es","@id":"https:\/\/zeromagazine.mx\/index.php\/2021\/09\/18\/hbo-max-celebra-el-mes-patrio-con-dos-producciones\/#primaryimage","url":"https:\/\/zeromagazinemx.wpcomstaging.com\/wp-content\/uploads\/2022\/02\/fb599-1619682456_hbo-max-logo.png?w=1024&h=512","contentUrl":"https:\/\/zeromagazinemx.wpcomstaging.com\/wp-content\/uploads\/2022\/02\/fb599-1619682456_hbo-max-logo.png?w=1024&h=512"},{"@type":"BreadcrumbList","@id":"https:\/\/zeromagazine.mx\/index.php\/2021\/09\/18\/hbo-max-celebra-el-mes-patrio-con-dos-producciones\/#breadcrumb","itemListElement":[{"@type":"ListItem","position":1,"name":"Portada","item":"https:\/\/zeromagazine.mx\/"},{"@type":"ListItem","position":2,"name":"HBO\u200c \u200cMax\u200c \u200ccelebra\u200c \u200cel\u200c \u200cmes\u200c \u200cpatrio\u200c \u200ccon\u200c \u200cdos\u200c \u200cproducciones\u200c"}]},{"@type":"WebSite","@id":"https:\/\/zeromagazine.mx\/#website","url":"https:\/\/zeromagazine.mx\/","name":"Zero Magazine","description":"","publisher":{"@id":"https:\/\/zeromagazine.mx\/#organization"},"potentialAction":[{"@type":"SearchAction","target":{"@type":"EntryPoint","urlTemplate":"https:\/\/zeromagazine.mx\/?s={search_term_string}"},"query-input":{"@type":"PropertyValueSpecification","valueRequired":true,"valueName":"search_term_string"}}],"inLanguage":"es"},{"@type":"Organization","@id":"https:\/\/zeromagazine.mx\/#organization","name":"Zero Magazine","url":"https:\/\/zeromagazine.mx\/","logo":{"@type":"ImageObject","inLanguage":"es","@id":"https:\/\/zeromagazine.mx\/#\/schema\/logo\/image\/","url":"https:\/\/i0.wp.com\/zeromagazine.mx\/wp-content\/uploads\/2025\/11\/1.jpeg?fit=1000%2C1000&ssl=1","contentUrl":"https:\/\/i0.wp.com\/zeromagazine.mx\/wp-content\/uploads\/2025\/11\/1.jpeg?fit=1000%2C1000&ssl=1","width":1000,"height":1000,"caption":"Zero Magazine"},"image":{"@id":"https:\/\/zeromagazine.mx\/#\/schema\/logo\/image\/"},"sameAs":["https:\/\/instagram.com\/zeromagazinemx"]},{"@type":"Person","@id":"https:\/\/zeromagazine.mx\/#\/schema\/person\/9aed9f33a7c39af3a348b86d723f7773","name":"zeromagazinemx","image":{"@type":"ImageObject","inLanguage":"es","@id":"https:\/\/zeromagazine.mx\/wp-content\/litespeed\/avatar\/f91dfe5410d5dcb1a576bf8c45983896.jpg?ver=1776966396","url":"https:\/\/zeromagazine.mx\/wp-content\/litespeed\/avatar\/f91dfe5410d5dcb1a576bf8c45983896.jpg?ver=1776966396","contentUrl":"https:\/\/zeromagazine.mx\/wp-content\/litespeed\/avatar\/f91dfe5410d5dcb1a576bf8c45983896.jpg?ver=1776966396","caption":"zeromagazinemx"},"url":"https:\/\/zeromagazine.mx\/index.php\/author\/zeromagazinemx\/"}]}},"jetpack_publicize_connections":[],"jetpack_featured_media_url":"","jetpack-related-posts":[{"id":100981,"url":"https:\/\/zeromagazine.mx\/index.php\/2025\/04\/10\/tita-regresa-pronto-a-hbo\/","url_meta":{"origin":54873,"position":0},"title":"Tita Regresa Pronto a HBO","author":"David Morales","date":"10 de abril de 2025","format":false,"excerpt":"Amix, si te dejaste atrapar por los amores imposibles, la cocina con hechizo y el drama familiar que vibra m\u00e1s fuerte que cualquier telenovela, prep\u00e1rate: la serie Como Agua Para Chocolate ya est\u00e1 grabando su segunda (y \u00faltima) temporada. Y s\u00ed, viene con todo: m\u00e1s emociones, m\u00e1s giros y ese\u2026","rel":"","context":"En \u00abCultura\u00bb","block_context":{"text":"Cultura","link":"https:\/\/zeromagazine.mx\/index.php\/category\/cultura\/"},"img":{"alt_text":"","src":"https:\/\/i0.wp.com\/zeromagazine.mx\/wp-content\/uploads\/2025\/04\/Captura-de-pantalla-2025-04-10-131108.png?fit=1200%2C447&ssl=1&resize=350%2C200","width":350,"height":200,"srcset":"https:\/\/i0.wp.com\/zeromagazine.mx\/wp-content\/uploads\/2025\/04\/Captura-de-pantalla-2025-04-10-131108.png?fit=1200%2C447&ssl=1&resize=350%2C200 1x, https:\/\/i0.wp.com\/zeromagazine.mx\/wp-content\/uploads\/2025\/04\/Captura-de-pantalla-2025-04-10-131108.png?fit=1200%2C447&ssl=1&resize=525%2C300 1.5x, https:\/\/i0.wp.com\/zeromagazine.mx\/wp-content\/uploads\/2025\/04\/Captura-de-pantalla-2025-04-10-131108.png?fit=1200%2C447&ssl=1&resize=700%2C400 2x, https:\/\/i0.wp.com\/zeromagazine.mx\/wp-content\/uploads\/2025\/04\/Captura-de-pantalla-2025-04-10-131108.png?fit=1200%2C447&ssl=1&resize=1050%2C600 3x"},"classes":[]},{"id":49169,"url":"https:\/\/zeromagazine.mx\/index.php\/2021\/06\/30\/hbo-max-ya-esta-disponible-en-mexico-y-38-territorios-de-latinoamerica-y-el-caribe-a-partir-de-hoy\/","url_meta":{"origin":54873,"position":1},"title":"HBO Max ya est\u00e1 disponible en M\u00e9xico y 38 territorios de Latinoam\u00e9rica y el Caribe a partir de Hoy","author":"zeromagazinemx","date":"30 de junio de 2021","format":false,"excerpt":"La nueva plataforma lleg\u00f3 a M\u00e9xico con una promoci\u00f3n \u00e9pica de 50% de descuento para aquellos que se suscriban desde el 29 de junio al 31 de julio que podr\u00e1s conservar manteniendo tu suscripci\u00f3n vigente. Por Moises Kushelevich A partir de hoy podr\u00e1s disfrutar del grandioso y entretenido contenido de\u2026","rel":"","context":"En \u00abCine\u00bb","block_context":{"text":"Cine","link":"https:\/\/zeromagazine.mx\/index.php\/category\/entretenimiento\/cine\/"},"img":{"alt_text":"","src":"","width":0,"height":0},"classes":[]},{"id":51943,"url":"https:\/\/zeromagazine.mx\/index.php\/2021\/08\/12\/la-nueva-pelicula-de-mortal-kombat-ya-esta-disponible-en-hbo-max\/","url_meta":{"origin":54873,"position":2},"title":"La nueva pel\u00edcula de \u201cMortal Kombat\u201d ya est\u00e1 disponible en HBO Max","author":"zeromagazinemx","date":"12 de agosto de 2021","format":false,"excerpt":"A partir de hoy los fans podr\u00e1n disfrutar de \u201cMortal Kombat\u201d en HBO Max, una nueva adaptaci\u00f3n cinematogr\u00e1fica de la famosa saga de videojuegos. Por Moises Kushelevich Llega a HBO Max un filme de gore, fantas\u00eda oscura y artes marciales, trae aportes nuevos a la historia, sin perder la esencia\u2026","rel":"","context":"En \u00abCine\u00bb","block_context":{"text":"Cine","link":"https:\/\/zeromagazine.mx\/index.php\/category\/entretenimiento\/cine\/"},"img":{"alt_text":"","src":"","width":0,"height":0},"classes":[]},{"id":52938,"url":"https:\/\/zeromagazine.mx\/index.php\/2021\/08\/28\/call-me-kat-ya-esta-disponible-en-hbo-max\/","url_meta":{"origin":54873,"position":3},"title":"\u201cCall Me Kat\u201d ya est\u00e1 disponible en HBO MAX","author":"zeromagazinemx","date":"28 de agosto de 2021","format":false,"excerpt":"Protagonizada por Mayim Bialik \u201cCall Me Kat\u201d, la nueva comedia de situaci\u00f3n ya est\u00e1 disponible en HBO Max. https:\/\/www.instagram.com\/p\/CI0warxrkuU\/ HBO Max anunci\u00f3 el estreno de la nueva comedia de situaci\u00f3n inspirada en la fresca producci\u00f3n brit\u00e1nica Miranda, de Miranda Hart. \u201cCall Me Kat\u201d trata sobre una mujer de 26 a\u00f1os\u2026","rel":"","context":"En \u00abEntretenimiento\u00bb","block_context":{"text":"Entretenimiento","link":"https:\/\/zeromagazine.mx\/index.php\/category\/entretenimiento\/"},"img":{"alt_text":"","src":"","width":0,"height":0},"classes":[]},{"id":101915,"url":"https:\/\/zeromagazine.mx\/index.php\/2025\/04\/18\/superman-day-despierta-emocion\/","url_meta":{"origin":54873,"position":4},"title":"Superman Day: Despierta Emoci\u00f3n","author":"David Morales","date":"18 de abril de 2025","format":false,"excerpt":"Amix, prep\u00e1rense porque el Superman Day lleg\u00f3 volando directo a nuestras emociones. Warner Bros. Discovery y HBO Max tiraron la capa por la ventana para celebrar a uno de los \u00edconos m\u00e1s legendarios del cine y los c\u00f3mics: Superman est\u00e1 vivo y m\u00e1s presente que nunca en el coraz\u00f3n de\u2026","rel":"","context":"En \u00abEntretenimiento\u00bb","block_context":{"text":"Entretenimiento","link":"https:\/\/zeromagazine.mx\/index.php\/category\/entretenimiento\/"},"img":{"alt_text":"","src":"https:\/\/i0.wp.com\/zeromagazine.mx\/wp-content\/uploads\/2025\/04\/image002.jpg?fit=1200%2C675&ssl=1&resize=350%2C200","width":350,"height":200,"srcset":"https:\/\/i0.wp.com\/zeromagazine.mx\/wp-content\/uploads\/2025\/04\/image002.jpg?fit=1200%2C675&ssl=1&resize=350%2C200 1x, https:\/\/i0.wp.com\/zeromagazine.mx\/wp-content\/uploads\/2025\/04\/image002.jpg?fit=1200%2C675&ssl=1&resize=525%2C300 1.5x, https:\/\/i0.wp.com\/zeromagazine.mx\/wp-content\/uploads\/2025\/04\/image002.jpg?fit=1200%2C675&ssl=1&resize=700%2C400 2x, https:\/\/i0.wp.com\/zeromagazine.mx\/wp-content\/uploads\/2025\/04\/image002.jpg?fit=1200%2C675&ssl=1&resize=1050%2C600 3x"},"classes":[]},{"id":57567,"url":"https:\/\/zeromagazine.mx\/index.php\/2021\/11\/06\/celebrando-el-20-aniversario-de-harry-potter-llega-a-hbo-max-%c2%a8harry-potter-y-la-piedra-filosofal-pelicula-en-modo-magico%c2%a8\/","url_meta":{"origin":54873,"position":5},"title":"Celebrando el 20\u00b0 aniversario de Harry Potter llega a HBO MAX \u00a8Harry Potter Y La Piedra Filosofal: pel\u00edcula en modo m\u00e1gico\u00a8","author":"zeromagazinemx","date":"6 de noviembre de 2021","format":false,"excerpt":"Una oportunidad \u00fanica para experimentar Harry Potter y la Piedra Filosofal de una manera distinta, con secretos cinematogr\u00e1ficos, curiosidades y escenas in\u00e9ditas, esta pel\u00edcula dura un poco m\u00e1s que la normal y cuenta con todo lo anterior dentro de la misma sin duda algo para disfrutar en familia. https:\/\/www.instagram.com\/p\/CV57ba8M2tA\/?utm_medium=copy_link Por\u2026","rel":"","context":"En \u00abCine\u00bb","block_context":{"text":"Cine","link":"https:\/\/zeromagazine.mx\/index.php\/category\/entretenimiento\/cine\/"},"img":{"alt_text":"","src":"","width":0,"height":0},"classes":[]}],"jetpack_sharing_enabled":true,"builder_content":"","_links":{"self":[{"href":"https:\/\/zeromagazine.mx\/index.php\/wp-json\/wp\/v2\/posts\/54873","targetHints":{"allow":["GET"]}}],"collection":[{"href":"https:\/\/zeromagazine.mx\/index.php\/wp-json\/wp\/v2\/posts"}],"about":[{"href":"https:\/\/zeromagazine.mx\/index.php\/wp-json\/wp\/v2\/types\/post"}],"author":[{"embeddable":true,"href":"https:\/\/zeromagazine.mx\/index.php\/wp-json\/wp\/v2\/users\/2"}],"replies":[{"embeddable":true,"href":"https:\/\/zeromagazine.mx\/index.php\/wp-json\/wp\/v2\/comments?post=54873"}],"version-history":[{"count":0,"href":"https:\/\/zeromagazine.mx\/index.php\/wp-json\/wp\/v2\/posts\/54873\/revisions"}],"wp:attachment":[{"href":"https:\/\/zeromagazine.mx\/index.php\/wp-json\/wp\/v2\/media?parent=54873"}],"wp:term":[{"taxonomy":"category","embeddable":true,"href":"https:\/\/zeromagazine.mx\/index.php\/wp-json\/wp\/v2\/categories?post=54873"},{"taxonomy":"post_tag","embeddable":true,"href":"https:\/\/zeromagazine.mx\/index.php\/wp-json\/wp\/v2\/tags?post=54873"}],"curies":[{"name":"wp","href":"https:\/\/api.w.org\/{rel}","templated":true}]}}