{"id":54906,"date":"2021-09-20T16:00:00","date_gmt":"2021-09-20T21:00:00","guid":{"rendered":"https:\/\/atomic-temporary-84115225.wpcomstaging.com\/?p=54906"},"modified":"2021-09-20T16:00:00","modified_gmt":"2021-09-20T21:00:00","slug":"amor-sin-barreras-ya-tiene-fecha-de-estreno","status":"publish","type":"post","link":"https:\/\/zeromagazine.mx\/index.php\/2021\/09\/20\/amor-sin-barreras-ya-tiene-fecha-de-estreno\/","title":{"rendered":"\u00abAMOR SIN BARRERAS\u00bb ya tiene fecha de estreno"},"content":{"rendered":"\n<p>Ya se encuentran disponibles el nuevo tr\u00e1iler de la nueva adaptaci\u00f3n cinematogr\u00e1fica del musical de Broadway\u00a0\u00ab<strong>AMOR\u00a0SIN BARRERAS\u00bb.<\/strong><\/p>\n\n\n\n<div class=\"wp-block-image coblocks-animate\"><figure class=\"aligncenter size-large\"><a href=\"https:\/\/i0.wp.com\/zeromagazinemx.wpcomstaging.com\/wp-content\/uploads\/2022\/02\/475bc-amor-sin-barreras-poster.jpg?ssl=1\"><img data-recalc-dims=\"1\" decoding=\"async\" src=\"https:\/\/i0.wp.com\/zeromagazinemx.wpcomstaging.com\/wp-content\/uploads\/2022\/02\/475bc-amor-sin-barreras-poster.jpg?w=1165&#038;ssl=1\" alt=\"\" class=\"wp-image-54908\" \/><\/a><\/figure><\/div>\n\n\n\n<div class=\"wp-block-buttons is-layout-flex wp-block-buttons-is-layout-flex\">\n<div class=\"wp-block-button is-style-outline is-style-outline--1\"><a class=\"wp-block-button__link\">Por Gean Monroy<\/a><\/div>\n<\/div>\n\n\n\n<p>\u00a0\u201c<strong>AMOR SIN BARRERAS<\/strong>\u201d cuenta una cl\u00e1sica historia de rivalidad y amor juvenil en la ciudad de <strong>Nueva York<\/strong> de 1957. La producci\u00f3n est\u00e1 Dirigida por el ganador del<strong> Oscar\u00ae<\/strong> <strong>Steven Spielberg<\/strong>, con libreto de <strong>Arthur Laurents<\/strong>, m\u00fasica de <strong>Leonard Bernstein<\/strong>, letra de <strong>Stephen Sondheim<\/strong> y concepto, direcci\u00f3n y coreograf\u00eda de <strong>Jerome Robbins<\/strong>.<\/p>\n\n\n\n<div class=\"wp-block-image coblocks-animate\"><figure class=\"aligncenter size-large\"><a href=\"https:\/\/i0.wp.com\/zeromagazinemx.wpcomstaging.com\/wp-content\/uploads\/2022\/02\/50787-df-05507_r_crop.jpg?ssl=1\"><img data-recalc-dims=\"1\" decoding=\"async\" src=\"https:\/\/i0.wp.com\/zeromagazinemx.wpcomstaging.com\/wp-content\/uploads\/2022\/02\/50787-df-05507_r_crop.jpg?w=1165&#038;ssl=1\" alt=\"\" class=\"wp-image-54910\" \/><\/a><figcaption>Scene from 20th Century Studios\u2019 WEST SIDE STORY.<\/figcaption><\/figure><\/div>\n\n\n\n<p>Esta nueva adaptaci\u00f3n cinematogr\u00e1fica del entra\u00f1able musical original de Broadway de 1957 est\u00e1 protagonizada por <strong>Ansel Elgort <\/strong>(Tony), <strong>Rachel Zegler<\/strong> (Mar\u00eda),<strong> Ariana DeBose <\/strong>(Anita), <strong>David Alvarez <\/strong>(Bernardo), <strong>Mike Faist<\/strong> (Riff), <strong>Josh Andr\u00e9s Rivera <\/strong>(Chino), <strong>Ana Isabelle<\/strong> (Rosal\u00eda),<strong> Corey Stoll <\/strong>(el teniente Schrank), <strong>Brian d\u2019Arcy James<\/strong> (el oficial Krupke) y <strong>Rita Moreno<\/strong> (como Valentina).<\/p>\n\n\n\n<div class=\"wp-block-image coblocks-animate\"><figure class=\"aligncenter size-large\"><a href=\"https:\/\/i0.wp.com\/zeromagazinemx.wpcomstaging.com\/wp-content\/uploads\/2022\/02\/5682a-df-01672_r.jpg?ssl=1\"><img data-recalc-dims=\"1\" decoding=\"async\" src=\"https:\/\/i0.wp.com\/zeromagazinemx.wpcomstaging.com\/wp-content\/uploads\/2022\/02\/5682a-df-01672_r.jpg?w=1165&#038;ssl=1\" alt=\"\" class=\"wp-image-54909\" \/><\/a><figcaption>Ansel Elgort as Tony and Rachel Zegler as Maria in 20th Century Studios\u2019 WEST SIDE STORY.<\/figcaption><\/figure><\/div>\n\n\n\n<p><strong>20th Century Studios,<\/strong>\u00a0<strong>The\u00a0Walt Disney Company <\/strong>estrenar\u00e1\u00a0\u00ab<strong>AMOR SIN BARRERAS\u00bb<em>\u00a0<\/em><\/strong>en los cines de\u00a0Am\u00e9rica Latina en salas de cines disponibles a partir del 9 de diciembre de 2021.\u00a0<\/p>\n\n\n\n<p>No te la puedes perder.<\/p>\n\n\n\n<figure class=\"wp-block-embed is-type-video is-provider-youtube wp-block-embed-youtube wp-embed-aspect-16-9 wp-has-aspect-ratio\"><div class=\"wp-block-embed__wrapper\">\n<div class=\"post-video\"><iframe title=\"Amor Sin Barreras |\u00a0Tr\u00e1iler Oficial | Subtitulado\" width=\"1165\" height=\"655\" src=\"https:\/\/www.youtube.com\/embed\/GiQf6cZT8BQ?feature=oembed\" frameborder=\"0\" allow=\"accelerometer; autoplay; clipboard-write; encrypted-media; gyroscope; picture-in-picture; web-share\" allowfullscreen><\/iframe><\/div>\n<\/div><\/figure>\n\n\n\n\n<!--themify_builder_content-->\n<div id=\"themify_builder_content-54906\" data-postid=\"54906\" class=\"themify_builder_content themify_builder_content-54906 themify_builder tf_clear\">\n    <\/div>\n<!--\/themify_builder_content-->\n","protected":false},"excerpt":{"rendered":"<p>\u00abAMOR SIN BARRERAS\u00bb ya tiene fecha de estreno<br \/>\nYa se encuentran disponibles el nuevo tr\u00e1iler de la nueva adaptaci\u00f3n cinematogr\u00e1fica del musical de Broadway AMOR SIN BARRERAS.<\/p>\n","protected":false},"author":2,"featured_media":54911,"comment_status":"open","ping_status":"open","sticky":false,"template":"","format":"standard","meta":{"_jetpack_memberships_contains_paid_content":false,"footnotes":"","jetpack_publicize_message":"\"#AmorSinBarrerars\" de #StevenSpielberg ya tiene fecha de estreno, \u00a1No te pierdas el nuevo Tr\u00e1iler en Zero Magazine!  \n","jetpack_publicize_feature_enabled":true,"jetpack_social_post_already_shared":true,"jetpack_social_options":{"image_generator_settings":{"template":"highway","default_image_id":0,"font":"","enabled":false},"version":2}},"categories":[109,117],"tags":[4067,2895,5344,5345,5346,5347,5348,5349,5350,5351,5352,5353,5354,4786,4323,5355,5356,5357,5358,5359],"class_list":["post-54906","post","type-post","status-publish","format-standard","has-post-thumbnail","hentry","category-cine","category-entretenimiento","tag-20th-century-studios","tag-amor-sin-barreras","tag-ana-isabelle","tag-ansel-elgort","tag-ariana-debose","tag-arthur-laurents","tag-brian-darcy-james","tag-corey-stoll","tag-david-alvarez","tag-jerome-robbins","tag-josh-andres-rivera","tag-leonard-bernstein","tag-mike-faist","tag-nueva-york","tag-oscar","tag-rachel-zegler","tag-rita-moreno","tag-stephen-sondheim","tag-steven-spielberg","tag-the-walt-disney-company","has-post-title","has-post-date","has-post-category","has-post-tag","has-post-comment","has-post-author",""],"yoast_head":"<!-- This site is optimized with the Yoast SEO plugin v27.4 - https:\/\/yoast.com\/product\/yoast-seo-wordpress\/ -->\n<title>&quot;AMOR SIN BARRERAS&quot; ya tiene fecha de estreno - Zero Magazine<\/title>\n<meta name=\"robots\" content=\"index, follow, max-snippet:-1, max-image-preview:large, max-video-preview:-1\" \/>\n<link rel=\"canonical\" href=\"https:\/\/zeromagazine.mx\/index.php\/2021\/09\/20\/amor-sin-barreras-ya-tiene-fecha-de-estreno\/\" \/>\n<meta property=\"og:locale\" content=\"es_ES\" \/>\n<meta property=\"og:type\" content=\"article\" \/>\n<meta property=\"og:title\" content=\"&quot;AMOR SIN BARRERAS&quot; ya tiene fecha de estreno - Zero Magazine\" \/>\n<meta property=\"og:description\" content=\"&quot;AMOR SIN BARRERAS&quot; ya tiene fecha de estreno Ya se encuentran disponibles el nuevo tr\u00e1iler de la nueva adaptaci\u00f3n cinematogr\u00e1fica del musical de Broadway AMOR SIN BARRERAS.\" \/>\n<meta property=\"og:url\" content=\"https:\/\/zeromagazine.mx\/index.php\/2021\/09\/20\/amor-sin-barreras-ya-tiene-fecha-de-estreno\/\" \/>\n<meta property=\"og:site_name\" content=\"Zero Magazine\" \/>\n<meta property=\"article:published_time\" content=\"2021-09-20T21:00:00+00:00\" \/>\n<meta name=\"author\" content=\"zeromagazinemx\" \/>\n<meta name=\"twitter:card\" content=\"summary_large_image\" \/>\n<meta name=\"twitter:label1\" content=\"Escrito por\" \/>\n\t<meta name=\"twitter:data1\" content=\"zeromagazinemx\" \/>\n\t<meta name=\"twitter:label2\" content=\"Tiempo de lectura\" \/>\n\t<meta name=\"twitter:data2\" content=\"1 minuto\" \/>\n<script type=\"application\/ld+json\" class=\"yoast-schema-graph\">{\"@context\":\"https:\\\/\\\/schema.org\",\"@graph\":[{\"@type\":\"Article\",\"@id\":\"https:\\\/\\\/zeromagazine.mx\\\/index.php\\\/2021\\\/09\\\/20\\\/amor-sin-barreras-ya-tiene-fecha-de-estreno\\\/#article\",\"isPartOf\":{\"@id\":\"https:\\\/\\\/zeromagazine.mx\\\/index.php\\\/2021\\\/09\\\/20\\\/amor-sin-barreras-ya-tiene-fecha-de-estreno\\\/\"},\"author\":{\"name\":\"zeromagazinemx\",\"@id\":\"https:\\\/\\\/zeromagazine.mx\\\/#\\\/schema\\\/person\\\/9aed9f33a7c39af3a348b86d723f7773\"},\"headline\":\"\u00abAMOR SIN BARRERAS\u00bb ya tiene fecha de estreno\",\"datePublished\":\"2021-09-20T21:00:00+00:00\",\"mainEntityOfPage\":{\"@id\":\"https:\\\/\\\/zeromagazine.mx\\\/index.php\\\/2021\\\/09\\\/20\\\/amor-sin-barreras-ya-tiene-fecha-de-estreno\\\/\"},\"wordCount\":215,\"commentCount\":0,\"publisher\":{\"@id\":\"https:\\\/\\\/zeromagazine.mx\\\/#organization\"},\"image\":{\"@id\":\"https:\\\/\\\/zeromagazine.mx\\\/index.php\\\/2021\\\/09\\\/20\\\/amor-sin-barreras-ya-tiene-fecha-de-estreno\\\/#primaryimage\"},\"thumbnailUrl\":\"\",\"keywords\":[\"20th Century Studios\",\"Amor Sin Barreras\",\"Ana Isabelle\",\"Ansel Elgort\",\"Ariana DeBose\",\"Arthur Laurents\",\"Brian d\u2019Arcy James\",\"Corey Stoll\",\"David \u00c1lvarez\",\"Jerome Robbins\",\"Josh Andr\u00e9s Rivera\",\"Leonard Bernstein\",\"Mike Faist\",\"Nueva York\",\"oscar\",\"Rachel Zegler\",\"Rita Moreno\",\"Stephen Sondheim\",\"Steven Spielberg\",\"The Walt Disney Company\"],\"articleSection\":[\"Cine\",\"Entretenimiento\"],\"inLanguage\":\"es\",\"potentialAction\":[{\"@type\":\"CommentAction\",\"name\":\"Comment\",\"target\":[\"https:\\\/\\\/zeromagazine.mx\\\/index.php\\\/2021\\\/09\\\/20\\\/amor-sin-barreras-ya-tiene-fecha-de-estreno\\\/#respond\"]}]},{\"@type\":\"WebPage\",\"@id\":\"https:\\\/\\\/zeromagazine.mx\\\/index.php\\\/2021\\\/09\\\/20\\\/amor-sin-barreras-ya-tiene-fecha-de-estreno\\\/\",\"url\":\"https:\\\/\\\/zeromagazine.mx\\\/index.php\\\/2021\\\/09\\\/20\\\/amor-sin-barreras-ya-tiene-fecha-de-estreno\\\/\",\"name\":\"\\\"AMOR SIN BARRERAS\\\" ya tiene fecha de estreno - Zero Magazine\",\"isPartOf\":{\"@id\":\"https:\\\/\\\/zeromagazine.mx\\\/#website\"},\"primaryImageOfPage\":{\"@id\":\"https:\\\/\\\/zeromagazine.mx\\\/index.php\\\/2021\\\/09\\\/20\\\/amor-sin-barreras-ya-tiene-fecha-de-estreno\\\/#primaryimage\"},\"image\":{\"@id\":\"https:\\\/\\\/zeromagazine.mx\\\/index.php\\\/2021\\\/09\\\/20\\\/amor-sin-barreras-ya-tiene-fecha-de-estreno\\\/#primaryimage\"},\"thumbnailUrl\":\"\",\"datePublished\":\"2021-09-20T21:00:00+00:00\",\"breadcrumb\":{\"@id\":\"https:\\\/\\\/zeromagazine.mx\\\/index.php\\\/2021\\\/09\\\/20\\\/amor-sin-barreras-ya-tiene-fecha-de-estreno\\\/#breadcrumb\"},\"inLanguage\":\"es\",\"potentialAction\":[{\"@type\":\"ReadAction\",\"target\":[\"https:\\\/\\\/zeromagazine.mx\\\/index.php\\\/2021\\\/09\\\/20\\\/amor-sin-barreras-ya-tiene-fecha-de-estreno\\\/\"]}]},{\"@type\":\"ImageObject\",\"inLanguage\":\"es\",\"@id\":\"https:\\\/\\\/zeromagazine.mx\\\/index.php\\\/2021\\\/09\\\/20\\\/amor-sin-barreras-ya-tiene-fecha-de-estreno\\\/#primaryimage\",\"url\":\"\",\"contentUrl\":\"\"},{\"@type\":\"BreadcrumbList\",\"@id\":\"https:\\\/\\\/zeromagazine.mx\\\/index.php\\\/2021\\\/09\\\/20\\\/amor-sin-barreras-ya-tiene-fecha-de-estreno\\\/#breadcrumb\",\"itemListElement\":[{\"@type\":\"ListItem\",\"position\":1,\"name\":\"Portada\",\"item\":\"https:\\\/\\\/zeromagazine.mx\\\/\"},{\"@type\":\"ListItem\",\"position\":2,\"name\":\"\u00abAMOR SIN BARRERAS\u00bb ya tiene fecha de estreno\"}]},{\"@type\":\"WebSite\",\"@id\":\"https:\\\/\\\/zeromagazine.mx\\\/#website\",\"url\":\"https:\\\/\\\/zeromagazine.mx\\\/\",\"name\":\"Zero Magazine\",\"description\":\"\",\"publisher\":{\"@id\":\"https:\\\/\\\/zeromagazine.mx\\\/#organization\"},\"potentialAction\":[{\"@type\":\"SearchAction\",\"target\":{\"@type\":\"EntryPoint\",\"urlTemplate\":\"https:\\\/\\\/zeromagazine.mx\\\/?s={search_term_string}\"},\"query-input\":{\"@type\":\"PropertyValueSpecification\",\"valueRequired\":true,\"valueName\":\"search_term_string\"}}],\"inLanguage\":\"es\"},{\"@type\":\"Organization\",\"@id\":\"https:\\\/\\\/zeromagazine.mx\\\/#organization\",\"name\":\"Zero Magazine\",\"url\":\"https:\\\/\\\/zeromagazine.mx\\\/\",\"logo\":{\"@type\":\"ImageObject\",\"inLanguage\":\"es\",\"@id\":\"https:\\\/\\\/zeromagazine.mx\\\/#\\\/schema\\\/logo\\\/image\\\/\",\"url\":\"https:\\\/\\\/i0.wp.com\\\/zeromagazine.mx\\\/wp-content\\\/uploads\\\/2025\\\/11\\\/1.jpeg?fit=1000%2C1000&ssl=1\",\"contentUrl\":\"https:\\\/\\\/i0.wp.com\\\/zeromagazine.mx\\\/wp-content\\\/uploads\\\/2025\\\/11\\\/1.jpeg?fit=1000%2C1000&ssl=1\",\"width\":1000,\"height\":1000,\"caption\":\"Zero Magazine\"},\"image\":{\"@id\":\"https:\\\/\\\/zeromagazine.mx\\\/#\\\/schema\\\/logo\\\/image\\\/\"},\"sameAs\":[\"https:\\\/\\\/instagram.com\\\/zeromagazinemx\"]},{\"@type\":\"Person\",\"@id\":\"https:\\\/\\\/zeromagazine.mx\\\/#\\\/schema\\\/person\\\/9aed9f33a7c39af3a348b86d723f7773\",\"name\":\"zeromagazinemx\",\"image\":{\"@type\":\"ImageObject\",\"inLanguage\":\"es\",\"@id\":\"https:\\\/\\\/zeromagazine.mx\\\/wp-content\\\/litespeed\\\/avatar\\\/f91dfe5410d5dcb1a576bf8c45983896.jpg?ver=1776966396\",\"url\":\"https:\\\/\\\/zeromagazine.mx\\\/wp-content\\\/litespeed\\\/avatar\\\/f91dfe5410d5dcb1a576bf8c45983896.jpg?ver=1776966396\",\"contentUrl\":\"https:\\\/\\\/zeromagazine.mx\\\/wp-content\\\/litespeed\\\/avatar\\\/f91dfe5410d5dcb1a576bf8c45983896.jpg?ver=1776966396\",\"caption\":\"zeromagazinemx\"},\"url\":\"https:\\\/\\\/zeromagazine.mx\\\/index.php\\\/author\\\/zeromagazinemx\\\/\"}]}<\/script>\n<!-- \/ Yoast SEO plugin. -->","yoast_head_json":{"title":"\"AMOR SIN BARRERAS\" ya tiene fecha de estreno - Zero Magazine","robots":{"index":"index","follow":"follow","max-snippet":"max-snippet:-1","max-image-preview":"max-image-preview:large","max-video-preview":"max-video-preview:-1"},"canonical":"https:\/\/zeromagazine.mx\/index.php\/2021\/09\/20\/amor-sin-barreras-ya-tiene-fecha-de-estreno\/","og_locale":"es_ES","og_type":"article","og_title":"\"AMOR SIN BARRERAS\" ya tiene fecha de estreno - Zero Magazine","og_description":"\"AMOR SIN BARRERAS\" ya tiene fecha de estreno Ya se encuentran disponibles el nuevo tr\u00e1iler de la nueva adaptaci\u00f3n cinematogr\u00e1fica del musical de Broadway AMOR SIN BARRERAS.","og_url":"https:\/\/zeromagazine.mx\/index.php\/2021\/09\/20\/amor-sin-barreras-ya-tiene-fecha-de-estreno\/","og_site_name":"Zero Magazine","article_published_time":"2021-09-20T21:00:00+00:00","author":"zeromagazinemx","twitter_card":"summary_large_image","twitter_misc":{"Escrito por":"zeromagazinemx","Tiempo de lectura":"1 minuto"},"schema":{"@context":"https:\/\/schema.org","@graph":[{"@type":"Article","@id":"https:\/\/zeromagazine.mx\/index.php\/2021\/09\/20\/amor-sin-barreras-ya-tiene-fecha-de-estreno\/#article","isPartOf":{"@id":"https:\/\/zeromagazine.mx\/index.php\/2021\/09\/20\/amor-sin-barreras-ya-tiene-fecha-de-estreno\/"},"author":{"name":"zeromagazinemx","@id":"https:\/\/zeromagazine.mx\/#\/schema\/person\/9aed9f33a7c39af3a348b86d723f7773"},"headline":"\u00abAMOR SIN BARRERAS\u00bb ya tiene fecha de estreno","datePublished":"2021-09-20T21:00:00+00:00","mainEntityOfPage":{"@id":"https:\/\/zeromagazine.mx\/index.php\/2021\/09\/20\/amor-sin-barreras-ya-tiene-fecha-de-estreno\/"},"wordCount":215,"commentCount":0,"publisher":{"@id":"https:\/\/zeromagazine.mx\/#organization"},"image":{"@id":"https:\/\/zeromagazine.mx\/index.php\/2021\/09\/20\/amor-sin-barreras-ya-tiene-fecha-de-estreno\/#primaryimage"},"thumbnailUrl":"","keywords":["20th Century Studios","Amor Sin Barreras","Ana Isabelle","Ansel Elgort","Ariana DeBose","Arthur Laurents","Brian d\u2019Arcy James","Corey Stoll","David \u00c1lvarez","Jerome Robbins","Josh Andr\u00e9s Rivera","Leonard Bernstein","Mike Faist","Nueva York","oscar","Rachel Zegler","Rita Moreno","Stephen Sondheim","Steven Spielberg","The Walt Disney Company"],"articleSection":["Cine","Entretenimiento"],"inLanguage":"es","potentialAction":[{"@type":"CommentAction","name":"Comment","target":["https:\/\/zeromagazine.mx\/index.php\/2021\/09\/20\/amor-sin-barreras-ya-tiene-fecha-de-estreno\/#respond"]}]},{"@type":"WebPage","@id":"https:\/\/zeromagazine.mx\/index.php\/2021\/09\/20\/amor-sin-barreras-ya-tiene-fecha-de-estreno\/","url":"https:\/\/zeromagazine.mx\/index.php\/2021\/09\/20\/amor-sin-barreras-ya-tiene-fecha-de-estreno\/","name":"\"AMOR SIN BARRERAS\" ya tiene fecha de estreno - Zero Magazine","isPartOf":{"@id":"https:\/\/zeromagazine.mx\/#website"},"primaryImageOfPage":{"@id":"https:\/\/zeromagazine.mx\/index.php\/2021\/09\/20\/amor-sin-barreras-ya-tiene-fecha-de-estreno\/#primaryimage"},"image":{"@id":"https:\/\/zeromagazine.mx\/index.php\/2021\/09\/20\/amor-sin-barreras-ya-tiene-fecha-de-estreno\/#primaryimage"},"thumbnailUrl":"","datePublished":"2021-09-20T21:00:00+00:00","breadcrumb":{"@id":"https:\/\/zeromagazine.mx\/index.php\/2021\/09\/20\/amor-sin-barreras-ya-tiene-fecha-de-estreno\/#breadcrumb"},"inLanguage":"es","potentialAction":[{"@type":"ReadAction","target":["https:\/\/zeromagazine.mx\/index.php\/2021\/09\/20\/amor-sin-barreras-ya-tiene-fecha-de-estreno\/"]}]},{"@type":"ImageObject","inLanguage":"es","@id":"https:\/\/zeromagazine.mx\/index.php\/2021\/09\/20\/amor-sin-barreras-ya-tiene-fecha-de-estreno\/#primaryimage","url":"","contentUrl":""},{"@type":"BreadcrumbList","@id":"https:\/\/zeromagazine.mx\/index.php\/2021\/09\/20\/amor-sin-barreras-ya-tiene-fecha-de-estreno\/#breadcrumb","itemListElement":[{"@type":"ListItem","position":1,"name":"Portada","item":"https:\/\/zeromagazine.mx\/"},{"@type":"ListItem","position":2,"name":"\u00abAMOR SIN BARRERAS\u00bb ya tiene fecha de estreno"}]},{"@type":"WebSite","@id":"https:\/\/zeromagazine.mx\/#website","url":"https:\/\/zeromagazine.mx\/","name":"Zero Magazine","description":"","publisher":{"@id":"https:\/\/zeromagazine.mx\/#organization"},"potentialAction":[{"@type":"SearchAction","target":{"@type":"EntryPoint","urlTemplate":"https:\/\/zeromagazine.mx\/?s={search_term_string}"},"query-input":{"@type":"PropertyValueSpecification","valueRequired":true,"valueName":"search_term_string"}}],"inLanguage":"es"},{"@type":"Organization","@id":"https:\/\/zeromagazine.mx\/#organization","name":"Zero Magazine","url":"https:\/\/zeromagazine.mx\/","logo":{"@type":"ImageObject","inLanguage":"es","@id":"https:\/\/zeromagazine.mx\/#\/schema\/logo\/image\/","url":"https:\/\/i0.wp.com\/zeromagazine.mx\/wp-content\/uploads\/2025\/11\/1.jpeg?fit=1000%2C1000&ssl=1","contentUrl":"https:\/\/i0.wp.com\/zeromagazine.mx\/wp-content\/uploads\/2025\/11\/1.jpeg?fit=1000%2C1000&ssl=1","width":1000,"height":1000,"caption":"Zero Magazine"},"image":{"@id":"https:\/\/zeromagazine.mx\/#\/schema\/logo\/image\/"},"sameAs":["https:\/\/instagram.com\/zeromagazinemx"]},{"@type":"Person","@id":"https:\/\/zeromagazine.mx\/#\/schema\/person\/9aed9f33a7c39af3a348b86d723f7773","name":"zeromagazinemx","image":{"@type":"ImageObject","inLanguage":"es","@id":"https:\/\/zeromagazine.mx\/wp-content\/litespeed\/avatar\/f91dfe5410d5dcb1a576bf8c45983896.jpg?ver=1776966396","url":"https:\/\/zeromagazine.mx\/wp-content\/litespeed\/avatar\/f91dfe5410d5dcb1a576bf8c45983896.jpg?ver=1776966396","contentUrl":"https:\/\/zeromagazine.mx\/wp-content\/litespeed\/avatar\/f91dfe5410d5dcb1a576bf8c45983896.jpg?ver=1776966396","caption":"zeromagazinemx"},"url":"https:\/\/zeromagazine.mx\/index.php\/author\/zeromagazinemx\/"}]}},"jetpack_publicize_connections":[],"jetpack_featured_media_url":"","jetpack-related-posts":[{"id":50760,"url":"https:\/\/zeromagazine.mx\/index.php\/2021\/07\/24\/gerardo-quiroz-y-sus-suenos-en-broadway\/","url_meta":{"origin":54906,"position":0},"title":"Gerardo Quiroz y sus \u00abSue\u00f1os en Broadway\u00bb","author":"zeromagazinemx","date":"24 de julio de 2021","format":false,"excerpt":"Actor, Locutor, Productor de Teatro y Televisi\u00f3n Naci\u00f3 en la Ciudad de M\u00e9xico el 14 de septiembre de 1966, es Licenciado en Comunicaci\u00f3n y Relaciones P\u00fablicas, recibido en la Universidad Latinoamericana en 1991, con menci\u00f3n honor\u00edfica con la tesis \"El Actor Como Comunicador Social en la Cinematograf\u00eda\". Desde 1978 inici\u00f3\u2026","rel":"","context":"En \u00abEntrevistas\u00bb","block_context":{"text":"Entrevistas","link":"https:\/\/zeromagazine.mx\/index.php\/category\/entretenimiento\/entrevistas\/"},"img":{"alt_text":"","src":"","width":0,"height":0},"classes":[]},{"id":73801,"url":"https:\/\/zeromagazine.mx\/index.php\/2024\/04\/12\/trailer-de-la-tercera-temporada-de-bridgerton\/","url_meta":{"origin":54906,"position":1},"title":"Tr\u00e1iler de la tercera temporada de Bridgerton","author":"zeromagazinemx","date":"12 de abril de 2024","format":false,"excerpt":"Hoy Netflix y Shondaland nos han bendecido con el tr\u00e1iler oficial y nuevas im\u00e1genes de la tercera temporada de Bridgerton. Si todav\u00eda no has visto el tr\u00e1iler, \u00bfqu\u00e9 est\u00e1s esperando? \u00a1Ve a echarle un ojo! Y si quieres m\u00e1s, descarga las im\u00e1genes para empaparte a\u00fan m\u00e1s de este mundo tan\u2026","rel":"","context":"En \u00abEntretenimiento\u00bb","block_context":{"text":"Entretenimiento","link":"https:\/\/zeromagazine.mx\/index.php\/category\/entretenimiento\/"},"img":{"alt_text":"","src":"https:\/\/i0.wp.com\/zeromagazine.mx\/wp-content\/uploads\/2024\/04\/BRIDGERTON_302_Unit_05870R-scaled.jpg?fit=1200%2C800&ssl=1&resize=350%2C200","width":350,"height":200,"srcset":"https:\/\/i0.wp.com\/zeromagazine.mx\/wp-content\/uploads\/2024\/04\/BRIDGERTON_302_Unit_05870R-scaled.jpg?fit=1200%2C800&ssl=1&resize=350%2C200 1x, https:\/\/i0.wp.com\/zeromagazine.mx\/wp-content\/uploads\/2024\/04\/BRIDGERTON_302_Unit_05870R-scaled.jpg?fit=1200%2C800&ssl=1&resize=525%2C300 1.5x, https:\/\/i0.wp.com\/zeromagazine.mx\/wp-content\/uploads\/2024\/04\/BRIDGERTON_302_Unit_05870R-scaled.jpg?fit=1200%2C800&ssl=1&resize=700%2C400 2x, https:\/\/i0.wp.com\/zeromagazine.mx\/wp-content\/uploads\/2024\/04\/BRIDGERTON_302_Unit_05870R-scaled.jpg?fit=1200%2C800&ssl=1&resize=1050%2C600 3x"},"classes":[]},{"id":105091,"url":"https:\/\/zeromagazine.mx\/index.php\/2025\/05\/26\/moulin-rouge-el-cabaret-de-paris-en-el-auditorio-nacional\/","url_meta":{"origin":54906,"position":2},"title":"Moulin Rouge: El Cabaret De Paris En El Auditorio Nacional","author":"David Morales","date":"26 de mayo de 2025","format":false,"excerpt":"Amix, si cre\u00edas que el drama, la pasi\u00f3n y el glitter solo viv\u00edan en tu playlist sad de las 2\u202fa.\u202fm; pues prep\u00e1rate, porque Moulin Rouge, The Musical llega por primera vez a M\u00e9xico y va a prender m\u00e1s que tu relaci\u00f3n fallida. Del 24 al 28 de septiembre, el Auditorio\u2026","rel":"","context":"En \u00abBlog\u00bb","block_context":{"text":"Blog","link":"https:\/\/zeromagazine.mx\/index.php\/category\/blog\/"},"img":{"alt_text":"","src":"https:\/\/i0.wp.com\/zeromagazine.mx\/wp-content\/uploads\/2025\/05\/unnamed-2-1.jpg?fit=900%2C506&ssl=1&resize=350%2C200","width":350,"height":200,"srcset":"https:\/\/i0.wp.com\/zeromagazine.mx\/wp-content\/uploads\/2025\/05\/unnamed-2-1.jpg?fit=900%2C506&ssl=1&resize=350%2C200 1x, https:\/\/i0.wp.com\/zeromagazine.mx\/wp-content\/uploads\/2025\/05\/unnamed-2-1.jpg?fit=900%2C506&ssl=1&resize=525%2C300 1.5x, https:\/\/i0.wp.com\/zeromagazine.mx\/wp-content\/uploads\/2025\/05\/unnamed-2-1.jpg?fit=900%2C506&ssl=1&resize=700%2C400 2x"},"classes":[]},{"id":53604,"url":"https:\/\/zeromagazine.mx\/index.php\/2021\/09\/03\/billie-eilish-debuta-en-disney\/","url_meta":{"origin":54906,"position":3},"title":"Billie Eilish debuta en Disney+","author":"zeromagazinemx","date":"3 de septiembre de 2021","format":false,"excerpt":"La artista Billie Eilish har\u00e1 su debut en Disney+ con HAPPIER THAN EVER: UNA CARTA DE AMOR PARA LOS \u00c1NGELES este viernes 3 de septiembre. https:\/\/www.instagram.com\/p\/CR7-5yRLNqH\/?utm_medium=copy_link Por Mayra Torres La artista ganadora de premios Grammy Billie Eilish har\u00e1 su debut en Disney con la experiencia cinematogr\u00e1fica en concierto \u201cHAPPIER THAN\u2026","rel":"","context":"En \u00abCine\u00bb","block_context":{"text":"Cine","link":"https:\/\/zeromagazine.mx\/index.php\/category\/entretenimiento\/cine\/"},"img":{"alt_text":"","src":"https:\/\/i0.wp.com\/img.youtube.com\/vi\/P9l1EjK70m4\/0.jpg?resize=350%2C200","width":350,"height":200},"classes":[]},{"id":79980,"url":"https:\/\/zeromagazine.mx\/index.php\/2024\/07\/05\/la-nueva-peli-de-terror-japonesa-que-no-te-dejara-dormir\/","url_meta":{"origin":54906,"position":4},"title":"La Nueva Peli que No Te Dejar\u00e1 Dormir","author":"zeromagazinemx","date":"5 de julio de 2024","format":false,"excerpt":"Tengo una noticia que les va a poner los pelos de punta. Hideo Nakata, quien muchxs consideran el papi del terror japon\u00e9s moderno, est\u00e1 de regreso con una nueva peli que promete dejarnos temblando. Su m\u00e1s reciente trabajo, El \u00daltimo Conjuro, acaba de estrenar tr\u00e1iler y la neta es que\u2026","rel":"","context":"En \u00abCine\u00bb","block_context":{"text":"Cine","link":"https:\/\/zeromagazine.mx\/index.php\/category\/entretenimiento\/cine\/"},"img":{"alt_text":"","src":"https:\/\/i0.wp.com\/zeromagazine.mx\/wp-content\/uploads\/2024\/07\/maxresdefault.jpg?fit=1200%2C675&ssl=1&resize=350%2C200","width":350,"height":200,"srcset":"https:\/\/i0.wp.com\/zeromagazine.mx\/wp-content\/uploads\/2024\/07\/maxresdefault.jpg?fit=1200%2C675&ssl=1&resize=350%2C200 1x, https:\/\/i0.wp.com\/zeromagazine.mx\/wp-content\/uploads\/2024\/07\/maxresdefault.jpg?fit=1200%2C675&ssl=1&resize=525%2C300 1.5x, https:\/\/i0.wp.com\/zeromagazine.mx\/wp-content\/uploads\/2024\/07\/maxresdefault.jpg?fit=1200%2C675&ssl=1&resize=700%2C400 2x, https:\/\/i0.wp.com\/zeromagazine.mx\/wp-content\/uploads\/2024\/07\/maxresdefault.jpg?fit=1200%2C675&ssl=1&resize=1050%2C600 3x"},"classes":[]},{"id":80726,"url":"https:\/\/zeromagazine.mx\/index.php\/2024\/07\/24\/anitta-x-pandora-joyas\/","url_meta":{"origin":54906,"position":5},"title":"Anitta x Pandora: Joyas","author":"zeromagazinemx","date":"24 de julio de 2024","format":false,"excerpt":"Pandora y Anitta acaban de dar un anuncio que est\u00e1 sacudiendo el mundo de la moda y la m\u00fasica. La superestrella global, nominada a los GRAMMY\u00ae, se ha unido a Pandora como una de sus nuevas embajadoras de marca, esta colaboraci\u00f3n promete no solo nuevas y fabulosas colecciones de joyer\u00eda,\u2026","rel":"","context":"En \u00abModa\u00bb","block_context":{"text":"Moda","link":"https:\/\/zeromagazine.mx\/index.php\/category\/moda\/"},"img":{"alt_text":"","src":"https:\/\/i0.wp.com\/zeromagazine.mx\/wp-content\/uploads\/2024\/07\/2218_IMGN_240207_Pandora_BeLove_Anitta_04_024_R0-scaled.jpg?fit=800%2C1200&ssl=1&resize=350%2C200","width":350,"height":200,"srcset":"https:\/\/i0.wp.com\/zeromagazine.mx\/wp-content\/uploads\/2024\/07\/2218_IMGN_240207_Pandora_BeLove_Anitta_04_024_R0-scaled.jpg?fit=800%2C1200&ssl=1&resize=350%2C200 1x, https:\/\/i0.wp.com\/zeromagazine.mx\/wp-content\/uploads\/2024\/07\/2218_IMGN_240207_Pandora_BeLove_Anitta_04_024_R0-scaled.jpg?fit=800%2C1200&ssl=1&resize=525%2C300 1.5x, https:\/\/i0.wp.com\/zeromagazine.mx\/wp-content\/uploads\/2024\/07\/2218_IMGN_240207_Pandora_BeLove_Anitta_04_024_R0-scaled.jpg?fit=800%2C1200&ssl=1&resize=700%2C400 2x"},"classes":[]}],"jetpack_sharing_enabled":true,"builder_content":"","_links":{"self":[{"href":"https:\/\/zeromagazine.mx\/index.php\/wp-json\/wp\/v2\/posts\/54906","targetHints":{"allow":["GET"]}}],"collection":[{"href":"https:\/\/zeromagazine.mx\/index.php\/wp-json\/wp\/v2\/posts"}],"about":[{"href":"https:\/\/zeromagazine.mx\/index.php\/wp-json\/wp\/v2\/types\/post"}],"author":[{"embeddable":true,"href":"https:\/\/zeromagazine.mx\/index.php\/wp-json\/wp\/v2\/users\/2"}],"replies":[{"embeddable":true,"href":"https:\/\/zeromagazine.mx\/index.php\/wp-json\/wp\/v2\/comments?post=54906"}],"version-history":[{"count":0,"href":"https:\/\/zeromagazine.mx\/index.php\/wp-json\/wp\/v2\/posts\/54906\/revisions"}],"wp:featuredmedia":[{"embeddable":true,"href":"https:\/\/zeromagazine.mx\/index.php\/wp-json\/"}],"wp:attachment":[{"href":"https:\/\/zeromagazine.mx\/index.php\/wp-json\/wp\/v2\/media?parent=54906"}],"wp:term":[{"taxonomy":"category","embeddable":true,"href":"https:\/\/zeromagazine.mx\/index.php\/wp-json\/wp\/v2\/categories?post=54906"},{"taxonomy":"post_tag","embeddable":true,"href":"https:\/\/zeromagazine.mx\/index.php\/wp-json\/wp\/v2\/tags?post=54906"}],"curies":[{"name":"wp","href":"https:\/\/api.w.org\/{rel}","templated":true}]}}