{"id":55912,"date":"2021-10-14T12:00:00","date_gmt":"2021-10-14T17:00:00","guid":{"rendered":"https:\/\/atomic-temporary-84115225.wpcomstaging.com\/?p=55912"},"modified":"2021-10-14T12:00:00","modified_gmt":"2021-10-14T17:00:00","slug":"celebra-los-folkloristas-55-anos-de-actividad-con-un-concierto","status":"publish","type":"post","link":"https:\/\/zeromagazine.mx\/index.php\/2021\/10\/14\/celebra-los-folkloristas-55-anos-de-actividad-con-un-concierto\/","title":{"rendered":"Celebra los Folkloristas 55 a\u00f1os de actividad"},"content":{"rendered":"\n<p>La agrupaci\u00f3n mexicana es referente en la difusi\u00f3n de la m\u00fasica folcl\u00f3rica de<strong> M\u00e9xico <\/strong>y Latinoam\u00e9rica, y ha acompa\u00f1ado luchas democr\u00e1ticas de los j\u00f3venes. El concierto se realizar\u00e1 el pr\u00f3ximo domingo 24 de octubre a las 18:00 horas.<\/p>\n\n\n\n<div class=\"wp-block-image coblocks-animate\"><figure class=\"aligncenter size-full is-resized\"><a href=\"https:\/\/i0.wp.com\/zeromagazinemx.wpcomstaging.com\/wp-content\/uploads\/2022\/02\/e8634-los-folkloristas.jpg?ssl=1\"><img data-recalc-dims=\"1\" decoding=\"async\" src=\"https:\/\/i0.wp.com\/zeromagazinemx.wpcomstaging.com\/wp-content\/uploads\/2022\/02\/e8634-los-folkloristas.jpg?resize=737%2C963&#038;ssl=1\" alt=\"\" class=\"wp-image-55917\" width=\"737\" height=\"963\" \/><\/a><\/figure><\/div>\n\n\n\n<div class=\"wp-block-buttons is-layout-flex wp-block-buttons-is-layout-flex\">\n<div class=\"wp-block-button is-style-outline is-style-outline--1\"><a class=\"wp-block-button__link\">Por Marian Ricco<\/a><\/div>\n<\/div>\n\n\n\n<p>Despu\u00e9s de a\u00f1o y medio de ausencia de los escenarios, el legendario grupo de m\u00fasica mexicano <strong>Los Folkloristas<\/strong> volver\u00e1 al <strong>Teatro de la Ciudad Esperanza Iris <\/strong>para ofrecer un concierto con el que celebrar\u00e1 <strong>55 a\u00f1os<\/strong> de su fundaci\u00f3n y de ser una instituci\u00f3n art\u00edstica referente tanto en M\u00e9xico como en Latinoam\u00e9rica y Europa.<\/p>\n\n\n\n<p>Esta presentaci\u00f3n especial se llevar\u00e1 a cabo el pr\u00f3ximo domingo 24 de octubre a las 18:00 horas. <strong>Los Folkloristas<\/strong> celebran as\u00ed m\u00e1s de medio sigo de \u201c<em>trabajo ininterrumpido, de investigaci\u00f3n musical de las expresiones culturales, de rescate de las ra\u00edces folcl\u00f3ricas de <strong>M\u00e9xico <\/strong>y <strong>Latinoam\u00e9rica<\/strong>, y de incorporar el conocimiento a su repertorio y divulgar tanto en <strong>M\u00e9xico <\/strong>y el mundo la riqueza de su m\u00fasica folcl\u00f3rica de <strong>Am\u00e9rica<\/strong><\/em>\u00ab.<\/p>\n\n\n\n<p><strong>Los Folkloristas<\/strong> se ha presentado as\u00ed en los m\u00e1s prestigiados recintos culturas y de espect\u00e1culos de <strong>M\u00e9xico<\/strong>, <strong>Latinoam\u00e9rica<\/strong> y <strong>Europa<\/strong>, donde han llevado el folclor latinoamericano y, sobre todo, han acompa\u00f1ado las luchas democr\u00e1ticas de numerosas generaciones de j\u00f3venes en diversas partes del mundo.<\/p>\n\n\n\n<figure class=\"wp-block-embed aligncenter is-type-rich is-provider-instagram wp-block-embed-instagram\"><div class=\"wp-block-embed__wrapper\">\nhttps:\/\/www.instagram.com\/p\/CS7QjL9KED0\/?utm_medium=share_sheet\n<\/div><\/figure>\n\n\n\n\n\n<p>Una de las \u00faltimas presentaciones del grupo antes de la pandemia se realiz\u00f3 precisamente en el coloso de Donceles 36, en octubre de 2019, cuando dieron a conocer su m\u00e1s reciente producci\u00f3n discogr\u00e1fica titulada Cantando ra\u00edces, un disco que destaca por el uso de modelos de la m\u00fasica representativa de varios pa\u00edses que fueron elegidos por su car\u00e1cter festivo (<em><strong>Cuba<\/strong>, <strong>Bolivia<\/strong>, <strong>Chile <\/strong>y otros<\/em>).<\/p>\n\n\n\n<p><strong>Los Folkloristas<\/strong>: 55 a\u00f1os se llevar\u00e1 a cabo el domingo 24 de octubre a las 18:00 horas en el <strong>Teatro de la Ciudad Esperanza Iris<\/strong> (Donceles 36, <strong>Centro Hist\u00f3rico<\/strong>), con las disposiciones del sem\u00e1foro epidemiol\u00f3gico vigente: cupo limitado al 75% por ciento de la capacidad del recinto y uso permanente de cubre-bocas, gel anti-bacterial y registro de c\u00f3digo QR por tanto del personal del teatro como de los espectadores.<\/p>\n\n\n\n<p>Admisi\u00f3n: Luneta, $500; Primer Piso Central, $450; Primer Piso Lateral, $380; Anfiteatro, $300; galer\u00eda $200. Los boletos se pueden adquirir en la taquilla del teatro y en las plataformas digitales de <strong>Ticketmaster.<\/strong> Para conocer la programaci\u00f3n de la direcci\u00f3n del <strong>Sistema de Teatros de la Ciudad de M\u00e9xico<\/strong>.<\/p>\n\n\n\n<p class=\"has-text-align-center\"> Visita las redes sociales en:<\/p>\n\n\n\n<p class=\"has-text-align-center\"> <strong>Facebook<\/strong>: <a href=\"https:\/\/www.facebook.com\/TeatrosCdMexico\/\">@TeatrosCdMexico<\/a><\/p>\n\n\n\n<p class=\"has-text-align-center\"><strong>Twitter<\/strong>: <a href=\"https:\/\/twitter.com\/TeatrosCdMexico?t=yFoL97jzRjZmd5_8grLzlw&amp;s=09\">@TeatrosCdMexico <\/a> <\/p>\n\n\n\n<p class=\"has-text-align-center\"><strong>Instagram<\/strong>: <a href=\"https:\/\/instagram.com\/teatroscdmexico?utm_medium=copy_link\">@teatroscdmexico<\/a><\/p>\n\n\n\n\n<!--themify_builder_content-->\n<div id=\"themify_builder_content-55912\" data-postid=\"55912\" class=\"themify_builder_content themify_builder_content-55912 themify_builder tf_clear\">\n    <\/div>\n<!--\/themify_builder_content-->\n","protected":false},"excerpt":{"rendered":"<p>La agrupaci\u00f3n mexicana es referente en la difusi\u00f3n de la m\u00fasica folcl\u00f3rica de M\u00e9xico y Latinoam\u00e9rica, y ha acompa\u00f1ado luchas democr\u00e1ticas de los j\u00f3venes. El concierto se realizar\u00e1 el pr\u00f3ximo domingo 24 de octubre a las 18:00 horas. Despu\u00e9s de a\u00f1o y medio de ausencia de los escenarios, el legendario grupo de m\u00fasica mexicano Los [&hellip;]<\/p>\n","protected":false},"author":2,"featured_media":0,"comment_status":"open","ping_status":"open","sticky":false,"template":"","format":"standard","meta":{"_jetpack_memberships_contains_paid_content":false,"footnotes":"","jetpack_publicize_message":"Folkloristas celebra los 55 a\u00f1os de actividad con un Concierto en el Teatro de la Ciudad Esperanza Iris, \u00a1No te lo puedes perder! ","jetpack_publicize_feature_enabled":true,"jetpack_social_post_already_shared":true,"jetpack_social_options":{"image_generator_settings":{"template":"highway","default_image_id":0,"font":"","enabled":false},"version":2}},"categories":[117,311],"tags":[5238,5705,5706,4466,5707,4913,543,5708,144,5709,5710,314],"class_list":["post-55912","post","type-post","status-publish","format-standard","hentry","category-entretenimiento","category-teatro","tag-america","tag-bolivia","tag-centro-historico","tag-chile","tag-cuba","tag-europa","tag-latinoamerica","tag-los-folkloristas","tag-mexico","tag-sistema-de-teatros-de-la-ciudad-de-mexico","tag-teatro-de-la-ciudad-esperanza-iris","tag-ticketmaster","has-post-title","has-post-date","has-post-category","has-post-tag","has-post-comment","has-post-author",""],"yoast_head":"<!-- This site is optimized with the Yoast SEO plugin v27.5 - https:\/\/yoast.com\/product\/yoast-seo-wordpress\/ -->\n<title>Celebra los Folkloristas 55 a\u00f1os de actividad - Zero Magazine<\/title>\n<meta name=\"robots\" content=\"index, follow, max-snippet:-1, max-image-preview:large, max-video-preview:-1\" \/>\n<link rel=\"canonical\" href=\"https:\/\/zeromagazine.mx\/index.php\/2021\/10\/14\/celebra-los-folkloristas-55-anos-de-actividad-con-un-concierto\/\" \/>\n<meta property=\"og:locale\" content=\"es_ES\" \/>\n<meta property=\"og:type\" content=\"article\" \/>\n<meta property=\"og:title\" content=\"Celebra los Folkloristas 55 a\u00f1os de actividad - Zero Magazine\" \/>\n<meta property=\"og:description\" content=\"La agrupaci\u00f3n mexicana es referente en la difusi\u00f3n de la m\u00fasica folcl\u00f3rica de M\u00e9xico y Latinoam\u00e9rica, y ha acompa\u00f1ado luchas democr\u00e1ticas de los j\u00f3venes. El concierto se realizar\u00e1 el pr\u00f3ximo domingo 24 de octubre a las 18:00 horas. Despu\u00e9s de a\u00f1o y medio de ausencia de los escenarios, el legendario grupo de m\u00fasica mexicano Los [&hellip;]\" \/>\n<meta property=\"og:url\" content=\"https:\/\/zeromagazine.mx\/index.php\/2021\/10\/14\/celebra-los-folkloristas-55-anos-de-actividad-con-un-concierto\/\" \/>\n<meta property=\"og:site_name\" content=\"Zero Magazine\" \/>\n<meta property=\"article:published_time\" content=\"2021-10-14T17:00:00+00:00\" \/>\n<meta property=\"og:image\" content=\"https:\/\/zeromagazinemx.wpcomstaging.com\/wp-content\/uploads\/2022\/02\/e8634-los-folkloristas.jpg\" \/>\n<meta name=\"author\" content=\"zeromagazinemx\" \/>\n<meta name=\"twitter:card\" content=\"summary_large_image\" \/>\n<meta name=\"twitter:label1\" content=\"Escrito por\" \/>\n\t<meta name=\"twitter:data1\" content=\"zeromagazinemx\" \/>\n\t<meta name=\"twitter:label2\" content=\"Tiempo de lectura\" \/>\n\t<meta name=\"twitter:data2\" content=\"2 minutos\" \/>\n<script type=\"application\/ld+json\" class=\"yoast-schema-graph\">{\"@context\":\"https:\\\/\\\/schema.org\",\"@graph\":[{\"@type\":\"Article\",\"@id\":\"https:\\\/\\\/zeromagazine.mx\\\/index.php\\\/2021\\\/10\\\/14\\\/celebra-los-folkloristas-55-anos-de-actividad-con-un-concierto\\\/#article\",\"isPartOf\":{\"@id\":\"https:\\\/\\\/zeromagazine.mx\\\/index.php\\\/2021\\\/10\\\/14\\\/celebra-los-folkloristas-55-anos-de-actividad-con-un-concierto\\\/\"},\"author\":{\"name\":\"zeromagazinemx\",\"@id\":\"https:\\\/\\\/zeromagazine.mx\\\/#\\\/schema\\\/person\\\/9aed9f33a7c39af3a348b86d723f7773\"},\"headline\":\"Celebra los Folkloristas 55 a\u00f1os de actividad\",\"datePublished\":\"2021-10-14T17:00:00+00:00\",\"mainEntityOfPage\":{\"@id\":\"https:\\\/\\\/zeromagazine.mx\\\/index.php\\\/2021\\\/10\\\/14\\\/celebra-los-folkloristas-55-anos-de-actividad-con-un-concierto\\\/\"},\"wordCount\":457,\"commentCount\":0,\"publisher\":{\"@id\":\"https:\\\/\\\/zeromagazine.mx\\\/#organization\"},\"image\":{\"@id\":\"https:\\\/\\\/zeromagazine.mx\\\/index.php\\\/2021\\\/10\\\/14\\\/celebra-los-folkloristas-55-anos-de-actividad-con-un-concierto\\\/#primaryimage\"},\"thumbnailUrl\":\"https:\\\/\\\/zeromagazinemx.wpcomstaging.com\\\/wp-content\\\/uploads\\\/2022\\\/02\\\/e8634-los-folkloristas.jpg\",\"keywords\":[\"america\",\"Bolivia\",\"CENTRO HIST\u00d3RICO\",\"chile\",\"cuba\",\"Europa\",\"latinoamerica\",\"Los Folkloristas\",\"M\u00c9XICO\",\"Sistema de Teatros de la Ciudad de M\u00e9xico\",\"Teatro de la Ciudad Esperanza Iris\",\"ticketmaster\"],\"articleSection\":[\"Entretenimiento\",\"Teatro\"],\"inLanguage\":\"es\",\"potentialAction\":[{\"@type\":\"CommentAction\",\"name\":\"Comment\",\"target\":[\"https:\\\/\\\/zeromagazine.mx\\\/index.php\\\/2021\\\/10\\\/14\\\/celebra-los-folkloristas-55-anos-de-actividad-con-un-concierto\\\/#respond\"]}]},{\"@type\":\"WebPage\",\"@id\":\"https:\\\/\\\/zeromagazine.mx\\\/index.php\\\/2021\\\/10\\\/14\\\/celebra-los-folkloristas-55-anos-de-actividad-con-un-concierto\\\/\",\"url\":\"https:\\\/\\\/zeromagazine.mx\\\/index.php\\\/2021\\\/10\\\/14\\\/celebra-los-folkloristas-55-anos-de-actividad-con-un-concierto\\\/\",\"name\":\"Celebra los Folkloristas 55 a\u00f1os de actividad - Zero Magazine\",\"isPartOf\":{\"@id\":\"https:\\\/\\\/zeromagazine.mx\\\/#website\"},\"primaryImageOfPage\":{\"@id\":\"https:\\\/\\\/zeromagazine.mx\\\/index.php\\\/2021\\\/10\\\/14\\\/celebra-los-folkloristas-55-anos-de-actividad-con-un-concierto\\\/#primaryimage\"},\"image\":{\"@id\":\"https:\\\/\\\/zeromagazine.mx\\\/index.php\\\/2021\\\/10\\\/14\\\/celebra-los-folkloristas-55-anos-de-actividad-con-un-concierto\\\/#primaryimage\"},\"thumbnailUrl\":\"https:\\\/\\\/zeromagazinemx.wpcomstaging.com\\\/wp-content\\\/uploads\\\/2022\\\/02\\\/e8634-los-folkloristas.jpg\",\"datePublished\":\"2021-10-14T17:00:00+00:00\",\"breadcrumb\":{\"@id\":\"https:\\\/\\\/zeromagazine.mx\\\/index.php\\\/2021\\\/10\\\/14\\\/celebra-los-folkloristas-55-anos-de-actividad-con-un-concierto\\\/#breadcrumb\"},\"inLanguage\":\"es\",\"potentialAction\":[{\"@type\":\"ReadAction\",\"target\":[\"https:\\\/\\\/zeromagazine.mx\\\/index.php\\\/2021\\\/10\\\/14\\\/celebra-los-folkloristas-55-anos-de-actividad-con-un-concierto\\\/\"]}]},{\"@type\":\"ImageObject\",\"inLanguage\":\"es\",\"@id\":\"https:\\\/\\\/zeromagazine.mx\\\/index.php\\\/2021\\\/10\\\/14\\\/celebra-los-folkloristas-55-anos-de-actividad-con-un-concierto\\\/#primaryimage\",\"url\":\"https:\\\/\\\/zeromagazinemx.wpcomstaging.com\\\/wp-content\\\/uploads\\\/2022\\\/02\\\/e8634-los-folkloristas.jpg\",\"contentUrl\":\"https:\\\/\\\/zeromagazinemx.wpcomstaging.com\\\/wp-content\\\/uploads\\\/2022\\\/02\\\/e8634-los-folkloristas.jpg\"},{\"@type\":\"BreadcrumbList\",\"@id\":\"https:\\\/\\\/zeromagazine.mx\\\/index.php\\\/2021\\\/10\\\/14\\\/celebra-los-folkloristas-55-anos-de-actividad-con-un-concierto\\\/#breadcrumb\",\"itemListElement\":[{\"@type\":\"ListItem\",\"position\":1,\"name\":\"Portada\",\"item\":\"https:\\\/\\\/zeromagazine.mx\\\/\"},{\"@type\":\"ListItem\",\"position\":2,\"name\":\"Celebra los Folkloristas 55 a\u00f1os de actividad\"}]},{\"@type\":\"WebSite\",\"@id\":\"https:\\\/\\\/zeromagazine.mx\\\/#website\",\"url\":\"https:\\\/\\\/zeromagazine.mx\\\/\",\"name\":\"Zero Magazine\",\"description\":\"\",\"publisher\":{\"@id\":\"https:\\\/\\\/zeromagazine.mx\\\/#organization\"},\"potentialAction\":[{\"@type\":\"SearchAction\",\"target\":{\"@type\":\"EntryPoint\",\"urlTemplate\":\"https:\\\/\\\/zeromagazine.mx\\\/?s={search_term_string}\"},\"query-input\":{\"@type\":\"PropertyValueSpecification\",\"valueRequired\":true,\"valueName\":\"search_term_string\"}}],\"inLanguage\":\"es\"},{\"@type\":\"Organization\",\"@id\":\"https:\\\/\\\/zeromagazine.mx\\\/#organization\",\"name\":\"Zero Magazine\",\"url\":\"https:\\\/\\\/zeromagazine.mx\\\/\",\"logo\":{\"@type\":\"ImageObject\",\"inLanguage\":\"es\",\"@id\":\"https:\\\/\\\/zeromagazine.mx\\\/#\\\/schema\\\/logo\\\/image\\\/\",\"url\":\"https:\\\/\\\/i0.wp.com\\\/zeromagazine.mx\\\/wp-content\\\/uploads\\\/2025\\\/11\\\/1.jpeg?fit=1000%2C1000&ssl=1\",\"contentUrl\":\"https:\\\/\\\/i0.wp.com\\\/zeromagazine.mx\\\/wp-content\\\/uploads\\\/2025\\\/11\\\/1.jpeg?fit=1000%2C1000&ssl=1\",\"width\":1000,\"height\":1000,\"caption\":\"Zero Magazine\"},\"image\":{\"@id\":\"https:\\\/\\\/zeromagazine.mx\\\/#\\\/schema\\\/logo\\\/image\\\/\"},\"sameAs\":[\"https:\\\/\\\/instagram.com\\\/zeromagazinemx\"]},{\"@type\":\"Person\",\"@id\":\"https:\\\/\\\/zeromagazine.mx\\\/#\\\/schema\\\/person\\\/9aed9f33a7c39af3a348b86d723f7773\",\"name\":\"zeromagazinemx\",\"image\":{\"@type\":\"ImageObject\",\"inLanguage\":\"es\",\"@id\":\"https:\\\/\\\/zeromagazine.mx\\\/wp-content\\\/litespeed\\\/avatar\\\/f91dfe5410d5dcb1a576bf8c45983896.jpg?ver=1776966396\",\"url\":\"https:\\\/\\\/zeromagazine.mx\\\/wp-content\\\/litespeed\\\/avatar\\\/f91dfe5410d5dcb1a576bf8c45983896.jpg?ver=1776966396\",\"contentUrl\":\"https:\\\/\\\/zeromagazine.mx\\\/wp-content\\\/litespeed\\\/avatar\\\/f91dfe5410d5dcb1a576bf8c45983896.jpg?ver=1776966396\",\"caption\":\"zeromagazinemx\"},\"url\":\"https:\\\/\\\/zeromagazine.mx\\\/index.php\\\/author\\\/zeromagazinemx\\\/\"}]}<\/script>\n<!-- \/ Yoast SEO plugin. -->","yoast_head_json":{"title":"Celebra los Folkloristas 55 a\u00f1os de actividad - Zero Magazine","robots":{"index":"index","follow":"follow","max-snippet":"max-snippet:-1","max-image-preview":"max-image-preview:large","max-video-preview":"max-video-preview:-1"},"canonical":"https:\/\/zeromagazine.mx\/index.php\/2021\/10\/14\/celebra-los-folkloristas-55-anos-de-actividad-con-un-concierto\/","og_locale":"es_ES","og_type":"article","og_title":"Celebra los Folkloristas 55 a\u00f1os de actividad - Zero Magazine","og_description":"La agrupaci\u00f3n mexicana es referente en la difusi\u00f3n de la m\u00fasica folcl\u00f3rica de M\u00e9xico y Latinoam\u00e9rica, y ha acompa\u00f1ado luchas democr\u00e1ticas de los j\u00f3venes. El concierto se realizar\u00e1 el pr\u00f3ximo domingo 24 de octubre a las 18:00 horas. Despu\u00e9s de a\u00f1o y medio de ausencia de los escenarios, el legendario grupo de m\u00fasica mexicano Los [&hellip;]","og_url":"https:\/\/zeromagazine.mx\/index.php\/2021\/10\/14\/celebra-los-folkloristas-55-anos-de-actividad-con-un-concierto\/","og_site_name":"Zero Magazine","article_published_time":"2021-10-14T17:00:00+00:00","og_image":[{"url":"https:\/\/zeromagazinemx.wpcomstaging.com\/wp-content\/uploads\/2022\/02\/e8634-los-folkloristas.jpg","type":"","width":"","height":""}],"author":"zeromagazinemx","twitter_card":"summary_large_image","twitter_misc":{"Escrito por":"zeromagazinemx","Tiempo de lectura":"2 minutos"},"schema":{"@context":"https:\/\/schema.org","@graph":[{"@type":"Article","@id":"https:\/\/zeromagazine.mx\/index.php\/2021\/10\/14\/celebra-los-folkloristas-55-anos-de-actividad-con-un-concierto\/#article","isPartOf":{"@id":"https:\/\/zeromagazine.mx\/index.php\/2021\/10\/14\/celebra-los-folkloristas-55-anos-de-actividad-con-un-concierto\/"},"author":{"name":"zeromagazinemx","@id":"https:\/\/zeromagazine.mx\/#\/schema\/person\/9aed9f33a7c39af3a348b86d723f7773"},"headline":"Celebra los Folkloristas 55 a\u00f1os de actividad","datePublished":"2021-10-14T17:00:00+00:00","mainEntityOfPage":{"@id":"https:\/\/zeromagazine.mx\/index.php\/2021\/10\/14\/celebra-los-folkloristas-55-anos-de-actividad-con-un-concierto\/"},"wordCount":457,"commentCount":0,"publisher":{"@id":"https:\/\/zeromagazine.mx\/#organization"},"image":{"@id":"https:\/\/zeromagazine.mx\/index.php\/2021\/10\/14\/celebra-los-folkloristas-55-anos-de-actividad-con-un-concierto\/#primaryimage"},"thumbnailUrl":"https:\/\/zeromagazinemx.wpcomstaging.com\/wp-content\/uploads\/2022\/02\/e8634-los-folkloristas.jpg","keywords":["america","Bolivia","CENTRO HIST\u00d3RICO","chile","cuba","Europa","latinoamerica","Los Folkloristas","M\u00c9XICO","Sistema de Teatros de la Ciudad de M\u00e9xico","Teatro de la Ciudad Esperanza Iris","ticketmaster"],"articleSection":["Entretenimiento","Teatro"],"inLanguage":"es","potentialAction":[{"@type":"CommentAction","name":"Comment","target":["https:\/\/zeromagazine.mx\/index.php\/2021\/10\/14\/celebra-los-folkloristas-55-anos-de-actividad-con-un-concierto\/#respond"]}]},{"@type":"WebPage","@id":"https:\/\/zeromagazine.mx\/index.php\/2021\/10\/14\/celebra-los-folkloristas-55-anos-de-actividad-con-un-concierto\/","url":"https:\/\/zeromagazine.mx\/index.php\/2021\/10\/14\/celebra-los-folkloristas-55-anos-de-actividad-con-un-concierto\/","name":"Celebra los Folkloristas 55 a\u00f1os de actividad - Zero Magazine","isPartOf":{"@id":"https:\/\/zeromagazine.mx\/#website"},"primaryImageOfPage":{"@id":"https:\/\/zeromagazine.mx\/index.php\/2021\/10\/14\/celebra-los-folkloristas-55-anos-de-actividad-con-un-concierto\/#primaryimage"},"image":{"@id":"https:\/\/zeromagazine.mx\/index.php\/2021\/10\/14\/celebra-los-folkloristas-55-anos-de-actividad-con-un-concierto\/#primaryimage"},"thumbnailUrl":"https:\/\/zeromagazinemx.wpcomstaging.com\/wp-content\/uploads\/2022\/02\/e8634-los-folkloristas.jpg","datePublished":"2021-10-14T17:00:00+00:00","breadcrumb":{"@id":"https:\/\/zeromagazine.mx\/index.php\/2021\/10\/14\/celebra-los-folkloristas-55-anos-de-actividad-con-un-concierto\/#breadcrumb"},"inLanguage":"es","potentialAction":[{"@type":"ReadAction","target":["https:\/\/zeromagazine.mx\/index.php\/2021\/10\/14\/celebra-los-folkloristas-55-anos-de-actividad-con-un-concierto\/"]}]},{"@type":"ImageObject","inLanguage":"es","@id":"https:\/\/zeromagazine.mx\/index.php\/2021\/10\/14\/celebra-los-folkloristas-55-anos-de-actividad-con-un-concierto\/#primaryimage","url":"https:\/\/zeromagazinemx.wpcomstaging.com\/wp-content\/uploads\/2022\/02\/e8634-los-folkloristas.jpg","contentUrl":"https:\/\/zeromagazinemx.wpcomstaging.com\/wp-content\/uploads\/2022\/02\/e8634-los-folkloristas.jpg"},{"@type":"BreadcrumbList","@id":"https:\/\/zeromagazine.mx\/index.php\/2021\/10\/14\/celebra-los-folkloristas-55-anos-de-actividad-con-un-concierto\/#breadcrumb","itemListElement":[{"@type":"ListItem","position":1,"name":"Portada","item":"https:\/\/zeromagazine.mx\/"},{"@type":"ListItem","position":2,"name":"Celebra los Folkloristas 55 a\u00f1os de actividad"}]},{"@type":"WebSite","@id":"https:\/\/zeromagazine.mx\/#website","url":"https:\/\/zeromagazine.mx\/","name":"Zero Magazine","description":"","publisher":{"@id":"https:\/\/zeromagazine.mx\/#organization"},"potentialAction":[{"@type":"SearchAction","target":{"@type":"EntryPoint","urlTemplate":"https:\/\/zeromagazine.mx\/?s={search_term_string}"},"query-input":{"@type":"PropertyValueSpecification","valueRequired":true,"valueName":"search_term_string"}}],"inLanguage":"es"},{"@type":"Organization","@id":"https:\/\/zeromagazine.mx\/#organization","name":"Zero Magazine","url":"https:\/\/zeromagazine.mx\/","logo":{"@type":"ImageObject","inLanguage":"es","@id":"https:\/\/zeromagazine.mx\/#\/schema\/logo\/image\/","url":"https:\/\/i0.wp.com\/zeromagazine.mx\/wp-content\/uploads\/2025\/11\/1.jpeg?fit=1000%2C1000&ssl=1","contentUrl":"https:\/\/i0.wp.com\/zeromagazine.mx\/wp-content\/uploads\/2025\/11\/1.jpeg?fit=1000%2C1000&ssl=1","width":1000,"height":1000,"caption":"Zero Magazine"},"image":{"@id":"https:\/\/zeromagazine.mx\/#\/schema\/logo\/image\/"},"sameAs":["https:\/\/instagram.com\/zeromagazinemx"]},{"@type":"Person","@id":"https:\/\/zeromagazine.mx\/#\/schema\/person\/9aed9f33a7c39af3a348b86d723f7773","name":"zeromagazinemx","image":{"@type":"ImageObject","inLanguage":"es","@id":"https:\/\/zeromagazine.mx\/wp-content\/litespeed\/avatar\/f91dfe5410d5dcb1a576bf8c45983896.jpg?ver=1776966396","url":"https:\/\/zeromagazine.mx\/wp-content\/litespeed\/avatar\/f91dfe5410d5dcb1a576bf8c45983896.jpg?ver=1776966396","contentUrl":"https:\/\/zeromagazine.mx\/wp-content\/litespeed\/avatar\/f91dfe5410d5dcb1a576bf8c45983896.jpg?ver=1776966396","caption":"zeromagazinemx"},"url":"https:\/\/zeromagazine.mx\/index.php\/author\/zeromagazinemx\/"}]}},"jetpack_publicize_connections":[],"jetpack_featured_media_url":"","jetpack-related-posts":[{"id":70524,"url":"https:\/\/zeromagazine.mx\/index.php\/2024\/02\/02\/lasso-regresa-a-la-ciudad-de-mexico-con-un-concierto-imperdible-en-el-teatro-metropolitan\/","url_meta":{"origin":55912,"position":0},"title":"Lasso regresa a la Ciudad de M\u00e9xico con un concierto imperdible en el teatro Metrop\u00f3litan","author":"David Morales","date":"2 de febrero de 2024","format":false,"excerpt":"LASSO 2 de febrero 21:00 horas QUEDARSE SOLO PARA SIEMPRE \u00a1Regresa a la Ciudad de M\u00e9xico con un concierto imperdible de su gira mundial 2024! Teatro Metrop\u00f3litan Prep\u00e1rense para una noche llena de emociones, m\u00fasica y una experiencia inolvidable, porque el talentoso artista venezolano,\u00a0Lasso, llega al\u00a0Teatro Metrop\u00f3litan\u00a0como parte de su\u2026","rel":"","context":"En \u00abEntretenimiento\u00bb","block_context":{"text":"Entretenimiento","link":"https:\/\/zeromagazine.mx\/index.php\/category\/entretenimiento\/"},"img":{"alt_text":"","src":"https:\/\/i0.wp.com\/zeromagazine.mx\/wp-content\/uploads\/2024\/02\/F5Tj5ZDX0AASZwS-2.jpg?fit=1200%2C628&ssl=1&resize=350%2C200","width":350,"height":200,"srcset":"https:\/\/i0.wp.com\/zeromagazine.mx\/wp-content\/uploads\/2024\/02\/F5Tj5ZDX0AASZwS-2.jpg?fit=1200%2C628&ssl=1&resize=350%2C200 1x, https:\/\/i0.wp.com\/zeromagazine.mx\/wp-content\/uploads\/2024\/02\/F5Tj5ZDX0AASZwS-2.jpg?fit=1200%2C628&ssl=1&resize=525%2C300 1.5x, https:\/\/i0.wp.com\/zeromagazine.mx\/wp-content\/uploads\/2024\/02\/F5Tj5ZDX0AASZwS-2.jpg?fit=1200%2C628&ssl=1&resize=700%2C400 2x, https:\/\/i0.wp.com\/zeromagazine.mx\/wp-content\/uploads\/2024\/02\/F5Tj5ZDX0AASZwS-2.jpg?fit=1200%2C628&ssl=1&resize=1050%2C600 3x"},"classes":[]},{"id":76314,"url":"https:\/\/zeromagazine.mx\/index.php\/2024\/05\/21\/allison-concierto-acustico-en-el-metropolitan\/","url_meta":{"origin":55912,"position":1},"title":"Allison: Concierto Ac\u00fastico en el Metrop\u00f3litan","author":"zeromagazinemx","date":"21 de mayo de 2024","format":false,"excerpt":"la banda mexicana Allison est\u00e1 a punto de llevar su talento a otro nivel. Resulta que van a dar un concierto ac\u00fastico en uno de los lugares m\u00e1s ic\u00f3nicos de la Ciudad de M\u00e9xico: El Teatro Metrop\u00f3litan. \u00a1Qu\u00e9 emoci\u00f3n, chavos! Es como un sue\u00f1o hecho realidad para todos nosotros que\u2026","rel":"","context":"En \u00abEntretenimiento\u00bb","block_context":{"text":"Entretenimiento","link":"https:\/\/zeromagazine.mx\/index.php\/category\/entretenimiento\/"},"img":{"alt_text":"","src":"https:\/\/i0.wp.com\/zeromagazine.mx\/wp-content\/uploads\/2024\/05\/WhatsApp-Image-2024-05-20-at-1.54.13-PM.jpeg?fit=1200%2C629&ssl=1&resize=350%2C200","width":350,"height":200,"srcset":"https:\/\/i0.wp.com\/zeromagazine.mx\/wp-content\/uploads\/2024\/05\/WhatsApp-Image-2024-05-20-at-1.54.13-PM.jpeg?fit=1200%2C629&ssl=1&resize=350%2C200 1x, https:\/\/i0.wp.com\/zeromagazine.mx\/wp-content\/uploads\/2024\/05\/WhatsApp-Image-2024-05-20-at-1.54.13-PM.jpeg?fit=1200%2C629&ssl=1&resize=525%2C300 1.5x, https:\/\/i0.wp.com\/zeromagazine.mx\/wp-content\/uploads\/2024\/05\/WhatsApp-Image-2024-05-20-at-1.54.13-PM.jpeg?fit=1200%2C629&ssl=1&resize=700%2C400 2x, https:\/\/i0.wp.com\/zeromagazine.mx\/wp-content\/uploads\/2024\/05\/WhatsApp-Image-2024-05-20-at-1.54.13-PM.jpeg?fit=1200%2C629&ssl=1&resize=1050%2C600 3x"},"classes":[]},{"id":49604,"url":"https:\/\/zeromagazine.mx\/index.php\/2021\/07\/08\/entrevista-a-erick-murias-para-la-obra-de-teatro-el-pagliacho-el-gracioso-de-la-calle-del-relox\/","url_meta":{"origin":55912,"position":2},"title":"Entrevista a Erick Murias para la obra de teatro: \u201cEL PAGLIACHO el gracioso de la calle del relox\u201d","author":"zeromagazinemx","date":"8 de julio de 2021","format":false,"excerpt":"Solo dos funciones: s\u00e1bado 17 y domingo 18 de julio, a las 13:00 horas. En Teatro de la Ciudad Esperanza Iris, Donceles 36, colonia Centro Hist\u00f3rico, cerca del Metro Allende\u00a0 Boletos en l\u00ednea: ticketmaster.com.mx o en la taquilla del recinto Autor\u00eda: Erick Murias, Direcci\u00f3n: Ra\u00fal Zamora, Dramaturgia: Fernando Hondall,\u00a0M\u00fasica Original:\u2026","rel":"","context":"En \u00abEntretenimiento\u00bb","block_context":{"text":"Entretenimiento","link":"https:\/\/zeromagazine.mx\/index.php\/category\/entretenimiento\/"},"img":{"alt_text":"","src":"","width":0,"height":0},"classes":[]},{"id":50214,"url":"https:\/\/zeromagazine.mx\/index.php\/2021\/07\/15\/llega-a-los-teatros-the-prom-el-musical\/","url_meta":{"origin":55912,"position":3},"title":"Llega a los teatros \u201cThe Prom\u201d, el musical","author":"zeromagazinemx","date":"15 de julio de 2021","format":false,"excerpt":"Llega a M\u00e9xico The Prom, un musical que toca temas de inclusi\u00f3n y diversidad sexual. Por Mayra Torres Chema Verduzco y Marte Calder\u00f3n traen a la Ciudad de M\u00e9xico la puesta en escena The Prom, una obra que ha tenido gran \u00e9xito en Broadway y ha obtenido 7 nominaciones a\u2026","rel":"","context":"En \u00abEntretenimiento\u00bb","block_context":{"text":"Entretenimiento","link":"https:\/\/zeromagazine.mx\/index.php\/category\/entretenimiento\/"},"img":{"alt_text":"","src":"","width":0,"height":0},"classes":[]},{"id":48042,"url":"https:\/\/zeromagazine.mx\/index.php\/2021\/06\/17\/alan-estrada-y-alex-fernandez-regresan-al-teatro-aldama\/","url_meta":{"origin":55912,"position":4},"title":"Alan Estrada y Alex Fern\u00e1ndez regresan al Teatro Aldama","author":"zeromagazinemx","date":"17 de junio de 2021","format":false,"excerpt":"Los dos fines de semana pasados, el Teatro Aldama fue testigo del re-estreno del unipersonal Agotados y pronto regresar\u00e1n. Por Moises Kushelevich Alan Estrada regres\u00f3 a darles vida a Sam y a otros 38 personajes de esta puesta en escena junto a una de las mejores actrices mexicanas, Rebecca Jones,\u2026","rel":"","context":"En \u00abEntretenimiento\u00bb","block_context":{"text":"Entretenimiento","link":"https:\/\/zeromagazine.mx\/index.php\/category\/entretenimiento\/"},"img":{"alt_text":"","src":"","width":0,"height":0},"classes":[]},{"id":117247,"url":"https:\/\/zeromagazine.mx\/index.php\/2026\/03\/24\/dia-mundial-teatro\/","url_meta":{"origin":55912,"position":5},"title":"Escenarios que laten: Celebraci\u00f3n del D\u00eda Mundial del teatro","author":"David Morales","date":"24 de marzo de 2026","format":false,"excerpt":"Cada a\u00f1o, el\u00a0d\u00eda mundial teatro\u00a0se convierte en el pretexto perfecto para recordar por qu\u00e9 las artes esc\u00e9nicas siguen m\u00e1s vivas que nunca. En la Ciudad de M\u00e9xico, esta celebraci\u00f3n no pasa desapercibida, porque los escenarios laten con fuerza gracias a una cartelera que mezcla grandes producciones, teatro independiente y propuestas\u2026","rel":"","context":"En \u00abBlog\u00bb","block_context":{"text":"Blog","link":"https:\/\/zeromagazine.mx\/index.php\/category\/blog\/"},"img":{"alt_text":"","src":"https:\/\/i0.wp.com\/zeromagazine.mx\/wp-content\/uploads\/2026\/03\/Matilda-scaled.jpeg?fit=1200%2C651&ssl=1&resize=350%2C200","width":350,"height":200,"srcset":"https:\/\/i0.wp.com\/zeromagazine.mx\/wp-content\/uploads\/2026\/03\/Matilda-scaled.jpeg?fit=1200%2C651&ssl=1&resize=350%2C200 1x, https:\/\/i0.wp.com\/zeromagazine.mx\/wp-content\/uploads\/2026\/03\/Matilda-scaled.jpeg?fit=1200%2C651&ssl=1&resize=525%2C300 1.5x, https:\/\/i0.wp.com\/zeromagazine.mx\/wp-content\/uploads\/2026\/03\/Matilda-scaled.jpeg?fit=1200%2C651&ssl=1&resize=700%2C400 2x, https:\/\/i0.wp.com\/zeromagazine.mx\/wp-content\/uploads\/2026\/03\/Matilda-scaled.jpeg?fit=1200%2C651&ssl=1&resize=1050%2C600 3x"},"classes":[]}],"jetpack_sharing_enabled":true,"builder_content":"","_links":{"self":[{"href":"https:\/\/zeromagazine.mx\/index.php\/wp-json\/wp\/v2\/posts\/55912","targetHints":{"allow":["GET"]}}],"collection":[{"href":"https:\/\/zeromagazine.mx\/index.php\/wp-json\/wp\/v2\/posts"}],"about":[{"href":"https:\/\/zeromagazine.mx\/index.php\/wp-json\/wp\/v2\/types\/post"}],"author":[{"embeddable":true,"href":"https:\/\/zeromagazine.mx\/index.php\/wp-json\/wp\/v2\/users\/2"}],"replies":[{"embeddable":true,"href":"https:\/\/zeromagazine.mx\/index.php\/wp-json\/wp\/v2\/comments?post=55912"}],"version-history":[{"count":0,"href":"https:\/\/zeromagazine.mx\/index.php\/wp-json\/wp\/v2\/posts\/55912\/revisions"}],"wp:attachment":[{"href":"https:\/\/zeromagazine.mx\/index.php\/wp-json\/wp\/v2\/media?parent=55912"}],"wp:term":[{"taxonomy":"category","embeddable":true,"href":"https:\/\/zeromagazine.mx\/index.php\/wp-json\/wp\/v2\/categories?post=55912"},{"taxonomy":"post_tag","embeddable":true,"href":"https:\/\/zeromagazine.mx\/index.php\/wp-json\/wp\/v2\/tags?post=55912"}],"curies":[{"name":"wp","href":"https:\/\/api.w.org\/{rel}","templated":true}]}}