{"id":56324,"date":"2021-10-20T09:00:00","date_gmt":"2021-10-20T14:00:00","guid":{"rendered":"https:\/\/atomic-temporary-84115225.wpcomstaging.com\/?p=56324"},"modified":"2021-10-20T09:00:00","modified_gmt":"2021-10-20T14:00:00","slug":"entrevista-a-ra-colmenero-actor-de-la-obra","status":"publish","type":"post","link":"https:\/\/zeromagazine.mx\/index.php\/2021\/10\/20\/entrevista-a-ra-colmenero-actor-de-la-obra\/","title":{"rendered":"<strong>Entrevista\u200c \u200ca\u200c \u200cRa\u200c \u200cColmenero,\u200c&nbsp;\u200c<\/strong><strong>actor\u200c \u200cde\u200c \u200cla\u200c \u200cobra\u200c \u200c\u201cSerenata\u200c \u200ca\u200c&nbsp;\u200c<\/strong><strong>mis\u200c \u200cmuertos\u201d\u200c&nbsp;<\/strong>"},"content":{"rendered":"\n<p>El viernes 15 de octubre se estren\u00f3 la tan esperada obra \u201c<strong>Serenata a mis muertos<\/strong>\u201d, con<strong> Lorena de la Garza <\/strong>e <strong>Ione Cervantes<\/strong>, participan <strong>Laura Montijano<\/strong>, <strong>Yeka Rosales<\/strong>, <strong>Ra Colmenero<\/strong> y <strong>Diana Llano<\/strong>, los acompa\u00f1an tambi\u00e9n los grandes directores y actores de doblaje <strong>Mar\u00eda Eugenia Guzm\u00e1n <\/strong>y <strong>Jos\u00e9 Gilberto Vilchis<\/strong>.&nbsp;<\/p>\n\n\n\n<div class=\"wp-block-image coblocks-animate\"><figure class=\"aligncenter size-large\"><a href=\"https:\/\/i0.wp.com\/zeromagazinemx.wpcomstaging.com\/wp-content\/uploads\/2022\/02\/f7bfd-ra-colmeno-2.jpeg?ssl=1\"><img data-recalc-dims=\"1\" decoding=\"async\" src=\"https:\/\/i0.wp.com\/zeromagazinemx.wpcomstaging.com\/wp-content\/uploads\/2022\/02\/f7bfd-ra-colmeno-2.jpeg?w=1165&#038;ssl=1\" alt=\"\" class=\"wp-image-56328\" \/><\/a><\/figure><\/div>\n\n\n\n<div class=\"wp-block-buttons is-layout-flex wp-block-buttons-is-layout-flex\">\n<div class=\"wp-block-button is-style-outline is-style-outline--1\"><a class=\"wp-block-button__link\">Por Marian Ricco<\/a><\/div>\n<\/div>\n\n\n\n<p>Tuve la oportunidad de poder entrevistar a <strong>Ra Colmenero<\/strong>, actor que interpreta al personaje Sergio.<\/p>\n\n\n\n<p><strong><em>\u00bfComo va a ser su gran estreno de esta gran obra, como se sienten ahora?<\/em><\/strong><\/p>\n\n\n\n<p>Como me siento con esto, pues vamos a regresar a los escenarios, pues imag\u00ednate como actores, es muy padre, lleno de nervios por supuesto, porque hace tiempo que no estamos ah\u00ed por volver a conectar con la gente y todo esto que te lo da el teatro, de poder estar con la gente que te quiere ver, pues obviamente que me da mucha emoci\u00f3n.<\/p>\n\n\n\n<p><strong><em>\u00bfC\u00f3mo ha sido trabajar con todas estos actores tan importantes en la obra?<\/em><\/strong><\/p>\n\n\n\n<p>Yo estoy muy feliz de protagonizar con Lorena de la Garza, yo no ten\u00eda la oportunidad de conocerla, si la hab\u00eda visto en puestas en escena y la hab\u00eda escuchado cantar de hecho hace tiempo y me sorprend\u00ed porque yo pens\u00e9 que ya solamente era comediante y cuando le escuch\u00e9 cantar, ay que bonita voz. Adem\u00e1s del talento que tiene, me ha encantado conocerla, como persona es lind\u00edsima, hemos hecho una amistad super bonita, es muy profesional. Estoy contento por las personas con las que estoy compartiendo escena, sabes que el tema de la obra es de poder honrar de alguna manera a nuestros muertos, a nuestros difuntos, el entender que nunca muere y el entender que la vida tambi\u00e9n es hoy, hay que disfrutarla porque no sabemos cuanto tiempo nos queda, es super padre poder hacer un homenaje a ellos porque pues bueno, todos hemos perdido a personas importantes y es una manera de cantarle, una manera de homenajearlos.&nbsp;<\/p>\n\n\n\n<p>Como dije, ahora mismo estoy trabajando con otros muy buenos actores, con los que estoy muy contento. Hemos hecho un buen equipo definitivamente, pues ahora s\u00ed que la obra el p\u00fablico ira, el p\u00fablico lo calificara. Seguro que lo va a disfrutar y que va a poder honrar y hacerles un tributo a sus difuntos y m\u00e1s que nada tambi\u00e9n, pues de repente el pensar que nosotros estamos aqu\u00ed de vivir y nada, pues hacerlo con mucho coraz\u00f3n y como te dije hace rato, pues yo creo que las cosas que se hacen con el coraz\u00f3n son las m\u00e1s bonitas porque eso es lo m\u00e1s importante y es lo que m\u00e1s te llena.<\/p>\n\n\n\n<figure class=\"wp-block-embed aligncenter is-type-rich is-provider-instagram wp-block-embed-instagram\"><div class=\"wp-block-embed__wrapper\">\nhttps:\/\/www.instagram.com\/p\/CVMOarSI98p\/?utm_medium=copy_link\n<\/div><\/figure>\n\n\n\n\n\n<p><strong><em>Muy interesante, tambi\u00e9n sobre la obra, me gustar\u00eda saber con mas profundidad sobre la trama, como es.<\/em><\/strong><\/p>\n\n\n\n<p>La obra tiene un tema cabaret, es distinto a lo que a veces es el teatro normal, por ejemplo, no permite cambios de vestuario en otro lugar porque se hacen escenas, todos los cambios son dentro del escenario, somos algunos amigos de repente actuando personajes dentro de una comedia que ellos mismos est\u00e1n practicando, mi personaje se llama Sergio, Sergio es un chavo que no cree en nada, no cree en los muertos, no cree en las ofrendas, el no celebra el d\u00eda de muertos.<\/p>\n\n\n\n<p>Dentro del cabaret le dicen cosas, as\u00ed como oye, pues tienes que creer y dentro de esto \u00e9l empieza, luego Sergio interpreta a Gabriel, de ah\u00ed es cuando lo interpreta y entiende la muerte y empieza a convivir con los difuntos y te das cuenta de que est\u00e1n alrededor de nosotros y que todo el tiempo est\u00e1 con nosotros, \u00e9l empieza a creer y se da cuenta de que est\u00e1n alrededor de nosotros y que todo el tiempo est\u00e1 con nosotros. Siguen dejando cosas positivas, no siguen dejando ense\u00f1anza. Adem\u00e1s de que est\u00e1n las canciones mexicanas que todos conocen como \u00ab<strong>La Llorona<\/strong>\u00ab, \u00ab<strong>el Cielo Rojo<\/strong>\u00ab, casita de muerto, todas las canciones son s\u00faper de tradici\u00f3n que van completamente con el d\u00eda de muertos y super bonitas, la verdad y creo que adem\u00e1s con mariachi est\u00e1 padr\u00edsimo, toda la m\u00fasica en vivo con la historia dentro, hay como una en muchas culturas.<\/p>\n\n\n\n<figure class=\"wp-block-embed is-type-rich is-provider-instagram wp-block-embed-instagram\"><div class=\"wp-block-embed__wrapper\">\nhttps:\/\/www.instagram.com\/p\/CPCHw-JhGB7\/?utm_medium=copy_link\n<\/div><\/figure>\n\n\n\n\n\n<p><strong>Por \u00faltimo, \u00bfQu\u00e9 mensaje les quieren dar a sus espectadores?<\/strong><\/p>\n\n\n\n<p>Les queremos decir que la vida solo hay una, que la aprovechen al m\u00e1ximo porque no sabemos cu\u00e1ndo ser\u00e1 el \u00faltimo momento y ser felices y darle vida a la vida. Siempre darle un tributo y en este tipo de momento si tenemos la oportunidad de hacerle una ofrenda, cantar una canci\u00f3n ideal a cualquiera que ha perdido a un ser querido.<\/p>\n\n\n\n<p>Las funciones de \u00ab<strong>Serenata a mis muertos<\/strong>\u00bb ser\u00e1n los viernes y s\u00e1bados a las 8:30\u202fPM del 15 de octubre al 13 de noviembre, as\u00ed como 2 funciones especiales de medianoche el domingo 31 de octubre y el lunes 1 de noviembre a las 11:00 PM en el <strong>Teatro de la Rep\u00fablica<\/strong> ubicado en la calle Maestro Antonio Caso n\u00famero 48 en la colonia Tabacalera, muy cerca de la Avenida de los Insurgentes y Reforma. Los boletos est\u00e1n a la venta en la taquilla del teatro y en el sistema de boletaje <strong>Ticketmaster<\/strong>.<\/p>\n\n\n\n<p class=\"has-text-align-center\"><strong>Sigue a Ra\u200c \u200cColmenero en:<\/strong><\/p>\n\n\n\n<p class=\"has-text-align-center\"><strong>Instagram:<\/strong><a href=\"https:\/\/instagram.com\/racolmenero?utm_medium=copy_link\"><strong> <\/strong><\/a><a href=\"https:\/\/instagram.com\/racolmenero?utm_medium=copy_link\">@racolmenero<\/a><\/p>\n\n\n\n<p class=\"has-text-align-center\"><strong>Sigue a Serenata a mis muertos en<\/strong>: <\/p>\n\n\n\n<p class=\"has-text-align-center\"><strong>Instagram:<\/strong> <a href=\"https:\/\/instagram.com\/serenataamismuertos?utm_medium=copy_link\">@serenataamismuertos<\/a><\/p>\n\n\n\n\n<!--themify_builder_content-->\n<div id=\"themify_builder_content-56324\" data-postid=\"56324\" class=\"themify_builder_content themify_builder_content-56324 themify_builder tf_clear\">\n    <\/div>\n<!--\/themify_builder_content-->\n","protected":false},"excerpt":{"rendered":"<p>El viernes 15 de octubre se estren\u00f3 la tan esperada obra \u201cSerenata a mis muertos\u201d, con Lorena de la Garza e Ione Cervantes, participan Laura Montijano, Yeka Rosales, Ra Colmenero y Diana Llano, los acompa\u00f1an tambi\u00e9n los grandes directores y actores de doblaje Mar\u00eda Eugenia Guzm\u00e1n y Jos\u00e9 Gilberto Vilchis.&nbsp; Tuve la oportunidad de poder [&hellip;]<\/p>\n","protected":false},"author":2,"featured_media":56327,"comment_status":"open","ping_status":"open","sticky":false,"template":"","format":"standard","meta":{"_jetpack_memberships_contains_paid_content":false,"footnotes":"","jetpack_publicize_message":"#RaColmenero no comparte como se siente  con el gran estreno de la obra Serenata a mis muertos, encuentra la #entrevista completa en zero magazine","jetpack_publicize_feature_enabled":true,"jetpack_social_post_already_shared":true,"jetpack_social_options":{"image_generator_settings":{"template":"highway","default_image_id":0,"font":"","enabled":false},"version":2}},"categories":[117,91,311],"tags":[5799,5800,5801,5802,5803,5804,5805,5806,5807,5808,5809,5810,314,5811],"class_list":["post-56324","post","type-post","status-publish","format-standard","has-post-thumbnail","hentry","category-entretenimiento","category-entrevistas","category-teatro","tag-a-mis-muertos","tag-diana-llano","tag-el-cielo-rojo","tag-ione-cervantes","tag-jose-gilberto-vilchis","tag-la-llorona","tag-laura-montijano","tag-lorena-de-la-garza","tag-maria-eugenia-guzman","tag-ra-colmenero","tag-serenata-a-mis-muertos","tag-teatro-de-la-republica","tag-ticketmaster","tag-yeka-rosales","has-post-title","has-post-date","has-post-category","has-post-tag","has-post-comment","has-post-author",""],"yoast_head":"<!-- This site is optimized with the Yoast SEO plugin v27.5 - https:\/\/yoast.com\/product\/yoast-seo-wordpress\/ -->\n<title>Entrevista\u200c \u200ca\u200c \u200cRa\u200c \u200cColmenero,\u200c&nbsp;\u200cactor\u200c \u200cde\u200c \u200cla\u200c \u200cobra\u200c \u200c\u201cSerenata\u200c \u200ca\u200c&nbsp;\u200cmis\u200c \u200cmuertos\u201d\u200c&nbsp; - Zero Magazine<\/title>\n<meta name=\"robots\" content=\"index, follow, max-snippet:-1, max-image-preview:large, max-video-preview:-1\" \/>\n<link rel=\"canonical\" href=\"https:\/\/zeromagazine.mx\/index.php\/2021\/10\/20\/entrevista-a-ra-colmenero-actor-de-la-obra\/\" \/>\n<meta property=\"og:locale\" content=\"es_ES\" \/>\n<meta property=\"og:type\" content=\"article\" \/>\n<meta property=\"og:title\" content=\"Entrevista\u200c \u200ca\u200c \u200cRa\u200c \u200cColmenero,\u200c&nbsp;\u200cactor\u200c \u200cde\u200c \u200cla\u200c \u200cobra\u200c \u200c\u201cSerenata\u200c \u200ca\u200c&nbsp;\u200cmis\u200c \u200cmuertos\u201d\u200c&nbsp; - Zero Magazine\" \/>\n<meta property=\"og:description\" content=\"El viernes 15 de octubre se estren\u00f3 la tan esperada obra \u201cSerenata a mis muertos\u201d, con Lorena de la Garza e Ione Cervantes, participan Laura Montijano, Yeka Rosales, Ra Colmenero y Diana Llano, los acompa\u00f1an tambi\u00e9n los grandes directores y actores de doblaje Mar\u00eda Eugenia Guzm\u00e1n y Jos\u00e9 Gilberto Vilchis.&nbsp; Tuve la oportunidad de poder [&hellip;]\" \/>\n<meta property=\"og:url\" content=\"https:\/\/zeromagazine.mx\/index.php\/2021\/10\/20\/entrevista-a-ra-colmenero-actor-de-la-obra\/\" \/>\n<meta property=\"og:site_name\" content=\"Zero Magazine\" \/>\n<meta property=\"article:published_time\" content=\"2021-10-20T14:00:00+00:00\" \/>\n<meta name=\"author\" content=\"zeromagazinemx\" \/>\n<meta name=\"twitter:card\" content=\"summary_large_image\" \/>\n<meta name=\"twitter:label1\" content=\"Escrito por\" \/>\n\t<meta name=\"twitter:data1\" content=\"zeromagazinemx\" \/>\n\t<meta name=\"twitter:label2\" content=\"Tiempo de lectura\" \/>\n\t<meta name=\"twitter:data2\" content=\"5 minutos\" \/>\n<script type=\"application\/ld+json\" class=\"yoast-schema-graph\">{\"@context\":\"https:\\\/\\\/schema.org\",\"@graph\":[{\"@type\":\"Article\",\"@id\":\"https:\\\/\\\/zeromagazine.mx\\\/index.php\\\/2021\\\/10\\\/20\\\/entrevista-a-ra-colmenero-actor-de-la-obra\\\/#article\",\"isPartOf\":{\"@id\":\"https:\\\/\\\/zeromagazine.mx\\\/index.php\\\/2021\\\/10\\\/20\\\/entrevista-a-ra-colmenero-actor-de-la-obra\\\/\"},\"author\":{\"name\":\"zeromagazinemx\",\"@id\":\"https:\\\/\\\/zeromagazine.mx\\\/#\\\/schema\\\/person\\\/9aed9f33a7c39af3a348b86d723f7773\"},\"headline\":\"Entrevista\u200c \u200ca\u200c \u200cRa\u200c \u200cColmenero,\u200c&nbsp;\u200cactor\u200c \u200cde\u200c \u200cla\u200c \u200cobra\u200c \u200c\u201cSerenata\u200c \u200ca\u200c&nbsp;\u200cmis\u200c \u200cmuertos\u201d\u200c&nbsp;\",\"datePublished\":\"2021-10-20T14:00:00+00:00\",\"mainEntityOfPage\":{\"@id\":\"https:\\\/\\\/zeromagazine.mx\\\/index.php\\\/2021\\\/10\\\/20\\\/entrevista-a-ra-colmenero-actor-de-la-obra\\\/\"},\"wordCount\":941,\"commentCount\":0,\"publisher\":{\"@id\":\"https:\\\/\\\/zeromagazine.mx\\\/#organization\"},\"image\":{\"@id\":\"https:\\\/\\\/zeromagazine.mx\\\/index.php\\\/2021\\\/10\\\/20\\\/entrevista-a-ra-colmenero-actor-de-la-obra\\\/#primaryimage\"},\"thumbnailUrl\":\"\",\"keywords\":[\"a mis muertos\",\"Diana Llano\",\"el Cielo Rojo\",\"Ione Cervantes\",\"Jos\u00e9 Gilberto Vilchis\",\"la llorona\",\"Laura Montijano\",\"Lorena de la Garza\",\"Mar\u00eda Eugenia Guzm\u00e1n\",\"Ra Colmenero\",\"Serenata a mis muertos\",\"Teatro de la Republica\",\"ticketmaster\",\"Yeka Rosales\"],\"articleSection\":[\"Entretenimiento\",\"Entrevistas\",\"Teatro\"],\"inLanguage\":\"es\",\"potentialAction\":[{\"@type\":\"CommentAction\",\"name\":\"Comment\",\"target\":[\"https:\\\/\\\/zeromagazine.mx\\\/index.php\\\/2021\\\/10\\\/20\\\/entrevista-a-ra-colmenero-actor-de-la-obra\\\/#respond\"]}]},{\"@type\":\"WebPage\",\"@id\":\"https:\\\/\\\/zeromagazine.mx\\\/index.php\\\/2021\\\/10\\\/20\\\/entrevista-a-ra-colmenero-actor-de-la-obra\\\/\",\"url\":\"https:\\\/\\\/zeromagazine.mx\\\/index.php\\\/2021\\\/10\\\/20\\\/entrevista-a-ra-colmenero-actor-de-la-obra\\\/\",\"name\":\"Entrevista\u200c \u200ca\u200c \u200cRa\u200c \u200cColmenero,\u200c&nbsp;\u200cactor\u200c \u200cde\u200c \u200cla\u200c \u200cobra\u200c \u200c\u201cSerenata\u200c \u200ca\u200c&nbsp;\u200cmis\u200c \u200cmuertos\u201d\u200c&nbsp; - Zero Magazine\",\"isPartOf\":{\"@id\":\"https:\\\/\\\/zeromagazine.mx\\\/#website\"},\"primaryImageOfPage\":{\"@id\":\"https:\\\/\\\/zeromagazine.mx\\\/index.php\\\/2021\\\/10\\\/20\\\/entrevista-a-ra-colmenero-actor-de-la-obra\\\/#primaryimage\"},\"image\":{\"@id\":\"https:\\\/\\\/zeromagazine.mx\\\/index.php\\\/2021\\\/10\\\/20\\\/entrevista-a-ra-colmenero-actor-de-la-obra\\\/#primaryimage\"},\"thumbnailUrl\":\"\",\"datePublished\":\"2021-10-20T14:00:00+00:00\",\"breadcrumb\":{\"@id\":\"https:\\\/\\\/zeromagazine.mx\\\/index.php\\\/2021\\\/10\\\/20\\\/entrevista-a-ra-colmenero-actor-de-la-obra\\\/#breadcrumb\"},\"inLanguage\":\"es\",\"potentialAction\":[{\"@type\":\"ReadAction\",\"target\":[\"https:\\\/\\\/zeromagazine.mx\\\/index.php\\\/2021\\\/10\\\/20\\\/entrevista-a-ra-colmenero-actor-de-la-obra\\\/\"]}]},{\"@type\":\"ImageObject\",\"inLanguage\":\"es\",\"@id\":\"https:\\\/\\\/zeromagazine.mx\\\/index.php\\\/2021\\\/10\\\/20\\\/entrevista-a-ra-colmenero-actor-de-la-obra\\\/#primaryimage\",\"url\":\"\",\"contentUrl\":\"\"},{\"@type\":\"BreadcrumbList\",\"@id\":\"https:\\\/\\\/zeromagazine.mx\\\/index.php\\\/2021\\\/10\\\/20\\\/entrevista-a-ra-colmenero-actor-de-la-obra\\\/#breadcrumb\",\"itemListElement\":[{\"@type\":\"ListItem\",\"position\":1,\"name\":\"Portada\",\"item\":\"https:\\\/\\\/zeromagazine.mx\\\/\"},{\"@type\":\"ListItem\",\"position\":2,\"name\":\"Entrevista\u200c \u200ca\u200c \u200cRa\u200c \u200cColmenero,\u200c&nbsp;\u200cactor\u200c \u200cde\u200c \u200cla\u200c \u200cobra\u200c \u200c\u201cSerenata\u200c \u200ca\u200c&nbsp;\u200cmis\u200c \u200cmuertos\u201d\u200c&nbsp;\"}]},{\"@type\":\"WebSite\",\"@id\":\"https:\\\/\\\/zeromagazine.mx\\\/#website\",\"url\":\"https:\\\/\\\/zeromagazine.mx\\\/\",\"name\":\"Zero Magazine\",\"description\":\"\",\"publisher\":{\"@id\":\"https:\\\/\\\/zeromagazine.mx\\\/#organization\"},\"potentialAction\":[{\"@type\":\"SearchAction\",\"target\":{\"@type\":\"EntryPoint\",\"urlTemplate\":\"https:\\\/\\\/zeromagazine.mx\\\/?s={search_term_string}\"},\"query-input\":{\"@type\":\"PropertyValueSpecification\",\"valueRequired\":true,\"valueName\":\"search_term_string\"}}],\"inLanguage\":\"es\"},{\"@type\":\"Organization\",\"@id\":\"https:\\\/\\\/zeromagazine.mx\\\/#organization\",\"name\":\"Zero Magazine\",\"url\":\"https:\\\/\\\/zeromagazine.mx\\\/\",\"logo\":{\"@type\":\"ImageObject\",\"inLanguage\":\"es\",\"@id\":\"https:\\\/\\\/zeromagazine.mx\\\/#\\\/schema\\\/logo\\\/image\\\/\",\"url\":\"https:\\\/\\\/i0.wp.com\\\/zeromagazine.mx\\\/wp-content\\\/uploads\\\/2025\\\/11\\\/1.jpeg?fit=1000%2C1000&ssl=1\",\"contentUrl\":\"https:\\\/\\\/i0.wp.com\\\/zeromagazine.mx\\\/wp-content\\\/uploads\\\/2025\\\/11\\\/1.jpeg?fit=1000%2C1000&ssl=1\",\"width\":1000,\"height\":1000,\"caption\":\"Zero Magazine\"},\"image\":{\"@id\":\"https:\\\/\\\/zeromagazine.mx\\\/#\\\/schema\\\/logo\\\/image\\\/\"},\"sameAs\":[\"https:\\\/\\\/instagram.com\\\/zeromagazinemx\"]},{\"@type\":\"Person\",\"@id\":\"https:\\\/\\\/zeromagazine.mx\\\/#\\\/schema\\\/person\\\/9aed9f33a7c39af3a348b86d723f7773\",\"name\":\"zeromagazinemx\",\"image\":{\"@type\":\"ImageObject\",\"inLanguage\":\"es\",\"@id\":\"https:\\\/\\\/zeromagazine.mx\\\/wp-content\\\/litespeed\\\/avatar\\\/f91dfe5410d5dcb1a576bf8c45983896.jpg?ver=1777571230\",\"url\":\"https:\\\/\\\/zeromagazine.mx\\\/wp-content\\\/litespeed\\\/avatar\\\/f91dfe5410d5dcb1a576bf8c45983896.jpg?ver=1777571230\",\"contentUrl\":\"https:\\\/\\\/zeromagazine.mx\\\/wp-content\\\/litespeed\\\/avatar\\\/f91dfe5410d5dcb1a576bf8c45983896.jpg?ver=1777571230\",\"caption\":\"zeromagazinemx\"},\"url\":\"https:\\\/\\\/zeromagazine.mx\\\/index.php\\\/author\\\/zeromagazinemx\\\/\"}]}<\/script>\n<!-- \/ Yoast SEO plugin. -->","yoast_head_json":{"title":"Entrevista\u200c \u200ca\u200c \u200cRa\u200c \u200cColmenero,\u200c&nbsp;\u200cactor\u200c \u200cde\u200c \u200cla\u200c \u200cobra\u200c \u200c\u201cSerenata\u200c \u200ca\u200c&nbsp;\u200cmis\u200c \u200cmuertos\u201d\u200c&nbsp; - Zero Magazine","robots":{"index":"index","follow":"follow","max-snippet":"max-snippet:-1","max-image-preview":"max-image-preview:large","max-video-preview":"max-video-preview:-1"},"canonical":"https:\/\/zeromagazine.mx\/index.php\/2021\/10\/20\/entrevista-a-ra-colmenero-actor-de-la-obra\/","og_locale":"es_ES","og_type":"article","og_title":"Entrevista\u200c \u200ca\u200c \u200cRa\u200c \u200cColmenero,\u200c&nbsp;\u200cactor\u200c \u200cde\u200c \u200cla\u200c \u200cobra\u200c \u200c\u201cSerenata\u200c \u200ca\u200c&nbsp;\u200cmis\u200c \u200cmuertos\u201d\u200c&nbsp; - Zero Magazine","og_description":"El viernes 15 de octubre se estren\u00f3 la tan esperada obra \u201cSerenata a mis muertos\u201d, con Lorena de la Garza e Ione Cervantes, participan Laura Montijano, Yeka Rosales, Ra Colmenero y Diana Llano, los acompa\u00f1an tambi\u00e9n los grandes directores y actores de doblaje Mar\u00eda Eugenia Guzm\u00e1n y Jos\u00e9 Gilberto Vilchis.&nbsp; Tuve la oportunidad de poder [&hellip;]","og_url":"https:\/\/zeromagazine.mx\/index.php\/2021\/10\/20\/entrevista-a-ra-colmenero-actor-de-la-obra\/","og_site_name":"Zero Magazine","article_published_time":"2021-10-20T14:00:00+00:00","author":"zeromagazinemx","twitter_card":"summary_large_image","twitter_misc":{"Escrito por":"zeromagazinemx","Tiempo de lectura":"5 minutos"},"schema":{"@context":"https:\/\/schema.org","@graph":[{"@type":"Article","@id":"https:\/\/zeromagazine.mx\/index.php\/2021\/10\/20\/entrevista-a-ra-colmenero-actor-de-la-obra\/#article","isPartOf":{"@id":"https:\/\/zeromagazine.mx\/index.php\/2021\/10\/20\/entrevista-a-ra-colmenero-actor-de-la-obra\/"},"author":{"name":"zeromagazinemx","@id":"https:\/\/zeromagazine.mx\/#\/schema\/person\/9aed9f33a7c39af3a348b86d723f7773"},"headline":"Entrevista\u200c \u200ca\u200c \u200cRa\u200c \u200cColmenero,\u200c&nbsp;\u200cactor\u200c \u200cde\u200c \u200cla\u200c \u200cobra\u200c \u200c\u201cSerenata\u200c \u200ca\u200c&nbsp;\u200cmis\u200c \u200cmuertos\u201d\u200c&nbsp;","datePublished":"2021-10-20T14:00:00+00:00","mainEntityOfPage":{"@id":"https:\/\/zeromagazine.mx\/index.php\/2021\/10\/20\/entrevista-a-ra-colmenero-actor-de-la-obra\/"},"wordCount":941,"commentCount":0,"publisher":{"@id":"https:\/\/zeromagazine.mx\/#organization"},"image":{"@id":"https:\/\/zeromagazine.mx\/index.php\/2021\/10\/20\/entrevista-a-ra-colmenero-actor-de-la-obra\/#primaryimage"},"thumbnailUrl":"","keywords":["a mis muertos","Diana Llano","el Cielo Rojo","Ione Cervantes","Jos\u00e9 Gilberto Vilchis","la llorona","Laura Montijano","Lorena de la Garza","Mar\u00eda Eugenia Guzm\u00e1n","Ra Colmenero","Serenata a mis muertos","Teatro de la Republica","ticketmaster","Yeka Rosales"],"articleSection":["Entretenimiento","Entrevistas","Teatro"],"inLanguage":"es","potentialAction":[{"@type":"CommentAction","name":"Comment","target":["https:\/\/zeromagazine.mx\/index.php\/2021\/10\/20\/entrevista-a-ra-colmenero-actor-de-la-obra\/#respond"]}]},{"@type":"WebPage","@id":"https:\/\/zeromagazine.mx\/index.php\/2021\/10\/20\/entrevista-a-ra-colmenero-actor-de-la-obra\/","url":"https:\/\/zeromagazine.mx\/index.php\/2021\/10\/20\/entrevista-a-ra-colmenero-actor-de-la-obra\/","name":"Entrevista\u200c \u200ca\u200c \u200cRa\u200c \u200cColmenero,\u200c&nbsp;\u200cactor\u200c \u200cde\u200c \u200cla\u200c \u200cobra\u200c \u200c\u201cSerenata\u200c \u200ca\u200c&nbsp;\u200cmis\u200c \u200cmuertos\u201d\u200c&nbsp; - Zero Magazine","isPartOf":{"@id":"https:\/\/zeromagazine.mx\/#website"},"primaryImageOfPage":{"@id":"https:\/\/zeromagazine.mx\/index.php\/2021\/10\/20\/entrevista-a-ra-colmenero-actor-de-la-obra\/#primaryimage"},"image":{"@id":"https:\/\/zeromagazine.mx\/index.php\/2021\/10\/20\/entrevista-a-ra-colmenero-actor-de-la-obra\/#primaryimage"},"thumbnailUrl":"","datePublished":"2021-10-20T14:00:00+00:00","breadcrumb":{"@id":"https:\/\/zeromagazine.mx\/index.php\/2021\/10\/20\/entrevista-a-ra-colmenero-actor-de-la-obra\/#breadcrumb"},"inLanguage":"es","potentialAction":[{"@type":"ReadAction","target":["https:\/\/zeromagazine.mx\/index.php\/2021\/10\/20\/entrevista-a-ra-colmenero-actor-de-la-obra\/"]}]},{"@type":"ImageObject","inLanguage":"es","@id":"https:\/\/zeromagazine.mx\/index.php\/2021\/10\/20\/entrevista-a-ra-colmenero-actor-de-la-obra\/#primaryimage","url":"","contentUrl":""},{"@type":"BreadcrumbList","@id":"https:\/\/zeromagazine.mx\/index.php\/2021\/10\/20\/entrevista-a-ra-colmenero-actor-de-la-obra\/#breadcrumb","itemListElement":[{"@type":"ListItem","position":1,"name":"Portada","item":"https:\/\/zeromagazine.mx\/"},{"@type":"ListItem","position":2,"name":"Entrevista\u200c \u200ca\u200c \u200cRa\u200c \u200cColmenero,\u200c&nbsp;\u200cactor\u200c \u200cde\u200c \u200cla\u200c \u200cobra\u200c \u200c\u201cSerenata\u200c \u200ca\u200c&nbsp;\u200cmis\u200c \u200cmuertos\u201d\u200c&nbsp;"}]},{"@type":"WebSite","@id":"https:\/\/zeromagazine.mx\/#website","url":"https:\/\/zeromagazine.mx\/","name":"Zero Magazine","description":"","publisher":{"@id":"https:\/\/zeromagazine.mx\/#organization"},"potentialAction":[{"@type":"SearchAction","target":{"@type":"EntryPoint","urlTemplate":"https:\/\/zeromagazine.mx\/?s={search_term_string}"},"query-input":{"@type":"PropertyValueSpecification","valueRequired":true,"valueName":"search_term_string"}}],"inLanguage":"es"},{"@type":"Organization","@id":"https:\/\/zeromagazine.mx\/#organization","name":"Zero Magazine","url":"https:\/\/zeromagazine.mx\/","logo":{"@type":"ImageObject","inLanguage":"es","@id":"https:\/\/zeromagazine.mx\/#\/schema\/logo\/image\/","url":"https:\/\/i0.wp.com\/zeromagazine.mx\/wp-content\/uploads\/2025\/11\/1.jpeg?fit=1000%2C1000&ssl=1","contentUrl":"https:\/\/i0.wp.com\/zeromagazine.mx\/wp-content\/uploads\/2025\/11\/1.jpeg?fit=1000%2C1000&ssl=1","width":1000,"height":1000,"caption":"Zero Magazine"},"image":{"@id":"https:\/\/zeromagazine.mx\/#\/schema\/logo\/image\/"},"sameAs":["https:\/\/instagram.com\/zeromagazinemx"]},{"@type":"Person","@id":"https:\/\/zeromagazine.mx\/#\/schema\/person\/9aed9f33a7c39af3a348b86d723f7773","name":"zeromagazinemx","image":{"@type":"ImageObject","inLanguage":"es","@id":"https:\/\/zeromagazine.mx\/wp-content\/litespeed\/avatar\/f91dfe5410d5dcb1a576bf8c45983896.jpg?ver=1777571230","url":"https:\/\/zeromagazine.mx\/wp-content\/litespeed\/avatar\/f91dfe5410d5dcb1a576bf8c45983896.jpg?ver=1777571230","contentUrl":"https:\/\/zeromagazine.mx\/wp-content\/litespeed\/avatar\/f91dfe5410d5dcb1a576bf8c45983896.jpg?ver=1777571230","caption":"zeromagazinemx"},"url":"https:\/\/zeromagazine.mx\/index.php\/author\/zeromagazinemx\/"}]}},"jetpack_publicize_connections":[],"jetpack_featured_media_url":"","jetpack-related-posts":[{"id":60163,"url":"https:\/\/zeromagazine.mx\/index.php\/2021\/12\/06\/entrevista-alexis-ayala-uno-de-los-actores-mas-reconocidos\/","url_meta":{"origin":56324,"position":0},"title":"Entrevista: Alexis Ayala, uno de los actores m\u00e1s reconocidos","author":"zeromagazinemx","date":"6 de diciembre de 2021","format":false,"excerpt":"Alexis es uno de los actores m\u00e1s reconocidos dentro del mundo del espect\u00e1culo, cuenta con una trayectoria impecable. Es talentoso, apasionado, disciplinado, perseverante y directo; cualidades que le han permitido llegar muy lejos, con m\u00faltiples producciones y proyectos, de los cuales se siente orgulloso. Por Itzel Rubio Zero Magazine tuvo\u2026","rel":"","context":"En \u00abEntrevistas\u00bb","block_context":{"text":"Entrevistas","link":"https:\/\/zeromagazine.mx\/index.php\/category\/entretenimiento\/entrevistas\/"},"img":{"alt_text":"","src":"https:\/\/i0.wp.com\/zeromagazinemx.wpcomstaging.com\/wp-content\/uploads\/2022\/02\/dad8c-alexis-ayala-5827.jpg.jpg?resize=350%2C200&ssl=1","width":350,"height":200,"srcset":"https:\/\/i0.wp.com\/zeromagazinemx.wpcomstaging.com\/wp-content\/uploads\/2022\/02\/dad8c-alexis-ayala-5827.jpg.jpg?resize=350%2C200&ssl=1 1x, https:\/\/i0.wp.com\/zeromagazinemx.wpcomstaging.com\/wp-content\/uploads\/2022\/02\/dad8c-alexis-ayala-5827.jpg.jpg?resize=525%2C300&ssl=1 1.5x, https:\/\/i0.wp.com\/zeromagazinemx.wpcomstaging.com\/wp-content\/uploads\/2022\/02\/dad8c-alexis-ayala-5827.jpg.jpg?resize=700%2C400&ssl=1 2x"},"classes":[]},{"id":46747,"url":"https:\/\/zeromagazine.mx\/index.php\/2021\/06\/03\/infieles-una-comedia-que-no-te-puedes-perder\/","url_meta":{"origin":56324,"position":1},"title":"Infieles, una comedia que no te puedes perder","author":"zeromagazinemx","date":"3 de junio de 2021","format":false,"excerpt":"Infieles, una comedia llena de momentos para que no dejemos de re\u00edr con un excelente elenco, producida por Ramses Lopez y dirigida por Emyliano Santa Cruz. por Moises Kushelevich \u00bfQu\u00e9 pasa cuando ya nada es lo que parece y las cosas se salen de control? Infieles comienza en la casa\u2026","rel":"","context":"En \u00abEntretenimiento\u00bb","block_context":{"text":"Entretenimiento","link":"https:\/\/zeromagazine.mx\/index.php\/category\/entretenimiento\/"},"img":{"alt_text":"","src":"https:\/\/i0.wp.com\/zeromagazinemx.wpcomstaging.com\/wp-content\/uploads\/2022\/02\/7ea87-img60-e1622753794425.jpg?resize=350%2C200&ssl=1","width":350,"height":200,"srcset":"https:\/\/i0.wp.com\/zeromagazinemx.wpcomstaging.com\/wp-content\/uploads\/2022\/02\/7ea87-img60-e1622753794425.jpg?resize=350%2C200&ssl=1 1x, https:\/\/i0.wp.com\/zeromagazinemx.wpcomstaging.com\/wp-content\/uploads\/2022\/02\/7ea87-img60-e1622753794425.jpg?resize=525%2C300&ssl=1 1.5x"},"classes":[]},{"id":55698,"url":"https:\/\/zeromagazine.mx\/index.php\/2021\/10\/09\/entrevista-a-emmanuel-marquez-para-la-obra-de-teatro\/","url_meta":{"origin":56324,"position":2},"title":"Entrevista a Emmanuel M\u00e1rquez director de \u00abPante\u00f3n de Fiesta\u00bb","author":"zeromagazinemx","date":"9 de octubre de 2021","format":false,"excerpt":"Emmanuel M\u00e1rquez Peralta, director mexicano encargado de la gran obra que se va a dar el domingo, nos viene a platicar sobre el proceso y las experiencias que han vivido durante las etapas al realizar esta obra. Por Marian Ricco \u00bfCu\u00e1l es el objetivo principal de la obra que van\u2026","rel":"","context":"En \u00abEntretenimiento\u00bb","block_context":{"text":"Entretenimiento","link":"https:\/\/zeromagazine.mx\/index.php\/category\/entretenimiento\/"},"img":{"alt_text":"","src":"https:\/\/i0.wp.com\/zeromagazinemx.wpcomstaging.com\/wp-content\/uploads\/2022\/02\/3f551-emmanuel-marquez-peralta.jpg?resize=350%2C200&ssl=1","width":350,"height":200,"srcset":"https:\/\/i0.wp.com\/zeromagazinemx.wpcomstaging.com\/wp-content\/uploads\/2022\/02\/3f551-emmanuel-marquez-peralta.jpg?resize=350%2C200&ssl=1 1x, https:\/\/i0.wp.com\/zeromagazinemx.wpcomstaging.com\/wp-content\/uploads\/2022\/02\/3f551-emmanuel-marquez-peralta.jpg?resize=525%2C300&ssl=1 1.5x, https:\/\/i0.wp.com\/zeromagazinemx.wpcomstaging.com\/wp-content\/uploads\/2022\/02\/3f551-emmanuel-marquez-peralta.jpg?resize=700%2C400&ssl=1 2x"},"classes":[]},{"id":93629,"url":"https:\/\/zeromagazine.mx\/index.php\/2024\/12\/19\/juan-y-la-muerte-reflexion-cool\/","url_meta":{"origin":56324,"position":3},"title":"Juan y la Muerte: Reflexi\u00f3n Cool","author":"zeromagazinemx","date":"19 de diciembre de 2024","format":false,"excerpt":"Juan y la Muerte.Por: Mario FercalLa obra de teatro \"Juan y la Muerte\" llega a la Sala Xavier Villaurrutia del Centro Cultural del Bosque con una propuesta conmovedora y reflexiva que invita a ni\u00f1os, j\u00f3venes y adultos a explorar los misterios de la vida y la muerte desde una perspectiva\u2026","rel":"","context":"En \u00abCultura\u00bb","block_context":{"text":"Cultura","link":"https:\/\/zeromagazine.mx\/index.php\/category\/cultura\/"},"img":{"alt_text":"","src":"https:\/\/i0.wp.com\/zeromagazine.mx\/wp-content\/uploads\/2024\/12\/1-1-scaled.jpg?fit=1200%2C1200&ssl=1&resize=350%2C200","width":350,"height":200,"srcset":"https:\/\/i0.wp.com\/zeromagazine.mx\/wp-content\/uploads\/2024\/12\/1-1-scaled.jpg?fit=1200%2C1200&ssl=1&resize=350%2C200 1x, https:\/\/i0.wp.com\/zeromagazine.mx\/wp-content\/uploads\/2024\/12\/1-1-scaled.jpg?fit=1200%2C1200&ssl=1&resize=525%2C300 1.5x, https:\/\/i0.wp.com\/zeromagazine.mx\/wp-content\/uploads\/2024\/12\/1-1-scaled.jpg?fit=1200%2C1200&ssl=1&resize=700%2C400 2x, https:\/\/i0.wp.com\/zeromagazine.mx\/wp-content\/uploads\/2024\/12\/1-1-scaled.jpg?fit=1200%2C1200&ssl=1&resize=1050%2C600 3x"},"classes":[]},{"id":46859,"url":"https:\/\/zeromagazine.mx\/index.php\/2021\/06\/04\/infieles-la-comedia-que-no-te-querras-perder-bajo-la-direccion-de-emyliano-santa-cruz-y-la-produccion-de-ramses-lopez\/","url_meta":{"origin":56324,"position":4},"title":"Infieles, \u00a1La comedia que no te querr\u00e1s perder! Bajo la Direcci\u00f3n de Emyliano Santa Cruz y la Producci\u00f3n de Rams\u00e9s L\u00f3pez","author":"zeromagazinemx","date":"4 de junio de 2021","format":false,"excerpt":"Esta incre\u00edble comedia inici\u00f3 su temporada el 2 de junio bajo la direcci\u00f3n de \"Emyliano Santa Cruz\" y la producci\u00f3n de \"Rams\u00e9s L\u00f3pez\". En esta entrevista tuvimos la oportunidad de hablar no solo con Rams\u00e9s y Emyliano sino tambi\u00e9n con algunos miembros del elenco como \"Chapu Garza\", \"Alejandro Poggio\" y\u2026","rel":"","context":"En \u00abEntrevistas\u00bb","block_context":{"text":"Entrevistas","link":"https:\/\/zeromagazine.mx\/index.php\/category\/entretenimiento\/entrevistas\/"},"img":{"alt_text":"","src":"","width":0,"height":0},"classes":[]},{"id":54137,"url":"https:\/\/zeromagazine.mx\/index.php\/2021\/09\/09\/variaciones-schrhodinger-una-obra-sobre-las-desapariciones-en-mexico\/","url_meta":{"origin":56324,"position":5},"title":"\u201cVariaciones Schrh\u00f6dinger\u201d una obra sobre las desapariciones en M\u00e9xico","author":"zeromagazinemx","date":"9 de septiembre de 2021","format":false,"excerpt":"\u00d3pera prima de la compa\u00f1\u00eda \u201cPhotos Teatro\u201d que aborda el tema del duelo ante las desapariciones forzadas en M\u00e9xico, protagonizada por Indira Pensado y Luis Miguel Lombana. https:\/\/www.instagram.com\/p\/CTSiRAcpWkL\/?utm_medium=copy_link Por Moises Kushelevich La obra \u201cVariaciones Schr\u00f6dinger\u201d, escrita y dirigida por el joven creador C\u00e9sar Chagolla se llevar\u00e1 por primera vez a\u2026","rel":"","context":"En \u00abEntretenimiento\u00bb","block_context":{"text":"Entretenimiento","link":"https:\/\/zeromagazine.mx\/index.php\/category\/entretenimiento\/"},"img":{"alt_text":"","src":"","width":0,"height":0},"classes":[]}],"jetpack_sharing_enabled":true,"builder_content":"","_links":{"self":[{"href":"https:\/\/zeromagazine.mx\/index.php\/wp-json\/wp\/v2\/posts\/56324","targetHints":{"allow":["GET"]}}],"collection":[{"href":"https:\/\/zeromagazine.mx\/index.php\/wp-json\/wp\/v2\/posts"}],"about":[{"href":"https:\/\/zeromagazine.mx\/index.php\/wp-json\/wp\/v2\/types\/post"}],"author":[{"embeddable":true,"href":"https:\/\/zeromagazine.mx\/index.php\/wp-json\/wp\/v2\/users\/2"}],"replies":[{"embeddable":true,"href":"https:\/\/zeromagazine.mx\/index.php\/wp-json\/wp\/v2\/comments?post=56324"}],"version-history":[{"count":0,"href":"https:\/\/zeromagazine.mx\/index.php\/wp-json\/wp\/v2\/posts\/56324\/revisions"}],"wp:featuredmedia":[{"embeddable":true,"href":"https:\/\/zeromagazine.mx\/index.php\/wp-json\/"}],"wp:attachment":[{"href":"https:\/\/zeromagazine.mx\/index.php\/wp-json\/wp\/v2\/media?parent=56324"}],"wp:term":[{"taxonomy":"category","embeddable":true,"href":"https:\/\/zeromagazine.mx\/index.php\/wp-json\/wp\/v2\/categories?post=56324"},{"taxonomy":"post_tag","embeddable":true,"href":"https:\/\/zeromagazine.mx\/index.php\/wp-json\/wp\/v2\/tags?post=56324"}],"curies":[{"name":"wp","href":"https:\/\/api.w.org\/{rel}","templated":true}]}}