{"id":56683,"date":"2021-10-25T10:00:03","date_gmt":"2021-10-25T15:00:03","guid":{"rendered":"https:\/\/atomic-temporary-84115225.wpcomstaging.com\/?p=56683"},"modified":"2021-10-25T10:00:03","modified_gmt":"2021-10-25T15:00:03","slug":"pedro-prieto-lo-que-habla-bien-de-ti-no-es-como-te-veas-sino-lo-bien-que-hagas-tu-trabajo","status":"publish","type":"post","link":"https:\/\/zeromagazine.mx\/index.php\/2021\/10\/25\/pedro-prieto-lo-que-habla-bien-de-ti-no-es-como-te-veas-sino-lo-bien-que-hagas-tu-trabajo\/","title":{"rendered":"Pedro Prieto: \u201cLo que habla bien de ti no es como te veas, sino lo bien que hagas tu trabajo\u201d"},"content":{"rendered":"\n<p>Pedro Prieto no solamente es recordado como uno de los conductores m\u00e1s queridos del programa mexicano \u201c<strong>HOY<\/strong>\u201d, sino porque tambi\u00e9n ha construido una gran carrera en la actuaci\u00f3n y conducci\u00f3n desde que llego a <strong>M\u00e9xico<\/strong>.<\/p>\n\n\n\n<div class=\"wp-block-image coblocks-animate\"><figure class=\"aligncenter size-large\"><img data-recalc-dims=\"1\" decoding=\"async\" src=\"https:\/\/i0.wp.com\/zeromagazinemx.wpcomstaging.com\/wp-content\/uploads\/2022\/02\/00240-pedroprieto.jpg?w=1165&#038;ssl=1\" alt=\"\" class=\"wp-image-56681\" \/><\/figure><\/div>\n\n\n\n<div class=\"wp-block-buttons is-layout-flex wp-block-buttons-is-layout-flex\">\n<div class=\"wp-block-button is-style-outline is-style-outline--1\"><a class=\"wp-block-button__link\">Por Luis Lechuga<\/a><\/div>\n<\/div>\n\n\n\n<p>La actuaci\u00f3n es una de las profesiones m\u00e1s atractivas del mundo y donde muchos de los actores tuvieron un acercamiento desde muy peque\u00f1os.<\/p>\n\n\n\n<p>Para Pedro, no fue la excepci\u00f3n ya que gracias a una obra escolar del Rey Arturo fue donde sinti\u00f3 un flechazo inmediato que lo incito a estudiar, a los 12 a\u00f1os, actuaci\u00f3n. Aunque, en propias palabras de Pedro podemos saber que esto se remonta desde m\u00e1s peque\u00f1o por los videos que grababa con su hermana.<\/p>\n\n\n\n<p>Espa\u00f1a, su pa\u00eds de origen, fue donde se dedic\u00f3 a estudiar la carrera de periodismo, donde el destino lo llevo a tomar diferentes caminos para dedicarse a lo que en verdad le gustaba, la actuaci\u00f3n. <\/p>\n\n\n\n<p>Gracias a esto, a una edad muy temprana, pudo estar en pa\u00edses como la <strong>India<\/strong> y <strong>China<\/strong>, experiencias totalmente desafiantes pero enriquecedoras que lo ayudaron a empaparse de experiencia y conocimiento. Estas herramientas lo trajeron a <strong>M\u00e9xico<\/strong>, un pa\u00eds que siempre sinti\u00f3 que estaba destinado para \u00e9l y donde pudo estudiar actuaci\u00f3n y conducci\u00f3n, una decisi\u00f3n que le abri\u00f3 muchas puertas.<\/p>\n\n\n\n<p>Dos mundos diferentes como lo son el teatro y la televisi\u00f3n tienen sus puntos m\u00e1s llamativos, pero para Pedro que ha podido estar en ambos, considera que la conexi\u00f3n con el p\u00fablico es lo m\u00e1s importante y lo que le da ese plus al teatro, aunado a la disciplina que se tiene que llevar en cada ensayo al igual que toda la energ\u00eda que se vive en una presentaci\u00f3n en vivo, una magia totalmente diferente.<\/p>\n\n\n\n<div class=\"wp-block-image coblocks-animate\"><figure class=\"aligncenter size-large is-resized\"><img data-recalc-dims=\"1\" decoding=\"async\" src=\"https:\/\/i0.wp.com\/zeromagazinemx.wpcomstaging.com\/wp-content\/uploads\/2022\/02\/36c86-pedro-prieto-1.jpg?resize=681%2C780&#038;ssl=1\" alt=\"\" class=\"wp-image-56682\" width=\"681\" height=\"780\" \/><\/figure><\/div>\n\n\n\n<p>A lo largo de su carrera ha interpretado muchos personajes, pero el m\u00e1s importante y el cual interpretar\u00eda de nuevo seria al capit\u00e1n garfio en la obra de <strong>Peter Pan<\/strong> junto a <strong>Lola Cortes<\/strong>, un personaje muy divertido pero muy cansado por los movimientos y los n\u00fameros musicales.  <\/p>\n\n\n\n<p>\u201cSiempre hay que tener disciplina en todo lo que hagas, aunque no te la pidan, te la tienes que pedir t\u00fa. La disciplina la tiene que poner uno, no el trabajo\u201d &#8211; <strong>Pedro Prieto<\/strong>.<\/p>\n\n\n\n<p>Hace algunos a\u00f1os pudimos ver debutar por primera vez a <strong>Pedro<\/strong> <strong>Prieto<\/strong> en el programa \u00ab<strong>HOY<\/strong>\u00bb en una tem\u00e1tica de cupido, donde el premio era ser conductor una semana completa. Esta oportunidad fue la que le abri\u00f3 muchas puertas y donde, en palabras de Pedro: \u201c<em>no existen trabajos peque\u00f1os, solo oportunidades que hay que saber aprovechar<\/em>\u201d.<\/p>\n\n\n\n<p>No es un secreto que muchos j\u00f3venes estamos en b\u00fasqueda del crecimiento en redes sociales. Respecto a este pensamiento y como consejo, Pedro nos comparte que para conseguir la disciplina que buscamos es a trav\u00e9s del amor por lo que hacemos y que compararse con los dem\u00e1s pueden acarrear muchos pensamientos negativos, ya que el camino para cada persona es diferente al igual que los resultados.<\/p>\n\n\n\n<p>Recordemos que actualmente Pedro participa en su primera telenovela con el personaje de <strong>Gonzalo Saavedra<\/strong>, un abogado de d\u00eda y de noche conocido como <strong>Marlene<\/strong>. <\/p>\n\n\n\n<p>Un personaje que, gracias a sus preferencias sexuales, tiene muchos conflictos con su familia, conflictos que existen en la vida real y que, con el personaje de <strong>Gonzalo Saavedra\/Marlene<\/strong>, Pedro busca darle voz y apoyo a muchas personas que se sienten discriminadas por sus preferencias sexuales.<\/p>\n\n\n\n<p class=\"has-text-align-center\"><strong>Sigue a Pedro Prieto<\/strong> <strong>en<\/strong><\/p>\n\n\n\n<p class=\"has-text-align-center\">Instagram: <a href=\"https:\/\/instagram.com\/pedroprietotv?utm_medium=copy_link\">@pedroprietotv<\/a><\/p>\n\n\n\n<p class=\"has-text-align-center\"><strong>Sigue a Luis Lechuga en el en<\/strong><\/p>\n\n\n\n<p class=\"has-text-align-center\">Instagram: <a href=\"https:\/\/instagram.com\/lechuga.ra?utm_medium=copy_link\">@lechuga.ra<\/a> <\/p>\n\n\n<!--themify_builder_content-->\n<div id=\"themify_builder_content-56683\" data-postid=\"56683\" class=\"themify_builder_content themify_builder_content-56683 themify_builder tf_clear\">\n    <\/div>\n<!--\/themify_builder_content-->\n","protected":false},"excerpt":{"rendered":"<p>Pedro Prieto no solamente es recordado como uno de los conductores m\u00e1s queridos del programa mexicano \u201cHOY\u201d, sino porque tambi\u00e9n ha construido una gran carrera en la actuaci\u00f3n y conducci\u00f3n desde que llego a M\u00e9xico. La actuaci\u00f3n es una de las profesiones m\u00e1s atractivas del mundo y donde muchos de los actores tuvieron un acercamiento [&hellip;]<\/p>\n","protected":false},"author":2,"featured_media":56680,"comment_status":"open","ping_status":"open","sticky":false,"template":"","format":"standard","meta":{"_jetpack_memberships_contains_paid_content":false,"footnotes":"","jetpack_publicize_message":"","jetpack_publicize_feature_enabled":true,"jetpack_social_post_already_shared":true,"jetpack_social_options":{"image_generator_settings":{"template":"highway","default_image_id":0,"font":"","enabled":false},"version":2}},"categories":[1],"tags":[4829,5977,290,5978,5979,144,5980,5981],"class_list":["post-56683","post","type-post","status-publish","format-standard","has-post-thumbnail","hentry","category-blog","tag-china","tag-gonzalo-saavedra","tag-hoy","tag-india","tag-lola-cortes","tag-mexico","tag-pedro-prieto","tag-peter-pan","has-post-title","has-post-date","has-post-category","has-post-tag","has-post-comment","has-post-author",""],"yoast_head":"<!-- This site is optimized with the Yoast SEO plugin v27.5 - https:\/\/yoast.com\/product\/yoast-seo-wordpress\/ -->\n<title>Pedro Prieto: \u201cLo que habla bien de ti no es como te veas, sino lo bien que hagas tu trabajo\u201d - Zero Magazine<\/title>\n<meta name=\"robots\" content=\"index, follow, max-snippet:-1, max-image-preview:large, max-video-preview:-1\" \/>\n<link rel=\"canonical\" href=\"https:\/\/zeromagazine.mx\/index.php\/2021\/10\/25\/pedro-prieto-lo-que-habla-bien-de-ti-no-es-como-te-veas-sino-lo-bien-que-hagas-tu-trabajo\/\" \/>\n<meta property=\"og:locale\" content=\"es_ES\" \/>\n<meta property=\"og:type\" content=\"article\" \/>\n<meta property=\"og:title\" content=\"Pedro Prieto: \u201cLo que habla bien de ti no es como te veas, sino lo bien que hagas tu trabajo\u201d - Zero Magazine\" \/>\n<meta property=\"og:description\" content=\"Pedro Prieto no solamente es recordado como uno de los conductores m\u00e1s queridos del programa mexicano \u201cHOY\u201d, sino porque tambi\u00e9n ha construido una gran carrera en la actuaci\u00f3n y conducci\u00f3n desde que llego a M\u00e9xico. La actuaci\u00f3n es una de las profesiones m\u00e1s atractivas del mundo y donde muchos de los actores tuvieron un acercamiento [&hellip;]\" \/>\n<meta property=\"og:url\" content=\"https:\/\/zeromagazine.mx\/index.php\/2021\/10\/25\/pedro-prieto-lo-que-habla-bien-de-ti-no-es-como-te-veas-sino-lo-bien-que-hagas-tu-trabajo\/\" \/>\n<meta property=\"og:site_name\" content=\"Zero Magazine\" \/>\n<meta property=\"article:published_time\" content=\"2021-10-25T15:00:03+00:00\" \/>\n<meta name=\"author\" content=\"zeromagazinemx\" \/>\n<meta name=\"twitter:card\" content=\"summary_large_image\" \/>\n<meta name=\"twitter:label1\" content=\"Escrito por\" \/>\n\t<meta name=\"twitter:data1\" content=\"zeromagazinemx\" \/>\n\t<meta name=\"twitter:label2\" content=\"Tiempo de lectura\" \/>\n\t<meta name=\"twitter:data2\" content=\"3 minutos\" \/>\n<script type=\"application\/ld+json\" class=\"yoast-schema-graph\">{\"@context\":\"https:\\\/\\\/schema.org\",\"@graph\":[{\"@type\":\"Article\",\"@id\":\"https:\\\/\\\/zeromagazine.mx\\\/index.php\\\/2021\\\/10\\\/25\\\/pedro-prieto-lo-que-habla-bien-de-ti-no-es-como-te-veas-sino-lo-bien-que-hagas-tu-trabajo\\\/#article\",\"isPartOf\":{\"@id\":\"https:\\\/\\\/zeromagazine.mx\\\/index.php\\\/2021\\\/10\\\/25\\\/pedro-prieto-lo-que-habla-bien-de-ti-no-es-como-te-veas-sino-lo-bien-que-hagas-tu-trabajo\\\/\"},\"author\":{\"name\":\"zeromagazinemx\",\"@id\":\"https:\\\/\\\/zeromagazine.mx\\\/#\\\/schema\\\/person\\\/9aed9f33a7c39af3a348b86d723f7773\"},\"headline\":\"Pedro Prieto: \u201cLo que habla bien de ti no es como te veas, sino lo bien que hagas tu trabajo\u201d\",\"datePublished\":\"2021-10-25T15:00:03+00:00\",\"mainEntityOfPage\":{\"@id\":\"https:\\\/\\\/zeromagazine.mx\\\/index.php\\\/2021\\\/10\\\/25\\\/pedro-prieto-lo-que-habla-bien-de-ti-no-es-como-te-veas-sino-lo-bien-que-hagas-tu-trabajo\\\/\"},\"wordCount\":640,\"commentCount\":0,\"publisher\":{\"@id\":\"https:\\\/\\\/zeromagazine.mx\\\/#organization\"},\"image\":{\"@id\":\"https:\\\/\\\/zeromagazine.mx\\\/index.php\\\/2021\\\/10\\\/25\\\/pedro-prieto-lo-que-habla-bien-de-ti-no-es-como-te-veas-sino-lo-bien-que-hagas-tu-trabajo\\\/#primaryimage\"},\"thumbnailUrl\":\"\",\"keywords\":[\"CHINA\",\"Gonzalo Saavedra\",\"hoy\",\"India\",\"Lola Cortes\",\"M\u00c9XICO\",\"Pedro Prieto\",\"Peter Pan\"],\"articleSection\":[\"Blog\"],\"inLanguage\":\"es\",\"potentialAction\":[{\"@type\":\"CommentAction\",\"name\":\"Comment\",\"target\":[\"https:\\\/\\\/zeromagazine.mx\\\/index.php\\\/2021\\\/10\\\/25\\\/pedro-prieto-lo-que-habla-bien-de-ti-no-es-como-te-veas-sino-lo-bien-que-hagas-tu-trabajo\\\/#respond\"]}]},{\"@type\":\"WebPage\",\"@id\":\"https:\\\/\\\/zeromagazine.mx\\\/index.php\\\/2021\\\/10\\\/25\\\/pedro-prieto-lo-que-habla-bien-de-ti-no-es-como-te-veas-sino-lo-bien-que-hagas-tu-trabajo\\\/\",\"url\":\"https:\\\/\\\/zeromagazine.mx\\\/index.php\\\/2021\\\/10\\\/25\\\/pedro-prieto-lo-que-habla-bien-de-ti-no-es-como-te-veas-sino-lo-bien-que-hagas-tu-trabajo\\\/\",\"name\":\"Pedro Prieto: \u201cLo que habla bien de ti no es como te veas, sino lo bien que hagas tu trabajo\u201d - Zero Magazine\",\"isPartOf\":{\"@id\":\"https:\\\/\\\/zeromagazine.mx\\\/#website\"},\"primaryImageOfPage\":{\"@id\":\"https:\\\/\\\/zeromagazine.mx\\\/index.php\\\/2021\\\/10\\\/25\\\/pedro-prieto-lo-que-habla-bien-de-ti-no-es-como-te-veas-sino-lo-bien-que-hagas-tu-trabajo\\\/#primaryimage\"},\"image\":{\"@id\":\"https:\\\/\\\/zeromagazine.mx\\\/index.php\\\/2021\\\/10\\\/25\\\/pedro-prieto-lo-que-habla-bien-de-ti-no-es-como-te-veas-sino-lo-bien-que-hagas-tu-trabajo\\\/#primaryimage\"},\"thumbnailUrl\":\"\",\"datePublished\":\"2021-10-25T15:00:03+00:00\",\"breadcrumb\":{\"@id\":\"https:\\\/\\\/zeromagazine.mx\\\/index.php\\\/2021\\\/10\\\/25\\\/pedro-prieto-lo-que-habla-bien-de-ti-no-es-como-te-veas-sino-lo-bien-que-hagas-tu-trabajo\\\/#breadcrumb\"},\"inLanguage\":\"es\",\"potentialAction\":[{\"@type\":\"ReadAction\",\"target\":[\"https:\\\/\\\/zeromagazine.mx\\\/index.php\\\/2021\\\/10\\\/25\\\/pedro-prieto-lo-que-habla-bien-de-ti-no-es-como-te-veas-sino-lo-bien-que-hagas-tu-trabajo\\\/\"]}]},{\"@type\":\"ImageObject\",\"inLanguage\":\"es\",\"@id\":\"https:\\\/\\\/zeromagazine.mx\\\/index.php\\\/2021\\\/10\\\/25\\\/pedro-prieto-lo-que-habla-bien-de-ti-no-es-como-te-veas-sino-lo-bien-que-hagas-tu-trabajo\\\/#primaryimage\",\"url\":\"\",\"contentUrl\":\"\"},{\"@type\":\"BreadcrumbList\",\"@id\":\"https:\\\/\\\/zeromagazine.mx\\\/index.php\\\/2021\\\/10\\\/25\\\/pedro-prieto-lo-que-habla-bien-de-ti-no-es-como-te-veas-sino-lo-bien-que-hagas-tu-trabajo\\\/#breadcrumb\",\"itemListElement\":[{\"@type\":\"ListItem\",\"position\":1,\"name\":\"Portada\",\"item\":\"https:\\\/\\\/zeromagazine.mx\\\/\"},{\"@type\":\"ListItem\",\"position\":2,\"name\":\"Pedro Prieto: \u201cLo que habla bien de ti no es como te veas, sino lo bien que hagas tu trabajo\u201d\"}]},{\"@type\":\"WebSite\",\"@id\":\"https:\\\/\\\/zeromagazine.mx\\\/#website\",\"url\":\"https:\\\/\\\/zeromagazine.mx\\\/\",\"name\":\"Zero Magazine\",\"description\":\"\",\"publisher\":{\"@id\":\"https:\\\/\\\/zeromagazine.mx\\\/#organization\"},\"potentialAction\":[{\"@type\":\"SearchAction\",\"target\":{\"@type\":\"EntryPoint\",\"urlTemplate\":\"https:\\\/\\\/zeromagazine.mx\\\/?s={search_term_string}\"},\"query-input\":{\"@type\":\"PropertyValueSpecification\",\"valueRequired\":true,\"valueName\":\"search_term_string\"}}],\"inLanguage\":\"es\"},{\"@type\":\"Organization\",\"@id\":\"https:\\\/\\\/zeromagazine.mx\\\/#organization\",\"name\":\"Zero Magazine\",\"url\":\"https:\\\/\\\/zeromagazine.mx\\\/\",\"logo\":{\"@type\":\"ImageObject\",\"inLanguage\":\"es\",\"@id\":\"https:\\\/\\\/zeromagazine.mx\\\/#\\\/schema\\\/logo\\\/image\\\/\",\"url\":\"https:\\\/\\\/i0.wp.com\\\/zeromagazine.mx\\\/wp-content\\\/uploads\\\/2025\\\/11\\\/1.jpeg?fit=1000%2C1000&ssl=1\",\"contentUrl\":\"https:\\\/\\\/i0.wp.com\\\/zeromagazine.mx\\\/wp-content\\\/uploads\\\/2025\\\/11\\\/1.jpeg?fit=1000%2C1000&ssl=1\",\"width\":1000,\"height\":1000,\"caption\":\"Zero Magazine\"},\"image\":{\"@id\":\"https:\\\/\\\/zeromagazine.mx\\\/#\\\/schema\\\/logo\\\/image\\\/\"},\"sameAs\":[\"https:\\\/\\\/instagram.com\\\/zeromagazinemx\"]},{\"@type\":\"Person\",\"@id\":\"https:\\\/\\\/zeromagazine.mx\\\/#\\\/schema\\\/person\\\/9aed9f33a7c39af3a348b86d723f7773\",\"name\":\"zeromagazinemx\",\"image\":{\"@type\":\"ImageObject\",\"inLanguage\":\"es\",\"@id\":\"https:\\\/\\\/zeromagazine.mx\\\/wp-content\\\/litespeed\\\/avatar\\\/f91dfe5410d5dcb1a576bf8c45983896.jpg?ver=1777571230\",\"url\":\"https:\\\/\\\/zeromagazine.mx\\\/wp-content\\\/litespeed\\\/avatar\\\/f91dfe5410d5dcb1a576bf8c45983896.jpg?ver=1777571230\",\"contentUrl\":\"https:\\\/\\\/zeromagazine.mx\\\/wp-content\\\/litespeed\\\/avatar\\\/f91dfe5410d5dcb1a576bf8c45983896.jpg?ver=1777571230\",\"caption\":\"zeromagazinemx\"},\"url\":\"https:\\\/\\\/zeromagazine.mx\\\/index.php\\\/author\\\/zeromagazinemx\\\/\"}]}<\/script>\n<!-- \/ Yoast SEO plugin. -->","yoast_head_json":{"title":"Pedro Prieto: \u201cLo que habla bien de ti no es como te veas, sino lo bien que hagas tu trabajo\u201d - Zero Magazine","robots":{"index":"index","follow":"follow","max-snippet":"max-snippet:-1","max-image-preview":"max-image-preview:large","max-video-preview":"max-video-preview:-1"},"canonical":"https:\/\/zeromagazine.mx\/index.php\/2021\/10\/25\/pedro-prieto-lo-que-habla-bien-de-ti-no-es-como-te-veas-sino-lo-bien-que-hagas-tu-trabajo\/","og_locale":"es_ES","og_type":"article","og_title":"Pedro Prieto: \u201cLo que habla bien de ti no es como te veas, sino lo bien que hagas tu trabajo\u201d - Zero Magazine","og_description":"Pedro Prieto no solamente es recordado como uno de los conductores m\u00e1s queridos del programa mexicano \u201cHOY\u201d, sino porque tambi\u00e9n ha construido una gran carrera en la actuaci\u00f3n y conducci\u00f3n desde que llego a M\u00e9xico. La actuaci\u00f3n es una de las profesiones m\u00e1s atractivas del mundo y donde muchos de los actores tuvieron un acercamiento [&hellip;]","og_url":"https:\/\/zeromagazine.mx\/index.php\/2021\/10\/25\/pedro-prieto-lo-que-habla-bien-de-ti-no-es-como-te-veas-sino-lo-bien-que-hagas-tu-trabajo\/","og_site_name":"Zero Magazine","article_published_time":"2021-10-25T15:00:03+00:00","author":"zeromagazinemx","twitter_card":"summary_large_image","twitter_misc":{"Escrito por":"zeromagazinemx","Tiempo de lectura":"3 minutos"},"schema":{"@context":"https:\/\/schema.org","@graph":[{"@type":"Article","@id":"https:\/\/zeromagazine.mx\/index.php\/2021\/10\/25\/pedro-prieto-lo-que-habla-bien-de-ti-no-es-como-te-veas-sino-lo-bien-que-hagas-tu-trabajo\/#article","isPartOf":{"@id":"https:\/\/zeromagazine.mx\/index.php\/2021\/10\/25\/pedro-prieto-lo-que-habla-bien-de-ti-no-es-como-te-veas-sino-lo-bien-que-hagas-tu-trabajo\/"},"author":{"name":"zeromagazinemx","@id":"https:\/\/zeromagazine.mx\/#\/schema\/person\/9aed9f33a7c39af3a348b86d723f7773"},"headline":"Pedro Prieto: \u201cLo que habla bien de ti no es como te veas, sino lo bien que hagas tu trabajo\u201d","datePublished":"2021-10-25T15:00:03+00:00","mainEntityOfPage":{"@id":"https:\/\/zeromagazine.mx\/index.php\/2021\/10\/25\/pedro-prieto-lo-que-habla-bien-de-ti-no-es-como-te-veas-sino-lo-bien-que-hagas-tu-trabajo\/"},"wordCount":640,"commentCount":0,"publisher":{"@id":"https:\/\/zeromagazine.mx\/#organization"},"image":{"@id":"https:\/\/zeromagazine.mx\/index.php\/2021\/10\/25\/pedro-prieto-lo-que-habla-bien-de-ti-no-es-como-te-veas-sino-lo-bien-que-hagas-tu-trabajo\/#primaryimage"},"thumbnailUrl":"","keywords":["CHINA","Gonzalo Saavedra","hoy","India","Lola Cortes","M\u00c9XICO","Pedro Prieto","Peter Pan"],"articleSection":["Blog"],"inLanguage":"es","potentialAction":[{"@type":"CommentAction","name":"Comment","target":["https:\/\/zeromagazine.mx\/index.php\/2021\/10\/25\/pedro-prieto-lo-que-habla-bien-de-ti-no-es-como-te-veas-sino-lo-bien-que-hagas-tu-trabajo\/#respond"]}]},{"@type":"WebPage","@id":"https:\/\/zeromagazine.mx\/index.php\/2021\/10\/25\/pedro-prieto-lo-que-habla-bien-de-ti-no-es-como-te-veas-sino-lo-bien-que-hagas-tu-trabajo\/","url":"https:\/\/zeromagazine.mx\/index.php\/2021\/10\/25\/pedro-prieto-lo-que-habla-bien-de-ti-no-es-como-te-veas-sino-lo-bien-que-hagas-tu-trabajo\/","name":"Pedro Prieto: \u201cLo que habla bien de ti no es como te veas, sino lo bien que hagas tu trabajo\u201d - Zero Magazine","isPartOf":{"@id":"https:\/\/zeromagazine.mx\/#website"},"primaryImageOfPage":{"@id":"https:\/\/zeromagazine.mx\/index.php\/2021\/10\/25\/pedro-prieto-lo-que-habla-bien-de-ti-no-es-como-te-veas-sino-lo-bien-que-hagas-tu-trabajo\/#primaryimage"},"image":{"@id":"https:\/\/zeromagazine.mx\/index.php\/2021\/10\/25\/pedro-prieto-lo-que-habla-bien-de-ti-no-es-como-te-veas-sino-lo-bien-que-hagas-tu-trabajo\/#primaryimage"},"thumbnailUrl":"","datePublished":"2021-10-25T15:00:03+00:00","breadcrumb":{"@id":"https:\/\/zeromagazine.mx\/index.php\/2021\/10\/25\/pedro-prieto-lo-que-habla-bien-de-ti-no-es-como-te-veas-sino-lo-bien-que-hagas-tu-trabajo\/#breadcrumb"},"inLanguage":"es","potentialAction":[{"@type":"ReadAction","target":["https:\/\/zeromagazine.mx\/index.php\/2021\/10\/25\/pedro-prieto-lo-que-habla-bien-de-ti-no-es-como-te-veas-sino-lo-bien-que-hagas-tu-trabajo\/"]}]},{"@type":"ImageObject","inLanguage":"es","@id":"https:\/\/zeromagazine.mx\/index.php\/2021\/10\/25\/pedro-prieto-lo-que-habla-bien-de-ti-no-es-como-te-veas-sino-lo-bien-que-hagas-tu-trabajo\/#primaryimage","url":"","contentUrl":""},{"@type":"BreadcrumbList","@id":"https:\/\/zeromagazine.mx\/index.php\/2021\/10\/25\/pedro-prieto-lo-que-habla-bien-de-ti-no-es-como-te-veas-sino-lo-bien-que-hagas-tu-trabajo\/#breadcrumb","itemListElement":[{"@type":"ListItem","position":1,"name":"Portada","item":"https:\/\/zeromagazine.mx\/"},{"@type":"ListItem","position":2,"name":"Pedro Prieto: \u201cLo que habla bien de ti no es como te veas, sino lo bien que hagas tu trabajo\u201d"}]},{"@type":"WebSite","@id":"https:\/\/zeromagazine.mx\/#website","url":"https:\/\/zeromagazine.mx\/","name":"Zero Magazine","description":"","publisher":{"@id":"https:\/\/zeromagazine.mx\/#organization"},"potentialAction":[{"@type":"SearchAction","target":{"@type":"EntryPoint","urlTemplate":"https:\/\/zeromagazine.mx\/?s={search_term_string}"},"query-input":{"@type":"PropertyValueSpecification","valueRequired":true,"valueName":"search_term_string"}}],"inLanguage":"es"},{"@type":"Organization","@id":"https:\/\/zeromagazine.mx\/#organization","name":"Zero Magazine","url":"https:\/\/zeromagazine.mx\/","logo":{"@type":"ImageObject","inLanguage":"es","@id":"https:\/\/zeromagazine.mx\/#\/schema\/logo\/image\/","url":"https:\/\/i0.wp.com\/zeromagazine.mx\/wp-content\/uploads\/2025\/11\/1.jpeg?fit=1000%2C1000&ssl=1","contentUrl":"https:\/\/i0.wp.com\/zeromagazine.mx\/wp-content\/uploads\/2025\/11\/1.jpeg?fit=1000%2C1000&ssl=1","width":1000,"height":1000,"caption":"Zero Magazine"},"image":{"@id":"https:\/\/zeromagazine.mx\/#\/schema\/logo\/image\/"},"sameAs":["https:\/\/instagram.com\/zeromagazinemx"]},{"@type":"Person","@id":"https:\/\/zeromagazine.mx\/#\/schema\/person\/9aed9f33a7c39af3a348b86d723f7773","name":"zeromagazinemx","image":{"@type":"ImageObject","inLanguage":"es","@id":"https:\/\/zeromagazine.mx\/wp-content\/litespeed\/avatar\/f91dfe5410d5dcb1a576bf8c45983896.jpg?ver=1777571230","url":"https:\/\/zeromagazine.mx\/wp-content\/litespeed\/avatar\/f91dfe5410d5dcb1a576bf8c45983896.jpg?ver=1777571230","contentUrl":"https:\/\/zeromagazine.mx\/wp-content\/litespeed\/avatar\/f91dfe5410d5dcb1a576bf8c45983896.jpg?ver=1777571230","caption":"zeromagazinemx"},"url":"https:\/\/zeromagazine.mx\/index.php\/author\/zeromagazinemx\/"}]}},"jetpack_publicize_connections":[],"jetpack_featured_media_url":"","jetpack-related-posts":[{"id":97594,"url":"https:\/\/zeromagazine.mx\/index.php\/2025\/02\/26\/mexico-en-premios-platino2025\/","url_meta":{"origin":56683,"position":0},"title":"Producciones Mexicanas en PLATINO","author":"David Morales","date":"26 de febrero de 2025","format":false,"excerpt":"El cine y las series mexicanas est\u00e1n rompi\u00e9ndola en la XII Edici\u00f3n de los Premios PLATINO, liderando las candidaturas nacionales con \"Pedro P\u00e1ramo\" y \"Cada minuto cuenta\". Estos premios, que celebran lo mejor del audiovisual iberoamericano, han puesto en la mira varias producciones nacionales que podr\u00edan llevarse un reconocimiento importante\u2026","rel":"","context":"En \u00abCultura\u00bb","block_context":{"text":"Cultura","link":"https:\/\/zeromagazine.mx\/index.php\/category\/cultura\/"},"img":{"alt_text":"","src":"https:\/\/i0.wp.com\/zeromagazine.mx\/wp-content\/uploads\/2025\/02\/Cartel_Final_Premios_Platino_logos_2025_rgb.jpg?fit=907%2C1200&ssl=1&resize=350%2C200","width":350,"height":200,"srcset":"https:\/\/i0.wp.com\/zeromagazine.mx\/wp-content\/uploads\/2025\/02\/Cartel_Final_Premios_Platino_logos_2025_rgb.jpg?fit=907%2C1200&ssl=1&resize=350%2C200 1x, https:\/\/i0.wp.com\/zeromagazine.mx\/wp-content\/uploads\/2025\/02\/Cartel_Final_Premios_Platino_logos_2025_rgb.jpg?fit=907%2C1200&ssl=1&resize=525%2C300 1.5x, https:\/\/i0.wp.com\/zeromagazine.mx\/wp-content\/uploads\/2025\/02\/Cartel_Final_Premios_Platino_logos_2025_rgb.jpg?fit=907%2C1200&ssl=1&resize=700%2C400 2x"},"classes":[]},{"id":111109,"url":"https:\/\/zeromagazine.mx\/index.php\/2025\/11\/21\/olga-prieto-travesia-coleccion-artesanal\/","url_meta":{"origin":56683,"position":1},"title":"Olga Prieto Traves\u00eda: magia en movimiento","author":"zeromagazinemx","date":"21 de noviembre de 2025","format":false,"excerpt":"Cuando dos mentes creativas se cruzan y conectan desde la emoci\u00f3n real, pasan cosas que solo pueden describirse como magia. Y eso es justo lo que deton\u00f3 Olga Prieto Traves\u00eda, la nueva colecci\u00f3n que surge del encuentro entre la dise\u00f1adora Olga Prieto y la artista Daniela Bustos Maya. Spoiler: est\u00e1\u2026","rel":"","context":"En \u00abModa\u00bb","block_context":{"text":"Moda","link":"https:\/\/zeromagazine.mx\/index.php\/category\/moda\/"},"img":{"alt_text":"","src":"https:\/\/i0.wp.com\/zeromagazine.mx\/wp-content\/uploads\/2025\/11\/1000040899.jpg?fit=960%2C1200&ssl=1&resize=350%2C200","width":350,"height":200,"srcset":"https:\/\/i0.wp.com\/zeromagazine.mx\/wp-content\/uploads\/2025\/11\/1000040899.jpg?fit=960%2C1200&ssl=1&resize=350%2C200 1x, https:\/\/i0.wp.com\/zeromagazine.mx\/wp-content\/uploads\/2025\/11\/1000040899.jpg?fit=960%2C1200&ssl=1&resize=525%2C300 1.5x, https:\/\/i0.wp.com\/zeromagazine.mx\/wp-content\/uploads\/2025\/11\/1000040899.jpg?fit=960%2C1200&ssl=1&resize=700%2C400 2x"},"classes":[]},{"id":83032,"url":"https:\/\/zeromagazine.mx\/index.php\/2024\/09\/03\/pedro-paramo-ghosts-drama-y-mas\/","url_meta":{"origin":56683,"position":2},"title":"\u00abPedro P\u00e1ramo: Ghosts, Drama, y M\u00e1s\u00bb","author":"zeromagazinemx","date":"3 de septiembre de 2024","format":false,"excerpt":"Disfruta de un fin de semana inolvidable con el pr\u00f3ximo estreno del gigante del streaming \u201dPedro P\u00e1ramo, la pel\u00edcula que nos lleva directo al coraz\u00f3n de Comala, un pueblo donde el drama entre los vivos y los muertos est\u00e1 m\u00e1s intenso que un episodio de reality show. Esta adaptaci\u00f3n de\u2026","rel":"","context":"En \u00abEntretenimiento\u00bb","block_context":{"text":"Entretenimiento","link":"https:\/\/zeromagazine.mx\/index.php\/category\/entretenimiento\/"},"img":{"alt_text":"","src":"https:\/\/i0.wp.com\/zeromagazine.mx\/wp-content\/uploads\/2024\/09\/Pedro_Paramo_n_00_48_20_17_R-scaled.jpg?fit=1200%2C675&ssl=1&resize=350%2C200","width":350,"height":200,"srcset":"https:\/\/i0.wp.com\/zeromagazine.mx\/wp-content\/uploads\/2024\/09\/Pedro_Paramo_n_00_48_20_17_R-scaled.jpg?fit=1200%2C675&ssl=1&resize=350%2C200 1x, https:\/\/i0.wp.com\/zeromagazine.mx\/wp-content\/uploads\/2024\/09\/Pedro_Paramo_n_00_48_20_17_R-scaled.jpg?fit=1200%2C675&ssl=1&resize=525%2C300 1.5x, https:\/\/i0.wp.com\/zeromagazine.mx\/wp-content\/uploads\/2024\/09\/Pedro_Paramo_n_00_48_20_17_R-scaled.jpg?fit=1200%2C675&ssl=1&resize=700%2C400 2x, https:\/\/i0.wp.com\/zeromagazine.mx\/wp-content\/uploads\/2024\/09\/Pedro_Paramo_n_00_48_20_17_R-scaled.jpg?fit=1200%2C675&ssl=1&resize=1050%2C600 3x"},"classes":[]},{"id":48525,"url":"https:\/\/zeromagazine.mx\/index.php\/2021\/06\/23\/levis-la-diversidad-en-mexico-siempre-ha-existido-resistido-y-hecho-historia\/","url_meta":{"origin":56683,"position":3},"title":"Levi\u2019s, la diversidad en M\u00e9xico siempre ha existido, resistido y hecho historia","author":"zeromagazinemx","date":"23 de junio de 2021","format":false,"excerpt":"Levi\u2019s lanz\u00f3 una nueva colecci\u00f3n Pride 2021 y hace un llamado a lo que no podemos ignorar \u201cRespetemos todos los pronombres\u201d https:\/\/www.instagram.com\/p\/CPt61czBM6m\/ Por Moises Kushelevich La Comunidad LGBTTTTIQA+ en M\u00e9xico no s\u00f3lo se ha hecho presente hace siglos, ha resistido y fortalecido para romper moldes y esquemas que no solo\u2026","rel":"","context":"En \u00abLifestyle\u00bb","block_context":{"text":"Lifestyle","link":"https:\/\/zeromagazine.mx\/index.php\/category\/lifestyle\/"},"img":{"alt_text":"","src":"","width":0,"height":0},"classes":[]},{"id":91530,"url":"https:\/\/zeromagazine.mx\/index.php\/2024\/11\/25\/bada-2025-arte-para-todxs\/","url_meta":{"origin":56683,"position":4},"title":"BADA 2025: Arte para Todxs","author":"zeromagazinemx","date":"25 de noviembre de 2024","format":false,"excerpt":"BADA 2025 es la feria que est\u00e1 cambiando la manera de conectar con el arte. Con la participaci\u00f3n de Pedro Friedeberg y un espacio para j\u00f3venes creadores, \u00a1es el evento del a\u00f1o!","rel":"","context":"En \u00abCultura\u00bb","block_context":{"text":"Cultura","link":"https:\/\/zeromagazine.mx\/index.php\/category\/cultura\/"},"img":{"alt_text":"","src":"https:\/\/i0.wp.com\/zeromagazine.mx\/wp-content\/uploads\/2024\/11\/unnamed.gif?fit=864%2C864&ssl=1&resize=350%2C200","width":350,"height":200,"srcset":"https:\/\/i0.wp.com\/zeromagazine.mx\/wp-content\/uploads\/2024\/11\/unnamed.gif?fit=864%2C864&ssl=1&resize=350%2C200 1x, https:\/\/i0.wp.com\/zeromagazine.mx\/wp-content\/uploads\/2024\/11\/unnamed.gif?fit=864%2C864&ssl=1&resize=525%2C300 1.5x, https:\/\/i0.wp.com\/zeromagazine.mx\/wp-content\/uploads\/2024\/11\/unnamed.gif?fit=864%2C864&ssl=1&resize=700%2C400 2x"},"classes":[]},{"id":80008,"url":"https:\/\/zeromagazine.mx\/index.php\/2024\/07\/05\/gladiador-2-viene-con-todo\/","url_meta":{"origin":56683,"position":5},"title":"\u00a1Gladiador 2 Viene con Todo!","author":"zeromagazinemx","date":"5 de julio de 2024","format":false,"excerpt":"\u00bfSe imaginan que despu\u00e9s de 24 a\u00f1os finalmente vamos a tener la secuela de Gladiador? S\u00ed, la peli que nos dio una de las mejores actuaciones de Russell Crowe, dirigida por Ridley Scott, vuelve con un nuevo elenco de lujo: Paul Mescal, Pedro Pascal y Denzel Washington. \u00a1Ya no puedo\u2026","rel":"","context":"En \u00abCine\u00bb","block_context":{"text":"Cine","link":"https:\/\/zeromagazine.mx\/index.php\/category\/entretenimiento\/cine\/"},"img":{"alt_text":"","src":"https:\/\/i0.wp.com\/zeromagazine.mx\/wp-content\/uploads\/2024\/07\/gladiator-2.1719850614.5074.jpg?fit=1200%2C675&ssl=1&resize=350%2C200","width":350,"height":200,"srcset":"https:\/\/i0.wp.com\/zeromagazine.mx\/wp-content\/uploads\/2024\/07\/gladiator-2.1719850614.5074.jpg?fit=1200%2C675&ssl=1&resize=350%2C200 1x, https:\/\/i0.wp.com\/zeromagazine.mx\/wp-content\/uploads\/2024\/07\/gladiator-2.1719850614.5074.jpg?fit=1200%2C675&ssl=1&resize=525%2C300 1.5x, https:\/\/i0.wp.com\/zeromagazine.mx\/wp-content\/uploads\/2024\/07\/gladiator-2.1719850614.5074.jpg?fit=1200%2C675&ssl=1&resize=700%2C400 2x, https:\/\/i0.wp.com\/zeromagazine.mx\/wp-content\/uploads\/2024\/07\/gladiator-2.1719850614.5074.jpg?fit=1200%2C675&ssl=1&resize=1050%2C600 3x"},"classes":[]}],"jetpack_sharing_enabled":true,"builder_content":"","_links":{"self":[{"href":"https:\/\/zeromagazine.mx\/index.php\/wp-json\/wp\/v2\/posts\/56683","targetHints":{"allow":["GET"]}}],"collection":[{"href":"https:\/\/zeromagazine.mx\/index.php\/wp-json\/wp\/v2\/posts"}],"about":[{"href":"https:\/\/zeromagazine.mx\/index.php\/wp-json\/wp\/v2\/types\/post"}],"author":[{"embeddable":true,"href":"https:\/\/zeromagazine.mx\/index.php\/wp-json\/wp\/v2\/users\/2"}],"replies":[{"embeddable":true,"href":"https:\/\/zeromagazine.mx\/index.php\/wp-json\/wp\/v2\/comments?post=56683"}],"version-history":[{"count":0,"href":"https:\/\/zeromagazine.mx\/index.php\/wp-json\/wp\/v2\/posts\/56683\/revisions"}],"wp:featuredmedia":[{"embeddable":true,"href":"https:\/\/zeromagazine.mx\/index.php\/wp-json\/"}],"wp:attachment":[{"href":"https:\/\/zeromagazine.mx\/index.php\/wp-json\/wp\/v2\/media?parent=56683"}],"wp:term":[{"taxonomy":"category","embeddable":true,"href":"https:\/\/zeromagazine.mx\/index.php\/wp-json\/wp\/v2\/categories?post=56683"},{"taxonomy":"post_tag","embeddable":true,"href":"https:\/\/zeromagazine.mx\/index.php\/wp-json\/wp\/v2\/tags?post=56683"}],"curies":[{"name":"wp","href":"https:\/\/api.w.org\/{rel}","templated":true}]}}