{"id":56696,"date":"2021-10-25T13:00:37","date_gmt":"2021-10-25T18:00:37","guid":{"rendered":"https:\/\/atomic-temporary-84115225.wpcomstaging.com\/?p=56696"},"modified":"2021-10-25T13:00:37","modified_gmt":"2021-10-25T18:00:37","slug":"gaby-mellado","status":"publish","type":"post","link":"https:\/\/zeromagazine.mx\/index.php\/2021\/10\/25\/gaby-mellado\/","title":{"rendered":"GABY MELLADO"},"content":{"rendered":"\n<p>El carisma y talento que caracteriza a la joven actriz de <strong>Orizaba Veracruz<\/strong>, quien, con tan solo 29 a\u00f1os, sobrepasa las pantallas, adentr\u00e1ndose en los corazones de sus fan\u00e1ticos. Con una participaci\u00f3n en m\u00e1s de 6 telenovelas bajo la cabecera de Televisa, nos ha brindado temas y principalmente personajes que m\u00e1s de uno recuerda.<\/p>\n\n\n\n<ul class=\"wp-block-list\"><li><strong>Foto:<\/strong> <em>Ernesto Favela <a href=\"https:\/\/instagram.com\/trappist.fv?utm_medium=copy_link\">@trappist.fv<\/a><\/em><\/li><li><strong>MUAH:<\/strong> <em>Karla Cedillo <a href=\"https:\/\/instagram.com\/mua_karlacedillo?utm_medium=copy_link\">@mua_karlacedillo<\/a><\/em><\/li><li><strong>Styling:<\/strong> <em>David Morales <a href=\"https:\/\/instagram.com\/elpoderosodave?utm_medium=copy_link\">@elpoderosodave<\/a><\/em><\/li><li><strong>Moda y locaci\u00f3n:<\/strong> <em>Amnes!a <a href=\"https:\/\/instagram.com\/mx.amnesia?utm_medium=copy_link\">@mx.amnesia<\/a><\/em><\/li><\/ul>\n\n\n\n<div class=\"wp-block-image coblocks-animate\"><figure class=\"aligncenter size-large\"><a href=\"https:\/\/i0.wp.com\/zeromagazinemx.wpcomstaging.com\/wp-content\/uploads\/2022\/02\/288c4-gaby-mellado-zero-magazine.png?ssl=1\"><img data-recalc-dims=\"1\" decoding=\"async\" src=\"https:\/\/i0.wp.com\/zeromagazinemx.wpcomstaging.com\/wp-content\/uploads\/2022\/02\/288c4-gaby-mellado-zero-magazine.png?w=1165&#038;ssl=1\" alt=\"\" class=\"wp-image-56699\" \/><\/a><figcaption><em><strong>Chamarra:<\/strong> <a href=\"https:\/\/instagram.com\/malva.vintage?utm_medium=copy_link\">@malva.vintage<\/a><\/em><\/figcaption><\/figure><\/div>\n\n\n\n<div class=\"wp-block-buttons is-layout-flex wp-block-buttons-is-layout-flex\">\n<div class=\"wp-block-button is-style-outline is-style-outline--1\"><a class=\"wp-block-button__link\">Por Mario Fern\u00e1ndez \u201cFERCAL\u201d<\/a><\/div>\n<\/div>\n\n\n\n<p>El carisma y talento que caracteriza a la joven actriz de <strong>Orizaba Veracruz<\/strong>, quien, con tan solo 29 a\u00f1os, sobrepasa las pantallas, adentr\u00e1ndose en los corazones de sus fan\u00e1ticos. Con una participaci\u00f3n en m\u00e1s de 6 telenovelas bajo la cabecera de Televisa, nos ha brindado temas y principalmente personajes que m\u00e1s de uno recuerda.<\/p>\n\n\n\n<div class=\"wp-block-image coblocks-animate\"><figure class=\"aligncenter size-large\"><a href=\"https:\/\/i0.wp.com\/zeromagazinemx.wpcomstaging.com\/wp-content\/uploads\/2022\/02\/19dc3-gaby_mellado_zero.png?ssl=1\"><img data-recalc-dims=\"1\" decoding=\"async\" src=\"https:\/\/i0.wp.com\/zeromagazinemx.wpcomstaging.com\/wp-content\/uploads\/2022\/02\/19dc3-gaby_mellado_zero.png?w=1165&#038;ssl=1\" alt=\"\" class=\"wp-image-56702\" \/><\/a><figcaption><em><strong>Vestido:<\/strong> <a href=\"https:\/\/instagram.com\/constantina.mia?utm_medium=copy_link\">@constantina.mia <\/a>| <strong>Aretes:<\/strong> <a href=\"https:\/\/instagram.com\/aureaxcaja?utm_medium=copy_link\">@aureaxcaja<\/a><\/em><\/figcaption><\/figure><\/div>\n\n\n\n\n\n<p><strong>\u00bfC\u00f3mo es elegir o buscar un personaje para Gaby?<\/strong><\/p>\n\n\n\n<p>\u201cLa verdad siempre han llegado a m\u00ed, por una u otra raz\u00f3n, siempre el universo y la vida se confabula, para que est\u00e9 en el casting que tengo que estar para el personaje que tengo que hacer, por suerte siempre eme han tocado una variedad de personajes, con esta facilidad de que no me encasillen los productores, es verdad que de repente todos estereotipan a las personas y a lo largo de mi historia en mi casa <strong>Televisa<\/strong>, la productora con la que siempre he trabajado, y gracias a Dios, no me ha pasado una sola vez.<\/p>\n\n\n\n<div class=\"wp-block-image coblocks-animate\"><figure class=\"aligncenter size-large\"><a href=\"https:\/\/i0.wp.com\/zeromagazinemx.wpcomstaging.com\/wp-content\/uploads\/2022\/02\/32cbc-gaby_mellado.png?ssl=1\"><img data-recalc-dims=\"1\" decoding=\"async\" src=\"https:\/\/i0.wp.com\/zeromagazinemx.wpcomstaging.com\/wp-content\/uploads\/2022\/02\/32cbc-gaby_mellado.png?w=1165&#038;ssl=1\" alt=\"\" class=\"wp-image-56704\" \/><\/a><figcaption><em><strong>Chamarra:<\/strong> <a href=\"https:\/\/instagram.com\/pimpmyrack?utm_medium=copy_link\">@pimpmyrack <\/a>| <strong>Blusa y pantal\u00f3n:<\/strong> <a href=\"https:\/\/instagram.com\/mx.amnesia?utm_medium=copy_link\">@mx.amnesia <\/a>|<strong> Tenis<\/strong> @pumamexico para @tafmx<\/em><\/figcaption><\/figure><\/div>\n\n\n\n<p>Lo que m\u00e1s me gusta es que cada personaje me trae un mundo nuevo y una nueva ense\u00f1anza, de cosas que tengo que hacer y aprender, de no ser as\u00ed, el p\u00fablico no se la cree tan f\u00e1cilmente y mi chamba es que el p\u00fablico se olvide de Gaby Mellado y se enamore y entienda al personaje interpretado, ya sea esta ni\u00f1a sorda, o la condesa o incluso esta chica que est\u00e1 tratando de salir adelante por su pasado, siempre busco que los personajes no se parezcan y he tenido esa suerte\u201d.<\/p>\n\n\n\n<p>Cuenta con participaciones en <strong><strong>\u201cAmorcito Coraz\u00f3n<\/strong><\/strong>\u201d,&nbsp; \u201d<strong>Zacatillo<\/strong>\u201d, \u201c<strong>Lo imperdonable<\/strong>\u201d,\u201d<strong>Que Pobres tan Ricos<\/strong>\u201d y actualmente interpretando a Clara en\u201d<strong>La indomable<\/strong>\u201d. En lo largo de su carrera ha interpretado a memorables personajes, uno de ellos, es \u201c<strong>Solita<\/strong>\u201d, una chica sordo muda, hermana menor de <strong>Ana Brenda Conteras<\/strong> en la telenovela \u00ab<strong>Coraz\u00f3n Indomable<\/strong>\u00ab, un gran reto que llevo a la actriz a prepararse en una escuela especial, para interpretar a esta peque\u00f1a e indefensa chica, personaje recibido con sumo respeto y aceptaci\u00f3n por parte del p\u00fablico.<\/p>\n\n\n\n<div class=\"wp-block-image coblocks-animate\"><figure class=\"aligncenter size-large\"><a href=\"https:\/\/i0.wp.com\/zeromagazinemx.wpcomstaging.com\/wp-content\/uploads\/2022\/02\/1fe3a-gaby-mellado.png?ssl=1\"><img data-recalc-dims=\"1\" decoding=\"async\" src=\"https:\/\/i0.wp.com\/zeromagazinemx.wpcomstaging.com\/wp-content\/uploads\/2022\/02\/1fe3a-gaby-mellado.png?w=1165&#038;ssl=1\" alt=\"\" class=\"wp-image-56706\" \/><\/a><figcaption><em><strong>Abrigo: <\/strong><a href=\"https:\/\/instagram.com\/constantina.mia?utm_medium=copy_link\">@constantina.mia<\/a> | <strong>Blusa:<\/strong> <a href=\"https:\/\/instagram.com\/mx.amnesia?utm_medium=copy_link\">@mx.amnesia<\/a> | <strong>Pantal\u00f3n: <\/strong>@jeanpaulgaultier de los 90s para @jupiter.vintage | <strong>Tenis: <\/strong>@nike para @tafmx<\/em><\/figcaption><\/figure><\/div>\n\n\n\n\n\n<p>\u201cRecuerdo que me llamo la productora para hacer el casting con <strong>Ana Brenda<\/strong> y el grand\u00edsimo L\u00f3pez Tarso, y sinceramente no sab\u00eda nada sobre la historia y el personaje, y la verdad es que los actores hasta qu\u00e9 no est\u00e1n en el set, no saben a qu\u00e9 te enfrentaras, y as\u00ed fue. No iba a hablar para nada, y ning\u00fan sonido, solo gestos, muy b\u00e1sicos, muy universales, lo que m\u00e1s me enamoro del personaje, es su historia, toda esta parte emocional y de abuso que atraviesa, este tipo de historias que son&nbsp; sumamente interesantes e importantes, el personaje de Solita lo muestra, no \u00fanicamente se sabe que la violan, sino, que tambi\u00e9n resulta estar embarazada, una historia muy fuerte que se encuentra llena de empat\u00eda y hasta el d\u00eda de hoy me siguen diciendo \u2018<em>Que barbaridad, como es posible que si puedas hablar<\/em>\u2019, me da una impresi\u00f3n saber c\u00f3mo la gente se impacta al saber que aquella ni\u00f1a en la vida real si puede hablar; para m\u00ed es un halago. Agradezco a este personaje que me abriera la puerta del coraz\u00f3n y la empat\u00eda de las personas\u201d.<\/p>\n\n\n\n<p>Con su versatilidad y compromiso nos regal\u00f3 un personaje memorable, sabemos que puede ser algo frustrante el no poder expresarse con palabras, sin embargo, fue un gran reto de mucho esfuerzo y dedicaci\u00f3n.<\/p>\n\n\n\n<div class=\"wp-block-image coblocks-animate\"><figure class=\"aligncenter size-large\"><a href=\"https:\/\/i0.wp.com\/zeromagazinemx.wpcomstaging.com\/wp-content\/uploads\/2022\/02\/5250a-gaby-mellado-zero-2.png?ssl=1\"><img data-recalc-dims=\"1\" decoding=\"async\" src=\"https:\/\/i0.wp.com\/zeromagazinemx.wpcomstaging.com\/wp-content\/uploads\/2022\/02\/5250a-gaby-mellado-zero-2.png?w=1165&#038;ssl=1\" alt=\"\" class=\"wp-image-56715\" \/><\/a><figcaption><strong>Sc<\/strong><em><strong>runchie: <\/strong>@thirdhand.mx | <strong>Chamarra: <\/strong>Commes des Garcones Tricot para <a href=\"https:\/\/instagram.com\/malva.vintage?utm_medium=copy_link\">@malva.vintage<\/a><\/em><\/figcaption><\/figure><\/div>\n\n\n\n<p><strong>\u00bfQu\u00e9 tal fue tu proceso de integrarte a La Indomable?<\/strong><\/p>\n\n\n\n<p>\u201cFue otro proyecto que sal\u00ed a buscar, a tocar la puerta una y otra y otra vez, hasta que consegu\u00ed que la abrieran. Literal estuvieron 3 semanas para mi personaje, El G\u00fcero Castro se caracteriza por hacer muchos castings hasta que obtiene a la persona perfecta para el papel, en mi caso fue que llegue, me presente y me dijeron no nos llames, nosotros te llamamos, y en verdad as\u00ed fue, una semana despu\u00e9s me llamaron para la audici\u00f3n, dos d\u00edas despu\u00e9s para un call back y en 2 d\u00edas para presentarme oficialmente.<\/p>\n\n\n\n<p>Fue un proceso muy acelerado y r\u00e1pido, a\u00fan era la parte m\u00e1s dif\u00edcil de la pandemia y no ten\u00edamos el proceso de las vacunas, fue una preparaci\u00f3n muy corta, sinceramente me hubiera encantado ir a una fundaci\u00f3n de personas que lograron salir del mundo de trata de blancas, acercarme a las personas y aprender para presentar un personaje lo m\u00e1s respetuoso y real posible, hablar con los especialistas para entender. Sin embargo, estuve en casa haciendo mi b\u00fasqueda y aprendizaje, protegi\u00e9ndome, protegiendo a mi familia y principalmente protegiendo a la producci\u00f3n, pues debes evitar la exposici\u00f3n por respeto.<\/p>\n\n\n\n<div class=\"wp-block-image coblocks-animate\"><figure class=\"aligncenter size-large\"><a href=\"https:\/\/i0.wp.com\/zeromagazinemx.wpcomstaging.com\/wp-content\/uploads\/2022\/02\/080c8-gaby-mellado-2.png?ssl=1\"><img data-recalc-dims=\"1\" decoding=\"async\" src=\"https:\/\/i0.wp.com\/zeromagazinemx.wpcomstaging.com\/wp-content\/uploads\/2022\/02\/080c8-gaby-mellado-2.png?w=1165&#038;ssl=1\" alt=\"\" class=\"wp-image-56714\" \/><\/a><figcaption><em><strong>Chamarra:<\/strong> <a href=\"https:\/\/instagram.com\/malva.vintage?utm_medium=copy_link\">@malva.vintage<\/a><\/em><\/figcaption><\/figure><\/div>\n\n\n\n\n\n<p>Empezamos y fue una maravilla, nos adaptamos al nuevo director, <strong>Salvador Garcini<\/strong>, que no entend\u00edamos y que al final le agarramos la onda, pero que logramos generar una gran producci\u00f3n. Entre los directores, el reparto y la historia, historia que le aplaudo a Jimena, armo una historia EXCELENTE, cuando trabaj\u00e9 con ella en Lo Imperdonable, arm\u00f3 la historia m\u00eda con <strong>Sebasti\u00e1n Zurita<\/strong> y fue una bomba, peg\u00f3 demasiado y ahora en esta producci\u00f3n lo volvi\u00f3 a hacer, una mujer que conoce perfectamente el oficio, adoro que no es la t\u00edpica novela en la que las mujeres lloran y esperan ser rescatadas, sino que son mujeres fuertes que salen y se defienden, lleno de empoderamiento. Es esta historia que te empiezan a platicar que te adopta y suma demasiado, todas las historias est\u00e1n bien construidas y agregan algo, de verdad ser\u00e1 un gran final, que nadie se espera, confieso que nosotros como actores no sabes oficialmente cu\u00e1l ser\u00e1 el final elegido, estamos en esa emoci\u00f3n por la duda\u201d<\/p>\n\n\n\n<p>Existe la posibilidad de una segunda temporada, gracias a la aceptaci\u00f3n del p\u00fablico,&nbsp; ya que por su apoyo est\u00e1n los rumores dentro de la producci\u00f3n, adem\u00e1s de ello tendremos finales alternativos de la historia, que ser\u00e1n presentados durante el gran final.<\/p>\n\n\n\n<div class=\"wp-block-image coblocks-animate\"><figure class=\"aligncenter size-large\"><a href=\"https:\/\/i0.wp.com\/zeromagazinemx.wpcomstaging.com\/wp-content\/uploads\/2022\/02\/a571f-gaby-mellado-magazine.png?ssl=1\"><img data-recalc-dims=\"1\" decoding=\"async\" src=\"https:\/\/i0.wp.com\/zeromagazinemx.wpcomstaging.com\/wp-content\/uploads\/2022\/02\/a571f-gaby-mellado-magazine.png?w=1165&#038;ssl=1\" alt=\"\" class=\"wp-image-56712\" \/><\/a><figcaption><em><strong>Vestido:<\/strong> <a href=\"https:\/\/instagram.com\/constantina.mia?utm_medium=copy_link\">@constantina.mia<\/a> | <strong>Aretes:<\/strong> <a href=\"https:\/\/instagram.com\/aureaxcaja?utm_medium=copy_link\">@aureaxcaja<\/a><\/em><\/figcaption><\/figure><\/div>\n\n\n\n<p><strong>\u00bfQu\u00e9 viene a futuro para Gaby Mellado?<\/strong><\/p>\n\n\n\n<p>\u201cAntes de todo esto me encontraba en teatro. La realidad es que el a\u00f1o pasado se detuvo todo por la situaci\u00f3n m\u00e9dica, los actores nos detuvimos en todo, apenas se est\u00e1 retomando todo, poco a poco. El regreso a teatro es un s\u00ed o s\u00ed, esperemos ya volver con esta gran comedia \u201cEl Marido Perfecto\u00bb, es una risa tras risa, de verdad espero volver. En cuanto a series y cine tengo unas cositas pendientes, esperemos que este a\u00f1o pueda lograrse, tengo mucha fe, y de no ser as\u00ed, esperemos que el pr\u00f3ximo a\u00f1o,&nbsp; ya estar\u00e1 todo m\u00e1s confirmado, y se los har\u00e9 saber a trav\u00e9s de mis redes sociales\u201d<\/p>\n\n\n\n<p>Una joven artista que se encuentra triunfando en el mundo de las telenovelas y el teatro, a pocos d\u00edas de culminar y esperando verla pronto en una posible segunda temporada de \u00ab<strong><strong>La Indomable<\/strong><\/strong>\u00ab, Gaby espera con ansias el regresar a teatro con la comedia \u00ab<strong>El Marido Perfecto<\/strong>\u00bb arriba de los escenarios.<\/p>\n\n\n\n<p class=\"has-text-align-center\"><strong>Sigue a Gaby Mellado en: <\/strong><\/p>\n\n\n\n<p class=\"has-text-align-center\"><strong>Instagram:<\/strong><a href=\"https:\/\/instagram.com\/gabymelladou?utm_medium=copy_link\"> @gabymelladou<\/a><\/p>\n\n\n\n\n<!--themify_builder_content-->\n<div id=\"themify_builder_content-56696\" data-postid=\"56696\" class=\"themify_builder_content themify_builder_content-56696 themify_builder tf_clear\">\n    <\/div>\n<!--\/themify_builder_content-->\n","protected":false},"excerpt":{"rendered":"<p>El carisma y talento que caracteriza a la joven actriz de Orizaba Veracruz, quien, con tan solo 29 a\u00f1os, sobrepasa las pantallas, adentr\u00e1ndose en los corazones de sus fan\u00e1ticos. Con una participaci\u00f3n en m\u00e1s de 6 telenovelas bajo la cabecera de Televisa, nos ha brindado temas y principalmente personajes que m\u00e1s de uno recuerda. Foto: [&hellip;]<\/p>\n","protected":false},"author":2,"featured_media":56701,"comment_status":"open","ping_status":"open","sticky":true,"template":"","format":"standard","meta":{"_jetpack_memberships_contains_paid_content":false,"footnotes":"","jetpack_publicize_message":"El carisma y talento que caracteriza a la joven actriz de Orizaba Veracruz, quien, con tan solo 29 a\u00f1os, sobrepasa las pantallas, adentr\u00e1ndose en los corazones de sus fan\u00e1ticos. Con una participaci\u00f3n en m\u00e1s de 6 telenovelas bajo la cabecera de Televisa, n","jetpack_publicize_feature_enabled":true,"jetpack_social_post_already_shared":true,"jetpack_social_options":{"image_generator_settings":{"template":"highway","default_image_id":0,"font":"","enabled":false},"version":2}},"categories":[91,98,100],"tags":[671,5987,5988,5989,5990,5991,5992,5993,306,5994,5001,5995,313,5996],"class_list":["post-56696","post","type-post","status-publish","format-standard","has-post-thumbnail","hentry","category-entrevistas","category-portada","category-revista","tag-amorcito-corazon","tag-ana-brenda","tag-ana-brenda-conteras","tag-corazon-indomable","tag-el-marido-perfecto","tag-la-indomable","tag-lo-imperdonable","tag-orizaba-veracruz","tag-que-pobres-tan-ricos","tag-salvador-garcini","tag-sebastian-zurita","tag-solita","tag-televisa","tag-zacatillo","has-post-title","has-post-date","has-post-category","has-post-tag","has-post-comment","has-post-author",""],"yoast_head":"<!-- This site is optimized with the Yoast SEO plugin v27.5 - https:\/\/yoast.com\/product\/yoast-seo-wordpress\/ -->\n<title>GABY MELLADO - Zero Magazine<\/title>\n<meta name=\"robots\" content=\"index, follow, max-snippet:-1, max-image-preview:large, max-video-preview:-1\" \/>\n<link rel=\"canonical\" href=\"https:\/\/zeromagazine.mx\/index.php\/2021\/10\/25\/gaby-mellado\/\" \/>\n<meta property=\"og:locale\" content=\"es_ES\" \/>\n<meta property=\"og:type\" content=\"article\" \/>\n<meta property=\"og:title\" content=\"GABY MELLADO - Zero Magazine\" \/>\n<meta property=\"og:description\" content=\"El carisma y talento que caracteriza a la joven actriz de Orizaba Veracruz, quien, con tan solo 29 a\u00f1os, sobrepasa las pantallas, adentr\u00e1ndose en los corazones de sus fan\u00e1ticos. Con una participaci\u00f3n en m\u00e1s de 6 telenovelas bajo la cabecera de Televisa, nos ha brindado temas y principalmente personajes que m\u00e1s de uno recuerda. Foto: [&hellip;]\" \/>\n<meta property=\"og:url\" content=\"https:\/\/zeromagazine.mx\/index.php\/2021\/10\/25\/gaby-mellado\/\" \/>\n<meta property=\"og:site_name\" content=\"Zero Magazine\" \/>\n<meta property=\"article:published_time\" content=\"2021-10-25T18:00:37+00:00\" \/>\n<meta name=\"author\" content=\"zeromagazinemx\" \/>\n<meta name=\"twitter:card\" content=\"summary_large_image\" \/>\n<meta name=\"twitter:label1\" content=\"Escrito por\" \/>\n\t<meta name=\"twitter:data1\" content=\"zeromagazinemx\" \/>\n\t<meta name=\"twitter:label2\" content=\"Tiempo de lectura\" \/>\n\t<meta name=\"twitter:data2\" content=\"7 minutos\" \/>\n<script type=\"application\/ld+json\" class=\"yoast-schema-graph\">{\"@context\":\"https:\\\/\\\/schema.org\",\"@graph\":[{\"@type\":\"Article\",\"@id\":\"https:\\\/\\\/zeromagazine.mx\\\/index.php\\\/2021\\\/10\\\/25\\\/gaby-mellado\\\/#article\",\"isPartOf\":{\"@id\":\"https:\\\/\\\/zeromagazine.mx\\\/index.php\\\/2021\\\/10\\\/25\\\/gaby-mellado\\\/\"},\"author\":{\"name\":\"zeromagazinemx\",\"@id\":\"https:\\\/\\\/zeromagazine.mx\\\/#\\\/schema\\\/person\\\/9aed9f33a7c39af3a348b86d723f7773\"},\"headline\":\"GABY MELLADO\",\"datePublished\":\"2021-10-25T18:00:37+00:00\",\"mainEntityOfPage\":{\"@id\":\"https:\\\/\\\/zeromagazine.mx\\\/index.php\\\/2021\\\/10\\\/25\\\/gaby-mellado\\\/\"},\"wordCount\":1363,\"commentCount\":0,\"publisher\":{\"@id\":\"https:\\\/\\\/zeromagazine.mx\\\/#organization\"},\"image\":{\"@id\":\"https:\\\/\\\/zeromagazine.mx\\\/index.php\\\/2021\\\/10\\\/25\\\/gaby-mellado\\\/#primaryimage\"},\"thumbnailUrl\":\"\",\"keywords\":[\"Amorcito Coraz\u00f3n\",\"Ana Brenda\",\"Ana Brenda Conteras\",\"Coraz\u00f3n Indomable\",\"El Marido Perfecto\",\"La indomable\",\"Lo imperdonable\",\"Orizaba Veracruz\",\"Qu\u00e9 pobres tan ricos\",\"Salvador Garcini\",\"Sebasti\u00e1n Zurita\",\"Solita\",\"televisa\",\"Zacatillo\"],\"articleSection\":[\"Entrevistas\",\"Portada\",\"Revista\"],\"inLanguage\":\"es\",\"potentialAction\":[{\"@type\":\"CommentAction\",\"name\":\"Comment\",\"target\":[\"https:\\\/\\\/zeromagazine.mx\\\/index.php\\\/2021\\\/10\\\/25\\\/gaby-mellado\\\/#respond\"]}]},{\"@type\":\"WebPage\",\"@id\":\"https:\\\/\\\/zeromagazine.mx\\\/index.php\\\/2021\\\/10\\\/25\\\/gaby-mellado\\\/\",\"url\":\"https:\\\/\\\/zeromagazine.mx\\\/index.php\\\/2021\\\/10\\\/25\\\/gaby-mellado\\\/\",\"name\":\"GABY MELLADO - Zero Magazine\",\"isPartOf\":{\"@id\":\"https:\\\/\\\/zeromagazine.mx\\\/#website\"},\"primaryImageOfPage\":{\"@id\":\"https:\\\/\\\/zeromagazine.mx\\\/index.php\\\/2021\\\/10\\\/25\\\/gaby-mellado\\\/#primaryimage\"},\"image\":{\"@id\":\"https:\\\/\\\/zeromagazine.mx\\\/index.php\\\/2021\\\/10\\\/25\\\/gaby-mellado\\\/#primaryimage\"},\"thumbnailUrl\":\"\",\"datePublished\":\"2021-10-25T18:00:37+00:00\",\"breadcrumb\":{\"@id\":\"https:\\\/\\\/zeromagazine.mx\\\/index.php\\\/2021\\\/10\\\/25\\\/gaby-mellado\\\/#breadcrumb\"},\"inLanguage\":\"es\",\"potentialAction\":[{\"@type\":\"ReadAction\",\"target\":[\"https:\\\/\\\/zeromagazine.mx\\\/index.php\\\/2021\\\/10\\\/25\\\/gaby-mellado\\\/\"]}]},{\"@type\":\"ImageObject\",\"inLanguage\":\"es\",\"@id\":\"https:\\\/\\\/zeromagazine.mx\\\/index.php\\\/2021\\\/10\\\/25\\\/gaby-mellado\\\/#primaryimage\",\"url\":\"\",\"contentUrl\":\"\"},{\"@type\":\"BreadcrumbList\",\"@id\":\"https:\\\/\\\/zeromagazine.mx\\\/index.php\\\/2021\\\/10\\\/25\\\/gaby-mellado\\\/#breadcrumb\",\"itemListElement\":[{\"@type\":\"ListItem\",\"position\":1,\"name\":\"Portada\",\"item\":\"https:\\\/\\\/zeromagazine.mx\\\/\"},{\"@type\":\"ListItem\",\"position\":2,\"name\":\"GABY MELLADO\"}]},{\"@type\":\"WebSite\",\"@id\":\"https:\\\/\\\/zeromagazine.mx\\\/#website\",\"url\":\"https:\\\/\\\/zeromagazine.mx\\\/\",\"name\":\"Zero Magazine\",\"description\":\"\",\"publisher\":{\"@id\":\"https:\\\/\\\/zeromagazine.mx\\\/#organization\"},\"potentialAction\":[{\"@type\":\"SearchAction\",\"target\":{\"@type\":\"EntryPoint\",\"urlTemplate\":\"https:\\\/\\\/zeromagazine.mx\\\/?s={search_term_string}\"},\"query-input\":{\"@type\":\"PropertyValueSpecification\",\"valueRequired\":true,\"valueName\":\"search_term_string\"}}],\"inLanguage\":\"es\"},{\"@type\":\"Organization\",\"@id\":\"https:\\\/\\\/zeromagazine.mx\\\/#organization\",\"name\":\"Zero Magazine\",\"url\":\"https:\\\/\\\/zeromagazine.mx\\\/\",\"logo\":{\"@type\":\"ImageObject\",\"inLanguage\":\"es\",\"@id\":\"https:\\\/\\\/zeromagazine.mx\\\/#\\\/schema\\\/logo\\\/image\\\/\",\"url\":\"https:\\\/\\\/i0.wp.com\\\/zeromagazine.mx\\\/wp-content\\\/uploads\\\/2025\\\/11\\\/1.jpeg?fit=1000%2C1000&ssl=1\",\"contentUrl\":\"https:\\\/\\\/i0.wp.com\\\/zeromagazine.mx\\\/wp-content\\\/uploads\\\/2025\\\/11\\\/1.jpeg?fit=1000%2C1000&ssl=1\",\"width\":1000,\"height\":1000,\"caption\":\"Zero Magazine\"},\"image\":{\"@id\":\"https:\\\/\\\/zeromagazine.mx\\\/#\\\/schema\\\/logo\\\/image\\\/\"},\"sameAs\":[\"https:\\\/\\\/instagram.com\\\/zeromagazinemx\"]},{\"@type\":\"Person\",\"@id\":\"https:\\\/\\\/zeromagazine.mx\\\/#\\\/schema\\\/person\\\/9aed9f33a7c39af3a348b86d723f7773\",\"name\":\"zeromagazinemx\",\"image\":{\"@type\":\"ImageObject\",\"inLanguage\":\"es\",\"@id\":\"https:\\\/\\\/zeromagazine.mx\\\/wp-content\\\/litespeed\\\/avatar\\\/f91dfe5410d5dcb1a576bf8c45983896.jpg?ver=1777571230\",\"url\":\"https:\\\/\\\/zeromagazine.mx\\\/wp-content\\\/litespeed\\\/avatar\\\/f91dfe5410d5dcb1a576bf8c45983896.jpg?ver=1777571230\",\"contentUrl\":\"https:\\\/\\\/zeromagazine.mx\\\/wp-content\\\/litespeed\\\/avatar\\\/f91dfe5410d5dcb1a576bf8c45983896.jpg?ver=1777571230\",\"caption\":\"zeromagazinemx\"},\"url\":\"https:\\\/\\\/zeromagazine.mx\\\/index.php\\\/author\\\/zeromagazinemx\\\/\"}]}<\/script>\n<!-- \/ Yoast SEO plugin. -->","yoast_head_json":{"title":"GABY MELLADO - Zero Magazine","robots":{"index":"index","follow":"follow","max-snippet":"max-snippet:-1","max-image-preview":"max-image-preview:large","max-video-preview":"max-video-preview:-1"},"canonical":"https:\/\/zeromagazine.mx\/index.php\/2021\/10\/25\/gaby-mellado\/","og_locale":"es_ES","og_type":"article","og_title":"GABY MELLADO - Zero Magazine","og_description":"El carisma y talento que caracteriza a la joven actriz de Orizaba Veracruz, quien, con tan solo 29 a\u00f1os, sobrepasa las pantallas, adentr\u00e1ndose en los corazones de sus fan\u00e1ticos. Con una participaci\u00f3n en m\u00e1s de 6 telenovelas bajo la cabecera de Televisa, nos ha brindado temas y principalmente personajes que m\u00e1s de uno recuerda. Foto: [&hellip;]","og_url":"https:\/\/zeromagazine.mx\/index.php\/2021\/10\/25\/gaby-mellado\/","og_site_name":"Zero Magazine","article_published_time":"2021-10-25T18:00:37+00:00","author":"zeromagazinemx","twitter_card":"summary_large_image","twitter_misc":{"Escrito por":"zeromagazinemx","Tiempo de lectura":"7 minutos"},"schema":{"@context":"https:\/\/schema.org","@graph":[{"@type":"Article","@id":"https:\/\/zeromagazine.mx\/index.php\/2021\/10\/25\/gaby-mellado\/#article","isPartOf":{"@id":"https:\/\/zeromagazine.mx\/index.php\/2021\/10\/25\/gaby-mellado\/"},"author":{"name":"zeromagazinemx","@id":"https:\/\/zeromagazine.mx\/#\/schema\/person\/9aed9f33a7c39af3a348b86d723f7773"},"headline":"GABY MELLADO","datePublished":"2021-10-25T18:00:37+00:00","mainEntityOfPage":{"@id":"https:\/\/zeromagazine.mx\/index.php\/2021\/10\/25\/gaby-mellado\/"},"wordCount":1363,"commentCount":0,"publisher":{"@id":"https:\/\/zeromagazine.mx\/#organization"},"image":{"@id":"https:\/\/zeromagazine.mx\/index.php\/2021\/10\/25\/gaby-mellado\/#primaryimage"},"thumbnailUrl":"","keywords":["Amorcito Coraz\u00f3n","Ana Brenda","Ana Brenda Conteras","Coraz\u00f3n Indomable","El Marido Perfecto","La indomable","Lo imperdonable","Orizaba Veracruz","Qu\u00e9 pobres tan ricos","Salvador Garcini","Sebasti\u00e1n Zurita","Solita","televisa","Zacatillo"],"articleSection":["Entrevistas","Portada","Revista"],"inLanguage":"es","potentialAction":[{"@type":"CommentAction","name":"Comment","target":["https:\/\/zeromagazine.mx\/index.php\/2021\/10\/25\/gaby-mellado\/#respond"]}]},{"@type":"WebPage","@id":"https:\/\/zeromagazine.mx\/index.php\/2021\/10\/25\/gaby-mellado\/","url":"https:\/\/zeromagazine.mx\/index.php\/2021\/10\/25\/gaby-mellado\/","name":"GABY MELLADO - Zero Magazine","isPartOf":{"@id":"https:\/\/zeromagazine.mx\/#website"},"primaryImageOfPage":{"@id":"https:\/\/zeromagazine.mx\/index.php\/2021\/10\/25\/gaby-mellado\/#primaryimage"},"image":{"@id":"https:\/\/zeromagazine.mx\/index.php\/2021\/10\/25\/gaby-mellado\/#primaryimage"},"thumbnailUrl":"","datePublished":"2021-10-25T18:00:37+00:00","breadcrumb":{"@id":"https:\/\/zeromagazine.mx\/index.php\/2021\/10\/25\/gaby-mellado\/#breadcrumb"},"inLanguage":"es","potentialAction":[{"@type":"ReadAction","target":["https:\/\/zeromagazine.mx\/index.php\/2021\/10\/25\/gaby-mellado\/"]}]},{"@type":"ImageObject","inLanguage":"es","@id":"https:\/\/zeromagazine.mx\/index.php\/2021\/10\/25\/gaby-mellado\/#primaryimage","url":"","contentUrl":""},{"@type":"BreadcrumbList","@id":"https:\/\/zeromagazine.mx\/index.php\/2021\/10\/25\/gaby-mellado\/#breadcrumb","itemListElement":[{"@type":"ListItem","position":1,"name":"Portada","item":"https:\/\/zeromagazine.mx\/"},{"@type":"ListItem","position":2,"name":"GABY MELLADO"}]},{"@type":"WebSite","@id":"https:\/\/zeromagazine.mx\/#website","url":"https:\/\/zeromagazine.mx\/","name":"Zero Magazine","description":"","publisher":{"@id":"https:\/\/zeromagazine.mx\/#organization"},"potentialAction":[{"@type":"SearchAction","target":{"@type":"EntryPoint","urlTemplate":"https:\/\/zeromagazine.mx\/?s={search_term_string}"},"query-input":{"@type":"PropertyValueSpecification","valueRequired":true,"valueName":"search_term_string"}}],"inLanguage":"es"},{"@type":"Organization","@id":"https:\/\/zeromagazine.mx\/#organization","name":"Zero Magazine","url":"https:\/\/zeromagazine.mx\/","logo":{"@type":"ImageObject","inLanguage":"es","@id":"https:\/\/zeromagazine.mx\/#\/schema\/logo\/image\/","url":"https:\/\/i0.wp.com\/zeromagazine.mx\/wp-content\/uploads\/2025\/11\/1.jpeg?fit=1000%2C1000&ssl=1","contentUrl":"https:\/\/i0.wp.com\/zeromagazine.mx\/wp-content\/uploads\/2025\/11\/1.jpeg?fit=1000%2C1000&ssl=1","width":1000,"height":1000,"caption":"Zero Magazine"},"image":{"@id":"https:\/\/zeromagazine.mx\/#\/schema\/logo\/image\/"},"sameAs":["https:\/\/instagram.com\/zeromagazinemx"]},{"@type":"Person","@id":"https:\/\/zeromagazine.mx\/#\/schema\/person\/9aed9f33a7c39af3a348b86d723f7773","name":"zeromagazinemx","image":{"@type":"ImageObject","inLanguage":"es","@id":"https:\/\/zeromagazine.mx\/wp-content\/litespeed\/avatar\/f91dfe5410d5dcb1a576bf8c45983896.jpg?ver=1777571230","url":"https:\/\/zeromagazine.mx\/wp-content\/litespeed\/avatar\/f91dfe5410d5dcb1a576bf8c45983896.jpg?ver=1777571230","contentUrl":"https:\/\/zeromagazine.mx\/wp-content\/litespeed\/avatar\/f91dfe5410d5dcb1a576bf8c45983896.jpg?ver=1777571230","caption":"zeromagazinemx"},"url":"https:\/\/zeromagazine.mx\/index.php\/author\/zeromagazinemx\/"}]}},"jetpack_publicize_connections":[],"jetpack_featured_media_url":"","jetpack-related-posts":[{"id":70181,"url":"https:\/\/zeromagazine.mx\/index.php\/2024\/01\/04\/melodias-del-alma-siete-veces-adios-regresa\/","url_meta":{"origin":56696,"position":0},"title":"Melod\u00edas del Alma: Siete Veces Adi\u00f3s- \u00a1REGRESA!","author":"David Morales","date":"4 de enero de 2024","format":false,"excerpt":"\u00bfListos para sumergirse en una experiencia musical que revoluciona el concepto del amor en el siglo XXI? Prep\u00e1rense porque Siete Veces Adi\u00f3s regresa a la Ciudad de M\u00e9xico con una propuesta que nos hace reflexionar sobre las complejidades del coraz\u00f3n y las relaciones en nuestra era digital. Esta vez, el\u2026","rel":"","context":"En \u00abEntretenimiento\u00bb","block_context":{"text":"Entretenimiento","link":"https:\/\/zeromagazine.mx\/index.php\/category\/entretenimiento\/"},"img":{"alt_text":"","src":"https:\/\/i0.wp.com\/zeromagazine.mx\/wp-content\/uploads\/2024\/01\/sietevecesadios7.webp?fit=525%2C700&ssl=1&resize=350%2C200","width":350,"height":200,"srcset":"https:\/\/i0.wp.com\/zeromagazine.mx\/wp-content\/uploads\/2024\/01\/sietevecesadios7.webp?fit=525%2C700&ssl=1&resize=350%2C200 1x, https:\/\/i0.wp.com\/zeromagazine.mx\/wp-content\/uploads\/2024\/01\/sietevecesadios7.webp?fit=525%2C700&ssl=1&resize=525%2C300 1.5x"},"classes":[]},{"id":91434,"url":"https:\/\/zeromagazine.mx\/index.php\/2024\/11\/23\/ana-victoria-lanza-su-album-navideno\/","url_meta":{"origin":56696,"position":1},"title":"Ana Victoria Lanza su \u00c1lbum Navide\u00f1o","author":"zeromagazinemx","date":"23 de noviembre de 2024","format":false,"excerpt":"Amigxs, imaginen las luces suaves, un chocolate caliente en mano y una playlist que te transporta directo a una pel\u00edcula navide\u00f1a. As\u00ed es Paz en Navidad, el nuevo \u00e1lbum de Ana Victoria. Y no, no es uno de esos discos que solo suenan de fondo mientras te devoras un pavo;\u2026","rel":"","context":"En \u00abEntretenimiento\u00bb","block_context":{"text":"Entretenimiento","link":"https:\/\/zeromagazine.mx\/index.php\/category\/entretenimiento\/"},"img":{"alt_text":"","src":"https:\/\/i0.wp.com\/zeromagazine.mx\/wp-content\/uploads\/2024\/11\/WhatsApp-Image-2024-11-22-at-7.36.24-PM-1.jpeg?fit=1080%2C1080&ssl=1&resize=350%2C200","width":350,"height":200,"srcset":"https:\/\/i0.wp.com\/zeromagazine.mx\/wp-content\/uploads\/2024\/11\/WhatsApp-Image-2024-11-22-at-7.36.24-PM-1.jpeg?fit=1080%2C1080&ssl=1&resize=350%2C200 1x, https:\/\/i0.wp.com\/zeromagazine.mx\/wp-content\/uploads\/2024\/11\/WhatsApp-Image-2024-11-22-at-7.36.24-PM-1.jpeg?fit=1080%2C1080&ssl=1&resize=525%2C300 1.5x, https:\/\/i0.wp.com\/zeromagazine.mx\/wp-content\/uploads\/2024\/11\/WhatsApp-Image-2024-11-22-at-7.36.24-PM-1.jpeg?fit=1080%2C1080&ssl=1&resize=700%2C400 2x, https:\/\/i0.wp.com\/zeromagazine.mx\/wp-content\/uploads\/2024\/11\/WhatsApp-Image-2024-11-22-at-7.36.24-PM-1.jpeg?fit=1080%2C1080&ssl=1&resize=1050%2C600 3x"},"classes":[]},{"id":105376,"url":"https:\/\/zeromagazine.mx\/index.php\/2025\/05\/21\/ana-frank-en-san-miguel-de-allende\/","url_meta":{"origin":56696,"position":2},"title":"Ana Frank en San Migue de Allende","author":"David Morales","date":"21 de mayo de 2025","format":false,"excerpt":"Amix, en este mundo tan ca\u00f3tico donde todo va rapid\u00edsimo y a veces se nos olvida respirar, llega algo que te sacude el alma bonito: la exposici\u00f3n \u201cAna Frank: Notas de Esperanza\u201d en San Miguel de Allende. Y no, no es solo otra expo hist\u00f3rica, es una experiencia que nos\u2026","rel":"","context":"En \u00abCultura\u00bb","block_context":{"text":"Cultura","link":"https:\/\/zeromagazine.mx\/index.php\/category\/cultura\/"},"img":{"alt_text":"","src":"https:\/\/i0.wp.com\/zeromagazine.mx\/wp-content\/uploads\/2025\/06\/Ana-Frank3.jpg?fit=1200%2C674&ssl=1&resize=350%2C200","width":350,"height":200,"srcset":"https:\/\/i0.wp.com\/zeromagazine.mx\/wp-content\/uploads\/2025\/06\/Ana-Frank3.jpg?fit=1200%2C674&ssl=1&resize=350%2C200 1x, https:\/\/i0.wp.com\/zeromagazine.mx\/wp-content\/uploads\/2025\/06\/Ana-Frank3.jpg?fit=1200%2C674&ssl=1&resize=525%2C300 1.5x, https:\/\/i0.wp.com\/zeromagazine.mx\/wp-content\/uploads\/2025\/06\/Ana-Frank3.jpg?fit=1200%2C674&ssl=1&resize=700%2C400 2x, https:\/\/i0.wp.com\/zeromagazine.mx\/wp-content\/uploads\/2025\/06\/Ana-Frank3.jpg?fit=1200%2C674&ssl=1&resize=1050%2C600 3x"},"classes":[]},{"id":89899,"url":"https:\/\/zeromagazine.mx\/index.php\/2024\/11\/08\/ana-paula-dominguez-yoga-y-tecnologia\/","url_meta":{"origin":56696,"position":3},"title":"Ana Paula Dom\u00ednguez: Yoga y Tecnolog\u00eda","author":"zeromagazinemx","date":"8 de noviembre de 2024","format":false,"excerpt":"Oye, \u00bfcre\u00edas que la tecnolog\u00eda y el bienestar no se llevan? Pues prep\u00e1rate porque Huawei acaba de romperla con un lanzamiento super cool en el mundo del wellness. La famosa Ana Paula Dom\u00ednguez, experta en Kundalini Yoga, se uni\u00f3 con la marca para crear una experiencia \u00fanica que combina yoga\u2026","rel":"","context":"En \u00abBienestar\u00bb","block_context":{"text":"Bienestar","link":"https:\/\/zeromagazine.mx\/index.php\/category\/lifestyle\/bienestar\/"},"img":{"alt_text":"","src":"https:\/\/i0.wp.com\/zeromagazine.mx\/wp-content\/uploads\/2024\/11\/WhatsApp-Image-2024-11-06-at-17.44.38.jpeg?fit=1200%2C1200&ssl=1&resize=350%2C200","width":350,"height":200,"srcset":"https:\/\/i0.wp.com\/zeromagazine.mx\/wp-content\/uploads\/2024\/11\/WhatsApp-Image-2024-11-06-at-17.44.38.jpeg?fit=1200%2C1200&ssl=1&resize=350%2C200 1x, https:\/\/i0.wp.com\/zeromagazine.mx\/wp-content\/uploads\/2024\/11\/WhatsApp-Image-2024-11-06-at-17.44.38.jpeg?fit=1200%2C1200&ssl=1&resize=525%2C300 1.5x, https:\/\/i0.wp.com\/zeromagazine.mx\/wp-content\/uploads\/2024\/11\/WhatsApp-Image-2024-11-06-at-17.44.38.jpeg?fit=1200%2C1200&ssl=1&resize=700%2C400 2x, https:\/\/i0.wp.com\/zeromagazine.mx\/wp-content\/uploads\/2024\/11\/WhatsApp-Image-2024-11-06-at-17.44.38.jpeg?fit=1200%2C1200&ssl=1&resize=1050%2C600 3x"},"classes":[]},{"id":79410,"url":"https:\/\/zeromagazine.mx\/index.php\/2024\/06\/27\/descubre-los-10-espacios-top-en-airbnb-que-debes-visitar-en-mexico\/","url_meta":{"origin":56696,"position":4},"title":"Descubre los 10 Espacios Top en Airbnb que Debes Visitar en M\u00e9xico","author":"zeromagazinemx","date":"27 de junio de 2024","format":false,"excerpt":"\u00bfPlaneando tu pr\u00f3ximo escape? \u00a1Hoy quiero platicarte de los espacios m\u00e1s top de Airbnb en M\u00e9xico que est\u00e1n impresionando a los hu\u00e9spedes! \u00bfTe imaginas encontrar ese oasis secreto en Cuernavaca donde el descanso es garantizado? O tal vez prefieras una incre\u00edble casa en Morelia, \u00a1A solo unos pasos de su\u2026","rel":"","context":"En \u00abViajes\u00bb","block_context":{"text":"Viajes","link":"https:\/\/zeromagazine.mx\/index.php\/category\/lugares\/"},"img":{"alt_text":"","src":"https:\/\/i0.wp.com\/zeromagazine.mx\/wp-content\/uploads\/2024\/06\/unnamed-16.png?fit=1200%2C798&ssl=1&resize=350%2C200","width":350,"height":200,"srcset":"https:\/\/i0.wp.com\/zeromagazine.mx\/wp-content\/uploads\/2024\/06\/unnamed-16.png?fit=1200%2C798&ssl=1&resize=350%2C200 1x, https:\/\/i0.wp.com\/zeromagazine.mx\/wp-content\/uploads\/2024\/06\/unnamed-16.png?fit=1200%2C798&ssl=1&resize=525%2C300 1.5x, https:\/\/i0.wp.com\/zeromagazine.mx\/wp-content\/uploads\/2024\/06\/unnamed-16.png?fit=1200%2C798&ssl=1&resize=700%2C400 2x, https:\/\/i0.wp.com\/zeromagazine.mx\/wp-content\/uploads\/2024\/06\/unnamed-16.png?fit=1200%2C798&ssl=1&resize=1050%2C600 3x"},"classes":[]},{"id":70358,"url":"https:\/\/zeromagazine.mx\/index.php\/2024\/01\/17\/tumbados-tour-mexico-2024-natanael-cano-eleva-los-corridos-a-nuevas-alturas\/","url_meta":{"origin":56696,"position":5},"title":"Tumbados Tour M\u00e9xico 2024: Natanael Cano Eleva los Corridos a Nuevas Alturas","author":"David Morales","date":"17 de enero de 2024","format":false,"excerpt":"Les cuento que hoy quiero compartirles algo que est\u00e1 sonando fuerte en la escena musical mexicana. \u00a1S\u00ed, s\u00ed, estoy hablando de Natanael Cano y su Tumbados Tour M\u00e9xico 2024! Este s\u00e1bado 20 de enero, el estadio \"Beto \u00c1vila\" en Veracruz se convertir\u00e1 en el epicentro de la movida de los\u2026","rel":"","context":"En \u00abEntretenimiento\u00bb","block_context":{"text":"Entretenimiento","link":"https:\/\/zeromagazine.mx\/index.php\/category\/entretenimiento\/"},"img":{"alt_text":"","src":"https:\/\/i0.wp.com\/zeromagazine.mx\/wp-content\/uploads\/2024\/01\/NATANAEL-CANO-FOTO2.png?fit=1200%2C722&ssl=1&resize=350%2C200","width":350,"height":200,"srcset":"https:\/\/i0.wp.com\/zeromagazine.mx\/wp-content\/uploads\/2024\/01\/NATANAEL-CANO-FOTO2.png?fit=1200%2C722&ssl=1&resize=350%2C200 1x, https:\/\/i0.wp.com\/zeromagazine.mx\/wp-content\/uploads\/2024\/01\/NATANAEL-CANO-FOTO2.png?fit=1200%2C722&ssl=1&resize=525%2C300 1.5x, https:\/\/i0.wp.com\/zeromagazine.mx\/wp-content\/uploads\/2024\/01\/NATANAEL-CANO-FOTO2.png?fit=1200%2C722&ssl=1&resize=700%2C400 2x, https:\/\/i0.wp.com\/zeromagazine.mx\/wp-content\/uploads\/2024\/01\/NATANAEL-CANO-FOTO2.png?fit=1200%2C722&ssl=1&resize=1050%2C600 3x"},"classes":[]}],"jetpack_sharing_enabled":true,"builder_content":"","_links":{"self":[{"href":"https:\/\/zeromagazine.mx\/index.php\/wp-json\/wp\/v2\/posts\/56696","targetHints":{"allow":["GET"]}}],"collection":[{"href":"https:\/\/zeromagazine.mx\/index.php\/wp-json\/wp\/v2\/posts"}],"about":[{"href":"https:\/\/zeromagazine.mx\/index.php\/wp-json\/wp\/v2\/types\/post"}],"author":[{"embeddable":true,"href":"https:\/\/zeromagazine.mx\/index.php\/wp-json\/wp\/v2\/users\/2"}],"replies":[{"embeddable":true,"href":"https:\/\/zeromagazine.mx\/index.php\/wp-json\/wp\/v2\/comments?post=56696"}],"version-history":[{"count":0,"href":"https:\/\/zeromagazine.mx\/index.php\/wp-json\/wp\/v2\/posts\/56696\/revisions"}],"wp:featuredmedia":[{"embeddable":true,"href":"https:\/\/zeromagazine.mx\/index.php\/wp-json\/"}],"wp:attachment":[{"href":"https:\/\/zeromagazine.mx\/index.php\/wp-json\/wp\/v2\/media?parent=56696"}],"wp:term":[{"taxonomy":"category","embeddable":true,"href":"https:\/\/zeromagazine.mx\/index.php\/wp-json\/wp\/v2\/categories?post=56696"},{"taxonomy":"post_tag","embeddable":true,"href":"https:\/\/zeromagazine.mx\/index.php\/wp-json\/wp\/v2\/tags?post=56696"}],"curies":[{"name":"wp","href":"https:\/\/api.w.org\/{rel}","templated":true}]}}