{"id":56927,"date":"2021-10-29T09:30:00","date_gmt":"2021-10-29T14:30:00","guid":{"rendered":"https:\/\/atomic-temporary-84115225.wpcomstaging.com\/?p=56927"},"modified":"2021-10-29T09:30:00","modified_gmt":"2021-10-29T14:30:00","slug":"irania-marie-pineiro-uno-de-los-exponentes-mas-importantes-de-puerto-rico","status":"publish","type":"post","link":"https:\/\/zeromagazine.mx\/index.php\/2021\/10\/29\/irania-marie-pineiro-uno-de-los-exponentes-mas-importantes-de-puerto-rico\/","title":{"rendered":"Irania Marie Pi\u00f1eiro, Uno de los exponentes m\u00e1s importantes de Puerto Rico."},"content":{"rendered":"\n<p>Al hablar de <strong>Puerto Rico <\/strong>podemos asegurar que nos encontraremos con muchas personas talentosas, Irania Pi\u00f1ero no es la excepci\u00f3n gracias a que aposto por la propuesta del rap a los tan solo 16 a\u00f1os, lo que le ha hecho ganarse no solamente un rotundo \u00e9xito, sino el cari\u00f1o de todo su p\u00fablico.<\/p>\n\n\n\n<div class=\"wp-block-image coblocks-animate\"><figure class=\"aligncenter size-full is-resized\"><a href=\"https:\/\/i0.wp.com\/zeromagazinemx.wpcomstaging.com\/wp-content\/uploads\/2022\/02\/b8d69-irania.jpg?ssl=1\"><img data-recalc-dims=\"1\" decoding=\"async\" src=\"https:\/\/i0.wp.com\/zeromagazinemx.wpcomstaging.com\/wp-content\/uploads\/2022\/02\/b8d69-irania.jpg?resize=740%2C780&#038;ssl=1\" alt=\"\" class=\"wp-image-56929\" width=\"740\" height=\"780\" \/><\/a><\/figure><\/div>\n\n\n\n<div class=\"wp-block-buttons is-layout-flex wp-block-buttons-is-layout-flex\">\n<div class=\"wp-block-button is-style-outline is-style-outline--1\"><a class=\"wp-block-button__link\">Por Luis Lechuga<\/a><\/div>\n<\/div>\n\n\n\n<p>Muchos de los artistas musicales y en general, dentro de esta industria, inician su carrera o el gusto por esta misma desde muy peque\u00f1os. Irania, desde los 13 a\u00f1os, compon\u00eda sus primeras canciones donde pod\u00edamos notar temas referentes a la vida cotidiana y la realidad que exist\u00eda en su pa\u00eds natal; gracias a esto pod\u00eda comunicar una serie de sentimientos a trav\u00e9s de sus canciones m\u00e1s exitosas como lo son: <em>\u201c<strong>Por Siempre Blanco<\/strong>\u201d, \u201c<strong>Mi Estilo de Vida<\/strong>\u201d, <\/em>entre otros.<\/p>\n\n\n\n<p>Pero los logros no solamente est\u00e1n en la industria profesional, sino que nadie ha podido superar su record de 2,133 palabras en tan solo 6,33 segundos en las batallas de rap m\u00e1s importantes de Puerto Rico como lo son <em>\u201c<strong>El Residente Challenge<\/strong>\u201d, <\/em>una de las batallas m\u00e1s importantes e ic\u00f3nicas del pa\u00eds y que la ha posicionado en lo m\u00e1s alto de la monta\u00f1a.<\/p>\n\n\n\n<div class=\"wp-block-image coblocks-animate\"><figure class=\"aligncenter size-full\"><a href=\"https:\/\/i0.wp.com\/zeromagazinemx.wpcomstaging.com\/wp-content\/uploads\/2022\/02\/6e049-irania-1.jpg?ssl=1\"><img data-recalc-dims=\"1\" decoding=\"async\" src=\"https:\/\/i0.wp.com\/zeromagazinemx.wpcomstaging.com\/wp-content\/uploads\/2022\/02\/6e049-irania-1.jpg?w=1165&#038;ssl=1\" alt=\"\" class=\"wp-image-56930\" \/><\/a><\/figure><\/div>\n\n\n\n\n\n<p>Actualmente Irania nos presenta su m\u00e1s reciente sencillo <em>\u201c<strong>Hola, Hola<\/strong>\u201d <\/em>en tierras colombianas donde recibi\u00f3 un apoyo \u00fanico en la industria musical y por parte de los cientos de fans, a tal grado de poder participar con artistas de la talla del <em><strong>Nenjo Flow<\/strong>, <strong>Christian Daniel,<\/strong> <\/em>y donde espera, en un futuro cercano, colaborar con artistas como <em><strong>Residente<\/strong>, <strong>Rauw Alejandro<\/strong>, <\/em>entre otros.<\/p>\n\n\n\n<p>Sin duda alguna Irania posee mucho talento y \u00e9xito gracias a todo el esfuerzo que le ha dedicado a esta parte de su vida y que esperamos seguir vi\u00e9ndola brillar.<\/p>\n\n\n\n<figure class=\"wp-block-embed aligncenter is-type-rich is-provider-spotify wp-block-embed-spotify wp-embed-aspect-21-9 wp-has-aspect-ratio\"><div class=\"wp-block-embed__wrapper\">\n<iframe title=\"Spotify Embed: Hola Hola\" style=\"border-radius: 12px\" width=\"100%\" height=\"352\" frameborder=\"0\" allowfullscreen allow=\"autoplay; clipboard-write; encrypted-media; fullscreen; picture-in-picture\" loading=\"lazy\" src=\"https:\/\/open.spotify.com\/embed\/album\/4rCIV60OnZmoa2sSScv9bE?si=18f6cu65QMW0wPJ2VJfFtA&#038;utm_source=oembed\"><\/iframe>\n<\/div><\/figure>\n\n\n\n\n<!--themify_builder_content-->\n<div id=\"themify_builder_content-56927\" data-postid=\"56927\" class=\"themify_builder_content themify_builder_content-56927 themify_builder tf_clear\">\n    <\/div>\n<!--\/themify_builder_content-->\n","protected":false},"excerpt":{"rendered":"<p>Al hablar de Puerto Rico podemos asegurar que nos encontraremos con muchas personas talentosas, Irania Pi\u00f1ero no es la excepci\u00f3n gracias a que aposto por la propuesta del rap a los tan solo 16 a\u00f1os, lo que le ha hecho ganarse no solamente un rotundo \u00e9xito, sino el cari\u00f1o de todo su p\u00fablico. Muchos de [&hellip;]<\/p>\n","protected":false},"author":2,"featured_media":0,"comment_status":"open","ping_status":"open","sticky":false,"template":"","format":"standard","meta":{"_jetpack_memberships_contains_paid_content":false,"footnotes":"","jetpack_publicize_message":"Irania Marie Pi\u00f1eiro, uno de los exponentes m\u00e1s importantes de Puerto Rico nos presenta su m\u00e1s reciente sencillo \u201cHola, Hola\u201d, no te lo puedes perder ","jetpack_publicize_feature_enabled":true,"jetpack_social_post_already_shared":true,"jetpack_social_options":{"image_generator_settings":{"template":"highway","default_image_id":0,"font":"","enabled":false},"version":2}},"categories":[117],"tags":[6050,6051,6052,6053,6054,6055,4958,2849,6056],"class_list":["post-56927","post","type-post","status-publish","format-standard","hentry","category-entretenimiento","tag-christian-daniel","tag-el-residente-challenge","tag-hola","tag-mi-estilo-de-vida","tag-nenjo-flow","tag-por-siempre-blanco","tag-puerto-rico","tag-rauw-alejandro","tag-residente","has-post-title","has-post-date","has-post-category","has-post-tag","has-post-comment","has-post-author",""],"yoast_head":"<!-- This site is optimized with the Yoast SEO plugin v27.4 - https:\/\/yoast.com\/product\/yoast-seo-wordpress\/ -->\n<title>Irania Marie Pi\u00f1eiro, Uno de los exponentes m\u00e1s importantes de Puerto Rico. - Zero Magazine<\/title>\n<meta name=\"robots\" content=\"index, follow, max-snippet:-1, max-image-preview:large, max-video-preview:-1\" \/>\n<link rel=\"canonical\" href=\"https:\/\/zeromagazine.mx\/index.php\/2021\/10\/29\/irania-marie-pineiro-uno-de-los-exponentes-mas-importantes-de-puerto-rico\/\" \/>\n<meta property=\"og:locale\" content=\"es_ES\" \/>\n<meta property=\"og:type\" content=\"article\" \/>\n<meta property=\"og:title\" content=\"Irania Marie Pi\u00f1eiro, Uno de los exponentes m\u00e1s importantes de Puerto Rico. - Zero Magazine\" \/>\n<meta property=\"og:description\" content=\"Al hablar de Puerto Rico podemos asegurar que nos encontraremos con muchas personas talentosas, Irania Pi\u00f1ero no es la excepci\u00f3n gracias a que aposto por la propuesta del rap a los tan solo 16 a\u00f1os, lo que le ha hecho ganarse no solamente un rotundo \u00e9xito, sino el cari\u00f1o de todo su p\u00fablico. Muchos de [&hellip;]\" \/>\n<meta property=\"og:url\" content=\"https:\/\/zeromagazine.mx\/index.php\/2021\/10\/29\/irania-marie-pineiro-uno-de-los-exponentes-mas-importantes-de-puerto-rico\/\" \/>\n<meta property=\"og:site_name\" content=\"Zero Magazine\" \/>\n<meta property=\"article:published_time\" content=\"2021-10-29T14:30:00+00:00\" \/>\n<meta property=\"og:image\" content=\"https:\/\/zeromagazinemx.wpcomstaging.com\/wp-content\/uploads\/2022\/02\/b8d69-irania.jpg\" \/>\n<meta name=\"author\" content=\"zeromagazinemx\" \/>\n<meta name=\"twitter:card\" content=\"summary_large_image\" \/>\n<meta name=\"twitter:label1\" content=\"Escrito por\" \/>\n\t<meta name=\"twitter:data1\" content=\"zeromagazinemx\" \/>\n\t<meta name=\"twitter:label2\" content=\"Tiempo de lectura\" \/>\n\t<meta name=\"twitter:data2\" content=\"2 minutos\" \/>\n<script type=\"application\/ld+json\" class=\"yoast-schema-graph\">{\"@context\":\"https:\\\/\\\/schema.org\",\"@graph\":[{\"@type\":\"Article\",\"@id\":\"https:\\\/\\\/zeromagazine.mx\\\/index.php\\\/2021\\\/10\\\/29\\\/irania-marie-pineiro-uno-de-los-exponentes-mas-importantes-de-puerto-rico\\\/#article\",\"isPartOf\":{\"@id\":\"https:\\\/\\\/zeromagazine.mx\\\/index.php\\\/2021\\\/10\\\/29\\\/irania-marie-pineiro-uno-de-los-exponentes-mas-importantes-de-puerto-rico\\\/\"},\"author\":{\"name\":\"zeromagazinemx\",\"@id\":\"https:\\\/\\\/zeromagazine.mx\\\/#\\\/schema\\\/person\\\/9aed9f33a7c39af3a348b86d723f7773\"},\"headline\":\"Irania Marie Pi\u00f1eiro, Uno de los exponentes m\u00e1s importantes de Puerto Rico.\",\"datePublished\":\"2021-10-29T14:30:00+00:00\",\"mainEntityOfPage\":{\"@id\":\"https:\\\/\\\/zeromagazine.mx\\\/index.php\\\/2021\\\/10\\\/29\\\/irania-marie-pineiro-uno-de-los-exponentes-mas-importantes-de-puerto-rico\\\/\"},\"wordCount\":339,\"commentCount\":0,\"publisher\":{\"@id\":\"https:\\\/\\\/zeromagazine.mx\\\/#organization\"},\"image\":{\"@id\":\"https:\\\/\\\/zeromagazine.mx\\\/index.php\\\/2021\\\/10\\\/29\\\/irania-marie-pineiro-uno-de-los-exponentes-mas-importantes-de-puerto-rico\\\/#primaryimage\"},\"thumbnailUrl\":\"https:\\\/\\\/zeromagazinemx.wpcomstaging.com\\\/wp-content\\\/uploads\\\/2022\\\/02\\\/b8d69-irania.jpg\",\"keywords\":[\"Christian Daniel\",\"El Residente Challenge\",\"Hola\",\"Mi Estilo de Vida\",\"Nenjo Flow\",\"Por Siempre Blanco\",\"Puerto Rico\",\"Rauw alejandro\",\"Residente\"],\"articleSection\":[\"Entretenimiento\"],\"inLanguage\":\"es\",\"potentialAction\":[{\"@type\":\"CommentAction\",\"name\":\"Comment\",\"target\":[\"https:\\\/\\\/zeromagazine.mx\\\/index.php\\\/2021\\\/10\\\/29\\\/irania-marie-pineiro-uno-de-los-exponentes-mas-importantes-de-puerto-rico\\\/#respond\"]}]},{\"@type\":\"WebPage\",\"@id\":\"https:\\\/\\\/zeromagazine.mx\\\/index.php\\\/2021\\\/10\\\/29\\\/irania-marie-pineiro-uno-de-los-exponentes-mas-importantes-de-puerto-rico\\\/\",\"url\":\"https:\\\/\\\/zeromagazine.mx\\\/index.php\\\/2021\\\/10\\\/29\\\/irania-marie-pineiro-uno-de-los-exponentes-mas-importantes-de-puerto-rico\\\/\",\"name\":\"Irania Marie Pi\u00f1eiro, Uno de los exponentes m\u00e1s importantes de Puerto Rico. - Zero Magazine\",\"isPartOf\":{\"@id\":\"https:\\\/\\\/zeromagazine.mx\\\/#website\"},\"primaryImageOfPage\":{\"@id\":\"https:\\\/\\\/zeromagazine.mx\\\/index.php\\\/2021\\\/10\\\/29\\\/irania-marie-pineiro-uno-de-los-exponentes-mas-importantes-de-puerto-rico\\\/#primaryimage\"},\"image\":{\"@id\":\"https:\\\/\\\/zeromagazine.mx\\\/index.php\\\/2021\\\/10\\\/29\\\/irania-marie-pineiro-uno-de-los-exponentes-mas-importantes-de-puerto-rico\\\/#primaryimage\"},\"thumbnailUrl\":\"https:\\\/\\\/zeromagazinemx.wpcomstaging.com\\\/wp-content\\\/uploads\\\/2022\\\/02\\\/b8d69-irania.jpg\",\"datePublished\":\"2021-10-29T14:30:00+00:00\",\"breadcrumb\":{\"@id\":\"https:\\\/\\\/zeromagazine.mx\\\/index.php\\\/2021\\\/10\\\/29\\\/irania-marie-pineiro-uno-de-los-exponentes-mas-importantes-de-puerto-rico\\\/#breadcrumb\"},\"inLanguage\":\"es\",\"potentialAction\":[{\"@type\":\"ReadAction\",\"target\":[\"https:\\\/\\\/zeromagazine.mx\\\/index.php\\\/2021\\\/10\\\/29\\\/irania-marie-pineiro-uno-de-los-exponentes-mas-importantes-de-puerto-rico\\\/\"]}]},{\"@type\":\"ImageObject\",\"inLanguage\":\"es\",\"@id\":\"https:\\\/\\\/zeromagazine.mx\\\/index.php\\\/2021\\\/10\\\/29\\\/irania-marie-pineiro-uno-de-los-exponentes-mas-importantes-de-puerto-rico\\\/#primaryimage\",\"url\":\"https:\\\/\\\/zeromagazinemx.wpcomstaging.com\\\/wp-content\\\/uploads\\\/2022\\\/02\\\/b8d69-irania.jpg\",\"contentUrl\":\"https:\\\/\\\/zeromagazinemx.wpcomstaging.com\\\/wp-content\\\/uploads\\\/2022\\\/02\\\/b8d69-irania.jpg\"},{\"@type\":\"BreadcrumbList\",\"@id\":\"https:\\\/\\\/zeromagazine.mx\\\/index.php\\\/2021\\\/10\\\/29\\\/irania-marie-pineiro-uno-de-los-exponentes-mas-importantes-de-puerto-rico\\\/#breadcrumb\",\"itemListElement\":[{\"@type\":\"ListItem\",\"position\":1,\"name\":\"Portada\",\"item\":\"https:\\\/\\\/zeromagazine.mx\\\/\"},{\"@type\":\"ListItem\",\"position\":2,\"name\":\"Irania Marie Pi\u00f1eiro, Uno de los exponentes m\u00e1s importantes de Puerto Rico.\"}]},{\"@type\":\"WebSite\",\"@id\":\"https:\\\/\\\/zeromagazine.mx\\\/#website\",\"url\":\"https:\\\/\\\/zeromagazine.mx\\\/\",\"name\":\"Zero Magazine\",\"description\":\"\",\"publisher\":{\"@id\":\"https:\\\/\\\/zeromagazine.mx\\\/#organization\"},\"potentialAction\":[{\"@type\":\"SearchAction\",\"target\":{\"@type\":\"EntryPoint\",\"urlTemplate\":\"https:\\\/\\\/zeromagazine.mx\\\/?s={search_term_string}\"},\"query-input\":{\"@type\":\"PropertyValueSpecification\",\"valueRequired\":true,\"valueName\":\"search_term_string\"}}],\"inLanguage\":\"es\"},{\"@type\":\"Organization\",\"@id\":\"https:\\\/\\\/zeromagazine.mx\\\/#organization\",\"name\":\"Zero Magazine\",\"url\":\"https:\\\/\\\/zeromagazine.mx\\\/\",\"logo\":{\"@type\":\"ImageObject\",\"inLanguage\":\"es\",\"@id\":\"https:\\\/\\\/zeromagazine.mx\\\/#\\\/schema\\\/logo\\\/image\\\/\",\"url\":\"https:\\\/\\\/i0.wp.com\\\/zeromagazine.mx\\\/wp-content\\\/uploads\\\/2025\\\/11\\\/1.jpeg?fit=1000%2C1000&ssl=1\",\"contentUrl\":\"https:\\\/\\\/i0.wp.com\\\/zeromagazine.mx\\\/wp-content\\\/uploads\\\/2025\\\/11\\\/1.jpeg?fit=1000%2C1000&ssl=1\",\"width\":1000,\"height\":1000,\"caption\":\"Zero Magazine\"},\"image\":{\"@id\":\"https:\\\/\\\/zeromagazine.mx\\\/#\\\/schema\\\/logo\\\/image\\\/\"},\"sameAs\":[\"https:\\\/\\\/instagram.com\\\/zeromagazinemx\"]},{\"@type\":\"Person\",\"@id\":\"https:\\\/\\\/zeromagazine.mx\\\/#\\\/schema\\\/person\\\/9aed9f33a7c39af3a348b86d723f7773\",\"name\":\"zeromagazinemx\",\"image\":{\"@type\":\"ImageObject\",\"inLanguage\":\"es\",\"@id\":\"https:\\\/\\\/zeromagazine.mx\\\/wp-content\\\/litespeed\\\/avatar\\\/f91dfe5410d5dcb1a576bf8c45983896.jpg?ver=1776966396\",\"url\":\"https:\\\/\\\/zeromagazine.mx\\\/wp-content\\\/litespeed\\\/avatar\\\/f91dfe5410d5dcb1a576bf8c45983896.jpg?ver=1776966396\",\"contentUrl\":\"https:\\\/\\\/zeromagazine.mx\\\/wp-content\\\/litespeed\\\/avatar\\\/f91dfe5410d5dcb1a576bf8c45983896.jpg?ver=1776966396\",\"caption\":\"zeromagazinemx\"},\"url\":\"https:\\\/\\\/zeromagazine.mx\\\/index.php\\\/author\\\/zeromagazinemx\\\/\"}]}<\/script>\n<!-- \/ Yoast SEO plugin. -->","yoast_head_json":{"title":"Irania Marie Pi\u00f1eiro, Uno de los exponentes m\u00e1s importantes de Puerto Rico. - Zero Magazine","robots":{"index":"index","follow":"follow","max-snippet":"max-snippet:-1","max-image-preview":"max-image-preview:large","max-video-preview":"max-video-preview:-1"},"canonical":"https:\/\/zeromagazine.mx\/index.php\/2021\/10\/29\/irania-marie-pineiro-uno-de-los-exponentes-mas-importantes-de-puerto-rico\/","og_locale":"es_ES","og_type":"article","og_title":"Irania Marie Pi\u00f1eiro, Uno de los exponentes m\u00e1s importantes de Puerto Rico. - Zero Magazine","og_description":"Al hablar de Puerto Rico podemos asegurar que nos encontraremos con muchas personas talentosas, Irania Pi\u00f1ero no es la excepci\u00f3n gracias a que aposto por la propuesta del rap a los tan solo 16 a\u00f1os, lo que le ha hecho ganarse no solamente un rotundo \u00e9xito, sino el cari\u00f1o de todo su p\u00fablico. Muchos de [&hellip;]","og_url":"https:\/\/zeromagazine.mx\/index.php\/2021\/10\/29\/irania-marie-pineiro-uno-de-los-exponentes-mas-importantes-de-puerto-rico\/","og_site_name":"Zero Magazine","article_published_time":"2021-10-29T14:30:00+00:00","og_image":[{"url":"https:\/\/zeromagazinemx.wpcomstaging.com\/wp-content\/uploads\/2022\/02\/b8d69-irania.jpg","type":"","width":"","height":""}],"author":"zeromagazinemx","twitter_card":"summary_large_image","twitter_misc":{"Escrito por":"zeromagazinemx","Tiempo de lectura":"2 minutos"},"schema":{"@context":"https:\/\/schema.org","@graph":[{"@type":"Article","@id":"https:\/\/zeromagazine.mx\/index.php\/2021\/10\/29\/irania-marie-pineiro-uno-de-los-exponentes-mas-importantes-de-puerto-rico\/#article","isPartOf":{"@id":"https:\/\/zeromagazine.mx\/index.php\/2021\/10\/29\/irania-marie-pineiro-uno-de-los-exponentes-mas-importantes-de-puerto-rico\/"},"author":{"name":"zeromagazinemx","@id":"https:\/\/zeromagazine.mx\/#\/schema\/person\/9aed9f33a7c39af3a348b86d723f7773"},"headline":"Irania Marie Pi\u00f1eiro, Uno de los exponentes m\u00e1s importantes de Puerto Rico.","datePublished":"2021-10-29T14:30:00+00:00","mainEntityOfPage":{"@id":"https:\/\/zeromagazine.mx\/index.php\/2021\/10\/29\/irania-marie-pineiro-uno-de-los-exponentes-mas-importantes-de-puerto-rico\/"},"wordCount":339,"commentCount":0,"publisher":{"@id":"https:\/\/zeromagazine.mx\/#organization"},"image":{"@id":"https:\/\/zeromagazine.mx\/index.php\/2021\/10\/29\/irania-marie-pineiro-uno-de-los-exponentes-mas-importantes-de-puerto-rico\/#primaryimage"},"thumbnailUrl":"https:\/\/zeromagazinemx.wpcomstaging.com\/wp-content\/uploads\/2022\/02\/b8d69-irania.jpg","keywords":["Christian Daniel","El Residente Challenge","Hola","Mi Estilo de Vida","Nenjo Flow","Por Siempre Blanco","Puerto Rico","Rauw alejandro","Residente"],"articleSection":["Entretenimiento"],"inLanguage":"es","potentialAction":[{"@type":"CommentAction","name":"Comment","target":["https:\/\/zeromagazine.mx\/index.php\/2021\/10\/29\/irania-marie-pineiro-uno-de-los-exponentes-mas-importantes-de-puerto-rico\/#respond"]}]},{"@type":"WebPage","@id":"https:\/\/zeromagazine.mx\/index.php\/2021\/10\/29\/irania-marie-pineiro-uno-de-los-exponentes-mas-importantes-de-puerto-rico\/","url":"https:\/\/zeromagazine.mx\/index.php\/2021\/10\/29\/irania-marie-pineiro-uno-de-los-exponentes-mas-importantes-de-puerto-rico\/","name":"Irania Marie Pi\u00f1eiro, Uno de los exponentes m\u00e1s importantes de Puerto Rico. - Zero Magazine","isPartOf":{"@id":"https:\/\/zeromagazine.mx\/#website"},"primaryImageOfPage":{"@id":"https:\/\/zeromagazine.mx\/index.php\/2021\/10\/29\/irania-marie-pineiro-uno-de-los-exponentes-mas-importantes-de-puerto-rico\/#primaryimage"},"image":{"@id":"https:\/\/zeromagazine.mx\/index.php\/2021\/10\/29\/irania-marie-pineiro-uno-de-los-exponentes-mas-importantes-de-puerto-rico\/#primaryimage"},"thumbnailUrl":"https:\/\/zeromagazinemx.wpcomstaging.com\/wp-content\/uploads\/2022\/02\/b8d69-irania.jpg","datePublished":"2021-10-29T14:30:00+00:00","breadcrumb":{"@id":"https:\/\/zeromagazine.mx\/index.php\/2021\/10\/29\/irania-marie-pineiro-uno-de-los-exponentes-mas-importantes-de-puerto-rico\/#breadcrumb"},"inLanguage":"es","potentialAction":[{"@type":"ReadAction","target":["https:\/\/zeromagazine.mx\/index.php\/2021\/10\/29\/irania-marie-pineiro-uno-de-los-exponentes-mas-importantes-de-puerto-rico\/"]}]},{"@type":"ImageObject","inLanguage":"es","@id":"https:\/\/zeromagazine.mx\/index.php\/2021\/10\/29\/irania-marie-pineiro-uno-de-los-exponentes-mas-importantes-de-puerto-rico\/#primaryimage","url":"https:\/\/zeromagazinemx.wpcomstaging.com\/wp-content\/uploads\/2022\/02\/b8d69-irania.jpg","contentUrl":"https:\/\/zeromagazinemx.wpcomstaging.com\/wp-content\/uploads\/2022\/02\/b8d69-irania.jpg"},{"@type":"BreadcrumbList","@id":"https:\/\/zeromagazine.mx\/index.php\/2021\/10\/29\/irania-marie-pineiro-uno-de-los-exponentes-mas-importantes-de-puerto-rico\/#breadcrumb","itemListElement":[{"@type":"ListItem","position":1,"name":"Portada","item":"https:\/\/zeromagazine.mx\/"},{"@type":"ListItem","position":2,"name":"Irania Marie Pi\u00f1eiro, Uno de los exponentes m\u00e1s importantes de Puerto Rico."}]},{"@type":"WebSite","@id":"https:\/\/zeromagazine.mx\/#website","url":"https:\/\/zeromagazine.mx\/","name":"Zero Magazine","description":"","publisher":{"@id":"https:\/\/zeromagazine.mx\/#organization"},"potentialAction":[{"@type":"SearchAction","target":{"@type":"EntryPoint","urlTemplate":"https:\/\/zeromagazine.mx\/?s={search_term_string}"},"query-input":{"@type":"PropertyValueSpecification","valueRequired":true,"valueName":"search_term_string"}}],"inLanguage":"es"},{"@type":"Organization","@id":"https:\/\/zeromagazine.mx\/#organization","name":"Zero Magazine","url":"https:\/\/zeromagazine.mx\/","logo":{"@type":"ImageObject","inLanguage":"es","@id":"https:\/\/zeromagazine.mx\/#\/schema\/logo\/image\/","url":"https:\/\/i0.wp.com\/zeromagazine.mx\/wp-content\/uploads\/2025\/11\/1.jpeg?fit=1000%2C1000&ssl=1","contentUrl":"https:\/\/i0.wp.com\/zeromagazine.mx\/wp-content\/uploads\/2025\/11\/1.jpeg?fit=1000%2C1000&ssl=1","width":1000,"height":1000,"caption":"Zero Magazine"},"image":{"@id":"https:\/\/zeromagazine.mx\/#\/schema\/logo\/image\/"},"sameAs":["https:\/\/instagram.com\/zeromagazinemx"]},{"@type":"Person","@id":"https:\/\/zeromagazine.mx\/#\/schema\/person\/9aed9f33a7c39af3a348b86d723f7773","name":"zeromagazinemx","image":{"@type":"ImageObject","inLanguage":"es","@id":"https:\/\/zeromagazine.mx\/wp-content\/litespeed\/avatar\/f91dfe5410d5dcb1a576bf8c45983896.jpg?ver=1776966396","url":"https:\/\/zeromagazine.mx\/wp-content\/litespeed\/avatar\/f91dfe5410d5dcb1a576bf8c45983896.jpg?ver=1776966396","contentUrl":"https:\/\/zeromagazine.mx\/wp-content\/litespeed\/avatar\/f91dfe5410d5dcb1a576bf8c45983896.jpg?ver=1776966396","caption":"zeromagazinemx"},"url":"https:\/\/zeromagazine.mx\/index.php\/author\/zeromagazinemx\/"}]}},"jetpack_publicize_connections":[],"jetpack_featured_media_url":"","jetpack-related-posts":[{"id":53318,"url":"https:\/\/zeromagazine.mx\/index.php\/2021\/08\/31\/marcel-un-reguetonero-irani-mezclando-estilos\/","url_meta":{"origin":56927,"position":0},"title":"Marcel un reguetonero irani mezclando estilos","author":"zeromagazinemx","date":"31 de agosto de 2021","format":false,"excerpt":"Plat\u00edcanos\u00a0de tu tema contrato\u00a0 Estoy muy emocionado de que haya salido la\u00a0canci\u00f3n\u00a0y como ha respondido la gente y tenemos otros seis temas que se\u00a0vienes.\u00a0 Por Gabriela H. Delgadillo\u00a0 \u00bfDe que no habla tu\u00a0canci\u00f3n\u00a0contrato?\u00a0 De que nadie quiere contrato, porque no buscan la gente algo serio en una relaci\u00f3n.\u00a0 \u00bfAhora las\u2026","rel":"","context":"En \u00abEntretenimiento\u00bb","block_context":{"text":"Entretenimiento","link":"https:\/\/zeromagazine.mx\/index.php\/category\/entretenimiento\/"},"img":{"alt_text":"","src":"https:\/\/i0.wp.com\/zeromagazinemx.wpcomstaging.com\/wp-content\/uploads\/2022\/02\/ded10-screenshot_20210831_184918.jpg?resize=350%2C200&ssl=1","width":350,"height":200,"srcset":"https:\/\/i0.wp.com\/zeromagazinemx.wpcomstaging.com\/wp-content\/uploads\/2022\/02\/ded10-screenshot_20210831_184918.jpg?resize=350%2C200&ssl=1 1x, https:\/\/i0.wp.com\/zeromagazinemx.wpcomstaging.com\/wp-content\/uploads\/2022\/02\/ded10-screenshot_20210831_184918.jpg?resize=525%2C300&ssl=1 1.5x"},"classes":[]},{"id":74665,"url":"https:\/\/zeromagazine.mx\/index.php\/2024\/04\/23\/latin-mafia-de-coachella-a-puerto-rico\/","url_meta":{"origin":56927,"position":1},"title":"Latin Mafia: De Coachella a Puerto Rico","author":"zeromagazinemx","date":"23 de abril de 2024","format":false,"excerpt":"No s\u00e9 ustedes, pero yo todav\u00eda estoy en shock despu\u00e9s del incre\u00edble show de Latin Mafia en Coachella. \u00a1Qu\u00e9 manera de romperla en el Sonora Stage! Pero oigan, eso no es todo, porque estos chicos no paran de sorprendernos. Resulta que despu\u00e9s de Coachella, \u00a1se van directo a Puerto Rico\u2026","rel":"","context":"En \u00abEntretenimiento\u00bb","block_context":{"text":"Entretenimiento","link":"https:\/\/zeromagazine.mx\/index.php\/category\/entretenimiento\/"},"img":{"alt_text":"","src":"https:\/\/i0.wp.com\/zeromagazine.mx\/wp-content\/uploads\/2024\/04\/unnamed-5-1.jpg?fit=800%2C1200&ssl=1&resize=350%2C200","width":350,"height":200,"srcset":"https:\/\/i0.wp.com\/zeromagazine.mx\/wp-content\/uploads\/2024\/04\/unnamed-5-1.jpg?fit=800%2C1200&ssl=1&resize=350%2C200 1x, https:\/\/i0.wp.com\/zeromagazine.mx\/wp-content\/uploads\/2024\/04\/unnamed-5-1.jpg?fit=800%2C1200&ssl=1&resize=525%2C300 1.5x, https:\/\/i0.wp.com\/zeromagazine.mx\/wp-content\/uploads\/2024\/04\/unnamed-5-1.jpg?fit=800%2C1200&ssl=1&resize=700%2C400 2x"},"classes":[]},{"id":82890,"url":"https:\/\/zeromagazine.mx\/index.php\/2024\/08\/31\/cuidado-personal-las-nuevas-tendencias\/","url_meta":{"origin":56927,"position":2},"title":"Cuidado Personal: \u00a1Las Nuevas Tendencias!","author":"zeromagazinemx","date":"31 de agosto de 2024","format":false,"excerpt":"Hoy vamos a meternos de lleno en los hallazgos de un estudio superinteresante de Teads que revela c\u00f3mo estamos manejando el tema del cuidado personal en Latinoam\u00e9rica. Ya saben, esos h\u00e1bitos que tenemos con nuestros productos de belleza y bienestar. \u00bfListxs para conocer las claves de este estudio? Vamos all\u00e1.\u2026","rel":"","context":"En \u00abBeauty\u00bb","block_context":{"text":"Beauty","link":"https:\/\/zeromagazine.mx\/index.php\/category\/beauty\/"},"img":{"alt_text":"","src":"https:\/\/i0.wp.com\/zeromagazine.mx\/wp-content\/uploads\/2024\/08\/teads-care.jpeg?fit=944%2C499&ssl=1&resize=350%2C200","width":350,"height":200,"srcset":"https:\/\/i0.wp.com\/zeromagazine.mx\/wp-content\/uploads\/2024\/08\/teads-care.jpeg?fit=944%2C499&ssl=1&resize=350%2C200 1x, https:\/\/i0.wp.com\/zeromagazine.mx\/wp-content\/uploads\/2024\/08\/teads-care.jpeg?fit=944%2C499&ssl=1&resize=525%2C300 1.5x, https:\/\/i0.wp.com\/zeromagazine.mx\/wp-content\/uploads\/2024\/08\/teads-care.jpeg?fit=944%2C499&ssl=1&resize=700%2C400 2x"},"classes":[]},{"id":85114,"url":"https:\/\/zeromagazine.mx\/index.php\/2024\/10\/03\/moscow-fashion-week-el-futuro-es-ahora\/","url_meta":{"origin":56927,"position":3},"title":"Moscow Fashion Week: \u00a1El Futuro es Ahora!","author":"zeromagazinemx","date":"3 de octubre de 2024","format":false,"excerpt":"\u00a1Hey, fashion lovers! Si est\u00e1s buscando un evento que combine el arte, la cultura y la moda, no te puedes perder la Moscow Fashion Week que se llevar\u00e1 a cabo del 4 al 9 de octubre. Este evento no solo es un desfile de tendencias, sino que se ha convertido\u2026","rel":"","context":"En \u00abEntretenimiento\u00bb","block_context":{"text":"Entretenimiento","link":"https:\/\/zeromagazine.mx\/index.php\/category\/entretenimiento\/"},"img":{"alt_text":"","src":"https:\/\/i0.wp.com\/zeromagazine.mx\/wp-content\/uploads\/2024\/10\/global-talents-digital-ZL8VyWZYb_4-unsplash-scaled.jpg?fit=1200%2C801&ssl=1&resize=350%2C200","width":350,"height":200,"srcset":"https:\/\/i0.wp.com\/zeromagazine.mx\/wp-content\/uploads\/2024\/10\/global-talents-digital-ZL8VyWZYb_4-unsplash-scaled.jpg?fit=1200%2C801&ssl=1&resize=350%2C200 1x, https:\/\/i0.wp.com\/zeromagazine.mx\/wp-content\/uploads\/2024\/10\/global-talents-digital-ZL8VyWZYb_4-unsplash-scaled.jpg?fit=1200%2C801&ssl=1&resize=525%2C300 1.5x, https:\/\/i0.wp.com\/zeromagazine.mx\/wp-content\/uploads\/2024\/10\/global-talents-digital-ZL8VyWZYb_4-unsplash-scaled.jpg?fit=1200%2C801&ssl=1&resize=700%2C400 2x, https:\/\/i0.wp.com\/zeromagazine.mx\/wp-content\/uploads\/2024\/10\/global-talents-digital-ZL8VyWZYb_4-unsplash-scaled.jpg?fit=1200%2C801&ssl=1&resize=1050%2C600 3x"},"classes":[]},{"id":109088,"url":"https:\/\/zeromagazine.mx\/index.php\/2025\/10\/06\/kiko-baez-myke-towers-streetwear\/","url_meta":{"origin":56927,"position":4},"title":"Kiko Baez x Myke Towers: El streetwear latino que conquista el mundo","author":"David Morales","date":"6 de octubre de 2025","format":false,"excerpt":"Cuando el barrio se convierte en inspiraci\u00f3n, la moda deja de ser tendencia para transformarse en un manifiesto. As\u00ed nace la colaboraci\u00f3n entre Kiko Baez y Myke Towers, un puente entre Puerto Rico y M\u00e9xico que eleva el streetwear latino a un nuevo nivel. M\u00e1s que gorras, esta colecci\u00f3n es\u2026","rel":"","context":"En \u00abModa\u00bb","block_context":{"text":"Moda","link":"https:\/\/zeromagazine.mx\/index.php\/category\/moda\/"},"img":{"alt_text":"","src":"https:\/\/i0.wp.com\/zeromagazine.mx\/wp-content\/uploads\/2025\/10\/e4123bc5-772e-4e21-b7fc-12382589ae38.jpg?fit=800%2C1200&ssl=1&resize=350%2C200","width":350,"height":200,"srcset":"https:\/\/i0.wp.com\/zeromagazine.mx\/wp-content\/uploads\/2025\/10\/e4123bc5-772e-4e21-b7fc-12382589ae38.jpg?fit=800%2C1200&ssl=1&resize=350%2C200 1x, https:\/\/i0.wp.com\/zeromagazine.mx\/wp-content\/uploads\/2025\/10\/e4123bc5-772e-4e21-b7fc-12382589ae38.jpg?fit=800%2C1200&ssl=1&resize=525%2C300 1.5x, https:\/\/i0.wp.com\/zeromagazine.mx\/wp-content\/uploads\/2025\/10\/e4123bc5-772e-4e21-b7fc-12382589ae38.jpg?fit=800%2C1200&ssl=1&resize=700%2C400 2x"},"classes":[]},{"id":101988,"url":"https:\/\/zeromagazine.mx\/index.php\/2025\/04\/18\/expansion-con-impacto\/","url_meta":{"origin":56927,"position":5},"title":"Expansi\u00f3n Con Impacto","author":"David Morales","date":"18 de abril de 2025","format":false,"excerpt":"Accor, una de las cadenas hoteleras m\u00e1s top a nivel mundial, acaba de dar un paso gigante de expansi\u00f3n, pues anunci\u00f3 que se queda con 17 hoteles en Am\u00e9rica y se viene con todo, especialmente en M\u00e9xico. Y si t\u00fa y tus amix son de lxs que sue\u00f1an con vacas\u2026","rel":"","context":"En \u00abBlog\u00bb","block_context":{"text":"Blog","link":"https:\/\/zeromagazine.mx\/index.php\/category\/blog\/"},"img":{"alt_text":"","src":"https:\/\/i0.wp.com\/zeromagazine.mx\/wp-content\/uploads\/2025\/04\/Captura-de-pantalla-2025-04-20-180341.png?fit=1200%2C507&ssl=1&resize=350%2C200","width":350,"height":200,"srcset":"https:\/\/i0.wp.com\/zeromagazine.mx\/wp-content\/uploads\/2025\/04\/Captura-de-pantalla-2025-04-20-180341.png?fit=1200%2C507&ssl=1&resize=350%2C200 1x, https:\/\/i0.wp.com\/zeromagazine.mx\/wp-content\/uploads\/2025\/04\/Captura-de-pantalla-2025-04-20-180341.png?fit=1200%2C507&ssl=1&resize=525%2C300 1.5x, https:\/\/i0.wp.com\/zeromagazine.mx\/wp-content\/uploads\/2025\/04\/Captura-de-pantalla-2025-04-20-180341.png?fit=1200%2C507&ssl=1&resize=700%2C400 2x, https:\/\/i0.wp.com\/zeromagazine.mx\/wp-content\/uploads\/2025\/04\/Captura-de-pantalla-2025-04-20-180341.png?fit=1200%2C507&ssl=1&resize=1050%2C600 3x"},"classes":[]}],"jetpack_sharing_enabled":true,"builder_content":"","_links":{"self":[{"href":"https:\/\/zeromagazine.mx\/index.php\/wp-json\/wp\/v2\/posts\/56927","targetHints":{"allow":["GET"]}}],"collection":[{"href":"https:\/\/zeromagazine.mx\/index.php\/wp-json\/wp\/v2\/posts"}],"about":[{"href":"https:\/\/zeromagazine.mx\/index.php\/wp-json\/wp\/v2\/types\/post"}],"author":[{"embeddable":true,"href":"https:\/\/zeromagazine.mx\/index.php\/wp-json\/wp\/v2\/users\/2"}],"replies":[{"embeddable":true,"href":"https:\/\/zeromagazine.mx\/index.php\/wp-json\/wp\/v2\/comments?post=56927"}],"version-history":[{"count":0,"href":"https:\/\/zeromagazine.mx\/index.php\/wp-json\/wp\/v2\/posts\/56927\/revisions"}],"wp:attachment":[{"href":"https:\/\/zeromagazine.mx\/index.php\/wp-json\/wp\/v2\/media?parent=56927"}],"wp:term":[{"taxonomy":"category","embeddable":true,"href":"https:\/\/zeromagazine.mx\/index.php\/wp-json\/wp\/v2\/categories?post=56927"},{"taxonomy":"post_tag","embeddable":true,"href":"https:\/\/zeromagazine.mx\/index.php\/wp-json\/wp\/v2\/tags?post=56927"}],"curies":[{"name":"wp","href":"https:\/\/api.w.org\/{rel}","templated":true}]}}