{"id":57128,"date":"2021-11-01T13:30:00","date_gmt":"2021-11-01T19:30:00","guid":{"rendered":"https:\/\/atomic-temporary-84115225.wpcomstaging.com\/?p=57128"},"modified":"2021-11-01T13:30:00","modified_gmt":"2021-11-01T19:30:00","slug":"jorge-blanco-nos-trae-bad-karma","status":"publish","type":"post","link":"https:\/\/zeromagazine.mx\/index.php\/2021\/11\/01\/jorge-blanco-nos-trae-bad-karma\/","title":{"rendered":"Jorge Blanco nos trae Bad Karma"},"content":{"rendered":"\n<p>El actor y cantante<strong> Jorge Blanco<\/strong>, a quien le recordamos por apariciones en <strong>Violetta, High School Musical El Desaf\u00edo<\/strong>, entre otras producciones, ha regresado al mundo musical. Tras el reciente hit <strong>Hot Dam<\/strong> presentado el pasado septiembre, un mes despu\u00e9s nos sorprende con <strong>Bad Karma<\/strong>, una canci\u00f3n completamente diferente a la anterior y con sentimiento muy profundo.<\/p>\n\n\n\n<ul class=\"wp-block-list\"><li><em><strong>Foto: <\/strong><a href=\"https:\/\/instagram.com\/trappist.fv?utm_medium=copy_link\">@trappist.fv<\/a><\/em><\/li><li><em><strong>MUAH: <\/strong><a href=\"https:\/\/instagram.com\/mua_karlacedillo?utm_medium=copy_link\">@mua_karlacedillo<\/a><\/em><\/li><li><em><strong>Locaci\u00f3n:<\/strong> <a href=\"https:\/\/instagram.com\/mx.amnesia?utm_medium=copy_link\">@mx.amnesia<\/a><\/em><\/li><\/ul>\n\n\n\n<div class=\"wp-block-image coblocks-animate\"><figure class=\"aligncenter size-large\"><a href=\"https:\/\/i0.wp.com\/zeromagazinemx.wpcomstaging.com\/wp-content\/uploads\/2022\/02\/86f47-jorge-blanco.png?ssl=1\"><img data-recalc-dims=\"1\" decoding=\"async\" src=\"https:\/\/i0.wp.com\/zeromagazinemx.wpcomstaging.com\/wp-content\/uploads\/2022\/02\/86f47-jorge-blanco.png?w=1165&#038;ssl=1\" alt=\"\" class=\"wp-image-57132\" \/><\/a><\/figure><\/div>\n\n\n\n<div class=\"wp-block-buttons is-layout-flex wp-block-buttons-is-layout-flex\">\n<div class=\"wp-block-button is-style-outline is-style-outline--1\"><a class=\"wp-block-button__link\">Por Mario Fercal<\/a><\/div>\n<\/div>\n\n\n\n<p><strong>\u00bfQu\u00e9 representa Bad Karma?<\/strong><\/p>\n\n\n\n<p><em>\u201cEs un peque\u00f1o contraste, ya que tiene este feeling m\u00e1s oscuro, yo conecte mucho con la canci\u00f3n, porque cuando uno hace algo muy mal, cuando uno comete un error grande, el <strong>Bad Karma<\/strong> regresa de alguna manera, yo si creo en que la energ\u00eda que das es la que se te regresa o incluso se multiplica y me gusta contar ese tipo de historias tan interesantes, y darle esa interpretaci\u00f3n, que justamente en el video le subo como 3 rayitas m\u00e1s musicalmente, pues debe tener ese dolor que se siente\u201d.<\/em><\/p>\n\n\n\n<div class=\"wp-block-image coblocks-animate\"><figure class=\"aligncenter size-large is-resized\"><a href=\"https:\/\/i0.wp.com\/zeromagazinemx.wpcomstaging.com\/wp-content\/uploads\/2022\/02\/a22fb-jorge-blanco-zero-3.png?ssl=1\"><img data-recalc-dims=\"1\" decoding=\"async\" src=\"https:\/\/i0.wp.com\/zeromagazinemx.wpcomstaging.com\/wp-content\/uploads\/2022\/02\/a22fb-jorge-blanco-zero-3.png?resize=739%2C1108&#038;ssl=1\" alt=\"\" class=\"wp-image-57146\" width=\"739\" height=\"1108\" \/><\/a><\/figure><\/div>\n\n\n\n<p><strong>\u00bfQu\u00e9 te llevo a presentarnos este lado m\u00e1s oscuro?<\/strong><\/p>\n\n\n\n<p><em>\u201cVa ligado a mi pasi\u00f3n y mi alma como actor, el querer contar historias todo el tiempo, y eso me gusta, as\u00ed como en mi playlist tengo de chile, mole y pozole, puedo escuchar desde una canci\u00f3n de <strong>Disney <\/strong>hasta cualquier otro g\u00e9nero, me gusta contar historias, llevar ala gente por diferentes lados, hacerlos bailar como en el caso de <strong>Hot Dam<\/strong> y despu\u00e9s querer que se desgarren el coraz\u00f3n como lo es con <strong>Bad Karma<\/strong>, con lo que puedan identificarse y que se apasionen conmigo, eso me encanta.<\/em><\/p>\n\n\n\n<div class=\"wp-block-image coblocks-animate\"><figure class=\"aligncenter size-large is-resized\"><a href=\"https:\/\/i0.wp.com\/zeromagazinemx.wpcomstaging.com\/wp-content\/uploads\/2022\/02\/30d9d-jorge-blanco-zero-3.png?ssl=1\"><img data-recalc-dims=\"1\" decoding=\"async\" src=\"https:\/\/i0.wp.com\/zeromagazinemx.wpcomstaging.com\/wp-content\/uploads\/2022\/02\/30d9d-jorge-blanco-zero-3.png?resize=738%2C1106&#038;ssl=1\" alt=\"\" class=\"wp-image-57148\" width=\"738\" height=\"1106\" \/><\/a><\/figure><\/div>\n\n\n\n\n\n<p><em>Siempre es diferente, no tengo como un ritual espec\u00edfico, cada canci\u00f3n ha sido diferente, algunas nacen de alguna nota de voz que se me ocurri\u00f3 de forma aleatoria, otras que salen del t\u00edtulo, he tenido canciones donde sale el concepto del t\u00edtulo y comienzo a descubrir que puedo hacer detr\u00e1s de ese concepto, o incluso otras son cuando entro al estudio y comenzamos a jugar, esperando a ver que puede surgir. Descubriendo que estilo de m\u00fasica queremos hacer, cu\u00e1l es nuestra vibra y as\u00ed solito va saliendo lo que nos va haciendo sentir la melod\u00eda, y eso me gusta, el no tener algo bien establecido, como un ritual\u201d.<\/em><\/p>\n\n\n\n<div class=\"wp-block-image coblocks-animate\"><figure class=\"aligncenter size-large is-resized\"><a href=\"https:\/\/i0.wp.com\/zeromagazinemx.wpcomstaging.com\/wp-content\/uploads\/2022\/02\/5c272-jorge_blanco-1.png?ssl=1\"><img data-recalc-dims=\"1\" decoding=\"async\" src=\"https:\/\/i0.wp.com\/zeromagazinemx.wpcomstaging.com\/wp-content\/uploads\/2022\/02\/5c272-jorge_blanco-1.png?resize=739%2C1108&#038;ssl=1\" alt=\"\" class=\"wp-image-57149\" width=\"739\" height=\"1108\" \/><\/a><\/figure><\/div>\n\n\n\n<p><strong>El video es presentado en una \u00fanica toma, con un filtro a blanco y negro, en donde parec\u00edamos \u00fanicamente a Jorge, su micr\u00f3fono y su guitarra.<\/strong><\/p>\n\n\n\n<p>\u201c<em>La verdad es algo que quer\u00eda hacer, dar un poco m\u00e1s de un feeling de estar en vivo, que es justo como sonar\u00eda, lo grabamos a mitad de pandemia, y realmente lo que quise destacar es que la gente sintiera eso que estamos extra\u00f1ando, el estar en vivo, el sentimiento de ser algo en vivi\u00f3, aunque sea de lejos tratar de dar lo mas a flor de piel posible, por ello el video es tan simple, tan crudo, y que se transmita el sentimiento de la canci\u00f3n y que la gente entienda de que se trata\u201d.<\/em><\/p>\n\n\n\n<div class=\"wp-block-image coblocks-animate\"><figure class=\"aligncenter size-large is-resized\"><a href=\"https:\/\/i0.wp.com\/zeromagazinemx.wpcomstaging.com\/wp-content\/uploads\/2022\/02\/bdfd6-jorge-blanco_zero-1.png?ssl=1\"><img data-recalc-dims=\"1\" decoding=\"async\" src=\"https:\/\/i0.wp.com\/zeromagazinemx.wpcomstaging.com\/wp-content\/uploads\/2022\/02\/bdfd6-jorge-blanco_zero-1.png?resize=746%2C1117&#038;ssl=1\" alt=\"\" class=\"wp-image-57152\" width=\"746\" height=\"1117\" \/><\/a><\/figure><\/div>\n\n\n\n\n\n<p><strong>Adem\u00e1s de este par de canciones, tendr\u00e9 la presencia vocal de Jorge en Ron da Error, <\/strong><strong>&nbsp;en esta cinta interpreta a Noah, un compa\u00f1ero de Barney que puede llegar a ser muy competitivo y quien est\u00e1 <\/strong><strong><em>inmerso en la tecnolog\u00eda de su mundo.<\/em><\/strong><\/p>\n\n\n\n<p><em>\u201cEmpec\u00e9 en&nbsp; esta carrera por la m\u00fasica, despu\u00e9s me llevo por la actuaci\u00f3n, y pens\u00e9 que la m\u00fasica ya estaba de lado, sin embargo ahora que regrese a la m\u00fasica me manejo en la creaci\u00f3n de un conjunto de ambos, y claro la pel\u00edcula de <strong>Ron Da Error<\/strong>, es el claro ejemplo, de que se ha podido, justo volv\u00ed a poner atenci\u00f3n en el doblaje desde inicios de la pandemia, no estaba tan metido, pero he ido aprendiendo, he estado haciendo unas cositas desde el a\u00f1o&nbsp; pasado, y ahora me surgi\u00f3 esta oportunidad de hacer la pel\u00edcula, yo no lo hab\u00eda hecho antes y pues la verdad me encuentro muy emocionado por ello, por forma parte de este proyecto. Y principalmente feliz de saber que se puede hacer m\u00fasica, doblar en pel\u00edcula y adem\u00e1s se viene la serie de <strong>Disney Plus <\/strong>el pr\u00f3ximo a\u00f1o, y sinceramente no me puedo quejar, he podido hacer todo lo que quiero, hasta el momento\u201d&nbsp;<\/em><\/p>\n\n\n\n<div class=\"wp-block-image coblocks-animate\"><figure class=\"aligncenter size-large is-resized\"><a href=\"https:\/\/i0.wp.com\/zeromagazinemx.wpcomstaging.com\/wp-content\/uploads\/2022\/02\/22c33-jorge-blanco-zero-magazine-2.png?ssl=1\"><img data-recalc-dims=\"1\" decoding=\"async\" src=\"https:\/\/i0.wp.com\/zeromagazinemx.wpcomstaging.com\/wp-content\/uploads\/2022\/02\/22c33-jorge-blanco-zero-magazine-2.png?resize=742%2C1112&#038;ssl=1\" alt=\"\" class=\"wp-image-57153\" width=\"742\" height=\"1112\" \/><\/a><\/figure><\/div>\n\n\n\n<p><strong>\u00bfQu\u00e9 veremos a futuro de Jorge blanco?<\/strong><\/p>\n\n\n\n<p><em>\u201cEn la m\u00fasica espero no parar, seguir sacando m\u00e1s \u00e9xitos pues tambi\u00e9n se viene una colaboraci\u00f3n que pronto dar\u00e9 a conocer en mis redes sociales, despu\u00e9s sale la nueva serie <strong>Pap\u00e1s por Encargo<\/strong>, para <strong>Disney Plus <\/strong>y me encuentro con muchas ganas de que salga, y fuera de ello seguimos armando nuevas sorpresas con la m\u00fasica, confesar\u00e9 que hace unos d\u00edas envi\u00e9 un par de castings y no parar\u00e9, pandemia o no pandemia, seguir\u00e9 d\u00e1ndole, enfrentar\u00e9 cu\u00e1l sea el obst\u00e1culo que se presente y siempre haciendo lo que me gusta\u201d.<\/em><\/p>\n\n\n\n<figure class=\"wp-block-image size-large\"><a href=\"https:\/\/i0.wp.com\/zeromagazinemx.wpcomstaging.com\/wp-content\/uploads\/2022\/02\/da460-jorge-blanco-_zero-1.png?ssl=1\"><img data-recalc-dims=\"1\" decoding=\"async\" src=\"https:\/\/i0.wp.com\/zeromagazinemx.wpcomstaging.com\/wp-content\/uploads\/2022\/02\/da460-jorge-blanco-_zero-1.png?w=1165&#038;ssl=1\" alt=\"\" class=\"wp-image-57155\" \/><\/a><\/figure>\n\n\n\n<p><strong>Tendremos que esperar un poco para los nuevos lanzamientos musicales y la serie en la plataforma de streaming, sin embargo, podremos disfrutar material ya realizado por este joven y talentoso actor y cantante, quien deja un gran mensaje a sus fans.<\/strong><\/p>\n\n\n\n<p><em>\u201cLe agradezco much\u00edsimo a mis fans, que se han aguantado momentos en los que no hay nada, y agreg\u00e1ndole pandemia, y el que han estado ah\u00ed en las buenas y en las malas, les mando todo el amor y todo el cari\u00f1o, les agradezco a mis fans, que son una familia ya. Y por ello en cada logro que cumplo ellos han estado ah\u00ed y por eso todo el amor del mundo\u201d.<\/em><\/p>\n\n\n\n<div class=\"wp-block-image coblocks-animate\"><figure class=\"aligncenter size-large is-resized\"><a href=\"https:\/\/i0.wp.com\/zeromagazinemx.wpcomstaging.com\/wp-content\/uploads\/2022\/02\/9ce5b-jorge-blanco-zero-4.png?ssl=1\"><img data-recalc-dims=\"1\" decoding=\"async\" src=\"https:\/\/i0.wp.com\/zeromagazinemx.wpcomstaging.com\/wp-content\/uploads\/2022\/02\/9ce5b-jorge-blanco-zero-4.png?resize=741%2C1111&#038;ssl=1\" alt=\"\" class=\"wp-image-57157\" width=\"741\" height=\"1111\" \/><\/a><\/figure><\/div>\n\n\n\n<p class=\"has-text-align-center\"><strong>Sigue a Jorge Blanco en:<\/strong><\/p>\n\n\n\n<p class=\"has-text-align-center\"><strong>Instagram: <\/strong><a href=\"https:\/\/instagram.com\/jorgeblanco?utm_medium=copy_link\">@jorgeblanco<\/a><\/p>\n\n\n\n\n<!--themify_builder_content-->\n<div id=\"themify_builder_content-57128\" data-postid=\"57128\" class=\"themify_builder_content themify_builder_content-57128 themify_builder tf_clear\">\n    <\/div>\n<!--\/themify_builder_content-->\n","protected":false},"excerpt":{"rendered":"<p>El actor y cantante Jorge Blanco, a quien le recordamos por apariciones en Violetta, High School Musical El Desaf\u00edo, entre otras producciones, ha regresado al mundo musical. Tras el reciente hit Hot Dam presentado el pasado septiembre, un mes despu\u00e9s nos sorprende con Bad Karma, una canci\u00f3n completamente diferente a la anterior y con sentimiento [&hellip;]<\/p>\n","protected":false},"author":2,"featured_media":57139,"comment_status":"open","ping_status":"open","sticky":true,"template":"","format":"standard","meta":{"_jetpack_memberships_contains_paid_content":false,"footnotes":"","jetpack_publicize_message":"@JorgeBlancoG regresa al mundo musical con #BadKarma, una canci\u00f3n completamente diferente a la anterior y con sentimiento muy profundo. \ud83d\udd25\nEncuentra la #entrevista completa en Zero Magazine.","jetpack_publicize_feature_enabled":true,"jetpack_social_post_already_shared":true,"jetpack_social_options":{"image_generator_settings":{"template":"highway","default_image_id":0,"font":"","enabled":false},"version":2}},"categories":[91,98,100],"tags":[6119,113,1203,6120,6121,6122,6123,3815,3819,4243,6124],"class_list":["post-57128","post","type-post","status-publish","format-standard","has-post-thumbnail","hentry","category-entrevistas","category-portada","category-revista","tag-bad-karma","tag-disney-plus","tag-entrevistas","tag-high-school-musical-el-desafio","tag-hot-dam","tag-jorge-blanco","tag-papas-por-encargo","tag-portada","tag-revista","tag-ron-da-error","tag-violetta","has-post-title","has-post-date","has-post-category","has-post-tag","has-post-comment","has-post-author",""],"yoast_head":"<!-- This site is optimized with the Yoast SEO plugin v27.5 - https:\/\/yoast.com\/product\/yoast-seo-wordpress\/ -->\n<title>Jorge Blanco nos trae Bad Karma - Zero Magazine<\/title>\n<meta name=\"robots\" content=\"index, follow, max-snippet:-1, max-image-preview:large, max-video-preview:-1\" \/>\n<link rel=\"canonical\" href=\"https:\/\/zeromagazine.mx\/index.php\/2021\/11\/01\/jorge-blanco-nos-trae-bad-karma\/\" \/>\n<meta property=\"og:locale\" content=\"es_ES\" \/>\n<meta property=\"og:type\" content=\"article\" \/>\n<meta property=\"og:title\" content=\"Jorge Blanco nos trae Bad Karma - Zero Magazine\" \/>\n<meta property=\"og:description\" content=\"El actor y cantante Jorge Blanco, a quien le recordamos por apariciones en Violetta, High School Musical El Desaf\u00edo, entre otras producciones, ha regresado al mundo musical. Tras el reciente hit Hot Dam presentado el pasado septiembre, un mes despu\u00e9s nos sorprende con Bad Karma, una canci\u00f3n completamente diferente a la anterior y con sentimiento [&hellip;]\" \/>\n<meta property=\"og:url\" content=\"https:\/\/zeromagazine.mx\/index.php\/2021\/11\/01\/jorge-blanco-nos-trae-bad-karma\/\" \/>\n<meta property=\"og:site_name\" content=\"Zero Magazine\" \/>\n<meta property=\"article:published_time\" content=\"2021-11-01T19:30:00+00:00\" \/>\n<meta name=\"author\" content=\"zeromagazinemx\" \/>\n<meta name=\"twitter:card\" content=\"summary_large_image\" \/>\n<meta name=\"twitter:label1\" content=\"Escrito por\" \/>\n\t<meta name=\"twitter:data1\" content=\"zeromagazinemx\" \/>\n\t<meta name=\"twitter:label2\" content=\"Tiempo de lectura\" \/>\n\t<meta name=\"twitter:data2\" content=\"5 minutos\" \/>\n<script type=\"application\/ld+json\" class=\"yoast-schema-graph\">{\"@context\":\"https:\\\/\\\/schema.org\",\"@graph\":[{\"@type\":\"Article\",\"@id\":\"https:\\\/\\\/zeromagazine.mx\\\/index.php\\\/2021\\\/11\\\/01\\\/jorge-blanco-nos-trae-bad-karma\\\/#article\",\"isPartOf\":{\"@id\":\"https:\\\/\\\/zeromagazine.mx\\\/index.php\\\/2021\\\/11\\\/01\\\/jorge-blanco-nos-trae-bad-karma\\\/\"},\"author\":{\"name\":\"zeromagazinemx\",\"@id\":\"https:\\\/\\\/zeromagazine.mx\\\/#\\\/schema\\\/person\\\/9aed9f33a7c39af3a348b86d723f7773\"},\"headline\":\"Jorge Blanco nos trae Bad Karma\",\"datePublished\":\"2021-11-01T19:30:00+00:00\",\"mainEntityOfPage\":{\"@id\":\"https:\\\/\\\/zeromagazine.mx\\\/index.php\\\/2021\\\/11\\\/01\\\/jorge-blanco-nos-trae-bad-karma\\\/\"},\"wordCount\":984,\"commentCount\":3,\"publisher\":{\"@id\":\"https:\\\/\\\/zeromagazine.mx\\\/#organization\"},\"image\":{\"@id\":\"https:\\\/\\\/zeromagazine.mx\\\/index.php\\\/2021\\\/11\\\/01\\\/jorge-blanco-nos-trae-bad-karma\\\/#primaryimage\"},\"thumbnailUrl\":\"\",\"keywords\":[\"Bad Karma\",\"Disney Plus\",\"Entrevistas\",\"High School Musical El Desaf\u00edo\",\"Hot Dam\",\"Jorge Blanco\",\"Pap\u00e1s por encargo\",\"Portada\",\"Revista\",\"Ron Da Error\",\"Violetta\"],\"articleSection\":[\"Entrevistas\",\"Portada\",\"Revista\"],\"inLanguage\":\"es\",\"potentialAction\":[{\"@type\":\"CommentAction\",\"name\":\"Comment\",\"target\":[\"https:\\\/\\\/zeromagazine.mx\\\/index.php\\\/2021\\\/11\\\/01\\\/jorge-blanco-nos-trae-bad-karma\\\/#respond\"]}]},{\"@type\":\"WebPage\",\"@id\":\"https:\\\/\\\/zeromagazine.mx\\\/index.php\\\/2021\\\/11\\\/01\\\/jorge-blanco-nos-trae-bad-karma\\\/\",\"url\":\"https:\\\/\\\/zeromagazine.mx\\\/index.php\\\/2021\\\/11\\\/01\\\/jorge-blanco-nos-trae-bad-karma\\\/\",\"name\":\"Jorge Blanco nos trae Bad Karma - Zero Magazine\",\"isPartOf\":{\"@id\":\"https:\\\/\\\/zeromagazine.mx\\\/#website\"},\"primaryImageOfPage\":{\"@id\":\"https:\\\/\\\/zeromagazine.mx\\\/index.php\\\/2021\\\/11\\\/01\\\/jorge-blanco-nos-trae-bad-karma\\\/#primaryimage\"},\"image\":{\"@id\":\"https:\\\/\\\/zeromagazine.mx\\\/index.php\\\/2021\\\/11\\\/01\\\/jorge-blanco-nos-trae-bad-karma\\\/#primaryimage\"},\"thumbnailUrl\":\"\",\"datePublished\":\"2021-11-01T19:30:00+00:00\",\"breadcrumb\":{\"@id\":\"https:\\\/\\\/zeromagazine.mx\\\/index.php\\\/2021\\\/11\\\/01\\\/jorge-blanco-nos-trae-bad-karma\\\/#breadcrumb\"},\"inLanguage\":\"es\",\"potentialAction\":[{\"@type\":\"ReadAction\",\"target\":[\"https:\\\/\\\/zeromagazine.mx\\\/index.php\\\/2021\\\/11\\\/01\\\/jorge-blanco-nos-trae-bad-karma\\\/\"]}]},{\"@type\":\"ImageObject\",\"inLanguage\":\"es\",\"@id\":\"https:\\\/\\\/zeromagazine.mx\\\/index.php\\\/2021\\\/11\\\/01\\\/jorge-blanco-nos-trae-bad-karma\\\/#primaryimage\",\"url\":\"\",\"contentUrl\":\"\"},{\"@type\":\"BreadcrumbList\",\"@id\":\"https:\\\/\\\/zeromagazine.mx\\\/index.php\\\/2021\\\/11\\\/01\\\/jorge-blanco-nos-trae-bad-karma\\\/#breadcrumb\",\"itemListElement\":[{\"@type\":\"ListItem\",\"position\":1,\"name\":\"Portada\",\"item\":\"https:\\\/\\\/zeromagazine.mx\\\/\"},{\"@type\":\"ListItem\",\"position\":2,\"name\":\"Jorge Blanco nos trae Bad Karma\"}]},{\"@type\":\"WebSite\",\"@id\":\"https:\\\/\\\/zeromagazine.mx\\\/#website\",\"url\":\"https:\\\/\\\/zeromagazine.mx\\\/\",\"name\":\"Zero Magazine\",\"description\":\"\",\"publisher\":{\"@id\":\"https:\\\/\\\/zeromagazine.mx\\\/#organization\"},\"potentialAction\":[{\"@type\":\"SearchAction\",\"target\":{\"@type\":\"EntryPoint\",\"urlTemplate\":\"https:\\\/\\\/zeromagazine.mx\\\/?s={search_term_string}\"},\"query-input\":{\"@type\":\"PropertyValueSpecification\",\"valueRequired\":true,\"valueName\":\"search_term_string\"}}],\"inLanguage\":\"es\"},{\"@type\":\"Organization\",\"@id\":\"https:\\\/\\\/zeromagazine.mx\\\/#organization\",\"name\":\"Zero Magazine\",\"url\":\"https:\\\/\\\/zeromagazine.mx\\\/\",\"logo\":{\"@type\":\"ImageObject\",\"inLanguage\":\"es\",\"@id\":\"https:\\\/\\\/zeromagazine.mx\\\/#\\\/schema\\\/logo\\\/image\\\/\",\"url\":\"https:\\\/\\\/i0.wp.com\\\/zeromagazine.mx\\\/wp-content\\\/uploads\\\/2025\\\/11\\\/1.jpeg?fit=1000%2C1000&ssl=1\",\"contentUrl\":\"https:\\\/\\\/i0.wp.com\\\/zeromagazine.mx\\\/wp-content\\\/uploads\\\/2025\\\/11\\\/1.jpeg?fit=1000%2C1000&ssl=1\",\"width\":1000,\"height\":1000,\"caption\":\"Zero Magazine\"},\"image\":{\"@id\":\"https:\\\/\\\/zeromagazine.mx\\\/#\\\/schema\\\/logo\\\/image\\\/\"},\"sameAs\":[\"https:\\\/\\\/instagram.com\\\/zeromagazinemx\"]},{\"@type\":\"Person\",\"@id\":\"https:\\\/\\\/zeromagazine.mx\\\/#\\\/schema\\\/person\\\/9aed9f33a7c39af3a348b86d723f7773\",\"name\":\"zeromagazinemx\",\"image\":{\"@type\":\"ImageObject\",\"inLanguage\":\"es\",\"@id\":\"https:\\\/\\\/zeromagazine.mx\\\/wp-content\\\/litespeed\\\/avatar\\\/f91dfe5410d5dcb1a576bf8c45983896.jpg?ver=1777571230\",\"url\":\"https:\\\/\\\/zeromagazine.mx\\\/wp-content\\\/litespeed\\\/avatar\\\/f91dfe5410d5dcb1a576bf8c45983896.jpg?ver=1777571230\",\"contentUrl\":\"https:\\\/\\\/zeromagazine.mx\\\/wp-content\\\/litespeed\\\/avatar\\\/f91dfe5410d5dcb1a576bf8c45983896.jpg?ver=1777571230\",\"caption\":\"zeromagazinemx\"},\"url\":\"https:\\\/\\\/zeromagazine.mx\\\/index.php\\\/author\\\/zeromagazinemx\\\/\"}]}<\/script>\n<!-- \/ Yoast SEO plugin. -->","yoast_head_json":{"title":"Jorge Blanco nos trae Bad Karma - Zero Magazine","robots":{"index":"index","follow":"follow","max-snippet":"max-snippet:-1","max-image-preview":"max-image-preview:large","max-video-preview":"max-video-preview:-1"},"canonical":"https:\/\/zeromagazine.mx\/index.php\/2021\/11\/01\/jorge-blanco-nos-trae-bad-karma\/","og_locale":"es_ES","og_type":"article","og_title":"Jorge Blanco nos trae Bad Karma - Zero Magazine","og_description":"El actor y cantante Jorge Blanco, a quien le recordamos por apariciones en Violetta, High School Musical El Desaf\u00edo, entre otras producciones, ha regresado al mundo musical. Tras el reciente hit Hot Dam presentado el pasado septiembre, un mes despu\u00e9s nos sorprende con Bad Karma, una canci\u00f3n completamente diferente a la anterior y con sentimiento [&hellip;]","og_url":"https:\/\/zeromagazine.mx\/index.php\/2021\/11\/01\/jorge-blanco-nos-trae-bad-karma\/","og_site_name":"Zero Magazine","article_published_time":"2021-11-01T19:30:00+00:00","author":"zeromagazinemx","twitter_card":"summary_large_image","twitter_misc":{"Escrito por":"zeromagazinemx","Tiempo de lectura":"5 minutos"},"schema":{"@context":"https:\/\/schema.org","@graph":[{"@type":"Article","@id":"https:\/\/zeromagazine.mx\/index.php\/2021\/11\/01\/jorge-blanco-nos-trae-bad-karma\/#article","isPartOf":{"@id":"https:\/\/zeromagazine.mx\/index.php\/2021\/11\/01\/jorge-blanco-nos-trae-bad-karma\/"},"author":{"name":"zeromagazinemx","@id":"https:\/\/zeromagazine.mx\/#\/schema\/person\/9aed9f33a7c39af3a348b86d723f7773"},"headline":"Jorge Blanco nos trae Bad Karma","datePublished":"2021-11-01T19:30:00+00:00","mainEntityOfPage":{"@id":"https:\/\/zeromagazine.mx\/index.php\/2021\/11\/01\/jorge-blanco-nos-trae-bad-karma\/"},"wordCount":984,"commentCount":3,"publisher":{"@id":"https:\/\/zeromagazine.mx\/#organization"},"image":{"@id":"https:\/\/zeromagazine.mx\/index.php\/2021\/11\/01\/jorge-blanco-nos-trae-bad-karma\/#primaryimage"},"thumbnailUrl":"","keywords":["Bad Karma","Disney Plus","Entrevistas","High School Musical El Desaf\u00edo","Hot Dam","Jorge Blanco","Pap\u00e1s por encargo","Portada","Revista","Ron Da Error","Violetta"],"articleSection":["Entrevistas","Portada","Revista"],"inLanguage":"es","potentialAction":[{"@type":"CommentAction","name":"Comment","target":["https:\/\/zeromagazine.mx\/index.php\/2021\/11\/01\/jorge-blanco-nos-trae-bad-karma\/#respond"]}]},{"@type":"WebPage","@id":"https:\/\/zeromagazine.mx\/index.php\/2021\/11\/01\/jorge-blanco-nos-trae-bad-karma\/","url":"https:\/\/zeromagazine.mx\/index.php\/2021\/11\/01\/jorge-blanco-nos-trae-bad-karma\/","name":"Jorge Blanco nos trae Bad Karma - Zero Magazine","isPartOf":{"@id":"https:\/\/zeromagazine.mx\/#website"},"primaryImageOfPage":{"@id":"https:\/\/zeromagazine.mx\/index.php\/2021\/11\/01\/jorge-blanco-nos-trae-bad-karma\/#primaryimage"},"image":{"@id":"https:\/\/zeromagazine.mx\/index.php\/2021\/11\/01\/jorge-blanco-nos-trae-bad-karma\/#primaryimage"},"thumbnailUrl":"","datePublished":"2021-11-01T19:30:00+00:00","breadcrumb":{"@id":"https:\/\/zeromagazine.mx\/index.php\/2021\/11\/01\/jorge-blanco-nos-trae-bad-karma\/#breadcrumb"},"inLanguage":"es","potentialAction":[{"@type":"ReadAction","target":["https:\/\/zeromagazine.mx\/index.php\/2021\/11\/01\/jorge-blanco-nos-trae-bad-karma\/"]}]},{"@type":"ImageObject","inLanguage":"es","@id":"https:\/\/zeromagazine.mx\/index.php\/2021\/11\/01\/jorge-blanco-nos-trae-bad-karma\/#primaryimage","url":"","contentUrl":""},{"@type":"BreadcrumbList","@id":"https:\/\/zeromagazine.mx\/index.php\/2021\/11\/01\/jorge-blanco-nos-trae-bad-karma\/#breadcrumb","itemListElement":[{"@type":"ListItem","position":1,"name":"Portada","item":"https:\/\/zeromagazine.mx\/"},{"@type":"ListItem","position":2,"name":"Jorge Blanco nos trae Bad Karma"}]},{"@type":"WebSite","@id":"https:\/\/zeromagazine.mx\/#website","url":"https:\/\/zeromagazine.mx\/","name":"Zero Magazine","description":"","publisher":{"@id":"https:\/\/zeromagazine.mx\/#organization"},"potentialAction":[{"@type":"SearchAction","target":{"@type":"EntryPoint","urlTemplate":"https:\/\/zeromagazine.mx\/?s={search_term_string}"},"query-input":{"@type":"PropertyValueSpecification","valueRequired":true,"valueName":"search_term_string"}}],"inLanguage":"es"},{"@type":"Organization","@id":"https:\/\/zeromagazine.mx\/#organization","name":"Zero Magazine","url":"https:\/\/zeromagazine.mx\/","logo":{"@type":"ImageObject","inLanguage":"es","@id":"https:\/\/zeromagazine.mx\/#\/schema\/logo\/image\/","url":"https:\/\/i0.wp.com\/zeromagazine.mx\/wp-content\/uploads\/2025\/11\/1.jpeg?fit=1000%2C1000&ssl=1","contentUrl":"https:\/\/i0.wp.com\/zeromagazine.mx\/wp-content\/uploads\/2025\/11\/1.jpeg?fit=1000%2C1000&ssl=1","width":1000,"height":1000,"caption":"Zero Magazine"},"image":{"@id":"https:\/\/zeromagazine.mx\/#\/schema\/logo\/image\/"},"sameAs":["https:\/\/instagram.com\/zeromagazinemx"]},{"@type":"Person","@id":"https:\/\/zeromagazine.mx\/#\/schema\/person\/9aed9f33a7c39af3a348b86d723f7773","name":"zeromagazinemx","image":{"@type":"ImageObject","inLanguage":"es","@id":"https:\/\/zeromagazine.mx\/wp-content\/litespeed\/avatar\/f91dfe5410d5dcb1a576bf8c45983896.jpg?ver=1777571230","url":"https:\/\/zeromagazine.mx\/wp-content\/litespeed\/avatar\/f91dfe5410d5dcb1a576bf8c45983896.jpg?ver=1777571230","contentUrl":"https:\/\/zeromagazine.mx\/wp-content\/litespeed\/avatar\/f91dfe5410d5dcb1a576bf8c45983896.jpg?ver=1777571230","caption":"zeromagazinemx"},"url":"https:\/\/zeromagazine.mx\/index.php\/author\/zeromagazinemx\/"}]}},"jetpack_publicize_connections":[],"jetpack_featured_media_url":"","jetpack-related-posts":[{"id":57467,"url":"https:\/\/zeromagazine.mx\/index.php\/2021\/11\/05\/jorge-blanco-nos-presenta-al-fin-su-sencillo-bad-karma\/","url_meta":{"origin":57128,"position":0},"title":"Jorge Blanco nos presenta al fin su sencillo \u2018Bad Karma\u2019","author":"zeromagazinemx","date":"5 de noviembre de 2021","format":false,"excerpt":"El artista multiplatino, con el que la mayor\u00eda de los j\u00f3venes crecimos viendo su paso televisivo, Jorge Blanco, estrena al fin su sencillo producido y grabado en el 2017, \u2018Bad Karma\u2019.\u00a0 https:\/\/www.instagram.com\/p\/CVmW5FcL8Ip\/?utm_medium=copy_link Por Kirya Hery Tras varios a\u00f1os en el que qued\u00f3 postergado, este sencillo oscuro y cr\u00edtico, fue escuchado\u2026","rel":"","context":"En \u00abEntretenimiento\u00bb","block_context":{"text":"Entretenimiento","link":"https:\/\/zeromagazine.mx\/index.php\/category\/entretenimiento\/"},"img":{"alt_text":"","src":"","width":0,"height":0},"classes":[]},{"id":49305,"url":"https:\/\/zeromagazine.mx\/index.php\/2021\/07\/03\/en-el-marco-del-mes-del-orgullo-high-school-musical-el-musical-la-serie-presento-una-celebracion-muy-especial\/","url_meta":{"origin":57128,"position":1},"title":"En el marco del Mes del Orgullo, High School Musical: El Musical, la serie present\u00f3 una celebraci\u00f3n muy especial","author":"zeromagazinemx","date":"3 de julio de 2021","format":false,"excerpt":"El mundo entero celebra en Junio el Mes del Orgullo, una conmemoraci\u00f3n en torno al D\u00eda Internacional del Orgullo (29 de Junio) y Disney se uni\u00f3 a este movimiento. Por Moises Kushelevich Disney+ emiti\u00f3 un episodio de High School Musical: El Musical: La serie, en donde los chicos de East\u2026","rel":"","context":"En \u00abEntretenimiento\u00bb","block_context":{"text":"Entretenimiento","link":"https:\/\/zeromagazine.mx\/index.php\/category\/entretenimiento\/"},"img":{"alt_text":"","src":"https:\/\/i0.wp.com\/zeromagazine.mx\/wp-content\/uploads\/2022\/02\/63cfe-image012.png?fit=555%2C448&ssl=1&resize=350%2C200","width":350,"height":200,"srcset":"https:\/\/i0.wp.com\/zeromagazine.mx\/wp-content\/uploads\/2022\/02\/63cfe-image012.png?fit=555%2C448&ssl=1&resize=350%2C200 1x, https:\/\/i0.wp.com\/zeromagazine.mx\/wp-content\/uploads\/2022\/02\/63cfe-image012.png?fit=555%2C448&ssl=1&resize=525%2C300 1.5x"},"classes":[]},{"id":115303,"url":"https:\/\/zeromagazine.mx\/index.php\/2026\/02\/13\/tu-y-yo-x-siempre-cancion-kenia-os\/","url_meta":{"origin":57128,"position":2},"title":"KENIA OS RELEASES \u201cT\u00da Y YO X SIEMPRE\u201dA SONG DEDICATED TO LOVE","author":"David Morales","date":"13 de febrero de 2026","format":false,"excerpt":"El pop latino sigue evolucionando, pero hay artistas que entienden perfecto c\u00f3mo conectar desde lo emocional sin perder frescura. Ese es justo el mood que trae\u00a0Kenia Os\u00a0en esta nueva etapa musical, donde el romance, la est\u00e9tica y la narrativa visual se mezclan para crear algo m\u00e1s que una simple canci\u00f3n.\u2026","rel":"","context":"En \u00abBlog\u00bb","block_context":{"text":"Blog","link":"https:\/\/zeromagazine.mx\/index.php\/category\/blog\/"},"img":{"alt_text":"","src":"https:\/\/i0.wp.com\/zeromagazine.mx\/wp-content\/uploads\/2026\/02\/Cover-Art-Photo-Credit-Alfredo-persan.jpeg?fit=1200%2C1200&ssl=1&resize=350%2C200","width":350,"height":200,"srcset":"https:\/\/i0.wp.com\/zeromagazine.mx\/wp-content\/uploads\/2026\/02\/Cover-Art-Photo-Credit-Alfredo-persan.jpeg?fit=1200%2C1200&ssl=1&resize=350%2C200 1x, https:\/\/i0.wp.com\/zeromagazine.mx\/wp-content\/uploads\/2026\/02\/Cover-Art-Photo-Credit-Alfredo-persan.jpeg?fit=1200%2C1200&ssl=1&resize=525%2C300 1.5x, https:\/\/i0.wp.com\/zeromagazine.mx\/wp-content\/uploads\/2026\/02\/Cover-Art-Photo-Credit-Alfredo-persan.jpeg?fit=1200%2C1200&ssl=1&resize=700%2C400 2x, https:\/\/i0.wp.com\/zeromagazine.mx\/wp-content\/uploads\/2026\/02\/Cover-Art-Photo-Credit-Alfredo-persan.jpeg?fit=1200%2C1200&ssl=1&resize=1050%2C600 3x"},"classes":[]},{"id":72778,"url":"https:\/\/zeromagazine.mx\/index.php\/2024\/03\/29\/bad-vendome-de-la-diversidad-musical-al-exito-regional\/","url_meta":{"origin":57128,"position":3},"title":"Bad Vendome: De la Diversidad Musical al \u00c9xito Regional","author":"zeromagazinemx","date":"29 de marzo de 2024","format":false,"excerpt":"Vamos a sumergirnos en el vibrante universo musical de Bad Vendome, compuesto por los talentosos hermanos Hollywood Hills y Julio Castillo. Desde sus inicios como solistas hasta la formaci\u00f3n de su exitoso d\u00fao en el g\u00e9nero regional mexicano, exploraremos los momentos decisivos, las influencias y los desaf\u00edos que han marcado\u2026","rel":"","context":"En \u00abBlog\u00bb","block_context":{"text":"Blog","link":"https:\/\/zeromagazine.mx\/index.php\/category\/blog\/"},"img":{"alt_text":"","src":"https:\/\/i0.wp.com\/zeromagazine.mx\/wp-content\/uploads\/2024\/03\/BV_15-scaled.jpg?fit=800%2C1200&ssl=1&resize=350%2C200","width":350,"height":200,"srcset":"https:\/\/i0.wp.com\/zeromagazine.mx\/wp-content\/uploads\/2024\/03\/BV_15-scaled.jpg?fit=800%2C1200&ssl=1&resize=350%2C200 1x, https:\/\/i0.wp.com\/zeromagazine.mx\/wp-content\/uploads\/2024\/03\/BV_15-scaled.jpg?fit=800%2C1200&ssl=1&resize=525%2C300 1.5x, https:\/\/i0.wp.com\/zeromagazine.mx\/wp-content\/uploads\/2024\/03\/BV_15-scaled.jpg?fit=800%2C1200&ssl=1&resize=700%2C400 2x"},"classes":[]},{"id":78690,"url":"https:\/\/zeromagazine.mx\/index.php\/2024\/06\/18\/radio-morras-celebrando-la-diversidad-musical\/","url_meta":{"origin":57128,"position":4},"title":"RADIO MORRAS: Celebrando la Diversidad Musical","author":"zeromagazinemx","date":"18 de junio de 2024","format":false,"excerpt":"El pr\u00f3ximo 20 de junio se llevar\u00e1 a cabo un evento que promete no solo buena m\u00fasica, sino tambi\u00e9n un mensaje de amor, diversidad y empoderamiento. RADIO MORRAS, un proyecto que re\u00fane a cuatro mujeres excepcionales de la escena musical independiente, tomar\u00e1 el escenario para celebrar su fuerza y talento.\u2026","rel":"","context":"En \u00abBlog\u00bb","block_context":{"text":"Blog","link":"https:\/\/zeromagazine.mx\/index.php\/category\/blog\/"},"img":{"alt_text":"","src":"https:\/\/i0.wp.com\/zeromagazine.mx\/wp-content\/uploads\/2024\/06\/Chao-Radio-Morras.jpg?fit=899%2C899&ssl=1&resize=350%2C200","width":350,"height":200,"srcset":"https:\/\/i0.wp.com\/zeromagazine.mx\/wp-content\/uploads\/2024\/06\/Chao-Radio-Morras.jpg?fit=899%2C899&ssl=1&resize=350%2C200 1x, https:\/\/i0.wp.com\/zeromagazine.mx\/wp-content\/uploads\/2024\/06\/Chao-Radio-Morras.jpg?fit=899%2C899&ssl=1&resize=525%2C300 1.5x, https:\/\/i0.wp.com\/zeromagazine.mx\/wp-content\/uploads\/2024\/06\/Chao-Radio-Morras.jpg?fit=899%2C899&ssl=1&resize=700%2C400 2x"},"classes":[]},{"id":92914,"url":"https:\/\/zeromagazine.mx\/index.php\/2024\/12\/11\/edo-de-la-paz-sanar-fluir-y-renacer-con-karma-bueno\/","url_meta":{"origin":57128,"position":5},"title":"Edo de La Paz: Sanar, Fluir y Renacer con Karma Bueno","author":"David Morales","date":"11 de diciembre de 2024","format":false,"excerpt":"Edoardo de La Paz es un ejemplo vivo de c\u00f3mo los momentos m\u00e1s oscuros pueden convertirse en el catalizador de los sue\u00f1os m\u00e1s brillantes. Desde la arquitectura hasta la m\u00fasica, su vida ha sido una b\u00fasqueda constante de sentido y conexi\u00f3n, marcada por giros inesperados que lo llevaron a descubrir\u2026","rel":"","context":"En \u00abEntrevistas\u00bb","block_context":{"text":"Entrevistas","link":"https:\/\/zeromagazine.mx\/index.php\/category\/entretenimiento\/entrevistas\/"},"img":{"alt_text":"","src":"https:\/\/i0.wp.com\/zeromagazine.mx\/wp-content\/uploads\/2024\/12\/IMG_2379-scaled.jpeg?fit=800%2C1200&ssl=1&resize=350%2C200","width":350,"height":200,"srcset":"https:\/\/i0.wp.com\/zeromagazine.mx\/wp-content\/uploads\/2024\/12\/IMG_2379-scaled.jpeg?fit=800%2C1200&ssl=1&resize=350%2C200 1x, https:\/\/i0.wp.com\/zeromagazine.mx\/wp-content\/uploads\/2024\/12\/IMG_2379-scaled.jpeg?fit=800%2C1200&ssl=1&resize=525%2C300 1.5x, https:\/\/i0.wp.com\/zeromagazine.mx\/wp-content\/uploads\/2024\/12\/IMG_2379-scaled.jpeg?fit=800%2C1200&ssl=1&resize=700%2C400 2x"},"classes":[]}],"jetpack_sharing_enabled":true,"builder_content":"","_links":{"self":[{"href":"https:\/\/zeromagazine.mx\/index.php\/wp-json\/wp\/v2\/posts\/57128","targetHints":{"allow":["GET"]}}],"collection":[{"href":"https:\/\/zeromagazine.mx\/index.php\/wp-json\/wp\/v2\/posts"}],"about":[{"href":"https:\/\/zeromagazine.mx\/index.php\/wp-json\/wp\/v2\/types\/post"}],"author":[{"embeddable":true,"href":"https:\/\/zeromagazine.mx\/index.php\/wp-json\/wp\/v2\/users\/2"}],"replies":[{"embeddable":true,"href":"https:\/\/zeromagazine.mx\/index.php\/wp-json\/wp\/v2\/comments?post=57128"}],"version-history":[{"count":0,"href":"https:\/\/zeromagazine.mx\/index.php\/wp-json\/wp\/v2\/posts\/57128\/revisions"}],"wp:featuredmedia":[{"embeddable":true,"href":"https:\/\/zeromagazine.mx\/index.php\/wp-json\/"}],"wp:attachment":[{"href":"https:\/\/zeromagazine.mx\/index.php\/wp-json\/wp\/v2\/media?parent=57128"}],"wp:term":[{"taxonomy":"category","embeddable":true,"href":"https:\/\/zeromagazine.mx\/index.php\/wp-json\/wp\/v2\/categories?post=57128"},{"taxonomy":"post_tag","embeddable":true,"href":"https:\/\/zeromagazine.mx\/index.php\/wp-json\/wp\/v2\/tags?post=57128"}],"curies":[{"name":"wp","href":"https:\/\/api.w.org\/{rel}","templated":true}]}}