{"id":57235,"date":"2021-11-02T08:00:00","date_gmt":"2021-11-02T14:00:00","guid":{"rendered":"https:\/\/atomic-temporary-84115225.wpcomstaging.com\/?p=57235"},"modified":"2021-11-02T08:00:00","modified_gmt":"2021-11-02T14:00:00","slug":"bea-khali-mantiene-la-tradicion-presente-con-el-adios","status":"publish","type":"post","link":"https:\/\/zeromagazine.mx\/index.php\/2021\/11\/02\/bea-khali-mantiene-la-tradicion-presente-con-el-adios\/","title":{"rendered":"Bea Khali mantiene la tradici\u00f3n presente con \u00abEl Adi\u00f3s\u00bb"},"content":{"rendered":"\n<p>Como dir\u00eda la c\u00e9lebre autora, <strong>Isabel Allende<\/strong>, \u2018<em>la muerte no existe, la gente solo muere cuando la olvidan\u2026 si puedes recordarme para siempre, estar\u00e9 contigo\u2019; <\/em>en estas fechas f\u00fanebres, la agrupaci\u00f3n mexicana <strong>Bea Khali <\/strong>nos canaliza las emociones con su nuevo sencillo: \u2018<strong>El adi\u00f3s<\/strong>\u2019.&nbsp;<\/p>\n\n\n\n<div class=\"wp-block-image coblocks-animate\"><figure class=\"aligncenter size-large\"><a href=\"https:\/\/i0.wp.com\/zeromagazinemx.wpcomstaging.com\/wp-content\/uploads\/2022\/02\/ed3c1-bea-khali-.jpg?ssl=1\"><img data-recalc-dims=\"1\" decoding=\"async\" src=\"https:\/\/i0.wp.com\/zeromagazinemx.wpcomstaging.com\/wp-content\/uploads\/2022\/02\/ed3c1-bea-khali-.jpg?w=1165&#038;ssl=1\" alt=\"\" class=\"wp-image-57237\" \/><\/a><\/figure><\/div>\n\n\n\n<div class=\"wp-block-buttons is-layout-flex wp-block-buttons-is-layout-flex\">\n<div class=\"wp-block-button is-style-outline is-style-outline--1\"><a class=\"wp-block-button__link\">Por Kirya Hery<\/a><\/div>\n<\/div>\n\n\n\n<p>Y es que, al hablar de un hasta luego nos llenamos de incertidumbre; el tratar de no ser olvidados, arremete contra nuestras esperanzas m\u00e1s all\u00e1 de la vida y sin lugar a duda, el querer quedarnos para siempre es una constante lucha.&nbsp;<\/p>\n\n\n\n<p>\u2018<strong>El adi\u00f3s<\/strong>\u2019, la canci\u00f3n que <strong>Bea Khali <\/strong>nos presenta refleja poco m\u00e1s que una simple semblanza emotiva hacia el respeto de la muerte, con un video especial el cual nos encadena a escuchar el sencillo una vez m\u00e1s; el sencillo se encuentra para ser dedicado por aquellos que ya no est\u00e1n.&nbsp;<\/p>\n\n\n\n<figure class=\"wp-block-embed aligncenter is-type-rich is-provider-instagram wp-block-embed-instagram\"><div class=\"wp-block-embed__wrapper\">\nhttps:\/\/www.instagram.com\/p\/CVt0znlLcax\/?utm_medium=copy_link\n<\/div><\/figure>\n\n\n\n<p>Con guitarras que nos ambientan a una atm\u00f3sfera on\u00edrica, una melod\u00eda melosa que implora \u2018<em>el adi\u00f3s, va a dejar tantas cosas, sin decir nada de nada\u2019\u2026<\/em><\/p>\n\n\n\n<p>\u00a1No te olvides de agregar esta canci\u00f3n en tu playlist favorita! De paso, te dejamos el video oficial para que lo disfrutes una vez m\u00e1s:<\/p>\n\n\n\n<figure class=\"wp-block-embed is-type-video is-provider-youtube wp-block-embed-youtube wp-embed-aspect-16-9 wp-has-aspect-ratio\"><div class=\"wp-block-embed__wrapper\">\n<div class=\"post-video\"><iframe title=\"Bea Khali - El Adi\u00f3s (Video Oficial)\" width=\"1165\" height=\"655\" src=\"https:\/\/www.youtube.com\/embed\/BDrbxaM7SIo?feature=oembed\" frameborder=\"0\" allow=\"accelerometer; autoplay; clipboard-write; encrypted-media; gyroscope; picture-in-picture; web-share\" allowfullscreen><\/iframe><\/div>\n<\/div><\/figure>\n\n\n\n<p class=\"has-text-align-center\"><strong>Sigue a Kirya\u200c \u200cHery\u200c:<\/strong><\/p>\n\n\n\n<p class=\"has-text-align-center\"><strong>Instagram: <\/strong><a href=\"https:\/\/www.instagram.com\/kiryahery\/\">@kiryahery<\/a><\/p>\n\n\n\n\n<!--themify_builder_content-->\n<div id=\"themify_builder_content-57235\" data-postid=\"57235\" class=\"themify_builder_content themify_builder_content-57235 themify_builder tf_clear\">\n    <\/div>\n<!--\/themify_builder_content-->\n","protected":false},"excerpt":{"rendered":"<p>Como dir\u00eda la c\u00e9lebre autora, Isabel Allende, \u2018la muerte no existe, la gente solo muere cuando la olvidan\u2026 si puedes recordarme para siempre, estar\u00e9 contigo\u2019; en estas fechas f\u00fanebres, la agrupaci\u00f3n mexicana Bea Khali nos canaliza las emociones con su nuevo sencillo: \u2018El adi\u00f3s\u2019.&nbsp; Y es que, al hablar de un hasta luego nos llenamos [&hellip;]<\/p>\n","protected":false},"author":2,"featured_media":0,"comment_status":"open","ping_status":"open","sticky":false,"template":"","format":"standard","meta":{"_jetpack_memberships_contains_paid_content":false,"footnotes":"","jetpack_publicize_message":"Bea Khali mantiene la tradici\u00f3n presente con \u2018El Adi\u00f3s\u2019 un sencillo que  canaliza las emociones.","jetpack_publicize_feature_enabled":true,"jetpack_social_post_already_shared":true,"jetpack_social_options":{"image_generator_settings":{"template":"highway","default_image_id":0,"font":"","enabled":false},"version":2}},"categories":[63,67],"tags":[6188,6189,6190],"class_list":["post-57235","post","type-post","status-publish","format-standard","hentry","category-lifestyle","category-moda","tag-bea-khali","tag-el-adios","tag-isabel-allende","has-post-title","has-post-date","has-post-category","has-post-tag","has-post-comment","has-post-author",""],"yoast_head":"<!-- This site is optimized with the Yoast SEO plugin v27.5 - https:\/\/yoast.com\/product\/yoast-seo-wordpress\/ -->\n<title>Bea Khali mantiene la tradici\u00f3n presente con &quot;El Adi\u00f3s&quot; - Zero Magazine<\/title>\n<meta name=\"robots\" content=\"index, follow, max-snippet:-1, max-image-preview:large, max-video-preview:-1\" \/>\n<link rel=\"canonical\" href=\"https:\/\/zeromagazine.mx\/index.php\/2021\/11\/02\/bea-khali-mantiene-la-tradicion-presente-con-el-adios\/\" \/>\n<meta property=\"og:locale\" content=\"es_ES\" \/>\n<meta property=\"og:type\" content=\"article\" \/>\n<meta property=\"og:title\" content=\"Bea Khali mantiene la tradici\u00f3n presente con &quot;El Adi\u00f3s&quot; - Zero Magazine\" \/>\n<meta property=\"og:description\" content=\"Como dir\u00eda la c\u00e9lebre autora, Isabel Allende, \u2018la muerte no existe, la gente solo muere cuando la olvidan\u2026 si puedes recordarme para siempre, estar\u00e9 contigo\u2019; en estas fechas f\u00fanebres, la agrupaci\u00f3n mexicana Bea Khali nos canaliza las emociones con su nuevo sencillo: \u2018El adi\u00f3s\u2019.&nbsp; Y es que, al hablar de un hasta luego nos llenamos [&hellip;]\" \/>\n<meta property=\"og:url\" content=\"https:\/\/zeromagazine.mx\/index.php\/2021\/11\/02\/bea-khali-mantiene-la-tradicion-presente-con-el-adios\/\" \/>\n<meta property=\"og:site_name\" content=\"Zero Magazine\" \/>\n<meta property=\"article:published_time\" content=\"2021-11-02T14:00:00+00:00\" \/>\n<meta property=\"og:image\" content=\"https:\/\/zeromagazinemx.wpcomstaging.com\/wp-content\/uploads\/2022\/02\/ed3c1-bea-khali-.jpg?w=1024&h=576\" \/>\n<meta name=\"author\" content=\"zeromagazinemx\" \/>\n<meta name=\"twitter:card\" content=\"summary_large_image\" \/>\n<meta name=\"twitter:label1\" content=\"Escrito por\" \/>\n\t<meta name=\"twitter:data1\" content=\"zeromagazinemx\" \/>\n\t<meta name=\"twitter:label2\" content=\"Tiempo de lectura\" \/>\n\t<meta name=\"twitter:data2\" content=\"1 minuto\" \/>\n<script type=\"application\/ld+json\" class=\"yoast-schema-graph\">{\"@context\":\"https:\\\/\\\/schema.org\",\"@graph\":[{\"@type\":\"Article\",\"@id\":\"https:\\\/\\\/zeromagazine.mx\\\/index.php\\\/2021\\\/11\\\/02\\\/bea-khali-mantiene-la-tradicion-presente-con-el-adios\\\/#article\",\"isPartOf\":{\"@id\":\"https:\\\/\\\/zeromagazine.mx\\\/index.php\\\/2021\\\/11\\\/02\\\/bea-khali-mantiene-la-tradicion-presente-con-el-adios\\\/\"},\"author\":{\"name\":\"zeromagazinemx\",\"@id\":\"https:\\\/\\\/zeromagazine.mx\\\/#\\\/schema\\\/person\\\/9aed9f33a7c39af3a348b86d723f7773\"},\"headline\":\"Bea Khali mantiene la tradici\u00f3n presente con \u00abEl Adi\u00f3s\u00bb\",\"datePublished\":\"2021-11-02T14:00:00+00:00\",\"mainEntityOfPage\":{\"@id\":\"https:\\\/\\\/zeromagazine.mx\\\/index.php\\\/2021\\\/11\\\/02\\\/bea-khali-mantiene-la-tradicion-presente-con-el-adios\\\/\"},\"wordCount\":247,\"commentCount\":0,\"publisher\":{\"@id\":\"https:\\\/\\\/zeromagazine.mx\\\/#organization\"},\"image\":{\"@id\":\"https:\\\/\\\/zeromagazine.mx\\\/index.php\\\/2021\\\/11\\\/02\\\/bea-khali-mantiene-la-tradicion-presente-con-el-adios\\\/#primaryimage\"},\"thumbnailUrl\":\"https:\\\/\\\/zeromagazinemx.wpcomstaging.com\\\/wp-content\\\/uploads\\\/2022\\\/02\\\/ed3c1-bea-khali-.jpg?w=1024&h=576\",\"keywords\":[\"Bea Khali\",\"El adi\u00f3s\",\"Isabel Allende\"],\"articleSection\":[\"Lifestyle\",\"Moda\"],\"inLanguage\":\"es\",\"potentialAction\":[{\"@type\":\"CommentAction\",\"name\":\"Comment\",\"target\":[\"https:\\\/\\\/zeromagazine.mx\\\/index.php\\\/2021\\\/11\\\/02\\\/bea-khali-mantiene-la-tradicion-presente-con-el-adios\\\/#respond\"]}]},{\"@type\":\"WebPage\",\"@id\":\"https:\\\/\\\/zeromagazine.mx\\\/index.php\\\/2021\\\/11\\\/02\\\/bea-khali-mantiene-la-tradicion-presente-con-el-adios\\\/\",\"url\":\"https:\\\/\\\/zeromagazine.mx\\\/index.php\\\/2021\\\/11\\\/02\\\/bea-khali-mantiene-la-tradicion-presente-con-el-adios\\\/\",\"name\":\"Bea Khali mantiene la tradici\u00f3n presente con \\\"El Adi\u00f3s\\\" - Zero Magazine\",\"isPartOf\":{\"@id\":\"https:\\\/\\\/zeromagazine.mx\\\/#website\"},\"primaryImageOfPage\":{\"@id\":\"https:\\\/\\\/zeromagazine.mx\\\/index.php\\\/2021\\\/11\\\/02\\\/bea-khali-mantiene-la-tradicion-presente-con-el-adios\\\/#primaryimage\"},\"image\":{\"@id\":\"https:\\\/\\\/zeromagazine.mx\\\/index.php\\\/2021\\\/11\\\/02\\\/bea-khali-mantiene-la-tradicion-presente-con-el-adios\\\/#primaryimage\"},\"thumbnailUrl\":\"https:\\\/\\\/zeromagazinemx.wpcomstaging.com\\\/wp-content\\\/uploads\\\/2022\\\/02\\\/ed3c1-bea-khali-.jpg?w=1024&h=576\",\"datePublished\":\"2021-11-02T14:00:00+00:00\",\"breadcrumb\":{\"@id\":\"https:\\\/\\\/zeromagazine.mx\\\/index.php\\\/2021\\\/11\\\/02\\\/bea-khali-mantiene-la-tradicion-presente-con-el-adios\\\/#breadcrumb\"},\"inLanguage\":\"es\",\"potentialAction\":[{\"@type\":\"ReadAction\",\"target\":[\"https:\\\/\\\/zeromagazine.mx\\\/index.php\\\/2021\\\/11\\\/02\\\/bea-khali-mantiene-la-tradicion-presente-con-el-adios\\\/\"]}]},{\"@type\":\"ImageObject\",\"inLanguage\":\"es\",\"@id\":\"https:\\\/\\\/zeromagazine.mx\\\/index.php\\\/2021\\\/11\\\/02\\\/bea-khali-mantiene-la-tradicion-presente-con-el-adios\\\/#primaryimage\",\"url\":\"https:\\\/\\\/zeromagazinemx.wpcomstaging.com\\\/wp-content\\\/uploads\\\/2022\\\/02\\\/ed3c1-bea-khali-.jpg?w=1024&h=576\",\"contentUrl\":\"https:\\\/\\\/zeromagazinemx.wpcomstaging.com\\\/wp-content\\\/uploads\\\/2022\\\/02\\\/ed3c1-bea-khali-.jpg?w=1024&h=576\"},{\"@type\":\"BreadcrumbList\",\"@id\":\"https:\\\/\\\/zeromagazine.mx\\\/index.php\\\/2021\\\/11\\\/02\\\/bea-khali-mantiene-la-tradicion-presente-con-el-adios\\\/#breadcrumb\",\"itemListElement\":[{\"@type\":\"ListItem\",\"position\":1,\"name\":\"Portada\",\"item\":\"https:\\\/\\\/zeromagazine.mx\\\/\"},{\"@type\":\"ListItem\",\"position\":2,\"name\":\"Bea Khali mantiene la tradici\u00f3n presente con \u00abEl Adi\u00f3s\u00bb\"}]},{\"@type\":\"WebSite\",\"@id\":\"https:\\\/\\\/zeromagazine.mx\\\/#website\",\"url\":\"https:\\\/\\\/zeromagazine.mx\\\/\",\"name\":\"Zero Magazine\",\"description\":\"\",\"publisher\":{\"@id\":\"https:\\\/\\\/zeromagazine.mx\\\/#organization\"},\"potentialAction\":[{\"@type\":\"SearchAction\",\"target\":{\"@type\":\"EntryPoint\",\"urlTemplate\":\"https:\\\/\\\/zeromagazine.mx\\\/?s={search_term_string}\"},\"query-input\":{\"@type\":\"PropertyValueSpecification\",\"valueRequired\":true,\"valueName\":\"search_term_string\"}}],\"inLanguage\":\"es\"},{\"@type\":\"Organization\",\"@id\":\"https:\\\/\\\/zeromagazine.mx\\\/#organization\",\"name\":\"Zero Magazine\",\"url\":\"https:\\\/\\\/zeromagazine.mx\\\/\",\"logo\":{\"@type\":\"ImageObject\",\"inLanguage\":\"es\",\"@id\":\"https:\\\/\\\/zeromagazine.mx\\\/#\\\/schema\\\/logo\\\/image\\\/\",\"url\":\"https:\\\/\\\/i0.wp.com\\\/zeromagazine.mx\\\/wp-content\\\/uploads\\\/2025\\\/11\\\/1.jpeg?fit=1000%2C1000&ssl=1\",\"contentUrl\":\"https:\\\/\\\/i0.wp.com\\\/zeromagazine.mx\\\/wp-content\\\/uploads\\\/2025\\\/11\\\/1.jpeg?fit=1000%2C1000&ssl=1\",\"width\":1000,\"height\":1000,\"caption\":\"Zero Magazine\"},\"image\":{\"@id\":\"https:\\\/\\\/zeromagazine.mx\\\/#\\\/schema\\\/logo\\\/image\\\/\"},\"sameAs\":[\"https:\\\/\\\/instagram.com\\\/zeromagazinemx\"]},{\"@type\":\"Person\",\"@id\":\"https:\\\/\\\/zeromagazine.mx\\\/#\\\/schema\\\/person\\\/9aed9f33a7c39af3a348b86d723f7773\",\"name\":\"zeromagazinemx\",\"image\":{\"@type\":\"ImageObject\",\"inLanguage\":\"es\",\"@id\":\"https:\\\/\\\/zeromagazine.mx\\\/wp-content\\\/litespeed\\\/avatar\\\/f91dfe5410d5dcb1a576bf8c45983896.jpg?ver=1777571230\",\"url\":\"https:\\\/\\\/zeromagazine.mx\\\/wp-content\\\/litespeed\\\/avatar\\\/f91dfe5410d5dcb1a576bf8c45983896.jpg?ver=1777571230\",\"contentUrl\":\"https:\\\/\\\/zeromagazine.mx\\\/wp-content\\\/litespeed\\\/avatar\\\/f91dfe5410d5dcb1a576bf8c45983896.jpg?ver=1777571230\",\"caption\":\"zeromagazinemx\"},\"url\":\"https:\\\/\\\/zeromagazine.mx\\\/index.php\\\/author\\\/zeromagazinemx\\\/\"}]}<\/script>\n<!-- \/ Yoast SEO plugin. -->","yoast_head_json":{"title":"Bea Khali mantiene la tradici\u00f3n presente con \"El Adi\u00f3s\" - Zero Magazine","robots":{"index":"index","follow":"follow","max-snippet":"max-snippet:-1","max-image-preview":"max-image-preview:large","max-video-preview":"max-video-preview:-1"},"canonical":"https:\/\/zeromagazine.mx\/index.php\/2021\/11\/02\/bea-khali-mantiene-la-tradicion-presente-con-el-adios\/","og_locale":"es_ES","og_type":"article","og_title":"Bea Khali mantiene la tradici\u00f3n presente con \"El Adi\u00f3s\" - Zero Magazine","og_description":"Como dir\u00eda la c\u00e9lebre autora, Isabel Allende, \u2018la muerte no existe, la gente solo muere cuando la olvidan\u2026 si puedes recordarme para siempre, estar\u00e9 contigo\u2019; en estas fechas f\u00fanebres, la agrupaci\u00f3n mexicana Bea Khali nos canaliza las emociones con su nuevo sencillo: \u2018El adi\u00f3s\u2019.&nbsp; Y es que, al hablar de un hasta luego nos llenamos [&hellip;]","og_url":"https:\/\/zeromagazine.mx\/index.php\/2021\/11\/02\/bea-khali-mantiene-la-tradicion-presente-con-el-adios\/","og_site_name":"Zero Magazine","article_published_time":"2021-11-02T14:00:00+00:00","og_image":[{"url":"https:\/\/zeromagazinemx.wpcomstaging.com\/wp-content\/uploads\/2022\/02\/ed3c1-bea-khali-.jpg?w=1024&h=576","type":"","width":"","height":""}],"author":"zeromagazinemx","twitter_card":"summary_large_image","twitter_misc":{"Escrito por":"zeromagazinemx","Tiempo de lectura":"1 minuto"},"schema":{"@context":"https:\/\/schema.org","@graph":[{"@type":"Article","@id":"https:\/\/zeromagazine.mx\/index.php\/2021\/11\/02\/bea-khali-mantiene-la-tradicion-presente-con-el-adios\/#article","isPartOf":{"@id":"https:\/\/zeromagazine.mx\/index.php\/2021\/11\/02\/bea-khali-mantiene-la-tradicion-presente-con-el-adios\/"},"author":{"name":"zeromagazinemx","@id":"https:\/\/zeromagazine.mx\/#\/schema\/person\/9aed9f33a7c39af3a348b86d723f7773"},"headline":"Bea Khali mantiene la tradici\u00f3n presente con \u00abEl Adi\u00f3s\u00bb","datePublished":"2021-11-02T14:00:00+00:00","mainEntityOfPage":{"@id":"https:\/\/zeromagazine.mx\/index.php\/2021\/11\/02\/bea-khali-mantiene-la-tradicion-presente-con-el-adios\/"},"wordCount":247,"commentCount":0,"publisher":{"@id":"https:\/\/zeromagazine.mx\/#organization"},"image":{"@id":"https:\/\/zeromagazine.mx\/index.php\/2021\/11\/02\/bea-khali-mantiene-la-tradicion-presente-con-el-adios\/#primaryimage"},"thumbnailUrl":"https:\/\/zeromagazinemx.wpcomstaging.com\/wp-content\/uploads\/2022\/02\/ed3c1-bea-khali-.jpg?w=1024&h=576","keywords":["Bea Khali","El adi\u00f3s","Isabel Allende"],"articleSection":["Lifestyle","Moda"],"inLanguage":"es","potentialAction":[{"@type":"CommentAction","name":"Comment","target":["https:\/\/zeromagazine.mx\/index.php\/2021\/11\/02\/bea-khali-mantiene-la-tradicion-presente-con-el-adios\/#respond"]}]},{"@type":"WebPage","@id":"https:\/\/zeromagazine.mx\/index.php\/2021\/11\/02\/bea-khali-mantiene-la-tradicion-presente-con-el-adios\/","url":"https:\/\/zeromagazine.mx\/index.php\/2021\/11\/02\/bea-khali-mantiene-la-tradicion-presente-con-el-adios\/","name":"Bea Khali mantiene la tradici\u00f3n presente con \"El Adi\u00f3s\" - Zero Magazine","isPartOf":{"@id":"https:\/\/zeromagazine.mx\/#website"},"primaryImageOfPage":{"@id":"https:\/\/zeromagazine.mx\/index.php\/2021\/11\/02\/bea-khali-mantiene-la-tradicion-presente-con-el-adios\/#primaryimage"},"image":{"@id":"https:\/\/zeromagazine.mx\/index.php\/2021\/11\/02\/bea-khali-mantiene-la-tradicion-presente-con-el-adios\/#primaryimage"},"thumbnailUrl":"https:\/\/zeromagazinemx.wpcomstaging.com\/wp-content\/uploads\/2022\/02\/ed3c1-bea-khali-.jpg?w=1024&h=576","datePublished":"2021-11-02T14:00:00+00:00","breadcrumb":{"@id":"https:\/\/zeromagazine.mx\/index.php\/2021\/11\/02\/bea-khali-mantiene-la-tradicion-presente-con-el-adios\/#breadcrumb"},"inLanguage":"es","potentialAction":[{"@type":"ReadAction","target":["https:\/\/zeromagazine.mx\/index.php\/2021\/11\/02\/bea-khali-mantiene-la-tradicion-presente-con-el-adios\/"]}]},{"@type":"ImageObject","inLanguage":"es","@id":"https:\/\/zeromagazine.mx\/index.php\/2021\/11\/02\/bea-khali-mantiene-la-tradicion-presente-con-el-adios\/#primaryimage","url":"https:\/\/zeromagazinemx.wpcomstaging.com\/wp-content\/uploads\/2022\/02\/ed3c1-bea-khali-.jpg?w=1024&h=576","contentUrl":"https:\/\/zeromagazinemx.wpcomstaging.com\/wp-content\/uploads\/2022\/02\/ed3c1-bea-khali-.jpg?w=1024&h=576"},{"@type":"BreadcrumbList","@id":"https:\/\/zeromagazine.mx\/index.php\/2021\/11\/02\/bea-khali-mantiene-la-tradicion-presente-con-el-adios\/#breadcrumb","itemListElement":[{"@type":"ListItem","position":1,"name":"Portada","item":"https:\/\/zeromagazine.mx\/"},{"@type":"ListItem","position":2,"name":"Bea Khali mantiene la tradici\u00f3n presente con \u00abEl Adi\u00f3s\u00bb"}]},{"@type":"WebSite","@id":"https:\/\/zeromagazine.mx\/#website","url":"https:\/\/zeromagazine.mx\/","name":"Zero Magazine","description":"","publisher":{"@id":"https:\/\/zeromagazine.mx\/#organization"},"potentialAction":[{"@type":"SearchAction","target":{"@type":"EntryPoint","urlTemplate":"https:\/\/zeromagazine.mx\/?s={search_term_string}"},"query-input":{"@type":"PropertyValueSpecification","valueRequired":true,"valueName":"search_term_string"}}],"inLanguage":"es"},{"@type":"Organization","@id":"https:\/\/zeromagazine.mx\/#organization","name":"Zero Magazine","url":"https:\/\/zeromagazine.mx\/","logo":{"@type":"ImageObject","inLanguage":"es","@id":"https:\/\/zeromagazine.mx\/#\/schema\/logo\/image\/","url":"https:\/\/i0.wp.com\/zeromagazine.mx\/wp-content\/uploads\/2025\/11\/1.jpeg?fit=1000%2C1000&ssl=1","contentUrl":"https:\/\/i0.wp.com\/zeromagazine.mx\/wp-content\/uploads\/2025\/11\/1.jpeg?fit=1000%2C1000&ssl=1","width":1000,"height":1000,"caption":"Zero Magazine"},"image":{"@id":"https:\/\/zeromagazine.mx\/#\/schema\/logo\/image\/"},"sameAs":["https:\/\/instagram.com\/zeromagazinemx"]},{"@type":"Person","@id":"https:\/\/zeromagazine.mx\/#\/schema\/person\/9aed9f33a7c39af3a348b86d723f7773","name":"zeromagazinemx","image":{"@type":"ImageObject","inLanguage":"es","@id":"https:\/\/zeromagazine.mx\/wp-content\/litespeed\/avatar\/f91dfe5410d5dcb1a576bf8c45983896.jpg?ver=1777571230","url":"https:\/\/zeromagazine.mx\/wp-content\/litespeed\/avatar\/f91dfe5410d5dcb1a576bf8c45983896.jpg?ver=1777571230","contentUrl":"https:\/\/zeromagazine.mx\/wp-content\/litespeed\/avatar\/f91dfe5410d5dcb1a576bf8c45983896.jpg?ver=1777571230","caption":"zeromagazinemx"},"url":"https:\/\/zeromagazine.mx\/index.php\/author\/zeromagazinemx\/"}]}},"jetpack_publicize_connections":[],"jetpack_featured_media_url":"","jetpack-related-posts":[{"id":115528,"url":"https:\/\/zeromagazine.mx\/index.php\/2026\/02\/17\/siete-veces-adios-protagonistas\/","url_meta":{"origin":57235,"position":0},"title":"Esmeralda Pimentel y Osvaldo Benavides, los nuevos protagonistas de Siete Veces Adi\u00f3s.","author":"David Morales","date":"17 de febrero de 2026","format":false,"excerpt":"El fen\u00f3meno teatral que convirti\u00f3 las rupturas amorosas en catarsis colectiva est\u00e1 de regreso con nueva energ\u00eda sobre el escenario.\u00a0Siete Veces Adi\u00f3s protagonistas\u00a0se renueva con la llegada de dos figuras querid\u00edsimas del cine y la TV mexicana:\u00a0Esmeralda Pimentel\u00a0y\u00a0Osvaldo Benavides, quienes toman el mando de esta historia que ha hecho llorar\u2026","rel":"","context":"En \u00abTeatro\u00bb","block_context":{"text":"Teatro","link":"https:\/\/zeromagazine.mx\/index.php\/category\/cultura\/teatro\/"},"img":{"alt_text":"","src":"https:\/\/i0.wp.com\/zeromagazine.mx\/wp-content\/uploads\/2026\/02\/IMG_1500-2.jpeg?fit=1200%2C866&ssl=1&resize=350%2C200","width":350,"height":200,"srcset":"https:\/\/i0.wp.com\/zeromagazine.mx\/wp-content\/uploads\/2026\/02\/IMG_1500-2.jpeg?fit=1200%2C866&ssl=1&resize=350%2C200 1x, https:\/\/i0.wp.com\/zeromagazine.mx\/wp-content\/uploads\/2026\/02\/IMG_1500-2.jpeg?fit=1200%2C866&ssl=1&resize=525%2C300 1.5x, https:\/\/i0.wp.com\/zeromagazine.mx\/wp-content\/uploads\/2026\/02\/IMG_1500-2.jpeg?fit=1200%2C866&ssl=1&resize=700%2C400 2x, https:\/\/i0.wp.com\/zeromagazine.mx\/wp-content\/uploads\/2026\/02\/IMG_1500-2.jpeg?fit=1200%2C866&ssl=1&resize=1050%2C600 3x"},"classes":[]},{"id":106318,"url":"https:\/\/zeromagazine.mx\/index.php\/2025\/06\/26\/adios-amor-pride\/","url_meta":{"origin":57235,"position":1},"title":"Adi\u00f3s Amor Pride: una drag night para soltar el drama con glitter","author":"David Morales","date":"26 de junio de 2025","format":false,"excerpt":"Amix, prep\u00e1rate para una noche de esas que sanan con glitter y m\u00fasica intensa. Si alguna vez lloraste por amor mientras sonaba Dulce, Amanda Miguel o Jos\u00e9 Jos\u00e9, esta es tu se\u00f1al para transformar esas l\u00e1grimas en brillo. \u201cAdi\u00f3s mi Amor\u201d se pone en modo Pride y trae una experiencia\u2026","rel":"","context":"En \u00abCultura\u00bb","block_context":{"text":"Cultura","link":"https:\/\/zeromagazine.mx\/index.php\/category\/cultura\/"},"img":{"alt_text":"","src":"https:\/\/i0.wp.com\/zeromagazine.mx\/wp-content\/uploads\/2025\/06\/Poster-Vertical.jpg?fit=960%2C1200&ssl=1&resize=350%2C200","width":350,"height":200,"srcset":"https:\/\/i0.wp.com\/zeromagazine.mx\/wp-content\/uploads\/2025\/06\/Poster-Vertical.jpg?fit=960%2C1200&ssl=1&resize=350%2C200 1x, https:\/\/i0.wp.com\/zeromagazine.mx\/wp-content\/uploads\/2025\/06\/Poster-Vertical.jpg?fit=960%2C1200&ssl=1&resize=525%2C300 1.5x, https:\/\/i0.wp.com\/zeromagazine.mx\/wp-content\/uploads\/2025\/06\/Poster-Vertical.jpg?fit=960%2C1200&ssl=1&resize=700%2C400 2x"},"classes":[]},{"id":76224,"url":"https:\/\/zeromagazine.mx\/index.php\/2024\/05\/20\/macarena-garcia-y-michael-ronda-en-siete-veces-adios\/","url_meta":{"origin":57235,"position":2},"title":"Macarena Garc\u00eda y Michael Ronda en Siete Veces Adi\u00f3s","author":"zeromagazinemx","date":"20 de mayo de 2024","format":false,"excerpt":"Quiero compartir con ustedes un evento realmente especial que tuvo lugar el pasado viernes en el Teatro Ramiro Jimenez. \u00bfEst\u00e1n listos para conocer m\u00e1s sobre el debut de Macarena Garc\u00eda y Michael Ronda en la obra \"Siete Veces Adi\u00f3s\"? Para empezar, es importante destacar la presencia de padrinos tan destacados\u2026","rel":"","context":"En \u00abEntretenimiento\u00bb","block_context":{"text":"Entretenimiento","link":"https:\/\/zeromagazine.mx\/index.php\/category\/entretenimiento\/"},"img":{"alt_text":"","src":"https:\/\/i0.wp.com\/zeromagazine.mx\/wp-content\/uploads\/2024\/05\/WhatsApp-Image-2024-05-20-at-11.31.23-1.jpeg?fit=1200%2C900&ssl=1&resize=350%2C200","width":350,"height":200,"srcset":"https:\/\/i0.wp.com\/zeromagazine.mx\/wp-content\/uploads\/2024\/05\/WhatsApp-Image-2024-05-20-at-11.31.23-1.jpeg?fit=1200%2C900&ssl=1&resize=350%2C200 1x, https:\/\/i0.wp.com\/zeromagazine.mx\/wp-content\/uploads\/2024\/05\/WhatsApp-Image-2024-05-20-at-11.31.23-1.jpeg?fit=1200%2C900&ssl=1&resize=525%2C300 1.5x, https:\/\/i0.wp.com\/zeromagazine.mx\/wp-content\/uploads\/2024\/05\/WhatsApp-Image-2024-05-20-at-11.31.23-1.jpeg?fit=1200%2C900&ssl=1&resize=700%2C400 2x, https:\/\/i0.wp.com\/zeromagazine.mx\/wp-content\/uploads\/2024\/05\/WhatsApp-Image-2024-05-20-at-11.31.23-1.jpeg?fit=1200%2C900&ssl=1&resize=1050%2C600 3x"},"classes":[]},{"id":70181,"url":"https:\/\/zeromagazine.mx\/index.php\/2024\/01\/04\/melodias-del-alma-siete-veces-adios-regresa\/","url_meta":{"origin":57235,"position":3},"title":"Melod\u00edas del Alma: Siete Veces Adi\u00f3s- \u00a1REGRESA!","author":"David Morales","date":"4 de enero de 2024","format":false,"excerpt":"\u00bfListos para sumergirse en una experiencia musical que revoluciona el concepto del amor en el siglo XXI? Prep\u00e1rense porque Siete Veces Adi\u00f3s regresa a la Ciudad de M\u00e9xico con una propuesta que nos hace reflexionar sobre las complejidades del coraz\u00f3n y las relaciones en nuestra era digital. Esta vez, el\u2026","rel":"","context":"En \u00abEntretenimiento\u00bb","block_context":{"text":"Entretenimiento","link":"https:\/\/zeromagazine.mx\/index.php\/category\/entretenimiento\/"},"img":{"alt_text":"","src":"https:\/\/i0.wp.com\/zeromagazine.mx\/wp-content\/uploads\/2024\/01\/sietevecesadios7.webp?fit=525%2C700&ssl=1&resize=350%2C200","width":350,"height":200,"srcset":"https:\/\/i0.wp.com\/zeromagazine.mx\/wp-content\/uploads\/2024\/01\/sietevecesadios7.webp?fit=525%2C700&ssl=1&resize=350%2C200 1x, https:\/\/i0.wp.com\/zeromagazine.mx\/wp-content\/uploads\/2024\/01\/sietevecesadios7.webp?fit=525%2C700&ssl=1&resize=525%2C300 1.5x"},"classes":[]},{"id":113721,"url":"https:\/\/zeromagazine.mx\/index.php\/2026\/01\/19\/alfonso-herrera-la-casa-de-los-espiritus\/","url_meta":{"origin":57235,"position":4},"title":"Alfonso Herrera y un cl\u00e1sico que regresa con fuerza","author":"zeromagazinemx","date":"19 de enero de 2026","format":false,"excerpt":"Hay carreras que evolucionan, y luego est\u00e1 la de Alfonso Herrera, que se reinventa proyecto tras proyecto sin perder profundidad. Este 2026 marca un nuevo momento clave con su participaci\u00f3n en La casa de los esp\u00edritus, la ambiciosa serie de Prime Video basada en la novela de Isabel Allende que\u2026","rel":"","context":"En \u00abCine\u00bb","block_context":{"text":"Cine","link":"https:\/\/zeromagazine.mx\/index.php\/category\/entretenimiento\/cine\/"},"img":{"alt_text":"","src":"https:\/\/i0.wp.com\/zeromagazine.mx\/wp-content\/uploads\/2026\/01\/unnamed-7.jpg?fit=960%2C1200&ssl=1&resize=350%2C200","width":350,"height":200,"srcset":"https:\/\/i0.wp.com\/zeromagazine.mx\/wp-content\/uploads\/2026\/01\/unnamed-7.jpg?fit=960%2C1200&ssl=1&resize=350%2C200 1x, https:\/\/i0.wp.com\/zeromagazine.mx\/wp-content\/uploads\/2026\/01\/unnamed-7.jpg?fit=960%2C1200&ssl=1&resize=525%2C300 1.5x, https:\/\/i0.wp.com\/zeromagazine.mx\/wp-content\/uploads\/2026\/01\/unnamed-7.jpg?fit=960%2C1200&ssl=1&resize=700%2C400 2x"},"classes":[]},{"id":83329,"url":"https:\/\/zeromagazine.mx\/index.php\/2024\/09\/06\/siete-veces-adios-regresa-ya\/","url_meta":{"origin":57235,"position":5},"title":"\u00ab\u00a1Siete Veces Adi\u00f3s Regresa YA!\u00bb","author":"zeromagazinemx","date":"6 de septiembre de 2024","format":false,"excerpt":"\u00a1Hola a tod@s! \u00bfEst\u00e1n listos para una noticia que les va a hacer saltar de emoci\u00f3n? \u00a1S\u00ed, lo adivinaron!\u00a0Siete veces Adi\u00f3s, el musical mexicano que ha sido un mega hit, regresa en su nueva gira por M\u00e9xico. Y no es cualquier regreso, \u00a1sino con el creador del show, Alan Estrada,\u2026","rel":"","context":"En \u00abCultura\u00bb","block_context":{"text":"Cultura","link":"https:\/\/zeromagazine.mx\/index.php\/category\/cultura\/"},"img":{"alt_text":"","src":"https:\/\/i0.wp.com\/zeromagazine.mx\/wp-content\/uploads\/2024\/09\/7VA-MTY-Maca-y-Mike.jpg?fit=963%2C1200&ssl=1&resize=350%2C200","width":350,"height":200,"srcset":"https:\/\/i0.wp.com\/zeromagazine.mx\/wp-content\/uploads\/2024\/09\/7VA-MTY-Maca-y-Mike.jpg?fit=963%2C1200&ssl=1&resize=350%2C200 1x, https:\/\/i0.wp.com\/zeromagazine.mx\/wp-content\/uploads\/2024\/09\/7VA-MTY-Maca-y-Mike.jpg?fit=963%2C1200&ssl=1&resize=525%2C300 1.5x, https:\/\/i0.wp.com\/zeromagazine.mx\/wp-content\/uploads\/2024\/09\/7VA-MTY-Maca-y-Mike.jpg?fit=963%2C1200&ssl=1&resize=700%2C400 2x"},"classes":[]}],"jetpack_sharing_enabled":true,"builder_content":"","_links":{"self":[{"href":"https:\/\/zeromagazine.mx\/index.php\/wp-json\/wp\/v2\/posts\/57235","targetHints":{"allow":["GET"]}}],"collection":[{"href":"https:\/\/zeromagazine.mx\/index.php\/wp-json\/wp\/v2\/posts"}],"about":[{"href":"https:\/\/zeromagazine.mx\/index.php\/wp-json\/wp\/v2\/types\/post"}],"author":[{"embeddable":true,"href":"https:\/\/zeromagazine.mx\/index.php\/wp-json\/wp\/v2\/users\/2"}],"replies":[{"embeddable":true,"href":"https:\/\/zeromagazine.mx\/index.php\/wp-json\/wp\/v2\/comments?post=57235"}],"version-history":[{"count":0,"href":"https:\/\/zeromagazine.mx\/index.php\/wp-json\/wp\/v2\/posts\/57235\/revisions"}],"wp:attachment":[{"href":"https:\/\/zeromagazine.mx\/index.php\/wp-json\/wp\/v2\/media?parent=57235"}],"wp:term":[{"taxonomy":"category","embeddable":true,"href":"https:\/\/zeromagazine.mx\/index.php\/wp-json\/wp\/v2\/categories?post=57235"},{"taxonomy":"post_tag","embeddable":true,"href":"https:\/\/zeromagazine.mx\/index.php\/wp-json\/wp\/v2\/tags?post=57235"}],"curies":[{"name":"wp","href":"https:\/\/api.w.org\/{rel}","templated":true}]}}