{"id":57403,"date":"2021-11-05T09:30:00","date_gmt":"2021-11-05T15:30:00","guid":{"rendered":"https:\/\/atomic-temporary-84115225.wpcomstaging.com\/?p=57403"},"modified":"2021-11-05T09:30:00","modified_gmt":"2021-11-05T15:30:00","slug":"gallery-weekend-2021","status":"publish","type":"post","link":"https:\/\/zeromagazine.mx\/index.php\/2021\/11\/05\/gallery-weekend-2021\/","title":{"rendered":"Gallery Weekend 2021"},"content":{"rendered":"\n<p><strong>Gallery Weekend<\/strong>, en <strong>Galer\u00eda L <\/strong>se unen para abrir nuevamente sus puertas en esta edici\u00f3n 2021 donde podremos encontrar un programa totalmente lleno de arte desde el proyecto <em>rotante <\/em>que sirve para difundir nuevos talentos emergentes desde <strong>Artsy<\/strong>.&nbsp;&nbsp;<\/p>\n\n\n\n<figure class=\"wp-block-embed aligncenter is-type-rich is-provider-instagram wp-block-embed-instagram\"><div class=\"wp-block-embed__wrapper\">\nhttps:\/\/www.instagram.com\/p\/CVvvQn8vz5a\/?utm_medium=copy_link\n<\/div><\/figure>\n\n\n\n<div class=\"wp-block-buttons is-layout-flex wp-block-buttons-is-layout-flex\">\n<div class=\"wp-block-button is-style-outline is-style-outline--1\"><a class=\"wp-block-button__link\">Por Luis Lechuga<\/a><\/div>\n<\/div>\n\n\n\n<p>Para todos los amantes del arte, se presenta una cita muy importante este viernes 5 de noviembre al domingo 7 de noviembre donde podremos ver una exhibici\u00f3n de arte desde <em><strong>Ensayos desde el Tr\u00f3pico<\/strong><\/em>, donde contamos con talento potencial como de <em><strong>Imanol Castro, Jaime Ru\u00edz Mart\u00ednez<\/strong> y <strong>Josu\u00e9 Morales<\/strong>, <\/em>desde una perspectiva totalmente desde un eje tem\u00e1tico en com\u00fan y donde, el cuestionamiento social en el proceso del colonialismo en <strong>M\u00e9xico<\/strong>, es una de sus vertientes importantes y principales.&nbsp;<\/p>\n\n\n\n<p><strong>Imanol Castro<\/strong> nos presenta su pieza <em>\u201c<strong>El tufo de un perro cubierto de cal\u201d<\/strong> <\/em>donde podemos observar una interpretaci\u00f3n magnifica donde te transmite una sensaci\u00f3n del sol como azote, simplemente metaf\u00f3rica del cacique, colonizadora y llena de poder, as\u00ed como de regulaci\u00f3n.&nbsp;<\/p>\n\n\n\n<div class=\"wp-block-image coblocks-animate\"><figure class=\"aligncenter size-full is-resized\"><a href=\"https:\/\/i0.wp.com\/zeromagazinemx.wpcomstaging.com\/wp-content\/uploads\/2022\/02\/e9d69-gallery-weekend-2021-1.jpg?ssl=1\"><img data-recalc-dims=\"1\" decoding=\"async\" src=\"https:\/\/i0.wp.com\/zeromagazinemx.wpcomstaging.com\/wp-content\/uploads\/2022\/02\/e9d69-gallery-weekend-2021-1.jpg?resize=741%2C793&#038;ssl=1\" alt=\"\" class=\"wp-image-57408\" width=\"741\" height=\"793\" \/><\/a><\/figure><\/div>\n\n\n\n\n\n<p><strong>Jaime Ru\u00edz Mart\u00ednez<\/strong> nos presenta una exposici\u00f3n sin precedentes, titulada, <em>\u201c<strong>Mantener hegemon\u00edas ha sido mi vicio y mi virtud<\/strong>\u201d <\/em>y <em>\u201c<strong>Apuntes para\/de\/sobre mantener hegemon\u00edas<\/strong>\u201d, <\/em>donde es presentada desde la exploraci\u00f3n cat\u00e1rtica y la misma coexistencia; un viaje mucho m\u00e1s introspectivo donde nos presentan una vista rural y urbana, la transculturalidad y la apropiaci\u00f3n de la misma.&nbsp;<\/p>\n\n\n\n<div class=\"wp-block-image coblocks-animate\"><figure class=\"aligncenter\"><img decoding=\"async\" src=\"https:\/\/lh6.googleusercontent.com\/l2GBcE8Xr6MUMdibW5teAkV66Aek3m42RBesjFOqWzKckUWQKwlJ2w94YCB50Epnej3vkJEeMNK5Uji-RCik_6YodkisaU6v2gw_Vw7W7z_Sg9XUf9lvQ1wmk8qPOqNma4rS_7bF\" alt=\"\" \/><\/figure><\/div>\n\n\n\n<p><strong>Josu\u00e9 Morales Bernal<\/strong> nos presenta su obra <em>\u201c<strong>Hijo de la Nada<\/strong>\u201d <\/em>donde es una perspectiva totalmente interrogante desde el hecho que es una dificultad del mexicano para identificarse como ind\u00edgena, espa\u00f1ol o mestizo y todos los diferentes procesos circunstanciales de esta construcci\u00f3n \u201csocial\u201d.&nbsp;<\/p>\n\n\n\n<div class=\"wp-block-image coblocks-animate\"><figure class=\"aligncenter size-full is-resized\"><a href=\"https:\/\/i0.wp.com\/zeromagazinemx.wpcomstaging.com\/wp-content\/uploads\/2022\/02\/2bb70-gallery-weekend-1.jpg?ssl=1\"><img data-recalc-dims=\"1\" decoding=\"async\" src=\"https:\/\/i0.wp.com\/zeromagazinemx.wpcomstaging.com\/wp-content\/uploads\/2022\/02\/2bb70-gallery-weekend-1.jpg?resize=740%2C571&#038;ssl=1\" alt=\"\" class=\"wp-image-57409\" width=\"740\" height=\"571\" \/><\/a><\/figure><\/div>\n\n\n\n\n\n<p>Sin duda alguna estos proyectos no solamente est\u00e1n llenos de diferentes t\u00e9cnicas para su creaci\u00f3n, sino llenos de experiencias, inspiraci\u00f3n y contemplaci\u00f3n.&nbsp;<\/p>\n\n\n\n<p><strong>Galer\u00eda L<\/strong>, unicada en Alfonso Reyes 216, hip\u00f3dromo, Cuauht\u00e9moc, abrir\u00e1 sus puertas durante el <strong>Gallery Weekend <\/strong>de viernes a s\u00e1bado de 11 am a 7 pm y el domingo de 11 am a 5 pm, despu\u00e9s permanecer\u00e1 abierta de martes a viernes de 11 am a 7 pm y el s\u00e1bado de 11 am a 4 pm.&nbsp;<\/p>\n\n\n\n<p class=\"has-text-align-center\"><strong>Sigue a Luis Lechuga en:<\/strong><\/p>\n\n\n\n<p class=\"has-text-align-center\"><strong>Instagram<\/strong>: <a href=\"https:\/\/instagram.com\/lechuga.ra?utm_medium=copy_link\">@lechuga.ra<\/a><\/p>\n\n\n\n\n<!--themify_builder_content-->\n<div id=\"themify_builder_content-57403\" data-postid=\"57403\" class=\"themify_builder_content themify_builder_content-57403 themify_builder tf_clear\">\n    <\/div>\n<!--\/themify_builder_content-->\n","protected":false},"excerpt":{"rendered":"<p>Gallery Weekend, en Galer\u00eda L se unen para abrir nuevamente sus puertas en esta edici\u00f3n 2021 donde podremos encontrar un programa totalmente lleno de arte desde el proyecto rotante que sirve para difundir nuevos talentos emergentes desde Artsy.&nbsp;&nbsp; Para todos los amantes del arte, se presenta una cita muy importante este viernes 5 de noviembre [&hellip;]<\/p>\n","protected":false},"author":2,"featured_media":57407,"comment_status":"open","ping_status":"open","sticky":false,"template":"","format":"standard","meta":{"_jetpack_memberships_contains_paid_content":false,"footnotes":"","jetpack_publicize_message":"Galer\u00eda L abre nuevamente sus puertas en esta edici\u00f3n 2021 con exhibiciones de Imanol Castro, Jaime Ru\u00edz Mart\u00ednez y Josu\u00e9 Morales","jetpack_publicize_feature_enabled":true,"jetpack_social_post_already_shared":true,"jetpack_social_options":{"image_generator_settings":{"template":"highway","default_image_id":0,"font":"","enabled":false},"version":2}},"categories":[117],"tags":[6237,6238,6239,6240,6241,6242,6243,144],"class_list":["post-57403","post","type-post","status-publish","format-standard","has-post-thumbnail","hentry","category-entretenimiento","tag-artsy","tag-galeria-l","tag-gallery-weekend","tag-imanol-castro","tag-jaime-ruiz-martinez","tag-josue-morales","tag-josue-morales-bernal","tag-mexico","has-post-title","has-post-date","has-post-category","has-post-tag","has-post-comment","has-post-author",""],"yoast_head":"<!-- This site is optimized with the Yoast SEO plugin v27.5 - https:\/\/yoast.com\/product\/yoast-seo-wordpress\/ -->\n<title>Gallery Weekend 2021 - Zero Magazine<\/title>\n<meta name=\"robots\" content=\"index, follow, max-snippet:-1, max-image-preview:large, max-video-preview:-1\" \/>\n<link rel=\"canonical\" href=\"https:\/\/zeromagazine.mx\/index.php\/2021\/11\/05\/gallery-weekend-2021\/\" \/>\n<meta property=\"og:locale\" content=\"es_ES\" \/>\n<meta property=\"og:type\" content=\"article\" \/>\n<meta property=\"og:title\" content=\"Gallery Weekend 2021 - Zero Magazine\" \/>\n<meta property=\"og:description\" content=\"Gallery Weekend, en Galer\u00eda L se unen para abrir nuevamente sus puertas en esta edici\u00f3n 2021 donde podremos encontrar un programa totalmente lleno de arte desde el proyecto rotante que sirve para difundir nuevos talentos emergentes desde Artsy.&nbsp;&nbsp; Para todos los amantes del arte, se presenta una cita muy importante este viernes 5 de noviembre [&hellip;]\" \/>\n<meta property=\"og:url\" content=\"https:\/\/zeromagazine.mx\/index.php\/2021\/11\/05\/gallery-weekend-2021\/\" \/>\n<meta property=\"og:site_name\" content=\"Zero Magazine\" \/>\n<meta property=\"article:published_time\" content=\"2021-11-05T15:30:00+00:00\" \/>\n<meta name=\"author\" content=\"zeromagazinemx\" \/>\n<meta name=\"twitter:card\" content=\"summary_large_image\" \/>\n<meta name=\"twitter:label1\" content=\"Escrito por\" \/>\n\t<meta name=\"twitter:data1\" content=\"zeromagazinemx\" \/>\n\t<meta name=\"twitter:label2\" content=\"Tiempo de lectura\" \/>\n\t<meta name=\"twitter:data2\" content=\"2 minutos\" \/>\n<script type=\"application\/ld+json\" class=\"yoast-schema-graph\">{\"@context\":\"https:\\\/\\\/schema.org\",\"@graph\":[{\"@type\":\"Article\",\"@id\":\"https:\\\/\\\/zeromagazine.mx\\\/index.php\\\/2021\\\/11\\\/05\\\/gallery-weekend-2021\\\/#article\",\"isPartOf\":{\"@id\":\"https:\\\/\\\/zeromagazine.mx\\\/index.php\\\/2021\\\/11\\\/05\\\/gallery-weekend-2021\\\/\"},\"author\":{\"name\":\"zeromagazinemx\",\"@id\":\"https:\\\/\\\/zeromagazine.mx\\\/#\\\/schema\\\/person\\\/9aed9f33a7c39af3a348b86d723f7773\"},\"headline\":\"Gallery Weekend 2021\",\"datePublished\":\"2021-11-05T15:30:00+00:00\",\"mainEntityOfPage\":{\"@id\":\"https:\\\/\\\/zeromagazine.mx\\\/index.php\\\/2021\\\/11\\\/05\\\/gallery-weekend-2021\\\/\"},\"wordCount\":396,\"commentCount\":0,\"publisher\":{\"@id\":\"https:\\\/\\\/zeromagazine.mx\\\/#organization\"},\"image\":{\"@id\":\"https:\\\/\\\/zeromagazine.mx\\\/index.php\\\/2021\\\/11\\\/05\\\/gallery-weekend-2021\\\/#primaryimage\"},\"thumbnailUrl\":\"\",\"keywords\":[\"Artsy\",\"Galer\u00eda L\",\"Gallery Weekend\",\"Imanol Castro\",\"Jaime Ru\u00edz Mart\u00ednez\",\"Josu\u00e9 Morales\",\"Josu\u00e9 Morales Bernal\",\"M\u00c9XICO\"],\"articleSection\":[\"Entretenimiento\"],\"inLanguage\":\"es\",\"potentialAction\":[{\"@type\":\"CommentAction\",\"name\":\"Comment\",\"target\":[\"https:\\\/\\\/zeromagazine.mx\\\/index.php\\\/2021\\\/11\\\/05\\\/gallery-weekend-2021\\\/#respond\"]}]},{\"@type\":\"WebPage\",\"@id\":\"https:\\\/\\\/zeromagazine.mx\\\/index.php\\\/2021\\\/11\\\/05\\\/gallery-weekend-2021\\\/\",\"url\":\"https:\\\/\\\/zeromagazine.mx\\\/index.php\\\/2021\\\/11\\\/05\\\/gallery-weekend-2021\\\/\",\"name\":\"Gallery Weekend 2021 - Zero Magazine\",\"isPartOf\":{\"@id\":\"https:\\\/\\\/zeromagazine.mx\\\/#website\"},\"primaryImageOfPage\":{\"@id\":\"https:\\\/\\\/zeromagazine.mx\\\/index.php\\\/2021\\\/11\\\/05\\\/gallery-weekend-2021\\\/#primaryimage\"},\"image\":{\"@id\":\"https:\\\/\\\/zeromagazine.mx\\\/index.php\\\/2021\\\/11\\\/05\\\/gallery-weekend-2021\\\/#primaryimage\"},\"thumbnailUrl\":\"\",\"datePublished\":\"2021-11-05T15:30:00+00:00\",\"breadcrumb\":{\"@id\":\"https:\\\/\\\/zeromagazine.mx\\\/index.php\\\/2021\\\/11\\\/05\\\/gallery-weekend-2021\\\/#breadcrumb\"},\"inLanguage\":\"es\",\"potentialAction\":[{\"@type\":\"ReadAction\",\"target\":[\"https:\\\/\\\/zeromagazine.mx\\\/index.php\\\/2021\\\/11\\\/05\\\/gallery-weekend-2021\\\/\"]}]},{\"@type\":\"ImageObject\",\"inLanguage\":\"es\",\"@id\":\"https:\\\/\\\/zeromagazine.mx\\\/index.php\\\/2021\\\/11\\\/05\\\/gallery-weekend-2021\\\/#primaryimage\",\"url\":\"\",\"contentUrl\":\"\"},{\"@type\":\"BreadcrumbList\",\"@id\":\"https:\\\/\\\/zeromagazine.mx\\\/index.php\\\/2021\\\/11\\\/05\\\/gallery-weekend-2021\\\/#breadcrumb\",\"itemListElement\":[{\"@type\":\"ListItem\",\"position\":1,\"name\":\"Portada\",\"item\":\"https:\\\/\\\/zeromagazine.mx\\\/\"},{\"@type\":\"ListItem\",\"position\":2,\"name\":\"Gallery Weekend 2021\"}]},{\"@type\":\"WebSite\",\"@id\":\"https:\\\/\\\/zeromagazine.mx\\\/#website\",\"url\":\"https:\\\/\\\/zeromagazine.mx\\\/\",\"name\":\"Zero Magazine\",\"description\":\"\",\"publisher\":{\"@id\":\"https:\\\/\\\/zeromagazine.mx\\\/#organization\"},\"potentialAction\":[{\"@type\":\"SearchAction\",\"target\":{\"@type\":\"EntryPoint\",\"urlTemplate\":\"https:\\\/\\\/zeromagazine.mx\\\/?s={search_term_string}\"},\"query-input\":{\"@type\":\"PropertyValueSpecification\",\"valueRequired\":true,\"valueName\":\"search_term_string\"}}],\"inLanguage\":\"es\"},{\"@type\":\"Organization\",\"@id\":\"https:\\\/\\\/zeromagazine.mx\\\/#organization\",\"name\":\"Zero Magazine\",\"url\":\"https:\\\/\\\/zeromagazine.mx\\\/\",\"logo\":{\"@type\":\"ImageObject\",\"inLanguage\":\"es\",\"@id\":\"https:\\\/\\\/zeromagazine.mx\\\/#\\\/schema\\\/logo\\\/image\\\/\",\"url\":\"https:\\\/\\\/i0.wp.com\\\/zeromagazine.mx\\\/wp-content\\\/uploads\\\/2025\\\/11\\\/1.jpeg?fit=1000%2C1000&ssl=1\",\"contentUrl\":\"https:\\\/\\\/i0.wp.com\\\/zeromagazine.mx\\\/wp-content\\\/uploads\\\/2025\\\/11\\\/1.jpeg?fit=1000%2C1000&ssl=1\",\"width\":1000,\"height\":1000,\"caption\":\"Zero Magazine\"},\"image\":{\"@id\":\"https:\\\/\\\/zeromagazine.mx\\\/#\\\/schema\\\/logo\\\/image\\\/\"},\"sameAs\":[\"https:\\\/\\\/instagram.com\\\/zeromagazinemx\"]},{\"@type\":\"Person\",\"@id\":\"https:\\\/\\\/zeromagazine.mx\\\/#\\\/schema\\\/person\\\/9aed9f33a7c39af3a348b86d723f7773\",\"name\":\"zeromagazinemx\",\"image\":{\"@type\":\"ImageObject\",\"inLanguage\":\"es\",\"@id\":\"https:\\\/\\\/zeromagazine.mx\\\/wp-content\\\/litespeed\\\/avatar\\\/f91dfe5410d5dcb1a576bf8c45983896.jpg?ver=1777571230\",\"url\":\"https:\\\/\\\/zeromagazine.mx\\\/wp-content\\\/litespeed\\\/avatar\\\/f91dfe5410d5dcb1a576bf8c45983896.jpg?ver=1777571230\",\"contentUrl\":\"https:\\\/\\\/zeromagazine.mx\\\/wp-content\\\/litespeed\\\/avatar\\\/f91dfe5410d5dcb1a576bf8c45983896.jpg?ver=1777571230\",\"caption\":\"zeromagazinemx\"},\"url\":\"https:\\\/\\\/zeromagazine.mx\\\/index.php\\\/author\\\/zeromagazinemx\\\/\"}]}<\/script>\n<!-- \/ Yoast SEO plugin. -->","yoast_head_json":{"title":"Gallery Weekend 2021 - Zero Magazine","robots":{"index":"index","follow":"follow","max-snippet":"max-snippet:-1","max-image-preview":"max-image-preview:large","max-video-preview":"max-video-preview:-1"},"canonical":"https:\/\/zeromagazine.mx\/index.php\/2021\/11\/05\/gallery-weekend-2021\/","og_locale":"es_ES","og_type":"article","og_title":"Gallery Weekend 2021 - Zero Magazine","og_description":"Gallery Weekend, en Galer\u00eda L se unen para abrir nuevamente sus puertas en esta edici\u00f3n 2021 donde podremos encontrar un programa totalmente lleno de arte desde el proyecto rotante que sirve para difundir nuevos talentos emergentes desde Artsy.&nbsp;&nbsp; Para todos los amantes del arte, se presenta una cita muy importante este viernes 5 de noviembre [&hellip;]","og_url":"https:\/\/zeromagazine.mx\/index.php\/2021\/11\/05\/gallery-weekend-2021\/","og_site_name":"Zero Magazine","article_published_time":"2021-11-05T15:30:00+00:00","author":"zeromagazinemx","twitter_card":"summary_large_image","twitter_misc":{"Escrito por":"zeromagazinemx","Tiempo de lectura":"2 minutos"},"schema":{"@context":"https:\/\/schema.org","@graph":[{"@type":"Article","@id":"https:\/\/zeromagazine.mx\/index.php\/2021\/11\/05\/gallery-weekend-2021\/#article","isPartOf":{"@id":"https:\/\/zeromagazine.mx\/index.php\/2021\/11\/05\/gallery-weekend-2021\/"},"author":{"name":"zeromagazinemx","@id":"https:\/\/zeromagazine.mx\/#\/schema\/person\/9aed9f33a7c39af3a348b86d723f7773"},"headline":"Gallery Weekend 2021","datePublished":"2021-11-05T15:30:00+00:00","mainEntityOfPage":{"@id":"https:\/\/zeromagazine.mx\/index.php\/2021\/11\/05\/gallery-weekend-2021\/"},"wordCount":396,"commentCount":0,"publisher":{"@id":"https:\/\/zeromagazine.mx\/#organization"},"image":{"@id":"https:\/\/zeromagazine.mx\/index.php\/2021\/11\/05\/gallery-weekend-2021\/#primaryimage"},"thumbnailUrl":"","keywords":["Artsy","Galer\u00eda L","Gallery Weekend","Imanol Castro","Jaime Ru\u00edz Mart\u00ednez","Josu\u00e9 Morales","Josu\u00e9 Morales Bernal","M\u00c9XICO"],"articleSection":["Entretenimiento"],"inLanguage":"es","potentialAction":[{"@type":"CommentAction","name":"Comment","target":["https:\/\/zeromagazine.mx\/index.php\/2021\/11\/05\/gallery-weekend-2021\/#respond"]}]},{"@type":"WebPage","@id":"https:\/\/zeromagazine.mx\/index.php\/2021\/11\/05\/gallery-weekend-2021\/","url":"https:\/\/zeromagazine.mx\/index.php\/2021\/11\/05\/gallery-weekend-2021\/","name":"Gallery Weekend 2021 - Zero Magazine","isPartOf":{"@id":"https:\/\/zeromagazine.mx\/#website"},"primaryImageOfPage":{"@id":"https:\/\/zeromagazine.mx\/index.php\/2021\/11\/05\/gallery-weekend-2021\/#primaryimage"},"image":{"@id":"https:\/\/zeromagazine.mx\/index.php\/2021\/11\/05\/gallery-weekend-2021\/#primaryimage"},"thumbnailUrl":"","datePublished":"2021-11-05T15:30:00+00:00","breadcrumb":{"@id":"https:\/\/zeromagazine.mx\/index.php\/2021\/11\/05\/gallery-weekend-2021\/#breadcrumb"},"inLanguage":"es","potentialAction":[{"@type":"ReadAction","target":["https:\/\/zeromagazine.mx\/index.php\/2021\/11\/05\/gallery-weekend-2021\/"]}]},{"@type":"ImageObject","inLanguage":"es","@id":"https:\/\/zeromagazine.mx\/index.php\/2021\/11\/05\/gallery-weekend-2021\/#primaryimage","url":"","contentUrl":""},{"@type":"BreadcrumbList","@id":"https:\/\/zeromagazine.mx\/index.php\/2021\/11\/05\/gallery-weekend-2021\/#breadcrumb","itemListElement":[{"@type":"ListItem","position":1,"name":"Portada","item":"https:\/\/zeromagazine.mx\/"},{"@type":"ListItem","position":2,"name":"Gallery Weekend 2021"}]},{"@type":"WebSite","@id":"https:\/\/zeromagazine.mx\/#website","url":"https:\/\/zeromagazine.mx\/","name":"Zero Magazine","description":"","publisher":{"@id":"https:\/\/zeromagazine.mx\/#organization"},"potentialAction":[{"@type":"SearchAction","target":{"@type":"EntryPoint","urlTemplate":"https:\/\/zeromagazine.mx\/?s={search_term_string}"},"query-input":{"@type":"PropertyValueSpecification","valueRequired":true,"valueName":"search_term_string"}}],"inLanguage":"es"},{"@type":"Organization","@id":"https:\/\/zeromagazine.mx\/#organization","name":"Zero Magazine","url":"https:\/\/zeromagazine.mx\/","logo":{"@type":"ImageObject","inLanguage":"es","@id":"https:\/\/zeromagazine.mx\/#\/schema\/logo\/image\/","url":"https:\/\/i0.wp.com\/zeromagazine.mx\/wp-content\/uploads\/2025\/11\/1.jpeg?fit=1000%2C1000&ssl=1","contentUrl":"https:\/\/i0.wp.com\/zeromagazine.mx\/wp-content\/uploads\/2025\/11\/1.jpeg?fit=1000%2C1000&ssl=1","width":1000,"height":1000,"caption":"Zero Magazine"},"image":{"@id":"https:\/\/zeromagazine.mx\/#\/schema\/logo\/image\/"},"sameAs":["https:\/\/instagram.com\/zeromagazinemx"]},{"@type":"Person","@id":"https:\/\/zeromagazine.mx\/#\/schema\/person\/9aed9f33a7c39af3a348b86d723f7773","name":"zeromagazinemx","image":{"@type":"ImageObject","inLanguage":"es","@id":"https:\/\/zeromagazine.mx\/wp-content\/litespeed\/avatar\/f91dfe5410d5dcb1a576bf8c45983896.jpg?ver=1777571230","url":"https:\/\/zeromagazine.mx\/wp-content\/litespeed\/avatar\/f91dfe5410d5dcb1a576bf8c45983896.jpg?ver=1777571230","contentUrl":"https:\/\/zeromagazine.mx\/wp-content\/litespeed\/avatar\/f91dfe5410d5dcb1a576bf8c45983896.jpg?ver=1777571230","caption":"zeromagazinemx"},"url":"https:\/\/zeromagazine.mx\/index.php\/author\/zeromagazinemx\/"}]}},"jetpack_publicize_connections":[],"jetpack_featured_media_url":"","jetpack-related-posts":[{"id":101278,"url":"https:\/\/zeromagazine.mx\/index.php\/2025\/04\/11\/tendencia-weekend-extenders\/","url_meta":{"origin":57403,"position":0},"title":"Tendencia Weekend Extenders","author":"David Morales","date":"11 de abril de 2025","format":false,"excerpt":"Amix, \u00bfte imaginas estar en la playita con un drink en mano mientras cumples con el chamba-mode desde tu compu? Pues ese sue\u00f1o ya es una realidad gracias a una tendencia que la est\u00e1 rompiendo: los Weekend Extenders. O sea, esos fines de semana extendidos que arman lxs chicxs de\u2026","rel":"","context":"En \u00abLifestyle\u00bb","block_context":{"text":"Lifestyle","link":"https:\/\/zeromagazine.mx\/index.php\/category\/lifestyle\/"},"img":{"alt_text":"","src":"https:\/\/i0.wp.com\/zeromagazine.mx\/wp-content\/uploads\/2025\/04\/Accor-Weekend-Extenders.jpg?fit=1200%2C801&ssl=1&resize=350%2C200","width":350,"height":200,"srcset":"https:\/\/i0.wp.com\/zeromagazine.mx\/wp-content\/uploads\/2025\/04\/Accor-Weekend-Extenders.jpg?fit=1200%2C801&ssl=1&resize=350%2C200 1x, https:\/\/i0.wp.com\/zeromagazine.mx\/wp-content\/uploads\/2025\/04\/Accor-Weekend-Extenders.jpg?fit=1200%2C801&ssl=1&resize=525%2C300 1.5x, https:\/\/i0.wp.com\/zeromagazine.mx\/wp-content\/uploads\/2025\/04\/Accor-Weekend-Extenders.jpg?fit=1200%2C801&ssl=1&resize=700%2C400 2x, https:\/\/i0.wp.com\/zeromagazine.mx\/wp-content\/uploads\/2025\/04\/Accor-Weekend-Extenders.jpg?fit=1200%2C801&ssl=1&resize=1050%2C600 3x"},"classes":[]},{"id":86501,"url":"https:\/\/zeromagazine.mx\/index.php\/2024\/10\/14\/bahidora-vibe-musica-y-naturaleza\/","url_meta":{"origin":57403,"position":1},"title":"\u00abBahidor\u00e1: Vibe, M\u00fasica y Naturaleza\u00bb","author":"zeromagazinemx","date":"14 de octubre de 2024","format":false,"excerpt":"Desde hace m\u00e1s de una d\u00e9cada, Bahidor\u00e1 ha dejado huella en la escena cultural de M\u00e9xico, y no es solo un festival, es una experiencia que vibra y resuena en el coraz\u00f3n de quienes han tenido la suerte de vivirlo. Este a\u00f1o, del 14 al 16 de febrero de 2025,\u2026","rel":"","context":"En \u00abEntretenimiento\u00bb","block_context":{"text":"Entretenimiento","link":"https:\/\/zeromagazine.mx\/index.php\/category\/entretenimiento\/"},"img":{"alt_text":"","src":"https:\/\/i0.wp.com\/zeromagazine.mx\/wp-content\/uploads\/2024\/10\/unnamed-33.jpg?fit=1200%2C800&ssl=1&resize=350%2C200","width":350,"height":200,"srcset":"https:\/\/i0.wp.com\/zeromagazine.mx\/wp-content\/uploads\/2024\/10\/unnamed-33.jpg?fit=1200%2C800&ssl=1&resize=350%2C200 1x, https:\/\/i0.wp.com\/zeromagazine.mx\/wp-content\/uploads\/2024\/10\/unnamed-33.jpg?fit=1200%2C800&ssl=1&resize=525%2C300 1.5x, https:\/\/i0.wp.com\/zeromagazine.mx\/wp-content\/uploads\/2024\/10\/unnamed-33.jpg?fit=1200%2C800&ssl=1&resize=700%2C400 2x, https:\/\/i0.wp.com\/zeromagazine.mx\/wp-content\/uploads\/2024\/10\/unnamed-33.jpg?fit=1200%2C800&ssl=1&resize=1050%2C600 3x"},"classes":[]},{"id":74776,"url":"https:\/\/zeromagazine.mx\/index.php\/2024\/04\/24\/arte-y-cultura-en-los-cabos\/","url_meta":{"origin":57403,"position":2},"title":"Arte y Cultura en Los Cabos","author":"zeromagazinemx","date":"24 de abril de 2024","format":false,"excerpt":"La \u00faltima colaboraci\u00f3n entre el Hotel Viceroy Los Cabos y la Galer\u00eda DeCoraz\u00f3n M\u00e9xico, es algo completamente \u00fanico. \u00a1Es una oportunidad para sumergirse en la rica cultura de Oaxaca mientras disfrutas del hermoso paisaje de San Jos\u00e9 del Cabo en Baja California! Ahora, echa un vistazo a lo que est\u00e1\u2026","rel":"","context":"En \u00abBlog\u00bb","block_context":{"text":"Blog","link":"https:\/\/zeromagazine.mx\/index.php\/category\/blog\/"},"img":{"alt_text":"","src":"https:\/\/i0.wp.com\/zeromagazine.mx\/wp-content\/uploads\/2024\/04\/Captura-de-pantalla-598.png?fit=774%2C517&ssl=1&resize=350%2C200","width":350,"height":200,"srcset":"https:\/\/i0.wp.com\/zeromagazine.mx\/wp-content\/uploads\/2024\/04\/Captura-de-pantalla-598.png?fit=774%2C517&ssl=1&resize=350%2C200 1x, https:\/\/i0.wp.com\/zeromagazine.mx\/wp-content\/uploads\/2024\/04\/Captura-de-pantalla-598.png?fit=774%2C517&ssl=1&resize=525%2C300 1.5x, https:\/\/i0.wp.com\/zeromagazine.mx\/wp-content\/uploads\/2024\/04\/Captura-de-pantalla-598.png?fit=774%2C517&ssl=1&resize=700%2C400 2x"},"classes":[]},{"id":92700,"url":"https:\/\/zeromagazine.mx\/index.php\/2024\/12\/10\/bahidora-2025-musica-epica\/","url_meta":{"origin":57403,"position":3},"title":"Bahidor\u00e1 2025: m\u00fasica \u00e9pica","author":"zeromagazinemx","date":"10 de diciembre de 2024","format":false,"excerpt":"Bahidor\u00e1 2025 El festival Bahidor\u00e1 2025 regresa del\u00a014 al 16 de febrero\u00a0a Las Estacas, Morelos, con su vibra m\u00e1gica y un\u00a0line-up de otro nivel: KAYTRANADA, Floating Points, Ezra Collective y hasta Los Askis se unen para darnos un fiest\u00f3n que mezcla g\u00e9neros y generaciones. Pero wait... \u00a1Esto no es solo\u2026","rel":"","context":"En \u00abEntretenimiento\u00bb","block_context":{"text":"Entretenimiento","link":"https:\/\/zeromagazine.mx\/index.php\/category\/entretenimiento\/"},"img":{"alt_text":"","src":"https:\/\/i0.wp.com\/zeromagazine.mx\/wp-content\/uploads\/2024\/12\/BAHIDORA-2024_0217_191144-1967_TATAN.jpg?fit=1200%2C792&ssl=1&resize=350%2C200","width":350,"height":200,"srcset":"https:\/\/i0.wp.com\/zeromagazine.mx\/wp-content\/uploads\/2024\/12\/BAHIDORA-2024_0217_191144-1967_TATAN.jpg?fit=1200%2C792&ssl=1&resize=350%2C200 1x, https:\/\/i0.wp.com\/zeromagazine.mx\/wp-content\/uploads\/2024\/12\/BAHIDORA-2024_0217_191144-1967_TATAN.jpg?fit=1200%2C792&ssl=1&resize=525%2C300 1.5x, https:\/\/i0.wp.com\/zeromagazine.mx\/wp-content\/uploads\/2024\/12\/BAHIDORA-2024_0217_191144-1967_TATAN.jpg?fit=1200%2C792&ssl=1&resize=700%2C400 2x, https:\/\/i0.wp.com\/zeromagazine.mx\/wp-content\/uploads\/2024\/12\/BAHIDORA-2024_0217_191144-1967_TATAN.jpg?fit=1200%2C792&ssl=1&resize=1050%2C600 3x"},"classes":[]},{"id":96603,"url":"https:\/\/zeromagazine.mx\/index.php\/2025\/02\/13\/mejores-escapadas-romanticas\/","url_meta":{"origin":57403,"position":4},"title":"Escapadas Rom\u00e1nticas para Momentos Inolvidables","author":"David Morales","date":"13 de febrero de 2025","format":false,"excerpt":"Si ya andas en mood romanticx y quieres sorprender a tu media naranja con un plan que se salga de lo com\u00fan, checa estas escapadas rom\u00e1nticas que te van a hacer suspirar. Porque amix, el 14 de febrero no tiene que ser la misma cena cursi de siempre; mejor, arma\u2026","rel":"","context":"En \u00abBlog\u00bb","block_context":{"text":"Blog","link":"https:\/\/zeromagazine.mx\/index.php\/category\/blog\/"},"img":{"alt_text":"","src":"https:\/\/i0.wp.com\/zeromagazine.mx\/wp-content\/uploads\/2025\/02\/San-Valentine-.png?fit=541%2C540&ssl=1&resize=350%2C200","width":350,"height":200,"srcset":"https:\/\/i0.wp.com\/zeromagazine.mx\/wp-content\/uploads\/2025\/02\/San-Valentine-.png?fit=541%2C540&ssl=1&resize=350%2C200 1x, https:\/\/i0.wp.com\/zeromagazine.mx\/wp-content\/uploads\/2025\/02\/San-Valentine-.png?fit=541%2C540&ssl=1&resize=525%2C300 1.5x"},"classes":[]},{"id":83641,"url":"https:\/\/zeromagazine.mx\/index.php\/2024\/09\/11\/luminova-tour-show-futurista\/","url_meta":{"origin":57403,"position":5},"title":"Luminova Tour: Show Futurista","author":"zeromagazinemx","date":"11 de septiembre de 2024","format":false,"excerpt":"Chicxs, si cre\u00edan que ya hab\u00edamos visto todo en el mundo de la m\u00fasica este a\u00f1o, pues d\u00e9jenme decirles que no mis cielxs. Karol Sevilla est\u00e1 m\u00e1s imparable que nunca y viene a romperla con su \"Luminova Tour\". \u00bfSe imaginan estar ah\u00ed, vibrando con una producci\u00f3n que promete ser \u00e9pica,\u2026","rel":"","context":"En \u00abEntretenimiento\u00bb","block_context":{"text":"Entretenimiento","link":"https:\/\/zeromagazine.mx\/index.php\/category\/entretenimiento\/"},"img":{"alt_text":"","src":"https:\/\/i0.wp.com\/zeromagazine.mx\/wp-content\/uploads\/2024\/09\/PORTADA-NOTAS-2024-06-17T151905.464.jpg?fit=1200%2C676&ssl=1&resize=350%2C200","width":350,"height":200,"srcset":"https:\/\/i0.wp.com\/zeromagazine.mx\/wp-content\/uploads\/2024\/09\/PORTADA-NOTAS-2024-06-17T151905.464.jpg?fit=1200%2C676&ssl=1&resize=350%2C200 1x, https:\/\/i0.wp.com\/zeromagazine.mx\/wp-content\/uploads\/2024\/09\/PORTADA-NOTAS-2024-06-17T151905.464.jpg?fit=1200%2C676&ssl=1&resize=525%2C300 1.5x, https:\/\/i0.wp.com\/zeromagazine.mx\/wp-content\/uploads\/2024\/09\/PORTADA-NOTAS-2024-06-17T151905.464.jpg?fit=1200%2C676&ssl=1&resize=700%2C400 2x, https:\/\/i0.wp.com\/zeromagazine.mx\/wp-content\/uploads\/2024\/09\/PORTADA-NOTAS-2024-06-17T151905.464.jpg?fit=1200%2C676&ssl=1&resize=1050%2C600 3x"},"classes":[]}],"jetpack_sharing_enabled":true,"builder_content":"","_links":{"self":[{"href":"https:\/\/zeromagazine.mx\/index.php\/wp-json\/wp\/v2\/posts\/57403","targetHints":{"allow":["GET"]}}],"collection":[{"href":"https:\/\/zeromagazine.mx\/index.php\/wp-json\/wp\/v2\/posts"}],"about":[{"href":"https:\/\/zeromagazine.mx\/index.php\/wp-json\/wp\/v2\/types\/post"}],"author":[{"embeddable":true,"href":"https:\/\/zeromagazine.mx\/index.php\/wp-json\/wp\/v2\/users\/2"}],"replies":[{"embeddable":true,"href":"https:\/\/zeromagazine.mx\/index.php\/wp-json\/wp\/v2\/comments?post=57403"}],"version-history":[{"count":0,"href":"https:\/\/zeromagazine.mx\/index.php\/wp-json\/wp\/v2\/posts\/57403\/revisions"}],"wp:featuredmedia":[{"embeddable":true,"href":"https:\/\/zeromagazine.mx\/index.php\/wp-json\/"}],"wp:attachment":[{"href":"https:\/\/zeromagazine.mx\/index.php\/wp-json\/wp\/v2\/media?parent=57403"}],"wp:term":[{"taxonomy":"category","embeddable":true,"href":"https:\/\/zeromagazine.mx\/index.php\/wp-json\/wp\/v2\/categories?post=57403"},{"taxonomy":"post_tag","embeddable":true,"href":"https:\/\/zeromagazine.mx\/index.php\/wp-json\/wp\/v2\/tags?post=57403"}],"curies":[{"name":"wp","href":"https:\/\/api.w.org\/{rel}","templated":true}]}}