{"id":57451,"date":"2021-11-05T12:30:00","date_gmt":"2021-11-05T18:30:00","guid":{"rendered":"https:\/\/atomic-temporary-84115225.wpcomstaging.com\/?p=57451"},"modified":"2021-11-05T12:30:00","modified_gmt":"2021-11-05T18:30:00","slug":"plumas-la-exhibicion-individual-de-deborah-kruger-inaugurara-una-nueva-sala-dentro-de-la-galeria-prpgmx","status":"publish","type":"post","link":"https:\/\/zeromagazine.mx\/index.php\/2021\/11\/05\/plumas-la-exhibicion-individual-de-deborah-kruger-inaugurara-una-nueva-sala-dentro-de-la-galeria-prpgmx\/","title":{"rendered":"Plumas, la exhibici\u00f3n individual de Deborah Kruger inaugurar\u00e1 una nueva sala dentro de la galer\u00eda PRPGmx"},"content":{"rendered":"\n<p>Deborah, quien cuenta con una larga lista expositiva en <strong>M\u00e9xico <\/strong>y <strong>Estados Unidos<\/strong> desde los a\u00f1os ochenta, debutara su serie m\u00e1s reciente en la <strong>Ciudad de M\u00e9xico<\/strong>.<\/p>\n\n\n\n<div class=\"wp-block-image coblocks-animate\"><figure class=\"aligncenter size-full is-resized\"><a href=\"https:\/\/i0.wp.com\/zeromagazinemx.wpcomstaging.com\/wp-content\/uploads\/2022\/02\/5519d-deborah-kruger.png?ssl=1\"><img data-recalc-dims=\"1\" decoding=\"async\" src=\"https:\/\/i0.wp.com\/zeromagazinemx.wpcomstaging.com\/wp-content\/uploads\/2022\/02\/5519d-deborah-kruger.png?resize=737%2C486&#038;ssl=1\" alt=\"\" class=\"wp-image-57456\" width=\"737\" height=\"486\" \/><\/a><\/figure><\/div>\n\n\n\n<div class=\"wp-block-buttons is-layout-flex wp-block-buttons-is-layout-flex\">\n<div class=\"wp-block-button is-style-outline is-style-outline--1\"><a class=\"wp-block-button__link\">Por Marian Ricco<\/a><\/div>\n<\/div>\n\n\n\n<p>Se trata de una exhibici\u00f3n individual del artista, quien presentara por primera vez sus trabajos m\u00e1s recientes.<\/p>\n\n\n\n<p>La muestra estar\u00e1 disponible para ser consultada de manera virtual a trav\u00e9s de <strong><a href=\"http:\/\/Artsy.net.\">Artsy.net.<\/a><\/strong> Y la inauguraci\u00f3n presencial ser\u00e1 el s\u00e1bado 6 de noviembre de 2021 en la galer\u00eda <strong>PRPGmx<\/strong> ubicada en Calle Lucerna 1, Interior 100, Colonia Ju\u00e1rez, CDMX.<\/p>\n\n\n\n<div class=\"wp-block-image coblocks-animate\"><figure class=\"aligncenter size-full is-resized\"><a href=\"https:\/\/i0.wp.com\/zeromagazinemx.wpcomstaging.com\/wp-content\/uploads\/2022\/02\/ac482-plumas-1.jpg?ssl=1\"><img data-recalc-dims=\"1\" decoding=\"async\" src=\"https:\/\/i0.wp.com\/zeromagazinemx.wpcomstaging.com\/wp-content\/uploads\/2022\/02\/ac482-plumas-1.jpg?resize=739%2C489&#038;ssl=1\" alt=\"\" class=\"wp-image-57460\" width=\"739\" height=\"489\" \/><\/a><\/figure><\/div>\n\n\n\n\n\n<p>La producci\u00f3n de la artista se est\u00e1 llevando actualmente a cabo en el estudio en la ribera del Lago de Chapala, <strong>Jalisco<\/strong>, <strong>M\u00e9xico<\/strong>.<\/p>\n\n\n\n<p>En su trabajo, caracterizado por su gran equilibrio y belleza, se percibe un profundo mensaje para concientizarnos sobre la extinci\u00f3n de diversas especies de aves, la muerte de algunas lenguas ind\u00edgenas, la migraci\u00f3n y los impactos del cambio clim\u00e1tico en <strong>M\u00e9xico<\/strong>.<\/p>\n\n\n\n<p>Otra de sus exposiciones ha sido recientemente expuesta en el <strong>Bernard Heller Museum,<\/strong> <strong>NYC<\/strong>, el <strong>Contemporary Art Museum<\/strong>, <strong>Raleigh<\/strong>, el <strong>Atlanta-Hartsfield International Airport<\/strong>, el <strong>Museo Diego Rivera, <\/strong>en<strong> Ciudad de M\u00e9xico.<\/strong><\/p>\n\n\n\n<p>\u201c<em>Estoy encantada de traer mi m\u00e1s reciente trabajo sobre materialidad y ecolog\u00eda a <strong>Ciudad de M\u00e9xico<\/strong>. Plumas debutara en galer\u00eda<strong> PRPG.mx<\/strong> y continuara viajando a trav\u00e9s de <strong>M\u00e9xico <\/strong>y <strong>EE UU<\/strong>.\u201d<\/em><\/p>\n\n\n\n<div class=\"wp-block-image coblocks-animate\"><figure class=\"aligncenter size-full is-resized\"><a href=\"https:\/\/i0.wp.com\/zeromagazinemx.wpcomstaging.com\/wp-content\/uploads\/2022\/02\/13d88-plumas-1-1.jpg?ssl=1\"><img data-recalc-dims=\"1\" decoding=\"async\" src=\"https:\/\/i0.wp.com\/zeromagazinemx.wpcomstaging.com\/wp-content\/uploads\/2022\/02\/13d88-plumas-1-1.jpg?resize=742%2C440&#038;ssl=1\" alt=\"\" class=\"wp-image-57461\" width=\"742\" height=\"440\" \/><\/a><\/figure><\/div>\n\n\n\n<p class=\"has-text-align-center\"><strong>Web:<\/strong><\/p>\n\n\n\n<p class=\"has-text-align-center\"><a href=\"http:\/\/www.prpg.mx\/\">http:\/\/www.prpg.mx\/<\/a><\/p>\n\n\n\n<p class=\"has-text-align-center\">https:\/\/de<a href=\"https:\/\/deborahkruger.com\/\">borahkruger.com\/<\/a><\/p>\n\n\n\n<p class=\"has-text-align-center\"><strong>Sigue a Deborah Kruger<\/strong>:<\/p>\n\n\n\n<p class=\"has-text-align-center\"><strong>Instagram:<\/strong> @deborahkrugerstudios<\/p>\n\n\n\n<p class=\"has-text-align-center\"><strong>Sigue a Kirya\u200c \u200cHery\u200c:<\/strong><\/p>\n\n\n\n<p class=\"has-text-align-center\"><strong>Instagram: <\/strong><a href=\"https:\/\/www.instagram.com\/kiryahery\/\">@kiryahery<\/a><\/p>\n\n\n\n\n<!--themify_builder_content-->\n<div id=\"themify_builder_content-57451\" data-postid=\"57451\" class=\"themify_builder_content themify_builder_content-57451 themify_builder tf_clear\">\n    <\/div>\n<!--\/themify_builder_content-->\n","protected":false},"excerpt":{"rendered":"<p>Deborah, quien cuenta con una larga lista expositiva en M\u00e9xico y Estados Unidos desde los a\u00f1os ochenta, debutara su serie m\u00e1s reciente en la Ciudad de M\u00e9xico. Se trata de una exhibici\u00f3n individual del artista, quien presentara por primera vez sus trabajos m\u00e1s recientes. La muestra estar\u00e1 disponible para ser consultada de manera virtual a [&hellip;]<\/p>\n","protected":false},"author":2,"featured_media":57459,"comment_status":"open","ping_status":"open","sticky":false,"template":"","format":"standard","meta":{"_jetpack_memberships_contains_paid_content":false,"footnotes":"","jetpack_publicize_message":"Deborah Kruger debutar\u00e1 su serie m\u00e1s reciente en la Ciudad de M\u00e9xico, para concientizarnos sobre la extinci\u00f3n de diversas especies de aves, la muerte de algunas lenguas ind\u00edgenas, la migraci\u00f3n y los impactos del cambio clim\u00e1tico en M\u00e9xico.","jetpack_publicize_feature_enabled":true,"jetpack_social_post_already_shared":true,"jetpack_social_options":{"image_generator_settings":{"template":"highway","default_image_id":0,"font":"","enabled":false},"version":2}},"categories":[117],"tags":[6277,6278,155,6279,6280,375,4922,144,6281,5124,5425,6282],"class_list":["post-57451","post","type-post","status-publish","format-standard","has-post-thumbnail","hentry","category-entretenimiento","tag-atlanta-hartsfield-international-airport","tag-bernard-heller-museum","tag-ciudad-de-mexico","tag-contemporary-art-museum","tag-deborah-kruger","tag-estados-unidos","tag-jalisco","tag-mexico","tag-museo-diego-rivera","tag-nyc","tag-prpgmx","tag-raleigh","has-post-title","has-post-date","has-post-category","has-post-tag","has-post-comment","has-post-author",""],"yoast_head":"<!-- This site is optimized with the Yoast SEO plugin v27.5 - https:\/\/yoast.com\/product\/yoast-seo-wordpress\/ -->\n<title>Plumas, la exhibici\u00f3n individual de Deborah Kruger inaugurar\u00e1 una nueva sala dentro de la galer\u00eda PRPGmx - Zero Magazine<\/title>\n<meta name=\"robots\" content=\"index, follow, max-snippet:-1, max-image-preview:large, max-video-preview:-1\" \/>\n<link rel=\"canonical\" href=\"https:\/\/zeromagazine.mx\/index.php\/2021\/11\/05\/plumas-la-exhibicion-individual-de-deborah-kruger-inaugurara-una-nueva-sala-dentro-de-la-galeria-prpgmx\/\" \/>\n<meta property=\"og:locale\" content=\"es_ES\" \/>\n<meta property=\"og:type\" content=\"article\" \/>\n<meta property=\"og:title\" content=\"Plumas, la exhibici\u00f3n individual de Deborah Kruger inaugurar\u00e1 una nueva sala dentro de la galer\u00eda PRPGmx - Zero Magazine\" \/>\n<meta property=\"og:description\" content=\"Deborah, quien cuenta con una larga lista expositiva en M\u00e9xico y Estados Unidos desde los a\u00f1os ochenta, debutara su serie m\u00e1s reciente en la Ciudad de M\u00e9xico. Se trata de una exhibici\u00f3n individual del artista, quien presentara por primera vez sus trabajos m\u00e1s recientes. La muestra estar\u00e1 disponible para ser consultada de manera virtual a [&hellip;]\" \/>\n<meta property=\"og:url\" content=\"https:\/\/zeromagazine.mx\/index.php\/2021\/11\/05\/plumas-la-exhibicion-individual-de-deborah-kruger-inaugurara-una-nueva-sala-dentro-de-la-galeria-prpgmx\/\" \/>\n<meta property=\"og:site_name\" content=\"Zero Magazine\" \/>\n<meta property=\"article:published_time\" content=\"2021-11-05T18:30:00+00:00\" \/>\n<meta name=\"author\" content=\"zeromagazinemx\" \/>\n<meta name=\"twitter:card\" content=\"summary_large_image\" \/>\n<meta name=\"twitter:label1\" content=\"Escrito por\" \/>\n\t<meta name=\"twitter:data1\" content=\"zeromagazinemx\" \/>\n\t<meta name=\"twitter:label2\" content=\"Tiempo de lectura\" \/>\n\t<meta name=\"twitter:data2\" content=\"1 minuto\" \/>\n<script type=\"application\/ld+json\" class=\"yoast-schema-graph\">{\"@context\":\"https:\\\/\\\/schema.org\",\"@graph\":[{\"@type\":\"Article\",\"@id\":\"https:\\\/\\\/zeromagazine.mx\\\/index.php\\\/2021\\\/11\\\/05\\\/plumas-la-exhibicion-individual-de-deborah-kruger-inaugurara-una-nueva-sala-dentro-de-la-galeria-prpgmx\\\/#article\",\"isPartOf\":{\"@id\":\"https:\\\/\\\/zeromagazine.mx\\\/index.php\\\/2021\\\/11\\\/05\\\/plumas-la-exhibicion-individual-de-deborah-kruger-inaugurara-una-nueva-sala-dentro-de-la-galeria-prpgmx\\\/\"},\"author\":{\"name\":\"zeromagazinemx\",\"@id\":\"https:\\\/\\\/zeromagazine.mx\\\/#\\\/schema\\\/person\\\/9aed9f33a7c39af3a348b86d723f7773\"},\"headline\":\"Plumas, la exhibici\u00f3n individual de Deborah Kruger inaugurar\u00e1 una nueva sala dentro de la galer\u00eda PRPGmx\",\"datePublished\":\"2021-11-05T18:30:00+00:00\",\"mainEntityOfPage\":{\"@id\":\"https:\\\/\\\/zeromagazine.mx\\\/index.php\\\/2021\\\/11\\\/05\\\/plumas-la-exhibicion-individual-de-deborah-kruger-inaugurara-una-nueva-sala-dentro-de-la-galeria-prpgmx\\\/\"},\"wordCount\":274,\"commentCount\":0,\"publisher\":{\"@id\":\"https:\\\/\\\/zeromagazine.mx\\\/#organization\"},\"image\":{\"@id\":\"https:\\\/\\\/zeromagazine.mx\\\/index.php\\\/2021\\\/11\\\/05\\\/plumas-la-exhibicion-individual-de-deborah-kruger-inaugurara-una-nueva-sala-dentro-de-la-galeria-prpgmx\\\/#primaryimage\"},\"thumbnailUrl\":\"\",\"keywords\":[\"Atlanta-Hartsfield International Airport\",\"Bernard Heller Museum\",\"Ciudad de M\u00e9xico\",\"Contemporary Art Museum\",\"Deborah Kruger\",\"Estados Unidos\",\"Jalisco\",\"M\u00c9XICO\",\"Museo Diego Rivera\",\"NYC\",\"PRPGmx\",\"Raleigh\"],\"articleSection\":[\"Entretenimiento\"],\"inLanguage\":\"es\",\"potentialAction\":[{\"@type\":\"CommentAction\",\"name\":\"Comment\",\"target\":[\"https:\\\/\\\/zeromagazine.mx\\\/index.php\\\/2021\\\/11\\\/05\\\/plumas-la-exhibicion-individual-de-deborah-kruger-inaugurara-una-nueva-sala-dentro-de-la-galeria-prpgmx\\\/#respond\"]}]},{\"@type\":\"WebPage\",\"@id\":\"https:\\\/\\\/zeromagazine.mx\\\/index.php\\\/2021\\\/11\\\/05\\\/plumas-la-exhibicion-individual-de-deborah-kruger-inaugurara-una-nueva-sala-dentro-de-la-galeria-prpgmx\\\/\",\"url\":\"https:\\\/\\\/zeromagazine.mx\\\/index.php\\\/2021\\\/11\\\/05\\\/plumas-la-exhibicion-individual-de-deborah-kruger-inaugurara-una-nueva-sala-dentro-de-la-galeria-prpgmx\\\/\",\"name\":\"Plumas, la exhibici\u00f3n individual de Deborah Kruger inaugurar\u00e1 una nueva sala dentro de la galer\u00eda PRPGmx - Zero Magazine\",\"isPartOf\":{\"@id\":\"https:\\\/\\\/zeromagazine.mx\\\/#website\"},\"primaryImageOfPage\":{\"@id\":\"https:\\\/\\\/zeromagazine.mx\\\/index.php\\\/2021\\\/11\\\/05\\\/plumas-la-exhibicion-individual-de-deborah-kruger-inaugurara-una-nueva-sala-dentro-de-la-galeria-prpgmx\\\/#primaryimage\"},\"image\":{\"@id\":\"https:\\\/\\\/zeromagazine.mx\\\/index.php\\\/2021\\\/11\\\/05\\\/plumas-la-exhibicion-individual-de-deborah-kruger-inaugurara-una-nueva-sala-dentro-de-la-galeria-prpgmx\\\/#primaryimage\"},\"thumbnailUrl\":\"\",\"datePublished\":\"2021-11-05T18:30:00+00:00\",\"breadcrumb\":{\"@id\":\"https:\\\/\\\/zeromagazine.mx\\\/index.php\\\/2021\\\/11\\\/05\\\/plumas-la-exhibicion-individual-de-deborah-kruger-inaugurara-una-nueva-sala-dentro-de-la-galeria-prpgmx\\\/#breadcrumb\"},\"inLanguage\":\"es\",\"potentialAction\":[{\"@type\":\"ReadAction\",\"target\":[\"https:\\\/\\\/zeromagazine.mx\\\/index.php\\\/2021\\\/11\\\/05\\\/plumas-la-exhibicion-individual-de-deborah-kruger-inaugurara-una-nueva-sala-dentro-de-la-galeria-prpgmx\\\/\"]}]},{\"@type\":\"ImageObject\",\"inLanguage\":\"es\",\"@id\":\"https:\\\/\\\/zeromagazine.mx\\\/index.php\\\/2021\\\/11\\\/05\\\/plumas-la-exhibicion-individual-de-deborah-kruger-inaugurara-una-nueva-sala-dentro-de-la-galeria-prpgmx\\\/#primaryimage\",\"url\":\"\",\"contentUrl\":\"\"},{\"@type\":\"BreadcrumbList\",\"@id\":\"https:\\\/\\\/zeromagazine.mx\\\/index.php\\\/2021\\\/11\\\/05\\\/plumas-la-exhibicion-individual-de-deborah-kruger-inaugurara-una-nueva-sala-dentro-de-la-galeria-prpgmx\\\/#breadcrumb\",\"itemListElement\":[{\"@type\":\"ListItem\",\"position\":1,\"name\":\"Portada\",\"item\":\"https:\\\/\\\/zeromagazine.mx\\\/\"},{\"@type\":\"ListItem\",\"position\":2,\"name\":\"Plumas, la exhibici\u00f3n individual de Deborah Kruger inaugurar\u00e1 una nueva sala dentro de la galer\u00eda PRPGmx\"}]},{\"@type\":\"WebSite\",\"@id\":\"https:\\\/\\\/zeromagazine.mx\\\/#website\",\"url\":\"https:\\\/\\\/zeromagazine.mx\\\/\",\"name\":\"Zero Magazine\",\"description\":\"\",\"publisher\":{\"@id\":\"https:\\\/\\\/zeromagazine.mx\\\/#organization\"},\"potentialAction\":[{\"@type\":\"SearchAction\",\"target\":{\"@type\":\"EntryPoint\",\"urlTemplate\":\"https:\\\/\\\/zeromagazine.mx\\\/?s={search_term_string}\"},\"query-input\":{\"@type\":\"PropertyValueSpecification\",\"valueRequired\":true,\"valueName\":\"search_term_string\"}}],\"inLanguage\":\"es\"},{\"@type\":\"Organization\",\"@id\":\"https:\\\/\\\/zeromagazine.mx\\\/#organization\",\"name\":\"Zero Magazine\",\"url\":\"https:\\\/\\\/zeromagazine.mx\\\/\",\"logo\":{\"@type\":\"ImageObject\",\"inLanguage\":\"es\",\"@id\":\"https:\\\/\\\/zeromagazine.mx\\\/#\\\/schema\\\/logo\\\/image\\\/\",\"url\":\"https:\\\/\\\/i0.wp.com\\\/zeromagazine.mx\\\/wp-content\\\/uploads\\\/2025\\\/11\\\/1.jpeg?fit=1000%2C1000&ssl=1\",\"contentUrl\":\"https:\\\/\\\/i0.wp.com\\\/zeromagazine.mx\\\/wp-content\\\/uploads\\\/2025\\\/11\\\/1.jpeg?fit=1000%2C1000&ssl=1\",\"width\":1000,\"height\":1000,\"caption\":\"Zero Magazine\"},\"image\":{\"@id\":\"https:\\\/\\\/zeromagazine.mx\\\/#\\\/schema\\\/logo\\\/image\\\/\"},\"sameAs\":[\"https:\\\/\\\/instagram.com\\\/zeromagazinemx\"]},{\"@type\":\"Person\",\"@id\":\"https:\\\/\\\/zeromagazine.mx\\\/#\\\/schema\\\/person\\\/9aed9f33a7c39af3a348b86d723f7773\",\"name\":\"zeromagazinemx\",\"image\":{\"@type\":\"ImageObject\",\"inLanguage\":\"es\",\"@id\":\"https:\\\/\\\/zeromagazine.mx\\\/wp-content\\\/litespeed\\\/avatar\\\/f91dfe5410d5dcb1a576bf8c45983896.jpg?ver=1777571230\",\"url\":\"https:\\\/\\\/zeromagazine.mx\\\/wp-content\\\/litespeed\\\/avatar\\\/f91dfe5410d5dcb1a576bf8c45983896.jpg?ver=1777571230\",\"contentUrl\":\"https:\\\/\\\/zeromagazine.mx\\\/wp-content\\\/litespeed\\\/avatar\\\/f91dfe5410d5dcb1a576bf8c45983896.jpg?ver=1777571230\",\"caption\":\"zeromagazinemx\"},\"url\":\"https:\\\/\\\/zeromagazine.mx\\\/index.php\\\/author\\\/zeromagazinemx\\\/\"}]}<\/script>\n<!-- \/ Yoast SEO plugin. -->","yoast_head_json":{"title":"Plumas, la exhibici\u00f3n individual de Deborah Kruger inaugurar\u00e1 una nueva sala dentro de la galer\u00eda PRPGmx - Zero Magazine","robots":{"index":"index","follow":"follow","max-snippet":"max-snippet:-1","max-image-preview":"max-image-preview:large","max-video-preview":"max-video-preview:-1"},"canonical":"https:\/\/zeromagazine.mx\/index.php\/2021\/11\/05\/plumas-la-exhibicion-individual-de-deborah-kruger-inaugurara-una-nueva-sala-dentro-de-la-galeria-prpgmx\/","og_locale":"es_ES","og_type":"article","og_title":"Plumas, la exhibici\u00f3n individual de Deborah Kruger inaugurar\u00e1 una nueva sala dentro de la galer\u00eda PRPGmx - Zero Magazine","og_description":"Deborah, quien cuenta con una larga lista expositiva en M\u00e9xico y Estados Unidos desde los a\u00f1os ochenta, debutara su serie m\u00e1s reciente en la Ciudad de M\u00e9xico. Se trata de una exhibici\u00f3n individual del artista, quien presentara por primera vez sus trabajos m\u00e1s recientes. La muestra estar\u00e1 disponible para ser consultada de manera virtual a [&hellip;]","og_url":"https:\/\/zeromagazine.mx\/index.php\/2021\/11\/05\/plumas-la-exhibicion-individual-de-deborah-kruger-inaugurara-una-nueva-sala-dentro-de-la-galeria-prpgmx\/","og_site_name":"Zero Magazine","article_published_time":"2021-11-05T18:30:00+00:00","author":"zeromagazinemx","twitter_card":"summary_large_image","twitter_misc":{"Escrito por":"zeromagazinemx","Tiempo de lectura":"1 minuto"},"schema":{"@context":"https:\/\/schema.org","@graph":[{"@type":"Article","@id":"https:\/\/zeromagazine.mx\/index.php\/2021\/11\/05\/plumas-la-exhibicion-individual-de-deborah-kruger-inaugurara-una-nueva-sala-dentro-de-la-galeria-prpgmx\/#article","isPartOf":{"@id":"https:\/\/zeromagazine.mx\/index.php\/2021\/11\/05\/plumas-la-exhibicion-individual-de-deborah-kruger-inaugurara-una-nueva-sala-dentro-de-la-galeria-prpgmx\/"},"author":{"name":"zeromagazinemx","@id":"https:\/\/zeromagazine.mx\/#\/schema\/person\/9aed9f33a7c39af3a348b86d723f7773"},"headline":"Plumas, la exhibici\u00f3n individual de Deborah Kruger inaugurar\u00e1 una nueva sala dentro de la galer\u00eda PRPGmx","datePublished":"2021-11-05T18:30:00+00:00","mainEntityOfPage":{"@id":"https:\/\/zeromagazine.mx\/index.php\/2021\/11\/05\/plumas-la-exhibicion-individual-de-deborah-kruger-inaugurara-una-nueva-sala-dentro-de-la-galeria-prpgmx\/"},"wordCount":274,"commentCount":0,"publisher":{"@id":"https:\/\/zeromagazine.mx\/#organization"},"image":{"@id":"https:\/\/zeromagazine.mx\/index.php\/2021\/11\/05\/plumas-la-exhibicion-individual-de-deborah-kruger-inaugurara-una-nueva-sala-dentro-de-la-galeria-prpgmx\/#primaryimage"},"thumbnailUrl":"","keywords":["Atlanta-Hartsfield International Airport","Bernard Heller Museum","Ciudad de M\u00e9xico","Contemporary Art Museum","Deborah Kruger","Estados Unidos","Jalisco","M\u00c9XICO","Museo Diego Rivera","NYC","PRPGmx","Raleigh"],"articleSection":["Entretenimiento"],"inLanguage":"es","potentialAction":[{"@type":"CommentAction","name":"Comment","target":["https:\/\/zeromagazine.mx\/index.php\/2021\/11\/05\/plumas-la-exhibicion-individual-de-deborah-kruger-inaugurara-una-nueva-sala-dentro-de-la-galeria-prpgmx\/#respond"]}]},{"@type":"WebPage","@id":"https:\/\/zeromagazine.mx\/index.php\/2021\/11\/05\/plumas-la-exhibicion-individual-de-deborah-kruger-inaugurara-una-nueva-sala-dentro-de-la-galeria-prpgmx\/","url":"https:\/\/zeromagazine.mx\/index.php\/2021\/11\/05\/plumas-la-exhibicion-individual-de-deborah-kruger-inaugurara-una-nueva-sala-dentro-de-la-galeria-prpgmx\/","name":"Plumas, la exhibici\u00f3n individual de Deborah Kruger inaugurar\u00e1 una nueva sala dentro de la galer\u00eda PRPGmx - Zero Magazine","isPartOf":{"@id":"https:\/\/zeromagazine.mx\/#website"},"primaryImageOfPage":{"@id":"https:\/\/zeromagazine.mx\/index.php\/2021\/11\/05\/plumas-la-exhibicion-individual-de-deborah-kruger-inaugurara-una-nueva-sala-dentro-de-la-galeria-prpgmx\/#primaryimage"},"image":{"@id":"https:\/\/zeromagazine.mx\/index.php\/2021\/11\/05\/plumas-la-exhibicion-individual-de-deborah-kruger-inaugurara-una-nueva-sala-dentro-de-la-galeria-prpgmx\/#primaryimage"},"thumbnailUrl":"","datePublished":"2021-11-05T18:30:00+00:00","breadcrumb":{"@id":"https:\/\/zeromagazine.mx\/index.php\/2021\/11\/05\/plumas-la-exhibicion-individual-de-deborah-kruger-inaugurara-una-nueva-sala-dentro-de-la-galeria-prpgmx\/#breadcrumb"},"inLanguage":"es","potentialAction":[{"@type":"ReadAction","target":["https:\/\/zeromagazine.mx\/index.php\/2021\/11\/05\/plumas-la-exhibicion-individual-de-deborah-kruger-inaugurara-una-nueva-sala-dentro-de-la-galeria-prpgmx\/"]}]},{"@type":"ImageObject","inLanguage":"es","@id":"https:\/\/zeromagazine.mx\/index.php\/2021\/11\/05\/plumas-la-exhibicion-individual-de-deborah-kruger-inaugurara-una-nueva-sala-dentro-de-la-galeria-prpgmx\/#primaryimage","url":"","contentUrl":""},{"@type":"BreadcrumbList","@id":"https:\/\/zeromagazine.mx\/index.php\/2021\/11\/05\/plumas-la-exhibicion-individual-de-deborah-kruger-inaugurara-una-nueva-sala-dentro-de-la-galeria-prpgmx\/#breadcrumb","itemListElement":[{"@type":"ListItem","position":1,"name":"Portada","item":"https:\/\/zeromagazine.mx\/"},{"@type":"ListItem","position":2,"name":"Plumas, la exhibici\u00f3n individual de Deborah Kruger inaugurar\u00e1 una nueva sala dentro de la galer\u00eda PRPGmx"}]},{"@type":"WebSite","@id":"https:\/\/zeromagazine.mx\/#website","url":"https:\/\/zeromagazine.mx\/","name":"Zero Magazine","description":"","publisher":{"@id":"https:\/\/zeromagazine.mx\/#organization"},"potentialAction":[{"@type":"SearchAction","target":{"@type":"EntryPoint","urlTemplate":"https:\/\/zeromagazine.mx\/?s={search_term_string}"},"query-input":{"@type":"PropertyValueSpecification","valueRequired":true,"valueName":"search_term_string"}}],"inLanguage":"es"},{"@type":"Organization","@id":"https:\/\/zeromagazine.mx\/#organization","name":"Zero Magazine","url":"https:\/\/zeromagazine.mx\/","logo":{"@type":"ImageObject","inLanguage":"es","@id":"https:\/\/zeromagazine.mx\/#\/schema\/logo\/image\/","url":"https:\/\/i0.wp.com\/zeromagazine.mx\/wp-content\/uploads\/2025\/11\/1.jpeg?fit=1000%2C1000&ssl=1","contentUrl":"https:\/\/i0.wp.com\/zeromagazine.mx\/wp-content\/uploads\/2025\/11\/1.jpeg?fit=1000%2C1000&ssl=1","width":1000,"height":1000,"caption":"Zero Magazine"},"image":{"@id":"https:\/\/zeromagazine.mx\/#\/schema\/logo\/image\/"},"sameAs":["https:\/\/instagram.com\/zeromagazinemx"]},{"@type":"Person","@id":"https:\/\/zeromagazine.mx\/#\/schema\/person\/9aed9f33a7c39af3a348b86d723f7773","name":"zeromagazinemx","image":{"@type":"ImageObject","inLanguage":"es","@id":"https:\/\/zeromagazine.mx\/wp-content\/litespeed\/avatar\/f91dfe5410d5dcb1a576bf8c45983896.jpg?ver=1777571230","url":"https:\/\/zeromagazine.mx\/wp-content\/litespeed\/avatar\/f91dfe5410d5dcb1a576bf8c45983896.jpg?ver=1777571230","contentUrl":"https:\/\/zeromagazine.mx\/wp-content\/litespeed\/avatar\/f91dfe5410d5dcb1a576bf8c45983896.jpg?ver=1777571230","caption":"zeromagazinemx"},"url":"https:\/\/zeromagazine.mx\/index.php\/author\/zeromagazinemx\/"}]}},"jetpack_publicize_connections":[],"jetpack_featured_media_url":"","jetpack-related-posts":[{"id":57668,"url":"https:\/\/zeromagazine.mx\/index.php\/2021\/11\/09\/plumas-la-exhibicion-individual-de-deborah-kruger\/","url_meta":{"origin":57451,"position":0},"title":"Plumas, la exhibici\u00f3n individual de Deborah Kruger","author":"zeromagazinemx","date":"9 de noviembre de 2021","format":false,"excerpt":"El pasado 6 de noviembre en punto de las 7 pm se dio la inauguraci\u00f3n presencial de la nueva sala de la galer\u00eda PRPGmx\u00a0ubicada en Calle Lucerna 1, Interior 100, Colonia Ju\u00e1rez, CDMX. En punto de las 7:30 de la noche el invitado de honor Johnny Carmona, a quien conocemos\u2026","rel":"","context":"En \u00abEntrevistas\u00bb","block_context":{"text":"Entrevistas","link":"https:\/\/zeromagazine.mx\/index.php\/category\/entretenimiento\/entrevistas\/"},"img":{"alt_text":"","src":"https:\/\/i0.wp.com\/zeromagazinemx.wpcomstaging.com\/wp-content\/uploads\/2022\/02\/34aac-1636326326255.jpg?resize=350%2C200&ssl=1","width":350,"height":200,"srcset":"https:\/\/i0.wp.com\/zeromagazinemx.wpcomstaging.com\/wp-content\/uploads\/2022\/02\/34aac-1636326326255.jpg?resize=350%2C200&ssl=1 1x, https:\/\/i0.wp.com\/zeromagazinemx.wpcomstaging.com\/wp-content\/uploads\/2022\/02\/34aac-1636326326255.jpg?resize=525%2C300&ssl=1 1.5x, https:\/\/i0.wp.com\/zeromagazinemx.wpcomstaging.com\/wp-content\/uploads\/2022\/02\/34aac-1636326326255.jpg?resize=700%2C400&ssl=1 2x"},"classes":[]},{"id":100795,"url":"https:\/\/zeromagazine.mx\/index.php\/2025\/04\/09\/hacks-comedia-inteligente\/","url_meta":{"origin":57451,"position":1},"title":"Hacks: Comedia Inteligente","author":"David Morales","date":"9 de abril de 2025","format":false,"excerpt":"Amix, si eres fan de la iron\u00eda fina, los chistes que pican y las mujeres que no se dejan, esta noticia te va a alegrar el alma: Hacks est\u00e1 de vuelta. La cuarta temporada se estrena este jueves por Max y viene con m\u00e1s sarcasmo, m\u00e1s drama y m\u00e1s de\u2026","rel":"","context":"En \u00abEntretenimiento\u00bb","block_context":{"text":"Entretenimiento","link":"https:\/\/zeromagazine.mx\/index.php\/category\/entretenimiento\/"},"img":{"alt_text":"","src":"https:\/\/i0.wp.com\/zeromagazine.mx\/wp-content\/uploads\/2025\/04\/21687243_2546788_1920x3840-scaled.jpg?fit=1200%2C600&ssl=1&resize=350%2C200","width":350,"height":200,"srcset":"https:\/\/i0.wp.com\/zeromagazine.mx\/wp-content\/uploads\/2025\/04\/21687243_2546788_1920x3840-scaled.jpg?fit=1200%2C600&ssl=1&resize=350%2C200 1x, https:\/\/i0.wp.com\/zeromagazine.mx\/wp-content\/uploads\/2025\/04\/21687243_2546788_1920x3840-scaled.jpg?fit=1200%2C600&ssl=1&resize=525%2C300 1.5x, https:\/\/i0.wp.com\/zeromagazine.mx\/wp-content\/uploads\/2025\/04\/21687243_2546788_1920x3840-scaled.jpg?fit=1200%2C600&ssl=1&resize=700%2C400 2x, https:\/\/i0.wp.com\/zeromagazine.mx\/wp-content\/uploads\/2025\/04\/21687243_2546788_1920x3840-scaled.jpg?fit=1200%2C600&ssl=1&resize=1050%2C600 3x"},"classes":[]},{"id":73322,"url":"https:\/\/zeromagazine.mx\/index.php\/2024\/04\/05\/sephora-somos-parte-de-algo-hermoso\/","url_meta":{"origin":57451,"position":2},"title":"Sephora: Somos Parte de Algo Hermoso","author":"zeromagazinemx","date":"5 de abril de 2024","format":false,"excerpt":"Tenemos que hablar de la \u00faltima noticia de Sephora. Por primera vez, est\u00e1n adoptando una identidad de marca global bajo el lema \"Somos Parte de Algo Hermoso\". Sephora, esa tienda donde siempre nos perdemos entre tantos productos de belleza, \u00a1ahora quiere inspirarnos a\u00fan m\u00e1s! Para empezar, \u00bfno es incre\u00edble que\u2026","rel":"","context":"En \u00abBlog\u00bb","block_context":{"text":"Blog","link":"https:\/\/zeromagazine.mx\/index.php\/category\/blog\/"},"img":{"alt_text":"","src":"https:\/\/i0.wp.com\/zeromagazine.mx\/wp-content\/uploads\/2024\/04\/selfie.jpg?fit=576%2C448&ssl=1&resize=350%2C200","width":350,"height":200,"srcset":"https:\/\/i0.wp.com\/zeromagazine.mx\/wp-content\/uploads\/2024\/04\/selfie.jpg?fit=576%2C448&ssl=1&resize=350%2C200 1x, https:\/\/i0.wp.com\/zeromagazine.mx\/wp-content\/uploads\/2024\/04\/selfie.jpg?fit=576%2C448&ssl=1&resize=525%2C300 1.5x"},"classes":[]},{"id":83429,"url":"https:\/\/zeromagazine.mx\/index.php\/2024\/09\/09\/dia-de-muertos-cultura-viva-forever\/","url_meta":{"origin":57451,"position":3},"title":"\u00abD\u00eda de Muertos: Cultura Viva Forever\u00bb","author":"zeromagazinemx","date":"9 de septiembre de 2024","format":false,"excerpt":"Est\u00e1 a punto de llegar el mejor d\u00eda del a\u00f1o, me refiero al\u00a02 de noviembre. En cada rinc\u00f3n de M\u00e9xico hay altares, flores de cempas\u00fachil, calaveritas de az\u00facar y una vibraci\u00f3n super especial que solo el\u00a0D\u00eda de Muertos\u00a0puede traer. Es como un mix entre lo spooky y lo sagrado, lo\u2026","rel":"","context":"En \u00abCultura\u00bb","block_context":{"text":"Cultura","link":"https:\/\/zeromagazine.mx\/index.php\/category\/cultura\/"},"img":{"alt_text":"","src":"https:\/\/i0.wp.com\/zeromagazine.mx\/wp-content\/uploads\/2024\/09\/DIA-DE-MUERTOS-TRILCE-FOTO1-PORTADA.jpg?resize=350%2C200&ssl=1","width":350,"height":200},"classes":[]},{"id":48366,"url":"https:\/\/zeromagazine.mx\/index.php\/2021\/06\/22\/the-last-ones-exposicion-colectiva-que-conjuga-arte-arquitectura-e-interiorismo\/","url_meta":{"origin":57451,"position":4},"title":"THE LAST ONES | EXPOSICI\u00d3N COLECTIVA QUE CONJUGA ARTE, ARQUITECTURA E INTERIORISMO.","author":"zeromagazinemx","date":"22 de junio de 2021","format":false,"excerpt":"EL NOMBRE DE LA MUESTRA HACE REFERENCIA A DOS JIRAFAS DE TAMA\u00d1O REAL, PIEZAS DE KAREN RUMBOS. VISITAS S\u00d3LO A TRAV\u00c9S DE CITAS EN CASA DESIGN HUNTER. Por Michelle Rodr\u00edguez Solis Con la participaci\u00f3n de un colectivo de 20 artistas, la casa Design Hunter presenta la exposici\u00f3n \u201cThe last ones\u201d,\u2026","rel":"","context":"En \u00abCultura\u00bb","block_context":{"text":"Cultura","link":"https:\/\/zeromagazine.mx\/index.php\/category\/cultura\/"},"img":{"alt_text":"","src":"","width":0,"height":0},"classes":[]},{"id":94734,"url":"https:\/\/zeromagazine.mx\/index.php\/2025\/01\/14\/explora-nuevas-atracciones-2025\/","url_meta":{"origin":57451,"position":5},"title":"Explora Nuevas Atracciones 2025","author":"zeromagazinemx","date":"14 de enero de 2025","format":false,"excerpt":"Explora Nuevas Atracciones 2025 Explora Nuevas Atracciones 2025. \u00a1Amixs, qu\u00e9 onda! Si est\u00e1n buscando nuevas experiencias para este 2025, \u00a1prep\u00e1rense! El mundo est\u00e1 lleno de planes chidos, desde parques de diversiones hasta eventos deportivos internacionales. En este art\u00edculo les traigo lo mejor de lo mejor para el a\u00f1o que viene.\u2026","rel":"","context":"En \u00abViajes\u00bb","block_context":{"text":"Viajes","link":"https:\/\/zeromagazine.mx\/index.php\/category\/lugares\/"},"img":{"alt_text":"","src":"https:\/\/i0.wp.com\/zeromagazine.mx\/wp-content\/uploads\/2025\/01\/Songteller-Entrance-2-credit-The-Dollywood-Company-scaled.jpg?fit=1200%2C675&ssl=1&resize=350%2C200","width":350,"height":200,"srcset":"https:\/\/i0.wp.com\/zeromagazine.mx\/wp-content\/uploads\/2025\/01\/Songteller-Entrance-2-credit-The-Dollywood-Company-scaled.jpg?fit=1200%2C675&ssl=1&resize=350%2C200 1x, https:\/\/i0.wp.com\/zeromagazine.mx\/wp-content\/uploads\/2025\/01\/Songteller-Entrance-2-credit-The-Dollywood-Company-scaled.jpg?fit=1200%2C675&ssl=1&resize=525%2C300 1.5x, https:\/\/i0.wp.com\/zeromagazine.mx\/wp-content\/uploads\/2025\/01\/Songteller-Entrance-2-credit-The-Dollywood-Company-scaled.jpg?fit=1200%2C675&ssl=1&resize=700%2C400 2x, https:\/\/i0.wp.com\/zeromagazine.mx\/wp-content\/uploads\/2025\/01\/Songteller-Entrance-2-credit-The-Dollywood-Company-scaled.jpg?fit=1200%2C675&ssl=1&resize=1050%2C600 3x"},"classes":[]}],"jetpack_sharing_enabled":true,"builder_content":"","_links":{"self":[{"href":"https:\/\/zeromagazine.mx\/index.php\/wp-json\/wp\/v2\/posts\/57451","targetHints":{"allow":["GET"]}}],"collection":[{"href":"https:\/\/zeromagazine.mx\/index.php\/wp-json\/wp\/v2\/posts"}],"about":[{"href":"https:\/\/zeromagazine.mx\/index.php\/wp-json\/wp\/v2\/types\/post"}],"author":[{"embeddable":true,"href":"https:\/\/zeromagazine.mx\/index.php\/wp-json\/wp\/v2\/users\/2"}],"replies":[{"embeddable":true,"href":"https:\/\/zeromagazine.mx\/index.php\/wp-json\/wp\/v2\/comments?post=57451"}],"version-history":[{"count":0,"href":"https:\/\/zeromagazine.mx\/index.php\/wp-json\/wp\/v2\/posts\/57451\/revisions"}],"wp:featuredmedia":[{"embeddable":true,"href":"https:\/\/zeromagazine.mx\/index.php\/wp-json\/"}],"wp:attachment":[{"href":"https:\/\/zeromagazine.mx\/index.php\/wp-json\/wp\/v2\/media?parent=57451"}],"wp:term":[{"taxonomy":"category","embeddable":true,"href":"https:\/\/zeromagazine.mx\/index.php\/wp-json\/wp\/v2\/categories?post=57451"},{"taxonomy":"post_tag","embeddable":true,"href":"https:\/\/zeromagazine.mx\/index.php\/wp-json\/wp\/v2\/tags?post=57451"}],"curies":[{"name":"wp","href":"https:\/\/api.w.org\/{rel}","templated":true}]}}