{"id":57467,"date":"2021-11-05T11:00:00","date_gmt":"2021-11-05T17:00:00","guid":{"rendered":"https:\/\/atomic-temporary-84115225.wpcomstaging.com\/?p=57467"},"modified":"2021-11-05T11:00:00","modified_gmt":"2021-11-05T17:00:00","slug":"jorge-blanco-nos-presenta-al-fin-su-sencillo-bad-karma","status":"publish","type":"post","link":"https:\/\/zeromagazine.mx\/index.php\/2021\/11\/05\/jorge-blanco-nos-presenta-al-fin-su-sencillo-bad-karma\/","title":{"rendered":"Jorge Blanco nos presenta al fin su sencillo \u2018Bad Karma\u2019"},"content":{"rendered":"\n<p>El artista multiplatino, con el que la mayor\u00eda de los j\u00f3venes crecimos viendo su paso televisivo, <strong>Jorge Blanco<\/strong>, estrena al fin su sencillo producido y grabado en el 2017, \u2018<strong>Bad Karma<\/strong>\u2019.&nbsp;<\/p>\n\n\n\n<figure class=\"wp-block-embed aligncenter is-type-rich is-provider-instagram wp-block-embed-instagram\"><div class=\"wp-block-embed__wrapper\">\nhttps:\/\/www.instagram.com\/p\/CVmW5FcL8Ip\/?utm_medium=copy_link\n<\/div><\/figure>\n\n\n\n<div class=\"wp-block-buttons is-layout-flex wp-block-buttons-is-layout-flex\">\n<div class=\"wp-block-button is-style-outline is-style-outline--1\"><a class=\"wp-block-button__link\">Por Kirya Hery<\/a><\/div>\n<\/div>\n\n\n\n<p>Tras varios a\u00f1os en el que qued\u00f3 postergado, este sencillo oscuro y cr\u00edtico, fue escuchado por primera vez en el verano del 2017, donde Blanco realizaba su gira europea. Sin embargo, tras a\u00f1os y a\u00f1os manteni\u00e9ndose alejado, es al fin en el presente donde se estrena junto a un video oficial.&nbsp;<\/p>\n\n\n\n<p>\u2018<strong>Bad Karma<\/strong>\u2019, nos habla de la perspectiva de: \u201c<em>todo lo que haces, se te regresa<\/em>\u201d. Hablado desde el victimario y no la v\u00edctima, la puesta en escena de <strong>Jorge Blanco<\/strong>, nos remite a un sonido parecido al de <strong>The Weeknd<\/strong>, con una voz ahogada que solo implora un \u2018<strong>Bad Karma<\/strong>\u2019.&nbsp;<\/p>\n\n\n\n<figure class=\"wp-block-embed aligncenter is-type-rich is-provider-instagram wp-block-embed-instagram\"><div class=\"wp-block-embed__wrapper\">\nhttps:\/\/www.instagram.com\/tv\/CV075w0gKZL\/?utm_medium=copy_link\n<\/div><\/figure>\n\n\n\n\n\n<p>Esta canci\u00f3n est\u00e1 estrenada en el idioma ingl\u00e9s y se preve\u00e9 que su video oficial, (grabado a una sola toma durante la etapa pand\u00e9mica m\u00e1s estricta), se estrene dentro de poco. Mientras tanto, podemos disfrutar del anhelado sencillo por aqu\u00ed:&nbsp;<\/p>\n\n\n\n<p><a href=\"https:\/\/universalmusicmexico.lnk.to\/badkarma\">https:\/\/universalmusicmexico.lnk.to\/badkarma<\/a><\/p>\n\n\n\n<p class=\"has-text-align-center\"><strong>Sigue a Kirya\u200c \u200cHery\u200c:<\/strong><\/p>\n\n\n\n<p class=\"has-text-align-center\"><strong>Instagram: <\/strong><a href=\"https:\/\/www.instagram.com\/kiryahery\/\">@kiryahery<\/a><\/p>\n\n\n\n\n<!--themify_builder_content-->\n<div id=\"themify_builder_content-57467\" data-postid=\"57467\" class=\"themify_builder_content themify_builder_content-57467 themify_builder tf_clear\">\n    <\/div>\n<!--\/themify_builder_content-->\n","protected":false},"excerpt":{"rendered":"<p>El artista multiplatino, con el que la mayor\u00eda de los j\u00f3venes crecimos viendo su paso televisivo, Jorge Blanco, estrena al fin su sencillo producido y grabado en el 2017, \u2018Bad Karma\u2019.&nbsp; Tras varios a\u00f1os en el que qued\u00f3 postergado, este sencillo oscuro y cr\u00edtico, fue escuchado por primera vez en el verano del 2017, donde [&hellip;]<\/p>\n","protected":false},"author":2,"featured_media":57469,"comment_status":"open","ping_status":"open","sticky":false,"template":"","format":"standard","meta":{"_jetpack_memberships_contains_paid_content":false,"footnotes":"","jetpack_publicize_message":"Jorge Blanco artista multiplatino, estrena su sencillo \u2018Bad Karma\u2019, te invitamos a leer la entrevista completa que le realiz\u00f3 Zero Magazine ","jetpack_publicize_feature_enabled":true,"jetpack_social_post_already_shared":true,"jetpack_social_options":{"image_generator_settings":{"template":"highway","default_image_id":0,"font":"","enabled":false},"version":2}},"categories":[117],"tags":[6119,6122,3499],"class_list":["post-57467","post","type-post","status-publish","format-standard","has-post-thumbnail","hentry","category-entretenimiento","tag-bad-karma","tag-jorge-blanco","tag-the-weeknd","has-post-title","has-post-date","has-post-category","has-post-tag","has-post-comment","has-post-author",""],"yoast_head":"<!-- This site is optimized with the Yoast SEO plugin v27.4 - https:\/\/yoast.com\/product\/yoast-seo-wordpress\/ -->\n<title>Jorge Blanco nos presenta al fin su sencillo \u2018Bad Karma\u2019 - Zero Magazine<\/title>\n<meta name=\"robots\" content=\"index, follow, max-snippet:-1, max-image-preview:large, max-video-preview:-1\" \/>\n<link rel=\"canonical\" href=\"https:\/\/zeromagazine.mx\/index.php\/2021\/11\/05\/jorge-blanco-nos-presenta-al-fin-su-sencillo-bad-karma\/\" \/>\n<meta property=\"og:locale\" content=\"es_ES\" \/>\n<meta property=\"og:type\" content=\"article\" \/>\n<meta property=\"og:title\" content=\"Jorge Blanco nos presenta al fin su sencillo \u2018Bad Karma\u2019 - Zero Magazine\" \/>\n<meta property=\"og:description\" content=\"El artista multiplatino, con el que la mayor\u00eda de los j\u00f3venes crecimos viendo su paso televisivo, Jorge Blanco, estrena al fin su sencillo producido y grabado en el 2017, \u2018Bad Karma\u2019.&nbsp; Tras varios a\u00f1os en el que qued\u00f3 postergado, este sencillo oscuro y cr\u00edtico, fue escuchado por primera vez en el verano del 2017, donde [&hellip;]\" \/>\n<meta property=\"og:url\" content=\"https:\/\/zeromagazine.mx\/index.php\/2021\/11\/05\/jorge-blanco-nos-presenta-al-fin-su-sencillo-bad-karma\/\" \/>\n<meta property=\"og:site_name\" content=\"Zero Magazine\" \/>\n<meta property=\"article:published_time\" content=\"2021-11-05T17:00:00+00:00\" \/>\n<meta name=\"author\" content=\"zeromagazinemx\" \/>\n<meta name=\"twitter:card\" content=\"summary_large_image\" \/>\n<meta name=\"twitter:label1\" content=\"Escrito por\" \/>\n\t<meta name=\"twitter:data1\" content=\"zeromagazinemx\" \/>\n\t<meta name=\"twitter:label2\" content=\"Tiempo de lectura\" \/>\n\t<meta name=\"twitter:data2\" content=\"1 minuto\" \/>\n<script type=\"application\/ld+json\" class=\"yoast-schema-graph\">{\"@context\":\"https:\\\/\\\/schema.org\",\"@graph\":[{\"@type\":\"Article\",\"@id\":\"https:\\\/\\\/zeromagazine.mx\\\/index.php\\\/2021\\\/11\\\/05\\\/jorge-blanco-nos-presenta-al-fin-su-sencillo-bad-karma\\\/#article\",\"isPartOf\":{\"@id\":\"https:\\\/\\\/zeromagazine.mx\\\/index.php\\\/2021\\\/11\\\/05\\\/jorge-blanco-nos-presenta-al-fin-su-sencillo-bad-karma\\\/\"},\"author\":{\"name\":\"zeromagazinemx\",\"@id\":\"https:\\\/\\\/zeromagazine.mx\\\/#\\\/schema\\\/person\\\/9aed9f33a7c39af3a348b86d723f7773\"},\"headline\":\"Jorge Blanco nos presenta al fin su sencillo \u2018Bad Karma\u2019\",\"datePublished\":\"2021-11-05T17:00:00+00:00\",\"mainEntityOfPage\":{\"@id\":\"https:\\\/\\\/zeromagazine.mx\\\/index.php\\\/2021\\\/11\\\/05\\\/jorge-blanco-nos-presenta-al-fin-su-sencillo-bad-karma\\\/\"},\"wordCount\":234,\"commentCount\":0,\"publisher\":{\"@id\":\"https:\\\/\\\/zeromagazine.mx\\\/#organization\"},\"image\":{\"@id\":\"https:\\\/\\\/zeromagazine.mx\\\/index.php\\\/2021\\\/11\\\/05\\\/jorge-blanco-nos-presenta-al-fin-su-sencillo-bad-karma\\\/#primaryimage\"},\"thumbnailUrl\":\"\",\"keywords\":[\"Bad Karma\",\"Jorge Blanco\",\"The Weeknd\"],\"articleSection\":[\"Entretenimiento\"],\"inLanguage\":\"es\",\"potentialAction\":[{\"@type\":\"CommentAction\",\"name\":\"Comment\",\"target\":[\"https:\\\/\\\/zeromagazine.mx\\\/index.php\\\/2021\\\/11\\\/05\\\/jorge-blanco-nos-presenta-al-fin-su-sencillo-bad-karma\\\/#respond\"]}]},{\"@type\":\"WebPage\",\"@id\":\"https:\\\/\\\/zeromagazine.mx\\\/index.php\\\/2021\\\/11\\\/05\\\/jorge-blanco-nos-presenta-al-fin-su-sencillo-bad-karma\\\/\",\"url\":\"https:\\\/\\\/zeromagazine.mx\\\/index.php\\\/2021\\\/11\\\/05\\\/jorge-blanco-nos-presenta-al-fin-su-sencillo-bad-karma\\\/\",\"name\":\"Jorge Blanco nos presenta al fin su sencillo \u2018Bad Karma\u2019 - Zero Magazine\",\"isPartOf\":{\"@id\":\"https:\\\/\\\/zeromagazine.mx\\\/#website\"},\"primaryImageOfPage\":{\"@id\":\"https:\\\/\\\/zeromagazine.mx\\\/index.php\\\/2021\\\/11\\\/05\\\/jorge-blanco-nos-presenta-al-fin-su-sencillo-bad-karma\\\/#primaryimage\"},\"image\":{\"@id\":\"https:\\\/\\\/zeromagazine.mx\\\/index.php\\\/2021\\\/11\\\/05\\\/jorge-blanco-nos-presenta-al-fin-su-sencillo-bad-karma\\\/#primaryimage\"},\"thumbnailUrl\":\"\",\"datePublished\":\"2021-11-05T17:00:00+00:00\",\"breadcrumb\":{\"@id\":\"https:\\\/\\\/zeromagazine.mx\\\/index.php\\\/2021\\\/11\\\/05\\\/jorge-blanco-nos-presenta-al-fin-su-sencillo-bad-karma\\\/#breadcrumb\"},\"inLanguage\":\"es\",\"potentialAction\":[{\"@type\":\"ReadAction\",\"target\":[\"https:\\\/\\\/zeromagazine.mx\\\/index.php\\\/2021\\\/11\\\/05\\\/jorge-blanco-nos-presenta-al-fin-su-sencillo-bad-karma\\\/\"]}]},{\"@type\":\"ImageObject\",\"inLanguage\":\"es\",\"@id\":\"https:\\\/\\\/zeromagazine.mx\\\/index.php\\\/2021\\\/11\\\/05\\\/jorge-blanco-nos-presenta-al-fin-su-sencillo-bad-karma\\\/#primaryimage\",\"url\":\"\",\"contentUrl\":\"\"},{\"@type\":\"BreadcrumbList\",\"@id\":\"https:\\\/\\\/zeromagazine.mx\\\/index.php\\\/2021\\\/11\\\/05\\\/jorge-blanco-nos-presenta-al-fin-su-sencillo-bad-karma\\\/#breadcrumb\",\"itemListElement\":[{\"@type\":\"ListItem\",\"position\":1,\"name\":\"Portada\",\"item\":\"https:\\\/\\\/zeromagazine.mx\\\/\"},{\"@type\":\"ListItem\",\"position\":2,\"name\":\"Jorge Blanco nos presenta al fin su sencillo \u2018Bad Karma\u2019\"}]},{\"@type\":\"WebSite\",\"@id\":\"https:\\\/\\\/zeromagazine.mx\\\/#website\",\"url\":\"https:\\\/\\\/zeromagazine.mx\\\/\",\"name\":\"Zero Magazine\",\"description\":\"\",\"publisher\":{\"@id\":\"https:\\\/\\\/zeromagazine.mx\\\/#organization\"},\"potentialAction\":[{\"@type\":\"SearchAction\",\"target\":{\"@type\":\"EntryPoint\",\"urlTemplate\":\"https:\\\/\\\/zeromagazine.mx\\\/?s={search_term_string}\"},\"query-input\":{\"@type\":\"PropertyValueSpecification\",\"valueRequired\":true,\"valueName\":\"search_term_string\"}}],\"inLanguage\":\"es\"},{\"@type\":\"Organization\",\"@id\":\"https:\\\/\\\/zeromagazine.mx\\\/#organization\",\"name\":\"Zero Magazine\",\"url\":\"https:\\\/\\\/zeromagazine.mx\\\/\",\"logo\":{\"@type\":\"ImageObject\",\"inLanguage\":\"es\",\"@id\":\"https:\\\/\\\/zeromagazine.mx\\\/#\\\/schema\\\/logo\\\/image\\\/\",\"url\":\"https:\\\/\\\/i0.wp.com\\\/zeromagazine.mx\\\/wp-content\\\/uploads\\\/2025\\\/11\\\/1.jpeg?fit=1000%2C1000&ssl=1\",\"contentUrl\":\"https:\\\/\\\/i0.wp.com\\\/zeromagazine.mx\\\/wp-content\\\/uploads\\\/2025\\\/11\\\/1.jpeg?fit=1000%2C1000&ssl=1\",\"width\":1000,\"height\":1000,\"caption\":\"Zero Magazine\"},\"image\":{\"@id\":\"https:\\\/\\\/zeromagazine.mx\\\/#\\\/schema\\\/logo\\\/image\\\/\"},\"sameAs\":[\"https:\\\/\\\/instagram.com\\\/zeromagazinemx\"]},{\"@type\":\"Person\",\"@id\":\"https:\\\/\\\/zeromagazine.mx\\\/#\\\/schema\\\/person\\\/9aed9f33a7c39af3a348b86d723f7773\",\"name\":\"zeromagazinemx\",\"image\":{\"@type\":\"ImageObject\",\"inLanguage\":\"es\",\"@id\":\"https:\\\/\\\/zeromagazine.mx\\\/wp-content\\\/litespeed\\\/avatar\\\/f91dfe5410d5dcb1a576bf8c45983896.jpg?ver=1776966396\",\"url\":\"https:\\\/\\\/zeromagazine.mx\\\/wp-content\\\/litespeed\\\/avatar\\\/f91dfe5410d5dcb1a576bf8c45983896.jpg?ver=1776966396\",\"contentUrl\":\"https:\\\/\\\/zeromagazine.mx\\\/wp-content\\\/litespeed\\\/avatar\\\/f91dfe5410d5dcb1a576bf8c45983896.jpg?ver=1776966396\",\"caption\":\"zeromagazinemx\"},\"url\":\"https:\\\/\\\/zeromagazine.mx\\\/index.php\\\/author\\\/zeromagazinemx\\\/\"}]}<\/script>\n<!-- \/ Yoast SEO plugin. -->","yoast_head_json":{"title":"Jorge Blanco nos presenta al fin su sencillo \u2018Bad Karma\u2019 - Zero Magazine","robots":{"index":"index","follow":"follow","max-snippet":"max-snippet:-1","max-image-preview":"max-image-preview:large","max-video-preview":"max-video-preview:-1"},"canonical":"https:\/\/zeromagazine.mx\/index.php\/2021\/11\/05\/jorge-blanco-nos-presenta-al-fin-su-sencillo-bad-karma\/","og_locale":"es_ES","og_type":"article","og_title":"Jorge Blanco nos presenta al fin su sencillo \u2018Bad Karma\u2019 - Zero Magazine","og_description":"El artista multiplatino, con el que la mayor\u00eda de los j\u00f3venes crecimos viendo su paso televisivo, Jorge Blanco, estrena al fin su sencillo producido y grabado en el 2017, \u2018Bad Karma\u2019.&nbsp; Tras varios a\u00f1os en el que qued\u00f3 postergado, este sencillo oscuro y cr\u00edtico, fue escuchado por primera vez en el verano del 2017, donde [&hellip;]","og_url":"https:\/\/zeromagazine.mx\/index.php\/2021\/11\/05\/jorge-blanco-nos-presenta-al-fin-su-sencillo-bad-karma\/","og_site_name":"Zero Magazine","article_published_time":"2021-11-05T17:00:00+00:00","author":"zeromagazinemx","twitter_card":"summary_large_image","twitter_misc":{"Escrito por":"zeromagazinemx","Tiempo de lectura":"1 minuto"},"schema":{"@context":"https:\/\/schema.org","@graph":[{"@type":"Article","@id":"https:\/\/zeromagazine.mx\/index.php\/2021\/11\/05\/jorge-blanco-nos-presenta-al-fin-su-sencillo-bad-karma\/#article","isPartOf":{"@id":"https:\/\/zeromagazine.mx\/index.php\/2021\/11\/05\/jorge-blanco-nos-presenta-al-fin-su-sencillo-bad-karma\/"},"author":{"name":"zeromagazinemx","@id":"https:\/\/zeromagazine.mx\/#\/schema\/person\/9aed9f33a7c39af3a348b86d723f7773"},"headline":"Jorge Blanco nos presenta al fin su sencillo \u2018Bad Karma\u2019","datePublished":"2021-11-05T17:00:00+00:00","mainEntityOfPage":{"@id":"https:\/\/zeromagazine.mx\/index.php\/2021\/11\/05\/jorge-blanco-nos-presenta-al-fin-su-sencillo-bad-karma\/"},"wordCount":234,"commentCount":0,"publisher":{"@id":"https:\/\/zeromagazine.mx\/#organization"},"image":{"@id":"https:\/\/zeromagazine.mx\/index.php\/2021\/11\/05\/jorge-blanco-nos-presenta-al-fin-su-sencillo-bad-karma\/#primaryimage"},"thumbnailUrl":"","keywords":["Bad Karma","Jorge Blanco","The Weeknd"],"articleSection":["Entretenimiento"],"inLanguage":"es","potentialAction":[{"@type":"CommentAction","name":"Comment","target":["https:\/\/zeromagazine.mx\/index.php\/2021\/11\/05\/jorge-blanco-nos-presenta-al-fin-su-sencillo-bad-karma\/#respond"]}]},{"@type":"WebPage","@id":"https:\/\/zeromagazine.mx\/index.php\/2021\/11\/05\/jorge-blanco-nos-presenta-al-fin-su-sencillo-bad-karma\/","url":"https:\/\/zeromagazine.mx\/index.php\/2021\/11\/05\/jorge-blanco-nos-presenta-al-fin-su-sencillo-bad-karma\/","name":"Jorge Blanco nos presenta al fin su sencillo \u2018Bad Karma\u2019 - Zero Magazine","isPartOf":{"@id":"https:\/\/zeromagazine.mx\/#website"},"primaryImageOfPage":{"@id":"https:\/\/zeromagazine.mx\/index.php\/2021\/11\/05\/jorge-blanco-nos-presenta-al-fin-su-sencillo-bad-karma\/#primaryimage"},"image":{"@id":"https:\/\/zeromagazine.mx\/index.php\/2021\/11\/05\/jorge-blanco-nos-presenta-al-fin-su-sencillo-bad-karma\/#primaryimage"},"thumbnailUrl":"","datePublished":"2021-11-05T17:00:00+00:00","breadcrumb":{"@id":"https:\/\/zeromagazine.mx\/index.php\/2021\/11\/05\/jorge-blanco-nos-presenta-al-fin-su-sencillo-bad-karma\/#breadcrumb"},"inLanguage":"es","potentialAction":[{"@type":"ReadAction","target":["https:\/\/zeromagazine.mx\/index.php\/2021\/11\/05\/jorge-blanco-nos-presenta-al-fin-su-sencillo-bad-karma\/"]}]},{"@type":"ImageObject","inLanguage":"es","@id":"https:\/\/zeromagazine.mx\/index.php\/2021\/11\/05\/jorge-blanco-nos-presenta-al-fin-su-sencillo-bad-karma\/#primaryimage","url":"","contentUrl":""},{"@type":"BreadcrumbList","@id":"https:\/\/zeromagazine.mx\/index.php\/2021\/11\/05\/jorge-blanco-nos-presenta-al-fin-su-sencillo-bad-karma\/#breadcrumb","itemListElement":[{"@type":"ListItem","position":1,"name":"Portada","item":"https:\/\/zeromagazine.mx\/"},{"@type":"ListItem","position":2,"name":"Jorge Blanco nos presenta al fin su sencillo \u2018Bad Karma\u2019"}]},{"@type":"WebSite","@id":"https:\/\/zeromagazine.mx\/#website","url":"https:\/\/zeromagazine.mx\/","name":"Zero Magazine","description":"","publisher":{"@id":"https:\/\/zeromagazine.mx\/#organization"},"potentialAction":[{"@type":"SearchAction","target":{"@type":"EntryPoint","urlTemplate":"https:\/\/zeromagazine.mx\/?s={search_term_string}"},"query-input":{"@type":"PropertyValueSpecification","valueRequired":true,"valueName":"search_term_string"}}],"inLanguage":"es"},{"@type":"Organization","@id":"https:\/\/zeromagazine.mx\/#organization","name":"Zero Magazine","url":"https:\/\/zeromagazine.mx\/","logo":{"@type":"ImageObject","inLanguage":"es","@id":"https:\/\/zeromagazine.mx\/#\/schema\/logo\/image\/","url":"https:\/\/i0.wp.com\/zeromagazine.mx\/wp-content\/uploads\/2025\/11\/1.jpeg?fit=1000%2C1000&ssl=1","contentUrl":"https:\/\/i0.wp.com\/zeromagazine.mx\/wp-content\/uploads\/2025\/11\/1.jpeg?fit=1000%2C1000&ssl=1","width":1000,"height":1000,"caption":"Zero Magazine"},"image":{"@id":"https:\/\/zeromagazine.mx\/#\/schema\/logo\/image\/"},"sameAs":["https:\/\/instagram.com\/zeromagazinemx"]},{"@type":"Person","@id":"https:\/\/zeromagazine.mx\/#\/schema\/person\/9aed9f33a7c39af3a348b86d723f7773","name":"zeromagazinemx","image":{"@type":"ImageObject","inLanguage":"es","@id":"https:\/\/zeromagazine.mx\/wp-content\/litespeed\/avatar\/f91dfe5410d5dcb1a576bf8c45983896.jpg?ver=1776966396","url":"https:\/\/zeromagazine.mx\/wp-content\/litespeed\/avatar\/f91dfe5410d5dcb1a576bf8c45983896.jpg?ver=1776966396","contentUrl":"https:\/\/zeromagazine.mx\/wp-content\/litespeed\/avatar\/f91dfe5410d5dcb1a576bf8c45983896.jpg?ver=1776966396","caption":"zeromagazinemx"},"url":"https:\/\/zeromagazine.mx\/index.php\/author\/zeromagazinemx\/"}]}},"jetpack_publicize_connections":[],"jetpack_featured_media_url":"","jetpack-related-posts":[{"id":57128,"url":"https:\/\/zeromagazine.mx\/index.php\/2021\/11\/01\/jorge-blanco-nos-trae-bad-karma\/","url_meta":{"origin":57467,"position":0},"title":"Jorge Blanco nos trae Bad Karma","author":"zeromagazinemx","date":"1 de noviembre de 2021","format":false,"excerpt":"El actor y cantante Jorge Blanco, a quien le recordamos por apariciones en Violetta, High School Musical El Desaf\u00edo, entre otras producciones, ha regresado al mundo musical. Tras el reciente hit Hot Dam presentado el pasado septiembre, un mes despu\u00e9s nos sorprende con Bad Karma, una canci\u00f3n completamente diferente a\u2026","rel":"","context":"En \u00abEntrevistas\u00bb","block_context":{"text":"Entrevistas","link":"https:\/\/zeromagazine.mx\/index.php\/category\/entretenimiento\/entrevistas\/"},"img":{"alt_text":"","src":"https:\/\/i0.wp.com\/zeromagazinemx.wpcomstaging.com\/wp-content\/uploads\/2022\/02\/a22fb-jorge-blanco-zero-3.png?resize=350%2C200&ssl=1","width":350,"height":200,"srcset":"https:\/\/i0.wp.com\/zeromagazinemx.wpcomstaging.com\/wp-content\/uploads\/2022\/02\/a22fb-jorge-blanco-zero-3.png?resize=350%2C200&ssl=1 1x, https:\/\/i0.wp.com\/zeromagazinemx.wpcomstaging.com\/wp-content\/uploads\/2022\/02\/a22fb-jorge-blanco-zero-3.png?resize=525%2C300&ssl=1 1.5x, https:\/\/i0.wp.com\/zeromagazinemx.wpcomstaging.com\/wp-content\/uploads\/2022\/02\/a22fb-jorge-blanco-zero-3.png?resize=700%2C400&ssl=1 2x"},"classes":[]},{"id":115303,"url":"https:\/\/zeromagazine.mx\/index.php\/2026\/02\/13\/tu-y-yo-x-siempre-cancion-kenia-os\/","url_meta":{"origin":57467,"position":1},"title":"KENIA OS RELEASES \u201cT\u00da Y YO X SIEMPRE\u201dA SONG DEDICATED TO LOVE","author":"David Morales","date":"13 de febrero de 2026","format":false,"excerpt":"El pop latino sigue evolucionando, pero hay artistas que entienden perfecto c\u00f3mo conectar desde lo emocional sin perder frescura. Ese es justo el mood que trae\u00a0Kenia Os\u00a0en esta nueva etapa musical, donde el romance, la est\u00e9tica y la narrativa visual se mezclan para crear algo m\u00e1s que una simple canci\u00f3n.\u2026","rel":"","context":"En \u00abBlog\u00bb","block_context":{"text":"Blog","link":"https:\/\/zeromagazine.mx\/index.php\/category\/blog\/"},"img":{"alt_text":"","src":"https:\/\/i0.wp.com\/zeromagazine.mx\/wp-content\/uploads\/2026\/02\/Cover-Art-Photo-Credit-Alfredo-persan.jpeg?fit=1200%2C1200&ssl=1&resize=350%2C200","width":350,"height":200,"srcset":"https:\/\/i0.wp.com\/zeromagazine.mx\/wp-content\/uploads\/2026\/02\/Cover-Art-Photo-Credit-Alfredo-persan.jpeg?fit=1200%2C1200&ssl=1&resize=350%2C200 1x, https:\/\/i0.wp.com\/zeromagazine.mx\/wp-content\/uploads\/2026\/02\/Cover-Art-Photo-Credit-Alfredo-persan.jpeg?fit=1200%2C1200&ssl=1&resize=525%2C300 1.5x, https:\/\/i0.wp.com\/zeromagazine.mx\/wp-content\/uploads\/2026\/02\/Cover-Art-Photo-Credit-Alfredo-persan.jpeg?fit=1200%2C1200&ssl=1&resize=700%2C400 2x, https:\/\/i0.wp.com\/zeromagazine.mx\/wp-content\/uploads\/2026\/02\/Cover-Art-Photo-Credit-Alfredo-persan.jpeg?fit=1200%2C1200&ssl=1&resize=1050%2C600 3x"},"classes":[]},{"id":115991,"url":"https:\/\/zeromagazine.mx\/index.php\/2026\/02\/27\/kenia-os-gira-exclusiva-2026\/","url_meta":{"origin":57467,"position":2},"title":"KENIA OS DESATA UNA NUEVA ERA CON UNA GIRA EXCLUSIVA","author":"David Morales","date":"27 de febrero de 2026","format":false,"excerpt":"La nueva etapa de\u00a0Kenia OS\u00a0no viene en modo discreto. Viene intensa, visual, conceptual y totalmente alineada con su evoluci\u00f3n art\u00edstica. La\u00a0Kenia OS gira exclusiva\u00a0marca el inicio oficial de la era\u00a0K DE KARMA, un cap\u00edtulo que no solo presenta m\u00fasica nueva, sino una narrativa completa que conecta directo con su fandom.\u2026","rel":"","context":"En \u00abBlog\u00bb","block_context":{"text":"Blog","link":"https:\/\/zeromagazine.mx\/index.php\/category\/blog\/"},"img":{"alt_text":"","src":"https:\/\/i0.wp.com\/zeromagazine.mx\/wp-content\/uploads\/2026\/02\/KARMA-GIRA-APODACA.jpeg?fit=1080%2C828&ssl=1&resize=350%2C200","width":350,"height":200,"srcset":"https:\/\/i0.wp.com\/zeromagazine.mx\/wp-content\/uploads\/2026\/02\/KARMA-GIRA-APODACA.jpeg?fit=1080%2C828&ssl=1&resize=350%2C200 1x, https:\/\/i0.wp.com\/zeromagazine.mx\/wp-content\/uploads\/2026\/02\/KARMA-GIRA-APODACA.jpeg?fit=1080%2C828&ssl=1&resize=525%2C300 1.5x, https:\/\/i0.wp.com\/zeromagazine.mx\/wp-content\/uploads\/2026\/02\/KARMA-GIRA-APODACA.jpeg?fit=1080%2C828&ssl=1&resize=700%2C400 2x, https:\/\/i0.wp.com\/zeromagazine.mx\/wp-content\/uploads\/2026\/02\/KARMA-GIRA-APODACA.jpeg?fit=1080%2C828&ssl=1&resize=1050%2C600 3x"},"classes":[]},{"id":92914,"url":"https:\/\/zeromagazine.mx\/index.php\/2024\/12\/11\/edo-de-la-paz-sanar-fluir-y-renacer-con-karma-bueno\/","url_meta":{"origin":57467,"position":3},"title":"Edo de La Paz: Sanar, Fluir y Renacer con Karma Bueno","author":"David Morales","date":"11 de diciembre de 2024","format":false,"excerpt":"Edoardo de La Paz es un ejemplo vivo de c\u00f3mo los momentos m\u00e1s oscuros pueden convertirse en el catalizador de los sue\u00f1os m\u00e1s brillantes. Desde la arquitectura hasta la m\u00fasica, su vida ha sido una b\u00fasqueda constante de sentido y conexi\u00f3n, marcada por giros inesperados que lo llevaron a descubrir\u2026","rel":"","context":"En \u00abEntrevistas\u00bb","block_context":{"text":"Entrevistas","link":"https:\/\/zeromagazine.mx\/index.php\/category\/entretenimiento\/entrevistas\/"},"img":{"alt_text":"","src":"https:\/\/i0.wp.com\/zeromagazine.mx\/wp-content\/uploads\/2024\/12\/IMG_2379-scaled.jpeg?fit=800%2C1200&ssl=1&resize=350%2C200","width":350,"height":200,"srcset":"https:\/\/i0.wp.com\/zeromagazine.mx\/wp-content\/uploads\/2024\/12\/IMG_2379-scaled.jpeg?fit=800%2C1200&ssl=1&resize=350%2C200 1x, https:\/\/i0.wp.com\/zeromagazine.mx\/wp-content\/uploads\/2024\/12\/IMG_2379-scaled.jpeg?fit=800%2C1200&ssl=1&resize=525%2C300 1.5x, https:\/\/i0.wp.com\/zeromagazine.mx\/wp-content\/uploads\/2024\/12\/IMG_2379-scaled.jpeg?fit=800%2C1200&ssl=1&resize=700%2C400 2x"},"classes":[]},{"id":72778,"url":"https:\/\/zeromagazine.mx\/index.php\/2024\/03\/29\/bad-vendome-de-la-diversidad-musical-al-exito-regional\/","url_meta":{"origin":57467,"position":4},"title":"Bad Vendome: De la Diversidad Musical al \u00c9xito Regional","author":"zeromagazinemx","date":"29 de marzo de 2024","format":false,"excerpt":"Vamos a sumergirnos en el vibrante universo musical de Bad Vendome, compuesto por los talentosos hermanos Hollywood Hills y Julio Castillo. Desde sus inicios como solistas hasta la formaci\u00f3n de su exitoso d\u00fao en el g\u00e9nero regional mexicano, exploraremos los momentos decisivos, las influencias y los desaf\u00edos que han marcado\u2026","rel":"","context":"En \u00abBlog\u00bb","block_context":{"text":"Blog","link":"https:\/\/zeromagazine.mx\/index.php\/category\/blog\/"},"img":{"alt_text":"","src":"https:\/\/i0.wp.com\/zeromagazine.mx\/wp-content\/uploads\/2024\/03\/BV_15-scaled.jpg?fit=800%2C1200&ssl=1&resize=350%2C200","width":350,"height":200,"srcset":"https:\/\/i0.wp.com\/zeromagazine.mx\/wp-content\/uploads\/2024\/03\/BV_15-scaled.jpg?fit=800%2C1200&ssl=1&resize=350%2C200 1x, https:\/\/i0.wp.com\/zeromagazine.mx\/wp-content\/uploads\/2024\/03\/BV_15-scaled.jpg?fit=800%2C1200&ssl=1&resize=525%2C300 1.5x, https:\/\/i0.wp.com\/zeromagazine.mx\/wp-content\/uploads\/2024\/03\/BV_15-scaled.jpg?fit=800%2C1200&ssl=1&resize=700%2C400 2x"},"classes":[]},{"id":49281,"url":"https:\/\/zeromagazine.mx\/index.php\/2021\/07\/02\/j-balvin-y-skrillex-se-unen-en-una-nueva-cancion-in-da-getto\/","url_meta":{"origin":57467,"position":5},"title":"J Balvin y Skrillex se unen en una nueva canci\u00f3n \u201cIn Da Getto\u201d","author":"zeromagazinemx","date":"2 de julio de 2021","format":false,"excerpt":"J Balvin y Skrillex colaboran en una nueva canci\u00f3n, ideal para este verano. Por Mayra Torres \u201cIn Da Getto\u201d es un sencillo que incluye elementos del \u00e9xito de los a\u00f1os 90 \u201cIn De Guetto\u201d de David Morales y The Bad Yard Club. El video captura la energ\u00eda pegajosa del tema\u2026","rel":"","context":"En \u00abEntretenimiento\u00bb","block_context":{"text":"Entretenimiento","link":"https:\/\/zeromagazine.mx\/index.php\/category\/entretenimiento\/"},"img":{"alt_text":"","src":"https:\/\/i0.wp.com\/zeromagazine.mx\/wp-content\/uploads\/2022\/02\/de87a-j-balvin-and-skrillex-by-viviana-garcia-scaled.jpg?fit=1200%2C800&ssl=1&resize=350%2C200","width":350,"height":200,"srcset":"https:\/\/i0.wp.com\/zeromagazine.mx\/wp-content\/uploads\/2022\/02\/de87a-j-balvin-and-skrillex-by-viviana-garcia-scaled.jpg?fit=1200%2C800&ssl=1&resize=350%2C200 1x, https:\/\/i0.wp.com\/zeromagazine.mx\/wp-content\/uploads\/2022\/02\/de87a-j-balvin-and-skrillex-by-viviana-garcia-scaled.jpg?fit=1200%2C800&ssl=1&resize=525%2C300 1.5x, https:\/\/i0.wp.com\/zeromagazine.mx\/wp-content\/uploads\/2022\/02\/de87a-j-balvin-and-skrillex-by-viviana-garcia-scaled.jpg?fit=1200%2C800&ssl=1&resize=700%2C400 2x, https:\/\/i0.wp.com\/zeromagazine.mx\/wp-content\/uploads\/2022\/02\/de87a-j-balvin-and-skrillex-by-viviana-garcia-scaled.jpg?fit=1200%2C800&ssl=1&resize=1050%2C600 3x"},"classes":[]}],"jetpack_sharing_enabled":true,"builder_content":"","_links":{"self":[{"href":"https:\/\/zeromagazine.mx\/index.php\/wp-json\/wp\/v2\/posts\/57467","targetHints":{"allow":["GET"]}}],"collection":[{"href":"https:\/\/zeromagazine.mx\/index.php\/wp-json\/wp\/v2\/posts"}],"about":[{"href":"https:\/\/zeromagazine.mx\/index.php\/wp-json\/wp\/v2\/types\/post"}],"author":[{"embeddable":true,"href":"https:\/\/zeromagazine.mx\/index.php\/wp-json\/wp\/v2\/users\/2"}],"replies":[{"embeddable":true,"href":"https:\/\/zeromagazine.mx\/index.php\/wp-json\/wp\/v2\/comments?post=57467"}],"version-history":[{"count":0,"href":"https:\/\/zeromagazine.mx\/index.php\/wp-json\/wp\/v2\/posts\/57467\/revisions"}],"wp:featuredmedia":[{"embeddable":true,"href":"https:\/\/zeromagazine.mx\/index.php\/wp-json\/"}],"wp:attachment":[{"href":"https:\/\/zeromagazine.mx\/index.php\/wp-json\/wp\/v2\/media?parent=57467"}],"wp:term":[{"taxonomy":"category","embeddable":true,"href":"https:\/\/zeromagazine.mx\/index.php\/wp-json\/wp\/v2\/categories?post=57467"},{"taxonomy":"post_tag","embeddable":true,"href":"https:\/\/zeromagazine.mx\/index.php\/wp-json\/wp\/v2\/tags?post=57467"}],"curies":[{"name":"wp","href":"https:\/\/api.w.org\/{rel}","templated":true}]}}