{"id":57871,"date":"2021-11-11T09:00:00","date_gmt":"2021-11-11T15:00:00","guid":{"rendered":"https:\/\/atomic-temporary-84115225.wpcomstaging.com\/?p=57871"},"modified":"2021-11-11T09:00:00","modified_gmt":"2021-11-11T15:00:00","slug":"la-compania-actores-trabajando-estrenara-la-obra-de-teatro-el-lado-oscuro-del-arcoiris","status":"publish","type":"post","link":"https:\/\/zeromagazine.mx\/index.php\/2021\/11\/11\/la-compania-actores-trabajando-estrenara-la-obra-de-teatro-el-lado-oscuro-del-arcoiris\/","title":{"rendered":"La compa\u00f1\u00eda Actores Trabajando estrenar\u00e1 la obra de teatro \u201cEl Lado Oscuro del Arco\u00edris\u201d"},"content":{"rendered":"\n<p>La obra de Lado oscuro del arco\u00edris cuenta sobre seis amigos que se encuentran de nuevo, en un 30 de diciembre despu\u00e9s de casi 2 a\u00f1os que se inici\u00f3 la pandemia de <strong>Covid<\/strong>. Al no haber tanta gente ellos empiezan a contarse historias o compartir momentos entre ellos, dando temas tanto como la homofobia, terapias de conversi\u00f3n, las relaciones t\u00f3xicas, el <strong>VIH<\/strong>, etc.<\/p>\n\n\n\n<div class=\"wp-block-image coblocks-animate\"><figure class=\"aligncenter size-full is-resized\"><a href=\"https:\/\/i0.wp.com\/zeromagazinemx.wpcomstaging.com\/wp-content\/uploads\/2022\/02\/18ca9-el-lado-oscuro-del-arcoiris-.jpg?ssl=1\"><img data-recalc-dims=\"1\" decoding=\"async\" src=\"https:\/\/i0.wp.com\/zeromagazinemx.wpcomstaging.com\/wp-content\/uploads\/2022\/02\/18ca9-el-lado-oscuro-del-arcoiris-.jpg?resize=739%2C739&#038;ssl=1\" alt=\"\" class=\"wp-image-57876\" width=\"739\" height=\"739\" \/><\/a><\/figure><\/div>\n\n\n\n<div class=\"wp-block-buttons is-layout-flex wp-block-buttons-is-layout-flex\">\n<div class=\"wp-block-button is-style-outline is-style-outline--1\"><a class=\"wp-block-button__link\">Por Marian Ricco<\/a><\/div>\n<\/div>\n\n\n\n<p>En ella participar\u00e1n actores como <strong>Cinthia Palomas, Fabo Venegas, Gil P\u00e9rez Castro, Alejandro Rubio, Jonathan Alavez, Saul Franco<\/strong> y <strong>Andr\u00e9s Castuera-Micher<\/strong>, bajo la direcci\u00f3n del dramaturgo <strong>Roberto Manzano<\/strong>.<\/p>\n\n\n\n<p>Esta obra tocara sobre temas que a veces es dif\u00edcil hablarlo en la comunidad en general, ya que hablara sobre las relaciones amorosas entre hombres de diferente generaci\u00f3n, expresiones corporales para recrear diversos escenarios, para dar a conocer m\u00e1s all\u00e1 de la personalidad estereotipada sobre el hombre homosexual, y veremos c\u00f3mo es la vida gay en <strong>M\u00e9xico <\/strong>contada en la obra que nos dar\u00e1n.<\/p>\n\n\n\n<div class=\"wp-block-image coblocks-animate\"><figure class=\"aligncenter size-full is-resized\"><a href=\"https:\/\/i0.wp.com\/zeromagazinemx.wpcomstaging.com\/wp-content\/uploads\/2022\/02\/9ce4f-el-lado-oscuro-del-arcoiris.jpg?ssl=1\"><img data-recalc-dims=\"1\" decoding=\"async\" src=\"https:\/\/i0.wp.com\/zeromagazinemx.wpcomstaging.com\/wp-content\/uploads\/2022\/02\/9ce4f-el-lado-oscuro-del-arcoiris.jpg?resize=741%2C741&#038;ssl=1\" alt=\"\" class=\"wp-image-57877\" width=\"741\" height=\"741\" \/><\/a><\/figure><\/div>\n\n\n\n\n\n<p>La funci\u00f3n es \u00fanicamente el s\u00e1bado 4 de diciembre a las 20:30h en el <strong>Teatro de la Republica<\/strong> ubicado en Antonio Caso. 48, Colonia Tabacalera, Cuauht\u00e9moc, CDMX. El costo de los boletos es de $350.00, $280.00 y $180.00 dependiendo la secci\u00f3n.&nbsp;<\/p>\n\n\n\n<p>Puedes conocer m\u00e1s sobre la compa\u00f1\u00eda <strong>Actores Trabajando<\/strong> en sus redes sociales:<\/p>\n\n\n\n<p class=\"has-text-align-center\"><a href=\"https:\/\/www.facebook.com\/actorestrabajandomx\">https:\/\/www.facebook.com\/actorestrabajandomx<\/a><\/p>\n\n\n\n<p class=\"has-text-align-center\"><a href=\"https:\/\/www.instagram.com\/actores_trabajando\/\">https:\/\/www.instagram.com\/actores_trabajando\/<\/a><\/p>\n\n\n\n\n<!--themify_builder_content-->\n<div id=\"themify_builder_content-57871\" data-postid=\"57871\" class=\"themify_builder_content themify_builder_content-57871 themify_builder tf_clear\">\n    <\/div>\n<!--\/themify_builder_content-->\n","protected":false},"excerpt":{"rendered":"<p>La obra de Lado oscuro del arco\u00edris cuenta sobre seis amigos que se encuentran de nuevo, en un 30 de diciembre despu\u00e9s de casi 2 a\u00f1os que se inici\u00f3 la pandemia de Covid. Al no haber tanta gente ellos empiezan a contarse historias o compartir momentos entre ellos, dando temas tanto como la homofobia, terapias [&hellip;]<\/p>\n","protected":false},"author":2,"featured_media":57875,"comment_status":"open","ping_status":"open","sticky":false,"template":"","format":"standard","meta":{"_jetpack_memberships_contains_paid_content":false,"footnotes":"","jetpack_publicize_message":"La compa\u00f1\u00eda Actores Trabajando estrenar\u00e1 la obra de teatro \u201cEl Lado Oscuro del Arco\u00edris\u201d, obra que aborda c\u00f3mo es la vida gay en M\u00e9xico.","jetpack_publicize_feature_enabled":true,"jetpack_social_post_already_shared":true,"jetpack_social_options":{"image_generator_settings":{"template":"highway","default_image_id":0,"font":"","enabled":false},"version":2}},"categories":[117,311],"tags":[6363,6364,6365,6366,2695,6367,6368,6369,144,6370,6371,5810,465],"class_list":["post-57871","post","type-post","status-publish","format-standard","has-post-thumbnail","hentry","category-entretenimiento","category-teatro","tag-actores-trabajando","tag-alejandro-rubio","tag-andres-castuera-micher","tag-cinthia-palomas","tag-covid","tag-fabo-venegas","tag-gil-perez-castro","tag-jonathan-alavez","tag-mexico","tag-roberto-manzano","tag-saul-franco","tag-teatro-de-la-republica","tag-vih","has-post-title","has-post-date","has-post-category","has-post-tag","has-post-comment","has-post-author",""],"yoast_head":"<!-- This site is optimized with the Yoast SEO plugin v27.5 - https:\/\/yoast.com\/product\/yoast-seo-wordpress\/ -->\n<title>La compa\u00f1\u00eda Actores Trabajando estrenar\u00e1 la obra de teatro \u201cEl Lado Oscuro del Arco\u00edris\u201d - Zero Magazine<\/title>\n<meta name=\"robots\" content=\"index, follow, max-snippet:-1, max-image-preview:large, max-video-preview:-1\" \/>\n<link rel=\"canonical\" href=\"https:\/\/zeromagazine.mx\/index.php\/2021\/11\/11\/la-compania-actores-trabajando-estrenara-la-obra-de-teatro-el-lado-oscuro-del-arcoiris\/\" \/>\n<meta property=\"og:locale\" content=\"es_ES\" \/>\n<meta property=\"og:type\" content=\"article\" \/>\n<meta property=\"og:title\" content=\"La compa\u00f1\u00eda Actores Trabajando estrenar\u00e1 la obra de teatro \u201cEl Lado Oscuro del Arco\u00edris\u201d - Zero Magazine\" \/>\n<meta property=\"og:description\" content=\"La obra de Lado oscuro del arco\u00edris cuenta sobre seis amigos que se encuentran de nuevo, en un 30 de diciembre despu\u00e9s de casi 2 a\u00f1os que se inici\u00f3 la pandemia de Covid. Al no haber tanta gente ellos empiezan a contarse historias o compartir momentos entre ellos, dando temas tanto como la homofobia, terapias [&hellip;]\" \/>\n<meta property=\"og:url\" content=\"https:\/\/zeromagazine.mx\/index.php\/2021\/11\/11\/la-compania-actores-trabajando-estrenara-la-obra-de-teatro-el-lado-oscuro-del-arcoiris\/\" \/>\n<meta property=\"og:site_name\" content=\"Zero Magazine\" \/>\n<meta property=\"article:published_time\" content=\"2021-11-11T15:00:00+00:00\" \/>\n<meta name=\"author\" content=\"zeromagazinemx\" \/>\n<meta name=\"twitter:card\" content=\"summary_large_image\" \/>\n<meta name=\"twitter:label1\" content=\"Escrito por\" \/>\n\t<meta name=\"twitter:data1\" content=\"zeromagazinemx\" \/>\n\t<meta name=\"twitter:label2\" content=\"Tiempo de lectura\" \/>\n\t<meta name=\"twitter:data2\" content=\"1 minuto\" \/>\n<script type=\"application\/ld+json\" class=\"yoast-schema-graph\">{\"@context\":\"https:\\\/\\\/schema.org\",\"@graph\":[{\"@type\":\"Article\",\"@id\":\"https:\\\/\\\/zeromagazine.mx\\\/index.php\\\/2021\\\/11\\\/11\\\/la-compania-actores-trabajando-estrenara-la-obra-de-teatro-el-lado-oscuro-del-arcoiris\\\/#article\",\"isPartOf\":{\"@id\":\"https:\\\/\\\/zeromagazine.mx\\\/index.php\\\/2021\\\/11\\\/11\\\/la-compania-actores-trabajando-estrenara-la-obra-de-teatro-el-lado-oscuro-del-arcoiris\\\/\"},\"author\":{\"name\":\"zeromagazinemx\",\"@id\":\"https:\\\/\\\/zeromagazine.mx\\\/#\\\/schema\\\/person\\\/9aed9f33a7c39af3a348b86d723f7773\"},\"headline\":\"La compa\u00f1\u00eda Actores Trabajando estrenar\u00e1 la obra de teatro \u201cEl Lado Oscuro del Arco\u00edris\u201d\",\"datePublished\":\"2021-11-11T15:00:00+00:00\",\"mainEntityOfPage\":{\"@id\":\"https:\\\/\\\/zeromagazine.mx\\\/index.php\\\/2021\\\/11\\\/11\\\/la-compania-actores-trabajando-estrenara-la-obra-de-teatro-el-lado-oscuro-del-arcoiris\\\/\"},\"wordCount\":253,\"commentCount\":0,\"publisher\":{\"@id\":\"https:\\\/\\\/zeromagazine.mx\\\/#organization\"},\"image\":{\"@id\":\"https:\\\/\\\/zeromagazine.mx\\\/index.php\\\/2021\\\/11\\\/11\\\/la-compania-actores-trabajando-estrenara-la-obra-de-teatro-el-lado-oscuro-del-arcoiris\\\/#primaryimage\"},\"thumbnailUrl\":\"\",\"keywords\":[\"Actores Trabajando\",\"Alejandro Rubio\",\"Andr\u00e9s Castuera-Micher\",\"Cinthia Palomas\",\"Covid\",\"Fabo Venegas\",\"Gil P\u00e9rez Castro\",\"Jonathan Alavez\",\"M\u00c9XICO\",\"Roberto Manzano\",\"Saul Franco\",\"Teatro de la Republica\",\"VIH\"],\"articleSection\":[\"Entretenimiento\",\"Teatro\"],\"inLanguage\":\"es\",\"potentialAction\":[{\"@type\":\"CommentAction\",\"name\":\"Comment\",\"target\":[\"https:\\\/\\\/zeromagazine.mx\\\/index.php\\\/2021\\\/11\\\/11\\\/la-compania-actores-trabajando-estrenara-la-obra-de-teatro-el-lado-oscuro-del-arcoiris\\\/#respond\"]}]},{\"@type\":\"WebPage\",\"@id\":\"https:\\\/\\\/zeromagazine.mx\\\/index.php\\\/2021\\\/11\\\/11\\\/la-compania-actores-trabajando-estrenara-la-obra-de-teatro-el-lado-oscuro-del-arcoiris\\\/\",\"url\":\"https:\\\/\\\/zeromagazine.mx\\\/index.php\\\/2021\\\/11\\\/11\\\/la-compania-actores-trabajando-estrenara-la-obra-de-teatro-el-lado-oscuro-del-arcoiris\\\/\",\"name\":\"La compa\u00f1\u00eda Actores Trabajando estrenar\u00e1 la obra de teatro \u201cEl Lado Oscuro del Arco\u00edris\u201d - Zero Magazine\",\"isPartOf\":{\"@id\":\"https:\\\/\\\/zeromagazine.mx\\\/#website\"},\"primaryImageOfPage\":{\"@id\":\"https:\\\/\\\/zeromagazine.mx\\\/index.php\\\/2021\\\/11\\\/11\\\/la-compania-actores-trabajando-estrenara-la-obra-de-teatro-el-lado-oscuro-del-arcoiris\\\/#primaryimage\"},\"image\":{\"@id\":\"https:\\\/\\\/zeromagazine.mx\\\/index.php\\\/2021\\\/11\\\/11\\\/la-compania-actores-trabajando-estrenara-la-obra-de-teatro-el-lado-oscuro-del-arcoiris\\\/#primaryimage\"},\"thumbnailUrl\":\"\",\"datePublished\":\"2021-11-11T15:00:00+00:00\",\"breadcrumb\":{\"@id\":\"https:\\\/\\\/zeromagazine.mx\\\/index.php\\\/2021\\\/11\\\/11\\\/la-compania-actores-trabajando-estrenara-la-obra-de-teatro-el-lado-oscuro-del-arcoiris\\\/#breadcrumb\"},\"inLanguage\":\"es\",\"potentialAction\":[{\"@type\":\"ReadAction\",\"target\":[\"https:\\\/\\\/zeromagazine.mx\\\/index.php\\\/2021\\\/11\\\/11\\\/la-compania-actores-trabajando-estrenara-la-obra-de-teatro-el-lado-oscuro-del-arcoiris\\\/\"]}]},{\"@type\":\"ImageObject\",\"inLanguage\":\"es\",\"@id\":\"https:\\\/\\\/zeromagazine.mx\\\/index.php\\\/2021\\\/11\\\/11\\\/la-compania-actores-trabajando-estrenara-la-obra-de-teatro-el-lado-oscuro-del-arcoiris\\\/#primaryimage\",\"url\":\"\",\"contentUrl\":\"\"},{\"@type\":\"BreadcrumbList\",\"@id\":\"https:\\\/\\\/zeromagazine.mx\\\/index.php\\\/2021\\\/11\\\/11\\\/la-compania-actores-trabajando-estrenara-la-obra-de-teatro-el-lado-oscuro-del-arcoiris\\\/#breadcrumb\",\"itemListElement\":[{\"@type\":\"ListItem\",\"position\":1,\"name\":\"Portada\",\"item\":\"https:\\\/\\\/zeromagazine.mx\\\/\"},{\"@type\":\"ListItem\",\"position\":2,\"name\":\"La compa\u00f1\u00eda Actores Trabajando estrenar\u00e1 la obra de teatro \u201cEl Lado Oscuro del Arco\u00edris\u201d\"}]},{\"@type\":\"WebSite\",\"@id\":\"https:\\\/\\\/zeromagazine.mx\\\/#website\",\"url\":\"https:\\\/\\\/zeromagazine.mx\\\/\",\"name\":\"Zero Magazine\",\"description\":\"\",\"publisher\":{\"@id\":\"https:\\\/\\\/zeromagazine.mx\\\/#organization\"},\"potentialAction\":[{\"@type\":\"SearchAction\",\"target\":{\"@type\":\"EntryPoint\",\"urlTemplate\":\"https:\\\/\\\/zeromagazine.mx\\\/?s={search_term_string}\"},\"query-input\":{\"@type\":\"PropertyValueSpecification\",\"valueRequired\":true,\"valueName\":\"search_term_string\"}}],\"inLanguage\":\"es\"},{\"@type\":\"Organization\",\"@id\":\"https:\\\/\\\/zeromagazine.mx\\\/#organization\",\"name\":\"Zero Magazine\",\"url\":\"https:\\\/\\\/zeromagazine.mx\\\/\",\"logo\":{\"@type\":\"ImageObject\",\"inLanguage\":\"es\",\"@id\":\"https:\\\/\\\/zeromagazine.mx\\\/#\\\/schema\\\/logo\\\/image\\\/\",\"url\":\"https:\\\/\\\/i0.wp.com\\\/zeromagazine.mx\\\/wp-content\\\/uploads\\\/2025\\\/11\\\/1.jpeg?fit=1000%2C1000&ssl=1\",\"contentUrl\":\"https:\\\/\\\/i0.wp.com\\\/zeromagazine.mx\\\/wp-content\\\/uploads\\\/2025\\\/11\\\/1.jpeg?fit=1000%2C1000&ssl=1\",\"width\":1000,\"height\":1000,\"caption\":\"Zero Magazine\"},\"image\":{\"@id\":\"https:\\\/\\\/zeromagazine.mx\\\/#\\\/schema\\\/logo\\\/image\\\/\"},\"sameAs\":[\"https:\\\/\\\/instagram.com\\\/zeromagazinemx\"]},{\"@type\":\"Person\",\"@id\":\"https:\\\/\\\/zeromagazine.mx\\\/#\\\/schema\\\/person\\\/9aed9f33a7c39af3a348b86d723f7773\",\"name\":\"zeromagazinemx\",\"image\":{\"@type\":\"ImageObject\",\"inLanguage\":\"es\",\"@id\":\"https:\\\/\\\/zeromagazine.mx\\\/wp-content\\\/litespeed\\\/avatar\\\/f91dfe5410d5dcb1a576bf8c45983896.jpg?ver=1777571230\",\"url\":\"https:\\\/\\\/zeromagazine.mx\\\/wp-content\\\/litespeed\\\/avatar\\\/f91dfe5410d5dcb1a576bf8c45983896.jpg?ver=1777571230\",\"contentUrl\":\"https:\\\/\\\/zeromagazine.mx\\\/wp-content\\\/litespeed\\\/avatar\\\/f91dfe5410d5dcb1a576bf8c45983896.jpg?ver=1777571230\",\"caption\":\"zeromagazinemx\"},\"url\":\"https:\\\/\\\/zeromagazine.mx\\\/index.php\\\/author\\\/zeromagazinemx\\\/\"}]}<\/script>\n<!-- \/ Yoast SEO plugin. -->","yoast_head_json":{"title":"La compa\u00f1\u00eda Actores Trabajando estrenar\u00e1 la obra de teatro \u201cEl Lado Oscuro del Arco\u00edris\u201d - Zero Magazine","robots":{"index":"index","follow":"follow","max-snippet":"max-snippet:-1","max-image-preview":"max-image-preview:large","max-video-preview":"max-video-preview:-1"},"canonical":"https:\/\/zeromagazine.mx\/index.php\/2021\/11\/11\/la-compania-actores-trabajando-estrenara-la-obra-de-teatro-el-lado-oscuro-del-arcoiris\/","og_locale":"es_ES","og_type":"article","og_title":"La compa\u00f1\u00eda Actores Trabajando estrenar\u00e1 la obra de teatro \u201cEl Lado Oscuro del Arco\u00edris\u201d - Zero Magazine","og_description":"La obra de Lado oscuro del arco\u00edris cuenta sobre seis amigos que se encuentran de nuevo, en un 30 de diciembre despu\u00e9s de casi 2 a\u00f1os que se inici\u00f3 la pandemia de Covid. Al no haber tanta gente ellos empiezan a contarse historias o compartir momentos entre ellos, dando temas tanto como la homofobia, terapias [&hellip;]","og_url":"https:\/\/zeromagazine.mx\/index.php\/2021\/11\/11\/la-compania-actores-trabajando-estrenara-la-obra-de-teatro-el-lado-oscuro-del-arcoiris\/","og_site_name":"Zero Magazine","article_published_time":"2021-11-11T15:00:00+00:00","author":"zeromagazinemx","twitter_card":"summary_large_image","twitter_misc":{"Escrito por":"zeromagazinemx","Tiempo de lectura":"1 minuto"},"schema":{"@context":"https:\/\/schema.org","@graph":[{"@type":"Article","@id":"https:\/\/zeromagazine.mx\/index.php\/2021\/11\/11\/la-compania-actores-trabajando-estrenara-la-obra-de-teatro-el-lado-oscuro-del-arcoiris\/#article","isPartOf":{"@id":"https:\/\/zeromagazine.mx\/index.php\/2021\/11\/11\/la-compania-actores-trabajando-estrenara-la-obra-de-teatro-el-lado-oscuro-del-arcoiris\/"},"author":{"name":"zeromagazinemx","@id":"https:\/\/zeromagazine.mx\/#\/schema\/person\/9aed9f33a7c39af3a348b86d723f7773"},"headline":"La compa\u00f1\u00eda Actores Trabajando estrenar\u00e1 la obra de teatro \u201cEl Lado Oscuro del Arco\u00edris\u201d","datePublished":"2021-11-11T15:00:00+00:00","mainEntityOfPage":{"@id":"https:\/\/zeromagazine.mx\/index.php\/2021\/11\/11\/la-compania-actores-trabajando-estrenara-la-obra-de-teatro-el-lado-oscuro-del-arcoiris\/"},"wordCount":253,"commentCount":0,"publisher":{"@id":"https:\/\/zeromagazine.mx\/#organization"},"image":{"@id":"https:\/\/zeromagazine.mx\/index.php\/2021\/11\/11\/la-compania-actores-trabajando-estrenara-la-obra-de-teatro-el-lado-oscuro-del-arcoiris\/#primaryimage"},"thumbnailUrl":"","keywords":["Actores Trabajando","Alejandro Rubio","Andr\u00e9s Castuera-Micher","Cinthia Palomas","Covid","Fabo Venegas","Gil P\u00e9rez Castro","Jonathan Alavez","M\u00c9XICO","Roberto Manzano","Saul Franco","Teatro de la Republica","VIH"],"articleSection":["Entretenimiento","Teatro"],"inLanguage":"es","potentialAction":[{"@type":"CommentAction","name":"Comment","target":["https:\/\/zeromagazine.mx\/index.php\/2021\/11\/11\/la-compania-actores-trabajando-estrenara-la-obra-de-teatro-el-lado-oscuro-del-arcoiris\/#respond"]}]},{"@type":"WebPage","@id":"https:\/\/zeromagazine.mx\/index.php\/2021\/11\/11\/la-compania-actores-trabajando-estrenara-la-obra-de-teatro-el-lado-oscuro-del-arcoiris\/","url":"https:\/\/zeromagazine.mx\/index.php\/2021\/11\/11\/la-compania-actores-trabajando-estrenara-la-obra-de-teatro-el-lado-oscuro-del-arcoiris\/","name":"La compa\u00f1\u00eda Actores Trabajando estrenar\u00e1 la obra de teatro \u201cEl Lado Oscuro del Arco\u00edris\u201d - Zero Magazine","isPartOf":{"@id":"https:\/\/zeromagazine.mx\/#website"},"primaryImageOfPage":{"@id":"https:\/\/zeromagazine.mx\/index.php\/2021\/11\/11\/la-compania-actores-trabajando-estrenara-la-obra-de-teatro-el-lado-oscuro-del-arcoiris\/#primaryimage"},"image":{"@id":"https:\/\/zeromagazine.mx\/index.php\/2021\/11\/11\/la-compania-actores-trabajando-estrenara-la-obra-de-teatro-el-lado-oscuro-del-arcoiris\/#primaryimage"},"thumbnailUrl":"","datePublished":"2021-11-11T15:00:00+00:00","breadcrumb":{"@id":"https:\/\/zeromagazine.mx\/index.php\/2021\/11\/11\/la-compania-actores-trabajando-estrenara-la-obra-de-teatro-el-lado-oscuro-del-arcoiris\/#breadcrumb"},"inLanguage":"es","potentialAction":[{"@type":"ReadAction","target":["https:\/\/zeromagazine.mx\/index.php\/2021\/11\/11\/la-compania-actores-trabajando-estrenara-la-obra-de-teatro-el-lado-oscuro-del-arcoiris\/"]}]},{"@type":"ImageObject","inLanguage":"es","@id":"https:\/\/zeromagazine.mx\/index.php\/2021\/11\/11\/la-compania-actores-trabajando-estrenara-la-obra-de-teatro-el-lado-oscuro-del-arcoiris\/#primaryimage","url":"","contentUrl":""},{"@type":"BreadcrumbList","@id":"https:\/\/zeromagazine.mx\/index.php\/2021\/11\/11\/la-compania-actores-trabajando-estrenara-la-obra-de-teatro-el-lado-oscuro-del-arcoiris\/#breadcrumb","itemListElement":[{"@type":"ListItem","position":1,"name":"Portada","item":"https:\/\/zeromagazine.mx\/"},{"@type":"ListItem","position":2,"name":"La compa\u00f1\u00eda Actores Trabajando estrenar\u00e1 la obra de teatro \u201cEl Lado Oscuro del Arco\u00edris\u201d"}]},{"@type":"WebSite","@id":"https:\/\/zeromagazine.mx\/#website","url":"https:\/\/zeromagazine.mx\/","name":"Zero Magazine","description":"","publisher":{"@id":"https:\/\/zeromagazine.mx\/#organization"},"potentialAction":[{"@type":"SearchAction","target":{"@type":"EntryPoint","urlTemplate":"https:\/\/zeromagazine.mx\/?s={search_term_string}"},"query-input":{"@type":"PropertyValueSpecification","valueRequired":true,"valueName":"search_term_string"}}],"inLanguage":"es"},{"@type":"Organization","@id":"https:\/\/zeromagazine.mx\/#organization","name":"Zero Magazine","url":"https:\/\/zeromagazine.mx\/","logo":{"@type":"ImageObject","inLanguage":"es","@id":"https:\/\/zeromagazine.mx\/#\/schema\/logo\/image\/","url":"https:\/\/i0.wp.com\/zeromagazine.mx\/wp-content\/uploads\/2025\/11\/1.jpeg?fit=1000%2C1000&ssl=1","contentUrl":"https:\/\/i0.wp.com\/zeromagazine.mx\/wp-content\/uploads\/2025\/11\/1.jpeg?fit=1000%2C1000&ssl=1","width":1000,"height":1000,"caption":"Zero Magazine"},"image":{"@id":"https:\/\/zeromagazine.mx\/#\/schema\/logo\/image\/"},"sameAs":["https:\/\/instagram.com\/zeromagazinemx"]},{"@type":"Person","@id":"https:\/\/zeromagazine.mx\/#\/schema\/person\/9aed9f33a7c39af3a348b86d723f7773","name":"zeromagazinemx","image":{"@type":"ImageObject","inLanguage":"es","@id":"https:\/\/zeromagazine.mx\/wp-content\/litespeed\/avatar\/f91dfe5410d5dcb1a576bf8c45983896.jpg?ver=1777571230","url":"https:\/\/zeromagazine.mx\/wp-content\/litespeed\/avatar\/f91dfe5410d5dcb1a576bf8c45983896.jpg?ver=1777571230","contentUrl":"https:\/\/zeromagazine.mx\/wp-content\/litespeed\/avatar\/f91dfe5410d5dcb1a576bf8c45983896.jpg?ver=1777571230","caption":"zeromagazinemx"},"url":"https:\/\/zeromagazine.mx\/index.php\/author\/zeromagazinemx\/"}]}},"jetpack_publicize_connections":[],"jetpack_featured_media_url":"","jetpack-related-posts":[{"id":56336,"url":"https:\/\/zeromagazine.mx\/index.php\/2021\/10\/20\/misael-maldonado-soy-un-artista-al-que-le-gusta-probar-diferentes-venenos\/","url_meta":{"origin":57871,"position":0},"title":"Misael Maldonado: \u201cSoy un artista al que le gusta probar diferentes venenos\u201d","author":"zeromagazinemx","date":"20 de octubre de 2021","format":false,"excerpt":"Tuvimos la oportunidad de entrevistar al gran actor Misael Maldonado donde nos platica un poquito de su trayectoria en el mundo de la puesta en escena y las grandes obras que ha hecho.\u00a0 Por Luis Lechuga Misael, un reconocido actor por su papel protag\u00f3nico en la obra \u201cAntes del Ocaso\u201d,\u2026","rel":"","context":"En \u00abBlog\u00bb","block_context":{"text":"Blog","link":"https:\/\/zeromagazine.mx\/index.php\/category\/blog\/"},"img":{"alt_text":"","src":"https:\/\/i0.wp.com\/zeromagazinemx.wpcomstaging.com\/wp-content\/uploads\/2022\/02\/629e3-misael-maldonado.jpg?resize=350%2C200&ssl=1","width":350,"height":200,"srcset":"https:\/\/i0.wp.com\/zeromagazinemx.wpcomstaging.com\/wp-content\/uploads\/2022\/02\/629e3-misael-maldonado.jpg?resize=350%2C200&ssl=1 1x, https:\/\/i0.wp.com\/zeromagazinemx.wpcomstaging.com\/wp-content\/uploads\/2022\/02\/629e3-misael-maldonado.jpg?resize=525%2C300&ssl=1 1.5x, https:\/\/i0.wp.com\/zeromagazinemx.wpcomstaging.com\/wp-content\/uploads\/2022\/02\/629e3-misael-maldonado.jpg?resize=700%2C400&ssl=1 2x"},"classes":[]},{"id":85283,"url":"https:\/\/zeromagazine.mx\/index.php\/2024\/10\/04\/asesinato-para-dos-risas-y-misterio\/","url_meta":{"origin":57871,"position":1},"title":"\u00abAsesinato para Dos: Risas y Misterio\u00bb","author":"zeromagazinemx","date":"4 de octubre de 2024","format":false,"excerpt":"\u00bfTe imaginas combinar un misterio, comedia y m\u00fasica en un solo lugar? Pues prep\u00e1rate porque eso es justo lo que viene con el musical \"Asesinato para Dos\", que aterriza este octubre en el Teatro Mil\u00e1n. Y s\u00ed, estamos hablando de esa vibra de humor ca\u00f3tico que amamos, con un toque\u2026","rel":"","context":"En \u00abCultura\u00bb","block_context":{"text":"Cultura","link":"https:\/\/zeromagazine.mx\/index.php\/category\/cultura\/"},"img":{"alt_text":"","src":"https:\/\/i0.wp.com\/zeromagazine.mx\/wp-content\/uploads\/2024\/10\/unnamed-23.jpg?fit=960%2C1200&ssl=1&resize=350%2C200","width":350,"height":200,"srcset":"https:\/\/i0.wp.com\/zeromagazine.mx\/wp-content\/uploads\/2024\/10\/unnamed-23.jpg?fit=960%2C1200&ssl=1&resize=350%2C200 1x, https:\/\/i0.wp.com\/zeromagazine.mx\/wp-content\/uploads\/2024\/10\/unnamed-23.jpg?fit=960%2C1200&ssl=1&resize=525%2C300 1.5x, https:\/\/i0.wp.com\/zeromagazine.mx\/wp-content\/uploads\/2024\/10\/unnamed-23.jpg?fit=960%2C1200&ssl=1&resize=700%2C400 2x"},"classes":[]},{"id":118352,"url":"https:\/\/zeromagazine.mx\/index.php\/2026\/04\/14\/sex-club-obra-de-teatro\/","url_meta":{"origin":57871,"position":2},"title":"Sex Club llega al Teatro La Capilla: una propuesta esc\u00e9nica sobre sexualidad, deseo y cuerpos disidentes.","author":"David Morales","date":"14 de abril de 2026","format":false,"excerpt":"Una puesta en escena intensa y sensorial llega al Teatro La Capilla para abrir conversaciones que incomodan, pero importan. Hay obras que entretienen\u2026 y otras que te confrontan. Esta definitivamente es la segunda. Sex Club obra de teatro: una historia que se encierra\u2026 y se abre En\u00a0Ciudad de M\u00e9xico, el\u2026","rel":"","context":"En \u00abEntretenimiento\u00bb","block_context":{"text":"Entretenimiento","link":"https:\/\/zeromagazine.mx\/index.php\/category\/entretenimiento\/"},"img":{"alt_text":"Sex Club obra de teatro ambiente sensorial con luces y sombras","src":"https:\/\/i0.wp.com\/zeromagazine.mx\/wp-content\/uploads\/2026\/04\/DSC00073-scaled.jpeg?fit=1200%2C800&ssl=1&resize=350%2C200","width":350,"height":200,"srcset":"https:\/\/i0.wp.com\/zeromagazine.mx\/wp-content\/uploads\/2026\/04\/DSC00073-scaled.jpeg?fit=1200%2C800&ssl=1&resize=350%2C200 1x, https:\/\/i0.wp.com\/zeromagazine.mx\/wp-content\/uploads\/2026\/04\/DSC00073-scaled.jpeg?fit=1200%2C800&ssl=1&resize=525%2C300 1.5x, https:\/\/i0.wp.com\/zeromagazine.mx\/wp-content\/uploads\/2026\/04\/DSC00073-scaled.jpeg?fit=1200%2C800&ssl=1&resize=700%2C400 2x, https:\/\/i0.wp.com\/zeromagazine.mx\/wp-content\/uploads\/2026\/04\/DSC00073-scaled.jpeg?fit=1200%2C800&ssl=1&resize=1050%2C600 3x"},"classes":[]},{"id":88125,"url":"https:\/\/zeromagazine.mx\/index.php\/2024\/10\/22\/premios-metropolitanos-nominaciones-que-sorprenden\/","url_meta":{"origin":57871,"position":3},"title":"Premios Metropolitanos: Nominaciones que Sorprenden","author":"zeromagazinemx","date":"22 de octubre de 2024","format":false,"excerpt":"\u00bfSab\u00edas que el teatro en M\u00e9xico est\u00e1 viviendo una etapa de puro crecimiento? En serio, cada vez hay m\u00e1s producciones que nos dejan boquiabiertos y, por supuesto, los Premios Metropolitanos de Teatro se han vuelto el evento m\u00e1s esperado del a\u00f1o. Es como la noche de los \u00d3scar, pero para\u2026","rel":"","context":"En \u00abCultura\u00bb","block_context":{"text":"Cultura","link":"https:\/\/zeromagazine.mx\/index.php\/category\/cultura\/"},"img":{"alt_text":"","src":"https:\/\/i0.wp.com\/zeromagazine.mx\/wp-content\/uploads\/2024\/10\/Los-Premios-Metropolitanos-de-Teatro-anuncian-sus-nominaciones-2024.jpg?fit=1100%2C742&ssl=1&resize=350%2C200","width":350,"height":200,"srcset":"https:\/\/i0.wp.com\/zeromagazine.mx\/wp-content\/uploads\/2024\/10\/Los-Premios-Metropolitanos-de-Teatro-anuncian-sus-nominaciones-2024.jpg?fit=1100%2C742&ssl=1&resize=350%2C200 1x, https:\/\/i0.wp.com\/zeromagazine.mx\/wp-content\/uploads\/2024\/10\/Los-Premios-Metropolitanos-de-Teatro-anuncian-sus-nominaciones-2024.jpg?fit=1100%2C742&ssl=1&resize=525%2C300 1.5x, https:\/\/i0.wp.com\/zeromagazine.mx\/wp-content\/uploads\/2024\/10\/Los-Premios-Metropolitanos-de-Teatro-anuncian-sus-nominaciones-2024.jpg?fit=1100%2C742&ssl=1&resize=700%2C400 2x, https:\/\/i0.wp.com\/zeromagazine.mx\/wp-content\/uploads\/2024\/10\/Los-Premios-Metropolitanos-de-Teatro-anuncian-sus-nominaciones-2024.jpg?fit=1100%2C742&ssl=1&resize=1050%2C600 3x"},"classes":[]},{"id":48042,"url":"https:\/\/zeromagazine.mx\/index.php\/2021\/06\/17\/alan-estrada-y-alex-fernandez-regresan-al-teatro-aldama\/","url_meta":{"origin":57871,"position":4},"title":"Alan Estrada y Alex Fern\u00e1ndez regresan al Teatro Aldama","author":"zeromagazinemx","date":"17 de junio de 2021","format":false,"excerpt":"Los dos fines de semana pasados, el Teatro Aldama fue testigo del re-estreno del unipersonal Agotados y pronto regresar\u00e1n. Por Moises Kushelevich Alan Estrada regres\u00f3 a darles vida a Sam y a otros 38 personajes de esta puesta en escena junto a una de las mejores actrices mexicanas, Rebecca Jones,\u2026","rel":"","context":"En \u00abEntretenimiento\u00bb","block_context":{"text":"Entretenimiento","link":"https:\/\/zeromagazine.mx\/index.php\/category\/entretenimiento\/"},"img":{"alt_text":"","src":"","width":0,"height":0},"classes":[]},{"id":46859,"url":"https:\/\/zeromagazine.mx\/index.php\/2021\/06\/04\/infieles-la-comedia-que-no-te-querras-perder-bajo-la-direccion-de-emyliano-santa-cruz-y-la-produccion-de-ramses-lopez\/","url_meta":{"origin":57871,"position":5},"title":"Infieles, \u00a1La comedia que no te querr\u00e1s perder! Bajo la Direcci\u00f3n de Emyliano Santa Cruz y la Producci\u00f3n de Rams\u00e9s L\u00f3pez","author":"zeromagazinemx","date":"4 de junio de 2021","format":false,"excerpt":"Esta incre\u00edble comedia inici\u00f3 su temporada el 2 de junio bajo la direcci\u00f3n de \"Emyliano Santa Cruz\" y la producci\u00f3n de \"Rams\u00e9s L\u00f3pez\". En esta entrevista tuvimos la oportunidad de hablar no solo con Rams\u00e9s y Emyliano sino tambi\u00e9n con algunos miembros del elenco como \"Chapu Garza\", \"Alejandro Poggio\" y\u2026","rel":"","context":"En \u00abEntrevistas\u00bb","block_context":{"text":"Entrevistas","link":"https:\/\/zeromagazine.mx\/index.php\/category\/entretenimiento\/entrevistas\/"},"img":{"alt_text":"","src":"","width":0,"height":0},"classes":[]}],"jetpack_sharing_enabled":true,"builder_content":"","_links":{"self":[{"href":"https:\/\/zeromagazine.mx\/index.php\/wp-json\/wp\/v2\/posts\/57871","targetHints":{"allow":["GET"]}}],"collection":[{"href":"https:\/\/zeromagazine.mx\/index.php\/wp-json\/wp\/v2\/posts"}],"about":[{"href":"https:\/\/zeromagazine.mx\/index.php\/wp-json\/wp\/v2\/types\/post"}],"author":[{"embeddable":true,"href":"https:\/\/zeromagazine.mx\/index.php\/wp-json\/wp\/v2\/users\/2"}],"replies":[{"embeddable":true,"href":"https:\/\/zeromagazine.mx\/index.php\/wp-json\/wp\/v2\/comments?post=57871"}],"version-history":[{"count":0,"href":"https:\/\/zeromagazine.mx\/index.php\/wp-json\/wp\/v2\/posts\/57871\/revisions"}],"wp:featuredmedia":[{"embeddable":true,"href":"https:\/\/zeromagazine.mx\/index.php\/wp-json\/"}],"wp:attachment":[{"href":"https:\/\/zeromagazine.mx\/index.php\/wp-json\/wp\/v2\/media?parent=57871"}],"wp:term":[{"taxonomy":"category","embeddable":true,"href":"https:\/\/zeromagazine.mx\/index.php\/wp-json\/wp\/v2\/categories?post=57871"},{"taxonomy":"post_tag","embeddable":true,"href":"https:\/\/zeromagazine.mx\/index.php\/wp-json\/wp\/v2\/tags?post=57871"}],"curies":[{"name":"wp","href":"https:\/\/api.w.org\/{rel}","templated":true}]}}