{"id":57890,"date":"2021-11-12T13:30:00","date_gmt":"2021-11-12T19:30:00","guid":{"rendered":"https:\/\/atomic-temporary-84115225.wpcomstaging.com\/?p=57890"},"modified":"2021-11-12T13:30:00","modified_gmt":"2021-11-12T19:30:00","slug":"iluminemos-de-azul-organiza-subasta-de-arte-en-favor-de-la-inclusion","status":"publish","type":"post","link":"https:\/\/zeromagazine.mx\/index.php\/2021\/11\/12\/iluminemos-de-azul-organiza-subasta-de-arte-en-favor-de-la-inclusion\/","title":{"rendered":"Iluminemos de Azul organiza subasta de arte en favor de la inclusi\u00f3n"},"content":{"rendered":"\n<p>Este 17, 18 y 19 de Noviembre se llevar\u00e1 a cabo la Subasta Iluminarte, organizada por la fundaci\u00f3n <strong>Iluminemos de Azul<\/strong>, una organizaci\u00f3n sin fines de lucro que tiene como objetivo visibilizar el autismo, as\u00ed, promover el inter\u00e9s p\u00fablico sobre el tema, sumar voluntades y provocar un cambio en el entorno respecto a la inclusi\u00f3n.\u00a0<\/p>\n\n\n\n<div class=\"wp-block-image coblocks-animate\"><figure class=\"aligncenter size-full\"><a href=\"https:\/\/i0.wp.com\/zeromagazinemx.wpcomstaging.com\/wp-content\/uploads\/2022\/02\/1479b-subasta-iluminarte.jpg?ssl=1\"><img data-recalc-dims=\"1\" decoding=\"async\" src=\"https:\/\/i0.wp.com\/zeromagazinemx.wpcomstaging.com\/wp-content\/uploads\/2022\/02\/1479b-subasta-iluminarte.jpg?w=1165&#038;ssl=1\" alt=\"\" class=\"wp-image-57893\" \/><\/a><\/figure><\/div>\n\n\n\n<div class=\"wp-block-buttons is-layout-flex wp-block-buttons-is-layout-flex\">\n<div class=\"wp-block-button is-style-outline is-style-outline--1\"><a class=\"wp-block-button__link\">Por Marian Ricco<\/a><\/div>\n<\/div>\n\n\n\n<p>La subasta de arte, que se llevara a cabo en l\u00ednea, busca procurar fondos a beneficio de <strong>Iluminemos de Azul<\/strong>, para dar continuidad a la labor de acompa\u00f1amiento a familias que tienen uno o m\u00e1s miembros en condici\u00f3n de espectro autista.\u00a0<\/p>\n\n\n\n<div class=\"wp-block-image coblocks-animate\"><figure class=\"aligncenter size-full is-resized\"><a href=\"https:\/\/i0.wp.com\/zeromagazinemx.wpcomstaging.com\/wp-content\/uploads\/2022\/02\/f78e7-iluminarte-azul-1.png?ssl=1\"><img data-recalc-dims=\"1\" decoding=\"async\" src=\"https:\/\/i0.wp.com\/zeromagazinemx.wpcomstaging.com\/wp-content\/uploads\/2022\/02\/f78e7-iluminarte-azul-1.png?resize=600%2C952&#038;ssl=1\" alt=\"\" class=\"wp-image-57897\" width=\"600\" height=\"952\" \/><\/a><\/figure><\/div>\n\n\n\n<p>Asimismo, buscan dar a conocer la variedad y calidad del trabajo de los artistas en <strong>M\u00e9xico<\/strong>, pa\u00eds que tiene en ellos gran potencial y riqueza, adem\u00e1s de ser una comunidad que se caracteriza por su esp\u00edritu solidario.<\/p>\n\n\n\n\n<!--themify_builder_content-->\n<div id=\"themify_builder_content-57890\" data-postid=\"57890\" class=\"themify_builder_content themify_builder_content-57890 themify_builder tf_clear\">\n    <\/div>\n<!--\/themify_builder_content-->\n","protected":false},"excerpt":{"rendered":"<p>Este 17, 18 y 19 de Noviembre se llevar\u00e1 a cabo la Subasta Iluminarte, organizada por la fundaci\u00f3n Iluminemos de Azul, una organizaci\u00f3n sin fines de lucro que tiene como objetivo visibilizar el autismo, as\u00ed, promover el inter\u00e9s p\u00fablico sobre el tema, sumar voluntades y provocar un cambio en el entorno respecto a la inclusi\u00f3n.\u00a0 [&hellip;]<\/p>\n","protected":false},"author":2,"featured_media":57892,"comment_status":"open","ping_status":"open","sticky":false,"template":"","format":"standard","meta":{"_jetpack_memberships_contains_paid_content":false,"footnotes":"","jetpack_publicize_message":"La Fundaci\u00f3n Iluminemos de Azul, organizar\u00e1 subasta de arte a favor de la inclusi\u00f3n de las personas con autismo","jetpack_publicize_feature_enabled":true,"jetpack_social_post_already_shared":true,"jetpack_social_options":{"image_generator_settings":{"template":"highway","default_image_id":0,"font":"","enabled":false},"version":2}},"categories":[117],"tags":[6381,144],"class_list":["post-57890","post","type-post","status-publish","format-standard","has-post-thumbnail","hentry","category-entretenimiento","tag-iluminemos-de-azul","tag-mexico","has-post-title","has-post-date","has-post-category","has-post-tag","has-post-comment","has-post-author",""],"yoast_head":"<!-- This site is optimized with the Yoast SEO plugin v27.5 - https:\/\/yoast.com\/product\/yoast-seo-wordpress\/ -->\n<title>Iluminemos de Azul organiza subasta de arte en favor de la inclusi\u00f3n - Zero Magazine<\/title>\n<meta name=\"robots\" content=\"index, follow, max-snippet:-1, max-image-preview:large, max-video-preview:-1\" \/>\n<link rel=\"canonical\" href=\"https:\/\/zeromagazine.mx\/index.php\/2021\/11\/12\/iluminemos-de-azul-organiza-subasta-de-arte-en-favor-de-la-inclusion\/\" \/>\n<meta property=\"og:locale\" content=\"es_ES\" \/>\n<meta property=\"og:type\" content=\"article\" \/>\n<meta property=\"og:title\" content=\"Iluminemos de Azul organiza subasta de arte en favor de la inclusi\u00f3n - Zero Magazine\" \/>\n<meta property=\"og:description\" content=\"Este 17, 18 y 19 de Noviembre se llevar\u00e1 a cabo la Subasta Iluminarte, organizada por la fundaci\u00f3n Iluminemos de Azul, una organizaci\u00f3n sin fines de lucro que tiene como objetivo visibilizar el autismo, as\u00ed, promover el inter\u00e9s p\u00fablico sobre el tema, sumar voluntades y provocar un cambio en el entorno respecto a la inclusi\u00f3n.\u00a0 [&hellip;]\" \/>\n<meta property=\"og:url\" content=\"https:\/\/zeromagazine.mx\/index.php\/2021\/11\/12\/iluminemos-de-azul-organiza-subasta-de-arte-en-favor-de-la-inclusion\/\" \/>\n<meta property=\"og:site_name\" content=\"Zero Magazine\" \/>\n<meta property=\"article:published_time\" content=\"2021-11-12T19:30:00+00:00\" \/>\n<meta name=\"author\" content=\"zeromagazinemx\" \/>\n<meta name=\"twitter:card\" content=\"summary_large_image\" \/>\n<meta name=\"twitter:label1\" content=\"Escrito por\" \/>\n\t<meta name=\"twitter:data1\" content=\"zeromagazinemx\" \/>\n\t<meta name=\"twitter:label2\" content=\"Tiempo de lectura\" \/>\n\t<meta name=\"twitter:data2\" content=\"1 minuto\" \/>\n<script type=\"application\/ld+json\" class=\"yoast-schema-graph\">{\"@context\":\"https:\\\/\\\/schema.org\",\"@graph\":[{\"@type\":\"Article\",\"@id\":\"https:\\\/\\\/zeromagazine.mx\\\/index.php\\\/2021\\\/11\\\/12\\\/iluminemos-de-azul-organiza-subasta-de-arte-en-favor-de-la-inclusion\\\/#article\",\"isPartOf\":{\"@id\":\"https:\\\/\\\/zeromagazine.mx\\\/index.php\\\/2021\\\/11\\\/12\\\/iluminemos-de-azul-organiza-subasta-de-arte-en-favor-de-la-inclusion\\\/\"},\"author\":{\"name\":\"zeromagazinemx\",\"@id\":\"https:\\\/\\\/zeromagazine.mx\\\/#\\\/schema\\\/person\\\/9aed9f33a7c39af3a348b86d723f7773\"},\"headline\":\"Iluminemos de Azul organiza subasta de arte en favor de la inclusi\u00f3n\",\"datePublished\":\"2021-11-12T19:30:00+00:00\",\"mainEntityOfPage\":{\"@id\":\"https:\\\/\\\/zeromagazine.mx\\\/index.php\\\/2021\\\/11\\\/12\\\/iluminemos-de-azul-organiza-subasta-de-arte-en-favor-de-la-inclusion\\\/\"},\"wordCount\":159,\"commentCount\":0,\"publisher\":{\"@id\":\"https:\\\/\\\/zeromagazine.mx\\\/#organization\"},\"image\":{\"@id\":\"https:\\\/\\\/zeromagazine.mx\\\/index.php\\\/2021\\\/11\\\/12\\\/iluminemos-de-azul-organiza-subasta-de-arte-en-favor-de-la-inclusion\\\/#primaryimage\"},\"thumbnailUrl\":\"\",\"keywords\":[\"Iluminemos de Azul\",\"M\u00c9XICO\"],\"articleSection\":[\"Entretenimiento\"],\"inLanguage\":\"es\",\"potentialAction\":[{\"@type\":\"CommentAction\",\"name\":\"Comment\",\"target\":[\"https:\\\/\\\/zeromagazine.mx\\\/index.php\\\/2021\\\/11\\\/12\\\/iluminemos-de-azul-organiza-subasta-de-arte-en-favor-de-la-inclusion\\\/#respond\"]}]},{\"@type\":\"WebPage\",\"@id\":\"https:\\\/\\\/zeromagazine.mx\\\/index.php\\\/2021\\\/11\\\/12\\\/iluminemos-de-azul-organiza-subasta-de-arte-en-favor-de-la-inclusion\\\/\",\"url\":\"https:\\\/\\\/zeromagazine.mx\\\/index.php\\\/2021\\\/11\\\/12\\\/iluminemos-de-azul-organiza-subasta-de-arte-en-favor-de-la-inclusion\\\/\",\"name\":\"Iluminemos de Azul organiza subasta de arte en favor de la inclusi\u00f3n - Zero Magazine\",\"isPartOf\":{\"@id\":\"https:\\\/\\\/zeromagazine.mx\\\/#website\"},\"primaryImageOfPage\":{\"@id\":\"https:\\\/\\\/zeromagazine.mx\\\/index.php\\\/2021\\\/11\\\/12\\\/iluminemos-de-azul-organiza-subasta-de-arte-en-favor-de-la-inclusion\\\/#primaryimage\"},\"image\":{\"@id\":\"https:\\\/\\\/zeromagazine.mx\\\/index.php\\\/2021\\\/11\\\/12\\\/iluminemos-de-azul-organiza-subasta-de-arte-en-favor-de-la-inclusion\\\/#primaryimage\"},\"thumbnailUrl\":\"\",\"datePublished\":\"2021-11-12T19:30:00+00:00\",\"breadcrumb\":{\"@id\":\"https:\\\/\\\/zeromagazine.mx\\\/index.php\\\/2021\\\/11\\\/12\\\/iluminemos-de-azul-organiza-subasta-de-arte-en-favor-de-la-inclusion\\\/#breadcrumb\"},\"inLanguage\":\"es\",\"potentialAction\":[{\"@type\":\"ReadAction\",\"target\":[\"https:\\\/\\\/zeromagazine.mx\\\/index.php\\\/2021\\\/11\\\/12\\\/iluminemos-de-azul-organiza-subasta-de-arte-en-favor-de-la-inclusion\\\/\"]}]},{\"@type\":\"ImageObject\",\"inLanguage\":\"es\",\"@id\":\"https:\\\/\\\/zeromagazine.mx\\\/index.php\\\/2021\\\/11\\\/12\\\/iluminemos-de-azul-organiza-subasta-de-arte-en-favor-de-la-inclusion\\\/#primaryimage\",\"url\":\"\",\"contentUrl\":\"\"},{\"@type\":\"BreadcrumbList\",\"@id\":\"https:\\\/\\\/zeromagazine.mx\\\/index.php\\\/2021\\\/11\\\/12\\\/iluminemos-de-azul-organiza-subasta-de-arte-en-favor-de-la-inclusion\\\/#breadcrumb\",\"itemListElement\":[{\"@type\":\"ListItem\",\"position\":1,\"name\":\"Portada\",\"item\":\"https:\\\/\\\/zeromagazine.mx\\\/\"},{\"@type\":\"ListItem\",\"position\":2,\"name\":\"Iluminemos de Azul organiza subasta de arte en favor de la inclusi\u00f3n\"}]},{\"@type\":\"WebSite\",\"@id\":\"https:\\\/\\\/zeromagazine.mx\\\/#website\",\"url\":\"https:\\\/\\\/zeromagazine.mx\\\/\",\"name\":\"Zero Magazine\",\"description\":\"\",\"publisher\":{\"@id\":\"https:\\\/\\\/zeromagazine.mx\\\/#organization\"},\"potentialAction\":[{\"@type\":\"SearchAction\",\"target\":{\"@type\":\"EntryPoint\",\"urlTemplate\":\"https:\\\/\\\/zeromagazine.mx\\\/?s={search_term_string}\"},\"query-input\":{\"@type\":\"PropertyValueSpecification\",\"valueRequired\":true,\"valueName\":\"search_term_string\"}}],\"inLanguage\":\"es\"},{\"@type\":\"Organization\",\"@id\":\"https:\\\/\\\/zeromagazine.mx\\\/#organization\",\"name\":\"Zero Magazine\",\"url\":\"https:\\\/\\\/zeromagazine.mx\\\/\",\"logo\":{\"@type\":\"ImageObject\",\"inLanguage\":\"es\",\"@id\":\"https:\\\/\\\/zeromagazine.mx\\\/#\\\/schema\\\/logo\\\/image\\\/\",\"url\":\"https:\\\/\\\/i0.wp.com\\\/zeromagazine.mx\\\/wp-content\\\/uploads\\\/2025\\\/11\\\/1.jpeg?fit=1000%2C1000&ssl=1\",\"contentUrl\":\"https:\\\/\\\/i0.wp.com\\\/zeromagazine.mx\\\/wp-content\\\/uploads\\\/2025\\\/11\\\/1.jpeg?fit=1000%2C1000&ssl=1\",\"width\":1000,\"height\":1000,\"caption\":\"Zero Magazine\"},\"image\":{\"@id\":\"https:\\\/\\\/zeromagazine.mx\\\/#\\\/schema\\\/logo\\\/image\\\/\"},\"sameAs\":[\"https:\\\/\\\/instagram.com\\\/zeromagazinemx\"]},{\"@type\":\"Person\",\"@id\":\"https:\\\/\\\/zeromagazine.mx\\\/#\\\/schema\\\/person\\\/9aed9f33a7c39af3a348b86d723f7773\",\"name\":\"zeromagazinemx\",\"image\":{\"@type\":\"ImageObject\",\"inLanguage\":\"es\",\"@id\":\"https:\\\/\\\/zeromagazine.mx\\\/wp-content\\\/litespeed\\\/avatar\\\/f91dfe5410d5dcb1a576bf8c45983896.jpg?ver=1777571230\",\"url\":\"https:\\\/\\\/zeromagazine.mx\\\/wp-content\\\/litespeed\\\/avatar\\\/f91dfe5410d5dcb1a576bf8c45983896.jpg?ver=1777571230\",\"contentUrl\":\"https:\\\/\\\/zeromagazine.mx\\\/wp-content\\\/litespeed\\\/avatar\\\/f91dfe5410d5dcb1a576bf8c45983896.jpg?ver=1777571230\",\"caption\":\"zeromagazinemx\"},\"url\":\"https:\\\/\\\/zeromagazine.mx\\\/index.php\\\/author\\\/zeromagazinemx\\\/\"}]}<\/script>\n<!-- \/ Yoast SEO plugin. -->","yoast_head_json":{"title":"Iluminemos de Azul organiza subasta de arte en favor de la inclusi\u00f3n - Zero Magazine","robots":{"index":"index","follow":"follow","max-snippet":"max-snippet:-1","max-image-preview":"max-image-preview:large","max-video-preview":"max-video-preview:-1"},"canonical":"https:\/\/zeromagazine.mx\/index.php\/2021\/11\/12\/iluminemos-de-azul-organiza-subasta-de-arte-en-favor-de-la-inclusion\/","og_locale":"es_ES","og_type":"article","og_title":"Iluminemos de Azul organiza subasta de arte en favor de la inclusi\u00f3n - Zero Magazine","og_description":"Este 17, 18 y 19 de Noviembre se llevar\u00e1 a cabo la Subasta Iluminarte, organizada por la fundaci\u00f3n Iluminemos de Azul, una organizaci\u00f3n sin fines de lucro que tiene como objetivo visibilizar el autismo, as\u00ed, promover el inter\u00e9s p\u00fablico sobre el tema, sumar voluntades y provocar un cambio en el entorno respecto a la inclusi\u00f3n.\u00a0 [&hellip;]","og_url":"https:\/\/zeromagazine.mx\/index.php\/2021\/11\/12\/iluminemos-de-azul-organiza-subasta-de-arte-en-favor-de-la-inclusion\/","og_site_name":"Zero Magazine","article_published_time":"2021-11-12T19:30:00+00:00","author":"zeromagazinemx","twitter_card":"summary_large_image","twitter_misc":{"Escrito por":"zeromagazinemx","Tiempo de lectura":"1 minuto"},"schema":{"@context":"https:\/\/schema.org","@graph":[{"@type":"Article","@id":"https:\/\/zeromagazine.mx\/index.php\/2021\/11\/12\/iluminemos-de-azul-organiza-subasta-de-arte-en-favor-de-la-inclusion\/#article","isPartOf":{"@id":"https:\/\/zeromagazine.mx\/index.php\/2021\/11\/12\/iluminemos-de-azul-organiza-subasta-de-arte-en-favor-de-la-inclusion\/"},"author":{"name":"zeromagazinemx","@id":"https:\/\/zeromagazine.mx\/#\/schema\/person\/9aed9f33a7c39af3a348b86d723f7773"},"headline":"Iluminemos de Azul organiza subasta de arte en favor de la inclusi\u00f3n","datePublished":"2021-11-12T19:30:00+00:00","mainEntityOfPage":{"@id":"https:\/\/zeromagazine.mx\/index.php\/2021\/11\/12\/iluminemos-de-azul-organiza-subasta-de-arte-en-favor-de-la-inclusion\/"},"wordCount":159,"commentCount":0,"publisher":{"@id":"https:\/\/zeromagazine.mx\/#organization"},"image":{"@id":"https:\/\/zeromagazine.mx\/index.php\/2021\/11\/12\/iluminemos-de-azul-organiza-subasta-de-arte-en-favor-de-la-inclusion\/#primaryimage"},"thumbnailUrl":"","keywords":["Iluminemos de Azul","M\u00c9XICO"],"articleSection":["Entretenimiento"],"inLanguage":"es","potentialAction":[{"@type":"CommentAction","name":"Comment","target":["https:\/\/zeromagazine.mx\/index.php\/2021\/11\/12\/iluminemos-de-azul-organiza-subasta-de-arte-en-favor-de-la-inclusion\/#respond"]}]},{"@type":"WebPage","@id":"https:\/\/zeromagazine.mx\/index.php\/2021\/11\/12\/iluminemos-de-azul-organiza-subasta-de-arte-en-favor-de-la-inclusion\/","url":"https:\/\/zeromagazine.mx\/index.php\/2021\/11\/12\/iluminemos-de-azul-organiza-subasta-de-arte-en-favor-de-la-inclusion\/","name":"Iluminemos de Azul organiza subasta de arte en favor de la inclusi\u00f3n - Zero Magazine","isPartOf":{"@id":"https:\/\/zeromagazine.mx\/#website"},"primaryImageOfPage":{"@id":"https:\/\/zeromagazine.mx\/index.php\/2021\/11\/12\/iluminemos-de-azul-organiza-subasta-de-arte-en-favor-de-la-inclusion\/#primaryimage"},"image":{"@id":"https:\/\/zeromagazine.mx\/index.php\/2021\/11\/12\/iluminemos-de-azul-organiza-subasta-de-arte-en-favor-de-la-inclusion\/#primaryimage"},"thumbnailUrl":"","datePublished":"2021-11-12T19:30:00+00:00","breadcrumb":{"@id":"https:\/\/zeromagazine.mx\/index.php\/2021\/11\/12\/iluminemos-de-azul-organiza-subasta-de-arte-en-favor-de-la-inclusion\/#breadcrumb"},"inLanguage":"es","potentialAction":[{"@type":"ReadAction","target":["https:\/\/zeromagazine.mx\/index.php\/2021\/11\/12\/iluminemos-de-azul-organiza-subasta-de-arte-en-favor-de-la-inclusion\/"]}]},{"@type":"ImageObject","inLanguage":"es","@id":"https:\/\/zeromagazine.mx\/index.php\/2021\/11\/12\/iluminemos-de-azul-organiza-subasta-de-arte-en-favor-de-la-inclusion\/#primaryimage","url":"","contentUrl":""},{"@type":"BreadcrumbList","@id":"https:\/\/zeromagazine.mx\/index.php\/2021\/11\/12\/iluminemos-de-azul-organiza-subasta-de-arte-en-favor-de-la-inclusion\/#breadcrumb","itemListElement":[{"@type":"ListItem","position":1,"name":"Portada","item":"https:\/\/zeromagazine.mx\/"},{"@type":"ListItem","position":2,"name":"Iluminemos de Azul organiza subasta de arte en favor de la inclusi\u00f3n"}]},{"@type":"WebSite","@id":"https:\/\/zeromagazine.mx\/#website","url":"https:\/\/zeromagazine.mx\/","name":"Zero Magazine","description":"","publisher":{"@id":"https:\/\/zeromagazine.mx\/#organization"},"potentialAction":[{"@type":"SearchAction","target":{"@type":"EntryPoint","urlTemplate":"https:\/\/zeromagazine.mx\/?s={search_term_string}"},"query-input":{"@type":"PropertyValueSpecification","valueRequired":true,"valueName":"search_term_string"}}],"inLanguage":"es"},{"@type":"Organization","@id":"https:\/\/zeromagazine.mx\/#organization","name":"Zero Magazine","url":"https:\/\/zeromagazine.mx\/","logo":{"@type":"ImageObject","inLanguage":"es","@id":"https:\/\/zeromagazine.mx\/#\/schema\/logo\/image\/","url":"https:\/\/i0.wp.com\/zeromagazine.mx\/wp-content\/uploads\/2025\/11\/1.jpeg?fit=1000%2C1000&ssl=1","contentUrl":"https:\/\/i0.wp.com\/zeromagazine.mx\/wp-content\/uploads\/2025\/11\/1.jpeg?fit=1000%2C1000&ssl=1","width":1000,"height":1000,"caption":"Zero Magazine"},"image":{"@id":"https:\/\/zeromagazine.mx\/#\/schema\/logo\/image\/"},"sameAs":["https:\/\/instagram.com\/zeromagazinemx"]},{"@type":"Person","@id":"https:\/\/zeromagazine.mx\/#\/schema\/person\/9aed9f33a7c39af3a348b86d723f7773","name":"zeromagazinemx","image":{"@type":"ImageObject","inLanguage":"es","@id":"https:\/\/zeromagazine.mx\/wp-content\/litespeed\/avatar\/f91dfe5410d5dcb1a576bf8c45983896.jpg?ver=1777571230","url":"https:\/\/zeromagazine.mx\/wp-content\/litespeed\/avatar\/f91dfe5410d5dcb1a576bf8c45983896.jpg?ver=1777571230","contentUrl":"https:\/\/zeromagazine.mx\/wp-content\/litespeed\/avatar\/f91dfe5410d5dcb1a576bf8c45983896.jpg?ver=1777571230","caption":"zeromagazinemx"},"url":"https:\/\/zeromagazine.mx\/index.php\/author\/zeromagazinemx\/"}]}},"jetpack_publicize_connections":[],"jetpack_featured_media_url":"","jetpack-related-posts":[{"id":54226,"url":"https:\/\/zeromagazine.mx\/index.php\/2021\/09\/10\/el-whisky-mas-anejado-en-barrica-de-jerez-fue-subastado\/","url_meta":{"origin":57890,"position":0},"title":"El whisky m\u00e1s a\u00f1ejado en barrica de jerez fue subastado\ufffc","author":"zeromagazinemx","date":"10 de septiembre de 2021","format":false,"excerpt":"Un exclusivo y selecto whisky ser\u00e1 parte de la subasta de Vinos de colecci\u00f3n, Uso Diario, Destilados y Puros. Por Mayra Torres The Macallan Exceptional Single Cask 1950\u00a0fue subastado en la prestigiosa casa de bebidas escocesa Morton Subastas, la mezcla fue puesta en a\u00f1ejamiento en una barrica de jerez el\u2026","rel":"","context":"En \u00abBlog\u00bb","block_context":{"text":"Blog","link":"https:\/\/zeromagazine.mx\/index.php\/category\/blog\/"},"img":{"alt_text":"","src":"","width":0,"height":0},"classes":[]},{"id":55551,"url":"https:\/\/zeromagazine.mx\/index.php\/2021\/10\/06\/morton-subastas-hace-homenaje-a-la-galeria-de-arte-mexicano\/","url_meta":{"origin":57890,"position":1},"title":"Morton Subastas hace homenaje a La Galer\u00eda de Arte Mexicano","author":"zeromagazinemx","date":"6 de octubre de 2021","format":false,"excerpt":"La GAM es la galer\u00eda m\u00e1s longeva de nuestro pa\u00eds con una historia de m\u00e1s de 80 a\u00f1os de promoci\u00f3n y difusi\u00f3n del arte en M\u00e9xico. Para este homenaje, se contempla una venta de arte en subasta curada por la GAM, as\u00ed como un conversatorio en el que se hablara\u2026","rel":"","context":"En \u00abCultura\u00bb","block_context":{"text":"Cultura","link":"https:\/\/zeromagazine.mx\/index.php\/category\/cultura\/"},"img":{"alt_text":"","src":"https:\/\/i0.wp.com\/zeromagazinemx.wpcomstaging.com\/wp-content\/uploads\/2022\/02\/6f795-morton-subastas.jpg?resize=350%2C200&ssl=1","width":350,"height":200},"classes":[]},{"id":109283,"url":"https:\/\/zeromagazine.mx\/index.php\/2025\/10\/08\/sheglam-polvo-2-en-1-maquillaje\/","url_meta":{"origin":57890,"position":2},"title":"SHEGLAM Polvo 2 en 1: el secreto del efecto filtro","author":"zeromagazinemx","date":"8 de octubre de 2025","format":false,"excerpt":"Si amas ese acabado de piel impecable que parece salida de un filtro (pero sin el filtro), prep\u00e1rate para conocer el SHEGLAM Polvo 2 en 1. Este d\u00fao est\u00e1 cambiando las reglas del juego del maquillaje: controla el brillo, ilumina, y deja una textura tan lisa que hasta la c\u00e1mara\u2026","rel":"","context":"En \u00abBeauty\u00bb","block_context":{"text":"Beauty","link":"https:\/\/zeromagazine.mx\/index.php\/category\/beauty\/"},"img":{"alt_text":"","src":"https:\/\/i0.wp.com\/zeromagazine.mx\/wp-content\/uploads\/2025\/10\/Copia-de-Manfinity-Roghcode-SKU-sm2411268987985119-2.png?fit=1200%2C675&ssl=1&resize=350%2C200","width":350,"height":200,"srcset":"https:\/\/i0.wp.com\/zeromagazine.mx\/wp-content\/uploads\/2025\/10\/Copia-de-Manfinity-Roghcode-SKU-sm2411268987985119-2.png?fit=1200%2C675&ssl=1&resize=350%2C200 1x, https:\/\/i0.wp.com\/zeromagazine.mx\/wp-content\/uploads\/2025\/10\/Copia-de-Manfinity-Roghcode-SKU-sm2411268987985119-2.png?fit=1200%2C675&ssl=1&resize=525%2C300 1.5x, https:\/\/i0.wp.com\/zeromagazine.mx\/wp-content\/uploads\/2025\/10\/Copia-de-Manfinity-Roghcode-SKU-sm2411268987985119-2.png?fit=1200%2C675&ssl=1&resize=700%2C400 2x, https:\/\/i0.wp.com\/zeromagazine.mx\/wp-content\/uploads\/2025\/10\/Copia-de-Manfinity-Roghcode-SKU-sm2411268987985119-2.png?fit=1200%2C675&ssl=1&resize=1050%2C600 3x"},"classes":[]},{"id":108885,"url":"https:\/\/zeromagazine.mx\/index.php\/2025\/09\/23\/hpnotiq-coctel-azul-que-conquista\/","url_meta":{"origin":57890,"position":3},"title":"Hpnotiq c\u00f3ctel: fantas\u00eda l\u00edquida en azul","author":"David Morales","date":"23 de septiembre de 2025","format":false,"excerpt":"Cuando el mundo de la cocteler\u00eda parec\u00eda dominado por sabores predecibles,\u00a0Hpnotiq c\u00f3ctel\u00a0lleg\u00f3 a romper esquemas. Nacido en 2001 gracias a Raphael Yakoby, inspirado por un frasco de perfume azul en Bloomingdale\u2019s, este licor se convirti\u00f3 en un \u00edcono instant\u00e1neo. Su botella esmerilada y su color ne\u00f3n lo hicieron reconocible en\u2026","rel":"","context":"En \u00abBlog\u00bb","block_context":{"text":"Blog","link":"https:\/\/zeromagazine.mx\/index.php\/category\/blog\/"},"img":{"alt_text":"","src":"https:\/\/i0.wp.com\/zeromagazine.mx\/wp-content\/uploads\/2025\/09\/HP-Breeze.jpeg?fit=1200%2C675&ssl=1&resize=350%2C200","width":350,"height":200,"srcset":"https:\/\/i0.wp.com\/zeromagazine.mx\/wp-content\/uploads\/2025\/09\/HP-Breeze.jpeg?fit=1200%2C675&ssl=1&resize=350%2C200 1x, https:\/\/i0.wp.com\/zeromagazine.mx\/wp-content\/uploads\/2025\/09\/HP-Breeze.jpeg?fit=1200%2C675&ssl=1&resize=525%2C300 1.5x, https:\/\/i0.wp.com\/zeromagazine.mx\/wp-content\/uploads\/2025\/09\/HP-Breeze.jpeg?fit=1200%2C675&ssl=1&resize=700%2C400 2x, https:\/\/i0.wp.com\/zeromagazine.mx\/wp-content\/uploads\/2025\/09\/HP-Breeze.jpeg?fit=1200%2C675&ssl=1&resize=1050%2C600 3x"},"classes":[]},{"id":49299,"url":"https:\/\/zeromagazine.mx\/index.php\/2021\/07\/03\/llega-la-poderosa-tendencia-de-los-tapetes-persas\/","url_meta":{"origin":57890,"position":4},"title":"Llega la poderosa tendencia de los tapetes persas","author":"zeromagazinemx","date":"3 de julio de 2021","format":false,"excerpt":"La Subasta de Antig\u00fcedades \u201cPervivencias de Am\u00e9rica, Europa y Medio Oriente\u201d llev\u00f3 a cabo una subasta de una exquisita selecci\u00f3n de 17 tapetes persas de la m\u00e1s alta calidad. Por Mayra Torres Los tapetes persas son creaciones textiles que dan testimonio de las civilizaciones que han poblado a lo largo\u2026","rel":"","context":"En \u00abCultura\u00bb","block_context":{"text":"Cultura","link":"https:\/\/zeromagazine.mx\/index.php\/category\/cultura\/"},"img":{"alt_text":"","src":"https:\/\/i0.wp.com\/zeromagazine.mx\/wp-content\/uploads\/2022\/02\/11d17-ssm2605-scaled.jpg?fit=1200%2C785&ssl=1&resize=350%2C200","width":350,"height":200,"srcset":"https:\/\/i0.wp.com\/zeromagazine.mx\/wp-content\/uploads\/2022\/02\/11d17-ssm2605-scaled.jpg?fit=1200%2C785&ssl=1&resize=350%2C200 1x, https:\/\/i0.wp.com\/zeromagazine.mx\/wp-content\/uploads\/2022\/02\/11d17-ssm2605-scaled.jpg?fit=1200%2C785&ssl=1&resize=525%2C300 1.5x, https:\/\/i0.wp.com\/zeromagazine.mx\/wp-content\/uploads\/2022\/02\/11d17-ssm2605-scaled.jpg?fit=1200%2C785&ssl=1&resize=700%2C400 2x, https:\/\/i0.wp.com\/zeromagazine.mx\/wp-content\/uploads\/2022\/02\/11d17-ssm2605-scaled.jpg?fit=1200%2C785&ssl=1&resize=1050%2C600 3x"},"classes":[]},{"id":109708,"url":"https:\/\/zeromagazine.mx\/index.php\/2025\/10\/22\/polvo-2-en-1-sheglam-filtro-real\/","url_meta":{"origin":57890,"position":5},"title":"Polvo 2 en 1 SHEGLAM: tu filtro IRL","author":"Luis Trujano","date":"22 de octubre de 2025","format":false,"excerpt":"Si alguna vez so\u00f1aste con tener el efecto de filtro de tus selfies pero en la vida real, prep\u00e1rate: SHEGLAM acaba de lanzar el producto que te lo cumple sin necesitar c\u00e1mara ni retoques. Su nuevo polvo 2 en 1 SHEGLAM Insta-Ready Ultra-Fine Blur & Lift promete una piel suave,\u2026","rel":"","context":"En \u00abBeauty\u00bb","block_context":{"text":"Beauty","link":"https:\/\/zeromagazine.mx\/index.php\/category\/beauty\/"},"img":{"alt_text":"","src":"https:\/\/i0.wp.com\/zeromagazine.mx\/wp-content\/uploads\/2025\/10\/IMG_5708.png?fit=1200%2C675&ssl=1&resize=350%2C200","width":350,"height":200,"srcset":"https:\/\/i0.wp.com\/zeromagazine.mx\/wp-content\/uploads\/2025\/10\/IMG_5708.png?fit=1200%2C675&ssl=1&resize=350%2C200 1x, https:\/\/i0.wp.com\/zeromagazine.mx\/wp-content\/uploads\/2025\/10\/IMG_5708.png?fit=1200%2C675&ssl=1&resize=525%2C300 1.5x, https:\/\/i0.wp.com\/zeromagazine.mx\/wp-content\/uploads\/2025\/10\/IMG_5708.png?fit=1200%2C675&ssl=1&resize=700%2C400 2x, https:\/\/i0.wp.com\/zeromagazine.mx\/wp-content\/uploads\/2025\/10\/IMG_5708.png?fit=1200%2C675&ssl=1&resize=1050%2C600 3x"},"classes":[]}],"jetpack_sharing_enabled":true,"builder_content":"","_links":{"self":[{"href":"https:\/\/zeromagazine.mx\/index.php\/wp-json\/wp\/v2\/posts\/57890","targetHints":{"allow":["GET"]}}],"collection":[{"href":"https:\/\/zeromagazine.mx\/index.php\/wp-json\/wp\/v2\/posts"}],"about":[{"href":"https:\/\/zeromagazine.mx\/index.php\/wp-json\/wp\/v2\/types\/post"}],"author":[{"embeddable":true,"href":"https:\/\/zeromagazine.mx\/index.php\/wp-json\/wp\/v2\/users\/2"}],"replies":[{"embeddable":true,"href":"https:\/\/zeromagazine.mx\/index.php\/wp-json\/wp\/v2\/comments?post=57890"}],"version-history":[{"count":0,"href":"https:\/\/zeromagazine.mx\/index.php\/wp-json\/wp\/v2\/posts\/57890\/revisions"}],"wp:featuredmedia":[{"embeddable":true,"href":"https:\/\/zeromagazine.mx\/index.php\/wp-json\/"}],"wp:attachment":[{"href":"https:\/\/zeromagazine.mx\/index.php\/wp-json\/wp\/v2\/media?parent=57890"}],"wp:term":[{"taxonomy":"category","embeddable":true,"href":"https:\/\/zeromagazine.mx\/index.php\/wp-json\/wp\/v2\/categories?post=57890"},{"taxonomy":"post_tag","embeddable":true,"href":"https:\/\/zeromagazine.mx\/index.php\/wp-json\/wp\/v2\/tags?post=57890"}],"curies":[{"name":"wp","href":"https:\/\/api.w.org\/{rel}","templated":true}]}}