{"id":57907,"date":"2021-11-12T12:00:00","date_gmt":"2021-11-12T18:00:00","guid":{"rendered":"https:\/\/atomic-temporary-84115225.wpcomstaging.com\/?p=57907"},"modified":"2021-11-12T12:00:00","modified_gmt":"2021-11-12T18:00:00","slug":"atrevete-a-navegar-por-el-tiempo-con-ostel","status":"publish","type":"post","link":"https:\/\/zeromagazine.mx\/index.php\/2021\/11\/12\/atrevete-a-navegar-por-el-tiempo-con-ostel\/","title":{"rendered":"Atr\u00e9vete a navegar por el tiempo con Ostel"},"content":{"rendered":"\n<p><strong><strong>Sergio Sanza<\/strong><\/strong>, mejor conocido como <strong>OSTEL<\/strong>; realiza un viaje sonoro inmerso en el espacio y el tiempo con su nuevo material discogr\u00e1fico: <strong>Ghost. PT 1.<\/strong>\u00a0<\/p>\n\n\n\n<figure class=\"wp-block-embed aligncenter is-type-rich is-provider-instagram wp-block-embed-instagram\"><div class=\"wp-block-embed__wrapper\">\nhttps:\/\/www.instagram.com\/tv\/CWHRrACAm0H\/?utm_medium=copy_link\n<\/div><\/figure>\n\n\n\n<div class=\"wp-block-buttons is-layout-flex wp-block-buttons-is-layout-flex\">\n<div class=\"wp-block-button is-style-outline is-style-outline--1\"><a class=\"wp-block-button__link\">Por Kirya Hery<\/a><\/div>\n<\/div>\n\n\n\n<p>El autor mexicano, multi instrumentista y productor, debut\u00f3 hace poco m\u00e1s de un a\u00f1o, tray\u00e9ndonos obras sonoras dignas de ser escuchadas y materializadas en nuestra vida cotidiana.&nbsp;<\/p>\n\n\n\n<p>Durante esta nueva etapa, <strong>OSTEL <\/strong>se consolida como un proyecto conceptual en donde nos retrata Sergio Sanza, las desventuras que pueden ocurrir en una vida cotidiana.\u00a0<\/p>\n\n\n\n<p>Con un tracklist lleno de canciones fluctuantes como: \u201c<strong>BLIP<\/strong>\u201d, \u201c<strong>DISTANCE<\/strong>\u201d, \u201c<strong>SHADOWS<\/strong>\u201d; entre otros. Podemos encontrar en este talento emergente, una gran capacidad para mezclar recuerdos en canciones, amores en letras y sobre todo, sentimientos en la armon\u00eda.\u00a0<\/p>\n\n\n\n<p><em>\u00abSomos esclavos del tiempo y el espacio, lo aceptamos, lloramos, sonre\u00edmos, nos perdemos en el olvido y nos volvemos a encontrar en esta marcha inexorable donde no hay principio y no hay final.\u00bb Comenta \u00a0<\/em>&#8211; <strong>OSTEL<\/strong><\/p>\n\n\n\n<p>Puedes seguir el viaje presenciando el concierto inmersivo que realiz\u00f3 el autor recientemente. Te dejamos el material por ac\u00e1 abajo:<\/p>\n\n\n\n<figure class=\"wp-block-embed is-type-video is-provider-youtube wp-block-embed-youtube wp-embed-aspect-16-9 wp-has-aspect-ratio\"><div class=\"wp-block-embed__wrapper\">\n<div class=\"post-video\"><iframe title=\"OSTEL LIVE! - (Concert Film Official Trailer)\" width=\"1165\" height=\"655\" src=\"https:\/\/www.youtube.com\/embed\/cHn0dPtN_y4?list=PLaID8bqKp74vUU7XeKL2xsOrQ3TiPWe5x\" frameborder=\"0\" allow=\"accelerometer; autoplay; clipboard-write; encrypted-media; gyroscope; picture-in-picture; web-share\" allowfullscreen><\/iframe><\/div>\n<\/div><\/figure>\n\n\n\n<p class=\"has-text-align-center\"><strong>Sigue a Kirya\u200c \u200cHery\u200c:<\/strong><\/p>\n\n\n\n<p class=\"has-text-align-center\"><strong>Instagram: <\/strong><a href=\"https:\/\/www.instagram.com\/kiryahery\/\">@kiryahery<\/a><\/p>\n\n\n\n\n<!--themify_builder_content-->\n<div id=\"themify_builder_content-57907\" data-postid=\"57907\" class=\"themify_builder_content themify_builder_content-57907 themify_builder tf_clear\">\n    <\/div>\n<!--\/themify_builder_content-->\n","protected":false},"excerpt":{"rendered":"<p>Sergio Sanza, mejor conocido como OSTEL; realiza un viaje sonoro inmerso en el espacio y el tiempo con su nuevo material discogr\u00e1fico: Ghost. PT 1.\u00a0 El autor mexicano, multi instrumentista y productor, debut\u00f3 hace poco m\u00e1s de un a\u00f1o, tray\u00e9ndonos obras sonoras dignas de ser escuchadas y materializadas en nuestra vida cotidiana.&nbsp; Durante esta nueva [&hellip;]<\/p>\n","protected":false},"author":2,"featured_media":57909,"comment_status":"open","ping_status":"open","sticky":false,"template":"","format":"standard","meta":{"_jetpack_memberships_contains_paid_content":false,"footnotes":"","jetpack_publicize_message":"Sergio Sanza, mejor conocido como OSTEL; realiza un viaje sonoro inmerso en el espacio y el tiempo con su nuevo material discogr\u00e1fico: Ghost. PT 1.\u00a0","jetpack_publicize_feature_enabled":true,"jetpack_social_post_already_shared":true,"jetpack_social_options":{"image_generator_settings":{"template":"highway","default_image_id":0,"font":"","enabled":false},"version":2}},"categories":[117],"tags":[6391,6392,6393,6394,6395,6396],"class_list":["post-57907","post","type-post","status-publish","format-standard","has-post-thumbnail","hentry","category-entretenimiento","tag-blip","tag-distance","tag-ghost-pt-1","tag-ostel","tag-sergio-sanza","tag-shadows","has-post-title","has-post-date","has-post-category","has-post-tag","has-post-comment","has-post-author",""],"yoast_head":"<!-- This site is optimized with the Yoast SEO plugin v27.5 - https:\/\/yoast.com\/product\/yoast-seo-wordpress\/ -->\n<title>Atr\u00e9vete a navegar por el tiempo con Ostel - Zero Magazine<\/title>\n<meta name=\"robots\" content=\"index, follow, max-snippet:-1, max-image-preview:large, max-video-preview:-1\" \/>\n<link rel=\"canonical\" href=\"https:\/\/zeromagazine.mx\/index.php\/2021\/11\/12\/atrevete-a-navegar-por-el-tiempo-con-ostel\/\" \/>\n<meta property=\"og:locale\" content=\"es_ES\" \/>\n<meta property=\"og:type\" content=\"article\" \/>\n<meta property=\"og:title\" content=\"Atr\u00e9vete a navegar por el tiempo con Ostel - Zero Magazine\" \/>\n<meta property=\"og:description\" content=\"Sergio Sanza, mejor conocido como OSTEL; realiza un viaje sonoro inmerso en el espacio y el tiempo con su nuevo material discogr\u00e1fico: Ghost. PT 1.\u00a0 El autor mexicano, multi instrumentista y productor, debut\u00f3 hace poco m\u00e1s de un a\u00f1o, tray\u00e9ndonos obras sonoras dignas de ser escuchadas y materializadas en nuestra vida cotidiana.&nbsp; Durante esta nueva [&hellip;]\" \/>\n<meta property=\"og:url\" content=\"https:\/\/zeromagazine.mx\/index.php\/2021\/11\/12\/atrevete-a-navegar-por-el-tiempo-con-ostel\/\" \/>\n<meta property=\"og:site_name\" content=\"Zero Magazine\" \/>\n<meta property=\"article:published_time\" content=\"2021-11-12T18:00:00+00:00\" \/>\n<meta name=\"author\" content=\"zeromagazinemx\" \/>\n<meta name=\"twitter:card\" content=\"summary_large_image\" \/>\n<meta name=\"twitter:label1\" content=\"Escrito por\" \/>\n\t<meta name=\"twitter:data1\" content=\"zeromagazinemx\" \/>\n\t<meta name=\"twitter:label2\" content=\"Tiempo de lectura\" \/>\n\t<meta name=\"twitter:data2\" content=\"1 minuto\" \/>\n<script type=\"application\/ld+json\" class=\"yoast-schema-graph\">{\"@context\":\"https:\\\/\\\/schema.org\",\"@graph\":[{\"@type\":\"Article\",\"@id\":\"https:\\\/\\\/zeromagazine.mx\\\/index.php\\\/2021\\\/11\\\/12\\\/atrevete-a-navegar-por-el-tiempo-con-ostel\\\/#article\",\"isPartOf\":{\"@id\":\"https:\\\/\\\/zeromagazine.mx\\\/index.php\\\/2021\\\/11\\\/12\\\/atrevete-a-navegar-por-el-tiempo-con-ostel\\\/\"},\"author\":{\"name\":\"zeromagazinemx\",\"@id\":\"https:\\\/\\\/zeromagazine.mx\\\/#\\\/schema\\\/person\\\/9aed9f33a7c39af3a348b86d723f7773\"},\"headline\":\"Atr\u00e9vete a navegar por el tiempo con Ostel\",\"datePublished\":\"2021-11-12T18:00:00+00:00\",\"mainEntityOfPage\":{\"@id\":\"https:\\\/\\\/zeromagazine.mx\\\/index.php\\\/2021\\\/11\\\/12\\\/atrevete-a-navegar-por-el-tiempo-con-ostel\\\/\"},\"wordCount\":226,\"commentCount\":0,\"publisher\":{\"@id\":\"https:\\\/\\\/zeromagazine.mx\\\/#organization\"},\"image\":{\"@id\":\"https:\\\/\\\/zeromagazine.mx\\\/index.php\\\/2021\\\/11\\\/12\\\/atrevete-a-navegar-por-el-tiempo-con-ostel\\\/#primaryimage\"},\"thumbnailUrl\":\"\",\"keywords\":[\"BLIP\",\"DISTANCE\",\"Ghost. PT 1.\",\"OSTEL\",\"Sergio Sanza\",\"SHADOWS\"],\"articleSection\":[\"Entretenimiento\"],\"inLanguage\":\"es\",\"potentialAction\":[{\"@type\":\"CommentAction\",\"name\":\"Comment\",\"target\":[\"https:\\\/\\\/zeromagazine.mx\\\/index.php\\\/2021\\\/11\\\/12\\\/atrevete-a-navegar-por-el-tiempo-con-ostel\\\/#respond\"]}]},{\"@type\":\"WebPage\",\"@id\":\"https:\\\/\\\/zeromagazine.mx\\\/index.php\\\/2021\\\/11\\\/12\\\/atrevete-a-navegar-por-el-tiempo-con-ostel\\\/\",\"url\":\"https:\\\/\\\/zeromagazine.mx\\\/index.php\\\/2021\\\/11\\\/12\\\/atrevete-a-navegar-por-el-tiempo-con-ostel\\\/\",\"name\":\"Atr\u00e9vete a navegar por el tiempo con Ostel - Zero Magazine\",\"isPartOf\":{\"@id\":\"https:\\\/\\\/zeromagazine.mx\\\/#website\"},\"primaryImageOfPage\":{\"@id\":\"https:\\\/\\\/zeromagazine.mx\\\/index.php\\\/2021\\\/11\\\/12\\\/atrevete-a-navegar-por-el-tiempo-con-ostel\\\/#primaryimage\"},\"image\":{\"@id\":\"https:\\\/\\\/zeromagazine.mx\\\/index.php\\\/2021\\\/11\\\/12\\\/atrevete-a-navegar-por-el-tiempo-con-ostel\\\/#primaryimage\"},\"thumbnailUrl\":\"\",\"datePublished\":\"2021-11-12T18:00:00+00:00\",\"breadcrumb\":{\"@id\":\"https:\\\/\\\/zeromagazine.mx\\\/index.php\\\/2021\\\/11\\\/12\\\/atrevete-a-navegar-por-el-tiempo-con-ostel\\\/#breadcrumb\"},\"inLanguage\":\"es\",\"potentialAction\":[{\"@type\":\"ReadAction\",\"target\":[\"https:\\\/\\\/zeromagazine.mx\\\/index.php\\\/2021\\\/11\\\/12\\\/atrevete-a-navegar-por-el-tiempo-con-ostel\\\/\"]}]},{\"@type\":\"ImageObject\",\"inLanguage\":\"es\",\"@id\":\"https:\\\/\\\/zeromagazine.mx\\\/index.php\\\/2021\\\/11\\\/12\\\/atrevete-a-navegar-por-el-tiempo-con-ostel\\\/#primaryimage\",\"url\":\"\",\"contentUrl\":\"\"},{\"@type\":\"BreadcrumbList\",\"@id\":\"https:\\\/\\\/zeromagazine.mx\\\/index.php\\\/2021\\\/11\\\/12\\\/atrevete-a-navegar-por-el-tiempo-con-ostel\\\/#breadcrumb\",\"itemListElement\":[{\"@type\":\"ListItem\",\"position\":1,\"name\":\"Portada\",\"item\":\"https:\\\/\\\/zeromagazine.mx\\\/\"},{\"@type\":\"ListItem\",\"position\":2,\"name\":\"Atr\u00e9vete a navegar por el tiempo con Ostel\"}]},{\"@type\":\"WebSite\",\"@id\":\"https:\\\/\\\/zeromagazine.mx\\\/#website\",\"url\":\"https:\\\/\\\/zeromagazine.mx\\\/\",\"name\":\"Zero Magazine\",\"description\":\"\",\"publisher\":{\"@id\":\"https:\\\/\\\/zeromagazine.mx\\\/#organization\"},\"potentialAction\":[{\"@type\":\"SearchAction\",\"target\":{\"@type\":\"EntryPoint\",\"urlTemplate\":\"https:\\\/\\\/zeromagazine.mx\\\/?s={search_term_string}\"},\"query-input\":{\"@type\":\"PropertyValueSpecification\",\"valueRequired\":true,\"valueName\":\"search_term_string\"}}],\"inLanguage\":\"es\"},{\"@type\":\"Organization\",\"@id\":\"https:\\\/\\\/zeromagazine.mx\\\/#organization\",\"name\":\"Zero Magazine\",\"url\":\"https:\\\/\\\/zeromagazine.mx\\\/\",\"logo\":{\"@type\":\"ImageObject\",\"inLanguage\":\"es\",\"@id\":\"https:\\\/\\\/zeromagazine.mx\\\/#\\\/schema\\\/logo\\\/image\\\/\",\"url\":\"https:\\\/\\\/i0.wp.com\\\/zeromagazine.mx\\\/wp-content\\\/uploads\\\/2025\\\/11\\\/1.jpeg?fit=1000%2C1000&ssl=1\",\"contentUrl\":\"https:\\\/\\\/i0.wp.com\\\/zeromagazine.mx\\\/wp-content\\\/uploads\\\/2025\\\/11\\\/1.jpeg?fit=1000%2C1000&ssl=1\",\"width\":1000,\"height\":1000,\"caption\":\"Zero Magazine\"},\"image\":{\"@id\":\"https:\\\/\\\/zeromagazine.mx\\\/#\\\/schema\\\/logo\\\/image\\\/\"},\"sameAs\":[\"https:\\\/\\\/instagram.com\\\/zeromagazinemx\"]},{\"@type\":\"Person\",\"@id\":\"https:\\\/\\\/zeromagazine.mx\\\/#\\\/schema\\\/person\\\/9aed9f33a7c39af3a348b86d723f7773\",\"name\":\"zeromagazinemx\",\"image\":{\"@type\":\"ImageObject\",\"inLanguage\":\"es\",\"@id\":\"https:\\\/\\\/zeromagazine.mx\\\/wp-content\\\/litespeed\\\/avatar\\\/f91dfe5410d5dcb1a576bf8c45983896.jpg?ver=1776966396\",\"url\":\"https:\\\/\\\/zeromagazine.mx\\\/wp-content\\\/litespeed\\\/avatar\\\/f91dfe5410d5dcb1a576bf8c45983896.jpg?ver=1776966396\",\"contentUrl\":\"https:\\\/\\\/zeromagazine.mx\\\/wp-content\\\/litespeed\\\/avatar\\\/f91dfe5410d5dcb1a576bf8c45983896.jpg?ver=1776966396\",\"caption\":\"zeromagazinemx\"},\"url\":\"https:\\\/\\\/zeromagazine.mx\\\/index.php\\\/author\\\/zeromagazinemx\\\/\"}]}<\/script>\n<!-- \/ Yoast SEO plugin. -->","yoast_head_json":{"title":"Atr\u00e9vete a navegar por el tiempo con Ostel - Zero Magazine","robots":{"index":"index","follow":"follow","max-snippet":"max-snippet:-1","max-image-preview":"max-image-preview:large","max-video-preview":"max-video-preview:-1"},"canonical":"https:\/\/zeromagazine.mx\/index.php\/2021\/11\/12\/atrevete-a-navegar-por-el-tiempo-con-ostel\/","og_locale":"es_ES","og_type":"article","og_title":"Atr\u00e9vete a navegar por el tiempo con Ostel - Zero Magazine","og_description":"Sergio Sanza, mejor conocido como OSTEL; realiza un viaje sonoro inmerso en el espacio y el tiempo con su nuevo material discogr\u00e1fico: Ghost. PT 1.\u00a0 El autor mexicano, multi instrumentista y productor, debut\u00f3 hace poco m\u00e1s de un a\u00f1o, tray\u00e9ndonos obras sonoras dignas de ser escuchadas y materializadas en nuestra vida cotidiana.&nbsp; Durante esta nueva [&hellip;]","og_url":"https:\/\/zeromagazine.mx\/index.php\/2021\/11\/12\/atrevete-a-navegar-por-el-tiempo-con-ostel\/","og_site_name":"Zero Magazine","article_published_time":"2021-11-12T18:00:00+00:00","author":"zeromagazinemx","twitter_card":"summary_large_image","twitter_misc":{"Escrito por":"zeromagazinemx","Tiempo de lectura":"1 minuto"},"schema":{"@context":"https:\/\/schema.org","@graph":[{"@type":"Article","@id":"https:\/\/zeromagazine.mx\/index.php\/2021\/11\/12\/atrevete-a-navegar-por-el-tiempo-con-ostel\/#article","isPartOf":{"@id":"https:\/\/zeromagazine.mx\/index.php\/2021\/11\/12\/atrevete-a-navegar-por-el-tiempo-con-ostel\/"},"author":{"name":"zeromagazinemx","@id":"https:\/\/zeromagazine.mx\/#\/schema\/person\/9aed9f33a7c39af3a348b86d723f7773"},"headline":"Atr\u00e9vete a navegar por el tiempo con Ostel","datePublished":"2021-11-12T18:00:00+00:00","mainEntityOfPage":{"@id":"https:\/\/zeromagazine.mx\/index.php\/2021\/11\/12\/atrevete-a-navegar-por-el-tiempo-con-ostel\/"},"wordCount":226,"commentCount":0,"publisher":{"@id":"https:\/\/zeromagazine.mx\/#organization"},"image":{"@id":"https:\/\/zeromagazine.mx\/index.php\/2021\/11\/12\/atrevete-a-navegar-por-el-tiempo-con-ostel\/#primaryimage"},"thumbnailUrl":"","keywords":["BLIP","DISTANCE","Ghost. PT 1.","OSTEL","Sergio Sanza","SHADOWS"],"articleSection":["Entretenimiento"],"inLanguage":"es","potentialAction":[{"@type":"CommentAction","name":"Comment","target":["https:\/\/zeromagazine.mx\/index.php\/2021\/11\/12\/atrevete-a-navegar-por-el-tiempo-con-ostel\/#respond"]}]},{"@type":"WebPage","@id":"https:\/\/zeromagazine.mx\/index.php\/2021\/11\/12\/atrevete-a-navegar-por-el-tiempo-con-ostel\/","url":"https:\/\/zeromagazine.mx\/index.php\/2021\/11\/12\/atrevete-a-navegar-por-el-tiempo-con-ostel\/","name":"Atr\u00e9vete a navegar por el tiempo con Ostel - Zero Magazine","isPartOf":{"@id":"https:\/\/zeromagazine.mx\/#website"},"primaryImageOfPage":{"@id":"https:\/\/zeromagazine.mx\/index.php\/2021\/11\/12\/atrevete-a-navegar-por-el-tiempo-con-ostel\/#primaryimage"},"image":{"@id":"https:\/\/zeromagazine.mx\/index.php\/2021\/11\/12\/atrevete-a-navegar-por-el-tiempo-con-ostel\/#primaryimage"},"thumbnailUrl":"","datePublished":"2021-11-12T18:00:00+00:00","breadcrumb":{"@id":"https:\/\/zeromagazine.mx\/index.php\/2021\/11\/12\/atrevete-a-navegar-por-el-tiempo-con-ostel\/#breadcrumb"},"inLanguage":"es","potentialAction":[{"@type":"ReadAction","target":["https:\/\/zeromagazine.mx\/index.php\/2021\/11\/12\/atrevete-a-navegar-por-el-tiempo-con-ostel\/"]}]},{"@type":"ImageObject","inLanguage":"es","@id":"https:\/\/zeromagazine.mx\/index.php\/2021\/11\/12\/atrevete-a-navegar-por-el-tiempo-con-ostel\/#primaryimage","url":"","contentUrl":""},{"@type":"BreadcrumbList","@id":"https:\/\/zeromagazine.mx\/index.php\/2021\/11\/12\/atrevete-a-navegar-por-el-tiempo-con-ostel\/#breadcrumb","itemListElement":[{"@type":"ListItem","position":1,"name":"Portada","item":"https:\/\/zeromagazine.mx\/"},{"@type":"ListItem","position":2,"name":"Atr\u00e9vete a navegar por el tiempo con Ostel"}]},{"@type":"WebSite","@id":"https:\/\/zeromagazine.mx\/#website","url":"https:\/\/zeromagazine.mx\/","name":"Zero Magazine","description":"","publisher":{"@id":"https:\/\/zeromagazine.mx\/#organization"},"potentialAction":[{"@type":"SearchAction","target":{"@type":"EntryPoint","urlTemplate":"https:\/\/zeromagazine.mx\/?s={search_term_string}"},"query-input":{"@type":"PropertyValueSpecification","valueRequired":true,"valueName":"search_term_string"}}],"inLanguage":"es"},{"@type":"Organization","@id":"https:\/\/zeromagazine.mx\/#organization","name":"Zero Magazine","url":"https:\/\/zeromagazine.mx\/","logo":{"@type":"ImageObject","inLanguage":"es","@id":"https:\/\/zeromagazine.mx\/#\/schema\/logo\/image\/","url":"https:\/\/i0.wp.com\/zeromagazine.mx\/wp-content\/uploads\/2025\/11\/1.jpeg?fit=1000%2C1000&ssl=1","contentUrl":"https:\/\/i0.wp.com\/zeromagazine.mx\/wp-content\/uploads\/2025\/11\/1.jpeg?fit=1000%2C1000&ssl=1","width":1000,"height":1000,"caption":"Zero Magazine"},"image":{"@id":"https:\/\/zeromagazine.mx\/#\/schema\/logo\/image\/"},"sameAs":["https:\/\/instagram.com\/zeromagazinemx"]},{"@type":"Person","@id":"https:\/\/zeromagazine.mx\/#\/schema\/person\/9aed9f33a7c39af3a348b86d723f7773","name":"zeromagazinemx","image":{"@type":"ImageObject","inLanguage":"es","@id":"https:\/\/zeromagazine.mx\/wp-content\/litespeed\/avatar\/f91dfe5410d5dcb1a576bf8c45983896.jpg?ver=1776966396","url":"https:\/\/zeromagazine.mx\/wp-content\/litespeed\/avatar\/f91dfe5410d5dcb1a576bf8c45983896.jpg?ver=1776966396","contentUrl":"https:\/\/zeromagazine.mx\/wp-content\/litespeed\/avatar\/f91dfe5410d5dcb1a576bf8c45983896.jpg?ver=1776966396","caption":"zeromagazinemx"},"url":"https:\/\/zeromagazine.mx\/index.php\/author\/zeromagazinemx\/"}]}},"jetpack_publicize_connections":[],"jetpack_featured_media_url":"","jetpack-related-posts":[{"id":71635,"url":"https:\/\/zeromagazine.mx\/index.php\/2024\/03\/08\/sergio-mayer-mori-revelacion-musical-del-indie-soul-y-jazz\/","url_meta":{"origin":57907,"position":0},"title":"Sergio Mayer Mori: Revelaci\u00f3n musical del Indie Soul y Jazz","author":"zeromagazinemx","date":"8 de marzo de 2024","format":false,"excerpt":"Explorando el panorama musical actual, nos topamos con una figura emergente que reson\u00f3 en nuestro radar art\u00edstico: Sergio Mayer Mori. Con tan solo 25 a\u00f1os, este polifac\u00e9tico artista se est\u00e1 haciendo un nombre en el universo de la m\u00fasica, fusionando su talento como cantante, compositor, m\u00fasico y productor en una\u2026","rel":"","context":"En \u00abBlog\u00bb","block_context":{"text":"Blog","link":"https:\/\/zeromagazine.mx\/index.php\/category\/blog\/"},"img":{"alt_text":"","src":"https:\/\/i0.wp.com\/zeromagazine.mx\/wp-content\/uploads\/2024\/03\/Captura-de-pantalla-516.png?fit=595%2C353&ssl=1&resize=350%2C200","width":350,"height":200,"srcset":"https:\/\/i0.wp.com\/zeromagazine.mx\/wp-content\/uploads\/2024\/03\/Captura-de-pantalla-516.png?fit=595%2C353&ssl=1&resize=350%2C200 1x, https:\/\/i0.wp.com\/zeromagazine.mx\/wp-content\/uploads\/2024\/03\/Captura-de-pantalla-516.png?fit=595%2C353&ssl=1&resize=525%2C300 1.5x"},"classes":[]},{"id":57686,"url":"https:\/\/zeromagazine.mx\/index.php\/2021\/11\/09\/la-experiencia-espeluznante-y-fascinante-del-circo-del-horror\/","url_meta":{"origin":57907,"position":1},"title":"La experiencia espeluznante y fascinante del Circo del Horror","author":"zeromagazinemx","date":"9 de noviembre de 2021","format":false,"excerpt":"El 29 de octubre, fui al famoso circo del horror, en la calzada de Tlalpan 855, CDMX, bajando del Metro de Villa de Cortes. Un espect\u00e1culo, espeluznante, pero a la vez lleno de cosas fascinantes y talentos incre\u00edbles que no te puedes imaginar. Producido por Mr. Bardum Entertainment, te conviertes\u2026","rel":"","context":"En \u00abEntretenimiento\u00bb","block_context":{"text":"Entretenimiento","link":"https:\/\/zeromagazine.mx\/index.php\/category\/entretenimiento\/"},"img":{"alt_text":"","src":"https:\/\/i0.wp.com\/zeromagazinemx.wpcomstaging.com\/wp-content\/uploads\/2022\/02\/d4280-circo-del-horror-2.jpg?resize=350%2C200&ssl=1","width":350,"height":200,"srcset":"https:\/\/i0.wp.com\/zeromagazinemx.wpcomstaging.com\/wp-content\/uploads\/2022\/02\/d4280-circo-del-horror-2.jpg?resize=350%2C200&ssl=1 1x, https:\/\/i0.wp.com\/zeromagazinemx.wpcomstaging.com\/wp-content\/uploads\/2022\/02\/d4280-circo-del-horror-2.jpg?resize=525%2C300&ssl=1 1.5x, https:\/\/i0.wp.com\/zeromagazinemx.wpcomstaging.com\/wp-content\/uploads\/2022\/02\/d4280-circo-del-horror-2.jpg?resize=700%2C400&ssl=1 2x"},"classes":[]},{"id":79723,"url":"https:\/\/zeromagazine.mx\/index.php\/2024\/06\/28\/una-noche-epica-con-depresion-sonora\/","url_meta":{"origin":57907,"position":2},"title":"Una Noche \u00c9pica con Depresi\u00f3n Sonora","author":"zeromagazinemx","date":"28 de junio de 2024","format":false,"excerpt":"\u00bfEst\u00e1n listes para sumergirse en una noche llena de buena m\u00fasica y vibra post-punk? Les cuento que el pr\u00f3ximo 29 de noviembre, el Front\u00f3n M\u00e9xico ser\u00e1 el epicentro de la movida con Depresi\u00f3n Sonora, el proyecto musical que est\u00e1 dando de qu\u00e9 hablar. Prep\u00e1rense para una experiencia \u00fanica que nos\u2026","rel":"","context":"En \u00abEntretenimiento\u00bb","block_context":{"text":"Entretenimiento","link":"https:\/\/zeromagazine.mx\/index.php\/category\/entretenimiento\/"},"img":{"alt_text":"","src":"https:\/\/i0.wp.com\/zeromagazine.mx\/wp-content\/uploads\/2024\/06\/Depresion-Sonora-2024-5.jpg?fit=1200%2C628&ssl=1&resize=350%2C200","width":350,"height":200,"srcset":"https:\/\/i0.wp.com\/zeromagazine.mx\/wp-content\/uploads\/2024\/06\/Depresion-Sonora-2024-5.jpg?fit=1200%2C628&ssl=1&resize=350%2C200 1x, https:\/\/i0.wp.com\/zeromagazine.mx\/wp-content\/uploads\/2024\/06\/Depresion-Sonora-2024-5.jpg?fit=1200%2C628&ssl=1&resize=525%2C300 1.5x, https:\/\/i0.wp.com\/zeromagazine.mx\/wp-content\/uploads\/2024\/06\/Depresion-Sonora-2024-5.jpg?fit=1200%2C628&ssl=1&resize=700%2C400 2x, https:\/\/i0.wp.com\/zeromagazine.mx\/wp-content\/uploads\/2024\/06\/Depresion-Sonora-2024-5.jpg?fit=1200%2C628&ssl=1&resize=1050%2C600 3x"},"classes":[]},{"id":107757,"url":"https:\/\/zeromagazine.mx\/index.php\/2025\/09\/04\/dnp-el-malilla-twitch-streaming\/","url_meta":{"origin":57907,"position":3},"title":"DNP te conecta con tu crush El Malilla","author":"David Morales","date":"4 de septiembre de 2025","format":false,"excerpt":"\u00bfD\u00f3nde est\u00e1 la MaliBandida? Prep\u00e1rense porque este 04 de septiembre a las 23:00 hrs, llega un evento que va a prender la noche: El Malilla, el crush oficial del a\u00f1o, se une a Amablitz y Aldo Geo en un streaming exclusivo por Twitch presentado por DNP, el crush m\u00e1s delicioso.\u2026","rel":"","context":"En \u00abEntretenimiento\u00bb","block_context":{"text":"Entretenimiento","link":"https:\/\/zeromagazine.mx\/index.php\/category\/entretenimiento\/"},"img":{"alt_text":"","src":"https:\/\/i0.wp.com\/zeromagazine.mx\/wp-content\/uploads\/2025\/09\/bd680dc7-b0e0-417f-85f3-887f2aef1b79-1.jpg?fit=1200%2C675&ssl=1&resize=350%2C200","width":350,"height":200,"srcset":"https:\/\/i0.wp.com\/zeromagazine.mx\/wp-content\/uploads\/2025\/09\/bd680dc7-b0e0-417f-85f3-887f2aef1b79-1.jpg?fit=1200%2C675&ssl=1&resize=350%2C200 1x, https:\/\/i0.wp.com\/zeromagazine.mx\/wp-content\/uploads\/2025\/09\/bd680dc7-b0e0-417f-85f3-887f2aef1b79-1.jpg?fit=1200%2C675&ssl=1&resize=525%2C300 1.5x, https:\/\/i0.wp.com\/zeromagazine.mx\/wp-content\/uploads\/2025\/09\/bd680dc7-b0e0-417f-85f3-887f2aef1b79-1.jpg?fit=1200%2C675&ssl=1&resize=700%2C400 2x, https:\/\/i0.wp.com\/zeromagazine.mx\/wp-content\/uploads\/2025\/09\/bd680dc7-b0e0-417f-85f3-887f2aef1b79-1.jpg?fit=1200%2C675&ssl=1&resize=1050%2C600 3x"},"classes":[]},{"id":52746,"url":"https:\/\/zeromagazine.mx\/index.php\/2021\/08\/22\/entrevista-a-kurt\/","url_meta":{"origin":57907,"position":4},"title":"ENTREVISTA A KURT","author":"zeromagazinemx","date":"22 de agosto de 2021","format":false,"excerpt":"Tuvimos una charla con Kurt gran cantante y excelente persona, quien nos platica sobre el cari\u00f1o de sus fans, su nueva canci\u00f3n y para invitarnos a su concierto el pr\u00f3ximo 25 de septiembre. POR GABRIELA H. DELGADILLO Cu\u00e9ntanos de la canci\u00f3n \u201cContigo\u201d Bueno es una canci\u00f3n muy alegre, que ten\u00eda\u2026","rel":"","context":"En \u00abEntretenimiento\u00bb","block_context":{"text":"Entretenimiento","link":"https:\/\/zeromagazine.mx\/index.php\/category\/entretenimiento\/"},"img":{"alt_text":"","src":"","width":0,"height":0},"classes":[]},{"id":47542,"url":"https:\/\/zeromagazine.mx\/index.php\/2021\/06\/12\/morelia-el-epicentro-artistico-de-mexico-con-el-festival-de-verano-con-sinfonietta\/","url_meta":{"origin":57907,"position":5},"title":"Morelia, el epicentro art\u00edstico de M\u00e9xico con el Festival de Verano con Sinfonietta","author":"zeromagazinemx","date":"12 de junio de 2021","format":false,"excerpt":"Despu\u00e9s de un a\u00f1o muy dif\u00edcil, es momento que la m\u00fasica nos una, nos reconcilie y nos demuestre que Morelia ser\u00e1 nuevamente el epicentro musical y art\u00edstico de M\u00e9xico. por Moises Kushelevich Ver\u00f3nica Bernal Vargas, Directora General del FMM, detall\u00f3 que son 9 estados de la Rep\u00fablica representados por 39\u2026","rel":"","context":"En \u00abEntretenimiento\u00bb","block_context":{"text":"Entretenimiento","link":"https:\/\/zeromagazine.mx\/index.php\/category\/entretenimiento\/"},"img":{"alt_text":"","src":"","width":0,"height":0},"classes":[]}],"jetpack_sharing_enabled":true,"builder_content":"","_links":{"self":[{"href":"https:\/\/zeromagazine.mx\/index.php\/wp-json\/wp\/v2\/posts\/57907","targetHints":{"allow":["GET"]}}],"collection":[{"href":"https:\/\/zeromagazine.mx\/index.php\/wp-json\/wp\/v2\/posts"}],"about":[{"href":"https:\/\/zeromagazine.mx\/index.php\/wp-json\/wp\/v2\/types\/post"}],"author":[{"embeddable":true,"href":"https:\/\/zeromagazine.mx\/index.php\/wp-json\/wp\/v2\/users\/2"}],"replies":[{"embeddable":true,"href":"https:\/\/zeromagazine.mx\/index.php\/wp-json\/wp\/v2\/comments?post=57907"}],"version-history":[{"count":0,"href":"https:\/\/zeromagazine.mx\/index.php\/wp-json\/wp\/v2\/posts\/57907\/revisions"}],"wp:featuredmedia":[{"embeddable":true,"href":"https:\/\/zeromagazine.mx\/index.php\/wp-json\/"}],"wp:attachment":[{"href":"https:\/\/zeromagazine.mx\/index.php\/wp-json\/wp\/v2\/media?parent=57907"}],"wp:term":[{"taxonomy":"category","embeddable":true,"href":"https:\/\/zeromagazine.mx\/index.php\/wp-json\/wp\/v2\/categories?post=57907"},{"taxonomy":"post_tag","embeddable":true,"href":"https:\/\/zeromagazine.mx\/index.php\/wp-json\/wp\/v2\/tags?post=57907"}],"curies":[{"name":"wp","href":"https:\/\/api.w.org\/{rel}","templated":true}]}}