{"id":57917,"date":"2021-11-12T09:30:00","date_gmt":"2021-11-12T15:30:00","guid":{"rendered":"https:\/\/atomic-temporary-84115225.wpcomstaging.com\/?p=57917"},"modified":"2021-11-12T09:30:00","modified_gmt":"2021-11-12T15:30:00","slug":"entrevista-a-ven-alva","status":"publish","type":"post","link":"https:\/\/zeromagazine.mx\/index.php\/2021\/11\/12\/entrevista-a-ven-alva\/","title":{"rendered":"Entrevista a Ven Alva"},"content":{"rendered":"\n<p>El cantante y compositor <strong>Ven Alva<\/strong> platic\u00f3 con nosotros sobre su sencillo <strong>\u201cAntes\u201d<\/strong>, la historia detr\u00e1s y sobre una persona muy especial a la que le dedica este video lleno de detalles. Te invitamos a checar la entrevista completa.<\/p>\n\n\n\n<div class=\"wp-block-image coblocks-animate\"><figure class=\"aligncenter size-large is-resized\"><a href=\"https:\/\/i0.wp.com\/zeromagazinemx.wpcomstaging.com\/wp-content\/uploads\/2022\/02\/c3fc6-ven-alva.jpg?ssl=1\"><img data-recalc-dims=\"1\" decoding=\"async\" src=\"https:\/\/i0.wp.com\/zeromagazinemx.wpcomstaging.com\/wp-content\/uploads\/2022\/02\/c3fc6-ven-alva.jpg?resize=743%2C929&#038;ssl=1\" alt=\"\" class=\"wp-image-57920\" width=\"743\" height=\"929\" \/><\/a><\/figure><\/div>\n\n\n\n<div class=\"wp-block-buttons is-layout-flex wp-block-buttons-is-layout-flex\">\n<div class=\"wp-block-button is-style-outline is-style-outline--1\"><a class=\"wp-block-button__link\">Por Mateo Aguilar<\/a><\/div>\n<\/div>\n\n\n\n<p><strong>Plat\u00edcanos un poquito sobre tu m\u00e1s reciente sencillo \u201cAntes\u201d<\/strong><\/p>\n\n\n\n<p>Sali\u00f3 cuando cumpl\u00ed 23 a\u00f1os junto con mi primer EP, el 23 de junio y es una canci\u00f3n que habla de temas muy nost\u00e1lgicos, refiri\u00e9ndome a que antes las cosas estaban mejor. Esta canci\u00f3n la compuse en enero, mientras estuve enfermo de <strong>Covid,<\/strong> y el mensaje concluye en que lo que nos sucede siempre tiene una raz\u00f3n y por m\u00e1s que pensemos que algo es negativo, yo pienso que todo pasa por algo y para algo y es importante aceptar las cosas como nos pasan.<\/p>\n\n\n\n<p><strong>El video fue escrito y dirigido por Pablo Elizondo y Niza Cruz, pero, \u00bfqu\u00e9 tanto te permitieron meter mano o invol\u00facrate en el proceso?<\/strong><\/p>\n\n\n\n<p>Trabajamos en equipo desde un principio. Pablo me present\u00f3 el guion y me encant\u00f3, trabajamos juntos en las locaciones, la manera en que conseguimos la camioneta, fueron aceptando tambi\u00e9n las ideas que me fueron surgiendo durante la preproducci\u00f3n y en el momento y al final hicieron un trabajo espectacular tanto Pablo como Niza para que el video quedara incre\u00edble.<\/p>\n\n\n\n<figure class=\"wp-block-embed aligncenter is-type-rich is-provider-instagram wp-block-embed-instagram\"><div class=\"wp-block-embed__wrapper\">\nhttps:\/\/www.instagram.com\/p\/CVEBVEzP2O_\/?utm_medium=copy_link\n<\/div><\/figure>\n\n\n\n<p><strong>Esta canci\u00f3n suena como una disculpa, \u00bfse la escribiste a alguien en particular?<\/strong><\/p>\n\n\n\n<p>La primera versi\u00f3n de esta canci\u00f3n la escrib\u00ed para m\u00ed yo del pasado, a mi ni\u00f1o interior, dici\u00e9ndole que antes estaba mejor y ahora estaba en un lugar oscuro, as\u00ed me sent\u00eda en ese momento. Despu\u00e9s termin\u00e9 una relaci\u00f3n y se combinaron ambos temas. Digo: \u201c<em>fuimos lo que hab\u00eda so\u00f1ado<\/em>\u201d, por la idea de una relaci\u00f3n perfecta, pero si pudiera ir al pasado lo aceptar\u00eda como fue.<\/p>\n\n\n\n<p><strong>En el video de \u201cAntes\u201d, tu canci\u00f3n \u201cTal Vez\u201d juega un rol importante con una versi\u00f3n ligeramente diferente con otra ecualizaci\u00f3n y reverb \u00bfHay alguna historia detr\u00e1s de esto?<\/strong><\/p>\n\n\n\n<p>S\u00ed, Pablo encontr\u00f3 la camioneta amarilla en la calle y dej\u00f3 una notita, el due\u00f1o que se llama Jes\u00fas, nos marca y nos dice que no la presta ni renta, pero le mandamos la rola y nos dijo que su hermana falleci\u00f3 y que sinti\u00f3 como que la canci\u00f3n se la hubiera escrito a ella. Finalmente decidi\u00f3 prestarnos la camioneta, y nosotros le dedicamos la canci\u00f3n a su hermana. \u00c9l y su familia asistieron a la grabaci\u00f3n, y salieron esas tomas que quisimos incluir, y esta versi\u00f3n de <strong>\u201cTal vez\u201d<\/strong> fue perfecta para dar conclusi\u00f3n al video.<\/p>\n\n\n\n<div class=\"wp-block-image coblocks-animate\"><figure class=\"aligncenter size-large is-resized\"><a href=\"https:\/\/i0.wp.com\/zeromagazinemx.wpcomstaging.com\/wp-content\/uploads\/2022\/02\/2d809-ven-alva-1.jpg?ssl=1\"><img data-recalc-dims=\"1\" decoding=\"async\" src=\"https:\/\/i0.wp.com\/zeromagazinemx.wpcomstaging.com\/wp-content\/uploads\/2022\/02\/2d809-ven-alva-1.jpg?resize=741%2C926&#038;ssl=1\" alt=\"\" class=\"wp-image-57922\" width=\"741\" height=\"926\" \/><\/a><\/figure><\/div>\n\n\n\n<p><strong>\u00bfSigues alg\u00fan proceso para componer?<\/strong><\/p>\n\n\n\n<p>Siempre traigo mi celular conmigo y grabo todo lo que se me va ocurriendo en la guitarra o el piano, si no se me ocurre como terminarla lo grabo despu\u00e9s. O estoy buscando una letra y luego encuentro como ponerla en una progresi\u00f3n o a veces llega la inspiraci\u00f3n tratando de escribir otra rola y puedo terminarla en minutos, o en semanas, pero es sobre todo sentarme a escribir sin juzgarme.<\/p>\n\n\n\n<p><strong>\u00bfC\u00f3mo ha sido tu acercamiento con las y los fans y como has fortalecido esa relaci\u00f3n?<\/strong><\/p>\n\n\n\n<p>Es chistoso, pero creo que me ha ido incre\u00edble, realmente siento que hemos podido hacer una gran relaci\u00f3n, hemos hecho varias reuniones en zoom, fui a <strong>Ciudad de M\u00e9xico<\/strong> y me recibieron, he tenido una gran respuesta y no nos hemos podido ver tanto como quisiera por la pandemia, pero me siento muy agradecido por su cari\u00f1o y su apoyo.<\/p>\n\n\n\n<p><strong>\u00bfQu\u00e9 planes tienes para lo que queda del 2021?<\/strong><\/p>\n\n\n\n<p>Estoy trabajando en rolas nuevas, ya tenemos fechas importantes y shows en vivo para los que me estoy preparando.<\/p>\n\n\n\n<p><strong>\u00bfHay algo m\u00e1s que quieras agregar?<\/strong><\/p>\n\n\n\n<p>Estoy muy emocionado por el video, tiene una historia bien padre y para todas las personas que nos leen, t\u00f3mense el tiempo de verlo. Vale la pena, y ya que saben la historia de la camioneta van a darle un significado m\u00e1s importante. Espero que lo disfruten mucho.<\/p>\n\n\n\n<p class=\"has-text-align-center\"><strong>Sigue a Mateo Aguilar en:<\/strong><\/p>\n\n\n\n<p class=\"has-text-align-center\"><strong>Instagram: <\/strong><a href=\"https:\/\/instagram.com\/dilanmateo21?utm_medium=copy_link\">@dilanmateo21<\/a><\/p>\n\n\n\n\n<!--themify_builder_content-->\n<div id=\"themify_builder_content-57917\" data-postid=\"57917\" class=\"themify_builder_content themify_builder_content-57917 themify_builder tf_clear\">\n    <\/div>\n<!--\/themify_builder_content-->\n","protected":false},"excerpt":{"rendered":"<p>El cantante y compositor Ven Alva platic\u00f3 con nosotros sobre su sencillo \u201cAntes\u201d, la historia detr\u00e1s y sobre una persona muy especial a la que le dedica este video lleno de detalles. Te invitamos a checar la entrevista completa. Plat\u00edcanos un poquito sobre tu m\u00e1s reciente sencillo \u201cAntes\u201d Sali\u00f3 cuando cumpl\u00ed 23 a\u00f1os junto con [&hellip;]<\/p>\n","protected":false},"author":2,"featured_media":57919,"comment_status":"open","ping_status":"open","sticky":false,"template":"","format":"standard","meta":{"_jetpack_memberships_contains_paid_content":false,"footnotes":"","jetpack_publicize_message":"Ven Alva platic\u00f3 con nosotros sobre su sencillo \u201cAntes\u201d, la historia detr\u00e1s y sobre una persona muy especial a la que le dedica este video lleno de detalles.","jetpack_publicize_feature_enabled":true,"jetpack_social_post_already_shared":true,"jetpack_social_options":{"image_generator_settings":{"template":"highway","default_image_id":0,"font":"","enabled":false},"version":2}},"categories":[117,91],"tags":[6397,155,2695,6398,6399],"class_list":["post-57917","post","type-post","status-publish","format-standard","has-post-thumbnail","hentry","category-entretenimiento","category-entrevistas","tag-antes","tag-ciudad-de-mexico","tag-covid","tag-tal-vez","tag-ven-alva","has-post-title","has-post-date","has-post-category","has-post-tag","has-post-comment","has-post-author",""],"yoast_head":"<!-- This site is optimized with the Yoast SEO plugin v27.5 - https:\/\/yoast.com\/product\/yoast-seo-wordpress\/ -->\n<title>Entrevista a Ven Alva - Zero Magazine<\/title>\n<meta name=\"robots\" content=\"index, follow, max-snippet:-1, max-image-preview:large, max-video-preview:-1\" \/>\n<link rel=\"canonical\" href=\"https:\/\/zeromagazine.mx\/index.php\/2021\/11\/12\/entrevista-a-ven-alva\/\" \/>\n<meta property=\"og:locale\" content=\"es_ES\" \/>\n<meta property=\"og:type\" content=\"article\" \/>\n<meta property=\"og:title\" content=\"Entrevista a Ven Alva - Zero Magazine\" \/>\n<meta property=\"og:description\" content=\"El cantante y compositor Ven Alva platic\u00f3 con nosotros sobre su sencillo \u201cAntes\u201d, la historia detr\u00e1s y sobre una persona muy especial a la que le dedica este video lleno de detalles. Te invitamos a checar la entrevista completa. Plat\u00edcanos un poquito sobre tu m\u00e1s reciente sencillo \u201cAntes\u201d Sali\u00f3 cuando cumpl\u00ed 23 a\u00f1os junto con [&hellip;]\" \/>\n<meta property=\"og:url\" content=\"https:\/\/zeromagazine.mx\/index.php\/2021\/11\/12\/entrevista-a-ven-alva\/\" \/>\n<meta property=\"og:site_name\" content=\"Zero Magazine\" \/>\n<meta property=\"article:published_time\" content=\"2021-11-12T15:30:00+00:00\" \/>\n<meta name=\"author\" content=\"zeromagazinemx\" \/>\n<meta name=\"twitter:card\" content=\"summary_large_image\" \/>\n<meta name=\"twitter:label1\" content=\"Escrito por\" \/>\n\t<meta name=\"twitter:data1\" content=\"zeromagazinemx\" \/>\n\t<meta name=\"twitter:label2\" content=\"Tiempo de lectura\" \/>\n\t<meta name=\"twitter:data2\" content=\"4 minutos\" \/>\n<script type=\"application\/ld+json\" class=\"yoast-schema-graph\">{\"@context\":\"https:\\\/\\\/schema.org\",\"@graph\":[{\"@type\":\"Article\",\"@id\":\"https:\\\/\\\/zeromagazine.mx\\\/index.php\\\/2021\\\/11\\\/12\\\/entrevista-a-ven-alva\\\/#article\",\"isPartOf\":{\"@id\":\"https:\\\/\\\/zeromagazine.mx\\\/index.php\\\/2021\\\/11\\\/12\\\/entrevista-a-ven-alva\\\/\"},\"author\":{\"name\":\"zeromagazinemx\",\"@id\":\"https:\\\/\\\/zeromagazine.mx\\\/#\\\/schema\\\/person\\\/9aed9f33a7c39af3a348b86d723f7773\"},\"headline\":\"Entrevista a Ven Alva\",\"datePublished\":\"2021-11-12T15:30:00+00:00\",\"mainEntityOfPage\":{\"@id\":\"https:\\\/\\\/zeromagazine.mx\\\/index.php\\\/2021\\\/11\\\/12\\\/entrevista-a-ven-alva\\\/\"},\"wordCount\":728,\"commentCount\":0,\"publisher\":{\"@id\":\"https:\\\/\\\/zeromagazine.mx\\\/#organization\"},\"image\":{\"@id\":\"https:\\\/\\\/zeromagazine.mx\\\/index.php\\\/2021\\\/11\\\/12\\\/entrevista-a-ven-alva\\\/#primaryimage\"},\"thumbnailUrl\":\"\",\"keywords\":[\"Antes\",\"Ciudad de M\u00e9xico\",\"Covid\",\"Tal vez\",\"Ven Alva\"],\"articleSection\":[\"Entretenimiento\",\"Entrevistas\"],\"inLanguage\":\"es\",\"potentialAction\":[{\"@type\":\"CommentAction\",\"name\":\"Comment\",\"target\":[\"https:\\\/\\\/zeromagazine.mx\\\/index.php\\\/2021\\\/11\\\/12\\\/entrevista-a-ven-alva\\\/#respond\"]}]},{\"@type\":\"WebPage\",\"@id\":\"https:\\\/\\\/zeromagazine.mx\\\/index.php\\\/2021\\\/11\\\/12\\\/entrevista-a-ven-alva\\\/\",\"url\":\"https:\\\/\\\/zeromagazine.mx\\\/index.php\\\/2021\\\/11\\\/12\\\/entrevista-a-ven-alva\\\/\",\"name\":\"Entrevista a Ven Alva - Zero Magazine\",\"isPartOf\":{\"@id\":\"https:\\\/\\\/zeromagazine.mx\\\/#website\"},\"primaryImageOfPage\":{\"@id\":\"https:\\\/\\\/zeromagazine.mx\\\/index.php\\\/2021\\\/11\\\/12\\\/entrevista-a-ven-alva\\\/#primaryimage\"},\"image\":{\"@id\":\"https:\\\/\\\/zeromagazine.mx\\\/index.php\\\/2021\\\/11\\\/12\\\/entrevista-a-ven-alva\\\/#primaryimage\"},\"thumbnailUrl\":\"\",\"datePublished\":\"2021-11-12T15:30:00+00:00\",\"breadcrumb\":{\"@id\":\"https:\\\/\\\/zeromagazine.mx\\\/index.php\\\/2021\\\/11\\\/12\\\/entrevista-a-ven-alva\\\/#breadcrumb\"},\"inLanguage\":\"es\",\"potentialAction\":[{\"@type\":\"ReadAction\",\"target\":[\"https:\\\/\\\/zeromagazine.mx\\\/index.php\\\/2021\\\/11\\\/12\\\/entrevista-a-ven-alva\\\/\"]}]},{\"@type\":\"ImageObject\",\"inLanguage\":\"es\",\"@id\":\"https:\\\/\\\/zeromagazine.mx\\\/index.php\\\/2021\\\/11\\\/12\\\/entrevista-a-ven-alva\\\/#primaryimage\",\"url\":\"\",\"contentUrl\":\"\"},{\"@type\":\"BreadcrumbList\",\"@id\":\"https:\\\/\\\/zeromagazine.mx\\\/index.php\\\/2021\\\/11\\\/12\\\/entrevista-a-ven-alva\\\/#breadcrumb\",\"itemListElement\":[{\"@type\":\"ListItem\",\"position\":1,\"name\":\"Portada\",\"item\":\"https:\\\/\\\/zeromagazine.mx\\\/\"},{\"@type\":\"ListItem\",\"position\":2,\"name\":\"Entrevista a Ven Alva\"}]},{\"@type\":\"WebSite\",\"@id\":\"https:\\\/\\\/zeromagazine.mx\\\/#website\",\"url\":\"https:\\\/\\\/zeromagazine.mx\\\/\",\"name\":\"Zero Magazine\",\"description\":\"\",\"publisher\":{\"@id\":\"https:\\\/\\\/zeromagazine.mx\\\/#organization\"},\"potentialAction\":[{\"@type\":\"SearchAction\",\"target\":{\"@type\":\"EntryPoint\",\"urlTemplate\":\"https:\\\/\\\/zeromagazine.mx\\\/?s={search_term_string}\"},\"query-input\":{\"@type\":\"PropertyValueSpecification\",\"valueRequired\":true,\"valueName\":\"search_term_string\"}}],\"inLanguage\":\"es\"},{\"@type\":\"Organization\",\"@id\":\"https:\\\/\\\/zeromagazine.mx\\\/#organization\",\"name\":\"Zero Magazine\",\"url\":\"https:\\\/\\\/zeromagazine.mx\\\/\",\"logo\":{\"@type\":\"ImageObject\",\"inLanguage\":\"es\",\"@id\":\"https:\\\/\\\/zeromagazine.mx\\\/#\\\/schema\\\/logo\\\/image\\\/\",\"url\":\"https:\\\/\\\/i0.wp.com\\\/zeromagazine.mx\\\/wp-content\\\/uploads\\\/2025\\\/11\\\/1.jpeg?fit=1000%2C1000&ssl=1\",\"contentUrl\":\"https:\\\/\\\/i0.wp.com\\\/zeromagazine.mx\\\/wp-content\\\/uploads\\\/2025\\\/11\\\/1.jpeg?fit=1000%2C1000&ssl=1\",\"width\":1000,\"height\":1000,\"caption\":\"Zero Magazine\"},\"image\":{\"@id\":\"https:\\\/\\\/zeromagazine.mx\\\/#\\\/schema\\\/logo\\\/image\\\/\"},\"sameAs\":[\"https:\\\/\\\/instagram.com\\\/zeromagazinemx\"]},{\"@type\":\"Person\",\"@id\":\"https:\\\/\\\/zeromagazine.mx\\\/#\\\/schema\\\/person\\\/9aed9f33a7c39af3a348b86d723f7773\",\"name\":\"zeromagazinemx\",\"image\":{\"@type\":\"ImageObject\",\"inLanguage\":\"es\",\"@id\":\"https:\\\/\\\/zeromagazine.mx\\\/wp-content\\\/litespeed\\\/avatar\\\/f91dfe5410d5dcb1a576bf8c45983896.jpg?ver=1777571230\",\"url\":\"https:\\\/\\\/zeromagazine.mx\\\/wp-content\\\/litespeed\\\/avatar\\\/f91dfe5410d5dcb1a576bf8c45983896.jpg?ver=1777571230\",\"contentUrl\":\"https:\\\/\\\/zeromagazine.mx\\\/wp-content\\\/litespeed\\\/avatar\\\/f91dfe5410d5dcb1a576bf8c45983896.jpg?ver=1777571230\",\"caption\":\"zeromagazinemx\"},\"url\":\"https:\\\/\\\/zeromagazine.mx\\\/index.php\\\/author\\\/zeromagazinemx\\\/\"}]}<\/script>\n<!-- \/ Yoast SEO plugin. -->","yoast_head_json":{"title":"Entrevista a Ven Alva - Zero Magazine","robots":{"index":"index","follow":"follow","max-snippet":"max-snippet:-1","max-image-preview":"max-image-preview:large","max-video-preview":"max-video-preview:-1"},"canonical":"https:\/\/zeromagazine.mx\/index.php\/2021\/11\/12\/entrevista-a-ven-alva\/","og_locale":"es_ES","og_type":"article","og_title":"Entrevista a Ven Alva - Zero Magazine","og_description":"El cantante y compositor Ven Alva platic\u00f3 con nosotros sobre su sencillo \u201cAntes\u201d, la historia detr\u00e1s y sobre una persona muy especial a la que le dedica este video lleno de detalles. Te invitamos a checar la entrevista completa. Plat\u00edcanos un poquito sobre tu m\u00e1s reciente sencillo \u201cAntes\u201d Sali\u00f3 cuando cumpl\u00ed 23 a\u00f1os junto con [&hellip;]","og_url":"https:\/\/zeromagazine.mx\/index.php\/2021\/11\/12\/entrevista-a-ven-alva\/","og_site_name":"Zero Magazine","article_published_time":"2021-11-12T15:30:00+00:00","author":"zeromagazinemx","twitter_card":"summary_large_image","twitter_misc":{"Escrito por":"zeromagazinemx","Tiempo de lectura":"4 minutos"},"schema":{"@context":"https:\/\/schema.org","@graph":[{"@type":"Article","@id":"https:\/\/zeromagazine.mx\/index.php\/2021\/11\/12\/entrevista-a-ven-alva\/#article","isPartOf":{"@id":"https:\/\/zeromagazine.mx\/index.php\/2021\/11\/12\/entrevista-a-ven-alva\/"},"author":{"name":"zeromagazinemx","@id":"https:\/\/zeromagazine.mx\/#\/schema\/person\/9aed9f33a7c39af3a348b86d723f7773"},"headline":"Entrevista a Ven Alva","datePublished":"2021-11-12T15:30:00+00:00","mainEntityOfPage":{"@id":"https:\/\/zeromagazine.mx\/index.php\/2021\/11\/12\/entrevista-a-ven-alva\/"},"wordCount":728,"commentCount":0,"publisher":{"@id":"https:\/\/zeromagazine.mx\/#organization"},"image":{"@id":"https:\/\/zeromagazine.mx\/index.php\/2021\/11\/12\/entrevista-a-ven-alva\/#primaryimage"},"thumbnailUrl":"","keywords":["Antes","Ciudad de M\u00e9xico","Covid","Tal vez","Ven Alva"],"articleSection":["Entretenimiento","Entrevistas"],"inLanguage":"es","potentialAction":[{"@type":"CommentAction","name":"Comment","target":["https:\/\/zeromagazine.mx\/index.php\/2021\/11\/12\/entrevista-a-ven-alva\/#respond"]}]},{"@type":"WebPage","@id":"https:\/\/zeromagazine.mx\/index.php\/2021\/11\/12\/entrevista-a-ven-alva\/","url":"https:\/\/zeromagazine.mx\/index.php\/2021\/11\/12\/entrevista-a-ven-alva\/","name":"Entrevista a Ven Alva - Zero Magazine","isPartOf":{"@id":"https:\/\/zeromagazine.mx\/#website"},"primaryImageOfPage":{"@id":"https:\/\/zeromagazine.mx\/index.php\/2021\/11\/12\/entrevista-a-ven-alva\/#primaryimage"},"image":{"@id":"https:\/\/zeromagazine.mx\/index.php\/2021\/11\/12\/entrevista-a-ven-alva\/#primaryimage"},"thumbnailUrl":"","datePublished":"2021-11-12T15:30:00+00:00","breadcrumb":{"@id":"https:\/\/zeromagazine.mx\/index.php\/2021\/11\/12\/entrevista-a-ven-alva\/#breadcrumb"},"inLanguage":"es","potentialAction":[{"@type":"ReadAction","target":["https:\/\/zeromagazine.mx\/index.php\/2021\/11\/12\/entrevista-a-ven-alva\/"]}]},{"@type":"ImageObject","inLanguage":"es","@id":"https:\/\/zeromagazine.mx\/index.php\/2021\/11\/12\/entrevista-a-ven-alva\/#primaryimage","url":"","contentUrl":""},{"@type":"BreadcrumbList","@id":"https:\/\/zeromagazine.mx\/index.php\/2021\/11\/12\/entrevista-a-ven-alva\/#breadcrumb","itemListElement":[{"@type":"ListItem","position":1,"name":"Portada","item":"https:\/\/zeromagazine.mx\/"},{"@type":"ListItem","position":2,"name":"Entrevista a Ven Alva"}]},{"@type":"WebSite","@id":"https:\/\/zeromagazine.mx\/#website","url":"https:\/\/zeromagazine.mx\/","name":"Zero Magazine","description":"","publisher":{"@id":"https:\/\/zeromagazine.mx\/#organization"},"potentialAction":[{"@type":"SearchAction","target":{"@type":"EntryPoint","urlTemplate":"https:\/\/zeromagazine.mx\/?s={search_term_string}"},"query-input":{"@type":"PropertyValueSpecification","valueRequired":true,"valueName":"search_term_string"}}],"inLanguage":"es"},{"@type":"Organization","@id":"https:\/\/zeromagazine.mx\/#organization","name":"Zero Magazine","url":"https:\/\/zeromagazine.mx\/","logo":{"@type":"ImageObject","inLanguage":"es","@id":"https:\/\/zeromagazine.mx\/#\/schema\/logo\/image\/","url":"https:\/\/i0.wp.com\/zeromagazine.mx\/wp-content\/uploads\/2025\/11\/1.jpeg?fit=1000%2C1000&ssl=1","contentUrl":"https:\/\/i0.wp.com\/zeromagazine.mx\/wp-content\/uploads\/2025\/11\/1.jpeg?fit=1000%2C1000&ssl=1","width":1000,"height":1000,"caption":"Zero Magazine"},"image":{"@id":"https:\/\/zeromagazine.mx\/#\/schema\/logo\/image\/"},"sameAs":["https:\/\/instagram.com\/zeromagazinemx"]},{"@type":"Person","@id":"https:\/\/zeromagazine.mx\/#\/schema\/person\/9aed9f33a7c39af3a348b86d723f7773","name":"zeromagazinemx","image":{"@type":"ImageObject","inLanguage":"es","@id":"https:\/\/zeromagazine.mx\/wp-content\/litespeed\/avatar\/f91dfe5410d5dcb1a576bf8c45983896.jpg?ver=1777571230","url":"https:\/\/zeromagazine.mx\/wp-content\/litespeed\/avatar\/f91dfe5410d5dcb1a576bf8c45983896.jpg?ver=1777571230","contentUrl":"https:\/\/zeromagazine.mx\/wp-content\/litespeed\/avatar\/f91dfe5410d5dcb1a576bf8c45983896.jpg?ver=1777571230","caption":"zeromagazinemx"},"url":"https:\/\/zeromagazine.mx\/index.php\/author\/zeromagazinemx\/"}]}},"jetpack_publicize_connections":[],"jetpack_featured_media_url":"","jetpack-related-posts":[{"id":52817,"url":"https:\/\/zeromagazine.mx\/index.php\/2021\/08\/23\/entrevista-a-8cho\/","url_meta":{"origin":57917,"position":0},"title":"ENTREVISTA A 8cho","author":"zeromagazinemx","date":"23 de agosto de 2021","format":false,"excerpt":"El italiano venezolano 8cho nos trae su nuevo sencillo \u201cGanas\u201d a lado de Alex Roy. POR GABRIELA H. DELGADILLO \u00bfDe d\u00f3nde nace 8cho? Mi nombre 8cho nace porque el 8 tambi\u00e9n es el signo del infinito yo lo relaciono a la m\u00fasica, porque es lo que me gusta hacer y\u2026","rel":"","context":"En \u00abEntretenimiento\u00bb","block_context":{"text":"Entretenimiento","link":"https:\/\/zeromagazine.mx\/index.php\/category\/entretenimiento\/"},"img":{"alt_text":"","src":"","width":0,"height":0},"classes":[]},{"id":52529,"url":"https:\/\/zeromagazine.mx\/index.php\/2021\/08\/20\/entrevista-a-alex-rodriguez\/","url_meta":{"origin":57917,"position":1},"title":"Entrevista a Alex Rodr\u00edguez","author":"zeromagazinemx","date":"20 de agosto de 2021","format":false,"excerpt":"\u00c9l es Alex Rodr\u00edguez, periodista y conductor de espect\u00e1culos de origen espa\u00f1ol, a lo largo de su carrera ha presenciado momentos hist\u00f3ricos como la Coronaci\u00f3n Real de los reyes de Espa\u00f1a y los atentados terroristas de Par\u00eds y B\u00e9lgica, Alex es reconocido en el medio del entretenimiento por las exclusivas\u2026","rel":"","context":"En \u00abEntretenimiento\u00bb","block_context":{"text":"Entretenimiento","link":"https:\/\/zeromagazine.mx\/index.php\/category\/entretenimiento\/"},"img":{"alt_text":"","src":"","width":0,"height":0},"classes":[]},{"id":50729,"url":"https:\/\/zeromagazine.mx\/index.php\/2021\/07\/23\/entrevista-con-las-cruxes\/","url_meta":{"origin":57917,"position":2},"title":"Entrevista con Las Cruxes","author":"zeromagazinemx","date":"23 de julio de 2021","format":false,"excerpt":"La banda del g\u00e9nero punk-sunflower-punk-psychedelic-pop \u201cLas cruxes\u201d, liderada por Yayo Trujillo, quien tuvo que afrontar diferentes situaciones dentro de la industria para formar una agrupaci\u00f3n, que hoy en d\u00eda se solidifica org\u00e1nicamente. Recientemente estrenaron su nueva producci\u00f3n \u201cLlueve en mis sue\u00f1os\u201d. Por C\u00e9sar Palomares Yayo nos cont\u00f3 sobre este nuevo\u2026","rel":"","context":"En \u00abEntretenimiento\u00bb","block_context":{"text":"Entretenimiento","link":"https:\/\/zeromagazine.mx\/index.php\/category\/entretenimiento\/"},"img":{"alt_text":"","src":"https:\/\/i0.wp.com\/img.youtube.com\/vi\/UhoTD8d6dJM\/0.jpg?resize=350%2C200","width":350,"height":200},"classes":[]},{"id":48179,"url":"https:\/\/zeromagazine.mx\/index.php\/2021\/06\/18\/entrevista-con-asmed\/","url_meta":{"origin":57917,"position":3},"title":"Entrevista con Asmed","author":"zeromagazinemx","date":"18 de junio de 2021","format":false,"excerpt":"El cantante y compositor urbano Asmed, recientemente estren\u00f3 su nuevo sencillo \u201cReh\u00e9n\u201d, un tema que muestra la libertad y sensaciones que nos llevan a situaciones de la vida cotidiana. Este tema habla sobre el encuentro de dos personas que m\u00e1s all\u00e1 de una atracci\u00f3n f\u00edsica y coqueteos, se guardan una\u2026","rel":"","context":"En \u00abEntretenimiento\u00bb","block_context":{"text":"Entretenimiento","link":"https:\/\/zeromagazine.mx\/index.php\/category\/entretenimiento\/"},"img":{"alt_text":"","src":"https:\/\/i0.wp.com\/img.youtube.com\/vi\/qvlJDPElPZM\/0.jpg?resize=350%2C200","width":350,"height":200},"classes":[]},{"id":52658,"url":"https:\/\/zeromagazine.mx\/index.php\/2021\/08\/21\/entrevista-a-antonio-santana\/","url_meta":{"origin":57917,"position":4},"title":"Entrevista a Antonio Santana","author":"zeromagazinemx","date":"21 de agosto de 2021","format":false,"excerpt":"\u00c9l es Antonio Santana, actor y conductor de nacionalidad Espa\u00f1ola, Antonio ha participado en memorables proyectos como la telenovela Muchacha Italiana Viene a Casarse, Hoy Voy a Cambiar de Televisa y el largometraje Una Suegra Muy Ardiente para Blim. Como conductor lo hemos visto en \u201cLa Fortaleza ,el Reto Sagrado\u201d\u2026","rel":"","context":"En \u00abEntretenimiento\u00bb","block_context":{"text":"Entretenimiento","link":"https:\/\/zeromagazine.mx\/index.php\/category\/entretenimiento\/"},"img":{"alt_text":"","src":"","width":0,"height":0},"classes":[]},{"id":48981,"url":"https:\/\/zeromagazine.mx\/index.php\/2021\/06\/28\/entrevista-a-simone-marval\/","url_meta":{"origin":57917,"position":5},"title":"Entrevista a Simone Marval","author":"zeromagazinemx","date":"28 de junio de 2021","format":false,"excerpt":"Simone Marval, excelente actriz que actualmente podemos ver en Club 57 la telenovela musical producida por\u00a0Nickelodeon\u00a0donde da vida a Isa una chica muy dulce, curiosa, divertida y llena de ocurrencias. Tambi\u00e9n Simone ha participado en otras grandes producciones como 100 d\u00edas para enamorarnos, Decisiones, Mariposa De Barrio y Milagros de\u2026","rel":"","context":"En \u00abEntretenimiento\u00bb","block_context":{"text":"Entretenimiento","link":"https:\/\/zeromagazine.mx\/index.php\/category\/entretenimiento\/"},"img":{"alt_text":"","src":"https:\/\/i0.wp.com\/zeromagazinemx.wpcomstaging.com\/wp-content\/uploads\/2022\/02\/0a27a-simonemarval-picpink.jpg1_-817x1024.jpg?resize=350%2C200&ssl=1","width":350,"height":200,"srcset":"https:\/\/i0.wp.com\/zeromagazinemx.wpcomstaging.com\/wp-content\/uploads\/2022\/02\/0a27a-simonemarval-picpink.jpg1_-817x1024.jpg?resize=350%2C200&ssl=1 1x, https:\/\/i0.wp.com\/zeromagazinemx.wpcomstaging.com\/wp-content\/uploads\/2022\/02\/0a27a-simonemarval-picpink.jpg1_-817x1024.jpg?resize=525%2C300&ssl=1 1.5x, https:\/\/i0.wp.com\/zeromagazinemx.wpcomstaging.com\/wp-content\/uploads\/2022\/02\/0a27a-simonemarval-picpink.jpg1_-817x1024.jpg?resize=700%2C400&ssl=1 2x"},"classes":[]}],"jetpack_sharing_enabled":true,"builder_content":"","_links":{"self":[{"href":"https:\/\/zeromagazine.mx\/index.php\/wp-json\/wp\/v2\/posts\/57917","targetHints":{"allow":["GET"]}}],"collection":[{"href":"https:\/\/zeromagazine.mx\/index.php\/wp-json\/wp\/v2\/posts"}],"about":[{"href":"https:\/\/zeromagazine.mx\/index.php\/wp-json\/wp\/v2\/types\/post"}],"author":[{"embeddable":true,"href":"https:\/\/zeromagazine.mx\/index.php\/wp-json\/wp\/v2\/users\/2"}],"replies":[{"embeddable":true,"href":"https:\/\/zeromagazine.mx\/index.php\/wp-json\/wp\/v2\/comments?post=57917"}],"version-history":[{"count":0,"href":"https:\/\/zeromagazine.mx\/index.php\/wp-json\/wp\/v2\/posts\/57917\/revisions"}],"wp:featuredmedia":[{"embeddable":true,"href":"https:\/\/zeromagazine.mx\/index.php\/wp-json\/"}],"wp:attachment":[{"href":"https:\/\/zeromagazine.mx\/index.php\/wp-json\/wp\/v2\/media?parent=57917"}],"wp:term":[{"taxonomy":"category","embeddable":true,"href":"https:\/\/zeromagazine.mx\/index.php\/wp-json\/wp\/v2\/categories?post=57917"},{"taxonomy":"post_tag","embeddable":true,"href":"https:\/\/zeromagazine.mx\/index.php\/wp-json\/wp\/v2\/tags?post=57917"}],"curies":[{"name":"wp","href":"https:\/\/api.w.org\/{rel}","templated":true}]}}