{"id":57930,"date":"2021-11-12T10:00:00","date_gmt":"2021-11-12T16:00:00","guid":{"rendered":"https:\/\/atomic-temporary-84115225.wpcomstaging.com\/?p=57930"},"modified":"2021-11-12T10:00:00","modified_gmt":"2021-11-12T16:00:00","slug":"entrevista-a-roberto-vaquero","status":"publish","type":"post","link":"https:\/\/zeromagazine.mx\/index.php\/2021\/11\/12\/entrevista-a-roberto-vaquero\/","title":{"rendered":"Entrevista a Roberto Vaquero"},"content":{"rendered":"\n<p>El cantante y compositor <strong>Roberto Vaquero<\/strong> platic\u00f3 con nosotros sobre su m\u00e1s reciente sencillo <strong>\u201cNota de voz\u201d<\/strong>, sobre su carrera como compositor y productor de su propia m\u00fasica y c\u00f3mo naci\u00f3 <strong>\u201cNota de voz\u201d<\/strong>, te invitamos a leer la entrevista completa.<\/p>\n\n\n\n<div class=\"wp-block-image coblocks-animate\"><figure class=\"aligncenter size-large is-resized\"><a href=\"https:\/\/i0.wp.com\/zeromagazinemx.wpcomstaging.com\/wp-content\/uploads\/2022\/02\/7d2ad-roberto-vaquero.jpg?ssl=1\"><img data-recalc-dims=\"1\" decoding=\"async\" src=\"https:\/\/i0.wp.com\/zeromagazinemx.wpcomstaging.com\/wp-content\/uploads\/2022\/02\/7d2ad-roberto-vaquero.jpg?resize=740%2C1110&#038;ssl=1\" alt=\"\" class=\"wp-image-57933\" width=\"740\" height=\"1110\" \/><\/a><\/figure><\/div>\n\n\n\n<div class=\"wp-block-buttons is-layout-flex wp-block-buttons-is-layout-flex\">\n<div class=\"wp-block-button is-style-outline is-style-outline--1\"><a class=\"wp-block-button__link\">Por Mateo Aguilar<\/a><\/div>\n<\/div>\n\n\n\n<p><strong>Plat\u00edcame de que habla tu sencillo \u201cNota de voz\u201d<\/strong><\/p>\n\n\n\n<p><strong>\u201cNota de voz\u201d<\/strong> habla de estos amores no correspondidos que duelen cuando quieres a alguien que no te ve igual o te tienes que despedir de esa persona porque las cosas ya no est\u00e1n bien y solo queda terminar y alejarse para poder sanar, es una sensaci\u00f3n que todos hemos tenido y con la que todos nos podemos identificar.<\/p>\n\n\n\n<figure class=\"wp-block-embed aligncenter is-type-rich is-provider-instagram wp-block-embed-instagram\"><div class=\"wp-block-embed__wrapper\">\nhttps:\/\/www.instagram.com\/tv\/CVlweJ-FE_-\/?utm_medium=copy_link\n<\/div><\/figure>\n\n\n\n<p><strong>\u00bfPor qu\u00e9 titulase a esta canci\u00f3n \u201cNota de voz\u201d?<\/strong><\/p>\n\n\n\n<p>Es curioso que en ninguna parte de la canci\u00f3n se mencionan las notas de voz, sin embargo, yo lo veo como la despedida de este personaje y de la relaci\u00f3n que no pudo ser a trav\u00e9s de una nota de voz, tiene mucho que ver con c\u00f3mo se dan las relaciones ahora y como es que nos enamoramos y nos dejamos en la distancia.<\/p>\n\n\n\n<p><strong>Esta canci\u00f3n se siente muy personal y con mucha carga de emoci\u00f3n y energ\u00eda, \u00bfestabas buscando un estilo diferente al componerla?<\/strong><\/p>\n\n\n\n<p>Para empezar esta canci\u00f3n la compuse en el piano, eso ya cambia todo porque el sentimiento es diferente, el propio instrumento te invita a hacer cosas distintas a las que har\u00eda con una guitarra, creo que la emoci\u00f3n tambi\u00e9n naci\u00f3 por ah\u00ed y en la producci\u00f3n siempre se agregan cosas que complementan. Pero en realidad, no es sobre m\u00ed, es m\u00e1s bien un personaje que est\u00e1 viviendo la canci\u00f3n.<\/p>\n\n\n\n<figure class=\"wp-block-embed aligncenter is-type-rich is-provider-instagram wp-block-embed-instagram\"><div class=\"wp-block-embed__wrapper\">\nhttps:\/\/www.instagram.com\/p\/CWCKML-vRW6\/?utm_medium=copy_link\n<\/div><\/figure>\n\n\n\n<p><strong>\u00bfC\u00f3mo llegaste al concepto del videoclip para \u201cNota de voz\u201d?<\/strong><\/p>\n\n\n\n<p>Con el video quise plasmar lo que dice la canci\u00f3n, las emociones que se viven cuando estas en este momento de desprenderte de esa relaci\u00f3n que no pudo ser, el video es todo en primera persona donde el personaje que represento est\u00e1 en esta situaci\u00f3n y puedes ver en \u00e9l las emociones que acompa\u00f1an a la letra, es una situaci\u00f3n en la que todos nos podemos ver reflejados y es lo m\u00e1s especial del video.<\/p>\n\n\n\n<p><strong>\u00bfQu\u00e9 tan importante consideras que son las redes sociales como TikTok e Instagram para mostrarte como artista?<\/strong><\/p>\n\n\n\n<p>Es muy importante, me ha dejado mostrar m\u00e1s la parte de producci\u00f3n de las canciones, acercarme con las personas que me siguen y si puede tomar tiempo, pero vale la pena para mostrar m\u00e1s de quien soy como artista.<\/p>\n\n\n\n<p><strong>\u00bfC\u00f3mo productor que objetivos de planteas?<\/strong><\/p>\n\n\n\n<p>Me gusta que la gente sepa que me involucro en todas las etapas de m\u00ed m\u00fasica. Empec\u00e9 tocando bater\u00eda muy chico, despu\u00e9s cambi\u00e9 a la guitarra porque quer\u00eda estar al frente, aprend\u00ed piano y poco a poco al componer mis canciones fui acerc\u00e1ndome a la producci\u00f3n que es otra faceta de la m\u00fasica que disfruto mucho y quiero seguirla explorando con libertad.<\/p>\n\n\n\n<p><strong>\u00bfQu\u00e9 objetivos tienes en tu carrera despu\u00e9s del lanzamiento de este sencillo?&nbsp;<\/strong><\/p>\n\n\n\n<p>No dejo de componer, sigo preparando canciones para formar un EP que pronto saldr\u00e1, as\u00ed como la vuelta a los escenarios y a estar cerca del p\u00fablico que es lo que m\u00e1s disfruto.<\/p>\n\n\n\n<p><strong>\u00bfHay algo m\u00e1s que quieras agregar?<\/strong><\/p>\n\n\n\n<p>Quiero agradecerles por el espacio y a los lectores invitarlos a escuchar <strong>\u201cNota de voz\u201d<\/strong> y que vean el video, les va a encantar esta canci\u00f3n.<\/p>\n\n\n\n<p class=\"has-text-align-center\"><strong>Sigue a Mateo Aguilar en:<\/strong><\/p>\n\n\n\n<p class=\"has-text-align-center\"><strong>Instagram: <\/strong><a href=\"https:\/\/instagram.com\/dilanmateo21?utm_medium=copy_link\">@dilanmateo21<\/a><\/p>\n\n\n\n\n<!--themify_builder_content-->\n<div id=\"themify_builder_content-57930\" data-postid=\"57930\" class=\"themify_builder_content themify_builder_content-57930 themify_builder tf_clear\">\n    <\/div>\n<!--\/themify_builder_content-->\n","protected":false},"excerpt":{"rendered":"<p>El cantante y compositor Roberto Vaquero platic\u00f3 con nosotros sobre su m\u00e1s reciente sencillo \u201cNota de voz\u201d, sobre su carrera como compositor y productor de su propia m\u00fasica y c\u00f3mo naci\u00f3 \u201cNota de voz\u201d, te invitamos a leer la entrevista completa. Plat\u00edcame de que habla tu sencillo \u201cNota de voz\u201d \u201cNota de voz\u201d habla de [&hellip;]<\/p>\n","protected":false},"author":2,"featured_media":57934,"comment_status":"open","ping_status":"open","sticky":false,"template":"","format":"standard","meta":{"_jetpack_memberships_contains_paid_content":false,"footnotes":"","jetpack_publicize_message":"Roberto Vaquero platic\u00f3 con nosotros sobre su m\u00e1s reciente sencillo \u201cNota de voz\u201d y su carrera como compositor y productor, te invitamos a leer la entrevista completa en Zero Magazine","jetpack_publicize_feature_enabled":true,"jetpack_social_post_already_shared":true,"jetpack_social_options":{"image_generator_settings":{"template":"highway","default_image_id":0,"font":"","enabled":false},"version":2}},"categories":[117,91],"tags":[1270,6400,6401,1976],"class_list":["post-57930","post","type-post","status-publish","format-standard","has-post-thumbnail","hentry","category-entretenimiento","category-entrevistas","tag-instagram","tag-nota-de-voz","tag-roberto-vaquero","tag-tiktok","has-post-title","has-post-date","has-post-category","has-post-tag","has-post-comment","has-post-author",""],"yoast_head":"<!-- This site is optimized with the Yoast SEO plugin v27.5 - https:\/\/yoast.com\/product\/yoast-seo-wordpress\/ -->\n<title>Entrevista a Roberto Vaquero - Zero Magazine<\/title>\n<meta name=\"robots\" content=\"index, follow, max-snippet:-1, max-image-preview:large, max-video-preview:-1\" \/>\n<link rel=\"canonical\" href=\"https:\/\/zeromagazine.mx\/index.php\/2021\/11\/12\/entrevista-a-roberto-vaquero\/\" \/>\n<meta property=\"og:locale\" content=\"es_ES\" \/>\n<meta property=\"og:type\" content=\"article\" \/>\n<meta property=\"og:title\" content=\"Entrevista a Roberto Vaquero - Zero Magazine\" \/>\n<meta property=\"og:description\" content=\"El cantante y compositor Roberto Vaquero platic\u00f3 con nosotros sobre su m\u00e1s reciente sencillo \u201cNota de voz\u201d, sobre su carrera como compositor y productor de su propia m\u00fasica y c\u00f3mo naci\u00f3 \u201cNota de voz\u201d, te invitamos a leer la entrevista completa. Plat\u00edcame de que habla tu sencillo \u201cNota de voz\u201d \u201cNota de voz\u201d habla de [&hellip;]\" \/>\n<meta property=\"og:url\" content=\"https:\/\/zeromagazine.mx\/index.php\/2021\/11\/12\/entrevista-a-roberto-vaquero\/\" \/>\n<meta property=\"og:site_name\" content=\"Zero Magazine\" \/>\n<meta property=\"article:published_time\" content=\"2021-11-12T16:00:00+00:00\" \/>\n<meta name=\"author\" content=\"zeromagazinemx\" \/>\n<meta name=\"twitter:card\" content=\"summary_large_image\" \/>\n<meta name=\"twitter:label1\" content=\"Escrito por\" \/>\n\t<meta name=\"twitter:data1\" content=\"zeromagazinemx\" \/>\n\t<meta name=\"twitter:label2\" content=\"Tiempo de lectura\" \/>\n\t<meta name=\"twitter:data2\" content=\"3 minutos\" \/>\n<script type=\"application\/ld+json\" class=\"yoast-schema-graph\">{\"@context\":\"https:\\\/\\\/schema.org\",\"@graph\":[{\"@type\":\"Article\",\"@id\":\"https:\\\/\\\/zeromagazine.mx\\\/index.php\\\/2021\\\/11\\\/12\\\/entrevista-a-roberto-vaquero\\\/#article\",\"isPartOf\":{\"@id\":\"https:\\\/\\\/zeromagazine.mx\\\/index.php\\\/2021\\\/11\\\/12\\\/entrevista-a-roberto-vaquero\\\/\"},\"author\":{\"name\":\"zeromagazinemx\",\"@id\":\"https:\\\/\\\/zeromagazine.mx\\\/#\\\/schema\\\/person\\\/9aed9f33a7c39af3a348b86d723f7773\"},\"headline\":\"Entrevista a Roberto Vaquero\",\"datePublished\":\"2021-11-12T16:00:00+00:00\",\"mainEntityOfPage\":{\"@id\":\"https:\\\/\\\/zeromagazine.mx\\\/index.php\\\/2021\\\/11\\\/12\\\/entrevista-a-roberto-vaquero\\\/\"},\"wordCount\":638,\"commentCount\":0,\"publisher\":{\"@id\":\"https:\\\/\\\/zeromagazine.mx\\\/#organization\"},\"image\":{\"@id\":\"https:\\\/\\\/zeromagazine.mx\\\/index.php\\\/2021\\\/11\\\/12\\\/entrevista-a-roberto-vaquero\\\/#primaryimage\"},\"thumbnailUrl\":\"\",\"keywords\":[\"Instagram\",\"Nota de voz\",\"Roberto Vaquero\",\"TikTok\"],\"articleSection\":[\"Entretenimiento\",\"Entrevistas\"],\"inLanguage\":\"es\",\"potentialAction\":[{\"@type\":\"CommentAction\",\"name\":\"Comment\",\"target\":[\"https:\\\/\\\/zeromagazine.mx\\\/index.php\\\/2021\\\/11\\\/12\\\/entrevista-a-roberto-vaquero\\\/#respond\"]}]},{\"@type\":\"WebPage\",\"@id\":\"https:\\\/\\\/zeromagazine.mx\\\/index.php\\\/2021\\\/11\\\/12\\\/entrevista-a-roberto-vaquero\\\/\",\"url\":\"https:\\\/\\\/zeromagazine.mx\\\/index.php\\\/2021\\\/11\\\/12\\\/entrevista-a-roberto-vaquero\\\/\",\"name\":\"Entrevista a Roberto Vaquero - Zero Magazine\",\"isPartOf\":{\"@id\":\"https:\\\/\\\/zeromagazine.mx\\\/#website\"},\"primaryImageOfPage\":{\"@id\":\"https:\\\/\\\/zeromagazine.mx\\\/index.php\\\/2021\\\/11\\\/12\\\/entrevista-a-roberto-vaquero\\\/#primaryimage\"},\"image\":{\"@id\":\"https:\\\/\\\/zeromagazine.mx\\\/index.php\\\/2021\\\/11\\\/12\\\/entrevista-a-roberto-vaquero\\\/#primaryimage\"},\"thumbnailUrl\":\"\",\"datePublished\":\"2021-11-12T16:00:00+00:00\",\"breadcrumb\":{\"@id\":\"https:\\\/\\\/zeromagazine.mx\\\/index.php\\\/2021\\\/11\\\/12\\\/entrevista-a-roberto-vaquero\\\/#breadcrumb\"},\"inLanguage\":\"es\",\"potentialAction\":[{\"@type\":\"ReadAction\",\"target\":[\"https:\\\/\\\/zeromagazine.mx\\\/index.php\\\/2021\\\/11\\\/12\\\/entrevista-a-roberto-vaquero\\\/\"]}]},{\"@type\":\"ImageObject\",\"inLanguage\":\"es\",\"@id\":\"https:\\\/\\\/zeromagazine.mx\\\/index.php\\\/2021\\\/11\\\/12\\\/entrevista-a-roberto-vaquero\\\/#primaryimage\",\"url\":\"\",\"contentUrl\":\"\"},{\"@type\":\"BreadcrumbList\",\"@id\":\"https:\\\/\\\/zeromagazine.mx\\\/index.php\\\/2021\\\/11\\\/12\\\/entrevista-a-roberto-vaquero\\\/#breadcrumb\",\"itemListElement\":[{\"@type\":\"ListItem\",\"position\":1,\"name\":\"Portada\",\"item\":\"https:\\\/\\\/zeromagazine.mx\\\/\"},{\"@type\":\"ListItem\",\"position\":2,\"name\":\"Entrevista a Roberto Vaquero\"}]},{\"@type\":\"WebSite\",\"@id\":\"https:\\\/\\\/zeromagazine.mx\\\/#website\",\"url\":\"https:\\\/\\\/zeromagazine.mx\\\/\",\"name\":\"Zero Magazine\",\"description\":\"\",\"publisher\":{\"@id\":\"https:\\\/\\\/zeromagazine.mx\\\/#organization\"},\"potentialAction\":[{\"@type\":\"SearchAction\",\"target\":{\"@type\":\"EntryPoint\",\"urlTemplate\":\"https:\\\/\\\/zeromagazine.mx\\\/?s={search_term_string}\"},\"query-input\":{\"@type\":\"PropertyValueSpecification\",\"valueRequired\":true,\"valueName\":\"search_term_string\"}}],\"inLanguage\":\"es\"},{\"@type\":\"Organization\",\"@id\":\"https:\\\/\\\/zeromagazine.mx\\\/#organization\",\"name\":\"Zero Magazine\",\"url\":\"https:\\\/\\\/zeromagazine.mx\\\/\",\"logo\":{\"@type\":\"ImageObject\",\"inLanguage\":\"es\",\"@id\":\"https:\\\/\\\/zeromagazine.mx\\\/#\\\/schema\\\/logo\\\/image\\\/\",\"url\":\"https:\\\/\\\/i0.wp.com\\\/zeromagazine.mx\\\/wp-content\\\/uploads\\\/2025\\\/11\\\/1.jpeg?fit=1000%2C1000&ssl=1\",\"contentUrl\":\"https:\\\/\\\/i0.wp.com\\\/zeromagazine.mx\\\/wp-content\\\/uploads\\\/2025\\\/11\\\/1.jpeg?fit=1000%2C1000&ssl=1\",\"width\":1000,\"height\":1000,\"caption\":\"Zero Magazine\"},\"image\":{\"@id\":\"https:\\\/\\\/zeromagazine.mx\\\/#\\\/schema\\\/logo\\\/image\\\/\"},\"sameAs\":[\"https:\\\/\\\/instagram.com\\\/zeromagazinemx\"]},{\"@type\":\"Person\",\"@id\":\"https:\\\/\\\/zeromagazine.mx\\\/#\\\/schema\\\/person\\\/9aed9f33a7c39af3a348b86d723f7773\",\"name\":\"zeromagazinemx\",\"image\":{\"@type\":\"ImageObject\",\"inLanguage\":\"es\",\"@id\":\"https:\\\/\\\/zeromagazine.mx\\\/wp-content\\\/litespeed\\\/avatar\\\/f91dfe5410d5dcb1a576bf8c45983896.jpg?ver=1777571230\",\"url\":\"https:\\\/\\\/zeromagazine.mx\\\/wp-content\\\/litespeed\\\/avatar\\\/f91dfe5410d5dcb1a576bf8c45983896.jpg?ver=1777571230\",\"contentUrl\":\"https:\\\/\\\/zeromagazine.mx\\\/wp-content\\\/litespeed\\\/avatar\\\/f91dfe5410d5dcb1a576bf8c45983896.jpg?ver=1777571230\",\"caption\":\"zeromagazinemx\"},\"url\":\"https:\\\/\\\/zeromagazine.mx\\\/index.php\\\/author\\\/zeromagazinemx\\\/\"}]}<\/script>\n<!-- \/ Yoast SEO plugin. -->","yoast_head_json":{"title":"Entrevista a Roberto Vaquero - Zero Magazine","robots":{"index":"index","follow":"follow","max-snippet":"max-snippet:-1","max-image-preview":"max-image-preview:large","max-video-preview":"max-video-preview:-1"},"canonical":"https:\/\/zeromagazine.mx\/index.php\/2021\/11\/12\/entrevista-a-roberto-vaquero\/","og_locale":"es_ES","og_type":"article","og_title":"Entrevista a Roberto Vaquero - Zero Magazine","og_description":"El cantante y compositor Roberto Vaquero platic\u00f3 con nosotros sobre su m\u00e1s reciente sencillo \u201cNota de voz\u201d, sobre su carrera como compositor y productor de su propia m\u00fasica y c\u00f3mo naci\u00f3 \u201cNota de voz\u201d, te invitamos a leer la entrevista completa. Plat\u00edcame de que habla tu sencillo \u201cNota de voz\u201d \u201cNota de voz\u201d habla de [&hellip;]","og_url":"https:\/\/zeromagazine.mx\/index.php\/2021\/11\/12\/entrevista-a-roberto-vaquero\/","og_site_name":"Zero Magazine","article_published_time":"2021-11-12T16:00:00+00:00","author":"zeromagazinemx","twitter_card":"summary_large_image","twitter_misc":{"Escrito por":"zeromagazinemx","Tiempo de lectura":"3 minutos"},"schema":{"@context":"https:\/\/schema.org","@graph":[{"@type":"Article","@id":"https:\/\/zeromagazine.mx\/index.php\/2021\/11\/12\/entrevista-a-roberto-vaquero\/#article","isPartOf":{"@id":"https:\/\/zeromagazine.mx\/index.php\/2021\/11\/12\/entrevista-a-roberto-vaquero\/"},"author":{"name":"zeromagazinemx","@id":"https:\/\/zeromagazine.mx\/#\/schema\/person\/9aed9f33a7c39af3a348b86d723f7773"},"headline":"Entrevista a Roberto Vaquero","datePublished":"2021-11-12T16:00:00+00:00","mainEntityOfPage":{"@id":"https:\/\/zeromagazine.mx\/index.php\/2021\/11\/12\/entrevista-a-roberto-vaquero\/"},"wordCount":638,"commentCount":0,"publisher":{"@id":"https:\/\/zeromagazine.mx\/#organization"},"image":{"@id":"https:\/\/zeromagazine.mx\/index.php\/2021\/11\/12\/entrevista-a-roberto-vaquero\/#primaryimage"},"thumbnailUrl":"","keywords":["Instagram","Nota de voz","Roberto Vaquero","TikTok"],"articleSection":["Entretenimiento","Entrevistas"],"inLanguage":"es","potentialAction":[{"@type":"CommentAction","name":"Comment","target":["https:\/\/zeromagazine.mx\/index.php\/2021\/11\/12\/entrevista-a-roberto-vaquero\/#respond"]}]},{"@type":"WebPage","@id":"https:\/\/zeromagazine.mx\/index.php\/2021\/11\/12\/entrevista-a-roberto-vaquero\/","url":"https:\/\/zeromagazine.mx\/index.php\/2021\/11\/12\/entrevista-a-roberto-vaquero\/","name":"Entrevista a Roberto Vaquero - Zero Magazine","isPartOf":{"@id":"https:\/\/zeromagazine.mx\/#website"},"primaryImageOfPage":{"@id":"https:\/\/zeromagazine.mx\/index.php\/2021\/11\/12\/entrevista-a-roberto-vaquero\/#primaryimage"},"image":{"@id":"https:\/\/zeromagazine.mx\/index.php\/2021\/11\/12\/entrevista-a-roberto-vaquero\/#primaryimage"},"thumbnailUrl":"","datePublished":"2021-11-12T16:00:00+00:00","breadcrumb":{"@id":"https:\/\/zeromagazine.mx\/index.php\/2021\/11\/12\/entrevista-a-roberto-vaquero\/#breadcrumb"},"inLanguage":"es","potentialAction":[{"@type":"ReadAction","target":["https:\/\/zeromagazine.mx\/index.php\/2021\/11\/12\/entrevista-a-roberto-vaquero\/"]}]},{"@type":"ImageObject","inLanguage":"es","@id":"https:\/\/zeromagazine.mx\/index.php\/2021\/11\/12\/entrevista-a-roberto-vaquero\/#primaryimage","url":"","contentUrl":""},{"@type":"BreadcrumbList","@id":"https:\/\/zeromagazine.mx\/index.php\/2021\/11\/12\/entrevista-a-roberto-vaquero\/#breadcrumb","itemListElement":[{"@type":"ListItem","position":1,"name":"Portada","item":"https:\/\/zeromagazine.mx\/"},{"@type":"ListItem","position":2,"name":"Entrevista a Roberto Vaquero"}]},{"@type":"WebSite","@id":"https:\/\/zeromagazine.mx\/#website","url":"https:\/\/zeromagazine.mx\/","name":"Zero Magazine","description":"","publisher":{"@id":"https:\/\/zeromagazine.mx\/#organization"},"potentialAction":[{"@type":"SearchAction","target":{"@type":"EntryPoint","urlTemplate":"https:\/\/zeromagazine.mx\/?s={search_term_string}"},"query-input":{"@type":"PropertyValueSpecification","valueRequired":true,"valueName":"search_term_string"}}],"inLanguage":"es"},{"@type":"Organization","@id":"https:\/\/zeromagazine.mx\/#organization","name":"Zero Magazine","url":"https:\/\/zeromagazine.mx\/","logo":{"@type":"ImageObject","inLanguage":"es","@id":"https:\/\/zeromagazine.mx\/#\/schema\/logo\/image\/","url":"https:\/\/i0.wp.com\/zeromagazine.mx\/wp-content\/uploads\/2025\/11\/1.jpeg?fit=1000%2C1000&ssl=1","contentUrl":"https:\/\/i0.wp.com\/zeromagazine.mx\/wp-content\/uploads\/2025\/11\/1.jpeg?fit=1000%2C1000&ssl=1","width":1000,"height":1000,"caption":"Zero Magazine"},"image":{"@id":"https:\/\/zeromagazine.mx\/#\/schema\/logo\/image\/"},"sameAs":["https:\/\/instagram.com\/zeromagazinemx"]},{"@type":"Person","@id":"https:\/\/zeromagazine.mx\/#\/schema\/person\/9aed9f33a7c39af3a348b86d723f7773","name":"zeromagazinemx","image":{"@type":"ImageObject","inLanguage":"es","@id":"https:\/\/zeromagazine.mx\/wp-content\/litespeed\/avatar\/f91dfe5410d5dcb1a576bf8c45983896.jpg?ver=1777571230","url":"https:\/\/zeromagazine.mx\/wp-content\/litespeed\/avatar\/f91dfe5410d5dcb1a576bf8c45983896.jpg?ver=1777571230","contentUrl":"https:\/\/zeromagazine.mx\/wp-content\/litespeed\/avatar\/f91dfe5410d5dcb1a576bf8c45983896.jpg?ver=1777571230","caption":"zeromagazinemx"},"url":"https:\/\/zeromagazine.mx\/index.php\/author\/zeromagazinemx\/"}]}},"jetpack_publicize_connections":[],"jetpack_featured_media_url":"","jetpack-related-posts":[{"id":49436,"url":"https:\/\/zeromagazine.mx\/index.php\/2021\/07\/05\/entrevista-a-manu-negrete\/","url_meta":{"origin":57930,"position":0},"title":"ENTREVISTA A MANU NEGRETE","author":"zeromagazinemx","date":"5 de julio de 2021","format":false,"excerpt":"Manu Negrete nos habla de su m\u00e1s reciente \u00e1lbum MANU, el cual lo podremos tener en f\u00edsico y nos cuenta un poco sobre su experiencia como participante en \u201cLa Voz M\u00e9xico\u201d POR GABRIELA H. DELGADILLO Cu\u00e9ntame c\u00f3mo surgi\u00f3 tu nuevo material Bueno, el disco es un sue\u00f1o hecho realidad, el\u2026","rel":"","context":"En \u00abEntretenimiento\u00bb","block_context":{"text":"Entretenimiento","link":"https:\/\/zeromagazine.mx\/index.php\/category\/entretenimiento\/"},"img":{"alt_text":"","src":"","width":0,"height":0},"classes":[]},{"id":75186,"url":"https:\/\/zeromagazine.mx\/index.php\/2024\/04\/30\/gabardina-vaquera-urbanic\/","url_meta":{"origin":57930,"position":1},"title":"Gabardina Vaquera Urbanic","author":"zeromagazinemx","date":"30 de abril de 2024","format":false,"excerpt":"Hoy quiero compartirte lo m\u00e1s trendy de la temporada: la gabardina vaquera de Urbanic que simplemente necesitas tener en tu cl\u00f3set para esta primavera. Primero que nada, \u00bfqui\u00e9n dijo que la gabardina ten\u00eda que ser aburrida? \u00a1Olvida los t\u00edpicos colores beige o camel! Esta temporada, la gabardina vaquera est\u00e1 en\u2026","rel":"","context":"En \u00abLifestyle\u00bb","block_context":{"text":"Lifestyle","link":"https:\/\/zeromagazine.mx\/index.php\/category\/lifestyle\/"},"img":{"alt_text":"","src":"https:\/\/i0.wp.com\/zeromagazine.mx\/wp-content\/uploads\/2024\/04\/Captura-de-pantalla-2024-04-18-a-las-2.28.11%E2%80%AFp.m.png?fit=822%2C1200&ssl=1&resize=350%2C200","width":350,"height":200,"srcset":"https:\/\/i0.wp.com\/zeromagazine.mx\/wp-content\/uploads\/2024\/04\/Captura-de-pantalla-2024-04-18-a-las-2.28.11%E2%80%AFp.m.png?fit=822%2C1200&ssl=1&resize=350%2C200 1x, https:\/\/i0.wp.com\/zeromagazine.mx\/wp-content\/uploads\/2024\/04\/Captura-de-pantalla-2024-04-18-a-las-2.28.11%E2%80%AFp.m.png?fit=822%2C1200&ssl=1&resize=525%2C300 1.5x, https:\/\/i0.wp.com\/zeromagazine.mx\/wp-content\/uploads\/2024\/04\/Captura-de-pantalla-2024-04-18-a-las-2.28.11%E2%80%AFp.m.png?fit=822%2C1200&ssl=1&resize=700%2C400 2x"},"classes":[]},{"id":73091,"url":"https:\/\/zeromagazine.mx\/index.php\/2024\/04\/03\/el-tigre-tu-destino-vaquero-en-cdmx-para-el-estilo-cowboy\/","url_meta":{"origin":57930,"position":2},"title":"El Tigre: Tu Parada Vaquera en CDMX","author":"zeromagazinemx","date":"3 de abril de 2024","format":false,"excerpt":"Hoy quiero compartir con ustedes una tendencia que ha estado ganando fuerza en el mundo de la moda: el estilo vaquero. Desde los desfiles de moda hasta las celebridades m\u00e1s influyentes, el denim, las chamarras de cowboy y los estampados inspirados en lo campirano est\u00e1n en todas partes. En este\u2026","rel":"","context":"En \u00abModa\u00bb","block_context":{"text":"Moda","link":"https:\/\/zeromagazine.mx\/index.php\/category\/moda\/"},"img":{"alt_text":"","src":"https:\/\/i0.wp.com\/zeromagazine.mx\/wp-content\/uploads\/2024\/04\/image-008.jpg?fit=1200%2C800&ssl=1&resize=350%2C200","width":350,"height":200,"srcset":"https:\/\/i0.wp.com\/zeromagazine.mx\/wp-content\/uploads\/2024\/04\/image-008.jpg?fit=1200%2C800&ssl=1&resize=350%2C200 1x, https:\/\/i0.wp.com\/zeromagazine.mx\/wp-content\/uploads\/2024\/04\/image-008.jpg?fit=1200%2C800&ssl=1&resize=525%2C300 1.5x, https:\/\/i0.wp.com\/zeromagazine.mx\/wp-content\/uploads\/2024\/04\/image-008.jpg?fit=1200%2C800&ssl=1&resize=700%2C400 2x, https:\/\/i0.wp.com\/zeromagazine.mx\/wp-content\/uploads\/2024\/04\/image-008.jpg?fit=1200%2C800&ssl=1&resize=1050%2C600 3x"},"classes":[]},{"id":90772,"url":"https:\/\/zeromagazine.mx\/index.php\/2024\/11\/14\/botas-vaqueras-estilo-sin-limites\/","url_meta":{"origin":57930,"position":3},"title":"\u00abBotas Vaqueras: Estilo Sin L\u00edmites\u00bb","author":"zeromagazinemx","date":"14 de noviembre de 2024","format":false,"excerpt":"Si pensabas que el estilo\u00a0western\u00a0era solo para rodeos y country music, es hora de que te pongas al d\u00eda. El regreso de las botas vaqueras est\u00e1 arrasando esta temporada y no es solo para montar caballos, \u00a1es todo un mood! En el 2024, este estilo ha sido reactivado por grandes\u2026","rel":"","context":"En \u00abModa\u00bb","block_context":{"text":"Moda","link":"https:\/\/zeromagazine.mx\/index.php\/category\/moda\/"},"img":{"alt_text":"","src":"https:\/\/i0.wp.com\/zeromagazine.mx\/wp-content\/uploads\/2024\/11\/3.png?fit=938%2C750&ssl=1&resize=350%2C200","width":350,"height":200,"srcset":"https:\/\/i0.wp.com\/zeromagazine.mx\/wp-content\/uploads\/2024\/11\/3.png?fit=938%2C750&ssl=1&resize=350%2C200 1x, https:\/\/i0.wp.com\/zeromagazine.mx\/wp-content\/uploads\/2024\/11\/3.png?fit=938%2C750&ssl=1&resize=525%2C300 1.5x, https:\/\/i0.wp.com\/zeromagazine.mx\/wp-content\/uploads\/2024\/11\/3.png?fit=938%2C750&ssl=1&resize=700%2C400 2x"},"classes":[]},{"id":49745,"url":"https:\/\/zeromagazine.mx\/index.php\/2021\/07\/09\/entrevista-con-marisol-meneses\/","url_meta":{"origin":57930,"position":4},"title":"Entrevista con Marisol Meneses","author":"zeromagazinemx","date":"9 de julio de 2021","format":false,"excerpt":"El pasado 20 de junio se estren\u00f3 la serie \u201cLa muchacha que limpia\u201d a trav\u00e9s de HBO, donde Marisol Meneses le da vida al personaje de Yatzi, tuvimos la oportunidad de platicar con ella sobre el desempe\u00f1o que ha tenido durante esta producci\u00f3n y esto fue lo que nos cont\u00f3.\u2026","rel":"","context":"En \u00abEntretenimiento\u00bb","block_context":{"text":"Entretenimiento","link":"https:\/\/zeromagazine.mx\/index.php\/category\/entretenimiento\/"},"img":{"alt_text":"","src":"","width":0,"height":0},"classes":[]},{"id":105408,"url":"https:\/\/zeromagazine.mx\/index.php\/2025\/06\/03\/robert-coronel-y-su-homenaje-a-idolos-de-la-balada\/","url_meta":{"origin":57930,"position":5},"title":"Robert Coronel &amp; su homenaje a los \u00eddolos de la balada","author":"David Morales","date":"3 de junio de 2025","format":false,"excerpt":"Amix, cuando el talento, la emoci\u00f3n y la historia se juntan, se nota. Y eso justo es lo que est\u00e1 pasando con Robert Coronel, quien est\u00e1 celebrando 20 a\u00f1os de carrera art\u00edstica con su nueva gira: \u201c\u00cdDOLOS 2025\u201d. Este show no solo es m\u00fasica, es pura pasi\u00f3n que inspira. Y\u2026","rel":"","context":"En \u00abEntretenimiento\u00bb","block_context":{"text":"Entretenimiento","link":"https:\/\/zeromagazine.mx\/index.php\/category\/entretenimiento\/"},"img":{"alt_text":"","src":"https:\/\/i0.wp.com\/zeromagazine.mx\/wp-content\/uploads\/2025\/06\/Screenshot-2025-06-03-121113.png?fit=695%2C812&ssl=1&resize=350%2C200","width":350,"height":200,"srcset":"https:\/\/i0.wp.com\/zeromagazine.mx\/wp-content\/uploads\/2025\/06\/Screenshot-2025-06-03-121113.png?fit=695%2C812&ssl=1&resize=350%2C200 1x, https:\/\/i0.wp.com\/zeromagazine.mx\/wp-content\/uploads\/2025\/06\/Screenshot-2025-06-03-121113.png?fit=695%2C812&ssl=1&resize=525%2C300 1.5x"},"classes":[]}],"jetpack_sharing_enabled":true,"builder_content":"","_links":{"self":[{"href":"https:\/\/zeromagazine.mx\/index.php\/wp-json\/wp\/v2\/posts\/57930","targetHints":{"allow":["GET"]}}],"collection":[{"href":"https:\/\/zeromagazine.mx\/index.php\/wp-json\/wp\/v2\/posts"}],"about":[{"href":"https:\/\/zeromagazine.mx\/index.php\/wp-json\/wp\/v2\/types\/post"}],"author":[{"embeddable":true,"href":"https:\/\/zeromagazine.mx\/index.php\/wp-json\/wp\/v2\/users\/2"}],"replies":[{"embeddable":true,"href":"https:\/\/zeromagazine.mx\/index.php\/wp-json\/wp\/v2\/comments?post=57930"}],"version-history":[{"count":0,"href":"https:\/\/zeromagazine.mx\/index.php\/wp-json\/wp\/v2\/posts\/57930\/revisions"}],"wp:featuredmedia":[{"embeddable":true,"href":"https:\/\/zeromagazine.mx\/index.php\/wp-json\/"}],"wp:attachment":[{"href":"https:\/\/zeromagazine.mx\/index.php\/wp-json\/wp\/v2\/media?parent=57930"}],"wp:term":[{"taxonomy":"category","embeddable":true,"href":"https:\/\/zeromagazine.mx\/index.php\/wp-json\/wp\/v2\/categories?post=57930"},{"taxonomy":"post_tag","embeddable":true,"href":"https:\/\/zeromagazine.mx\/index.php\/wp-json\/wp\/v2\/tags?post=57930"}],"curies":[{"name":"wp","href":"https:\/\/api.w.org\/{rel}","templated":true}]}}