{"id":57938,"date":"2021-11-12T09:00:00","date_gmt":"2021-11-12T15:00:00","guid":{"rendered":"https:\/\/atomic-temporary-84115225.wpcomstaging.com\/?p=57938"},"modified":"2021-11-12T09:00:00","modified_gmt":"2021-11-12T15:00:00","slug":"carolina-lopez-las-emociones-estan-en-mi-pero-esta-en-mi-filtrar-que-tanto-de-eso-quiero-compartir","status":"publish","type":"post","link":"https:\/\/zeromagazine.mx\/index.php\/2021\/11\/12\/carolina-lopez-las-emociones-estan-en-mi-pero-esta-en-mi-filtrar-que-tanto-de-eso-quiero-compartir\/","title":{"rendered":"Carolina L\u00f3pez: \u201cLas emociones est\u00e1n en m\u00ed, pero est\u00e1 en m\u00ed filtrar que tanto de eso quiero compartir\u201d"},"content":{"rendered":"\n<p>La moda, un concepto muy conocido y que en tiempos actuales ha tomado mucha fuerza en popularidad, conceptos, dise\u00f1os e inspiraciones. En esta oportunidad pude platicar con <strong>Carolina L\u00f3pez<\/strong>, una de las 7 dise\u00f1adoras que tuvieron la oportunidad de presentar sus m\u00e1s recientes dise\u00f1os en <strong>New York Fashion Week<\/strong>.<\/p>\n\n\n\n<figure class=\"wp-block-embed aligncenter is-type-rich is-provider-instagram wp-block-embed-instagram\"><div class=\"wp-block-embed__wrapper\">\nhttps:\/\/www.instagram.com\/p\/CT4_Wjbpu1G\/?utm_medium=copy_link\n<\/div><\/figure>\n\n\n\n<div class=\"wp-block-buttons is-layout-flex wp-block-buttons-is-layout-flex\">\n<div class=\"wp-block-button is-style-outline is-style-outline--1\"><a class=\"wp-block-button__link\">Por Luis Lechuga.<\/a><\/div>\n<\/div>\n\n\n\n<p>La historia de Carolina en el mundo de la moda inicia desde una edad muy temprana y nos comparte que recuerda que, uno de los regalos que le pidi\u00f3 a Santa Claus, fue un kit de dise\u00f1o de moda y a pesar de que su conocimiento en este terreno era un poco inexperto, siempre tuvo una visi\u00f3n y una atracci\u00f3n totalmente enfocada a la est\u00e9tica que existe dentro de la moda.&nbsp;<\/p>\n\n\n\n<p>Algo que es muy com\u00fan en <strong>Latinoam\u00e9rica <\/strong>es el hecho de que la carrera de dise\u00f1o de modas no es algo muy \u201c<em>com\u00fan<\/em>\u201d, por decirlo de alguna manera y que muchas veces esta misma profesi\u00f3n llegar a ser infravalorada, pero que Carolina sigui\u00f3 y sigue, persiguiendo de manera profesional.<\/p>\n\n\n\n<div class=\"wp-block-image coblocks-animate\"><figure class=\"aligncenter size-full is-resized\"><a href=\"https:\/\/i0.wp.com\/zeromagazinemx.wpcomstaging.com\/wp-content\/uploads\/2022\/02\/dc612-carolina-lopez-las-emociones-estan-en-mi-pero-esta-en-mi-filtrar-que-tanto-de-eso-quiero-compartir.jpg?ssl=1\"><img data-recalc-dims=\"1\" decoding=\"async\" src=\"https:\/\/i0.wp.com\/zeromagazinemx.wpcomstaging.com\/wp-content\/uploads\/2022\/02\/dc612-carolina-lopez-las-emociones-estan-en-mi-pero-esta-en-mi-filtrar-que-tanto-de-eso-quiero-compartir.jpg?resize=742%2C742&#038;ssl=1\" alt=\"\" class=\"wp-image-57957\" width=\"742\" height=\"742\" \/><\/a><\/figure><\/div>\n\n\n\n<p><em>\u201cNo me puedo enga\u00f1ar y decir que me gusta otra cosa, cuando en realidad yo quiero estudiar esto\u201d \u2013 <strong>Carolina L\u00f3pez<\/strong><\/em><\/p>\n\n\n\n<p>La creaci\u00f3n de diferentes dise\u00f1os dentro de esta profesi\u00f3n implica una gran cantidad de creatividad, de inspiraci\u00f3n y que muchas veces pueden llegar a pensar, desde una perspectiva m\u00e1s social, que es muy sencillo hacerlo.&nbsp;<\/p>\n\n\n\n<p>Desde la perspectiva de Carolina nos comparte que el arte en general es su principal fuente de inspiraci\u00f3n, no importa si es arquitectura o incluso poes\u00eda, ella lo toma, lo adapta y crea dise\u00f1os totalmente novedosos y hermosos para los ojos del p\u00fablico.&nbsp;<\/p>\n\n\n\n<p>Aun as\u00ed, Carolina define como <em>\u201csubjetivo\u201d<\/em> el trabajar en la industria de la moda porque todo se basa en la percepci\u00f3n que tienes t\u00fa mismo sobre esta industria y nos comparte que:<\/p>\n\n\n\n<p><em>\u201cTe puede comer o no te puede comer la industria, dependiendo que tan firmes tengas tus convicciones, tu forma de trabajar, tus creencias, tu \u00e9tica y el apoyo que tengas de tu c\u00edrculo cercano\u201d \u2013 <strong>Carolina L\u00f3pez<\/strong>\u00a0<\/em><\/p>\n\n\n\n<div class=\"wp-block-image coblocks-animate\"><figure class=\"aligncenter size-full is-resized\"><a href=\"https:\/\/i0.wp.com\/zeromagazinemx.wpcomstaging.com\/wp-content\/uploads\/2022\/02\/eb43f-carolina-lopez-moda.jpg?ssl=1\"><img data-recalc-dims=\"1\" decoding=\"async\" src=\"https:\/\/i0.wp.com\/zeromagazinemx.wpcomstaging.com\/wp-content\/uploads\/2022\/02\/eb43f-carolina-lopez-moda.jpg?resize=742%2C742&#038;ssl=1\" alt=\"\" class=\"wp-image-57958\" width=\"742\" height=\"742\" \/><\/a><\/figure><\/div>\n\n\n\n<p>Participar en un evento tan importante como lo es el <strong>Fashion Week,<\/strong> es una oportunidad que te brinda muchas experiencias, vivencias, recuerdos, amistades y, sobre todo, que est\u00e1 llena de emociones. El proceso, desde los ojos de Carolina, fue totalmente veloz y que la llenan de gratitud por todo lo que ha vivido en esta experiencia.<\/p>\n\n\n\n<p><em>\u201cEl balance entre la tecnolog\u00eda y regresar a los or\u00edgenes\u201d <\/em>es el concepto general que se engloba en esta pasarela de <strong>New York Fashion Week<\/strong> de la <strong>universidad CEDIM <\/strong>y que, a pesar de ser un concepto compartido, cada una de las dise\u00f1adoras tiene dentro su propia propuesta.\u00a0<\/p>\n\n\n\n<div class=\"wp-block-image coblocks-animate\"><figure class=\"aligncenter size-full is-resized\"><a href=\"https:\/\/i0.wp.com\/zeromagazinemx.wpcomstaging.com\/wp-content\/uploads\/2022\/02\/2bfc8-carolina-lopez-new-york.jpg?ssl=1\"><img data-recalc-dims=\"1\" decoding=\"async\" src=\"https:\/\/i0.wp.com\/zeromagazinemx.wpcomstaging.com\/wp-content\/uploads\/2022\/02\/2bfc8-carolina-lopez-new-york.jpg?resize=737%2C737&#038;ssl=1\" alt=\"\" class=\"wp-image-57960\" width=\"737\" height=\"737\" \/><\/a><\/figure><\/div>\n\n\n\n<p>Los dise\u00f1os de carolina se basan principalmente, en esta colecci\u00f3n, en colores neutros, esencias sobrias, esencias que no buscan transmitir un sentimiento intenso, sino captar lentamente la atenci\u00f3n del espectador e invitarlo a cuestionarse el porqu\u00e9 de esas combinaciones, el porqu\u00e9 de esa tela, el porqu\u00e9 de esos colores.&nbsp;<\/p>\n\n\n\n<p>Los procesos, las tendencias en un mundo tan vers\u00e1til como lo es la moda, est\u00e1 en un constante cambio, para Carolina, este cambio ha sido totalmente positivo, mucho m\u00e1s consciente y emp\u00e1tico con el consumidor.<\/p>\n\n\n\n<div class=\"wp-block-image coblocks-animate\"><figure class=\"aligncenter size-full is-resized\"><a href=\"https:\/\/i0.wp.com\/zeromagazinemx.wpcomstaging.com\/wp-content\/uploads\/2022\/02\/82b86-carolina-lopez-.jpg?ssl=1\"><img data-recalc-dims=\"1\" decoding=\"async\" src=\"https:\/\/i0.wp.com\/zeromagazinemx.wpcomstaging.com\/wp-content\/uploads\/2022\/02\/82b86-carolina-lopez-.jpg?resize=743%2C927&#038;ssl=1\" alt=\"\" class=\"wp-image-57962\" width=\"743\" height=\"927\" \/><\/a><\/figure><\/div>\n\n\n\n<p><em>\u201cLas tendencias son c\u00edclicas, no es retroceder o regresar, sino re-adoptar algo que ya se hab\u00eda adoptado, pero desde otra perspectiva\u201d \u2013 <strong>Carolina L\u00f3pez<\/strong><\/em><\/p>\n\n\n\n<p><em>\u201cEmbellecimiento de la realidad\u201d<\/em> es como Carolina define a su estilo en general, porque ella no busca alterar dicha realidad, ya que esto ser\u00eda vivir en una burbuja. En pocas palabras, busca plantearse mejor lo que existe, verle el lado bueno m\u00e1s no borrarlo.&nbsp;<\/p>\n\n\n\n<p>En el futuro, Carolina busca hacer su maestr\u00eda, abrir su l\u00ednea propia de ropa y seguir trabajando en equipo es una de las cosas que m\u00e1s disfruta e intenta sacarle el mayor provecho posible y que estamos muy seguros que lo va a lograr definitivamente.&nbsp;&nbsp;<\/p>\n\n\n\n<p class=\"has-text-align-center\"><strong>Sigue a Luis Lechuga en:<\/strong><\/p>\n\n\n\n<p class=\"has-text-align-center\"><strong>Instagram<\/strong>: <a href=\"https:\/\/instagram.com\/lechuga.ra?utm_medium=copy_link\">@lechuga.ra<\/a><\/p>\n\n\n\n\n<!--themify_builder_content-->\n<div id=\"themify_builder_content-57938\" data-postid=\"57938\" class=\"themify_builder_content themify_builder_content-57938 themify_builder tf_clear\">\n    <\/div>\n<!--\/themify_builder_content-->\n","protected":false},"excerpt":{"rendered":"<p>La moda, un concepto muy conocido y que en tiempos actuales ha tomado mucha fuerza en popularidad, conceptos, dise\u00f1os e inspiraciones. En esta oportunidad pude platicar con Carolina L\u00f3pez, una de las 7 dise\u00f1adoras que tuvieron la oportunidad de presentar sus m\u00e1s recientes dise\u00f1os en New York Fashion Week. La historia de Carolina en el [&hellip;]<\/p>\n","protected":false},"author":2,"featured_media":57963,"comment_status":"open","ping_status":"open","sticky":false,"template":"","format":"standard","meta":{"_jetpack_memberships_contains_paid_content":false,"footnotes":"","jetpack_publicize_message":"En esta entrevista Carolina L\u00f3pez nos comparte su historia en el mundo de la Moda y su lucha por seguir su sue\u00f1o.","jetpack_publicize_feature_enabled":true,"jetpack_social_post_already_shared":true,"jetpack_social_options":{"image_generator_settings":{"template":"highway","default_image_id":0,"font":"","enabled":false},"version":2}},"categories":[91,63,67],"tags":[6402,543,6403,6404],"class_list":["post-57938","post","type-post","status-publish","format-standard","has-post-thumbnail","hentry","category-entrevistas","category-lifestyle","category-moda","tag-carolina-lopez","tag-latinoamerica","tag-new-york-fashion-week","tag-universidad-cedim","has-post-title","has-post-date","has-post-category","has-post-tag","has-post-comment","has-post-author",""],"yoast_head":"<!-- This site is optimized with the Yoast SEO plugin v27.5 - https:\/\/yoast.com\/product\/yoast-seo-wordpress\/ -->\n<title>Carolina L\u00f3pez: \u201cLas emociones est\u00e1n en m\u00ed, pero est\u00e1 en m\u00ed filtrar que tanto de eso quiero compartir\u201d - Zero Magazine<\/title>\n<meta name=\"robots\" content=\"index, follow, max-snippet:-1, max-image-preview:large, max-video-preview:-1\" \/>\n<link rel=\"canonical\" href=\"https:\/\/zeromagazine.mx\/index.php\/2021\/11\/12\/carolina-lopez-las-emociones-estan-en-mi-pero-esta-en-mi-filtrar-que-tanto-de-eso-quiero-compartir\/\" \/>\n<meta property=\"og:locale\" content=\"es_ES\" \/>\n<meta property=\"og:type\" content=\"article\" \/>\n<meta property=\"og:title\" content=\"Carolina L\u00f3pez: \u201cLas emociones est\u00e1n en m\u00ed, pero est\u00e1 en m\u00ed filtrar que tanto de eso quiero compartir\u201d - Zero Magazine\" \/>\n<meta property=\"og:description\" content=\"La moda, un concepto muy conocido y que en tiempos actuales ha tomado mucha fuerza en popularidad, conceptos, dise\u00f1os e inspiraciones. En esta oportunidad pude platicar con Carolina L\u00f3pez, una de las 7 dise\u00f1adoras que tuvieron la oportunidad de presentar sus m\u00e1s recientes dise\u00f1os en New York Fashion Week. La historia de Carolina en el [&hellip;]\" \/>\n<meta property=\"og:url\" content=\"https:\/\/zeromagazine.mx\/index.php\/2021\/11\/12\/carolina-lopez-las-emociones-estan-en-mi-pero-esta-en-mi-filtrar-que-tanto-de-eso-quiero-compartir\/\" \/>\n<meta property=\"og:site_name\" content=\"Zero Magazine\" \/>\n<meta property=\"article:published_time\" content=\"2021-11-12T15:00:00+00:00\" \/>\n<meta name=\"author\" content=\"zeromagazinemx\" \/>\n<meta name=\"twitter:card\" content=\"summary_large_image\" \/>\n<meta name=\"twitter:label1\" content=\"Escrito por\" \/>\n\t<meta name=\"twitter:data1\" content=\"zeromagazinemx\" \/>\n\t<meta name=\"twitter:label2\" content=\"Tiempo de lectura\" \/>\n\t<meta name=\"twitter:data2\" content=\"4 minutos\" \/>\n<script type=\"application\/ld+json\" class=\"yoast-schema-graph\">{\"@context\":\"https:\\\/\\\/schema.org\",\"@graph\":[{\"@type\":\"Article\",\"@id\":\"https:\\\/\\\/zeromagazine.mx\\\/index.php\\\/2021\\\/11\\\/12\\\/carolina-lopez-las-emociones-estan-en-mi-pero-esta-en-mi-filtrar-que-tanto-de-eso-quiero-compartir\\\/#article\",\"isPartOf\":{\"@id\":\"https:\\\/\\\/zeromagazine.mx\\\/index.php\\\/2021\\\/11\\\/12\\\/carolina-lopez-las-emociones-estan-en-mi-pero-esta-en-mi-filtrar-que-tanto-de-eso-quiero-compartir\\\/\"},\"author\":{\"name\":\"zeromagazinemx\",\"@id\":\"https:\\\/\\\/zeromagazine.mx\\\/#\\\/schema\\\/person\\\/9aed9f33a7c39af3a348b86d723f7773\"},\"headline\":\"Carolina L\u00f3pez: \u201cLas emociones est\u00e1n en m\u00ed, pero est\u00e1 en m\u00ed filtrar que tanto de eso quiero compartir\u201d\",\"datePublished\":\"2021-11-12T15:00:00+00:00\",\"mainEntityOfPage\":{\"@id\":\"https:\\\/\\\/zeromagazine.mx\\\/index.php\\\/2021\\\/11\\\/12\\\/carolina-lopez-las-emociones-estan-en-mi-pero-esta-en-mi-filtrar-que-tanto-de-eso-quiero-compartir\\\/\"},\"wordCount\":729,\"commentCount\":0,\"publisher\":{\"@id\":\"https:\\\/\\\/zeromagazine.mx\\\/#organization\"},\"image\":{\"@id\":\"https:\\\/\\\/zeromagazine.mx\\\/index.php\\\/2021\\\/11\\\/12\\\/carolina-lopez-las-emociones-estan-en-mi-pero-esta-en-mi-filtrar-que-tanto-de-eso-quiero-compartir\\\/#primaryimage\"},\"thumbnailUrl\":\"\",\"keywords\":[\"Carolina L\u00f3pez\",\"latinoamerica\",\"New York Fashion Week\",\"universidad CEDIM\"],\"articleSection\":[\"Entrevistas\",\"Lifestyle\",\"Moda\"],\"inLanguage\":\"es\",\"potentialAction\":[{\"@type\":\"CommentAction\",\"name\":\"Comment\",\"target\":[\"https:\\\/\\\/zeromagazine.mx\\\/index.php\\\/2021\\\/11\\\/12\\\/carolina-lopez-las-emociones-estan-en-mi-pero-esta-en-mi-filtrar-que-tanto-de-eso-quiero-compartir\\\/#respond\"]}]},{\"@type\":\"WebPage\",\"@id\":\"https:\\\/\\\/zeromagazine.mx\\\/index.php\\\/2021\\\/11\\\/12\\\/carolina-lopez-las-emociones-estan-en-mi-pero-esta-en-mi-filtrar-que-tanto-de-eso-quiero-compartir\\\/\",\"url\":\"https:\\\/\\\/zeromagazine.mx\\\/index.php\\\/2021\\\/11\\\/12\\\/carolina-lopez-las-emociones-estan-en-mi-pero-esta-en-mi-filtrar-que-tanto-de-eso-quiero-compartir\\\/\",\"name\":\"Carolina L\u00f3pez: \u201cLas emociones est\u00e1n en m\u00ed, pero est\u00e1 en m\u00ed filtrar que tanto de eso quiero compartir\u201d - Zero Magazine\",\"isPartOf\":{\"@id\":\"https:\\\/\\\/zeromagazine.mx\\\/#website\"},\"primaryImageOfPage\":{\"@id\":\"https:\\\/\\\/zeromagazine.mx\\\/index.php\\\/2021\\\/11\\\/12\\\/carolina-lopez-las-emociones-estan-en-mi-pero-esta-en-mi-filtrar-que-tanto-de-eso-quiero-compartir\\\/#primaryimage\"},\"image\":{\"@id\":\"https:\\\/\\\/zeromagazine.mx\\\/index.php\\\/2021\\\/11\\\/12\\\/carolina-lopez-las-emociones-estan-en-mi-pero-esta-en-mi-filtrar-que-tanto-de-eso-quiero-compartir\\\/#primaryimage\"},\"thumbnailUrl\":\"\",\"datePublished\":\"2021-11-12T15:00:00+00:00\",\"breadcrumb\":{\"@id\":\"https:\\\/\\\/zeromagazine.mx\\\/index.php\\\/2021\\\/11\\\/12\\\/carolina-lopez-las-emociones-estan-en-mi-pero-esta-en-mi-filtrar-que-tanto-de-eso-quiero-compartir\\\/#breadcrumb\"},\"inLanguage\":\"es\",\"potentialAction\":[{\"@type\":\"ReadAction\",\"target\":[\"https:\\\/\\\/zeromagazine.mx\\\/index.php\\\/2021\\\/11\\\/12\\\/carolina-lopez-las-emociones-estan-en-mi-pero-esta-en-mi-filtrar-que-tanto-de-eso-quiero-compartir\\\/\"]}]},{\"@type\":\"ImageObject\",\"inLanguage\":\"es\",\"@id\":\"https:\\\/\\\/zeromagazine.mx\\\/index.php\\\/2021\\\/11\\\/12\\\/carolina-lopez-las-emociones-estan-en-mi-pero-esta-en-mi-filtrar-que-tanto-de-eso-quiero-compartir\\\/#primaryimage\",\"url\":\"\",\"contentUrl\":\"\"},{\"@type\":\"BreadcrumbList\",\"@id\":\"https:\\\/\\\/zeromagazine.mx\\\/index.php\\\/2021\\\/11\\\/12\\\/carolina-lopez-las-emociones-estan-en-mi-pero-esta-en-mi-filtrar-que-tanto-de-eso-quiero-compartir\\\/#breadcrumb\",\"itemListElement\":[{\"@type\":\"ListItem\",\"position\":1,\"name\":\"Portada\",\"item\":\"https:\\\/\\\/zeromagazine.mx\\\/\"},{\"@type\":\"ListItem\",\"position\":2,\"name\":\"Carolina L\u00f3pez: \u201cLas emociones est\u00e1n en m\u00ed, pero est\u00e1 en m\u00ed filtrar que tanto de eso quiero compartir\u201d\"}]},{\"@type\":\"WebSite\",\"@id\":\"https:\\\/\\\/zeromagazine.mx\\\/#website\",\"url\":\"https:\\\/\\\/zeromagazine.mx\\\/\",\"name\":\"Zero Magazine\",\"description\":\"\",\"publisher\":{\"@id\":\"https:\\\/\\\/zeromagazine.mx\\\/#organization\"},\"potentialAction\":[{\"@type\":\"SearchAction\",\"target\":{\"@type\":\"EntryPoint\",\"urlTemplate\":\"https:\\\/\\\/zeromagazine.mx\\\/?s={search_term_string}\"},\"query-input\":{\"@type\":\"PropertyValueSpecification\",\"valueRequired\":true,\"valueName\":\"search_term_string\"}}],\"inLanguage\":\"es\"},{\"@type\":\"Organization\",\"@id\":\"https:\\\/\\\/zeromagazine.mx\\\/#organization\",\"name\":\"Zero Magazine\",\"url\":\"https:\\\/\\\/zeromagazine.mx\\\/\",\"logo\":{\"@type\":\"ImageObject\",\"inLanguage\":\"es\",\"@id\":\"https:\\\/\\\/zeromagazine.mx\\\/#\\\/schema\\\/logo\\\/image\\\/\",\"url\":\"https:\\\/\\\/i0.wp.com\\\/zeromagazine.mx\\\/wp-content\\\/uploads\\\/2025\\\/11\\\/1.jpeg?fit=1000%2C1000&ssl=1\",\"contentUrl\":\"https:\\\/\\\/i0.wp.com\\\/zeromagazine.mx\\\/wp-content\\\/uploads\\\/2025\\\/11\\\/1.jpeg?fit=1000%2C1000&ssl=1\",\"width\":1000,\"height\":1000,\"caption\":\"Zero Magazine\"},\"image\":{\"@id\":\"https:\\\/\\\/zeromagazine.mx\\\/#\\\/schema\\\/logo\\\/image\\\/\"},\"sameAs\":[\"https:\\\/\\\/instagram.com\\\/zeromagazinemx\"]},{\"@type\":\"Person\",\"@id\":\"https:\\\/\\\/zeromagazine.mx\\\/#\\\/schema\\\/person\\\/9aed9f33a7c39af3a348b86d723f7773\",\"name\":\"zeromagazinemx\",\"image\":{\"@type\":\"ImageObject\",\"inLanguage\":\"es\",\"@id\":\"https:\\\/\\\/zeromagazine.mx\\\/wp-content\\\/litespeed\\\/avatar\\\/f91dfe5410d5dcb1a576bf8c45983896.jpg?ver=1777571230\",\"url\":\"https:\\\/\\\/zeromagazine.mx\\\/wp-content\\\/litespeed\\\/avatar\\\/f91dfe5410d5dcb1a576bf8c45983896.jpg?ver=1777571230\",\"contentUrl\":\"https:\\\/\\\/zeromagazine.mx\\\/wp-content\\\/litespeed\\\/avatar\\\/f91dfe5410d5dcb1a576bf8c45983896.jpg?ver=1777571230\",\"caption\":\"zeromagazinemx\"},\"url\":\"https:\\\/\\\/zeromagazine.mx\\\/index.php\\\/author\\\/zeromagazinemx\\\/\"}]}<\/script>\n<!-- \/ Yoast SEO plugin. -->","yoast_head_json":{"title":"Carolina L\u00f3pez: \u201cLas emociones est\u00e1n en m\u00ed, pero est\u00e1 en m\u00ed filtrar que tanto de eso quiero compartir\u201d - Zero Magazine","robots":{"index":"index","follow":"follow","max-snippet":"max-snippet:-1","max-image-preview":"max-image-preview:large","max-video-preview":"max-video-preview:-1"},"canonical":"https:\/\/zeromagazine.mx\/index.php\/2021\/11\/12\/carolina-lopez-las-emociones-estan-en-mi-pero-esta-en-mi-filtrar-que-tanto-de-eso-quiero-compartir\/","og_locale":"es_ES","og_type":"article","og_title":"Carolina L\u00f3pez: \u201cLas emociones est\u00e1n en m\u00ed, pero est\u00e1 en m\u00ed filtrar que tanto de eso quiero compartir\u201d - Zero Magazine","og_description":"La moda, un concepto muy conocido y que en tiempos actuales ha tomado mucha fuerza en popularidad, conceptos, dise\u00f1os e inspiraciones. En esta oportunidad pude platicar con Carolina L\u00f3pez, una de las 7 dise\u00f1adoras que tuvieron la oportunidad de presentar sus m\u00e1s recientes dise\u00f1os en New York Fashion Week. La historia de Carolina en el [&hellip;]","og_url":"https:\/\/zeromagazine.mx\/index.php\/2021\/11\/12\/carolina-lopez-las-emociones-estan-en-mi-pero-esta-en-mi-filtrar-que-tanto-de-eso-quiero-compartir\/","og_site_name":"Zero Magazine","article_published_time":"2021-11-12T15:00:00+00:00","author":"zeromagazinemx","twitter_card":"summary_large_image","twitter_misc":{"Escrito por":"zeromagazinemx","Tiempo de lectura":"4 minutos"},"schema":{"@context":"https:\/\/schema.org","@graph":[{"@type":"Article","@id":"https:\/\/zeromagazine.mx\/index.php\/2021\/11\/12\/carolina-lopez-las-emociones-estan-en-mi-pero-esta-en-mi-filtrar-que-tanto-de-eso-quiero-compartir\/#article","isPartOf":{"@id":"https:\/\/zeromagazine.mx\/index.php\/2021\/11\/12\/carolina-lopez-las-emociones-estan-en-mi-pero-esta-en-mi-filtrar-que-tanto-de-eso-quiero-compartir\/"},"author":{"name":"zeromagazinemx","@id":"https:\/\/zeromagazine.mx\/#\/schema\/person\/9aed9f33a7c39af3a348b86d723f7773"},"headline":"Carolina L\u00f3pez: \u201cLas emociones est\u00e1n en m\u00ed, pero est\u00e1 en m\u00ed filtrar que tanto de eso quiero compartir\u201d","datePublished":"2021-11-12T15:00:00+00:00","mainEntityOfPage":{"@id":"https:\/\/zeromagazine.mx\/index.php\/2021\/11\/12\/carolina-lopez-las-emociones-estan-en-mi-pero-esta-en-mi-filtrar-que-tanto-de-eso-quiero-compartir\/"},"wordCount":729,"commentCount":0,"publisher":{"@id":"https:\/\/zeromagazine.mx\/#organization"},"image":{"@id":"https:\/\/zeromagazine.mx\/index.php\/2021\/11\/12\/carolina-lopez-las-emociones-estan-en-mi-pero-esta-en-mi-filtrar-que-tanto-de-eso-quiero-compartir\/#primaryimage"},"thumbnailUrl":"","keywords":["Carolina L\u00f3pez","latinoamerica","New York Fashion Week","universidad CEDIM"],"articleSection":["Entrevistas","Lifestyle","Moda"],"inLanguage":"es","potentialAction":[{"@type":"CommentAction","name":"Comment","target":["https:\/\/zeromagazine.mx\/index.php\/2021\/11\/12\/carolina-lopez-las-emociones-estan-en-mi-pero-esta-en-mi-filtrar-que-tanto-de-eso-quiero-compartir\/#respond"]}]},{"@type":"WebPage","@id":"https:\/\/zeromagazine.mx\/index.php\/2021\/11\/12\/carolina-lopez-las-emociones-estan-en-mi-pero-esta-en-mi-filtrar-que-tanto-de-eso-quiero-compartir\/","url":"https:\/\/zeromagazine.mx\/index.php\/2021\/11\/12\/carolina-lopez-las-emociones-estan-en-mi-pero-esta-en-mi-filtrar-que-tanto-de-eso-quiero-compartir\/","name":"Carolina L\u00f3pez: \u201cLas emociones est\u00e1n en m\u00ed, pero est\u00e1 en m\u00ed filtrar que tanto de eso quiero compartir\u201d - Zero Magazine","isPartOf":{"@id":"https:\/\/zeromagazine.mx\/#website"},"primaryImageOfPage":{"@id":"https:\/\/zeromagazine.mx\/index.php\/2021\/11\/12\/carolina-lopez-las-emociones-estan-en-mi-pero-esta-en-mi-filtrar-que-tanto-de-eso-quiero-compartir\/#primaryimage"},"image":{"@id":"https:\/\/zeromagazine.mx\/index.php\/2021\/11\/12\/carolina-lopez-las-emociones-estan-en-mi-pero-esta-en-mi-filtrar-que-tanto-de-eso-quiero-compartir\/#primaryimage"},"thumbnailUrl":"","datePublished":"2021-11-12T15:00:00+00:00","breadcrumb":{"@id":"https:\/\/zeromagazine.mx\/index.php\/2021\/11\/12\/carolina-lopez-las-emociones-estan-en-mi-pero-esta-en-mi-filtrar-que-tanto-de-eso-quiero-compartir\/#breadcrumb"},"inLanguage":"es","potentialAction":[{"@type":"ReadAction","target":["https:\/\/zeromagazine.mx\/index.php\/2021\/11\/12\/carolina-lopez-las-emociones-estan-en-mi-pero-esta-en-mi-filtrar-que-tanto-de-eso-quiero-compartir\/"]}]},{"@type":"ImageObject","inLanguage":"es","@id":"https:\/\/zeromagazine.mx\/index.php\/2021\/11\/12\/carolina-lopez-las-emociones-estan-en-mi-pero-esta-en-mi-filtrar-que-tanto-de-eso-quiero-compartir\/#primaryimage","url":"","contentUrl":""},{"@type":"BreadcrumbList","@id":"https:\/\/zeromagazine.mx\/index.php\/2021\/11\/12\/carolina-lopez-las-emociones-estan-en-mi-pero-esta-en-mi-filtrar-que-tanto-de-eso-quiero-compartir\/#breadcrumb","itemListElement":[{"@type":"ListItem","position":1,"name":"Portada","item":"https:\/\/zeromagazine.mx\/"},{"@type":"ListItem","position":2,"name":"Carolina L\u00f3pez: \u201cLas emociones est\u00e1n en m\u00ed, pero est\u00e1 en m\u00ed filtrar que tanto de eso quiero compartir\u201d"}]},{"@type":"WebSite","@id":"https:\/\/zeromagazine.mx\/#website","url":"https:\/\/zeromagazine.mx\/","name":"Zero Magazine","description":"","publisher":{"@id":"https:\/\/zeromagazine.mx\/#organization"},"potentialAction":[{"@type":"SearchAction","target":{"@type":"EntryPoint","urlTemplate":"https:\/\/zeromagazine.mx\/?s={search_term_string}"},"query-input":{"@type":"PropertyValueSpecification","valueRequired":true,"valueName":"search_term_string"}}],"inLanguage":"es"},{"@type":"Organization","@id":"https:\/\/zeromagazine.mx\/#organization","name":"Zero Magazine","url":"https:\/\/zeromagazine.mx\/","logo":{"@type":"ImageObject","inLanguage":"es","@id":"https:\/\/zeromagazine.mx\/#\/schema\/logo\/image\/","url":"https:\/\/i0.wp.com\/zeromagazine.mx\/wp-content\/uploads\/2025\/11\/1.jpeg?fit=1000%2C1000&ssl=1","contentUrl":"https:\/\/i0.wp.com\/zeromagazine.mx\/wp-content\/uploads\/2025\/11\/1.jpeg?fit=1000%2C1000&ssl=1","width":1000,"height":1000,"caption":"Zero Magazine"},"image":{"@id":"https:\/\/zeromagazine.mx\/#\/schema\/logo\/image\/"},"sameAs":["https:\/\/instagram.com\/zeromagazinemx"]},{"@type":"Person","@id":"https:\/\/zeromagazine.mx\/#\/schema\/person\/9aed9f33a7c39af3a348b86d723f7773","name":"zeromagazinemx","image":{"@type":"ImageObject","inLanguage":"es","@id":"https:\/\/zeromagazine.mx\/wp-content\/litespeed\/avatar\/f91dfe5410d5dcb1a576bf8c45983896.jpg?ver=1777571230","url":"https:\/\/zeromagazine.mx\/wp-content\/litespeed\/avatar\/f91dfe5410d5dcb1a576bf8c45983896.jpg?ver=1777571230","contentUrl":"https:\/\/zeromagazine.mx\/wp-content\/litespeed\/avatar\/f91dfe5410d5dcb1a576bf8c45983896.jpg?ver=1777571230","caption":"zeromagazinemx"},"url":"https:\/\/zeromagazine.mx\/index.php\/author\/zeromagazinemx\/"}]}},"jetpack_publicize_connections":[],"jetpack_featured_media_url":"","jetpack-related-posts":[{"id":58322,"url":"https:\/\/zeromagazine.mx\/index.php\/2021\/11\/16\/alexa-kusulas-rebelde-y-sofisticada\/","url_meta":{"origin":57938,"position":0},"title":"Alexa Kusulas: \u201cRebelde y Sofisticada\u201d","author":"zeromagazinemx","date":"16 de noviembre de 2021","format":false,"excerpt":"Sin duda alguna, M\u00e9xico cuenta con muchos talentos dentro de la industria de la moda, con diferentes propuestas, estilos e ideas, en esta ocasi\u00f3n tuve la oportunidad de platicar con una de las 7 dise\u00f1adoras que participaron en la edici\u00f3n m\u00e1s reciente de New York Fashion Week. https:\/\/www.instagram.com\/p\/CJyjgE7hI8c\/?utm_medium=copy_link Por Luis\u2026","rel":"","context":"En \u00abLifestyle\u00bb","block_context":{"text":"Lifestyle","link":"https:\/\/zeromagazine.mx\/index.php\/category\/lifestyle\/"},"img":{"alt_text":"","src":"https:\/\/i0.wp.com\/zeromagazine.mx\/wp-content\/uploads\/2021\/11\/f312a-alexa_kusulas.jpg?fit=410%2C512&ssl=1&resize=350%2C200","width":350,"height":200},"classes":[]},{"id":107483,"url":"https:\/\/zeromagazine.mx\/index.php\/2025\/08\/27\/latinoamerica-moscow-fashion-week-2025\/","url_meta":{"origin":57938,"position":1},"title":"Latinoam\u00e9rica se luce en el Moscow Fashion Week 2025","author":"David Morales","date":"27 de agosto de 2025","format":false,"excerpt":"Mosc\u00fa se prepara para convertirse en el epicentro de la moda con la llegada de Moscow Fashion Week, del 28 de agosto al 2 de septiembre, un encuentro internacional que re\u00fane a dise\u00f1adores de Asia, Europa, Oriente Medio, \u00c1frica, Estados Unidos\u2026 y, por supuesto, Latinoam\u00e9rica, que este a\u00f1o tendr\u00e1 un\u2026","rel":"","context":"En \u00abModa\u00bb","block_context":{"text":"Moda","link":"https:\/\/zeromagazine.mx\/index.php\/category\/moda\/"},"img":{"alt_text":"","src":"https:\/\/i0.wp.com\/zeromagazine.mx\/wp-content\/uploads\/2025\/08\/img_6783.jpg?fit=1200%2C873&ssl=1&resize=350%2C200","width":350,"height":200,"srcset":"https:\/\/i0.wp.com\/zeromagazine.mx\/wp-content\/uploads\/2025\/08\/img_6783.jpg?fit=1200%2C873&ssl=1&resize=350%2C200 1x, https:\/\/i0.wp.com\/zeromagazine.mx\/wp-content\/uploads\/2025\/08\/img_6783.jpg?fit=1200%2C873&ssl=1&resize=525%2C300 1.5x, https:\/\/i0.wp.com\/zeromagazine.mx\/wp-content\/uploads\/2025\/08\/img_6783.jpg?fit=1200%2C873&ssl=1&resize=700%2C400 2x, https:\/\/i0.wp.com\/zeromagazine.mx\/wp-content\/uploads\/2025\/08\/img_6783.jpg?fit=1200%2C873&ssl=1&resize=1050%2C600 3x"},"classes":[]},{"id":118432,"url":"https:\/\/zeromagazine.mx\/index.php\/2026\/04\/14\/iqos-fashion-week-mexico\/","url_meta":{"origin":57938,"position":2},"title":"IQOS Fashion Week M\u00e9xico enciende la curiosidad en Volvo Fashion Week Guadalajara 2026","author":"David Morales","date":"14 de abril de 2026","format":false,"excerpt":"La marca se posiciona como un catalizador cultural dentro de uno de los encuentros creativos m\u00e1s relevantes del pa\u00eds.La moda no solo se ve. Se cuestiona, se siente\u2026 y ahora tambi\u00e9n se explora. IQOS Fashion Week M\u00e9xico: curiosidad como punto de partida Desde\u00a0Ciudad de M\u00e9xico,\u00a0IQOS\u00a0se suma a\u00a0Volvo Fashion Week M\u00e9xico\u00a0edici\u00f3n\u2026","rel":"","context":"En \u00abBlog\u00bb","block_context":{"text":"Blog","link":"https:\/\/zeromagazine.mx\/index.php\/category\/blog\/"},"img":{"alt_text":"","src":"https:\/\/i0.wp.com\/zeromagazine.mx\/wp-content\/uploads\/2026\/04\/IQOS_1-scaled.jpeg?fit=857%2C1200&ssl=1&resize=350%2C200","width":350,"height":200,"srcset":"https:\/\/i0.wp.com\/zeromagazine.mx\/wp-content\/uploads\/2026\/04\/IQOS_1-scaled.jpeg?fit=857%2C1200&ssl=1&resize=350%2C200 1x, https:\/\/i0.wp.com\/zeromagazine.mx\/wp-content\/uploads\/2026\/04\/IQOS_1-scaled.jpeg?fit=857%2C1200&ssl=1&resize=525%2C300 1.5x, https:\/\/i0.wp.com\/zeromagazine.mx\/wp-content\/uploads\/2026\/04\/IQOS_1-scaled.jpeg?fit=857%2C1200&ssl=1&resize=700%2C400 2x"},"classes":[]},{"id":54171,"url":"https:\/\/zeromagazine.mx\/index.php\/2021\/09\/08\/sergio-hudson-y-pinterest-unidos-en-fashion-week\/","url_meta":{"origin":57938,"position":3},"title":"Sergio Hudson y Pinterest, unidos en Fashion Week","author":"zeromagazinemx","date":"8 de septiembre de 2021","format":false,"excerpt":"Septiembre es el mes para los amantes de la moda ya que es el momento clave del a\u00f1o para inspirarse y descubrir las \u00faltimas tendencias de los dise\u00f1adores m\u00e1s talentosos. Photo by Pixabay on Pexels.com Por Moises Kushelevich Pinterest se asoci\u00f3 por primera vez esta temporada con el dise\u00f1ador y\u2026","rel":"","context":"En \u00abEntretenimiento\u00bb","block_context":{"text":"Entretenimiento","link":"https:\/\/zeromagazine.mx\/index.php\/category\/entretenimiento\/"},"img":{"alt_text":"","src":"","width":0,"height":0},"classes":[]},{"id":117145,"url":"https:\/\/zeromagazine.mx\/index.php\/2026\/03\/23\/moscow-fashion-week-tendencias-2026\/","url_meta":{"origin":57938,"position":4},"title":"Moscow Fashion Week lo cambia todo","author":"Luis Trujano","date":"23 de marzo de 2026","format":false,"excerpt":"Si cre\u00edas que ya lo hab\u00edas visto todo en la temporada de moda, Moscow Fashion Week llega para recordarte que lo m\u00e1s interesante no siempre pasa en las \u201ccuatro grandes\u201d. Este evento est\u00e1 creciendo r\u00e1pido \u2014y con raz\u00f3n\u2014: m\u00e1s de 200 marcas de todo el mundo est\u00e1n redefiniendo lo que\u2026","rel":"","context":"En \u00abModa\u00bb","block_context":{"text":"Moda","link":"https:\/\/zeromagazine.mx\/index.php\/category\/moda\/"},"img":{"alt_text":"","src":"https:\/\/i0.wp.com\/zeromagazine.mx\/wp-content\/uploads\/2026\/03\/IMG_6576.jpeg?resize=350%2C200&ssl=1","width":350,"height":200},"classes":[]},{"id":70331,"url":"https:\/\/zeromagazine.mx\/index.php\/2024\/01\/17\/regreso-epico-tommy-hilfiger-deslumbra-en-el-nyfw-fall-winter-2024\/","url_meta":{"origin":57938,"position":5},"title":"Regreso \u00c9pico: Tommy Hilfiger Deslumbra en el NYFW Fall Winter 2024","author":"David Morales","date":"17 de enero de 2024","format":false,"excerpt":"\u00bfYa escucharon la s\u00faper emocionante noticia? Tommy Hilfiger est\u00e1 de vuelta en el New York Fashion Week con su colecci\u00f3n Fall Winter 2024. Literal, me muero de emoci\u00f3n por compartirles todos los detalles de este regreso \u00e9pico a las ra\u00edces de la moda en la ciudad que nunca duerme. As\u00ed\u2026","rel":"","context":"En \u00abEntretenimiento\u00bb","block_context":{"text":"Entretenimiento","link":"https:\/\/zeromagazine.mx\/index.php\/category\/entretenimiento\/"},"img":{"alt_text":"","src":"https:\/\/i0.wp.com\/zeromagazine.mx\/wp-content\/uploads\/2024\/01\/image002-1.jpg?fit=1200%2C1181&ssl=1&resize=350%2C200","width":350,"height":200,"srcset":"https:\/\/i0.wp.com\/zeromagazine.mx\/wp-content\/uploads\/2024\/01\/image002-1.jpg?fit=1200%2C1181&ssl=1&resize=350%2C200 1x, https:\/\/i0.wp.com\/zeromagazine.mx\/wp-content\/uploads\/2024\/01\/image002-1.jpg?fit=1200%2C1181&ssl=1&resize=525%2C300 1.5x, https:\/\/i0.wp.com\/zeromagazine.mx\/wp-content\/uploads\/2024\/01\/image002-1.jpg?fit=1200%2C1181&ssl=1&resize=700%2C400 2x, https:\/\/i0.wp.com\/zeromagazine.mx\/wp-content\/uploads\/2024\/01\/image002-1.jpg?fit=1200%2C1181&ssl=1&resize=1050%2C600 3x"},"classes":[]}],"jetpack_sharing_enabled":true,"builder_content":"","_links":{"self":[{"href":"https:\/\/zeromagazine.mx\/index.php\/wp-json\/wp\/v2\/posts\/57938","targetHints":{"allow":["GET"]}}],"collection":[{"href":"https:\/\/zeromagazine.mx\/index.php\/wp-json\/wp\/v2\/posts"}],"about":[{"href":"https:\/\/zeromagazine.mx\/index.php\/wp-json\/wp\/v2\/types\/post"}],"author":[{"embeddable":true,"href":"https:\/\/zeromagazine.mx\/index.php\/wp-json\/wp\/v2\/users\/2"}],"replies":[{"embeddable":true,"href":"https:\/\/zeromagazine.mx\/index.php\/wp-json\/wp\/v2\/comments?post=57938"}],"version-history":[{"count":0,"href":"https:\/\/zeromagazine.mx\/index.php\/wp-json\/wp\/v2\/posts\/57938\/revisions"}],"wp:featuredmedia":[{"embeddable":true,"href":"https:\/\/zeromagazine.mx\/index.php\/wp-json\/"}],"wp:attachment":[{"href":"https:\/\/zeromagazine.mx\/index.php\/wp-json\/wp\/v2\/media?parent=57938"}],"wp:term":[{"taxonomy":"category","embeddable":true,"href":"https:\/\/zeromagazine.mx\/index.php\/wp-json\/wp\/v2\/categories?post=57938"},{"taxonomy":"post_tag","embeddable":true,"href":"https:\/\/zeromagazine.mx\/index.php\/wp-json\/wp\/v2\/tags?post=57938"}],"curies":[{"name":"wp","href":"https:\/\/api.w.org\/{rel}","templated":true}]}}