{"id":57940,"date":"2021-11-12T11:30:00","date_gmt":"2021-11-12T17:30:00","guid":{"rendered":"https:\/\/atomic-temporary-84115225.wpcomstaging.com\/?p=57940"},"modified":"2021-11-12T11:30:00","modified_gmt":"2021-11-12T17:30:00","slug":"entrevista-a-gabbo","status":"publish","type":"post","link":"https:\/\/zeromagazine.mx\/index.php\/2021\/11\/12\/entrevista-a-gabbo\/","title":{"rendered":"Entrevista a Gabbo"},"content":{"rendered":"\n<p><strong>\u201cMe com\u00edas\u201d<\/strong> es el m\u00e1s reciente sencillo de <strong>Gabbo<\/strong>, un talentoso cantante, compositor y productor nacido en Venezuela y crecido en M\u00e9xico. Platicamos con \u00e9l sobre este sencillo, su estilo, su carrera y mucho m\u00e1s, te invitamos a leer la entrevista completa.<\/p>\n\n\n\n<div class=\"wp-block-image coblocks-animate\"><figure class=\"aligncenter size-large\"><a href=\"https:\/\/i0.wp.com\/zeromagazinemx.wpcomstaging.com\/wp-content\/uploads\/2022\/02\/5257f-entrevista-a-gabbo.jpeg?ssl=1\"><img data-recalc-dims=\"1\" decoding=\"async\" src=\"https:\/\/i0.wp.com\/zeromagazinemx.wpcomstaging.com\/wp-content\/uploads\/2022\/02\/5257f-entrevista-a-gabbo.jpeg?w=1165&#038;ssl=1\" alt=\"\" class=\"wp-image-57943\" \/><\/a><\/figure><\/div>\n\n\n\n<div class=\"wp-block-buttons is-layout-flex wp-block-buttons-is-layout-flex\">\n<div class=\"wp-block-button is-style-outline is-style-outline--1\"><a class=\"wp-block-button__link\">Por Mateo Aguilar<\/a><\/div>\n<\/div>\n\n\n\n<p><strong>Plat\u00edcame sobre tu m\u00e1s reciente sencillo \u201cme com\u00edas\u201d<\/strong><\/p>\n\n\n\n<p>Me com\u00edas es una canci\u00f3n que habla del momento cuando besas a alguien, alguien que de verdad te gusta, pero despu\u00e9s viene el momento de ver qu\u00e9 sigue, quieres saber si va o no va a una fiesta para poderla encontrar, que est\u00e1n las ganas de que se repita, pero todav\u00eda no sucede, todos hemos sentido ese nervio y esta canci\u00f3n trata de eso.<\/p>\n\n\n\n<p><strong>\u00bfC\u00f3mo fue el proceso de composici\u00f3n?<\/strong><\/p>\n\n\n\n<p><strong>\u201cMe com\u00edas\u201d<\/strong> es de esas canciones que nacen r\u00e1pido, me imagin\u00e9 lo que quer\u00eda decir y la escrib\u00ed r\u00e1pido, la producci\u00f3n fue un poco m\u00e1s larga, normalmente dejo pasar 2 semanas para decir que una canci\u00f3n ya est\u00e1 lista y esta no lo estaba, as\u00ed que decid\u00ed meterle otros sonidos m\u00e1s adelante que volv\u00ed a escucharla y me gust\u00f3 mucho m\u00e1s.&nbsp;<\/p>\n\n\n\n<p><strong>\u00bfCu\u00e1les son tus influencias y referentes musicales m\u00e1s importantes?<\/strong><\/p>\n\n\n\n<p>Recuerdo desde muy chico, llegando a M\u00e9xico, estar escuchando m\u00fasica urbana, en el ipod de mi madre, es de mis primeros recuerdos aqu\u00ed y siempre he disfrutado mucho ese estilo de m\u00fasica.<\/p>\n\n\n\n<p><strong>Tu eres de origen venezolano, pero has crecido en M\u00e9xico, \u00bfc\u00f3mo has vivido esa<\/strong> <strong>mezcla de culturas y c\u00f3mo te ha influenciado como artista?<\/strong><\/p>\n\n\n\n<p>Pienso que ha sido bueno, en mi casa se hacen cosas que no se hacen en otras casas, o voy a casas de amigos y hay cosas que son diferentes y eso te pone a pensar, pero nunca he olvidado de d\u00f3nde vengo y en mi m\u00fasica siempre quiero que se vea que soy de origen venezolano, por eso maybe hay cosas que digo que son diferentes a como las canto. Estoy orgulloso de donde soy y valoro mucho en donde estoy.<\/p>\n\n\n\n<figure class=\"wp-block-embed aligncenter is-type-rich is-provider-instagram wp-block-embed-instagram\"><div class=\"wp-block-embed__wrapper\">\nhttps:\/\/www.instagram.com\/p\/CVj04mArzfN\/?utm_medium=copy_link\n<\/div><\/figure>\n\n\n\n<p><strong>Plat\u00edcame sobre el video de \u201cme com\u00edas\u201d<\/strong><\/p>\n\n\n\n<p>El video es muy sencillo, creo que no hace falta mucho para tener algo que la gente disfrute, yo estoy ansioso porque lo vean, sale el jueves 28 de octubre y prefiero que la gente lo disfrute y escuche la m\u00fasica y le encuentren un sentido ellos sin la influencia m\u00eda.<\/p>\n\n\n\n<p><strong>\u00bfQu\u00e9 tan importante es TikTok para ti y las redes en general?<\/strong><\/p>\n\n\n\n<p>Es muy importante, por la relaci\u00f3n con el p\u00fablico, por ejemplo, con <strong>\u201cTuyo\u201d<\/strong> yo dec\u00eda que si apoyaban la sacaba, y me apoyaron y termin\u00f3 saliendo. Hoy tiene casi 300 mil reproducciones, pero es gracias a la gente que la pidi\u00f3, y a TikTok hay que dedicarle su tiempo, porque te da mucho, pero tienes que darle tiempo y ser constante, pero eso tambi\u00e9n se disfruta.<\/p>\n\n\n\n<p><strong>Hablando de \u201cTuyo\u201d fue tu primer gran \u00e9xito, \u00bfc\u00f3mo viviste esa sensaci\u00f3n de<\/strong> <strong>hacer una canci\u00f3n que guste a tanta gente?<\/strong><\/p>\n\n\n\n<p>Yo no esperaba que pasara lo que pas\u00f3 con <strong>\u201cTuyo\u201d<\/strong> la gente la ped\u00eda y creci\u00f3 muy r\u00e1pido, antes de que saliera ten\u00eda 90 oyentes mensuales, ahora tengo 19mil mensuales, es un crecimiento enorme que agradezco mucho y que me motiva.&nbsp;<\/p>\n\n\n\n<p><strong>\u00bfQu\u00e9 sigue en tu carrera como cantante que planes tienes?<\/strong><\/p>\n\n\n\n<p>Mi plan es tener 2 sencillos m\u00e1s y despu\u00e9s voy a lanzar el EP y espero pronto tener shows otra vez y poder convivir de nuevo con el p\u00fablico, no ha sido f\u00e1cil por la pandemia, pero hemos encontrado maneras de estar cerca y disfrutar juntos.<\/p>\n\n\n\n<p class=\"has-text-align-center\"><strong>Sigue a Mateo Aguilar en:<\/strong><\/p>\n\n\n\n<p class=\"has-text-align-center\"><strong>Instagram: <\/strong><a href=\"https:\/\/instagram.com\/dilanmateo21?utm_medium=copy_link\">@dilanmateo21<\/a><\/p>\n\n\n\n\n<!--themify_builder_content-->\n<div id=\"themify_builder_content-57940\" data-postid=\"57940\" class=\"themify_builder_content themify_builder_content-57940 themify_builder tf_clear\">\n    <\/div>\n<!--\/themify_builder_content-->\n","protected":false},"excerpt":{"rendered":"<p>\u201cMe com\u00edas\u201d es el m\u00e1s reciente sencillo de Gabbo, un talentoso cantante, compositor y productor nacido en Venezuela y crecido en M\u00e9xico. Platicamos con \u00e9l sobre este sencillo, su estilo, su carrera y mucho m\u00e1s, te invitamos a leer la entrevista completa. Plat\u00edcame sobre tu m\u00e1s reciente sencillo \u201cme com\u00edas\u201d Me com\u00edas es una canci\u00f3n [&hellip;]<\/p>\n","protected":false},"author":2,"featured_media":57942,"comment_status":"open","ping_status":"open","sticky":false,"template":"","format":"standard","meta":{"_jetpack_memberships_contains_paid_content":false,"footnotes":"","jetpack_publicize_message":"Gabbo, un talentoso cantante, compositor y productor nacido en Venezuela y crecido en M\u00e9xico, nos platica sobre su estilo, su carrera y su \u00faltimo sencillo \u201cMe com\u00edas\u201d","jetpack_publicize_feature_enabled":true,"jetpack_social_post_already_shared":true,"jetpack_social_options":{"image_generator_settings":{"template":"highway","default_image_id":0,"font":"","enabled":false},"version":2}},"categories":[117,91],"tags":[],"class_list":["post-57940","post","type-post","status-publish","format-standard","has-post-thumbnail","hentry","category-entretenimiento","category-entrevistas","has-post-title","has-post-date","has-post-category","has-post-tag","has-post-comment","has-post-author",""],"yoast_head":"<!-- This site is optimized with the Yoast SEO plugin v27.5 - https:\/\/yoast.com\/product\/yoast-seo-wordpress\/ -->\n<title>Entrevista a Gabbo - Zero Magazine<\/title>\n<meta name=\"robots\" content=\"index, follow, max-snippet:-1, max-image-preview:large, max-video-preview:-1\" \/>\n<link rel=\"canonical\" href=\"https:\/\/zeromagazine.mx\/index.php\/2021\/11\/12\/entrevista-a-gabbo\/\" \/>\n<meta property=\"og:locale\" content=\"es_ES\" \/>\n<meta property=\"og:type\" content=\"article\" \/>\n<meta property=\"og:title\" content=\"Entrevista a Gabbo - Zero Magazine\" \/>\n<meta property=\"og:description\" content=\"\u201cMe com\u00edas\u201d es el m\u00e1s reciente sencillo de Gabbo, un talentoso cantante, compositor y productor nacido en Venezuela y crecido en M\u00e9xico. Platicamos con \u00e9l sobre este sencillo, su estilo, su carrera y mucho m\u00e1s, te invitamos a leer la entrevista completa. Plat\u00edcame sobre tu m\u00e1s reciente sencillo \u201cme com\u00edas\u201d Me com\u00edas es una canci\u00f3n [&hellip;]\" \/>\n<meta property=\"og:url\" content=\"https:\/\/zeromagazine.mx\/index.php\/2021\/11\/12\/entrevista-a-gabbo\/\" \/>\n<meta property=\"og:site_name\" content=\"Zero Magazine\" \/>\n<meta property=\"article:published_time\" content=\"2021-11-12T17:30:00+00:00\" \/>\n<meta name=\"author\" content=\"zeromagazinemx\" \/>\n<meta name=\"twitter:card\" content=\"summary_large_image\" \/>\n<meta name=\"twitter:label1\" content=\"Escrito por\" \/>\n\t<meta name=\"twitter:data1\" content=\"zeromagazinemx\" \/>\n\t<meta name=\"twitter:label2\" content=\"Tiempo de lectura\" \/>\n\t<meta name=\"twitter:data2\" content=\"3 minutos\" \/>\n<script type=\"application\/ld+json\" class=\"yoast-schema-graph\">{\"@context\":\"https:\\\/\\\/schema.org\",\"@graph\":[{\"@type\":\"Article\",\"@id\":\"https:\\\/\\\/zeromagazine.mx\\\/index.php\\\/2021\\\/11\\\/12\\\/entrevista-a-gabbo\\\/#article\",\"isPartOf\":{\"@id\":\"https:\\\/\\\/zeromagazine.mx\\\/index.php\\\/2021\\\/11\\\/12\\\/entrevista-a-gabbo\\\/\"},\"author\":{\"name\":\"zeromagazinemx\",\"@id\":\"https:\\\/\\\/zeromagazine.mx\\\/#\\\/schema\\\/person\\\/9aed9f33a7c39af3a348b86d723f7773\"},\"headline\":\"Entrevista a Gabbo\",\"datePublished\":\"2021-11-12T17:30:00+00:00\",\"mainEntityOfPage\":{\"@id\":\"https:\\\/\\\/zeromagazine.mx\\\/index.php\\\/2021\\\/11\\\/12\\\/entrevista-a-gabbo\\\/\"},\"wordCount\":655,\"commentCount\":0,\"publisher\":{\"@id\":\"https:\\\/\\\/zeromagazine.mx\\\/#organization\"},\"image\":{\"@id\":\"https:\\\/\\\/zeromagazine.mx\\\/index.php\\\/2021\\\/11\\\/12\\\/entrevista-a-gabbo\\\/#primaryimage\"},\"thumbnailUrl\":\"\",\"articleSection\":[\"Entretenimiento\",\"Entrevistas\"],\"inLanguage\":\"es\",\"potentialAction\":[{\"@type\":\"CommentAction\",\"name\":\"Comment\",\"target\":[\"https:\\\/\\\/zeromagazine.mx\\\/index.php\\\/2021\\\/11\\\/12\\\/entrevista-a-gabbo\\\/#respond\"]}]},{\"@type\":\"WebPage\",\"@id\":\"https:\\\/\\\/zeromagazine.mx\\\/index.php\\\/2021\\\/11\\\/12\\\/entrevista-a-gabbo\\\/\",\"url\":\"https:\\\/\\\/zeromagazine.mx\\\/index.php\\\/2021\\\/11\\\/12\\\/entrevista-a-gabbo\\\/\",\"name\":\"Entrevista a Gabbo - Zero Magazine\",\"isPartOf\":{\"@id\":\"https:\\\/\\\/zeromagazine.mx\\\/#website\"},\"primaryImageOfPage\":{\"@id\":\"https:\\\/\\\/zeromagazine.mx\\\/index.php\\\/2021\\\/11\\\/12\\\/entrevista-a-gabbo\\\/#primaryimage\"},\"image\":{\"@id\":\"https:\\\/\\\/zeromagazine.mx\\\/index.php\\\/2021\\\/11\\\/12\\\/entrevista-a-gabbo\\\/#primaryimage\"},\"thumbnailUrl\":\"\",\"datePublished\":\"2021-11-12T17:30:00+00:00\",\"breadcrumb\":{\"@id\":\"https:\\\/\\\/zeromagazine.mx\\\/index.php\\\/2021\\\/11\\\/12\\\/entrevista-a-gabbo\\\/#breadcrumb\"},\"inLanguage\":\"es\",\"potentialAction\":[{\"@type\":\"ReadAction\",\"target\":[\"https:\\\/\\\/zeromagazine.mx\\\/index.php\\\/2021\\\/11\\\/12\\\/entrevista-a-gabbo\\\/\"]}]},{\"@type\":\"ImageObject\",\"inLanguage\":\"es\",\"@id\":\"https:\\\/\\\/zeromagazine.mx\\\/index.php\\\/2021\\\/11\\\/12\\\/entrevista-a-gabbo\\\/#primaryimage\",\"url\":\"\",\"contentUrl\":\"\"},{\"@type\":\"BreadcrumbList\",\"@id\":\"https:\\\/\\\/zeromagazine.mx\\\/index.php\\\/2021\\\/11\\\/12\\\/entrevista-a-gabbo\\\/#breadcrumb\",\"itemListElement\":[{\"@type\":\"ListItem\",\"position\":1,\"name\":\"Portada\",\"item\":\"https:\\\/\\\/zeromagazine.mx\\\/\"},{\"@type\":\"ListItem\",\"position\":2,\"name\":\"Entrevista a Gabbo\"}]},{\"@type\":\"WebSite\",\"@id\":\"https:\\\/\\\/zeromagazine.mx\\\/#website\",\"url\":\"https:\\\/\\\/zeromagazine.mx\\\/\",\"name\":\"Zero Magazine\",\"description\":\"\",\"publisher\":{\"@id\":\"https:\\\/\\\/zeromagazine.mx\\\/#organization\"},\"potentialAction\":[{\"@type\":\"SearchAction\",\"target\":{\"@type\":\"EntryPoint\",\"urlTemplate\":\"https:\\\/\\\/zeromagazine.mx\\\/?s={search_term_string}\"},\"query-input\":{\"@type\":\"PropertyValueSpecification\",\"valueRequired\":true,\"valueName\":\"search_term_string\"}}],\"inLanguage\":\"es\"},{\"@type\":\"Organization\",\"@id\":\"https:\\\/\\\/zeromagazine.mx\\\/#organization\",\"name\":\"Zero Magazine\",\"url\":\"https:\\\/\\\/zeromagazine.mx\\\/\",\"logo\":{\"@type\":\"ImageObject\",\"inLanguage\":\"es\",\"@id\":\"https:\\\/\\\/zeromagazine.mx\\\/#\\\/schema\\\/logo\\\/image\\\/\",\"url\":\"https:\\\/\\\/i0.wp.com\\\/zeromagazine.mx\\\/wp-content\\\/uploads\\\/2025\\\/11\\\/1.jpeg?fit=1000%2C1000&ssl=1\",\"contentUrl\":\"https:\\\/\\\/i0.wp.com\\\/zeromagazine.mx\\\/wp-content\\\/uploads\\\/2025\\\/11\\\/1.jpeg?fit=1000%2C1000&ssl=1\",\"width\":1000,\"height\":1000,\"caption\":\"Zero Magazine\"},\"image\":{\"@id\":\"https:\\\/\\\/zeromagazine.mx\\\/#\\\/schema\\\/logo\\\/image\\\/\"},\"sameAs\":[\"https:\\\/\\\/instagram.com\\\/zeromagazinemx\"]},{\"@type\":\"Person\",\"@id\":\"https:\\\/\\\/zeromagazine.mx\\\/#\\\/schema\\\/person\\\/9aed9f33a7c39af3a348b86d723f7773\",\"name\":\"zeromagazinemx\",\"image\":{\"@type\":\"ImageObject\",\"inLanguage\":\"es\",\"@id\":\"https:\\\/\\\/zeromagazine.mx\\\/wp-content\\\/litespeed\\\/avatar\\\/f91dfe5410d5dcb1a576bf8c45983896.jpg?ver=1776966396\",\"url\":\"https:\\\/\\\/zeromagazine.mx\\\/wp-content\\\/litespeed\\\/avatar\\\/f91dfe5410d5dcb1a576bf8c45983896.jpg?ver=1776966396\",\"contentUrl\":\"https:\\\/\\\/zeromagazine.mx\\\/wp-content\\\/litespeed\\\/avatar\\\/f91dfe5410d5dcb1a576bf8c45983896.jpg?ver=1776966396\",\"caption\":\"zeromagazinemx\"},\"url\":\"https:\\\/\\\/zeromagazine.mx\\\/index.php\\\/author\\\/zeromagazinemx\\\/\"}]}<\/script>\n<!-- \/ Yoast SEO plugin. -->","yoast_head_json":{"title":"Entrevista a Gabbo - Zero Magazine","robots":{"index":"index","follow":"follow","max-snippet":"max-snippet:-1","max-image-preview":"max-image-preview:large","max-video-preview":"max-video-preview:-1"},"canonical":"https:\/\/zeromagazine.mx\/index.php\/2021\/11\/12\/entrevista-a-gabbo\/","og_locale":"es_ES","og_type":"article","og_title":"Entrevista a Gabbo - Zero Magazine","og_description":"\u201cMe com\u00edas\u201d es el m\u00e1s reciente sencillo de Gabbo, un talentoso cantante, compositor y productor nacido en Venezuela y crecido en M\u00e9xico. Platicamos con \u00e9l sobre este sencillo, su estilo, su carrera y mucho m\u00e1s, te invitamos a leer la entrevista completa. Plat\u00edcame sobre tu m\u00e1s reciente sencillo \u201cme com\u00edas\u201d Me com\u00edas es una canci\u00f3n [&hellip;]","og_url":"https:\/\/zeromagazine.mx\/index.php\/2021\/11\/12\/entrevista-a-gabbo\/","og_site_name":"Zero Magazine","article_published_time":"2021-11-12T17:30:00+00:00","author":"zeromagazinemx","twitter_card":"summary_large_image","twitter_misc":{"Escrito por":"zeromagazinemx","Tiempo de lectura":"3 minutos"},"schema":{"@context":"https:\/\/schema.org","@graph":[{"@type":"Article","@id":"https:\/\/zeromagazine.mx\/index.php\/2021\/11\/12\/entrevista-a-gabbo\/#article","isPartOf":{"@id":"https:\/\/zeromagazine.mx\/index.php\/2021\/11\/12\/entrevista-a-gabbo\/"},"author":{"name":"zeromagazinemx","@id":"https:\/\/zeromagazine.mx\/#\/schema\/person\/9aed9f33a7c39af3a348b86d723f7773"},"headline":"Entrevista a Gabbo","datePublished":"2021-11-12T17:30:00+00:00","mainEntityOfPage":{"@id":"https:\/\/zeromagazine.mx\/index.php\/2021\/11\/12\/entrevista-a-gabbo\/"},"wordCount":655,"commentCount":0,"publisher":{"@id":"https:\/\/zeromagazine.mx\/#organization"},"image":{"@id":"https:\/\/zeromagazine.mx\/index.php\/2021\/11\/12\/entrevista-a-gabbo\/#primaryimage"},"thumbnailUrl":"","articleSection":["Entretenimiento","Entrevistas"],"inLanguage":"es","potentialAction":[{"@type":"CommentAction","name":"Comment","target":["https:\/\/zeromagazine.mx\/index.php\/2021\/11\/12\/entrevista-a-gabbo\/#respond"]}]},{"@type":"WebPage","@id":"https:\/\/zeromagazine.mx\/index.php\/2021\/11\/12\/entrevista-a-gabbo\/","url":"https:\/\/zeromagazine.mx\/index.php\/2021\/11\/12\/entrevista-a-gabbo\/","name":"Entrevista a Gabbo - Zero Magazine","isPartOf":{"@id":"https:\/\/zeromagazine.mx\/#website"},"primaryImageOfPage":{"@id":"https:\/\/zeromagazine.mx\/index.php\/2021\/11\/12\/entrevista-a-gabbo\/#primaryimage"},"image":{"@id":"https:\/\/zeromagazine.mx\/index.php\/2021\/11\/12\/entrevista-a-gabbo\/#primaryimage"},"thumbnailUrl":"","datePublished":"2021-11-12T17:30:00+00:00","breadcrumb":{"@id":"https:\/\/zeromagazine.mx\/index.php\/2021\/11\/12\/entrevista-a-gabbo\/#breadcrumb"},"inLanguage":"es","potentialAction":[{"@type":"ReadAction","target":["https:\/\/zeromagazine.mx\/index.php\/2021\/11\/12\/entrevista-a-gabbo\/"]}]},{"@type":"ImageObject","inLanguage":"es","@id":"https:\/\/zeromagazine.mx\/index.php\/2021\/11\/12\/entrevista-a-gabbo\/#primaryimage","url":"","contentUrl":""},{"@type":"BreadcrumbList","@id":"https:\/\/zeromagazine.mx\/index.php\/2021\/11\/12\/entrevista-a-gabbo\/#breadcrumb","itemListElement":[{"@type":"ListItem","position":1,"name":"Portada","item":"https:\/\/zeromagazine.mx\/"},{"@type":"ListItem","position":2,"name":"Entrevista a Gabbo"}]},{"@type":"WebSite","@id":"https:\/\/zeromagazine.mx\/#website","url":"https:\/\/zeromagazine.mx\/","name":"Zero Magazine","description":"","publisher":{"@id":"https:\/\/zeromagazine.mx\/#organization"},"potentialAction":[{"@type":"SearchAction","target":{"@type":"EntryPoint","urlTemplate":"https:\/\/zeromagazine.mx\/?s={search_term_string}"},"query-input":{"@type":"PropertyValueSpecification","valueRequired":true,"valueName":"search_term_string"}}],"inLanguage":"es"},{"@type":"Organization","@id":"https:\/\/zeromagazine.mx\/#organization","name":"Zero Magazine","url":"https:\/\/zeromagazine.mx\/","logo":{"@type":"ImageObject","inLanguage":"es","@id":"https:\/\/zeromagazine.mx\/#\/schema\/logo\/image\/","url":"https:\/\/i0.wp.com\/zeromagazine.mx\/wp-content\/uploads\/2025\/11\/1.jpeg?fit=1000%2C1000&ssl=1","contentUrl":"https:\/\/i0.wp.com\/zeromagazine.mx\/wp-content\/uploads\/2025\/11\/1.jpeg?fit=1000%2C1000&ssl=1","width":1000,"height":1000,"caption":"Zero Magazine"},"image":{"@id":"https:\/\/zeromagazine.mx\/#\/schema\/logo\/image\/"},"sameAs":["https:\/\/instagram.com\/zeromagazinemx"]},{"@type":"Person","@id":"https:\/\/zeromagazine.mx\/#\/schema\/person\/9aed9f33a7c39af3a348b86d723f7773","name":"zeromagazinemx","image":{"@type":"ImageObject","inLanguage":"es","@id":"https:\/\/zeromagazine.mx\/wp-content\/litespeed\/avatar\/f91dfe5410d5dcb1a576bf8c45983896.jpg?ver=1776966396","url":"https:\/\/zeromagazine.mx\/wp-content\/litespeed\/avatar\/f91dfe5410d5dcb1a576bf8c45983896.jpg?ver=1776966396","contentUrl":"https:\/\/zeromagazine.mx\/wp-content\/litespeed\/avatar\/f91dfe5410d5dcb1a576bf8c45983896.jpg?ver=1776966396","caption":"zeromagazinemx"},"url":"https:\/\/zeromagazine.mx\/index.php\/author\/zeromagazinemx\/"}]}},"jetpack_publicize_connections":[],"jetpack_featured_media_url":"","jetpack-related-posts":[{"id":50827,"url":"https:\/\/zeromagazine.mx\/index.php\/2021\/07\/26\/entrevista-a-athzy\/","url_meta":{"origin":57940,"position":0},"title":"ENTREVISTA A ATHZY","author":"zeromagazinemx","date":"26 de julio de 2021","format":false,"excerpt":"Joven cantante y compositora mexicana que nos muestra que las mujeres podemos con el g\u00e9nero urbano y lanza su sencillo LA UBI. POR GABRIELA H. DELGADILLO Plat\u00edcame el proceso de lanzamiento de esta canci\u00f3n \u201cLa Ubi\u201d Es la primera canci\u00f3n que grab\u00e9 despu\u00e9s de mucho tiempo, decidimos lanzarla ahora porque\u2026","rel":"","context":"En \u00abEntretenimiento\u00bb","block_context":{"text":"Entretenimiento","link":"https:\/\/zeromagazine.mx\/index.php\/category\/entretenimiento\/"},"img":{"alt_text":"","src":"","width":0,"height":0},"classes":[]},{"id":49726,"url":"https:\/\/zeromagazine.mx\/index.php\/2021\/07\/08\/entrevista-con-sarah-salgado\/","url_meta":{"origin":57940,"position":1},"title":"Entrevista con Sarah Salgado","author":"zeromagazinemx","date":"8 de julio de 2021","format":false,"excerpt":"Tuvimos la oportunidad de platicar con Sarah Salgado, quien nos platic\u00f3 sobre su sencillo \u201cBrujer\u00eda\u201d, si quieres saber qu\u00e9 nos cont\u00f3, checa la entrevista. Por C\u00e9sar Palomares \u00bfCon qu\u00e9 g\u00e9nero podemos identificar a Sarah Salgado?Pues la verdad es que no tengo como un g\u00e9nero es si, me encantan todos los\u2026","rel":"","context":"En \u00abEntretenimiento\u00bb","block_context":{"text":"Entretenimiento","link":"https:\/\/zeromagazine.mx\/index.php\/category\/entretenimiento\/"},"img":{"alt_text":"","src":"https:\/\/i0.wp.com\/img.youtube.com\/vi\/nq9rElEMjBU\/0.jpg?resize=350%2C200","width":350,"height":200},"classes":[]},{"id":54270,"url":"https:\/\/zeromagazine.mx\/index.php\/2021\/09\/10\/entrevista-con-alma-paz\/","url_meta":{"origin":57940,"position":2},"title":"Entrevista con Alma Paz\u00a0","author":"zeromagazinemx","date":"10 de septiembre de 2021","format":false,"excerpt":"La cantante de g\u00e9nero urbano Alma Paz, lanz\u00f3 recientemente su \u00faltimo sencillo \u201cI need you\u201d, un tema que busca lograr una conexi\u00f3n con su p\u00fablico a trav\u00e9s de las letras y sonidos. Alma nos cont\u00f3 sobre esta nueva producci\u00f3n y cu\u00e1les son sus planes para los pr\u00f3ximos meses, te invitamos\u2026","rel":"","context":"En \u00abEntretenimiento\u00bb","block_context":{"text":"Entretenimiento","link":"https:\/\/zeromagazine.mx\/index.php\/category\/entretenimiento\/"},"img":{"alt_text":"","src":"https:\/\/i0.wp.com\/img.youtube.com\/vi\/iq89DNdEXDw\/0.jpg?resize=350%2C200","width":350,"height":200},"classes":[]},{"id":53746,"url":"https:\/\/zeromagazine.mx\/index.php\/2021\/09\/05\/entrevista-con-japonica\/","url_meta":{"origin":57940,"position":3},"title":"Entrevista con Jap\u00f3nica","author":"zeromagazinemx","date":"5 de septiembre de 2021","format":false,"excerpt":"Jap\u00f3nica la banda de rock pop latino ha lanzado su nuevo sencillo \u201cHaz de luz\u201d, tuvimos la oportunidad de platicar con Erick Morelos sobre esta nueva producci\u00f3n y nos dio algunos adelantos y sorpresas que vendr\u00e1n en pr\u00f3ximos meses. Si quieres saber todos los detalles, te invitamos a checar toda\u2026","rel":"","context":"En \u00abEntretenimiento\u00bb","block_context":{"text":"Entretenimiento","link":"https:\/\/zeromagazine.mx\/index.php\/category\/entretenimiento\/"},"img":{"alt_text":"","src":"https:\/\/i0.wp.com\/img.youtube.com\/vi\/hOyIk8lrqQw\/0.jpg?resize=350%2C200","width":350,"height":200},"classes":[]},{"id":47743,"url":"https:\/\/zeromagazine.mx\/index.php\/2021\/06\/14\/entrevista-a-los-choclok\/","url_meta":{"origin":57940,"position":4},"title":"Entrevista a Los Choclok","author":"zeromagazinemx","date":"14 de junio de 2021","format":false,"excerpt":"Trajimos para ustedes un orgullo veracruzano que pone sus ra\u00edces en alto en cada letra de sus canciones que va m\u00e1s all\u00e1 de las fronteras nacionales representando internacionalmente a M\u00e9xico con sus composiciones y nos vienen a hablar Los Choclok de su m\u00e1s reciente sencillo \u201cLa Vida La Paso Cantando\u201d.\u2026","rel":"","context":"En \u00abEntretenimiento\u00bb","block_context":{"text":"Entretenimiento","link":"https:\/\/zeromagazine.mx\/index.php\/category\/entretenimiento\/"},"img":{"alt_text":"","src":"","width":0,"height":0},"classes":[]},{"id":52495,"url":"https:\/\/zeromagazine.mx\/index.php\/2021\/08\/20\/entrevista-con-liber-teran\/","url_meta":{"origin":57940,"position":5},"title":"Entrevista con L\u00edber Ter\u00e1n","author":"zeromagazinemx","date":"20 de agosto de 2021","format":false,"excerpt":"En pasados d\u00edas L\u00edber Ter\u00e1n hizo el lanzamiento de su nuevo sencillo \u201cTodas las noches\u201d, un tema que formar\u00e1 parte de su pr\u00f3ximo \u00e1lbum de estudio, tuvimos la oportunidad de platicar con \u00e9l y esto fue lo que nos cont\u00f3. Por C\u00e9sar Palomares \u00bfC\u00f3mo son los procesos de producci\u00f3n de\u2026","rel":"","context":"En \u00abEntretenimiento\u00bb","block_context":{"text":"Entretenimiento","link":"https:\/\/zeromagazine.mx\/index.php\/category\/entretenimiento\/"},"img":{"alt_text":"","src":"https:\/\/i0.wp.com\/img.youtube.com\/vi\/XVWjCbr7O4U\/0.jpg?resize=350%2C200","width":350,"height":200},"classes":[]}],"jetpack_sharing_enabled":true,"builder_content":"","_links":{"self":[{"href":"https:\/\/zeromagazine.mx\/index.php\/wp-json\/wp\/v2\/posts\/57940","targetHints":{"allow":["GET"]}}],"collection":[{"href":"https:\/\/zeromagazine.mx\/index.php\/wp-json\/wp\/v2\/posts"}],"about":[{"href":"https:\/\/zeromagazine.mx\/index.php\/wp-json\/wp\/v2\/types\/post"}],"author":[{"embeddable":true,"href":"https:\/\/zeromagazine.mx\/index.php\/wp-json\/wp\/v2\/users\/2"}],"replies":[{"embeddable":true,"href":"https:\/\/zeromagazine.mx\/index.php\/wp-json\/wp\/v2\/comments?post=57940"}],"version-history":[{"count":0,"href":"https:\/\/zeromagazine.mx\/index.php\/wp-json\/wp\/v2\/posts\/57940\/revisions"}],"wp:featuredmedia":[{"embeddable":true,"href":"https:\/\/zeromagazine.mx\/index.php\/wp-json\/"}],"wp:attachment":[{"href":"https:\/\/zeromagazine.mx\/index.php\/wp-json\/wp\/v2\/media?parent=57940"}],"wp:term":[{"taxonomy":"category","embeddable":true,"href":"https:\/\/zeromagazine.mx\/index.php\/wp-json\/wp\/v2\/categories?post=57940"},{"taxonomy":"post_tag","embeddable":true,"href":"https:\/\/zeromagazine.mx\/index.php\/wp-json\/wp\/v2\/tags?post=57940"}],"curies":[{"name":"wp","href":"https:\/\/api.w.org\/{rel}","templated":true}]}}