{"id":57966,"date":"2021-11-12T13:00:00","date_gmt":"2021-11-12T19:00:00","guid":{"rendered":"https:\/\/atomic-temporary-84115225.wpcomstaging.com\/?p=57966"},"modified":"2021-11-12T13:00:00","modified_gmt":"2021-11-12T19:00:00","slug":"huellas-de-historia-la-arquitectura-durante-el-porfiriato","status":"publish","type":"post","link":"https:\/\/zeromagazine.mx\/index.php\/2021\/11\/12\/huellas-de-historia-la-arquitectura-durante-el-porfiriato\/","title":{"rendered":"Huellas de historia\u2026\u00a0 La Arquitectura durante el Porfiriato"},"content":{"rendered":"\n<p>No cabe duda de que visitar <strong>CDMX <\/strong>es un placer para los amantes, de la fotograf\u00eda, la arquitectura y de largas caminatas acompa\u00f1ados de incre\u00edbles personas.<\/p>\n\n\n\n<div class=\"wp-block-image coblocks-animate\"><figure class=\"aligncenter size-full\"><a href=\"https:\/\/i0.wp.com\/zeromagazinemx.wpcomstaging.com\/wp-content\/uploads\/2022\/02\/47375-pexels-photo-1727799-1.jpeg?ssl=1\"><img data-recalc-dims=\"1\" decoding=\"async\" src=\"https:\/\/i0.wp.com\/zeromagazinemx.wpcomstaging.com\/wp-content\/uploads\/2022\/02\/47375-pexels-photo-1727799-1.jpeg?w=1165&#038;ssl=1\" alt=\"gray concrete dome building near body of water\" class=\"wp-image-57973\" \/><\/a><figcaption>Photo by Daniel Mej\u00eda on <a href=\"https:\/\/www.pexels.com\/photo\/gray-concrete-dome-building-near-body-of-water-1727799\/\" rel=\"nofollow\">Pexels.com<\/a><\/figcaption><\/figure><\/div>\n\n\n\n<div class=\"wp-block-buttons is-layout-flex wp-block-buttons-is-layout-flex\">\n<div class=\"wp-block-button is-style-outline is-style-outline--1\"><a class=\"wp-block-button__link\">Por Brayan Alfredo Nu\u00f1ez Garrido<\/a><\/div>\n<\/div>\n\n\n\n<p>Te apuesto que m\u00e1s de una vez te has tomado fotos incre\u00edbles, en donde el fondo es un edificio con una arquitectura hermosa.<\/p>\n\n\n\n<ul class=\"wp-block-list\"><li>El palacio de Bellas artes.<\/li><li>El monumento a la revoluci\u00f3n.<\/li><li>El monumento a la independencia.<\/li><li>El edificio Par\u00eds.<\/li><\/ul>\n\n\n\n<p>Pero sab\u00edas que todos estos edificios tienen algo en com\u00fan \u2026. Yo se que se te vino a la mente y as\u00ed es todos estos monumentos y edificaciones fueron construidos durante el gobierno del General <strong>Porfirio D\u00edaz<\/strong>.<\/p>\n\n\n\n<p>Durante este periodo la ciudad tomo un camino completamente diferente, en donde se transform\u00f3 por completo su paisaje, Tomando una serie de colonias para complementar esta imagen urbana.<\/p>\n\n\n\n<p>Se edificaron zonas de alta importancia, as\u00ed como monumentos y edificios. Y si es verdad que El General <strong>Porfirio D\u00edaz<\/strong> ten\u00eda una fuerte influencia de las grandes urbes europeas.<\/p>\n\n\n\n<div class=\"wp-block-image coblocks-animate\"><figure class=\"aligncenter size-full\"><a href=\"https:\/\/i0.wp.com\/zeromagazinemx.wpcomstaging.com\/wp-content\/uploads\/2022\/02\/e2337-pexels-photo-3551805.jpeg?ssl=1\"><img data-recalc-dims=\"1\" decoding=\"async\" src=\"https:\/\/i0.wp.com\/zeromagazinemx.wpcomstaging.com\/wp-content\/uploads\/2022\/02\/e2337-pexels-photo-3551805.jpeg?w=1165&#038;ssl=1\" alt=\"aerial photo of buildings\" class=\"wp-image-57975\" \/><\/a><figcaption>Photo by Bhargava Marripati on <a href=\"https:\/\/www.pexels.com\/photo\/aerial-photo-of-buildings-3551805\/\" rel=\"nofollow\">Pexels.com<\/a><\/figcaption><\/figure><\/div>\n\n\n\n<p>Y si como nos contaron a todos en nuestras clases de historia, su principal inspiraci\u00f3n fue la ciudad de <strong>Par\u00eds, Francia<\/strong>, ten\u00eda una gran admiraci\u00f3n y obsesi\u00f3n por la arquitectura francesa.<\/p>\n\n\n\n<p>Pero d\u00e9jame explicarte por qu\u00e9, mira un edificio se rige por un estilo, una forma y una funci\u00f3n. El General <strong>Porfirio D\u00edaz<\/strong> utilizo una mezcla de diferentes estilos, para poder cumplir con su visi\u00f3n que ten\u00eda para la ciudad llegando a considerarla una arquitectura <strong>ECLECTICA<\/strong>.<\/p>\n\n\n\n<p>La arquitectura Ecl\u00e9ctica se caracteriza por ser un estilo de arquitectura que junta o utiliza elementos caracter\u00edsticos de otros estilos arquitect\u00f3nicos\u2026. Yo lo s\u00e9, Yo lo s\u00e9, suena extra\u00f1o, pero si se utiliza de una forma correcta nos puede brindar resultados tan espectaculares como Algunos de los edificios que te Conte mas arriba.&nbsp;<\/p>\n\n\n\n<div class=\"wp-block-image coblocks-animate\"><figure class=\"aligncenter size-full\"><a href=\"https:\/\/i0.wp.com\/zeromagazinemx.wpcomstaging.com\/wp-content\/uploads\/2022\/02\/feba2-pexels-photo-2239844.jpeg?ssl=1\"><img data-recalc-dims=\"1\" decoding=\"async\" src=\"https:\/\/i0.wp.com\/zeromagazinemx.wpcomstaging.com\/wp-content\/uploads\/2022\/02\/feba2-pexels-photo-2239844.jpeg?w=1165&#038;ssl=1\" alt=\"brown concrete tower\" class=\"wp-image-57977\" \/><\/a><figcaption>Photo by Javier Cruz on <a href=\"https:\/\/www.pexels.com\/photo\/brown-concrete-tower-2239844\/\" rel=\"nofollow\">Pexels.com<\/a><\/figcaption><\/figure><\/div>\n\n\n\n<p>Ahora que ya est\u00e1s familiarizado con este estilo, d\u00e9jame contarte que conjunto de estilos utilizo el general <strong>Porfirio D\u00edaz<\/strong>, utilizo:<\/p>\n\n\n\n<ul class=\"wp-block-list\"><li>Art Nouveau<\/li><li>Art Deco&nbsp;<\/li><\/ul>\n\n\n\n<p>Un poco de:<\/p>\n\n\n\n<ul class=\"wp-block-list\"><li>Neocl\u00e1sico<\/li><li>Neog\u00f3tico<\/li><\/ul>\n\n\n\n<p>Tomando inspiraci\u00f3n tambi\u00e9n de las culturas:<\/p>\n\n\n\n<ul class=\"wp-block-list\"><li>Italiana&nbsp;<\/li><li>Espa\u00f1ola&nbsp;<\/li><\/ul>\n\n\n\n<p>Incluso tomando detalles Ar\u00e1bicos, Todos estos elementos logro materializarlos con la ayuda de m\u00faltiples arquitectos espa\u00f1oles.<\/p>\n\n\n\n<p><strong>Un dato interesante sobre este periodo:<\/strong><\/p>\n\n\n\n<p>Sab\u00edas que esta \u00e9poca en M\u00e9xico es considerada una de las mayores transformaciones Urbanas y arquitect\u00f3nicas dentro de la ciudad de <strong>M\u00e9xico<\/strong>.<\/p>\n\n\n\n<p>Ya que este proyecto de urbanizaci\u00f3n transformo varias zonas de la distribuci\u00f3n que mantenemos actualmente como son:<\/p>\n\n\n\n<ul class=\"wp-block-list\"><li>La Colonia Roma&nbsp;<\/li><li>La Condesa&nbsp;<\/li><li>Santa Mar\u00eda la Ribera<\/li><li>La Guerrero&nbsp;<\/li><li>San Rafael Cuauht\u00e9moc&nbsp;<\/li><li>Colonia Ju\u00e1rez<\/li><\/ul>\n\n\n\n<p>Ahora tienes un dato interesante que contar, cada que veas estos monumentos y estas edificaciones en tus paseos por <strong>CDMX<\/strong>.<\/p>\n\n\n\n<p> <\/p>\n\n\n\n<p class=\"has-text-align-center\"><strong>Sigue Brayan Alfredo Nu\u00f1ez Garrido en:<\/strong><\/p>\n\n\n\n<p class=\"has-text-align-center\"><strong>Instagram:<\/strong> <a href=\"https:\/\/instagram.com\/_brxyxn1_?utm_medium=copy_link\">@_brxyxn1_<\/a><\/p>\n\n\n\n<p class=\"has-text-align-center\"><strong>Facebook:<\/strong> Brayan Nu\u00f1ez<\/p>\n\n\n\n\n<!--themify_builder_content-->\n<div id=\"themify_builder_content-57966\" data-postid=\"57966\" class=\"themify_builder_content themify_builder_content-57966 themify_builder tf_clear\">\n    <\/div>\n<!--\/themify_builder_content-->\n","protected":false},"excerpt":{"rendered":"<p>No cabe duda de que visitar CDMX es un placer para los amantes, de la fotograf\u00eda, la arquitectura y de largas caminatas acompa\u00f1ados de incre\u00edbles personas. Te apuesto que m\u00e1s de una vez te has tomado fotos incre\u00edbles, en donde el fondo es un edificio con una arquitectura hermosa. El palacio de Bellas artes. El [&hellip;]<\/p>\n","protected":false},"author":2,"featured_media":57969,"comment_status":"open","ping_status":"open","sticky":false,"template":"","format":"standard","meta":{"_jetpack_memberships_contains_paid_content":false,"footnotes":"","jetpack_publicize_message":"Huellas de historia\u2026\u00a0 La Arquitectura durante el Porfiriato","jetpack_publicize_feature_enabled":true,"jetpack_social_post_already_shared":true,"jetpack_social_options":{"image_generator_settings":{"template":"highway","default_image_id":0,"font":"","enabled":false},"version":2}},"categories":[322],"tags":[1598,6411,144,5496,6291],"class_list":["post-57966","post","type-post","status-publish","format-standard","has-post-thumbnail","hentry","category-lugares","tag-cdmx","tag-eclectica","tag-mexico","tag-paris","tag-porfirio-diaz","has-post-title","has-post-date","has-post-category","has-post-tag","has-post-comment","has-post-author",""],"yoast_head":"<!-- This site is optimized with the Yoast SEO plugin v27.5 - https:\/\/yoast.com\/product\/yoast-seo-wordpress\/ -->\n<title>Huellas de historia\u2026\u00a0 La Arquitectura durante el Porfiriato - Zero Magazine<\/title>\n<meta name=\"robots\" content=\"index, follow, max-snippet:-1, max-image-preview:large, max-video-preview:-1\" \/>\n<link rel=\"canonical\" href=\"https:\/\/zeromagazine.mx\/index.php\/2021\/11\/12\/huellas-de-historia-la-arquitectura-durante-el-porfiriato\/\" \/>\n<meta property=\"og:locale\" content=\"es_ES\" \/>\n<meta property=\"og:type\" content=\"article\" \/>\n<meta property=\"og:title\" content=\"Huellas de historia\u2026\u00a0 La Arquitectura durante el Porfiriato - Zero Magazine\" \/>\n<meta property=\"og:description\" content=\"No cabe duda de que visitar CDMX es un placer para los amantes, de la fotograf\u00eda, la arquitectura y de largas caminatas acompa\u00f1ados de incre\u00edbles personas. Te apuesto que m\u00e1s de una vez te has tomado fotos incre\u00edbles, en donde el fondo es un edificio con una arquitectura hermosa. El palacio de Bellas artes. El [&hellip;]\" \/>\n<meta property=\"og:url\" content=\"https:\/\/zeromagazine.mx\/index.php\/2021\/11\/12\/huellas-de-historia-la-arquitectura-durante-el-porfiriato\/\" \/>\n<meta property=\"og:site_name\" content=\"Zero Magazine\" \/>\n<meta property=\"article:published_time\" content=\"2021-11-12T19:00:00+00:00\" \/>\n<meta name=\"author\" content=\"zeromagazinemx\" \/>\n<meta name=\"twitter:card\" content=\"summary_large_image\" \/>\n<meta name=\"twitter:label1\" content=\"Escrito por\" \/>\n\t<meta name=\"twitter:data1\" content=\"zeromagazinemx\" \/>\n\t<meta name=\"twitter:label2\" content=\"Tiempo de lectura\" \/>\n\t<meta name=\"twitter:data2\" content=\"3 minutos\" \/>\n<script type=\"application\/ld+json\" class=\"yoast-schema-graph\">{\"@context\":\"https:\\\/\\\/schema.org\",\"@graph\":[{\"@type\":\"Article\",\"@id\":\"https:\\\/\\\/zeromagazine.mx\\\/index.php\\\/2021\\\/11\\\/12\\\/huellas-de-historia-la-arquitectura-durante-el-porfiriato\\\/#article\",\"isPartOf\":{\"@id\":\"https:\\\/\\\/zeromagazine.mx\\\/index.php\\\/2021\\\/11\\\/12\\\/huellas-de-historia-la-arquitectura-durante-el-porfiriato\\\/\"},\"author\":{\"name\":\"zeromagazinemx\",\"@id\":\"https:\\\/\\\/zeromagazine.mx\\\/#\\\/schema\\\/person\\\/9aed9f33a7c39af3a348b86d723f7773\"},\"headline\":\"Huellas de historia\u2026\u00a0 La Arquitectura durante el Porfiriato\",\"datePublished\":\"2021-11-12T19:00:00+00:00\",\"mainEntityOfPage\":{\"@id\":\"https:\\\/\\\/zeromagazine.mx\\\/index.php\\\/2021\\\/11\\\/12\\\/huellas-de-historia-la-arquitectura-durante-el-porfiriato\\\/\"},\"wordCount\":526,\"commentCount\":0,\"publisher\":{\"@id\":\"https:\\\/\\\/zeromagazine.mx\\\/#organization\"},\"image\":{\"@id\":\"https:\\\/\\\/zeromagazine.mx\\\/index.php\\\/2021\\\/11\\\/12\\\/huellas-de-historia-la-arquitectura-durante-el-porfiriato\\\/#primaryimage\"},\"thumbnailUrl\":\"\",\"keywords\":[\"CDMX\",\"ECLECTICA\",\"M\u00c9XICO\",\"PARIS\",\"Porfirio D\u00edaz\"],\"articleSection\":[\"Viajes\"],\"inLanguage\":\"es\",\"potentialAction\":[{\"@type\":\"CommentAction\",\"name\":\"Comment\",\"target\":[\"https:\\\/\\\/zeromagazine.mx\\\/index.php\\\/2021\\\/11\\\/12\\\/huellas-de-historia-la-arquitectura-durante-el-porfiriato\\\/#respond\"]}]},{\"@type\":\"WebPage\",\"@id\":\"https:\\\/\\\/zeromagazine.mx\\\/index.php\\\/2021\\\/11\\\/12\\\/huellas-de-historia-la-arquitectura-durante-el-porfiriato\\\/\",\"url\":\"https:\\\/\\\/zeromagazine.mx\\\/index.php\\\/2021\\\/11\\\/12\\\/huellas-de-historia-la-arquitectura-durante-el-porfiriato\\\/\",\"name\":\"Huellas de historia\u2026\u00a0 La Arquitectura durante el Porfiriato - Zero Magazine\",\"isPartOf\":{\"@id\":\"https:\\\/\\\/zeromagazine.mx\\\/#website\"},\"primaryImageOfPage\":{\"@id\":\"https:\\\/\\\/zeromagazine.mx\\\/index.php\\\/2021\\\/11\\\/12\\\/huellas-de-historia-la-arquitectura-durante-el-porfiriato\\\/#primaryimage\"},\"image\":{\"@id\":\"https:\\\/\\\/zeromagazine.mx\\\/index.php\\\/2021\\\/11\\\/12\\\/huellas-de-historia-la-arquitectura-durante-el-porfiriato\\\/#primaryimage\"},\"thumbnailUrl\":\"\",\"datePublished\":\"2021-11-12T19:00:00+00:00\",\"breadcrumb\":{\"@id\":\"https:\\\/\\\/zeromagazine.mx\\\/index.php\\\/2021\\\/11\\\/12\\\/huellas-de-historia-la-arquitectura-durante-el-porfiriato\\\/#breadcrumb\"},\"inLanguage\":\"es\",\"potentialAction\":[{\"@type\":\"ReadAction\",\"target\":[\"https:\\\/\\\/zeromagazine.mx\\\/index.php\\\/2021\\\/11\\\/12\\\/huellas-de-historia-la-arquitectura-durante-el-porfiriato\\\/\"]}]},{\"@type\":\"ImageObject\",\"inLanguage\":\"es\",\"@id\":\"https:\\\/\\\/zeromagazine.mx\\\/index.php\\\/2021\\\/11\\\/12\\\/huellas-de-historia-la-arquitectura-durante-el-porfiriato\\\/#primaryimage\",\"url\":\"\",\"contentUrl\":\"\"},{\"@type\":\"BreadcrumbList\",\"@id\":\"https:\\\/\\\/zeromagazine.mx\\\/index.php\\\/2021\\\/11\\\/12\\\/huellas-de-historia-la-arquitectura-durante-el-porfiriato\\\/#breadcrumb\",\"itemListElement\":[{\"@type\":\"ListItem\",\"position\":1,\"name\":\"Portada\",\"item\":\"https:\\\/\\\/zeromagazine.mx\\\/\"},{\"@type\":\"ListItem\",\"position\":2,\"name\":\"Huellas de historia\u2026\u00a0 La Arquitectura durante el Porfiriato\"}]},{\"@type\":\"WebSite\",\"@id\":\"https:\\\/\\\/zeromagazine.mx\\\/#website\",\"url\":\"https:\\\/\\\/zeromagazine.mx\\\/\",\"name\":\"Zero Magazine\",\"description\":\"\",\"publisher\":{\"@id\":\"https:\\\/\\\/zeromagazine.mx\\\/#organization\"},\"potentialAction\":[{\"@type\":\"SearchAction\",\"target\":{\"@type\":\"EntryPoint\",\"urlTemplate\":\"https:\\\/\\\/zeromagazine.mx\\\/?s={search_term_string}\"},\"query-input\":{\"@type\":\"PropertyValueSpecification\",\"valueRequired\":true,\"valueName\":\"search_term_string\"}}],\"inLanguage\":\"es\"},{\"@type\":\"Organization\",\"@id\":\"https:\\\/\\\/zeromagazine.mx\\\/#organization\",\"name\":\"Zero Magazine\",\"url\":\"https:\\\/\\\/zeromagazine.mx\\\/\",\"logo\":{\"@type\":\"ImageObject\",\"inLanguage\":\"es\",\"@id\":\"https:\\\/\\\/zeromagazine.mx\\\/#\\\/schema\\\/logo\\\/image\\\/\",\"url\":\"https:\\\/\\\/i0.wp.com\\\/zeromagazine.mx\\\/wp-content\\\/uploads\\\/2025\\\/11\\\/1.jpeg?fit=1000%2C1000&ssl=1\",\"contentUrl\":\"https:\\\/\\\/i0.wp.com\\\/zeromagazine.mx\\\/wp-content\\\/uploads\\\/2025\\\/11\\\/1.jpeg?fit=1000%2C1000&ssl=1\",\"width\":1000,\"height\":1000,\"caption\":\"Zero Magazine\"},\"image\":{\"@id\":\"https:\\\/\\\/zeromagazine.mx\\\/#\\\/schema\\\/logo\\\/image\\\/\"},\"sameAs\":[\"https:\\\/\\\/instagram.com\\\/zeromagazinemx\"]},{\"@type\":\"Person\",\"@id\":\"https:\\\/\\\/zeromagazine.mx\\\/#\\\/schema\\\/person\\\/9aed9f33a7c39af3a348b86d723f7773\",\"name\":\"zeromagazinemx\",\"image\":{\"@type\":\"ImageObject\",\"inLanguage\":\"es\",\"@id\":\"https:\\\/\\\/zeromagazine.mx\\\/wp-content\\\/litespeed\\\/avatar\\\/f91dfe5410d5dcb1a576bf8c45983896.jpg?ver=1777571230\",\"url\":\"https:\\\/\\\/zeromagazine.mx\\\/wp-content\\\/litespeed\\\/avatar\\\/f91dfe5410d5dcb1a576bf8c45983896.jpg?ver=1777571230\",\"contentUrl\":\"https:\\\/\\\/zeromagazine.mx\\\/wp-content\\\/litespeed\\\/avatar\\\/f91dfe5410d5dcb1a576bf8c45983896.jpg?ver=1777571230\",\"caption\":\"zeromagazinemx\"},\"url\":\"https:\\\/\\\/zeromagazine.mx\\\/index.php\\\/author\\\/zeromagazinemx\\\/\"}]}<\/script>\n<!-- \/ Yoast SEO plugin. -->","yoast_head_json":{"title":"Huellas de historia\u2026\u00a0 La Arquitectura durante el Porfiriato - Zero Magazine","robots":{"index":"index","follow":"follow","max-snippet":"max-snippet:-1","max-image-preview":"max-image-preview:large","max-video-preview":"max-video-preview:-1"},"canonical":"https:\/\/zeromagazine.mx\/index.php\/2021\/11\/12\/huellas-de-historia-la-arquitectura-durante-el-porfiriato\/","og_locale":"es_ES","og_type":"article","og_title":"Huellas de historia\u2026\u00a0 La Arquitectura durante el Porfiriato - Zero Magazine","og_description":"No cabe duda de que visitar CDMX es un placer para los amantes, de la fotograf\u00eda, la arquitectura y de largas caminatas acompa\u00f1ados de incre\u00edbles personas. Te apuesto que m\u00e1s de una vez te has tomado fotos incre\u00edbles, en donde el fondo es un edificio con una arquitectura hermosa. El palacio de Bellas artes. El [&hellip;]","og_url":"https:\/\/zeromagazine.mx\/index.php\/2021\/11\/12\/huellas-de-historia-la-arquitectura-durante-el-porfiriato\/","og_site_name":"Zero Magazine","article_published_time":"2021-11-12T19:00:00+00:00","author":"zeromagazinemx","twitter_card":"summary_large_image","twitter_misc":{"Escrito por":"zeromagazinemx","Tiempo de lectura":"3 minutos"},"schema":{"@context":"https:\/\/schema.org","@graph":[{"@type":"Article","@id":"https:\/\/zeromagazine.mx\/index.php\/2021\/11\/12\/huellas-de-historia-la-arquitectura-durante-el-porfiriato\/#article","isPartOf":{"@id":"https:\/\/zeromagazine.mx\/index.php\/2021\/11\/12\/huellas-de-historia-la-arquitectura-durante-el-porfiriato\/"},"author":{"name":"zeromagazinemx","@id":"https:\/\/zeromagazine.mx\/#\/schema\/person\/9aed9f33a7c39af3a348b86d723f7773"},"headline":"Huellas de historia\u2026\u00a0 La Arquitectura durante el Porfiriato","datePublished":"2021-11-12T19:00:00+00:00","mainEntityOfPage":{"@id":"https:\/\/zeromagazine.mx\/index.php\/2021\/11\/12\/huellas-de-historia-la-arquitectura-durante-el-porfiriato\/"},"wordCount":526,"commentCount":0,"publisher":{"@id":"https:\/\/zeromagazine.mx\/#organization"},"image":{"@id":"https:\/\/zeromagazine.mx\/index.php\/2021\/11\/12\/huellas-de-historia-la-arquitectura-durante-el-porfiriato\/#primaryimage"},"thumbnailUrl":"","keywords":["CDMX","ECLECTICA","M\u00c9XICO","PARIS","Porfirio D\u00edaz"],"articleSection":["Viajes"],"inLanguage":"es","potentialAction":[{"@type":"CommentAction","name":"Comment","target":["https:\/\/zeromagazine.mx\/index.php\/2021\/11\/12\/huellas-de-historia-la-arquitectura-durante-el-porfiriato\/#respond"]}]},{"@type":"WebPage","@id":"https:\/\/zeromagazine.mx\/index.php\/2021\/11\/12\/huellas-de-historia-la-arquitectura-durante-el-porfiriato\/","url":"https:\/\/zeromagazine.mx\/index.php\/2021\/11\/12\/huellas-de-historia-la-arquitectura-durante-el-porfiriato\/","name":"Huellas de historia\u2026\u00a0 La Arquitectura durante el Porfiriato - Zero Magazine","isPartOf":{"@id":"https:\/\/zeromagazine.mx\/#website"},"primaryImageOfPage":{"@id":"https:\/\/zeromagazine.mx\/index.php\/2021\/11\/12\/huellas-de-historia-la-arquitectura-durante-el-porfiriato\/#primaryimage"},"image":{"@id":"https:\/\/zeromagazine.mx\/index.php\/2021\/11\/12\/huellas-de-historia-la-arquitectura-durante-el-porfiriato\/#primaryimage"},"thumbnailUrl":"","datePublished":"2021-11-12T19:00:00+00:00","breadcrumb":{"@id":"https:\/\/zeromagazine.mx\/index.php\/2021\/11\/12\/huellas-de-historia-la-arquitectura-durante-el-porfiriato\/#breadcrumb"},"inLanguage":"es","potentialAction":[{"@type":"ReadAction","target":["https:\/\/zeromagazine.mx\/index.php\/2021\/11\/12\/huellas-de-historia-la-arquitectura-durante-el-porfiriato\/"]}]},{"@type":"ImageObject","inLanguage":"es","@id":"https:\/\/zeromagazine.mx\/index.php\/2021\/11\/12\/huellas-de-historia-la-arquitectura-durante-el-porfiriato\/#primaryimage","url":"","contentUrl":""},{"@type":"BreadcrumbList","@id":"https:\/\/zeromagazine.mx\/index.php\/2021\/11\/12\/huellas-de-historia-la-arquitectura-durante-el-porfiriato\/#breadcrumb","itemListElement":[{"@type":"ListItem","position":1,"name":"Portada","item":"https:\/\/zeromagazine.mx\/"},{"@type":"ListItem","position":2,"name":"Huellas de historia\u2026\u00a0 La Arquitectura durante el Porfiriato"}]},{"@type":"WebSite","@id":"https:\/\/zeromagazine.mx\/#website","url":"https:\/\/zeromagazine.mx\/","name":"Zero Magazine","description":"","publisher":{"@id":"https:\/\/zeromagazine.mx\/#organization"},"potentialAction":[{"@type":"SearchAction","target":{"@type":"EntryPoint","urlTemplate":"https:\/\/zeromagazine.mx\/?s={search_term_string}"},"query-input":{"@type":"PropertyValueSpecification","valueRequired":true,"valueName":"search_term_string"}}],"inLanguage":"es"},{"@type":"Organization","@id":"https:\/\/zeromagazine.mx\/#organization","name":"Zero Magazine","url":"https:\/\/zeromagazine.mx\/","logo":{"@type":"ImageObject","inLanguage":"es","@id":"https:\/\/zeromagazine.mx\/#\/schema\/logo\/image\/","url":"https:\/\/i0.wp.com\/zeromagazine.mx\/wp-content\/uploads\/2025\/11\/1.jpeg?fit=1000%2C1000&ssl=1","contentUrl":"https:\/\/i0.wp.com\/zeromagazine.mx\/wp-content\/uploads\/2025\/11\/1.jpeg?fit=1000%2C1000&ssl=1","width":1000,"height":1000,"caption":"Zero Magazine"},"image":{"@id":"https:\/\/zeromagazine.mx\/#\/schema\/logo\/image\/"},"sameAs":["https:\/\/instagram.com\/zeromagazinemx"]},{"@type":"Person","@id":"https:\/\/zeromagazine.mx\/#\/schema\/person\/9aed9f33a7c39af3a348b86d723f7773","name":"zeromagazinemx","image":{"@type":"ImageObject","inLanguage":"es","@id":"https:\/\/zeromagazine.mx\/wp-content\/litespeed\/avatar\/f91dfe5410d5dcb1a576bf8c45983896.jpg?ver=1777571230","url":"https:\/\/zeromagazine.mx\/wp-content\/litespeed\/avatar\/f91dfe5410d5dcb1a576bf8c45983896.jpg?ver=1777571230","contentUrl":"https:\/\/zeromagazine.mx\/wp-content\/litespeed\/avatar\/f91dfe5410d5dcb1a576bf8c45983896.jpg?ver=1777571230","caption":"zeromagazinemx"},"url":"https:\/\/zeromagazine.mx\/index.php\/author\/zeromagazinemx\/"}]}},"jetpack_publicize_connections":[],"jetpack_featured_media_url":"","jetpack-related-posts":[{"id":119169,"url":"https:\/\/zeromagazine.mx\/index.php\/2026\/04\/21\/que-hacer-sur-cdmx-mundial-2026\/","url_meta":{"origin":57966,"position":0},"title":"Qu\u00e9 hacer en el sur de la CDMX si visitas la capital durante el Mundial","author":"David Morales","date":"21 de abril de 2026","format":false,"excerpt":"Porque el Mundial tambi\u00e9n se vive fuera del estadio \u2014y el sur de la ciudad tiene el mejor pre y after. Viajar por f\u00fatbol ya no es solo llegar al estadio, ver el partido y volver al hotel. En 2026, la experiencia se expande. Y si hay un lugar donde\u2026","rel":"","context":"En \u00abBlog\u00bb","block_context":{"text":"Blog","link":"https:\/\/zeromagazine.mx\/index.php\/category\/blog\/"},"img":{"alt_text":"","src":"https:\/\/i0.wp.com\/zeromagazine.mx\/wp-content\/uploads\/2026\/04\/IMG_2269-scaled.webp?fit=1200%2C713&ssl=1&resize=350%2C200","width":350,"height":200,"srcset":"https:\/\/i0.wp.com\/zeromagazine.mx\/wp-content\/uploads\/2026\/04\/IMG_2269-scaled.webp?fit=1200%2C713&ssl=1&resize=350%2C200 1x, https:\/\/i0.wp.com\/zeromagazine.mx\/wp-content\/uploads\/2026\/04\/IMG_2269-scaled.webp?fit=1200%2C713&ssl=1&resize=525%2C300 1.5x, https:\/\/i0.wp.com\/zeromagazine.mx\/wp-content\/uploads\/2026\/04\/IMG_2269-scaled.webp?fit=1200%2C713&ssl=1&resize=700%2C400 2x, https:\/\/i0.wp.com\/zeromagazine.mx\/wp-content\/uploads\/2026\/04\/IMG_2269-scaled.webp?fit=1200%2C713&ssl=1&resize=1050%2C600 3x"},"classes":[]},{"id":115882,"url":"https:\/\/zeromagazine.mx\/index.php\/2026\/02\/25\/enlightenment-cdmx-experiencia-inmersiva\/","url_meta":{"origin":57966,"position":1},"title":"As\u00ed se vivi\u00f3 la primer semana de &#8216;ENLIGHTENMENT&#8217;","author":"David Morales","date":"25 de febrero de 2026","format":false,"excerpt":"Si pensabas que ya lo hab\u00edas visto todo en planes culturales en la ciudad, toca replantearlo.\u00a0Enlightenment CDMX\u00a0no es un concierto, no es una proyecci\u00f3n y tampoco es una obra tradicional. Es un viaje sensorial de 30 minutos que convierte un espacio hist\u00f3rico en un universo de luz, m\u00fasica y emoci\u00f3n\u2026","rel":"","context":"En \u00abBlog\u00bb","block_context":{"text":"Blog","link":"https:\/\/zeromagazine.mx\/index.php\/category\/blog\/"},"img":{"alt_text":"","src":"https:\/\/i0.wp.com\/zeromagazine.mx\/wp-content\/uploads\/2026\/02\/IMG_1569.jpeg?fit=1000%2C667&ssl=1&resize=350%2C200","width":350,"height":200,"srcset":"https:\/\/i0.wp.com\/zeromagazine.mx\/wp-content\/uploads\/2026\/02\/IMG_1569.jpeg?fit=1000%2C667&ssl=1&resize=350%2C200 1x, https:\/\/i0.wp.com\/zeromagazine.mx\/wp-content\/uploads\/2026\/02\/IMG_1569.jpeg?fit=1000%2C667&ssl=1&resize=525%2C300 1.5x, https:\/\/i0.wp.com\/zeromagazine.mx\/wp-content\/uploads\/2026\/02\/IMG_1569.jpeg?fit=1000%2C667&ssl=1&resize=700%2C400 2x"},"classes":[]},{"id":102107,"url":"https:\/\/zeromagazine.mx\/index.php\/2025\/04\/21\/alexander-hotel-experiencia-de-lujo\/","url_meta":{"origin":57966,"position":2},"title":"Alexander Hotel: Experiencia de Lujo","author":"David Morales","date":"21 de abril de 2025","format":false,"excerpt":"Amix, si est\u00e1n buscando una escapada 10\/10 sin salir de la CDMX, esto les va a volar la peluca. Resulta que el Alexander Hotel, ese spot top en la Torre Virreyes (Lomas de Chapultepec vibes), acaba de ser seleccionado en la IT LIST 2025 de Travel + Leisure. O sea,\u2026","rel":"","context":"En \u00abViajes\u00bb","block_context":{"text":"Viajes","link":"https:\/\/zeromagazine.mx\/index.php\/category\/lugares\/"},"img":{"alt_text":"","src":"https:\/\/i0.wp.com\/zeromagazine.mx\/wp-content\/uploads\/2025\/04\/Copia-de-DSC08164-scaled.jpg?fit=1200%2C800&ssl=1&resize=350%2C200","width":350,"height":200,"srcset":"https:\/\/i0.wp.com\/zeromagazine.mx\/wp-content\/uploads\/2025\/04\/Copia-de-DSC08164-scaled.jpg?fit=1200%2C800&ssl=1&resize=350%2C200 1x, https:\/\/i0.wp.com\/zeromagazine.mx\/wp-content\/uploads\/2025\/04\/Copia-de-DSC08164-scaled.jpg?fit=1200%2C800&ssl=1&resize=525%2C300 1.5x, https:\/\/i0.wp.com\/zeromagazine.mx\/wp-content\/uploads\/2025\/04\/Copia-de-DSC08164-scaled.jpg?fit=1200%2C800&ssl=1&resize=700%2C400 2x, https:\/\/i0.wp.com\/zeromagazine.mx\/wp-content\/uploads\/2025\/04\/Copia-de-DSC08164-scaled.jpg?fit=1200%2C800&ssl=1&resize=1050%2C600 3x"},"classes":[]},{"id":115443,"url":"https:\/\/zeromagazine.mx\/index.php\/2026\/02\/16\/reciclaje-arquitectonico-cdmx\/","url_meta":{"origin":57966,"position":3},"title":"Reciclar para vivir mejor: la arquitectura que est\u00e1 redefiniendo la Ciudad de M\u00e9xico Por Alexandre de Rungs, arquitecto","author":"David Morales","date":"16 de febrero de 2026","format":false,"excerpt":"El futuro de la ciudad ya no se construye desde cero\u2026 se reconstruye desde lo que ya existe. El\u00a0reciclaje arquitect\u00f3nico CDMX\u00a0est\u00e1 cambiando por completo la forma en que entendemos el crecimiento urbano, y no, no es solo una tendencia aesthetic para Instagram: es una respuesta real a problemas ambientales, sociales\u2026","rel":"","context":"En \u00abBienestar\u00bb","block_context":{"text":"Bienestar","link":"https:\/\/zeromagazine.mx\/index.php\/category\/lifestyle\/bienestar\/"},"img":{"alt_text":"","src":"https:\/\/i0.wp.com\/zeromagazine.mx\/wp-content\/uploads\/2026\/02\/AZwlqCP3mtT70Gz1UqpKKw-AZwlqCP4s0tlJ17tzuja9w.jpeg?fit=1200%2C1200&ssl=1&resize=350%2C200","width":350,"height":200,"srcset":"https:\/\/i0.wp.com\/zeromagazine.mx\/wp-content\/uploads\/2026\/02\/AZwlqCP3mtT70Gz1UqpKKw-AZwlqCP4s0tlJ17tzuja9w.jpeg?fit=1200%2C1200&ssl=1&resize=350%2C200 1x, https:\/\/i0.wp.com\/zeromagazine.mx\/wp-content\/uploads\/2026\/02\/AZwlqCP3mtT70Gz1UqpKKw-AZwlqCP4s0tlJ17tzuja9w.jpeg?fit=1200%2C1200&ssl=1&resize=525%2C300 1.5x, https:\/\/i0.wp.com\/zeromagazine.mx\/wp-content\/uploads\/2026\/02\/AZwlqCP3mtT70Gz1UqpKKw-AZwlqCP4s0tlJ17tzuja9w.jpeg?fit=1200%2C1200&ssl=1&resize=700%2C400 2x, https:\/\/i0.wp.com\/zeromagazine.mx\/wp-content\/uploads\/2026\/02\/AZwlqCP3mtT70Gz1UqpKKw-AZwlqCP4s0tlJ17tzuja9w.jpeg?fit=1200%2C1200&ssl=1&resize=1050%2C600 3x"},"classes":[]},{"id":101594,"url":"https:\/\/zeromagazine.mx\/index.php\/2025\/04\/15\/arquitectura-con-impacto\/","url_meta":{"origin":57966,"position":4},"title":"Arquitectura Con Impacto","author":"David Morales","date":"15 de abril de 2025","format":false,"excerpt":"Amix, \u00bfse han preguntado alguna vez si la arquitectura puede hacer algo m\u00e1s que verse aesthetic? Pues s\u00ed, s\u00ed puede. En este mundo que cada d\u00eda necesita m\u00e1s acciones con conciencia, llega el arquitecto Andrey Kuri con su despacho Espacio Kuri Arquitectos, demostrando que se puede construir con prop\u00f3sito. Desde\u2026","rel":"","context":"En \u00abDise\u00f1o\u00bb","block_context":{"text":"Dise\u00f1o","link":"https:\/\/zeromagazine.mx\/index.php\/category\/diseno\/"},"img":{"alt_text":"","src":"https:\/\/i0.wp.com\/zeromagazine.mx\/wp-content\/uploads\/2025\/04\/Captura-de-pantalla-2025-04-15-142752.png?fit=800%2C763&ssl=1&resize=350%2C200","width":350,"height":200,"srcset":"https:\/\/i0.wp.com\/zeromagazine.mx\/wp-content\/uploads\/2025\/04\/Captura-de-pantalla-2025-04-15-142752.png?fit=800%2C763&ssl=1&resize=350%2C200 1x, https:\/\/i0.wp.com\/zeromagazine.mx\/wp-content\/uploads\/2025\/04\/Captura-de-pantalla-2025-04-15-142752.png?fit=800%2C763&ssl=1&resize=525%2C300 1.5x, https:\/\/i0.wp.com\/zeromagazine.mx\/wp-content\/uploads\/2025\/04\/Captura-de-pantalla-2025-04-15-142752.png?fit=800%2C763&ssl=1&resize=700%2C400 2x"},"classes":[]},{"id":105779,"url":"https:\/\/zeromagazine.mx\/index.php\/2025\/06\/09\/arquitectura-gerbilsk-wainberg-y-su-modelo-sustentable\/","url_meta":{"origin":57966,"position":5},"title":"Arquitectura Gerbilsk Wainberg y su modelo sustentable","author":"David Morales","date":"9 de junio de 2025","format":false,"excerpt":"Amix, estamos viviendo un momento donde cada gota de agua cuenta, literal. Y entre tanto caos clim\u00e1tico, hay proyectos que no solo nos devuelven la fe, sino que nos hacen so\u00f1ar bonito. Uno de esos es la Arquitectura Gerbilsky Wainberg, un estudio mexicano que est\u00e1 revolucionando la forma en que\u2026","rel":"","context":"En \u00abDise\u00f1o\u00bb","block_context":{"text":"Dise\u00f1o","link":"https:\/\/zeromagazine.mx\/index.php\/category\/diseno\/"},"img":{"alt_text":"","src":"https:\/\/i0.wp.com\/zeromagazine.mx\/wp-content\/uploads\/2025\/06\/img_04-3.jpeg?fit=1200%2C800&ssl=1&resize=350%2C200","width":350,"height":200,"srcset":"https:\/\/i0.wp.com\/zeromagazine.mx\/wp-content\/uploads\/2025\/06\/img_04-3.jpeg?fit=1200%2C800&ssl=1&resize=350%2C200 1x, https:\/\/i0.wp.com\/zeromagazine.mx\/wp-content\/uploads\/2025\/06\/img_04-3.jpeg?fit=1200%2C800&ssl=1&resize=525%2C300 1.5x, https:\/\/i0.wp.com\/zeromagazine.mx\/wp-content\/uploads\/2025\/06\/img_04-3.jpeg?fit=1200%2C800&ssl=1&resize=700%2C400 2x, https:\/\/i0.wp.com\/zeromagazine.mx\/wp-content\/uploads\/2025\/06\/img_04-3.jpeg?fit=1200%2C800&ssl=1&resize=1050%2C600 3x"},"classes":[]}],"jetpack_sharing_enabled":true,"builder_content":"","_links":{"self":[{"href":"https:\/\/zeromagazine.mx\/index.php\/wp-json\/wp\/v2\/posts\/57966","targetHints":{"allow":["GET"]}}],"collection":[{"href":"https:\/\/zeromagazine.mx\/index.php\/wp-json\/wp\/v2\/posts"}],"about":[{"href":"https:\/\/zeromagazine.mx\/index.php\/wp-json\/wp\/v2\/types\/post"}],"author":[{"embeddable":true,"href":"https:\/\/zeromagazine.mx\/index.php\/wp-json\/wp\/v2\/users\/2"}],"replies":[{"embeddable":true,"href":"https:\/\/zeromagazine.mx\/index.php\/wp-json\/wp\/v2\/comments?post=57966"}],"version-history":[{"count":0,"href":"https:\/\/zeromagazine.mx\/index.php\/wp-json\/wp\/v2\/posts\/57966\/revisions"}],"wp:featuredmedia":[{"embeddable":true,"href":"https:\/\/zeromagazine.mx\/index.php\/wp-json\/"}],"wp:attachment":[{"href":"https:\/\/zeromagazine.mx\/index.php\/wp-json\/wp\/v2\/media?parent=57966"}],"wp:term":[{"taxonomy":"category","embeddable":true,"href":"https:\/\/zeromagazine.mx\/index.php\/wp-json\/wp\/v2\/categories?post=57966"},{"taxonomy":"post_tag","embeddable":true,"href":"https:\/\/zeromagazine.mx\/index.php\/wp-json\/wp\/v2\/tags?post=57966"}],"curies":[{"name":"wp","href":"https:\/\/api.w.org\/{rel}","templated":true}]}}