{"id":57996,"date":"2021-11-12T12:30:00","date_gmt":"2021-11-12T18:30:00","guid":{"rendered":"https:\/\/atomic-temporary-84115225.wpcomstaging.com\/?p=57996"},"modified":"2021-11-12T12:30:00","modified_gmt":"2021-11-12T18:30:00","slug":"hastaserescuchadas-tema-con-llamado-ante-la-violencia-de-genero","status":"publish","type":"post","link":"https:\/\/zeromagazine.mx\/index.php\/2021\/11\/12\/hastaserescuchadas-tema-con-llamado-ante-la-violencia-de-genero\/","title":{"rendered":"#HastaSerEscuchadas, tema con llamado ante la violencia de g\u00e9nero"},"content":{"rendered":"\n<p>Hablemos del llamado que se hace a la violencia de g\u00e9nero y los feminicidios.&nbsp;<\/p>\n\n\n\n<figure class=\"wp-block-embed aligncenter is-type-rich is-provider-instagram wp-block-embed-instagram\"><div class=\"wp-block-embed__wrapper\">\nhttps:\/\/www.instagram.com\/p\/CUGl6SqseGt\/?utm_medium=copy_link\n<\/div><\/figure>\n\n\n\n<div class=\"wp-block-buttons is-layout-flex wp-block-buttons-is-layout-flex\">\n<div class=\"wp-block-button is-style-outline is-style-outline--1\"><a class=\"wp-block-button__link\">Por Rosaura Revilla<\/a><\/div>\n<\/div>\n\n\n\n<p>Este pr\u00f3ximo 19 de noviembre se estrenar\u00e1 <strong>#HastaSerEscuchadas<\/strong>. Se trata de una manifestaci\u00f3n art\u00edstica que aborda el gran problema que se vive hoy en d\u00eda en <strong>M\u00e9xico <\/strong>y que se ha agudizado d\u00eda a d\u00eda y es un riesgo para las mujeres de nuestra sociedad que son expuestas a la violencia de g\u00e9nero y a los feminicidios.&nbsp;<\/p>\n\n\n\n<p>La campa\u00f1a \u201c<strong>Amnist\u00eda Internacional \u2013 M\u00e9xico<\/strong>\u201d junto con int\u00e9rpretes, intenta difundir este mensaje, principalmente a las autoridades, para que reconozcan el gran problema que enfrentan las mujeres mexicanas d\u00eda con d\u00eda; desapariciones, feminicidios, deficiencias en las investigaciones de estos delitos que como se muestra, violan los derechos de las mujeres a la vida, y su integridad personal.&nbsp;<\/p>\n\n\n\n<figure class=\"wp-block-embed aligncenter is-type-rich is-provider-instagram wp-block-embed-instagram\"><div class=\"wp-block-embed__wrapper\">\nhttps:\/\/www.instagram.com\/p\/CVf4EbIrnKK\/?utm_medium=copy_link\n<\/div><\/figure>\n\n\n\n\n\n<p>El prop\u00f3sito de este gran lanzamiento es alzar la voz ante cada injusticia, entre los int\u00e9rpretes de <strong>#HastaSerEscuchadas <\/strong>se encuentran <strong>Lu Ruenes, Regina De Ovando, Sof\u00eda Pe\u00f1a<\/strong> y <strong>Ed Vinton<\/strong>, con la producci\u00f3n musical de Alfonso Palacios Noriega: Lo que se pretende es que m\u00e1s artistas y grupos interpreten con su propio estilo y g\u00e9nero, logrando as\u00ed extender el mensaje urgente a las autoridades y que las mujeres puedan vivir libres y seguras y para la atenci\u00f3n inmediata de las autoridades ante todos los casos impunes que existen.&nbsp;<\/p>\n\n\n\n<p>Cada vez que escuches <strong>#HastaSerEscuchadas,<\/strong> estar\u00e1s donando a <strong>\u00abAmnist\u00eda Internacional- M\u00e9xico<\/strong>\u00bb para que siga apoyando la investigaci\u00f3n de las causas y a los familiares de las v\u00edctimas.<\/p>\n\n\n\n<p class=\"has-text-align-center\"><strong>Tambi\u00e9n puedes apoyar esta causa firmando esta petici\u00f3n: <a href=\"https:\/\/amnistia.org.mx\/hastaserescuchadas\/\">https:\/\/amnistia.org.mx\/hastaserescuchadas\/<\/a><\/strong><\/p>\n\n\n\n<p class=\"has-text-align-center\"><strong>Sigue a Rosaura Revilla en:<\/strong><\/p>\n\n\n\n<p class=\"has-text-align-center\"><strong>Instagram:<\/strong> <a href=\"https:\/\/instagram.com\/rouse.triana?utm_medium=copy_link\">@rouse.triana<\/a><\/p>\n\n\n\n\n<!--themify_builder_content-->\n<div id=\"themify_builder_content-57996\" data-postid=\"57996\" class=\"themify_builder_content themify_builder_content-57996 themify_builder tf_clear\">\n    <\/div>\n<!--\/themify_builder_content-->\n","protected":false},"excerpt":{"rendered":"<p>Hablemos del llamado que se hace a la violencia de g\u00e9nero y los feminicidios.&nbsp; Este pr\u00f3ximo 19 de noviembre se estrenar\u00e1 #HastaSerEscuchadas. Se trata de una manifestaci\u00f3n art\u00edstica que aborda el gran problema que se vive hoy en d\u00eda en M\u00e9xico y que se ha agudizado d\u00eda a d\u00eda y es un riesgo para las [&hellip;]<\/p>\n","protected":false},"author":2,"featured_media":57999,"comment_status":"open","ping_status":"open","sticky":false,"template":"","format":"standard","meta":{"_jetpack_memberships_contains_paid_content":false,"footnotes":"","jetpack_publicize_message":"S\u00famate a la movilizaci\u00f3n, #HastaSerEscuchadas, una manifestaci\u00f3n art\u00edstica que tiene el prop\u00f3sito de alzar la voz ante la injusticia.","jetpack_publicize_feature_enabled":true,"jetpack_social_post_already_shared":true,"jetpack_social_options":{"image_generator_settings":{"template":"highway","default_image_id":0,"font":"","enabled":false},"version":2}},"categories":[1],"tags":[6414,6415,6416,6417,144,6418,6419],"class_list":["post-57996","post","type-post","status-publish","format-standard","has-post-thumbnail","hentry","category-blog","tag-hastaserescuchadas","tag-amnistia-internacional-mexico","tag-ed-vinton","tag-lu-ruenes","tag-mexico","tag-regina-de-ovando","tag-sofia-pena","has-post-title","has-post-date","has-post-category","has-post-tag","has-post-comment","has-post-author",""],"yoast_head":"<!-- This site is optimized with the Yoast SEO plugin v27.5 - https:\/\/yoast.com\/product\/yoast-seo-wordpress\/ -->\n<title>#HastaSerEscuchadas, tema con llamado ante la violencia de g\u00e9nero - Zero Magazine<\/title>\n<meta name=\"robots\" content=\"index, follow, max-snippet:-1, max-image-preview:large, max-video-preview:-1\" \/>\n<link rel=\"canonical\" href=\"https:\/\/zeromagazine.mx\/index.php\/2021\/11\/12\/hastaserescuchadas-tema-con-llamado-ante-la-violencia-de-genero\/\" \/>\n<meta property=\"og:locale\" content=\"es_ES\" \/>\n<meta property=\"og:type\" content=\"article\" \/>\n<meta property=\"og:title\" content=\"#HastaSerEscuchadas, tema con llamado ante la violencia de g\u00e9nero - Zero Magazine\" \/>\n<meta property=\"og:description\" content=\"Hablemos del llamado que se hace a la violencia de g\u00e9nero y los feminicidios.&nbsp; Este pr\u00f3ximo 19 de noviembre se estrenar\u00e1 #HastaSerEscuchadas. Se trata de una manifestaci\u00f3n art\u00edstica que aborda el gran problema que se vive hoy en d\u00eda en M\u00e9xico y que se ha agudizado d\u00eda a d\u00eda y es un riesgo para las [&hellip;]\" \/>\n<meta property=\"og:url\" content=\"https:\/\/zeromagazine.mx\/index.php\/2021\/11\/12\/hastaserescuchadas-tema-con-llamado-ante-la-violencia-de-genero\/\" \/>\n<meta property=\"og:site_name\" content=\"Zero Magazine\" \/>\n<meta property=\"article:published_time\" content=\"2021-11-12T18:30:00+00:00\" \/>\n<meta name=\"author\" content=\"zeromagazinemx\" \/>\n<meta name=\"twitter:card\" content=\"summary_large_image\" \/>\n<meta name=\"twitter:label1\" content=\"Escrito por\" \/>\n\t<meta name=\"twitter:data1\" content=\"zeromagazinemx\" \/>\n\t<meta name=\"twitter:label2\" content=\"Tiempo de lectura\" \/>\n\t<meta name=\"twitter:data2\" content=\"2 minutos\" \/>\n<script type=\"application\/ld+json\" class=\"yoast-schema-graph\">{\"@context\":\"https:\\\/\\\/schema.org\",\"@graph\":[{\"@type\":\"Article\",\"@id\":\"https:\\\/\\\/zeromagazine.mx\\\/index.php\\\/2021\\\/11\\\/12\\\/hastaserescuchadas-tema-con-llamado-ante-la-violencia-de-genero\\\/#article\",\"isPartOf\":{\"@id\":\"https:\\\/\\\/zeromagazine.mx\\\/index.php\\\/2021\\\/11\\\/12\\\/hastaserescuchadas-tema-con-llamado-ante-la-violencia-de-genero\\\/\"},\"author\":{\"name\":\"zeromagazinemx\",\"@id\":\"https:\\\/\\\/zeromagazine.mx\\\/#\\\/schema\\\/person\\\/9aed9f33a7c39af3a348b86d723f7773\"},\"headline\":\"#HastaSerEscuchadas, tema con llamado ante la violencia de g\u00e9nero\",\"datePublished\":\"2021-11-12T18:30:00+00:00\",\"mainEntityOfPage\":{\"@id\":\"https:\\\/\\\/zeromagazine.mx\\\/index.php\\\/2021\\\/11\\\/12\\\/hastaserescuchadas-tema-con-llamado-ante-la-violencia-de-genero\\\/\"},\"wordCount\":331,\"commentCount\":0,\"publisher\":{\"@id\":\"https:\\\/\\\/zeromagazine.mx\\\/#organization\"},\"image\":{\"@id\":\"https:\\\/\\\/zeromagazine.mx\\\/index.php\\\/2021\\\/11\\\/12\\\/hastaserescuchadas-tema-con-llamado-ante-la-violencia-de-genero\\\/#primaryimage\"},\"thumbnailUrl\":\"\",\"keywords\":[\"#HastaSerEscuchadas\",\"Amnist\u00eda Internacional \u2013 M\u00e9xico\",\"Ed Vinton\",\"Lu Ruenes\",\"M\u00c9XICO\",\"Regina De Ovando\",\"Sof\u00eda Pe\u00f1a\"],\"articleSection\":[\"Blog\"],\"inLanguage\":\"es\",\"potentialAction\":[{\"@type\":\"CommentAction\",\"name\":\"Comment\",\"target\":[\"https:\\\/\\\/zeromagazine.mx\\\/index.php\\\/2021\\\/11\\\/12\\\/hastaserescuchadas-tema-con-llamado-ante-la-violencia-de-genero\\\/#respond\"]}]},{\"@type\":\"WebPage\",\"@id\":\"https:\\\/\\\/zeromagazine.mx\\\/index.php\\\/2021\\\/11\\\/12\\\/hastaserescuchadas-tema-con-llamado-ante-la-violencia-de-genero\\\/\",\"url\":\"https:\\\/\\\/zeromagazine.mx\\\/index.php\\\/2021\\\/11\\\/12\\\/hastaserescuchadas-tema-con-llamado-ante-la-violencia-de-genero\\\/\",\"name\":\"#HastaSerEscuchadas, tema con llamado ante la violencia de g\u00e9nero - Zero Magazine\",\"isPartOf\":{\"@id\":\"https:\\\/\\\/zeromagazine.mx\\\/#website\"},\"primaryImageOfPage\":{\"@id\":\"https:\\\/\\\/zeromagazine.mx\\\/index.php\\\/2021\\\/11\\\/12\\\/hastaserescuchadas-tema-con-llamado-ante-la-violencia-de-genero\\\/#primaryimage\"},\"image\":{\"@id\":\"https:\\\/\\\/zeromagazine.mx\\\/index.php\\\/2021\\\/11\\\/12\\\/hastaserescuchadas-tema-con-llamado-ante-la-violencia-de-genero\\\/#primaryimage\"},\"thumbnailUrl\":\"\",\"datePublished\":\"2021-11-12T18:30:00+00:00\",\"breadcrumb\":{\"@id\":\"https:\\\/\\\/zeromagazine.mx\\\/index.php\\\/2021\\\/11\\\/12\\\/hastaserescuchadas-tema-con-llamado-ante-la-violencia-de-genero\\\/#breadcrumb\"},\"inLanguage\":\"es\",\"potentialAction\":[{\"@type\":\"ReadAction\",\"target\":[\"https:\\\/\\\/zeromagazine.mx\\\/index.php\\\/2021\\\/11\\\/12\\\/hastaserescuchadas-tema-con-llamado-ante-la-violencia-de-genero\\\/\"]}]},{\"@type\":\"ImageObject\",\"inLanguage\":\"es\",\"@id\":\"https:\\\/\\\/zeromagazine.mx\\\/index.php\\\/2021\\\/11\\\/12\\\/hastaserescuchadas-tema-con-llamado-ante-la-violencia-de-genero\\\/#primaryimage\",\"url\":\"\",\"contentUrl\":\"\"},{\"@type\":\"BreadcrumbList\",\"@id\":\"https:\\\/\\\/zeromagazine.mx\\\/index.php\\\/2021\\\/11\\\/12\\\/hastaserescuchadas-tema-con-llamado-ante-la-violencia-de-genero\\\/#breadcrumb\",\"itemListElement\":[{\"@type\":\"ListItem\",\"position\":1,\"name\":\"Portada\",\"item\":\"https:\\\/\\\/zeromagazine.mx\\\/\"},{\"@type\":\"ListItem\",\"position\":2,\"name\":\"#HastaSerEscuchadas, tema con llamado ante la violencia de g\u00e9nero\"}]},{\"@type\":\"WebSite\",\"@id\":\"https:\\\/\\\/zeromagazine.mx\\\/#website\",\"url\":\"https:\\\/\\\/zeromagazine.mx\\\/\",\"name\":\"Zero Magazine\",\"description\":\"\",\"publisher\":{\"@id\":\"https:\\\/\\\/zeromagazine.mx\\\/#organization\"},\"potentialAction\":[{\"@type\":\"SearchAction\",\"target\":{\"@type\":\"EntryPoint\",\"urlTemplate\":\"https:\\\/\\\/zeromagazine.mx\\\/?s={search_term_string}\"},\"query-input\":{\"@type\":\"PropertyValueSpecification\",\"valueRequired\":true,\"valueName\":\"search_term_string\"}}],\"inLanguage\":\"es\"},{\"@type\":\"Organization\",\"@id\":\"https:\\\/\\\/zeromagazine.mx\\\/#organization\",\"name\":\"Zero Magazine\",\"url\":\"https:\\\/\\\/zeromagazine.mx\\\/\",\"logo\":{\"@type\":\"ImageObject\",\"inLanguage\":\"es\",\"@id\":\"https:\\\/\\\/zeromagazine.mx\\\/#\\\/schema\\\/logo\\\/image\\\/\",\"url\":\"https:\\\/\\\/i0.wp.com\\\/zeromagazine.mx\\\/wp-content\\\/uploads\\\/2025\\\/11\\\/1.jpeg?fit=1000%2C1000&ssl=1\",\"contentUrl\":\"https:\\\/\\\/i0.wp.com\\\/zeromagazine.mx\\\/wp-content\\\/uploads\\\/2025\\\/11\\\/1.jpeg?fit=1000%2C1000&ssl=1\",\"width\":1000,\"height\":1000,\"caption\":\"Zero Magazine\"},\"image\":{\"@id\":\"https:\\\/\\\/zeromagazine.mx\\\/#\\\/schema\\\/logo\\\/image\\\/\"},\"sameAs\":[\"https:\\\/\\\/instagram.com\\\/zeromagazinemx\"]},{\"@type\":\"Person\",\"@id\":\"https:\\\/\\\/zeromagazine.mx\\\/#\\\/schema\\\/person\\\/9aed9f33a7c39af3a348b86d723f7773\",\"name\":\"zeromagazinemx\",\"image\":{\"@type\":\"ImageObject\",\"inLanguage\":\"es\",\"@id\":\"https:\\\/\\\/zeromagazine.mx\\\/wp-content\\\/litespeed\\\/avatar\\\/f91dfe5410d5dcb1a576bf8c45983896.jpg?ver=1777571230\",\"url\":\"https:\\\/\\\/zeromagazine.mx\\\/wp-content\\\/litespeed\\\/avatar\\\/f91dfe5410d5dcb1a576bf8c45983896.jpg?ver=1777571230\",\"contentUrl\":\"https:\\\/\\\/zeromagazine.mx\\\/wp-content\\\/litespeed\\\/avatar\\\/f91dfe5410d5dcb1a576bf8c45983896.jpg?ver=1777571230\",\"caption\":\"zeromagazinemx\"},\"url\":\"https:\\\/\\\/zeromagazine.mx\\\/index.php\\\/author\\\/zeromagazinemx\\\/\"}]}<\/script>\n<!-- \/ Yoast SEO plugin. -->","yoast_head_json":{"title":"#HastaSerEscuchadas, tema con llamado ante la violencia de g\u00e9nero - Zero Magazine","robots":{"index":"index","follow":"follow","max-snippet":"max-snippet:-1","max-image-preview":"max-image-preview:large","max-video-preview":"max-video-preview:-1"},"canonical":"https:\/\/zeromagazine.mx\/index.php\/2021\/11\/12\/hastaserescuchadas-tema-con-llamado-ante-la-violencia-de-genero\/","og_locale":"es_ES","og_type":"article","og_title":"#HastaSerEscuchadas, tema con llamado ante la violencia de g\u00e9nero - Zero Magazine","og_description":"Hablemos del llamado que se hace a la violencia de g\u00e9nero y los feminicidios.&nbsp; Este pr\u00f3ximo 19 de noviembre se estrenar\u00e1 #HastaSerEscuchadas. Se trata de una manifestaci\u00f3n art\u00edstica que aborda el gran problema que se vive hoy en d\u00eda en M\u00e9xico y que se ha agudizado d\u00eda a d\u00eda y es un riesgo para las [&hellip;]","og_url":"https:\/\/zeromagazine.mx\/index.php\/2021\/11\/12\/hastaserescuchadas-tema-con-llamado-ante-la-violencia-de-genero\/","og_site_name":"Zero Magazine","article_published_time":"2021-11-12T18:30:00+00:00","author":"zeromagazinemx","twitter_card":"summary_large_image","twitter_misc":{"Escrito por":"zeromagazinemx","Tiempo de lectura":"2 minutos"},"schema":{"@context":"https:\/\/schema.org","@graph":[{"@type":"Article","@id":"https:\/\/zeromagazine.mx\/index.php\/2021\/11\/12\/hastaserescuchadas-tema-con-llamado-ante-la-violencia-de-genero\/#article","isPartOf":{"@id":"https:\/\/zeromagazine.mx\/index.php\/2021\/11\/12\/hastaserescuchadas-tema-con-llamado-ante-la-violencia-de-genero\/"},"author":{"name":"zeromagazinemx","@id":"https:\/\/zeromagazine.mx\/#\/schema\/person\/9aed9f33a7c39af3a348b86d723f7773"},"headline":"#HastaSerEscuchadas, tema con llamado ante la violencia de g\u00e9nero","datePublished":"2021-11-12T18:30:00+00:00","mainEntityOfPage":{"@id":"https:\/\/zeromagazine.mx\/index.php\/2021\/11\/12\/hastaserescuchadas-tema-con-llamado-ante-la-violencia-de-genero\/"},"wordCount":331,"commentCount":0,"publisher":{"@id":"https:\/\/zeromagazine.mx\/#organization"},"image":{"@id":"https:\/\/zeromagazine.mx\/index.php\/2021\/11\/12\/hastaserescuchadas-tema-con-llamado-ante-la-violencia-de-genero\/#primaryimage"},"thumbnailUrl":"","keywords":["#HastaSerEscuchadas","Amnist\u00eda Internacional \u2013 M\u00e9xico","Ed Vinton","Lu Ruenes","M\u00c9XICO","Regina De Ovando","Sof\u00eda Pe\u00f1a"],"articleSection":["Blog"],"inLanguage":"es","potentialAction":[{"@type":"CommentAction","name":"Comment","target":["https:\/\/zeromagazine.mx\/index.php\/2021\/11\/12\/hastaserescuchadas-tema-con-llamado-ante-la-violencia-de-genero\/#respond"]}]},{"@type":"WebPage","@id":"https:\/\/zeromagazine.mx\/index.php\/2021\/11\/12\/hastaserescuchadas-tema-con-llamado-ante-la-violencia-de-genero\/","url":"https:\/\/zeromagazine.mx\/index.php\/2021\/11\/12\/hastaserescuchadas-tema-con-llamado-ante-la-violencia-de-genero\/","name":"#HastaSerEscuchadas, tema con llamado ante la violencia de g\u00e9nero - Zero Magazine","isPartOf":{"@id":"https:\/\/zeromagazine.mx\/#website"},"primaryImageOfPage":{"@id":"https:\/\/zeromagazine.mx\/index.php\/2021\/11\/12\/hastaserescuchadas-tema-con-llamado-ante-la-violencia-de-genero\/#primaryimage"},"image":{"@id":"https:\/\/zeromagazine.mx\/index.php\/2021\/11\/12\/hastaserescuchadas-tema-con-llamado-ante-la-violencia-de-genero\/#primaryimage"},"thumbnailUrl":"","datePublished":"2021-11-12T18:30:00+00:00","breadcrumb":{"@id":"https:\/\/zeromagazine.mx\/index.php\/2021\/11\/12\/hastaserescuchadas-tema-con-llamado-ante-la-violencia-de-genero\/#breadcrumb"},"inLanguage":"es","potentialAction":[{"@type":"ReadAction","target":["https:\/\/zeromagazine.mx\/index.php\/2021\/11\/12\/hastaserescuchadas-tema-con-llamado-ante-la-violencia-de-genero\/"]}]},{"@type":"ImageObject","inLanguage":"es","@id":"https:\/\/zeromagazine.mx\/index.php\/2021\/11\/12\/hastaserescuchadas-tema-con-llamado-ante-la-violencia-de-genero\/#primaryimage","url":"","contentUrl":""},{"@type":"BreadcrumbList","@id":"https:\/\/zeromagazine.mx\/index.php\/2021\/11\/12\/hastaserescuchadas-tema-con-llamado-ante-la-violencia-de-genero\/#breadcrumb","itemListElement":[{"@type":"ListItem","position":1,"name":"Portada","item":"https:\/\/zeromagazine.mx\/"},{"@type":"ListItem","position":2,"name":"#HastaSerEscuchadas, tema con llamado ante la violencia de g\u00e9nero"}]},{"@type":"WebSite","@id":"https:\/\/zeromagazine.mx\/#website","url":"https:\/\/zeromagazine.mx\/","name":"Zero Magazine","description":"","publisher":{"@id":"https:\/\/zeromagazine.mx\/#organization"},"potentialAction":[{"@type":"SearchAction","target":{"@type":"EntryPoint","urlTemplate":"https:\/\/zeromagazine.mx\/?s={search_term_string}"},"query-input":{"@type":"PropertyValueSpecification","valueRequired":true,"valueName":"search_term_string"}}],"inLanguage":"es"},{"@type":"Organization","@id":"https:\/\/zeromagazine.mx\/#organization","name":"Zero Magazine","url":"https:\/\/zeromagazine.mx\/","logo":{"@type":"ImageObject","inLanguage":"es","@id":"https:\/\/zeromagazine.mx\/#\/schema\/logo\/image\/","url":"https:\/\/i0.wp.com\/zeromagazine.mx\/wp-content\/uploads\/2025\/11\/1.jpeg?fit=1000%2C1000&ssl=1","contentUrl":"https:\/\/i0.wp.com\/zeromagazine.mx\/wp-content\/uploads\/2025\/11\/1.jpeg?fit=1000%2C1000&ssl=1","width":1000,"height":1000,"caption":"Zero Magazine"},"image":{"@id":"https:\/\/zeromagazine.mx\/#\/schema\/logo\/image\/"},"sameAs":["https:\/\/instagram.com\/zeromagazinemx"]},{"@type":"Person","@id":"https:\/\/zeromagazine.mx\/#\/schema\/person\/9aed9f33a7c39af3a348b86d723f7773","name":"zeromagazinemx","image":{"@type":"ImageObject","inLanguage":"es","@id":"https:\/\/zeromagazine.mx\/wp-content\/litespeed\/avatar\/f91dfe5410d5dcb1a576bf8c45983896.jpg?ver=1777571230","url":"https:\/\/zeromagazine.mx\/wp-content\/litespeed\/avatar\/f91dfe5410d5dcb1a576bf8c45983896.jpg?ver=1777571230","contentUrl":"https:\/\/zeromagazine.mx\/wp-content\/litespeed\/avatar\/f91dfe5410d5dcb1a576bf8c45983896.jpg?ver=1777571230","caption":"zeromagazinemx"},"url":"https:\/\/zeromagazine.mx\/index.php\/author\/zeromagazinemx\/"}]}},"jetpack_publicize_connections":[],"jetpack_featured_media_url":"","jetpack-related-posts":[{"id":93541,"url":"https:\/\/zeromagazine.mx\/index.php\/2024\/12\/19\/foro-weps-mexico-2024-igualdad\/","url_meta":{"origin":57996,"position":0},"title":"Foro WEPs M\u00e9xico 2024: Igualdad","author":"zeromagazinemx","date":"19 de diciembre de 2024","format":false,"excerpt":"Foro WEPs M\u00e9xico 2024 Foro WEPs M\u00e9xico 2024 es una iniciativa incre\u00edble, qu\u00e9date que te cuento todo el chismesito. Amix, \u00bfalguna vez te has preguntado por qu\u00e9 la igualdad de g\u00e9nero sigue siendo un tema tan importante hoy en d\u00eda? Pues, en el Foro WEPs M\u00e9xico 2024, m\u00e1s de 150\u2026","rel":"","context":"En \u00abEntretenimiento\u00bb","block_context":{"text":"Entretenimiento","link":"https:\/\/zeromagazine.mx\/index.php\/category\/entretenimiento\/"},"img":{"alt_text":"","src":"https:\/\/i0.wp.com\/zeromagazine.mx\/wp-content\/uploads\/2024\/12\/ONU_Mujeres_WEPs_13_nov_web_084.jpg?fit=1200%2C800&ssl=1&resize=350%2C200","width":350,"height":200,"srcset":"https:\/\/i0.wp.com\/zeromagazine.mx\/wp-content\/uploads\/2024\/12\/ONU_Mujeres_WEPs_13_nov_web_084.jpg?fit=1200%2C800&ssl=1&resize=350%2C200 1x, https:\/\/i0.wp.com\/zeromagazine.mx\/wp-content\/uploads\/2024\/12\/ONU_Mujeres_WEPs_13_nov_web_084.jpg?fit=1200%2C800&ssl=1&resize=525%2C300 1.5x, https:\/\/i0.wp.com\/zeromagazine.mx\/wp-content\/uploads\/2024\/12\/ONU_Mujeres_WEPs_13_nov_web_084.jpg?fit=1200%2C800&ssl=1&resize=700%2C400 2x, https:\/\/i0.wp.com\/zeromagazine.mx\/wp-content\/uploads\/2024\/12\/ONU_Mujeres_WEPs_13_nov_web_084.jpg?fit=1200%2C800&ssl=1&resize=1050%2C600 3x"},"classes":[]},{"id":91703,"url":"https:\/\/zeromagazine.mx\/index.php\/2024\/11\/26\/app-contra-la-violencia-de-genero\/","url_meta":{"origin":57996,"position":1},"title":"App Contra la Violencia de G\u00e9nero","author":"zeromagazinemx","date":"26 de noviembre de 2024","format":false,"excerpt":"\u00bfSab\u00edas que la violencia de g\u00e9nero ha alcanzado niveles alarmantes en los \u00faltimos a\u00f1os? De hecho, los feminicidios han aumentado m\u00e1s del 100% en M\u00e9xico entre 2015 y 2024. Pero hoy quiero hablarte de algo que, aunque parece contradictorio, puede ser una gran aliada en la lucha contra este grave\u2026","rel":"","context":"En \u00abTech\u00bb","block_context":{"text":"Tech","link":"https:\/\/zeromagazine.mx\/index.php\/category\/tech\/"},"img":{"alt_text":"","src":"https:\/\/i0.wp.com\/zeromagazine.mx\/wp-content\/uploads\/2024\/11\/OT_WP-group-cover.png?fit=1200%2C527&ssl=1&resize=350%2C200","width":350,"height":200,"srcset":"https:\/\/i0.wp.com\/zeromagazine.mx\/wp-content\/uploads\/2024\/11\/OT_WP-group-cover.png?fit=1200%2C527&ssl=1&resize=350%2C200 1x, https:\/\/i0.wp.com\/zeromagazine.mx\/wp-content\/uploads\/2024\/11\/OT_WP-group-cover.png?fit=1200%2C527&ssl=1&resize=525%2C300 1.5x, https:\/\/i0.wp.com\/zeromagazine.mx\/wp-content\/uploads\/2024\/11\/OT_WP-group-cover.png?fit=1200%2C527&ssl=1&resize=700%2C400 2x, https:\/\/i0.wp.com\/zeromagazine.mx\/wp-content\/uploads\/2024\/11\/OT_WP-group-cover.png?fit=1200%2C527&ssl=1&resize=1050%2C600 3x"},"classes":[]},{"id":51133,"url":"https:\/\/zeromagazine.mx\/index.php\/2021\/07\/29\/kotexportodas\/","url_meta":{"origin":57996,"position":2},"title":"#KotexPorTodas","author":"zeromagazinemx","date":"29 de julio de 2021","format":false,"excerpt":"#KotexPorTodas es una plataforma que busca impulsar el desarrollo de las mujeres mexicanas. Por Mayra Torres Hoy en d\u00eda el Empoderamiento de la Mujer es m\u00e1s relevante que nunca, pero tambi\u00e9n los problemas que se experimentan en la sociedad son m\u00e1s visibles como la inequidad, educaci\u00f3n o la violencia de\u2026","rel":"","context":"En \u00abLifestyle\u00bb","block_context":{"text":"Lifestyle","link":"https:\/\/zeromagazine.mx\/index.php\/category\/lifestyle\/"},"img":{"alt_text":"","src":"https:\/\/i0.wp.com\/img.youtube.com\/vi\/r5Kse0nw-MY\/0.jpg?resize=350%2C200","width":350,"height":200},"classes":[]},{"id":91736,"url":"https:\/\/zeromagazine.mx\/index.php\/2024\/11\/26\/mujeres-seguras-con-didi\/","url_meta":{"origin":57996,"position":3},"title":"Mujeres Seguras con DIDI","author":"zeromagazinemx","date":"26 de noviembre de 2024","format":false,"excerpt":"Amigxs, en una movida que refleja c\u00f3mo la tecnolog\u00eda puede unirse con las pol\u00edticas p\u00fablicas para hacerle frente a un problema tan urgente como la violencia de g\u00e9nero, el gobernador de Nuevo Le\u00f3n, Samuel Garc\u00eda, acaba de anunciar un convenio de colaboraci\u00f3n entre el C-5 y DIDI para fortalecer la\u2026","rel":"","context":"En \u00abTech\u00bb","block_context":{"text":"Tech","link":"https:\/\/zeromagazine.mx\/index.php\/category\/tech\/"},"img":{"alt_text":"","src":"https:\/\/i0.wp.com\/zeromagazine.mx\/wp-content\/uploads\/2024\/11\/unnamed-23.jpg?fit=1200%2C800&ssl=1&resize=350%2C200","width":350,"height":200,"srcset":"https:\/\/i0.wp.com\/zeromagazine.mx\/wp-content\/uploads\/2024\/11\/unnamed-23.jpg?fit=1200%2C800&ssl=1&resize=350%2C200 1x, https:\/\/i0.wp.com\/zeromagazine.mx\/wp-content\/uploads\/2024\/11\/unnamed-23.jpg?fit=1200%2C800&ssl=1&resize=525%2C300 1.5x, https:\/\/i0.wp.com\/zeromagazine.mx\/wp-content\/uploads\/2024\/11\/unnamed-23.jpg?fit=1200%2C800&ssl=1&resize=700%2C400 2x, https:\/\/i0.wp.com\/zeromagazine.mx\/wp-content\/uploads\/2024\/11\/unnamed-23.jpg?fit=1200%2C800&ssl=1&resize=1050%2C600 3x"},"classes":[]},{"id":52111,"url":"https:\/\/zeromagazine.mx\/index.php\/2021\/08\/15\/5-consejos-claves-para-denunciar-la-violencia-digital\/","url_meta":{"origin":57996,"position":4},"title":"5 consejos claves para denunciar la violencia digital","author":"zeromagazinemx","date":"15 de agosto de 2021","format":false,"excerpt":"La Asociaci\u00f3n Civil Cultivando G\u00e9nero present\u00f3 la gu\u00eda \u201cEn la red no navegas sola\u201d, para que las mujeres puedan apoyarse en momentos de violencia digital. Por Mayra Torres Como parte de la campa\u00f1a \u201cEn la red no navegas sola\u201d Cultivando G\u00e9nero lanza la gu\u00eda de resistencia digital entre amigas para\u2026","rel":"","context":"En \u00abLifestyle\u00bb","block_context":{"text":"Lifestyle","link":"https:\/\/zeromagazine.mx\/index.php\/category\/lifestyle\/"},"img":{"alt_text":"","src":"","width":0,"height":0},"classes":[]},{"id":49707,"url":"https:\/\/zeromagazine.mx\/index.php\/2021\/07\/08\/entrevista-a-yanet-beltran\/","url_meta":{"origin":57996,"position":5},"title":"Entrevista a Yanet Beltr\u00e1n","author":"zeromagazinemx","date":"8 de julio de 2021","format":false,"excerpt":"Yanet Beltr\u00e1n lleva una personalidad de car\u00e1cter firme, logra transmitir la fuerza, coraje y el sentimiento que se requiere para la persuasi\u00f3n en sus canciones. En pasados d\u00edas Yanet no comparti\u00f3 su primera placa discogr\u00e1fica \u201cMal agradecido\u201d, una producci\u00f3n que funge como su carta de presentaci\u00f3n y ha tenido una\u2026","rel":"","context":"En \u00abEntretenimiento\u00bb","block_context":{"text":"Entretenimiento","link":"https:\/\/zeromagazine.mx\/index.php\/category\/entretenimiento\/"},"img":{"alt_text":"","src":"https:\/\/i0.wp.com\/img.youtube.com\/vi\/x7COG5k-HmE\/0.jpg?resize=350%2C200","width":350,"height":200},"classes":[]}],"jetpack_sharing_enabled":true,"builder_content":"","_links":{"self":[{"href":"https:\/\/zeromagazine.mx\/index.php\/wp-json\/wp\/v2\/posts\/57996","targetHints":{"allow":["GET"]}}],"collection":[{"href":"https:\/\/zeromagazine.mx\/index.php\/wp-json\/wp\/v2\/posts"}],"about":[{"href":"https:\/\/zeromagazine.mx\/index.php\/wp-json\/wp\/v2\/types\/post"}],"author":[{"embeddable":true,"href":"https:\/\/zeromagazine.mx\/index.php\/wp-json\/wp\/v2\/users\/2"}],"replies":[{"embeddable":true,"href":"https:\/\/zeromagazine.mx\/index.php\/wp-json\/wp\/v2\/comments?post=57996"}],"version-history":[{"count":0,"href":"https:\/\/zeromagazine.mx\/index.php\/wp-json\/wp\/v2\/posts\/57996\/revisions"}],"wp:featuredmedia":[{"embeddable":true,"href":"https:\/\/zeromagazine.mx\/index.php\/wp-json\/"}],"wp:attachment":[{"href":"https:\/\/zeromagazine.mx\/index.php\/wp-json\/wp\/v2\/media?parent=57996"}],"wp:term":[{"taxonomy":"category","embeddable":true,"href":"https:\/\/zeromagazine.mx\/index.php\/wp-json\/wp\/v2\/categories?post=57996"},{"taxonomy":"post_tag","embeddable":true,"href":"https:\/\/zeromagazine.mx\/index.php\/wp-json\/wp\/v2\/tags?post=57996"}],"curies":[{"name":"wp","href":"https:\/\/api.w.org\/{rel}","templated":true}]}}