{"id":58064,"date":"2021-11-12T15:01:13","date_gmt":"2021-11-12T21:01:13","guid":{"rendered":"https:\/\/atomic-temporary-84115225.wpcomstaging.com\/?p=58064"},"modified":"2021-11-12T15:01:13","modified_gmt":"2021-11-12T21:01:13","slug":"mandarina-bike-celebra-la-apertura-de-su-primera-flagship-store-en-mexico","status":"publish","type":"post","link":"https:\/\/zeromagazine.mx\/index.php\/2021\/11\/12\/mandarina-bike-celebra-la-apertura-de-su-primera-flagship-store-en-mexico\/","title":{"rendered":"MANDARINA.BIKE CELEBRA LA APERTURA DE SU PRIMERA FLAGSHIP STORE EN M\u00c9XICO"},"content":{"rendered":"\n<ul class=\"wp-block-list\"><li><em>Mandarina.Bike llega a M\u00e9xico con la intenci\u00f3n de transformar la calidad de vida a trav\u00e9s de una movilidad divertida y sostenible<\/em><\/li><\/ul>\n\n\n\n<p><strong>Mandarina.Bike <\/strong>celebr\u00f3 la apertura de su primera<strong> Flagship store<\/strong> en <strong>M\u00e9xico <\/strong>ubicada en la calle de Sonora 180, Col. Hip\u00f3dromo Condesa bajo el concepto de vivir la movilidad de una forma sostenible, divertida y que permita interactuar entre amigos experimentando la libertad de movimiento.<\/p>\n\n\n\n<figure class=\"wp-block-embed aligncenter is-type-rich is-provider-instagram wp-block-embed-instagram\"><div class=\"wp-block-embed__wrapper\">\nhttps:\/\/www.instagram.com\/p\/CVViVFblwJm\/?utm_medium=copy_link\n<\/div><\/figure>\n\n\n\n<p><strong>Mandarina.Bike <\/strong>busca convertirse en la red de veh\u00edculos el\u00e9ctricos de dos ruedas m\u00e1s confiable del pa\u00eds a trav\u00e9s de la movilidad urbana. Su concepto se basa en hacer que las personas vivan la alegr\u00eda de fluir y que disfruten la ciudad de una manera diferente, que exploren m\u00e1s caminos, que prueben m\u00e1s cosas nuevas, que vean cada detalle: esos colores y olores que son parte del paisaje y recorrido diario.\u00a0<\/p>\n\n\n\n<p><strong>Juan David Arango<\/strong>, Country Manager de la marca expres\u00f3 el objetivo de este s\u00f3lido proyecto que busca mejorar la calidad de vida del lugar que habitamos dando a conocer opciones de movilidad a trav\u00e9s de una amplia variedad de veh\u00edculos, colores y referencias que se adaptan a cualquier necesidad y gusto.<\/p>\n\n\n\n<p>La tienda adem\u00e1s de encontrarse localizada en uno de los hot spots de la capital mexicana esta dise\u00f1ada bajo un concepto diferente y con un toque que muestra el ecosistema de movilidad el\u00e9ctrica que reflejan la visi\u00f3n de la marca. <strong>MandarinaBike<\/strong> est\u00e1 lista para crear una cultura en movilidad m\u00e1s limpia y disfrutable de la mano de un equipo comprometido con el mismo prop\u00f3sito.<\/p>\n\n\n\n<p><em>\u00ab<\/em><strong><em>M\u00e9xico<\/em> <\/strong><em>est\u00e1 muy cerca de mi coraz\u00f3n, casi lo considero mi segundo hogar, as\u00ed que me siento muy orgullo y estoy muy emocionado de traer lo que m\u00e1s se conoce de <strong>Dinamarca<\/strong>;\u00a0<\/em> <em>nuestra cultura ciclista combinado con el dise\u00f1o dan\u00e9s a <strong>M\u00e9xico<\/strong><\/em>\u201d coment\u00f3 Christian, uno de los fundadores de Mate.<\/p>\n\n\n\n<div class=\"wp-block-image coblocks-animate\"><figure class=\"aligncenter size-large\"><a href=\"https:\/\/i0.wp.com\/zeromagazinemx.wpcomstaging.com\/wp-content\/uploads\/2022\/02\/0e008-mandarina.bike_.jpg?ssl=1\"><img data-recalc-dims=\"1\" decoding=\"async\" src=\"https:\/\/i0.wp.com\/zeromagazinemx.wpcomstaging.com\/wp-content\/uploads\/2022\/02\/0e008-mandarina.bike_.jpg?w=1165&#038;ssl=1\" alt=\"\" class=\"wp-image-58068\" \/><\/a><\/figure><\/div>\n\n\n\n<p>La apertura de la tienda insignia aqu\u00ed, marca un hito en la misi\u00f3n de la marca revolucionando los medios de transporte modernos mediante el dise\u00f1o de las e-bikes plegables m\u00e1s frescas, r\u00e1pidas, vers\u00e1tiles y asequibles del planeta, con una nueva dimensi\u00f3n a la libertad de desplazamiento.<\/p>\n\n\n\n<p>Despu\u00e9s de haber tra\u00eddo MATEs aqu\u00ed en la ciudad, la selva y las playas de Tulum en el \u00faltimo a\u00f1o, Mandarina.bike se dio cuenta de que el h\u00e1bitat natural de MATE es aqu\u00ed ya que, en otros pa\u00edses con terrenos m\u00e1s planos, MATE X puede sentirse como un le\u00f3n en el zool\u00f3gico, en donde no tienes la oportunidad de experimentar su verdadero potencial.&nbsp;<\/p>\n\n\n\n<p>Aqu\u00ed en <strong>M\u00e9xico <\/strong>puedes hacerlo \u00abRODAR\u00bb y experimentar toda su potencia y flexibilidad como en ning\u00fan otro lugar aventur\u00e1ndose fuera de los caminos trillados y experimenten la magia de todos los d\u00edas.<\/p>\n\n\n\n<figure class=\"wp-block-image size-large coblocks-animate\"><a href=\"https:\/\/i0.wp.com\/zeromagazinemx.wpcomstaging.com\/wp-content\/uploads\/2022\/02\/44a57-aspecto-21.jpg?ssl=1\"><img data-recalc-dims=\"1\" decoding=\"async\" src=\"https:\/\/i0.wp.com\/zeromagazinemx.wpcomstaging.com\/wp-content\/uploads\/2022\/02\/44a57-aspecto-21.jpg?w=1165&#038;ssl=1\" alt=\"\" class=\"wp-image-58070\" \/><\/a><\/figure>\n\n\n\n<p><strong>Mandarina.bike<\/strong> esta convencido de que con sus socios locales es s\u00f3lo el comienzo en <strong>M\u00e9xico <\/strong>y esperan seguir ampliando su huella mexicana con m\u00e1s regiones en el futuro y cambiar la forma en que nos movemos juntos.<\/p>\n\n\n\n<p>Finalmente, la marca ofrecer\u00e1 precios competitivos y diferentes m\u00e9todos de pago, as\u00ed como financiaci\u00f3n para hacer m\u00e1s accesible la movilidad el\u00e9ctrica.&nbsp;<\/p>\n\n\n\n<p><strong>Mandarina.bike <\/strong>es un movimiento de libertad, disfrute y diversi\u00f3n, no se trata solo del veh\u00edculo, sino de la emoci\u00f3n que surge en cada uno a lo largo del trayecto.\u00a0<\/p>\n\n\n\n<p class=\"has-text-align-center\">Instagram: @Mandarina.Bike<\/p>\n\n\n\n<p class=\"has-text-align-center\">Facebook: @Mandarina.Bike<\/p>\n\n\n\n<p class=\"has-text-align-center\">YouTube: @MandarinaBike<\/p>\n\n\n\n<p class=\"has-text-align-center\"><a href=\"http:\/\/www.mandarina.bike\">www.mandarina.bike<\/a><\/p>\n\n\n\n\n<!--themify_builder_content-->\n<div id=\"themify_builder_content-58064\" data-postid=\"58064\" class=\"themify_builder_content themify_builder_content-58064 themify_builder tf_clear\">\n    <\/div>\n<!--\/themify_builder_content-->\n","protected":false},"excerpt":{"rendered":"<p>Mandarina.Bike llega a M\u00e9xico con la intenci\u00f3n de transformar la calidad de vida a trav\u00e9s de una movilidad divertida y sostenible Mandarina.Bike celebr\u00f3 la apertura de su primera Flagship store en M\u00e9xico ubicada en la calle de Sonora 180, Col. Hip\u00f3dromo Condesa bajo el concepto de vivir la movilidad de una forma sostenible, divertida y [&hellip;]<\/p>\n","protected":false},"author":2,"featured_media":58067,"comment_status":"open","ping_status":"open","sticky":false,"template":"","format":"standard","meta":{"_jetpack_memberships_contains_paid_content":false,"footnotes":"","jetpack_publicize_message":"Hazlo \"RODAR\"  y vivir la movilidad de una forma sostenible, divertida y libre con Mandarina.Bike ","jetpack_publicize_feature_enabled":true,"jetpack_social_post_already_shared":true,"jetpack_social_options":{"image_generator_settings":{"template":"highway","default_image_id":0,"font":"","enabled":false},"version":2}},"categories":[117],"tags":[6420,4921,6421,6422,144],"class_list":["post-58064","post","type-post","status-publish","format-standard","has-post-thumbnail","hentry","category-entretenimiento","tag-dinamarca","tag-flagship-store","tag-juan-david-arango","tag-mandarina-bike","tag-mexico","has-post-title","has-post-date","has-post-category","has-post-tag","has-post-comment","has-post-author",""],"yoast_head":"<!-- This site is optimized with the Yoast SEO plugin v27.5 - https:\/\/yoast.com\/product\/yoast-seo-wordpress\/ -->\n<title>MANDARINA.BIKE CELEBRA LA APERTURA DE SU PRIMERA FLAGSHIP STORE EN M\u00c9XICO - Zero Magazine<\/title>\n<meta name=\"robots\" content=\"index, follow, max-snippet:-1, max-image-preview:large, max-video-preview:-1\" \/>\n<link rel=\"canonical\" href=\"https:\/\/zeromagazine.mx\/index.php\/2021\/11\/12\/mandarina-bike-celebra-la-apertura-de-su-primera-flagship-store-en-mexico\/\" \/>\n<meta property=\"og:locale\" content=\"es_ES\" \/>\n<meta property=\"og:type\" content=\"article\" \/>\n<meta property=\"og:title\" content=\"MANDARINA.BIKE CELEBRA LA APERTURA DE SU PRIMERA FLAGSHIP STORE EN M\u00c9XICO - Zero Magazine\" \/>\n<meta property=\"og:description\" content=\"Mandarina.Bike llega a M\u00e9xico con la intenci\u00f3n de transformar la calidad de vida a trav\u00e9s de una movilidad divertida y sostenible Mandarina.Bike celebr\u00f3 la apertura de su primera Flagship store en M\u00e9xico ubicada en la calle de Sonora 180, Col. Hip\u00f3dromo Condesa bajo el concepto de vivir la movilidad de una forma sostenible, divertida y [&hellip;]\" \/>\n<meta property=\"og:url\" content=\"https:\/\/zeromagazine.mx\/index.php\/2021\/11\/12\/mandarina-bike-celebra-la-apertura-de-su-primera-flagship-store-en-mexico\/\" \/>\n<meta property=\"og:site_name\" content=\"Zero Magazine\" \/>\n<meta property=\"article:published_time\" content=\"2021-11-12T21:01:13+00:00\" \/>\n<meta name=\"author\" content=\"zeromagazinemx\" \/>\n<meta name=\"twitter:card\" content=\"summary_large_image\" \/>\n<meta name=\"twitter:label1\" content=\"Escrito por\" \/>\n\t<meta name=\"twitter:data1\" content=\"zeromagazinemx\" \/>\n\t<meta name=\"twitter:label2\" content=\"Tiempo de lectura\" \/>\n\t<meta name=\"twitter:data2\" content=\"3 minutos\" \/>\n<script type=\"application\/ld+json\" class=\"yoast-schema-graph\">{\"@context\":\"https:\\\/\\\/schema.org\",\"@graph\":[{\"@type\":\"Article\",\"@id\":\"https:\\\/\\\/zeromagazine.mx\\\/index.php\\\/2021\\\/11\\\/12\\\/mandarina-bike-celebra-la-apertura-de-su-primera-flagship-store-en-mexico\\\/#article\",\"isPartOf\":{\"@id\":\"https:\\\/\\\/zeromagazine.mx\\\/index.php\\\/2021\\\/11\\\/12\\\/mandarina-bike-celebra-la-apertura-de-su-primera-flagship-store-en-mexico\\\/\"},\"author\":{\"name\":\"zeromagazinemx\",\"@id\":\"https:\\\/\\\/zeromagazine.mx\\\/#\\\/schema\\\/person\\\/9aed9f33a7c39af3a348b86d723f7773\"},\"headline\":\"MANDARINA.BIKE CELEBRA LA APERTURA DE SU PRIMERA FLAGSHIP STORE EN M\u00c9XICO\",\"datePublished\":\"2021-11-12T21:01:13+00:00\",\"mainEntityOfPage\":{\"@id\":\"https:\\\/\\\/zeromagazine.mx\\\/index.php\\\/2021\\\/11\\\/12\\\/mandarina-bike-celebra-la-apertura-de-su-primera-flagship-store-en-mexico\\\/\"},\"wordCount\":625,\"commentCount\":0,\"publisher\":{\"@id\":\"https:\\\/\\\/zeromagazine.mx\\\/#organization\"},\"image\":{\"@id\":\"https:\\\/\\\/zeromagazine.mx\\\/index.php\\\/2021\\\/11\\\/12\\\/mandarina-bike-celebra-la-apertura-de-su-primera-flagship-store-en-mexico\\\/#primaryimage\"},\"thumbnailUrl\":\"\",\"keywords\":[\"Dinamarca\",\"Flagship Store\",\"Juan David Arango\",\"Mandarina.Bike\",\"M\u00c9XICO\"],\"articleSection\":[\"Entretenimiento\"],\"inLanguage\":\"es\",\"potentialAction\":[{\"@type\":\"CommentAction\",\"name\":\"Comment\",\"target\":[\"https:\\\/\\\/zeromagazine.mx\\\/index.php\\\/2021\\\/11\\\/12\\\/mandarina-bike-celebra-la-apertura-de-su-primera-flagship-store-en-mexico\\\/#respond\"]}]},{\"@type\":\"WebPage\",\"@id\":\"https:\\\/\\\/zeromagazine.mx\\\/index.php\\\/2021\\\/11\\\/12\\\/mandarina-bike-celebra-la-apertura-de-su-primera-flagship-store-en-mexico\\\/\",\"url\":\"https:\\\/\\\/zeromagazine.mx\\\/index.php\\\/2021\\\/11\\\/12\\\/mandarina-bike-celebra-la-apertura-de-su-primera-flagship-store-en-mexico\\\/\",\"name\":\"MANDARINA.BIKE CELEBRA LA APERTURA DE SU PRIMERA FLAGSHIP STORE EN M\u00c9XICO - Zero Magazine\",\"isPartOf\":{\"@id\":\"https:\\\/\\\/zeromagazine.mx\\\/#website\"},\"primaryImageOfPage\":{\"@id\":\"https:\\\/\\\/zeromagazine.mx\\\/index.php\\\/2021\\\/11\\\/12\\\/mandarina-bike-celebra-la-apertura-de-su-primera-flagship-store-en-mexico\\\/#primaryimage\"},\"image\":{\"@id\":\"https:\\\/\\\/zeromagazine.mx\\\/index.php\\\/2021\\\/11\\\/12\\\/mandarina-bike-celebra-la-apertura-de-su-primera-flagship-store-en-mexico\\\/#primaryimage\"},\"thumbnailUrl\":\"\",\"datePublished\":\"2021-11-12T21:01:13+00:00\",\"breadcrumb\":{\"@id\":\"https:\\\/\\\/zeromagazine.mx\\\/index.php\\\/2021\\\/11\\\/12\\\/mandarina-bike-celebra-la-apertura-de-su-primera-flagship-store-en-mexico\\\/#breadcrumb\"},\"inLanguage\":\"es\",\"potentialAction\":[{\"@type\":\"ReadAction\",\"target\":[\"https:\\\/\\\/zeromagazine.mx\\\/index.php\\\/2021\\\/11\\\/12\\\/mandarina-bike-celebra-la-apertura-de-su-primera-flagship-store-en-mexico\\\/\"]}]},{\"@type\":\"ImageObject\",\"inLanguage\":\"es\",\"@id\":\"https:\\\/\\\/zeromagazine.mx\\\/index.php\\\/2021\\\/11\\\/12\\\/mandarina-bike-celebra-la-apertura-de-su-primera-flagship-store-en-mexico\\\/#primaryimage\",\"url\":\"\",\"contentUrl\":\"\"},{\"@type\":\"BreadcrumbList\",\"@id\":\"https:\\\/\\\/zeromagazine.mx\\\/index.php\\\/2021\\\/11\\\/12\\\/mandarina-bike-celebra-la-apertura-de-su-primera-flagship-store-en-mexico\\\/#breadcrumb\",\"itemListElement\":[{\"@type\":\"ListItem\",\"position\":1,\"name\":\"Portada\",\"item\":\"https:\\\/\\\/zeromagazine.mx\\\/\"},{\"@type\":\"ListItem\",\"position\":2,\"name\":\"MANDARINA.BIKE CELEBRA LA APERTURA DE SU PRIMERA FLAGSHIP STORE EN M\u00c9XICO\"}]},{\"@type\":\"WebSite\",\"@id\":\"https:\\\/\\\/zeromagazine.mx\\\/#website\",\"url\":\"https:\\\/\\\/zeromagazine.mx\\\/\",\"name\":\"Zero Magazine\",\"description\":\"\",\"publisher\":{\"@id\":\"https:\\\/\\\/zeromagazine.mx\\\/#organization\"},\"potentialAction\":[{\"@type\":\"SearchAction\",\"target\":{\"@type\":\"EntryPoint\",\"urlTemplate\":\"https:\\\/\\\/zeromagazine.mx\\\/?s={search_term_string}\"},\"query-input\":{\"@type\":\"PropertyValueSpecification\",\"valueRequired\":true,\"valueName\":\"search_term_string\"}}],\"inLanguage\":\"es\"},{\"@type\":\"Organization\",\"@id\":\"https:\\\/\\\/zeromagazine.mx\\\/#organization\",\"name\":\"Zero Magazine\",\"url\":\"https:\\\/\\\/zeromagazine.mx\\\/\",\"logo\":{\"@type\":\"ImageObject\",\"inLanguage\":\"es\",\"@id\":\"https:\\\/\\\/zeromagazine.mx\\\/#\\\/schema\\\/logo\\\/image\\\/\",\"url\":\"https:\\\/\\\/i0.wp.com\\\/zeromagazine.mx\\\/wp-content\\\/uploads\\\/2025\\\/11\\\/1.jpeg?fit=1000%2C1000&ssl=1\",\"contentUrl\":\"https:\\\/\\\/i0.wp.com\\\/zeromagazine.mx\\\/wp-content\\\/uploads\\\/2025\\\/11\\\/1.jpeg?fit=1000%2C1000&ssl=1\",\"width\":1000,\"height\":1000,\"caption\":\"Zero Magazine\"},\"image\":{\"@id\":\"https:\\\/\\\/zeromagazine.mx\\\/#\\\/schema\\\/logo\\\/image\\\/\"},\"sameAs\":[\"https:\\\/\\\/instagram.com\\\/zeromagazinemx\"]},{\"@type\":\"Person\",\"@id\":\"https:\\\/\\\/zeromagazine.mx\\\/#\\\/schema\\\/person\\\/9aed9f33a7c39af3a348b86d723f7773\",\"name\":\"zeromagazinemx\",\"image\":{\"@type\":\"ImageObject\",\"inLanguage\":\"es\",\"@id\":\"https:\\\/\\\/zeromagazine.mx\\\/wp-content\\\/litespeed\\\/avatar\\\/f91dfe5410d5dcb1a576bf8c45983896.jpg?ver=1777571230\",\"url\":\"https:\\\/\\\/zeromagazine.mx\\\/wp-content\\\/litespeed\\\/avatar\\\/f91dfe5410d5dcb1a576bf8c45983896.jpg?ver=1777571230\",\"contentUrl\":\"https:\\\/\\\/zeromagazine.mx\\\/wp-content\\\/litespeed\\\/avatar\\\/f91dfe5410d5dcb1a576bf8c45983896.jpg?ver=1777571230\",\"caption\":\"zeromagazinemx\"},\"url\":\"https:\\\/\\\/zeromagazine.mx\\\/index.php\\\/author\\\/zeromagazinemx\\\/\"}]}<\/script>\n<!-- \/ Yoast SEO plugin. -->","yoast_head_json":{"title":"MANDARINA.BIKE CELEBRA LA APERTURA DE SU PRIMERA FLAGSHIP STORE EN M\u00c9XICO - Zero Magazine","robots":{"index":"index","follow":"follow","max-snippet":"max-snippet:-1","max-image-preview":"max-image-preview:large","max-video-preview":"max-video-preview:-1"},"canonical":"https:\/\/zeromagazine.mx\/index.php\/2021\/11\/12\/mandarina-bike-celebra-la-apertura-de-su-primera-flagship-store-en-mexico\/","og_locale":"es_ES","og_type":"article","og_title":"MANDARINA.BIKE CELEBRA LA APERTURA DE SU PRIMERA FLAGSHIP STORE EN M\u00c9XICO - Zero Magazine","og_description":"Mandarina.Bike llega a M\u00e9xico con la intenci\u00f3n de transformar la calidad de vida a trav\u00e9s de una movilidad divertida y sostenible Mandarina.Bike celebr\u00f3 la apertura de su primera Flagship store en M\u00e9xico ubicada en la calle de Sonora 180, Col. Hip\u00f3dromo Condesa bajo el concepto de vivir la movilidad de una forma sostenible, divertida y [&hellip;]","og_url":"https:\/\/zeromagazine.mx\/index.php\/2021\/11\/12\/mandarina-bike-celebra-la-apertura-de-su-primera-flagship-store-en-mexico\/","og_site_name":"Zero Magazine","article_published_time":"2021-11-12T21:01:13+00:00","author":"zeromagazinemx","twitter_card":"summary_large_image","twitter_misc":{"Escrito por":"zeromagazinemx","Tiempo de lectura":"3 minutos"},"schema":{"@context":"https:\/\/schema.org","@graph":[{"@type":"Article","@id":"https:\/\/zeromagazine.mx\/index.php\/2021\/11\/12\/mandarina-bike-celebra-la-apertura-de-su-primera-flagship-store-en-mexico\/#article","isPartOf":{"@id":"https:\/\/zeromagazine.mx\/index.php\/2021\/11\/12\/mandarina-bike-celebra-la-apertura-de-su-primera-flagship-store-en-mexico\/"},"author":{"name":"zeromagazinemx","@id":"https:\/\/zeromagazine.mx\/#\/schema\/person\/9aed9f33a7c39af3a348b86d723f7773"},"headline":"MANDARINA.BIKE CELEBRA LA APERTURA DE SU PRIMERA FLAGSHIP STORE EN M\u00c9XICO","datePublished":"2021-11-12T21:01:13+00:00","mainEntityOfPage":{"@id":"https:\/\/zeromagazine.mx\/index.php\/2021\/11\/12\/mandarina-bike-celebra-la-apertura-de-su-primera-flagship-store-en-mexico\/"},"wordCount":625,"commentCount":0,"publisher":{"@id":"https:\/\/zeromagazine.mx\/#organization"},"image":{"@id":"https:\/\/zeromagazine.mx\/index.php\/2021\/11\/12\/mandarina-bike-celebra-la-apertura-de-su-primera-flagship-store-en-mexico\/#primaryimage"},"thumbnailUrl":"","keywords":["Dinamarca","Flagship Store","Juan David Arango","Mandarina.Bike","M\u00c9XICO"],"articleSection":["Entretenimiento"],"inLanguage":"es","potentialAction":[{"@type":"CommentAction","name":"Comment","target":["https:\/\/zeromagazine.mx\/index.php\/2021\/11\/12\/mandarina-bike-celebra-la-apertura-de-su-primera-flagship-store-en-mexico\/#respond"]}]},{"@type":"WebPage","@id":"https:\/\/zeromagazine.mx\/index.php\/2021\/11\/12\/mandarina-bike-celebra-la-apertura-de-su-primera-flagship-store-en-mexico\/","url":"https:\/\/zeromagazine.mx\/index.php\/2021\/11\/12\/mandarina-bike-celebra-la-apertura-de-su-primera-flagship-store-en-mexico\/","name":"MANDARINA.BIKE CELEBRA LA APERTURA DE SU PRIMERA FLAGSHIP STORE EN M\u00c9XICO - Zero Magazine","isPartOf":{"@id":"https:\/\/zeromagazine.mx\/#website"},"primaryImageOfPage":{"@id":"https:\/\/zeromagazine.mx\/index.php\/2021\/11\/12\/mandarina-bike-celebra-la-apertura-de-su-primera-flagship-store-en-mexico\/#primaryimage"},"image":{"@id":"https:\/\/zeromagazine.mx\/index.php\/2021\/11\/12\/mandarina-bike-celebra-la-apertura-de-su-primera-flagship-store-en-mexico\/#primaryimage"},"thumbnailUrl":"","datePublished":"2021-11-12T21:01:13+00:00","breadcrumb":{"@id":"https:\/\/zeromagazine.mx\/index.php\/2021\/11\/12\/mandarina-bike-celebra-la-apertura-de-su-primera-flagship-store-en-mexico\/#breadcrumb"},"inLanguage":"es","potentialAction":[{"@type":"ReadAction","target":["https:\/\/zeromagazine.mx\/index.php\/2021\/11\/12\/mandarina-bike-celebra-la-apertura-de-su-primera-flagship-store-en-mexico\/"]}]},{"@type":"ImageObject","inLanguage":"es","@id":"https:\/\/zeromagazine.mx\/index.php\/2021\/11\/12\/mandarina-bike-celebra-la-apertura-de-su-primera-flagship-store-en-mexico\/#primaryimage","url":"","contentUrl":""},{"@type":"BreadcrumbList","@id":"https:\/\/zeromagazine.mx\/index.php\/2021\/11\/12\/mandarina-bike-celebra-la-apertura-de-su-primera-flagship-store-en-mexico\/#breadcrumb","itemListElement":[{"@type":"ListItem","position":1,"name":"Portada","item":"https:\/\/zeromagazine.mx\/"},{"@type":"ListItem","position":2,"name":"MANDARINA.BIKE CELEBRA LA APERTURA DE SU PRIMERA FLAGSHIP STORE EN M\u00c9XICO"}]},{"@type":"WebSite","@id":"https:\/\/zeromagazine.mx\/#website","url":"https:\/\/zeromagazine.mx\/","name":"Zero Magazine","description":"","publisher":{"@id":"https:\/\/zeromagazine.mx\/#organization"},"potentialAction":[{"@type":"SearchAction","target":{"@type":"EntryPoint","urlTemplate":"https:\/\/zeromagazine.mx\/?s={search_term_string}"},"query-input":{"@type":"PropertyValueSpecification","valueRequired":true,"valueName":"search_term_string"}}],"inLanguage":"es"},{"@type":"Organization","@id":"https:\/\/zeromagazine.mx\/#organization","name":"Zero Magazine","url":"https:\/\/zeromagazine.mx\/","logo":{"@type":"ImageObject","inLanguage":"es","@id":"https:\/\/zeromagazine.mx\/#\/schema\/logo\/image\/","url":"https:\/\/i0.wp.com\/zeromagazine.mx\/wp-content\/uploads\/2025\/11\/1.jpeg?fit=1000%2C1000&ssl=1","contentUrl":"https:\/\/i0.wp.com\/zeromagazine.mx\/wp-content\/uploads\/2025\/11\/1.jpeg?fit=1000%2C1000&ssl=1","width":1000,"height":1000,"caption":"Zero Magazine"},"image":{"@id":"https:\/\/zeromagazine.mx\/#\/schema\/logo\/image\/"},"sameAs":["https:\/\/instagram.com\/zeromagazinemx"]},{"@type":"Person","@id":"https:\/\/zeromagazine.mx\/#\/schema\/person\/9aed9f33a7c39af3a348b86d723f7773","name":"zeromagazinemx","image":{"@type":"ImageObject","inLanguage":"es","@id":"https:\/\/zeromagazine.mx\/wp-content\/litespeed\/avatar\/f91dfe5410d5dcb1a576bf8c45983896.jpg?ver=1777571230","url":"https:\/\/zeromagazine.mx\/wp-content\/litespeed\/avatar\/f91dfe5410d5dcb1a576bf8c45983896.jpg?ver=1777571230","contentUrl":"https:\/\/zeromagazine.mx\/wp-content\/litespeed\/avatar\/f91dfe5410d5dcb1a576bf8c45983896.jpg?ver=1777571230","caption":"zeromagazinemx"},"url":"https:\/\/zeromagazine.mx\/index.php\/author\/zeromagazinemx\/"}]}},"jetpack_publicize_connections":[],"jetpack_featured_media_url":"","jetpack-related-posts":[{"id":54219,"url":"https:\/\/zeromagazine.mx\/index.php\/2021\/09\/10\/lust-estrena-flagship-store-en-polanco\/","url_meta":{"origin":58064,"position":0},"title":"LUST estrena flagship store en Polanco","author":"zeromagazinemx","date":"10 de septiembre de 2021","format":false,"excerpt":"LUST, la marca latinoamericana de sneakers y streetwear estrena flagship store en Polanco a partir de este mes. Por Mayra Torres La marca mexicana de sneakers Lust, llega con su primera flagship store en una de las avenidas m\u00e1s importantes de la Ciudad de M\u00e9xico, que ser\u00e1 una de las\u2026","rel":"","context":"En \u00abLifestyle\u00bb","block_context":{"text":"Lifestyle","link":"https:\/\/zeromagazine.mx\/index.php\/category\/lifestyle\/"},"img":{"alt_text":"","src":"","width":0,"height":0},"classes":[]},{"id":93193,"url":"https:\/\/zeromagazine.mx\/index.php\/2024\/12\/16\/mesas-chulas-momentos-memorables\/","url_meta":{"origin":58064,"position":1},"title":"Mesas Chulas, Momentos Memorables","author":"zeromagazinemx","date":"16 de diciembre de 2024","format":false,"excerpt":"Mesas chulas para celebrar Mesas chulas para celebrar esta temporada llegan con nuevos dise\u00f1os. Descubre Zash, la marca que revolucion\u00f3 el tablescaping en M\u00e9xico, trae con la apertura de su primera tienda f\u00edsica en CDMX. Si alguna vez so\u00f1aste con una mesa que pareciera salida de Pinterest o de una\u2026","rel":"","context":"En \u00abDise\u00f1o\u00bb","block_context":{"text":"Dise\u00f1o","link":"https:\/\/zeromagazine.mx\/index.php\/category\/diseno\/"},"img":{"alt_text":"","src":"https:\/\/i0.wp.com\/zeromagazine.mx\/wp-content\/uploads\/2024\/12\/MG_0551-scaled.jpg?fit=1200%2C800&ssl=1&resize=350%2C200","width":350,"height":200,"srcset":"https:\/\/i0.wp.com\/zeromagazine.mx\/wp-content\/uploads\/2024\/12\/MG_0551-scaled.jpg?fit=1200%2C800&ssl=1&resize=350%2C200 1x, https:\/\/i0.wp.com\/zeromagazine.mx\/wp-content\/uploads\/2024\/12\/MG_0551-scaled.jpg?fit=1200%2C800&ssl=1&resize=525%2C300 1.5x, https:\/\/i0.wp.com\/zeromagazine.mx\/wp-content\/uploads\/2024\/12\/MG_0551-scaled.jpg?fit=1200%2C800&ssl=1&resize=700%2C400 2x, https:\/\/i0.wp.com\/zeromagazine.mx\/wp-content\/uploads\/2024\/12\/MG_0551-scaled.jpg?fit=1200%2C800&ssl=1&resize=1050%2C600 3x"},"classes":[]},{"id":75904,"url":"https:\/\/zeromagazine.mx\/index.php\/2024\/05\/14\/explora-el-huawei-pura-70\/","url_meta":{"origin":58064,"position":2},"title":"\u00a1Explora el HUAWEI Pura 70!","author":"zeromagazinemx","date":"14 de mayo de 2024","format":false,"excerpt":"\u00a1Tengo que compartirles las \u00faltimas noticias! As\u00ed que, \u00bfqu\u00e9 planes tienen este mi\u00e9rcoles 15 de mayo? Porque si est\u00e1n en la Ciudad de M\u00e9xico, \u00a1no se pueden perder el lanzamiento del nuevo HUAWEI Pura 70 en la Flagship Store de Masaryk en Polanco! Prep\u00e1rense para sumergirse en el mundo de\u2026","rel":"","context":"En \u00abGadgets\u00bb","block_context":{"text":"Gadgets","link":"https:\/\/zeromagazine.mx\/index.php\/category\/tech\/gadgets\/"},"img":{"alt_text":"","src":"https:\/\/i0.wp.com\/zeromagazine.mx\/wp-content\/uploads\/2024\/05\/image002-4.png?resize=350%2C200&ssl=1","width":350,"height":200},"classes":[]},{"id":89751,"url":"https:\/\/zeromagazine.mx\/index.php\/2024\/11\/07\/charles-leclerc-el-nuevo-embajador-puma\/","url_meta":{"origin":58064,"position":3},"title":"\u00abCharles Leclerc: El Nuevo Embajador PUMA\u00bb","author":"zeromagazinemx","date":"7 de noviembre de 2024","format":false,"excerpt":"\u00a1Chicxs! PUMA acaba de hacerla grande al arrancar las celebraciones del Gran Premio de M\u00e9xico con un invitado de lujo, el mism\u00edsimo Charles Leclerc, piloto estrella de la escuder\u00eda Ferrari. Y, claro, lo hicieron en grande con una visita s\u00faper \u00e9pica a la PUMA Flagship Store Madero, que es la\u2026","rel":"","context":"En \u00abModa\u00bb","block_context":{"text":"Moda","link":"https:\/\/zeromagazine.mx\/index.php\/category\/moda\/"},"img":{"alt_text":"","src":"https:\/\/i0.wp.com\/zeromagazine.mx\/wp-content\/uploads\/2024\/11\/unnamed-70-scaled.jpg?fit=1200%2C800&ssl=1&resize=350%2C200","width":350,"height":200,"srcset":"https:\/\/i0.wp.com\/zeromagazine.mx\/wp-content\/uploads\/2024\/11\/unnamed-70-scaled.jpg?fit=1200%2C800&ssl=1&resize=350%2C200 1x, https:\/\/i0.wp.com\/zeromagazine.mx\/wp-content\/uploads\/2024\/11\/unnamed-70-scaled.jpg?fit=1200%2C800&ssl=1&resize=525%2C300 1.5x, https:\/\/i0.wp.com\/zeromagazine.mx\/wp-content\/uploads\/2024\/11\/unnamed-70-scaled.jpg?fit=1200%2C800&ssl=1&resize=700%2C400 2x, https:\/\/i0.wp.com\/zeromagazine.mx\/wp-content\/uploads\/2024\/11\/unnamed-70-scaled.jpg?fit=1200%2C800&ssl=1&resize=1050%2C600 3x"},"classes":[]},{"id":109902,"url":"https:\/\/zeromagazine.mx\/index.php\/2025\/11\/03\/liderazgo-femenino-puma-aston-martin\/","url_meta":{"origin":58064,"position":4},"title":"Liderazgo femenino que rompe barreras","author":"zeromagazinemx","date":"3 de noviembre de 2025","format":false,"excerpt":"Liderazgo femenino en acci\u00f3n: cuando la pista se transforma en inspiraci\u00f3n El pasado 23 de octubre, la Flagship Store de PUMA en Ciudad de M\u00e9xico se convirti\u00f3 en el epicentro de una conversaci\u00f3n que todos necesit\u00e1bamos escuchar. \u201cShe Leads the Way\u201d, el panel presentado por PUMA y Aston Martin Aramco\u2026","rel":"","context":"En \u00abModa\u00bb","block_context":{"text":"Moda","link":"https:\/\/zeromagazine.mx\/index.php\/category\/moda\/"},"img":{"alt_text":"","src":"https:\/\/i0.wp.com\/zeromagazine.mx\/wp-content\/uploads\/2025\/11\/IMG_0303-scaled.jpg?fit=1200%2C800&ssl=1&resize=350%2C200","width":350,"height":200,"srcset":"https:\/\/i0.wp.com\/zeromagazine.mx\/wp-content\/uploads\/2025\/11\/IMG_0303-scaled.jpg?fit=1200%2C800&ssl=1&resize=350%2C200 1x, https:\/\/i0.wp.com\/zeromagazine.mx\/wp-content\/uploads\/2025\/11\/IMG_0303-scaled.jpg?fit=1200%2C800&ssl=1&resize=525%2C300 1.5x, https:\/\/i0.wp.com\/zeromagazine.mx\/wp-content\/uploads\/2025\/11\/IMG_0303-scaled.jpg?fit=1200%2C800&ssl=1&resize=700%2C400 2x, https:\/\/i0.wp.com\/zeromagazine.mx\/wp-content\/uploads\/2025\/11\/IMG_0303-scaled.jpg?fit=1200%2C800&ssl=1&resize=1050%2C600 3x"},"classes":[]},{"id":88457,"url":"https:\/\/zeromagazine.mx\/index.php\/2024\/10\/25\/lentes-iunok-lujo-personalizado-total\/","url_meta":{"origin":58064,"position":5},"title":"\u00abLentes IUNOK: Lujo Personalizado Total\u00bb","author":"zeromagazinemx","date":"25 de octubre de 2024","format":false,"excerpt":"Si andas buscando los lentes m\u00e1s cool, tech y sostenibles que hagan match con tu estilo, d\u00e9jame contarte sobre la \u00faltima bomba en la CDMX: \u00a1la flagship store de IUNOK en la Roma Norte! El pasado jueves 17 de octubre, esta nueva marca de tecnolog\u00eda visual abri\u00f3 sus puertas al\u2026","rel":"","context":"En \u00abTech\u00bb","block_context":{"text":"Tech","link":"https:\/\/zeromagazine.mx\/index.php\/category\/tech\/"},"img":{"alt_text":"","src":"https:\/\/i0.wp.com\/zeromagazine.mx\/wp-content\/uploads\/2024\/10\/Copia-de-_2144721-scaled.jpg?fit=1200%2C674&ssl=1&resize=350%2C200","width":350,"height":200,"srcset":"https:\/\/i0.wp.com\/zeromagazine.mx\/wp-content\/uploads\/2024\/10\/Copia-de-_2144721-scaled.jpg?fit=1200%2C674&ssl=1&resize=350%2C200 1x, https:\/\/i0.wp.com\/zeromagazine.mx\/wp-content\/uploads\/2024\/10\/Copia-de-_2144721-scaled.jpg?fit=1200%2C674&ssl=1&resize=525%2C300 1.5x, https:\/\/i0.wp.com\/zeromagazine.mx\/wp-content\/uploads\/2024\/10\/Copia-de-_2144721-scaled.jpg?fit=1200%2C674&ssl=1&resize=700%2C400 2x, https:\/\/i0.wp.com\/zeromagazine.mx\/wp-content\/uploads\/2024\/10\/Copia-de-_2144721-scaled.jpg?fit=1200%2C674&ssl=1&resize=1050%2C600 3x"},"classes":[]}],"jetpack_sharing_enabled":true,"builder_content":"","_links":{"self":[{"href":"https:\/\/zeromagazine.mx\/index.php\/wp-json\/wp\/v2\/posts\/58064","targetHints":{"allow":["GET"]}}],"collection":[{"href":"https:\/\/zeromagazine.mx\/index.php\/wp-json\/wp\/v2\/posts"}],"about":[{"href":"https:\/\/zeromagazine.mx\/index.php\/wp-json\/wp\/v2\/types\/post"}],"author":[{"embeddable":true,"href":"https:\/\/zeromagazine.mx\/index.php\/wp-json\/wp\/v2\/users\/2"}],"replies":[{"embeddable":true,"href":"https:\/\/zeromagazine.mx\/index.php\/wp-json\/wp\/v2\/comments?post=58064"}],"version-history":[{"count":0,"href":"https:\/\/zeromagazine.mx\/index.php\/wp-json\/wp\/v2\/posts\/58064\/revisions"}],"wp:featuredmedia":[{"embeddable":true,"href":"https:\/\/zeromagazine.mx\/index.php\/wp-json\/"}],"wp:attachment":[{"href":"https:\/\/zeromagazine.mx\/index.php\/wp-json\/wp\/v2\/media?parent=58064"}],"wp:term":[{"taxonomy":"category","embeddable":true,"href":"https:\/\/zeromagazine.mx\/index.php\/wp-json\/wp\/v2\/categories?post=58064"},{"taxonomy":"post_tag","embeddable":true,"href":"https:\/\/zeromagazine.mx\/index.php\/wp-json\/wp\/v2\/tags?post=58064"}],"curies":[{"name":"wp","href":"https:\/\/api.w.org\/{rel}","templated":true}]}}