{"id":58079,"date":"2021-11-13T10:00:02","date_gmt":"2021-11-13T16:00:02","guid":{"rendered":"https:\/\/atomic-temporary-84115225.wpcomstaging.com\/?p=58079"},"modified":"2021-11-13T10:00:02","modified_gmt":"2021-11-13T16:00:02","slug":"farruko-inaugurara-el-primer-concierto-de-live-on-max","status":"publish","type":"post","link":"https:\/\/zeromagazine.mx\/index.php\/2021\/11\/13\/farruko-inaugurara-el-primer-concierto-de-live-on-max\/","title":{"rendered":"Farruko inaugurar\u00e1 el primer concierto de Live on Max"},"content":{"rendered":"\n<p>A partir de hoy s\u00e1bado 13 de noviembre comienza la primera transmisi\u00f3n del show <strong>LIVE ON MAX<\/strong> con uno de los cantantes m\u00e1s destacados del momento en la m\u00fasica latina, <strong>Farruko<\/strong>. <\/p>\n\n\n\n<figure class=\"aligncenter\"><div class=\"wp-block-embed__wrapper\">\nhttps:\/\/videopress.com\/v\/GaOhsu4I?resizeToParent=true&#038;cover=true&#038;preloadContent=metadata\n<\/div><\/figure>\n\n\n\n<div class=\"wp-block-buttons is-layout-flex wp-block-buttons-is-layout-flex\">\n<div class=\"wp-block-button is-style-outline is-style-outline--1\"><a class=\"wp-block-button__link\">Por Itzel Rubio<\/a><\/div>\n<\/div>\n\n\n\n<p><strong>Farruko<\/strong>, cuenta con 8 \u00e1lbumes de estudio que le han dado un incre\u00edble reconocimiento internacional como uno de los mejores reggaetoneros de la actualidad, gracias a todo su trabajo, su m\u00fasica y su \u00e9xito le han brindado la oportunidad de realizar colaboraciones con artistas de diversos g\u00e9neros; trayectoria que podemos ver en <strong>HBO<\/strong> con \u2018<strong>Farruko: En Letra de Otro<\/strong>\u2019. <\/p>\n\n\n\n<p>El dos veces ganador del <strong>Latin GRAMMY<\/strong>, ser\u00e1 el encargado de inaugurar la primera emisi\u00f3n de seis conciertos en vivo exclusivamente por <strong>HBO Max<\/strong>. Los cuales podremos disfrutar a partir de las 8:00 pm <strong>M\u00e9xico<\/strong> \/ 9:00 pm <strong>Miami<\/strong> \/ 11:00 pm <strong>Argentina<\/strong>, para vibrar con su m\u00fasica y talento. <\/p>\n\n\n\n<figure class=\"wp-block-embed aligncenter is-type-rich is-provider-instagram wp-block-embed-instagram\"><div class=\"wp-block-embed__wrapper\">\nhttps:\/\/www.instagram.com\/tv\/CWHKas1hRes\/?utm_medium=copy_link\n<\/div><\/figure>\n\n\n\n\n\n<p>Este nuevo formato de <strong>LIVE ON MAX<\/strong> es una iniciativa en <strong>WarnerMedia<\/strong> <strong>Latin America<\/strong> en alianza con <strong>Sony Music US Latin<\/strong>, que ofrecen un puente de conexi\u00f3n 360 nunca visto, donde los suscriptores tendr\u00e1n la oportunidad de disfrutar un show musical de la m\u00e1s alta calidad en vivo y en directo. <\/p>\n\n\n\n<p>Sin duda una oportunidad totalmente llamativa y nueva para nosotros. \u00bfYa te encuentras preparado para disfrutar de este nuevo formato?<\/p>\n\n\n\n<p class=\"has-text-align-center\"><strong>Sigue a Itzel Rubio en:<\/strong><\/p>\n\n\n\n<p class=\"has-text-align-center\"><strong>Instagramr: <\/strong><a href=\"https:\/\/instagram.com\/itza.rubio_?utm_medium=copy_link\">@itza.rubio_<\/a><\/p>\n\n\n\n\n<!--themify_builder_content-->\n<div id=\"themify_builder_content-58079\" data-postid=\"58079\" class=\"themify_builder_content themify_builder_content-58079 themify_builder tf_clear\">\n    <\/div>\n<!--\/themify_builder_content-->\n","protected":false},"excerpt":{"rendered":"<p>A partir de hoy s\u00e1bado 13 de noviembre comienza la primera transmisi\u00f3n del show LIVE ON MAX con uno de los cantantes m\u00e1s destacados del momento en la m\u00fasica latina, Farruko. Farruko, cuenta con 8 \u00e1lbumes de estudio que le han dado un incre\u00edble reconocimiento internacional como uno de los mejores reggaetoneros de la actualidad, [&hellip;]<\/p>\n","protected":false},"author":2,"featured_media":58076,"comment_status":"open","ping_status":"open","sticky":false,"template":"","format":"standard","meta":{"_jetpack_memberships_contains_paid_content":false,"footnotes":"","jetpack_publicize_message":"Hoy comienzo la primera transmisi\u00f3n del show LIVE ON, donde Farruko estuvo tocando en vivo para toda Latinoamerica","jetpack_publicize_feature_enabled":true,"jetpack_social_post_already_shared":true,"jetpack_social_options":{"image_generator_settings":{"template":"highway","default_image_id":0,"font":"","enabled":false},"version":2}},"categories":[117],"tags":[5488,4763,6423,865,697,372,6424,144,2983,6425,6426],"class_list":["post-58079","post","type-post","status-publish","format-standard","has-post-thumbnail","hentry","category-entretenimiento","tag-argentina","tag-farruko","tag-farruko-en-letra-de-otro","tag-hbo","tag-hbo-max","tag-latin-grammy","tag-live-on-max","tag-mexico","tag-miami","tag-sony-music-us-latin","tag-warnermedia-latin-america","has-post-title","has-post-date","has-post-category","has-post-tag","has-post-comment","has-post-author",""],"yoast_head":"<!-- This site is optimized with the Yoast SEO plugin v27.5 - https:\/\/yoast.com\/product\/yoast-seo-wordpress\/ -->\n<title>Farruko inaugurar\u00e1 el primer concierto de Live on Max - Zero Magazine<\/title>\n<meta name=\"robots\" content=\"index, follow, max-snippet:-1, max-image-preview:large, max-video-preview:-1\" \/>\n<link rel=\"canonical\" href=\"https:\/\/zeromagazine.mx\/index.php\/2021\/11\/13\/farruko-inaugurara-el-primer-concierto-de-live-on-max\/\" \/>\n<meta property=\"og:locale\" content=\"es_ES\" \/>\n<meta property=\"og:type\" content=\"article\" \/>\n<meta property=\"og:title\" content=\"Farruko inaugurar\u00e1 el primer concierto de Live on Max - Zero Magazine\" \/>\n<meta property=\"og:description\" content=\"A partir de hoy s\u00e1bado 13 de noviembre comienza la primera transmisi\u00f3n del show LIVE ON MAX con uno de los cantantes m\u00e1s destacados del momento en la m\u00fasica latina, Farruko. Farruko, cuenta con 8 \u00e1lbumes de estudio que le han dado un incre\u00edble reconocimiento internacional como uno de los mejores reggaetoneros de la actualidad, [&hellip;]\" \/>\n<meta property=\"og:url\" content=\"https:\/\/zeromagazine.mx\/index.php\/2021\/11\/13\/farruko-inaugurara-el-primer-concierto-de-live-on-max\/\" \/>\n<meta property=\"og:site_name\" content=\"Zero Magazine\" \/>\n<meta property=\"article:published_time\" content=\"2021-11-13T16:00:02+00:00\" \/>\n<meta name=\"author\" content=\"zeromagazinemx\" \/>\n<meta name=\"twitter:card\" content=\"summary_large_image\" \/>\n<meta name=\"twitter:label1\" content=\"Escrito por\" \/>\n\t<meta name=\"twitter:data1\" content=\"zeromagazinemx\" \/>\n\t<meta name=\"twitter:label2\" content=\"Tiempo de lectura\" \/>\n\t<meta name=\"twitter:data2\" content=\"1 minuto\" \/>\n<script type=\"application\/ld+json\" class=\"yoast-schema-graph\">{\"@context\":\"https:\\\/\\\/schema.org\",\"@graph\":[{\"@type\":\"Article\",\"@id\":\"https:\\\/\\\/zeromagazine.mx\\\/index.php\\\/2021\\\/11\\\/13\\\/farruko-inaugurara-el-primer-concierto-de-live-on-max\\\/#article\",\"isPartOf\":{\"@id\":\"https:\\\/\\\/zeromagazine.mx\\\/index.php\\\/2021\\\/11\\\/13\\\/farruko-inaugurara-el-primer-concierto-de-live-on-max\\\/\"},\"author\":{\"name\":\"zeromagazinemx\",\"@id\":\"https:\\\/\\\/zeromagazine.mx\\\/#\\\/schema\\\/person\\\/9aed9f33a7c39af3a348b86d723f7773\"},\"headline\":\"Farruko inaugurar\u00e1 el primer concierto de Live on Max\",\"datePublished\":\"2021-11-13T16:00:02+00:00\",\"mainEntityOfPage\":{\"@id\":\"https:\\\/\\\/zeromagazine.mx\\\/index.php\\\/2021\\\/11\\\/13\\\/farruko-inaugurara-el-primer-concierto-de-live-on-max\\\/\"},\"wordCount\":261,\"commentCount\":0,\"publisher\":{\"@id\":\"https:\\\/\\\/zeromagazine.mx\\\/#organization\"},\"image\":{\"@id\":\"https:\\\/\\\/zeromagazine.mx\\\/index.php\\\/2021\\\/11\\\/13\\\/farruko-inaugurara-el-primer-concierto-de-live-on-max\\\/#primaryimage\"},\"thumbnailUrl\":\"\",\"keywords\":[\"Argentina\",\"Farruko\",\"Farruko: En Letra de Otro\",\"HBO\",\"HBO MAX\",\"\u200c\u200cLatin\u200c\u00a0\u200cGRAMMY\u200c\",\"LIVE ON MAX\",\"M\u00c9XICO\",\"Miami\",\"Sony Music US Latin\",\"WarnerMedia Latin America\"],\"articleSection\":[\"Entretenimiento\"],\"inLanguage\":\"es\",\"potentialAction\":[{\"@type\":\"CommentAction\",\"name\":\"Comment\",\"target\":[\"https:\\\/\\\/zeromagazine.mx\\\/index.php\\\/2021\\\/11\\\/13\\\/farruko-inaugurara-el-primer-concierto-de-live-on-max\\\/#respond\"]}]},{\"@type\":\"WebPage\",\"@id\":\"https:\\\/\\\/zeromagazine.mx\\\/index.php\\\/2021\\\/11\\\/13\\\/farruko-inaugurara-el-primer-concierto-de-live-on-max\\\/\",\"url\":\"https:\\\/\\\/zeromagazine.mx\\\/index.php\\\/2021\\\/11\\\/13\\\/farruko-inaugurara-el-primer-concierto-de-live-on-max\\\/\",\"name\":\"Farruko inaugurar\u00e1 el primer concierto de Live on Max - Zero Magazine\",\"isPartOf\":{\"@id\":\"https:\\\/\\\/zeromagazine.mx\\\/#website\"},\"primaryImageOfPage\":{\"@id\":\"https:\\\/\\\/zeromagazine.mx\\\/index.php\\\/2021\\\/11\\\/13\\\/farruko-inaugurara-el-primer-concierto-de-live-on-max\\\/#primaryimage\"},\"image\":{\"@id\":\"https:\\\/\\\/zeromagazine.mx\\\/index.php\\\/2021\\\/11\\\/13\\\/farruko-inaugurara-el-primer-concierto-de-live-on-max\\\/#primaryimage\"},\"thumbnailUrl\":\"\",\"datePublished\":\"2021-11-13T16:00:02+00:00\",\"breadcrumb\":{\"@id\":\"https:\\\/\\\/zeromagazine.mx\\\/index.php\\\/2021\\\/11\\\/13\\\/farruko-inaugurara-el-primer-concierto-de-live-on-max\\\/#breadcrumb\"},\"inLanguage\":\"es\",\"potentialAction\":[{\"@type\":\"ReadAction\",\"target\":[\"https:\\\/\\\/zeromagazine.mx\\\/index.php\\\/2021\\\/11\\\/13\\\/farruko-inaugurara-el-primer-concierto-de-live-on-max\\\/\"]}]},{\"@type\":\"ImageObject\",\"inLanguage\":\"es\",\"@id\":\"https:\\\/\\\/zeromagazine.mx\\\/index.php\\\/2021\\\/11\\\/13\\\/farruko-inaugurara-el-primer-concierto-de-live-on-max\\\/#primaryimage\",\"url\":\"\",\"contentUrl\":\"\"},{\"@type\":\"BreadcrumbList\",\"@id\":\"https:\\\/\\\/zeromagazine.mx\\\/index.php\\\/2021\\\/11\\\/13\\\/farruko-inaugurara-el-primer-concierto-de-live-on-max\\\/#breadcrumb\",\"itemListElement\":[{\"@type\":\"ListItem\",\"position\":1,\"name\":\"Portada\",\"item\":\"https:\\\/\\\/zeromagazine.mx\\\/\"},{\"@type\":\"ListItem\",\"position\":2,\"name\":\"Farruko inaugurar\u00e1 el primer concierto de Live on Max\"}]},{\"@type\":\"WebSite\",\"@id\":\"https:\\\/\\\/zeromagazine.mx\\\/#website\",\"url\":\"https:\\\/\\\/zeromagazine.mx\\\/\",\"name\":\"Zero Magazine\",\"description\":\"\",\"publisher\":{\"@id\":\"https:\\\/\\\/zeromagazine.mx\\\/#organization\"},\"potentialAction\":[{\"@type\":\"SearchAction\",\"target\":{\"@type\":\"EntryPoint\",\"urlTemplate\":\"https:\\\/\\\/zeromagazine.mx\\\/?s={search_term_string}\"},\"query-input\":{\"@type\":\"PropertyValueSpecification\",\"valueRequired\":true,\"valueName\":\"search_term_string\"}}],\"inLanguage\":\"es\"},{\"@type\":\"Organization\",\"@id\":\"https:\\\/\\\/zeromagazine.mx\\\/#organization\",\"name\":\"Zero Magazine\",\"url\":\"https:\\\/\\\/zeromagazine.mx\\\/\",\"logo\":{\"@type\":\"ImageObject\",\"inLanguage\":\"es\",\"@id\":\"https:\\\/\\\/zeromagazine.mx\\\/#\\\/schema\\\/logo\\\/image\\\/\",\"url\":\"https:\\\/\\\/i0.wp.com\\\/zeromagazine.mx\\\/wp-content\\\/uploads\\\/2025\\\/11\\\/1.jpeg?fit=1000%2C1000&ssl=1\",\"contentUrl\":\"https:\\\/\\\/i0.wp.com\\\/zeromagazine.mx\\\/wp-content\\\/uploads\\\/2025\\\/11\\\/1.jpeg?fit=1000%2C1000&ssl=1\",\"width\":1000,\"height\":1000,\"caption\":\"Zero Magazine\"},\"image\":{\"@id\":\"https:\\\/\\\/zeromagazine.mx\\\/#\\\/schema\\\/logo\\\/image\\\/\"},\"sameAs\":[\"https:\\\/\\\/instagram.com\\\/zeromagazinemx\"]},{\"@type\":\"Person\",\"@id\":\"https:\\\/\\\/zeromagazine.mx\\\/#\\\/schema\\\/person\\\/9aed9f33a7c39af3a348b86d723f7773\",\"name\":\"zeromagazinemx\",\"image\":{\"@type\":\"ImageObject\",\"inLanguage\":\"es\",\"@id\":\"https:\\\/\\\/zeromagazine.mx\\\/wp-content\\\/litespeed\\\/avatar\\\/f91dfe5410d5dcb1a576bf8c45983896.jpg?ver=1777571230\",\"url\":\"https:\\\/\\\/zeromagazine.mx\\\/wp-content\\\/litespeed\\\/avatar\\\/f91dfe5410d5dcb1a576bf8c45983896.jpg?ver=1777571230\",\"contentUrl\":\"https:\\\/\\\/zeromagazine.mx\\\/wp-content\\\/litespeed\\\/avatar\\\/f91dfe5410d5dcb1a576bf8c45983896.jpg?ver=1777571230\",\"caption\":\"zeromagazinemx\"},\"url\":\"https:\\\/\\\/zeromagazine.mx\\\/index.php\\\/author\\\/zeromagazinemx\\\/\"}]}<\/script>\n<!-- \/ Yoast SEO plugin. -->","yoast_head_json":{"title":"Farruko inaugurar\u00e1 el primer concierto de Live on Max - Zero Magazine","robots":{"index":"index","follow":"follow","max-snippet":"max-snippet:-1","max-image-preview":"max-image-preview:large","max-video-preview":"max-video-preview:-1"},"canonical":"https:\/\/zeromagazine.mx\/index.php\/2021\/11\/13\/farruko-inaugurara-el-primer-concierto-de-live-on-max\/","og_locale":"es_ES","og_type":"article","og_title":"Farruko inaugurar\u00e1 el primer concierto de Live on Max - Zero Magazine","og_description":"A partir de hoy s\u00e1bado 13 de noviembre comienza la primera transmisi\u00f3n del show LIVE ON MAX con uno de los cantantes m\u00e1s destacados del momento en la m\u00fasica latina, Farruko. Farruko, cuenta con 8 \u00e1lbumes de estudio que le han dado un incre\u00edble reconocimiento internacional como uno de los mejores reggaetoneros de la actualidad, [&hellip;]","og_url":"https:\/\/zeromagazine.mx\/index.php\/2021\/11\/13\/farruko-inaugurara-el-primer-concierto-de-live-on-max\/","og_site_name":"Zero Magazine","article_published_time":"2021-11-13T16:00:02+00:00","author":"zeromagazinemx","twitter_card":"summary_large_image","twitter_misc":{"Escrito por":"zeromagazinemx","Tiempo de lectura":"1 minuto"},"schema":{"@context":"https:\/\/schema.org","@graph":[{"@type":"Article","@id":"https:\/\/zeromagazine.mx\/index.php\/2021\/11\/13\/farruko-inaugurara-el-primer-concierto-de-live-on-max\/#article","isPartOf":{"@id":"https:\/\/zeromagazine.mx\/index.php\/2021\/11\/13\/farruko-inaugurara-el-primer-concierto-de-live-on-max\/"},"author":{"name":"zeromagazinemx","@id":"https:\/\/zeromagazine.mx\/#\/schema\/person\/9aed9f33a7c39af3a348b86d723f7773"},"headline":"Farruko inaugurar\u00e1 el primer concierto de Live on Max","datePublished":"2021-11-13T16:00:02+00:00","mainEntityOfPage":{"@id":"https:\/\/zeromagazine.mx\/index.php\/2021\/11\/13\/farruko-inaugurara-el-primer-concierto-de-live-on-max\/"},"wordCount":261,"commentCount":0,"publisher":{"@id":"https:\/\/zeromagazine.mx\/#organization"},"image":{"@id":"https:\/\/zeromagazine.mx\/index.php\/2021\/11\/13\/farruko-inaugurara-el-primer-concierto-de-live-on-max\/#primaryimage"},"thumbnailUrl":"","keywords":["Argentina","Farruko","Farruko: En Letra de Otro","HBO","HBO MAX","\u200c\u200cLatin\u200c\u00a0\u200cGRAMMY\u200c","LIVE ON MAX","M\u00c9XICO","Miami","Sony Music US Latin","WarnerMedia Latin America"],"articleSection":["Entretenimiento"],"inLanguage":"es","potentialAction":[{"@type":"CommentAction","name":"Comment","target":["https:\/\/zeromagazine.mx\/index.php\/2021\/11\/13\/farruko-inaugurara-el-primer-concierto-de-live-on-max\/#respond"]}]},{"@type":"WebPage","@id":"https:\/\/zeromagazine.mx\/index.php\/2021\/11\/13\/farruko-inaugurara-el-primer-concierto-de-live-on-max\/","url":"https:\/\/zeromagazine.mx\/index.php\/2021\/11\/13\/farruko-inaugurara-el-primer-concierto-de-live-on-max\/","name":"Farruko inaugurar\u00e1 el primer concierto de Live on Max - Zero Magazine","isPartOf":{"@id":"https:\/\/zeromagazine.mx\/#website"},"primaryImageOfPage":{"@id":"https:\/\/zeromagazine.mx\/index.php\/2021\/11\/13\/farruko-inaugurara-el-primer-concierto-de-live-on-max\/#primaryimage"},"image":{"@id":"https:\/\/zeromagazine.mx\/index.php\/2021\/11\/13\/farruko-inaugurara-el-primer-concierto-de-live-on-max\/#primaryimage"},"thumbnailUrl":"","datePublished":"2021-11-13T16:00:02+00:00","breadcrumb":{"@id":"https:\/\/zeromagazine.mx\/index.php\/2021\/11\/13\/farruko-inaugurara-el-primer-concierto-de-live-on-max\/#breadcrumb"},"inLanguage":"es","potentialAction":[{"@type":"ReadAction","target":["https:\/\/zeromagazine.mx\/index.php\/2021\/11\/13\/farruko-inaugurara-el-primer-concierto-de-live-on-max\/"]}]},{"@type":"ImageObject","inLanguage":"es","@id":"https:\/\/zeromagazine.mx\/index.php\/2021\/11\/13\/farruko-inaugurara-el-primer-concierto-de-live-on-max\/#primaryimage","url":"","contentUrl":""},{"@type":"BreadcrumbList","@id":"https:\/\/zeromagazine.mx\/index.php\/2021\/11\/13\/farruko-inaugurara-el-primer-concierto-de-live-on-max\/#breadcrumb","itemListElement":[{"@type":"ListItem","position":1,"name":"Portada","item":"https:\/\/zeromagazine.mx\/"},{"@type":"ListItem","position":2,"name":"Farruko inaugurar\u00e1 el primer concierto de Live on Max"}]},{"@type":"WebSite","@id":"https:\/\/zeromagazine.mx\/#website","url":"https:\/\/zeromagazine.mx\/","name":"Zero Magazine","description":"","publisher":{"@id":"https:\/\/zeromagazine.mx\/#organization"},"potentialAction":[{"@type":"SearchAction","target":{"@type":"EntryPoint","urlTemplate":"https:\/\/zeromagazine.mx\/?s={search_term_string}"},"query-input":{"@type":"PropertyValueSpecification","valueRequired":true,"valueName":"search_term_string"}}],"inLanguage":"es"},{"@type":"Organization","@id":"https:\/\/zeromagazine.mx\/#organization","name":"Zero Magazine","url":"https:\/\/zeromagazine.mx\/","logo":{"@type":"ImageObject","inLanguage":"es","@id":"https:\/\/zeromagazine.mx\/#\/schema\/logo\/image\/","url":"https:\/\/i0.wp.com\/zeromagazine.mx\/wp-content\/uploads\/2025\/11\/1.jpeg?fit=1000%2C1000&ssl=1","contentUrl":"https:\/\/i0.wp.com\/zeromagazine.mx\/wp-content\/uploads\/2025\/11\/1.jpeg?fit=1000%2C1000&ssl=1","width":1000,"height":1000,"caption":"Zero Magazine"},"image":{"@id":"https:\/\/zeromagazine.mx\/#\/schema\/logo\/image\/"},"sameAs":["https:\/\/instagram.com\/zeromagazinemx"]},{"@type":"Person","@id":"https:\/\/zeromagazine.mx\/#\/schema\/person\/9aed9f33a7c39af3a348b86d723f7773","name":"zeromagazinemx","image":{"@type":"ImageObject","inLanguage":"es","@id":"https:\/\/zeromagazine.mx\/wp-content\/litespeed\/avatar\/f91dfe5410d5dcb1a576bf8c45983896.jpg?ver=1777571230","url":"https:\/\/zeromagazine.mx\/wp-content\/litespeed\/avatar\/f91dfe5410d5dcb1a576bf8c45983896.jpg?ver=1777571230","contentUrl":"https:\/\/zeromagazine.mx\/wp-content\/litespeed\/avatar\/f91dfe5410d5dcb1a576bf8c45983896.jpg?ver=1777571230","caption":"zeromagazinemx"},"url":"https:\/\/zeromagazine.mx\/index.php\/author\/zeromagazinemx\/"}]}},"jetpack_publicize_connections":[],"jetpack_featured_media_url":"","jetpack-related-posts":[{"id":54321,"url":"https:\/\/zeromagazine.mx\/index.php\/2021\/09\/11\/el-escuadron-suicida-llega-el-12-de-septiembre-a-hbo-max\/","url_meta":{"origin":58079,"position":0},"title":"\u201cEl Escuadr\u00f3n Suicida\u201d llega el 12 de septiembre a HBO Max","author":"zeromagazinemx","date":"11 de septiembre de 2021","format":false,"excerpt":"\u201cEl Escuadr\u00f3n Suicida\u201d es parte de la oferta de HBO Max que tiene disponible las pel\u00edculas de Warner Bros, sin costo adicional, tan solo 35 d\u00edas despu\u00e9s de su estreno en las salas de cine en Am\u00e9rica Latina. Por Moises Kushelevich Este 12 de septiembre, llega a HBO Max el\u2026","rel":"","context":"En \u00abEntretenimiento\u00bb","block_context":{"text":"Entretenimiento","link":"https:\/\/zeromagazine.mx\/index.php\/category\/entretenimiento\/"},"img":{"alt_text":"","src":"","width":0,"height":0},"classes":[]},{"id":58195,"url":"https:\/\/zeromagazine.mx\/index.php\/2021\/11\/14\/mariachis-una-serie-con-musica-tradicional-mexicana\/","url_meta":{"origin":58079,"position":1},"title":"\u2018Mariachis\u2019 una serie con m\u00fasica tradicional mexicana","author":"zeromagazinemx","date":"14 de noviembre de 2021","format":false,"excerpt":"Mariachis, una nueva serie original mexicana llega a HBO Max, mostr\u00e1ndonos que la m\u00fasica y las tradiciones juegan un papel muy importante en nuestra cultura; reci\u00e9n inici\u00f3 filmaciones en M\u00e9xico y promover\u00e1 la resignaci\u00f3n de las relaciones familiares. Una propuesta que estar\u00e1 llena de fusiones entre el drama y comedia,\u2026","rel":"","context":"En \u00abEntretenimiento\u00bb","block_context":{"text":"Entretenimiento","link":"https:\/\/zeromagazine.mx\/index.php\/category\/entretenimiento\/"},"img":{"alt_text":"","src":"","width":0,"height":0},"classes":[]},{"id":58089,"url":"https:\/\/zeromagazine.mx\/index.php\/2021\/11\/13\/juanpa-zurita-y-sus-hazanas-en-la-cocina-de-hbo-max\/","url_meta":{"origin":58079,"position":2},"title":"Juanpa Zurita y sus haza\u00f1as en la cocina de HBO Max","author":"zeromagazinemx","date":"13 de noviembre de 2021","format":false,"excerpt":"Juanpa Zurita uno de los creadores de contenido m\u00e1s representativos y populares de Am\u00e9rica Latina que ha incursionado en la actuaci\u00f3n, producci\u00f3n, negocios y redes sociales, dio un salto grande a la pantalla chica con ayuda de HBO Max logrando as\u00ed tener su prime programa, uno de los sue\u00f1os m\u00e1s\u2026","rel":"","context":"En \u00abEntretenimiento\u00bb","block_context":{"text":"Entretenimiento","link":"https:\/\/zeromagazine.mx\/index.php\/category\/entretenimiento\/"},"img":{"alt_text":"","src":"https:\/\/i0.wp.com\/zeromagazinemx.wpcomstaging.com\/wp-content\/uploads\/2022\/02\/845f8-juanpa2bchef1.png?resize=350%2C200&ssl=1","width":350,"height":200},"classes":[]},{"id":49169,"url":"https:\/\/zeromagazine.mx\/index.php\/2021\/06\/30\/hbo-max-ya-esta-disponible-en-mexico-y-38-territorios-de-latinoamerica-y-el-caribe-a-partir-de-hoy\/","url_meta":{"origin":58079,"position":3},"title":"HBO Max ya est\u00e1 disponible en M\u00e9xico y 38 territorios de Latinoam\u00e9rica y el Caribe a partir de Hoy","author":"zeromagazinemx","date":"30 de junio de 2021","format":false,"excerpt":"La nueva plataforma lleg\u00f3 a M\u00e9xico con una promoci\u00f3n \u00e9pica de 50% de descuento para aquellos que se suscriban desde el 29 de junio al 31 de julio que podr\u00e1s conservar manteniendo tu suscripci\u00f3n vigente. Por Moises Kushelevich A partir de hoy podr\u00e1s disfrutar del grandioso y entretenido contenido de\u2026","rel":"","context":"En \u00abCine\u00bb","block_context":{"text":"Cine","link":"https:\/\/zeromagazine.mx\/index.php\/category\/entretenimiento\/cine\/"},"img":{"alt_text":"","src":"","width":0,"height":0},"classes":[]},{"id":71045,"url":"https:\/\/zeromagazine.mx\/index.php\/2024\/02\/21\/descubre-max-la-revolucion-del-streaming-llega-a-america-latina-el-27-de-febrero\/","url_meta":{"origin":58079,"position":4},"title":"\u00a1Descubre Max: La revoluci\u00f3n del streaming llega a Am\u00e9rica Latina el 27 de febrero!","author":"zeromagazinemx","date":"21 de febrero de 2024","format":false,"excerpt":"El 27 de febrero llega a Am\u00e9rica Latina Max, la plataforma que promete revolucionar la forma en que consumimos entretenimiento. Desde producciones originales locales hasta \u00e9xitos internacionales, Max tiene algo para todos. As\u00ed que ponte c\u00f3modx, porque aqu\u00ed te cuento todo lo que necesitas saber sobre esta nueva aventura digital.\u2026","rel":"","context":"En \u00abCine\u00bb","block_context":{"text":"Cine","link":"https:\/\/zeromagazine.mx\/index.php\/category\/entretenimiento\/cine\/"},"img":{"alt_text":"","src":"https:\/\/i0.wp.com\/zeromagazine.mx\/wp-content\/uploads\/2024\/02\/MaxBrand_16x9_Lat-scaled.jpg?fit=1200%2C675&ssl=1&resize=350%2C200","width":350,"height":200,"srcset":"https:\/\/i0.wp.com\/zeromagazine.mx\/wp-content\/uploads\/2024\/02\/MaxBrand_16x9_Lat-scaled.jpg?fit=1200%2C675&ssl=1&resize=350%2C200 1x, https:\/\/i0.wp.com\/zeromagazine.mx\/wp-content\/uploads\/2024\/02\/MaxBrand_16x9_Lat-scaled.jpg?fit=1200%2C675&ssl=1&resize=525%2C300 1.5x, https:\/\/i0.wp.com\/zeromagazine.mx\/wp-content\/uploads\/2024\/02\/MaxBrand_16x9_Lat-scaled.jpg?fit=1200%2C675&ssl=1&resize=700%2C400 2x, https:\/\/i0.wp.com\/zeromagazine.mx\/wp-content\/uploads\/2024\/02\/MaxBrand_16x9_Lat-scaled.jpg?fit=1200%2C675&ssl=1&resize=1050%2C600 3x"},"classes":[]},{"id":48484,"url":"https:\/\/zeromagazine.mx\/index.php\/2021\/06\/23\/looney-tunes-cartoons-una-nueva-serie-original-con-los-dibujitos-favoritos-de-siempre-llega-a-hbo-max-y-cartoon-network\/","url_meta":{"origin":58079,"position":5},"title":"Looney Tunes Cartoons, una nueva serie original con los dibujitos favoritos de siempre, llega a HBO MAX y Cartoon Network","author":"zeromagazinemx","date":"23 de junio de 2021","format":false,"excerpt":"\u00bfQui\u00e9n no recuerda a los divertidos personajes de Looney Tunes? Bugs Bunny, el Pato Lucas, Porky y el resto de la pandilla est\u00e1n de regreso con nuevas aventuras que divertir\u00e1n a chicos y grandes. Por Moises Kushelevich Una nueva serie de animaci\u00f3n llega a HBO Max y Cartoon Network y\u2026","rel":"","context":"En \u00abEntretenimiento\u00bb","block_context":{"text":"Entretenimiento","link":"https:\/\/zeromagazine.mx\/index.php\/category\/entretenimiento\/"},"img":{"alt_text":"","src":"","width":0,"height":0},"classes":[]}],"jetpack_sharing_enabled":true,"builder_content":"","_links":{"self":[{"href":"https:\/\/zeromagazine.mx\/index.php\/wp-json\/wp\/v2\/posts\/58079","targetHints":{"allow":["GET"]}}],"collection":[{"href":"https:\/\/zeromagazine.mx\/index.php\/wp-json\/wp\/v2\/posts"}],"about":[{"href":"https:\/\/zeromagazine.mx\/index.php\/wp-json\/wp\/v2\/types\/post"}],"author":[{"embeddable":true,"href":"https:\/\/zeromagazine.mx\/index.php\/wp-json\/wp\/v2\/users\/2"}],"replies":[{"embeddable":true,"href":"https:\/\/zeromagazine.mx\/index.php\/wp-json\/wp\/v2\/comments?post=58079"}],"version-history":[{"count":0,"href":"https:\/\/zeromagazine.mx\/index.php\/wp-json\/wp\/v2\/posts\/58079\/revisions"}],"wp:featuredmedia":[{"embeddable":true,"href":"https:\/\/zeromagazine.mx\/index.php\/wp-json\/"}],"wp:attachment":[{"href":"https:\/\/zeromagazine.mx\/index.php\/wp-json\/wp\/v2\/media?parent=58079"}],"wp:term":[{"taxonomy":"category","embeddable":true,"href":"https:\/\/zeromagazine.mx\/index.php\/wp-json\/wp\/v2\/categories?post=58079"},{"taxonomy":"post_tag","embeddable":true,"href":"https:\/\/zeromagazine.mx\/index.php\/wp-json\/wp\/v2\/tags?post=58079"}],"curies":[{"name":"wp","href":"https:\/\/api.w.org\/{rel}","templated":true}]}}