{"id":58117,"date":"2021-11-13T13:30:00","date_gmt":"2021-11-13T19:30:00","guid":{"rendered":"https:\/\/atomic-temporary-84115225.wpcomstaging.com\/?p=58117"},"modified":"2021-11-13T13:30:00","modified_gmt":"2021-11-13T19:30:00","slug":"luis-lauro-da-un-salto-de-fe-con-su-nuevo-sencillo-entre-la-nada","status":"publish","type":"post","link":"https:\/\/zeromagazine.mx\/index.php\/2021\/11\/13\/luis-lauro-da-un-salto-de-fe-con-su-nuevo-sencillo-entre-la-nada\/","title":{"rendered":"Luis Lauro da un salto de fe con su nuevo sencillo \u2018Entre la Nada\u2019"},"content":{"rendered":"\n<p>El cantante originario de <strong>Reynosa<\/strong>, <strong>M\u00e9xico<\/strong>, reaparece en la escena musical tras cinco a\u00f1os largos de ausencia con su nuevo sencillo: \u2018<strong>Entre la Nada<\/strong>\u2019.&nbsp;<\/p>\n\n\n\n<ul class=\"wp-block-list\"><li><strong>Fot\u00f3grafo<\/strong>: Hugo Pastor <a href=\"https:\/\/instagram.com\/hugopastor_12?utm_medium=copy_link\"><em>@hugopastor_12<\/em><\/a><\/li><\/ul>\n\n\n\n<div class=\"wp-block-image coblocks-animate\"><figure class=\"aligncenter size-large\"><a href=\"https:\/\/i0.wp.com\/zeromagazinemx.wpcomstaging.com\/wp-content\/uploads\/2022\/02\/6f08a-luis-lauro-zero.png?ssl=1\"><img data-recalc-dims=\"1\" decoding=\"async\" src=\"https:\/\/i0.wp.com\/zeromagazinemx.wpcomstaging.com\/wp-content\/uploads\/2022\/02\/6f08a-luis-lauro-zero.png?w=1165&#038;ssl=1\" alt=\"\" class=\"wp-image-58120\" \/><\/a><\/figure><\/div>\n\n\n\n<div class=\"wp-block-buttons is-layout-flex wp-block-buttons-is-layout-flex\">\n<div class=\"wp-block-button is-style-outline is-style-outline--1\"><a class=\"wp-block-button__link\">Por Kirya Hery<\/a><\/div>\n<\/div>\n\n\n\n<p>Durante una pandemia, la cual parece interminable, <strong>Luis Lauro<\/strong> pudo concedernos una entrevista para hablar acerca del nuevo g\u00e9nesis que tiene su carrera como cantante y ahora actor:<\/p>\n\n\n\n<p>\u201c<em>Podr\u00eda ser para muchos como el peor momento (refir\u00edendose al confinamiento), pero yo llevaba mucho tiempo picando piedra, buscando oportunidades. Me desaparec\u00ed y estaba viendo por d\u00f3nde poder lograr el estrellato, aunque nunca se completaba nada\u2026 Hasta que despu\u00e9s del \u00faltimo sencillo en el 2016, par\u00e9<\/em>\u201d. Comentaba nost\u00e1lgico Luis.<\/p>\n\n\n\n<div class=\"wp-block-image coblocks-animate\"><figure class=\"aligncenter size-large is-resized\"><a href=\"https:\/\/i0.wp.com\/zeromagazinemx.wpcomstaging.com\/wp-content\/uploads\/2022\/02\/4745f-luis-lauro.jpg?ssl=1\"><img data-recalc-dims=\"1\" decoding=\"async\" src=\"https:\/\/i0.wp.com\/zeromagazinemx.wpcomstaging.com\/wp-content\/uploads\/2022\/02\/4745f-luis-lauro.jpg?resize=733%2C1098&#038;ssl=1\" alt=\"\" class=\"wp-image-58124\" width=\"733\" height=\"1098\" \/><\/a><\/figure><\/div>\n\n\n\n\n\n<p>Tras la continuidad de estar meses encerrado, la introspecci\u00f3n hace al artista y de \u00e9l, se va desprendiendo un arte que hab\u00eda quedado estancado durante un lustro.<\/p>\n\n\n\n<p>\u201c<em>Esto es lo que a ti te gusta, b\u00e1sicamente me puse a platicar conmigo\u2026 Yo estuve esperando por mucho tiempo a alguien que me salvar\u00e1, una agengia o disquera; pero despu\u00e9s conclu\u00ed que no necesito a nadie y que hay mucha gente que lo est\u00e1 haciendo solos<\/em>\u201d.&nbsp;<\/p>\n\n\n\n<p>Este camino de empezar por cuenta propia, le ha hecho valorar sus aptitudes: no solo como artista sino tambi\u00e9n como guionista de sus propios videos y de su contenido. El ser independiente, no es sin\u00f3nimo de baja calidad y con su nuevo sencillo <strong>Luis Lauro<\/strong> nos demuestra la madera que tiene para triunfar:<\/p>\n\n\n\n<div class=\"wp-block-image coblocks-animate\"><figure class=\"aligncenter size-large is-resized\"><a href=\"https:\/\/i0.wp.com\/zeromagazinemx.wpcomstaging.com\/wp-content\/uploads\/2022\/02\/3f684-luis.lauro_.jpg?ssl=1\"><img data-recalc-dims=\"1\" decoding=\"async\" src=\"https:\/\/i0.wp.com\/zeromagazinemx.wpcomstaging.com\/wp-content\/uploads\/2022\/02\/3f684-luis.lauro_.jpg?resize=732%2C1097&#038;ssl=1\" alt=\"\" class=\"wp-image-58123\" width=\"732\" height=\"1097\" \/><\/a><\/figure><\/div>\n\n\n\n<p>\u201c<em>Ahorita se da mucho que la independencia es algo m\u00e1s normal debido a las plataformas digitales: en la calidad me esfuerzo y me atrevo a gastar hasta lo que no tengo para mejorar<\/em>\u201d. Mencion\u00f3.&nbsp;<\/p>\n\n\n\n<p>A lo largo de los a\u00f1os, siempre en la figura del joven cantante, persist\u00eda una cualidad invaluable, la tenacidad. Misma hizo que no se rindiera y que, inclusive desde peque\u00f1o persiguiera sus m\u00e1s grandes sue\u00f1os.&nbsp;<\/p>\n\n\n\n<p>\u201c<em>Desde que tengo uso de memoria, siempre me ha gustado la m\u00fasica; yo me acuerdo que ve\u00eda los <strong>MTV Music Awards <\/strong>y todos los programas relacionados. Inclusive, de Navidad yo ped\u00eda pistas y karaokes<\/em>\u201d.&nbsp;<\/p>\n\n\n\n<div class=\"wp-block-image coblocks-animate\"><figure class=\"aligncenter size-large is-resized\"><a href=\"https:\/\/i0.wp.com\/zeromagazinemx.wpcomstaging.com\/wp-content\/uploads\/2022\/02\/20436-luis-lauro-en-zero-magazine.jpg?ssl=1\"><img data-recalc-dims=\"1\" decoding=\"async\" src=\"https:\/\/i0.wp.com\/zeromagazinemx.wpcomstaging.com\/wp-content\/uploads\/2022\/02\/20436-luis-lauro-en-zero-magazine.jpg?resize=735%2C1101&#038;ssl=1\" alt=\"\" class=\"wp-image-58126\" width=\"735\" height=\"1101\" \/><\/a><\/figure><\/div>\n\n\n\n\n\n<p>Es as\u00ed, como desde la infancia, el nacido en <strong>Reynosa <\/strong>conoci\u00f3 el concepto de fe; y desde ese momento no dudo ni por un segundo que durante el resto de su vida, siempre iba a querer cantarle a un p\u00fablico sobre sus experiencias y sus m\u00e1s grandes deseos.\u00a0<\/p>\n\n\n\n<p>Sin embargo, no todo queda ah\u00ed, la cuenta regresiva y el a\u00f1oro; son dos situaciones que para <strong>Luis Lauro<\/strong> est\u00e1n m\u00e1s que definidas como la constante a mejorar (y lo que le ha permitido llevar una carrera prol\u00edfera durante estos a\u00f1os).\u00a0<\/p>\n\n\n\n<div class=\"wp-block-image coblocks-animate\"><figure class=\"aligncenter size-large is-resized\"><a href=\"https:\/\/i0.wp.com\/zeromagazinemx.wpcomstaging.com\/wp-content\/uploads\/2022\/02\/e4ef7-luis-lauro.jpg?ssl=1\"><img data-recalc-dims=\"1\" decoding=\"async\" src=\"https:\/\/i0.wp.com\/zeromagazinemx.wpcomstaging.com\/wp-content\/uploads\/2022\/02\/e4ef7-luis-lauro.jpg?resize=732%2C1097&#038;ssl=1\" alt=\"\" class=\"wp-image-58128\" width=\"732\" height=\"1097\" \/><\/a><\/figure><\/div>\n\n\n\n<p>\u201c<em>Por todo mi pasado con las luchas internas, he aprendido que el tiempo no se puede regresar; empero puedes seguir buscando una mejor\u00eda en tu propio camino<\/em>\u201d.\u00a0<\/p>\n\n\n\n<p>De los errores se aprenden, pero sin lugar a dudas, lo que no es err\u00f3neo en este momento, es la presentaci\u00f3n de su nuevo sencillo: \u2018<strong>Entre la Nada<\/strong>\u2019 y el nuevo material discogr\u00e1fico que presentar\u00e1 el artista a lo largo del 2022.\u00a0<\/p>\n\n\n\n<p>\u201c<em>Llevo tres sencillos sacados, todos son muy diferentes, cada uno cuenta su historia y los saqu\u00e9 en orden cronol\u00f3gico del recuento de las batallas personales<\/em>\u201d.\u00a0<\/p>\n\n\n\n<div class=\"wp-block-image coblocks-animate\"><figure class=\"aligncenter size-large is-resized\"><a href=\"https:\/\/i0.wp.com\/zeromagazinemx.wpcomstaging.com\/wp-content\/uploads\/2022\/02\/6b61a-luis-lauro-entravista.jpg?ssl=1\"><img data-recalc-dims=\"1\" decoding=\"async\" src=\"https:\/\/i0.wp.com\/zeromagazinemx.wpcomstaging.com\/wp-content\/uploads\/2022\/02\/6b61a-luis-lauro-entravista.jpg?resize=731%2C1095&#038;ssl=1\" alt=\"\" class=\"wp-image-58129\" width=\"731\" height=\"1095\" \/><\/a><\/figure><\/div>\n\n\n\n\n\n<p>Es as\u00ed como los deseos de un ni\u00f1o que sol\u00eda mirar <strong>MTV <\/strong>pueden llegar tan lejos hasta convertirse en uno de los cantantes a seguir durante el \u00faltimo semestre del 2021. Sobre su sencillo estreno, Luis Lauro nos comenta lo siguiente:<\/p>\n\n\n\n<p>\u201c<em>La letra habla acerca de un amor t\u00f3xico que te cuesta separarte. Es una persona que est\u00e1 contigo, pero no te dice si bien o mal<\/em>\u201d.\u00a0<\/p>\n\n\n\n<div class=\"wp-block-image coblocks-animate\"><figure class=\"aligncenter size-large is-resized\"><a href=\"https:\/\/i0.wp.com\/zeromagazinemx.wpcomstaging.com\/wp-content\/uploads\/2022\/02\/1dc34-luis-lauro-en-zero-1.jpg?ssl=1\"><img data-recalc-dims=\"1\" decoding=\"async\" src=\"https:\/\/i0.wp.com\/zeromagazinemx.wpcomstaging.com\/wp-content\/uploads\/2022\/02\/1dc34-luis-lauro-en-zero-1.jpg?resize=736%2C1092&#038;ssl=1\" alt=\"\" class=\"wp-image-58132\" width=\"736\" height=\"1092\" \/><\/a><\/figure><\/div>\n\n\n\n<p>Acompa\u00f1ado de un video sensual e \u00edntimo, Luis nos invita a escuchar y celebrar nuestra sexualidad, teniendo en cuenta que s\u00f3lo a ti te puedes dar el gusto y no a nadie m\u00e1s.&nbsp;<\/p>\n\n\n\n<p>La revista Zero, te exhorta a escucharlo y bailar fehacientemente al ritmo de tu propia sombra.&nbsp;<\/p>\n\n\n\n<figure class=\"wp-block-embed is-type-video is-provider-youtube wp-block-embed-youtube wp-embed-aspect-16-9 wp-has-aspect-ratio\"><div class=\"wp-block-embed__wrapper\">\n<div class=\"post-video\"><iframe title=\"LUIS LAURO - ENTRE LA NADA\" width=\"1165\" height=\"655\" src=\"https:\/\/www.youtube.com\/embed\/K-nsSGKIoPs?feature=oembed\" frameborder=\"0\" allow=\"accelerometer; autoplay; clipboard-write; encrypted-media; gyroscope; picture-in-picture; web-share\" allowfullscreen><\/iframe><\/div>\n<\/div><\/figure>\n\n\n\n<p class=\"has-text-align-center\"><strong>Sigue a Luis Lauro en:<\/strong><\/p>\n\n\n\n<p class=\"has-text-align-center\"><strong>Instagram:<\/strong> <a href=\"https:\/\/instagram.com\/luis_lauro?utm_medium=copy_link\">@luis_lauro<\/a><\/p>\n\n\n\n\n<!--themify_builder_content-->\n<div id=\"themify_builder_content-58117\" data-postid=\"58117\" class=\"themify_builder_content themify_builder_content-58117 themify_builder tf_clear\">\n    <\/div>\n<!--\/themify_builder_content-->\n","protected":false},"excerpt":{"rendered":"<p>El cantante originario de Reynosa, M\u00e9xico, reaparece en la escena musical tras cinco a\u00f1os largos de ausencia con su nuevo sencillo: \u2018Entre la Nada\u2019.&nbsp; Fot\u00f3grafo: Hugo Pastor @hugopastor_12 Durante una pandemia, la cual parece interminable, Luis Lauro pudo concedernos una entrevista para hablar acerca del nuevo g\u00e9nesis que tiene su carrera como cantante y ahora [&hellip;]<\/p>\n","protected":false},"author":2,"featured_media":58122,"comment_status":"open","ping_status":"open","sticky":true,"template":"","format":"standard","meta":{"_jetpack_memberships_contains_paid_content":false,"footnotes":"","jetpack_publicize_message":"#Entrevista | #Portada El cantante Luis Lauro originario de Reynosa, M\u00e9xico, reaparece en la escena musical tras cinco a\u00f1os largos de ausencia con su nuevo sencillo: \u2018Entre la Nada\u2019.","jetpack_publicize_feature_enabled":true,"jetpack_social_post_already_shared":true,"jetpack_social_options":{"image_generator_settings":{"template":"highway","default_image_id":0,"font":"","enabled":false},"version":2}},"categories":[91,98,100],"tags":[6456,6457,144,887,6458,6459],"class_list":["post-58117","post","type-post","status-publish","format-standard","has-post-thumbnail","hentry","category-entrevistas","category-portada","category-revista","tag-entre-la-nada","tag-luis-lauro","tag-mexico","tag-mtv","tag-mtv-music-awards","tag-reynosa","has-post-title","has-post-date","has-post-category","has-post-tag","has-post-comment","has-post-author",""],"yoast_head":"<!-- This site is optimized with the Yoast SEO plugin v27.5 - https:\/\/yoast.com\/product\/yoast-seo-wordpress\/ -->\n<title>Luis Lauro da un salto de fe con su nuevo sencillo \u2018Entre la Nada\u2019 - Zero Magazine<\/title>\n<meta name=\"robots\" content=\"index, follow, max-snippet:-1, max-image-preview:large, max-video-preview:-1\" \/>\n<link rel=\"canonical\" href=\"https:\/\/zeromagazine.mx\/index.php\/2021\/11\/13\/luis-lauro-da-un-salto-de-fe-con-su-nuevo-sencillo-entre-la-nada\/\" \/>\n<meta property=\"og:locale\" content=\"es_ES\" \/>\n<meta property=\"og:type\" content=\"article\" \/>\n<meta property=\"og:title\" content=\"Luis Lauro da un salto de fe con su nuevo sencillo \u2018Entre la Nada\u2019 - Zero Magazine\" \/>\n<meta property=\"og:description\" content=\"El cantante originario de Reynosa, M\u00e9xico, reaparece en la escena musical tras cinco a\u00f1os largos de ausencia con su nuevo sencillo: \u2018Entre la Nada\u2019.&nbsp; Fot\u00f3grafo: Hugo Pastor @hugopastor_12 Durante una pandemia, la cual parece interminable, Luis Lauro pudo concedernos una entrevista para hablar acerca del nuevo g\u00e9nesis que tiene su carrera como cantante y ahora [&hellip;]\" \/>\n<meta property=\"og:url\" content=\"https:\/\/zeromagazine.mx\/index.php\/2021\/11\/13\/luis-lauro-da-un-salto-de-fe-con-su-nuevo-sencillo-entre-la-nada\/\" \/>\n<meta property=\"og:site_name\" content=\"Zero Magazine\" \/>\n<meta property=\"article:published_time\" content=\"2021-11-13T19:30:00+00:00\" \/>\n<meta name=\"author\" content=\"zeromagazinemx\" \/>\n<meta name=\"twitter:card\" content=\"summary_large_image\" \/>\n<meta name=\"twitter:label1\" content=\"Escrito por\" \/>\n\t<meta name=\"twitter:data1\" content=\"zeromagazinemx\" \/>\n\t<meta name=\"twitter:label2\" content=\"Tiempo de lectura\" \/>\n\t<meta name=\"twitter:data2\" content=\"3 minutos\" \/>\n<script type=\"application\/ld+json\" class=\"yoast-schema-graph\">{\"@context\":\"https:\\\/\\\/schema.org\",\"@graph\":[{\"@type\":\"Article\",\"@id\":\"https:\\\/\\\/zeromagazine.mx\\\/index.php\\\/2021\\\/11\\\/13\\\/luis-lauro-da-un-salto-de-fe-con-su-nuevo-sencillo-entre-la-nada\\\/#article\",\"isPartOf\":{\"@id\":\"https:\\\/\\\/zeromagazine.mx\\\/index.php\\\/2021\\\/11\\\/13\\\/luis-lauro-da-un-salto-de-fe-con-su-nuevo-sencillo-entre-la-nada\\\/\"},\"author\":{\"name\":\"zeromagazinemx\",\"@id\":\"https:\\\/\\\/zeromagazine.mx\\\/#\\\/schema\\\/person\\\/9aed9f33a7c39af3a348b86d723f7773\"},\"headline\":\"Luis Lauro da un salto de fe con su nuevo sencillo \u2018Entre la Nada\u2019\",\"datePublished\":\"2021-11-13T19:30:00+00:00\",\"mainEntityOfPage\":{\"@id\":\"https:\\\/\\\/zeromagazine.mx\\\/index.php\\\/2021\\\/11\\\/13\\\/luis-lauro-da-un-salto-de-fe-con-su-nuevo-sencillo-entre-la-nada\\\/\"},\"wordCount\":712,\"commentCount\":0,\"publisher\":{\"@id\":\"https:\\\/\\\/zeromagazine.mx\\\/#organization\"},\"image\":{\"@id\":\"https:\\\/\\\/zeromagazine.mx\\\/index.php\\\/2021\\\/11\\\/13\\\/luis-lauro-da-un-salto-de-fe-con-su-nuevo-sencillo-entre-la-nada\\\/#primaryimage\"},\"thumbnailUrl\":\"\",\"keywords\":[\"Entre la Nada\",\"Luis Lauro\",\"M\u00c9XICO\",\"MTV\",\"MTV Music Awards\",\"Reynosa\"],\"articleSection\":[\"Entrevistas\",\"Portada\",\"Revista\"],\"inLanguage\":\"es\",\"potentialAction\":[{\"@type\":\"CommentAction\",\"name\":\"Comment\",\"target\":[\"https:\\\/\\\/zeromagazine.mx\\\/index.php\\\/2021\\\/11\\\/13\\\/luis-lauro-da-un-salto-de-fe-con-su-nuevo-sencillo-entre-la-nada\\\/#respond\"]}]},{\"@type\":\"WebPage\",\"@id\":\"https:\\\/\\\/zeromagazine.mx\\\/index.php\\\/2021\\\/11\\\/13\\\/luis-lauro-da-un-salto-de-fe-con-su-nuevo-sencillo-entre-la-nada\\\/\",\"url\":\"https:\\\/\\\/zeromagazine.mx\\\/index.php\\\/2021\\\/11\\\/13\\\/luis-lauro-da-un-salto-de-fe-con-su-nuevo-sencillo-entre-la-nada\\\/\",\"name\":\"Luis Lauro da un salto de fe con su nuevo sencillo \u2018Entre la Nada\u2019 - Zero Magazine\",\"isPartOf\":{\"@id\":\"https:\\\/\\\/zeromagazine.mx\\\/#website\"},\"primaryImageOfPage\":{\"@id\":\"https:\\\/\\\/zeromagazine.mx\\\/index.php\\\/2021\\\/11\\\/13\\\/luis-lauro-da-un-salto-de-fe-con-su-nuevo-sencillo-entre-la-nada\\\/#primaryimage\"},\"image\":{\"@id\":\"https:\\\/\\\/zeromagazine.mx\\\/index.php\\\/2021\\\/11\\\/13\\\/luis-lauro-da-un-salto-de-fe-con-su-nuevo-sencillo-entre-la-nada\\\/#primaryimage\"},\"thumbnailUrl\":\"\",\"datePublished\":\"2021-11-13T19:30:00+00:00\",\"breadcrumb\":{\"@id\":\"https:\\\/\\\/zeromagazine.mx\\\/index.php\\\/2021\\\/11\\\/13\\\/luis-lauro-da-un-salto-de-fe-con-su-nuevo-sencillo-entre-la-nada\\\/#breadcrumb\"},\"inLanguage\":\"es\",\"potentialAction\":[{\"@type\":\"ReadAction\",\"target\":[\"https:\\\/\\\/zeromagazine.mx\\\/index.php\\\/2021\\\/11\\\/13\\\/luis-lauro-da-un-salto-de-fe-con-su-nuevo-sencillo-entre-la-nada\\\/\"]}]},{\"@type\":\"ImageObject\",\"inLanguage\":\"es\",\"@id\":\"https:\\\/\\\/zeromagazine.mx\\\/index.php\\\/2021\\\/11\\\/13\\\/luis-lauro-da-un-salto-de-fe-con-su-nuevo-sencillo-entre-la-nada\\\/#primaryimage\",\"url\":\"\",\"contentUrl\":\"\"},{\"@type\":\"BreadcrumbList\",\"@id\":\"https:\\\/\\\/zeromagazine.mx\\\/index.php\\\/2021\\\/11\\\/13\\\/luis-lauro-da-un-salto-de-fe-con-su-nuevo-sencillo-entre-la-nada\\\/#breadcrumb\",\"itemListElement\":[{\"@type\":\"ListItem\",\"position\":1,\"name\":\"Portada\",\"item\":\"https:\\\/\\\/zeromagazine.mx\\\/\"},{\"@type\":\"ListItem\",\"position\":2,\"name\":\"Luis Lauro da un salto de fe con su nuevo sencillo \u2018Entre la Nada\u2019\"}]},{\"@type\":\"WebSite\",\"@id\":\"https:\\\/\\\/zeromagazine.mx\\\/#website\",\"url\":\"https:\\\/\\\/zeromagazine.mx\\\/\",\"name\":\"Zero Magazine\",\"description\":\"\",\"publisher\":{\"@id\":\"https:\\\/\\\/zeromagazine.mx\\\/#organization\"},\"potentialAction\":[{\"@type\":\"SearchAction\",\"target\":{\"@type\":\"EntryPoint\",\"urlTemplate\":\"https:\\\/\\\/zeromagazine.mx\\\/?s={search_term_string}\"},\"query-input\":{\"@type\":\"PropertyValueSpecification\",\"valueRequired\":true,\"valueName\":\"search_term_string\"}}],\"inLanguage\":\"es\"},{\"@type\":\"Organization\",\"@id\":\"https:\\\/\\\/zeromagazine.mx\\\/#organization\",\"name\":\"Zero Magazine\",\"url\":\"https:\\\/\\\/zeromagazine.mx\\\/\",\"logo\":{\"@type\":\"ImageObject\",\"inLanguage\":\"es\",\"@id\":\"https:\\\/\\\/zeromagazine.mx\\\/#\\\/schema\\\/logo\\\/image\\\/\",\"url\":\"https:\\\/\\\/i0.wp.com\\\/zeromagazine.mx\\\/wp-content\\\/uploads\\\/2025\\\/11\\\/1.jpeg?fit=1000%2C1000&ssl=1\",\"contentUrl\":\"https:\\\/\\\/i0.wp.com\\\/zeromagazine.mx\\\/wp-content\\\/uploads\\\/2025\\\/11\\\/1.jpeg?fit=1000%2C1000&ssl=1\",\"width\":1000,\"height\":1000,\"caption\":\"Zero Magazine\"},\"image\":{\"@id\":\"https:\\\/\\\/zeromagazine.mx\\\/#\\\/schema\\\/logo\\\/image\\\/\"},\"sameAs\":[\"https:\\\/\\\/instagram.com\\\/zeromagazinemx\"]},{\"@type\":\"Person\",\"@id\":\"https:\\\/\\\/zeromagazine.mx\\\/#\\\/schema\\\/person\\\/9aed9f33a7c39af3a348b86d723f7773\",\"name\":\"zeromagazinemx\",\"image\":{\"@type\":\"ImageObject\",\"inLanguage\":\"es\",\"@id\":\"https:\\\/\\\/zeromagazine.mx\\\/wp-content\\\/litespeed\\\/avatar\\\/f91dfe5410d5dcb1a576bf8c45983896.jpg?ver=1777571230\",\"url\":\"https:\\\/\\\/zeromagazine.mx\\\/wp-content\\\/litespeed\\\/avatar\\\/f91dfe5410d5dcb1a576bf8c45983896.jpg?ver=1777571230\",\"contentUrl\":\"https:\\\/\\\/zeromagazine.mx\\\/wp-content\\\/litespeed\\\/avatar\\\/f91dfe5410d5dcb1a576bf8c45983896.jpg?ver=1777571230\",\"caption\":\"zeromagazinemx\"},\"url\":\"https:\\\/\\\/zeromagazine.mx\\\/index.php\\\/author\\\/zeromagazinemx\\\/\"}]}<\/script>\n<!-- \/ Yoast SEO plugin. -->","yoast_head_json":{"title":"Luis Lauro da un salto de fe con su nuevo sencillo \u2018Entre la Nada\u2019 - Zero Magazine","robots":{"index":"index","follow":"follow","max-snippet":"max-snippet:-1","max-image-preview":"max-image-preview:large","max-video-preview":"max-video-preview:-1"},"canonical":"https:\/\/zeromagazine.mx\/index.php\/2021\/11\/13\/luis-lauro-da-un-salto-de-fe-con-su-nuevo-sencillo-entre-la-nada\/","og_locale":"es_ES","og_type":"article","og_title":"Luis Lauro da un salto de fe con su nuevo sencillo \u2018Entre la Nada\u2019 - Zero Magazine","og_description":"El cantante originario de Reynosa, M\u00e9xico, reaparece en la escena musical tras cinco a\u00f1os largos de ausencia con su nuevo sencillo: \u2018Entre la Nada\u2019.&nbsp; Fot\u00f3grafo: Hugo Pastor @hugopastor_12 Durante una pandemia, la cual parece interminable, Luis Lauro pudo concedernos una entrevista para hablar acerca del nuevo g\u00e9nesis que tiene su carrera como cantante y ahora [&hellip;]","og_url":"https:\/\/zeromagazine.mx\/index.php\/2021\/11\/13\/luis-lauro-da-un-salto-de-fe-con-su-nuevo-sencillo-entre-la-nada\/","og_site_name":"Zero Magazine","article_published_time":"2021-11-13T19:30:00+00:00","author":"zeromagazinemx","twitter_card":"summary_large_image","twitter_misc":{"Escrito por":"zeromagazinemx","Tiempo de lectura":"3 minutos"},"schema":{"@context":"https:\/\/schema.org","@graph":[{"@type":"Article","@id":"https:\/\/zeromagazine.mx\/index.php\/2021\/11\/13\/luis-lauro-da-un-salto-de-fe-con-su-nuevo-sencillo-entre-la-nada\/#article","isPartOf":{"@id":"https:\/\/zeromagazine.mx\/index.php\/2021\/11\/13\/luis-lauro-da-un-salto-de-fe-con-su-nuevo-sencillo-entre-la-nada\/"},"author":{"name":"zeromagazinemx","@id":"https:\/\/zeromagazine.mx\/#\/schema\/person\/9aed9f33a7c39af3a348b86d723f7773"},"headline":"Luis Lauro da un salto de fe con su nuevo sencillo \u2018Entre la Nada\u2019","datePublished":"2021-11-13T19:30:00+00:00","mainEntityOfPage":{"@id":"https:\/\/zeromagazine.mx\/index.php\/2021\/11\/13\/luis-lauro-da-un-salto-de-fe-con-su-nuevo-sencillo-entre-la-nada\/"},"wordCount":712,"commentCount":0,"publisher":{"@id":"https:\/\/zeromagazine.mx\/#organization"},"image":{"@id":"https:\/\/zeromagazine.mx\/index.php\/2021\/11\/13\/luis-lauro-da-un-salto-de-fe-con-su-nuevo-sencillo-entre-la-nada\/#primaryimage"},"thumbnailUrl":"","keywords":["Entre la Nada","Luis Lauro","M\u00c9XICO","MTV","MTV Music Awards","Reynosa"],"articleSection":["Entrevistas","Portada","Revista"],"inLanguage":"es","potentialAction":[{"@type":"CommentAction","name":"Comment","target":["https:\/\/zeromagazine.mx\/index.php\/2021\/11\/13\/luis-lauro-da-un-salto-de-fe-con-su-nuevo-sencillo-entre-la-nada\/#respond"]}]},{"@type":"WebPage","@id":"https:\/\/zeromagazine.mx\/index.php\/2021\/11\/13\/luis-lauro-da-un-salto-de-fe-con-su-nuevo-sencillo-entre-la-nada\/","url":"https:\/\/zeromagazine.mx\/index.php\/2021\/11\/13\/luis-lauro-da-un-salto-de-fe-con-su-nuevo-sencillo-entre-la-nada\/","name":"Luis Lauro da un salto de fe con su nuevo sencillo \u2018Entre la Nada\u2019 - Zero Magazine","isPartOf":{"@id":"https:\/\/zeromagazine.mx\/#website"},"primaryImageOfPage":{"@id":"https:\/\/zeromagazine.mx\/index.php\/2021\/11\/13\/luis-lauro-da-un-salto-de-fe-con-su-nuevo-sencillo-entre-la-nada\/#primaryimage"},"image":{"@id":"https:\/\/zeromagazine.mx\/index.php\/2021\/11\/13\/luis-lauro-da-un-salto-de-fe-con-su-nuevo-sencillo-entre-la-nada\/#primaryimage"},"thumbnailUrl":"","datePublished":"2021-11-13T19:30:00+00:00","breadcrumb":{"@id":"https:\/\/zeromagazine.mx\/index.php\/2021\/11\/13\/luis-lauro-da-un-salto-de-fe-con-su-nuevo-sencillo-entre-la-nada\/#breadcrumb"},"inLanguage":"es","potentialAction":[{"@type":"ReadAction","target":["https:\/\/zeromagazine.mx\/index.php\/2021\/11\/13\/luis-lauro-da-un-salto-de-fe-con-su-nuevo-sencillo-entre-la-nada\/"]}]},{"@type":"ImageObject","inLanguage":"es","@id":"https:\/\/zeromagazine.mx\/index.php\/2021\/11\/13\/luis-lauro-da-un-salto-de-fe-con-su-nuevo-sencillo-entre-la-nada\/#primaryimage","url":"","contentUrl":""},{"@type":"BreadcrumbList","@id":"https:\/\/zeromagazine.mx\/index.php\/2021\/11\/13\/luis-lauro-da-un-salto-de-fe-con-su-nuevo-sencillo-entre-la-nada\/#breadcrumb","itemListElement":[{"@type":"ListItem","position":1,"name":"Portada","item":"https:\/\/zeromagazine.mx\/"},{"@type":"ListItem","position":2,"name":"Luis Lauro da un salto de fe con su nuevo sencillo \u2018Entre la Nada\u2019"}]},{"@type":"WebSite","@id":"https:\/\/zeromagazine.mx\/#website","url":"https:\/\/zeromagazine.mx\/","name":"Zero Magazine","description":"","publisher":{"@id":"https:\/\/zeromagazine.mx\/#organization"},"potentialAction":[{"@type":"SearchAction","target":{"@type":"EntryPoint","urlTemplate":"https:\/\/zeromagazine.mx\/?s={search_term_string}"},"query-input":{"@type":"PropertyValueSpecification","valueRequired":true,"valueName":"search_term_string"}}],"inLanguage":"es"},{"@type":"Organization","@id":"https:\/\/zeromagazine.mx\/#organization","name":"Zero Magazine","url":"https:\/\/zeromagazine.mx\/","logo":{"@type":"ImageObject","inLanguage":"es","@id":"https:\/\/zeromagazine.mx\/#\/schema\/logo\/image\/","url":"https:\/\/i0.wp.com\/zeromagazine.mx\/wp-content\/uploads\/2025\/11\/1.jpeg?fit=1000%2C1000&ssl=1","contentUrl":"https:\/\/i0.wp.com\/zeromagazine.mx\/wp-content\/uploads\/2025\/11\/1.jpeg?fit=1000%2C1000&ssl=1","width":1000,"height":1000,"caption":"Zero Magazine"},"image":{"@id":"https:\/\/zeromagazine.mx\/#\/schema\/logo\/image\/"},"sameAs":["https:\/\/instagram.com\/zeromagazinemx"]},{"@type":"Person","@id":"https:\/\/zeromagazine.mx\/#\/schema\/person\/9aed9f33a7c39af3a348b86d723f7773","name":"zeromagazinemx","image":{"@type":"ImageObject","inLanguage":"es","@id":"https:\/\/zeromagazine.mx\/wp-content\/litespeed\/avatar\/f91dfe5410d5dcb1a576bf8c45983896.jpg?ver=1777571230","url":"https:\/\/zeromagazine.mx\/wp-content\/litespeed\/avatar\/f91dfe5410d5dcb1a576bf8c45983896.jpg?ver=1777571230","contentUrl":"https:\/\/zeromagazine.mx\/wp-content\/litespeed\/avatar\/f91dfe5410d5dcb1a576bf8c45983896.jpg?ver=1777571230","caption":"zeromagazinemx"},"url":"https:\/\/zeromagazine.mx\/index.php\/author\/zeromagazinemx\/"}]}},"jetpack_publicize_connections":[],"jetpack_featured_media_url":"","jetpack-related-posts":[{"id":48172,"url":"https:\/\/zeromagazine.mx\/index.php\/2021\/06\/18\/mtv-revela-las-nominaciones-a-los-premios-mtv-miaw-2021\/","url_meta":{"origin":58117,"position":0},"title":"MTV revela las nominaciones a los premios MTV MIAW 2021","author":"zeromagazinemx","date":"18 de junio de 2021","format":false,"excerpt":"\u00a1Los premios MTV MIAW! est\u00e1n de regreso, aqu\u00ed te presentamos los nominados a la premiaci\u00f3n juvenil m\u00e1s importante de Latinoam\u00e9rica. Por Mayra Torres Los premios MTV MIAW es la celebraci\u00f3n m\u00e1s grande de la cultura pop en Latinoam\u00e9rica, donde los fans eligen a lo m\u00e1s hot y compartido del a\u00f1o\u2026","rel":"","context":"En \u00abEntretenimiento\u00bb","block_context":{"text":"Entretenimiento","link":"https:\/\/zeromagazine.mx\/index.php\/category\/entretenimiento\/"},"img":{"alt_text":"","src":"","width":0,"height":0},"classes":[]},{"id":86691,"url":"https:\/\/zeromagazine.mx\/index.php\/2024\/10\/15\/el-malilla-vibes-que-conectan\/","url_meta":{"origin":58117,"position":1},"title":"El Malilla: Vibes que Conectan","author":"zeromagazinemx","date":"15 de octubre de 2024","format":false,"excerpt":"Hola chicxs, let's talk about El Malilla, un artista que la est\u00e1 rompiendo bien ca\u00f1\u00f3n en la escena musical. Desde que empez\u00f3 su carrera, ha sabido conectar con la banda de una manera s\u00faper honesta y aut\u00e9ntica, y eso, cr\u00e9anme, no es f\u00e1cil de lograr en una industria donde muchas\u2026","rel":"","context":"En \u00abEntretenimiento\u00bb","block_context":{"text":"Entretenimiento","link":"https:\/\/zeromagazine.mx\/index.php\/category\/entretenimiento\/"},"img":{"alt_text":"","src":"https:\/\/i0.wp.com\/zeromagazine.mx\/wp-content\/uploads\/2024\/10\/marihuana-01-scaled.jpg?fit=800%2C1200&ssl=1&resize=350%2C200","width":350,"height":200,"srcset":"https:\/\/i0.wp.com\/zeromagazine.mx\/wp-content\/uploads\/2024\/10\/marihuana-01-scaled.jpg?fit=800%2C1200&ssl=1&resize=350%2C200 1x, https:\/\/i0.wp.com\/zeromagazine.mx\/wp-content\/uploads\/2024\/10\/marihuana-01-scaled.jpg?fit=800%2C1200&ssl=1&resize=525%2C300 1.5x, https:\/\/i0.wp.com\/zeromagazine.mx\/wp-content\/uploads\/2024\/10\/marihuana-01-scaled.jpg?fit=800%2C1200&ssl=1&resize=700%2C400 2x"},"classes":[]},{"id":49281,"url":"https:\/\/zeromagazine.mx\/index.php\/2021\/07\/02\/j-balvin-y-skrillex-se-unen-en-una-nueva-cancion-in-da-getto\/","url_meta":{"origin":58117,"position":2},"title":"J Balvin y Skrillex se unen en una nueva canci\u00f3n \u201cIn Da Getto\u201d","author":"zeromagazinemx","date":"2 de julio de 2021","format":false,"excerpt":"J Balvin y Skrillex colaboran en una nueva canci\u00f3n, ideal para este verano. Por Mayra Torres \u201cIn Da Getto\u201d es un sencillo que incluye elementos del \u00e9xito de los a\u00f1os 90 \u201cIn De Guetto\u201d de David Morales y The Bad Yard Club. El video captura la energ\u00eda pegajosa del tema\u2026","rel":"","context":"En \u00abEntretenimiento\u00bb","block_context":{"text":"Entretenimiento","link":"https:\/\/zeromagazine.mx\/index.php\/category\/entretenimiento\/"},"img":{"alt_text":"","src":"https:\/\/i0.wp.com\/zeromagazine.mx\/wp-content\/uploads\/2022\/02\/de87a-j-balvin-and-skrillex-by-viviana-garcia-scaled.jpg?fit=1200%2C800&ssl=1&resize=350%2C200","width":350,"height":200,"srcset":"https:\/\/i0.wp.com\/zeromagazine.mx\/wp-content\/uploads\/2022\/02\/de87a-j-balvin-and-skrillex-by-viviana-garcia-scaled.jpg?fit=1200%2C800&ssl=1&resize=350%2C200 1x, https:\/\/i0.wp.com\/zeromagazine.mx\/wp-content\/uploads\/2022\/02\/de87a-j-balvin-and-skrillex-by-viviana-garcia-scaled.jpg?fit=1200%2C800&ssl=1&resize=525%2C300 1.5x, https:\/\/i0.wp.com\/zeromagazine.mx\/wp-content\/uploads\/2022\/02\/de87a-j-balvin-and-skrillex-by-viviana-garcia-scaled.jpg?fit=1200%2C800&ssl=1&resize=700%2C400 2x, https:\/\/i0.wp.com\/zeromagazine.mx\/wp-content\/uploads\/2022\/02\/de87a-j-balvin-and-skrillex-by-viviana-garcia-scaled.jpg?fit=1200%2C800&ssl=1&resize=1050%2C600 3x"},"classes":[]},{"id":47647,"url":"https:\/\/zeromagazine.mx\/index.php\/2021\/06\/13\/conoce-la-nueva-coleccion-de-edicion-especial-de-tommy-jeans\/","url_meta":{"origin":58117,"position":3},"title":"Conoce la nueva colecci\u00f3n de edici\u00f3n especial de Tommy Jeans","author":"zeromagazinemx","date":"13 de junio de 2021","format":false,"excerpt":"En asociaci\u00f3n con VIACOMCBS CONSUMER PRODUCTS Y WARNER BROS. CONSUMER PRODUCTS, Tommy Hilfiger presenta una c\u00e1psula \u00fanica en su g\u00e9nero. Por Mayra Torres El lanzamiento de la c\u00e1psula A Blast From The Past se basa en la larga historia de colaboraciones de Tommy Jeans con la cultura pop, con personajes\u2026","rel":"","context":"En \u00abLifestyle\u00bb","block_context":{"text":"Lifestyle","link":"https:\/\/zeromagazine.mx\/index.php\/category\/lifestyle\/"},"img":{"alt_text":"","src":"","width":0,"height":0},"classes":[]},{"id":99128,"url":"https:\/\/zeromagazine.mx\/index.php\/2025\/03\/19\/rupauls-drag-race-llega-a-mexico\/","url_meta":{"origin":58117,"position":4},"title":"RuPaul\u00b4s Drag Race M\u00e9xico","author":"David Morales","date":"19 de marzo de 2025","format":false,"excerpt":"Amix, prep\u00e1rense porque la gira m\u00e1s ic\u00f3nica y fabulosa del mundo drag est\u00e1 de vuelta. RuPaul\u2019s Drag Race: Werq The World 2025 regresa con todo el glamour que amamos, y esta vez promete ser m\u00e1s espectacular que nunca. Si no quieres perderte del show de drag y glamour sin l\u00edmites\u2026","rel":"","context":"En \u00abEntretenimiento\u00bb","block_context":{"text":"Entretenimiento","link":"https:\/\/zeromagazine.mx\/index.php\/category\/entretenimiento\/"},"img":{"alt_text":"","src":"https:\/\/i0.wp.com\/zeromagazine.mx\/wp-content\/uploads\/2025\/03\/unnamed-3-scaled.jpg?fit=1200%2C600&ssl=1&resize=350%2C200","width":350,"height":200,"srcset":"https:\/\/i0.wp.com\/zeromagazine.mx\/wp-content\/uploads\/2025\/03\/unnamed-3-scaled.jpg?fit=1200%2C600&ssl=1&resize=350%2C200 1x, https:\/\/i0.wp.com\/zeromagazine.mx\/wp-content\/uploads\/2025\/03\/unnamed-3-scaled.jpg?fit=1200%2C600&ssl=1&resize=525%2C300 1.5x, https:\/\/i0.wp.com\/zeromagazine.mx\/wp-content\/uploads\/2025\/03\/unnamed-3-scaled.jpg?fit=1200%2C600&ssl=1&resize=700%2C400 2x, https:\/\/i0.wp.com\/zeromagazine.mx\/wp-content\/uploads\/2025\/03\/unnamed-3-scaled.jpg?fit=1200%2C600&ssl=1&resize=1050%2C600 3x"},"classes":[]},{"id":84206,"url":"https:\/\/zeromagazine.mx\/index.php\/2024\/09\/19\/fat-joes-epic-collab-unveiled\/","url_meta":{"origin":58117,"position":5},"title":"\u00abFat Joe\u2019s Epic Collab Unveiled!\u00bb","author":"zeromagazinemx","date":"19 de septiembre de 2024","format":false,"excerpt":"Si no has escuchado \"Paradise\" de Fat Joe, Anitta, y DJ Khaled, honestly, est\u00e1s perdiendo el track m\u00e1s caliente del momento. Te cuento todo el tea sobre este new hit que ya est\u00e1 rompiendo las playlists de todo el mundo. Despu\u00e9s de una pausa s\u00faper larga, el Bronx legend est\u00e1\u2026","rel":"","context":"En \u00abEntretenimiento\u00bb","block_context":{"text":"Entretenimiento","link":"https:\/\/zeromagazine.mx\/index.php\/category\/entretenimiento\/"},"img":{"alt_text":"","src":"https:\/\/i0.wp.com\/zeromagazine.mx\/wp-content\/uploads\/2024\/09\/Captura-de-pantalla-2024-09-19-a-las-13.41.27.png?fit=860%2C856&ssl=1&resize=350%2C200","width":350,"height":200,"srcset":"https:\/\/i0.wp.com\/zeromagazine.mx\/wp-content\/uploads\/2024\/09\/Captura-de-pantalla-2024-09-19-a-las-13.41.27.png?fit=860%2C856&ssl=1&resize=350%2C200 1x, https:\/\/i0.wp.com\/zeromagazine.mx\/wp-content\/uploads\/2024\/09\/Captura-de-pantalla-2024-09-19-a-las-13.41.27.png?fit=860%2C856&ssl=1&resize=525%2C300 1.5x, https:\/\/i0.wp.com\/zeromagazine.mx\/wp-content\/uploads\/2024\/09\/Captura-de-pantalla-2024-09-19-a-las-13.41.27.png?fit=860%2C856&ssl=1&resize=700%2C400 2x"},"classes":[]}],"jetpack_sharing_enabled":true,"builder_content":"","_links":{"self":[{"href":"https:\/\/zeromagazine.mx\/index.php\/wp-json\/wp\/v2\/posts\/58117","targetHints":{"allow":["GET"]}}],"collection":[{"href":"https:\/\/zeromagazine.mx\/index.php\/wp-json\/wp\/v2\/posts"}],"about":[{"href":"https:\/\/zeromagazine.mx\/index.php\/wp-json\/wp\/v2\/types\/post"}],"author":[{"embeddable":true,"href":"https:\/\/zeromagazine.mx\/index.php\/wp-json\/wp\/v2\/users\/2"}],"replies":[{"embeddable":true,"href":"https:\/\/zeromagazine.mx\/index.php\/wp-json\/wp\/v2\/comments?post=58117"}],"version-history":[{"count":0,"href":"https:\/\/zeromagazine.mx\/index.php\/wp-json\/wp\/v2\/posts\/58117\/revisions"}],"wp:featuredmedia":[{"embeddable":true,"href":"https:\/\/zeromagazine.mx\/index.php\/wp-json\/"}],"wp:attachment":[{"href":"https:\/\/zeromagazine.mx\/index.php\/wp-json\/wp\/v2\/media?parent=58117"}],"wp:term":[{"taxonomy":"category","embeddable":true,"href":"https:\/\/zeromagazine.mx\/index.php\/wp-json\/wp\/v2\/categories?post=58117"},{"taxonomy":"post_tag","embeddable":true,"href":"https:\/\/zeromagazine.mx\/index.php\/wp-json\/wp\/v2\/tags?post=58117"}],"curies":[{"name":"wp","href":"https:\/\/api.w.org\/{rel}","templated":true}]}}