{"id":58278,"date":"2021-11-15T10:30:00","date_gmt":"2021-11-15T16:30:00","guid":{"rendered":"https:\/\/atomic-temporary-84115225.wpcomstaging.com\/?p=58278"},"modified":"2021-11-15T10:30:00","modified_gmt":"2021-11-15T16:30:00","slug":"sandra-echeverria-en-voces","status":"publish","type":"post","link":"https:\/\/zeromagazine.mx\/index.php\/2021\/11\/15\/sandra-echeverria-en-voces\/","title":{"rendered":"Sandra Echeverr\u00eda en \u201cVOCES\u201d"},"content":{"rendered":"\n<p>Llega El Primer Documental De Empoderamiento Femenino En Latinoam\u00e9rica \u201cVoces\u201d A Trav\u00e9s De E! ENTERTAINMENT<\/p>\n\n\n\n<p>A partir de un experimento realizado con Inteligencia Artificial, en el que participaron m\u00e1s de 350 mujeres, este documental cuestiona los c\u00e1nones de la belleza actual en <strong>Latinoam\u00e9rica <\/strong>y plantea un cambio necesario en la sociedad y los medios de comunicaci\u00f3n.<\/p>\n\n\n\n<div class=\"wp-block-image coblocks-animate\"><figure class=\"aligncenter size-large is-resized\"><a href=\"https:\/\/i0.wp.com\/zeromagazinemx.wpcomstaging.com\/wp-content\/uploads\/2022\/02\/35a4e-2.jpg_1.jpg?ssl=1\"><img data-recalc-dims=\"1\" decoding=\"async\" src=\"https:\/\/i0.wp.com\/zeromagazinemx.wpcomstaging.com\/wp-content\/uploads\/2022\/02\/96fa7-2.jpg_1-683x1024.jpg?resize=743%2C1114&#038;ssl=1\" alt=\"\" class=\"wp-image-58313\" width=\"743\" height=\"1114\" \/><\/a><\/figure><\/div>\n\n\n\n<div class=\"wp-block-buttons is-layout-flex wp-block-buttons-is-layout-flex\">\n<div class=\"wp-block-button is-style-outline is-style-outline--1\"><a class=\"wp-block-button__link\">Por Mario Fern\u00e1ndez \u201cFERCAL\u201d<\/a><\/div>\n<\/div>\n\n\n\n<p><strong>En esta ocasi\u00f3n ZeroMagazine tuvo la oportunidad de conversar con la gran actriz y cantante Sandra Echeverria, a quien conocemos por apariciones en melodramas nacionales e internacionales. Se abri\u00f3 paso en el mundo del espect\u00e1culo gracias a su voz, sin imaginar que la m\u00fasica le mostrar\u00eda el camino para descubrir nuevas pasi\u00f3nes: la actuaci\u00f3n. Una mujer con una historia de lucha y esfuerzo, que hoy es una de las estrellas m\u00e1s completas de<\/strong> M\u00e9xico<\/p>\n\n\n\n<p><strong>\u00bfC\u00f3mo te sientes por este nuevo documental VOCES donde lo principal es el empoderamiento femenino?<\/strong><\/p>\n\n\n\n<p><em>\u201cAs\u00ed es, <strong>Voces <\/strong>que saldr\u00e1 el 19 de noviembre, y muy emocionada porque fui una de las voces que escogieron para representar este documental, una de las voces que quer\u00edan escuchar, lo cual es maravilloso. Y estuve al lado de mujeres maravillosas, incre\u00edbles, que admiro much\u00edsimo, todas completamente diferentes y cada una dando su punto de vista a trav\u00e9s de sus experiencias, de lo que han tocado vivir en sus carreras, no del empoderamiento femenino, de las dificultades que han tenido tambi\u00e9n siendo mujeres y sobre este prototipo de belleza que hay. Bueno, cada uno tiene su prototipo de belleza, pero pues s\u00ed, hablando sobre el prototipo de belleza que piden de repente los medios, no que te exigen. As\u00ed es que fue s\u00faper inspiracional, bonito. Realmente aprend\u00ed mucho de escuchar a cada una de las mujeres\u201d.<\/em><\/p>\n\n\n\n<div class=\"wp-block-image coblocks-animate\"><figure class=\"aligncenter size-large is-resized\"><a href=\"https:\/\/i0.wp.com\/zeromagazinemx.wpcomstaging.com\/wp-content\/uploads\/2022\/02\/fcf50-1.jpg_1.jpg?ssl=1\"><img data-recalc-dims=\"1\" decoding=\"async\" src=\"https:\/\/i0.wp.com\/zeromagazinemx.wpcomstaging.com\/wp-content\/uploads\/2022\/02\/f54fb-1.jpg_1-683x1024.jpg?resize=740%2C1109&#038;ssl=1\" alt=\"\" class=\"wp-image-58312\" width=\"740\" height=\"1109\" \/><\/a><\/figure><\/div>\n\n\n\n<p><strong>La reconocemos por sus interpretaciones en diferentes melodramas, uno de los que conten\u00edan un tema fuerte fue la telenovela El Clon, de Telemundo interpretando a una mujer maltratada por la situaci\u00f3n del contexto \u00bfC\u00f3mo te sientes de formar parte ahora en este documental?&nbsp;<\/strong><\/p>\n\n\n\n<p><em>\u201cLa verdad es que hace ratito comentaba que siempre cuando te entrevistan te toca hablar sobre el proyecto que est\u00e1 a punto de estrenarse, pero nunca te toca platicar sobre todas las dificultades que has tenido que pasar a lo largo de los a\u00f1os para llegar a d\u00f3nde est\u00e1s. No, yo tuve que pasar por muchas cosas porque en un principio yo no ten\u00eda la belleza que buscaban en la televisi\u00f3n mexicana. Yo no ten\u00eda los ojos claros, ni ten\u00eda el pelo bueno, ni ten\u00eda el cuerpo voluptuoso, ni no s\u00e9, no era realmente el prototipo. En alg\u00fan momento abren las audiciones para el Col\u00f3n, en donde buscan una mujer como yo, que era sajona y pelo oscuro y tez morena y era m\u00e1s tipo \u00e1rabe. Y entonces ah\u00ed encaje perfecto. Y me qued\u00e9 en ese proyecto. Tuve la suerte de que fue un proyecto con mucho \u00e9xito y a partir de eso me empiezan a buscar para hacer televisi\u00f3n en <strong>M\u00e9xico<\/strong>. Pero porque ya ten\u00eda yo un \u00e9xito, no era porque realmente me estaban buscando. Luego me pas\u00f3 que en cine no me aceptaban porque yo hac\u00eda telenovelas. Entonces dec\u00edan bueno, es que si una actriz de telenovelas, bueno, m\u00e1s bien si eres una actriz de telenovelas eres mala porque haces telenovelas, entonces no puedes hacer cine. Entonces siempre est\u00e1 como peleado una cosa con la otra. Tuve que empezar a hacer cine en <strong>Estados Unidos<\/strong> cuando hice la pel\u00edcula con <strong>Oliver Stone<\/strong> y a partir de eso fue que me empezaron a buscar para hacer cine en M\u00e9xico. Entonces realmente ha sido un camino bastante complicado y hasta el d\u00eda de hoy lo sigue siendo. Hoy en d\u00eda con mi m\u00fasica. Pues es lo mismo, porque no vengo de ning\u00fan legado de los Fern\u00e1ndez ni de los Aguilar.<br \/><br \/>No vengo de vivir del rancho, vengo de vivir de la ciudad. Y entonces siento que la gente que no me merezco yo canta ranchero. Y yo digo bueno, a ver, yo soy mexicana y escucho mariachi desde que tengo nueve a\u00f1os y a mi abuelita le encantaba el mariachi y yo nada m\u00e1s. Por eso creo que tengo derecho de cantar ranchero, no? Pero as\u00ed ha sido tambi\u00e9n una lucha constante y todo el tiempo es una lucha constante. Y bueno, esa es mi historia. Pero tambi\u00e9n me toc\u00f3 escuchar la historia de cada una de ellas. Y todas las historias son complicadas, son dif\u00edciles. Las mujeres siempre tenemos un camino m\u00e1s complicado en todos los aspectos, en los sueldos, en ser aceptadas, en cualquier tipo de cosa. Yo ahora en el g\u00e9nero ranchero, de repente me pongo a escuchar las novedades mexicanas o de repente me invitan a un festival y no hay mujeres. Yo soy la \u00fanica mujer ah\u00ed y yo digo necesitamos m\u00e1s mujeres,&nbsp; \u00bfPor qu\u00e9 no?, la gente no acepta m\u00e1s mujeres, entonces bueno, s\u00ed, es una constante lucha y es algo de lo que estuvimos platicando aqu\u00ed en voces, pero por eso estamos aqu\u00ed, por eso necesitamos compartirlo, para unirnos, para motivarnos y para hacer equipo entre mujeres, porque creo que unidas somos mucho m\u00e1s fuertes y creo que hay que dejar ya a un lado las envidias, los celos, la competencia que siempre hay de repente entre mujeres y m\u00e1s bien hay que agarrarnos las manos y decir venga, vamos a hacerlo juntas, porque claro, vamos a lograrlo, vamos, vamos a hacer\u201d.<\/em><\/p>\n\n\n\n<div class=\"wp-block-image coblocks-animate\"><figure class=\"aligncenter size-large is-resized\"><a href=\"https:\/\/i0.wp.com\/zeromagazinemx.wpcomstaging.com\/wp-content\/uploads\/2022\/02\/54a42-mg_2261_1.jpg?ssl=1\"><img data-recalc-dims=\"1\" decoding=\"async\" src=\"https:\/\/i0.wp.com\/zeromagazinemx.wpcomstaging.com\/wp-content\/uploads\/2022\/02\/54a42-mg_2261_1.jpg?resize=738%2C1106&#038;ssl=1\" alt=\"\" class=\"wp-image-58310\" width=\"738\" height=\"1106\" \/><\/a><\/figure><\/div>\n\n\n\n<p><strong>\u201cVOCES\u201d se suma a una serie de producciones originales de NBC Universal International Networks que promueven estos pilares en E! Entertainment: empoderamiento femenino, diversidad, equidad e inclusi\u00f3n.<\/strong><\/p>\n\n\n\n<p><strong>\u00bfTe sientes en relaci\u00f3n con alguna de las historias de tus compa\u00f1eras en el documental?<\/strong><\/p>\n\n\n\n<p><em>\u201cClaro, entend\u00ed \u00bfc\u00f3mo la dificultad de cada una de nosotras no? Porque pues aqu\u00ed somos seis mujeres, pero realmente somos millones y millones y millones y millones de mujeres que cada una atravesamos diferentes dificultades y no quiero ni pensar lo que pasa en las mujeres en \u00c1frica, por ejemplo, en lugares en donde realmente no hay apoyo econ\u00f3mico y donde debe tener a parir a un hijo, pues ah\u00ed en medio de la tierra ese tipo de cosas. Pero bueno, aqu\u00ed por ejemplo el escuchar a Morgana lo que es una mujer transexual que obviamente la tiene todav\u00eda m\u00e1s dif\u00edcil que nosotros, no, porque no es aceptada en la m\u00fasica, no es aceptada en muchas cosas y adem\u00e1s es un artista espectacular. No sabes c\u00f3mo canta Joan, en alg\u00fan momento la vi cantando en vivo, me acuerdo una vez con mi esposo hace ya varios a\u00f1os y dije qu\u00e9 mujer, c\u00f3mo cantan y luego ya ella misma dijo que era una mujer transexual, que jam\u00e1s te hubieras dado cuenta y justo dec\u00edamos \u00bfpor qu\u00e9 tienes que comentar que eres transexual? \u00bfes realmente algo necesario? y dice, s\u00ed, yo lo hago porque&nbsp; quiero motivar tambi\u00e9n a otros transexuales a que puedan tambi\u00e9n salir a la luz y poder decir, de una forma segura y de una forma orgullosa que son transexuales, entonces para m\u00ed es poderles dar ese ejemplo, y la verdad, para m\u00ed fue bien bonito escuchar eso, que una persona que era motivar a los dem\u00e1s a pesar de que pueda hacer en su contra y de que luego la pueden aceptar menos por eso.<\/em><em><br \/><\/em><em><br \/><\/em><em>Entonces, bueno, as\u00ed cada una aprende, por ejemplo, que me parece hermosa el que la critican mucho por su pelo, lo cual a m\u00ed me parece lo m\u00e1s lindo que tiene. Yo comparto tambi\u00e9n mucho el hecho de c\u00f3mo me critican de repente en las redes sociales, porque si baj\u00e9 de peso, que de chiquita era al rev\u00e9s, yo ten\u00eda que bajar de peso para poder ser talla 2 para poder ser protagonista, porque no pod\u00eda ser protagonista si yo no era talla 2. Y hoy en d\u00eda es al rev\u00e9s de mi madre tambi\u00e9n. Si t\u00fa siempre est\u00e1s como viendo c\u00f3mo la ve, c\u00f3mo la gente te quiere ver y yo creo que eso ya hay que poner un paro y hay que decir a ver, lo importante es estar contento con uno mismo y mandar por un tubo a todos, yo creo que es estar contento con uno mismo, yo estoy contenta conmigo mismo, t\u00fa est\u00e1s contento contigo mismo, entonces no juzgues a los dem\u00e1s\u201d.<\/em>&nbsp;<\/p>\n\n\n\n<div class=\"wp-block-image coblocks-animate\"><figure class=\"aligncenter size-large is-resized\"><a href=\"https:\/\/i0.wp.com\/zeromagazinemx.wpcomstaging.com\/wp-content\/uploads\/2022\/02\/b1f79-mg_2256_1.jpg?ssl=1\"><img data-recalc-dims=\"1\" decoding=\"async\" src=\"https:\/\/i0.wp.com\/zeromagazinemx.wpcomstaging.com\/wp-content\/uploads\/2022\/02\/b1f79-mg_2256_1.jpg?resize=739%2C1108&#038;ssl=1\" alt=\"\" class=\"wp-image-58309\" width=\"739\" height=\"1108\" \/><\/a><\/figure><\/div>\n\n\n\n<p><strong>\u00bfQu\u00e9 te gustar\u00eda decirles a todas estas ni\u00f1as que est\u00e1n aprendiendo poco a poco a levantar la voz, aumentar su empoderamiento y que ya est\u00e1n rompiendo con la normatividad del del machismo no, nada m\u00e1s en M\u00e9xico, en Latinoam\u00e9rica?<\/strong><\/p>\n\n\n\n<p><em>\u201cYo creo que precisamente todo este movimiento de Mit\u00fa y todo no es para nosotros, sino es para ellas, para que en un futuro, cuando ellas crezcan, sean mujeres, pues m\u00e1s seguras, independientes y con este poder de levantar la voz y de poner l\u00edmites desde un principio. O sea que a lo mejor muchas de nosotras no hemos podido hacer por miedo o por no s\u00e9, por miedo no, entonces yo no tengo hijas, tengo un hijo y siempre estoy dici\u00e9ndole t\u00fa tienes que respetar a las mujeres y jam\u00e1s le pones un dedo a una mujer y jam\u00e1s, y trato de hacer eso para que \u00e9l tambi\u00e9n sea un ni\u00f1o en un futuro respetuoso en las mujeres, y lo que quiero tambi\u00e9n con las ni\u00f1as es que crezcan siendo unas ni\u00f1as tambi\u00e9n seguras que puedan disfrutar de su belleza, que no se tengan que limitar de nada, que tengan el poder de hacer sus sue\u00f1os realidad y que nada, nada, nada las limite y que no tengan miedo de hablar<\/em>.<\/p>\n\n\n\n<p class=\"has-text-align-left\"><em>El pr\u00f3ximo 19 de noviembre a las diez de la noche por E! <strong>Entertainment<\/strong>, No se lo pueden perder porque est\u00e1 espectacular y es un debate muy interesante que tiene de todos los momentos, incluso de repente, momentos en los que no estamos de acuerdo y ah\u00ed debatimos medio fuertemente. Pero eso es lo interesante de estos estilos\u201d.<\/em><\/p>\n\n\n\n<p class=\"has-text-align-center\"><strong>\u00bfListos para disfrutar de un documental cargado de empoderamiento?\u0308<\/strong> \u201c<strong>VOCES <\/strong>\u201c, estrena el viernes 19 de noviembre a las 10 pm en LATAM y el domingo 21 en <strong>M\u00e9xico <\/strong>exclusiva por E! <\/p>\n\n\n\n<p class=\"has-text-align-center\"><strong>Sigue a Entertainment en:.<\/strong><br \/><strong>Facebook:<\/strong>Facebook.com\/Eonlinelatino<br \/>I<strong>nstagram: <\/strong>@Eonlinelatino<br \/><strong>Twitter<\/strong>: @Eonlinelatino<br \/><strong>YouTube:<\/strong> youtube.com\/eonlinelatinola<\/p>\n\n\n\n<p class=\"has-text-align-center\"><strong>Sigue a Sandra Echeverr\u00eda en:<\/strong><\/p>\n\n\n\n<p class=\"has-text-align-center\"><strong>Instagram:<\/strong> <a href=\"https:\/\/instagram.com\/sandraecheverriaoficial?utm_medium=copy_link\">@sandraecheverriaoficial<\/a><\/p>\n\n\n\n<p class=\"has-text-align-center\"><strong>Sigue a Mario Fernandez en:<\/strong><\/p>\n\n\n\n<p class=\"has-text-align-center\"><strong>Instagram: <\/strong><a href=\"https:\/\/instagram.com\/mariofercal?utm_medium=copy_link\">@mariofercal<\/a><\/p>\n\n\n\n\n<!--themify_builder_content-->\n<div id=\"themify_builder_content-58278\" data-postid=\"58278\" class=\"themify_builder_content themify_builder_content-58278 themify_builder tf_clear\">\n    <\/div>\n<!--\/themify_builder_content-->\n","protected":false},"excerpt":{"rendered":"<p>Llega El Primer Documental De Empoderamiento Femenino En Latinoam\u00e9rica \u201cVoces\u201d A Trav\u00e9s De E! ENTERTAINMENT A partir de un experimento realizado con Inteligencia Artificial, en el que participaron m\u00e1s de 350 mujeres, este documental cuestiona los c\u00e1nones de la belleza actual en Latinoam\u00e9rica y plantea un cambio necesario en la sociedad y los medios de [&hellip;]<\/p>\n","protected":false},"author":2,"featured_media":58311,"comment_status":"open","ping_status":"open","sticky":false,"template":"","format":"standard","meta":{"_jetpack_memberships_contains_paid_content":false,"footnotes":"","jetpack_publicize_message":"Sandra Echeverria nos comparte su experiencia al formar parte de \u201c#Voces\u201d el primer #Documental de #Empoderamiento Femenino en Latinoam\u00e9rica que cuestiona los c\u00e1nones de la #belleza actual en Latinoam\u00e9rica y plantea un cambio necesario en la #sociedad","jetpack_publicize_feature_enabled":true,"jetpack_social_post_already_shared":true,"jetpack_social_options":{"image_generator_settings":{"template":"highway","default_image_id":0,"font":"","enabled":false},"version":2}},"categories":[117,91],"tags":[6518,375,543,144,2504,6519,6520,6521],"class_list":["post-58278","post","type-post","status-publish","format-standard","has-post-thumbnail","hentry","category-entretenimiento","category-entrevistas","tag-entertainment","tag-estados-unidos","tag-latinoamerica","tag-mexico","tag-oliver-stone","tag-sandra-echeverria","tag-voces","tag-zeromagazine","has-post-title","has-post-date","has-post-category","has-post-tag","has-post-comment","has-post-author",""],"yoast_head":"<!-- This site is optimized with the Yoast SEO plugin v27.5 - https:\/\/yoast.com\/product\/yoast-seo-wordpress\/ -->\n<title>Sandra Echeverr\u00eda en \u201cVOCES\u201d - Zero Magazine<\/title>\n<meta name=\"robots\" content=\"index, follow, max-snippet:-1, max-image-preview:large, max-video-preview:-1\" \/>\n<link rel=\"canonical\" href=\"https:\/\/zeromagazine.mx\/index.php\/2021\/11\/15\/sandra-echeverria-en-voces\/\" \/>\n<meta property=\"og:locale\" content=\"es_ES\" \/>\n<meta property=\"og:type\" content=\"article\" \/>\n<meta property=\"og:title\" content=\"Sandra Echeverr\u00eda en \u201cVOCES\u201d - Zero Magazine\" \/>\n<meta property=\"og:description\" content=\"Llega El Primer Documental De Empoderamiento Femenino En Latinoam\u00e9rica \u201cVoces\u201d A Trav\u00e9s De E! ENTERTAINMENT A partir de un experimento realizado con Inteligencia Artificial, en el que participaron m\u00e1s de 350 mujeres, este documental cuestiona los c\u00e1nones de la belleza actual en Latinoam\u00e9rica y plantea un cambio necesario en la sociedad y los medios de [&hellip;]\" \/>\n<meta property=\"og:url\" content=\"https:\/\/zeromagazine.mx\/index.php\/2021\/11\/15\/sandra-echeverria-en-voces\/\" \/>\n<meta property=\"og:site_name\" content=\"Zero Magazine\" \/>\n<meta property=\"article:published_time\" content=\"2021-11-15T16:30:00+00:00\" \/>\n<meta name=\"author\" content=\"zeromagazinemx\" \/>\n<meta name=\"twitter:card\" content=\"summary_large_image\" \/>\n<meta name=\"twitter:label1\" content=\"Escrito por\" \/>\n\t<meta name=\"twitter:data1\" content=\"zeromagazinemx\" \/>\n\t<meta name=\"twitter:label2\" content=\"Tiempo de lectura\" \/>\n\t<meta name=\"twitter:data2\" content=\"9 minutos\" \/>\n<script type=\"application\/ld+json\" class=\"yoast-schema-graph\">{\"@context\":\"https:\\\/\\\/schema.org\",\"@graph\":[{\"@type\":\"Article\",\"@id\":\"https:\\\/\\\/zeromagazine.mx\\\/index.php\\\/2021\\\/11\\\/15\\\/sandra-echeverria-en-voces\\\/#article\",\"isPartOf\":{\"@id\":\"https:\\\/\\\/zeromagazine.mx\\\/index.php\\\/2021\\\/11\\\/15\\\/sandra-echeverria-en-voces\\\/\"},\"author\":{\"name\":\"zeromagazinemx\",\"@id\":\"https:\\\/\\\/zeromagazine.mx\\\/#\\\/schema\\\/person\\\/9aed9f33a7c39af3a348b86d723f7773\"},\"headline\":\"Sandra Echeverr\u00eda en \u201cVOCES\u201d\",\"datePublished\":\"2021-11-15T16:30:00+00:00\",\"mainEntityOfPage\":{\"@id\":\"https:\\\/\\\/zeromagazine.mx\\\/index.php\\\/2021\\\/11\\\/15\\\/sandra-echeverria-en-voces\\\/\"},\"wordCount\":1819,\"commentCount\":0,\"publisher\":{\"@id\":\"https:\\\/\\\/zeromagazine.mx\\\/#organization\"},\"image\":{\"@id\":\"https:\\\/\\\/zeromagazine.mx\\\/index.php\\\/2021\\\/11\\\/15\\\/sandra-echeverria-en-voces\\\/#primaryimage\"},\"thumbnailUrl\":\"\",\"keywords\":[\"Entertainment\",\"Estados Unidos\",\"latinoamerica\",\"M\u00c9XICO\",\"Oliver Stone\",\"Sandra Echeverr\u00eda\",\"VOCES\",\"ZeroMagazine\"],\"articleSection\":[\"Entretenimiento\",\"Entrevistas\"],\"inLanguage\":\"es\",\"potentialAction\":[{\"@type\":\"CommentAction\",\"name\":\"Comment\",\"target\":[\"https:\\\/\\\/zeromagazine.mx\\\/index.php\\\/2021\\\/11\\\/15\\\/sandra-echeverria-en-voces\\\/#respond\"]}]},{\"@type\":\"WebPage\",\"@id\":\"https:\\\/\\\/zeromagazine.mx\\\/index.php\\\/2021\\\/11\\\/15\\\/sandra-echeverria-en-voces\\\/\",\"url\":\"https:\\\/\\\/zeromagazine.mx\\\/index.php\\\/2021\\\/11\\\/15\\\/sandra-echeverria-en-voces\\\/\",\"name\":\"Sandra Echeverr\u00eda en \u201cVOCES\u201d - Zero Magazine\",\"isPartOf\":{\"@id\":\"https:\\\/\\\/zeromagazine.mx\\\/#website\"},\"primaryImageOfPage\":{\"@id\":\"https:\\\/\\\/zeromagazine.mx\\\/index.php\\\/2021\\\/11\\\/15\\\/sandra-echeverria-en-voces\\\/#primaryimage\"},\"image\":{\"@id\":\"https:\\\/\\\/zeromagazine.mx\\\/index.php\\\/2021\\\/11\\\/15\\\/sandra-echeverria-en-voces\\\/#primaryimage\"},\"thumbnailUrl\":\"\",\"datePublished\":\"2021-11-15T16:30:00+00:00\",\"breadcrumb\":{\"@id\":\"https:\\\/\\\/zeromagazine.mx\\\/index.php\\\/2021\\\/11\\\/15\\\/sandra-echeverria-en-voces\\\/#breadcrumb\"},\"inLanguage\":\"es\",\"potentialAction\":[{\"@type\":\"ReadAction\",\"target\":[\"https:\\\/\\\/zeromagazine.mx\\\/index.php\\\/2021\\\/11\\\/15\\\/sandra-echeverria-en-voces\\\/\"]}]},{\"@type\":\"ImageObject\",\"inLanguage\":\"es\",\"@id\":\"https:\\\/\\\/zeromagazine.mx\\\/index.php\\\/2021\\\/11\\\/15\\\/sandra-echeverria-en-voces\\\/#primaryimage\",\"url\":\"\",\"contentUrl\":\"\"},{\"@type\":\"BreadcrumbList\",\"@id\":\"https:\\\/\\\/zeromagazine.mx\\\/index.php\\\/2021\\\/11\\\/15\\\/sandra-echeverria-en-voces\\\/#breadcrumb\",\"itemListElement\":[{\"@type\":\"ListItem\",\"position\":1,\"name\":\"Portada\",\"item\":\"https:\\\/\\\/zeromagazine.mx\\\/\"},{\"@type\":\"ListItem\",\"position\":2,\"name\":\"Sandra Echeverr\u00eda en \u201cVOCES\u201d\"}]},{\"@type\":\"WebSite\",\"@id\":\"https:\\\/\\\/zeromagazine.mx\\\/#website\",\"url\":\"https:\\\/\\\/zeromagazine.mx\\\/\",\"name\":\"Zero Magazine\",\"description\":\"\",\"publisher\":{\"@id\":\"https:\\\/\\\/zeromagazine.mx\\\/#organization\"},\"potentialAction\":[{\"@type\":\"SearchAction\",\"target\":{\"@type\":\"EntryPoint\",\"urlTemplate\":\"https:\\\/\\\/zeromagazine.mx\\\/?s={search_term_string}\"},\"query-input\":{\"@type\":\"PropertyValueSpecification\",\"valueRequired\":true,\"valueName\":\"search_term_string\"}}],\"inLanguage\":\"es\"},{\"@type\":\"Organization\",\"@id\":\"https:\\\/\\\/zeromagazine.mx\\\/#organization\",\"name\":\"Zero Magazine\",\"url\":\"https:\\\/\\\/zeromagazine.mx\\\/\",\"logo\":{\"@type\":\"ImageObject\",\"inLanguage\":\"es\",\"@id\":\"https:\\\/\\\/zeromagazine.mx\\\/#\\\/schema\\\/logo\\\/image\\\/\",\"url\":\"https:\\\/\\\/i0.wp.com\\\/zeromagazine.mx\\\/wp-content\\\/uploads\\\/2025\\\/11\\\/1.jpeg?fit=1000%2C1000&ssl=1\",\"contentUrl\":\"https:\\\/\\\/i0.wp.com\\\/zeromagazine.mx\\\/wp-content\\\/uploads\\\/2025\\\/11\\\/1.jpeg?fit=1000%2C1000&ssl=1\",\"width\":1000,\"height\":1000,\"caption\":\"Zero Magazine\"},\"image\":{\"@id\":\"https:\\\/\\\/zeromagazine.mx\\\/#\\\/schema\\\/logo\\\/image\\\/\"},\"sameAs\":[\"https:\\\/\\\/instagram.com\\\/zeromagazinemx\"]},{\"@type\":\"Person\",\"@id\":\"https:\\\/\\\/zeromagazine.mx\\\/#\\\/schema\\\/person\\\/9aed9f33a7c39af3a348b86d723f7773\",\"name\":\"zeromagazinemx\",\"image\":{\"@type\":\"ImageObject\",\"inLanguage\":\"es\",\"@id\":\"https:\\\/\\\/zeromagazine.mx\\\/wp-content\\\/litespeed\\\/avatar\\\/f91dfe5410d5dcb1a576bf8c45983896.jpg?ver=1777571230\",\"url\":\"https:\\\/\\\/zeromagazine.mx\\\/wp-content\\\/litespeed\\\/avatar\\\/f91dfe5410d5dcb1a576bf8c45983896.jpg?ver=1777571230\",\"contentUrl\":\"https:\\\/\\\/zeromagazine.mx\\\/wp-content\\\/litespeed\\\/avatar\\\/f91dfe5410d5dcb1a576bf8c45983896.jpg?ver=1777571230\",\"caption\":\"zeromagazinemx\"},\"url\":\"https:\\\/\\\/zeromagazine.mx\\\/index.php\\\/author\\\/zeromagazinemx\\\/\"}]}<\/script>\n<!-- \/ Yoast SEO plugin. -->","yoast_head_json":{"title":"Sandra Echeverr\u00eda en \u201cVOCES\u201d - Zero Magazine","robots":{"index":"index","follow":"follow","max-snippet":"max-snippet:-1","max-image-preview":"max-image-preview:large","max-video-preview":"max-video-preview:-1"},"canonical":"https:\/\/zeromagazine.mx\/index.php\/2021\/11\/15\/sandra-echeverria-en-voces\/","og_locale":"es_ES","og_type":"article","og_title":"Sandra Echeverr\u00eda en \u201cVOCES\u201d - Zero Magazine","og_description":"Llega El Primer Documental De Empoderamiento Femenino En Latinoam\u00e9rica \u201cVoces\u201d A Trav\u00e9s De E! ENTERTAINMENT A partir de un experimento realizado con Inteligencia Artificial, en el que participaron m\u00e1s de 350 mujeres, este documental cuestiona los c\u00e1nones de la belleza actual en Latinoam\u00e9rica y plantea un cambio necesario en la sociedad y los medios de [&hellip;]","og_url":"https:\/\/zeromagazine.mx\/index.php\/2021\/11\/15\/sandra-echeverria-en-voces\/","og_site_name":"Zero Magazine","article_published_time":"2021-11-15T16:30:00+00:00","author":"zeromagazinemx","twitter_card":"summary_large_image","twitter_misc":{"Escrito por":"zeromagazinemx","Tiempo de lectura":"9 minutos"},"schema":{"@context":"https:\/\/schema.org","@graph":[{"@type":"Article","@id":"https:\/\/zeromagazine.mx\/index.php\/2021\/11\/15\/sandra-echeverria-en-voces\/#article","isPartOf":{"@id":"https:\/\/zeromagazine.mx\/index.php\/2021\/11\/15\/sandra-echeverria-en-voces\/"},"author":{"name":"zeromagazinemx","@id":"https:\/\/zeromagazine.mx\/#\/schema\/person\/9aed9f33a7c39af3a348b86d723f7773"},"headline":"Sandra Echeverr\u00eda en \u201cVOCES\u201d","datePublished":"2021-11-15T16:30:00+00:00","mainEntityOfPage":{"@id":"https:\/\/zeromagazine.mx\/index.php\/2021\/11\/15\/sandra-echeverria-en-voces\/"},"wordCount":1819,"commentCount":0,"publisher":{"@id":"https:\/\/zeromagazine.mx\/#organization"},"image":{"@id":"https:\/\/zeromagazine.mx\/index.php\/2021\/11\/15\/sandra-echeverria-en-voces\/#primaryimage"},"thumbnailUrl":"","keywords":["Entertainment","Estados Unidos","latinoamerica","M\u00c9XICO","Oliver Stone","Sandra Echeverr\u00eda","VOCES","ZeroMagazine"],"articleSection":["Entretenimiento","Entrevistas"],"inLanguage":"es","potentialAction":[{"@type":"CommentAction","name":"Comment","target":["https:\/\/zeromagazine.mx\/index.php\/2021\/11\/15\/sandra-echeverria-en-voces\/#respond"]}]},{"@type":"WebPage","@id":"https:\/\/zeromagazine.mx\/index.php\/2021\/11\/15\/sandra-echeverria-en-voces\/","url":"https:\/\/zeromagazine.mx\/index.php\/2021\/11\/15\/sandra-echeverria-en-voces\/","name":"Sandra Echeverr\u00eda en \u201cVOCES\u201d - Zero Magazine","isPartOf":{"@id":"https:\/\/zeromagazine.mx\/#website"},"primaryImageOfPage":{"@id":"https:\/\/zeromagazine.mx\/index.php\/2021\/11\/15\/sandra-echeverria-en-voces\/#primaryimage"},"image":{"@id":"https:\/\/zeromagazine.mx\/index.php\/2021\/11\/15\/sandra-echeverria-en-voces\/#primaryimage"},"thumbnailUrl":"","datePublished":"2021-11-15T16:30:00+00:00","breadcrumb":{"@id":"https:\/\/zeromagazine.mx\/index.php\/2021\/11\/15\/sandra-echeverria-en-voces\/#breadcrumb"},"inLanguage":"es","potentialAction":[{"@type":"ReadAction","target":["https:\/\/zeromagazine.mx\/index.php\/2021\/11\/15\/sandra-echeverria-en-voces\/"]}]},{"@type":"ImageObject","inLanguage":"es","@id":"https:\/\/zeromagazine.mx\/index.php\/2021\/11\/15\/sandra-echeverria-en-voces\/#primaryimage","url":"","contentUrl":""},{"@type":"BreadcrumbList","@id":"https:\/\/zeromagazine.mx\/index.php\/2021\/11\/15\/sandra-echeverria-en-voces\/#breadcrumb","itemListElement":[{"@type":"ListItem","position":1,"name":"Portada","item":"https:\/\/zeromagazine.mx\/"},{"@type":"ListItem","position":2,"name":"Sandra Echeverr\u00eda en \u201cVOCES\u201d"}]},{"@type":"WebSite","@id":"https:\/\/zeromagazine.mx\/#website","url":"https:\/\/zeromagazine.mx\/","name":"Zero Magazine","description":"","publisher":{"@id":"https:\/\/zeromagazine.mx\/#organization"},"potentialAction":[{"@type":"SearchAction","target":{"@type":"EntryPoint","urlTemplate":"https:\/\/zeromagazine.mx\/?s={search_term_string}"},"query-input":{"@type":"PropertyValueSpecification","valueRequired":true,"valueName":"search_term_string"}}],"inLanguage":"es"},{"@type":"Organization","@id":"https:\/\/zeromagazine.mx\/#organization","name":"Zero Magazine","url":"https:\/\/zeromagazine.mx\/","logo":{"@type":"ImageObject","inLanguage":"es","@id":"https:\/\/zeromagazine.mx\/#\/schema\/logo\/image\/","url":"https:\/\/i0.wp.com\/zeromagazine.mx\/wp-content\/uploads\/2025\/11\/1.jpeg?fit=1000%2C1000&ssl=1","contentUrl":"https:\/\/i0.wp.com\/zeromagazine.mx\/wp-content\/uploads\/2025\/11\/1.jpeg?fit=1000%2C1000&ssl=1","width":1000,"height":1000,"caption":"Zero Magazine"},"image":{"@id":"https:\/\/zeromagazine.mx\/#\/schema\/logo\/image\/"},"sameAs":["https:\/\/instagram.com\/zeromagazinemx"]},{"@type":"Person","@id":"https:\/\/zeromagazine.mx\/#\/schema\/person\/9aed9f33a7c39af3a348b86d723f7773","name":"zeromagazinemx","image":{"@type":"ImageObject","inLanguage":"es","@id":"https:\/\/zeromagazine.mx\/wp-content\/litespeed\/avatar\/f91dfe5410d5dcb1a576bf8c45983896.jpg?ver=1777571230","url":"https:\/\/zeromagazine.mx\/wp-content\/litespeed\/avatar\/f91dfe5410d5dcb1a576bf8c45983896.jpg?ver=1777571230","contentUrl":"https:\/\/zeromagazine.mx\/wp-content\/litespeed\/avatar\/f91dfe5410d5dcb1a576bf8c45983896.jpg?ver=1777571230","caption":"zeromagazinemx"},"url":"https:\/\/zeromagazine.mx\/index.php\/author\/zeromagazinemx\/"}]}},"jetpack_publicize_connections":[],"jetpack_featured_media_url":"","jetpack-related-posts":[{"id":77146,"url":"https:\/\/zeromagazine.mx\/index.php\/2024\/06\/04\/brilla-con-orgullo-junio-el-mes-de-las-voces-lgbtq-en-grandes-historias\/","url_meta":{"origin":58278,"position":0},"title":"Brilla con Orgullo: Junio, el Mes de las Voces LGBTQ+ en Grandes Historias","author":"David Morales","date":"4 de junio de 2024","format":false,"excerpt":"Chicxs, prep\u00e1rense para un mes lleno de orgullo y diversidad en la pantalla! \u00bfYa escucharon sobre todas las colecciones especiales que Max, HBO, TNT, Cinemax, Discovery y Discovery Home & Health tienen preparadas para celebrar el mes del orgullo LGBTQ+? Es una oportunidad incre\u00edble para sumergirse en historias poderosas que\u2026","rel":"","context":"En \u00abBlog\u00bb","block_context":{"text":"Blog","link":"https:\/\/zeromagazine.mx\/index.php\/category\/blog\/"},"img":{"alt_text":"","src":"https:\/\/i0.wp.com\/zeromagazine.mx\/wp-content\/uploads\/2024\/06\/unnamed-7.png?fit=1200%2C293&ssl=1&resize=350%2C200","width":350,"height":200,"srcset":"https:\/\/i0.wp.com\/zeromagazine.mx\/wp-content\/uploads\/2024\/06\/unnamed-7.png?fit=1200%2C293&ssl=1&resize=350%2C200 1x, https:\/\/i0.wp.com\/zeromagazine.mx\/wp-content\/uploads\/2024\/06\/unnamed-7.png?fit=1200%2C293&ssl=1&resize=525%2C300 1.5x, https:\/\/i0.wp.com\/zeromagazine.mx\/wp-content\/uploads\/2024\/06\/unnamed-7.png?fit=1200%2C293&ssl=1&resize=700%2C400 2x, https:\/\/i0.wp.com\/zeromagazine.mx\/wp-content\/uploads\/2024\/06\/unnamed-7.png?fit=1200%2C293&ssl=1&resize=1050%2C600 3x"},"classes":[]},{"id":54731,"url":"https:\/\/zeromagazine.mx\/index.php\/2021\/09\/16\/comala-un-apasionante-documental-sobre-la-identidad-de-gian-cassini\/","url_meta":{"origin":58278,"position":1},"title":"Comala, un apasionante documental sobre la identidad de Gian Cassini","author":"zeromagazinemx","date":"16 de septiembre de 2021","format":false,"excerpt":"Comala es un documental sobre la identidad de su director Gian Cassini y tendr\u00e1 su premiere mundial en el Toronto International Film Festival. Por Moises Kushelevich Bajo la producci\u00f3n de IMAGYX Entertainment y La Levedad Producciones con el apoyo de FOPROCINE, Comala, documental filmado en Monterrey, Nuevo Le\u00f3n tendr\u00e1 su\u2026","rel":"","context":"En \u00abCine\u00bb","block_context":{"text":"Cine","link":"https:\/\/zeromagazine.mx\/index.php\/category\/entretenimiento\/cine\/"},"img":{"alt_text":"","src":"https:\/\/i0.wp.com\/img.youtube.com\/vi\/Y_ed5VYD_PA\/0.jpg?resize=350%2C200","width":350,"height":200},"classes":[]},{"id":106366,"url":"https:\/\/zeromagazine.mx\/index.php\/2025\/06\/26\/elenco-pitufos\/","url_meta":{"origin":58278,"position":2},"title":"Elenco Pitufos: pura magia azul","author":"David Morales","date":"26 de junio de 2025","format":false,"excerpt":"Si pensabas que este verano no pod\u00eda ponerse m\u00e1s m\u00e1gico, prep\u00e1rate porque el Elenco Pitufos lleg\u00f3 a hacerte sonre\u00edr, cantar y revivir tu infancia con glitter. Este 17 de julio se estrena \u201cPITUFOS\u201d, la nueva joyita de Paramount Animation en colaboraci\u00f3n con Domain Entertainment y una producci\u00f3n donde hasta Rihanna\u2026","rel":"","context":"En \u00abEntretenimiento\u00bb","block_context":{"text":"Entretenimiento","link":"https:\/\/zeromagazine.mx\/index.php\/category\/entretenimiento\/"},"img":{"alt_text":"","src":"https:\/\/i0.wp.com\/zeromagazine.mx\/wp-content\/uploads\/2025\/06\/unnamed-1-1.png?fit=1200%2C492&ssl=1&resize=350%2C200","width":350,"height":200,"srcset":"https:\/\/i0.wp.com\/zeromagazine.mx\/wp-content\/uploads\/2025\/06\/unnamed-1-1.png?fit=1200%2C492&ssl=1&resize=350%2C200 1x, https:\/\/i0.wp.com\/zeromagazine.mx\/wp-content\/uploads\/2025\/06\/unnamed-1-1.png?fit=1200%2C492&ssl=1&resize=525%2C300 1.5x, https:\/\/i0.wp.com\/zeromagazine.mx\/wp-content\/uploads\/2025\/06\/unnamed-1-1.png?fit=1200%2C492&ssl=1&resize=700%2C400 2x, https:\/\/i0.wp.com\/zeromagazine.mx\/wp-content\/uploads\/2025\/06\/unnamed-1-1.png?fit=1200%2C492&ssl=1&resize=1050%2C600 3x"},"classes":[]},{"id":114327,"url":"https:\/\/zeromagazine.mx\/index.php\/2026\/01\/29\/ficm-2026-fechas-festival-cine-morelia\/","url_meta":{"origin":58278,"position":3},"title":"FICM 2026: Fechas Oficiales Reveladas","author":"zeromagazinemx","date":"29 de enero de 2026","format":false,"excerpt":"Si amas el cine mexicano, los festivales con vibe cultural y los eventos donde se mezclan estrenos, talento emergente y glamour cin\u00e9filo, el FICM 2026 ya tiene fechas \u2014y s\u00ed, es momento de ir apartando octubre en tu calendario. El Festival Internacional de Cine de Morelia (FICM) celebrar\u00e1 su 24a\u2026","rel":"","context":"En \u00abCine\u00bb","block_context":{"text":"Cine","link":"https:\/\/zeromagazine.mx\/index.php\/category\/entretenimiento\/cine\/"},"img":{"alt_text":"","src":"","width":0,"height":0},"classes":[]},{"id":79758,"url":"https:\/\/zeromagazine.mx\/index.php\/2024\/06\/29\/christian-chavez-y-su-impactante-documental\/","url_meta":{"origin":58278,"position":4},"title":"Christian Ch\u00e1vez y su Impactante Documental","author":"zeromagazinemx","date":"29 de junio de 2024","format":false,"excerpt":"\u00bfYa escucharon del evento s\u00faper exclusivo donde Christian Ch\u00e1vez lanz\u00f3 el cartel de su nuevo documental \"Puto\"? \u00a1Fue una noche que marc\u00f3 historia en la comunidad LGBTIQ+! Aqu\u00ed te cuento todos los detalles. Para empezar, la galer\u00eda de fotos de David Lachapelle fue el escenario perfecto para esta presentaci\u00f3n organizada\u2026","rel":"","context":"En \u00abBlog\u00bb","block_context":{"text":"Blog","link":"https:\/\/zeromagazine.mx\/index.php\/category\/blog\/"},"img":{"alt_text":"","src":"https:\/\/i0.wp.com\/zeromagazine.mx\/wp-content\/uploads\/2024\/06\/LJcTQHkG-scaled.jpeg?fit=800%2C1200&ssl=1&resize=350%2C200","width":350,"height":200,"srcset":"https:\/\/i0.wp.com\/zeromagazine.mx\/wp-content\/uploads\/2024\/06\/LJcTQHkG-scaled.jpeg?fit=800%2C1200&ssl=1&resize=350%2C200 1x, https:\/\/i0.wp.com\/zeromagazine.mx\/wp-content\/uploads\/2024\/06\/LJcTQHkG-scaled.jpeg?fit=800%2C1200&ssl=1&resize=525%2C300 1.5x, https:\/\/i0.wp.com\/zeromagazine.mx\/wp-content\/uploads\/2024\/06\/LJcTQHkG-scaled.jpeg?fit=800%2C1200&ssl=1&resize=700%2C400 2x"},"classes":[]},{"id":49169,"url":"https:\/\/zeromagazine.mx\/index.php\/2021\/06\/30\/hbo-max-ya-esta-disponible-en-mexico-y-38-territorios-de-latinoamerica-y-el-caribe-a-partir-de-hoy\/","url_meta":{"origin":58278,"position":5},"title":"HBO Max ya est\u00e1 disponible en M\u00e9xico y 38 territorios de Latinoam\u00e9rica y el Caribe a partir de Hoy","author":"zeromagazinemx","date":"30 de junio de 2021","format":false,"excerpt":"La nueva plataforma lleg\u00f3 a M\u00e9xico con una promoci\u00f3n \u00e9pica de 50% de descuento para aquellos que se suscriban desde el 29 de junio al 31 de julio que podr\u00e1s conservar manteniendo tu suscripci\u00f3n vigente. Por Moises Kushelevich A partir de hoy podr\u00e1s disfrutar del grandioso y entretenido contenido de\u2026","rel":"","context":"En \u00abCine\u00bb","block_context":{"text":"Cine","link":"https:\/\/zeromagazine.mx\/index.php\/category\/entretenimiento\/cine\/"},"img":{"alt_text":"","src":"","width":0,"height":0},"classes":[]}],"jetpack_sharing_enabled":true,"builder_content":"","_links":{"self":[{"href":"https:\/\/zeromagazine.mx\/index.php\/wp-json\/wp\/v2\/posts\/58278","targetHints":{"allow":["GET"]}}],"collection":[{"href":"https:\/\/zeromagazine.mx\/index.php\/wp-json\/wp\/v2\/posts"}],"about":[{"href":"https:\/\/zeromagazine.mx\/index.php\/wp-json\/wp\/v2\/types\/post"}],"author":[{"embeddable":true,"href":"https:\/\/zeromagazine.mx\/index.php\/wp-json\/wp\/v2\/users\/2"}],"replies":[{"embeddable":true,"href":"https:\/\/zeromagazine.mx\/index.php\/wp-json\/wp\/v2\/comments?post=58278"}],"version-history":[{"count":0,"href":"https:\/\/zeromagazine.mx\/index.php\/wp-json\/wp\/v2\/posts\/58278\/revisions"}],"wp:featuredmedia":[{"embeddable":true,"href":"https:\/\/zeromagazine.mx\/index.php\/wp-json\/"}],"wp:attachment":[{"href":"https:\/\/zeromagazine.mx\/index.php\/wp-json\/wp\/v2\/media?parent=58278"}],"wp:term":[{"taxonomy":"category","embeddable":true,"href":"https:\/\/zeromagazine.mx\/index.php\/wp-json\/wp\/v2\/categories?post=58278"},{"taxonomy":"post_tag","embeddable":true,"href":"https:\/\/zeromagazine.mx\/index.php\/wp-json\/wp\/v2\/tags?post=58278"}],"curies":[{"name":"wp","href":"https:\/\/api.w.org\/{rel}","templated":true}]}}