{"id":62033,"date":"2022-01-04T10:10:16","date_gmt":"2022-01-04T16:10:16","guid":{"rendered":"https:\/\/atomic-temporary-84115225.wpcomstaging.com\/?p=62033"},"modified":"2023-12-07T20:22:46","modified_gmt":"2023-12-07T19:22:46","slug":"anuel-aa-el-placer-de-ser","status":"publish","type":"post","link":"https:\/\/zeromagazine.mx\/index.php\/2022\/01\/04\/anuel-aa-el-placer-de-ser\/","title":{"rendered":"ANUEL AA: EL PLACER DE SER"},"content":{"rendered":"<figure class=\"wp-block-image size-large is-style-default has-lightbox\"><a href=\"https:\/\/i0.wp.com\/zeromagazinemx.wpcomstaging.com\/wp-content\/uploads\/2022\/02\/b5b4d-4ce7a824-4d86-4bd1-84b1-f8cf5d109691.png?ssl=1\"><img data-recalc-dims=\"1\" decoding=\"async\" src=\"https:\/\/i0.wp.com\/zeromagazinemx.wpcomstaging.com\/wp-content\/uploads\/2022\/02\/b5b4d-4ce7a824-4d86-4bd1-84b1-f8cf5d109691.png?w=1165&#038;ssl=1\" alt=\"\" class=\"wp-image-62035\" \/><\/a><\/figure>\n\n\n\n\n\n<p>Por: Baby Llama y Mario Fern\u00e1ndez \u00abFercal\u00bb<br>Fotos: Cortes\u00eda Nini Veras \/ NVMPR<\/p>\n\n\n\n<p>Comienza el 2022 y con \u00e9l una nueva era para Zero Magazine Mx, estrenamos nueva imagen, nuevos objetivos, y qui\u00e9n mejor para iniciar este renacer que el \u00fanico ANUEL AA. Con quien tuvimos el placer de platicar largo y tendido sobre sus nuevos proyectos, su carrera y su manera tan \u00fanica de hacer las cosas, siempre con el placer de ser \u00e9l mismo.<\/p>\n\n\n\n<p><strong>Baby Llama: Ya pudimos ver tres entregas de videos dirigidos por ti enfocados en Michael Jordan, Coby y Clemente, \u00bfTodo el disco Las Leyendas Nunca Mueren gira alrededor de leyendas deportivas?&nbsp;<\/strong><\/p>\n\n\n\n<p>Adelanto no puedo pero mira, quiero que sea toda una sorpresa para mi p\u00fablico y que se lo gocen bien. Pero, s\u00ed, tengo una jodienda que viene ahora, que voy a sacar. Ahora estoy estudiando el \u00e1lbum, el arte, cuidando el concepto. Pero s\u00ed o s\u00ed por gusto personal voy hacer el video de North Carolina y el video de McGregor. <\/p>\n\n\n\n<p>El del intro estoy pensando hacerlo pero lo que pasa es que como salen tantas voces tendr\u00eda no s\u00e9, que aplicar todas las voces y poner: una voz, verso, una voz, verso. Y tampoco quiero cambiarla mucho para el video. Pero los videos van a estar en el mismo concepto, no necesariamente tiene que ser una leyenda del deporte, puede ser Tupac, por ejemplo, en el video de Llorando en un Ferrari yo salgo en partes como McGregor y en partes como Tupac y son distintos tipos de leyendas.<\/p>\n\n\n\n<figure class=\"wp-block-image size-large\"><a href=\"https:\/\/i0.wp.com\/zeromagazinemx.wpcomstaging.com\/wp-content\/uploads\/2022\/02\/b3078-942711e6-65e8-4b1a-a9fb-53548a6d8f22.jpeg?ssl=1\"><img data-recalc-dims=\"1\" decoding=\"async\" src=\"https:\/\/i0.wp.com\/zeromagazinemx.wpcomstaging.com\/wp-content\/uploads\/2022\/02\/b3078-942711e6-65e8-4b1a-a9fb-53548a6d8f22.jpeg?w=1165&#038;ssl=1\" alt=\"\" class=\"wp-image-62199\" \/><\/a><\/figure>\n\n\n\n\n\n<p><strong>Baby Llama: En este tema del deporte aprovecho para felicitarte por el triunfo en la liga de Baloncesto Superior Nacional (BSN) de los Capitanes de Arecibo. La pregunta es si \u00bfLa decisi\u00f3n de la tem\u00e1tica del disco tiene que ver con la reciente adquisici\u00f3n del equipo?<\/strong><\/p>\n\n\n\n<p>Cualquiera dir\u00eda que lo plane\u00e9 y no, pas\u00f3 bien genuino. Frabian y yo llev\u00e1bamos tiempito viendo lo de comprar un equipo pero como que no nos hab\u00edamos puesto full full. Fue todo un proceso en lo que lo logramos pero, acho, paso bien genuinamente y ni pens\u00e9 en el equipo para pensar en el concepto del \u00e1lbum. Fue m\u00e1s por un proceso personal, en mi vida encontr\u00e9 refugio en estas leyendas que siempre me han inspirado, siempre me han influenciado en la vida. As\u00ed fue como pude sacar este proyecto, que siento que la gente se identifica con \u00e9l.<\/p>\n\n\n\n<p>Me enfoqu\u00e9 mucho en el deporte porque no importa qu\u00e9 idioma hablemos, alrededor del mundo el deporte nos une, igual que la m\u00fasica y por eso me enfoco en todas estas leyendas. Yo soy del tipo por ejemplo no como Mayweather, yo me tire una foto con \u00e9l pero no te lo voy a poner en la portada nunca porque no me identifico, en el sentido de que Mayweather nunca perdi\u00f3 una pelea, entonces no me puedo identificar as\u00ed. <\/p>\n\n\n\n\n\n<p>Es una leyenda le di su homenaje y en verdad desde que lo conoc\u00ed me trata con respeto bien cabr\u00f3n, lo puse porque s\u00ed hay gente que se puede identificar con \u00e9l pero nosotros somos humanos, papi. Yo me he ca\u00eddo un mill\u00f3n de veces en esta vida pero me he levantado un bill\u00f3n de veces. Yo me identifico m\u00e1s con una leyenda como Macgregor, como Tayson, como Mohamed Ali, que lo consideran como el mejor boxeador de todos los tiempos y perdi\u00f3, no se fue invicto como Mayweather y a \u00e9l lo consideran mejor \u00bfSi me entiendes?&nbsp;<\/p>\n\n\n\n<p><strong>&nbsp;Baby Llama: Hablando de estos altibajos que podemos llegar a tener. En un post reciente de Instagram hablas de que estuviste dos a\u00f1os desenamorado de la m\u00fasica puedes\/quieres contarnos un poco m\u00e1s de qu\u00e9 pas\u00f3 a qu\u00e9 te refieres.<\/strong><\/p>\n\n\n\n<p>Deja te cuento mi carrera: Yo me fui preso con 200 mil seguidores y en verdad en Puerto Rico en ese momento no hab\u00eda un artista m\u00e1s pegado que yo. Obviamente estaban las leyendas, yo era un chamaquito, yo no era nadie pero estaba bien pegado, no hab\u00eda m\u00e1s nadie pegado que yo en ese momento. Entonces me voy preso, sal\u00ed con 4 millones de seguidores, estando preso tuve una canci\u00f3n n\u00famero uno en Billboard casi todo el a\u00f1o, que era el remix de Sola. Salgo, gracias a dios, y me llega el \u00e1lbum n\u00famero uno en menos de 24 horas, romp\u00ed un record en apple, me lleg\u00f3 todo de cantazo y como que el hype era tan grande que ya al rato era como que no me sorprend\u00edan las cosas, era como que iba a premios y me sentaba, los ganaba, me levantaba lo cog\u00eda pam, me iba. Karol, Frabian y mi equipo empezaron a preguntarme mucho, ellos estaban emocionados, \u201c\u00bfT\u00fa no te emocionas?\u201d. Con el tiempo poco a poco ya me he ido recuperando en este proceso, me vuelvo a emocionar, Me re enamore de la m\u00fasica.<\/p>\n\n\n\n<p>En ese hype empec\u00e9 a coger tanto dinero y tanta fama de cantazo, que me enamor\u00e9 del dinero. Pero eso es lo m\u00e1s cabr\u00f3n del arte, de la m\u00fasica. Aprender a guayarse, a pelarse las rodillas para aprender para poder ser lo que hoy en d\u00eda soy y eso es lo de este \u00e1lbum, uno de los orgullos m\u00e1s grandes m\u00edos. Son como estos procesos, de renacer, que te caes pero levantarte y seguir adelante.&nbsp;<\/p>\n\n\n\n<figure class=\"wp-block-image size-large\"><a href=\"https:\/\/i0.wp.com\/zeromagazinemx.wpcomstaging.com\/wp-content\/uploads\/2022\/02\/3d419-a02e9857-d3fc-4aee-9ada-f727e71c86c3.jpeg?ssl=1\"><img data-recalc-dims=\"1\" decoding=\"async\" src=\"https:\/\/i0.wp.com\/zeromagazinemx.wpcomstaging.com\/wp-content\/uploads\/2022\/02\/3d419-a02e9857-d3fc-4aee-9ada-f727e71c86c3.jpeg?w=1165&#038;ssl=1\" alt=\"\" class=\"wp-image-62201\" \/><\/a><\/figure>\n\n\n\n\n\n<p><strong><em>Recu\u00e9rdate que los momentos de comodidad y de confort no definen quienes somos en la vida, si no los momentos de adversidad son los que definen y demuestran el ser humano que nosotros somos de verdad. En s\u00ed ese es el mensaje m\u00e1s grande que se tienen que llevar de este \u00e1lbum. Te caes siete veces, te levantas un mill\u00f3n de veces. M\u00edrame a m\u00ed, yo me he tropezado y me he revolcado en ese fango que ya tengo relaci\u00f3n amistosa con el fango. <\/em><\/strong><\/p>\n\n\n\n<p>Pero me levanto, es algo por lo que me identifico con todas estas leyendas, sea el deporte que sea, la carrera que sea cada vez que todos logramos algo, lo que est\u00e1 detr\u00e1s es dedicaci\u00f3n, trabajo, resistencia, fuerza y sacrificio eso no falla. Y con un equipo de trabajo perfecto pues claro yo he logrado cantar. <\/p>\n\n\n\n<p>Me siento bien bendecido por el equipo de trabajo que tengo y ahora m\u00e1s que ha ido creciendo y muchas personas nuevas, tengo un equipo de trabajo que quiero que lean esta entrevista y sepan que los tengo siempre en el coraz\u00f3n y que sin ellos nada de esto ser\u00eda posible, por m\u00e1s concepto hijoeputa que tenga, nada de esto ser\u00eda as\u00ed de grande; los tiros no dar\u00edan tan consistentes. <\/p>\n\n\n\n<p>El equipo de trabajo de Real Hasta la Muerte est\u00e1 muy hijoeputa, movi\u00e9ndose, trabajando para que yo sea mejor artista, mejor humano, en todos los aspectos, no solo musical. No es nada m\u00e1s un corillo, es mucha gente que se sacrifica conmigo, en el estudio explot\u00e1ndonos la mente, f\u00edsicamente desgastados, amanecidos sin dormir, a veces sin tiempo para ver a mis hijos, sacrificando nuestro tiempo para lograr una meta y un sue\u00f1o.<\/p>\n\n\n\n<figure class=\"wp-block-image size-large\"><a href=\"https:\/\/i0.wp.com\/zeromagazinemx.wpcomstaging.com\/wp-content\/uploads\/2022\/02\/f6233-a09c9db5-25f7-4a1a-8b9d-2672e5589482.jpeg?ssl=1\"><img data-recalc-dims=\"1\" decoding=\"async\" src=\"https:\/\/i0.wp.com\/zeromagazinemx.wpcomstaging.com\/wp-content\/uploads\/2022\/02\/f6233-a09c9db5-25f7-4a1a-8b9d-2672e5589482.jpeg?w=1165&#038;ssl=1\" alt=\"\" class=\"wp-image-62202\" \/><\/a><\/figure>\n\n\n\n\n\n<p><strong>Baby Llama: Ahora que te est\u00e1s metiendo en gran parte del proceso creativo, produciendo, dirigiendo los videos, d\u00e1ndole concepto en el \u00e1lbum. \u00bfLa cuarentena influy\u00f3 en esto?<\/strong><\/p>\n\n\n\n<p>Son procesos de mi vida. Te digo, ha sido una monta\u00f1a rusa que a veces se queda estancada, a veces va a bajar y se queda estancada. El proceso ha sido perfecto. Yo tengo un coraz\u00f3n, que estoy s\u00faper seguro de que si se lo ponen a otro cuerpo humano tal vez no lo resista. Esto ha sido la base de este proceso tan especial, tan largo y tan malo porque el proceso es bien humano y eso es lo que lo hace bien hijo de puta. A m\u00ed no me hace sentir cabr\u00f3n crecerme bien famoso sino los logros que estoy haciendo, con los pies en la tierra y teniendo bien en cuenta todo los errores que he cometido. <\/p>\n\n\n\n<p>Hay algo, recu\u00e9rdalo siempre, hay algo de lograr tus sue\u00f1os que hace que las historias sean m\u00e1s grandes cuando vienes de cero, de no tener nada y de tener cero posibilidades, que las posibilidades de que t\u00fa salgas sean de 1%. Se siente m\u00e1s en el pecho y eso es algo que les quiero demostrar al p\u00fablico con este \u00e1lbum. Que se note la evoluci\u00f3n, el trabajo, la dedicaci\u00f3n, el esfuerzo. Quiero que se inspiren y vean que si yo logr\u00e9 ese sue\u00f1o, si yo me pusiera a hablar de todas las cosas que han pasado en mi vida ustedes aqu\u00ed ni me lo creer\u00edan, que si yo estoy aqu\u00ed, el mundo entero puede lograr sus sue\u00f1os. Les digo: trabajo dedicaci\u00f3n y esfuerzo, enfoque y tomando las oportunidades de Dios y caminando con Dios de la mano. Aqu\u00ed podr\u00eda estar cualquiera, no soy el m\u00e1s que canta, ni el m\u00e1s que rapea pero estoy aqu\u00ed, el talento est\u00e1 ch\u00e9vere pero si no hay dedicaci\u00f3n, trabajo y esfuerzo no va pa ning\u00fan lado.<\/p>\n\n\n\n<p><strong>Mario: Tambi\u00e9n nos has ense\u00f1ado en tu carrera estas prendas que mandas a pedir especiales, modificadas, personalizadas y queremos saber si vas a incursionar en la parte de la moda \u00bfVeremos mercanc\u00eda que todos vamos a querer usar? \u00bfSe puede saber o vemos m\u00e1s adelante?<\/strong><\/p>\n\n\n\n<p>Ya me mand\u00e9 a hacer la cadena del \u00e1lbum, deja que la veas. Es la m\u00e1s grande que he hecho y la m\u00e1s hijoeputa. Me gustan mucho las cadenas, a cada cual le apasionan cosas diferentes, a mi me gusta eso. Yo ve\u00eda desde peque\u00f1o a Jay Z, 50 Cent, Rick Ross, a todas esas leyendas que eran parte de mi cultura, escuch\u00e9 m\u00fasica as\u00ed toda mi vida, la mayor\u00eda en ingl\u00e9s. Que en s\u00ed lo que hice fue traer esa cultura norteamericana aqu\u00ed a los latinos. Y se convirti\u00f3 en lo que es hoy, naci\u00f3 un Anuel, un Bad Bunny, Ozuna y pues estamos dando los pasos correctos, comenzando dando los primeros pasos para lograr ser unas leyendas en el futuro.<\/p>\n\n\n\n<figure class=\"wp-block-image size-large\"><a href=\"https:\/\/i0.wp.com\/zeromagazinemx.wpcomstaging.com\/wp-content\/uploads\/2022\/02\/cbaa0-28fcf78a-95ed-4bd2-b150-98deaacf2327.jpeg?ssl=1\"><img data-recalc-dims=\"1\" decoding=\"async\" src=\"https:\/\/i0.wp.com\/zeromagazinemx.wpcomstaging.com\/wp-content\/uploads\/2022\/02\/cbaa0-28fcf78a-95ed-4bd2-b150-98deaacf2327.jpeg?w=1165&#038;ssl=1\" alt=\"\" class=\"wp-image-62203\" \/><\/a><\/figure>\n\n\n\n\n\n<p><strong>Baby llama: \u00bfY alguna colaboraci\u00f3n de alguna l\u00ednea de prendas?<\/strong><\/p>\n\n\n\n<p>Lo que pasa es que todo esto es negocio que tengo ahora mismo corriendo, entonces no puedo estar diciendo por temas de contrato. Pero van a salir muchas cosas grandes, en Enero sale ahora algo bien grande, una noticia bien grande, una colaboraci\u00f3n bien grande y es parte del concepto de Las Leyendas Nunca Mueren. Pero lo que viene es un descaro, sin roncar, te lo digo con toda la humildad, repito trabajando mucho en equipo y siempre llevando al trap y el reggaet\u00f3n m\u00e1s all\u00e1. Abriendo puertas y no tranc\u00e1ndolas sino dej\u00e1ndolas abiertas para que los que vienen por ah\u00ed, las pr\u00f3ximas generaciones entren con la misma facilidad que nosotros entramos despu\u00e9s de (Daddy) Yankee, Tego, Don Omar y todos los que nos abrieron las puertas.<\/p>\n\n\n\n<p><strong>Baby Llama: Respecto a las colaboraciones en este disco llama la atenci\u00f3n que escogiste para colaborar a puros artistas de la nueva ola que est\u00e1 pegando \u00bfpor qu\u00e9?<\/strong><\/p>\n\n\n\n<p>Yo grab\u00e9 temas que me nacieron de coraz\u00f3n grabar, si te enfocas mucho en el g\u00e9nero como que todos tienen los mismos featuring, toditos, hasta los videos se parecen. Quise ir llevando la creatividad m\u00e1s all\u00e1. Bad Bunny lo dijo la otra vez que gan\u00f3 el primer Grammy, que se estaban quedando con la controversia de que hay que ser m\u00e1s creativo. Por eso es que me he enfocado en todo este concepto. Hay que ser m\u00e1s creativo y ahora me acuerdo de eso y ten\u00eda raz\u00f3n el hombre. Hay que crecer, seguir abriendo puertas para dejar que los otros sigan entrando. Ya comparan al latino con el norteamericano, eso no es algo que se ve\u00eda antes. <\/p>\n\n\n\n\n\n<p>Por ejemplo los norteamericanos dicen \u201cnosotros tenemos un Drake, un Post Malone\u201d pues nosotros tenemos un Bad Bunny, un Anuel, una Karol G y pues es parte de este proceso tambi\u00e9n. Por eso por ejemplo a Bad Bunny lo met\u00ed en Pin, yo dije que no pod\u00eda dejarlo afuera, ten\u00eda que ponerlo. El \u00e1lbum es Las Leyendas Nunca mueren y \u00e9l es una leyenda, tengo que ponerlo y que m\u00e1s que esa canci\u00f3n de Amorfoda que yo la escuchaba preso todos los d\u00edas. Esa canci\u00f3n sali\u00f3 en un momento significativo en mi vida, significa mucho para m\u00ed, me vienen muchos recuerdos.&nbsp;<\/p>\n\n\n\n<p><strong>Mario: Claro, manejamos esta conexi\u00f3n de lo que est\u00e1 pasando en el momento y lo que viene a futuro, el esfuerzo y dedicaci\u00f3n y estar ah\u00ed, levantarse cada vez que se caiga al fango.<\/strong><\/p>\n\n\n\n<p>Todos tenemos el mismo sue\u00f1o, \u00e9l ten\u00eda que ser parte de ese \u00e1lbum, Eladio Carri\u00f3n ten\u00eda que ser parte de ese \u00e1lbum, me siento cabr\u00f3n de ser parte de su proceso, de su crecimiento, de su carrera, me gusta mucho lo que est\u00e1 haciendo.<\/p>\n\n\n\n<figure class=\"wp-block-image size-large\"><a href=\"https:\/\/i0.wp.com\/zeromagazinemx.wpcomstaging.com\/wp-content\/uploads\/2022\/02\/23d30-1b1d33fb-108d-4fbc-9f2c-efa8b2f98898.jpeg?ssl=1\"><img data-recalc-dims=\"1\" decoding=\"async\" src=\"https:\/\/i0.wp.com\/zeromagazinemx.wpcomstaging.com\/wp-content\/uploads\/2022\/02\/23d30-1b1d33fb-108d-4fbc-9f2c-efa8b2f98898.jpeg?w=1165&#038;ssl=1\" alt=\"\" class=\"wp-image-62205\" \/><\/a><\/figure>\n\n\n\n\n\n<p><strong>Mario: Concuerdo con lo que mencionas, estamos en un tiempo en que las personas, sobre todo los j\u00f3venes tenemos que fijarnos metas y echarle para delante, levantarnos las veces que sean necesarias y eso nos ayuda bastante, nos lo has demostrado en historia, en la m\u00fasica, es un gran talento.<\/strong><\/p>\n\n\n\n<p>S\u00ed, eso es el arte de la f\u00e9, de tener fe, dedicaci\u00f3n y el trabajo. Cr\u00e9eme que si quieres ser el pr\u00f3ximo Anuel, quieres ser el pr\u00f3ximo Bad Bunny, quieres ser la pr\u00f3xima Karol G, quieres ser el pr\u00f3ximo Drake, es dedicaci\u00f3n, trabajo, esfuerzo y quedarse, mantenerse en el camino el tiempo suficiente, porque hay gente que lo logra en uno o dos a\u00f1os, hay gente que lo logran en 10, pero se logra. Ese es uno de los pasos para convertirse en una leyenda. Por ah\u00ed hay gente que tiene m\u00e1s talento que yo, que Bad Bunny, m\u00e1s talento que todo el g\u00e9nero pero dedicaci\u00f3n y trabajo, esfuerzo y sacrificio, esa es la clave.<\/p>\n\n\n\n<p><strong>Mario: Ya para cerrar, sabemos que vamos saliendo de lo dif\u00edcil que fue la pandemia pero ya est\u00e1n regresando los conciertos \u00bfHabr\u00e1 gira de este nuevo material? y \u00bfTocar\u00e1 suelos mexicanos?<\/strong><\/p>\n\n\n\n<p>S\u00ed, la gira empieza este 2022, ya pronto sale el anuncio. Y claro, t\u00fa sabes que yo debo ir pa M\u00e9xico, M\u00e9xico no se puede quedar, es tierra de reyes, de dioses, de campeones, de leyendas, hay que ir para all\u00e1.<\/p>\n\n<!--themify_builder_content-->\n<div id=\"themify_builder_content-62033\" data-postid=\"62033\" class=\"themify_builder_content themify_builder_content-62033 themify_builder tf_clear\">\n    <\/div>\n<!--\/themify_builder_content-->","protected":false},"excerpt":{"rendered":"<p>Por: Baby Llama y Mario Fern\u00e1ndez \u00abFercal\u00bbFotos: Cortes\u00eda Nini Veras \/ NVMPR Comienza el 2022 y con \u00e9l una nueva era para Zero Magazine Mx, estrenamos nueva imagen, nuevos objetivos, y qui\u00e9n mejor para iniciar este renacer que el \u00fanico ANUEL AA. Con quien tuvimos el placer de platicar largo y tendido sobre sus nuevos [&hellip;]<\/p>\n","protected":false},"author":2,"featured_media":69453,"comment_status":"open","ping_status":"open","sticky":true,"template":"","format":"standard","meta":{"_jetpack_memberships_contains_paid_content":false,"footnotes":"","jetpack_publicize_message":"ANUEL AA: EL PLACER DE SER. Lle a nuestra portada el gran Anuel AA para contarnos sobre su carrera y su nuevo \u00e1lbum","jetpack_publicize_feature_enabled":true,"jetpack_social_post_already_shared":true,"jetpack_social_options":{"image_generator_settings":{"template":"highway","default_image_id":0,"font":"","enabled":false},"version":2}},"categories":[98],"tags":[3384],"class_list":["post-62033","post","type-post","status-publish","format-standard","has-post-thumbnail","hentry","category-portada","tag-destacada","has-post-title","has-post-date","has-post-category","has-post-tag","has-post-comment","has-post-author",""],"yoast_head":"<!-- This site is optimized with the Yoast SEO plugin v27.5 - https:\/\/yoast.com\/product\/yoast-seo-wordpress\/ -->\n<title>ANUEL AA: EL PLACER DE SER - Zero Magazine<\/title>\n<meta name=\"robots\" content=\"index, follow, max-snippet:-1, max-image-preview:large, max-video-preview:-1\" \/>\n<link rel=\"canonical\" href=\"https:\/\/zeromagazine.mx\/index.php\/2022\/01\/04\/anuel-aa-el-placer-de-ser\/\" \/>\n<meta property=\"og:locale\" content=\"es_ES\" \/>\n<meta property=\"og:type\" content=\"article\" \/>\n<meta property=\"og:title\" content=\"ANUEL AA: EL PLACER DE SER - Zero Magazine\" \/>\n<meta property=\"og:description\" content=\"Por: Baby Llama y Mario Fern\u00e1ndez \u00abFercal\u00bbFotos: Cortes\u00eda Nini Veras \/ NVMPR Comienza el 2022 y con \u00e9l una nueva era para Zero Magazine Mx, estrenamos nueva imagen, nuevos objetivos, y qui\u00e9n mejor para iniciar este renacer que el \u00fanico ANUEL AA. Con quien tuvimos el placer de platicar largo y tendido sobre sus nuevos [&hellip;]\" \/>\n<meta property=\"og:url\" content=\"https:\/\/zeromagazine.mx\/index.php\/2022\/01\/04\/anuel-aa-el-placer-de-ser\/\" \/>\n<meta property=\"og:site_name\" content=\"Zero Magazine\" \/>\n<meta property=\"article:published_time\" content=\"2022-01-04T16:10:16+00:00\" \/>\n<meta property=\"article:modified_time\" content=\"2023-12-07T19:22:46+00:00\" \/>\n<meta property=\"og:image\" content=\"https:\/\/zeromagazine.mx\/wp-content\/uploads\/2022\/01\/b5b4d-4ce7a824-4d86-4bd1-84b1-f8cf5d109691-791x1024.png\" \/>\n\t<meta property=\"og:image:width\" content=\"791\" \/>\n\t<meta property=\"og:image:height\" content=\"1024\" \/>\n\t<meta property=\"og:image:type\" content=\"image\/png\" \/>\n<meta name=\"author\" content=\"zeromagazinemx\" \/>\n<meta name=\"twitter:card\" content=\"summary_large_image\" \/>\n<meta name=\"twitter:label1\" content=\"Escrito por\" \/>\n\t<meta name=\"twitter:data1\" content=\"zeromagazinemx\" \/>\n\t<meta name=\"twitter:label2\" content=\"Tiempo de lectura\" \/>\n\t<meta name=\"twitter:data2\" content=\"12 minutos\" \/>\n<script type=\"application\/ld+json\" class=\"yoast-schema-graph\">{\"@context\":\"https:\\\/\\\/schema.org\",\"@graph\":[{\"@type\":\"Article\",\"@id\":\"https:\\\/\\\/zeromagazine.mx\\\/index.php\\\/2022\\\/01\\\/04\\\/anuel-aa-el-placer-de-ser\\\/#article\",\"isPartOf\":{\"@id\":\"https:\\\/\\\/zeromagazine.mx\\\/index.php\\\/2022\\\/01\\\/04\\\/anuel-aa-el-placer-de-ser\\\/\"},\"author\":{\"name\":\"zeromagazinemx\",\"@id\":\"https:\\\/\\\/zeromagazine.mx\\\/#\\\/schema\\\/person\\\/9aed9f33a7c39af3a348b86d723f7773\"},\"headline\":\"ANUEL AA: EL PLACER DE SER\",\"datePublished\":\"2022-01-04T16:10:16+00:00\",\"dateModified\":\"2023-12-07T19:22:46+00:00\",\"mainEntityOfPage\":{\"@id\":\"https:\\\/\\\/zeromagazine.mx\\\/index.php\\\/2022\\\/01\\\/04\\\/anuel-aa-el-placer-de-ser\\\/\"},\"wordCount\":2491,\"commentCount\":0,\"publisher\":{\"@id\":\"https:\\\/\\\/zeromagazine.mx\\\/#organization\"},\"image\":{\"@id\":\"https:\\\/\\\/zeromagazine.mx\\\/index.php\\\/2022\\\/01\\\/04\\\/anuel-aa-el-placer-de-ser\\\/#primaryimage\"},\"thumbnailUrl\":\"https:\\\/\\\/i0.wp.com\\\/zeromagazine.mx\\\/wp-content\\\/uploads\\\/2022\\\/01\\\/b5b4d-4ce7a824-4d86-4bd1-84b1-f8cf5d109691.png?fit=2550%2C3300&ssl=1\",\"keywords\":[\"Destacada\"],\"articleSection\":[\"Portada\"],\"inLanguage\":\"es\",\"potentialAction\":[{\"@type\":\"CommentAction\",\"name\":\"Comment\",\"target\":[\"https:\\\/\\\/zeromagazine.mx\\\/index.php\\\/2022\\\/01\\\/04\\\/anuel-aa-el-placer-de-ser\\\/#respond\"]}]},{\"@type\":\"WebPage\",\"@id\":\"https:\\\/\\\/zeromagazine.mx\\\/index.php\\\/2022\\\/01\\\/04\\\/anuel-aa-el-placer-de-ser\\\/\",\"url\":\"https:\\\/\\\/zeromagazine.mx\\\/index.php\\\/2022\\\/01\\\/04\\\/anuel-aa-el-placer-de-ser\\\/\",\"name\":\"ANUEL AA: EL PLACER DE SER - Zero Magazine\",\"isPartOf\":{\"@id\":\"https:\\\/\\\/zeromagazine.mx\\\/#website\"},\"primaryImageOfPage\":{\"@id\":\"https:\\\/\\\/zeromagazine.mx\\\/index.php\\\/2022\\\/01\\\/04\\\/anuel-aa-el-placer-de-ser\\\/#primaryimage\"},\"image\":{\"@id\":\"https:\\\/\\\/zeromagazine.mx\\\/index.php\\\/2022\\\/01\\\/04\\\/anuel-aa-el-placer-de-ser\\\/#primaryimage\"},\"thumbnailUrl\":\"https:\\\/\\\/i0.wp.com\\\/zeromagazine.mx\\\/wp-content\\\/uploads\\\/2022\\\/01\\\/b5b4d-4ce7a824-4d86-4bd1-84b1-f8cf5d109691.png?fit=2550%2C3300&ssl=1\",\"datePublished\":\"2022-01-04T16:10:16+00:00\",\"dateModified\":\"2023-12-07T19:22:46+00:00\",\"breadcrumb\":{\"@id\":\"https:\\\/\\\/zeromagazine.mx\\\/index.php\\\/2022\\\/01\\\/04\\\/anuel-aa-el-placer-de-ser\\\/#breadcrumb\"},\"inLanguage\":\"es\",\"potentialAction\":[{\"@type\":\"ReadAction\",\"target\":[\"https:\\\/\\\/zeromagazine.mx\\\/index.php\\\/2022\\\/01\\\/04\\\/anuel-aa-el-placer-de-ser\\\/\"]}]},{\"@type\":\"ImageObject\",\"inLanguage\":\"es\",\"@id\":\"https:\\\/\\\/zeromagazine.mx\\\/index.php\\\/2022\\\/01\\\/04\\\/anuel-aa-el-placer-de-ser\\\/#primaryimage\",\"url\":\"https:\\\/\\\/i0.wp.com\\\/zeromagazine.mx\\\/wp-content\\\/uploads\\\/2022\\\/01\\\/b5b4d-4ce7a824-4d86-4bd1-84b1-f8cf5d109691.png?fit=2550%2C3300&ssl=1\",\"contentUrl\":\"https:\\\/\\\/i0.wp.com\\\/zeromagazine.mx\\\/wp-content\\\/uploads\\\/2022\\\/01\\\/b5b4d-4ce7a824-4d86-4bd1-84b1-f8cf5d109691.png?fit=2550%2C3300&ssl=1\",\"width\":2550,\"height\":3300},{\"@type\":\"BreadcrumbList\",\"@id\":\"https:\\\/\\\/zeromagazine.mx\\\/index.php\\\/2022\\\/01\\\/04\\\/anuel-aa-el-placer-de-ser\\\/#breadcrumb\",\"itemListElement\":[{\"@type\":\"ListItem\",\"position\":1,\"name\":\"Portada\",\"item\":\"https:\\\/\\\/zeromagazine.mx\\\/\"},{\"@type\":\"ListItem\",\"position\":2,\"name\":\"ANUEL AA: EL PLACER DE SER\"}]},{\"@type\":\"WebSite\",\"@id\":\"https:\\\/\\\/zeromagazine.mx\\\/#website\",\"url\":\"https:\\\/\\\/zeromagazine.mx\\\/\",\"name\":\"Zero Magazine\",\"description\":\"\",\"publisher\":{\"@id\":\"https:\\\/\\\/zeromagazine.mx\\\/#organization\"},\"potentialAction\":[{\"@type\":\"SearchAction\",\"target\":{\"@type\":\"EntryPoint\",\"urlTemplate\":\"https:\\\/\\\/zeromagazine.mx\\\/?s={search_term_string}\"},\"query-input\":{\"@type\":\"PropertyValueSpecification\",\"valueRequired\":true,\"valueName\":\"search_term_string\"}}],\"inLanguage\":\"es\"},{\"@type\":\"Organization\",\"@id\":\"https:\\\/\\\/zeromagazine.mx\\\/#organization\",\"name\":\"Zero Magazine\",\"url\":\"https:\\\/\\\/zeromagazine.mx\\\/\",\"logo\":{\"@type\":\"ImageObject\",\"inLanguage\":\"es\",\"@id\":\"https:\\\/\\\/zeromagazine.mx\\\/#\\\/schema\\\/logo\\\/image\\\/\",\"url\":\"https:\\\/\\\/i0.wp.com\\\/zeromagazine.mx\\\/wp-content\\\/uploads\\\/2025\\\/11\\\/1.jpeg?fit=1000%2C1000&ssl=1\",\"contentUrl\":\"https:\\\/\\\/i0.wp.com\\\/zeromagazine.mx\\\/wp-content\\\/uploads\\\/2025\\\/11\\\/1.jpeg?fit=1000%2C1000&ssl=1\",\"width\":1000,\"height\":1000,\"caption\":\"Zero Magazine\"},\"image\":{\"@id\":\"https:\\\/\\\/zeromagazine.mx\\\/#\\\/schema\\\/logo\\\/image\\\/\"},\"sameAs\":[\"https:\\\/\\\/instagram.com\\\/zeromagazinemx\"]},{\"@type\":\"Person\",\"@id\":\"https:\\\/\\\/zeromagazine.mx\\\/#\\\/schema\\\/person\\\/9aed9f33a7c39af3a348b86d723f7773\",\"name\":\"zeromagazinemx\",\"image\":{\"@type\":\"ImageObject\",\"inLanguage\":\"es\",\"@id\":\"https:\\\/\\\/zeromagazine.mx\\\/wp-content\\\/litespeed\\\/avatar\\\/f91dfe5410d5dcb1a576bf8c45983896.jpg?ver=1777571230\",\"url\":\"https:\\\/\\\/zeromagazine.mx\\\/wp-content\\\/litespeed\\\/avatar\\\/f91dfe5410d5dcb1a576bf8c45983896.jpg?ver=1777571230\",\"contentUrl\":\"https:\\\/\\\/zeromagazine.mx\\\/wp-content\\\/litespeed\\\/avatar\\\/f91dfe5410d5dcb1a576bf8c45983896.jpg?ver=1777571230\",\"caption\":\"zeromagazinemx\"},\"url\":\"https:\\\/\\\/zeromagazine.mx\\\/index.php\\\/author\\\/zeromagazinemx\\\/\"}]}<\/script>\n<!-- \/ Yoast SEO plugin. -->","yoast_head_json":{"title":"ANUEL AA: EL PLACER DE SER - Zero Magazine","robots":{"index":"index","follow":"follow","max-snippet":"max-snippet:-1","max-image-preview":"max-image-preview:large","max-video-preview":"max-video-preview:-1"},"canonical":"https:\/\/zeromagazine.mx\/index.php\/2022\/01\/04\/anuel-aa-el-placer-de-ser\/","og_locale":"es_ES","og_type":"article","og_title":"ANUEL AA: EL PLACER DE SER - Zero Magazine","og_description":"Por: Baby Llama y Mario Fern\u00e1ndez \u00abFercal\u00bbFotos: Cortes\u00eda Nini Veras \/ NVMPR Comienza el 2022 y con \u00e9l una nueva era para Zero Magazine Mx, estrenamos nueva imagen, nuevos objetivos, y qui\u00e9n mejor para iniciar este renacer que el \u00fanico ANUEL AA. Con quien tuvimos el placer de platicar largo y tendido sobre sus nuevos [&hellip;]","og_url":"https:\/\/zeromagazine.mx\/index.php\/2022\/01\/04\/anuel-aa-el-placer-de-ser\/","og_site_name":"Zero Magazine","article_published_time":"2022-01-04T16:10:16+00:00","article_modified_time":"2023-12-07T19:22:46+00:00","og_image":[{"width":791,"height":1024,"url":"https:\/\/zeromagazine.mx\/wp-content\/uploads\/2022\/01\/b5b4d-4ce7a824-4d86-4bd1-84b1-f8cf5d109691-791x1024.png","type":"image\/png"}],"author":"zeromagazinemx","twitter_card":"summary_large_image","twitter_misc":{"Escrito por":"zeromagazinemx","Tiempo de lectura":"12 minutos"},"schema":{"@context":"https:\/\/schema.org","@graph":[{"@type":"Article","@id":"https:\/\/zeromagazine.mx\/index.php\/2022\/01\/04\/anuel-aa-el-placer-de-ser\/#article","isPartOf":{"@id":"https:\/\/zeromagazine.mx\/index.php\/2022\/01\/04\/anuel-aa-el-placer-de-ser\/"},"author":{"name":"zeromagazinemx","@id":"https:\/\/zeromagazine.mx\/#\/schema\/person\/9aed9f33a7c39af3a348b86d723f7773"},"headline":"ANUEL AA: EL PLACER DE SER","datePublished":"2022-01-04T16:10:16+00:00","dateModified":"2023-12-07T19:22:46+00:00","mainEntityOfPage":{"@id":"https:\/\/zeromagazine.mx\/index.php\/2022\/01\/04\/anuel-aa-el-placer-de-ser\/"},"wordCount":2491,"commentCount":0,"publisher":{"@id":"https:\/\/zeromagazine.mx\/#organization"},"image":{"@id":"https:\/\/zeromagazine.mx\/index.php\/2022\/01\/04\/anuel-aa-el-placer-de-ser\/#primaryimage"},"thumbnailUrl":"https:\/\/i0.wp.com\/zeromagazine.mx\/wp-content\/uploads\/2022\/01\/b5b4d-4ce7a824-4d86-4bd1-84b1-f8cf5d109691.png?fit=2550%2C3300&ssl=1","keywords":["Destacada"],"articleSection":["Portada"],"inLanguage":"es","potentialAction":[{"@type":"CommentAction","name":"Comment","target":["https:\/\/zeromagazine.mx\/index.php\/2022\/01\/04\/anuel-aa-el-placer-de-ser\/#respond"]}]},{"@type":"WebPage","@id":"https:\/\/zeromagazine.mx\/index.php\/2022\/01\/04\/anuel-aa-el-placer-de-ser\/","url":"https:\/\/zeromagazine.mx\/index.php\/2022\/01\/04\/anuel-aa-el-placer-de-ser\/","name":"ANUEL AA: EL PLACER DE SER - Zero Magazine","isPartOf":{"@id":"https:\/\/zeromagazine.mx\/#website"},"primaryImageOfPage":{"@id":"https:\/\/zeromagazine.mx\/index.php\/2022\/01\/04\/anuel-aa-el-placer-de-ser\/#primaryimage"},"image":{"@id":"https:\/\/zeromagazine.mx\/index.php\/2022\/01\/04\/anuel-aa-el-placer-de-ser\/#primaryimage"},"thumbnailUrl":"https:\/\/i0.wp.com\/zeromagazine.mx\/wp-content\/uploads\/2022\/01\/b5b4d-4ce7a824-4d86-4bd1-84b1-f8cf5d109691.png?fit=2550%2C3300&ssl=1","datePublished":"2022-01-04T16:10:16+00:00","dateModified":"2023-12-07T19:22:46+00:00","breadcrumb":{"@id":"https:\/\/zeromagazine.mx\/index.php\/2022\/01\/04\/anuel-aa-el-placer-de-ser\/#breadcrumb"},"inLanguage":"es","potentialAction":[{"@type":"ReadAction","target":["https:\/\/zeromagazine.mx\/index.php\/2022\/01\/04\/anuel-aa-el-placer-de-ser\/"]}]},{"@type":"ImageObject","inLanguage":"es","@id":"https:\/\/zeromagazine.mx\/index.php\/2022\/01\/04\/anuel-aa-el-placer-de-ser\/#primaryimage","url":"https:\/\/i0.wp.com\/zeromagazine.mx\/wp-content\/uploads\/2022\/01\/b5b4d-4ce7a824-4d86-4bd1-84b1-f8cf5d109691.png?fit=2550%2C3300&ssl=1","contentUrl":"https:\/\/i0.wp.com\/zeromagazine.mx\/wp-content\/uploads\/2022\/01\/b5b4d-4ce7a824-4d86-4bd1-84b1-f8cf5d109691.png?fit=2550%2C3300&ssl=1","width":2550,"height":3300},{"@type":"BreadcrumbList","@id":"https:\/\/zeromagazine.mx\/index.php\/2022\/01\/04\/anuel-aa-el-placer-de-ser\/#breadcrumb","itemListElement":[{"@type":"ListItem","position":1,"name":"Portada","item":"https:\/\/zeromagazine.mx\/"},{"@type":"ListItem","position":2,"name":"ANUEL AA: EL PLACER DE SER"}]},{"@type":"WebSite","@id":"https:\/\/zeromagazine.mx\/#website","url":"https:\/\/zeromagazine.mx\/","name":"Zero Magazine","description":"","publisher":{"@id":"https:\/\/zeromagazine.mx\/#organization"},"potentialAction":[{"@type":"SearchAction","target":{"@type":"EntryPoint","urlTemplate":"https:\/\/zeromagazine.mx\/?s={search_term_string}"},"query-input":{"@type":"PropertyValueSpecification","valueRequired":true,"valueName":"search_term_string"}}],"inLanguage":"es"},{"@type":"Organization","@id":"https:\/\/zeromagazine.mx\/#organization","name":"Zero Magazine","url":"https:\/\/zeromagazine.mx\/","logo":{"@type":"ImageObject","inLanguage":"es","@id":"https:\/\/zeromagazine.mx\/#\/schema\/logo\/image\/","url":"https:\/\/i0.wp.com\/zeromagazine.mx\/wp-content\/uploads\/2025\/11\/1.jpeg?fit=1000%2C1000&ssl=1","contentUrl":"https:\/\/i0.wp.com\/zeromagazine.mx\/wp-content\/uploads\/2025\/11\/1.jpeg?fit=1000%2C1000&ssl=1","width":1000,"height":1000,"caption":"Zero Magazine"},"image":{"@id":"https:\/\/zeromagazine.mx\/#\/schema\/logo\/image\/"},"sameAs":["https:\/\/instagram.com\/zeromagazinemx"]},{"@type":"Person","@id":"https:\/\/zeromagazine.mx\/#\/schema\/person\/9aed9f33a7c39af3a348b86d723f7773","name":"zeromagazinemx","image":{"@type":"ImageObject","inLanguage":"es","@id":"https:\/\/zeromagazine.mx\/wp-content\/litespeed\/avatar\/f91dfe5410d5dcb1a576bf8c45983896.jpg?ver=1777571230","url":"https:\/\/zeromagazine.mx\/wp-content\/litespeed\/avatar\/f91dfe5410d5dcb1a576bf8c45983896.jpg?ver=1777571230","contentUrl":"https:\/\/zeromagazine.mx\/wp-content\/litespeed\/avatar\/f91dfe5410d5dcb1a576bf8c45983896.jpg?ver=1777571230","caption":"zeromagazinemx"},"url":"https:\/\/zeromagazine.mx\/index.php\/author\/zeromagazinemx\/"}]}},"jetpack_publicize_connections":[],"jetpack_featured_media_url":"https:\/\/i0.wp.com\/zeromagazine.mx\/wp-content\/uploads\/2022\/01\/b5b4d-4ce7a824-4d86-4bd1-84b1-f8cf5d109691.png?fit=2550%2C3300&ssl=1","jetpack-related-posts":[{"id":77421,"url":"https:\/\/zeromagazine.mx\/index.php\/2024\/06\/08\/explosion-musical-en-cdmx-anuel-aa-se-une-a-ozuna-para-un-concierto-inolvidable-esta-noche\/","url_meta":{"origin":62033,"position":0},"title":"Explosi\u00f3n Musical en CDMX: Anuel AA se Une a Ozuna para un Concierto Inolvidable Esta Noche","author":"David Morales","date":"8 de junio de 2024","format":false,"excerpt":"La Ciudad de M\u00e9xico est\u00e1 a punto de vivir una noche \u00e9pica que quedar\u00e1 grabada en la memoria de todes nosotres amantes de la m\u00fasica urbana. Hoy, viernes 7 de junio, el Estadio Azteca ser\u00e1 el escenario de un evento espectacular con Ozuna y Anuel AA, dos grandes del reggaet\u00f3n\u2026","rel":"","context":"En \u00abBlog\u00bb","block_context":{"text":"Blog","link":"https:\/\/zeromagazine.mx\/index.php\/category\/blog\/"},"img":{"alt_text":"","src":"https:\/\/i0.wp.com\/zeromagazine.mx\/wp-content\/uploads\/2024\/06\/OZUNA-ANUNCIO-ANUEL-CARTEL.jpeg?fit=1200%2C1200&ssl=1&resize=350%2C200","width":350,"height":200,"srcset":"https:\/\/i0.wp.com\/zeromagazine.mx\/wp-content\/uploads\/2024\/06\/OZUNA-ANUNCIO-ANUEL-CARTEL.jpeg?fit=1200%2C1200&ssl=1&resize=350%2C200 1x, https:\/\/i0.wp.com\/zeromagazine.mx\/wp-content\/uploads\/2024\/06\/OZUNA-ANUNCIO-ANUEL-CARTEL.jpeg?fit=1200%2C1200&ssl=1&resize=525%2C300 1.5x, https:\/\/i0.wp.com\/zeromagazine.mx\/wp-content\/uploads\/2024\/06\/OZUNA-ANUNCIO-ANUEL-CARTEL.jpeg?fit=1200%2C1200&ssl=1&resize=700%2C400 2x, https:\/\/i0.wp.com\/zeromagazine.mx\/wp-content\/uploads\/2024\/06\/OZUNA-ANUNCIO-ANUEL-CARTEL.jpeg?fit=1200%2C1200&ssl=1&resize=1050%2C600 3x"},"classes":[]},{"id":53939,"url":"https:\/\/zeromagazine.mx\/index.php\/2021\/09\/06\/jhay-cortez-lanza-timelezz-su-segundo-album\/","url_meta":{"origin":62033,"position":1},"title":"Jhay Cortez lanza \u201cTimelezz\u201d su segundo \u00e1lbum","author":"zeromagazinemx","date":"6 de septiembre de 2021","format":false,"excerpt":"\u201cTimelezz\u201d ya est\u00e1 disponible y adem\u00e1s realizar\u00e1 un concierto sold out en Nueva York hoy. https:\/\/www.instagram.com\/p\/CTAyoTmrW50\/?utm_medium=copy_link Por Moises Kushelevich Jhay Cortez presenta su esperado segundo \u00e1lbum \u201cTimelezz\u201d a trav\u00e9s de Universal Music Latino. El \u00e1lbum muestra a Jhay construyendo sobre los cimientos que sent\u00f3 con su \u00e1lbum debut \u201cFamouz\u201d en\u2026","rel":"","context":"En \u00abBlog\u00bb","block_context":{"text":"Blog","link":"https:\/\/zeromagazine.mx\/index.php\/category\/blog\/"},"img":{"alt_text":"","src":"","width":0,"height":0},"classes":[]},{"id":72860,"url":"https:\/\/zeromagazine.mx\/index.php\/2024\/04\/02\/ozuna-regresa-a-mexico-el-ritmo-llega-a-cdmx-y-mas\/","url_meta":{"origin":62033,"position":2},"title":"Ozuna regresa a M\u00e9xico: \u00a1El ritmo llega a CDMX y m\u00e1s!","author":"zeromagazinemx","date":"2 de abril de 2024","format":false,"excerpt":"\u00a1Ozuna est\u00e1 de vuelta en M\u00e9xico! Prep\u00e1rense para una experiencia musical \u00e9pica porque el \u00edcono de la m\u00fasica urbana regresa con un espect\u00e1culo que nos dejar\u00e1 sin aliento en cada ciudad que visite. \u00a1Wow, qu\u00e9 emoci\u00f3n! \u00bfQui\u00e9n se apunta para vibrar con la energ\u00eda de Ozuna? Las fechas ya est\u00e1n\u2026","rel":"","context":"En \u00abBlog\u00bb","block_context":{"text":"Blog","link":"https:\/\/zeromagazine.mx\/index.php\/category\/blog\/"},"img":{"alt_text":"","src":"https:\/\/i0.wp.com\/zeromagazine.mx\/wp-content\/uploads\/2024\/04\/unnamed-scaled.jpg?fit=960%2C1200&ssl=1&resize=350%2C200","width":350,"height":200,"srcset":"https:\/\/i0.wp.com\/zeromagazine.mx\/wp-content\/uploads\/2024\/04\/unnamed-scaled.jpg?fit=960%2C1200&ssl=1&resize=350%2C200 1x, https:\/\/i0.wp.com\/zeromagazine.mx\/wp-content\/uploads\/2024\/04\/unnamed-scaled.jpg?fit=960%2C1200&ssl=1&resize=525%2C300 1.5x, https:\/\/i0.wp.com\/zeromagazine.mx\/wp-content\/uploads\/2024\/04\/unnamed-scaled.jpg?fit=960%2C1200&ssl=1&resize=700%2C400 2x"},"classes":[]},{"id":81950,"url":"https:\/\/zeromagazine.mx\/index.php\/2024\/08\/15\/sorpresa-alex-ponce-vuelve-consilencio\/","url_meta":{"origin":62033,"position":3},"title":"\u00a1Sorpresa! Alex Ponce Vuelve con &#8216;Silencio&#8217;","author":"zeromagazinemx","date":"15 de agosto de 2024","format":false,"excerpt":"Si est\u00e1n buscando algo nuevo para agregar a su playlist de Spotify, d\u00e9jenme contarles de Alex Ponce, el cantante ecuatoriano que est\u00e1 arrasando con su \u00faltimo EP, \u201cSilencio\u201d. Este es el segundo cap\u00edtulo de su trilog\u00eda \u201cRuido, El Silencio y Yo\u201d, y trae consigo una vibra que, cr\u00e9anme, no querr\u00e1n\u2026","rel":"","context":"En \u00abEntretenimiento\u00bb","block_context":{"text":"Entretenimiento","link":"https:\/\/zeromagazine.mx\/index.php\/category\/entretenimiento\/"},"img":{"alt_text":"","src":"https:\/\/i0.wp.com\/zeromagazine.mx\/wp-content\/uploads\/2024\/08\/photo-38-scaled.jpg?fit=1200%2C801&ssl=1&resize=350%2C200","width":350,"height":200,"srcset":"https:\/\/i0.wp.com\/zeromagazine.mx\/wp-content\/uploads\/2024\/08\/photo-38-scaled.jpg?fit=1200%2C801&ssl=1&resize=350%2C200 1x, https:\/\/i0.wp.com\/zeromagazine.mx\/wp-content\/uploads\/2024\/08\/photo-38-scaled.jpg?fit=1200%2C801&ssl=1&resize=525%2C300 1.5x, https:\/\/i0.wp.com\/zeromagazine.mx\/wp-content\/uploads\/2024\/08\/photo-38-scaled.jpg?fit=1200%2C801&ssl=1&resize=700%2C400 2x, https:\/\/i0.wp.com\/zeromagazine.mx\/wp-content\/uploads\/2024\/08\/photo-38-scaled.jpg?fit=1200%2C801&ssl=1&resize=1050%2C600 3x"},"classes":[]},{"id":91759,"url":"https:\/\/zeromagazine.mx\/index.php\/2024\/11\/26\/flow-fest-perreo-y-new-mix\/","url_meta":{"origin":62033,"position":4},"title":"Flow Fest: Perreo y New Mix","author":"zeromagazinemx","date":"26 de noviembre de 2024","format":false,"excerpt":"\u00bfQui\u00e9n dijo que los festivales no pod\u00edan ser el highlight del a\u00f1o? Este fin de semana, el Flow Fest 2024 hizo historia en el Aut\u00f3dromo Hermanos Rodr\u00edguez, donde el reggaet\u00f3n y los beats urbanos no dejaron a nadie quietx. Pero ojo, aqu\u00ed no solo fue la m\u00fasica lo que brill\u00f3;\u2026","rel":"","context":"En \u00abEntretenimiento\u00bb","block_context":{"text":"Entretenimiento","link":"https:\/\/zeromagazine.mx\/index.php\/category\/entretenimiento\/"},"img":{"alt_text":"","src":"https:\/\/i0.wp.com\/zeromagazine.mx\/wp-content\/uploads\/2024\/11\/Rauw-Alejandro-FF-2024.jpeg?fit=1200%2C800&ssl=1&resize=350%2C200","width":350,"height":200,"srcset":"https:\/\/i0.wp.com\/zeromagazine.mx\/wp-content\/uploads\/2024\/11\/Rauw-Alejandro-FF-2024.jpeg?fit=1200%2C800&ssl=1&resize=350%2C200 1x, https:\/\/i0.wp.com\/zeromagazine.mx\/wp-content\/uploads\/2024\/11\/Rauw-Alejandro-FF-2024.jpeg?fit=1200%2C800&ssl=1&resize=525%2C300 1.5x, https:\/\/i0.wp.com\/zeromagazine.mx\/wp-content\/uploads\/2024\/11\/Rauw-Alejandro-FF-2024.jpeg?fit=1200%2C800&ssl=1&resize=700%2C400 2x, https:\/\/i0.wp.com\/zeromagazine.mx\/wp-content\/uploads\/2024\/11\/Rauw-Alejandro-FF-2024.jpeg?fit=1200%2C800&ssl=1&resize=1050%2C600 3x"},"classes":[]},{"id":84306,"url":"https:\/\/zeromagazine.mx\/index.php\/2024\/09\/20\/reebok-mundo-e-nueva-tienda\/","url_meta":{"origin":62033,"position":5},"title":"\u00abReebok Mundo E: Nueva Tienda\u00a0\u00ab","author":"zeromagazinemx","date":"20 de septiembre de 2024","format":false,"excerpt":"Si eres fan del fitness, la moda sporty, o simplemente buscas calzado que te haga ver\u00a0c\u00f3modo, la nueva tienda de\u00a0Reeboken\u00a0Mundo E\u00a0es\u00a0la tienda m\u00e1s grande de Reebok en M\u00e9xico, with over\u00a0550 metros cuadrados\u00a0de puras vibes deportivas.\u00a0 Why Mundo E is THE Spot Primero que nada,\u00a0Mundo E\u00a0es uno de esos centros comerciales\u2026","rel":"","context":"En \u00abModa\u00bb","block_context":{"text":"Moda","link":"https:\/\/zeromagazine.mx\/index.php\/category\/moda\/"},"img":{"alt_text":"","src":"https:\/\/i0.wp.com\/zeromagazine.mx\/wp-content\/uploads\/2024\/09\/2O4A3585-scaled.jpg?fit=1200%2C800&ssl=1&resize=350%2C200","width":350,"height":200,"srcset":"https:\/\/i0.wp.com\/zeromagazine.mx\/wp-content\/uploads\/2024\/09\/2O4A3585-scaled.jpg?fit=1200%2C800&ssl=1&resize=350%2C200 1x, https:\/\/i0.wp.com\/zeromagazine.mx\/wp-content\/uploads\/2024\/09\/2O4A3585-scaled.jpg?fit=1200%2C800&ssl=1&resize=525%2C300 1.5x, https:\/\/i0.wp.com\/zeromagazine.mx\/wp-content\/uploads\/2024\/09\/2O4A3585-scaled.jpg?fit=1200%2C800&ssl=1&resize=700%2C400 2x, https:\/\/i0.wp.com\/zeromagazine.mx\/wp-content\/uploads\/2024\/09\/2O4A3585-scaled.jpg?fit=1200%2C800&ssl=1&resize=1050%2C600 3x"},"classes":[]}],"jetpack_sharing_enabled":true,"builder_content":"","_links":{"self":[{"href":"https:\/\/zeromagazine.mx\/index.php\/wp-json\/wp\/v2\/posts\/62033","targetHints":{"allow":["GET"]}}],"collection":[{"href":"https:\/\/zeromagazine.mx\/index.php\/wp-json\/wp\/v2\/posts"}],"about":[{"href":"https:\/\/zeromagazine.mx\/index.php\/wp-json\/wp\/v2\/types\/post"}],"author":[{"embeddable":true,"href":"https:\/\/zeromagazine.mx\/index.php\/wp-json\/wp\/v2\/users\/2"}],"replies":[{"embeddable":true,"href":"https:\/\/zeromagazine.mx\/index.php\/wp-json\/wp\/v2\/comments?post=62033"}],"version-history":[{"count":2,"href":"https:\/\/zeromagazine.mx\/index.php\/wp-json\/wp\/v2\/posts\/62033\/revisions"}],"predecessor-version":[{"id":69456,"href":"https:\/\/zeromagazine.mx\/index.php\/wp-json\/wp\/v2\/posts\/62033\/revisions\/69456"}],"wp:featuredmedia":[{"embeddable":true,"href":"https:\/\/zeromagazine.mx\/index.php\/wp-json\/wp\/v2\/media\/69453"}],"wp:attachment":[{"href":"https:\/\/zeromagazine.mx\/index.php\/wp-json\/wp\/v2\/media?parent=62033"}],"wp:term":[{"taxonomy":"category","embeddable":true,"href":"https:\/\/zeromagazine.mx\/index.php\/wp-json\/wp\/v2\/categories?post=62033"},{"taxonomy":"post_tag","embeddable":true,"href":"https:\/\/zeromagazine.mx\/index.php\/wp-json\/wp\/v2\/tags?post=62033"}],"curies":[{"name":"wp","href":"https:\/\/api.w.org\/{rel}","templated":true}]}}