{"id":69497,"date":"2023-12-13T06:34:25","date_gmt":"2023-12-13T05:34:25","guid":{"rendered":"https:\/\/zeromagazine.mx\/?p=69497"},"modified":"2023-12-13T21:04:33","modified_gmt":"2023-12-13T20:04:33","slug":"bastte-la-musica-no-es-un-presente-etetno","status":"publish","type":"post","link":"https:\/\/zeromagazine.mx\/index.php\/2023\/12\/13\/bastte-la-musica-no-es-un-presente-etetno\/","title":{"rendered":"Bastte: La M\u00fasica No Es Un Presente Eterno"},"content":{"rendered":"<!--themify_builder_content-->\n<div id=\"themify_builder_content-69497\" data-postid=\"69497\" class=\"themify_builder_content themify_builder_content-69497 themify_builder tf_clear\">\n    <\/div>\n<!--\/themify_builder_content-->\n\n\n<p>La m\u00fasica se ha vuelto tan universal y el internet la ha democratizado tanto, que un ni\u00f1o de 10 a\u00f1os puede comenzar a producirla desde su casa, y con la pizca adecuada de talento, puede lograr lo que pocos. Muestra de ello es el regiomontano Bastte, un m\u00fasico que ha explorado diversos g\u00e9neros y desde ni\u00f1o le ha dado a la m\u00fasica.<\/p>\n\n\n\n<p>Por: El Poderoso Dave<\/p>\n\n\n\n<figure class=\"wp-block-image size-large\"><img data-recalc-dims=\"1\" decoding=\"async\" width=\"791\" height=\"1024\" src=\"https:\/\/i0.wp.com\/zeromagazine.mx\/wp-content\/uploads\/2023\/12\/IMG_0075-791x1024.jpeg?resize=791%2C1024&#038;ssl=1\" alt=\"\" class=\"wp-image-69498\" srcset=\"https:\/\/i0.wp.com\/zeromagazine.mx\/wp-content\/uploads\/2023\/12\/IMG_0075-scaled.jpeg?resize=791%2C1024&amp;ssl=1 791w, https:\/\/i0.wp.com\/zeromagazine.mx\/wp-content\/uploads\/2023\/12\/IMG_0075-scaled.jpeg?resize=232%2C300&amp;ssl=1 232w, https:\/\/i0.wp.com\/zeromagazine.mx\/wp-content\/uploads\/2023\/12\/IMG_0075-scaled.jpeg?resize=768%2C994&amp;ssl=1 768w, https:\/\/i0.wp.com\/zeromagazine.mx\/wp-content\/uploads\/2023\/12\/IMG_0075-scaled.jpeg?resize=1187%2C1536&amp;ssl=1 1187w, https:\/\/i0.wp.com\/zeromagazine.mx\/wp-content\/uploads\/2023\/12\/IMG_0075-scaled.jpeg?resize=1583%2C2048&amp;ssl=1 1583w, https:\/\/i0.wp.com\/zeromagazine.mx\/wp-content\/uploads\/2023\/12\/IMG_0075-scaled.jpeg?resize=560%2C724&amp;ssl=1 560w, https:\/\/i0.wp.com\/zeromagazine.mx\/wp-content\/uploads\/2023\/12\/IMG_0075-scaled.jpeg?w=1978&amp;ssl=1 1978w\" sizes=\"(max-width: 791px) 100vw, 791px\" \/><\/figure>\n\n\n\n<p>Bastte, platicame un poquito sobre ti, sobre tu origen, c\u00f3mo es que decides dedicarte a la musica, c\u00f3mo descubres tu amor a la m\u00fasica.<\/p>\n\n\n\n<p>Tengo el amor por la m\u00fasica desde que nac\u00ed, porque mi pap\u00e1 es un loco, y le gusta mucho escuchar la musica muy fuerte. Nadie en mi familia es m\u00fasico.<\/p>\n\n\n\n<p>Cuando yo ten\u00eda como 11 a\u00f1os me gustaba mucho Skrillex, me gust\u00f3 tanto su musica, que me inspir\u00f3 a querer hacer ese tipo de m\u00fasica. Y ya sabes, San Google tiene todas las respuestas para todo, y desde ese entonces, como que mi infancia se sent\u00eda que cambi\u00f3 bastante. Porque, pues ya no sal\u00eda a jugar a los trompos o cosas as\u00ed, yo estaba en mi compu bien clavado, viendo c\u00f3mo hacerle. De ah\u00ed hasta los 18 m\u00e1s o menos, yo hac\u00eda pistas de musica electronica, EDM.<\/p>\n\n\n\n<p>En 2019 me fui a vivir a Vietnam con toda mi familia, hasta ese momento nunca hab\u00eda estado en un estudio profesional. Entonces, ah\u00ed conoc\u00ed a una persona que me present\u00f3 a un estudio as\u00ed tal cual, \u00bfno? Y resulta que esa persona produc\u00eda Trap. Justo esa persona me abri\u00f3 sus puertas y desde ese momento yo tambi\u00e9n empec\u00e9 a hacer Trap, Reggaeton, etc. Fue como hasta el 2020 que cambi\u00e9 del EDM al Trap y ya le empec\u00e9 a prestar mi voz.<\/p>\n\n\n\n<script async src=\"https:\/\/pagead2.googlesyndication.com\/pagead\/js\/adsbygoogle.js?client=ca-pub-5499304793904745\"\n     crossorigin=\"anonymous\"><\/script>\n<ins class=\"adsbygoogle\"\n     style=\"display:block; text-align:center;\"\n     data-ad-layout=\"in-article\"\n     data-ad-format=\"fluid\"\n     data-ad-client=\"ca-pub-5499304793904745\"\n     data-ad-slot=\"5994863093\"><\/ins>\n<script>\n     (adsbygoogle = window.adsbygoogle || []).push({});\n<\/script>\n\n\n\n<p>Oye, plat\u00edcame de este viaje a Vietnam.<\/p>\n\n\n\n<p>Nos fuimos toda la familia, por el trabajo de mi pap\u00e1, vivimos all\u00e1 un a\u00f1o entero. Estaba cumpliendo 18 a\u00f1os, fue algo muy diferente. Yo me deprim\u00ed cuando estaba all\u00e1, porque aunque estaba con mi familia, a fin de cuentas s\u00ed estaba solo. Porque en la escuela en la que estaba, estaba con gente de otras culturas, pero no es igual que cotorrear con un mexicano. Me sent\u00eda bien solo, la neta. Entonces, todo lo que hac\u00eda era hacer m\u00fasica, hacer canciones, estar en mi cuarto componiendo.<\/p>\n\n\n\n<p>Lo que me gust\u00f3 mucho de all\u00e1 fue que conect\u00e9 con personas de otras culturas. Tuvimos viajes dentro de la escuela donde escal\u00e9 una monta\u00f1a, pero desde adentro de la monta\u00f1a, la neta, surreal. El haber estado all\u00e1 me cambi\u00f3 mucho la perspectiva, sobre todo por lo que te coment\u00e9, que me sent\u00eda deprimido. Estar all\u00e1 me ampli\u00f3 mucho las posibilidades de pensar, la verdad, te podr\u00eda decir que floreci\u00f3 algo dentro de m\u00ed. Desde ah\u00ed empec\u00e9 a hacer Trap.<\/p>\n\n\n\n<p>\u00bfConsideras que Vietnam influy\u00f3 en tu m\u00fasica?<\/p>\n\n\n\n<p>S\u00ed, hermano. La verdad, s\u00ed. En ese periodo de tiempo, como yo estaba muy dentro de mi propio mundo, s\u00ed me constru\u00ed bastante. Realmente me constru\u00ed bastante a lo que estoy haciendo ahorita. Desde ah\u00ed decid\u00ed el camino que iba a tomar el proyecto.<\/p>\n\n\n\n<p>Pues b\u00e1sicamente mi m\u00fasica es eso. Yo hablo sobre cosas que me pasan. Sobre la percepci\u00f3n que yo tengo de las cosas que me suceden. Por lo general, soy una persona muy sentimental y cuando tengo una relaci\u00f3n amorosa, pues s\u00ed lo dejo todo. Si no, digo, \u00bfpara qu\u00e9 la voy a tener si no voy a dejar todo? Entonces, todas mis canciones, todas mis letras, van dirigidas a alguien. Y, pues por lo general, yo hablo del amor y del desamor. Entonces, s\u00ed, todas han sido para alguien. Y s\u00ed, influye bastante los lugares en los que he estado\u2026y s\u00ed, mi m\u00fasica es literal, es lo que soy.<\/p>\n\n\n\n<figure class=\"wp-block-image size-large\"><img data-recalc-dims=\"1\" decoding=\"async\" width=\"683\" height=\"1024\" src=\"https:\/\/i0.wp.com\/zeromagazine.mx\/wp-content\/uploads\/2023\/12\/DSC08463-683x1024.jpeg?resize=683%2C1024&#038;ssl=1\" alt=\"\" class=\"wp-image-69499\" srcset=\"https:\/\/i0.wp.com\/zeromagazine.mx\/wp-content\/uploads\/2023\/12\/DSC08463-scaled.jpeg?resize=683%2C1024&amp;ssl=1 683w, https:\/\/i0.wp.com\/zeromagazine.mx\/wp-content\/uploads\/2023\/12\/DSC08463-scaled.jpeg?resize=200%2C300&amp;ssl=1 200w, https:\/\/i0.wp.com\/zeromagazine.mx\/wp-content\/uploads\/2023\/12\/DSC08463-scaled.jpeg?resize=768%2C1152&amp;ssl=1 768w, https:\/\/i0.wp.com\/zeromagazine.mx\/wp-content\/uploads\/2023\/12\/DSC08463-scaled.jpeg?resize=1024%2C1536&amp;ssl=1 1024w, https:\/\/i0.wp.com\/zeromagazine.mx\/wp-content\/uploads\/2023\/12\/DSC08463-scaled.jpeg?resize=1365%2C2048&amp;ssl=1 1365w, https:\/\/i0.wp.com\/zeromagazine.mx\/wp-content\/uploads\/2023\/12\/DSC08463-scaled.jpeg?w=1707&amp;ssl=1 1707w\" sizes=\"(max-width: 683px) 100vw, 683px\" \/><\/figure>\n\n\n\n<p>Actualmente han surgido muchos artistas en el norte del pa\u00eds. \u00bfPor qu\u00e9 crees que se est\u00e9 dando esto?<\/p>\n\n\n\n<p>Yo creo que esto se est\u00e1 dando porque yo siento que las personas ya est\u00e1n abriendo m\u00e1s a escuchar cosas nuevas, sus cuerpos buscan escuchar algo diferente, pero que al mismo tiempo nos van a conectar con lo que somos, con lo que hacemos aqu\u00ed en M\u00e9xico, con las maneras que tenemos de hablarnos. Porque los dem\u00e1s pa\u00edses no lo tienen.<\/p>\n\n\n\n<p>Acabas de lanzar ahorita tu sencillo Demasiado Tarde. Cu\u00e9ntame un poco sobre la canci\u00f3n, sobre qu\u00e9 trata y c\u00f3mo fue el proceso de la creaci\u00f3n.<\/p>\n\n\n\n<p>Bueno, la canci\u00f3n habla de que no existe un presente interno, y que corras lo m\u00e1s r\u00e1pido que puedas a expresarle ese sentimiento a alguien que para ti es importante. Antes de que sea demasiado tarde y no lo puedas hacer despu\u00e9s, porque las personas parten, nada se queda siempre, todo evoluciona.<\/p>\n\n\n\n<p>Como humano, uno la caga muchas veces, pero al mismo tiempo la acepta, y es ese lapso de tiempo en el que la aceptas lo que acabas de hacer, aceptarlo y decirle, oye, lo arruin\u00e9, pero estoy consciente de que lo hice y te lo estoy diciendo justo ahorita para que despu\u00e9s no sea m\u00e1s tarde y pueda haber una soluci\u00f3n de arreglar las cosas ahorita.<br><\/p>\n\n\n\n<script async src=\"https:\/\/pagead2.googlesyndication.com\/pagead\/js\/adsbygoogle.js?client=ca-pub-5499304793904745\"\n     crossorigin=\"anonymous\"><\/script>\n<ins class=\"adsbygoogle\"\n     style=\"display:block; text-align:center;\"\n     data-ad-layout=\"in-article\"\n     data-ad-format=\"fluid\"\n     data-ad-client=\"ca-pub-5499304793904745\"\n     data-ad-slot=\"5994863093\"><\/ins>\n<script>\n     (adsbygoogle = window.adsbygoogle || []).push({});\n<\/script>\n\n\n\n<p>Plat\u00cdcame sobre la creaci\u00f3n, \u00bfc\u00f3mo fue producirla, escribirla?<\/p>\n\n\n\n<p>Esa canci\u00f3n fue de las primeras canciones de reggaet\u00f3n que yo me empec\u00e9 a hacer. Yo produje el beat, y yo puse las letras, y grab\u00e9 todo. Y hablamos con un productor de ac\u00e1, de Monterrey, que se llama BitBoy, y concretamos una sesi\u00f3n y todo. Y \u00e9l mismo hizo la mezcla y la masterizaci\u00f3n.<\/p>\n\n\n\n<p>Te has presentado en varios lugares y le has abierto a varios artistas. \u00bfCu\u00e1les han sido las experiencias que m\u00e1s te han marcado en estas presentaciones?<\/p>\n\n\n\n<p>Yo siento que desde que me voy a subir al avi\u00f3n ya me est\u00e1 marcando la experiencia. Desde que yo estoy ac\u00e1 y s\u00e9 que tengo que agarrar un vuelo, que me tengo que forzar a dormir a las seis de la tarde para poderme levantar a la una de la ma\u00f1ana o as\u00ed, ya desde ah\u00ed es un viaje. Lo mejor de todo es cuando conozco a las personas en los conciertos, he tenido la oportunidad de conocer a las personas a las cuales les voy a abrir. Y eso est\u00e1 padre porque sabes a d\u00f3nde vas t\u00fa tambi\u00e9n.<\/p>\n\n\n\n<p>Cuando ya estoy ah\u00ed y veo a todo el p\u00fablico, siempre pienso es que esas personas no vienen a verme a m\u00ed, pues vienen a ver al Headliner obviamente, pero indirectamente digo, este p\u00fablico en alg\u00fan punto va a ser m\u00edo. Cuando estoy ah\u00ed cantando, obviamente que me la creo, que es mi p\u00fablico y todo.<\/p>\n\n\n\n<p>Y tambi\u00e9n la experiencia de conocer lugares nuevos. Porque he conocido muchos lugares tambi\u00e9n. C\u00f3mo es la organizaci\u00f3n de un evento, qui\u00e9nes son los que est\u00e1n contratando y qui\u00e9nes son los que est\u00e1n apoyando, conocer a todo el equipo, desde el ingeniero en audio, todo es una experiencia. Nunca sabes qui\u00e9n te puede servir para un proyecto en el futuro. Y es lo que yo siempre intento hacer en estas oportunidades que tengo de abrir. Conocer gente que pueda ver para un futuro.<\/p>\n\n\n\n<figure class=\"wp-block-image size-large\"><img data-recalc-dims=\"1\" decoding=\"async\" width=\"683\" height=\"1024\" src=\"https:\/\/i0.wp.com\/zeromagazine.mx\/wp-content\/uploads\/2023\/12\/DSC08609-683x1024.jpeg?resize=683%2C1024&#038;ssl=1\" alt=\"\" class=\"wp-image-69500\" srcset=\"https:\/\/i0.wp.com\/zeromagazine.mx\/wp-content\/uploads\/2023\/12\/DSC08609-scaled.jpeg?resize=683%2C1024&amp;ssl=1 683w, https:\/\/i0.wp.com\/zeromagazine.mx\/wp-content\/uploads\/2023\/12\/DSC08609-scaled.jpeg?resize=200%2C300&amp;ssl=1 200w, https:\/\/i0.wp.com\/zeromagazine.mx\/wp-content\/uploads\/2023\/12\/DSC08609-scaled.jpeg?resize=768%2C1152&amp;ssl=1 768w, https:\/\/i0.wp.com\/zeromagazine.mx\/wp-content\/uploads\/2023\/12\/DSC08609-scaled.jpeg?resize=1024%2C1536&amp;ssl=1 1024w, https:\/\/i0.wp.com\/zeromagazine.mx\/wp-content\/uploads\/2023\/12\/DSC08609-scaled.jpeg?resize=1365%2C2048&amp;ssl=1 1365w, https:\/\/i0.wp.com\/zeromagazine.mx\/wp-content\/uploads\/2023\/12\/DSC08609-scaled.jpeg?w=1707&amp;ssl=1 1707w\" sizes=\"(max-width: 683px) 100vw, 683px\" \/><\/figure>\n\n\n\n<p>\u00bfQu\u00e9 es lo que m\u00e1s disfrutas de hacer m\u00fasica?<\/p>\n\n\n\n<p>Cuando ya pas\u00e9 por el proceso de checar qu\u00e9 es lo que hab\u00eda dentro de mi mente, o sea, para yo poder componer. Porque siento que lo m\u00e1s dif\u00edcil es eso. Saber qu\u00e9 est\u00e1 pasando dentro de mi cabeza, dentro de mi alma, dentro de mi coraz\u00f3n. Realmente siento que es lo m\u00e1s dif\u00edcil ser honesto contigo mismo. Cuando estoy solito ah\u00ed en el cuarto, que no hay nada, ni un solo ruido, solamente estoy yo. Decir, ok, de esta manera me siento\u2026 \u00bfC\u00f3mo esto se ve en palabras aparte de eso? \u00bfC\u00f3mo en un ritmo? O sea, que vaya de acuerdo, que conecte.<\/p>\n\n\n\n<p>Porque primero una canci\u00f3n tiene que conectar conmigo, para yo poder mostr\u00e1rsela hasta a los dem\u00e1s. Entonces, lo que m\u00e1s me gusta es cuando ya estoy sintiendo que lo que tiene en mi mente s\u00ed lo estoy pudiendo hacer materialmente. Eso es lo que m\u00e1s disfruto. Y, bueno, literal nunca escribo. Siempre prendo el micr\u00f3fono y freestyleo de acuerdo a lo que ya pens\u00e9 que iba a ser el tema de la canci\u00f3n. Y es eso lo m\u00e1s disfrutable. Y al final, pues tambi\u00e9n me gusta mucho meterme en la mezcla y todo eso. Pero sin duda alguna lo que m\u00e1s disfruto es cuando est\u00e1s sacando la creatividad.<\/p>\n\n\n\n<p>\u00bfQu\u00e9 es lo que te hace sentir m\u00e1s orgulloso hasta este momento?<\/p>\n\n\n\n<p>Pues mira, lo que me hace sentir m\u00e1s orgulloso en este momento, o sea, como en mi trayecto como artista y tambi\u00e9n como persona, es que este proyecto es 100% m\u00edo. Yo soy el jefe de este proyecto, yo estoy haciendo mis canciones, yo las estoy componiendo. Tambi\u00e9n me estoy moviendo en todos los lugares para ver a qui\u00e9n conozco y todo eso. Y que, aparte, me siento orgulloso de que tengo el apoyo de mi familia, el apoyo moral, sobre todo.<\/p>\n\n\n\n<p>Ellos han visto todo desde c\u00f3mo empez\u00f3 mi m\u00fasica hasta lo que estoy queriendo lograr ahorita. Y me han apoyado en todo momento. Y me siento orgulloso de eso, de que mi familia me apoya.<br>Me siento orgulloso de que tengo vida para hacer m\u00fasica, de que sigo conociendo personas, de que tengo fechas pr\u00f3ximas y que cada fecha que hoy me motiva a hacer otra canci\u00f3n. Que cada cosa que me pasa la estoy usando a mi favor para motivarme y hacer lo que sea. \u00bfSabes? Me siento orgulloso de eso.<br><\/p>\n\n\n\n<script async src=\"https:\/\/pagead2.googlesyndication.com\/pagead\/js\/adsbygoogle.js?client=ca-pub-5499304793904745\"\n     crossorigin=\"anonymous\"><\/script>\n<ins class=\"adsbygoogle\"\n     style=\"display:block; text-align:center;\"\n     data-ad-layout=\"in-article\"\n     data-ad-format=\"fluid\"\n     data-ad-client=\"ca-pub-5499304793904745\"\n     data-ad-slot=\"5994863093\"><\/ins>\n<script>\n     (adsbygoogle = window.adsbygoogle || []).push({});\n<\/script>\n\n\n\n<p>\u00bfCon qui\u00e9nes te gustar\u00eda colaborar en alg\u00fan momento?<\/p>\n\n\n\n<p>En M\u00e9xico hay movimientos de reggaet\u00f3n, como el Boguetto o el Malilla. Pero si te vas todav\u00eda m\u00e1s as\u00ed, m\u00e1s al fondo, hay m\u00e1s chavitos como yo que hacen m\u00fasica. Entonces, te podr\u00eda decir, obviamente quisiera colaborar con Travis Scott o as\u00ed, es mi sue\u00f1o; pero me inspirar\u00eda m\u00e1s colaborar con gente que est\u00e1 pasando por lo mismo que yo ahorita. Que est\u00e1 viendo qu\u00e9 pedo con su carrera, que est\u00e1 haciendo m\u00fasica. Siento que ser\u00eda una colaboraci\u00f3n m\u00e1s \u00e9pica, porque podr\u00edas conectar al cierre con la realidad que est\u00e1 viviendo otra persona. Y obviamente, yo quisiera colaborar con alguien que tambi\u00e9n haga su m\u00fasica, que tambi\u00e9n produce y todo.<\/p>\n\n\n\n<p>Y por \u00faltimo, pl\u00e1ticamente, \u00bfqu\u00e9 planes tienes en puerta?<\/p>\n\n\n\n<p>Con los resultados que he tenido con Demasiado Tarde, que fue el primer reggaet\u00f3n que puse en mi cat\u00e1logo, me di cuenta que literal es lo que la gente digiere m\u00e1s f\u00e1cil que cualquier otra canci\u00f3n que yo he subido y la que m\u00e1s n\u00fameros he tenido. Entonces, ya tengo varias canciones que son de ese estilo, estoy planeando sacar un EP de puro reggaet\u00f3n. Entonces, para este mes se viene una canci\u00f3n, al final del mes tambi\u00e9n. Es un trap, pero para darle entrada a lo que se viene en diciembre\/enero, que es puro reggaet\u00f3n en su m\u00e1ximo esplendor.<\/p>","protected":false},"excerpt":{"rendered":"<p>La m\u00fasica se ha vuelto tan universal y el internet la ha democratizado tanto, que un ni\u00f1o de 10 a\u00f1os puede comenzar a producirla desde su casa, y con la pizca adecuada de talento, puede lograr lo que pocos. Muestra de ello es el regiomontano Bastte, un m\u00fasico que ha explorado diversos g\u00e9neros y desde [&hellip;]<\/p>\n","protected":false},"author":4,"featured_media":69498,"comment_status":"open","ping_status":"open","sticky":true,"template":"","format":"standard","meta":{"_jetpack_memberships_contains_paid_content":false,"footnotes":"","jetpack_publicize_message":"","jetpack_publicize_feature_enabled":true,"jetpack_social_post_already_shared":false,"jetpack_social_options":{"image_generator_settings":{"template":"highway","default_image_id":0,"font":"","enabled":false},"version":2}},"categories":[98],"tags":[3384],"class_list":["post-69497","post","type-post","status-publish","format-standard","has-post-thumbnail","hentry","category-portada","tag-destacada","has-post-title","has-post-date","has-post-category","has-post-tag","has-post-comment","has-post-author",""],"yoast_head":"<!-- This site is optimized with the Yoast SEO plugin v27.5 - https:\/\/yoast.com\/product\/yoast-seo-wordpress\/ -->\n<title>Bastte: La M\u00fasica No Es Un Presente Eterno - Zero Magazine<\/title>\n<meta name=\"robots\" content=\"index, follow, max-snippet:-1, max-image-preview:large, max-video-preview:-1\" \/>\n<link rel=\"canonical\" href=\"https:\/\/zeromagazine.mx\/index.php\/2023\/12\/13\/bastte-la-musica-no-es-un-presente-etetno\/\" \/>\n<meta property=\"og:locale\" content=\"es_ES\" \/>\n<meta property=\"og:type\" content=\"article\" \/>\n<meta property=\"og:title\" content=\"Bastte: La M\u00fasica No Es Un Presente Eterno - Zero Magazine\" \/>\n<meta property=\"og:description\" content=\"La m\u00fasica se ha vuelto tan universal y el internet la ha democratizado tanto, que un ni\u00f1o de 10 a\u00f1os puede comenzar a producirla desde su casa, y con la pizca adecuada de talento, puede lograr lo que pocos. Muestra de ello es el regiomontano Bastte, un m\u00fasico que ha explorado diversos g\u00e9neros y desde [&hellip;]\" \/>\n<meta property=\"og:url\" content=\"https:\/\/zeromagazine.mx\/index.php\/2023\/12\/13\/bastte-la-musica-no-es-un-presente-etetno\/\" \/>\n<meta property=\"og:site_name\" content=\"Zero Magazine\" \/>\n<meta property=\"article:published_time\" content=\"2023-12-13T05:34:25+00:00\" \/>\n<meta property=\"article:modified_time\" content=\"2023-12-13T20:04:33+00:00\" \/>\n<meta property=\"og:image\" content=\"https:\/\/i0.wp.com\/zeromagazine.mx\/wp-content\/uploads\/2023\/12\/IMG_0075-scaled.jpeg?fit=1978%2C2560&ssl=1\" \/>\n\t<meta property=\"og:image:width\" content=\"1978\" \/>\n\t<meta property=\"og:image:height\" content=\"2560\" \/>\n\t<meta property=\"og:image:type\" content=\"image\/jpeg\" \/>\n<meta name=\"author\" content=\"David Morales\" \/>\n<meta name=\"twitter:card\" content=\"summary_large_image\" \/>\n<meta name=\"twitter:label1\" content=\"Escrito por\" \/>\n\t<meta name=\"twitter:data1\" content=\"David Morales\" \/>\n\t<meta name=\"twitter:label2\" content=\"Tiempo de lectura\" \/>\n\t<meta name=\"twitter:data2\" content=\"10 minutos\" \/>\n<script type=\"application\/ld+json\" class=\"yoast-schema-graph\">{\"@context\":\"https:\\\/\\\/schema.org\",\"@graph\":[{\"@type\":\"Article\",\"@id\":\"https:\\\/\\\/zeromagazine.mx\\\/index.php\\\/2023\\\/12\\\/13\\\/bastte-la-musica-no-es-un-presente-etetno\\\/#article\",\"isPartOf\":{\"@id\":\"https:\\\/\\\/zeromagazine.mx\\\/index.php\\\/2023\\\/12\\\/13\\\/bastte-la-musica-no-es-un-presente-etetno\\\/\"},\"author\":{\"name\":\"David Morales\",\"@id\":\"https:\\\/\\\/zeromagazine.mx\\\/#\\\/schema\\\/person\\\/9f7f1a17c60ba8e9980e3e6677aabe5a\"},\"headline\":\"Bastte: La M\u00fasica No Es Un Presente Eterno\",\"datePublished\":\"2023-12-13T05:34:25+00:00\",\"dateModified\":\"2023-12-13T20:04:33+00:00\",\"mainEntityOfPage\":{\"@id\":\"https:\\\/\\\/zeromagazine.mx\\\/index.php\\\/2023\\\/12\\\/13\\\/bastte-la-musica-no-es-un-presente-etetno\\\/\"},\"wordCount\":1962,\"commentCount\":0,\"publisher\":{\"@id\":\"https:\\\/\\\/zeromagazine.mx\\\/#organization\"},\"image\":{\"@id\":\"https:\\\/\\\/zeromagazine.mx\\\/index.php\\\/2023\\\/12\\\/13\\\/bastte-la-musica-no-es-un-presente-etetno\\\/#primaryimage\"},\"thumbnailUrl\":\"https:\\\/\\\/i0.wp.com\\\/zeromagazine.mx\\\/wp-content\\\/uploads\\\/2023\\\/12\\\/IMG_0075-scaled.jpeg?fit=1978%2C2560&ssl=1\",\"keywords\":[\"Destacada\"],\"articleSection\":[\"Portada\"],\"inLanguage\":\"es\",\"potentialAction\":[{\"@type\":\"CommentAction\",\"name\":\"Comment\",\"target\":[\"https:\\\/\\\/zeromagazine.mx\\\/index.php\\\/2023\\\/12\\\/13\\\/bastte-la-musica-no-es-un-presente-etetno\\\/#respond\"]}]},{\"@type\":\"WebPage\",\"@id\":\"https:\\\/\\\/zeromagazine.mx\\\/index.php\\\/2023\\\/12\\\/13\\\/bastte-la-musica-no-es-un-presente-etetno\\\/\",\"url\":\"https:\\\/\\\/zeromagazine.mx\\\/index.php\\\/2023\\\/12\\\/13\\\/bastte-la-musica-no-es-un-presente-etetno\\\/\",\"name\":\"Bastte: La M\u00fasica No Es Un Presente Eterno - Zero Magazine\",\"isPartOf\":{\"@id\":\"https:\\\/\\\/zeromagazine.mx\\\/#website\"},\"primaryImageOfPage\":{\"@id\":\"https:\\\/\\\/zeromagazine.mx\\\/index.php\\\/2023\\\/12\\\/13\\\/bastte-la-musica-no-es-un-presente-etetno\\\/#primaryimage\"},\"image\":{\"@id\":\"https:\\\/\\\/zeromagazine.mx\\\/index.php\\\/2023\\\/12\\\/13\\\/bastte-la-musica-no-es-un-presente-etetno\\\/#primaryimage\"},\"thumbnailUrl\":\"https:\\\/\\\/i0.wp.com\\\/zeromagazine.mx\\\/wp-content\\\/uploads\\\/2023\\\/12\\\/IMG_0075-scaled.jpeg?fit=1978%2C2560&ssl=1\",\"datePublished\":\"2023-12-13T05:34:25+00:00\",\"dateModified\":\"2023-12-13T20:04:33+00:00\",\"breadcrumb\":{\"@id\":\"https:\\\/\\\/zeromagazine.mx\\\/index.php\\\/2023\\\/12\\\/13\\\/bastte-la-musica-no-es-un-presente-etetno\\\/#breadcrumb\"},\"inLanguage\":\"es\",\"potentialAction\":[{\"@type\":\"ReadAction\",\"target\":[\"https:\\\/\\\/zeromagazine.mx\\\/index.php\\\/2023\\\/12\\\/13\\\/bastte-la-musica-no-es-un-presente-etetno\\\/\"]}]},{\"@type\":\"ImageObject\",\"inLanguage\":\"es\",\"@id\":\"https:\\\/\\\/zeromagazine.mx\\\/index.php\\\/2023\\\/12\\\/13\\\/bastte-la-musica-no-es-un-presente-etetno\\\/#primaryimage\",\"url\":\"https:\\\/\\\/i0.wp.com\\\/zeromagazine.mx\\\/wp-content\\\/uploads\\\/2023\\\/12\\\/IMG_0075-scaled.jpeg?fit=1978%2C2560&ssl=1\",\"contentUrl\":\"https:\\\/\\\/i0.wp.com\\\/zeromagazine.mx\\\/wp-content\\\/uploads\\\/2023\\\/12\\\/IMG_0075-scaled.jpeg?fit=1978%2C2560&ssl=1\",\"width\":1978,\"height\":2560},{\"@type\":\"BreadcrumbList\",\"@id\":\"https:\\\/\\\/zeromagazine.mx\\\/index.php\\\/2023\\\/12\\\/13\\\/bastte-la-musica-no-es-un-presente-etetno\\\/#breadcrumb\",\"itemListElement\":[{\"@type\":\"ListItem\",\"position\":1,\"name\":\"Portada\",\"item\":\"https:\\\/\\\/zeromagazine.mx\\\/\"},{\"@type\":\"ListItem\",\"position\":2,\"name\":\"Bastte: La M\u00fasica No Es Un Presente Eterno\"}]},{\"@type\":\"WebSite\",\"@id\":\"https:\\\/\\\/zeromagazine.mx\\\/#website\",\"url\":\"https:\\\/\\\/zeromagazine.mx\\\/\",\"name\":\"Zero Magazine\",\"description\":\"\",\"publisher\":{\"@id\":\"https:\\\/\\\/zeromagazine.mx\\\/#organization\"},\"potentialAction\":[{\"@type\":\"SearchAction\",\"target\":{\"@type\":\"EntryPoint\",\"urlTemplate\":\"https:\\\/\\\/zeromagazine.mx\\\/?s={search_term_string}\"},\"query-input\":{\"@type\":\"PropertyValueSpecification\",\"valueRequired\":true,\"valueName\":\"search_term_string\"}}],\"inLanguage\":\"es\"},{\"@type\":\"Organization\",\"@id\":\"https:\\\/\\\/zeromagazine.mx\\\/#organization\",\"name\":\"Zero Magazine\",\"url\":\"https:\\\/\\\/zeromagazine.mx\\\/\",\"logo\":{\"@type\":\"ImageObject\",\"inLanguage\":\"es\",\"@id\":\"https:\\\/\\\/zeromagazine.mx\\\/#\\\/schema\\\/logo\\\/image\\\/\",\"url\":\"https:\\\/\\\/i0.wp.com\\\/zeromagazine.mx\\\/wp-content\\\/uploads\\\/2025\\\/11\\\/1.jpeg?fit=1000%2C1000&ssl=1\",\"contentUrl\":\"https:\\\/\\\/i0.wp.com\\\/zeromagazine.mx\\\/wp-content\\\/uploads\\\/2025\\\/11\\\/1.jpeg?fit=1000%2C1000&ssl=1\",\"width\":1000,\"height\":1000,\"caption\":\"Zero Magazine\"},\"image\":{\"@id\":\"https:\\\/\\\/zeromagazine.mx\\\/#\\\/schema\\\/logo\\\/image\\\/\"},\"sameAs\":[\"https:\\\/\\\/instagram.com\\\/zeromagazinemx\"]},{\"@type\":\"Person\",\"@id\":\"https:\\\/\\\/zeromagazine.mx\\\/#\\\/schema\\\/person\\\/9f7f1a17c60ba8e9980e3e6677aabe5a\",\"name\":\"David Morales\",\"image\":{\"@type\":\"ImageObject\",\"inLanguage\":\"es\",\"@id\":\"https:\\\/\\\/zeromagazine.mx\\\/wp-content\\\/litespeed\\\/avatar\\\/76069d2136bfc1c37dc34815bb67ca42.jpg?ver=1777571067\",\"url\":\"https:\\\/\\\/zeromagazine.mx\\\/wp-content\\\/litespeed\\\/avatar\\\/76069d2136bfc1c37dc34815bb67ca42.jpg?ver=1777571067\",\"contentUrl\":\"https:\\\/\\\/zeromagazine.mx\\\/wp-content\\\/litespeed\\\/avatar\\\/76069d2136bfc1c37dc34815bb67ca42.jpg?ver=1777571067\",\"caption\":\"David Morales\"},\"url\":\"https:\\\/\\\/zeromagazine.mx\\\/index.php\\\/author\\\/david\\\/\"}]}<\/script>\n<!-- \/ Yoast SEO plugin. -->","yoast_head_json":{"title":"Bastte: La M\u00fasica No Es Un Presente Eterno - Zero Magazine","robots":{"index":"index","follow":"follow","max-snippet":"max-snippet:-1","max-image-preview":"max-image-preview:large","max-video-preview":"max-video-preview:-1"},"canonical":"https:\/\/zeromagazine.mx\/index.php\/2023\/12\/13\/bastte-la-musica-no-es-un-presente-etetno\/","og_locale":"es_ES","og_type":"article","og_title":"Bastte: La M\u00fasica No Es Un Presente Eterno - Zero Magazine","og_description":"La m\u00fasica se ha vuelto tan universal y el internet la ha democratizado tanto, que un ni\u00f1o de 10 a\u00f1os puede comenzar a producirla desde su casa, y con la pizca adecuada de talento, puede lograr lo que pocos. Muestra de ello es el regiomontano Bastte, un m\u00fasico que ha explorado diversos g\u00e9neros y desde [&hellip;]","og_url":"https:\/\/zeromagazine.mx\/index.php\/2023\/12\/13\/bastte-la-musica-no-es-un-presente-etetno\/","og_site_name":"Zero Magazine","article_published_time":"2023-12-13T05:34:25+00:00","article_modified_time":"2023-12-13T20:04:33+00:00","og_image":[{"width":1978,"height":2560,"url":"https:\/\/i0.wp.com\/zeromagazine.mx\/wp-content\/uploads\/2023\/12\/IMG_0075-scaled.jpeg?fit=1978%2C2560&ssl=1","type":"image\/jpeg"}],"author":"David Morales","twitter_card":"summary_large_image","twitter_misc":{"Escrito por":"David Morales","Tiempo de lectura":"10 minutos"},"schema":{"@context":"https:\/\/schema.org","@graph":[{"@type":"Article","@id":"https:\/\/zeromagazine.mx\/index.php\/2023\/12\/13\/bastte-la-musica-no-es-un-presente-etetno\/#article","isPartOf":{"@id":"https:\/\/zeromagazine.mx\/index.php\/2023\/12\/13\/bastte-la-musica-no-es-un-presente-etetno\/"},"author":{"name":"David Morales","@id":"https:\/\/zeromagazine.mx\/#\/schema\/person\/9f7f1a17c60ba8e9980e3e6677aabe5a"},"headline":"Bastte: La M\u00fasica No Es Un Presente Eterno","datePublished":"2023-12-13T05:34:25+00:00","dateModified":"2023-12-13T20:04:33+00:00","mainEntityOfPage":{"@id":"https:\/\/zeromagazine.mx\/index.php\/2023\/12\/13\/bastte-la-musica-no-es-un-presente-etetno\/"},"wordCount":1962,"commentCount":0,"publisher":{"@id":"https:\/\/zeromagazine.mx\/#organization"},"image":{"@id":"https:\/\/zeromagazine.mx\/index.php\/2023\/12\/13\/bastte-la-musica-no-es-un-presente-etetno\/#primaryimage"},"thumbnailUrl":"https:\/\/i0.wp.com\/zeromagazine.mx\/wp-content\/uploads\/2023\/12\/IMG_0075-scaled.jpeg?fit=1978%2C2560&ssl=1","keywords":["Destacada"],"articleSection":["Portada"],"inLanguage":"es","potentialAction":[{"@type":"CommentAction","name":"Comment","target":["https:\/\/zeromagazine.mx\/index.php\/2023\/12\/13\/bastte-la-musica-no-es-un-presente-etetno\/#respond"]}]},{"@type":"WebPage","@id":"https:\/\/zeromagazine.mx\/index.php\/2023\/12\/13\/bastte-la-musica-no-es-un-presente-etetno\/","url":"https:\/\/zeromagazine.mx\/index.php\/2023\/12\/13\/bastte-la-musica-no-es-un-presente-etetno\/","name":"Bastte: La M\u00fasica No Es Un Presente Eterno - Zero Magazine","isPartOf":{"@id":"https:\/\/zeromagazine.mx\/#website"},"primaryImageOfPage":{"@id":"https:\/\/zeromagazine.mx\/index.php\/2023\/12\/13\/bastte-la-musica-no-es-un-presente-etetno\/#primaryimage"},"image":{"@id":"https:\/\/zeromagazine.mx\/index.php\/2023\/12\/13\/bastte-la-musica-no-es-un-presente-etetno\/#primaryimage"},"thumbnailUrl":"https:\/\/i0.wp.com\/zeromagazine.mx\/wp-content\/uploads\/2023\/12\/IMG_0075-scaled.jpeg?fit=1978%2C2560&ssl=1","datePublished":"2023-12-13T05:34:25+00:00","dateModified":"2023-12-13T20:04:33+00:00","breadcrumb":{"@id":"https:\/\/zeromagazine.mx\/index.php\/2023\/12\/13\/bastte-la-musica-no-es-un-presente-etetno\/#breadcrumb"},"inLanguage":"es","potentialAction":[{"@type":"ReadAction","target":["https:\/\/zeromagazine.mx\/index.php\/2023\/12\/13\/bastte-la-musica-no-es-un-presente-etetno\/"]}]},{"@type":"ImageObject","inLanguage":"es","@id":"https:\/\/zeromagazine.mx\/index.php\/2023\/12\/13\/bastte-la-musica-no-es-un-presente-etetno\/#primaryimage","url":"https:\/\/i0.wp.com\/zeromagazine.mx\/wp-content\/uploads\/2023\/12\/IMG_0075-scaled.jpeg?fit=1978%2C2560&ssl=1","contentUrl":"https:\/\/i0.wp.com\/zeromagazine.mx\/wp-content\/uploads\/2023\/12\/IMG_0075-scaled.jpeg?fit=1978%2C2560&ssl=1","width":1978,"height":2560},{"@type":"BreadcrumbList","@id":"https:\/\/zeromagazine.mx\/index.php\/2023\/12\/13\/bastte-la-musica-no-es-un-presente-etetno\/#breadcrumb","itemListElement":[{"@type":"ListItem","position":1,"name":"Portada","item":"https:\/\/zeromagazine.mx\/"},{"@type":"ListItem","position":2,"name":"Bastte: La M\u00fasica No Es Un Presente Eterno"}]},{"@type":"WebSite","@id":"https:\/\/zeromagazine.mx\/#website","url":"https:\/\/zeromagazine.mx\/","name":"Zero Magazine","description":"","publisher":{"@id":"https:\/\/zeromagazine.mx\/#organization"},"potentialAction":[{"@type":"SearchAction","target":{"@type":"EntryPoint","urlTemplate":"https:\/\/zeromagazine.mx\/?s={search_term_string}"},"query-input":{"@type":"PropertyValueSpecification","valueRequired":true,"valueName":"search_term_string"}}],"inLanguage":"es"},{"@type":"Organization","@id":"https:\/\/zeromagazine.mx\/#organization","name":"Zero Magazine","url":"https:\/\/zeromagazine.mx\/","logo":{"@type":"ImageObject","inLanguage":"es","@id":"https:\/\/zeromagazine.mx\/#\/schema\/logo\/image\/","url":"https:\/\/i0.wp.com\/zeromagazine.mx\/wp-content\/uploads\/2025\/11\/1.jpeg?fit=1000%2C1000&ssl=1","contentUrl":"https:\/\/i0.wp.com\/zeromagazine.mx\/wp-content\/uploads\/2025\/11\/1.jpeg?fit=1000%2C1000&ssl=1","width":1000,"height":1000,"caption":"Zero Magazine"},"image":{"@id":"https:\/\/zeromagazine.mx\/#\/schema\/logo\/image\/"},"sameAs":["https:\/\/instagram.com\/zeromagazinemx"]},{"@type":"Person","@id":"https:\/\/zeromagazine.mx\/#\/schema\/person\/9f7f1a17c60ba8e9980e3e6677aabe5a","name":"David Morales","image":{"@type":"ImageObject","inLanguage":"es","@id":"https:\/\/zeromagazine.mx\/wp-content\/litespeed\/avatar\/76069d2136bfc1c37dc34815bb67ca42.jpg?ver=1777571067","url":"https:\/\/zeromagazine.mx\/wp-content\/litespeed\/avatar\/76069d2136bfc1c37dc34815bb67ca42.jpg?ver=1777571067","contentUrl":"https:\/\/zeromagazine.mx\/wp-content\/litespeed\/avatar\/76069d2136bfc1c37dc34815bb67ca42.jpg?ver=1777571067","caption":"David Morales"},"url":"https:\/\/zeromagazine.mx\/index.php\/author\/david\/"}]}},"jetpack_publicize_connections":[],"jetpack_featured_media_url":"https:\/\/i0.wp.com\/zeromagazine.mx\/wp-content\/uploads\/2023\/12\/IMG_0075-scaled.jpeg?fit=1978%2C2560&ssl=1","jetpack-related-posts":[{"id":77832,"url":"https:\/\/zeromagazine.mx\/index.php\/2024\/06\/13\/pedro-el-rapero-debuta-con-padre\/","url_meta":{"origin":69497,"position":0},"title":"Pedro \u00abEl rapero\u00bb debuta con \u00abPadre\u00bb","author":"zeromagazinemx","date":"13 de junio de 2024","format":false,"excerpt":"Pedro \"El rapero\", un chavito de solo 13 a\u00f1os, est\u00e1 causando revuelo con su nueva canci\u00f3n dedicada al D\u00eda del Padre. Con una propuesta fresca y diferente, promete conectar con muchas personas que, como \u00e9l, quieren expresar su amor por sus padres a trav\u00e9s de la m\u00fasica. Para empezar, Pedro\u2026","rel":"","context":"En \u00abEntretenimiento\u00bb","block_context":{"text":"Entretenimiento","link":"https:\/\/zeromagazine.mx\/index.php\/category\/entretenimiento\/"},"img":{"alt_text":"","src":"https:\/\/i0.wp.com\/zeromagazine.mx\/wp-content\/uploads\/2024\/06\/PedroElRapero_2-scaled.jpg?fit=960%2C1200&ssl=1&resize=350%2C200","width":350,"height":200,"srcset":"https:\/\/i0.wp.com\/zeromagazine.mx\/wp-content\/uploads\/2024\/06\/PedroElRapero_2-scaled.jpg?fit=960%2C1200&ssl=1&resize=350%2C200 1x, https:\/\/i0.wp.com\/zeromagazine.mx\/wp-content\/uploads\/2024\/06\/PedroElRapero_2-scaled.jpg?fit=960%2C1200&ssl=1&resize=525%2C300 1.5x, https:\/\/i0.wp.com\/zeromagazine.mx\/wp-content\/uploads\/2024\/06\/PedroElRapero_2-scaled.jpg?fit=960%2C1200&ssl=1&resize=700%2C400 2x"},"classes":[]},{"id":52308,"url":"https:\/\/zeromagazine.mx\/index.php\/2021\/08\/17\/entrevista-a-vitalico\/","url_meta":{"origin":69497,"position":1},"title":"ENTREVISTA A VIT\u00c1LICO","author":"zeromagazinemx","date":"17 de agosto de 2021","format":false,"excerpt":"Vitalico nos platica sobre su inspiraci\u00f3n para componer y de sus excelentes gustos musicales que le influyen a hacer canciones incre\u00edbles. Adem\u00e1s que el pasado 13 de agosto nos sorprendi\u00f3 con un nuevo tema llamado \u201cNo Nos Dejes Caer\u201d. Por Gabriela H. Delgadillo Plat\u00edcanos qu\u00e9 es Vit\u00e1lico Bueno, Vit\u00e1lico es\u2026","rel":"","context":"En \u00abEntretenimiento\u00bb","block_context":{"text":"Entretenimiento","link":"https:\/\/zeromagazine.mx\/index.php\/category\/entretenimiento\/"},"img":{"alt_text":"","src":"","width":0,"height":0},"classes":[]},{"id":92914,"url":"https:\/\/zeromagazine.mx\/index.php\/2024\/12\/11\/edo-de-la-paz-sanar-fluir-y-renacer-con-karma-bueno\/","url_meta":{"origin":69497,"position":2},"title":"Edo de La Paz: Sanar, Fluir y Renacer con Karma Bueno","author":"David Morales","date":"11 de diciembre de 2024","format":false,"excerpt":"Edoardo de La Paz es un ejemplo vivo de c\u00f3mo los momentos m\u00e1s oscuros pueden convertirse en el catalizador de los sue\u00f1os m\u00e1s brillantes. Desde la arquitectura hasta la m\u00fasica, su vida ha sido una b\u00fasqueda constante de sentido y conexi\u00f3n, marcada por giros inesperados que lo llevaron a descubrir\u2026","rel":"","context":"En \u00abEntrevistas\u00bb","block_context":{"text":"Entrevistas","link":"https:\/\/zeromagazine.mx\/index.php\/category\/entretenimiento\/entrevistas\/"},"img":{"alt_text":"","src":"https:\/\/i0.wp.com\/zeromagazine.mx\/wp-content\/uploads\/2024\/12\/IMG_2379-scaled.jpeg?fit=800%2C1200&ssl=1&resize=350%2C200","width":350,"height":200,"srcset":"https:\/\/i0.wp.com\/zeromagazine.mx\/wp-content\/uploads\/2024\/12\/IMG_2379-scaled.jpeg?fit=800%2C1200&ssl=1&resize=350%2C200 1x, https:\/\/i0.wp.com\/zeromagazine.mx\/wp-content\/uploads\/2024\/12\/IMG_2379-scaled.jpeg?fit=800%2C1200&ssl=1&resize=525%2C300 1.5x, https:\/\/i0.wp.com\/zeromagazine.mx\/wp-content\/uploads\/2024\/12\/IMG_2379-scaled.jpeg?fit=800%2C1200&ssl=1&resize=700%2C400 2x"},"classes":[]},{"id":69734,"url":"https:\/\/zeromagazine.mx\/index.php\/2023\/12\/19\/vanessa-franco\/","url_meta":{"origin":69497,"position":3},"title":"Vanessa Franco","author":"David Morales","date":"19 de diciembre de 2023","format":false,"excerpt":"Las mujeres est\u00e1n empoderandose cada vez m\u00e1s en la industria musical, y Vanessa Franco es ejemplo de ello, la Queretana llega a nuestra portada con toda su buena vibra y letras positivas. \u00bfC\u00f3mo es que inici\u00f3 tu camino dentro de la m\u00fasica?\u00a0 Empec\u00e9 con clases de canto a los 5\u2026","rel":"","context":"En \u00abPortada\u00bb","block_context":{"text":"Portada","link":"https:\/\/zeromagazine.mx\/index.php\/category\/portada\/"},"img":{"alt_text":"","src":"https:\/\/i0.wp.com\/zeromagazine.mx\/wp-content\/uploads\/2023\/12\/IMG_0116-scaled.jpeg?fit=927%2C1200&ssl=1&resize=350%2C200","width":350,"height":200,"srcset":"https:\/\/i0.wp.com\/zeromagazine.mx\/wp-content\/uploads\/2023\/12\/IMG_0116-scaled.jpeg?fit=927%2C1200&ssl=1&resize=350%2C200 1x, https:\/\/i0.wp.com\/zeromagazine.mx\/wp-content\/uploads\/2023\/12\/IMG_0116-scaled.jpeg?fit=927%2C1200&ssl=1&resize=525%2C300 1.5x, https:\/\/i0.wp.com\/zeromagazine.mx\/wp-content\/uploads\/2023\/12\/IMG_0116-scaled.jpeg?fit=927%2C1200&ssl=1&resize=700%2C400 2x"},"classes":[]},{"id":50492,"url":"https:\/\/zeromagazine.mx\/index.php\/2021\/07\/19\/lunay-el-cantante-de-musica-urbana-que-espera-dejar-un-gran-legado-con-su-musica\/","url_meta":{"origin":69497,"position":4},"title":"Lunay, el cantante de m\u00fasica urbana que espera dejar un gran legado con su m\u00fasica","author":"zeromagazinemx","date":"19 de julio de 2021","format":false,"excerpt":"Nos pusimos a platicar con Lunay un talento excepcional de la m\u00fasica urbana que nos presenta su m\u00e1s reciente disco \u201cEl ni\u00f1o\u201d POR GABRIELA H. DELGADILLO H\u00e1blanos de tu m\u00e1s reciente disco \u201cEl Ni\u00f1o\u201d Estamos muy contentos de presentarles a todos los fan\u00e1ticos y posiblemente se sacar\u00e1 en f\u00edsico, pero\u2026","rel":"","context":"En \u00abEntrevistas\u00bb","block_context":{"text":"Entrevistas","link":"https:\/\/zeromagazine.mx\/index.php\/category\/entretenimiento\/entrevistas\/"},"img":{"alt_text":"","src":"","width":0,"height":0},"classes":[]},{"id":84838,"url":"https:\/\/zeromagazine.mx\/index.php\/2024\/09\/28\/bolerito-amor-y-vulnerabilidad\/","url_meta":{"origin":69497,"position":5},"title":"\u201cBolerito: Amor y Vulnerabilidad\u201d","author":"zeromagazinemx","date":"28 de septiembre de 2024","format":false,"excerpt":"Hoy les traigo el chisme de la m\u00fasica que est\u00e1 rompiendo corazones y llevando a todos a un viaje emocional: el nuevo tema de Mike Bah\u00eda, titulado\u00a0\"Bolerito\".\u00a0Si eres de esos que se emocionan con una buena balada que te hable del amor y la vulnerabilidad, entonces qu\u00e9date, porque esto es\u2026","rel":"","context":"En \u00abEntretenimiento\u00bb","block_context":{"text":"Entretenimiento","link":"https:\/\/zeromagazine.mx\/index.php\/category\/entretenimiento\/"},"img":{"alt_text":"","src":"https:\/\/i0.wp.com\/zeromagazine.mx\/wp-content\/uploads\/2024\/09\/Captura-de-pantalla-2024-09-27-a-las-17.10.44.png?fit=1200%2C671&ssl=1&resize=350%2C200","width":350,"height":200,"srcset":"https:\/\/i0.wp.com\/zeromagazine.mx\/wp-content\/uploads\/2024\/09\/Captura-de-pantalla-2024-09-27-a-las-17.10.44.png?fit=1200%2C671&ssl=1&resize=350%2C200 1x, https:\/\/i0.wp.com\/zeromagazine.mx\/wp-content\/uploads\/2024\/09\/Captura-de-pantalla-2024-09-27-a-las-17.10.44.png?fit=1200%2C671&ssl=1&resize=525%2C300 1.5x, https:\/\/i0.wp.com\/zeromagazine.mx\/wp-content\/uploads\/2024\/09\/Captura-de-pantalla-2024-09-27-a-las-17.10.44.png?fit=1200%2C671&ssl=1&resize=700%2C400 2x, https:\/\/i0.wp.com\/zeromagazine.mx\/wp-content\/uploads\/2024\/09\/Captura-de-pantalla-2024-09-27-a-las-17.10.44.png?fit=1200%2C671&ssl=1&resize=1050%2C600 3x"},"classes":[]}],"jetpack_sharing_enabled":true,"builder_content":"","_links":{"self":[{"href":"https:\/\/zeromagazine.mx\/index.php\/wp-json\/wp\/v2\/posts\/69497","targetHints":{"allow":["GET"]}}],"collection":[{"href":"https:\/\/zeromagazine.mx\/index.php\/wp-json\/wp\/v2\/posts"}],"about":[{"href":"https:\/\/zeromagazine.mx\/index.php\/wp-json\/wp\/v2\/types\/post"}],"author":[{"embeddable":true,"href":"https:\/\/zeromagazine.mx\/index.php\/wp-json\/wp\/v2\/users\/4"}],"replies":[{"embeddable":true,"href":"https:\/\/zeromagazine.mx\/index.php\/wp-json\/wp\/v2\/comments?post=69497"}],"version-history":[{"count":22,"href":"https:\/\/zeromagazine.mx\/index.php\/wp-json\/wp\/v2\/posts\/69497\/revisions"}],"predecessor-version":[{"id":69532,"href":"https:\/\/zeromagazine.mx\/index.php\/wp-json\/wp\/v2\/posts\/69497\/revisions\/69532"}],"wp:featuredmedia":[{"embeddable":true,"href":"https:\/\/zeromagazine.mx\/index.php\/wp-json\/wp\/v2\/media\/69498"}],"wp:attachment":[{"href":"https:\/\/zeromagazine.mx\/index.php\/wp-json\/wp\/v2\/media?parent=69497"}],"wp:term":[{"taxonomy":"category","embeddable":true,"href":"https:\/\/zeromagazine.mx\/index.php\/wp-json\/wp\/v2\/categories?post=69497"},{"taxonomy":"post_tag","embeddable":true,"href":"https:\/\/zeromagazine.mx\/index.php\/wp-json\/wp\/v2\/tags?post=69497"}],"curies":[{"name":"wp","href":"https:\/\/api.w.org\/{rel}","templated":true}]}}