{"id":69694,"date":"2023-12-15T20:00:24","date_gmt":"2023-12-15T19:00:24","guid":{"rendered":"https:\/\/zeromagazine.mx\/?p=69694"},"modified":"2023-12-15T20:00:24","modified_gmt":"2023-12-15T19:00:24","slug":"tommy-jeans-la-revolucion-urbana-en-plaza-satelite","status":"publish","type":"post","link":"https:\/\/zeromagazine.mx\/index.php\/2023\/12\/15\/tommy-jeans-la-revolucion-urbana-en-plaza-satelite\/","title":{"rendered":"Tommy Jeans: \u00a1La Revoluci\u00f3n Urbana en Plaza Sat\u00e9lite!"},"content":{"rendered":"<!--themify_builder_content-->\n<div id=\"themify_builder_content-69694\" data-postid=\"69694\" class=\"themify_builder_content themify_builder_content-69694 themify_builder tf_clear\">\n    <\/div>\n<!--\/themify_builder_content-->\n\n\n<p>\u00bfYa escucharon la noticia? Tommy Hilfiger est\u00e1 que arde con la apertura de su nueva tienda Tommy Jeans en Plaza Sat\u00e9lite. \u00bfPueden creerlo? Es un cambio radical en comparaci\u00f3n con las tiendas regulares de Tommy Hilfiger. \u00a1Un espacio donde los cl\u00e1sicos se reinventan y las prendas se vuelven m\u00e1s atrevidas para un estilo urbano que nos llama a nosotrxs, la juventud rebelde y creativa!<\/p>\n\n\n\n<p>Ahora, prep\u00e1rense, porque esta tienda va a ser el nuevo punto de encuentro. \u00bfListos para conocer lo que nos espera? Jeans, playeras y sudaderas que son simplemente perfectas para la temporada. Pero eso no es todo, \u00a1habr\u00e1 m\u00e1s! Chamarras puffer, pantalones de cuero, polos crop top y otras piezas que har\u00e1n que esta temporada sea la m\u00e1s top.<\/p>\n\n\n\n<p>Vamos, no podemos perdernos esta oportunidad. La colecci\u00f3n Fall\/Winter 2023 est\u00e1 lista para ser descubierta. As\u00ed que, si son como yo y adoran esa mezcla de estilo urbano con un toque divertido, esta es la cita que no podemos dejar pasar.<\/p>\n\n\n<div class=\"wp-block-image\">\n<figure class=\"aligncenter size-full is-resized\"><img data-recalc-dims=\"1\" decoding=\"async\" width=\"327\" height=\"30\" src=\"https:\/\/i0.wp.com\/zeromagazine.mx\/wp-content\/uploads\/2023\/12\/image003.png?resize=327%2C30\" alt=\"\" class=\"wp-image-69695\" style=\"width:804px;height:auto\" srcset=\"https:\/\/i0.wp.com\/zeromagazine.mx\/wp-content\/uploads\/2023\/12\/image003.png?w=327&amp;ssl=1 327w, https:\/\/i0.wp.com\/zeromagazine.mx\/wp-content\/uploads\/2023\/12\/image003.png?resize=300%2C28&amp;ssl=1 300w\" sizes=\"(max-width: 327px) 100vw, 327px\" \/><\/figure>\n<\/div>\n\n\n<script async src=\"https:\/\/pagead2.googlesyndication.com\/pagead\/js\/adsbygoogle.js?client=ca-pub-5499304793904745\"\n     crossorigin=\"anonymous\"><\/script>\n<!-- PRUEBA 4 -->\n<ins class=\"adsbygoogle\"\n     style=\"display:block\"\n     data-ad-client=\"ca-pub-5499304793904745\"\n     data-ad-slot=\"9786768449\"\n     data-ad-format=\"auto\"\n     data-full-width-responsive=\"true\"><\/ins>\n<script>\n     (adsbygoogle = window.adsbygoogle || []).push({});\n<\/script>\n\n\n\n<p>Adem\u00e1s, vamos a poder encontrar opciones para todxs. \u00bfQuieres un outfit que grite tu individualidad? \u00a1Aqu\u00ed lo tendr\u00e1s! Tommy Jeans est\u00e1 celebrando lo que nos hace \u00fanicxs, \u00bfno es genial? Y lo mejor, est\u00e1 ubicada en el centro comercial Plaza Sat\u00e9lite en planta alta. \u00a1Una ubicaci\u00f3n perfecta para una experiencia de shopping inolvidable!<\/p>\n\n\n\n<p>Para lxs que nos encanta estar a la vanguardia con las \u00faltimas tendencias, esta tienda se convierte en un must. Y s\u00ed, \u00a1es momento de correr la voz! Inviten a sus amigxs, a lxs seguidorxs de la marca, a todxs lxs que compartan esa pasi\u00f3n por la moda que nos define. Esta apertura promete ser \u00e9pica y no podemos quedarnos fuera de esta movida.<\/p>\n\n\n\n<p>En conclusi\u00f3n, lxs chicxs de Tommy Hilfiger est\u00e1n rompiendo barreras con esta nueva tienda Tommy Jeans en Plaza Sat\u00e9lite. Es un espacio que nos llama a ser aut\u00e9nticxs, a ser nosotrxs mismxs. No podemos dejar pasar la oportunidad de ser parte de este nuevo cap\u00edtulo en la moda urbana. \u00a1Nos vemos all\u00ed para sumergirnos en este vibrante mundo de estilo!<\/p>\n\n\n\n<ul class=\"wp-block-social-links aligncenter is-layout-flex wp-block-social-links-is-layout-flex\">\n\n\n\n<\/ul>","protected":false},"excerpt":{"rendered":"<p>\u00bfYa escucharon la noticia? Tommy Hilfiger est\u00e1 que arde con la apertura de su nueva tienda Tommy Jeans en Plaza Sat\u00e9lite. \u00bfPueden creerlo? Es un cambio radical en comparaci\u00f3n con las tiendas regulares de Tommy Hilfiger. \u00a1Un espacio donde los cl\u00e1sicos se reinventan y las prendas se vuelven m\u00e1s atrevidas para un estilo urbano que [&hellip;]<\/p>\n","protected":false},"author":4,"featured_media":69696,"comment_status":"open","ping_status":"open","sticky":false,"template":"","format":"standard","meta":{"_jetpack_memberships_contains_paid_content":false,"footnotes":"","jetpack_publicize_message":"","jetpack_publicize_feature_enabled":true,"jetpack_social_post_already_shared":false,"jetpack_social_options":{"image_generator_settings":{"template":"highway","default_image_id":0,"font":"","enabled":false},"version":2}},"categories":[63,67],"tags":[1598,120,6669],"class_list":["post-69694","post","type-post","status-publish","format-standard","has-post-thumbnail","hentry","category-lifestyle","category-moda","tag-cdmx","tag-moda","tag-news","has-post-title","has-post-date","has-post-category","has-post-tag","has-post-comment","has-post-author",""],"yoast_head":"<!-- This site is optimized with the Yoast SEO plugin v27.5 - https:\/\/yoast.com\/product\/yoast-seo-wordpress\/ -->\n<title>Tommy Jeans: \u00a1La Revoluci\u00f3n Urbana en Plaza Sat\u00e9lite! - Zero Magazine<\/title>\n<meta name=\"robots\" content=\"index, follow, max-snippet:-1, max-image-preview:large, max-video-preview:-1\" \/>\n<link rel=\"canonical\" href=\"https:\/\/zeromagazine.mx\/index.php\/2023\/12\/15\/tommy-jeans-la-revolucion-urbana-en-plaza-satelite\/\" \/>\n<meta property=\"og:locale\" content=\"es_ES\" \/>\n<meta property=\"og:type\" content=\"article\" \/>\n<meta property=\"og:title\" content=\"Tommy Jeans: \u00a1La Revoluci\u00f3n Urbana en Plaza Sat\u00e9lite! - Zero Magazine\" \/>\n<meta property=\"og:description\" content=\"\u00bfYa escucharon la noticia? Tommy Hilfiger est\u00e1 que arde con la apertura de su nueva tienda Tommy Jeans en Plaza Sat\u00e9lite. \u00bfPueden creerlo? Es un cambio radical en comparaci\u00f3n con las tiendas regulares de Tommy Hilfiger. \u00a1Un espacio donde los cl\u00e1sicos se reinventan y las prendas se vuelven m\u00e1s atrevidas para un estilo urbano que [&hellip;]\" \/>\n<meta property=\"og:url\" content=\"https:\/\/zeromagazine.mx\/index.php\/2023\/12\/15\/tommy-jeans-la-revolucion-urbana-en-plaza-satelite\/\" \/>\n<meta property=\"og:site_name\" content=\"Zero Magazine\" \/>\n<meta property=\"article:published_time\" content=\"2023-12-15T19:00:24+00:00\" \/>\n<meta property=\"og:image\" content=\"https:\/\/i0.wp.com\/zeromagazine.mx\/wp-content\/uploads\/2023\/12\/Tommy-Hilfiger-logotipo.jpg?fit=1280%2C720&ssl=1\" \/>\n\t<meta property=\"og:image:width\" content=\"1280\" \/>\n\t<meta property=\"og:image:height\" content=\"720\" \/>\n\t<meta property=\"og:image:type\" content=\"image\/jpeg\" \/>\n<meta name=\"author\" content=\"David Morales\" \/>\n<meta name=\"twitter:card\" content=\"summary_large_image\" \/>\n<meta name=\"twitter:label1\" content=\"Escrito por\" \/>\n\t<meta name=\"twitter:data1\" content=\"David Morales\" \/>\n\t<meta name=\"twitter:label2\" content=\"Tiempo de lectura\" \/>\n\t<meta name=\"twitter:data2\" content=\"2 minutos\" \/>\n<script type=\"application\/ld+json\" class=\"yoast-schema-graph\">{\"@context\":\"https:\\\/\\\/schema.org\",\"@graph\":[{\"@type\":\"Article\",\"@id\":\"https:\\\/\\\/zeromagazine.mx\\\/index.php\\\/2023\\\/12\\\/15\\\/tommy-jeans-la-revolucion-urbana-en-plaza-satelite\\\/#article\",\"isPartOf\":{\"@id\":\"https:\\\/\\\/zeromagazine.mx\\\/index.php\\\/2023\\\/12\\\/15\\\/tommy-jeans-la-revolucion-urbana-en-plaza-satelite\\\/\"},\"author\":{\"name\":\"David Morales\",\"@id\":\"https:\\\/\\\/zeromagazine.mx\\\/#\\\/schema\\\/person\\\/9f7f1a17c60ba8e9980e3e6677aabe5a\"},\"headline\":\"Tommy Jeans: \u00a1La Revoluci\u00f3n Urbana en Plaza Sat\u00e9lite!\",\"datePublished\":\"2023-12-15T19:00:24+00:00\",\"mainEntityOfPage\":{\"@id\":\"https:\\\/\\\/zeromagazine.mx\\\/index.php\\\/2023\\\/12\\\/15\\\/tommy-jeans-la-revolucion-urbana-en-plaza-satelite\\\/\"},\"wordCount\":369,\"commentCount\":0,\"publisher\":{\"@id\":\"https:\\\/\\\/zeromagazine.mx\\\/#organization\"},\"image\":{\"@id\":\"https:\\\/\\\/zeromagazine.mx\\\/index.php\\\/2023\\\/12\\\/15\\\/tommy-jeans-la-revolucion-urbana-en-plaza-satelite\\\/#primaryimage\"},\"thumbnailUrl\":\"https:\\\/\\\/i0.wp.com\\\/zeromagazine.mx\\\/wp-content\\\/uploads\\\/2023\\\/12\\\/Tommy-Hilfiger-logotipo.jpg?fit=1280%2C720&ssl=1\",\"keywords\":[\"CDMX\",\"Moda\",\"News\"],\"articleSection\":[\"Lifestyle\",\"Moda\"],\"inLanguage\":\"es\",\"potentialAction\":[{\"@type\":\"CommentAction\",\"name\":\"Comment\",\"target\":[\"https:\\\/\\\/zeromagazine.mx\\\/index.php\\\/2023\\\/12\\\/15\\\/tommy-jeans-la-revolucion-urbana-en-plaza-satelite\\\/#respond\"]}]},{\"@type\":\"WebPage\",\"@id\":\"https:\\\/\\\/zeromagazine.mx\\\/index.php\\\/2023\\\/12\\\/15\\\/tommy-jeans-la-revolucion-urbana-en-plaza-satelite\\\/\",\"url\":\"https:\\\/\\\/zeromagazine.mx\\\/index.php\\\/2023\\\/12\\\/15\\\/tommy-jeans-la-revolucion-urbana-en-plaza-satelite\\\/\",\"name\":\"Tommy Jeans: \u00a1La Revoluci\u00f3n Urbana en Plaza Sat\u00e9lite! - Zero Magazine\",\"isPartOf\":{\"@id\":\"https:\\\/\\\/zeromagazine.mx\\\/#website\"},\"primaryImageOfPage\":{\"@id\":\"https:\\\/\\\/zeromagazine.mx\\\/index.php\\\/2023\\\/12\\\/15\\\/tommy-jeans-la-revolucion-urbana-en-plaza-satelite\\\/#primaryimage\"},\"image\":{\"@id\":\"https:\\\/\\\/zeromagazine.mx\\\/index.php\\\/2023\\\/12\\\/15\\\/tommy-jeans-la-revolucion-urbana-en-plaza-satelite\\\/#primaryimage\"},\"thumbnailUrl\":\"https:\\\/\\\/i0.wp.com\\\/zeromagazine.mx\\\/wp-content\\\/uploads\\\/2023\\\/12\\\/Tommy-Hilfiger-logotipo.jpg?fit=1280%2C720&ssl=1\",\"datePublished\":\"2023-12-15T19:00:24+00:00\",\"breadcrumb\":{\"@id\":\"https:\\\/\\\/zeromagazine.mx\\\/index.php\\\/2023\\\/12\\\/15\\\/tommy-jeans-la-revolucion-urbana-en-plaza-satelite\\\/#breadcrumb\"},\"inLanguage\":\"es\",\"potentialAction\":[{\"@type\":\"ReadAction\",\"target\":[\"https:\\\/\\\/zeromagazine.mx\\\/index.php\\\/2023\\\/12\\\/15\\\/tommy-jeans-la-revolucion-urbana-en-plaza-satelite\\\/\"]}]},{\"@type\":\"ImageObject\",\"inLanguage\":\"es\",\"@id\":\"https:\\\/\\\/zeromagazine.mx\\\/index.php\\\/2023\\\/12\\\/15\\\/tommy-jeans-la-revolucion-urbana-en-plaza-satelite\\\/#primaryimage\",\"url\":\"https:\\\/\\\/i0.wp.com\\\/zeromagazine.mx\\\/wp-content\\\/uploads\\\/2023\\\/12\\\/Tommy-Hilfiger-logotipo.jpg?fit=1280%2C720&ssl=1\",\"contentUrl\":\"https:\\\/\\\/i0.wp.com\\\/zeromagazine.mx\\\/wp-content\\\/uploads\\\/2023\\\/12\\\/Tommy-Hilfiger-logotipo.jpg?fit=1280%2C720&ssl=1\",\"width\":1280,\"height\":720},{\"@type\":\"BreadcrumbList\",\"@id\":\"https:\\\/\\\/zeromagazine.mx\\\/index.php\\\/2023\\\/12\\\/15\\\/tommy-jeans-la-revolucion-urbana-en-plaza-satelite\\\/#breadcrumb\",\"itemListElement\":[{\"@type\":\"ListItem\",\"position\":1,\"name\":\"Portada\",\"item\":\"https:\\\/\\\/zeromagazine.mx\\\/\"},{\"@type\":\"ListItem\",\"position\":2,\"name\":\"Tommy Jeans: \u00a1La Revoluci\u00f3n Urbana en Plaza Sat\u00e9lite!\"}]},{\"@type\":\"WebSite\",\"@id\":\"https:\\\/\\\/zeromagazine.mx\\\/#website\",\"url\":\"https:\\\/\\\/zeromagazine.mx\\\/\",\"name\":\"Zero Magazine\",\"description\":\"\",\"publisher\":{\"@id\":\"https:\\\/\\\/zeromagazine.mx\\\/#organization\"},\"potentialAction\":[{\"@type\":\"SearchAction\",\"target\":{\"@type\":\"EntryPoint\",\"urlTemplate\":\"https:\\\/\\\/zeromagazine.mx\\\/?s={search_term_string}\"},\"query-input\":{\"@type\":\"PropertyValueSpecification\",\"valueRequired\":true,\"valueName\":\"search_term_string\"}}],\"inLanguage\":\"es\"},{\"@type\":\"Organization\",\"@id\":\"https:\\\/\\\/zeromagazine.mx\\\/#organization\",\"name\":\"Zero Magazine\",\"url\":\"https:\\\/\\\/zeromagazine.mx\\\/\",\"logo\":{\"@type\":\"ImageObject\",\"inLanguage\":\"es\",\"@id\":\"https:\\\/\\\/zeromagazine.mx\\\/#\\\/schema\\\/logo\\\/image\\\/\",\"url\":\"https:\\\/\\\/i0.wp.com\\\/zeromagazine.mx\\\/wp-content\\\/uploads\\\/2025\\\/11\\\/1.jpeg?fit=1000%2C1000&ssl=1\",\"contentUrl\":\"https:\\\/\\\/i0.wp.com\\\/zeromagazine.mx\\\/wp-content\\\/uploads\\\/2025\\\/11\\\/1.jpeg?fit=1000%2C1000&ssl=1\",\"width\":1000,\"height\":1000,\"caption\":\"Zero Magazine\"},\"image\":{\"@id\":\"https:\\\/\\\/zeromagazine.mx\\\/#\\\/schema\\\/logo\\\/image\\\/\"},\"sameAs\":[\"https:\\\/\\\/instagram.com\\\/zeromagazinemx\"]},{\"@type\":\"Person\",\"@id\":\"https:\\\/\\\/zeromagazine.mx\\\/#\\\/schema\\\/person\\\/9f7f1a17c60ba8e9980e3e6677aabe5a\",\"name\":\"David Morales\",\"image\":{\"@type\":\"ImageObject\",\"inLanguage\":\"es\",\"@id\":\"https:\\\/\\\/zeromagazine.mx\\\/wp-content\\\/litespeed\\\/avatar\\\/76069d2136bfc1c37dc34815bb67ca42.jpg?ver=1777571067\",\"url\":\"https:\\\/\\\/zeromagazine.mx\\\/wp-content\\\/litespeed\\\/avatar\\\/76069d2136bfc1c37dc34815bb67ca42.jpg?ver=1777571067\",\"contentUrl\":\"https:\\\/\\\/zeromagazine.mx\\\/wp-content\\\/litespeed\\\/avatar\\\/76069d2136bfc1c37dc34815bb67ca42.jpg?ver=1777571067\",\"caption\":\"David Morales\"},\"url\":\"https:\\\/\\\/zeromagazine.mx\\\/index.php\\\/author\\\/david\\\/\"}]}<\/script>\n<!-- \/ Yoast SEO plugin. -->","yoast_head_json":{"title":"Tommy Jeans: \u00a1La Revoluci\u00f3n Urbana en Plaza Sat\u00e9lite! - Zero Magazine","robots":{"index":"index","follow":"follow","max-snippet":"max-snippet:-1","max-image-preview":"max-image-preview:large","max-video-preview":"max-video-preview:-1"},"canonical":"https:\/\/zeromagazine.mx\/index.php\/2023\/12\/15\/tommy-jeans-la-revolucion-urbana-en-plaza-satelite\/","og_locale":"es_ES","og_type":"article","og_title":"Tommy Jeans: \u00a1La Revoluci\u00f3n Urbana en Plaza Sat\u00e9lite! - Zero Magazine","og_description":"\u00bfYa escucharon la noticia? Tommy Hilfiger est\u00e1 que arde con la apertura de su nueva tienda Tommy Jeans en Plaza Sat\u00e9lite. \u00bfPueden creerlo? Es un cambio radical en comparaci\u00f3n con las tiendas regulares de Tommy Hilfiger. \u00a1Un espacio donde los cl\u00e1sicos se reinventan y las prendas se vuelven m\u00e1s atrevidas para un estilo urbano que [&hellip;]","og_url":"https:\/\/zeromagazine.mx\/index.php\/2023\/12\/15\/tommy-jeans-la-revolucion-urbana-en-plaza-satelite\/","og_site_name":"Zero Magazine","article_published_time":"2023-12-15T19:00:24+00:00","og_image":[{"width":1280,"height":720,"url":"https:\/\/i0.wp.com\/zeromagazine.mx\/wp-content\/uploads\/2023\/12\/Tommy-Hilfiger-logotipo.jpg?fit=1280%2C720&ssl=1","type":"image\/jpeg"}],"author":"David Morales","twitter_card":"summary_large_image","twitter_misc":{"Escrito por":"David Morales","Tiempo de lectura":"2 minutos"},"schema":{"@context":"https:\/\/schema.org","@graph":[{"@type":"Article","@id":"https:\/\/zeromagazine.mx\/index.php\/2023\/12\/15\/tommy-jeans-la-revolucion-urbana-en-plaza-satelite\/#article","isPartOf":{"@id":"https:\/\/zeromagazine.mx\/index.php\/2023\/12\/15\/tommy-jeans-la-revolucion-urbana-en-plaza-satelite\/"},"author":{"name":"David Morales","@id":"https:\/\/zeromagazine.mx\/#\/schema\/person\/9f7f1a17c60ba8e9980e3e6677aabe5a"},"headline":"Tommy Jeans: \u00a1La Revoluci\u00f3n Urbana en Plaza Sat\u00e9lite!","datePublished":"2023-12-15T19:00:24+00:00","mainEntityOfPage":{"@id":"https:\/\/zeromagazine.mx\/index.php\/2023\/12\/15\/tommy-jeans-la-revolucion-urbana-en-plaza-satelite\/"},"wordCount":369,"commentCount":0,"publisher":{"@id":"https:\/\/zeromagazine.mx\/#organization"},"image":{"@id":"https:\/\/zeromagazine.mx\/index.php\/2023\/12\/15\/tommy-jeans-la-revolucion-urbana-en-plaza-satelite\/#primaryimage"},"thumbnailUrl":"https:\/\/i0.wp.com\/zeromagazine.mx\/wp-content\/uploads\/2023\/12\/Tommy-Hilfiger-logotipo.jpg?fit=1280%2C720&ssl=1","keywords":["CDMX","Moda","News"],"articleSection":["Lifestyle","Moda"],"inLanguage":"es","potentialAction":[{"@type":"CommentAction","name":"Comment","target":["https:\/\/zeromagazine.mx\/index.php\/2023\/12\/15\/tommy-jeans-la-revolucion-urbana-en-plaza-satelite\/#respond"]}]},{"@type":"WebPage","@id":"https:\/\/zeromagazine.mx\/index.php\/2023\/12\/15\/tommy-jeans-la-revolucion-urbana-en-plaza-satelite\/","url":"https:\/\/zeromagazine.mx\/index.php\/2023\/12\/15\/tommy-jeans-la-revolucion-urbana-en-plaza-satelite\/","name":"Tommy Jeans: \u00a1La Revoluci\u00f3n Urbana en Plaza Sat\u00e9lite! - Zero Magazine","isPartOf":{"@id":"https:\/\/zeromagazine.mx\/#website"},"primaryImageOfPage":{"@id":"https:\/\/zeromagazine.mx\/index.php\/2023\/12\/15\/tommy-jeans-la-revolucion-urbana-en-plaza-satelite\/#primaryimage"},"image":{"@id":"https:\/\/zeromagazine.mx\/index.php\/2023\/12\/15\/tommy-jeans-la-revolucion-urbana-en-plaza-satelite\/#primaryimage"},"thumbnailUrl":"https:\/\/i0.wp.com\/zeromagazine.mx\/wp-content\/uploads\/2023\/12\/Tommy-Hilfiger-logotipo.jpg?fit=1280%2C720&ssl=1","datePublished":"2023-12-15T19:00:24+00:00","breadcrumb":{"@id":"https:\/\/zeromagazine.mx\/index.php\/2023\/12\/15\/tommy-jeans-la-revolucion-urbana-en-plaza-satelite\/#breadcrumb"},"inLanguage":"es","potentialAction":[{"@type":"ReadAction","target":["https:\/\/zeromagazine.mx\/index.php\/2023\/12\/15\/tommy-jeans-la-revolucion-urbana-en-plaza-satelite\/"]}]},{"@type":"ImageObject","inLanguage":"es","@id":"https:\/\/zeromagazine.mx\/index.php\/2023\/12\/15\/tommy-jeans-la-revolucion-urbana-en-plaza-satelite\/#primaryimage","url":"https:\/\/i0.wp.com\/zeromagazine.mx\/wp-content\/uploads\/2023\/12\/Tommy-Hilfiger-logotipo.jpg?fit=1280%2C720&ssl=1","contentUrl":"https:\/\/i0.wp.com\/zeromagazine.mx\/wp-content\/uploads\/2023\/12\/Tommy-Hilfiger-logotipo.jpg?fit=1280%2C720&ssl=1","width":1280,"height":720},{"@type":"BreadcrumbList","@id":"https:\/\/zeromagazine.mx\/index.php\/2023\/12\/15\/tommy-jeans-la-revolucion-urbana-en-plaza-satelite\/#breadcrumb","itemListElement":[{"@type":"ListItem","position":1,"name":"Portada","item":"https:\/\/zeromagazine.mx\/"},{"@type":"ListItem","position":2,"name":"Tommy Jeans: \u00a1La Revoluci\u00f3n Urbana en Plaza Sat\u00e9lite!"}]},{"@type":"WebSite","@id":"https:\/\/zeromagazine.mx\/#website","url":"https:\/\/zeromagazine.mx\/","name":"Zero Magazine","description":"","publisher":{"@id":"https:\/\/zeromagazine.mx\/#organization"},"potentialAction":[{"@type":"SearchAction","target":{"@type":"EntryPoint","urlTemplate":"https:\/\/zeromagazine.mx\/?s={search_term_string}"},"query-input":{"@type":"PropertyValueSpecification","valueRequired":true,"valueName":"search_term_string"}}],"inLanguage":"es"},{"@type":"Organization","@id":"https:\/\/zeromagazine.mx\/#organization","name":"Zero Magazine","url":"https:\/\/zeromagazine.mx\/","logo":{"@type":"ImageObject","inLanguage":"es","@id":"https:\/\/zeromagazine.mx\/#\/schema\/logo\/image\/","url":"https:\/\/i0.wp.com\/zeromagazine.mx\/wp-content\/uploads\/2025\/11\/1.jpeg?fit=1000%2C1000&ssl=1","contentUrl":"https:\/\/i0.wp.com\/zeromagazine.mx\/wp-content\/uploads\/2025\/11\/1.jpeg?fit=1000%2C1000&ssl=1","width":1000,"height":1000,"caption":"Zero Magazine"},"image":{"@id":"https:\/\/zeromagazine.mx\/#\/schema\/logo\/image\/"},"sameAs":["https:\/\/instagram.com\/zeromagazinemx"]},{"@type":"Person","@id":"https:\/\/zeromagazine.mx\/#\/schema\/person\/9f7f1a17c60ba8e9980e3e6677aabe5a","name":"David Morales","image":{"@type":"ImageObject","inLanguage":"es","@id":"https:\/\/zeromagazine.mx\/wp-content\/litespeed\/avatar\/76069d2136bfc1c37dc34815bb67ca42.jpg?ver=1777571067","url":"https:\/\/zeromagazine.mx\/wp-content\/litespeed\/avatar\/76069d2136bfc1c37dc34815bb67ca42.jpg?ver=1777571067","contentUrl":"https:\/\/zeromagazine.mx\/wp-content\/litespeed\/avatar\/76069d2136bfc1c37dc34815bb67ca42.jpg?ver=1777571067","caption":"David Morales"},"url":"https:\/\/zeromagazine.mx\/index.php\/author\/david\/"}]}},"jetpack_publicize_connections":[],"jetpack_featured_media_url":"https:\/\/i0.wp.com\/zeromagazine.mx\/wp-content\/uploads\/2023\/12\/Tommy-Hilfiger-logotipo.jpg?fit=1280%2C720&ssl=1","jetpack-related-posts":[{"id":73367,"url":"https:\/\/zeromagazine.mx\/index.php\/2024\/04\/06\/regresa-tommy-jeans-international-games\/","url_meta":{"origin":69694,"position":0},"title":"Regresa Tommy Jeans International Games","author":"zeromagazinemx","date":"6 de abril de 2024","format":false,"excerpt":"Tommy Hilfiger est\u00e1 de vuelta con una explosiva colecci\u00f3n que nos har\u00e1 lucir como estrellas del deporte y la pasarela al mismo tiempo. S\u00ed, est\u00e1n leyendo bien, \u00a1es el regreso de la emblem\u00e1tica colecci\u00f3n de juegos internacionales, TOMMY JEANS! Pero, \u00bfqu\u00e9 hace que esta colecci\u00f3n sea tan especial? Bueno, para\u2026","rel":"","context":"En \u00abModa\u00bb","block_context":{"text":"Moda","link":"https:\/\/zeromagazine.mx\/index.php\/category\/moda\/"},"img":{"alt_text":"","src":"https:\/\/i0.wp.com\/zeromagazine.mx\/wp-content\/uploads\/2024\/04\/SP24_TJ_INTERNATIONALGAMES_MSW_4_323-scaled.jpg?fit=1200%2C800&ssl=1&resize=350%2C200","width":350,"height":200,"srcset":"https:\/\/i0.wp.com\/zeromagazine.mx\/wp-content\/uploads\/2024\/04\/SP24_TJ_INTERNATIONALGAMES_MSW_4_323-scaled.jpg?fit=1200%2C800&ssl=1&resize=350%2C200 1x, https:\/\/i0.wp.com\/zeromagazine.mx\/wp-content\/uploads\/2024\/04\/SP24_TJ_INTERNATIONALGAMES_MSW_4_323-scaled.jpg?fit=1200%2C800&ssl=1&resize=525%2C300 1.5x, https:\/\/i0.wp.com\/zeromagazine.mx\/wp-content\/uploads\/2024\/04\/SP24_TJ_INTERNATIONALGAMES_MSW_4_323-scaled.jpg?fit=1200%2C800&ssl=1&resize=700%2C400 2x, https:\/\/i0.wp.com\/zeromagazine.mx\/wp-content\/uploads\/2024\/04\/SP24_TJ_INTERNATIONALGAMES_MSW_4_323-scaled.jpg?fit=1200%2C800&ssl=1&resize=1050%2C600 3x"},"classes":[]},{"id":115118,"url":"https:\/\/zeromagazine.mx\/index.php\/2026\/02\/11\/slug-tommy-hilfiger-f1-fanwear-cadillac\/","url_meta":{"origin":69694,"position":1},"title":"Tommy Hilfiger F1: moda a toda velocidad","author":"zeromagazinemx","date":"11 de febrero de 2026","format":false,"excerpt":"La F\u00f3rmula 1 dej\u00f3 de ser solo un deporte hace rato. Hoy es est\u00e9tica, es conversaci\u00f3n en TikTok, es outfit check en el paddock y, b\u00e1sicamente, es uno de los lugares donde la moda est\u00e1 pasando en tiempo real. Y justo ah\u00ed entra Tommy Hilfiger F1, la nueva colaboraci\u00f3n con\u2026","rel":"","context":"En \u00abModa\u00bb","block_context":{"text":"Moda","link":"https:\/\/zeromagazine.mx\/index.php\/category\/moda\/"},"img":{"alt_text":"","src":"https:\/\/i0.wp.com\/zeromagazine.mx\/wp-content\/uploads\/2026\/02\/1000050940.jpg?fit=1200%2C375&ssl=1&resize=350%2C200","width":350,"height":200,"srcset":"https:\/\/i0.wp.com\/zeromagazine.mx\/wp-content\/uploads\/2026\/02\/1000050940.jpg?fit=1200%2C375&ssl=1&resize=350%2C200 1x, https:\/\/i0.wp.com\/zeromagazine.mx\/wp-content\/uploads\/2026\/02\/1000050940.jpg?fit=1200%2C375&ssl=1&resize=525%2C300 1.5x, https:\/\/i0.wp.com\/zeromagazine.mx\/wp-content\/uploads\/2026\/02\/1000050940.jpg?fit=1200%2C375&ssl=1&resize=700%2C400 2x, https:\/\/i0.wp.com\/zeromagazine.mx\/wp-content\/uploads\/2026\/02\/1000050940.jpg?fit=1200%2C375&ssl=1&resize=1050%2C600 3x"},"classes":[]},{"id":47647,"url":"https:\/\/zeromagazine.mx\/index.php\/2021\/06\/13\/conoce-la-nueva-coleccion-de-edicion-especial-de-tommy-jeans\/","url_meta":{"origin":69694,"position":2},"title":"Conoce la nueva colecci\u00f3n de edici\u00f3n especial de Tommy Jeans","author":"zeromagazinemx","date":"13 de junio de 2021","format":false,"excerpt":"En asociaci\u00f3n con VIACOMCBS CONSUMER PRODUCTS Y WARNER BROS. CONSUMER PRODUCTS, Tommy Hilfiger presenta una c\u00e1psula \u00fanica en su g\u00e9nero. Por Mayra Torres El lanzamiento de la c\u00e1psula A Blast From The Past se basa en la larga historia de colaboraciones de Tommy Jeans con la cultura pop, con personajes\u2026","rel":"","context":"En \u00abLifestyle\u00bb","block_context":{"text":"Lifestyle","link":"https:\/\/zeromagazine.mx\/index.php\/category\/lifestyle\/"},"img":{"alt_text":"","src":"","width":0,"height":0},"classes":[]},{"id":95161,"url":"https:\/\/zeromagazine.mx\/index.php\/2025\/01\/21\/tommy-hilfiger-denim-revive\/","url_meta":{"origin":69694,"position":3},"title":"Tommy Hilfiger: Denim Revive","author":"zeromagazinemx","date":"21 de enero de 2025","format":false,"excerpt":"Tommy Hilfiger redefine el denim Tommy Hilfiger redefine el denim.La moda nunca deja de reinventarse, y siempre hay algo que se mantiene como un cl\u00e1sico: el denim. Si hay algo que nos ha acompa\u00f1ado en todas las \u00e9pocas y momentos, es una buena prenda de mezclilla, que va m\u00e1s all\u00e1\u2026","rel":"","context":"En \u00abModa\u00bb","block_context":{"text":"Moda","link":"https:\/\/zeromagazine.mx\/index.php\/category\/moda\/"},"img":{"alt_text":"","src":"https:\/\/i0.wp.com\/zeromagazine.mx\/wp-content\/uploads\/2025\/01\/Tommy-Hilfiger_PSP25-Denim-Campaign_-Abby-Champion-4.jpg?fit=800%2C1200&ssl=1&resize=350%2C200","width":350,"height":200,"srcset":"https:\/\/i0.wp.com\/zeromagazine.mx\/wp-content\/uploads\/2025\/01\/Tommy-Hilfiger_PSP25-Denim-Campaign_-Abby-Champion-4.jpg?fit=800%2C1200&ssl=1&resize=350%2C200 1x, https:\/\/i0.wp.com\/zeromagazine.mx\/wp-content\/uploads\/2025\/01\/Tommy-Hilfiger_PSP25-Denim-Campaign_-Abby-Champion-4.jpg?fit=800%2C1200&ssl=1&resize=525%2C300 1.5x, https:\/\/i0.wp.com\/zeromagazine.mx\/wp-content\/uploads\/2025\/01\/Tommy-Hilfiger_PSP25-Denim-Campaign_-Abby-Champion-4.jpg?fit=800%2C1200&ssl=1&resize=700%2C400 2x"},"classes":[]},{"id":103148,"url":"https:\/\/zeromagazine.mx\/index.php\/2025\/05\/06\/apxgp-tommy-hilfiger-coleccion-inspirada-en-la-f1\/","url_meta":{"origin":69694,"position":4},"title":"APXGP Tommy Hilfiger: Colecci\u00f3n Inspirada En La F1","author":"David Morales","date":"6 de mayo de 2025","format":false,"excerpt":"Amix, si t\u00fa tambi\u00e9n eres de les que sienten adrenalina con los fashion moments m\u00e1s potentes, prep\u00e1rate para la colecci\u00f3n APXGP Tommy Hilfiger, inspirada en el mundo de la F\u00f3rmula 1 y el cine. Y s\u00ed, esta collab no es cualquier cosa: es literal una mezcla de estilo y velocidad\u2026","rel":"","context":"En \u00abModa\u00bb","block_context":{"text":"Moda","link":"https:\/\/zeromagazine.mx\/index.php\/category\/moda\/"},"img":{"alt_text":"","src":"https:\/\/i0.wp.com\/zeromagazine.mx\/wp-content\/uploads\/2025\/05\/0Q9A3034-scaled.jpg?fit=1200%2C900&ssl=1&resize=350%2C200","width":350,"height":200,"srcset":"https:\/\/i0.wp.com\/zeromagazine.mx\/wp-content\/uploads\/2025\/05\/0Q9A3034-scaled.jpg?fit=1200%2C900&ssl=1&resize=350%2C200 1x, https:\/\/i0.wp.com\/zeromagazine.mx\/wp-content\/uploads\/2025\/05\/0Q9A3034-scaled.jpg?fit=1200%2C900&ssl=1&resize=525%2C300 1.5x, https:\/\/i0.wp.com\/zeromagazine.mx\/wp-content\/uploads\/2025\/05\/0Q9A3034-scaled.jpg?fit=1200%2C900&ssl=1&resize=700%2C400 2x, https:\/\/i0.wp.com\/zeromagazine.mx\/wp-content\/uploads\/2025\/05\/0Q9A3034-scaled.jpg?fit=1200%2C900&ssl=1&resize=1050%2C600 3x"},"classes":[]},{"id":100372,"url":"https:\/\/zeromagazine.mx\/index.php\/2025\/04\/02\/f1-tommy-estilo-con-velocidad\/","url_meta":{"origin":69694,"position":5},"title":"F1 &amp; Tommy: Estilo Con Velocidad","author":"David Morales","date":"2 de abril de 2025","format":false,"excerpt":"Amix, \u00bfse imaginan ver a Brad Pitt corriendo en F1 y usando Tommy Hilfiger? Bueno, no lo imaginen porque ya es real. Este verano llega una peli que va a mezclar todo lo que nos da vida: moda, velocidad y cultura pop. Se llama F1 y s\u00ed, estilo con velocidad\u2026","rel":"","context":"En \u00abEntretenimiento\u00bb","block_context":{"text":"Entretenimiento","link":"https:\/\/zeromagazine.mx\/index.php\/category\/entretenimiento\/"},"img":{"alt_text":"","src":"https:\/\/i0.wp.com\/zeromagazine.mx\/wp-content\/uploads\/2025\/04\/Captura-de-pantalla-2025-04-02-171316.png?fit=706%2C844&ssl=1&resize=350%2C200","width":350,"height":200,"srcset":"https:\/\/i0.wp.com\/zeromagazine.mx\/wp-content\/uploads\/2025\/04\/Captura-de-pantalla-2025-04-02-171316.png?fit=706%2C844&ssl=1&resize=350%2C200 1x, https:\/\/i0.wp.com\/zeromagazine.mx\/wp-content\/uploads\/2025\/04\/Captura-de-pantalla-2025-04-02-171316.png?fit=706%2C844&ssl=1&resize=525%2C300 1.5x, https:\/\/i0.wp.com\/zeromagazine.mx\/wp-content\/uploads\/2025\/04\/Captura-de-pantalla-2025-04-02-171316.png?fit=706%2C844&ssl=1&resize=700%2C400 2x"},"classes":[]}],"jetpack_sharing_enabled":true,"builder_content":"","_links":{"self":[{"href":"https:\/\/zeromagazine.mx\/index.php\/wp-json\/wp\/v2\/posts\/69694","targetHints":{"allow":["GET"]}}],"collection":[{"href":"https:\/\/zeromagazine.mx\/index.php\/wp-json\/wp\/v2\/posts"}],"about":[{"href":"https:\/\/zeromagazine.mx\/index.php\/wp-json\/wp\/v2\/types\/post"}],"author":[{"embeddable":true,"href":"https:\/\/zeromagazine.mx\/index.php\/wp-json\/wp\/v2\/users\/4"}],"replies":[{"embeddable":true,"href":"https:\/\/zeromagazine.mx\/index.php\/wp-json\/wp\/v2\/comments?post=69694"}],"version-history":[{"count":2,"href":"https:\/\/zeromagazine.mx\/index.php\/wp-json\/wp\/v2\/posts\/69694\/revisions"}],"predecessor-version":[{"id":69698,"href":"https:\/\/zeromagazine.mx\/index.php\/wp-json\/wp\/v2\/posts\/69694\/revisions\/69698"}],"wp:featuredmedia":[{"embeddable":true,"href":"https:\/\/zeromagazine.mx\/index.php\/wp-json\/wp\/v2\/media\/69696"}],"wp:attachment":[{"href":"https:\/\/zeromagazine.mx\/index.php\/wp-json\/wp\/v2\/media?parent=69694"}],"wp:term":[{"taxonomy":"category","embeddable":true,"href":"https:\/\/zeromagazine.mx\/index.php\/wp-json\/wp\/v2\/categories?post=69694"},{"taxonomy":"post_tag","embeddable":true,"href":"https:\/\/zeromagazine.mx\/index.php\/wp-json\/wp\/v2\/tags?post=69694"}],"curies":[{"name":"wp","href":"https:\/\/api.w.org\/{rel}","templated":true}]}}