{"id":69721,"date":"2023-12-19T20:10:28","date_gmt":"2023-12-19T19:10:28","guid":{"rendered":"https:\/\/zeromagazine.mx\/?p=69721"},"modified":"2023-12-19T20:10:28","modified_gmt":"2023-12-19T19:10:28","slug":"vaiven-2024-ritmo-natural","status":"publish","type":"post","link":"https:\/\/zeromagazine.mx\/index.php\/2023\/12\/19\/vaiven-2024-ritmo-natural\/","title":{"rendered":"\u00a1Vaiv\u00e9n 2024: Ritmo Natural!"},"content":{"rendered":"<!--themify_builder_content-->\n<div id=\"themify_builder_content-69721\" data-postid=\"69721\" class=\"themify_builder_content themify_builder_content-69721 themify_builder tf_clear\">\n    <\/div>\n<!--\/themify_builder_content-->\n\n\n<p>\u00bfListes para la experiencia musical m\u00e1s alucinante? El cartel de VAIV\u00c9N 2024 est\u00e1 aqu\u00ed y \u00a1es una locura! Desde el s\u00e1bado 27 de abril, Jardines de M\u00e9xico volver\u00e1n a ser el epicentro de la vibra m\u00e1s intensa. \u00a1Prep\u00e1rense para el delirio musical en uno de los parques m\u00e1s \u00e9picos del pa\u00eds! \u00bfQuieren detalles? Aqu\u00ed vamos:<\/p>\n\n\n\n<p>Primero que nada, el lineup es impresionante. Desde Justice hasta Black Coffee, L&#8217;Imp\u00e9ratrice, Purple Disco Machine, Blond:ish y un mont\u00f3n m\u00e1s. \u00a1No podemos perder esta oportunidad de bailar hasta que duela! Literalmente, todos los g\u00e9neros musicales que te puedas imaginar en un solo lugar. \u00bfQui\u00e9n se apunta?<\/p>\n\n\n\n<p>El 27 de abril del 2024 ser\u00e1 una fecha para grabar en piedra. Los Jardines de M\u00e9xico, ese espacio natural que nos deja sin aliento, se llenar\u00e1n de ritmo y buena onda. Imag\u00ednense la m\u00fasica electro, house, pop, y toda esa mezcla vibrante resonando en medio de la naturaleza. Es como si la m\u00fasica y la madre tierra se unieran para darnos una experiencia fuera de serie.<\/p>\n\n\n\n<p>\u00bfSab\u00edan que este festival tiene historia? Desde el 2015, Vaiv\u00e9n ha estado regal\u00e1ndonos momentos inolvidables. Es como entrar a un mundo paralelo donde la m\u00fasica, el arte y la naturaleza se fusionan para darnos algo que ni nos imaginamos. Y, \u00bfadivinen qu\u00e9? Los boletos estar\u00e1n en preventa Citibanamex el 14 de diciembre. \u00a1Agenden esa fecha porque vuelan como pan caliente!<\/p>\n\n\n\n<figure class=\"wp-block-image size-large\"><img data-recalc-dims=\"1\" decoding=\"async\" width=\"1024\" height=\"1024\" src=\"https:\/\/i0.wp.com\/zeromagazine.mx\/wp-content\/uploads\/2023\/12\/Vaiven-2024-1.jpg?resize=1024%2C1024\" alt=\"\" class=\"wp-image-69722\" srcset=\"https:\/\/i0.wp.com\/zeromagazine.mx\/wp-content\/uploads\/2023\/12\/Vaiven-2024-1.jpg?resize=1024%2C1024&amp;ssl=1 1024w, https:\/\/i0.wp.com\/zeromagazine.mx\/wp-content\/uploads\/2023\/12\/Vaiven-2024-1.jpg?resize=300%2C300&amp;ssl=1 300w, https:\/\/i0.wp.com\/zeromagazine.mx\/wp-content\/uploads\/2023\/12\/Vaiven-2024-1.jpg?resize=150%2C150&amp;ssl=1 150w, https:\/\/i0.wp.com\/zeromagazine.mx\/wp-content\/uploads\/2023\/12\/Vaiven-2024-1.jpg?resize=768%2C768&amp;ssl=1 768w, https:\/\/i0.wp.com\/zeromagazine.mx\/wp-content\/uploads\/2023\/12\/Vaiven-2024-1.jpg?resize=70%2C70&amp;ssl=1 70w, https:\/\/i0.wp.com\/zeromagazine.mx\/wp-content\/uploads\/2023\/12\/Vaiven-2024-1.jpg?resize=47%2C48&amp;ssl=1 47w, https:\/\/i0.wp.com\/zeromagazine.mx\/wp-content\/uploads\/2023\/12\/Vaiven-2024-1.jpg?w=1080&amp;ssl=1 1080w\" sizes=\"(max-width: 1024px) 100vw, 1024px\" \/><\/figure>\n\n\n\n<script async src=\"https:\/\/pagead2.googlesyndication.com\/pagead\/js\/adsbygoogle.js?client=ca-pub-5499304793904745\"\n     crossorigin=\"anonymous\"><\/script>\n<!-- PRUEBA 4 -->\n<ins class=\"adsbygoogle\"\n     style=\"display:block\"\n     data-ad-client=\"ca-pub-5499304793904745\"\n     data-ad-slot=\"9786768449\"\n     data-ad-format=\"auto\"\n     data-full-width-responsive=\"true\"><\/ins>\n<script>\n     (adsbygoogle = window.adsbygoogle || []).push({});\n<\/script>\n\n\n\n<p>Ahora, la pregunta del mill\u00f3n: \u00bfc\u00f3mo conseguir entradas? Bueno, la preventa es el 14 de diciembre y al d\u00eda siguiente, se lanzan a la venta general. As\u00ed que ya saben, marquen esos d\u00edas en sus calendarios y est\u00e9n listes para darle clic a <a href=\"http:\/\/www.ticketmaster.com.mx\/\">www.ticketmaster.com.mx<\/a>. Adem\u00e1s, si quieren todos los detalles, \u00e9chenle un ojo a <a href=\"http:\/\/www.festivalvaiven.com\/\">www.festivalvaiven.com<\/a> o sigan las redes sociales para estar al tanto de todo.<\/p>\n\n\n\n<p>En conclusi\u00f3n, VAIV\u00c9N 2024 promete ser la fiesta del a\u00f1o. No es solo m\u00fasica, es una experiencia que nos transporta a otra dimensi\u00f3n. \u00bfQu\u00e9 les parece? \u00a1Prepar\u00e9monos para el baile, la buena vibra y esos momentos que quedar\u00e1n marcados por siempre en nuestros corazones festivaleros! Nos vemos en los Jardines de M\u00e9xico. \u00a1No se lo pueden perder!<\/p>\n\n\n\n<ul class=\"wp-block-social-links aligncenter is-layout-flex wp-block-social-links-is-layout-flex\">\n\n\n\n<\/ul>","protected":false},"excerpt":{"rendered":"<p>\u00bfListes para la experiencia musical m\u00e1s alucinante? El cartel de VAIV\u00c9N 2024 est\u00e1 aqu\u00ed y \u00a1es una locura! Desde el s\u00e1bado 27 de abril, Jardines de M\u00e9xico volver\u00e1n a ser el epicentro de la vibra m\u00e1s intensa. \u00a1Prep\u00e1rense para el delirio musical en uno de los parques m\u00e1s \u00e9picos del pa\u00eds! \u00bfQuieren detalles? Aqu\u00ed vamos: [&hellip;]<\/p>\n","protected":false},"author":4,"featured_media":69722,"comment_status":"open","ping_status":"open","sticky":false,"template":"","format":"standard","meta":{"_jetpack_memberships_contains_paid_content":false,"footnotes":"","jetpack_publicize_message":"","jetpack_publicize_feature_enabled":true,"jetpack_social_post_already_shared":false,"jetpack_social_options":{"image_generator_settings":{"template":"highway","default_image_id":0,"font":"","enabled":false},"version":2}},"categories":[117],"tags":[1598,4170,6700,6669,6699],"class_list":["post-69721","post","type-post","status-publish","format-standard","has-post-thumbnail","hentry","category-entretenimiento","tag-cdmx","tag-electronic-arts","tag-evento","tag-news","tag-vaiven","has-post-title","has-post-date","has-post-category","has-post-tag","has-post-comment","has-post-author",""],"yoast_head":"<!-- This site is optimized with the Yoast SEO plugin v27.5 - https:\/\/yoast.com\/product\/yoast-seo-wordpress\/ -->\n<title>\u00a1Vaiv\u00e9n 2024: Ritmo Natural! - Zero Magazine<\/title>\n<meta name=\"robots\" content=\"index, follow, max-snippet:-1, max-image-preview:large, max-video-preview:-1\" \/>\n<link rel=\"canonical\" href=\"https:\/\/zeromagazine.mx\/index.php\/2023\/12\/19\/vaiven-2024-ritmo-natural\/\" \/>\n<meta property=\"og:locale\" content=\"es_ES\" \/>\n<meta property=\"og:type\" content=\"article\" \/>\n<meta property=\"og:title\" content=\"\u00a1Vaiv\u00e9n 2024: Ritmo Natural! - Zero Magazine\" \/>\n<meta property=\"og:description\" content=\"\u00bfListes para la experiencia musical m\u00e1s alucinante? El cartel de VAIV\u00c9N 2024 est\u00e1 aqu\u00ed y \u00a1es una locura! Desde el s\u00e1bado 27 de abril, Jardines de M\u00e9xico volver\u00e1n a ser el epicentro de la vibra m\u00e1s intensa. \u00a1Prep\u00e1rense para el delirio musical en uno de los parques m\u00e1s \u00e9picos del pa\u00eds! \u00bfQuieren detalles? Aqu\u00ed vamos: [&hellip;]\" \/>\n<meta property=\"og:url\" content=\"https:\/\/zeromagazine.mx\/index.php\/2023\/12\/19\/vaiven-2024-ritmo-natural\/\" \/>\n<meta property=\"og:site_name\" content=\"Zero Magazine\" \/>\n<meta property=\"article:published_time\" content=\"2023-12-19T19:10:28+00:00\" \/>\n<meta property=\"og:image\" content=\"https:\/\/i0.wp.com\/zeromagazine.mx\/wp-content\/uploads\/2023\/12\/Vaiven-2024-1.jpg?fit=1080%2C1080&ssl=1\" \/>\n\t<meta property=\"og:image:width\" content=\"1080\" \/>\n\t<meta property=\"og:image:height\" content=\"1080\" \/>\n\t<meta property=\"og:image:type\" content=\"image\/jpeg\" \/>\n<meta name=\"author\" content=\"David Morales\" \/>\n<meta name=\"twitter:card\" content=\"summary_large_image\" \/>\n<meta name=\"twitter:label1\" content=\"Escrito por\" \/>\n\t<meta name=\"twitter:data1\" content=\"David Morales\" \/>\n\t<meta name=\"twitter:label2\" content=\"Tiempo de lectura\" \/>\n\t<meta name=\"twitter:data2\" content=\"2 minutos\" \/>\n<script type=\"application\/ld+json\" class=\"yoast-schema-graph\">{\"@context\":\"https:\\\/\\\/schema.org\",\"@graph\":[{\"@type\":\"Article\",\"@id\":\"https:\\\/\\\/zeromagazine.mx\\\/index.php\\\/2023\\\/12\\\/19\\\/vaiven-2024-ritmo-natural\\\/#article\",\"isPartOf\":{\"@id\":\"https:\\\/\\\/zeromagazine.mx\\\/index.php\\\/2023\\\/12\\\/19\\\/vaiven-2024-ritmo-natural\\\/\"},\"author\":{\"name\":\"David Morales\",\"@id\":\"https:\\\/\\\/zeromagazine.mx\\\/#\\\/schema\\\/person\\\/9f7f1a17c60ba8e9980e3e6677aabe5a\"},\"headline\":\"\u00a1Vaiv\u00e9n 2024: Ritmo Natural!\",\"datePublished\":\"2023-12-19T19:10:28+00:00\",\"mainEntityOfPage\":{\"@id\":\"https:\\\/\\\/zeromagazine.mx\\\/index.php\\\/2023\\\/12\\\/19\\\/vaiven-2024-ritmo-natural\\\/\"},\"wordCount\":393,\"commentCount\":0,\"publisher\":{\"@id\":\"https:\\\/\\\/zeromagazine.mx\\\/#organization\"},\"image\":{\"@id\":\"https:\\\/\\\/zeromagazine.mx\\\/index.php\\\/2023\\\/12\\\/19\\\/vaiven-2024-ritmo-natural\\\/#primaryimage\"},\"thumbnailUrl\":\"https:\\\/\\\/i0.wp.com\\\/zeromagazine.mx\\\/wp-content\\\/uploads\\\/2023\\\/12\\\/Vaiven-2024-1.jpg?fit=1080%2C1080&ssl=1\",\"keywords\":[\"CDMX\",\"Electronic Arts\",\"Evento\",\"News\",\"VAIV\u00c9N\"],\"articleSection\":[\"Entretenimiento\"],\"inLanguage\":\"es\",\"potentialAction\":[{\"@type\":\"CommentAction\",\"name\":\"Comment\",\"target\":[\"https:\\\/\\\/zeromagazine.mx\\\/index.php\\\/2023\\\/12\\\/19\\\/vaiven-2024-ritmo-natural\\\/#respond\"]}]},{\"@type\":\"WebPage\",\"@id\":\"https:\\\/\\\/zeromagazine.mx\\\/index.php\\\/2023\\\/12\\\/19\\\/vaiven-2024-ritmo-natural\\\/\",\"url\":\"https:\\\/\\\/zeromagazine.mx\\\/index.php\\\/2023\\\/12\\\/19\\\/vaiven-2024-ritmo-natural\\\/\",\"name\":\"\u00a1Vaiv\u00e9n 2024: Ritmo Natural! - Zero Magazine\",\"isPartOf\":{\"@id\":\"https:\\\/\\\/zeromagazine.mx\\\/#website\"},\"primaryImageOfPage\":{\"@id\":\"https:\\\/\\\/zeromagazine.mx\\\/index.php\\\/2023\\\/12\\\/19\\\/vaiven-2024-ritmo-natural\\\/#primaryimage\"},\"image\":{\"@id\":\"https:\\\/\\\/zeromagazine.mx\\\/index.php\\\/2023\\\/12\\\/19\\\/vaiven-2024-ritmo-natural\\\/#primaryimage\"},\"thumbnailUrl\":\"https:\\\/\\\/i0.wp.com\\\/zeromagazine.mx\\\/wp-content\\\/uploads\\\/2023\\\/12\\\/Vaiven-2024-1.jpg?fit=1080%2C1080&ssl=1\",\"datePublished\":\"2023-12-19T19:10:28+00:00\",\"breadcrumb\":{\"@id\":\"https:\\\/\\\/zeromagazine.mx\\\/index.php\\\/2023\\\/12\\\/19\\\/vaiven-2024-ritmo-natural\\\/#breadcrumb\"},\"inLanguage\":\"es\",\"potentialAction\":[{\"@type\":\"ReadAction\",\"target\":[\"https:\\\/\\\/zeromagazine.mx\\\/index.php\\\/2023\\\/12\\\/19\\\/vaiven-2024-ritmo-natural\\\/\"]}]},{\"@type\":\"ImageObject\",\"inLanguage\":\"es\",\"@id\":\"https:\\\/\\\/zeromagazine.mx\\\/index.php\\\/2023\\\/12\\\/19\\\/vaiven-2024-ritmo-natural\\\/#primaryimage\",\"url\":\"https:\\\/\\\/i0.wp.com\\\/zeromagazine.mx\\\/wp-content\\\/uploads\\\/2023\\\/12\\\/Vaiven-2024-1.jpg?fit=1080%2C1080&ssl=1\",\"contentUrl\":\"https:\\\/\\\/i0.wp.com\\\/zeromagazine.mx\\\/wp-content\\\/uploads\\\/2023\\\/12\\\/Vaiven-2024-1.jpg?fit=1080%2C1080&ssl=1\",\"width\":1080,\"height\":1080},{\"@type\":\"BreadcrumbList\",\"@id\":\"https:\\\/\\\/zeromagazine.mx\\\/index.php\\\/2023\\\/12\\\/19\\\/vaiven-2024-ritmo-natural\\\/#breadcrumb\",\"itemListElement\":[{\"@type\":\"ListItem\",\"position\":1,\"name\":\"Portada\",\"item\":\"https:\\\/\\\/zeromagazine.mx\\\/\"},{\"@type\":\"ListItem\",\"position\":2,\"name\":\"\u00a1Vaiv\u00e9n 2024: Ritmo Natural!\"}]},{\"@type\":\"WebSite\",\"@id\":\"https:\\\/\\\/zeromagazine.mx\\\/#website\",\"url\":\"https:\\\/\\\/zeromagazine.mx\\\/\",\"name\":\"Zero Magazine\",\"description\":\"\",\"publisher\":{\"@id\":\"https:\\\/\\\/zeromagazine.mx\\\/#organization\"},\"potentialAction\":[{\"@type\":\"SearchAction\",\"target\":{\"@type\":\"EntryPoint\",\"urlTemplate\":\"https:\\\/\\\/zeromagazine.mx\\\/?s={search_term_string}\"},\"query-input\":{\"@type\":\"PropertyValueSpecification\",\"valueRequired\":true,\"valueName\":\"search_term_string\"}}],\"inLanguage\":\"es\"},{\"@type\":\"Organization\",\"@id\":\"https:\\\/\\\/zeromagazine.mx\\\/#organization\",\"name\":\"Zero Magazine\",\"url\":\"https:\\\/\\\/zeromagazine.mx\\\/\",\"logo\":{\"@type\":\"ImageObject\",\"inLanguage\":\"es\",\"@id\":\"https:\\\/\\\/zeromagazine.mx\\\/#\\\/schema\\\/logo\\\/image\\\/\",\"url\":\"https:\\\/\\\/i0.wp.com\\\/zeromagazine.mx\\\/wp-content\\\/uploads\\\/2025\\\/11\\\/1.jpeg?fit=1000%2C1000&ssl=1\",\"contentUrl\":\"https:\\\/\\\/i0.wp.com\\\/zeromagazine.mx\\\/wp-content\\\/uploads\\\/2025\\\/11\\\/1.jpeg?fit=1000%2C1000&ssl=1\",\"width\":1000,\"height\":1000,\"caption\":\"Zero Magazine\"},\"image\":{\"@id\":\"https:\\\/\\\/zeromagazine.mx\\\/#\\\/schema\\\/logo\\\/image\\\/\"},\"sameAs\":[\"https:\\\/\\\/instagram.com\\\/zeromagazinemx\"]},{\"@type\":\"Person\",\"@id\":\"https:\\\/\\\/zeromagazine.mx\\\/#\\\/schema\\\/person\\\/9f7f1a17c60ba8e9980e3e6677aabe5a\",\"name\":\"David Morales\",\"image\":{\"@type\":\"ImageObject\",\"inLanguage\":\"es\",\"@id\":\"https:\\\/\\\/zeromagazine.mx\\\/wp-content\\\/litespeed\\\/avatar\\\/76069d2136bfc1c37dc34815bb67ca42.jpg?ver=1777571067\",\"url\":\"https:\\\/\\\/zeromagazine.mx\\\/wp-content\\\/litespeed\\\/avatar\\\/76069d2136bfc1c37dc34815bb67ca42.jpg?ver=1777571067\",\"contentUrl\":\"https:\\\/\\\/zeromagazine.mx\\\/wp-content\\\/litespeed\\\/avatar\\\/76069d2136bfc1c37dc34815bb67ca42.jpg?ver=1777571067\",\"caption\":\"David Morales\"},\"url\":\"https:\\\/\\\/zeromagazine.mx\\\/index.php\\\/author\\\/david\\\/\"}]}<\/script>\n<!-- \/ Yoast SEO plugin. -->","yoast_head_json":{"title":"\u00a1Vaiv\u00e9n 2024: Ritmo Natural! - Zero Magazine","robots":{"index":"index","follow":"follow","max-snippet":"max-snippet:-1","max-image-preview":"max-image-preview:large","max-video-preview":"max-video-preview:-1"},"canonical":"https:\/\/zeromagazine.mx\/index.php\/2023\/12\/19\/vaiven-2024-ritmo-natural\/","og_locale":"es_ES","og_type":"article","og_title":"\u00a1Vaiv\u00e9n 2024: Ritmo Natural! - Zero Magazine","og_description":"\u00bfListes para la experiencia musical m\u00e1s alucinante? El cartel de VAIV\u00c9N 2024 est\u00e1 aqu\u00ed y \u00a1es una locura! Desde el s\u00e1bado 27 de abril, Jardines de M\u00e9xico volver\u00e1n a ser el epicentro de la vibra m\u00e1s intensa. \u00a1Prep\u00e1rense para el delirio musical en uno de los parques m\u00e1s \u00e9picos del pa\u00eds! \u00bfQuieren detalles? Aqu\u00ed vamos: [&hellip;]","og_url":"https:\/\/zeromagazine.mx\/index.php\/2023\/12\/19\/vaiven-2024-ritmo-natural\/","og_site_name":"Zero Magazine","article_published_time":"2023-12-19T19:10:28+00:00","og_image":[{"width":1080,"height":1080,"url":"https:\/\/i0.wp.com\/zeromagazine.mx\/wp-content\/uploads\/2023\/12\/Vaiven-2024-1.jpg?fit=1080%2C1080&ssl=1","type":"image\/jpeg"}],"author":"David Morales","twitter_card":"summary_large_image","twitter_misc":{"Escrito por":"David Morales","Tiempo de lectura":"2 minutos"},"schema":{"@context":"https:\/\/schema.org","@graph":[{"@type":"Article","@id":"https:\/\/zeromagazine.mx\/index.php\/2023\/12\/19\/vaiven-2024-ritmo-natural\/#article","isPartOf":{"@id":"https:\/\/zeromagazine.mx\/index.php\/2023\/12\/19\/vaiven-2024-ritmo-natural\/"},"author":{"name":"David Morales","@id":"https:\/\/zeromagazine.mx\/#\/schema\/person\/9f7f1a17c60ba8e9980e3e6677aabe5a"},"headline":"\u00a1Vaiv\u00e9n 2024: Ritmo Natural!","datePublished":"2023-12-19T19:10:28+00:00","mainEntityOfPage":{"@id":"https:\/\/zeromagazine.mx\/index.php\/2023\/12\/19\/vaiven-2024-ritmo-natural\/"},"wordCount":393,"commentCount":0,"publisher":{"@id":"https:\/\/zeromagazine.mx\/#organization"},"image":{"@id":"https:\/\/zeromagazine.mx\/index.php\/2023\/12\/19\/vaiven-2024-ritmo-natural\/#primaryimage"},"thumbnailUrl":"https:\/\/i0.wp.com\/zeromagazine.mx\/wp-content\/uploads\/2023\/12\/Vaiven-2024-1.jpg?fit=1080%2C1080&ssl=1","keywords":["CDMX","Electronic Arts","Evento","News","VAIV\u00c9N"],"articleSection":["Entretenimiento"],"inLanguage":"es","potentialAction":[{"@type":"CommentAction","name":"Comment","target":["https:\/\/zeromagazine.mx\/index.php\/2023\/12\/19\/vaiven-2024-ritmo-natural\/#respond"]}]},{"@type":"WebPage","@id":"https:\/\/zeromagazine.mx\/index.php\/2023\/12\/19\/vaiven-2024-ritmo-natural\/","url":"https:\/\/zeromagazine.mx\/index.php\/2023\/12\/19\/vaiven-2024-ritmo-natural\/","name":"\u00a1Vaiv\u00e9n 2024: Ritmo Natural! - Zero Magazine","isPartOf":{"@id":"https:\/\/zeromagazine.mx\/#website"},"primaryImageOfPage":{"@id":"https:\/\/zeromagazine.mx\/index.php\/2023\/12\/19\/vaiven-2024-ritmo-natural\/#primaryimage"},"image":{"@id":"https:\/\/zeromagazine.mx\/index.php\/2023\/12\/19\/vaiven-2024-ritmo-natural\/#primaryimage"},"thumbnailUrl":"https:\/\/i0.wp.com\/zeromagazine.mx\/wp-content\/uploads\/2023\/12\/Vaiven-2024-1.jpg?fit=1080%2C1080&ssl=1","datePublished":"2023-12-19T19:10:28+00:00","breadcrumb":{"@id":"https:\/\/zeromagazine.mx\/index.php\/2023\/12\/19\/vaiven-2024-ritmo-natural\/#breadcrumb"},"inLanguage":"es","potentialAction":[{"@type":"ReadAction","target":["https:\/\/zeromagazine.mx\/index.php\/2023\/12\/19\/vaiven-2024-ritmo-natural\/"]}]},{"@type":"ImageObject","inLanguage":"es","@id":"https:\/\/zeromagazine.mx\/index.php\/2023\/12\/19\/vaiven-2024-ritmo-natural\/#primaryimage","url":"https:\/\/i0.wp.com\/zeromagazine.mx\/wp-content\/uploads\/2023\/12\/Vaiven-2024-1.jpg?fit=1080%2C1080&ssl=1","contentUrl":"https:\/\/i0.wp.com\/zeromagazine.mx\/wp-content\/uploads\/2023\/12\/Vaiven-2024-1.jpg?fit=1080%2C1080&ssl=1","width":1080,"height":1080},{"@type":"BreadcrumbList","@id":"https:\/\/zeromagazine.mx\/index.php\/2023\/12\/19\/vaiven-2024-ritmo-natural\/#breadcrumb","itemListElement":[{"@type":"ListItem","position":1,"name":"Portada","item":"https:\/\/zeromagazine.mx\/"},{"@type":"ListItem","position":2,"name":"\u00a1Vaiv\u00e9n 2024: Ritmo Natural!"}]},{"@type":"WebSite","@id":"https:\/\/zeromagazine.mx\/#website","url":"https:\/\/zeromagazine.mx\/","name":"Zero Magazine","description":"","publisher":{"@id":"https:\/\/zeromagazine.mx\/#organization"},"potentialAction":[{"@type":"SearchAction","target":{"@type":"EntryPoint","urlTemplate":"https:\/\/zeromagazine.mx\/?s={search_term_string}"},"query-input":{"@type":"PropertyValueSpecification","valueRequired":true,"valueName":"search_term_string"}}],"inLanguage":"es"},{"@type":"Organization","@id":"https:\/\/zeromagazine.mx\/#organization","name":"Zero Magazine","url":"https:\/\/zeromagazine.mx\/","logo":{"@type":"ImageObject","inLanguage":"es","@id":"https:\/\/zeromagazine.mx\/#\/schema\/logo\/image\/","url":"https:\/\/i0.wp.com\/zeromagazine.mx\/wp-content\/uploads\/2025\/11\/1.jpeg?fit=1000%2C1000&ssl=1","contentUrl":"https:\/\/i0.wp.com\/zeromagazine.mx\/wp-content\/uploads\/2025\/11\/1.jpeg?fit=1000%2C1000&ssl=1","width":1000,"height":1000,"caption":"Zero Magazine"},"image":{"@id":"https:\/\/zeromagazine.mx\/#\/schema\/logo\/image\/"},"sameAs":["https:\/\/instagram.com\/zeromagazinemx"]},{"@type":"Person","@id":"https:\/\/zeromagazine.mx\/#\/schema\/person\/9f7f1a17c60ba8e9980e3e6677aabe5a","name":"David Morales","image":{"@type":"ImageObject","inLanguage":"es","@id":"https:\/\/zeromagazine.mx\/wp-content\/litespeed\/avatar\/76069d2136bfc1c37dc34815bb67ca42.jpg?ver=1777571067","url":"https:\/\/zeromagazine.mx\/wp-content\/litespeed\/avatar\/76069d2136bfc1c37dc34815bb67ca42.jpg?ver=1777571067","contentUrl":"https:\/\/zeromagazine.mx\/wp-content\/litespeed\/avatar\/76069d2136bfc1c37dc34815bb67ca42.jpg?ver=1777571067","caption":"David Morales"},"url":"https:\/\/zeromagazine.mx\/index.php\/author\/david\/"}]}},"jetpack_publicize_connections":[],"jetpack_featured_media_url":"https:\/\/i0.wp.com\/zeromagazine.mx\/wp-content\/uploads\/2023\/12\/Vaiven-2024-1.jpg?fit=1080%2C1080&ssl=1","jetpack-related-posts":[{"id":74469,"url":"https:\/\/zeromagazine.mx\/index.php\/2024\/02\/29\/black-coffee-regresa-a-vaiven-2024-para-una-noche-epica-de-baile-y-electronica\/","url_meta":{"origin":69721,"position":0},"title":"Black Coffee regresa a Vaiv\u00e9n 2024 para una noche \u00e9pica de baile y electr\u00f3nica!","author":"zeromagazinemx","date":"29 de febrero de 2024","format":false,"excerpt":"https:\/\/open.spotify.com\/artist\/6wMr4zKPrrR0UVz08WtUWc?si=7yYU43UhQLOPkS_eaybAGw El maestro sudafricano del ritmo electrizar\u00e1 los Jardines de M\u00e9xico el 27 de abril con su sonido \u00fanico que fusiona deep house, tech house y ritmos africanos. Prep\u00e1rate para una experiencia musical inolvidable llena de sus \u00e9xitos m\u00e1s emblem\u00e1ticos y nuevas pistas que te har\u00e1n vibrar . Black Coffee\u2026","rel":"","context":"En \u00abBlog\u00bb","block_context":{"text":"Blog","link":"https:\/\/zeromagazine.mx\/index.php\/category\/blog\/"},"img":{"alt_text":"","src":"https:\/\/i0.wp.com\/zeromagazine.mx\/wp-content\/uploads\/2024\/04\/DJ-Black-Coffee-Picture-Instagram.jpg?fit=800%2C450&ssl=1&resize=350%2C200","width":350,"height":200,"srcset":"https:\/\/i0.wp.com\/zeromagazine.mx\/wp-content\/uploads\/2024\/04\/DJ-Black-Coffee-Picture-Instagram.jpg?fit=800%2C450&ssl=1&resize=350%2C200 1x, https:\/\/i0.wp.com\/zeromagazine.mx\/wp-content\/uploads\/2024\/04\/DJ-Black-Coffee-Picture-Instagram.jpg?fit=800%2C450&ssl=1&resize=525%2C300 1.5x, https:\/\/i0.wp.com\/zeromagazine.mx\/wp-content\/uploads\/2024\/04\/DJ-Black-Coffee-Picture-Instagram.jpg?fit=800%2C450&ssl=1&resize=700%2C400 2x"},"classes":[]},{"id":74457,"url":"https:\/\/zeromagazine.mx\/index.php\/2023\/12\/12\/preparate-para-vibrar-al-ritmo-de-la-musica-en-el-festival-vaiven-2024\/","url_meta":{"origin":69721,"position":1},"title":"\u00a1Prep\u00e1rate para vibrar al ritmo de la m\u00fasica en el Festival Vaiv\u00e9n 2024!","author":"zeromagazinemx","date":"12 de diciembre de 2023","format":false,"excerpt":"Llega una nueva edici\u00f3n del Festival Vaiv\u00e9n, y este a\u00f1o promete ser a\u00fan m\u00e1s especial. Apunta la fecha en tu calendario: el s\u00e1bado 27 de abril de 2024 los Jardines de M\u00e9xico en Morelos se llenar\u00e1n de m\u00fasica, baile y la mejor vibra para celebrar la primavera. https:\/\/open.spotify.com\/playlist\/46FtmIbil4JbrnmTuVlYO7?si=7557d88e7bac4387 \u00a1Aprendete al\u2026","rel":"","context":"En \u00abBlog\u00bb","block_context":{"text":"Blog","link":"https:\/\/zeromagazine.mx\/index.php\/category\/blog\/"},"img":{"alt_text":"","src":"https:\/\/i0.wp.com\/zeromagazine.mx\/wp-content\/uploads\/2024\/04\/festival-vaiven-2023-recomendaciones.webp?resize=350%2C200&ssl=1","width":350,"height":200,"srcset":"https:\/\/i0.wp.com\/zeromagazine.mx\/wp-content\/uploads\/2024\/04\/festival-vaiven-2023-recomendaciones.webp?resize=350%2C200&ssl=1 1x, https:\/\/i0.wp.com\/zeromagazine.mx\/wp-content\/uploads\/2024\/04\/festival-vaiven-2023-recomendaciones.webp?resize=525%2C300&ssl=1 1.5x, https:\/\/i0.wp.com\/zeromagazine.mx\/wp-content\/uploads\/2024\/04\/festival-vaiven-2023-recomendaciones.webp?resize=700%2C400&ssl=1 2x, https:\/\/i0.wp.com\/zeromagazine.mx\/wp-content\/uploads\/2024\/04\/festival-vaiven-2023-recomendaciones.webp?resize=1050%2C600&ssl=1 3x, https:\/\/i0.wp.com\/zeromagazine.mx\/wp-content\/uploads\/2024\/04\/festival-vaiven-2023-recomendaciones.webp?resize=1400%2C800&ssl=1 4x"},"classes":[]},{"id":74463,"url":"https:\/\/zeromagazine.mx\/index.php\/2024\/01\/16\/justice-duo-frances-de-electronica-encabeza-el-festival-vaiven-2024\/","url_meta":{"origin":69721,"position":2},"title":"Justice: D\u00fao franc\u00e9s de electr\u00f3nica encabeza el Festival Vaiv\u00e9n 2024","author":"zeromagazinemx","date":"16 de enero de 2024","format":false,"excerpt":"FestivalVaiv\u00e9n #Justice #M\u00fasicaElectr\u00f3nica #JardinesDeM\u00e9xico #VibraPositiva","rel":"","context":"En \u00abBlog\u00bb","block_context":{"text":"Blog","link":"https:\/\/zeromagazine.mx\/index.php\/category\/blog\/"},"img":{"alt_text":"","src":"https:\/\/i0.wp.com\/zeromagazine.mx\/wp-content\/uploads\/2024\/04\/PHOTO-2024-04-19-09-07-46.jpg?fit=1200%2C674&ssl=1&resize=350%2C200","width":350,"height":200,"srcset":"https:\/\/i0.wp.com\/zeromagazine.mx\/wp-content\/uploads\/2024\/04\/PHOTO-2024-04-19-09-07-46.jpg?fit=1200%2C674&ssl=1&resize=350%2C200 1x, https:\/\/i0.wp.com\/zeromagazine.mx\/wp-content\/uploads\/2024\/04\/PHOTO-2024-04-19-09-07-46.jpg?fit=1200%2C674&ssl=1&resize=525%2C300 1.5x, https:\/\/i0.wp.com\/zeromagazine.mx\/wp-content\/uploads\/2024\/04\/PHOTO-2024-04-19-09-07-46.jpg?fit=1200%2C674&ssl=1&resize=700%2C400 2x, https:\/\/i0.wp.com\/zeromagazine.mx\/wp-content\/uploads\/2024\/04\/PHOTO-2024-04-19-09-07-46.jpg?fit=1200%2C674&ssl=1&resize=1050%2C600 3x"},"classes":[]},{"id":74472,"url":"https:\/\/zeromagazine.mx\/index.php\/2024\/04\/02\/preparate-para-ser-hipnotizado-por-elderbrook-en-el-vaiven-2024\/","url_meta":{"origin":69721,"position":3},"title":"\u00a1Prep\u00e1rate para ser hipnotizado por Elderbrook en el Vaiv\u00e9n 2024!","author":"zeromagazinemx","date":"2 de abril de 2024","format":false,"excerpt":"Este talentoso artista brit\u00e1nico no dejar\u00e1 de sorprenderte con su electr\u00f3nica envolvente y su voz cautivadora. Elderbrook: Un \u00edcono de la m\u00fasica electr\u00f3nica actual https:\/\/open.spotify.com\/artist\/2vf4pRsEY6LpL5tKmqWb64?si=QWNSdkyITrmDBPHSQ0hlYg Electr\u00f3nica de otro mundo: Elderbrook fusiona magistralmente elementos de indie, folk y house para crear un sonido \u00fanico que te transportar\u00e1 a otra dimensi\u00f3n.Voz angelical:\u2026","rel":"","context":"En \u00abBlog\u00bb","block_context":{"text":"Blog","link":"https:\/\/zeromagazine.mx\/index.php\/category\/blog\/"},"img":{"alt_text":"","src":"https:\/\/i0.wp.com\/zeromagazine.mx\/wp-content\/uploads\/2024\/04\/festival-vaiven-2023-recomendaciones-1.webp?fit=1200%2C675&ssl=1&resize=350%2C200","width":350,"height":200,"srcset":"https:\/\/i0.wp.com\/zeromagazine.mx\/wp-content\/uploads\/2024\/04\/festival-vaiven-2023-recomendaciones-1.webp?fit=1200%2C675&ssl=1&resize=350%2C200 1x, https:\/\/i0.wp.com\/zeromagazine.mx\/wp-content\/uploads\/2024\/04\/festival-vaiven-2023-recomendaciones-1.webp?fit=1200%2C675&ssl=1&resize=525%2C300 1.5x, https:\/\/i0.wp.com\/zeromagazine.mx\/wp-content\/uploads\/2024\/04\/festival-vaiven-2023-recomendaciones-1.webp?fit=1200%2C675&ssl=1&resize=700%2C400 2x, https:\/\/i0.wp.com\/zeromagazine.mx\/wp-content\/uploads\/2024\/04\/festival-vaiven-2023-recomendaciones-1.webp?fit=1200%2C675&ssl=1&resize=1050%2C600 3x"},"classes":[]},{"id":109159,"url":"https:\/\/zeromagazine.mx\/index.php\/2025\/10\/08\/american-eagle-festival-vaiven-2025\/","url_meta":{"origin":69721,"position":4},"title":"American Eagle Festival Vaiv\u00e9n: el match m\u00e1s cool del a\u00f1o","author":"zeromagazinemx","date":"8 de octubre de 2025","format":false,"excerpt":"\u00bfQui\u00e9n dijo que la moda y la m\u00fasica no pod\u00edan tener su propio romance? American Eagle Festival Vaiv\u00e9n 2025 acaba de demostrar que el estilo tambi\u00e9n puede tener ritmo, beats y actitud. Este a\u00f1o, AE se meti\u00f3 al line-up del festival m\u00e1s esperado y trajo consigo toda una experiencia que\u2026","rel":"","context":"En \u00abModa\u00bb","block_context":{"text":"Moda","link":"https:\/\/zeromagazine.mx\/index.php\/category\/moda\/"},"img":{"alt_text":"","src":"https:\/\/i0.wp.com\/zeromagazine.mx\/wp-content\/uploads\/2025\/10\/imgi_48_0383_3696_001_of.webp?fit=936%2C1200&ssl=1&resize=350%2C200","width":350,"height":200,"srcset":"https:\/\/i0.wp.com\/zeromagazine.mx\/wp-content\/uploads\/2025\/10\/imgi_48_0383_3696_001_of.webp?fit=936%2C1200&ssl=1&resize=350%2C200 1x, https:\/\/i0.wp.com\/zeromagazine.mx\/wp-content\/uploads\/2025\/10\/imgi_48_0383_3696_001_of.webp?fit=936%2C1200&ssl=1&resize=525%2C300 1.5x, https:\/\/i0.wp.com\/zeromagazine.mx\/wp-content\/uploads\/2025\/10\/imgi_48_0383_3696_001_of.webp?fit=936%2C1200&ssl=1&resize=700%2C400 2x"},"classes":[]},{"id":109378,"url":"https:\/\/zeromagazine.mx\/index.php\/2025\/10\/13\/american-eagle-vaiven-2025\/","url_meta":{"origin":69721,"position":5},"title":"American Eagle Vaiv\u00e9n 2025: vibra, estilo y libertad","author":"zeromagazinemx","date":"13 de octubre de 2025","format":false,"excerpt":"Si hab\u00eda una forma de definir el mood de este fin de semana, ser\u00eda con tres palabras: m\u00fasica, libertad y estilo. El Festival Vaiv\u00e9n 2025 se vivi\u00f3 con toda la energ\u00eda en Jardines de M\u00e9xico, y American Eagle Vaiv\u00e9n 2025 fue sin duda el coraz\u00f3n m\u00e1s cool del evento. Entre\u2026","rel":"","context":"En \u00abModa\u00bb","block_context":{"text":"Moda","link":"https:\/\/zeromagazine.mx\/index.php\/category\/moda\/"},"img":{"alt_text":"","src":"","width":0,"height":0},"classes":[]}],"jetpack_sharing_enabled":true,"builder_content":"","_links":{"self":[{"href":"https:\/\/zeromagazine.mx\/index.php\/wp-json\/wp\/v2\/posts\/69721","targetHints":{"allow":["GET"]}}],"collection":[{"href":"https:\/\/zeromagazine.mx\/index.php\/wp-json\/wp\/v2\/posts"}],"about":[{"href":"https:\/\/zeromagazine.mx\/index.php\/wp-json\/wp\/v2\/types\/post"}],"author":[{"embeddable":true,"href":"https:\/\/zeromagazine.mx\/index.php\/wp-json\/wp\/v2\/users\/4"}],"replies":[{"embeddable":true,"href":"https:\/\/zeromagazine.mx\/index.php\/wp-json\/wp\/v2\/comments?post=69721"}],"version-history":[{"count":4,"href":"https:\/\/zeromagazine.mx\/index.php\/wp-json\/wp\/v2\/posts\/69721\/revisions"}],"predecessor-version":[{"id":69726,"href":"https:\/\/zeromagazine.mx\/index.php\/wp-json\/wp\/v2\/posts\/69721\/revisions\/69726"}],"wp:featuredmedia":[{"embeddable":true,"href":"https:\/\/zeromagazine.mx\/index.php\/wp-json\/wp\/v2\/media\/69722"}],"wp:attachment":[{"href":"https:\/\/zeromagazine.mx\/index.php\/wp-json\/wp\/v2\/media?parent=69721"}],"wp:term":[{"taxonomy":"category","embeddable":true,"href":"https:\/\/zeromagazine.mx\/index.php\/wp-json\/wp\/v2\/categories?post=69721"},{"taxonomy":"post_tag","embeddable":true,"href":"https:\/\/zeromagazine.mx\/index.php\/wp-json\/wp\/v2\/tags?post=69721"}],"curies":[{"name":"wp","href":"https:\/\/api.w.org\/{rel}","templated":true}]}}