{"id":69734,"date":"2023-12-19T20:48:27","date_gmt":"2023-12-19T19:48:27","guid":{"rendered":"https:\/\/zeromagazine.mx\/?p=69734"},"modified":"2023-12-19T20:48:27","modified_gmt":"2023-12-19T19:48:27","slug":"vanessa-franco","status":"publish","type":"post","link":"https:\/\/zeromagazine.mx\/index.php\/2023\/12\/19\/vanessa-franco\/","title":{"rendered":"Vanessa Franco"},"content":{"rendered":"<!--themify_builder_content-->\n<div id=\"themify_builder_content-69734\" data-postid=\"69734\" class=\"themify_builder_content themify_builder_content-69734 themify_builder tf_clear\">\n    <\/div>\n<!--\/themify_builder_content-->\n\n\n<p>Las mujeres est\u00e1n empoderandose cada vez m\u00e1s en la industria musical, y Vanessa Franco es ejemplo de ello, la Queretana llega a nuestra portada con toda su buena vibra y letras positivas.<\/p>\n\n\n\n<script async src=\"https:\/\/pagead2.googlesyndication.com\/pagead\/js\/adsbygoogle.js?client=ca-pub-5499304793904745\"\n     crossorigin=\"anonymous\"><\/script>\n<ins class=\"adsbygoogle\"\n     style=\"display:block; text-align:center;\"\n     data-ad-layout=\"in-article\"\n     data-ad-format=\"fluid\"\n     data-ad-client=\"ca-pub-5499304793904745\"\n     data-ad-slot=\"5994863093\"><\/ins>\n<script>\n     (adsbygoogle = window.adsbygoogle || []).push({});\n<\/script>\n\n\n\n<p>\u00bfC\u00f3mo es que inici\u00f3 tu camino dentro de la m\u00fasica?\u00a0<\/p>\n\n\n\n<p>Empec\u00e9 con clases de canto a los 5 a\u00f1os. Era una ni\u00f1a s\u00faper distra\u00edda y literalmente lo \u00fanico en lo que pod\u00eda medio concentrarme era en mis clases de canto. Y todo eso fue porque yo no ve\u00eda mucho, usaba 9 de aumento, entonces no me pod\u00eda concentrar en nada porque no ve\u00eda.&nbsp;<\/p>\n\n\n\n<p>Entonces me pon\u00edan Operaci\u00f3n Triunfo en ese momento, y yo quer\u00eda copiarles a todos los participantes lo que hac\u00edan. De que s\u00fabanse a la caminadora y canten, y yo quer\u00eda copiar todo eso. Entonces mis pap\u00e1s dijeron, a esta ni\u00f1a le gusta esto, y me metieron a clases de canto.\u00a0<\/p>\n\n\n\n<figure class=\"wp-block-image size-large\"><img data-recalc-dims=\"1\" decoding=\"async\" width=\"1024\" height=\"637\" src=\"https:\/\/i0.wp.com\/zeromagazine.mx\/wp-content\/uploads\/2023\/12\/Foto-video-One-Shot--1024x637.jpeg?resize=1024%2C637&#038;ssl=1\" alt=\"\" class=\"wp-image-69735\" srcset=\"https:\/\/i0.wp.com\/zeromagazine.mx\/wp-content\/uploads\/2023\/12\/Foto-video-One-Shot--scaled.jpeg?resize=1024%2C637&amp;ssl=1 1024w, https:\/\/i0.wp.com\/zeromagazine.mx\/wp-content\/uploads\/2023\/12\/Foto-video-One-Shot--scaled.jpeg?resize=300%2C186&amp;ssl=1 300w, https:\/\/i0.wp.com\/zeromagazine.mx\/wp-content\/uploads\/2023\/12\/Foto-video-One-Shot--scaled.jpeg?resize=768%2C477&amp;ssl=1 768w, https:\/\/i0.wp.com\/zeromagazine.mx\/wp-content\/uploads\/2023\/12\/Foto-video-One-Shot--scaled.jpeg?resize=1536%2C955&amp;ssl=1 1536w, https:\/\/i0.wp.com\/zeromagazine.mx\/wp-content\/uploads\/2023\/12\/Foto-video-One-Shot--scaled.jpeg?resize=2048%2C1273&amp;ssl=1 2048w, https:\/\/i0.wp.com\/zeromagazine.mx\/wp-content\/uploads\/2023\/12\/Foto-video-One-Shot--scaled.jpeg?w=2330 2330w\" sizes=\"(max-width: 1024px) 100vw, 1024px\" \/><\/figure>\n\n\n\n<p>Despu\u00e9s a los 14 a\u00f1os tuve la oportunidad de irme dos veranos seguidos, a mis 14 y a mis 15 a\u00f1os, a Berkeley, en Boston, a estudiar m\u00fasica. Estudi\u00e9 pop y R&amp;B, despu\u00e9s estudi\u00e9 pop rock. Y pues ahora s\u00ed que desde los 14 hasta como que empez\u00f3 pandemia, me presentaba much\u00edsimo aqu\u00ed en Quer\u00e9taro para eventos de altruismo, y hacer como peque\u00f1os shows as\u00ed, para tambi\u00e9n recaudar fondos y cosas.&nbsp;<\/p>\n\n\n\n<p>En el 2020, me entr\u00f3 mucha ansiedad en la pandemia, de no poder estar haciendo m\u00fasica, de no presentarme, porque pues a m\u00ed lo que me encantaba siempre fue cantar. Y junto con mi familia decidimos hacer una canci\u00f3n a los m\u00e9dicos, y ah\u00ed fue cuando saqu\u00e9 mi primer sencillo llamado Guerrero, y de ah\u00ed me segu\u00ed hasta la fecha que tengo de mi etapa pasada.<\/p>\n\n\n\n<p>Yo defino mi carrera del 2020 a la fecha, como en dos etapas, la primera era cuando era rubia, que ten\u00eda m\u00fasica de todos los g\u00e9neros, estaba buscando conocerme y buscando mi identidad como artista, y ahorita esta etapa que ya me siento mucho m\u00e1s yo, tengo m\u00e1s claro lo que quiero transmitir y los temas que quiero hablar, traemos tres sencillos y justo estrenamos el \u00e1lbum el 23 de noviembre, y estoy s\u00faper contenta con eso.<\/p>\n\n\n\n<script async src=\"https:\/\/pagead2.googlesyndication.com\/pagead\/js\/adsbygoogle.js?client=ca-pub-5499304793904745\"\n     crossorigin=\"anonymous\"><\/script>\n<ins class=\"adsbygoogle\"\n     style=\"display:block; text-align:center;\"\n     data-ad-layout=\"in-article\"\n     data-ad-format=\"fluid\"\n     data-ad-client=\"ca-pub-5499304793904745\"\n     data-ad-slot=\"5994863093\"><\/ins>\n<script>\n     (adsbygoogle = window.adsbygoogle || []).push({});\n<\/script>\n\n\n\n<p>Plat\u00edcame en qu\u00e9 te inspiras para tus letras.&nbsp;<\/p>\n\n\n\n<p>Pues mira, siento que hay como un recorrido, lo mismo que te digo, antes mi m\u00fasica era de temas que la verdad no eran mis vivencias, no era nada con lo que yo me sintiera tan identificada, era m\u00fasica que me gustaba, pero no eran canciones m\u00edas.<\/p>\n\n\n\n<p>Y en esta nueva etapa justo muchos temas de los que se abordan traen un mensaje y, todo el \u00e1lbum en general trae un storytelling de amor propio, hay una canci\u00f3n que me gusta much\u00edsimo que se llama \u201cSi te vieras como yo\u201d que fue mi primer sencillo de esta nueva etapa, que habla sobre conectar con tu ni\u00f1o interior; esta canci\u00f3n por ejemplo nace de una carta que yo le escribo a mi ni\u00f1o interior, y ya los buenos en el tema, mi productor y los compositores, la convirtieron en canci\u00f3n y as\u00ed fue como sale todo esto, pero el \u00e1lbum justo va contando una historia de mi recorrido.&nbsp;<\/p>\n\n\n\n<p>\u00bfC\u00f3mo es hacer m\u00fasica en Quer\u00e9taro?&nbsp;<\/p>\n\n\n\n<p>El \u00e1lbum que voy a sacar lo grab\u00e9 en Amsterdam, con un productor mexicano que vive all\u00e1, pero, la verdad aqu\u00ed en Quer\u00e9taro s\u00ed ya empieza a haber m\u00e1s cultura sobre esto y m\u00e1s cosas, pero no tiene nada que ver con la CDMX, o sea s\u00ed es viajar mucho para all\u00e1 y todo pues estarlo haciendo all\u00e1, pero soy muy hogare\u00f1a, disfruto mucho estar en mi casa, entonces pues aqu\u00ed prefiero vivir y estarme moviendo para all\u00e1 en la cantada, aunque sean tres horas de carretera, no importa.\u00a0<\/p>\n\n\n\n\n\n<p>\u00bfQu\u00e9 te dijo tu familia cuando decides en serio dedicarte a la m\u00fasica?&nbsp;<\/p>\n\n\n\n<p>Pues la verdad es que siempre he contado con el apoyo de mis pap\u00e1s y es algo de lo cual estoy muy agradecida, porque pues es dif\u00edcil, yo creo que como hija cuando decido que me quiero dedicar a la m\u00fasica, no es algo f\u00e1cil, sobre todo siendo artista independiente, porque desde los gastos, toda la planeaci\u00f3n y todo viene de nosotros, y pues s\u00ed es como un reto, pero siempre me apoyaron, y est\u00e1n s\u00faper involucrados en el proyecto.&nbsp;<\/p>\n\n\n\n<p>\u00bfQu\u00e9 consideras que es necesario para tener \u00e9xito dentro de la industria como artista independiente?<\/p>\n\n\n\n<p>La perseverancia y la autenticidad son clave. Es fundamental tener una conexi\u00f3n genuina con tu arte y tu audiencia.<\/p>\n\n\n\n<p>\u00bfCu\u00e1les son tus principales desaf\u00edos?<\/p>\n\n\n\n<p>Como artista independiente, la gesti\u00f3n de la carrera y la promoci\u00f3n son desaf\u00edos significativos. Tambi\u00e9n enfrentar la incertidumbre en la industria musical.<\/p>\n\n\n\n<script async src=\"https:\/\/pagead2.googlesyndication.com\/pagead\/js\/adsbygoogle.js?client=ca-pub-5499304793904745\"\n     crossorigin=\"anonymous\"><\/script>\n<ins class=\"adsbygoogle\"\n     style=\"display:block; text-align:center;\"\n     data-ad-layout=\"in-article\"\n     data-ad-format=\"fluid\"\n     data-ad-client=\"ca-pub-5499304793904745\"\n     data-ad-slot=\"5994863093\"><\/ins>\n<script>\n     (adsbygoogle = window.adsbygoogle || []).push({});\n<\/script>\n\n\n\n<p>\u00bfQu\u00e9 es el \u00e9xito para ti?<\/p>\n\n\n\n<p>Para m\u00ed, el \u00e9xito es poder expresar mi autenticidad a trav\u00e9s de la m\u00fasica y conectar con las personas. Adem\u00e1s, lograr un equilibrio entre la realizaci\u00f3n personal y el reconocimiento externo.<\/p>\n\n\n\n<p>\u00bfCu\u00e1les son tus ejemplos o s\u00edmbolos a seguir musicalmente?<\/p>\n\n\n\n<p>Admiro a artistas como Natalia Lafourcade y Mon Laferte por su autenticidad y versatilidad. Tambi\u00e9n encuentro inspiraci\u00f3n en propuestas internacionales como Lorde.<\/p>\n\n\n\n<p>\u00bfQu\u00e9 es lo que m\u00e1s disfrutas de hacer m\u00fasica?<\/p>\n\n\n\n<p>La conexi\u00f3n emocional con la m\u00fasica y la posibilidad de transmitir mensajes significativos. Adem\u00e1s, el proceso creativo y la diversidad de estilos que puedo explorar.<\/p>\n\n\n\n<figure class=\"wp-block-image size-large\"><img data-recalc-dims=\"1\" decoding=\"async\" width=\"1024\" height=\"788\" src=\"https:\/\/i0.wp.com\/zeromagazine.mx\/wp-content\/uploads\/2023\/12\/Foto-3--1024x788.jpg?resize=1024%2C788&#038;ssl=1\" alt=\"\" class=\"wp-image-69737\" srcset=\"https:\/\/i0.wp.com\/zeromagazine.mx\/wp-content\/uploads\/2023\/12\/Foto-3--scaled.jpg?resize=1024%2C788&amp;ssl=1 1024w, https:\/\/i0.wp.com\/zeromagazine.mx\/wp-content\/uploads\/2023\/12\/Foto-3--scaled.jpg?resize=300%2C231&amp;ssl=1 300w, https:\/\/i0.wp.com\/zeromagazine.mx\/wp-content\/uploads\/2023\/12\/Foto-3--scaled.jpg?resize=768%2C591&amp;ssl=1 768w, https:\/\/i0.wp.com\/zeromagazine.mx\/wp-content\/uploads\/2023\/12\/Foto-3--scaled.jpg?resize=1536%2C1182&amp;ssl=1 1536w, https:\/\/i0.wp.com\/zeromagazine.mx\/wp-content\/uploads\/2023\/12\/Foto-3--scaled.jpg?resize=2048%2C1577&amp;ssl=1 2048w, https:\/\/i0.wp.com\/zeromagazine.mx\/wp-content\/uploads\/2023\/12\/Foto-3--scaled.jpg?w=2330 2330w\" sizes=\"(max-width: 1024px) 100vw, 1024px\" \/><\/figure>\n\n\n\n<p>\u00bfQu\u00e9 es lo que te hace sentir m\u00e1s orgullosa hasta este momento de tu carrera?<\/p>\n\n\n\n<p>Sentir que mi m\u00fasica impacta positivamente en las personas y haber encontrado mi identidad art\u00edstica en esta nueva etapa.<\/p>\n\n\n\n<p>\u00bfQu\u00e9 planes tienes a futuro?<\/p>\n\n\n\n<p>Seguir expandiendo mi m\u00fasica a nivel nacional e internacional, explorar colaboraciones y continuar contribuyendo con mensajes que resuenen con la audiencia. Adem\u00e1s, explorar nuevas formas de expresi\u00f3n art\u00edstica.<\/p>","protected":false},"excerpt":{"rendered":"<p>Las mujeres est\u00e1n empoderandose cada vez m\u00e1s en la industria musical, y Vanessa Franco es ejemplo de ello, la Queretana llega a nuestra portada con toda su buena vibra y letras positivas. \u00bfC\u00f3mo es que inici\u00f3 tu camino dentro de la m\u00fasica?\u00a0 Empec\u00e9 con clases de canto a los 5 a\u00f1os. Era una ni\u00f1a s\u00faper [&hellip;]<\/p>\n","protected":false},"author":4,"featured_media":69736,"comment_status":"open","ping_status":"open","sticky":true,"template":"","format":"standard","meta":{"_jetpack_memberships_contains_paid_content":false,"footnotes":"","jetpack_publicize_message":"","jetpack_publicize_feature_enabled":true,"jetpack_social_post_already_shared":false,"jetpack_social_options":{"image_generator_settings":{"template":"highway","default_image_id":0,"font":"","enabled":false},"version":2}},"categories":[98],"tags":[3384],"class_list":["post-69734","post","type-post","status-publish","format-standard","has-post-thumbnail","hentry","category-portada","tag-destacada","has-post-title","has-post-date","has-post-category","has-post-tag","has-post-comment","has-post-author",""],"yoast_head":"<!-- This site is optimized with the Yoast SEO plugin v27.5 - https:\/\/yoast.com\/product\/yoast-seo-wordpress\/ -->\n<title>Vanessa Franco - Zero Magazine<\/title>\n<meta name=\"robots\" content=\"index, follow, max-snippet:-1, max-image-preview:large, max-video-preview:-1\" \/>\n<link rel=\"canonical\" href=\"https:\/\/zeromagazine.mx\/index.php\/2023\/12\/19\/vanessa-franco\/\" \/>\n<meta property=\"og:locale\" content=\"es_ES\" \/>\n<meta property=\"og:type\" content=\"article\" \/>\n<meta property=\"og:title\" content=\"Vanessa Franco - Zero Magazine\" \/>\n<meta property=\"og:description\" content=\"Las mujeres est\u00e1n empoderandose cada vez m\u00e1s en la industria musical, y Vanessa Franco es ejemplo de ello, la Queretana llega a nuestra portada con toda su buena vibra y letras positivas. \u00bfC\u00f3mo es que inici\u00f3 tu camino dentro de la m\u00fasica?\u00a0 Empec\u00e9 con clases de canto a los 5 a\u00f1os. Era una ni\u00f1a s\u00faper [&hellip;]\" \/>\n<meta property=\"og:url\" content=\"https:\/\/zeromagazine.mx\/index.php\/2023\/12\/19\/vanessa-franco\/\" \/>\n<meta property=\"og:site_name\" content=\"Zero Magazine\" \/>\n<meta property=\"article:published_time\" content=\"2023-12-19T19:48:27+00:00\" \/>\n<meta property=\"og:image\" content=\"https:\/\/i0.wp.com\/zeromagazine.mx\/wp-content\/uploads\/2023\/12\/IMG_0116-scaled.jpeg?fit=1978%2C2560&ssl=1\" \/>\n\t<meta property=\"og:image:width\" content=\"1978\" \/>\n\t<meta property=\"og:image:height\" content=\"2560\" \/>\n\t<meta property=\"og:image:type\" content=\"image\/jpeg\" \/>\n<meta name=\"author\" content=\"David Morales\" \/>\n<meta name=\"twitter:card\" content=\"summary_large_image\" \/>\n<meta name=\"twitter:label1\" content=\"Escrito por\" \/>\n\t<meta name=\"twitter:data1\" content=\"David Morales\" \/>\n\t<meta name=\"twitter:label2\" content=\"Tiempo de lectura\" \/>\n\t<meta name=\"twitter:data2\" content=\"5 minutos\" \/>\n<script type=\"application\/ld+json\" class=\"yoast-schema-graph\">{\"@context\":\"https:\\\/\\\/schema.org\",\"@graph\":[{\"@type\":\"Article\",\"@id\":\"https:\\\/\\\/zeromagazine.mx\\\/index.php\\\/2023\\\/12\\\/19\\\/vanessa-franco\\\/#article\",\"isPartOf\":{\"@id\":\"https:\\\/\\\/zeromagazine.mx\\\/index.php\\\/2023\\\/12\\\/19\\\/vanessa-franco\\\/\"},\"author\":{\"name\":\"David Morales\",\"@id\":\"https:\\\/\\\/zeromagazine.mx\\\/#\\\/schema\\\/person\\\/9f7f1a17c60ba8e9980e3e6677aabe5a\"},\"headline\":\"Vanessa Franco\",\"datePublished\":\"2023-12-19T19:48:27+00:00\",\"mainEntityOfPage\":{\"@id\":\"https:\\\/\\\/zeromagazine.mx\\\/index.php\\\/2023\\\/12\\\/19\\\/vanessa-franco\\\/\"},\"wordCount\":1034,\"commentCount\":0,\"publisher\":{\"@id\":\"https:\\\/\\\/zeromagazine.mx\\\/#organization\"},\"image\":{\"@id\":\"https:\\\/\\\/zeromagazine.mx\\\/index.php\\\/2023\\\/12\\\/19\\\/vanessa-franco\\\/#primaryimage\"},\"thumbnailUrl\":\"https:\\\/\\\/i0.wp.com\\\/zeromagazine.mx\\\/wp-content\\\/uploads\\\/2023\\\/12\\\/IMG_0116-scaled.jpeg?fit=1978%2C2560&ssl=1\",\"keywords\":[\"Destacada\"],\"articleSection\":[\"Portada\"],\"inLanguage\":\"es\",\"potentialAction\":[{\"@type\":\"CommentAction\",\"name\":\"Comment\",\"target\":[\"https:\\\/\\\/zeromagazine.mx\\\/index.php\\\/2023\\\/12\\\/19\\\/vanessa-franco\\\/#respond\"]}]},{\"@type\":\"WebPage\",\"@id\":\"https:\\\/\\\/zeromagazine.mx\\\/index.php\\\/2023\\\/12\\\/19\\\/vanessa-franco\\\/\",\"url\":\"https:\\\/\\\/zeromagazine.mx\\\/index.php\\\/2023\\\/12\\\/19\\\/vanessa-franco\\\/\",\"name\":\"Vanessa Franco - Zero Magazine\",\"isPartOf\":{\"@id\":\"https:\\\/\\\/zeromagazine.mx\\\/#website\"},\"primaryImageOfPage\":{\"@id\":\"https:\\\/\\\/zeromagazine.mx\\\/index.php\\\/2023\\\/12\\\/19\\\/vanessa-franco\\\/#primaryimage\"},\"image\":{\"@id\":\"https:\\\/\\\/zeromagazine.mx\\\/index.php\\\/2023\\\/12\\\/19\\\/vanessa-franco\\\/#primaryimage\"},\"thumbnailUrl\":\"https:\\\/\\\/i0.wp.com\\\/zeromagazine.mx\\\/wp-content\\\/uploads\\\/2023\\\/12\\\/IMG_0116-scaled.jpeg?fit=1978%2C2560&ssl=1\",\"datePublished\":\"2023-12-19T19:48:27+00:00\",\"breadcrumb\":{\"@id\":\"https:\\\/\\\/zeromagazine.mx\\\/index.php\\\/2023\\\/12\\\/19\\\/vanessa-franco\\\/#breadcrumb\"},\"inLanguage\":\"es\",\"potentialAction\":[{\"@type\":\"ReadAction\",\"target\":[\"https:\\\/\\\/zeromagazine.mx\\\/index.php\\\/2023\\\/12\\\/19\\\/vanessa-franco\\\/\"]}]},{\"@type\":\"ImageObject\",\"inLanguage\":\"es\",\"@id\":\"https:\\\/\\\/zeromagazine.mx\\\/index.php\\\/2023\\\/12\\\/19\\\/vanessa-franco\\\/#primaryimage\",\"url\":\"https:\\\/\\\/i0.wp.com\\\/zeromagazine.mx\\\/wp-content\\\/uploads\\\/2023\\\/12\\\/IMG_0116-scaled.jpeg?fit=1978%2C2560&ssl=1\",\"contentUrl\":\"https:\\\/\\\/i0.wp.com\\\/zeromagazine.mx\\\/wp-content\\\/uploads\\\/2023\\\/12\\\/IMG_0116-scaled.jpeg?fit=1978%2C2560&ssl=1\",\"width\":1978,\"height\":2560},{\"@type\":\"BreadcrumbList\",\"@id\":\"https:\\\/\\\/zeromagazine.mx\\\/index.php\\\/2023\\\/12\\\/19\\\/vanessa-franco\\\/#breadcrumb\",\"itemListElement\":[{\"@type\":\"ListItem\",\"position\":1,\"name\":\"Portada\",\"item\":\"https:\\\/\\\/zeromagazine.mx\\\/\"},{\"@type\":\"ListItem\",\"position\":2,\"name\":\"Vanessa Franco\"}]},{\"@type\":\"WebSite\",\"@id\":\"https:\\\/\\\/zeromagazine.mx\\\/#website\",\"url\":\"https:\\\/\\\/zeromagazine.mx\\\/\",\"name\":\"Zero Magazine\",\"description\":\"\",\"publisher\":{\"@id\":\"https:\\\/\\\/zeromagazine.mx\\\/#organization\"},\"potentialAction\":[{\"@type\":\"SearchAction\",\"target\":{\"@type\":\"EntryPoint\",\"urlTemplate\":\"https:\\\/\\\/zeromagazine.mx\\\/?s={search_term_string}\"},\"query-input\":{\"@type\":\"PropertyValueSpecification\",\"valueRequired\":true,\"valueName\":\"search_term_string\"}}],\"inLanguage\":\"es\"},{\"@type\":\"Organization\",\"@id\":\"https:\\\/\\\/zeromagazine.mx\\\/#organization\",\"name\":\"Zero Magazine\",\"url\":\"https:\\\/\\\/zeromagazine.mx\\\/\",\"logo\":{\"@type\":\"ImageObject\",\"inLanguage\":\"es\",\"@id\":\"https:\\\/\\\/zeromagazine.mx\\\/#\\\/schema\\\/logo\\\/image\\\/\",\"url\":\"https:\\\/\\\/i0.wp.com\\\/zeromagazine.mx\\\/wp-content\\\/uploads\\\/2025\\\/11\\\/1.jpeg?fit=1000%2C1000&ssl=1\",\"contentUrl\":\"https:\\\/\\\/i0.wp.com\\\/zeromagazine.mx\\\/wp-content\\\/uploads\\\/2025\\\/11\\\/1.jpeg?fit=1000%2C1000&ssl=1\",\"width\":1000,\"height\":1000,\"caption\":\"Zero Magazine\"},\"image\":{\"@id\":\"https:\\\/\\\/zeromagazine.mx\\\/#\\\/schema\\\/logo\\\/image\\\/\"},\"sameAs\":[\"https:\\\/\\\/instagram.com\\\/zeromagazinemx\"]},{\"@type\":\"Person\",\"@id\":\"https:\\\/\\\/zeromagazine.mx\\\/#\\\/schema\\\/person\\\/9f7f1a17c60ba8e9980e3e6677aabe5a\",\"name\":\"David Morales\",\"image\":{\"@type\":\"ImageObject\",\"inLanguage\":\"es\",\"@id\":\"https:\\\/\\\/zeromagazine.mx\\\/wp-content\\\/litespeed\\\/avatar\\\/76069d2136bfc1c37dc34815bb67ca42.jpg?ver=1777571067\",\"url\":\"https:\\\/\\\/zeromagazine.mx\\\/wp-content\\\/litespeed\\\/avatar\\\/76069d2136bfc1c37dc34815bb67ca42.jpg?ver=1777571067\",\"contentUrl\":\"https:\\\/\\\/zeromagazine.mx\\\/wp-content\\\/litespeed\\\/avatar\\\/76069d2136bfc1c37dc34815bb67ca42.jpg?ver=1777571067\",\"caption\":\"David Morales\"},\"url\":\"https:\\\/\\\/zeromagazine.mx\\\/index.php\\\/author\\\/david\\\/\"}]}<\/script>\n<!-- \/ Yoast SEO plugin. -->","yoast_head_json":{"title":"Vanessa Franco - Zero Magazine","robots":{"index":"index","follow":"follow","max-snippet":"max-snippet:-1","max-image-preview":"max-image-preview:large","max-video-preview":"max-video-preview:-1"},"canonical":"https:\/\/zeromagazine.mx\/index.php\/2023\/12\/19\/vanessa-franco\/","og_locale":"es_ES","og_type":"article","og_title":"Vanessa Franco - Zero Magazine","og_description":"Las mujeres est\u00e1n empoderandose cada vez m\u00e1s en la industria musical, y Vanessa Franco es ejemplo de ello, la Queretana llega a nuestra portada con toda su buena vibra y letras positivas. \u00bfC\u00f3mo es que inici\u00f3 tu camino dentro de la m\u00fasica?\u00a0 Empec\u00e9 con clases de canto a los 5 a\u00f1os. Era una ni\u00f1a s\u00faper [&hellip;]","og_url":"https:\/\/zeromagazine.mx\/index.php\/2023\/12\/19\/vanessa-franco\/","og_site_name":"Zero Magazine","article_published_time":"2023-12-19T19:48:27+00:00","og_image":[{"width":1978,"height":2560,"url":"https:\/\/i0.wp.com\/zeromagazine.mx\/wp-content\/uploads\/2023\/12\/IMG_0116-scaled.jpeg?fit=1978%2C2560&ssl=1","type":"image\/jpeg"}],"author":"David Morales","twitter_card":"summary_large_image","twitter_misc":{"Escrito por":"David Morales","Tiempo de lectura":"5 minutos"},"schema":{"@context":"https:\/\/schema.org","@graph":[{"@type":"Article","@id":"https:\/\/zeromagazine.mx\/index.php\/2023\/12\/19\/vanessa-franco\/#article","isPartOf":{"@id":"https:\/\/zeromagazine.mx\/index.php\/2023\/12\/19\/vanessa-franco\/"},"author":{"name":"David Morales","@id":"https:\/\/zeromagazine.mx\/#\/schema\/person\/9f7f1a17c60ba8e9980e3e6677aabe5a"},"headline":"Vanessa Franco","datePublished":"2023-12-19T19:48:27+00:00","mainEntityOfPage":{"@id":"https:\/\/zeromagazine.mx\/index.php\/2023\/12\/19\/vanessa-franco\/"},"wordCount":1034,"commentCount":0,"publisher":{"@id":"https:\/\/zeromagazine.mx\/#organization"},"image":{"@id":"https:\/\/zeromagazine.mx\/index.php\/2023\/12\/19\/vanessa-franco\/#primaryimage"},"thumbnailUrl":"https:\/\/i0.wp.com\/zeromagazine.mx\/wp-content\/uploads\/2023\/12\/IMG_0116-scaled.jpeg?fit=1978%2C2560&ssl=1","keywords":["Destacada"],"articleSection":["Portada"],"inLanguage":"es","potentialAction":[{"@type":"CommentAction","name":"Comment","target":["https:\/\/zeromagazine.mx\/index.php\/2023\/12\/19\/vanessa-franco\/#respond"]}]},{"@type":"WebPage","@id":"https:\/\/zeromagazine.mx\/index.php\/2023\/12\/19\/vanessa-franco\/","url":"https:\/\/zeromagazine.mx\/index.php\/2023\/12\/19\/vanessa-franco\/","name":"Vanessa Franco - Zero Magazine","isPartOf":{"@id":"https:\/\/zeromagazine.mx\/#website"},"primaryImageOfPage":{"@id":"https:\/\/zeromagazine.mx\/index.php\/2023\/12\/19\/vanessa-franco\/#primaryimage"},"image":{"@id":"https:\/\/zeromagazine.mx\/index.php\/2023\/12\/19\/vanessa-franco\/#primaryimage"},"thumbnailUrl":"https:\/\/i0.wp.com\/zeromagazine.mx\/wp-content\/uploads\/2023\/12\/IMG_0116-scaled.jpeg?fit=1978%2C2560&ssl=1","datePublished":"2023-12-19T19:48:27+00:00","breadcrumb":{"@id":"https:\/\/zeromagazine.mx\/index.php\/2023\/12\/19\/vanessa-franco\/#breadcrumb"},"inLanguage":"es","potentialAction":[{"@type":"ReadAction","target":["https:\/\/zeromagazine.mx\/index.php\/2023\/12\/19\/vanessa-franco\/"]}]},{"@type":"ImageObject","inLanguage":"es","@id":"https:\/\/zeromagazine.mx\/index.php\/2023\/12\/19\/vanessa-franco\/#primaryimage","url":"https:\/\/i0.wp.com\/zeromagazine.mx\/wp-content\/uploads\/2023\/12\/IMG_0116-scaled.jpeg?fit=1978%2C2560&ssl=1","contentUrl":"https:\/\/i0.wp.com\/zeromagazine.mx\/wp-content\/uploads\/2023\/12\/IMG_0116-scaled.jpeg?fit=1978%2C2560&ssl=1","width":1978,"height":2560},{"@type":"BreadcrumbList","@id":"https:\/\/zeromagazine.mx\/index.php\/2023\/12\/19\/vanessa-franco\/#breadcrumb","itemListElement":[{"@type":"ListItem","position":1,"name":"Portada","item":"https:\/\/zeromagazine.mx\/"},{"@type":"ListItem","position":2,"name":"Vanessa Franco"}]},{"@type":"WebSite","@id":"https:\/\/zeromagazine.mx\/#website","url":"https:\/\/zeromagazine.mx\/","name":"Zero Magazine","description":"","publisher":{"@id":"https:\/\/zeromagazine.mx\/#organization"},"potentialAction":[{"@type":"SearchAction","target":{"@type":"EntryPoint","urlTemplate":"https:\/\/zeromagazine.mx\/?s={search_term_string}"},"query-input":{"@type":"PropertyValueSpecification","valueRequired":true,"valueName":"search_term_string"}}],"inLanguage":"es"},{"@type":"Organization","@id":"https:\/\/zeromagazine.mx\/#organization","name":"Zero Magazine","url":"https:\/\/zeromagazine.mx\/","logo":{"@type":"ImageObject","inLanguage":"es","@id":"https:\/\/zeromagazine.mx\/#\/schema\/logo\/image\/","url":"https:\/\/i0.wp.com\/zeromagazine.mx\/wp-content\/uploads\/2025\/11\/1.jpeg?fit=1000%2C1000&ssl=1","contentUrl":"https:\/\/i0.wp.com\/zeromagazine.mx\/wp-content\/uploads\/2025\/11\/1.jpeg?fit=1000%2C1000&ssl=1","width":1000,"height":1000,"caption":"Zero Magazine"},"image":{"@id":"https:\/\/zeromagazine.mx\/#\/schema\/logo\/image\/"},"sameAs":["https:\/\/instagram.com\/zeromagazinemx"]},{"@type":"Person","@id":"https:\/\/zeromagazine.mx\/#\/schema\/person\/9f7f1a17c60ba8e9980e3e6677aabe5a","name":"David Morales","image":{"@type":"ImageObject","inLanguage":"es","@id":"https:\/\/zeromagazine.mx\/wp-content\/litespeed\/avatar\/76069d2136bfc1c37dc34815bb67ca42.jpg?ver=1777571067","url":"https:\/\/zeromagazine.mx\/wp-content\/litespeed\/avatar\/76069d2136bfc1c37dc34815bb67ca42.jpg?ver=1777571067","contentUrl":"https:\/\/zeromagazine.mx\/wp-content\/litespeed\/avatar\/76069d2136bfc1c37dc34815bb67ca42.jpg?ver=1777571067","caption":"David Morales"},"url":"https:\/\/zeromagazine.mx\/index.php\/author\/david\/"}]}},"jetpack_publicize_connections":[],"jetpack_featured_media_url":"https:\/\/i0.wp.com\/zeromagazine.mx\/wp-content\/uploads\/2023\/12\/IMG_0116-scaled.jpeg?fit=1978%2C2560&ssl=1","jetpack-related-posts":[{"id":94948,"url":"https:\/\/zeromagazine.mx\/index.php\/2025\/01\/17\/vanessa-franco-siente-la-dopamina\/","url_meta":{"origin":69734,"position":0},"title":"Vanessa Franco: Siente la Dopamina","author":"zeromagazinemx","date":"17 de enero de 2025","format":false,"excerpt":"Vanessa Franco Vanessa Franco lo hace de nuevo con una rola que es puro sentimiento y vibras positivas. Su primer lanzamiento del 2025,\u00a0Dopamina, llega para recordarnos la magia de esas personas especiales que cruzan nuestro camino y nos ayudan a crecer. Con su voz tan \u00fanica como su esencia, Vanessa\u2026","rel":"","context":"En \u00abEntretenimiento\u00bb","block_context":{"text":"Entretenimiento","link":"https:\/\/zeromagazine.mx\/index.php\/category\/entretenimiento\/"},"img":{"alt_text":"","src":"https:\/\/i0.wp.com\/zeromagazine.mx\/wp-content\/uploads\/2025\/01\/03-VF-DO.png?resize=350%2C200&ssl=1","width":350,"height":200},"classes":[]},{"id":101103,"url":"https:\/\/zeromagazine.mx\/index.php\/2025\/04\/10\/vanessa-estrena-me-rindo\/","url_meta":{"origin":69734,"position":1},"title":"Vanessa Estrena \u00abMe Rindo\u00bb","author":"David Morales","date":"10 de abril de 2025","format":false,"excerpt":"Amix, a veces no hay nada m\u00e1s valiente que decir \u201cya no puedo m\u00e1s\u201d. Y justo de eso va \"Me Rindo\", el nuevo tema de Vanessa Franco, una balada intensa que explora ese momento emocional en el que decidir soltar tambi\u00e9n puede ser un acto de amor propio. Esta rola\u2026","rel":"","context":"En \u00abEntretenimiento\u00bb","block_context":{"text":"Entretenimiento","link":"https:\/\/zeromagazine.mx\/index.php\/category\/entretenimiento\/"},"img":{"alt_text":"","src":"https:\/\/i0.wp.com\/zeromagazine.mx\/wp-content\/uploads\/2025\/04\/Imagen-de-WhatsApp-2025-04-10-a-las-13.34.49_0aa722b3-scaled.jpg?fit=1200%2C1200&ssl=1&resize=350%2C200","width":350,"height":200,"srcset":"https:\/\/i0.wp.com\/zeromagazine.mx\/wp-content\/uploads\/2025\/04\/Imagen-de-WhatsApp-2025-04-10-a-las-13.34.49_0aa722b3-scaled.jpg?fit=1200%2C1200&ssl=1&resize=350%2C200 1x, https:\/\/i0.wp.com\/zeromagazine.mx\/wp-content\/uploads\/2025\/04\/Imagen-de-WhatsApp-2025-04-10-a-las-13.34.49_0aa722b3-scaled.jpg?fit=1200%2C1200&ssl=1&resize=525%2C300 1.5x, https:\/\/i0.wp.com\/zeromagazine.mx\/wp-content\/uploads\/2025\/04\/Imagen-de-WhatsApp-2025-04-10-a-las-13.34.49_0aa722b3-scaled.jpg?fit=1200%2C1200&ssl=1&resize=700%2C400 2x, https:\/\/i0.wp.com\/zeromagazine.mx\/wp-content\/uploads\/2025\/04\/Imagen-de-WhatsApp-2025-04-10-a-las-13.34.49_0aa722b3-scaled.jpg?fit=1200%2C1200&ssl=1&resize=1050%2C600 3x"},"classes":[]},{"id":78551,"url":"https:\/\/zeromagazine.mx\/index.php\/2024\/06\/18\/lujo-tech-vanessa-drummond-x-huawei\/","url_meta":{"origin":69734,"position":2},"title":"Lujo Tech: Vanessa Drummond X Huawei","author":"zeromagazinemx","date":"18 de junio de 2024","format":false,"excerpt":"Huawei anunci\u00f3 otra colaboraci\u00f3n \u00e9pica con Vanessa, esa dise\u00f1adora de joyer\u00eda que ha trabajado con marcas top como BVLGARI y TANE. Esta vez, se han inspirado en el nuevo HUAWEI Pura 70, fusionando la tecnolog\u00eda de vanguardia con la elegancia de la plata y los cristales hechos a mano que\u2026","rel":"","context":"En \u00abBlog\u00bb","block_context":{"text":"Blog","link":"https:\/\/zeromagazine.mx\/index.php\/category\/blog\/"},"img":{"alt_text":"","src":"https:\/\/i0.wp.com\/zeromagazine.mx\/wp-content\/uploads\/2024\/06\/image002-6.jpg?fit=659%2C880&ssl=1&resize=350%2C200","width":350,"height":200,"srcset":"https:\/\/i0.wp.com\/zeromagazine.mx\/wp-content\/uploads\/2024\/06\/image002-6.jpg?fit=659%2C880&ssl=1&resize=350%2C200 1x, https:\/\/i0.wp.com\/zeromagazine.mx\/wp-content\/uploads\/2024\/06\/image002-6.jpg?fit=659%2C880&ssl=1&resize=525%2C300 1.5x"},"classes":[]},{"id":72067,"url":"https:\/\/zeromagazine.mx\/index.php\/2024\/03\/15\/casona-sforza-desvela-la-boveda-su-renovado-concepto-culinario\/","url_meta":{"origin":69734,"position":3},"title":"Casona Sforza desvela \u00abLa B\u00f3veda\u00bb, su renovado concepto culinario","author":"zeromagazinemx","date":"15 de marzo de 2024","format":false,"excerpt":"\"La B\u00f3veda\", la \u00faltima apuesta culinaria de Casona Sforza, ubicada en Puerto Escondido, Oaxaca. Este lugar est\u00e1 rompiendo esquemas al combinar la frescura de los ingredientes locales con una cocina franca y sustentable. D\u00e9jenme contarles que esta propuesta est\u00e1 liderada por los chefs Andr\u00e9s Trujillo y Vanessa Franco, quienes tienen\u2026","rel":"","context":"En \u00abFoodie\u00bb","block_context":{"text":"Foodie","link":"https:\/\/zeromagazine.mx\/index.php\/category\/lifestyle\/foodie\/"},"img":{"alt_text":"","src":"https:\/\/i0.wp.com\/zeromagazine.mx\/wp-content\/uploads\/2024\/03\/Captura-de-pantalla-524.png?fit=878%2C460&ssl=1&resize=350%2C200","width":350,"height":200,"srcset":"https:\/\/i0.wp.com\/zeromagazine.mx\/wp-content\/uploads\/2024\/03\/Captura-de-pantalla-524.png?fit=878%2C460&ssl=1&resize=350%2C200 1x, https:\/\/i0.wp.com\/zeromagazine.mx\/wp-content\/uploads\/2024\/03\/Captura-de-pantalla-524.png?fit=878%2C460&ssl=1&resize=525%2C300 1.5x, https:\/\/i0.wp.com\/zeromagazine.mx\/wp-content\/uploads\/2024\/03\/Captura-de-pantalla-524.png?fit=878%2C460&ssl=1&resize=700%2C400 2x"},"classes":[]},{"id":78999,"url":"https:\/\/zeromagazine.mx\/index.php\/2024\/06\/20\/vanessa-nieves-desapariciones-una-mirada-y-el-arte-de-hacer-visible-lo-invisible\/","url_meta":{"origin":69734,"position":4},"title":"Vanessa Nieves: \u00abDesapariciones Una Mirada\u00bb y el Arte de Hacer Visible lo Invisible","author":"zeromagazinemx","date":"20 de junio de 2024","format":false,"excerpt":"\u00bfAlguna vez te has puesto a pensar en c\u00f3mo el arte puede ser una herramienta poderosa para visibilizar problemas sociales? Pues la fot\u00f3grafa mexicana Vanessa Nieves lo ha hecho, y su exposici\u00f3n \u201cDesapariciones Una Mirada\u201d es un claro ejemplo de c\u00f3mo el arte puede ser una forma de resistencia y\u2026","rel":"","context":"En \u00abBlog\u00bb","block_context":{"text":"Blog","link":"https:\/\/zeromagazine.mx\/index.php\/category\/blog\/"},"img":{"alt_text":"","src":"https:\/\/i0.wp.com\/zeromagazine.mx\/wp-content\/uploads\/2024\/06\/Z0A2184-scaled.jpg?fit=1200%2C800&ssl=1&resize=350%2C200","width":350,"height":200,"srcset":"https:\/\/i0.wp.com\/zeromagazine.mx\/wp-content\/uploads\/2024\/06\/Z0A2184-scaled.jpg?fit=1200%2C800&ssl=1&resize=350%2C200 1x, https:\/\/i0.wp.com\/zeromagazine.mx\/wp-content\/uploads\/2024\/06\/Z0A2184-scaled.jpg?fit=1200%2C800&ssl=1&resize=525%2C300 1.5x, https:\/\/i0.wp.com\/zeromagazine.mx\/wp-content\/uploads\/2024\/06\/Z0A2184-scaled.jpg?fit=1200%2C800&ssl=1&resize=700%2C400 2x, https:\/\/i0.wp.com\/zeromagazine.mx\/wp-content\/uploads\/2024\/06\/Z0A2184-scaled.jpg?fit=1200%2C800&ssl=1&resize=1050%2C600 3x"},"classes":[]},{"id":52181,"url":"https:\/\/zeromagazine.mx\/index.php\/2021\/08\/16\/vanessa-bauche-celebra-30-anos-de-mostrar-su-dinamismo-en-la-actuacion-y-actualmente-en-labores-sociales\/","url_meta":{"origin":69734,"position":5},"title":"Vanessa Bauche celebra 30 a\u00f1os de mostrar su dinamismo en la actuaci\u00f3n y actualmente en labores sociales","author":"zeromagazinemx","date":"16 de agosto de 2021","format":false,"excerpt":"Ella es Vanessa Bauche, actriz, presentadora, productora, promotora cultural, activista social, escritora y cantante mexicana. Vanessa a lo largo de su carrera ha sido parte de excelentes largometrajes como Amores Perros, tambi\u00e9n telenovelas y series como Rosario Tijeras (primera temporada), Mujeres Asesinas, Luis Miguel: La Serie, Simplemente Mar\u00eda, La doble\u2026","rel":"","context":"En \u00abEntrevistas\u00bb","block_context":{"text":"Entrevistas","link":"https:\/\/zeromagazine.mx\/index.php\/category\/entretenimiento\/entrevistas\/"},"img":{"alt_text":"","src":"","width":0,"height":0},"classes":[]}],"jetpack_sharing_enabled":true,"builder_content":"","_links":{"self":[{"href":"https:\/\/zeromagazine.mx\/index.php\/wp-json\/wp\/v2\/posts\/69734","targetHints":{"allow":["GET"]}}],"collection":[{"href":"https:\/\/zeromagazine.mx\/index.php\/wp-json\/wp\/v2\/posts"}],"about":[{"href":"https:\/\/zeromagazine.mx\/index.php\/wp-json\/wp\/v2\/types\/post"}],"author":[{"embeddable":true,"href":"https:\/\/zeromagazine.mx\/index.php\/wp-json\/wp\/v2\/users\/4"}],"replies":[{"embeddable":true,"href":"https:\/\/zeromagazine.mx\/index.php\/wp-json\/wp\/v2\/comments?post=69734"}],"version-history":[{"count":11,"href":"https:\/\/zeromagazine.mx\/index.php\/wp-json\/wp\/v2\/posts\/69734\/revisions"}],"predecessor-version":[{"id":69748,"href":"https:\/\/zeromagazine.mx\/index.php\/wp-json\/wp\/v2\/posts\/69734\/revisions\/69748"}],"wp:featuredmedia":[{"embeddable":true,"href":"https:\/\/zeromagazine.mx\/index.php\/wp-json\/wp\/v2\/media\/69736"}],"wp:attachment":[{"href":"https:\/\/zeromagazine.mx\/index.php\/wp-json\/wp\/v2\/media?parent=69734"}],"wp:term":[{"taxonomy":"category","embeddable":true,"href":"https:\/\/zeromagazine.mx\/index.php\/wp-json\/wp\/v2\/categories?post=69734"},{"taxonomy":"post_tag","embeddable":true,"href":"https:\/\/zeromagazine.mx\/index.php\/wp-json\/wp\/v2\/tags?post=69734"}],"curies":[{"name":"wp","href":"https:\/\/api.w.org\/{rel}","templated":true}]}}