{"id":70032,"date":"2023-12-28T18:46:59","date_gmt":"2023-12-28T17:46:59","guid":{"rendered":"https:\/\/zeromagazine.mx\/?p=70032"},"modified":"2023-12-28T18:46:59","modified_gmt":"2023-12-28T17:46:59","slug":"trazando-belleza-el-poder-de-las-mascarillas-coreanas","status":"publish","type":"post","link":"https:\/\/zeromagazine.mx\/index.php\/2023\/12\/28\/trazando-belleza-el-poder-de-las-mascarillas-coreanas\/","title":{"rendered":"Trazando Belleza: El Poder de las Mascarillas Coreanas"},"content":{"rendered":"<!--themify_builder_content-->\n<div id=\"themify_builder_content-70032\" data-postid=\"70032\" class=\"themify_builder_content themify_builder_content-70032 themify_builder tf_clear\">\n    <\/div>\n<!--\/themify_builder_content-->\n\n\n<p>\u00bfListes para sumergirnos en el fascinante mundo del K-Beauty? Las mascarillas coreanas se han convertido en un must dentro de esta rutina de cuidado de la piel que ha conquistado corazones a nivel global. \u00a1Y no es para menos! Echemos un vistazo m\u00e1s de cerca a por qu\u00e9 estas mascarillas son tan esenciales en este ritual.<\/p>\n\n\n\n<p>Primero que nada, el K-Beauty es m\u00e1s que una moda: es un estilo de vida. Imagina una rutina de m\u00faltiples pasos donde cada producto y momento cuenta. Hablamos de limpieza, tonificaci\u00f3n, aplicaci\u00f3n de esencia, suero y, claro est\u00e1, \u00a1las mascarillas! Y aqu\u00ed viene lo interesante&#8230;<\/p>\n\n\n\n<p>En el vasto mundo de las mascarillas coreanas, la diversidad reina. En Corea del Sur, tienen una para cada necesidad de la piel. Desde materiales hasta ingredientes, \u00a1hay para elegir! Por ejemplo, las de Sk\u00efn Sense, elaboradas con un 95% de productos naturales y con un plus: \u00a1son biodegradables! Adem\u00e1s, con ingredientes como miel, pepino, carb\u00f3n activado, col\u00e1geno, burbujas, uva, t\u00e9 verde y c\u00edtricos, puedes personalizar tu tratamiento seg\u00fan lo que tu piel necesite.<\/p>\n\n\n<div class=\"wp-block-image\">\n<figure class=\"aligncenter size-large\"><img data-recalc-dims=\"1\" decoding=\"async\" width=\"768\" height=\"1024\" src=\"https:\/\/i0.wp.com\/zeromagazine.mx\/wp-content\/uploads\/2023\/12\/mascarilla-burbujas-768x1024.png?resize=768%2C1024&#038;ssl=1\" alt=\"\" class=\"wp-image-70033\" srcset=\"https:\/\/i0.wp.com\/zeromagazine.mx\/wp-content\/uploads\/2023\/12\/mascarilla-burbujas.png?resize=768%2C1024&amp;ssl=1 768w, https:\/\/i0.wp.com\/zeromagazine.mx\/wp-content\/uploads\/2023\/12\/mascarilla-burbujas.png?resize=225%2C300&amp;ssl=1 225w, https:\/\/i0.wp.com\/zeromagazine.mx\/wp-content\/uploads\/2023\/12\/mascarilla-burbujas.png?resize=1152%2C1536&amp;ssl=1 1152w, https:\/\/i0.wp.com\/zeromagazine.mx\/wp-content\/uploads\/2023\/12\/mascarilla-burbujas.png?resize=1536%2C2048&amp;ssl=1 1536w, https:\/\/i0.wp.com\/zeromagazine.mx\/wp-content\/uploads\/2023\/12\/mascarilla-burbujas.png?w=2330 2330w\" sizes=\"(max-width: 768px) 100vw, 768px\" \/><\/figure>\n<\/div>\n\n\n<script async src=\"https:\/\/pagead2.googlesyndication.com\/pagead\/js\/adsbygoogle.js?client=ca-pub-5499304793904745\"\n     crossorigin=\"anonymous\"><\/script>\n<!-- PRUEBA 4 -->\n<ins class=\"adsbygoogle\"\n     style=\"display:block\"\n     data-ad-client=\"ca-pub-5499304793904745\"\n     data-ad-slot=\"9786768449\"\n     data-ad-format=\"auto\"\n     data-full-width-responsive=\"true\"><\/ins>\n<script>\n     (adsbygoogle = window.adsbygoogle || []).push({});\n<\/script>\n\n\n\n<p>Y eso nos lleva a otro punto clave: la personalizaci\u00f3n. \u00bfSab\u00edas que el K-Beauty promueve la adaptabilidad? S\u00ed, s\u00ed, puedes ajustar tu rutina seg\u00fan lo que tu piel est\u00e9 pidiendo a gritos. Con las mascarillas, esto es un golazo. Puedes abordar problemas espec\u00edficos, \u00a1dos necesidades en una sola sesi\u00f3n!<\/p>\n\n\n\n<p>\u00bfY qu\u00e9 tal los beneficios? \u00a1Ah\u00ed radica la magia! Hidrataci\u00f3n, nutrici\u00f3n, mejoras en la textura&#8230; Las mascarillas coreanas se ganan su lugar como campeonas. Ya sea combatir la resequedad, el acn\u00e9 o incluso trabajar en la lucha contra el envejecimiento, estas mascarillas son m\u00e1s que un accesorio de belleza: \u00a1son tu mejor aliado!<\/p>\n\n\n\n<p>As\u00ed que, \u00bfte animas a unirte a la revoluci\u00f3n de las mascarillas coreanas? La demanda de productos K-Beauty va en aumento, y marcas como Sk\u00efn Sense est\u00e1n disponibles en varias tiendas. \u00a1Hazte con las tuyas en Aurrer\u00e1, Farmacias Benavides, Chedraui y muchas m\u00e1s! Tu piel te lo agradecer\u00e1.<\/p>\n\n\n\n<figure class=\"wp-block-image size-large\"><img data-recalc-dims=\"1\" decoding=\"async\" width=\"1024\" height=\"390\" src=\"https:\/\/i0.wp.com\/zeromagazine.mx\/wp-content\/uploads\/2023\/12\/unnamed-37-1024x390.jpg?resize=1024%2C390&#038;ssl=1\" alt=\"\" class=\"wp-image-70034\" srcset=\"https:\/\/i0.wp.com\/zeromagazine.mx\/wp-content\/uploads\/2023\/12\/unnamed-37-scaled.jpg?resize=1024%2C390&amp;ssl=1 1024w, https:\/\/i0.wp.com\/zeromagazine.mx\/wp-content\/uploads\/2023\/12\/unnamed-37-scaled.jpg?resize=300%2C114&amp;ssl=1 300w, https:\/\/i0.wp.com\/zeromagazine.mx\/wp-content\/uploads\/2023\/12\/unnamed-37-scaled.jpg?resize=768%2C292&amp;ssl=1 768w, https:\/\/i0.wp.com\/zeromagazine.mx\/wp-content\/uploads\/2023\/12\/unnamed-37-scaled.jpg?resize=1536%2C585&amp;ssl=1 1536w, https:\/\/i0.wp.com\/zeromagazine.mx\/wp-content\/uploads\/2023\/12\/unnamed-37-scaled.jpg?resize=2048%2C779&amp;ssl=1 2048w, https:\/\/i0.wp.com\/zeromagazine.mx\/wp-content\/uploads\/2023\/12\/unnamed-37-scaled.jpg?w=2330 2330w\" sizes=\"(max-width: 1024px) 100vw, 1024px\" \/><\/figure>\n\n\n\n<script async src=\"https:\/\/pagead2.googlesyndication.com\/pagead\/js\/adsbygoogle.js?client=ca-pub-5499304793904745\"\n     crossorigin=\"anonymous\"><\/script>\n<!-- PRUEBA 4 -->\n<ins class=\"adsbygoogle\"\n     style=\"display:block\"\n     data-ad-client=\"ca-pub-5499304793904745\"\n     data-ad-slot=\"9786768449\"\n     data-ad-format=\"auto\"\n     data-full-width-responsive=\"true\"><\/ins>\n<script>\n     (adsbygoogle = window.adsbygoogle || []).push({});\n<\/script>\n\n\n\n<ul class=\"wp-block-social-links aligncenter has-large-icon-size is-layout-flex wp-block-social-links-is-layout-flex\">\n\n\n\n<\/ul>","protected":false},"excerpt":{"rendered":"<p>\u00bfListes para sumergirnos en el fascinante mundo del K-Beauty? Las mascarillas coreanas se han convertido en un must dentro de esta rutina de cuidado de la piel que ha conquistado corazones a nivel global. \u00a1Y no es para menos! Echemos un vistazo m\u00e1s de cerca a por qu\u00e9 estas mascarillas son tan esenciales en este [&hellip;]<\/p>\n","protected":false},"author":4,"featured_media":70035,"comment_status":"open","ping_status":"open","sticky":false,"template":"","format":"standard","meta":{"_jetpack_memberships_contains_paid_content":false,"footnotes":"","jetpack_publicize_message":"","jetpack_publicize_feature_enabled":true,"jetpack_social_post_already_shared":false,"jetpack_social_options":{"image_generator_settings":{"template":"highway","default_image_id":0,"font":"","enabled":false},"version":2}},"categories":[45,63],"tags":[1598,5241,6669,88,6753],"class_list":["post-70032","post","type-post","status-publish","format-standard","has-post-thumbnail","hentry","category-bienestar","category-lifestyle","tag-cdmx","tag-corea","tag-news","tag-skincare","tag-skinsense","has-post-title","has-post-date","has-post-category","has-post-tag","has-post-comment","has-post-author",""],"yoast_head":"<!-- This site is optimized with the Yoast SEO plugin v27.4 - https:\/\/yoast.com\/product\/yoast-seo-wordpress\/ -->\n<title>Trazando Belleza: El Poder de las Mascarillas Coreanas - Zero Magazine<\/title>\n<meta name=\"robots\" content=\"index, follow, max-snippet:-1, max-image-preview:large, max-video-preview:-1\" \/>\n<link rel=\"canonical\" href=\"https:\/\/zeromagazine.mx\/index.php\/2023\/12\/28\/trazando-belleza-el-poder-de-las-mascarillas-coreanas\/\" \/>\n<meta property=\"og:locale\" content=\"es_ES\" \/>\n<meta property=\"og:type\" content=\"article\" \/>\n<meta property=\"og:title\" content=\"Trazando Belleza: El Poder de las Mascarillas Coreanas - Zero Magazine\" \/>\n<meta property=\"og:description\" content=\"\u00bfListes para sumergirnos en el fascinante mundo del K-Beauty? Las mascarillas coreanas se han convertido en un must dentro de esta rutina de cuidado de la piel que ha conquistado corazones a nivel global. \u00a1Y no es para menos! Echemos un vistazo m\u00e1s de cerca a por qu\u00e9 estas mascarillas son tan esenciales en este [&hellip;]\" \/>\n<meta property=\"og:url\" content=\"https:\/\/zeromagazine.mx\/index.php\/2023\/12\/28\/trazando-belleza-el-poder-de-las-mascarillas-coreanas\/\" \/>\n<meta property=\"og:site_name\" content=\"Zero Magazine\" \/>\n<meta property=\"article:published_time\" content=\"2023-12-28T17:46:59+00:00\" \/>\n<meta property=\"og:image\" content=\"https:\/\/i0.wp.com\/zeromagazine.mx\/wp-content\/uploads\/2023\/12\/mascarilla-uva-1.png?fit=850%2C1134&ssl=1\" \/>\n\t<meta property=\"og:image:width\" content=\"850\" \/>\n\t<meta property=\"og:image:height\" content=\"1134\" \/>\n\t<meta property=\"og:image:type\" content=\"image\/png\" \/>\n<meta name=\"author\" content=\"David Morales\" \/>\n<meta name=\"twitter:card\" content=\"summary_large_image\" \/>\n<meta name=\"twitter:label1\" content=\"Escrito por\" \/>\n\t<meta name=\"twitter:data1\" content=\"David Morales\" \/>\n\t<meta name=\"twitter:label2\" content=\"Tiempo de lectura\" \/>\n\t<meta name=\"twitter:data2\" content=\"2 minutos\" \/>\n<script type=\"application\/ld+json\" class=\"yoast-schema-graph\">{\"@context\":\"https:\\\/\\\/schema.org\",\"@graph\":[{\"@type\":\"Article\",\"@id\":\"https:\\\/\\\/zeromagazine.mx\\\/index.php\\\/2023\\\/12\\\/28\\\/trazando-belleza-el-poder-de-las-mascarillas-coreanas\\\/#article\",\"isPartOf\":{\"@id\":\"https:\\\/\\\/zeromagazine.mx\\\/index.php\\\/2023\\\/12\\\/28\\\/trazando-belleza-el-poder-de-las-mascarillas-coreanas\\\/\"},\"author\":{\"name\":\"David Morales\",\"@id\":\"https:\\\/\\\/zeromagazine.mx\\\/#\\\/schema\\\/person\\\/9f7f1a17c60ba8e9980e3e6677aabe5a\"},\"headline\":\"Trazando Belleza: El Poder de las Mascarillas Coreanas\",\"datePublished\":\"2023-12-28T17:46:59+00:00\",\"mainEntityOfPage\":{\"@id\":\"https:\\\/\\\/zeromagazine.mx\\\/index.php\\\/2023\\\/12\\\/28\\\/trazando-belleza-el-poder-de-las-mascarillas-coreanas\\\/\"},\"wordCount\":355,\"commentCount\":0,\"publisher\":{\"@id\":\"https:\\\/\\\/zeromagazine.mx\\\/#organization\"},\"image\":{\"@id\":\"https:\\\/\\\/zeromagazine.mx\\\/index.php\\\/2023\\\/12\\\/28\\\/trazando-belleza-el-poder-de-las-mascarillas-coreanas\\\/#primaryimage\"},\"thumbnailUrl\":\"https:\\\/\\\/i0.wp.com\\\/zeromagazine.mx\\\/wp-content\\\/uploads\\\/2023\\\/12\\\/mascarilla-uva-1.png?fit=850%2C1134&ssl=1\",\"keywords\":[\"CDMX\",\"Corea\",\"News\",\"skincare\",\"SkinSense\"],\"articleSection\":[\"Bienestar\",\"Lifestyle\"],\"inLanguage\":\"es\",\"potentialAction\":[{\"@type\":\"CommentAction\",\"name\":\"Comment\",\"target\":[\"https:\\\/\\\/zeromagazine.mx\\\/index.php\\\/2023\\\/12\\\/28\\\/trazando-belleza-el-poder-de-las-mascarillas-coreanas\\\/#respond\"]}]},{\"@type\":\"WebPage\",\"@id\":\"https:\\\/\\\/zeromagazine.mx\\\/index.php\\\/2023\\\/12\\\/28\\\/trazando-belleza-el-poder-de-las-mascarillas-coreanas\\\/\",\"url\":\"https:\\\/\\\/zeromagazine.mx\\\/index.php\\\/2023\\\/12\\\/28\\\/trazando-belleza-el-poder-de-las-mascarillas-coreanas\\\/\",\"name\":\"Trazando Belleza: El Poder de las Mascarillas Coreanas - Zero Magazine\",\"isPartOf\":{\"@id\":\"https:\\\/\\\/zeromagazine.mx\\\/#website\"},\"primaryImageOfPage\":{\"@id\":\"https:\\\/\\\/zeromagazine.mx\\\/index.php\\\/2023\\\/12\\\/28\\\/trazando-belleza-el-poder-de-las-mascarillas-coreanas\\\/#primaryimage\"},\"image\":{\"@id\":\"https:\\\/\\\/zeromagazine.mx\\\/index.php\\\/2023\\\/12\\\/28\\\/trazando-belleza-el-poder-de-las-mascarillas-coreanas\\\/#primaryimage\"},\"thumbnailUrl\":\"https:\\\/\\\/i0.wp.com\\\/zeromagazine.mx\\\/wp-content\\\/uploads\\\/2023\\\/12\\\/mascarilla-uva-1.png?fit=850%2C1134&ssl=1\",\"datePublished\":\"2023-12-28T17:46:59+00:00\",\"breadcrumb\":{\"@id\":\"https:\\\/\\\/zeromagazine.mx\\\/index.php\\\/2023\\\/12\\\/28\\\/trazando-belleza-el-poder-de-las-mascarillas-coreanas\\\/#breadcrumb\"},\"inLanguage\":\"es\",\"potentialAction\":[{\"@type\":\"ReadAction\",\"target\":[\"https:\\\/\\\/zeromagazine.mx\\\/index.php\\\/2023\\\/12\\\/28\\\/trazando-belleza-el-poder-de-las-mascarillas-coreanas\\\/\"]}]},{\"@type\":\"ImageObject\",\"inLanguage\":\"es\",\"@id\":\"https:\\\/\\\/zeromagazine.mx\\\/index.php\\\/2023\\\/12\\\/28\\\/trazando-belleza-el-poder-de-las-mascarillas-coreanas\\\/#primaryimage\",\"url\":\"https:\\\/\\\/i0.wp.com\\\/zeromagazine.mx\\\/wp-content\\\/uploads\\\/2023\\\/12\\\/mascarilla-uva-1.png?fit=850%2C1134&ssl=1\",\"contentUrl\":\"https:\\\/\\\/i0.wp.com\\\/zeromagazine.mx\\\/wp-content\\\/uploads\\\/2023\\\/12\\\/mascarilla-uva-1.png?fit=850%2C1134&ssl=1\",\"width\":850,\"height\":1134},{\"@type\":\"BreadcrumbList\",\"@id\":\"https:\\\/\\\/zeromagazine.mx\\\/index.php\\\/2023\\\/12\\\/28\\\/trazando-belleza-el-poder-de-las-mascarillas-coreanas\\\/#breadcrumb\",\"itemListElement\":[{\"@type\":\"ListItem\",\"position\":1,\"name\":\"Portada\",\"item\":\"https:\\\/\\\/zeromagazine.mx\\\/\"},{\"@type\":\"ListItem\",\"position\":2,\"name\":\"Trazando Belleza: El Poder de las Mascarillas Coreanas\"}]},{\"@type\":\"WebSite\",\"@id\":\"https:\\\/\\\/zeromagazine.mx\\\/#website\",\"url\":\"https:\\\/\\\/zeromagazine.mx\\\/\",\"name\":\"Zero Magazine\",\"description\":\"\",\"publisher\":{\"@id\":\"https:\\\/\\\/zeromagazine.mx\\\/#organization\"},\"potentialAction\":[{\"@type\":\"SearchAction\",\"target\":{\"@type\":\"EntryPoint\",\"urlTemplate\":\"https:\\\/\\\/zeromagazine.mx\\\/?s={search_term_string}\"},\"query-input\":{\"@type\":\"PropertyValueSpecification\",\"valueRequired\":true,\"valueName\":\"search_term_string\"}}],\"inLanguage\":\"es\"},{\"@type\":\"Organization\",\"@id\":\"https:\\\/\\\/zeromagazine.mx\\\/#organization\",\"name\":\"Zero Magazine\",\"url\":\"https:\\\/\\\/zeromagazine.mx\\\/\",\"logo\":{\"@type\":\"ImageObject\",\"inLanguage\":\"es\",\"@id\":\"https:\\\/\\\/zeromagazine.mx\\\/#\\\/schema\\\/logo\\\/image\\\/\",\"url\":\"https:\\\/\\\/i0.wp.com\\\/zeromagazine.mx\\\/wp-content\\\/uploads\\\/2025\\\/11\\\/1.jpeg?fit=1000%2C1000&ssl=1\",\"contentUrl\":\"https:\\\/\\\/i0.wp.com\\\/zeromagazine.mx\\\/wp-content\\\/uploads\\\/2025\\\/11\\\/1.jpeg?fit=1000%2C1000&ssl=1\",\"width\":1000,\"height\":1000,\"caption\":\"Zero Magazine\"},\"image\":{\"@id\":\"https:\\\/\\\/zeromagazine.mx\\\/#\\\/schema\\\/logo\\\/image\\\/\"},\"sameAs\":[\"https:\\\/\\\/instagram.com\\\/zeromagazinemx\"]},{\"@type\":\"Person\",\"@id\":\"https:\\\/\\\/zeromagazine.mx\\\/#\\\/schema\\\/person\\\/9f7f1a17c60ba8e9980e3e6677aabe5a\",\"name\":\"David Morales\",\"image\":{\"@type\":\"ImageObject\",\"inLanguage\":\"es\",\"@id\":\"https:\\\/\\\/zeromagazine.mx\\\/wp-content\\\/litespeed\\\/avatar\\\/76069d2136bfc1c37dc34815bb67ca42.jpg?ver=1776966186\",\"url\":\"https:\\\/\\\/zeromagazine.mx\\\/wp-content\\\/litespeed\\\/avatar\\\/76069d2136bfc1c37dc34815bb67ca42.jpg?ver=1776966186\",\"contentUrl\":\"https:\\\/\\\/zeromagazine.mx\\\/wp-content\\\/litespeed\\\/avatar\\\/76069d2136bfc1c37dc34815bb67ca42.jpg?ver=1776966186\",\"caption\":\"David Morales\"},\"url\":\"https:\\\/\\\/zeromagazine.mx\\\/index.php\\\/author\\\/david\\\/\"}]}<\/script>\n<!-- \/ Yoast SEO plugin. -->","yoast_head_json":{"title":"Trazando Belleza: El Poder de las Mascarillas Coreanas - Zero Magazine","robots":{"index":"index","follow":"follow","max-snippet":"max-snippet:-1","max-image-preview":"max-image-preview:large","max-video-preview":"max-video-preview:-1"},"canonical":"https:\/\/zeromagazine.mx\/index.php\/2023\/12\/28\/trazando-belleza-el-poder-de-las-mascarillas-coreanas\/","og_locale":"es_ES","og_type":"article","og_title":"Trazando Belleza: El Poder de las Mascarillas Coreanas - Zero Magazine","og_description":"\u00bfListes para sumergirnos en el fascinante mundo del K-Beauty? Las mascarillas coreanas se han convertido en un must dentro de esta rutina de cuidado de la piel que ha conquistado corazones a nivel global. \u00a1Y no es para menos! Echemos un vistazo m\u00e1s de cerca a por qu\u00e9 estas mascarillas son tan esenciales en este [&hellip;]","og_url":"https:\/\/zeromagazine.mx\/index.php\/2023\/12\/28\/trazando-belleza-el-poder-de-las-mascarillas-coreanas\/","og_site_name":"Zero Magazine","article_published_time":"2023-12-28T17:46:59+00:00","og_image":[{"width":850,"height":1134,"url":"https:\/\/i0.wp.com\/zeromagazine.mx\/wp-content\/uploads\/2023\/12\/mascarilla-uva-1.png?fit=850%2C1134&ssl=1","type":"image\/png"}],"author":"David Morales","twitter_card":"summary_large_image","twitter_misc":{"Escrito por":"David Morales","Tiempo de lectura":"2 minutos"},"schema":{"@context":"https:\/\/schema.org","@graph":[{"@type":"Article","@id":"https:\/\/zeromagazine.mx\/index.php\/2023\/12\/28\/trazando-belleza-el-poder-de-las-mascarillas-coreanas\/#article","isPartOf":{"@id":"https:\/\/zeromagazine.mx\/index.php\/2023\/12\/28\/trazando-belleza-el-poder-de-las-mascarillas-coreanas\/"},"author":{"name":"David Morales","@id":"https:\/\/zeromagazine.mx\/#\/schema\/person\/9f7f1a17c60ba8e9980e3e6677aabe5a"},"headline":"Trazando Belleza: El Poder de las Mascarillas Coreanas","datePublished":"2023-12-28T17:46:59+00:00","mainEntityOfPage":{"@id":"https:\/\/zeromagazine.mx\/index.php\/2023\/12\/28\/trazando-belleza-el-poder-de-las-mascarillas-coreanas\/"},"wordCount":355,"commentCount":0,"publisher":{"@id":"https:\/\/zeromagazine.mx\/#organization"},"image":{"@id":"https:\/\/zeromagazine.mx\/index.php\/2023\/12\/28\/trazando-belleza-el-poder-de-las-mascarillas-coreanas\/#primaryimage"},"thumbnailUrl":"https:\/\/i0.wp.com\/zeromagazine.mx\/wp-content\/uploads\/2023\/12\/mascarilla-uva-1.png?fit=850%2C1134&ssl=1","keywords":["CDMX","Corea","News","skincare","SkinSense"],"articleSection":["Bienestar","Lifestyle"],"inLanguage":"es","potentialAction":[{"@type":"CommentAction","name":"Comment","target":["https:\/\/zeromagazine.mx\/index.php\/2023\/12\/28\/trazando-belleza-el-poder-de-las-mascarillas-coreanas\/#respond"]}]},{"@type":"WebPage","@id":"https:\/\/zeromagazine.mx\/index.php\/2023\/12\/28\/trazando-belleza-el-poder-de-las-mascarillas-coreanas\/","url":"https:\/\/zeromagazine.mx\/index.php\/2023\/12\/28\/trazando-belleza-el-poder-de-las-mascarillas-coreanas\/","name":"Trazando Belleza: El Poder de las Mascarillas Coreanas - Zero Magazine","isPartOf":{"@id":"https:\/\/zeromagazine.mx\/#website"},"primaryImageOfPage":{"@id":"https:\/\/zeromagazine.mx\/index.php\/2023\/12\/28\/trazando-belleza-el-poder-de-las-mascarillas-coreanas\/#primaryimage"},"image":{"@id":"https:\/\/zeromagazine.mx\/index.php\/2023\/12\/28\/trazando-belleza-el-poder-de-las-mascarillas-coreanas\/#primaryimage"},"thumbnailUrl":"https:\/\/i0.wp.com\/zeromagazine.mx\/wp-content\/uploads\/2023\/12\/mascarilla-uva-1.png?fit=850%2C1134&ssl=1","datePublished":"2023-12-28T17:46:59+00:00","breadcrumb":{"@id":"https:\/\/zeromagazine.mx\/index.php\/2023\/12\/28\/trazando-belleza-el-poder-de-las-mascarillas-coreanas\/#breadcrumb"},"inLanguage":"es","potentialAction":[{"@type":"ReadAction","target":["https:\/\/zeromagazine.mx\/index.php\/2023\/12\/28\/trazando-belleza-el-poder-de-las-mascarillas-coreanas\/"]}]},{"@type":"ImageObject","inLanguage":"es","@id":"https:\/\/zeromagazine.mx\/index.php\/2023\/12\/28\/trazando-belleza-el-poder-de-las-mascarillas-coreanas\/#primaryimage","url":"https:\/\/i0.wp.com\/zeromagazine.mx\/wp-content\/uploads\/2023\/12\/mascarilla-uva-1.png?fit=850%2C1134&ssl=1","contentUrl":"https:\/\/i0.wp.com\/zeromagazine.mx\/wp-content\/uploads\/2023\/12\/mascarilla-uva-1.png?fit=850%2C1134&ssl=1","width":850,"height":1134},{"@type":"BreadcrumbList","@id":"https:\/\/zeromagazine.mx\/index.php\/2023\/12\/28\/trazando-belleza-el-poder-de-las-mascarillas-coreanas\/#breadcrumb","itemListElement":[{"@type":"ListItem","position":1,"name":"Portada","item":"https:\/\/zeromagazine.mx\/"},{"@type":"ListItem","position":2,"name":"Trazando Belleza: El Poder de las Mascarillas Coreanas"}]},{"@type":"WebSite","@id":"https:\/\/zeromagazine.mx\/#website","url":"https:\/\/zeromagazine.mx\/","name":"Zero Magazine","description":"","publisher":{"@id":"https:\/\/zeromagazine.mx\/#organization"},"potentialAction":[{"@type":"SearchAction","target":{"@type":"EntryPoint","urlTemplate":"https:\/\/zeromagazine.mx\/?s={search_term_string}"},"query-input":{"@type":"PropertyValueSpecification","valueRequired":true,"valueName":"search_term_string"}}],"inLanguage":"es"},{"@type":"Organization","@id":"https:\/\/zeromagazine.mx\/#organization","name":"Zero Magazine","url":"https:\/\/zeromagazine.mx\/","logo":{"@type":"ImageObject","inLanguage":"es","@id":"https:\/\/zeromagazine.mx\/#\/schema\/logo\/image\/","url":"https:\/\/i0.wp.com\/zeromagazine.mx\/wp-content\/uploads\/2025\/11\/1.jpeg?fit=1000%2C1000&ssl=1","contentUrl":"https:\/\/i0.wp.com\/zeromagazine.mx\/wp-content\/uploads\/2025\/11\/1.jpeg?fit=1000%2C1000&ssl=1","width":1000,"height":1000,"caption":"Zero Magazine"},"image":{"@id":"https:\/\/zeromagazine.mx\/#\/schema\/logo\/image\/"},"sameAs":["https:\/\/instagram.com\/zeromagazinemx"]},{"@type":"Person","@id":"https:\/\/zeromagazine.mx\/#\/schema\/person\/9f7f1a17c60ba8e9980e3e6677aabe5a","name":"David Morales","image":{"@type":"ImageObject","inLanguage":"es","@id":"https:\/\/zeromagazine.mx\/wp-content\/litespeed\/avatar\/76069d2136bfc1c37dc34815bb67ca42.jpg?ver=1776966186","url":"https:\/\/zeromagazine.mx\/wp-content\/litespeed\/avatar\/76069d2136bfc1c37dc34815bb67ca42.jpg?ver=1776966186","contentUrl":"https:\/\/zeromagazine.mx\/wp-content\/litespeed\/avatar\/76069d2136bfc1c37dc34815bb67ca42.jpg?ver=1776966186","caption":"David Morales"},"url":"https:\/\/zeromagazine.mx\/index.php\/author\/david\/"}]}},"jetpack_publicize_connections":[],"jetpack_featured_media_url":"https:\/\/i0.wp.com\/zeromagazine.mx\/wp-content\/uploads\/2023\/12\/mascarilla-uva-1.png?fit=850%2C1134&ssl=1","jetpack-related-posts":[{"id":77290,"url":"https:\/\/zeromagazine.mx\/index.php\/2024\/06\/05\/la-revolucion-del-cuidado-masculino-descubre-el-k-beauty-el-nuevo-game-changer\/","url_meta":{"origin":70032,"position":0},"title":"La Revoluci\u00f3n del Cuidado Masculino: Descubre el K-Beauty, \u00a1El Nuevo Game Changer!","author":"David Morales","date":"5 de junio de 2024","format":false,"excerpt":"Hoy quiero hablarles sobre una tendencia que est\u00e1 revolucionando el mundo del cuidado de la piel, \u00a1y no, no es solo para chicas! Estoy hablando de la tecnolog\u00eda K-Beauty, que est\u00e1 rompiendo estigmas y haciendo que el cuidado de la piel sea m\u00e1s inclusivo y sin g\u00e9nero. Primero que nada,\u2026","rel":"","context":"En \u00abBienestar\u00bb","block_context":{"text":"Bienestar","link":"https:\/\/zeromagazine.mx\/index.php\/category\/lifestyle\/bienestar\/"},"img":{"alt_text":"","src":"https:\/\/i0.wp.com\/zeromagazine.mx\/wp-content\/uploads\/2024\/06\/unnamed-11-scaled.jpg?fit=1200%2C457&ssl=1&resize=350%2C200","width":350,"height":200,"srcset":"https:\/\/i0.wp.com\/zeromagazine.mx\/wp-content\/uploads\/2024\/06\/unnamed-11-scaled.jpg?fit=1200%2C457&ssl=1&resize=350%2C200 1x, https:\/\/i0.wp.com\/zeromagazine.mx\/wp-content\/uploads\/2024\/06\/unnamed-11-scaled.jpg?fit=1200%2C457&ssl=1&resize=525%2C300 1.5x, https:\/\/i0.wp.com\/zeromagazine.mx\/wp-content\/uploads\/2024\/06\/unnamed-11-scaled.jpg?fit=1200%2C457&ssl=1&resize=700%2C400 2x, https:\/\/i0.wp.com\/zeromagazine.mx\/wp-content\/uploads\/2024\/06\/unnamed-11-scaled.jpg?fit=1200%2C457&ssl=1&resize=1050%2C600 3x"},"classes":[]},{"id":84884,"url":"https:\/\/zeromagazine.mx\/index.php\/2024\/09\/30\/glow-up-secretos-coreanos-revelados\/","url_meta":{"origin":70032,"position":1},"title":"\u00abGlow Up: Secretos Coreanos Revelados\u00bb","author":"zeromagazinemx","date":"30 de septiembre de 2024","format":false,"excerpt":"\u00bfTe has preguntado alguna vez por qu\u00e9 la piel de las chicas coreanas parece sacada de un sue\u00f1o? No es pura suerte ni un toque de magia; es todo un ritual de belleza que ha estado presente por siglos. Si est\u00e1s lista para un glow up que realmente impresione, aqu\u00ed\u2026","rel":"","context":"En \u00abBeauty\u00bb","block_context":{"text":"Beauty","link":"https:\/\/zeromagazine.mx\/index.php\/category\/beauty\/"},"img":{"alt_text":"","src":"https:\/\/i0.wp.com\/zeromagazine.mx\/wp-content\/uploads\/2024\/09\/tonicos-rosas.png?fit=914%2C1200&ssl=1&resize=350%2C200","width":350,"height":200,"srcset":"https:\/\/i0.wp.com\/zeromagazine.mx\/wp-content\/uploads\/2024\/09\/tonicos-rosas.png?fit=914%2C1200&ssl=1&resize=350%2C200 1x, https:\/\/i0.wp.com\/zeromagazine.mx\/wp-content\/uploads\/2024\/09\/tonicos-rosas.png?fit=914%2C1200&ssl=1&resize=525%2C300 1.5x, https:\/\/i0.wp.com\/zeromagazine.mx\/wp-content\/uploads\/2024\/09\/tonicos-rosas.png?fit=914%2C1200&ssl=1&resize=700%2C400 2x"},"classes":[]},{"id":51385,"url":"https:\/\/zeromagazine.mx\/index.php\/2021\/08\/03\/la-oleada-coreana-llega-a-mexico-con-skin-sense\/","url_meta":{"origin":70032,"position":2},"title":"La oleada coreana llega a M\u00e9xico con Sk\u00efn Sense","author":"zeromagazinemx","date":"3 de agosto de 2021","format":false,"excerpt":"El impacto de la cultura coreana en M\u00e9xico cada vez es mayor, sobre todo en la industria de la belleza, es por ello que Sk\u00efn Sense llega a M\u00e9xico con las famosas \u201csheet mask\u201d. Por Mayra Torres Sk\u00efn Sense llega a M\u00e9xico con opciones de mascarillas para cada tipo de\u2026","rel":"","context":"En \u00abLifestyle\u00bb","block_context":{"text":"Lifestyle","link":"https:\/\/zeromagazine.mx\/index.php\/category\/lifestyle\/"},"img":{"alt_text":"","src":"","width":0,"height":0},"classes":[]},{"id":83115,"url":"https:\/\/zeromagazine.mx\/index.php\/2024\/09\/04\/glow-up-con-skincare-coreano\/","url_meta":{"origin":70032,"position":3},"title":"\u00abGlow Up con Skincare Coreano\u00bb","author":"zeromagazinemx","date":"4 de septiembre de 2024","format":false,"excerpt":"Holaaa chicxs, we need to talk about something super important \"our skin\". No s\u00e9 t\u00fa, pero \u00faltimamente me he dado cuenta de que cuidar mi piel es una de las cosas m\u00e1s importantes que puedo hacer. Y no solo porque quiero verme on point en los selfies, pero tambi\u00e9n porque\u2026","rel":"","context":"En \u00abBeauty\u00bb","block_context":{"text":"Beauty","link":"https:\/\/zeromagazine.mx\/index.php\/category\/beauty\/"},"img":{"alt_text":"","src":"https:\/\/i0.wp.com\/zeromagazine.mx\/wp-content\/uploads\/2024\/09\/mascarilla-pepino-2.png?fit=900%2C1200&ssl=1&resize=350%2C200","width":350,"height":200,"srcset":"https:\/\/i0.wp.com\/zeromagazine.mx\/wp-content\/uploads\/2024\/09\/mascarilla-pepino-2.png?fit=900%2C1200&ssl=1&resize=350%2C200 1x, https:\/\/i0.wp.com\/zeromagazine.mx\/wp-content\/uploads\/2024\/09\/mascarilla-pepino-2.png?fit=900%2C1200&ssl=1&resize=525%2C300 1.5x, https:\/\/i0.wp.com\/zeromagazine.mx\/wp-content\/uploads\/2024\/09\/mascarilla-pepino-2.png?fit=900%2C1200&ssl=1&resize=700%2C400 2x"},"classes":[]},{"id":111224,"url":"https:\/\/zeromagazine.mx\/index.php\/2025\/11\/22\/detox-facial-coreano-ritual-kbeauty\/","url_meta":{"origin":70032,"position":4},"title":"Detox facial coreano: glow inmediato","author":"Luis Trujano","date":"22 de noviembre de 2025","format":false,"excerpt":"El skincare est\u00e1 viviendo un momento peak, pero nada ha causado m\u00e1s obsesi\u00f3n \u00faltimamente que el detox facial coreano, un ritual que mezcla tradici\u00f3n herbal, tecnolog\u00eda moderna y vibes de autocuidado que se sienten como un mini spa en casa. Este enfoque no solo limpia: transforma la piel desde el\u2026","rel":"","context":"En \u00abBeauty\u00bb","block_context":{"text":"Beauty","link":"https:\/\/zeromagazine.mx\/index.php\/category\/beauty\/"},"img":{"alt_text":"","src":"https:\/\/i0.wp.com\/zeromagazine.mx\/wp-content\/uploads\/2025\/11\/Skin-Sense-mascarilla-uva.png?fit=850%2C1134&ssl=1&resize=350%2C200","width":350,"height":200,"srcset":"https:\/\/i0.wp.com\/zeromagazine.mx\/wp-content\/uploads\/2025\/11\/Skin-Sense-mascarilla-uva.png?fit=850%2C1134&ssl=1&resize=350%2C200 1x, https:\/\/i0.wp.com\/zeromagazine.mx\/wp-content\/uploads\/2025\/11\/Skin-Sense-mascarilla-uva.png?fit=850%2C1134&ssl=1&resize=525%2C300 1.5x, https:\/\/i0.wp.com\/zeromagazine.mx\/wp-content\/uploads\/2025\/11\/Skin-Sense-mascarilla-uva.png?fit=850%2C1134&ssl=1&resize=700%2C400 2x"},"classes":[]},{"id":90870,"url":"https:\/\/zeromagazine.mx\/index.php\/2024\/11\/15\/mascarillas-para-un-glow-real\/","url_meta":{"origin":70032,"position":5},"title":"Mascarillas para un Glow Real","author":"zeromagazinemx","date":"15 de noviembre de 2024","format":false,"excerpt":"Chicxs \u00bfAlguna vez has sentido que todo el estr\u00e9s del d\u00eda se refleja en tu piel? Despu\u00e9s de tantas horas frente a la computadora, lidiando con mil cosas al mismo tiempo, las pantallas y el constante ajetreo, nuestra piel empieza a pedir auxilio. De repente, se ve toda apagada, seca,\u2026","rel":"","context":"En \u00abBeauty\u00bb","block_context":{"text":"Beauty","link":"https:\/\/zeromagazine.mx\/index.php\/category\/beauty\/"},"img":{"alt_text":"","src":"https:\/\/i0.wp.com\/zeromagazine.mx\/wp-content\/uploads\/2024\/11\/mascarilla-miel.png?fit=900%2C1200&ssl=1&resize=350%2C200","width":350,"height":200,"srcset":"https:\/\/i0.wp.com\/zeromagazine.mx\/wp-content\/uploads\/2024\/11\/mascarilla-miel.png?fit=900%2C1200&ssl=1&resize=350%2C200 1x, https:\/\/i0.wp.com\/zeromagazine.mx\/wp-content\/uploads\/2024\/11\/mascarilla-miel.png?fit=900%2C1200&ssl=1&resize=525%2C300 1.5x, https:\/\/i0.wp.com\/zeromagazine.mx\/wp-content\/uploads\/2024\/11\/mascarilla-miel.png?fit=900%2C1200&ssl=1&resize=700%2C400 2x"},"classes":[]}],"jetpack_sharing_enabled":true,"builder_content":"","_links":{"self":[{"href":"https:\/\/zeromagazine.mx\/index.php\/wp-json\/wp\/v2\/posts\/70032","targetHints":{"allow":["GET"]}}],"collection":[{"href":"https:\/\/zeromagazine.mx\/index.php\/wp-json\/wp\/v2\/posts"}],"about":[{"href":"https:\/\/zeromagazine.mx\/index.php\/wp-json\/wp\/v2\/types\/post"}],"author":[{"embeddable":true,"href":"https:\/\/zeromagazine.mx\/index.php\/wp-json\/wp\/v2\/users\/4"}],"replies":[{"embeddable":true,"href":"https:\/\/zeromagazine.mx\/index.php\/wp-json\/wp\/v2\/comments?post=70032"}],"version-history":[{"count":2,"href":"https:\/\/zeromagazine.mx\/index.php\/wp-json\/wp\/v2\/posts\/70032\/revisions"}],"predecessor-version":[{"id":70037,"href":"https:\/\/zeromagazine.mx\/index.php\/wp-json\/wp\/v2\/posts\/70032\/revisions\/70037"}],"wp:featuredmedia":[{"embeddable":true,"href":"https:\/\/zeromagazine.mx\/index.php\/wp-json\/wp\/v2\/media\/70035"}],"wp:attachment":[{"href":"https:\/\/zeromagazine.mx\/index.php\/wp-json\/wp\/v2\/media?parent=70032"}],"wp:term":[{"taxonomy":"category","embeddable":true,"href":"https:\/\/zeromagazine.mx\/index.php\/wp-json\/wp\/v2\/categories?post=70032"},{"taxonomy":"post_tag","embeddable":true,"href":"https:\/\/zeromagazine.mx\/index.php\/wp-json\/wp\/v2\/tags?post=70032"}],"curies":[{"name":"wp","href":"https:\/\/api.w.org\/{rel}","templated":true}]}}