{"id":70058,"date":"2024-01-02T21:30:25","date_gmt":"2024-01-02T20:30:25","guid":{"rendered":"https:\/\/zeromagazine.mx\/?p=70058"},"modified":"2024-01-03T05:25:53","modified_gmt":"2024-01-03T04:25:53","slug":"mario-domm","status":"publish","type":"post","link":"https:\/\/zeromagazine.mx\/index.php\/2024\/01\/02\/mario-domm\/","title":{"rendered":"Mario Domm"},"content":{"rendered":"<!--themify_builder_content-->\n<div id=\"themify_builder_content-70058\" data-postid=\"70058\" class=\"themify_builder_content themify_builder_content-70058 themify_builder tf_clear\">\n    <\/div>\n<!--\/themify_builder_content-->\n\n\n<figure class=\"wp-block-image size-large\"><img data-recalc-dims=\"1\" decoding=\"async\" width=\"791\" height=\"1024\" src=\"https:\/\/i0.wp.com\/zeromagazine.mx\/wp-content\/uploads\/2024\/01\/IMG_0182-791x1024.png?resize=791%2C1024&#038;ssl=1\" alt=\"\" class=\"wp-image-70061\" srcset=\"https:\/\/i0.wp.com\/zeromagazine.mx\/wp-content\/uploads\/2024\/01\/IMG_0182.png?resize=791%2C1024&amp;ssl=1 791w, https:\/\/i0.wp.com\/zeromagazine.mx\/wp-content\/uploads\/2024\/01\/IMG_0182.png?resize=232%2C300&amp;ssl=1 232w, https:\/\/i0.wp.com\/zeromagazine.mx\/wp-content\/uploads\/2024\/01\/IMG_0182.png?resize=768%2C994&amp;ssl=1 768w, https:\/\/i0.wp.com\/zeromagazine.mx\/wp-content\/uploads\/2024\/01\/IMG_0182.png?resize=1187%2C1536&amp;ssl=1 1187w, https:\/\/i0.wp.com\/zeromagazine.mx\/wp-content\/uploads\/2024\/01\/IMG_0182.png?resize=1583%2C2048&amp;ssl=1 1583w, https:\/\/i0.wp.com\/zeromagazine.mx\/wp-content\/uploads\/2024\/01\/IMG_0182.png?resize=560%2C724&amp;ssl=1 560w, https:\/\/i0.wp.com\/zeromagazine.mx\/wp-content\/uploads\/2024\/01\/IMG_0182.png?w=2330 2330w\" sizes=\"(max-width: 791px) 100vw, 791px\" \/><\/figure>\n\n\n\n<p>Por: \u00c1ngel Herrera<br>Fotos: Lendl Sol\u00eds<br>Locaci\u00f3n: Hotel Presidente<br><br><\/p>\n\n\n\n<p>El d\u00eda de hoy creo que no necesitamos mucha introducci\u00f3n, si conocen de romanticismo, si alguna vez en su vida se han enamorado creo que han escuchado sin duda alguna a Camila, El d\u00eda de hoy iniciamos el a\u00f1o con Mario Domm. <\/p>\n\n\n\n<p><strong>\u00bfC\u00f3mo te sientes? Justo est\u00e1n regresando de un largo break.&nbsp;<\/strong><\/p>\n\n\n\n<p>Pues se siente bien, ten\u00edamos cerca de 2 a\u00f1os planeando este comeback y de repente que ya se de en el auditorio es incre\u00edble, debutamos el 15 de octubre y andamos comenzando una gira nueva, por M\u00e9xico, centro y Sudam\u00e9rica. Sacando sencillos otra vez, primero sacamos fugitivos, despu\u00e9s 120. Estar de vuelta con mis compa\u00f1eros me hace sentir lleno de alegr\u00eda, me hace sentir muy bien.&nbsp;<\/p>\n\n\n\n<script async src=\"https:\/\/pagead2.googlesyndication.com\/pagead\/js\/adsbygoogle.js?client=ca-pub-5499304793904745\"\n     crossorigin=\"anonymous\"><\/script>\n<ins class=\"adsbygoogle\"\n     style=\"display:block; text-align:center;\"\n     data-ad-layout=\"in-article\"\n     data-ad-format=\"fluid\"\n     data-ad-client=\"ca-pub-5499304793904745\"\n     data-ad-slot=\"5994863093\"><\/ins>\n<script>\n     (adsbygoogle = window.adsbygoogle || []).push({});\n<\/script>\n\n\n\n<p><strong>Justo es este break tuvieron una colaboraci\u00f3n que me encant\u00f3, con Manuel Medrano.&nbsp;En este tiempo que colaboraci\u00f3n les gustaria tener. Ya que han dejado un espacio muy grande dentro de la industria pop rom\u00e1ntica. Y muchas personas se han orientado al reggaeton o rap.<\/strong><\/p>\n\n\n\n<p>Pues f\u00edjate que ahora no tenemos muchas ganas de seguir colaborando tanto, ten\u00edamos 10 a\u00f1os de no cantar juntos y tenemos ganas de sacar un disco que tenga mucha sustancia con buenas canciones y lo estaremos sacando este diciembre para poder acabar.&nbsp;<\/p>\n\n\n\n<p><strong>Parte de su separaci\u00f3n fue por el exceso de trabajo, y justo ahora han cambiado su estilo de vida, por tu parte ya con 2 hijos y viviendo en los \u00e1ngeles, siendo un gran padre de 2 hijos. \u00bfC\u00f3mo sientes la din\u00e1mica ahora?&nbsp;<\/strong><\/p>\n\n\n\n<p>Siempre hemos estado girando pablo y yo como dueto, hicimos una gira por estados unidos, pero volver como trio la verdad es que es diferente, es m\u00e1s bonito, porque cada uno aporta algo especial a la banda y se siente m\u00e1s poderoso cuando estamos los 3. Me siento orgulloso, me siento agradecido con la vida y con la oportunidad de que se pueda volver a convocar gente en alg\u00fan lugar, cantar y pasarla bien. Cuando sacamos el primer y segundo disco, tuvimos una gira muy bonita. Y pensamos hacer algo parecido esta vez.\u00a0<\/p>\n\n\n\n<figure class=\"wp-block-image size-large\"><img data-recalc-dims=\"1\" decoding=\"async\" width=\"683\" height=\"1024\" src=\"https:\/\/i0.wp.com\/zeromagazine.mx\/wp-content\/uploads\/2024\/01\/DSC_1129-683x1024.jpeg?resize=683%2C1024&#038;ssl=1\" alt=\"\" class=\"wp-image-70062\" srcset=\"https:\/\/i0.wp.com\/zeromagazine.mx\/wp-content\/uploads\/2024\/01\/DSC_1129-scaled.jpeg?resize=683%2C1024&amp;ssl=1 683w, https:\/\/i0.wp.com\/zeromagazine.mx\/wp-content\/uploads\/2024\/01\/DSC_1129-scaled.jpeg?resize=200%2C300&amp;ssl=1 200w, https:\/\/i0.wp.com\/zeromagazine.mx\/wp-content\/uploads\/2024\/01\/DSC_1129-scaled.jpeg?resize=768%2C1151&amp;ssl=1 768w, https:\/\/i0.wp.com\/zeromagazine.mx\/wp-content\/uploads\/2024\/01\/DSC_1129-scaled.jpeg?resize=1025%2C1536&amp;ssl=1 1025w, https:\/\/i0.wp.com\/zeromagazine.mx\/wp-content\/uploads\/2024\/01\/DSC_1129-scaled.jpeg?resize=1367%2C2048&amp;ssl=1 1367w, https:\/\/i0.wp.com\/zeromagazine.mx\/wp-content\/uploads\/2024\/01\/DSC_1129-scaled.jpeg?w=1709&amp;ssl=1 1709w\" sizes=\"(max-width: 683px) 100vw, 683px\" \/><\/figure>\n\n\n\n<p><strong>\u00bfQu\u00e9 es lo que te levanta d\u00eda con d\u00eda a seguir ech\u00e1ndole ganas?&nbsp;<\/strong><\/p>\n\n\n\n<p>Pues yo creo que la inspiraci\u00f3n y me siento tan bendecido de tener un trabajo tan bonito y de verdad lo amo. No tengo un plan B. Siempre quise ser musico. Y en el caso de los autores. Siempre hay una generaci\u00f3n que pudo salir a cantar y en mi caso, se me dio tener una banda, con la cual puedo producir mis canciones y me siento bien afortunado y completo, puedo conducir, puedo componer, cantar y puedo trabajar en la m\u00fasica. Y si alg\u00fan d\u00eda me canso puedo ir a producir el disco de alguien.&nbsp;<\/p>\n\n\n\n<p>Y tambi\u00e9n agradecido de poder seguir mi sue\u00f1o desde los 17 a\u00f1os y no he parado.&nbsp;<\/p>\n\n\n\n<p><strong>\u00bfCu\u00e1les son los m\u00fasicos que han cautivado a Mario?&nbsp;<\/strong><\/p>\n\n\n\n<p>Uy, Michael Jackson, me gusta mucho el R&amp;B, Stevie Wonder, Lauryn Hell. Pero realmente cultivo mucho lo que escribo en el silencio. Escribo mucho en el silencio, trabajo mucho de 4 de la ma\u00f1ana a las 7.a.m.&nbsp;<\/p>\n\n\n\n<p><strong>Bien dicen que es importante en estas \u00e9pocas es importante el saberse aburrir, y mas en una industria que te dice todo el tiempo que debes estar distra\u00eddo y mas en la industria de la m\u00fasica, que con los a\u00f1os ha cambiado much\u00edsimo.&nbsp;<\/strong><\/p>\n\n\n\n<p>Yo recuerdo a la m\u00fasica como los perfumes, que te recordaban a una \u00e9poca con tu novia o con alguien. Una \u00e9poca larga y ahora. Ya todo suena como a un&nbsp;<strong>PUFF.&nbsp;<\/strong>La verdad es que la idea es esa. Hacer m\u00fasica que me motive, me emocione y me veo a los 60 cantando de lo que escribo,&nbsp;<\/p>\n\n\n\n<script async src=\"https:\/\/pagead2.googlesyndication.com\/pagead\/js\/adsbygoogle.js?client=ca-pub-5499304793904745\"\n     crossorigin=\"anonymous\"><\/script>\n<ins class=\"adsbygoogle\"\n     style=\"display:block; text-align:center;\"\n     data-ad-layout=\"in-article\"\n     data-ad-format=\"fluid\"\n     data-ad-client=\"ca-pub-5499304793904745\"\n     data-ad-slot=\"5994863093\"><\/ins>\n<script>\n     (adsbygoogle = window.adsbygoogle || []).push({});\n<\/script>\n\n\n\n<p><strong>Conocemos mucho que parte de tus composiciones abarcan en el tema rom\u00e1ntico. \u00bfQu\u00e9 tan rom\u00e1ntico o que no tan rom\u00e1ntico es Mario Dom?<\/strong><\/p>\n\n\n\n<p>Uy, quien sabe. Ya ni me acuerdo. No se, bueno si soy, si soy, obviamente si soy con quien tengo que serlo y tampoco ando chorreando miel por cada esquina, Pero s\u00ed s\u00e9 que si alguien que me interesa Y que me apasiona. S\u00ed lo demuestro.&nbsp;<\/p>\n\n\n\n<p><strong>\u00bfQu\u00e9 podr\u00eda ser lo esencial para que Mario se pudiera enamorar?&nbsp;<\/strong><\/p>\n\n\n\n<p>Pues f\u00edjate que ahorita no estamos buscando algo, me acabo de separar hace un par de a\u00f1os, y la libertad es una palabra que me esta quedando muy bien ahorita, me la estoy pasando incre\u00edblemente bien. No me veo pa cuando la verdad.&nbsp;<\/p>\n\n\n\n<p><strong>\u00bfQu\u00e9 es lo que te falta Para seguir creciendo como persona?<\/strong><\/p>\n\n\n\n<p>Pues yo creo que seguir haciendo lo que hago. Me gusta.&nbsp;&nbsp;El otro d\u00eda descubr\u00ed que la m\u00fasica no es lo que m\u00e1s me gusta. Si no, me gusta decir lo que pienso y a trav\u00e9s de la m\u00fasica. lo logro. Es la manera en que lo hago.&nbsp;<\/p>\n\n\n\n<p>Pero si me pides que haga m\u00fasica para algo que no me gusta. Puedo sentir que me estoy envenenando. Entonces si tengo muy claro, la parte creativa. Tengo muy claro que tengo una misi\u00f3n de ir y decir mis buenas intenciones y decirlas en canciones y de repente una u otra persona se inspira tambi\u00e9n.\u00a0<\/p>\n\n\n\n<figure class=\"wp-block-image size-large\"><img data-recalc-dims=\"1\" decoding=\"async\" width=\"683\" height=\"1024\" src=\"https:\/\/i0.wp.com\/zeromagazine.mx\/wp-content\/uploads\/2024\/01\/DSC_1137-683x1024.jpeg?resize=683%2C1024&#038;ssl=1\" alt=\"\" class=\"wp-image-70063\" srcset=\"https:\/\/i0.wp.com\/zeromagazine.mx\/wp-content\/uploads\/2024\/01\/DSC_1137-scaled.jpeg?resize=683%2C1024&amp;ssl=1 683w, https:\/\/i0.wp.com\/zeromagazine.mx\/wp-content\/uploads\/2024\/01\/DSC_1137-scaled.jpeg?resize=200%2C300&amp;ssl=1 200w, https:\/\/i0.wp.com\/zeromagazine.mx\/wp-content\/uploads\/2024\/01\/DSC_1137-scaled.jpeg?resize=768%2C1151&amp;ssl=1 768w, https:\/\/i0.wp.com\/zeromagazine.mx\/wp-content\/uploads\/2024\/01\/DSC_1137-scaled.jpeg?resize=1025%2C1536&amp;ssl=1 1025w, https:\/\/i0.wp.com\/zeromagazine.mx\/wp-content\/uploads\/2024\/01\/DSC_1137-scaled.jpeg?resize=1367%2C2048&amp;ssl=1 1367w, https:\/\/i0.wp.com\/zeromagazine.mx\/wp-content\/uploads\/2024\/01\/DSC_1137-scaled.jpeg?w=1708&amp;ssl=1 1708w\" sizes=\"(max-width: 683px) 100vw, 683px\" \/><\/figure>\n\n\n\n<p>A mi me inspiro Mana, el primer concierto al que fui fue Mana. Y cuando los vi en vivo, dije: \u201cYo quiero hacer algo as\u00ed\u201d y me gustaria que la m\u00fasica que yo hago, alg\u00fan d\u00eda alguien diga: \u201cYo quiero hacer m\u00fasica, quiero aportar a la vibraci\u00f3n del planeta\u201d&nbsp;<\/p>\n\n\n\n<p>Mas que vender discos y tener mucho dinero. A m\u00ed me gusta inspirar y ser inspirado.\u00a0<\/p>\n\n\n\n<script async src=\"https:\/\/pagead2.googlesyndication.com\/pagead\/js\/adsbygoogle.js?client=ca-pub-5499304793904745\"\n     crossorigin=\"anonymous\"><\/script>\n<ins class=\"adsbygoogle\"\n     style=\"display:block; text-align:center;\"\n     data-ad-layout=\"in-article\"\n     data-ad-format=\"fluid\"\n     data-ad-client=\"ca-pub-5499304793904745\"\n     data-ad-slot=\"5994863093\"><\/ins>\n<script>\n     (adsbygoogle = window.adsbygoogle || []).push({});\n<\/script>\n\n\n\n<p><strong>Creo sin duda, que muchas personas se han podido inspirar con tu m\u00fasica, por algo se han mantenido vigentes por mucho tiempo, la gente los sigue queriendo y es por ello por lo que, en esta gira, los est\u00e1n recibiendo maravillosamente.<\/strong><\/p>\n\n\n\n<p><strong>Y esa compa\u00f1\u00eda que tienen los 3, mas que una banda sean amigos e incluso hermanos, creo que se plasma mucho en su m\u00fasica.&nbsp;<\/strong><\/p>\n\n\n\n<p>Es lo que se esta tratando de hacer, que la bonita energ\u00eda de las canciones salgan otra vez afuera, tenemos una generaci\u00f3n cuarentona, pero estamos detr\u00e1s de los chicos otra vez. Hemos estado tratando de conectar de nuevo con los chicos, por lo que la gente que va a nuestros conciertos es de nuestra edad y esta incre\u00edble. Pero estamos tratando de llegar a esa banda, que esta escuchando m\u00fasica.&nbsp;<\/p>\n\n\n\n<figure class=\"wp-block-image size-large\"><img data-recalc-dims=\"1\" decoding=\"async\" width=\"683\" height=\"1024\" src=\"https:\/\/i0.wp.com\/zeromagazine.mx\/wp-content\/uploads\/2024\/01\/DSC_1134-683x1024.jpeg?resize=683%2C1024&#038;ssl=1\" alt=\"\" class=\"wp-image-70064\" srcset=\"https:\/\/i0.wp.com\/zeromagazine.mx\/wp-content\/uploads\/2024\/01\/DSC_1134-scaled.jpeg?resize=683%2C1024&amp;ssl=1 683w, https:\/\/i0.wp.com\/zeromagazine.mx\/wp-content\/uploads\/2024\/01\/DSC_1134-scaled.jpeg?resize=200%2C300&amp;ssl=1 200w, https:\/\/i0.wp.com\/zeromagazine.mx\/wp-content\/uploads\/2024\/01\/DSC_1134-scaled.jpeg?resize=768%2C1151&amp;ssl=1 768w, https:\/\/i0.wp.com\/zeromagazine.mx\/wp-content\/uploads\/2024\/01\/DSC_1134-scaled.jpeg?resize=1025%2C1536&amp;ssl=1 1025w, https:\/\/i0.wp.com\/zeromagazine.mx\/wp-content\/uploads\/2024\/01\/DSC_1134-scaled.jpeg?resize=1367%2C2048&amp;ssl=1 1367w, https:\/\/i0.wp.com\/zeromagazine.mx\/wp-content\/uploads\/2024\/01\/DSC_1134-scaled.jpeg?w=1709&amp;ssl=1 1709w\" sizes=\"(max-width: 683px) 100vw, 683px\" \/><\/figure>\n\n\n\n<p><strong>Finalmente, que les podr\u00edas decir a todas esas personas que quieren dedicarse a lo art\u00edstico, se apreciar\u00edan mucho las palabras de alguien que ha aprendido mucho, en este tiempo, ha aprendido de sus errores y aciertos. \u00bfQu\u00e9 le dir\u00edas a toda esa gente?<\/strong><\/p>\n\n\n\n<p>En mi caso he ido creciendo. Soy una persona que acepta cuando se equivoca. S\u00e9 Disculparme.&nbsp;&nbsp;Y que s\u00e9 hacer equipo.&nbsp;&nbsp;Entonces en mi carrera eso es algo que me ha ayudado mucho.&nbsp;&nbsp;Y quiero mantenerlo.&nbsp;&nbsp;<\/p>\n\n\n\n<p>Pero la convicci\u00f3n por hacer buena m\u00fasica. Es lo que me mantiene vigente siento yo. Y tambi\u00e9n lo guapo.&nbsp;<\/p>\n\n\n\n<p><strong>&nbsp;<\/strong><\/p>\n\n\n\n<script async src=\"https:\/\/pagead2.googlesyndication.com\/pagead\/js\/adsbygoogle.js?client=ca-pub-5499304793904745\"\n     crossorigin=\"anonymous\"><\/script>\n<ins class=\"adsbygoogle\"\n     style=\"display:block; text-align:center;\"\n     data-ad-layout=\"in-article\"\n     data-ad-format=\"fluid\"\n     data-ad-client=\"ca-pub-5499304793904745\"\n     data-ad-slot=\"5994863093\"><\/ins>\n<script>\n     (adsbygoogle = window.adsbygoogle || []).push({});\n<\/script>","protected":false},"excerpt":{"rendered":"<p>Por: \u00c1ngel HerreraFotos: Lendl Sol\u00edsLocaci\u00f3n: Hotel Presidente El d\u00eda de hoy creo que no necesitamos mucha introducci\u00f3n, si conocen de romanticismo, si alguna vez en su vida se han enamorado creo que han escuchado sin duda alguna a Camila, El d\u00eda de hoy iniciamos el a\u00f1o con Mario Domm. \u00bfC\u00f3mo te sientes? Justo est\u00e1n regresando [&hellip;]<\/p>\n","protected":false},"author":4,"featured_media":70061,"comment_status":"open","ping_status":"open","sticky":true,"template":"","format":"standard","meta":{"_jetpack_memberships_contains_paid_content":false,"footnotes":"","jetpack_publicize_message":"","jetpack_publicize_feature_enabled":true,"jetpack_social_post_already_shared":false,"jetpack_social_options":{"image_generator_settings":{"template":"highway","default_image_id":0,"font":"","enabled":false},"version":2}},"categories":[98],"tags":[6761,6760,3815],"class_list":["post-70058","post","type-post","status-publish","format-standard","has-post-thumbnail","hentry","category-portada","tag-camila","tag-mario-domm","tag-portada","has-post-title","has-post-date","has-post-category","has-post-tag","has-post-comment","has-post-author",""],"yoast_head":"<!-- This site is optimized with the Yoast SEO plugin v27.5 - https:\/\/yoast.com\/product\/yoast-seo-wordpress\/ -->\n<title>Mario Domm - Zero Magazine<\/title>\n<meta name=\"robots\" content=\"index, follow, max-snippet:-1, max-image-preview:large, max-video-preview:-1\" \/>\n<link rel=\"canonical\" href=\"https:\/\/zeromagazine.mx\/index.php\/2024\/01\/02\/mario-domm\/\" \/>\n<meta property=\"og:locale\" content=\"es_ES\" \/>\n<meta property=\"og:type\" content=\"article\" \/>\n<meta property=\"og:title\" content=\"Mario Domm - Zero Magazine\" \/>\n<meta property=\"og:description\" content=\"Por: \u00c1ngel HerreraFotos: Lendl Sol\u00edsLocaci\u00f3n: Hotel Presidente El d\u00eda de hoy creo que no necesitamos mucha introducci\u00f3n, si conocen de romanticismo, si alguna vez en su vida se han enamorado creo que han escuchado sin duda alguna a Camila, El d\u00eda de hoy iniciamos el a\u00f1o con Mario Domm. \u00bfC\u00f3mo te sientes? Justo est\u00e1n regresando [&hellip;]\" \/>\n<meta property=\"og:url\" content=\"https:\/\/zeromagazine.mx\/index.php\/2024\/01\/02\/mario-domm\/\" \/>\n<meta property=\"og:site_name\" content=\"Zero Magazine\" \/>\n<meta property=\"article:published_time\" content=\"2024-01-02T20:30:25+00:00\" \/>\n<meta property=\"article:modified_time\" content=\"2024-01-03T04:25:53+00:00\" \/>\n<meta property=\"og:image\" content=\"https:\/\/zeromagazine.mx\/wp-content\/uploads\/2024\/01\/IMG_0182-791x1024.png\" \/>\n\t<meta property=\"og:image:width\" content=\"791\" \/>\n\t<meta property=\"og:image:height\" content=\"1024\" \/>\n\t<meta property=\"og:image:type\" content=\"image\/png\" \/>\n<meta name=\"author\" content=\"David Morales\" \/>\n<meta name=\"twitter:card\" content=\"summary_large_image\" \/>\n<meta name=\"twitter:label1\" content=\"Escrito por\" \/>\n\t<meta name=\"twitter:data1\" content=\"David Morales\" \/>\n\t<meta name=\"twitter:label2\" content=\"Tiempo de lectura\" \/>\n\t<meta name=\"twitter:data2\" content=\"6 minutos\" \/>\n<script type=\"application\/ld+json\" class=\"yoast-schema-graph\">{\"@context\":\"https:\\\/\\\/schema.org\",\"@graph\":[{\"@type\":\"Article\",\"@id\":\"https:\\\/\\\/zeromagazine.mx\\\/index.php\\\/2024\\\/01\\\/02\\\/mario-domm\\\/#article\",\"isPartOf\":{\"@id\":\"https:\\\/\\\/zeromagazine.mx\\\/index.php\\\/2024\\\/01\\\/02\\\/mario-domm\\\/\"},\"author\":{\"name\":\"David Morales\",\"@id\":\"https:\\\/\\\/zeromagazine.mx\\\/#\\\/schema\\\/person\\\/9f7f1a17c60ba8e9980e3e6677aabe5a\"},\"headline\":\"Mario Domm\",\"datePublished\":\"2024-01-02T20:30:25+00:00\",\"dateModified\":\"2024-01-03T04:25:53+00:00\",\"mainEntityOfPage\":{\"@id\":\"https:\\\/\\\/zeromagazine.mx\\\/index.php\\\/2024\\\/01\\\/02\\\/mario-domm\\\/\"},\"wordCount\":1266,\"commentCount\":0,\"publisher\":{\"@id\":\"https:\\\/\\\/zeromagazine.mx\\\/#organization\"},\"image\":{\"@id\":\"https:\\\/\\\/zeromagazine.mx\\\/index.php\\\/2024\\\/01\\\/02\\\/mario-domm\\\/#primaryimage\"},\"thumbnailUrl\":\"https:\\\/\\\/i0.wp.com\\\/zeromagazine.mx\\\/wp-content\\\/uploads\\\/2024\\\/01\\\/IMG_0182.png?fit=2550%2C3300&ssl=1\",\"keywords\":[\"Camila\",\"Mario Domm\",\"Portada\"],\"articleSection\":[\"Portada\"],\"inLanguage\":\"es\",\"potentialAction\":[{\"@type\":\"CommentAction\",\"name\":\"Comment\",\"target\":[\"https:\\\/\\\/zeromagazine.mx\\\/index.php\\\/2024\\\/01\\\/02\\\/mario-domm\\\/#respond\"]}]},{\"@type\":\"WebPage\",\"@id\":\"https:\\\/\\\/zeromagazine.mx\\\/index.php\\\/2024\\\/01\\\/02\\\/mario-domm\\\/\",\"url\":\"https:\\\/\\\/zeromagazine.mx\\\/index.php\\\/2024\\\/01\\\/02\\\/mario-domm\\\/\",\"name\":\"Mario Domm - Zero Magazine\",\"isPartOf\":{\"@id\":\"https:\\\/\\\/zeromagazine.mx\\\/#website\"},\"primaryImageOfPage\":{\"@id\":\"https:\\\/\\\/zeromagazine.mx\\\/index.php\\\/2024\\\/01\\\/02\\\/mario-domm\\\/#primaryimage\"},\"image\":{\"@id\":\"https:\\\/\\\/zeromagazine.mx\\\/index.php\\\/2024\\\/01\\\/02\\\/mario-domm\\\/#primaryimage\"},\"thumbnailUrl\":\"https:\\\/\\\/i0.wp.com\\\/zeromagazine.mx\\\/wp-content\\\/uploads\\\/2024\\\/01\\\/IMG_0182.png?fit=2550%2C3300&ssl=1\",\"datePublished\":\"2024-01-02T20:30:25+00:00\",\"dateModified\":\"2024-01-03T04:25:53+00:00\",\"breadcrumb\":{\"@id\":\"https:\\\/\\\/zeromagazine.mx\\\/index.php\\\/2024\\\/01\\\/02\\\/mario-domm\\\/#breadcrumb\"},\"inLanguage\":\"es\",\"potentialAction\":[{\"@type\":\"ReadAction\",\"target\":[\"https:\\\/\\\/zeromagazine.mx\\\/index.php\\\/2024\\\/01\\\/02\\\/mario-domm\\\/\"]}]},{\"@type\":\"ImageObject\",\"inLanguage\":\"es\",\"@id\":\"https:\\\/\\\/zeromagazine.mx\\\/index.php\\\/2024\\\/01\\\/02\\\/mario-domm\\\/#primaryimage\",\"url\":\"https:\\\/\\\/i0.wp.com\\\/zeromagazine.mx\\\/wp-content\\\/uploads\\\/2024\\\/01\\\/IMG_0182.png?fit=2550%2C3300&ssl=1\",\"contentUrl\":\"https:\\\/\\\/i0.wp.com\\\/zeromagazine.mx\\\/wp-content\\\/uploads\\\/2024\\\/01\\\/IMG_0182.png?fit=2550%2C3300&ssl=1\",\"width\":2550,\"height\":3300},{\"@type\":\"BreadcrumbList\",\"@id\":\"https:\\\/\\\/zeromagazine.mx\\\/index.php\\\/2024\\\/01\\\/02\\\/mario-domm\\\/#breadcrumb\",\"itemListElement\":[{\"@type\":\"ListItem\",\"position\":1,\"name\":\"Portada\",\"item\":\"https:\\\/\\\/zeromagazine.mx\\\/\"},{\"@type\":\"ListItem\",\"position\":2,\"name\":\"Mario Domm\"}]},{\"@type\":\"WebSite\",\"@id\":\"https:\\\/\\\/zeromagazine.mx\\\/#website\",\"url\":\"https:\\\/\\\/zeromagazine.mx\\\/\",\"name\":\"Zero Magazine\",\"description\":\"\",\"publisher\":{\"@id\":\"https:\\\/\\\/zeromagazine.mx\\\/#organization\"},\"potentialAction\":[{\"@type\":\"SearchAction\",\"target\":{\"@type\":\"EntryPoint\",\"urlTemplate\":\"https:\\\/\\\/zeromagazine.mx\\\/?s={search_term_string}\"},\"query-input\":{\"@type\":\"PropertyValueSpecification\",\"valueRequired\":true,\"valueName\":\"search_term_string\"}}],\"inLanguage\":\"es\"},{\"@type\":\"Organization\",\"@id\":\"https:\\\/\\\/zeromagazine.mx\\\/#organization\",\"name\":\"Zero Magazine\",\"url\":\"https:\\\/\\\/zeromagazine.mx\\\/\",\"logo\":{\"@type\":\"ImageObject\",\"inLanguage\":\"es\",\"@id\":\"https:\\\/\\\/zeromagazine.mx\\\/#\\\/schema\\\/logo\\\/image\\\/\",\"url\":\"https:\\\/\\\/i0.wp.com\\\/zeromagazine.mx\\\/wp-content\\\/uploads\\\/2025\\\/11\\\/1.jpeg?fit=1000%2C1000&ssl=1\",\"contentUrl\":\"https:\\\/\\\/i0.wp.com\\\/zeromagazine.mx\\\/wp-content\\\/uploads\\\/2025\\\/11\\\/1.jpeg?fit=1000%2C1000&ssl=1\",\"width\":1000,\"height\":1000,\"caption\":\"Zero Magazine\"},\"image\":{\"@id\":\"https:\\\/\\\/zeromagazine.mx\\\/#\\\/schema\\\/logo\\\/image\\\/\"},\"sameAs\":[\"https:\\\/\\\/instagram.com\\\/zeromagazinemx\"]},{\"@type\":\"Person\",\"@id\":\"https:\\\/\\\/zeromagazine.mx\\\/#\\\/schema\\\/person\\\/9f7f1a17c60ba8e9980e3e6677aabe5a\",\"name\":\"David Morales\",\"image\":{\"@type\":\"ImageObject\",\"inLanguage\":\"es\",\"@id\":\"https:\\\/\\\/zeromagazine.mx\\\/wp-content\\\/litespeed\\\/avatar\\\/76069d2136bfc1c37dc34815bb67ca42.jpg?ver=1777571067\",\"url\":\"https:\\\/\\\/zeromagazine.mx\\\/wp-content\\\/litespeed\\\/avatar\\\/76069d2136bfc1c37dc34815bb67ca42.jpg?ver=1777571067\",\"contentUrl\":\"https:\\\/\\\/zeromagazine.mx\\\/wp-content\\\/litespeed\\\/avatar\\\/76069d2136bfc1c37dc34815bb67ca42.jpg?ver=1777571067\",\"caption\":\"David Morales\"},\"url\":\"https:\\\/\\\/zeromagazine.mx\\\/index.php\\\/author\\\/david\\\/\"}]}<\/script>\n<!-- \/ Yoast SEO plugin. -->","yoast_head_json":{"title":"Mario Domm - Zero Magazine","robots":{"index":"index","follow":"follow","max-snippet":"max-snippet:-1","max-image-preview":"max-image-preview:large","max-video-preview":"max-video-preview:-1"},"canonical":"https:\/\/zeromagazine.mx\/index.php\/2024\/01\/02\/mario-domm\/","og_locale":"es_ES","og_type":"article","og_title":"Mario Domm - Zero Magazine","og_description":"Por: \u00c1ngel HerreraFotos: Lendl Sol\u00edsLocaci\u00f3n: Hotel Presidente El d\u00eda de hoy creo que no necesitamos mucha introducci\u00f3n, si conocen de romanticismo, si alguna vez en su vida se han enamorado creo que han escuchado sin duda alguna a Camila, El d\u00eda de hoy iniciamos el a\u00f1o con Mario Domm. \u00bfC\u00f3mo te sientes? Justo est\u00e1n regresando [&hellip;]","og_url":"https:\/\/zeromagazine.mx\/index.php\/2024\/01\/02\/mario-domm\/","og_site_name":"Zero Magazine","article_published_time":"2024-01-02T20:30:25+00:00","article_modified_time":"2024-01-03T04:25:53+00:00","og_image":[{"width":791,"height":1024,"url":"https:\/\/zeromagazine.mx\/wp-content\/uploads\/2024\/01\/IMG_0182-791x1024.png","type":"image\/png"}],"author":"David Morales","twitter_card":"summary_large_image","twitter_misc":{"Escrito por":"David Morales","Tiempo de lectura":"6 minutos"},"schema":{"@context":"https:\/\/schema.org","@graph":[{"@type":"Article","@id":"https:\/\/zeromagazine.mx\/index.php\/2024\/01\/02\/mario-domm\/#article","isPartOf":{"@id":"https:\/\/zeromagazine.mx\/index.php\/2024\/01\/02\/mario-domm\/"},"author":{"name":"David Morales","@id":"https:\/\/zeromagazine.mx\/#\/schema\/person\/9f7f1a17c60ba8e9980e3e6677aabe5a"},"headline":"Mario Domm","datePublished":"2024-01-02T20:30:25+00:00","dateModified":"2024-01-03T04:25:53+00:00","mainEntityOfPage":{"@id":"https:\/\/zeromagazine.mx\/index.php\/2024\/01\/02\/mario-domm\/"},"wordCount":1266,"commentCount":0,"publisher":{"@id":"https:\/\/zeromagazine.mx\/#organization"},"image":{"@id":"https:\/\/zeromagazine.mx\/index.php\/2024\/01\/02\/mario-domm\/#primaryimage"},"thumbnailUrl":"https:\/\/i0.wp.com\/zeromagazine.mx\/wp-content\/uploads\/2024\/01\/IMG_0182.png?fit=2550%2C3300&ssl=1","keywords":["Camila","Mario Domm","Portada"],"articleSection":["Portada"],"inLanguage":"es","potentialAction":[{"@type":"CommentAction","name":"Comment","target":["https:\/\/zeromagazine.mx\/index.php\/2024\/01\/02\/mario-domm\/#respond"]}]},{"@type":"WebPage","@id":"https:\/\/zeromagazine.mx\/index.php\/2024\/01\/02\/mario-domm\/","url":"https:\/\/zeromagazine.mx\/index.php\/2024\/01\/02\/mario-domm\/","name":"Mario Domm - Zero Magazine","isPartOf":{"@id":"https:\/\/zeromagazine.mx\/#website"},"primaryImageOfPage":{"@id":"https:\/\/zeromagazine.mx\/index.php\/2024\/01\/02\/mario-domm\/#primaryimage"},"image":{"@id":"https:\/\/zeromagazine.mx\/index.php\/2024\/01\/02\/mario-domm\/#primaryimage"},"thumbnailUrl":"https:\/\/i0.wp.com\/zeromagazine.mx\/wp-content\/uploads\/2024\/01\/IMG_0182.png?fit=2550%2C3300&ssl=1","datePublished":"2024-01-02T20:30:25+00:00","dateModified":"2024-01-03T04:25:53+00:00","breadcrumb":{"@id":"https:\/\/zeromagazine.mx\/index.php\/2024\/01\/02\/mario-domm\/#breadcrumb"},"inLanguage":"es","potentialAction":[{"@type":"ReadAction","target":["https:\/\/zeromagazine.mx\/index.php\/2024\/01\/02\/mario-domm\/"]}]},{"@type":"ImageObject","inLanguage":"es","@id":"https:\/\/zeromagazine.mx\/index.php\/2024\/01\/02\/mario-domm\/#primaryimage","url":"https:\/\/i0.wp.com\/zeromagazine.mx\/wp-content\/uploads\/2024\/01\/IMG_0182.png?fit=2550%2C3300&ssl=1","contentUrl":"https:\/\/i0.wp.com\/zeromagazine.mx\/wp-content\/uploads\/2024\/01\/IMG_0182.png?fit=2550%2C3300&ssl=1","width":2550,"height":3300},{"@type":"BreadcrumbList","@id":"https:\/\/zeromagazine.mx\/index.php\/2024\/01\/02\/mario-domm\/#breadcrumb","itemListElement":[{"@type":"ListItem","position":1,"name":"Portada","item":"https:\/\/zeromagazine.mx\/"},{"@type":"ListItem","position":2,"name":"Mario Domm"}]},{"@type":"WebSite","@id":"https:\/\/zeromagazine.mx\/#website","url":"https:\/\/zeromagazine.mx\/","name":"Zero Magazine","description":"","publisher":{"@id":"https:\/\/zeromagazine.mx\/#organization"},"potentialAction":[{"@type":"SearchAction","target":{"@type":"EntryPoint","urlTemplate":"https:\/\/zeromagazine.mx\/?s={search_term_string}"},"query-input":{"@type":"PropertyValueSpecification","valueRequired":true,"valueName":"search_term_string"}}],"inLanguage":"es"},{"@type":"Organization","@id":"https:\/\/zeromagazine.mx\/#organization","name":"Zero Magazine","url":"https:\/\/zeromagazine.mx\/","logo":{"@type":"ImageObject","inLanguage":"es","@id":"https:\/\/zeromagazine.mx\/#\/schema\/logo\/image\/","url":"https:\/\/i0.wp.com\/zeromagazine.mx\/wp-content\/uploads\/2025\/11\/1.jpeg?fit=1000%2C1000&ssl=1","contentUrl":"https:\/\/i0.wp.com\/zeromagazine.mx\/wp-content\/uploads\/2025\/11\/1.jpeg?fit=1000%2C1000&ssl=1","width":1000,"height":1000,"caption":"Zero Magazine"},"image":{"@id":"https:\/\/zeromagazine.mx\/#\/schema\/logo\/image\/"},"sameAs":["https:\/\/instagram.com\/zeromagazinemx"]},{"@type":"Person","@id":"https:\/\/zeromagazine.mx\/#\/schema\/person\/9f7f1a17c60ba8e9980e3e6677aabe5a","name":"David Morales","image":{"@type":"ImageObject","inLanguage":"es","@id":"https:\/\/zeromagazine.mx\/wp-content\/litespeed\/avatar\/76069d2136bfc1c37dc34815bb67ca42.jpg?ver=1777571067","url":"https:\/\/zeromagazine.mx\/wp-content\/litespeed\/avatar\/76069d2136bfc1c37dc34815bb67ca42.jpg?ver=1777571067","contentUrl":"https:\/\/zeromagazine.mx\/wp-content\/litespeed\/avatar\/76069d2136bfc1c37dc34815bb67ca42.jpg?ver=1777571067","caption":"David Morales"},"url":"https:\/\/zeromagazine.mx\/index.php\/author\/david\/"}]}},"jetpack_publicize_connections":[],"jetpack_featured_media_url":"https:\/\/i0.wp.com\/zeromagazine.mx\/wp-content\/uploads\/2024\/01\/IMG_0182.png?fit=2550%2C3300&ssl=1","jetpack-related-posts":[{"id":57668,"url":"https:\/\/zeromagazine.mx\/index.php\/2021\/11\/09\/plumas-la-exhibicion-individual-de-deborah-kruger\/","url_meta":{"origin":70058,"position":0},"title":"Plumas, la exhibici\u00f3n individual de Deborah Kruger","author":"zeromagazinemx","date":"9 de noviembre de 2021","format":false,"excerpt":"El pasado 6 de noviembre en punto de las 7 pm se dio la inauguraci\u00f3n presencial de la nueva sala de la galer\u00eda PRPGmx\u00a0ubicada en Calle Lucerna 1, Interior 100, Colonia Ju\u00e1rez, CDMX. En punto de las 7:30 de la noche el invitado de honor Johnny Carmona, a quien conocemos\u2026","rel":"","context":"En \u00abEntrevistas\u00bb","block_context":{"text":"Entrevistas","link":"https:\/\/zeromagazine.mx\/index.php\/category\/entretenimiento\/entrevistas\/"},"img":{"alt_text":"","src":"https:\/\/i0.wp.com\/zeromagazinemx.wpcomstaging.com\/wp-content\/uploads\/2022\/02\/34aac-1636326326255.jpg?resize=350%2C200&ssl=1","width":350,"height":200,"srcset":"https:\/\/i0.wp.com\/zeromagazinemx.wpcomstaging.com\/wp-content\/uploads\/2022\/02\/34aac-1636326326255.jpg?resize=350%2C200&ssl=1 1x, https:\/\/i0.wp.com\/zeromagazinemx.wpcomstaging.com\/wp-content\/uploads\/2022\/02\/34aac-1636326326255.jpg?resize=525%2C300&ssl=1 1.5x, https:\/\/i0.wp.com\/zeromagazinemx.wpcomstaging.com\/wp-content\/uploads\/2022\/02\/34aac-1636326326255.jpg?resize=700%2C400&ssl=1 2x"},"classes":[]},{"id":105637,"url":"https:\/\/zeromagazine.mx\/index.php\/2025\/06\/05\/nanpa-basico-y-camilo-arte-sin-fronteras\/","url_meta":{"origin":70058,"position":1},"title":"Nanpa B\u00e1sico y Camilo: Arte Sin Fronteras","author":"David Morales","date":"5 de junio de 2025","format":false,"excerpt":"A mix, a veces hay canciones que no solo se escuchan, se sienten en el pecho. Y esto pasa con as\u00ed EAVEMAR\u00cdA, el nuevo sencillo producido por Nanpa B\u00e1sico y Camilo que no lleg\u00f3 solo para sonar bonito, sino para dejarnos con el alma vibrando. Pues su melod\u00eda y letra\u2026","rel":"","context":"En \u00abBlog\u00bb","block_context":{"text":"Blog","link":"https:\/\/zeromagazine.mx\/index.php\/category\/blog\/"},"img":{"alt_text":"","src":"https:\/\/i0.wp.com\/zeromagazine.mx\/wp-content\/uploads\/2025\/06\/NANPA-Y-CAMILO2.png?fit=842%2C641&ssl=1&resize=350%2C200","width":350,"height":200,"srcset":"https:\/\/i0.wp.com\/zeromagazine.mx\/wp-content\/uploads\/2025\/06\/NANPA-Y-CAMILO2.png?fit=842%2C641&ssl=1&resize=350%2C200 1x, https:\/\/i0.wp.com\/zeromagazine.mx\/wp-content\/uploads\/2025\/06\/NANPA-Y-CAMILO2.png?fit=842%2C641&ssl=1&resize=525%2C300 1.5x, https:\/\/i0.wp.com\/zeromagazine.mx\/wp-content\/uploads\/2025\/06\/NANPA-Y-CAMILO2.png?fit=842%2C641&ssl=1&resize=700%2C400 2x"},"classes":[]},{"id":48190,"url":"https:\/\/zeromagazine.mx\/index.php\/2021\/06\/18\/mario-sepulveda-celebro-15-anos-de-trayectoria-en-el-escenario\/","url_meta":{"origin":70058,"position":2},"title":"Mario Sep\u00falveda celebro 15 a\u00f1os de trayectoria en el escenario","author":"zeromagazinemx","date":"18 de junio de 2021","format":false,"excerpt":"El actor y cantante Mario Sep\u00falveda celebr\u00f3 15 a\u00f1os de trayectoria en el escenario del Teatro Hidalgo con una funci\u00f3n especial de \u201cLa Jaula de las Locas\u201d. Por Mayra Torres Mario ha participado en diversas producciones como Hoy no me puedo levantar, Avenida Q, La Novicia Rebelde, El Jorobado, entre\u2026","rel":"","context":"En \u00abEntretenimiento\u00bb","block_context":{"text":"Entretenimiento","link":"https:\/\/zeromagazine.mx\/index.php\/category\/entretenimiento\/"},"img":{"alt_text":"","src":"","width":0,"height":0},"classes":[]},{"id":58278,"url":"https:\/\/zeromagazine.mx\/index.php\/2021\/11\/15\/sandra-echeverria-en-voces\/","url_meta":{"origin":70058,"position":3},"title":"Sandra Echeverr\u00eda en \u201cVOCES\u201d","author":"zeromagazinemx","date":"15 de noviembre de 2021","format":false,"excerpt":"Llega El Primer Documental De Empoderamiento Femenino En Latinoam\u00e9rica \u201cVoces\u201d A Trav\u00e9s De E! ENTERTAINMENT A partir de un experimento realizado con Inteligencia Artificial, en el que participaron m\u00e1s de 350 mujeres, este documental cuestiona los c\u00e1nones de la belleza actual en Latinoam\u00e9rica y plantea un cambio necesario en la\u2026","rel":"","context":"En \u00abEntretenimiento\u00bb","block_context":{"text":"Entretenimiento","link":"https:\/\/zeromagazine.mx\/index.php\/category\/entretenimiento\/"},"img":{"alt_text":"","src":"https:\/\/i0.wp.com\/zeromagazinemx.wpcomstaging.com\/wp-content\/uploads\/2022\/02\/96fa7-2.jpg_1-683x1024.jpg?resize=350%2C200&ssl=1","width":350,"height":200,"srcset":"https:\/\/i0.wp.com\/zeromagazinemx.wpcomstaging.com\/wp-content\/uploads\/2022\/02\/96fa7-2.jpg_1-683x1024.jpg?resize=350%2C200&ssl=1 1x, https:\/\/i0.wp.com\/zeromagazinemx.wpcomstaging.com\/wp-content\/uploads\/2022\/02\/96fa7-2.jpg_1-683x1024.jpg?resize=525%2C300&ssl=1 1.5x, https:\/\/i0.wp.com\/zeromagazinemx.wpcomstaging.com\/wp-content\/uploads\/2022\/02\/96fa7-2.jpg_1-683x1024.jpg?resize=700%2C400&ssl=1 2x"},"classes":[]},{"id":85838,"url":"https:\/\/zeromagazine.mx\/index.php\/2024\/10\/08\/cien-anos-el-regreso-a-macondo\/","url_meta":{"origin":70058,"position":4},"title":"\u00abCien A\u00f1os: El Regreso a Macondo\u00bb","author":"zeromagazinemx","date":"8 de octubre de 2024","format":false,"excerpt":"Oigan chicxs, ag\u00e1rrense porque tenemos una noticia que nos vuela la cabeza: la adaptaci\u00f3n de la obra maestra de Gabriel Garc\u00eda M\u00e1rquez, Cien a\u00f1os de soledad, est\u00e1 a punto de llegar a nuestras pantallas. \u00a1S\u00ed, leyeron bien! Este proyecto, que ha estado en el aire por un buen rato, finalmente\u2026","rel":"","context":"En \u00abEntretenimiento\u00bb","block_context":{"text":"Entretenimiento","link":"https:\/\/zeromagazine.mx\/index.php\/category\/entretenimiento\/"},"img":{"alt_text":"","src":"https:\/\/i0.wp.com\/zeromagazine.mx\/wp-content\/uploads\/2024\/10\/es_mx_cads_main_main_teaser_key_art_-_coronel_vertical_27x40_rgb_pre_1-1.jpg?fit=810%2C1200&ssl=1&resize=350%2C200","width":350,"height":200,"srcset":"https:\/\/i0.wp.com\/zeromagazine.mx\/wp-content\/uploads\/2024\/10\/es_mx_cads_main_main_teaser_key_art_-_coronel_vertical_27x40_rgb_pre_1-1.jpg?fit=810%2C1200&ssl=1&resize=350%2C200 1x, https:\/\/i0.wp.com\/zeromagazine.mx\/wp-content\/uploads\/2024\/10\/es_mx_cads_main_main_teaser_key_art_-_coronel_vertical_27x40_rgb_pre_1-1.jpg?fit=810%2C1200&ssl=1&resize=525%2C300 1.5x, https:\/\/i0.wp.com\/zeromagazine.mx\/wp-content\/uploads\/2024\/10\/es_mx_cads_main_main_teaser_key_art_-_coronel_vertical_27x40_rgb_pre_1-1.jpg?fit=810%2C1200&ssl=1&resize=700%2C400 2x"},"classes":[]},{"id":56324,"url":"https:\/\/zeromagazine.mx\/index.php\/2021\/10\/20\/entrevista-a-ra-colmenero-actor-de-la-obra\/","url_meta":{"origin":70058,"position":5},"title":"Entrevista\u200c \u200ca\u200c \u200cRa\u200c \u200cColmenero,\u200c&nbsp;\u200cactor\u200c \u200cde\u200c \u200cla\u200c \u200cobra\u200c \u200c\u201cSerenata\u200c \u200ca\u200c&nbsp;\u200cmis\u200c \u200cmuertos\u201d\u200c&nbsp;","author":"zeromagazinemx","date":"20 de octubre de 2021","format":false,"excerpt":"El viernes 15 de octubre se estren\u00f3 la tan esperada obra \u201cSerenata a mis muertos\u201d, con Lorena de la Garza e Ione Cervantes, participan Laura Montijano, Yeka Rosales, Ra Colmenero y Diana Llano, los acompa\u00f1an tambi\u00e9n los grandes directores y actores de doblaje Mar\u00eda Eugenia Guzm\u00e1n y Jos\u00e9 Gilberto Vilchis.\u00a0\u2026","rel":"","context":"En \u00abEntretenimiento\u00bb","block_context":{"text":"Entretenimiento","link":"https:\/\/zeromagazine.mx\/index.php\/category\/entretenimiento\/"},"img":{"alt_text":"","src":"","width":0,"height":0},"classes":[]}],"jetpack_sharing_enabled":true,"builder_content":"","_links":{"self":[{"href":"https:\/\/zeromagazine.mx\/index.php\/wp-json\/wp\/v2\/posts\/70058","targetHints":{"allow":["GET"]}}],"collection":[{"href":"https:\/\/zeromagazine.mx\/index.php\/wp-json\/wp\/v2\/posts"}],"about":[{"href":"https:\/\/zeromagazine.mx\/index.php\/wp-json\/wp\/v2\/types\/post"}],"author":[{"embeddable":true,"href":"https:\/\/zeromagazine.mx\/index.php\/wp-json\/wp\/v2\/users\/4"}],"replies":[{"embeddable":true,"href":"https:\/\/zeromagazine.mx\/index.php\/wp-json\/wp\/v2\/comments?post=70058"}],"version-history":[{"count":15,"href":"https:\/\/zeromagazine.mx\/index.php\/wp-json\/wp\/v2\/posts\/70058\/revisions"}],"predecessor-version":[{"id":70093,"href":"https:\/\/zeromagazine.mx\/index.php\/wp-json\/wp\/v2\/posts\/70058\/revisions\/70093"}],"wp:featuredmedia":[{"embeddable":true,"href":"https:\/\/zeromagazine.mx\/index.php\/wp-json\/wp\/v2\/media\/70061"}],"wp:attachment":[{"href":"https:\/\/zeromagazine.mx\/index.php\/wp-json\/wp\/v2\/media?parent=70058"}],"wp:term":[{"taxonomy":"category","embeddable":true,"href":"https:\/\/zeromagazine.mx\/index.php\/wp-json\/wp\/v2\/categories?post=70058"},{"taxonomy":"post_tag","embeddable":true,"href":"https:\/\/zeromagazine.mx\/index.php\/wp-json\/wp\/v2\/tags?post=70058"}],"curies":[{"name":"wp","href":"https:\/\/api.w.org\/{rel}","templated":true}]}}