{"id":70137,"date":"2024-01-04T01:26:01","date_gmt":"2024-01-04T00:26:01","guid":{"rendered":"https:\/\/zeromagazine.mx\/?p=70137"},"modified":"2024-01-04T01:26:01","modified_gmt":"2024-01-04T00:26:01","slug":"destellos-de-moda-pacto-fashion-show-en-mexico","status":"publish","type":"post","link":"https:\/\/zeromagazine.mx\/index.php\/2024\/01\/04\/destellos-de-moda-pacto-fashion-show-en-mexico\/","title":{"rendered":"Destellos de Moda: PACTO Fashion Show en M\u00e9xico"},"content":{"rendered":"<!--themify_builder_content-->\n<div id=\"themify_builder_content-70137\" data-postid=\"70137\" class=\"themify_builder_content themify_builder_content-70137 themify_builder tf_clear\">\n    <\/div>\n<!--\/themify_builder_content-->\n\n\n<p>\u00bfEscucharon del evento PACTO Fashion Show? \u00a1Fue una locura total! Quiero contarles todo sobre este espacio que est\u00e1 rompiendo esquemas en la industria de la moda en M\u00e9xico.<\/p>\n\n\n\n<p>Primero que nada, este evento dirigido por Fernanda Orozco es simplemente genial. Te imaginas, \u00bfuna plataforma que apoya y fortalece la moda en M\u00e9xico? \u00a1Una maravilla! La onda de PACTO es que busca impulsar a las nuevas generaciones de dise\u00f1adores y marcas, d\u00e1ndoles un espacio para brillar.<\/p>\n\n\n\n<p>Ahora bien, en su primera edici\u00f3n, PACTO nos trajo desfiles alucinantes. Seis desfiles que representaron la diversidad y la innovaci\u00f3n en el dise\u00f1o mexicano. Fue un hito, de verdad, porque cada marca mostr\u00f3 su originalidad en todo: desde las siluetas hasta los materiales y los mercados a los que apuntan.<\/p>\n\n\n\n<p>Crotalus M\u00e9xico, por ejemplo, \u00a1se luci\u00f3! Esta marca chilanga nos trajo una colecci\u00f3n llamada \u00abEcdisis\u00bb, inspirada en la muda de los reptiles. \u00bfSe imaginan? Texturas, colores, estampados y telas reflectantes que te dejaban con la boca abierta. Y la colaboraci\u00f3n con KJ Exotics Group \u00a1fue \u00e9pica! Rompieron esquemas en la moda masculina.<\/p>\n\n\n\n<p>Luego tenemos a Brenda Dur\u00e1n, representando a Guanajuato con su colecci\u00f3n \u00abVenus\u00bb. Esta dise\u00f1adora s\u00ed que sabe fusionar la est\u00e9tica del rock con prendas bohemias. Inspirada en la Cultura Chupicuaro, logr\u00f3 una colecci\u00f3n que rinde homenaje a Janis Joplin. \u00a1Una pasada!<\/p>\n\n\n<div class=\"wp-block-image\">\n<figure class=\"aligncenter size-full\"><img data-recalc-dims=\"1\" decoding=\"async\" width=\"512\" height=\"640\" src=\"https:\/\/i0.wp.com\/zeromagazine.mx\/wp-content\/uploads\/2024\/01\/PACTO-55.jpg?resize=512%2C640&#038;ssl=1\" alt=\"\" class=\"wp-image-70139\" srcset=\"https:\/\/i0.wp.com\/zeromagazine.mx\/wp-content\/uploads\/2024\/01\/PACTO-55.jpg?w=512&amp;ssl=1 512w, https:\/\/i0.wp.com\/zeromagazine.mx\/wp-content\/uploads\/2024\/01\/PACTO-55.jpg?resize=240%2C300&amp;ssl=1 240w\" sizes=\"(max-width: 512px) 100vw, 512px\" \/><\/figure>\n<\/div>\n\n\n<script async src=\"https:\/\/pagead2.googlesyndication.com\/pagead\/js\/adsbygoogle.js?client=ca-pub-5499304793904745\"\n     crossorigin=\"anonymous\"><\/script>\n<ins class=\"adsbygoogle\"\n     style=\"display:block; text-align:center;\"\n     data-ad-layout=\"in-article\"\n     data-ad-format=\"fluid\"\n     data-ad-client=\"ca-pub-5499304793904745\"\n     data-ad-slot=\"5994863093\"><\/ins>\n<script>\n     (adsbygoogle = window.adsbygoogle || []).push({});\n<\/script>\n\n\n\n<p>Y qu\u00e9 decir de Crist\u00f3bala, desde M\u00e9rida. Su colecci\u00f3n \u00abCoraz\u00f3n del Caribe\u00bb te llevaba directo a las playas paradisiacas. Los estampados, dise\u00f1ados con inteligencia artificial, te transportaban al mar y el cielo. Adem\u00e1s, las prendas eran s\u00faper funcionales para climas c\u00e1lidos. \u00a1Una maravilla de colecci\u00f3n!<\/p>\n\n\n\n<p>Para cerrar con broche de oro, Fernanda Orozco, la mastermind detr\u00e1s de todo esto, es una verdadera crack en la coordinaci\u00f3n y producci\u00f3n de eventos de moda. \u00a1Con tanto talento, PACTO Fashion Show va a dar mucho de qu\u00e9 hablar en la industria!<\/p>\n\n\n\n<p>En resumen, esta primera edici\u00f3n fue un boom total. \u00a1Estoy emocionadx por ver qu\u00e9 nos traer\u00e1n en el futuro! \u00a1La moda mexicana est\u00e1 m\u00e1s viva que nunca, amixes!<\/p>\n\n\n<div class=\"wp-block-image\">\n<figure class=\"aligncenter size-full\"><img data-recalc-dims=\"1\" decoding=\"async\" width=\"512\" height=\"640\" src=\"https:\/\/i0.wp.com\/zeromagazine.mx\/wp-content\/uploads\/2024\/01\/PACTO-40.jpg?resize=512%2C640&#038;ssl=1\" alt=\"\" class=\"wp-image-70140\" srcset=\"https:\/\/i0.wp.com\/zeromagazine.mx\/wp-content\/uploads\/2024\/01\/PACTO-40.jpg?w=512&amp;ssl=1 512w, https:\/\/i0.wp.com\/zeromagazine.mx\/wp-content\/uploads\/2024\/01\/PACTO-40.jpg?resize=240%2C300&amp;ssl=1 240w\" sizes=\"(max-width: 512px) 100vw, 512px\" \/><\/figure>\n<\/div>\n\n\n<script async src=\"https:\/\/pagead2.googlesyndication.com\/pagead\/js\/adsbygoogle.js?client=ca-pub-5499304793904745\"\n     crossorigin=\"anonymous\"><\/script>\n<ins class=\"adsbygoogle\"\n     style=\"display:block; text-align:center;\"\n     data-ad-layout=\"in-article\"\n     data-ad-format=\"fluid\"\n     data-ad-client=\"ca-pub-5499304793904745\"\n     data-ad-slot=\"5994863093\"><\/ins>\n<script>\n     (adsbygoogle = window.adsbygoogle || []).push({});\n<\/script>\n\n\n\n<ul class=\"wp-block-social-links aligncenter is-layout-flex wp-block-social-links-is-layout-flex\">\n\n\n\n<\/ul>","protected":false},"excerpt":{"rendered":"<p>\u00bfEscucharon del evento PACTO Fashion Show? \u00a1Fue una locura total! Quiero contarles todo sobre este espacio que est\u00e1 rompiendo esquemas en la industria de la moda en M\u00e9xico. Primero que nada, este evento dirigido por Fernanda Orozco es simplemente genial. Te imaginas, \u00bfuna plataforma que apoya y fortalece la moda en M\u00e9xico? \u00a1Una maravilla! La [&hellip;]<\/p>\n","protected":false},"author":4,"featured_media":70138,"comment_status":"open","ping_status":"open","sticky":false,"template":"","format":"standard","meta":{"_jetpack_memberships_contains_paid_content":false,"footnotes":"","jetpack_publicize_message":"","jetpack_publicize_feature_enabled":true,"jetpack_social_post_already_shared":false,"jetpack_social_options":{"image_generator_settings":{"template":"highway","default_image_id":0,"font":"","enabled":false},"version":2}},"categories":[63,67],"tags":[1598,6785,116,6787,6786],"class_list":["post-70137","post","type-post","status-publish","format-standard","has-post-thumbnail","hentry","category-lifestyle","category-moda","tag-cdmx","tag-desfile","tag-entretenimiento","tag-fernandaorozco","tag-pacto","has-post-title","has-post-date","has-post-category","has-post-tag","has-post-comment","has-post-author",""],"yoast_head":"<!-- This site is optimized with the Yoast SEO plugin v27.5 - https:\/\/yoast.com\/product\/yoast-seo-wordpress\/ -->\n<title>Destellos de Moda: PACTO Fashion Show en M\u00e9xico - Zero Magazine<\/title>\n<meta name=\"robots\" content=\"index, follow, max-snippet:-1, max-image-preview:large, max-video-preview:-1\" \/>\n<link rel=\"canonical\" href=\"https:\/\/zeromagazine.mx\/index.php\/2024\/01\/04\/destellos-de-moda-pacto-fashion-show-en-mexico\/\" \/>\n<meta property=\"og:locale\" content=\"es_ES\" \/>\n<meta property=\"og:type\" content=\"article\" \/>\n<meta property=\"og:title\" content=\"Destellos de Moda: PACTO Fashion Show en M\u00e9xico - Zero Magazine\" \/>\n<meta property=\"og:description\" content=\"\u00bfEscucharon del evento PACTO Fashion Show? \u00a1Fue una locura total! Quiero contarles todo sobre este espacio que est\u00e1 rompiendo esquemas en la industria de la moda en M\u00e9xico. Primero que nada, este evento dirigido por Fernanda Orozco es simplemente genial. Te imaginas, \u00bfuna plataforma que apoya y fortalece la moda en M\u00e9xico? \u00a1Una maravilla! La [&hellip;]\" \/>\n<meta property=\"og:url\" content=\"https:\/\/zeromagazine.mx\/index.php\/2024\/01\/04\/destellos-de-moda-pacto-fashion-show-en-mexico\/\" \/>\n<meta property=\"og:site_name\" content=\"Zero Magazine\" \/>\n<meta property=\"article:published_time\" content=\"2024-01-04T00:26:01+00:00\" \/>\n<meta property=\"og:image\" content=\"https:\/\/i0.wp.com\/zeromagazine.mx\/wp-content\/uploads\/2024\/01\/PACTO-32.jpg?fit=512%2C640&ssl=1\" \/>\n\t<meta property=\"og:image:width\" content=\"512\" \/>\n\t<meta property=\"og:image:height\" content=\"640\" \/>\n\t<meta property=\"og:image:type\" content=\"image\/jpeg\" \/>\n<meta name=\"author\" content=\"David Morales\" \/>\n<meta name=\"twitter:card\" content=\"summary_large_image\" \/>\n<meta name=\"twitter:label1\" content=\"Escrito por\" \/>\n\t<meta name=\"twitter:data1\" content=\"David Morales\" \/>\n\t<meta name=\"twitter:label2\" content=\"Tiempo de lectura\" \/>\n\t<meta name=\"twitter:data2\" content=\"2 minutos\" \/>\n<script type=\"application\/ld+json\" class=\"yoast-schema-graph\">{\"@context\":\"https:\\\/\\\/schema.org\",\"@graph\":[{\"@type\":\"Article\",\"@id\":\"https:\\\/\\\/zeromagazine.mx\\\/index.php\\\/2024\\\/01\\\/04\\\/destellos-de-moda-pacto-fashion-show-en-mexico\\\/#article\",\"isPartOf\":{\"@id\":\"https:\\\/\\\/zeromagazine.mx\\\/index.php\\\/2024\\\/01\\\/04\\\/destellos-de-moda-pacto-fashion-show-en-mexico\\\/\"},\"author\":{\"name\":\"David Morales\",\"@id\":\"https:\\\/\\\/zeromagazine.mx\\\/#\\\/schema\\\/person\\\/9f7f1a17c60ba8e9980e3e6677aabe5a\"},\"headline\":\"Destellos de Moda: PACTO Fashion Show en M\u00e9xico\",\"datePublished\":\"2024-01-04T00:26:01+00:00\",\"mainEntityOfPage\":{\"@id\":\"https:\\\/\\\/zeromagazine.mx\\\/index.php\\\/2024\\\/01\\\/04\\\/destellos-de-moda-pacto-fashion-show-en-mexico\\\/\"},\"wordCount\":373,\"commentCount\":0,\"publisher\":{\"@id\":\"https:\\\/\\\/zeromagazine.mx\\\/#organization\"},\"image\":{\"@id\":\"https:\\\/\\\/zeromagazine.mx\\\/index.php\\\/2024\\\/01\\\/04\\\/destellos-de-moda-pacto-fashion-show-en-mexico\\\/#primaryimage\"},\"thumbnailUrl\":\"https:\\\/\\\/i0.wp.com\\\/zeromagazine.mx\\\/wp-content\\\/uploads\\\/2024\\\/01\\\/PACTO-32.jpg?fit=512%2C640&ssl=1\",\"keywords\":[\"CDMX\",\"desfile\",\"Entretenimiento\",\"FernandaOrozco\",\"PACTO\"],\"articleSection\":[\"Lifestyle\",\"Moda\"],\"inLanguage\":\"es\",\"potentialAction\":[{\"@type\":\"CommentAction\",\"name\":\"Comment\",\"target\":[\"https:\\\/\\\/zeromagazine.mx\\\/index.php\\\/2024\\\/01\\\/04\\\/destellos-de-moda-pacto-fashion-show-en-mexico\\\/#respond\"]}]},{\"@type\":\"WebPage\",\"@id\":\"https:\\\/\\\/zeromagazine.mx\\\/index.php\\\/2024\\\/01\\\/04\\\/destellos-de-moda-pacto-fashion-show-en-mexico\\\/\",\"url\":\"https:\\\/\\\/zeromagazine.mx\\\/index.php\\\/2024\\\/01\\\/04\\\/destellos-de-moda-pacto-fashion-show-en-mexico\\\/\",\"name\":\"Destellos de Moda: PACTO Fashion Show en M\u00e9xico - Zero Magazine\",\"isPartOf\":{\"@id\":\"https:\\\/\\\/zeromagazine.mx\\\/#website\"},\"primaryImageOfPage\":{\"@id\":\"https:\\\/\\\/zeromagazine.mx\\\/index.php\\\/2024\\\/01\\\/04\\\/destellos-de-moda-pacto-fashion-show-en-mexico\\\/#primaryimage\"},\"image\":{\"@id\":\"https:\\\/\\\/zeromagazine.mx\\\/index.php\\\/2024\\\/01\\\/04\\\/destellos-de-moda-pacto-fashion-show-en-mexico\\\/#primaryimage\"},\"thumbnailUrl\":\"https:\\\/\\\/i0.wp.com\\\/zeromagazine.mx\\\/wp-content\\\/uploads\\\/2024\\\/01\\\/PACTO-32.jpg?fit=512%2C640&ssl=1\",\"datePublished\":\"2024-01-04T00:26:01+00:00\",\"breadcrumb\":{\"@id\":\"https:\\\/\\\/zeromagazine.mx\\\/index.php\\\/2024\\\/01\\\/04\\\/destellos-de-moda-pacto-fashion-show-en-mexico\\\/#breadcrumb\"},\"inLanguage\":\"es\",\"potentialAction\":[{\"@type\":\"ReadAction\",\"target\":[\"https:\\\/\\\/zeromagazine.mx\\\/index.php\\\/2024\\\/01\\\/04\\\/destellos-de-moda-pacto-fashion-show-en-mexico\\\/\"]}]},{\"@type\":\"ImageObject\",\"inLanguage\":\"es\",\"@id\":\"https:\\\/\\\/zeromagazine.mx\\\/index.php\\\/2024\\\/01\\\/04\\\/destellos-de-moda-pacto-fashion-show-en-mexico\\\/#primaryimage\",\"url\":\"https:\\\/\\\/i0.wp.com\\\/zeromagazine.mx\\\/wp-content\\\/uploads\\\/2024\\\/01\\\/PACTO-32.jpg?fit=512%2C640&ssl=1\",\"contentUrl\":\"https:\\\/\\\/i0.wp.com\\\/zeromagazine.mx\\\/wp-content\\\/uploads\\\/2024\\\/01\\\/PACTO-32.jpg?fit=512%2C640&ssl=1\",\"width\":512,\"height\":640},{\"@type\":\"BreadcrumbList\",\"@id\":\"https:\\\/\\\/zeromagazine.mx\\\/index.php\\\/2024\\\/01\\\/04\\\/destellos-de-moda-pacto-fashion-show-en-mexico\\\/#breadcrumb\",\"itemListElement\":[{\"@type\":\"ListItem\",\"position\":1,\"name\":\"Portada\",\"item\":\"https:\\\/\\\/zeromagazine.mx\\\/\"},{\"@type\":\"ListItem\",\"position\":2,\"name\":\"Destellos de Moda: PACTO Fashion Show en M\u00e9xico\"}]},{\"@type\":\"WebSite\",\"@id\":\"https:\\\/\\\/zeromagazine.mx\\\/#website\",\"url\":\"https:\\\/\\\/zeromagazine.mx\\\/\",\"name\":\"Zero Magazine\",\"description\":\"\",\"publisher\":{\"@id\":\"https:\\\/\\\/zeromagazine.mx\\\/#organization\"},\"potentialAction\":[{\"@type\":\"SearchAction\",\"target\":{\"@type\":\"EntryPoint\",\"urlTemplate\":\"https:\\\/\\\/zeromagazine.mx\\\/?s={search_term_string}\"},\"query-input\":{\"@type\":\"PropertyValueSpecification\",\"valueRequired\":true,\"valueName\":\"search_term_string\"}}],\"inLanguage\":\"es\"},{\"@type\":\"Organization\",\"@id\":\"https:\\\/\\\/zeromagazine.mx\\\/#organization\",\"name\":\"Zero Magazine\",\"url\":\"https:\\\/\\\/zeromagazine.mx\\\/\",\"logo\":{\"@type\":\"ImageObject\",\"inLanguage\":\"es\",\"@id\":\"https:\\\/\\\/zeromagazine.mx\\\/#\\\/schema\\\/logo\\\/image\\\/\",\"url\":\"https:\\\/\\\/i0.wp.com\\\/zeromagazine.mx\\\/wp-content\\\/uploads\\\/2025\\\/11\\\/1.jpeg?fit=1000%2C1000&ssl=1\",\"contentUrl\":\"https:\\\/\\\/i0.wp.com\\\/zeromagazine.mx\\\/wp-content\\\/uploads\\\/2025\\\/11\\\/1.jpeg?fit=1000%2C1000&ssl=1\",\"width\":1000,\"height\":1000,\"caption\":\"Zero Magazine\"},\"image\":{\"@id\":\"https:\\\/\\\/zeromagazine.mx\\\/#\\\/schema\\\/logo\\\/image\\\/\"},\"sameAs\":[\"https:\\\/\\\/instagram.com\\\/zeromagazinemx\"]},{\"@type\":\"Person\",\"@id\":\"https:\\\/\\\/zeromagazine.mx\\\/#\\\/schema\\\/person\\\/9f7f1a17c60ba8e9980e3e6677aabe5a\",\"name\":\"David Morales\",\"image\":{\"@type\":\"ImageObject\",\"inLanguage\":\"es\",\"@id\":\"https:\\\/\\\/zeromagazine.mx\\\/wp-content\\\/litespeed\\\/avatar\\\/76069d2136bfc1c37dc34815bb67ca42.jpg?ver=1777571067\",\"url\":\"https:\\\/\\\/zeromagazine.mx\\\/wp-content\\\/litespeed\\\/avatar\\\/76069d2136bfc1c37dc34815bb67ca42.jpg?ver=1777571067\",\"contentUrl\":\"https:\\\/\\\/zeromagazine.mx\\\/wp-content\\\/litespeed\\\/avatar\\\/76069d2136bfc1c37dc34815bb67ca42.jpg?ver=1777571067\",\"caption\":\"David Morales\"},\"url\":\"https:\\\/\\\/zeromagazine.mx\\\/index.php\\\/author\\\/david\\\/\"}]}<\/script>\n<!-- \/ Yoast SEO plugin. -->","yoast_head_json":{"title":"Destellos de Moda: PACTO Fashion Show en M\u00e9xico - Zero Magazine","robots":{"index":"index","follow":"follow","max-snippet":"max-snippet:-1","max-image-preview":"max-image-preview:large","max-video-preview":"max-video-preview:-1"},"canonical":"https:\/\/zeromagazine.mx\/index.php\/2024\/01\/04\/destellos-de-moda-pacto-fashion-show-en-mexico\/","og_locale":"es_ES","og_type":"article","og_title":"Destellos de Moda: PACTO Fashion Show en M\u00e9xico - Zero Magazine","og_description":"\u00bfEscucharon del evento PACTO Fashion Show? \u00a1Fue una locura total! Quiero contarles todo sobre este espacio que est\u00e1 rompiendo esquemas en la industria de la moda en M\u00e9xico. Primero que nada, este evento dirigido por Fernanda Orozco es simplemente genial. Te imaginas, \u00bfuna plataforma que apoya y fortalece la moda en M\u00e9xico? \u00a1Una maravilla! La [&hellip;]","og_url":"https:\/\/zeromagazine.mx\/index.php\/2024\/01\/04\/destellos-de-moda-pacto-fashion-show-en-mexico\/","og_site_name":"Zero Magazine","article_published_time":"2024-01-04T00:26:01+00:00","og_image":[{"width":512,"height":640,"url":"https:\/\/i0.wp.com\/zeromagazine.mx\/wp-content\/uploads\/2024\/01\/PACTO-32.jpg?fit=512%2C640&ssl=1","type":"image\/jpeg"}],"author":"David Morales","twitter_card":"summary_large_image","twitter_misc":{"Escrito por":"David Morales","Tiempo de lectura":"2 minutos"},"schema":{"@context":"https:\/\/schema.org","@graph":[{"@type":"Article","@id":"https:\/\/zeromagazine.mx\/index.php\/2024\/01\/04\/destellos-de-moda-pacto-fashion-show-en-mexico\/#article","isPartOf":{"@id":"https:\/\/zeromagazine.mx\/index.php\/2024\/01\/04\/destellos-de-moda-pacto-fashion-show-en-mexico\/"},"author":{"name":"David Morales","@id":"https:\/\/zeromagazine.mx\/#\/schema\/person\/9f7f1a17c60ba8e9980e3e6677aabe5a"},"headline":"Destellos de Moda: PACTO Fashion Show en M\u00e9xico","datePublished":"2024-01-04T00:26:01+00:00","mainEntityOfPage":{"@id":"https:\/\/zeromagazine.mx\/index.php\/2024\/01\/04\/destellos-de-moda-pacto-fashion-show-en-mexico\/"},"wordCount":373,"commentCount":0,"publisher":{"@id":"https:\/\/zeromagazine.mx\/#organization"},"image":{"@id":"https:\/\/zeromagazine.mx\/index.php\/2024\/01\/04\/destellos-de-moda-pacto-fashion-show-en-mexico\/#primaryimage"},"thumbnailUrl":"https:\/\/i0.wp.com\/zeromagazine.mx\/wp-content\/uploads\/2024\/01\/PACTO-32.jpg?fit=512%2C640&ssl=1","keywords":["CDMX","desfile","Entretenimiento","FernandaOrozco","PACTO"],"articleSection":["Lifestyle","Moda"],"inLanguage":"es","potentialAction":[{"@type":"CommentAction","name":"Comment","target":["https:\/\/zeromagazine.mx\/index.php\/2024\/01\/04\/destellos-de-moda-pacto-fashion-show-en-mexico\/#respond"]}]},{"@type":"WebPage","@id":"https:\/\/zeromagazine.mx\/index.php\/2024\/01\/04\/destellos-de-moda-pacto-fashion-show-en-mexico\/","url":"https:\/\/zeromagazine.mx\/index.php\/2024\/01\/04\/destellos-de-moda-pacto-fashion-show-en-mexico\/","name":"Destellos de Moda: PACTO Fashion Show en M\u00e9xico - Zero Magazine","isPartOf":{"@id":"https:\/\/zeromagazine.mx\/#website"},"primaryImageOfPage":{"@id":"https:\/\/zeromagazine.mx\/index.php\/2024\/01\/04\/destellos-de-moda-pacto-fashion-show-en-mexico\/#primaryimage"},"image":{"@id":"https:\/\/zeromagazine.mx\/index.php\/2024\/01\/04\/destellos-de-moda-pacto-fashion-show-en-mexico\/#primaryimage"},"thumbnailUrl":"https:\/\/i0.wp.com\/zeromagazine.mx\/wp-content\/uploads\/2024\/01\/PACTO-32.jpg?fit=512%2C640&ssl=1","datePublished":"2024-01-04T00:26:01+00:00","breadcrumb":{"@id":"https:\/\/zeromagazine.mx\/index.php\/2024\/01\/04\/destellos-de-moda-pacto-fashion-show-en-mexico\/#breadcrumb"},"inLanguage":"es","potentialAction":[{"@type":"ReadAction","target":["https:\/\/zeromagazine.mx\/index.php\/2024\/01\/04\/destellos-de-moda-pacto-fashion-show-en-mexico\/"]}]},{"@type":"ImageObject","inLanguage":"es","@id":"https:\/\/zeromagazine.mx\/index.php\/2024\/01\/04\/destellos-de-moda-pacto-fashion-show-en-mexico\/#primaryimage","url":"https:\/\/i0.wp.com\/zeromagazine.mx\/wp-content\/uploads\/2024\/01\/PACTO-32.jpg?fit=512%2C640&ssl=1","contentUrl":"https:\/\/i0.wp.com\/zeromagazine.mx\/wp-content\/uploads\/2024\/01\/PACTO-32.jpg?fit=512%2C640&ssl=1","width":512,"height":640},{"@type":"BreadcrumbList","@id":"https:\/\/zeromagazine.mx\/index.php\/2024\/01\/04\/destellos-de-moda-pacto-fashion-show-en-mexico\/#breadcrumb","itemListElement":[{"@type":"ListItem","position":1,"name":"Portada","item":"https:\/\/zeromagazine.mx\/"},{"@type":"ListItem","position":2,"name":"Destellos de Moda: PACTO Fashion Show en M\u00e9xico"}]},{"@type":"WebSite","@id":"https:\/\/zeromagazine.mx\/#website","url":"https:\/\/zeromagazine.mx\/","name":"Zero Magazine","description":"","publisher":{"@id":"https:\/\/zeromagazine.mx\/#organization"},"potentialAction":[{"@type":"SearchAction","target":{"@type":"EntryPoint","urlTemplate":"https:\/\/zeromagazine.mx\/?s={search_term_string}"},"query-input":{"@type":"PropertyValueSpecification","valueRequired":true,"valueName":"search_term_string"}}],"inLanguage":"es"},{"@type":"Organization","@id":"https:\/\/zeromagazine.mx\/#organization","name":"Zero Magazine","url":"https:\/\/zeromagazine.mx\/","logo":{"@type":"ImageObject","inLanguage":"es","@id":"https:\/\/zeromagazine.mx\/#\/schema\/logo\/image\/","url":"https:\/\/i0.wp.com\/zeromagazine.mx\/wp-content\/uploads\/2025\/11\/1.jpeg?fit=1000%2C1000&ssl=1","contentUrl":"https:\/\/i0.wp.com\/zeromagazine.mx\/wp-content\/uploads\/2025\/11\/1.jpeg?fit=1000%2C1000&ssl=1","width":1000,"height":1000,"caption":"Zero Magazine"},"image":{"@id":"https:\/\/zeromagazine.mx\/#\/schema\/logo\/image\/"},"sameAs":["https:\/\/instagram.com\/zeromagazinemx"]},{"@type":"Person","@id":"https:\/\/zeromagazine.mx\/#\/schema\/person\/9f7f1a17c60ba8e9980e3e6677aabe5a","name":"David Morales","image":{"@type":"ImageObject","inLanguage":"es","@id":"https:\/\/zeromagazine.mx\/wp-content\/litespeed\/avatar\/76069d2136bfc1c37dc34815bb67ca42.jpg?ver=1777571067","url":"https:\/\/zeromagazine.mx\/wp-content\/litespeed\/avatar\/76069d2136bfc1c37dc34815bb67ca42.jpg?ver=1777571067","contentUrl":"https:\/\/zeromagazine.mx\/wp-content\/litespeed\/avatar\/76069d2136bfc1c37dc34815bb67ca42.jpg?ver=1777571067","caption":"David Morales"},"url":"https:\/\/zeromagazine.mx\/index.php\/author\/david\/"}]}},"jetpack_publicize_connections":[],"jetpack_featured_media_url":"https:\/\/i0.wp.com\/zeromagazine.mx\/wp-content\/uploads\/2024\/01\/PACTO-32.jpg?fit=512%2C640&ssl=1","jetpack-related-posts":[{"id":107532,"url":"https:\/\/zeromagazine.mx\/index.php\/2025\/08\/27\/5-razones-volvo-fashion-week-mexico\/","url_meta":{"origin":70137,"position":0},"title":"5 razones para no perderte Volvo Fashion Week M\u00e9xico 2025","author":"David Morales","date":"27 de agosto de 2025","format":false,"excerpt":"Si eres de los que respira moda y ama descubrir talento mexicano, Volvo Fashion Week M\u00e9xico 2025 es el plan que no te puedes perder. Este a\u00f1o, la semana de la moda se vive en Santa Mar\u00eda la Ribera, un barrio que mezcla historia, arte y cultura local, y se\u2026","rel":"","context":"En \u00abModa\u00bb","block_context":{"text":"Moda","link":"https:\/\/zeromagazine.mx\/index.php\/category\/moda\/"},"img":{"alt_text":"","src":"https:\/\/i0.wp.com\/zeromagazine.mx\/wp-content\/uploads\/2025\/08\/img_6828-1.png?fit=959%2C1200&ssl=1&resize=350%2C200","width":350,"height":200,"srcset":"https:\/\/i0.wp.com\/zeromagazine.mx\/wp-content\/uploads\/2025\/08\/img_6828-1.png?fit=959%2C1200&ssl=1&resize=350%2C200 1x, https:\/\/i0.wp.com\/zeromagazine.mx\/wp-content\/uploads\/2025\/08\/img_6828-1.png?fit=959%2C1200&ssl=1&resize=525%2C300 1.5x, https:\/\/i0.wp.com\/zeromagazine.mx\/wp-content\/uploads\/2025\/08\/img_6828-1.png?fit=959%2C1200&ssl=1&resize=700%2C400 2x"},"classes":[]},{"id":117152,"url":"https:\/\/zeromagazine.mx\/index.php\/2026\/03\/23\/volvo-fashion-week-mexico-guadalajara-2026\/","url_meta":{"origin":70137,"position":1},"title":"Volvo Fashion Week M\u00e9xico vibra","author":"Luis Trujano","date":"23 de marzo de 2026","format":false,"excerpt":"La moda en M\u00e9xico est\u00e1 teniendo un momento, y no es casualidad. Volvo Fashion Week M\u00e9xico est\u00e1 llevando todo a otro nivel al aterrizar en Guadalajara, convirtiendo la ciudad en un hotspot creativo donde el dise\u00f1o, la cultura y el turismo se mezclan de forma muy real. Adem\u00e1s, no se\u2026","rel":"","context":"En \u00abModa\u00bb","block_context":{"text":"Moda","link":"https:\/\/zeromagazine.mx\/index.php\/category\/moda\/"},"img":{"alt_text":"","src":"https:\/\/i0.wp.com\/zeromagazine.mx\/wp-content\/uploads\/2026\/03\/IMG_6579.jpeg?fit=1200%2C800&ssl=1&resize=350%2C200","width":350,"height":200,"srcset":"https:\/\/i0.wp.com\/zeromagazine.mx\/wp-content\/uploads\/2026\/03\/IMG_6579.jpeg?fit=1200%2C800&ssl=1&resize=350%2C200 1x, https:\/\/i0.wp.com\/zeromagazine.mx\/wp-content\/uploads\/2026\/03\/IMG_6579.jpeg?fit=1200%2C800&ssl=1&resize=525%2C300 1.5x, https:\/\/i0.wp.com\/zeromagazine.mx\/wp-content\/uploads\/2026\/03\/IMG_6579.jpeg?fit=1200%2C800&ssl=1&resize=700%2C400 2x, https:\/\/i0.wp.com\/zeromagazine.mx\/wp-content\/uploads\/2026\/03\/IMG_6579.jpeg?fit=1200%2C800&ssl=1&resize=1050%2C600 3x"},"classes":[]},{"id":93002,"url":"https:\/\/zeromagazine.mx\/index.php\/2024\/12\/12\/todo-lo-que-paso-en-el-fashion-show\/","url_meta":{"origin":70137,"position":2},"title":"Todo lo que Pas\u00f3 en el Fashion Show","author":"zeromagazinemx","date":"12 de diciembre de 2024","format":false,"excerpt":"Amix \u00bfQu\u00e9 pasa cuando la tecnolog\u00eda, el dise\u00f1o y la creatividad se encuentran en una pasarela? Algo m\u00e1gico, algo disruptivo. As\u00ed se vivi\u00f3 el Fashion Show de Mercado Libre by Jannette Klein dentro de Expogr\u00e1fica 2024, donde la ic\u00f3nica caja de cart\u00f3n de Mercado Libre se transform\u00f3 en un s\u00edmbolo\u2026","rel":"","context":"En \u00abModa\u00bb","block_context":{"text":"Moda","link":"https:\/\/zeromagazine.mx\/index.php\/category\/moda\/"},"img":{"alt_text":"","src":"https:\/\/i0.wp.com\/zeromagazine.mx\/wp-content\/uploads\/2024\/12\/1_-2.jpeg?fit=900%2C1200&ssl=1&resize=350%2C200","width":350,"height":200,"srcset":"https:\/\/i0.wp.com\/zeromagazine.mx\/wp-content\/uploads\/2024\/12\/1_-2.jpeg?fit=900%2C1200&ssl=1&resize=350%2C200 1x, https:\/\/i0.wp.com\/zeromagazine.mx\/wp-content\/uploads\/2024\/12\/1_-2.jpeg?fit=900%2C1200&ssl=1&resize=525%2C300 1.5x, https:\/\/i0.wp.com\/zeromagazine.mx\/wp-content\/uploads\/2024\/12\/1_-2.jpeg?fit=900%2C1200&ssl=1&resize=700%2C400 2x"},"classes":[]},{"id":118551,"url":"https:\/\/zeromagazine.mx\/index.php\/2026\/04\/15\/volvo-fashion-week-mexico-guadalajara-2026-3\/","url_meta":{"origin":70137,"position":3},"title":"Guadalajara no es sede, es se\u00f1al","author":"zeromagazinemx","date":"15 de abril de 2026","format":false,"excerpt":"Lo que est\u00e1 pasando en Guadalajara no es solo una fashion week. Es un s\u00edntoma claro de hacia d\u00f3nde se est\u00e1 moviendo la industria en M\u00e9xico. Guadalajara no solo recibe a Volvo Fashion Week M\u00e9xico, la redefine. Esta edici\u00f3n deja claro algo que ya se ven\u00eda sintiendo: la moda mexicana\u2026","rel":"","context":"En \u00abDise\u00f1o\u00bb","block_context":{"text":"Dise\u00f1o","link":"https:\/\/zeromagazine.mx\/index.php\/category\/diseno\/"},"img":{"alt_text":"","src":"https:\/\/i0.wp.com\/zeromagazine.mx\/wp-content\/uploads\/2026\/04\/2026-03-Volvo-FW46803A-1-scaled.jpg?fit=1200%2C800&ssl=1&resize=350%2C200","width":350,"height":200,"srcset":"https:\/\/i0.wp.com\/zeromagazine.mx\/wp-content\/uploads\/2026\/04\/2026-03-Volvo-FW46803A-1-scaled.jpg?fit=1200%2C800&ssl=1&resize=350%2C200 1x, https:\/\/i0.wp.com\/zeromagazine.mx\/wp-content\/uploads\/2026\/04\/2026-03-Volvo-FW46803A-1-scaled.jpg?fit=1200%2C800&ssl=1&resize=525%2C300 1.5x, https:\/\/i0.wp.com\/zeromagazine.mx\/wp-content\/uploads\/2026\/04\/2026-03-Volvo-FW46803A-1-scaled.jpg?fit=1200%2C800&ssl=1&resize=700%2C400 2x, https:\/\/i0.wp.com\/zeromagazine.mx\/wp-content\/uploads\/2026\/04\/2026-03-Volvo-FW46803A-1-scaled.jpg?fit=1200%2C800&ssl=1&resize=1050%2C600 3x"},"classes":[]},{"id":104259,"url":"https:\/\/zeromagazine.mx\/index.php\/2025\/05\/16\/el-fashion-week-mexico-se-revive-con-grupo-modelo\/","url_meta":{"origin":70137,"position":4},"title":"El Fashion Week M\u00e9xico Se Revive con Grupo Modelo","author":"David Morales","date":"16 de mayo de 2025","format":false,"excerpt":"Amix, \u00bfse imaginan ver moda mexicana contempor\u00e1nea en el mismo lugar donde naci\u00f3 la Corona? Pues eso justo pas\u00f3 en el Fashion Week M\u00e9xico 2025, cuando la dise\u00f1adora Carla Fern\u00e1ndez present\u00f3 su nueva colecci\u00f3n dentro de la Cervecer\u00eda Modelo, en pleno Lago Alberto. Una pasarela que uni\u00f3 dise\u00f1o, tradici\u00f3n y\u2026","rel":"","context":"En \u00abModa\u00bb","block_context":{"text":"Moda","link":"https:\/\/zeromagazine.mx\/index.php\/category\/moda\/"},"img":{"alt_text":"","src":"https:\/\/i0.wp.com\/zeromagazine.mx\/wp-content\/uploads\/2025\/05\/CARLA-FERNANDEZ-DSC03439-scaled.jpg?fit=800%2C1200&ssl=1&resize=350%2C200","width":350,"height":200,"srcset":"https:\/\/i0.wp.com\/zeromagazine.mx\/wp-content\/uploads\/2025\/05\/CARLA-FERNANDEZ-DSC03439-scaled.jpg?fit=800%2C1200&ssl=1&resize=350%2C200 1x, https:\/\/i0.wp.com\/zeromagazine.mx\/wp-content\/uploads\/2025\/05\/CARLA-FERNANDEZ-DSC03439-scaled.jpg?fit=800%2C1200&ssl=1&resize=525%2C300 1.5x, https:\/\/i0.wp.com\/zeromagazine.mx\/wp-content\/uploads\/2025\/05\/CARLA-FERNANDEZ-DSC03439-scaled.jpg?fit=800%2C1200&ssl=1&resize=700%2C400 2x"},"classes":[]},{"id":117164,"url":"https:\/\/zeromagazine.mx\/index.php\/2026\/03\/23\/volvo-fashion-week-mexico-enciende-guadalajara\/","url_meta":{"origin":70137,"position":5},"title":"Volvo Fashion Week M\u00e9xico enciende Guadalajara","author":"Luis Trujano","date":"23 de marzo de 2026","format":false,"excerpt":"La moda mexicana est\u00e1 entrando en una nueva era, y Volvo Fashion Week M\u00e9xico lo est\u00e1 dejando clar\u00edsimo. Esta vez, el epicentro no es Ciudad de M\u00e9xico, sino Guadalajara, que del 14 al 17 de abril se convierte en el punto de encuentro donde dise\u00f1o, cultura y turismo se mezclan\u2026","rel":"","context":"En \u00abBlog\u00bb","block_context":{"text":"Blog","link":"https:\/\/zeromagazine.mx\/index.php\/category\/blog\/"},"img":{"alt_text":"","src":"https:\/\/i0.wp.com\/zeromagazine.mx\/wp-content\/uploads\/2026\/03\/IMG_6579-2.jpeg?fit=1200%2C800&ssl=1&resize=350%2C200","width":350,"height":200,"srcset":"https:\/\/i0.wp.com\/zeromagazine.mx\/wp-content\/uploads\/2026\/03\/IMG_6579-2.jpeg?fit=1200%2C800&ssl=1&resize=350%2C200 1x, https:\/\/i0.wp.com\/zeromagazine.mx\/wp-content\/uploads\/2026\/03\/IMG_6579-2.jpeg?fit=1200%2C800&ssl=1&resize=525%2C300 1.5x, https:\/\/i0.wp.com\/zeromagazine.mx\/wp-content\/uploads\/2026\/03\/IMG_6579-2.jpeg?fit=1200%2C800&ssl=1&resize=700%2C400 2x, https:\/\/i0.wp.com\/zeromagazine.mx\/wp-content\/uploads\/2026\/03\/IMG_6579-2.jpeg?fit=1200%2C800&ssl=1&resize=1050%2C600 3x"},"classes":[]}],"jetpack_sharing_enabled":true,"builder_content":"","_links":{"self":[{"href":"https:\/\/zeromagazine.mx\/index.php\/wp-json\/wp\/v2\/posts\/70137","targetHints":{"allow":["GET"]}}],"collection":[{"href":"https:\/\/zeromagazine.mx\/index.php\/wp-json\/wp\/v2\/posts"}],"about":[{"href":"https:\/\/zeromagazine.mx\/index.php\/wp-json\/wp\/v2\/types\/post"}],"author":[{"embeddable":true,"href":"https:\/\/zeromagazine.mx\/index.php\/wp-json\/wp\/v2\/users\/4"}],"replies":[{"embeddable":true,"href":"https:\/\/zeromagazine.mx\/index.php\/wp-json\/wp\/v2\/comments?post=70137"}],"version-history":[{"count":2,"href":"https:\/\/zeromagazine.mx\/index.php\/wp-json\/wp\/v2\/posts\/70137\/revisions"}],"predecessor-version":[{"id":70142,"href":"https:\/\/zeromagazine.mx\/index.php\/wp-json\/wp\/v2\/posts\/70137\/revisions\/70142"}],"wp:featuredmedia":[{"embeddable":true,"href":"https:\/\/zeromagazine.mx\/index.php\/wp-json\/wp\/v2\/media\/70138"}],"wp:attachment":[{"href":"https:\/\/zeromagazine.mx\/index.php\/wp-json\/wp\/v2\/media?parent=70137"}],"wp:term":[{"taxonomy":"category","embeddable":true,"href":"https:\/\/zeromagazine.mx\/index.php\/wp-json\/wp\/v2\/categories?post=70137"},{"taxonomy":"post_tag","embeddable":true,"href":"https:\/\/zeromagazine.mx\/index.php\/wp-json\/wp\/v2\/tags?post=70137"}],"curies":[{"name":"wp","href":"https:\/\/api.w.org\/{rel}","templated":true}]}}