{"id":70155,"date":"2024-01-04T02:26:28","date_gmt":"2024-01-04T01:26:28","guid":{"rendered":"https:\/\/zeromagazine.mx\/?p=70155"},"modified":"2024-01-04T02:26:28","modified_gmt":"2024-01-04T01:26:28","slug":"reflejos-del-alma-el-arte-de-francisco-diego","status":"publish","type":"post","link":"https:\/\/zeromagazine.mx\/index.php\/2024\/01\/04\/reflejos-del-alma-el-arte-de-francisco-diego\/","title":{"rendered":"Reflejos del Alma: El Arte de Francisco Diego"},"content":{"rendered":"<!--themify_builder_content-->\n<div id=\"themify_builder_content-70155\" data-postid=\"70155\" class=\"themify_builder_content themify_builder_content-70155 themify_builder tf_clear\">\n    <\/div>\n<!--\/themify_builder_content-->\n\n\n<p>\u00bfListos para sumergirnos en el incre\u00edble universo art\u00edstico de Francisco Diego? Este artista multidisciplinario nos lleva en un viaje de autenticidad y reflexi\u00f3n a trav\u00e9s de sus pinturas, esculturas y poes\u00eda. \u00bfTe suena fascinante? Pues prep\u00e1rate para conocer m\u00e1s sobre este talento que nos ha conquistado con su obra.<\/p>\n\n\n\n<p>Francisco Diego es como el reflejo de nuestras experiencias cotidianas, \u00bfsabes? Es como si plasmara nuestras emociones en sus creaciones. Ahora bien, hablemos de su trayectoria. Este chico empez\u00f3 sus andanzas art\u00edsticas mientras estudiaba Dise\u00f1o Industrial en la Universidad Iberoamericana de la Ciudad de M\u00e9xico. \u00a1Imagina qu\u00e9 interesante fue ver c\u00f3mo esa formaci\u00f3n influenci\u00f3 su perspectiva en la escultura, la pintura y la poes\u00eda!<\/p>\n\n\n\n<p>\u00bfQu\u00e9 tal si te cuento sobre sus logros? No es por presumir, pero Francisco ha dejado huella en diferentes rincones. Desde exhibiciones en la Embajada de M\u00e9xico hasta recorridos por Am\u00e9rica del Norte, ha compartido su visi\u00f3n a trav\u00e9s de obras como \u00abEthos\u00bb o \u00abM\u00e9xico in a Blink\u00bb. Y ahora, con su serie \u00abDulce Bilis\u00bb, nos invita a sumergirnos en la b\u00fasqueda de nuestra autenticidad m\u00e1s pura. \u00bfTe suena interesante?<\/p>\n\n\n<div class=\"wp-block-image\">\n<figure class=\"aligncenter size-full is-resized\"><img data-recalc-dims=\"1\" decoding=\"async\" width=\"772\" height=\"759\" src=\"https:\/\/i0.wp.com\/zeromagazine.mx\/wp-content\/uploads\/2024\/01\/Opera-Captura-de-pantalla_2024-01-03_192134_www.instagram.com_.png?resize=772%2C759&#038;ssl=1\" alt=\"\" class=\"wp-image-70156\" style=\"width:326px;height:auto\" srcset=\"https:\/\/i0.wp.com\/zeromagazine.mx\/wp-content\/uploads\/2024\/01\/Opera-Captura-de-pantalla_2024-01-03_192134_www.instagram.com_.png?w=772&amp;ssl=1 772w, https:\/\/i0.wp.com\/zeromagazine.mx\/wp-content\/uploads\/2024\/01\/Opera-Captura-de-pantalla_2024-01-03_192134_www.instagram.com_.png?resize=300%2C295&amp;ssl=1 300w, https:\/\/i0.wp.com\/zeromagazine.mx\/wp-content\/uploads\/2024\/01\/Opera-Captura-de-pantalla_2024-01-03_192134_www.instagram.com_.png?resize=768%2C755&amp;ssl=1 768w\" sizes=\"(max-width: 772px) 100vw, 772px\" \/><\/figure>\n<\/div>\n\n\n<script async src=\"https:\/\/pagead2.googlesyndication.com\/pagead\/js\/adsbygoogle.js?client=ca-pub-5499304793904745\"\n     crossorigin=\"anonymous\"><\/script>\n<ins class=\"adsbygoogle\"\n     style=\"display:block; text-align:center;\"\n     data-ad-layout=\"in-article\"\n     data-ad-format=\"fluid\"\n     data-ad-client=\"ca-pub-5499304793904745\"\n     data-ad-slot=\"5994863093\"><\/ins>\n<script>\n     (adsbygoogle = window.adsbygoogle || []).push({});\n<\/script>\n\n\n\n<p>\u00a1Ahora viene lo mejor! En su serie \u00abSultano de Nudos\u00bb, nos muestra el poderoso abrazo que podemos ofrecer en momentos dif\u00edciles. Es como un recordatorio de la fuerza que reside en el apoyo mutuo. Y con \u00abOtro M\u00e1s Que Colg\u00f3 Los Tenis\u00bb, Francisco nos hace vibrar con la cotidianidad de la vida, abordando emociones como la tristeza y la incertidumbre.<\/p>\n\n\n\n<p>Pero espera, \u00a1hay m\u00e1s! Sus esculturas de bronce, expuestas en lugares emblem\u00e1ticos como Parque Lincoln, son como testimonios vivos de la sensibilidad mexicana. Cada obra es como una pieza que contribuye al acervo cultural del arte contempor\u00e1neo, \u00a1una verdadera maravilla!<\/p>\n\n\n\n<p>As\u00ed que, amix, \u00bfqu\u00e9 te parece sumergirte en este universo de emociones y reflexiones que nos regala Francisco Diego? No te pierdas la oportunidad de explorar su obra, \u00a1te aseguro que te sorprender\u00e1 y te har\u00e1 sentir un mont\u00f3n!<\/p>\n\n\n<div class=\"wp-block-image\">\n<figure class=\"aligncenter size-full\"><img data-recalc-dims=\"1\" decoding=\"async\" width=\"340\" height=\"284\" src=\"https:\/\/i0.wp.com\/zeromagazine.mx\/wp-content\/uploads\/2024\/01\/Opera-Captura-de-pantalla_2024-01-03_192027_www.franciscodiego.art_.png?resize=340%2C284&#038;ssl=1\" alt=\"\" class=\"wp-image-70157\" srcset=\"https:\/\/i0.wp.com\/zeromagazine.mx\/wp-content\/uploads\/2024\/01\/Opera-Captura-de-pantalla_2024-01-03_192027_www.franciscodiego.art_.png?w=340&amp;ssl=1 340w, https:\/\/i0.wp.com\/zeromagazine.mx\/wp-content\/uploads\/2024\/01\/Opera-Captura-de-pantalla_2024-01-03_192027_www.franciscodiego.art_.png?resize=300%2C251&amp;ssl=1 300w\" sizes=\"(max-width: 340px) 100vw, 340px\" \/><\/figure>\n<\/div>\n\n\n<script async src=\"https:\/\/pagead2.googlesyndication.com\/pagead\/js\/adsbygoogle.js?client=ca-pub-5499304793904745\"\n     crossorigin=\"anonymous\"><\/script>\n<ins class=\"adsbygoogle\"\n     style=\"display:block; text-align:center;\"\n     data-ad-layout=\"in-article\"\n     data-ad-format=\"fluid\"\n     data-ad-client=\"ca-pub-5499304793904745\"\n     data-ad-slot=\"5994863093\"><\/ins>\n<script>\n     (adsbygoogle = window.adsbygoogle || []).push({});\n<\/script>\n\n\n\n<ul class=\"wp-block-social-links aligncenter is-layout-flex wp-block-social-links-is-layout-flex\">\n\n\n\n<\/ul>","protected":false},"excerpt":{"rendered":"<p>\u00bfListos para sumergirnos en el incre\u00edble universo art\u00edstico de Francisco Diego? Este artista multidisciplinario nos lleva en un viaje de autenticidad y reflexi\u00f3n a trav\u00e9s de sus pinturas, esculturas y poes\u00eda. \u00bfTe suena fascinante? Pues prep\u00e1rate para conocer m\u00e1s sobre este talento que nos ha conquistado con su obra. Francisco Diego es como el reflejo [&hellip;]<\/p>\n","protected":false},"author":4,"featured_media":70158,"comment_status":"open","ping_status":"open","sticky":false,"template":"","format":"standard","meta":{"_jetpack_memberships_contains_paid_content":false,"footnotes":"","jetpack_publicize_message":"","jetpack_publicize_feature_enabled":true,"jetpack_social_post_already_shared":false,"jetpack_social_options":{"image_generator_settings":{"template":"highway","default_image_id":0,"font":"","enabled":false},"version":2}},"categories":[63,67],"tags":[1598,6790,6669,6791],"class_list":["post-70155","post","type-post","status-publish","format-standard","has-post-thumbnail","hentry","category-lifestyle","category-moda","tag-cdmx","tag-francisco-diego","tag-news","tag-reflejosdelalma","has-post-title","has-post-date","has-post-category","has-post-tag","has-post-comment","has-post-author",""],"yoast_head":"<!-- This site is optimized with the Yoast SEO plugin v27.5 - https:\/\/yoast.com\/product\/yoast-seo-wordpress\/ -->\n<title>Reflejos del Alma: El Arte de Francisco Diego - Zero Magazine<\/title>\n<meta name=\"robots\" content=\"index, follow, max-snippet:-1, max-image-preview:large, max-video-preview:-1\" \/>\n<link rel=\"canonical\" href=\"https:\/\/zeromagazine.mx\/index.php\/2024\/01\/04\/reflejos-del-alma-el-arte-de-francisco-diego\/\" \/>\n<meta property=\"og:locale\" content=\"es_ES\" \/>\n<meta property=\"og:type\" content=\"article\" \/>\n<meta property=\"og:title\" content=\"Reflejos del Alma: El Arte de Francisco Diego - Zero Magazine\" \/>\n<meta property=\"og:description\" content=\"\u00bfListos para sumergirnos en el incre\u00edble universo art\u00edstico de Francisco Diego? Este artista multidisciplinario nos lleva en un viaje de autenticidad y reflexi\u00f3n a trav\u00e9s de sus pinturas, esculturas y poes\u00eda. \u00bfTe suena fascinante? Pues prep\u00e1rate para conocer m\u00e1s sobre este talento que nos ha conquistado con su obra. Francisco Diego es como el reflejo [&hellip;]\" \/>\n<meta property=\"og:url\" content=\"https:\/\/zeromagazine.mx\/index.php\/2024\/01\/04\/reflejos-del-alma-el-arte-de-francisco-diego\/\" \/>\n<meta property=\"og:site_name\" content=\"Zero Magazine\" \/>\n<meta property=\"article:published_time\" content=\"2024-01-04T01:26:28+00:00\" \/>\n<meta property=\"og:image\" content=\"https:\/\/i0.wp.com\/zeromagazine.mx\/wp-content\/uploads\/2024\/01\/Opera-Captura-de-pantalla_2024-01-03_192048_www.franciscodiego.art_.png?fit=338%2C328&ssl=1\" \/>\n\t<meta property=\"og:image:width\" content=\"338\" \/>\n\t<meta property=\"og:image:height\" content=\"328\" \/>\n\t<meta property=\"og:image:type\" content=\"image\/png\" \/>\n<meta name=\"author\" content=\"David Morales\" \/>\n<meta name=\"twitter:card\" content=\"summary_large_image\" \/>\n<meta name=\"twitter:label1\" content=\"Escrito por\" \/>\n\t<meta name=\"twitter:data1\" content=\"David Morales\" \/>\n\t<meta name=\"twitter:label2\" content=\"Tiempo de lectura\" \/>\n\t<meta name=\"twitter:data2\" content=\"2 minutos\" \/>\n<script type=\"application\/ld+json\" class=\"yoast-schema-graph\">{\"@context\":\"https:\\\/\\\/schema.org\",\"@graph\":[{\"@type\":\"Article\",\"@id\":\"https:\\\/\\\/zeromagazine.mx\\\/index.php\\\/2024\\\/01\\\/04\\\/reflejos-del-alma-el-arte-de-francisco-diego\\\/#article\",\"isPartOf\":{\"@id\":\"https:\\\/\\\/zeromagazine.mx\\\/index.php\\\/2024\\\/01\\\/04\\\/reflejos-del-alma-el-arte-de-francisco-diego\\\/\"},\"author\":{\"name\":\"David Morales\",\"@id\":\"https:\\\/\\\/zeromagazine.mx\\\/#\\\/schema\\\/person\\\/9f7f1a17c60ba8e9980e3e6677aabe5a\"},\"headline\":\"Reflejos del Alma: El Arte de Francisco Diego\",\"datePublished\":\"2024-01-04T01:26:28+00:00\",\"mainEntityOfPage\":{\"@id\":\"https:\\\/\\\/zeromagazine.mx\\\/index.php\\\/2024\\\/01\\\/04\\\/reflejos-del-alma-el-arte-de-francisco-diego\\\/\"},\"wordCount\":356,\"commentCount\":0,\"publisher\":{\"@id\":\"https:\\\/\\\/zeromagazine.mx\\\/#organization\"},\"image\":{\"@id\":\"https:\\\/\\\/zeromagazine.mx\\\/index.php\\\/2024\\\/01\\\/04\\\/reflejos-del-alma-el-arte-de-francisco-diego\\\/#primaryimage\"},\"thumbnailUrl\":\"https:\\\/\\\/i0.wp.com\\\/zeromagazine.mx\\\/wp-content\\\/uploads\\\/2024\\\/01\\\/Opera-Captura-de-pantalla_2024-01-03_192048_www.franciscodiego.art_.png?fit=338%2C328&ssl=1\",\"keywords\":[\"CDMX\",\"Francisco Diego\",\"News\",\"ReflejosdelAlma\"],\"articleSection\":[\"Lifestyle\",\"Moda\"],\"inLanguage\":\"es\",\"potentialAction\":[{\"@type\":\"CommentAction\",\"name\":\"Comment\",\"target\":[\"https:\\\/\\\/zeromagazine.mx\\\/index.php\\\/2024\\\/01\\\/04\\\/reflejos-del-alma-el-arte-de-francisco-diego\\\/#respond\"]}]},{\"@type\":\"WebPage\",\"@id\":\"https:\\\/\\\/zeromagazine.mx\\\/index.php\\\/2024\\\/01\\\/04\\\/reflejos-del-alma-el-arte-de-francisco-diego\\\/\",\"url\":\"https:\\\/\\\/zeromagazine.mx\\\/index.php\\\/2024\\\/01\\\/04\\\/reflejos-del-alma-el-arte-de-francisco-diego\\\/\",\"name\":\"Reflejos del Alma: El Arte de Francisco Diego - Zero Magazine\",\"isPartOf\":{\"@id\":\"https:\\\/\\\/zeromagazine.mx\\\/#website\"},\"primaryImageOfPage\":{\"@id\":\"https:\\\/\\\/zeromagazine.mx\\\/index.php\\\/2024\\\/01\\\/04\\\/reflejos-del-alma-el-arte-de-francisco-diego\\\/#primaryimage\"},\"image\":{\"@id\":\"https:\\\/\\\/zeromagazine.mx\\\/index.php\\\/2024\\\/01\\\/04\\\/reflejos-del-alma-el-arte-de-francisco-diego\\\/#primaryimage\"},\"thumbnailUrl\":\"https:\\\/\\\/i0.wp.com\\\/zeromagazine.mx\\\/wp-content\\\/uploads\\\/2024\\\/01\\\/Opera-Captura-de-pantalla_2024-01-03_192048_www.franciscodiego.art_.png?fit=338%2C328&ssl=1\",\"datePublished\":\"2024-01-04T01:26:28+00:00\",\"breadcrumb\":{\"@id\":\"https:\\\/\\\/zeromagazine.mx\\\/index.php\\\/2024\\\/01\\\/04\\\/reflejos-del-alma-el-arte-de-francisco-diego\\\/#breadcrumb\"},\"inLanguage\":\"es\",\"potentialAction\":[{\"@type\":\"ReadAction\",\"target\":[\"https:\\\/\\\/zeromagazine.mx\\\/index.php\\\/2024\\\/01\\\/04\\\/reflejos-del-alma-el-arte-de-francisco-diego\\\/\"]}]},{\"@type\":\"ImageObject\",\"inLanguage\":\"es\",\"@id\":\"https:\\\/\\\/zeromagazine.mx\\\/index.php\\\/2024\\\/01\\\/04\\\/reflejos-del-alma-el-arte-de-francisco-diego\\\/#primaryimage\",\"url\":\"https:\\\/\\\/i0.wp.com\\\/zeromagazine.mx\\\/wp-content\\\/uploads\\\/2024\\\/01\\\/Opera-Captura-de-pantalla_2024-01-03_192048_www.franciscodiego.art_.png?fit=338%2C328&ssl=1\",\"contentUrl\":\"https:\\\/\\\/i0.wp.com\\\/zeromagazine.mx\\\/wp-content\\\/uploads\\\/2024\\\/01\\\/Opera-Captura-de-pantalla_2024-01-03_192048_www.franciscodiego.art_.png?fit=338%2C328&ssl=1\",\"width\":338,\"height\":328},{\"@type\":\"BreadcrumbList\",\"@id\":\"https:\\\/\\\/zeromagazine.mx\\\/index.php\\\/2024\\\/01\\\/04\\\/reflejos-del-alma-el-arte-de-francisco-diego\\\/#breadcrumb\",\"itemListElement\":[{\"@type\":\"ListItem\",\"position\":1,\"name\":\"Portada\",\"item\":\"https:\\\/\\\/zeromagazine.mx\\\/\"},{\"@type\":\"ListItem\",\"position\":2,\"name\":\"Reflejos del Alma: El Arte de Francisco Diego\"}]},{\"@type\":\"WebSite\",\"@id\":\"https:\\\/\\\/zeromagazine.mx\\\/#website\",\"url\":\"https:\\\/\\\/zeromagazine.mx\\\/\",\"name\":\"Zero Magazine\",\"description\":\"\",\"publisher\":{\"@id\":\"https:\\\/\\\/zeromagazine.mx\\\/#organization\"},\"potentialAction\":[{\"@type\":\"SearchAction\",\"target\":{\"@type\":\"EntryPoint\",\"urlTemplate\":\"https:\\\/\\\/zeromagazine.mx\\\/?s={search_term_string}\"},\"query-input\":{\"@type\":\"PropertyValueSpecification\",\"valueRequired\":true,\"valueName\":\"search_term_string\"}}],\"inLanguage\":\"es\"},{\"@type\":\"Organization\",\"@id\":\"https:\\\/\\\/zeromagazine.mx\\\/#organization\",\"name\":\"Zero Magazine\",\"url\":\"https:\\\/\\\/zeromagazine.mx\\\/\",\"logo\":{\"@type\":\"ImageObject\",\"inLanguage\":\"es\",\"@id\":\"https:\\\/\\\/zeromagazine.mx\\\/#\\\/schema\\\/logo\\\/image\\\/\",\"url\":\"https:\\\/\\\/i0.wp.com\\\/zeromagazine.mx\\\/wp-content\\\/uploads\\\/2025\\\/11\\\/1.jpeg?fit=1000%2C1000&ssl=1\",\"contentUrl\":\"https:\\\/\\\/i0.wp.com\\\/zeromagazine.mx\\\/wp-content\\\/uploads\\\/2025\\\/11\\\/1.jpeg?fit=1000%2C1000&ssl=1\",\"width\":1000,\"height\":1000,\"caption\":\"Zero Magazine\"},\"image\":{\"@id\":\"https:\\\/\\\/zeromagazine.mx\\\/#\\\/schema\\\/logo\\\/image\\\/\"},\"sameAs\":[\"https:\\\/\\\/instagram.com\\\/zeromagazinemx\"]},{\"@type\":\"Person\",\"@id\":\"https:\\\/\\\/zeromagazine.mx\\\/#\\\/schema\\\/person\\\/9f7f1a17c60ba8e9980e3e6677aabe5a\",\"name\":\"David Morales\",\"image\":{\"@type\":\"ImageObject\",\"inLanguage\":\"es\",\"@id\":\"https:\\\/\\\/zeromagazine.mx\\\/wp-content\\\/litespeed\\\/avatar\\\/76069d2136bfc1c37dc34815bb67ca42.jpg?ver=1777571067\",\"url\":\"https:\\\/\\\/zeromagazine.mx\\\/wp-content\\\/litespeed\\\/avatar\\\/76069d2136bfc1c37dc34815bb67ca42.jpg?ver=1777571067\",\"contentUrl\":\"https:\\\/\\\/zeromagazine.mx\\\/wp-content\\\/litespeed\\\/avatar\\\/76069d2136bfc1c37dc34815bb67ca42.jpg?ver=1777571067\",\"caption\":\"David Morales\"},\"url\":\"https:\\\/\\\/zeromagazine.mx\\\/index.php\\\/author\\\/david\\\/\"}]}<\/script>\n<!-- \/ Yoast SEO plugin. -->","yoast_head_json":{"title":"Reflejos del Alma: El Arte de Francisco Diego - Zero Magazine","robots":{"index":"index","follow":"follow","max-snippet":"max-snippet:-1","max-image-preview":"max-image-preview:large","max-video-preview":"max-video-preview:-1"},"canonical":"https:\/\/zeromagazine.mx\/index.php\/2024\/01\/04\/reflejos-del-alma-el-arte-de-francisco-diego\/","og_locale":"es_ES","og_type":"article","og_title":"Reflejos del Alma: El Arte de Francisco Diego - Zero Magazine","og_description":"\u00bfListos para sumergirnos en el incre\u00edble universo art\u00edstico de Francisco Diego? Este artista multidisciplinario nos lleva en un viaje de autenticidad y reflexi\u00f3n a trav\u00e9s de sus pinturas, esculturas y poes\u00eda. \u00bfTe suena fascinante? Pues prep\u00e1rate para conocer m\u00e1s sobre este talento que nos ha conquistado con su obra. Francisco Diego es como el reflejo [&hellip;]","og_url":"https:\/\/zeromagazine.mx\/index.php\/2024\/01\/04\/reflejos-del-alma-el-arte-de-francisco-diego\/","og_site_name":"Zero Magazine","article_published_time":"2024-01-04T01:26:28+00:00","og_image":[{"width":338,"height":328,"url":"https:\/\/i0.wp.com\/zeromagazine.mx\/wp-content\/uploads\/2024\/01\/Opera-Captura-de-pantalla_2024-01-03_192048_www.franciscodiego.art_.png?fit=338%2C328&ssl=1","type":"image\/png"}],"author":"David Morales","twitter_card":"summary_large_image","twitter_misc":{"Escrito por":"David Morales","Tiempo de lectura":"2 minutos"},"schema":{"@context":"https:\/\/schema.org","@graph":[{"@type":"Article","@id":"https:\/\/zeromagazine.mx\/index.php\/2024\/01\/04\/reflejos-del-alma-el-arte-de-francisco-diego\/#article","isPartOf":{"@id":"https:\/\/zeromagazine.mx\/index.php\/2024\/01\/04\/reflejos-del-alma-el-arte-de-francisco-diego\/"},"author":{"name":"David Morales","@id":"https:\/\/zeromagazine.mx\/#\/schema\/person\/9f7f1a17c60ba8e9980e3e6677aabe5a"},"headline":"Reflejos del Alma: El Arte de Francisco Diego","datePublished":"2024-01-04T01:26:28+00:00","mainEntityOfPage":{"@id":"https:\/\/zeromagazine.mx\/index.php\/2024\/01\/04\/reflejos-del-alma-el-arte-de-francisco-diego\/"},"wordCount":356,"commentCount":0,"publisher":{"@id":"https:\/\/zeromagazine.mx\/#organization"},"image":{"@id":"https:\/\/zeromagazine.mx\/index.php\/2024\/01\/04\/reflejos-del-alma-el-arte-de-francisco-diego\/#primaryimage"},"thumbnailUrl":"https:\/\/i0.wp.com\/zeromagazine.mx\/wp-content\/uploads\/2024\/01\/Opera-Captura-de-pantalla_2024-01-03_192048_www.franciscodiego.art_.png?fit=338%2C328&ssl=1","keywords":["CDMX","Francisco Diego","News","ReflejosdelAlma"],"articleSection":["Lifestyle","Moda"],"inLanguage":"es","potentialAction":[{"@type":"CommentAction","name":"Comment","target":["https:\/\/zeromagazine.mx\/index.php\/2024\/01\/04\/reflejos-del-alma-el-arte-de-francisco-diego\/#respond"]}]},{"@type":"WebPage","@id":"https:\/\/zeromagazine.mx\/index.php\/2024\/01\/04\/reflejos-del-alma-el-arte-de-francisco-diego\/","url":"https:\/\/zeromagazine.mx\/index.php\/2024\/01\/04\/reflejos-del-alma-el-arte-de-francisco-diego\/","name":"Reflejos del Alma: El Arte de Francisco Diego - Zero Magazine","isPartOf":{"@id":"https:\/\/zeromagazine.mx\/#website"},"primaryImageOfPage":{"@id":"https:\/\/zeromagazine.mx\/index.php\/2024\/01\/04\/reflejos-del-alma-el-arte-de-francisco-diego\/#primaryimage"},"image":{"@id":"https:\/\/zeromagazine.mx\/index.php\/2024\/01\/04\/reflejos-del-alma-el-arte-de-francisco-diego\/#primaryimage"},"thumbnailUrl":"https:\/\/i0.wp.com\/zeromagazine.mx\/wp-content\/uploads\/2024\/01\/Opera-Captura-de-pantalla_2024-01-03_192048_www.franciscodiego.art_.png?fit=338%2C328&ssl=1","datePublished":"2024-01-04T01:26:28+00:00","breadcrumb":{"@id":"https:\/\/zeromagazine.mx\/index.php\/2024\/01\/04\/reflejos-del-alma-el-arte-de-francisco-diego\/#breadcrumb"},"inLanguage":"es","potentialAction":[{"@type":"ReadAction","target":["https:\/\/zeromagazine.mx\/index.php\/2024\/01\/04\/reflejos-del-alma-el-arte-de-francisco-diego\/"]}]},{"@type":"ImageObject","inLanguage":"es","@id":"https:\/\/zeromagazine.mx\/index.php\/2024\/01\/04\/reflejos-del-alma-el-arte-de-francisco-diego\/#primaryimage","url":"https:\/\/i0.wp.com\/zeromagazine.mx\/wp-content\/uploads\/2024\/01\/Opera-Captura-de-pantalla_2024-01-03_192048_www.franciscodiego.art_.png?fit=338%2C328&ssl=1","contentUrl":"https:\/\/i0.wp.com\/zeromagazine.mx\/wp-content\/uploads\/2024\/01\/Opera-Captura-de-pantalla_2024-01-03_192048_www.franciscodiego.art_.png?fit=338%2C328&ssl=1","width":338,"height":328},{"@type":"BreadcrumbList","@id":"https:\/\/zeromagazine.mx\/index.php\/2024\/01\/04\/reflejos-del-alma-el-arte-de-francisco-diego\/#breadcrumb","itemListElement":[{"@type":"ListItem","position":1,"name":"Portada","item":"https:\/\/zeromagazine.mx\/"},{"@type":"ListItem","position":2,"name":"Reflejos del Alma: El Arte de Francisco Diego"}]},{"@type":"WebSite","@id":"https:\/\/zeromagazine.mx\/#website","url":"https:\/\/zeromagazine.mx\/","name":"Zero Magazine","description":"","publisher":{"@id":"https:\/\/zeromagazine.mx\/#organization"},"potentialAction":[{"@type":"SearchAction","target":{"@type":"EntryPoint","urlTemplate":"https:\/\/zeromagazine.mx\/?s={search_term_string}"},"query-input":{"@type":"PropertyValueSpecification","valueRequired":true,"valueName":"search_term_string"}}],"inLanguage":"es"},{"@type":"Organization","@id":"https:\/\/zeromagazine.mx\/#organization","name":"Zero Magazine","url":"https:\/\/zeromagazine.mx\/","logo":{"@type":"ImageObject","inLanguage":"es","@id":"https:\/\/zeromagazine.mx\/#\/schema\/logo\/image\/","url":"https:\/\/i0.wp.com\/zeromagazine.mx\/wp-content\/uploads\/2025\/11\/1.jpeg?fit=1000%2C1000&ssl=1","contentUrl":"https:\/\/i0.wp.com\/zeromagazine.mx\/wp-content\/uploads\/2025\/11\/1.jpeg?fit=1000%2C1000&ssl=1","width":1000,"height":1000,"caption":"Zero Magazine"},"image":{"@id":"https:\/\/zeromagazine.mx\/#\/schema\/logo\/image\/"},"sameAs":["https:\/\/instagram.com\/zeromagazinemx"]},{"@type":"Person","@id":"https:\/\/zeromagazine.mx\/#\/schema\/person\/9f7f1a17c60ba8e9980e3e6677aabe5a","name":"David Morales","image":{"@type":"ImageObject","inLanguage":"es","@id":"https:\/\/zeromagazine.mx\/wp-content\/litespeed\/avatar\/76069d2136bfc1c37dc34815bb67ca42.jpg?ver=1777571067","url":"https:\/\/zeromagazine.mx\/wp-content\/litespeed\/avatar\/76069d2136bfc1c37dc34815bb67ca42.jpg?ver=1777571067","contentUrl":"https:\/\/zeromagazine.mx\/wp-content\/litespeed\/avatar\/76069d2136bfc1c37dc34815bb67ca42.jpg?ver=1777571067","caption":"David Morales"},"url":"https:\/\/zeromagazine.mx\/index.php\/author\/david\/"}]}},"jetpack_publicize_connections":[],"jetpack_featured_media_url":"https:\/\/i0.wp.com\/zeromagazine.mx\/wp-content\/uploads\/2024\/01\/Opera-Captura-de-pantalla_2024-01-03_192048_www.franciscodiego.art_.png?fit=338%2C328&ssl=1","jetpack-related-posts":[{"id":58075,"url":"https:\/\/zeromagazine.mx\/index.php\/2021\/11\/13\/el-arte-de-la-revolucion-y-como-ha-impactado-a-mexico\/","url_meta":{"origin":70155,"position":0},"title":"El arte de la Revoluci\u00f3n y como ha impactado a M\u00e9xico","author":"zeromagazinemx","date":"13 de noviembre de 2021","format":false,"excerpt":"La revoluci\u00f3n mexicana fue uno de los sucesos mas importantes que ha tenido M\u00e9xico, y tambi\u00e9n de los que ha sufrido, pero en este periodo surgieron muchos movimientos importantes, al igual que aparecieron cineastas, artistas, fot\u00f3grafos, entre otros muy importante, ya que, gracias a ellos, se creo una gran cantidad\u2026","rel":"","context":"En \u00abCultura\u00bb","block_context":{"text":"Cultura","link":"https:\/\/zeromagazine.mx\/index.php\/category\/cultura\/"},"img":{"alt_text":"","src":"https:\/\/i0.wp.com\/zeromagazinemx.wpcomstaging.com\/wp-content\/uploads\/2022\/02\/d44a9-hombre-en-llamas-por-jose-clemente-orozco.jpg?resize=350%2C200&ssl=1","width":350,"height":200,"srcset":"https:\/\/i0.wp.com\/zeromagazinemx.wpcomstaging.com\/wp-content\/uploads\/2022\/02\/d44a9-hombre-en-llamas-por-jose-clemente-orozco.jpg?resize=350%2C200&ssl=1 1x, https:\/\/i0.wp.com\/zeromagazinemx.wpcomstaging.com\/wp-content\/uploads\/2022\/02\/d44a9-hombre-en-llamas-por-jose-clemente-orozco.jpg?resize=525%2C300&ssl=1 1.5x, https:\/\/i0.wp.com\/zeromagazinemx.wpcomstaging.com\/wp-content\/uploads\/2022\/02\/d44a9-hombre-en-llamas-por-jose-clemente-orozco.jpg?resize=700%2C400&ssl=1 2x"},"classes":[]},{"id":80094,"url":"https:\/\/zeromagazine.mx\/index.php\/2024\/07\/10\/ya-escucharon-el-nuevo-single-de-fran-diego\/","url_meta":{"origin":70155,"position":1},"title":"\u00bfYa Escucharon el Nuevo Single de Fran Diego?","author":"zeromagazinemx","date":"10 de julio de 2024","format":false,"excerpt":"Les traigo una exclusiva sobre nuestro talentoso Fran Diego, el brillante cantante y autor mexicano que est\u00e1 por lanzar el esperado v\u00eddeo de su nueva canci\u00f3n \"Vida\". Prep\u00e1rense para sumergirse en una experiencia musical que seguro nos har\u00e1 sentir mil emociones. Para empezar, \"Vida\" no es solo una rola m\u00e1s,\u2026","rel":"","context":"En \u00abEntretenimiento\u00bb","block_context":{"text":"Entretenimiento","link":"https:\/\/zeromagazine.mx\/index.php\/category\/entretenimiento\/"},"img":{"alt_text":"","src":"https:\/\/i0.wp.com\/zeromagazine.mx\/wp-content\/uploads\/2024\/07\/unnamed-21.jpg?fit=1200%2C800&ssl=1&resize=350%2C200","width":350,"height":200,"srcset":"https:\/\/i0.wp.com\/zeromagazine.mx\/wp-content\/uploads\/2024\/07\/unnamed-21.jpg?fit=1200%2C800&ssl=1&resize=350%2C200 1x, https:\/\/i0.wp.com\/zeromagazine.mx\/wp-content\/uploads\/2024\/07\/unnamed-21.jpg?fit=1200%2C800&ssl=1&resize=525%2C300 1.5x, https:\/\/i0.wp.com\/zeromagazine.mx\/wp-content\/uploads\/2024\/07\/unnamed-21.jpg?fit=1200%2C800&ssl=1&resize=700%2C400 2x, https:\/\/i0.wp.com\/zeromagazine.mx\/wp-content\/uploads\/2024\/07\/unnamed-21.jpg?fit=1200%2C800&ssl=1&resize=1050%2C600 3x"},"classes":[]},{"id":85438,"url":"https:\/\/zeromagazine.mx\/index.php\/2024\/10\/05\/fran-diego-el-pop-que-vibra\/","url_meta":{"origin":70155,"position":2},"title":"\u00abFran Diego: El Pop que Vibra\u00bb","author":"zeromagazinemx","date":"5 de octubre de 2024","format":false,"excerpt":"Esta semana te doy un poco de contexto sobre el fabuloso artista\u00a0Fran Diego, un talentoso cantante de Torre\u00f3n, Coahuila, que est\u00e1 revolucionando el pop contempor\u00e1neo. Con un estilo que te atrapa desde la primera nota, Fran tiene ese algo especial que hace que su m\u00fasica te llegue directo al coraz\u00f3n.\u2026","rel":"","context":"En \u00abEntretenimiento\u00bb","block_context":{"text":"Entretenimiento","link":"https:\/\/zeromagazine.mx\/index.php\/category\/entretenimiento\/"},"img":{"alt_text":"","src":"https:\/\/i0.wp.com\/zeromagazine.mx\/wp-content\/uploads\/2024\/10\/No-podia-esperar-a-que-fuera-el-fin-de-la-espera.-Ya-pueden-escuchar_-NO-PUEDO-ESPERARJPG.jpg?fit=612%2C612&ssl=1&resize=350%2C200","width":350,"height":200,"srcset":"https:\/\/i0.wp.com\/zeromagazine.mx\/wp-content\/uploads\/2024\/10\/No-podia-esperar-a-que-fuera-el-fin-de-la-espera.-Ya-pueden-escuchar_-NO-PUEDO-ESPERARJPG.jpg?fit=612%2C612&ssl=1&resize=350%2C200 1x, https:\/\/i0.wp.com\/zeromagazine.mx\/wp-content\/uploads\/2024\/10\/No-podia-esperar-a-que-fuera-el-fin-de-la-espera.-Ya-pueden-escuchar_-NO-PUEDO-ESPERARJPG.jpg?fit=612%2C612&ssl=1&resize=525%2C300 1.5x"},"classes":[]},{"id":49838,"url":"https:\/\/zeromagazine.mx\/index.php\/2021\/07\/09\/ls-galeria-presenta-el-arte-multifacetico-del-brujo-de-juchitan\/","url_meta":{"origin":70155,"position":3},"title":"LS\/Galer\u00eda presenta el arte multifac\u00e9tico del \u201cbrujo\u201d de Juchit\u00e1n","author":"zeromagazinemx","date":"9 de julio de 2021","format":false,"excerpt":"Con motivo del natalicio de Francisco Toledo, LS\/Galer\u00eda enmarca tres de sus obras que pueden ser trasladadas de la exposici\u00f3n p\u00fablica a la colecci\u00f3n personal. Por Mayra Torres Francisco Toledo mejor conocido como el \u201cbrujo\u201d de Juchit\u00e1n es uno de los artistas m\u00e1s reconocidos a nivel nacional e internacional por\u2026","rel":"","context":"En \u00abLifestyle\u00bb","block_context":{"text":"Lifestyle","link":"https:\/\/zeromagazine.mx\/index.php\/category\/lifestyle\/"},"img":{"alt_text":"","src":"https:\/\/i0.wp.com\/zeromagazinemx.wpcomstaging.com\/wp-content\/uploads\/2022\/02\/b9db5-hombre-y-perro.jpeg?resize=350%2C200&ssl=1","width":350,"height":200},"classes":[]},{"id":84188,"url":"https:\/\/zeromagazine.mx\/index.php\/2024\/09\/19\/arte-interactivo-uno-ninguno-cien-miel\/","url_meta":{"origin":70155,"position":4},"title":"Arte Interactivo: Uno, Ninguno, Cien Mil","author":"zeromagazinemx","date":"19 de septiembre de 2024","format":false,"excerpt":"\u00bfEst\u00e1s listo para una experiencia art\u00edstica que va mucho m\u00e1s all\u00e1 de solo mirar? La Galer\u00eda Ana Tejeda ha lanzado la exposici\u00f3n \"Uno, Ninguno y Cien Mil\" del incre\u00edble escultor Jorge Ismael Rodr\u00edguez, y es algo que no puedes dejar pasar. Curada por Tania Ragasol, esta muestra est\u00e1 dise\u00f1ada para\u2026","rel":"","context":"En \u00abCultura\u00bb","block_context":{"text":"Cultura","link":"https:\/\/zeromagazine.mx\/index.php\/category\/cultura\/"},"img":{"alt_text":"","src":"https:\/\/i0.wp.com\/zeromagazine.mx\/wp-content\/uploads\/2024\/09\/El-jardin-de-las-flores-que-laten-1-scaled.jpg?fit=1200%2C800&ssl=1&resize=350%2C200","width":350,"height":200,"srcset":"https:\/\/i0.wp.com\/zeromagazine.mx\/wp-content\/uploads\/2024\/09\/El-jardin-de-las-flores-que-laten-1-scaled.jpg?fit=1200%2C800&ssl=1&resize=350%2C200 1x, https:\/\/i0.wp.com\/zeromagazine.mx\/wp-content\/uploads\/2024\/09\/El-jardin-de-las-flores-que-laten-1-scaled.jpg?fit=1200%2C800&ssl=1&resize=525%2C300 1.5x, https:\/\/i0.wp.com\/zeromagazine.mx\/wp-content\/uploads\/2024\/09\/El-jardin-de-las-flores-que-laten-1-scaled.jpg?fit=1200%2C800&ssl=1&resize=700%2C400 2x, https:\/\/i0.wp.com\/zeromagazine.mx\/wp-content\/uploads\/2024\/09\/El-jardin-de-las-flores-que-laten-1-scaled.jpg?fit=1200%2C800&ssl=1&resize=1050%2C600 3x"},"classes":[]},{"id":51228,"url":"https:\/\/zeromagazine.mx\/index.php\/2021\/07\/31\/llega-a-la-ciudad-de-puebla-la-exposicion-mama\/","url_meta":{"origin":70155,"position":5},"title":"Llega a la ciudad de Puebla la exposici\u00f3n \u201cMam\u00e1\u201d","author":"zeromagazinemx","date":"31 de julio de 2021","format":false,"excerpt":"Celeste Bejarano presenta su exposici\u00f3n \u201cMam\u00e1\u201d, una cr\u00f3nica visual del proceso de gestar vida y reencontrarse como mujer en una nueva etapa. Por Mayra Torres La propuesta art\u00edstica de Celeste Bejarano representa a una nueva generaci\u00f3n de mujeres que est\u00e1n dispuestas a aceptarse imperfectas como madres y humanas ante la\u2026","rel":"","context":"En \u00abLifestyle\u00bb","block_context":{"text":"Lifestyle","link":"https:\/\/zeromagazine.mx\/index.php\/category\/lifestyle\/"},"img":{"alt_text":"","src":"","width":0,"height":0},"classes":[]}],"jetpack_sharing_enabled":true,"builder_content":"","_links":{"self":[{"href":"https:\/\/zeromagazine.mx\/index.php\/wp-json\/wp\/v2\/posts\/70155","targetHints":{"allow":["GET"]}}],"collection":[{"href":"https:\/\/zeromagazine.mx\/index.php\/wp-json\/wp\/v2\/posts"}],"about":[{"href":"https:\/\/zeromagazine.mx\/index.php\/wp-json\/wp\/v2\/types\/post"}],"author":[{"embeddable":true,"href":"https:\/\/zeromagazine.mx\/index.php\/wp-json\/wp\/v2\/users\/4"}],"replies":[{"embeddable":true,"href":"https:\/\/zeromagazine.mx\/index.php\/wp-json\/wp\/v2\/comments?post=70155"}],"version-history":[{"count":1,"href":"https:\/\/zeromagazine.mx\/index.php\/wp-json\/wp\/v2\/posts\/70155\/revisions"}],"predecessor-version":[{"id":70159,"href":"https:\/\/zeromagazine.mx\/index.php\/wp-json\/wp\/v2\/posts\/70155\/revisions\/70159"}],"wp:featuredmedia":[{"embeddable":true,"href":"https:\/\/zeromagazine.mx\/index.php\/wp-json\/wp\/v2\/media\/70158"}],"wp:attachment":[{"href":"https:\/\/zeromagazine.mx\/index.php\/wp-json\/wp\/v2\/media?parent=70155"}],"wp:term":[{"taxonomy":"category","embeddable":true,"href":"https:\/\/zeromagazine.mx\/index.php\/wp-json\/wp\/v2\/categories?post=70155"},{"taxonomy":"post_tag","embeddable":true,"href":"https:\/\/zeromagazine.mx\/index.php\/wp-json\/wp\/v2\/tags?post=70155"}],"curies":[{"name":"wp","href":"https:\/\/api.w.org\/{rel}","templated":true}]}}