{"id":70305,"date":"2024-01-10T20:45:47","date_gmt":"2024-01-10T19:45:47","guid":{"rendered":"https:\/\/zeromagazine.mx\/?p=70305"},"modified":"2024-01-10T20:45:47","modified_gmt":"2024-01-10T19:45:47","slug":"vibraciones-mehro-el-encanto-musical","status":"publish","type":"post","link":"https:\/\/zeromagazine.mx\/index.php\/2024\/01\/10\/vibraciones-mehro-el-encanto-musical\/","title":{"rendered":"Vibraciones Mehro: \u00a1El Encanto Musical!"},"content":{"rendered":"<!--themify_builder_content-->\n<div id=\"themify_builder_content-70305\" data-postid=\"70305\" class=\"themify_builder_content themify_builder_content-70305 themify_builder tf_clear\">\n    <\/div>\n<!--\/themify_builder_content-->\n\n\n<p>\u00bfListos para una experiencia musical inolvidable en la CDMX? Prep\u00e1rense porque Mehro est\u00e1 de regreso y \u00a1con bombos y platillos! El 3 de abril, el Lunario del Auditorio Nacional vibrar\u00e1 con la m\u00fasica de este talentoso cantante californiano. Si a\u00fan no conoces a Mehro, te est\u00e1s perdiendo de algo grande. Con esa voz que te atrapa desde el primer acorde, sus canciones te llevan en un viaje lleno de emociones y sensaciones.<\/p>\n\n\n\n<p>Ahora, \u00bfqu\u00e9 hace a Mehro tan especial? Bueno, \u00a1su m\u00fasica es una oda a la nostalgia y la dulzura! Desde su primer sencillo, \u00abperfume\u00bb, este chico ha conquistado corazones con melod\u00edas que se quedan grabadas en la mente. Cada canci\u00f3n es un mundo distinto, y lo mejor es que este viaje musical apenas comienza.<\/p>\n\n\n\n<p>Adem\u00e1s, \u00bfsab\u00edan que su influencia viene de nombres como David Bowie, Frank Ocean, Joni Mitchell y Duke Ellington? Esa mezcla de estilos le ha dado una identidad \u00fanica que lo ha llevado a ser uno de los nombres m\u00e1s prometedores en la escena actual. Imaginen la genialidad de esas influencias amalgamadas en una sola presentaci\u00f3n.<\/p>\n\n\n\n<figure class=\"wp-block-image size-large\"><img data-recalc-dims=\"1\" decoding=\"async\" width=\"1024\" height=\"525\" src=\"https:\/\/i0.wp.com\/zeromagazine.mx\/wp-content\/uploads\/2024\/01\/imagen_2024-01-10_134418664-1024x525.png?resize=1024%2C525&#038;ssl=1\" alt=\"\" class=\"wp-image-70306\" srcset=\"https:\/\/i0.wp.com\/zeromagazine.mx\/wp-content\/uploads\/2024\/01\/imagen_2024-01-10_134418664.png?resize=1024%2C525&amp;ssl=1 1024w, https:\/\/i0.wp.com\/zeromagazine.mx\/wp-content\/uploads\/2024\/01\/imagen_2024-01-10_134418664.png?resize=300%2C154&amp;ssl=1 300w, https:\/\/i0.wp.com\/zeromagazine.mx\/wp-content\/uploads\/2024\/01\/imagen_2024-01-10_134418664.png?resize=768%2C394&amp;ssl=1 768w, https:\/\/i0.wp.com\/zeromagazine.mx\/wp-content\/uploads\/2024\/01\/imagen_2024-01-10_134418664.png?w=1080&amp;ssl=1 1080w\" sizes=\"(max-width: 1024px) 100vw, 1024px\" \/><\/figure>\n\n\n\n<script async src=\"https:\/\/pagead2.googlesyndication.com\/pagead\/js\/adsbygoogle.js?client=ca-pub-5499304793904745\"\n     crossorigin=\"anonymous\"><\/script>\n<ins class=\"adsbygoogle\"\n     style=\"display:block\"\n     data-ad-format=\"autorelaxed\"\n     data-ad-client=\"ca-pub-5499304793904745\"\n     data-ad-slot=\"6092255381\"><\/ins>\n<script>\n     (adsbygoogle = window.adsbygoogle || []).push({});\n<\/script>\n\n\n\n<p>Pero aqu\u00ed viene lo mejor: Mehro ofrecer\u00e1 un concierto inolvidable que nos transportar\u00e1 a otra dimensi\u00f3n musical. Su \u00faltimo sencillo \u00abDopamine\u00bb promete ser la cereza del pastel en esta velada llena de sonidos cautivadores. Y ojo, la preventa Citibanamex arranca el 11 de enero a las 11:00 AM, \u00a1no se les vaya a pasar esta oportunidad!<\/p>\n\n\n\n<p>La venta general se abre el 12 de enero, as\u00ed que prep\u00e1rense para adquirir sus boletos. Este espect\u00e1culo no es uno que quieran perderse, cr\u00e9anme. La m\u00fasica de Mehro es una experiencia que nos conecta con emociones, recuerdos y sensaciones \u00fanicas. As\u00ed que, amix, marquen esas fechas en sus calendarios y prep\u00e1rense para vibrar con el encanto musical de Mehro en el Lunario del Auditorio Nacional. \u00a1Nos vemos ah\u00ed!<\/p>\n\n\n\n<ul class=\"wp-block-social-links aligncenter is-layout-flex wp-block-social-links-is-layout-flex\">\n\n\n\n<\/ul>","protected":false},"excerpt":{"rendered":"<p>\u00bfListos para una experiencia musical inolvidable en la CDMX? Prep\u00e1rense porque Mehro est\u00e1 de regreso y \u00a1con bombos y platillos! El 3 de abril, el Lunario del Auditorio Nacional vibrar\u00e1 con la m\u00fasica de este talentoso cantante californiano. Si a\u00fan no conoces a Mehro, te est\u00e1s perdiendo de algo grande. Con esa voz que te [&hellip;]<\/p>\n","protected":false},"author":4,"featured_media":70307,"comment_status":"open","ping_status":"open","sticky":false,"template":"","format":"standard","meta":{"_jetpack_memberships_contains_paid_content":false,"footnotes":"","jetpack_publicize_message":"","jetpack_publicize_feature_enabled":true,"jetpack_social_post_already_shared":false,"jetpack_social_options":{"image_generator_settings":{"template":"highway","default_image_id":0,"font":"","enabled":false},"version":2}},"categories":[117,63],"tags":[1598,676,6844,6845,6669],"class_list":["post-70305","post","type-post","status-publish","format-standard","has-post-thumbnail","hentry","category-entretenimiento","category-lifestyle","tag-cdmx","tag-lunario","tag-mehro","tag-musica-2","tag-news","has-post-title","has-post-date","has-post-category","has-post-tag","has-post-comment","has-post-author",""],"yoast_head":"<!-- This site is optimized with the Yoast SEO plugin v27.4 - https:\/\/yoast.com\/product\/yoast-seo-wordpress\/ -->\n<title>Vibraciones Mehro: \u00a1El Encanto Musical! - Zero Magazine<\/title>\n<meta name=\"robots\" content=\"index, follow, max-snippet:-1, max-image-preview:large, max-video-preview:-1\" \/>\n<link rel=\"canonical\" href=\"https:\/\/zeromagazine.mx\/index.php\/2024\/01\/10\/vibraciones-mehro-el-encanto-musical\/\" \/>\n<meta property=\"og:locale\" content=\"es_ES\" \/>\n<meta property=\"og:type\" content=\"article\" \/>\n<meta property=\"og:title\" content=\"Vibraciones Mehro: \u00a1El Encanto Musical! - Zero Magazine\" \/>\n<meta property=\"og:description\" content=\"\u00bfListos para una experiencia musical inolvidable en la CDMX? Prep\u00e1rense porque Mehro est\u00e1 de regreso y \u00a1con bombos y platillos! El 3 de abril, el Lunario del Auditorio Nacional vibrar\u00e1 con la m\u00fasica de este talentoso cantante californiano. Si a\u00fan no conoces a Mehro, te est\u00e1s perdiendo de algo grande. Con esa voz que te [&hellip;]\" \/>\n<meta property=\"og:url\" content=\"https:\/\/zeromagazine.mx\/index.php\/2024\/01\/10\/vibraciones-mehro-el-encanto-musical\/\" \/>\n<meta property=\"og:site_name\" content=\"Zero Magazine\" \/>\n<meta property=\"article:published_time\" content=\"2024-01-10T19:45:47+00:00\" \/>\n<meta property=\"og:image\" content=\"https:\/\/i0.wp.com\/zeromagazine.mx\/wp-content\/uploads\/2024\/01\/unnamed-44.jpg?fit=1440%2C720&ssl=1\" \/>\n\t<meta property=\"og:image:width\" content=\"1440\" \/>\n\t<meta property=\"og:image:height\" content=\"720\" \/>\n\t<meta property=\"og:image:type\" content=\"image\/jpeg\" \/>\n<meta name=\"author\" content=\"David Morales\" \/>\n<meta name=\"twitter:card\" content=\"summary_large_image\" \/>\n<meta name=\"twitter:label1\" content=\"Escrito por\" \/>\n\t<meta name=\"twitter:data1\" content=\"David Morales\" \/>\n\t<meta name=\"twitter:label2\" content=\"Tiempo de lectura\" \/>\n\t<meta name=\"twitter:data2\" content=\"2 minutos\" \/>\n<script type=\"application\/ld+json\" class=\"yoast-schema-graph\">{\"@context\":\"https:\\\/\\\/schema.org\",\"@graph\":[{\"@type\":\"Article\",\"@id\":\"https:\\\/\\\/zeromagazine.mx\\\/index.php\\\/2024\\\/01\\\/10\\\/vibraciones-mehro-el-encanto-musical\\\/#article\",\"isPartOf\":{\"@id\":\"https:\\\/\\\/zeromagazine.mx\\\/index.php\\\/2024\\\/01\\\/10\\\/vibraciones-mehro-el-encanto-musical\\\/\"},\"author\":{\"name\":\"David Morales\",\"@id\":\"https:\\\/\\\/zeromagazine.mx\\\/#\\\/schema\\\/person\\\/9f7f1a17c60ba8e9980e3e6677aabe5a\"},\"headline\":\"Vibraciones Mehro: \u00a1El Encanto Musical!\",\"datePublished\":\"2024-01-10T19:45:47+00:00\",\"mainEntityOfPage\":{\"@id\":\"https:\\\/\\\/zeromagazine.mx\\\/index.php\\\/2024\\\/01\\\/10\\\/vibraciones-mehro-el-encanto-musical\\\/\"},\"wordCount\":324,\"commentCount\":0,\"publisher\":{\"@id\":\"https:\\\/\\\/zeromagazine.mx\\\/#organization\"},\"image\":{\"@id\":\"https:\\\/\\\/zeromagazine.mx\\\/index.php\\\/2024\\\/01\\\/10\\\/vibraciones-mehro-el-encanto-musical\\\/#primaryimage\"},\"thumbnailUrl\":\"https:\\\/\\\/i0.wp.com\\\/zeromagazine.mx\\\/wp-content\\\/uploads\\\/2024\\\/01\\\/unnamed-44.jpg?fit=1440%2C720&ssl=1\",\"keywords\":[\"CDMX\",\"lunario\",\"Mehro\",\"Musica\",\"News\"],\"articleSection\":[\"Entretenimiento\",\"Lifestyle\"],\"inLanguage\":\"es\",\"potentialAction\":[{\"@type\":\"CommentAction\",\"name\":\"Comment\",\"target\":[\"https:\\\/\\\/zeromagazine.mx\\\/index.php\\\/2024\\\/01\\\/10\\\/vibraciones-mehro-el-encanto-musical\\\/#respond\"]}]},{\"@type\":\"WebPage\",\"@id\":\"https:\\\/\\\/zeromagazine.mx\\\/index.php\\\/2024\\\/01\\\/10\\\/vibraciones-mehro-el-encanto-musical\\\/\",\"url\":\"https:\\\/\\\/zeromagazine.mx\\\/index.php\\\/2024\\\/01\\\/10\\\/vibraciones-mehro-el-encanto-musical\\\/\",\"name\":\"Vibraciones Mehro: \u00a1El Encanto Musical! - Zero Magazine\",\"isPartOf\":{\"@id\":\"https:\\\/\\\/zeromagazine.mx\\\/#website\"},\"primaryImageOfPage\":{\"@id\":\"https:\\\/\\\/zeromagazine.mx\\\/index.php\\\/2024\\\/01\\\/10\\\/vibraciones-mehro-el-encanto-musical\\\/#primaryimage\"},\"image\":{\"@id\":\"https:\\\/\\\/zeromagazine.mx\\\/index.php\\\/2024\\\/01\\\/10\\\/vibraciones-mehro-el-encanto-musical\\\/#primaryimage\"},\"thumbnailUrl\":\"https:\\\/\\\/i0.wp.com\\\/zeromagazine.mx\\\/wp-content\\\/uploads\\\/2024\\\/01\\\/unnamed-44.jpg?fit=1440%2C720&ssl=1\",\"datePublished\":\"2024-01-10T19:45:47+00:00\",\"breadcrumb\":{\"@id\":\"https:\\\/\\\/zeromagazine.mx\\\/index.php\\\/2024\\\/01\\\/10\\\/vibraciones-mehro-el-encanto-musical\\\/#breadcrumb\"},\"inLanguage\":\"es\",\"potentialAction\":[{\"@type\":\"ReadAction\",\"target\":[\"https:\\\/\\\/zeromagazine.mx\\\/index.php\\\/2024\\\/01\\\/10\\\/vibraciones-mehro-el-encanto-musical\\\/\"]}]},{\"@type\":\"ImageObject\",\"inLanguage\":\"es\",\"@id\":\"https:\\\/\\\/zeromagazine.mx\\\/index.php\\\/2024\\\/01\\\/10\\\/vibraciones-mehro-el-encanto-musical\\\/#primaryimage\",\"url\":\"https:\\\/\\\/i0.wp.com\\\/zeromagazine.mx\\\/wp-content\\\/uploads\\\/2024\\\/01\\\/unnamed-44.jpg?fit=1440%2C720&ssl=1\",\"contentUrl\":\"https:\\\/\\\/i0.wp.com\\\/zeromagazine.mx\\\/wp-content\\\/uploads\\\/2024\\\/01\\\/unnamed-44.jpg?fit=1440%2C720&ssl=1\",\"width\":1440,\"height\":720},{\"@type\":\"BreadcrumbList\",\"@id\":\"https:\\\/\\\/zeromagazine.mx\\\/index.php\\\/2024\\\/01\\\/10\\\/vibraciones-mehro-el-encanto-musical\\\/#breadcrumb\",\"itemListElement\":[{\"@type\":\"ListItem\",\"position\":1,\"name\":\"Portada\",\"item\":\"https:\\\/\\\/zeromagazine.mx\\\/\"},{\"@type\":\"ListItem\",\"position\":2,\"name\":\"Vibraciones Mehro: \u00a1El Encanto Musical!\"}]},{\"@type\":\"WebSite\",\"@id\":\"https:\\\/\\\/zeromagazine.mx\\\/#website\",\"url\":\"https:\\\/\\\/zeromagazine.mx\\\/\",\"name\":\"Zero Magazine\",\"description\":\"\",\"publisher\":{\"@id\":\"https:\\\/\\\/zeromagazine.mx\\\/#organization\"},\"potentialAction\":[{\"@type\":\"SearchAction\",\"target\":{\"@type\":\"EntryPoint\",\"urlTemplate\":\"https:\\\/\\\/zeromagazine.mx\\\/?s={search_term_string}\"},\"query-input\":{\"@type\":\"PropertyValueSpecification\",\"valueRequired\":true,\"valueName\":\"search_term_string\"}}],\"inLanguage\":\"es\"},{\"@type\":\"Organization\",\"@id\":\"https:\\\/\\\/zeromagazine.mx\\\/#organization\",\"name\":\"Zero Magazine\",\"url\":\"https:\\\/\\\/zeromagazine.mx\\\/\",\"logo\":{\"@type\":\"ImageObject\",\"inLanguage\":\"es\",\"@id\":\"https:\\\/\\\/zeromagazine.mx\\\/#\\\/schema\\\/logo\\\/image\\\/\",\"url\":\"https:\\\/\\\/i0.wp.com\\\/zeromagazine.mx\\\/wp-content\\\/uploads\\\/2025\\\/11\\\/1.jpeg?fit=1000%2C1000&ssl=1\",\"contentUrl\":\"https:\\\/\\\/i0.wp.com\\\/zeromagazine.mx\\\/wp-content\\\/uploads\\\/2025\\\/11\\\/1.jpeg?fit=1000%2C1000&ssl=1\",\"width\":1000,\"height\":1000,\"caption\":\"Zero Magazine\"},\"image\":{\"@id\":\"https:\\\/\\\/zeromagazine.mx\\\/#\\\/schema\\\/logo\\\/image\\\/\"},\"sameAs\":[\"https:\\\/\\\/instagram.com\\\/zeromagazinemx\"]},{\"@type\":\"Person\",\"@id\":\"https:\\\/\\\/zeromagazine.mx\\\/#\\\/schema\\\/person\\\/9f7f1a17c60ba8e9980e3e6677aabe5a\",\"name\":\"David Morales\",\"image\":{\"@type\":\"ImageObject\",\"inLanguage\":\"es\",\"@id\":\"https:\\\/\\\/zeromagazine.mx\\\/wp-content\\\/litespeed\\\/avatar\\\/76069d2136bfc1c37dc34815bb67ca42.jpg?ver=1776966186\",\"url\":\"https:\\\/\\\/zeromagazine.mx\\\/wp-content\\\/litespeed\\\/avatar\\\/76069d2136bfc1c37dc34815bb67ca42.jpg?ver=1776966186\",\"contentUrl\":\"https:\\\/\\\/zeromagazine.mx\\\/wp-content\\\/litespeed\\\/avatar\\\/76069d2136bfc1c37dc34815bb67ca42.jpg?ver=1776966186\",\"caption\":\"David Morales\"},\"url\":\"https:\\\/\\\/zeromagazine.mx\\\/index.php\\\/author\\\/david\\\/\"}]}<\/script>\n<!-- \/ Yoast SEO plugin. -->","yoast_head_json":{"title":"Vibraciones Mehro: \u00a1El Encanto Musical! - Zero Magazine","robots":{"index":"index","follow":"follow","max-snippet":"max-snippet:-1","max-image-preview":"max-image-preview:large","max-video-preview":"max-video-preview:-1"},"canonical":"https:\/\/zeromagazine.mx\/index.php\/2024\/01\/10\/vibraciones-mehro-el-encanto-musical\/","og_locale":"es_ES","og_type":"article","og_title":"Vibraciones Mehro: \u00a1El Encanto Musical! - Zero Magazine","og_description":"\u00bfListos para una experiencia musical inolvidable en la CDMX? Prep\u00e1rense porque Mehro est\u00e1 de regreso y \u00a1con bombos y platillos! El 3 de abril, el Lunario del Auditorio Nacional vibrar\u00e1 con la m\u00fasica de este talentoso cantante californiano. Si a\u00fan no conoces a Mehro, te est\u00e1s perdiendo de algo grande. Con esa voz que te [&hellip;]","og_url":"https:\/\/zeromagazine.mx\/index.php\/2024\/01\/10\/vibraciones-mehro-el-encanto-musical\/","og_site_name":"Zero Magazine","article_published_time":"2024-01-10T19:45:47+00:00","og_image":[{"width":1440,"height":720,"url":"https:\/\/i0.wp.com\/zeromagazine.mx\/wp-content\/uploads\/2024\/01\/unnamed-44.jpg?fit=1440%2C720&ssl=1","type":"image\/jpeg"}],"author":"David Morales","twitter_card":"summary_large_image","twitter_misc":{"Escrito por":"David Morales","Tiempo de lectura":"2 minutos"},"schema":{"@context":"https:\/\/schema.org","@graph":[{"@type":"Article","@id":"https:\/\/zeromagazine.mx\/index.php\/2024\/01\/10\/vibraciones-mehro-el-encanto-musical\/#article","isPartOf":{"@id":"https:\/\/zeromagazine.mx\/index.php\/2024\/01\/10\/vibraciones-mehro-el-encanto-musical\/"},"author":{"name":"David Morales","@id":"https:\/\/zeromagazine.mx\/#\/schema\/person\/9f7f1a17c60ba8e9980e3e6677aabe5a"},"headline":"Vibraciones Mehro: \u00a1El Encanto Musical!","datePublished":"2024-01-10T19:45:47+00:00","mainEntityOfPage":{"@id":"https:\/\/zeromagazine.mx\/index.php\/2024\/01\/10\/vibraciones-mehro-el-encanto-musical\/"},"wordCount":324,"commentCount":0,"publisher":{"@id":"https:\/\/zeromagazine.mx\/#organization"},"image":{"@id":"https:\/\/zeromagazine.mx\/index.php\/2024\/01\/10\/vibraciones-mehro-el-encanto-musical\/#primaryimage"},"thumbnailUrl":"https:\/\/i0.wp.com\/zeromagazine.mx\/wp-content\/uploads\/2024\/01\/unnamed-44.jpg?fit=1440%2C720&ssl=1","keywords":["CDMX","lunario","Mehro","Musica","News"],"articleSection":["Entretenimiento","Lifestyle"],"inLanguage":"es","potentialAction":[{"@type":"CommentAction","name":"Comment","target":["https:\/\/zeromagazine.mx\/index.php\/2024\/01\/10\/vibraciones-mehro-el-encanto-musical\/#respond"]}]},{"@type":"WebPage","@id":"https:\/\/zeromagazine.mx\/index.php\/2024\/01\/10\/vibraciones-mehro-el-encanto-musical\/","url":"https:\/\/zeromagazine.mx\/index.php\/2024\/01\/10\/vibraciones-mehro-el-encanto-musical\/","name":"Vibraciones Mehro: \u00a1El Encanto Musical! - Zero Magazine","isPartOf":{"@id":"https:\/\/zeromagazine.mx\/#website"},"primaryImageOfPage":{"@id":"https:\/\/zeromagazine.mx\/index.php\/2024\/01\/10\/vibraciones-mehro-el-encanto-musical\/#primaryimage"},"image":{"@id":"https:\/\/zeromagazine.mx\/index.php\/2024\/01\/10\/vibraciones-mehro-el-encanto-musical\/#primaryimage"},"thumbnailUrl":"https:\/\/i0.wp.com\/zeromagazine.mx\/wp-content\/uploads\/2024\/01\/unnamed-44.jpg?fit=1440%2C720&ssl=1","datePublished":"2024-01-10T19:45:47+00:00","breadcrumb":{"@id":"https:\/\/zeromagazine.mx\/index.php\/2024\/01\/10\/vibraciones-mehro-el-encanto-musical\/#breadcrumb"},"inLanguage":"es","potentialAction":[{"@type":"ReadAction","target":["https:\/\/zeromagazine.mx\/index.php\/2024\/01\/10\/vibraciones-mehro-el-encanto-musical\/"]}]},{"@type":"ImageObject","inLanguage":"es","@id":"https:\/\/zeromagazine.mx\/index.php\/2024\/01\/10\/vibraciones-mehro-el-encanto-musical\/#primaryimage","url":"https:\/\/i0.wp.com\/zeromagazine.mx\/wp-content\/uploads\/2024\/01\/unnamed-44.jpg?fit=1440%2C720&ssl=1","contentUrl":"https:\/\/i0.wp.com\/zeromagazine.mx\/wp-content\/uploads\/2024\/01\/unnamed-44.jpg?fit=1440%2C720&ssl=1","width":1440,"height":720},{"@type":"BreadcrumbList","@id":"https:\/\/zeromagazine.mx\/index.php\/2024\/01\/10\/vibraciones-mehro-el-encanto-musical\/#breadcrumb","itemListElement":[{"@type":"ListItem","position":1,"name":"Portada","item":"https:\/\/zeromagazine.mx\/"},{"@type":"ListItem","position":2,"name":"Vibraciones Mehro: \u00a1El Encanto Musical!"}]},{"@type":"WebSite","@id":"https:\/\/zeromagazine.mx\/#website","url":"https:\/\/zeromagazine.mx\/","name":"Zero Magazine","description":"","publisher":{"@id":"https:\/\/zeromagazine.mx\/#organization"},"potentialAction":[{"@type":"SearchAction","target":{"@type":"EntryPoint","urlTemplate":"https:\/\/zeromagazine.mx\/?s={search_term_string}"},"query-input":{"@type":"PropertyValueSpecification","valueRequired":true,"valueName":"search_term_string"}}],"inLanguage":"es"},{"@type":"Organization","@id":"https:\/\/zeromagazine.mx\/#organization","name":"Zero Magazine","url":"https:\/\/zeromagazine.mx\/","logo":{"@type":"ImageObject","inLanguage":"es","@id":"https:\/\/zeromagazine.mx\/#\/schema\/logo\/image\/","url":"https:\/\/i0.wp.com\/zeromagazine.mx\/wp-content\/uploads\/2025\/11\/1.jpeg?fit=1000%2C1000&ssl=1","contentUrl":"https:\/\/i0.wp.com\/zeromagazine.mx\/wp-content\/uploads\/2025\/11\/1.jpeg?fit=1000%2C1000&ssl=1","width":1000,"height":1000,"caption":"Zero Magazine"},"image":{"@id":"https:\/\/zeromagazine.mx\/#\/schema\/logo\/image\/"},"sameAs":["https:\/\/instagram.com\/zeromagazinemx"]},{"@type":"Person","@id":"https:\/\/zeromagazine.mx\/#\/schema\/person\/9f7f1a17c60ba8e9980e3e6677aabe5a","name":"David Morales","image":{"@type":"ImageObject","inLanguage":"es","@id":"https:\/\/zeromagazine.mx\/wp-content\/litespeed\/avatar\/76069d2136bfc1c37dc34815bb67ca42.jpg?ver=1776966186","url":"https:\/\/zeromagazine.mx\/wp-content\/litespeed\/avatar\/76069d2136bfc1c37dc34815bb67ca42.jpg?ver=1776966186","contentUrl":"https:\/\/zeromagazine.mx\/wp-content\/litespeed\/avatar\/76069d2136bfc1c37dc34815bb67ca42.jpg?ver=1776966186","caption":"David Morales"},"url":"https:\/\/zeromagazine.mx\/index.php\/author\/david\/"}]}},"jetpack_publicize_connections":[],"jetpack_featured_media_url":"https:\/\/i0.wp.com\/zeromagazine.mx\/wp-content\/uploads\/2024\/01\/unnamed-44.jpg?fit=1440%2C720&ssl=1","jetpack-related-posts":[{"id":85644,"url":"https:\/\/zeromagazine.mx\/index.php\/2024\/10\/07\/melodramatic-la-nueva-era-siames\/","url_meta":{"origin":70305,"position":0},"title":"\u00abMelodramatic: La Nueva Era SIAM\u00c9S\u00bb","author":"zeromagazinemx","date":"7 de octubre de 2024","format":false,"excerpt":"\u00a1Hey, chique! Si est\u00e1s buscando vibra nueva y fresca en la m\u00fasica, entonces tienes que conocer a SIAM\u00c9S, la banda indie rock\/pop que ha estado rompi\u00e9ndola en la escena musical global. Originarios de Buenos Aires, Argentina, estos chicos est\u00e1n de regreso y est\u00e1n m\u00e1s que listos para dejarnos a todos\u2026","rel":"","context":"En \u00abEntretenimiento\u00bb","block_context":{"text":"Entretenimiento","link":"https:\/\/zeromagazine.mx\/index.php\/category\/entretenimiento\/"},"img":{"alt_text":"","src":"https:\/\/i0.wp.com\/zeromagazine.mx\/wp-content\/uploads\/2024\/10\/SIAMES-Oficial-BN-01-scaled.jpg?fit=900%2C1200&ssl=1&resize=350%2C200","width":350,"height":200,"srcset":"https:\/\/i0.wp.com\/zeromagazine.mx\/wp-content\/uploads\/2024\/10\/SIAMES-Oficial-BN-01-scaled.jpg?fit=900%2C1200&ssl=1&resize=350%2C200 1x, https:\/\/i0.wp.com\/zeromagazine.mx\/wp-content\/uploads\/2024\/10\/SIAMES-Oficial-BN-01-scaled.jpg?fit=900%2C1200&ssl=1&resize=525%2C300 1.5x, https:\/\/i0.wp.com\/zeromagazine.mx\/wp-content\/uploads\/2024\/10\/SIAMES-Oficial-BN-01-scaled.jpg?fit=900%2C1200&ssl=1&resize=700%2C400 2x"},"classes":[]},{"id":49781,"url":"https:\/\/zeromagazine.mx\/index.php\/2021\/07\/09\/jafu-el-dueto-musical-lleno-de-pasion-por-la-musica-y-su-publico\/","url_meta":{"origin":70305,"position":1},"title":"JAF\u00da, El Dueto Musical lleno de pasi\u00f3n por la m\u00fasica y su p\u00fablico","author":"zeromagazinemx","date":"9 de julio de 2021","format":false,"excerpt":"Ellos son Jaime Alverde y Emilio Fuentes que gracias a la gran hermandad que existe entre ellos y a la pasi\u00f3n que ambos tienen por la m\u00fasica se form\u00f3 el dueto musical JAF\u00da nombrado as\u00ed por la combinaci\u00f3n de sus nombres y en honor a su gran amistad, durante el\u2026","rel":"","context":"En \u00abEntrevistas\u00bb","block_context":{"text":"Entrevistas","link":"https:\/\/zeromagazine.mx\/index.php\/category\/entretenimiento\/entrevistas\/"},"img":{"alt_text":"","src":"","width":0,"height":0},"classes":[]},{"id":89581,"url":"https:\/\/zeromagazine.mx\/index.php\/2024\/11\/06\/89581\/","url_meta":{"origin":70305,"position":2},"title":"\u00ab\u00a1Dany Calvario en Vivo!\u00bb","author":"zeromagazinemx","date":"6 de noviembre de 2024","format":false,"excerpt":"\u00a1Oye, ya viste que Dany Calvario viene a la CDMX? Si a\u00fan no te enteras, prep\u00e1rate para algo \u00e9pico, porque el pr\u00f3ximo 8 de marzo de 2025, la cantautora originaria de Guadalajara va a tomar el Lunario del Auditorio Nacional, y cr\u00e9eme, no querr\u00e1s perd\u00e9rtelo. Si eres fan de la\u2026","rel":"","context":"En \u00abEntretenimiento\u00bb","block_context":{"text":"Entretenimiento","link":"https:\/\/zeromagazine.mx\/index.php\/category\/entretenimiento\/"},"img":{"alt_text":"","src":"https:\/\/i0.wp.com\/zeromagazine.mx\/wp-content\/uploads\/2024\/11\/DANY_CALVARIO_PREV_1080x1080_Feed.jpg?fit=1200%2C1200&ssl=1&resize=350%2C200","width":350,"height":200,"srcset":"https:\/\/i0.wp.com\/zeromagazine.mx\/wp-content\/uploads\/2024\/11\/DANY_CALVARIO_PREV_1080x1080_Feed.jpg?fit=1200%2C1200&ssl=1&resize=350%2C200 1x, https:\/\/i0.wp.com\/zeromagazine.mx\/wp-content\/uploads\/2024\/11\/DANY_CALVARIO_PREV_1080x1080_Feed.jpg?fit=1200%2C1200&ssl=1&resize=525%2C300 1.5x, https:\/\/i0.wp.com\/zeromagazine.mx\/wp-content\/uploads\/2024\/11\/DANY_CALVARIO_PREV_1080x1080_Feed.jpg?fit=1200%2C1200&ssl=1&resize=700%2C400 2x, https:\/\/i0.wp.com\/zeromagazine.mx\/wp-content\/uploads\/2024\/11\/DANY_CALVARIO_PREV_1080x1080_Feed.jpg?fit=1200%2C1200&ssl=1&resize=1050%2C600 3x"},"classes":[]},{"id":77499,"url":"https:\/\/zeromagazine.mx\/index.php\/2024\/06\/10\/fede-dorcaz-el-arte-de-sonar-en-grande\/","url_meta":{"origin":70305,"position":3},"title":"FEDE DORCAZ: EL ARTE DE SO\u00d1AR EN GRANDE","author":"David Morales","date":"10 de junio de 2024","format":false,"excerpt":"Hoy llega a nuestra portada Fede Dorcaz, un talentoso artista cuyo viaje en la industria del entretenimiento es una inspiradora historia de determinaci\u00f3n y \u00e9xito. Comenz\u00f3 su carrera como modelo en Barcelona, donde fue descubierto por casualidad y tuvo la oportunidad de trabajar con grandes nombres como Giorgio Armani.\u00a0 Por:\u2026","rel":"","context":"En \u00abPortada\u00bb","block_context":{"text":"Portada","link":"https:\/\/zeromagazine.mx\/index.php\/category\/portada\/"},"img":{"alt_text":"","src":"https:\/\/i0.wp.com\/zeromagazine.mx\/wp-content\/uploads\/2024\/06\/IMG_1107-scaled.jpeg?fit=927%2C1200&ssl=1&resize=350%2C200","width":350,"height":200,"srcset":"https:\/\/i0.wp.com\/zeromagazine.mx\/wp-content\/uploads\/2024\/06\/IMG_1107-scaled.jpeg?fit=927%2C1200&ssl=1&resize=350%2C200 1x, https:\/\/i0.wp.com\/zeromagazine.mx\/wp-content\/uploads\/2024\/06\/IMG_1107-scaled.jpeg?fit=927%2C1200&ssl=1&resize=525%2C300 1.5x, https:\/\/i0.wp.com\/zeromagazine.mx\/wp-content\/uploads\/2024\/06\/IMG_1107-scaled.jpeg?fit=927%2C1200&ssl=1&resize=700%2C400 2x"},"classes":[]},{"id":81103,"url":"https:\/\/zeromagazine.mx\/index.php\/2024\/07\/31\/los-gorriones-regreso-tropical-epico\/","url_meta":{"origin":70305,"position":4},"title":"\u00abLos Gorriones: Regreso Tropical \u00c9pico\u00bb","author":"zeromagazinemx","date":"31 de julio de 2024","format":false,"excerpt":"\u00a1Hey, gent@! Si no has escuchado hablar de\u00a0Los Gorriones, est\u00e1s a punto de descubrir algo incre\u00edble. Esta banda, que nos hizo sentir todas las vibes con su m\u00fasica tropical, est\u00e1 de regreso despu\u00e9s de una breve pausa y \u00a1viene con m\u00e1s fuerza que nunca! Prep\u00e1rate para un viaje musical que\u2026","rel":"","context":"En \u00abBlog\u00bb","block_context":{"text":"Blog","link":"https:\/\/zeromagazine.mx\/index.php\/category\/blog\/"},"img":{"alt_text":"","src":"https:\/\/i0.wp.com\/zeromagazine.mx\/wp-content\/uploads\/2024\/07\/WhatsApp-Image-2024-07-30-at-4.16.33-PM.jpeg?fit=1200%2C799&ssl=1&resize=350%2C200","width":350,"height":200,"srcset":"https:\/\/i0.wp.com\/zeromagazine.mx\/wp-content\/uploads\/2024\/07\/WhatsApp-Image-2024-07-30-at-4.16.33-PM.jpeg?fit=1200%2C799&ssl=1&resize=350%2C200 1x, https:\/\/i0.wp.com\/zeromagazine.mx\/wp-content\/uploads\/2024\/07\/WhatsApp-Image-2024-07-30-at-4.16.33-PM.jpeg?fit=1200%2C799&ssl=1&resize=525%2C300 1.5x, https:\/\/i0.wp.com\/zeromagazine.mx\/wp-content\/uploads\/2024\/07\/WhatsApp-Image-2024-07-30-at-4.16.33-PM.jpeg?fit=1200%2C799&ssl=1&resize=700%2C400 2x, https:\/\/i0.wp.com\/zeromagazine.mx\/wp-content\/uploads\/2024\/07\/WhatsApp-Image-2024-07-30-at-4.16.33-PM.jpeg?fit=1200%2C799&ssl=1&resize=1050%2C600 3x"},"classes":[]},{"id":93930,"url":"https:\/\/zeromagazine.mx\/index.php\/2024\/12\/27\/ill-be-away-el-debut-solista-depablo-amador\/","url_meta":{"origin":70305,"position":5},"title":"I\u2019ll Be Away: Una historia de salud mental y m\u00fasica","author":"David Morales","date":"27 de diciembre de 2024","format":false,"excerpt":"Descubre \u201cI\u2019ll Be Away\u201d Amix, \u00bfse imaginan crear una rola que capture la esencia de una relaci\u00f3n a distancia y los altibajos de la salud mental? Esa es la magia detr\u00e1s de I\u2019ll Be Away, el debut solista de Pablo Amador Flores, un multi-instrumentalista chilangx que ahora la rompe en\u2026","rel":"","context":"En \u00abEntretenimiento\u00bb","block_context":{"text":"Entretenimiento","link":"https:\/\/zeromagazine.mx\/index.php\/category\/entretenimiento\/"},"img":{"alt_text":"","src":"https:\/\/i0.wp.com\/zeromagazine.mx\/wp-content\/uploads\/2024\/12\/IMG_2664-scaled.jpeg?fit=800%2C1200&ssl=1&resize=350%2C200","width":350,"height":200,"srcset":"https:\/\/i0.wp.com\/zeromagazine.mx\/wp-content\/uploads\/2024\/12\/IMG_2664-scaled.jpeg?fit=800%2C1200&ssl=1&resize=350%2C200 1x, https:\/\/i0.wp.com\/zeromagazine.mx\/wp-content\/uploads\/2024\/12\/IMG_2664-scaled.jpeg?fit=800%2C1200&ssl=1&resize=525%2C300 1.5x, https:\/\/i0.wp.com\/zeromagazine.mx\/wp-content\/uploads\/2024\/12\/IMG_2664-scaled.jpeg?fit=800%2C1200&ssl=1&resize=700%2C400 2x"},"classes":[]}],"jetpack_sharing_enabled":true,"builder_content":"","_links":{"self":[{"href":"https:\/\/zeromagazine.mx\/index.php\/wp-json\/wp\/v2\/posts\/70305","targetHints":{"allow":["GET"]}}],"collection":[{"href":"https:\/\/zeromagazine.mx\/index.php\/wp-json\/wp\/v2\/posts"}],"about":[{"href":"https:\/\/zeromagazine.mx\/index.php\/wp-json\/wp\/v2\/types\/post"}],"author":[{"embeddable":true,"href":"https:\/\/zeromagazine.mx\/index.php\/wp-json\/wp\/v2\/users\/4"}],"replies":[{"embeddable":true,"href":"https:\/\/zeromagazine.mx\/index.php\/wp-json\/wp\/v2\/comments?post=70305"}],"version-history":[{"count":2,"href":"https:\/\/zeromagazine.mx\/index.php\/wp-json\/wp\/v2\/posts\/70305\/revisions"}],"predecessor-version":[{"id":70309,"href":"https:\/\/zeromagazine.mx\/index.php\/wp-json\/wp\/v2\/posts\/70305\/revisions\/70309"}],"wp:featuredmedia":[{"embeddable":true,"href":"https:\/\/zeromagazine.mx\/index.php\/wp-json\/wp\/v2\/media\/70307"}],"wp:attachment":[{"href":"https:\/\/zeromagazine.mx\/index.php\/wp-json\/wp\/v2\/media?parent=70305"}],"wp:term":[{"taxonomy":"category","embeddable":true,"href":"https:\/\/zeromagazine.mx\/index.php\/wp-json\/wp\/v2\/categories?post=70305"},{"taxonomy":"post_tag","embeddable":true,"href":"https:\/\/zeromagazine.mx\/index.php\/wp-json\/wp\/v2\/tags?post=70305"}],"curies":[{"name":"wp","href":"https:\/\/api.w.org\/{rel}","templated":true}]}}