{"id":70576,"date":"2024-02-10T01:03:47","date_gmt":"2024-02-10T00:03:47","guid":{"rendered":"https:\/\/zeromagazine.mx\/?p=70576"},"modified":"2024-02-10T01:03:47","modified_gmt":"2024-02-10T00:03:47","slug":"jly-de-la-adversidad-a-la-autenticidad-musical","status":"publish","type":"post","link":"https:\/\/zeromagazine.mx\/index.php\/2024\/02\/10\/jly-de-la-adversidad-a-la-autenticidad-musical\/","title":{"rendered":"JLY: De la Adversidad a la Autenticidad Musical"},"content":{"rendered":"<!--themify_builder_content-->\n<div id=\"themify_builder_content-70576\" data-postid=\"70576\" class=\"themify_builder_content themify_builder_content-70576 themify_builder tf_clear\">\n    <\/div>\n<!--\/themify_builder_content-->\n\n\n<p>Pocos artistas se dejan ver vulnerables y con pocos artistas he tenido una pl\u00e1tica tan \u00edntima como con Jly, que adem\u00e1s busca dejar un mensaje positivo siempre.<\/p>\n\n\n\n<figure class=\"wp-block-image size-large\"><img data-recalc-dims=\"1\" decoding=\"async\" width=\"791\" height=\"1024\" src=\"https:\/\/i0.wp.com\/zeromagazine.mx\/wp-content\/uploads\/2024\/02\/IMG_0343-791x1024.jpeg?resize=791%2C1024&#038;ssl=1\" alt=\"\" class=\"wp-image-70577\" srcset=\"https:\/\/i0.wp.com\/zeromagazine.mx\/wp-content\/uploads\/2024\/02\/IMG_0343-scaled.jpeg?resize=791%2C1024&amp;ssl=1 791w, https:\/\/i0.wp.com\/zeromagazine.mx\/wp-content\/uploads\/2024\/02\/IMG_0343-scaled.jpeg?resize=232%2C300&amp;ssl=1 232w, https:\/\/i0.wp.com\/zeromagazine.mx\/wp-content\/uploads\/2024\/02\/IMG_0343-scaled.jpeg?resize=768%2C994&amp;ssl=1 768w, https:\/\/i0.wp.com\/zeromagazine.mx\/wp-content\/uploads\/2024\/02\/IMG_0343-scaled.jpeg?resize=1187%2C1536&amp;ssl=1 1187w, https:\/\/i0.wp.com\/zeromagazine.mx\/wp-content\/uploads\/2024\/02\/IMG_0343-scaled.jpeg?resize=1583%2C2048&amp;ssl=1 1583w, https:\/\/i0.wp.com\/zeromagazine.mx\/wp-content\/uploads\/2024\/02\/IMG_0343-scaled.jpeg?resize=560%2C724&amp;ssl=1 560w, https:\/\/i0.wp.com\/zeromagazine.mx\/wp-content\/uploads\/2024\/02\/IMG_0343-scaled.jpeg?w=1978&amp;ssl=1 1978w\" sizes=\"(max-width: 791px) 100vw, 791px\" \/><\/figure>\n\n\n\n<p>Por: David Morales<br>Foto: Alain Amateco<br>MUAH: Julio C\u00e9sar Le\u00f3n<br>Styling: David Morales<br>Locaci\u00f3n: Nimbo Studio<\/p>\n\n\n\n<p><strong>Plat\u00edcanme primero, \u00bfPor qu\u00e9 Jly? <\/strong><\/p>\n\n\n\n<p>A los 18 a\u00f1os me fui de vacaciones, terminando la prepa, con mis amigos, a Canc\u00fan. Y, pues, ah\u00ed en el cotorreo, est\u00e1bamos aqu\u00ed en una fiestilla, yo estaba aqu\u00ed platicando con una chica, ah\u00ed en el mero ligue, y un amigo llega as\u00ed de que de la nada, y me dice, \u201cJly, \u00bferes t\u00fa?\u201d, y le dice a la chica \u201ces que eso es famoso, hace m\u00fasica.\u201d Y me di cuenta que lo hac\u00eda como para conectarme con la chica. Y ya, de que se empez\u00f3 a correr como un rumor, de que hab\u00eda un g\u00fcey que hac\u00eda m\u00fasica ah\u00ed. Y yo todav\u00eda no hac\u00eda m\u00fasica, ni siquiera relacionado al medio musical. <\/p>\n\n\n\n<p>Y a la hora de que yo me empiezo a meter a la m\u00fasica, dije, \u00bfqu\u00e9 nombre elijo? Y se qued\u00f3 Jly, literal, mandado a hacer. <\/p>\n\n\n\n<figure class=\"wp-block-image size-large\"><img data-recalc-dims=\"1\" decoding=\"async\" width=\"683\" height=\"1024\" src=\"https:\/\/i0.wp.com\/zeromagazine.mx\/wp-content\/uploads\/2024\/02\/jly13-683x1024.jpg?resize=683%2C1024&#038;ssl=1\" alt=\"\" class=\"wp-image-70587\" srcset=\"https:\/\/i0.wp.com\/zeromagazine.mx\/wp-content\/uploads\/2024\/02\/jly13.jpg?resize=683%2C1024&amp;ssl=1 683w, https:\/\/i0.wp.com\/zeromagazine.mx\/wp-content\/uploads\/2024\/02\/jly13.jpg?resize=200%2C300&amp;ssl=1 200w, https:\/\/i0.wp.com\/zeromagazine.mx\/wp-content\/uploads\/2024\/02\/jly13.jpg?resize=768%2C1152&amp;ssl=1 768w, https:\/\/i0.wp.com\/zeromagazine.mx\/wp-content\/uploads\/2024\/02\/jly13.jpg?resize=1024%2C1536&amp;ssl=1 1024w, https:\/\/i0.wp.com\/zeromagazine.mx\/wp-content\/uploads\/2024\/02\/jly13.jpg?resize=1365%2C2048&amp;ssl=1 1365w, https:\/\/i0.wp.com\/zeromagazine.mx\/wp-content\/uploads\/2024\/02\/jly13.jpg?w=1600&amp;ssl=1 1600w\" sizes=\"(max-width: 683px) 100vw, 683px\" \/><\/figure>\n\n\n\n<script async src=\"https:\/\/pagead2.googlesyndication.com\/pagead\/js\/adsbygoogle.js?client=ca-pub-5499304793904745\"\n     crossorigin=\"anonymous\"><\/script>\n<ins class=\"adsbygoogle\"\n     style=\"display:block; text-align:center;\"\n     data-ad-layout=\"in-article\"\n     data-ad-format=\"fluid\"\n     data-ad-client=\"ca-pub-5499304793904745\"\n     data-ad-slot=\"5994863093\"><\/ins>\n<script>\n     (adsbygoogle = window.adsbygoogle || []).push({});\n<\/script>\n\n\n\n<p><strong>\u00bfC\u00f3mo descubres que te gusta la m\u00fasica? <\/strong><\/p>\n\n\n\n<p>Creo que a todo el mundo le gusta, pero para m\u00ed&#8230;desde ni\u00f1o, yo siempre fui muy ansioso, \u00bfsabes? Era s\u00faper, as\u00ed, como muy erizo, muy ansioso. Tengo ansiedad y trastorno obsesivo-compulsivo. Y desde ni\u00f1o present\u00e9 como estos rasgos de ansiedad, como de que todo me molestaba. Y la m\u00fasica&#8230;siempre que he escuchado m\u00fasica&#8230;y pues como que cuando escuchaba m\u00fasica todos estos fantasmas se iban. <\/p>\n\n\n\n<p>Despu\u00e9s de la m\u00fasica cl\u00e1sica que me pon\u00eda mi madre. Fue Alex Ubago, sus canciones, yo me las sab\u00eda todas. O sea, de ni\u00f1o, todo lo hab\u00eda aprendido de ni\u00f1o. Siempre lo hab\u00eda escuchado. Y me sent\u00eda como s\u00faper relajado cuando escuchaba m\u00fasica. Y desde ah\u00ed&#8230; Desde ah\u00ed fue como la primera semilla que me dej\u00f3 la m\u00fasica. <\/p>\n\n\n\n<figure class=\"wp-block-image size-large\"><img data-recalc-dims=\"1\" decoding=\"async\" width=\"683\" height=\"1024\" src=\"https:\/\/i0.wp.com\/zeromagazine.mx\/wp-content\/uploads\/2024\/02\/jly3-683x1024.jpg?resize=683%2C1024&#038;ssl=1\" alt=\"\" class=\"wp-image-70578\" srcset=\"https:\/\/i0.wp.com\/zeromagazine.mx\/wp-content\/uploads\/2024\/02\/jly3.jpg?resize=683%2C1024&amp;ssl=1 683w, https:\/\/i0.wp.com\/zeromagazine.mx\/wp-content\/uploads\/2024\/02\/jly3.jpg?resize=200%2C300&amp;ssl=1 200w, https:\/\/i0.wp.com\/zeromagazine.mx\/wp-content\/uploads\/2024\/02\/jly3.jpg?resize=768%2C1152&amp;ssl=1 768w, https:\/\/i0.wp.com\/zeromagazine.mx\/wp-content\/uploads\/2024\/02\/jly3.jpg?resize=1024%2C1536&amp;ssl=1 1024w, https:\/\/i0.wp.com\/zeromagazine.mx\/wp-content\/uploads\/2024\/02\/jly3.jpg?resize=1365%2C2048&amp;ssl=1 1365w, https:\/\/i0.wp.com\/zeromagazine.mx\/wp-content\/uploads\/2024\/02\/jly3.jpg?w=1600&amp;ssl=1 1600w\" sizes=\"(max-width: 683px) 100vw, 683px\" \/><\/figure>\n\n\n\n<script async src=\"https:\/\/pagead2.googlesyndication.com\/pagead\/js\/adsbygoogle.js?client=ca-pub-5499304793904745\"\n     crossorigin=\"anonymous\"><\/script>\n<ins class=\"adsbygoogle\"\n     style=\"display:block; text-align:center;\"\n     data-ad-layout=\"in-article\"\n     data-ad-format=\"fluid\"\n     data-ad-client=\"ca-pub-5499304793904745\"\n     data-ad-slot=\"5994863093\"><\/ins>\n<script>\n     (adsbygoogle = window.adsbygoogle || []).push({});\n<\/script>\n\n\n\n<p><strong>\u00bfC\u00f3mo empiezas por tu camino a la m\u00fasica?<\/strong><\/p>\n\n\n\n<p>Yo sal\u00ed de prepa Y me tom\u00e9 seis meses porque no sab\u00eda qu\u00e9 quer\u00eda hacer, la verdad, y entr\u00e9 a estudiar Relaciones Internacionales pero no me gustaba nada. Estuve tres semestres estudiando eso y lo odiaba. No disfrutaba nada. No conviv\u00eda con nadie. O sea, que estuve como medio deprimido. Y entonces&#8230;llega pandemia nos encierran a todos, y le digo a mis pap\u00e1s que yo quiero hacer m\u00fasica. <\/p>\n\n\n\n<p>Porque en pandemia me di cuenta de que pues qu\u00e9 estoy haciendo con mi vida, el mundo puede cambiar as\u00ed de un d\u00eda para otro, \u00bfy qu\u00e9 pedo? Y me remont\u00e9 as\u00ed a algo que era lo \u00fanico que me daba como esa, esa pasi\u00f3n y ganas inmediatas, y era la m\u00fasica. <\/p>\n\n\n\n<p>Entonces yo les digo, les dec\u00eda a mis pap\u00e1s que quer\u00eda hacer m\u00fasica, y obviamente fue un tema, \u00bfno? Pero me dijeron, tienes que seguir estudiando algo, porque pues tienes que comer, \u00bfno? Ya sabes, todas estas cosas que me dicen. Y entonces entr\u00e9 en comunicaci\u00f3n, me cambi\u00e9 a los tres semestres de R.I. pero era en l\u00ednea, y yo me la pasaba mucho de fiesta, no entraba a las clases, me iba con mis amigos, as\u00ed de que una semana entera y no entraba a las clases. Y dije, no, o sea, que tampoco es esto, no me gusta nada esto. <\/p>\n\n\n\n<p>Y saliendo de ah\u00ed, en ese inter, fue cuando yo empec\u00e9 a hacer m\u00fasica con un amigo, ten\u00edamos un d\u00fao, y ah\u00ed empezamos a hacer m\u00fasica.<\/p>\n\n\n\n<figure class=\"wp-block-image size-large\"><img data-recalc-dims=\"1\" decoding=\"async\" width=\"683\" height=\"1024\" src=\"https:\/\/i0.wp.com\/zeromagazine.mx\/wp-content\/uploads\/2024\/02\/jly6-683x1024.jpg?resize=683%2C1024&#038;ssl=1\" alt=\"\" class=\"wp-image-70579\" srcset=\"https:\/\/i0.wp.com\/zeromagazine.mx\/wp-content\/uploads\/2024\/02\/jly6.jpg?resize=683%2C1024&amp;ssl=1 683w, https:\/\/i0.wp.com\/zeromagazine.mx\/wp-content\/uploads\/2024\/02\/jly6.jpg?resize=200%2C300&amp;ssl=1 200w, https:\/\/i0.wp.com\/zeromagazine.mx\/wp-content\/uploads\/2024\/02\/jly6.jpg?resize=768%2C1152&amp;ssl=1 768w, https:\/\/i0.wp.com\/zeromagazine.mx\/wp-content\/uploads\/2024\/02\/jly6.jpg?resize=1024%2C1536&amp;ssl=1 1024w, https:\/\/i0.wp.com\/zeromagazine.mx\/wp-content\/uploads\/2024\/02\/jly6.jpg?resize=1365%2C2048&amp;ssl=1 1365w, https:\/\/i0.wp.com\/zeromagazine.mx\/wp-content\/uploads\/2024\/02\/jly6.jpg?w=1600&amp;ssl=1 1600w\" sizes=\"(max-width: 683px) 100vw, 683px\" \/><\/figure>\n\n\n\n<p><strong>\u00bfQu\u00e9 es lo que sientes cuando haces m\u00fasica? <\/strong><\/p>\n\n\n\n<p>Siento que me desconecto en el mundo, de repente las ansiedades de la vida cotidiana, el estr\u00e9s, la ansiedad, estas cosas, a una personalidad como la que yo tengo, pueden abrumarle mucho. Y cuando hago m\u00fasica, literal, todo se va, y es una sensaci\u00f3n que me daban las drogas, de que me desconecto.<\/p>\n\n\n\n<p><strong>H\u00e1blame de tu primer sencillo. \u00bfC\u00f3mo fue lanzarlo? \u00bfC\u00f3mo fue escribirlo? \u00bfC\u00f3mo te sentiste cuando la gente lo empez\u00f3 a escuchar? <\/strong><\/p>\n\n\n\n<p>Cuando empec\u00e9 a hacer m\u00fasica con el d\u00fao sacamos tres canciones y me internan, y cuando salgo de rehabilitaci\u00f3n y decido que voy a ser solista, decido que ya no voy a perder m\u00e1s mi tiempo con tonter\u00edas, ni estando con gente, como por miedo al fracaso, \u00bfsabes? Como por miedo a estar solo, y porque s\u00e9 que a m\u00ed me iba a ir mejor solo. <\/p>\n\n\n\n<p>Luego sale 120, que fue mi primer sencillo  de solista y mi primer sencillo, y yo quer\u00eda transmitirle al mundo y a la gente que lo escuchara, que yo ya hab\u00eda cambiado, \u00bfsabes? Tratar un poco de la historia por lo que hab\u00eda pasado, porque no es secreto, \u00bfsabes? Mucha gente lo sab\u00eda, pero darle como esta luz a que aqu\u00ed hay algo m\u00e1s dentro. <\/p>\n\n\n\n<figure class=\"wp-block-image size-large\"><img data-recalc-dims=\"1\" decoding=\"async\" width=\"683\" height=\"1024\" src=\"https:\/\/i0.wp.com\/zeromagazine.mx\/wp-content\/uploads\/2024\/02\/jly12-683x1024.jpg?resize=683%2C1024&#038;ssl=1\" alt=\"\" class=\"wp-image-70580\" srcset=\"https:\/\/i0.wp.com\/zeromagazine.mx\/wp-content\/uploads\/2024\/02\/jly12.jpg?resize=683%2C1024&amp;ssl=1 683w, https:\/\/i0.wp.com\/zeromagazine.mx\/wp-content\/uploads\/2024\/02\/jly12.jpg?resize=200%2C300&amp;ssl=1 200w, https:\/\/i0.wp.com\/zeromagazine.mx\/wp-content\/uploads\/2024\/02\/jly12.jpg?resize=768%2C1152&amp;ssl=1 768w, https:\/\/i0.wp.com\/zeromagazine.mx\/wp-content\/uploads\/2024\/02\/jly12.jpg?resize=1024%2C1536&amp;ssl=1 1024w, https:\/\/i0.wp.com\/zeromagazine.mx\/wp-content\/uploads\/2024\/02\/jly12.jpg?resize=1365%2C2048&amp;ssl=1 1365w, https:\/\/i0.wp.com\/zeromagazine.mx\/wp-content\/uploads\/2024\/02\/jly12.jpg?w=1600&amp;ssl=1 1600w\" sizes=\"(max-width: 683px) 100vw, 683px\" \/><\/figure>\n\n\n\n<script async src=\"https:\/\/pagead2.googlesyndication.com\/pagead\/js\/adsbygoogle.js?client=ca-pub-5499304793904745\"\n     crossorigin=\"anonymous\"><\/script>\n<ins class=\"adsbygoogle\"\n     style=\"display:block; text-align:center;\"\n     data-ad-layout=\"in-article\"\n     data-ad-format=\"fluid\"\n     data-ad-client=\"ca-pub-5499304793904745\"\n     data-ad-slot=\"5994863093\"><\/ins>\n<script>\n     (adsbygoogle = window.adsbygoogle || []).push({});\n<\/script>\n\n\n\n<p>Hay heridas que tienes que sanar, hay heridas que tienes que sanar, y pues yo me empec\u00e9 a hablar as\u00ed con la gente, \u00bfsabes? Que soy adicto, estoy internado y esta canci\u00f3n lo dice, \u00bfno? Y cuando la gente la empez\u00f3 a escuchar, pues yo no sab\u00eda c\u00f3mo lo iban a tomar.<\/p>\n\n\n\n<p>Evidentemente siempre hay como esta, este miedo de qu\u00e9 van a decir, pero pues la verdad yo de coraz\u00f3n y quer\u00eda plasmar ah\u00ed algo, un sufrimiento que yo hab\u00eda tenido y la gente la recibi\u00f3 bien, la verdad, y eso me dio mucho gusto, me puso muy feliz, porque yo quiero dejar un mensaje como chido en la sociedad, de que yo ya viv\u00ed algo que la mayor\u00eda de la gente piensa que es normal, y se puede ser mejor que eso.<\/p>\n\n\n\n<figure class=\"wp-block-image size-large\"><img data-recalc-dims=\"1\" decoding=\"async\" width=\"683\" height=\"1024\" src=\"https:\/\/i0.wp.com\/zeromagazine.mx\/wp-content\/uploads\/2024\/02\/jly1-683x1024.jpg?resize=683%2C1024&#038;ssl=1\" alt=\"\" class=\"wp-image-70581\" srcset=\"https:\/\/i0.wp.com\/zeromagazine.mx\/wp-content\/uploads\/2024\/02\/jly1.jpg?resize=683%2C1024&amp;ssl=1 683w, https:\/\/i0.wp.com\/zeromagazine.mx\/wp-content\/uploads\/2024\/02\/jly1.jpg?resize=200%2C300&amp;ssl=1 200w, https:\/\/i0.wp.com\/zeromagazine.mx\/wp-content\/uploads\/2024\/02\/jly1.jpg?resize=768%2C1152&amp;ssl=1 768w, https:\/\/i0.wp.com\/zeromagazine.mx\/wp-content\/uploads\/2024\/02\/jly1.jpg?resize=1024%2C1536&amp;ssl=1 1024w, https:\/\/i0.wp.com\/zeromagazine.mx\/wp-content\/uploads\/2024\/02\/jly1.jpg?resize=1365%2C2048&amp;ssl=1 1365w, https:\/\/i0.wp.com\/zeromagazine.mx\/wp-content\/uploads\/2024\/02\/jly1.jpg?w=1600&amp;ssl=1 1600w\" sizes=\"(max-width: 683px) 100vw, 683px\" \/><\/figure>\n\n\n\n<p><strong>\u00bfQu\u00e9 cambi\u00f3 de que lanzaste tu primer sencillo a tu primera presentaci\u00f3n en vivo?<\/strong><\/p>\n\n\n\n<p>Much\u00edsimo, definitivamente la confianza en m\u00ed mismo fue algo que tuve que construir en esos dos a\u00f1os que pasaron del primer sencillo a mi primera presentaci\u00f3n ya como solista, porque si yo hubiera tenido una presentaci\u00f3n en vivo antes, tal vez no hubiera sabido manejar la adrenalina, los nervios, el estar parado en frente de la gente, y la proyecci\u00f3n en m\u00ed mismo fue algo que tuve que construir.<\/p>\n\n\n\n<p><strong>Plat\u00edcame un poco c\u00f3mo fue este proceso de c\u00f3mo fue estar internado y c\u00f3mo fue que llegaste ahi<\/strong><\/p>\n\n\n\n<p>Gracias a Dios donde yo estuve internado, me daban todo lo que necesitaba un adicto para rehabilitarse. Terapia, ochocientas veces al d\u00eda, me hicieron como estudios del cerebro, ex\u00e1menes como psicoanal\u00edticos, y entonces pues ya me empezaron a diagnosticar que ten\u00eda Trastorno Obsesivo Compulsivo, que ten\u00eda ansiedad generalizada. Y pues me daban tanta terapia que, pues&#8230; Tienes que trabajar, wey. Yo quer\u00eda trabajar. <\/p>\n\n\n\n<p>La neta es que en realidad, sin duda, me hizo muy chido. Porque yo s\u00ed quer\u00eda mejorar. O sea, yo s\u00ed quer\u00eda ponerme bien. Entonces, realmente empec\u00e9 a ver, pues todas estas partes de por qu\u00e9 me sent\u00eda como vac\u00edo, inconforme\u2026y fue muy duro, y muy bonito.<\/p>\n\n\n\n<figure class=\"wp-block-image size-large\"><img data-recalc-dims=\"1\" decoding=\"async\" width=\"683\" height=\"1024\" src=\"https:\/\/i0.wp.com\/zeromagazine.mx\/wp-content\/uploads\/2024\/02\/jly15-683x1024.jpg?resize=683%2C1024&#038;ssl=1\" alt=\"\" class=\"wp-image-70582\" srcset=\"https:\/\/i0.wp.com\/zeromagazine.mx\/wp-content\/uploads\/2024\/02\/jly15.jpg?resize=683%2C1024&amp;ssl=1 683w, https:\/\/i0.wp.com\/zeromagazine.mx\/wp-content\/uploads\/2024\/02\/jly15.jpg?resize=200%2C300&amp;ssl=1 200w, https:\/\/i0.wp.com\/zeromagazine.mx\/wp-content\/uploads\/2024\/02\/jly15.jpg?resize=768%2C1152&amp;ssl=1 768w, https:\/\/i0.wp.com\/zeromagazine.mx\/wp-content\/uploads\/2024\/02\/jly15.jpg?resize=1024%2C1536&amp;ssl=1 1024w, https:\/\/i0.wp.com\/zeromagazine.mx\/wp-content\/uploads\/2024\/02\/jly15.jpg?resize=1365%2C2048&amp;ssl=1 1365w, https:\/\/i0.wp.com\/zeromagazine.mx\/wp-content\/uploads\/2024\/02\/jly15.jpg?w=1600&amp;ssl=1 1600w\" sizes=\"(max-width: 683px) 100vw, 683px\" \/><\/figure>\n\n\n\n<script async src=\"https:\/\/pagead2.googlesyndication.com\/pagead\/js\/adsbygoogle.js?client=ca-pub-5499304793904745\"\n     crossorigin=\"anonymous\"><\/script>\n<ins class=\"adsbygoogle\"\n     style=\"display:block; text-align:center;\"\n     data-ad-layout=\"in-article\"\n     data-ad-format=\"fluid\"\n     data-ad-client=\"ca-pub-5499304793904745\"\n     data-ad-slot=\"5994863093\"><\/ins>\n<script>\n     (adsbygoogle = window.adsbygoogle || []).push({});\n<\/script>\n\n\n\n<p><strong>\u00bfQu\u00e9 fue lo m\u00e1s fuerte por lo que pasaste en este proceso? <\/strong><\/p>\n\n\n\n<p>Reconocer que tengo una adicci\u00f3n, wey. Definitivamente. O sea, m\u00e1s all\u00e1 de todas las situaciones por las que pas\u00e9 estando drogado o as\u00ed creo que reconocerte adicto y reconocerte alcoh\u00f3lico&#8230;es reconocerte que tienes un problema y dejarselo a dios y derrotarte es lo m\u00e1s dif\u00edcil. Por eso la gente recae, porque no lo acepta, wey. Y eso definitivamente fue lo m\u00e1s dif\u00edcil. Reconocerme como adicto. <\/p>\n\n\n\n<p><strong>\u00bfNo hubo como este estigma de tus pap\u00e1s hacia ti? \u00bfEs que fue la m\u00fasica lo que te llev\u00f3 a las drogas y al alcohol?<\/strong> <\/p>\n\n\n\n<p>S\u00ed, definitivamente lo hubo, wey. Y gracias a Dios, en el centro donde estuve hab\u00eda gente de mi familia ah\u00ed. Pude platicar todo esto con ellos. Y se dieron cuenta que realmente mi problema va mucho m\u00e1s all\u00e1. Desde que yo nac\u00ed pues pienso diferente, veo la vida de otro modo. Y que realmente la m\u00fasica no fue lo que me meti\u00f3 ah\u00ed. Que yo ya estaba metido ah\u00ed mucho antes. Y que es por la m\u00fasica que yo me motivo a estar bien, yo siempre digo que la m\u00fasica me salv\u00f3 porque wey, si yo no hiciera m\u00fasica&#8230;laa neta nada m\u00e1s me mueve.<\/p>\n\n\n\n<figure class=\"wp-block-image size-large\"><img data-recalc-dims=\"1\" decoding=\"async\" width=\"683\" height=\"1024\" src=\"https:\/\/i0.wp.com\/zeromagazine.mx\/wp-content\/uploads\/2024\/02\/jly4-683x1024.jpg?resize=683%2C1024&#038;ssl=1\" alt=\"\" class=\"wp-image-70583\" srcset=\"https:\/\/i0.wp.com\/zeromagazine.mx\/wp-content\/uploads\/2024\/02\/jly4.jpg?resize=683%2C1024&amp;ssl=1 683w, https:\/\/i0.wp.com\/zeromagazine.mx\/wp-content\/uploads\/2024\/02\/jly4.jpg?resize=200%2C300&amp;ssl=1 200w, https:\/\/i0.wp.com\/zeromagazine.mx\/wp-content\/uploads\/2024\/02\/jly4.jpg?resize=768%2C1152&amp;ssl=1 768w, https:\/\/i0.wp.com\/zeromagazine.mx\/wp-content\/uploads\/2024\/02\/jly4.jpg?resize=1024%2C1536&amp;ssl=1 1024w, https:\/\/i0.wp.com\/zeromagazine.mx\/wp-content\/uploads\/2024\/02\/jly4.jpg?resize=1365%2C2048&amp;ssl=1 1365w, https:\/\/i0.wp.com\/zeromagazine.mx\/wp-content\/uploads\/2024\/02\/jly4.jpg?w=1600&amp;ssl=1 1600w\" sizes=\"(max-width: 683px) 100vw, 683px\" \/><\/figure>\n\n\n\n<p><strong> \u00bfTus pap\u00e1s ahora c\u00f3mo te ven, te apoyan? \u00bfSiguen contigo? <\/strong><\/p>\n\n\n\n<p>S\u00ed. Yo estoy muy agradecido con ellos porque me han dado todo y me apoyaron mucho en ese proceso. Para m\u00ed fue el momento m\u00e1s majo donde yo he estado toda mi vida, y el tener su apoyo, el ver que ellos tambi\u00e9n est\u00e1n trabajando&#8230;que me dijeran que no pasa nada, pero de aqu\u00ed para arriba, \u00bfsabes? Y pues tirar con esas barreras de que tienen un adicto. Y s\u00ed, y lo soy. Y no pasa nada, wey. <\/p>\n\n\n\n<p>Todo el mundo tiene sus cosas y que me hayan apoyado y al d\u00eda de hoy, poderme llevar bien con ellos, porque yo ten\u00eda muchos problemas con ellos, siempre fue muy ingobernable, pero hoy de verdad, enfocarme en que nuestra relaci\u00f3n sea lo m\u00e1s chido que se pueda, es muy bonito, y siempre su apoyo fue fundamental, la neta. <\/p>\n\n\n\n<figure class=\"wp-block-image size-large\"><img data-recalc-dims=\"1\" decoding=\"async\" width=\"683\" height=\"1024\" src=\"https:\/\/i0.wp.com\/zeromagazine.mx\/wp-content\/uploads\/2024\/02\/jly8-683x1024.jpg?resize=683%2C1024&#038;ssl=1\" alt=\"\" class=\"wp-image-70584\" srcset=\"https:\/\/i0.wp.com\/zeromagazine.mx\/wp-content\/uploads\/2024\/02\/jly8.jpg?resize=683%2C1024&amp;ssl=1 683w, https:\/\/i0.wp.com\/zeromagazine.mx\/wp-content\/uploads\/2024\/02\/jly8.jpg?resize=200%2C300&amp;ssl=1 200w, https:\/\/i0.wp.com\/zeromagazine.mx\/wp-content\/uploads\/2024\/02\/jly8.jpg?resize=768%2C1152&amp;ssl=1 768w, https:\/\/i0.wp.com\/zeromagazine.mx\/wp-content\/uploads\/2024\/02\/jly8.jpg?resize=1024%2C1536&amp;ssl=1 1024w, https:\/\/i0.wp.com\/zeromagazine.mx\/wp-content\/uploads\/2024\/02\/jly8.jpg?resize=1365%2C2048&amp;ssl=1 1365w, https:\/\/i0.wp.com\/zeromagazine.mx\/wp-content\/uploads\/2024\/02\/jly8.jpg?w=1600&amp;ssl=1 1600w\" sizes=\"(max-width: 683px) 100vw, 683px\" \/><\/figure>\n\n\n\n<script async src=\"https:\/\/pagead2.googlesyndication.com\/pagead\/js\/adsbygoogle.js?client=ca-pub-5499304793904745\"\n     crossorigin=\"anonymous\"><\/script>\n<ins class=\"adsbygoogle\"\n     style=\"display:block; text-align:center;\"\n     data-ad-layout=\"in-article\"\n     data-ad-format=\"fluid\"\n     data-ad-client=\"ca-pub-5499304793904745\"\n     data-ad-slot=\"5994863093\"><\/ins>\n<script>\n     (adsbygoogle = window.adsbygoogle || []).push({});\n<\/script>\n\n\n\n<p><strong>Fuera de este asunto, m\u00e1s en tu carrera, \u00bfqu\u00e9 ha sido lo m\u00e1s dif\u00edcil a lo que te has enfrentado? Sobre todo como artista en los \u00faltimos tiempos. <\/strong><\/p>\n\n\n\n<p>Yo digo que el reconocerme como artista a m\u00ed mismo&#8230; generalmente uno espera que la sociedad te vea y te reconozca y ya. Yo mucho tiempo estuve as\u00ed, esperando un reconocimiento de alguien m\u00e1s, un reconocimiento social, que me digan \u201cg\u00fcey, tu m\u00fasica es de cabrona, eres el m\u00e1s duro\u201d Pero cuando no hay ese reconocimiento, entonces, \u00bfc\u00f3mo te amas, sabes? No puedes armarte a trav\u00e9s de los dem\u00e1s, creo que tienes que reconocerte como quien quieres ser,  y obtener ese reconocimiento de m\u00ed hacia mi mismo, ha sido&#8230; ha sido lo m\u00e1s dif\u00edcil.<\/p>\n\n\n\n<p><strong>Ya me dijiste que es lo m\u00e1s dif\u00edcil y lo m\u00e1s complicado. \u00bfQu\u00e9 ha sido ahora lo que m\u00e1s te ha causado orgullo y lo que m\u00e1s te llena de felicidad en cuanto a tu carrera?<\/strong><\/p>\n\n\n\n<p>La verdad, me llena de orgullo y felicidad ver c\u00f3mo he superado mis propios miedos y obst\u00e1culos. Al reconocerme como artista y entender que el reconocimiento verdadero viene de uno mismo, he logrado construir una carrera que refleja mi autenticidad. Cada paso, incluso los momentos dif\u00edciles, ha sido parte del proceso de evoluci\u00f3n y crecimiento. <\/p>\n\n\n\n<figure class=\"wp-block-image size-large\"><img data-recalc-dims=\"1\" decoding=\"async\" width=\"683\" height=\"1024\" src=\"https:\/\/i0.wp.com\/zeromagazine.mx\/wp-content\/uploads\/2024\/02\/jly14-683x1024.jpg?resize=683%2C1024&#038;ssl=1\" alt=\"\" class=\"wp-image-70585\" srcset=\"https:\/\/i0.wp.com\/zeromagazine.mx\/wp-content\/uploads\/2024\/02\/jly14.jpg?resize=683%2C1024&amp;ssl=1 683w, https:\/\/i0.wp.com\/zeromagazine.mx\/wp-content\/uploads\/2024\/02\/jly14.jpg?resize=200%2C300&amp;ssl=1 200w, https:\/\/i0.wp.com\/zeromagazine.mx\/wp-content\/uploads\/2024\/02\/jly14.jpg?resize=768%2C1152&amp;ssl=1 768w, https:\/\/i0.wp.com\/zeromagazine.mx\/wp-content\/uploads\/2024\/02\/jly14.jpg?resize=1024%2C1536&amp;ssl=1 1024w, https:\/\/i0.wp.com\/zeromagazine.mx\/wp-content\/uploads\/2024\/02\/jly14.jpg?resize=1365%2C2048&amp;ssl=1 1365w, https:\/\/i0.wp.com\/zeromagazine.mx\/wp-content\/uploads\/2024\/02\/jly14.jpg?w=1600&amp;ssl=1 1600w\" sizes=\"(max-width: 683px) 100vw, 683px\" \/><\/figure>\n\n\n\n<p>La superaci\u00f3n del miedo al \u00e9xito ha sido clave para seguir avanzando y explorando nuevas posibilidades en mi m\u00fasica. Enfrentar ese temor me ha permitido conectar con mi verdadera esencia y encontrar una satisfacci\u00f3n profunda en mi carrera. Aprender a manejar el miedo y enfrentar el fracaso como una oportunidad de crecimiento ha sido fundamental. Creo que la verdadera recompensa est\u00e1 en el proceso de creaci\u00f3n y en la posibilidad de inspirar a otros con mi m\u00fasica. Esto, para m\u00ed, es lo que m\u00e1s me llena de orgullo y felicidad en mi carrera hasta ahora.<\/p>\n\n\n\n<p><strong>Si pudieras regresar en el tiempo un poco y te encontraras con Jly de 15 a\u00f1os, \u00bfqu\u00e9 le dir\u00edas? <\/strong><\/p>\n\n\n\n<p>M\u00e1s que cambiar algo, no cambiar\u00eda nada, pero le dir\u00eda no tengas miedo a la vida. La vida es muy bonita y conf\u00eda en Dios y conf\u00eda en ti, todo te va a salir bien. Eso le dir\u00eda.<\/p>\n\n\n\n<figure class=\"wp-block-image size-large\"><img data-recalc-dims=\"1\" decoding=\"async\" width=\"1024\" height=\"683\" src=\"https:\/\/i0.wp.com\/zeromagazine.mx\/wp-content\/uploads\/2024\/02\/jly11-1024x683.jpg?resize=1024%2C683&#038;ssl=1\" alt=\"\" class=\"wp-image-70586\" srcset=\"https:\/\/i0.wp.com\/zeromagazine.mx\/wp-content\/uploads\/2024\/02\/jly11.jpg?resize=1024%2C683&amp;ssl=1 1024w, https:\/\/i0.wp.com\/zeromagazine.mx\/wp-content\/uploads\/2024\/02\/jly11.jpg?resize=300%2C200&amp;ssl=1 300w, https:\/\/i0.wp.com\/zeromagazine.mx\/wp-content\/uploads\/2024\/02\/jly11.jpg?resize=768%2C512&amp;ssl=1 768w, https:\/\/i0.wp.com\/zeromagazine.mx\/wp-content\/uploads\/2024\/02\/jly11.jpg?resize=1536%2C1024&amp;ssl=1 1536w, https:\/\/i0.wp.com\/zeromagazine.mx\/wp-content\/uploads\/2024\/02\/jly11.jpg?w=1600&amp;ssl=1 1600w\" sizes=\"(max-width: 1024px) 100vw, 1024px\" \/><\/figure>\n\n\n\n<script async src=\"https:\/\/pagead2.googlesyndication.com\/pagead\/js\/adsbygoogle.js?client=ca-pub-5499304793904745\"\n     crossorigin=\"anonymous\"><\/script>\n<ins class=\"adsbygoogle\"\n     style=\"display:block; text-align:center;\"\n     data-ad-layout=\"in-article\"\n     data-ad-format=\"fluid\"\n     data-ad-client=\"ca-pub-5499304793904745\"\n     data-ad-slot=\"5994863093\"><\/ins>\n<script>\n     (adsbygoogle = window.adsbygoogle || []).push({});\n<\/script>\n\n\n\n<p><strong>\u00bfQu\u00e9 proyectos tienes en puerta? <\/strong><\/p>\n\n\n\n<p>Tengo una rolita ya pronto que va a salir, en marzo. La gente no se espera lo que es. Cambi\u00e9 totalmente el flow, cambi\u00e9 totalmente muchas cosas. Y va a ser una rolota. Va a ser un proyecto muy chido. Me gustar\u00eda empezar a colaborar con algunos artistas y hacer un \u00e1lbum. Me encantar\u00eda hacer mi primer \u00e1lbum. Y solo estoy esperando a tener el nivel de realmente hacer un \u00e1lbum que est\u00e9 cabr\u00f3n.<\/p>\n\n\n\n<p><strong>\u00bfC\u00f3mo definir\u00edas tu estilo? \u00bfC\u00f3mo definir\u00edas la m\u00fasica de Jly? <\/strong><\/p>\n\n\n\n<p>Pues creo que la m\u00fasica de Jly es vers\u00e1til, creo que es una m\u00fasica que tiene energ\u00eda alta, \u00bfsabes? Esa energ\u00eda chida y que puede ser apta para todo momento. Puedes escucharla en una fiesta, en tu coche, en el gimnasio, y siempre vas a encontrar un mensaje detr\u00e1s de todo. <\/p>\n\n\n\n<figure class=\"wp-block-image size-large\"><img data-recalc-dims=\"1\" decoding=\"async\" width=\"683\" height=\"1024\" src=\"https:\/\/i0.wp.com\/zeromagazine.mx\/wp-content\/uploads\/2024\/02\/jly9-683x1024.jpg?resize=683%2C1024&#038;ssl=1\" alt=\"\" class=\"wp-image-70588\" srcset=\"https:\/\/i0.wp.com\/zeromagazine.mx\/wp-content\/uploads\/2024\/02\/jly9.jpg?resize=683%2C1024&amp;ssl=1 683w, https:\/\/i0.wp.com\/zeromagazine.mx\/wp-content\/uploads\/2024\/02\/jly9.jpg?resize=200%2C300&amp;ssl=1 200w, https:\/\/i0.wp.com\/zeromagazine.mx\/wp-content\/uploads\/2024\/02\/jly9.jpg?resize=768%2C1152&amp;ssl=1 768w, https:\/\/i0.wp.com\/zeromagazine.mx\/wp-content\/uploads\/2024\/02\/jly9.jpg?resize=1024%2C1536&amp;ssl=1 1024w, https:\/\/i0.wp.com\/zeromagazine.mx\/wp-content\/uploads\/2024\/02\/jly9.jpg?resize=1365%2C2048&amp;ssl=1 1365w, https:\/\/i0.wp.com\/zeromagazine.mx\/wp-content\/uploads\/2024\/02\/jly9.jpg?w=1600&amp;ssl=1 1600w\" sizes=\"(max-width: 683px) 100vw, 683px\" \/><\/figure>\n\n\n\n<p><strong>Y por \u00faltimo, \u00bfqu\u00e9 mensaje te gustar\u00eda darle a tus lectores y a tus seguidores? <\/strong><\/p>\n\n\n\n<p>Que nunca se rindan, que siempre sigan sus sue\u00f1os, que no importa qu\u00e9 tan dura est\u00e9 la vida, que sigan para adelante, y que tengan tolerancia a la frustraci\u00f3n, eso te hace fuerte; y que sigan, porque la vida no se para. La vida sigue, te sientas t\u00fa como te sientas. Entonces, tener su mente fuerte, porque tienes la oportunidad de hacer algo con tu vida.<\/p>\n\n\n\n<figure class=\"wp-block-image size-large\"><img data-recalc-dims=\"1\" decoding=\"async\" width=\"683\" height=\"1024\" src=\"https:\/\/i0.wp.com\/zeromagazine.mx\/wp-content\/uploads\/2024\/02\/jly17-683x1024.jpg?resize=683%2C1024&#038;ssl=1\" alt=\"\" class=\"wp-image-70589\" srcset=\"https:\/\/i0.wp.com\/zeromagazine.mx\/wp-content\/uploads\/2024\/02\/jly17.jpg?resize=683%2C1024&amp;ssl=1 683w, https:\/\/i0.wp.com\/zeromagazine.mx\/wp-content\/uploads\/2024\/02\/jly17.jpg?resize=200%2C300&amp;ssl=1 200w, https:\/\/i0.wp.com\/zeromagazine.mx\/wp-content\/uploads\/2024\/02\/jly17.jpg?resize=768%2C1152&amp;ssl=1 768w, https:\/\/i0.wp.com\/zeromagazine.mx\/wp-content\/uploads\/2024\/02\/jly17.jpg?resize=1024%2C1536&amp;ssl=1 1024w, https:\/\/i0.wp.com\/zeromagazine.mx\/wp-content\/uploads\/2024\/02\/jly17.jpg?resize=1365%2C2048&amp;ssl=1 1365w, https:\/\/i0.wp.com\/zeromagazine.mx\/wp-content\/uploads\/2024\/02\/jly17.jpg?w=1600&amp;ssl=1 1600w\" sizes=\"(max-width: 683px) 100vw, 683px\" \/><\/figure>\n\n\n\n<script async src=\"https:\/\/pagead2.googlesyndication.com\/pagead\/js\/adsbygoogle.js?client=ca-pub-5499304793904745\"\n     crossorigin=\"anonymous\"><\/script>\n<ins class=\"adsbygoogle\"\n     style=\"display:block; text-align:center;\"\n     data-ad-layout=\"in-article\"\n     data-ad-format=\"fluid\"\n     data-ad-client=\"ca-pub-5499304793904745\"\n     data-ad-slot=\"5994863093\"><\/ins>\n<script>\n     (adsbygoogle = window.adsbygoogle || []).push({});\n<\/script>\n\n\n\n<p>Sin duda un gran ejemplo y un talento sin igual, no olviden seguir a Jly en todas las plataformas y escuchar su m\u00fasica que siempre tiene un mensaje para ti.<\/p>","protected":false},"excerpt":{"rendered":"<p>Pocos artistas se dejan ver vulnerables y con pocos artistas he tenido una pl\u00e1tica tan \u00edntima como con Jly, que adem\u00e1s busca dejar un mensaje positivo siempre. Por: David MoralesFoto: Alain AmatecoMUAH: Julio C\u00e9sar Le\u00f3nStyling: David MoralesLocaci\u00f3n: Nimbo Studio Plat\u00edcanme primero, \u00bfPor qu\u00e9 Jly? A los 18 a\u00f1os me fui de vacaciones, terminando la prepa, [&hellip;]<\/p>\n","protected":false},"author":4,"featured_media":70577,"comment_status":"open","ping_status":"open","sticky":true,"template":"","format":"standard","meta":{"_jetpack_memberships_contains_paid_content":false,"footnotes":"","jetpack_publicize_message":"","jetpack_publicize_feature_enabled":true,"jetpack_social_post_already_shared":false,"jetpack_social_options":{"image_generator_settings":{"template":"highway","default_image_id":0,"font":"","enabled":false},"version":2}},"categories":[98],"tags":[3384,6923,6845,6924],"class_list":["post-70576","post","type-post","status-publish","format-standard","has-post-thumbnail","hentry","category-portada","tag-destacada","tag-jly","tag-musica-2","tag-musicos-emergentes","has-post-title","has-post-date","has-post-category","has-post-tag","has-post-comment","has-post-author",""],"yoast_head":"<!-- This site is optimized with the Yoast SEO plugin v27.5 - https:\/\/yoast.com\/product\/yoast-seo-wordpress\/ -->\n<title>JLY: De la Adversidad a la Autenticidad Musical - Zero Magazine<\/title>\n<meta name=\"robots\" content=\"index, follow, max-snippet:-1, max-image-preview:large, max-video-preview:-1\" \/>\n<link rel=\"canonical\" href=\"https:\/\/zeromagazine.mx\/index.php\/2024\/02\/10\/jly-de-la-adversidad-a-la-autenticidad-musical\/\" \/>\n<meta property=\"og:locale\" content=\"es_ES\" \/>\n<meta property=\"og:type\" content=\"article\" \/>\n<meta property=\"og:title\" content=\"JLY: De la Adversidad a la Autenticidad Musical - Zero Magazine\" \/>\n<meta property=\"og:description\" content=\"Pocos artistas se dejan ver vulnerables y con pocos artistas he tenido una pl\u00e1tica tan \u00edntima como con Jly, que adem\u00e1s busca dejar un mensaje positivo siempre. Por: David MoralesFoto: Alain AmatecoMUAH: Julio C\u00e9sar Le\u00f3nStyling: David MoralesLocaci\u00f3n: Nimbo Studio Plat\u00edcanme primero, \u00bfPor qu\u00e9 Jly? A los 18 a\u00f1os me fui de vacaciones, terminando la prepa, [&hellip;]\" \/>\n<meta property=\"og:url\" content=\"https:\/\/zeromagazine.mx\/index.php\/2024\/02\/10\/jly-de-la-adversidad-a-la-autenticidad-musical\/\" \/>\n<meta property=\"og:site_name\" content=\"Zero Magazine\" \/>\n<meta property=\"article:published_time\" content=\"2024-02-10T00:03:47+00:00\" \/>\n<meta property=\"og:image\" content=\"https:\/\/i0.wp.com\/zeromagazine.mx\/wp-content\/uploads\/2024\/02\/IMG_0343-scaled.jpeg?fit=1978%2C2560&ssl=1\" \/>\n\t<meta property=\"og:image:width\" content=\"1978\" \/>\n\t<meta property=\"og:image:height\" content=\"2560\" \/>\n\t<meta property=\"og:image:type\" content=\"image\/jpeg\" \/>\n<meta name=\"author\" content=\"David Morales\" \/>\n<meta name=\"twitter:card\" content=\"summary_large_image\" \/>\n<meta name=\"twitter:label1\" content=\"Escrito por\" \/>\n\t<meta name=\"twitter:data1\" content=\"David Morales\" \/>\n\t<meta name=\"twitter:label2\" content=\"Tiempo de lectura\" \/>\n\t<meta name=\"twitter:data2\" content=\"11 minutos\" \/>\n<script type=\"application\/ld+json\" class=\"yoast-schema-graph\">{\"@context\":\"https:\\\/\\\/schema.org\",\"@graph\":[{\"@type\":\"Article\",\"@id\":\"https:\\\/\\\/zeromagazine.mx\\\/index.php\\\/2024\\\/02\\\/10\\\/jly-de-la-adversidad-a-la-autenticidad-musical\\\/#article\",\"isPartOf\":{\"@id\":\"https:\\\/\\\/zeromagazine.mx\\\/index.php\\\/2024\\\/02\\\/10\\\/jly-de-la-adversidad-a-la-autenticidad-musical\\\/\"},\"author\":{\"name\":\"David Morales\",\"@id\":\"https:\\\/\\\/zeromagazine.mx\\\/#\\\/schema\\\/person\\\/9f7f1a17c60ba8e9980e3e6677aabe5a\"},\"headline\":\"JLY: De la Adversidad a la Autenticidad Musical\",\"datePublished\":\"2024-02-10T00:03:47+00:00\",\"mainEntityOfPage\":{\"@id\":\"https:\\\/\\\/zeromagazine.mx\\\/index.php\\\/2024\\\/02\\\/10\\\/jly-de-la-adversidad-a-la-autenticidad-musical\\\/\"},\"wordCount\":2293,\"commentCount\":0,\"publisher\":{\"@id\":\"https:\\\/\\\/zeromagazine.mx\\\/#organization\"},\"image\":{\"@id\":\"https:\\\/\\\/zeromagazine.mx\\\/index.php\\\/2024\\\/02\\\/10\\\/jly-de-la-adversidad-a-la-autenticidad-musical\\\/#primaryimage\"},\"thumbnailUrl\":\"https:\\\/\\\/i0.wp.com\\\/zeromagazine.mx\\\/wp-content\\\/uploads\\\/2024\\\/02\\\/IMG_0343-scaled.jpeg?fit=1978%2C2560&ssl=1\",\"keywords\":[\"Destacada\",\"jly\",\"Musica\",\"musicos emergentes\"],\"articleSection\":[\"Portada\"],\"inLanguage\":\"es\",\"potentialAction\":[{\"@type\":\"CommentAction\",\"name\":\"Comment\",\"target\":[\"https:\\\/\\\/zeromagazine.mx\\\/index.php\\\/2024\\\/02\\\/10\\\/jly-de-la-adversidad-a-la-autenticidad-musical\\\/#respond\"]}]},{\"@type\":\"WebPage\",\"@id\":\"https:\\\/\\\/zeromagazine.mx\\\/index.php\\\/2024\\\/02\\\/10\\\/jly-de-la-adversidad-a-la-autenticidad-musical\\\/\",\"url\":\"https:\\\/\\\/zeromagazine.mx\\\/index.php\\\/2024\\\/02\\\/10\\\/jly-de-la-adversidad-a-la-autenticidad-musical\\\/\",\"name\":\"JLY: De la Adversidad a la Autenticidad Musical - Zero Magazine\",\"isPartOf\":{\"@id\":\"https:\\\/\\\/zeromagazine.mx\\\/#website\"},\"primaryImageOfPage\":{\"@id\":\"https:\\\/\\\/zeromagazine.mx\\\/index.php\\\/2024\\\/02\\\/10\\\/jly-de-la-adversidad-a-la-autenticidad-musical\\\/#primaryimage\"},\"image\":{\"@id\":\"https:\\\/\\\/zeromagazine.mx\\\/index.php\\\/2024\\\/02\\\/10\\\/jly-de-la-adversidad-a-la-autenticidad-musical\\\/#primaryimage\"},\"thumbnailUrl\":\"https:\\\/\\\/i0.wp.com\\\/zeromagazine.mx\\\/wp-content\\\/uploads\\\/2024\\\/02\\\/IMG_0343-scaled.jpeg?fit=1978%2C2560&ssl=1\",\"datePublished\":\"2024-02-10T00:03:47+00:00\",\"breadcrumb\":{\"@id\":\"https:\\\/\\\/zeromagazine.mx\\\/index.php\\\/2024\\\/02\\\/10\\\/jly-de-la-adversidad-a-la-autenticidad-musical\\\/#breadcrumb\"},\"inLanguage\":\"es\",\"potentialAction\":[{\"@type\":\"ReadAction\",\"target\":[\"https:\\\/\\\/zeromagazine.mx\\\/index.php\\\/2024\\\/02\\\/10\\\/jly-de-la-adversidad-a-la-autenticidad-musical\\\/\"]}]},{\"@type\":\"ImageObject\",\"inLanguage\":\"es\",\"@id\":\"https:\\\/\\\/zeromagazine.mx\\\/index.php\\\/2024\\\/02\\\/10\\\/jly-de-la-adversidad-a-la-autenticidad-musical\\\/#primaryimage\",\"url\":\"https:\\\/\\\/i0.wp.com\\\/zeromagazine.mx\\\/wp-content\\\/uploads\\\/2024\\\/02\\\/IMG_0343-scaled.jpeg?fit=1978%2C2560&ssl=1\",\"contentUrl\":\"https:\\\/\\\/i0.wp.com\\\/zeromagazine.mx\\\/wp-content\\\/uploads\\\/2024\\\/02\\\/IMG_0343-scaled.jpeg?fit=1978%2C2560&ssl=1\",\"width\":1978,\"height\":2560},{\"@type\":\"BreadcrumbList\",\"@id\":\"https:\\\/\\\/zeromagazine.mx\\\/index.php\\\/2024\\\/02\\\/10\\\/jly-de-la-adversidad-a-la-autenticidad-musical\\\/#breadcrumb\",\"itemListElement\":[{\"@type\":\"ListItem\",\"position\":1,\"name\":\"Portada\",\"item\":\"https:\\\/\\\/zeromagazine.mx\\\/\"},{\"@type\":\"ListItem\",\"position\":2,\"name\":\"JLY: De la Adversidad a la Autenticidad Musical\"}]},{\"@type\":\"WebSite\",\"@id\":\"https:\\\/\\\/zeromagazine.mx\\\/#website\",\"url\":\"https:\\\/\\\/zeromagazine.mx\\\/\",\"name\":\"Zero Magazine\",\"description\":\"\",\"publisher\":{\"@id\":\"https:\\\/\\\/zeromagazine.mx\\\/#organization\"},\"potentialAction\":[{\"@type\":\"SearchAction\",\"target\":{\"@type\":\"EntryPoint\",\"urlTemplate\":\"https:\\\/\\\/zeromagazine.mx\\\/?s={search_term_string}\"},\"query-input\":{\"@type\":\"PropertyValueSpecification\",\"valueRequired\":true,\"valueName\":\"search_term_string\"}}],\"inLanguage\":\"es\"},{\"@type\":\"Organization\",\"@id\":\"https:\\\/\\\/zeromagazine.mx\\\/#organization\",\"name\":\"Zero Magazine\",\"url\":\"https:\\\/\\\/zeromagazine.mx\\\/\",\"logo\":{\"@type\":\"ImageObject\",\"inLanguage\":\"es\",\"@id\":\"https:\\\/\\\/zeromagazine.mx\\\/#\\\/schema\\\/logo\\\/image\\\/\",\"url\":\"https:\\\/\\\/i0.wp.com\\\/zeromagazine.mx\\\/wp-content\\\/uploads\\\/2025\\\/11\\\/1.jpeg?fit=1000%2C1000&ssl=1\",\"contentUrl\":\"https:\\\/\\\/i0.wp.com\\\/zeromagazine.mx\\\/wp-content\\\/uploads\\\/2025\\\/11\\\/1.jpeg?fit=1000%2C1000&ssl=1\",\"width\":1000,\"height\":1000,\"caption\":\"Zero Magazine\"},\"image\":{\"@id\":\"https:\\\/\\\/zeromagazine.mx\\\/#\\\/schema\\\/logo\\\/image\\\/\"},\"sameAs\":[\"https:\\\/\\\/instagram.com\\\/zeromagazinemx\"]},{\"@type\":\"Person\",\"@id\":\"https:\\\/\\\/zeromagazine.mx\\\/#\\\/schema\\\/person\\\/9f7f1a17c60ba8e9980e3e6677aabe5a\",\"name\":\"David Morales\",\"image\":{\"@type\":\"ImageObject\",\"inLanguage\":\"es\",\"@id\":\"https:\\\/\\\/zeromagazine.mx\\\/wp-content\\\/litespeed\\\/avatar\\\/76069d2136bfc1c37dc34815bb67ca42.jpg?ver=1777571067\",\"url\":\"https:\\\/\\\/zeromagazine.mx\\\/wp-content\\\/litespeed\\\/avatar\\\/76069d2136bfc1c37dc34815bb67ca42.jpg?ver=1777571067\",\"contentUrl\":\"https:\\\/\\\/zeromagazine.mx\\\/wp-content\\\/litespeed\\\/avatar\\\/76069d2136bfc1c37dc34815bb67ca42.jpg?ver=1777571067\",\"caption\":\"David Morales\"},\"url\":\"https:\\\/\\\/zeromagazine.mx\\\/index.php\\\/author\\\/david\\\/\"}]}<\/script>\n<!-- \/ Yoast SEO plugin. -->","yoast_head_json":{"title":"JLY: De la Adversidad a la Autenticidad Musical - Zero Magazine","robots":{"index":"index","follow":"follow","max-snippet":"max-snippet:-1","max-image-preview":"max-image-preview:large","max-video-preview":"max-video-preview:-1"},"canonical":"https:\/\/zeromagazine.mx\/index.php\/2024\/02\/10\/jly-de-la-adversidad-a-la-autenticidad-musical\/","og_locale":"es_ES","og_type":"article","og_title":"JLY: De la Adversidad a la Autenticidad Musical - Zero Magazine","og_description":"Pocos artistas se dejan ver vulnerables y con pocos artistas he tenido una pl\u00e1tica tan \u00edntima como con Jly, que adem\u00e1s busca dejar un mensaje positivo siempre. Por: David MoralesFoto: Alain AmatecoMUAH: Julio C\u00e9sar Le\u00f3nStyling: David MoralesLocaci\u00f3n: Nimbo Studio Plat\u00edcanme primero, \u00bfPor qu\u00e9 Jly? A los 18 a\u00f1os me fui de vacaciones, terminando la prepa, [&hellip;]","og_url":"https:\/\/zeromagazine.mx\/index.php\/2024\/02\/10\/jly-de-la-adversidad-a-la-autenticidad-musical\/","og_site_name":"Zero Magazine","article_published_time":"2024-02-10T00:03:47+00:00","og_image":[{"width":1978,"height":2560,"url":"https:\/\/i0.wp.com\/zeromagazine.mx\/wp-content\/uploads\/2024\/02\/IMG_0343-scaled.jpeg?fit=1978%2C2560&ssl=1","type":"image\/jpeg"}],"author":"David Morales","twitter_card":"summary_large_image","twitter_misc":{"Escrito por":"David Morales","Tiempo de lectura":"11 minutos"},"schema":{"@context":"https:\/\/schema.org","@graph":[{"@type":"Article","@id":"https:\/\/zeromagazine.mx\/index.php\/2024\/02\/10\/jly-de-la-adversidad-a-la-autenticidad-musical\/#article","isPartOf":{"@id":"https:\/\/zeromagazine.mx\/index.php\/2024\/02\/10\/jly-de-la-adversidad-a-la-autenticidad-musical\/"},"author":{"name":"David Morales","@id":"https:\/\/zeromagazine.mx\/#\/schema\/person\/9f7f1a17c60ba8e9980e3e6677aabe5a"},"headline":"JLY: De la Adversidad a la Autenticidad Musical","datePublished":"2024-02-10T00:03:47+00:00","mainEntityOfPage":{"@id":"https:\/\/zeromagazine.mx\/index.php\/2024\/02\/10\/jly-de-la-adversidad-a-la-autenticidad-musical\/"},"wordCount":2293,"commentCount":0,"publisher":{"@id":"https:\/\/zeromagazine.mx\/#organization"},"image":{"@id":"https:\/\/zeromagazine.mx\/index.php\/2024\/02\/10\/jly-de-la-adversidad-a-la-autenticidad-musical\/#primaryimage"},"thumbnailUrl":"https:\/\/i0.wp.com\/zeromagazine.mx\/wp-content\/uploads\/2024\/02\/IMG_0343-scaled.jpeg?fit=1978%2C2560&ssl=1","keywords":["Destacada","jly","Musica","musicos emergentes"],"articleSection":["Portada"],"inLanguage":"es","potentialAction":[{"@type":"CommentAction","name":"Comment","target":["https:\/\/zeromagazine.mx\/index.php\/2024\/02\/10\/jly-de-la-adversidad-a-la-autenticidad-musical\/#respond"]}]},{"@type":"WebPage","@id":"https:\/\/zeromagazine.mx\/index.php\/2024\/02\/10\/jly-de-la-adversidad-a-la-autenticidad-musical\/","url":"https:\/\/zeromagazine.mx\/index.php\/2024\/02\/10\/jly-de-la-adversidad-a-la-autenticidad-musical\/","name":"JLY: De la Adversidad a la Autenticidad Musical - Zero Magazine","isPartOf":{"@id":"https:\/\/zeromagazine.mx\/#website"},"primaryImageOfPage":{"@id":"https:\/\/zeromagazine.mx\/index.php\/2024\/02\/10\/jly-de-la-adversidad-a-la-autenticidad-musical\/#primaryimage"},"image":{"@id":"https:\/\/zeromagazine.mx\/index.php\/2024\/02\/10\/jly-de-la-adversidad-a-la-autenticidad-musical\/#primaryimage"},"thumbnailUrl":"https:\/\/i0.wp.com\/zeromagazine.mx\/wp-content\/uploads\/2024\/02\/IMG_0343-scaled.jpeg?fit=1978%2C2560&ssl=1","datePublished":"2024-02-10T00:03:47+00:00","breadcrumb":{"@id":"https:\/\/zeromagazine.mx\/index.php\/2024\/02\/10\/jly-de-la-adversidad-a-la-autenticidad-musical\/#breadcrumb"},"inLanguage":"es","potentialAction":[{"@type":"ReadAction","target":["https:\/\/zeromagazine.mx\/index.php\/2024\/02\/10\/jly-de-la-adversidad-a-la-autenticidad-musical\/"]}]},{"@type":"ImageObject","inLanguage":"es","@id":"https:\/\/zeromagazine.mx\/index.php\/2024\/02\/10\/jly-de-la-adversidad-a-la-autenticidad-musical\/#primaryimage","url":"https:\/\/i0.wp.com\/zeromagazine.mx\/wp-content\/uploads\/2024\/02\/IMG_0343-scaled.jpeg?fit=1978%2C2560&ssl=1","contentUrl":"https:\/\/i0.wp.com\/zeromagazine.mx\/wp-content\/uploads\/2024\/02\/IMG_0343-scaled.jpeg?fit=1978%2C2560&ssl=1","width":1978,"height":2560},{"@type":"BreadcrumbList","@id":"https:\/\/zeromagazine.mx\/index.php\/2024\/02\/10\/jly-de-la-adversidad-a-la-autenticidad-musical\/#breadcrumb","itemListElement":[{"@type":"ListItem","position":1,"name":"Portada","item":"https:\/\/zeromagazine.mx\/"},{"@type":"ListItem","position":2,"name":"JLY: De la Adversidad a la Autenticidad Musical"}]},{"@type":"WebSite","@id":"https:\/\/zeromagazine.mx\/#website","url":"https:\/\/zeromagazine.mx\/","name":"Zero Magazine","description":"","publisher":{"@id":"https:\/\/zeromagazine.mx\/#organization"},"potentialAction":[{"@type":"SearchAction","target":{"@type":"EntryPoint","urlTemplate":"https:\/\/zeromagazine.mx\/?s={search_term_string}"},"query-input":{"@type":"PropertyValueSpecification","valueRequired":true,"valueName":"search_term_string"}}],"inLanguage":"es"},{"@type":"Organization","@id":"https:\/\/zeromagazine.mx\/#organization","name":"Zero Magazine","url":"https:\/\/zeromagazine.mx\/","logo":{"@type":"ImageObject","inLanguage":"es","@id":"https:\/\/zeromagazine.mx\/#\/schema\/logo\/image\/","url":"https:\/\/i0.wp.com\/zeromagazine.mx\/wp-content\/uploads\/2025\/11\/1.jpeg?fit=1000%2C1000&ssl=1","contentUrl":"https:\/\/i0.wp.com\/zeromagazine.mx\/wp-content\/uploads\/2025\/11\/1.jpeg?fit=1000%2C1000&ssl=1","width":1000,"height":1000,"caption":"Zero Magazine"},"image":{"@id":"https:\/\/zeromagazine.mx\/#\/schema\/logo\/image\/"},"sameAs":["https:\/\/instagram.com\/zeromagazinemx"]},{"@type":"Person","@id":"https:\/\/zeromagazine.mx\/#\/schema\/person\/9f7f1a17c60ba8e9980e3e6677aabe5a","name":"David Morales","image":{"@type":"ImageObject","inLanguage":"es","@id":"https:\/\/zeromagazine.mx\/wp-content\/litespeed\/avatar\/76069d2136bfc1c37dc34815bb67ca42.jpg?ver=1777571067","url":"https:\/\/zeromagazine.mx\/wp-content\/litespeed\/avatar\/76069d2136bfc1c37dc34815bb67ca42.jpg?ver=1777571067","contentUrl":"https:\/\/zeromagazine.mx\/wp-content\/litespeed\/avatar\/76069d2136bfc1c37dc34815bb67ca42.jpg?ver=1777571067","caption":"David Morales"},"url":"https:\/\/zeromagazine.mx\/index.php\/author\/david\/"}]}},"jetpack_publicize_connections":[],"jetpack_featured_media_url":"https:\/\/i0.wp.com\/zeromagazine.mx\/wp-content\/uploads\/2024\/02\/IMG_0343-scaled.jpeg?fit=1978%2C2560&ssl=1","jetpack-related-posts":[{"id":74616,"url":"https:\/\/zeromagazine.mx\/index.php\/2024\/04\/23\/menudo-estrena-brownie-sugar\/","url_meta":{"origin":70576,"position":0},"title":"MENUDO ESTRENA BROWNIE SUGAR","author":"David Morales","date":"23 de abril de 2024","format":false,"excerpt":"Menudo, la banda juvenil que ha conquistado el o\u00eddo y los corazones de nuestrxs lectores, regresa con su nuevo sencillo \u201cBrownie Sugar\u201d, pero qui\u00e9n mejor que Nico, Andr\u00e9s, Alejandro, Gabriel y Ezra, para contarnos todo al respecto. Por: El Poderoso Dave Chicos, plat\u00edquenme sobre Brownie Sugar. Alejandro: Yo no dir\u00eda\u2026","rel":"","context":"En \u00abBlog\u00bb","block_context":{"text":"Blog","link":"https:\/\/zeromagazine.mx\/index.php\/category\/blog\/"},"img":{"alt_text":"","src":"https:\/\/i0.wp.com\/zeromagazine.mx\/wp-content\/uploads\/2024\/04\/IMG_0812-scaled.jpeg?fit=1200%2C1200&ssl=1&resize=350%2C200","width":350,"height":200,"srcset":"https:\/\/i0.wp.com\/zeromagazine.mx\/wp-content\/uploads\/2024\/04\/IMG_0812-scaled.jpeg?fit=1200%2C1200&ssl=1&resize=350%2C200 1x, https:\/\/i0.wp.com\/zeromagazine.mx\/wp-content\/uploads\/2024\/04\/IMG_0812-scaled.jpeg?fit=1200%2C1200&ssl=1&resize=525%2C300 1.5x, https:\/\/i0.wp.com\/zeromagazine.mx\/wp-content\/uploads\/2024\/04\/IMG_0812-scaled.jpeg?fit=1200%2C1200&ssl=1&resize=700%2C400 2x, https:\/\/i0.wp.com\/zeromagazine.mx\/wp-content\/uploads\/2024\/04\/IMG_0812-scaled.jpeg?fit=1200%2C1200&ssl=1&resize=1050%2C600 3x"},"classes":[]},{"id":69497,"url":"https:\/\/zeromagazine.mx\/index.php\/2023\/12\/13\/bastte-la-musica-no-es-un-presente-etetno\/","url_meta":{"origin":70576,"position":1},"title":"Bastte: La M\u00fasica No Es Un Presente Eterno","author":"David Morales","date":"13 de diciembre de 2023","format":false,"excerpt":"La m\u00fasica se ha vuelto tan universal y el internet la ha democratizado tanto, que un ni\u00f1o de 10 a\u00f1os puede comenzar a producirla desde su casa, y con la pizca adecuada de talento, puede lograr lo que pocos. Muestra de ello es el regiomontano Bastte, un m\u00fasico que ha\u2026","rel":"","context":"En \u00abPortada\u00bb","block_context":{"text":"Portada","link":"https:\/\/zeromagazine.mx\/index.php\/category\/portada\/"},"img":{"alt_text":"","src":"https:\/\/i0.wp.com\/zeromagazine.mx\/wp-content\/uploads\/2023\/12\/IMG_0075-scaled.jpeg?fit=927%2C1200&ssl=1&resize=350%2C200","width":350,"height":200,"srcset":"https:\/\/i0.wp.com\/zeromagazine.mx\/wp-content\/uploads\/2023\/12\/IMG_0075-scaled.jpeg?fit=927%2C1200&ssl=1&resize=350%2C200 1x, https:\/\/i0.wp.com\/zeromagazine.mx\/wp-content\/uploads\/2023\/12\/IMG_0075-scaled.jpeg?fit=927%2C1200&ssl=1&resize=525%2C300 1.5x, https:\/\/i0.wp.com\/zeromagazine.mx\/wp-content\/uploads\/2023\/12\/IMG_0075-scaled.jpeg?fit=927%2C1200&ssl=1&resize=700%2C400 2x"},"classes":[]},{"id":75495,"url":"https:\/\/zeromagazine.mx\/index.php\/2024\/05\/06\/luis-alvares-a-tiktok-y-mas-alla\/","url_meta":{"origin":70576,"position":2},"title":"LUIS \u00c1LVAREZ: A TIKTOK Y M\u00c1S ALL\u00c1","author":"David Morales","date":"6 de mayo de 2024","format":false,"excerpt":"Luis \u00c1lvarez, el tiktoker mpas tierno y hot llega a encender nuestra portada.","rel":"","context":"En \u00abPortada\u00bb","block_context":{"text":"Portada","link":"https:\/\/zeromagazine.mx\/index.php\/category\/portada\/"},"img":{"alt_text":"","src":"https:\/\/i0.wp.com\/zeromagazine.mx\/wp-content\/uploads\/2024\/05\/IMG_0751-scaled.jpeg?fit=927%2C1200&ssl=1&resize=350%2C200","width":350,"height":200,"srcset":"https:\/\/i0.wp.com\/zeromagazine.mx\/wp-content\/uploads\/2024\/05\/IMG_0751-scaled.jpeg?fit=927%2C1200&ssl=1&resize=350%2C200 1x, https:\/\/i0.wp.com\/zeromagazine.mx\/wp-content\/uploads\/2024\/05\/IMG_0751-scaled.jpeg?fit=927%2C1200&ssl=1&resize=525%2C300 1.5x, https:\/\/i0.wp.com\/zeromagazine.mx\/wp-content\/uploads\/2024\/05\/IMG_0751-scaled.jpeg?fit=927%2C1200&ssl=1&resize=700%2C400 2x"},"classes":[]},{"id":48154,"url":"https:\/\/zeromagazine.mx\/index.php\/2021\/06\/18\/entrevista-con-alex-duran\/","url_meta":{"origin":70576,"position":3},"title":"Entrevista con Alex Dur\u00e1n","author":"zeromagazinemx","date":"18 de junio de 2021","format":false,"excerpt":"El entorno del espect\u00e1culo sigue en movimiento, Alex Dur\u00e1n es el ejemplo de c\u00f3mo se puede optimizar el tiempo durante el periodo que dur\u00f3 la cuarentena, el actor y cantante recientemente tuvo una participaci\u00f3n muy importante en la serie de Netflix \u201cEl drag\u00f3n\u201d, d\u00e1ndole vida al personaje de Ishiro Tanaka.\u2026","rel":"","context":"En \u00abEntretenimiento\u00bb","block_context":{"text":"Entretenimiento","link":"https:\/\/zeromagazine.mx\/index.php\/category\/entretenimiento\/"},"img":{"alt_text":"","src":"https:\/\/i0.wp.com\/img.youtube.com\/vi\/cJ85lQnIqnE\/0.jpg?resize=350%2C200","width":350,"height":200},"classes":[]},{"id":114489,"url":"https:\/\/zeromagazine.mx\/index.php\/2026\/01\/30\/los-esquivel-cumbia-de-perro\/","url_meta":{"origin":70576,"position":4},"title":"LOS ESQUIVEL APUESTAN POR LA CUMBIA EN SU NUEVO Y ATREVIDO SENCILLO \u201cDE PERRO\u201d","author":"David Morales","date":"30 de enero de 2026","format":false,"excerpt":"La m\u00fasica mexicana sigue rompiendo moldes y\u00a0Los Esquivel\u00a0est\u00e1n justo en el centro de ese movimiento. Con el lanzamiento de\u00a0\u201cDe Perro\u201d, el d\u00fao deja claro que no piensa quedarse en una sola etiqueta y que la experimentaci\u00f3n es parte esencial de su ADN art\u00edstico. Esta vez, los hermanos se sumergen en\u2026","rel":"","context":"En \u00abM\u00fasica\u00bb","block_context":{"text":"M\u00fasica","link":"https:\/\/zeromagazine.mx\/index.php\/category\/musica\/"},"img":{"alt_text":"","src":"https:\/\/i0.wp.com\/zeromagazine.mx\/wp-content\/uploads\/2026\/01\/IMG_1241-1.jpeg?fit=1200%2C548&ssl=1&resize=350%2C200","width":350,"height":200,"srcset":"https:\/\/i0.wp.com\/zeromagazine.mx\/wp-content\/uploads\/2026\/01\/IMG_1241-1.jpeg?fit=1200%2C548&ssl=1&resize=350%2C200 1x, https:\/\/i0.wp.com\/zeromagazine.mx\/wp-content\/uploads\/2026\/01\/IMG_1241-1.jpeg?fit=1200%2C548&ssl=1&resize=525%2C300 1.5x, https:\/\/i0.wp.com\/zeromagazine.mx\/wp-content\/uploads\/2026\/01\/IMG_1241-1.jpeg?fit=1200%2C548&ssl=1&resize=700%2C400 2x, https:\/\/i0.wp.com\/zeromagazine.mx\/wp-content\/uploads\/2026\/01\/IMG_1241-1.jpeg?fit=1200%2C548&ssl=1&resize=1050%2C600 3x"},"classes":[]},{"id":82980,"url":"https:\/\/zeromagazine.mx\/index.php\/2024\/09\/03\/leon-leiden-deconstruccion-y-reconstruccion\/","url_meta":{"origin":70576,"position":5},"title":"Leon Leiden: Deconstrucci\u00f3n y Reconstrucci\u00f3n","author":"David Morales","date":"3 de septiembre de 2024","format":false,"excerpt":"Con una carrera que ha sido un viaje tanto musical como personal, Leon Leiden se ha consolidado como uno de los artistas m\u00e1s prometedores y aut\u00e9nticos de la escena musical actual. Con su reciente \u00e1lbum y la gira \u201cAqu\u00ed Estoy,\u201d Leiden se adentra en un territorio m\u00e1s \u00edntimo y reflexivo,\u2026","rel":"","context":"En \u00abPortada\u00bb","block_context":{"text":"Portada","link":"https:\/\/zeromagazine.mx\/index.php\/category\/portada\/"},"img":{"alt_text":"","src":"https:\/\/i0.wp.com\/zeromagazine.mx\/wp-content\/uploads\/2024\/09\/IMG_1520-1.png?fit=927%2C1200&ssl=1&resize=350%2C200","width":350,"height":200,"srcset":"https:\/\/i0.wp.com\/zeromagazine.mx\/wp-content\/uploads\/2024\/09\/IMG_1520-1.png?fit=927%2C1200&ssl=1&resize=350%2C200 1x, https:\/\/i0.wp.com\/zeromagazine.mx\/wp-content\/uploads\/2024\/09\/IMG_1520-1.png?fit=927%2C1200&ssl=1&resize=525%2C300 1.5x, https:\/\/i0.wp.com\/zeromagazine.mx\/wp-content\/uploads\/2024\/09\/IMG_1520-1.png?fit=927%2C1200&ssl=1&resize=700%2C400 2x"},"classes":[]}],"jetpack_sharing_enabled":true,"builder_content":"","_links":{"self":[{"href":"https:\/\/zeromagazine.mx\/index.php\/wp-json\/wp\/v2\/posts\/70576","targetHints":{"allow":["GET"]}}],"collection":[{"href":"https:\/\/zeromagazine.mx\/index.php\/wp-json\/wp\/v2\/posts"}],"about":[{"href":"https:\/\/zeromagazine.mx\/index.php\/wp-json\/wp\/v2\/types\/post"}],"author":[{"embeddable":true,"href":"https:\/\/zeromagazine.mx\/index.php\/wp-json\/wp\/v2\/users\/4"}],"replies":[{"embeddable":true,"href":"https:\/\/zeromagazine.mx\/index.php\/wp-json\/wp\/v2\/comments?post=70576"}],"version-history":[{"count":3,"href":"https:\/\/zeromagazine.mx\/index.php\/wp-json\/wp\/v2\/posts\/70576\/revisions"}],"predecessor-version":[{"id":70592,"href":"https:\/\/zeromagazine.mx\/index.php\/wp-json\/wp\/v2\/posts\/70576\/revisions\/70592"}],"wp:featuredmedia":[{"embeddable":true,"href":"https:\/\/zeromagazine.mx\/index.php\/wp-json\/wp\/v2\/media\/70577"}],"wp:attachment":[{"href":"https:\/\/zeromagazine.mx\/index.php\/wp-json\/wp\/v2\/media?parent=70576"}],"wp:term":[{"taxonomy":"category","embeddable":true,"href":"https:\/\/zeromagazine.mx\/index.php\/wp-json\/wp\/v2\/categories?post=70576"},{"taxonomy":"post_tag","embeddable":true,"href":"https:\/\/zeromagazine.mx\/index.php\/wp-json\/wp\/v2\/tags?post=70576"}],"curies":[{"name":"wp","href":"https:\/\/api.w.org\/{rel}","templated":true}]}}