{"id":70706,"date":"2024-02-16T17:15:57","date_gmt":"2024-02-16T16:15:57","guid":{"rendered":"https:\/\/zeromagazine.mx\/?p=70706"},"modified":"2024-02-16T17:15:57","modified_gmt":"2024-02-16T16:15:57","slug":"jung-kook-irradia-estilo-en-la-nueva-campana-de-calvin-klein-jeans-para-la-primavera-2024","status":"publish","type":"post","link":"https:\/\/zeromagazine.mx\/index.php\/2024\/02\/16\/jung-kook-irradia-estilo-en-la-nueva-campana-de-calvin-klein-jeans-para-la-primavera-2024\/","title":{"rendered":"\u00a1Jung Kook irradia estilo en la nueva campa\u00f1a de Calvin Klein Jeans para la Primavera 2024!"},"content":{"rendered":"<p>Calvin Klein ha lanzado su campa\u00f1a Primavera 2024 y nos ha dejado con las bocas abiertas al presentar a Jung Kook como el embajador global de la marca, \u00a1qu\u00e9 locura! La nueva campa\u00f1a est\u00e1 capturada por Mert Alas, y muestra al artista de K-pop en todo su esplendor, dominando la ic\u00f3nica estaci\u00f3n Grand Central con los nuevos estilos de Calvin Klein Jeans. Pero ojo, que esto va m\u00e1s all\u00e1 de la moda, es un verdadero statement de la energ\u00eda juvenil de la marca.<\/p>\n\n\n\n<script async src=\"https:\/\/pagead2.googlesyndication.com\/pagead\/js\/adsbygoogle.js?client=ca-pub-5499304793904745\"\n     crossorigin=\"anonymous\"><\/script>\n<ins class=\"adsbygoogle\"\n     style=\"display:block; text-align:center;\"\n     data-ad-layout=\"in-article\"\n     data-ad-format=\"fluid\"\n     data-ad-client=\"ca-pub-5499304793904745\"\n     data-ad-slot=\"5994863093\"><\/ins>\n<script>\n     (adsbygoogle = window.adsbygoogle || []).push({});\n<\/script>\n\n\n\n<p>Hablando de la \u00faltima colecci\u00f3n, \u00a1prep\u00e1rense para el throwback de los 90! Los jeans Straight Fit nos llevan de vuelta a esa \u00e9poca, d\u00e1ndole un toque nost\u00e1lgico a la silueta cl\u00e1sica de mezclilla. Y la playera oversize con monograma, \u00a1es b\u00e1sicamente el sue\u00f1o hecho realidad! Calvin Klein le da un giro tonal al ic\u00f3nico logo monograma, elevando nuestro b\u00e1sico de armario a otro nivel. La colecci\u00f3n Primavera 2024 es la definici\u00f3n de autenticidad y estilo \u00fanico para nuestra generaci\u00f3n.<\/p>\n\n\n\n<figure class=\"wp-block-image size-large\"><img data-recalc-dims=\"1\" decoding=\"async\" width=\"819\" height=\"1024\" src=\"https:\/\/i0.wp.com\/zeromagazine.mx\/wp-content\/uploads\/2024\/02\/S24_JK_PR_nologo_1080x1350_1-1-819x1024.jpg?resize=819%2C1024&#038;ssl=1\" alt=\"\" class=\"wp-image-70710\" srcset=\"https:\/\/i0.wp.com\/zeromagazine.mx\/wp-content\/uploads\/2024\/02\/S24_JK_PR_nologo_1080x1350_1-1.jpg?resize=819%2C1024&amp;ssl=1 819w, https:\/\/i0.wp.com\/zeromagazine.mx\/wp-content\/uploads\/2024\/02\/S24_JK_PR_nologo_1080x1350_1-1.jpg?resize=240%2C300&amp;ssl=1 240w, https:\/\/i0.wp.com\/zeromagazine.mx\/wp-content\/uploads\/2024\/02\/S24_JK_PR_nologo_1080x1350_1-1.jpg?resize=768%2C960&amp;ssl=1 768w, https:\/\/i0.wp.com\/zeromagazine.mx\/wp-content\/uploads\/2024\/02\/S24_JK_PR_nologo_1080x1350_1-1.jpg?w=1080&amp;ssl=1 1080w\" sizes=\"(max-width: 819px) 100vw, 819px\" \/><\/figure>\n\n\n\n<p>Pero no se acaba ah\u00ed, la campa\u00f1a de Primavera 2024 de Calvin Klein est\u00e1 redefiniendo lo que significa estar a la moda y ser aut\u00e9nticx. Est\u00e1 rompiendo barreras al destacar a talentos como Jung Kook, que est\u00e1n dando forma a la cultura y mostrando su verdadera esencia. Esta campa\u00f1a nos invita a desbloquear nuestra confianza y a revelar nuestro estilo de vida de manera \u00fanica, \u00a1y eso es algo que definitivamente podemos apoyar!<\/p>\n\n\n\n<script async src=\"https:\/\/pagead2.googlesyndication.com\/pagead\/js\/adsbygoogle.js?client=ca-pub-5499304793904745\"\n     crossorigin=\"anonymous\"><\/script>\n<ins class=\"adsbygoogle\"\n     style=\"display:block; text-align:center;\"\n     data-ad-layout=\"in-article\"\n     data-ad-format=\"fluid\"\n     data-ad-client=\"ca-pub-5499304793904745\"\n     data-ad-slot=\"5994863093\"><\/ins>\n<script>\n     (adsbygoogle = window.adsbygoogle || []).push({});\n<\/script>\n\n\n\n<p>As\u00ed que, \u00bfqu\u00e9 les parece si nos sumamos a esta ola de autenticidad y estilo? Calvin Klein nos est\u00e1 demostrando que la moda va m\u00e1s all\u00e1 de la ropa, es una forma de expresi\u00f3n y de ser nosotres mismes en un mundo que est\u00e1 siempre cambiando. Estemos pendientes para ver qu\u00e9 m\u00e1s nos tiene preparado Calvin Klein en los pr\u00f3ximos cap\u00edtulos, porque seguro que ser\u00e1 algo incre\u00edble. <\/p>\n\n\n\n<figure class=\"wp-block-image size-large\"><img data-recalc-dims=\"1\" decoding=\"async\" width=\"819\" height=\"1024\" src=\"https:\/\/i0.wp.com\/zeromagazine.mx\/wp-content\/uploads\/2024\/02\/S24_JK_PR_nologo_1080x1350_5-1-819x1024.jpg?resize=819%2C1024&#038;ssl=1\" alt=\"\" class=\"wp-image-70711\" srcset=\"https:\/\/i0.wp.com\/zeromagazine.mx\/wp-content\/uploads\/2024\/02\/S24_JK_PR_nologo_1080x1350_5-1.jpg?resize=819%2C1024&amp;ssl=1 819w, https:\/\/i0.wp.com\/zeromagazine.mx\/wp-content\/uploads\/2024\/02\/S24_JK_PR_nologo_1080x1350_5-1.jpg?resize=240%2C300&amp;ssl=1 240w, https:\/\/i0.wp.com\/zeromagazine.mx\/wp-content\/uploads\/2024\/02\/S24_JK_PR_nologo_1080x1350_5-1.jpg?resize=768%2C960&amp;ssl=1 768w, https:\/\/i0.wp.com\/zeromagazine.mx\/wp-content\/uploads\/2024\/02\/S24_JK_PR_nologo_1080x1350_5-1.jpg?w=1080&amp;ssl=1 1080w\" sizes=\"(max-width: 819px) 100vw, 819px\" \/><\/figure>\n\n<!--themify_builder_content-->\n<div id=\"themify_builder_content-70706\" data-postid=\"70706\" class=\"themify_builder_content themify_builder_content-70706 themify_builder tf_clear\">\n    <\/div>\n<!--\/themify_builder_content-->","protected":false},"excerpt":{"rendered":"<p>Calvin Klein ha lanzado su campa\u00f1a Primavera 2024 y nos ha dejado con las bocas abiertas al presentar a Jung Kook como el embajador global de la marca, \u00a1qu\u00e9 locura! La nueva campa\u00f1a est\u00e1 capturada por Mert Alas, y muestra al artista de K-pop en todo su esplendor, dominando la ic\u00f3nica estaci\u00f3n Grand Central con [&hellip;]<\/p>\n","protected":false},"author":2,"featured_media":70707,"comment_status":"open","ping_status":"open","sticky":false,"template":"","format":"standard","meta":{"_jetpack_memberships_contains_paid_content":false,"footnotes":"","jetpack_publicize_message":"","jetpack_publicize_feature_enabled":true,"jetpack_social_post_already_shared":false,"jetpack_social_options":{"image_generator_settings":{"template":"highway","default_image_id":0,"font":"","enabled":false},"version":2}},"categories":[1,63,67],"tags":[546,4427,6962,6961,6963],"class_list":["post-70706","post","type-post","status-publish","format-standard","has-post-thumbnail","hentry","category-blog","category-lifestyle","category-moda","tag-calvin-klein","tag-jeans","tag-jung-kook","tag-k-pop","tag-primavera-2024","has-post-title","has-post-date","has-post-category","has-post-tag","has-post-comment","has-post-author",""],"yoast_head":"<!-- This site is optimized with the Yoast SEO plugin v27.5 - https:\/\/yoast.com\/product\/yoast-seo-wordpress\/ -->\n<title>\u00a1Jung Kook irradia estilo en la nueva campa\u00f1a de Calvin Klein Jeans para la Primavera 2024! - Zero Magazine<\/title>\n<meta name=\"robots\" content=\"index, follow, max-snippet:-1, max-image-preview:large, max-video-preview:-1\" \/>\n<link rel=\"canonical\" href=\"https:\/\/zeromagazine.mx\/index.php\/2024\/02\/16\/jung-kook-irradia-estilo-en-la-nueva-campana-de-calvin-klein-jeans-para-la-primavera-2024\/\" \/>\n<meta property=\"og:locale\" content=\"es_ES\" \/>\n<meta property=\"og:type\" content=\"article\" \/>\n<meta property=\"og:title\" content=\"\u00a1Jung Kook irradia estilo en la nueva campa\u00f1a de Calvin Klein Jeans para la Primavera 2024! - Zero Magazine\" \/>\n<meta property=\"og:description\" content=\"Calvin Klein ha lanzado su campa\u00f1a Primavera 2024 y nos ha dejado con las bocas abiertas al presentar a Jung Kook como el embajador global de la marca, \u00a1qu\u00e9 locura! La nueva campa\u00f1a est\u00e1 capturada por Mert Alas, y muestra al artista de K-pop en todo su esplendor, dominando la ic\u00f3nica estaci\u00f3n Grand Central con [&hellip;]\" \/>\n<meta property=\"og:url\" content=\"https:\/\/zeromagazine.mx\/index.php\/2024\/02\/16\/jung-kook-irradia-estilo-en-la-nueva-campana-de-calvin-klein-jeans-para-la-primavera-2024\/\" \/>\n<meta property=\"og:site_name\" content=\"Zero Magazine\" \/>\n<meta property=\"article:published_time\" content=\"2024-02-16T16:15:57+00:00\" \/>\n<meta property=\"og:image\" content=\"https:\/\/i0.wp.com\/zeromagazine.mx\/wp-content\/uploads\/2024\/02\/S24_JK_PR_nologo_1080x1350_3.jpg?fit=1080%2C1350&ssl=1\" \/>\n\t<meta property=\"og:image:width\" content=\"1080\" \/>\n\t<meta property=\"og:image:height\" content=\"1350\" \/>\n\t<meta property=\"og:image:type\" content=\"image\/jpeg\" \/>\n<meta name=\"author\" content=\"zeromagazinemx\" \/>\n<meta name=\"twitter:card\" content=\"summary_large_image\" \/>\n<meta name=\"twitter:label1\" content=\"Escrito por\" \/>\n\t<meta name=\"twitter:data1\" content=\"zeromagazinemx\" \/>\n\t<meta name=\"twitter:label2\" content=\"Tiempo de lectura\" \/>\n\t<meta name=\"twitter:data2\" content=\"2 minutos\" \/>\n<script type=\"application\/ld+json\" class=\"yoast-schema-graph\">{\"@context\":\"https:\\\/\\\/schema.org\",\"@graph\":[{\"@type\":\"Article\",\"@id\":\"https:\\\/\\\/zeromagazine.mx\\\/index.php\\\/2024\\\/02\\\/16\\\/jung-kook-irradia-estilo-en-la-nueva-campana-de-calvin-klein-jeans-para-la-primavera-2024\\\/#article\",\"isPartOf\":{\"@id\":\"https:\\\/\\\/zeromagazine.mx\\\/index.php\\\/2024\\\/02\\\/16\\\/jung-kook-irradia-estilo-en-la-nueva-campana-de-calvin-klein-jeans-para-la-primavera-2024\\\/\"},\"author\":{\"name\":\"zeromagazinemx\",\"@id\":\"https:\\\/\\\/zeromagazine.mx\\\/#\\\/schema\\\/person\\\/9aed9f33a7c39af3a348b86d723f7773\"},\"headline\":\"\u00a1Jung Kook irradia estilo en la nueva campa\u00f1a de Calvin Klein Jeans para la Primavera 2024!\",\"datePublished\":\"2024-02-16T16:15:57+00:00\",\"mainEntityOfPage\":{\"@id\":\"https:\\\/\\\/zeromagazine.mx\\\/index.php\\\/2024\\\/02\\\/16\\\/jung-kook-irradia-estilo-en-la-nueva-campana-de-calvin-klein-jeans-para-la-primavera-2024\\\/\"},\"wordCount\":342,\"commentCount\":0,\"publisher\":{\"@id\":\"https:\\\/\\\/zeromagazine.mx\\\/#organization\"},\"image\":{\"@id\":\"https:\\\/\\\/zeromagazine.mx\\\/index.php\\\/2024\\\/02\\\/16\\\/jung-kook-irradia-estilo-en-la-nueva-campana-de-calvin-klein-jeans-para-la-primavera-2024\\\/#primaryimage\"},\"thumbnailUrl\":\"https:\\\/\\\/i0.wp.com\\\/zeromagazine.mx\\\/wp-content\\\/uploads\\\/2024\\\/02\\\/S24_JK_PR_nologo_1080x1350_3.jpg?fit=1080%2C1350&ssl=1\",\"keywords\":[\"Calvin klein\",\"jeans\",\"Jung Kook\",\"K-pop\",\"Primavera 2024\"],\"articleSection\":[\"Blog\",\"Lifestyle\",\"Moda\"],\"inLanguage\":\"es\",\"potentialAction\":[{\"@type\":\"CommentAction\",\"name\":\"Comment\",\"target\":[\"https:\\\/\\\/zeromagazine.mx\\\/index.php\\\/2024\\\/02\\\/16\\\/jung-kook-irradia-estilo-en-la-nueva-campana-de-calvin-klein-jeans-para-la-primavera-2024\\\/#respond\"]}]},{\"@type\":\"WebPage\",\"@id\":\"https:\\\/\\\/zeromagazine.mx\\\/index.php\\\/2024\\\/02\\\/16\\\/jung-kook-irradia-estilo-en-la-nueva-campana-de-calvin-klein-jeans-para-la-primavera-2024\\\/\",\"url\":\"https:\\\/\\\/zeromagazine.mx\\\/index.php\\\/2024\\\/02\\\/16\\\/jung-kook-irradia-estilo-en-la-nueva-campana-de-calvin-klein-jeans-para-la-primavera-2024\\\/\",\"name\":\"\u00a1Jung Kook irradia estilo en la nueva campa\u00f1a de Calvin Klein Jeans para la Primavera 2024! - Zero Magazine\",\"isPartOf\":{\"@id\":\"https:\\\/\\\/zeromagazine.mx\\\/#website\"},\"primaryImageOfPage\":{\"@id\":\"https:\\\/\\\/zeromagazine.mx\\\/index.php\\\/2024\\\/02\\\/16\\\/jung-kook-irradia-estilo-en-la-nueva-campana-de-calvin-klein-jeans-para-la-primavera-2024\\\/#primaryimage\"},\"image\":{\"@id\":\"https:\\\/\\\/zeromagazine.mx\\\/index.php\\\/2024\\\/02\\\/16\\\/jung-kook-irradia-estilo-en-la-nueva-campana-de-calvin-klein-jeans-para-la-primavera-2024\\\/#primaryimage\"},\"thumbnailUrl\":\"https:\\\/\\\/i0.wp.com\\\/zeromagazine.mx\\\/wp-content\\\/uploads\\\/2024\\\/02\\\/S24_JK_PR_nologo_1080x1350_3.jpg?fit=1080%2C1350&ssl=1\",\"datePublished\":\"2024-02-16T16:15:57+00:00\",\"breadcrumb\":{\"@id\":\"https:\\\/\\\/zeromagazine.mx\\\/index.php\\\/2024\\\/02\\\/16\\\/jung-kook-irradia-estilo-en-la-nueva-campana-de-calvin-klein-jeans-para-la-primavera-2024\\\/#breadcrumb\"},\"inLanguage\":\"es\",\"potentialAction\":[{\"@type\":\"ReadAction\",\"target\":[\"https:\\\/\\\/zeromagazine.mx\\\/index.php\\\/2024\\\/02\\\/16\\\/jung-kook-irradia-estilo-en-la-nueva-campana-de-calvin-klein-jeans-para-la-primavera-2024\\\/\"]}]},{\"@type\":\"ImageObject\",\"inLanguage\":\"es\",\"@id\":\"https:\\\/\\\/zeromagazine.mx\\\/index.php\\\/2024\\\/02\\\/16\\\/jung-kook-irradia-estilo-en-la-nueva-campana-de-calvin-klein-jeans-para-la-primavera-2024\\\/#primaryimage\",\"url\":\"https:\\\/\\\/i0.wp.com\\\/zeromagazine.mx\\\/wp-content\\\/uploads\\\/2024\\\/02\\\/S24_JK_PR_nologo_1080x1350_3.jpg?fit=1080%2C1350&ssl=1\",\"contentUrl\":\"https:\\\/\\\/i0.wp.com\\\/zeromagazine.mx\\\/wp-content\\\/uploads\\\/2024\\\/02\\\/S24_JK_PR_nologo_1080x1350_3.jpg?fit=1080%2C1350&ssl=1\",\"width\":1080,\"height\":1350},{\"@type\":\"BreadcrumbList\",\"@id\":\"https:\\\/\\\/zeromagazine.mx\\\/index.php\\\/2024\\\/02\\\/16\\\/jung-kook-irradia-estilo-en-la-nueva-campana-de-calvin-klein-jeans-para-la-primavera-2024\\\/#breadcrumb\",\"itemListElement\":[{\"@type\":\"ListItem\",\"position\":1,\"name\":\"Portada\",\"item\":\"https:\\\/\\\/zeromagazine.mx\\\/\"},{\"@type\":\"ListItem\",\"position\":2,\"name\":\"\u00a1Jung Kook irradia estilo en la nueva campa\u00f1a de Calvin Klein Jeans para la Primavera 2024!\"}]},{\"@type\":\"WebSite\",\"@id\":\"https:\\\/\\\/zeromagazine.mx\\\/#website\",\"url\":\"https:\\\/\\\/zeromagazine.mx\\\/\",\"name\":\"Zero Magazine\",\"description\":\"\",\"publisher\":{\"@id\":\"https:\\\/\\\/zeromagazine.mx\\\/#organization\"},\"potentialAction\":[{\"@type\":\"SearchAction\",\"target\":{\"@type\":\"EntryPoint\",\"urlTemplate\":\"https:\\\/\\\/zeromagazine.mx\\\/?s={search_term_string}\"},\"query-input\":{\"@type\":\"PropertyValueSpecification\",\"valueRequired\":true,\"valueName\":\"search_term_string\"}}],\"inLanguage\":\"es\"},{\"@type\":\"Organization\",\"@id\":\"https:\\\/\\\/zeromagazine.mx\\\/#organization\",\"name\":\"Zero Magazine\",\"url\":\"https:\\\/\\\/zeromagazine.mx\\\/\",\"logo\":{\"@type\":\"ImageObject\",\"inLanguage\":\"es\",\"@id\":\"https:\\\/\\\/zeromagazine.mx\\\/#\\\/schema\\\/logo\\\/image\\\/\",\"url\":\"https:\\\/\\\/i0.wp.com\\\/zeromagazine.mx\\\/wp-content\\\/uploads\\\/2025\\\/11\\\/1.jpeg?fit=1000%2C1000&ssl=1\",\"contentUrl\":\"https:\\\/\\\/i0.wp.com\\\/zeromagazine.mx\\\/wp-content\\\/uploads\\\/2025\\\/11\\\/1.jpeg?fit=1000%2C1000&ssl=1\",\"width\":1000,\"height\":1000,\"caption\":\"Zero Magazine\"},\"image\":{\"@id\":\"https:\\\/\\\/zeromagazine.mx\\\/#\\\/schema\\\/logo\\\/image\\\/\"},\"sameAs\":[\"https:\\\/\\\/instagram.com\\\/zeromagazinemx\"]},{\"@type\":\"Person\",\"@id\":\"https:\\\/\\\/zeromagazine.mx\\\/#\\\/schema\\\/person\\\/9aed9f33a7c39af3a348b86d723f7773\",\"name\":\"zeromagazinemx\",\"image\":{\"@type\":\"ImageObject\",\"inLanguage\":\"es\",\"@id\":\"https:\\\/\\\/zeromagazine.mx\\\/wp-content\\\/litespeed\\\/avatar\\\/f91dfe5410d5dcb1a576bf8c45983896.jpg?ver=1777571230\",\"url\":\"https:\\\/\\\/zeromagazine.mx\\\/wp-content\\\/litespeed\\\/avatar\\\/f91dfe5410d5dcb1a576bf8c45983896.jpg?ver=1777571230\",\"contentUrl\":\"https:\\\/\\\/zeromagazine.mx\\\/wp-content\\\/litespeed\\\/avatar\\\/f91dfe5410d5dcb1a576bf8c45983896.jpg?ver=1777571230\",\"caption\":\"zeromagazinemx\"},\"url\":\"https:\\\/\\\/zeromagazine.mx\\\/index.php\\\/author\\\/zeromagazinemx\\\/\"}]}<\/script>\n<!-- \/ Yoast SEO plugin. -->","yoast_head_json":{"title":"\u00a1Jung Kook irradia estilo en la nueva campa\u00f1a de Calvin Klein Jeans para la Primavera 2024! - Zero Magazine","robots":{"index":"index","follow":"follow","max-snippet":"max-snippet:-1","max-image-preview":"max-image-preview:large","max-video-preview":"max-video-preview:-1"},"canonical":"https:\/\/zeromagazine.mx\/index.php\/2024\/02\/16\/jung-kook-irradia-estilo-en-la-nueva-campana-de-calvin-klein-jeans-para-la-primavera-2024\/","og_locale":"es_ES","og_type":"article","og_title":"\u00a1Jung Kook irradia estilo en la nueva campa\u00f1a de Calvin Klein Jeans para la Primavera 2024! - Zero Magazine","og_description":"Calvin Klein ha lanzado su campa\u00f1a Primavera 2024 y nos ha dejado con las bocas abiertas al presentar a Jung Kook como el embajador global de la marca, \u00a1qu\u00e9 locura! La nueva campa\u00f1a est\u00e1 capturada por Mert Alas, y muestra al artista de K-pop en todo su esplendor, dominando la ic\u00f3nica estaci\u00f3n Grand Central con [&hellip;]","og_url":"https:\/\/zeromagazine.mx\/index.php\/2024\/02\/16\/jung-kook-irradia-estilo-en-la-nueva-campana-de-calvin-klein-jeans-para-la-primavera-2024\/","og_site_name":"Zero Magazine","article_published_time":"2024-02-16T16:15:57+00:00","og_image":[{"width":1080,"height":1350,"url":"https:\/\/i0.wp.com\/zeromagazine.mx\/wp-content\/uploads\/2024\/02\/S24_JK_PR_nologo_1080x1350_3.jpg?fit=1080%2C1350&ssl=1","type":"image\/jpeg"}],"author":"zeromagazinemx","twitter_card":"summary_large_image","twitter_misc":{"Escrito por":"zeromagazinemx","Tiempo de lectura":"2 minutos"},"schema":{"@context":"https:\/\/schema.org","@graph":[{"@type":"Article","@id":"https:\/\/zeromagazine.mx\/index.php\/2024\/02\/16\/jung-kook-irradia-estilo-en-la-nueva-campana-de-calvin-klein-jeans-para-la-primavera-2024\/#article","isPartOf":{"@id":"https:\/\/zeromagazine.mx\/index.php\/2024\/02\/16\/jung-kook-irradia-estilo-en-la-nueva-campana-de-calvin-klein-jeans-para-la-primavera-2024\/"},"author":{"name":"zeromagazinemx","@id":"https:\/\/zeromagazine.mx\/#\/schema\/person\/9aed9f33a7c39af3a348b86d723f7773"},"headline":"\u00a1Jung Kook irradia estilo en la nueva campa\u00f1a de Calvin Klein Jeans para la Primavera 2024!","datePublished":"2024-02-16T16:15:57+00:00","mainEntityOfPage":{"@id":"https:\/\/zeromagazine.mx\/index.php\/2024\/02\/16\/jung-kook-irradia-estilo-en-la-nueva-campana-de-calvin-klein-jeans-para-la-primavera-2024\/"},"wordCount":342,"commentCount":0,"publisher":{"@id":"https:\/\/zeromagazine.mx\/#organization"},"image":{"@id":"https:\/\/zeromagazine.mx\/index.php\/2024\/02\/16\/jung-kook-irradia-estilo-en-la-nueva-campana-de-calvin-klein-jeans-para-la-primavera-2024\/#primaryimage"},"thumbnailUrl":"https:\/\/i0.wp.com\/zeromagazine.mx\/wp-content\/uploads\/2024\/02\/S24_JK_PR_nologo_1080x1350_3.jpg?fit=1080%2C1350&ssl=1","keywords":["Calvin klein","jeans","Jung Kook","K-pop","Primavera 2024"],"articleSection":["Blog","Lifestyle","Moda"],"inLanguage":"es","potentialAction":[{"@type":"CommentAction","name":"Comment","target":["https:\/\/zeromagazine.mx\/index.php\/2024\/02\/16\/jung-kook-irradia-estilo-en-la-nueva-campana-de-calvin-klein-jeans-para-la-primavera-2024\/#respond"]}]},{"@type":"WebPage","@id":"https:\/\/zeromagazine.mx\/index.php\/2024\/02\/16\/jung-kook-irradia-estilo-en-la-nueva-campana-de-calvin-klein-jeans-para-la-primavera-2024\/","url":"https:\/\/zeromagazine.mx\/index.php\/2024\/02\/16\/jung-kook-irradia-estilo-en-la-nueva-campana-de-calvin-klein-jeans-para-la-primavera-2024\/","name":"\u00a1Jung Kook irradia estilo en la nueva campa\u00f1a de Calvin Klein Jeans para la Primavera 2024! - Zero Magazine","isPartOf":{"@id":"https:\/\/zeromagazine.mx\/#website"},"primaryImageOfPage":{"@id":"https:\/\/zeromagazine.mx\/index.php\/2024\/02\/16\/jung-kook-irradia-estilo-en-la-nueva-campana-de-calvin-klein-jeans-para-la-primavera-2024\/#primaryimage"},"image":{"@id":"https:\/\/zeromagazine.mx\/index.php\/2024\/02\/16\/jung-kook-irradia-estilo-en-la-nueva-campana-de-calvin-klein-jeans-para-la-primavera-2024\/#primaryimage"},"thumbnailUrl":"https:\/\/i0.wp.com\/zeromagazine.mx\/wp-content\/uploads\/2024\/02\/S24_JK_PR_nologo_1080x1350_3.jpg?fit=1080%2C1350&ssl=1","datePublished":"2024-02-16T16:15:57+00:00","breadcrumb":{"@id":"https:\/\/zeromagazine.mx\/index.php\/2024\/02\/16\/jung-kook-irradia-estilo-en-la-nueva-campana-de-calvin-klein-jeans-para-la-primavera-2024\/#breadcrumb"},"inLanguage":"es","potentialAction":[{"@type":"ReadAction","target":["https:\/\/zeromagazine.mx\/index.php\/2024\/02\/16\/jung-kook-irradia-estilo-en-la-nueva-campana-de-calvin-klein-jeans-para-la-primavera-2024\/"]}]},{"@type":"ImageObject","inLanguage":"es","@id":"https:\/\/zeromagazine.mx\/index.php\/2024\/02\/16\/jung-kook-irradia-estilo-en-la-nueva-campana-de-calvin-klein-jeans-para-la-primavera-2024\/#primaryimage","url":"https:\/\/i0.wp.com\/zeromagazine.mx\/wp-content\/uploads\/2024\/02\/S24_JK_PR_nologo_1080x1350_3.jpg?fit=1080%2C1350&ssl=1","contentUrl":"https:\/\/i0.wp.com\/zeromagazine.mx\/wp-content\/uploads\/2024\/02\/S24_JK_PR_nologo_1080x1350_3.jpg?fit=1080%2C1350&ssl=1","width":1080,"height":1350},{"@type":"BreadcrumbList","@id":"https:\/\/zeromagazine.mx\/index.php\/2024\/02\/16\/jung-kook-irradia-estilo-en-la-nueva-campana-de-calvin-klein-jeans-para-la-primavera-2024\/#breadcrumb","itemListElement":[{"@type":"ListItem","position":1,"name":"Portada","item":"https:\/\/zeromagazine.mx\/"},{"@type":"ListItem","position":2,"name":"\u00a1Jung Kook irradia estilo en la nueva campa\u00f1a de Calvin Klein Jeans para la Primavera 2024!"}]},{"@type":"WebSite","@id":"https:\/\/zeromagazine.mx\/#website","url":"https:\/\/zeromagazine.mx\/","name":"Zero Magazine","description":"","publisher":{"@id":"https:\/\/zeromagazine.mx\/#organization"},"potentialAction":[{"@type":"SearchAction","target":{"@type":"EntryPoint","urlTemplate":"https:\/\/zeromagazine.mx\/?s={search_term_string}"},"query-input":{"@type":"PropertyValueSpecification","valueRequired":true,"valueName":"search_term_string"}}],"inLanguage":"es"},{"@type":"Organization","@id":"https:\/\/zeromagazine.mx\/#organization","name":"Zero Magazine","url":"https:\/\/zeromagazine.mx\/","logo":{"@type":"ImageObject","inLanguage":"es","@id":"https:\/\/zeromagazine.mx\/#\/schema\/logo\/image\/","url":"https:\/\/i0.wp.com\/zeromagazine.mx\/wp-content\/uploads\/2025\/11\/1.jpeg?fit=1000%2C1000&ssl=1","contentUrl":"https:\/\/i0.wp.com\/zeromagazine.mx\/wp-content\/uploads\/2025\/11\/1.jpeg?fit=1000%2C1000&ssl=1","width":1000,"height":1000,"caption":"Zero Magazine"},"image":{"@id":"https:\/\/zeromagazine.mx\/#\/schema\/logo\/image\/"},"sameAs":["https:\/\/instagram.com\/zeromagazinemx"]},{"@type":"Person","@id":"https:\/\/zeromagazine.mx\/#\/schema\/person\/9aed9f33a7c39af3a348b86d723f7773","name":"zeromagazinemx","image":{"@type":"ImageObject","inLanguage":"es","@id":"https:\/\/zeromagazine.mx\/wp-content\/litespeed\/avatar\/f91dfe5410d5dcb1a576bf8c45983896.jpg?ver=1777571230","url":"https:\/\/zeromagazine.mx\/wp-content\/litespeed\/avatar\/f91dfe5410d5dcb1a576bf8c45983896.jpg?ver=1777571230","contentUrl":"https:\/\/zeromagazine.mx\/wp-content\/litespeed\/avatar\/f91dfe5410d5dcb1a576bf8c45983896.jpg?ver=1777571230","caption":"zeromagazinemx"},"url":"https:\/\/zeromagazine.mx\/index.php\/author\/zeromagazinemx\/"}]}},"jetpack_publicize_connections":[],"jetpack_featured_media_url":"https:\/\/i0.wp.com\/zeromagazine.mx\/wp-content\/uploads\/2024\/02\/S24_JK_PR_nologo_1080x1350_3.jpg?fit=1080%2C1350&ssl=1","jetpack-related-posts":[{"id":97206,"url":"https:\/\/zeromagazine.mx\/index.php\/2025\/02\/21\/calvin-klein-kpopprimavera-2025\/","url_meta":{"origin":70706,"position":0},"title":"Reinvenci\u00f3n Calvin Klein","author":"David Morales","date":"21 de febrero de 2025","format":false,"excerpt":"La nueva campa\u00f1a de Calvin Klein para la Primavera 2025 nos deja clar\u00edsimo que el estilo y la actitud van de la mano. Esta vez, las protagonistas son MINJI, HANNI, DANIELLE, HAERIN y HYEIN, los \u00edconos del K-pop que se apoderan de la escena con looks que combinan lo cl\u00e1sico\u2026","rel":"","context":"En \u00abModa\u00bb","block_context":{"text":"Moda","link":"https:\/\/zeromagazine.mx\/index.php\/category\/moda\/"},"img":{"alt_text":"","src":"https:\/\/i0.wp.com\/zeromagazine.mx\/wp-content\/uploads\/2025\/02\/image006.jpg?fit=1024%2C768&ssl=1&resize=350%2C200","width":350,"height":200,"srcset":"https:\/\/i0.wp.com\/zeromagazine.mx\/wp-content\/uploads\/2025\/02\/image006.jpg?fit=1024%2C768&ssl=1&resize=350%2C200 1x, https:\/\/i0.wp.com\/zeromagazine.mx\/wp-content\/uploads\/2025\/02\/image006.jpg?fit=1024%2C768&ssl=1&resize=525%2C300 1.5x, https:\/\/i0.wp.com\/zeromagazine.mx\/wp-content\/uploads\/2025\/02\/image006.jpg?fit=1024%2C768&ssl=1&resize=700%2C400 2x"},"classes":[]},{"id":83740,"url":"https:\/\/zeromagazine.mx\/index.php\/2024\/09\/12\/cha-eun-woo-x-ck-otono-chic\/","url_meta":{"origin":70706,"position":1},"title":"Cha Eun-Woo x CK: Oto\u00f1o Chic","author":"zeromagazinemx","date":"12 de septiembre de 2024","format":false,"excerpt":"\u00a1Holiii, Arohas! Hoy les traigo el scoop m\u00e1s \u00e9pico del mundo de la moda y el K-pop que no se van a querer perder. Adivinen qui\u00e9n est\u00e1 dominando el spotlight ahora: nuestro querido \"CHA EUN-WOO\" El cantante y actor surcoreano que est\u00e1 rompiendo corazones en todo el planeta es la\u2026","rel":"","context":"En \u00abModa\u00bb","block_context":{"text":"Moda","link":"https:\/\/zeromagazine.mx\/index.php\/category\/moda\/"},"img":{"alt_text":"","src":"https:\/\/i0.wp.com\/zeromagazine.mx\/wp-content\/uploads\/2024\/09\/F24_CHA_PR_logo_1.jpg?fit=960%2C1200&ssl=1&resize=350%2C200","width":350,"height":200,"srcset":"https:\/\/i0.wp.com\/zeromagazine.mx\/wp-content\/uploads\/2024\/09\/F24_CHA_PR_logo_1.jpg?fit=960%2C1200&ssl=1&resize=350%2C200 1x, https:\/\/i0.wp.com\/zeromagazine.mx\/wp-content\/uploads\/2024\/09\/F24_CHA_PR_logo_1.jpg?fit=960%2C1200&ssl=1&resize=525%2C300 1.5x, https:\/\/i0.wp.com\/zeromagazine.mx\/wp-content\/uploads\/2024\/09\/F24_CHA_PR_logo_1.jpg?fit=960%2C1200&ssl=1&resize=700%2C400 2x"},"classes":[]},{"id":82661,"url":"https:\/\/zeromagazine.mx\/index.php\/2024\/08\/27\/jeremy-allen-white-vibes-otonales\/","url_meta":{"origin":70706,"position":2},"title":"Jeremy Allen White: Vibes Oto\u00f1ales","author":"zeromagazinemx","date":"27 de agosto de 2024","format":false,"excerpt":"La espera ha terminado y Calvin Klein acaba de lanzar la segunda entrega de su mega campa\u00f1a de Oto\u00f1o 2024, protagonizada por el rey de las vibes relajadas, Jeremy Allen White. Este 27 de agosto de 2024 marca el debut de esta campa\u00f1a que promete elevar tu estilo a otro\u2026","rel":"","context":"En \u00abModa\u00bb","block_context":{"text":"Moda","link":"https:\/\/zeromagazine.mx\/index.php\/category\/moda\/"},"img":{"alt_text":"","src":"https:\/\/i0.wp.com\/zeromagazine.mx\/wp-content\/uploads\/2024\/08\/F24_JAW_PR_nologo_4.jpg?fit=1200%2C960&ssl=1&resize=350%2C200","width":350,"height":200,"srcset":"https:\/\/i0.wp.com\/zeromagazine.mx\/wp-content\/uploads\/2024\/08\/F24_JAW_PR_nologo_4.jpg?fit=1200%2C960&ssl=1&resize=350%2C200 1x, https:\/\/i0.wp.com\/zeromagazine.mx\/wp-content\/uploads\/2024\/08\/F24_JAW_PR_nologo_4.jpg?fit=1200%2C960&ssl=1&resize=525%2C300 1.5x, https:\/\/i0.wp.com\/zeromagazine.mx\/wp-content\/uploads\/2024\/08\/F24_JAW_PR_nologo_4.jpg?fit=1200%2C960&ssl=1&resize=700%2C400 2x, https:\/\/i0.wp.com\/zeromagazine.mx\/wp-content\/uploads\/2024\/08\/F24_JAW_PR_nologo_4.jpg?fit=1200%2C960&ssl=1&resize=1050%2C600 3x"},"classes":[]},{"id":99077,"url":"https:\/\/zeromagazine.mx\/index.php\/2025\/03\/17\/la-nueva-coleccion-primavera-calvin-klein-bad-bunny\/","url_meta":{"origin":70706,"position":3},"title":"Bad Bunny &amp; Calvin Klein","author":"David Morales","date":"17 de marzo de 2025","format":false,"excerpt":"Amix, \u00bfqui\u00e9n dijo que la ropa interior no puede ser un statement de confianza y sensualidad? Bad Bunny lo demuestra en su debut con Calvin Klein en la campa\u00f1a Primavera 2025, donde el artista rompe esquemas y redefine el concepto de autenticidad. As\u00ed, que si quieres saber m\u00e1s de la\u2026","rel":"","context":"En \u00abModa\u00bb","block_context":{"text":"Moda","link":"https:\/\/zeromagazine.mx\/index.php\/category\/moda\/"},"img":{"alt_text":"","src":"https:\/\/i0.wp.com\/zeromagazine.mx\/wp-content\/uploads\/2025\/03\/SP25_BAD_BUNNY_PR_logo_9.jpg?fit=1200%2C960&ssl=1&resize=350%2C200","width":350,"height":200,"srcset":"https:\/\/i0.wp.com\/zeromagazine.mx\/wp-content\/uploads\/2025\/03\/SP25_BAD_BUNNY_PR_logo_9.jpg?fit=1200%2C960&ssl=1&resize=350%2C200 1x, https:\/\/i0.wp.com\/zeromagazine.mx\/wp-content\/uploads\/2025\/03\/SP25_BAD_BUNNY_PR_logo_9.jpg?fit=1200%2C960&ssl=1&resize=525%2C300 1.5x, https:\/\/i0.wp.com\/zeromagazine.mx\/wp-content\/uploads\/2025\/03\/SP25_BAD_BUNNY_PR_logo_9.jpg?fit=1200%2C960&ssl=1&resize=700%2C400 2x, https:\/\/i0.wp.com\/zeromagazine.mx\/wp-content\/uploads\/2025\/03\/SP25_BAD_BUNNY_PR_logo_9.jpg?fit=1200%2C960&ssl=1&resize=1050%2C600 3x"},"classes":[]},{"id":84503,"url":"https:\/\/zeromagazine.mx\/index.php\/2024\/09\/24\/newjeans-x-ck-denim-glow\/","url_meta":{"origin":70706,"position":4},"title":"NewJeans x CK: Denim Glow","author":"zeromagazinemx","date":"24 de septiembre de 2024","format":false,"excerpt":"\u00a1Holaaa Bunnies! \u00bfSe han enterado de lo \u00faltimo que ha lanzado Calvin Klein? Acaban de dar a conocer el cap\u00edtulo final de su campa\u00f1a Oto\u00f1o 2024, y adivinen qui\u00e9nes son las protagonistas: \u00a1las reinas de NewJeans! S\u00ed, esas cinco chicas que est\u00e1n arrasando en el mundo de la m\u00fasica y\u2026","rel":"","context":"En \u00abModa\u00bb","block_context":{"text":"Moda","link":"https:\/\/zeromagazine.mx\/index.php\/category\/moda\/"},"img":{"alt_text":"","src":"https:\/\/i0.wp.com\/zeromagazine.mx\/wp-content\/uploads\/2024\/09\/F24_NEWJEANS_PR_logo_8.jpg?fit=1200%2C960&ssl=1&resize=350%2C200","width":350,"height":200,"srcset":"https:\/\/i0.wp.com\/zeromagazine.mx\/wp-content\/uploads\/2024\/09\/F24_NEWJEANS_PR_logo_8.jpg?fit=1200%2C960&ssl=1&resize=350%2C200 1x, https:\/\/i0.wp.com\/zeromagazine.mx\/wp-content\/uploads\/2024\/09\/F24_NEWJEANS_PR_logo_8.jpg?fit=1200%2C960&ssl=1&resize=525%2C300 1.5x, https:\/\/i0.wp.com\/zeromagazine.mx\/wp-content\/uploads\/2024\/09\/F24_NEWJEANS_PR_logo_8.jpg?fit=1200%2C960&ssl=1&resize=700%2C400 2x, https:\/\/i0.wp.com\/zeromagazine.mx\/wp-content\/uploads\/2024\/09\/F24_NEWJEANS_PR_logo_8.jpg?fit=1200%2C960&ssl=1&resize=1050%2C600 3x"},"classes":[]},{"id":76731,"url":"https:\/\/zeromagazine.mx\/index.php\/2024\/05\/30\/calvin-klein-celebra-el-amor-y-el-orgullo\/","url_meta":{"origin":70706,"position":5},"title":"Calvin Klein Celebra el Amor y el Orgullo","author":"zeromagazinemx","date":"30 de mayo de 2024","format":false,"excerpt":"La nueva campa\u00f1a de Calvin Klein est\u00e1 que arde. Este a\u00f1o, la marca lanz\u00f3 su campa\u00f1a 2024 \"This Is Love\" protagonizada por Cara Delevingne y Jeremy Pope. Y d\u00e9jenme decirles, es todo un espect\u00e1culo de amor y orgullo. Adem\u00e1s, echando un vistazo m\u00e1s de cerca, las fotos de la campa\u00f1a\u2026","rel":"","context":"En \u00abModa\u00bb","block_context":{"text":"Moda","link":"https:\/\/zeromagazine.mx\/index.php\/category\/moda\/"},"img":{"alt_text":"","src":"https:\/\/i0.wp.com\/zeromagazine.mx\/wp-content\/uploads\/2024\/05\/S24_PRIDE_PR_logo_1080x1350_8.jpg?fit=1200%2C960&ssl=1&resize=350%2C200","width":350,"height":200,"srcset":"https:\/\/i0.wp.com\/zeromagazine.mx\/wp-content\/uploads\/2024\/05\/S24_PRIDE_PR_logo_1080x1350_8.jpg?fit=1200%2C960&ssl=1&resize=350%2C200 1x, https:\/\/i0.wp.com\/zeromagazine.mx\/wp-content\/uploads\/2024\/05\/S24_PRIDE_PR_logo_1080x1350_8.jpg?fit=1200%2C960&ssl=1&resize=525%2C300 1.5x, https:\/\/i0.wp.com\/zeromagazine.mx\/wp-content\/uploads\/2024\/05\/S24_PRIDE_PR_logo_1080x1350_8.jpg?fit=1200%2C960&ssl=1&resize=700%2C400 2x, https:\/\/i0.wp.com\/zeromagazine.mx\/wp-content\/uploads\/2024\/05\/S24_PRIDE_PR_logo_1080x1350_8.jpg?fit=1200%2C960&ssl=1&resize=1050%2C600 3x"},"classes":[]}],"jetpack_sharing_enabled":true,"builder_content":"","_links":{"self":[{"href":"https:\/\/zeromagazine.mx\/index.php\/wp-json\/wp\/v2\/posts\/70706","targetHints":{"allow":["GET"]}}],"collection":[{"href":"https:\/\/zeromagazine.mx\/index.php\/wp-json\/wp\/v2\/posts"}],"about":[{"href":"https:\/\/zeromagazine.mx\/index.php\/wp-json\/wp\/v2\/types\/post"}],"author":[{"embeddable":true,"href":"https:\/\/zeromagazine.mx\/index.php\/wp-json\/wp\/v2\/users\/2"}],"replies":[{"embeddable":true,"href":"https:\/\/zeromagazine.mx\/index.php\/wp-json\/wp\/v2\/comments?post=70706"}],"version-history":[{"count":3,"href":"https:\/\/zeromagazine.mx\/index.php\/wp-json\/wp\/v2\/posts\/70706\/revisions"}],"predecessor-version":[{"id":70714,"href":"https:\/\/zeromagazine.mx\/index.php\/wp-json\/wp\/v2\/posts\/70706\/revisions\/70714"}],"wp:featuredmedia":[{"embeddable":true,"href":"https:\/\/zeromagazine.mx\/index.php\/wp-json\/wp\/v2\/media\/70707"}],"wp:attachment":[{"href":"https:\/\/zeromagazine.mx\/index.php\/wp-json\/wp\/v2\/media?parent=70706"}],"wp:term":[{"taxonomy":"category","embeddable":true,"href":"https:\/\/zeromagazine.mx\/index.php\/wp-json\/wp\/v2\/categories?post=70706"},{"taxonomy":"post_tag","embeddable":true,"href":"https:\/\/zeromagazine.mx\/index.php\/wp-json\/wp\/v2\/tags?post=70706"}],"curies":[{"name":"wp","href":"https:\/\/api.w.org\/{rel}","templated":true}]}}