{"id":70830,"date":"2024-02-19T22:25:35","date_gmt":"2024-02-19T21:25:35","guid":{"rendered":"https:\/\/zeromagazine.mx\/?p=70830"},"modified":"2024-02-19T22:25:44","modified_gmt":"2024-02-19T21:25:44","slug":"vidcon-mexico-vuelve-con-su-tercera-edicion","status":"publish","type":"post","link":"https:\/\/zeromagazine.mx\/index.php\/2024\/02\/19\/vidcon-mexico-vuelve-con-su-tercera-edicion\/","title":{"rendered":"\u00a1VidCon M\u00e9xico Vuelve Con Su Tercera Edici\u00f3n!"},"content":{"rendered":"<p>Prep\u00e1rense porque la fiesta del contenido digital est\u00e1 de vuelta en M\u00e9xico para su tercera edici\u00f3n consecutiva. Despu\u00e9s de dos a\u00f1os llenos de diversi\u00f3n y aprendizaje, VidCon regresa al Centro Citibanamex del 9 al 11 de agosto. Y s\u00ed, \u00a1va a estar incre\u00edble!<\/p>\n\n\n\n<script async src=\"https:\/\/pagead2.googlesyndication.com\/pagead\/js\/adsbygoogle.js?client=ca-pub-5499304793904745\"\n     crossorigin=\"anonymous\"><\/script>\n<ins class=\"adsbygoogle\"\n     style=\"display:block; text-align:center;\"\n     data-ad-layout=\"in-article\"\n     data-ad-format=\"fluid\"\n     data-ad-client=\"ca-pub-5499304793904745\"\n     data-ad-slot=\"5994863093\"><\/ins>\n<script>\n     (adsbygoogle = window.adsbygoogle || []).push({});\n<\/script>\n\n\n\n<p>Ahora bien, despu\u00e9s de dos exitosas ediciones en nuestro pa\u00eds, \u00bfqu\u00e9 nos espera en esta nueva entrega? Pues, para empezar, vamos a tener acceso a una gama a\u00fan m\u00e1s amplia de experiencias. \u00bfRecuerdan a todos esos creadores top que han desfilado por el escenario de VidCon? Desde Juanpa Zurita hasta Germ\u00e1n Garmendia, la lista es larga y llena de talento. Y este a\u00f1o, seguro habr\u00e1 muchas sorpresas m\u00e1s.<\/p>\n\n\n\n<script async src=\"https:\/\/pagead2.googlesyndication.com\/pagead\/js\/adsbygoogle.js?client=ca-pub-5499304793904745\"\n     crossorigin=\"anonymous\"><\/script>\n<ins class=\"adsbygoogle\"\n     style=\"display:block; text-align:center;\"\n     data-ad-layout=\"in-article\"\n     data-ad-format=\"fluid\"\n     data-ad-client=\"ca-pub-5499304793904745\"\n     data-ad-slot=\"5994863093\"><\/ins>\n<script>\n     (adsbygoogle = window.adsbygoogle || []).push({});\n<\/script>\n\n\n\n<p>Adem\u00e1s de los eventos planeados en Estados Unidos, VidCon M\u00e9xico va a ser epicentro de la acci\u00f3n una vez m\u00e1s. Durante tres d\u00edas tendremos una variedad de contenido, desde conferencias, actividades y espacios interactivos. Va a ser como entrar en un universo paralelo donde el contenido digital es el rey y nosotrxs somos lxs protagonistas.<\/p>\n\n\n\n<div class=\"wp-block-columns is-layout-flex wp-container-core-columns-is-layout-9d6595d7 wp-block-columns-is-layout-flex\">\n<div class=\"wp-block-column is-layout-flow wp-block-column-is-layout-flow\"><div class=\"wp-block-image\">\n<figure class=\"aligncenter size-large\"><img data-recalc-dims=\"1\" decoding=\"async\" width=\"823\" height=\"1024\" src=\"https:\/\/i0.wp.com\/zeromagazine.mx\/wp-content\/uploads\/2024\/02\/IMG_4467-3-823x1024.jpg?resize=823%2C1024&#038;ssl=1\" alt=\"\" class=\"wp-image-70843\" srcset=\"https:\/\/i0.wp.com\/zeromagazine.mx\/wp-content\/uploads\/2024\/02\/IMG_4467-3.jpg?resize=823%2C1024&amp;ssl=1 823w, https:\/\/i0.wp.com\/zeromagazine.mx\/wp-content\/uploads\/2024\/02\/IMG_4467-3.jpg?resize=241%2C300&amp;ssl=1 241w, https:\/\/i0.wp.com\/zeromagazine.mx\/wp-content\/uploads\/2024\/02\/IMG_4467-3.jpg?resize=768%2C956&amp;ssl=1 768w, https:\/\/i0.wp.com\/zeromagazine.mx\/wp-content\/uploads\/2024\/02\/IMG_4467-3.jpg?resize=1234%2C1536&amp;ssl=1 1234w, https:\/\/i0.wp.com\/zeromagazine.mx\/wp-content\/uploads\/2024\/02\/IMG_4467-3.jpg?w=1290&amp;ssl=1 1290w\" sizes=\"(max-width: 823px) 100vw, 823px\" \/><\/figure>\n<\/div><\/div>\n\n\n\n<div class=\"wp-block-column is-layout-flow wp-block-column-is-layout-flow\">\n<figure class=\"wp-block-image size-large\"><img data-recalc-dims=\"1\" decoding=\"async\" width=\"827\" height=\"1024\" src=\"https:\/\/i0.wp.com\/zeromagazine.mx\/wp-content\/uploads\/2024\/02\/IMG_4466-3-827x1024.jpg?resize=827%2C1024&#038;ssl=1\" alt=\"\" class=\"wp-image-70842\" srcset=\"https:\/\/i0.wp.com\/zeromagazine.mx\/wp-content\/uploads\/2024\/02\/IMG_4466-3.jpg?resize=827%2C1024&amp;ssl=1 827w, https:\/\/i0.wp.com\/zeromagazine.mx\/wp-content\/uploads\/2024\/02\/IMG_4466-3.jpg?resize=242%2C300&amp;ssl=1 242w, https:\/\/i0.wp.com\/zeromagazine.mx\/wp-content\/uploads\/2024\/02\/IMG_4466-3.jpg?resize=768%2C951&amp;ssl=1 768w, https:\/\/i0.wp.com\/zeromagazine.mx\/wp-content\/uploads\/2024\/02\/IMG_4466-3.jpg?resize=1241%2C1536&amp;ssl=1 1241w, https:\/\/i0.wp.com\/zeromagazine.mx\/wp-content\/uploads\/2024\/02\/IMG_4466-3.jpg?w=1290&amp;ssl=1 1290w\" sizes=\"(max-width: 827px) 100vw, 827px\" \/><\/figure>\n<\/div>\n<\/div>\n\n\n\n<p>\u00bfY qu\u00e9 hay de esos Tracks de Comunidad e Industria? Bueno, eso es algo que no podemos pasar por alto. El Track de Comunidad es para todxs lxs fans del contenido digital y la cultura internet. Imaginen pasar tres d\u00edas rodeados de sus influencers favoritxs, compartiendo experiencias y creando recuerdos inolvidables. Y luego est\u00e1 el Track de Industria, donde lxs profesionales del medio podr\u00e1n intercambiar ideas y conocimientos para llevar sus proyectos al siguiente nivel.<\/p>\n\n\n\n<script async src=\"https:\/\/pagead2.googlesyndication.com\/pagead\/js\/adsbygoogle.js?client=ca-pub-5499304793904745\"\n     crossorigin=\"anonymous\"><\/script>\n<ins class=\"adsbygoogle\"\n     style=\"display:block; text-align:center;\"\n     data-ad-layout=\"in-article\"\n     data-ad-format=\"fluid\"\n     data-ad-client=\"ca-pub-5499304793904745\"\n     data-ad-slot=\"5994863093\"><\/ins>\n<script>\n     (adsbygoogle = window.adsbygoogle || []).push({});\n<\/script>\n\n\n\n<p>Ahora, lo m\u00e1s importante: \u00a1los boletos! A partir del 5 de marzo, van a estar a la venta, as\u00ed que marquen esa fecha en sus calendarios y aseg\u00farense de conseguir el suyo. Porque esta edici\u00f3n promete ser la m\u00e1s \u00e9pica hasta la fecha y no se la pueden perder por nada del mundo.<\/p>\n\n\n\n<script async src=\"https:\/\/pagead2.googlesyndication.com\/pagead\/js\/adsbygoogle.js?client=ca-pub-5499304793904745\"\n     crossorigin=\"anonymous\"><\/script>\n<ins class=\"adsbygoogle\"\n     style=\"display:block; text-align:center;\"\n     data-ad-layout=\"in-article\"\n     data-ad-format=\"fluid\"\n     data-ad-client=\"ca-pub-5499304793904745\"\n     data-ad-slot=\"5994863093\"><\/ins>\n<script>\n     (adsbygoogle = window.adsbygoogle || []).push({});\n<\/script>\n\n\n\n<p>VidCon es mucho m\u00e1s que una convenci\u00f3n de creadores de contenido. Es un lugar donde la magia de internet cobra vida, donde los fanaticxs se convierten en estrellas y donde los sue\u00f1os digitales se hacen realidad. As\u00ed que prep\u00e1rense para vivir una experiencia inolvidable, \u00a1nos vemos en la VidCon!<\/p>\n\n\n\n<script async src=\"https:\/\/pagead2.googlesyndication.com\/pagead\/js\/adsbygoogle.js?client=ca-pub-5499304793904745\"\n     crossorigin=\"anonymous\"><\/script>\n<ins class=\"adsbygoogle\"\n     style=\"display:block; text-align:center;\"\n     data-ad-layout=\"in-article\"\n     data-ad-format=\"fluid\"\n     data-ad-client=\"ca-pub-5499304793904745\"\n     data-ad-slot=\"5994863093\"><\/ins>\n<script>\n     (adsbygoogle = window.adsbygoogle || []).push({});\n<\/script>\n\n<!--themify_builder_content-->\n<div id=\"themify_builder_content-70830\" data-postid=\"70830\" class=\"themify_builder_content themify_builder_content-70830 themify_builder tf_clear\">\n    <\/div>\n<!--\/themify_builder_content-->","protected":false},"excerpt":{"rendered":"<p>Prep\u00e1rense porque la fiesta del contenido digital est\u00e1 de vuelta en M\u00e9xico para su tercera edici\u00f3n consecutiva. Despu\u00e9s de dos a\u00f1os llenos de diversi\u00f3n y aprendizaje, VidCon regresa al Centro Citibanamex del 9 al 11 de agosto. Y s\u00ed, \u00a1va a estar incre\u00edble! Ahora bien, despu\u00e9s de dos exitosas ediciones en nuestro pa\u00eds, \u00bfqu\u00e9 nos [&hellip;]<\/p>\n","protected":false},"author":2,"featured_media":70847,"comment_status":"open","ping_status":"open","sticky":false,"template":"","format":"standard","meta":{"_jetpack_memberships_contains_paid_content":false,"footnotes":"","jetpack_publicize_message":"","jetpack_publicize_feature_enabled":true,"jetpack_social_post_already_shared":false,"jetpack_social_options":{"image_generator_settings":{"template":"highway","default_image_id":0,"font":"","enabled":false},"version":2}},"categories":[117],"tags":[1589,6942,6993,6994],"class_list":["post-70830","post","type-post","status-publish","format-standard","has-post-thumbnail","hentry","category-entretenimiento","tag-citibanamex","tag-influencers","tag-vidcon","tag-vidcon-mexcio","has-post-title","has-post-date","has-post-category","has-post-tag","has-post-comment","has-post-author",""],"yoast_head":"<!-- This site is optimized with the Yoast SEO plugin v27.5 - https:\/\/yoast.com\/product\/yoast-seo-wordpress\/ -->\n<title>\u00a1VidCon M\u00e9xico Vuelve Con Su Tercera Edici\u00f3n! - Zero Magazine<\/title>\n<meta name=\"robots\" content=\"index, follow, max-snippet:-1, max-image-preview:large, max-video-preview:-1\" \/>\n<link rel=\"canonical\" href=\"https:\/\/zeromagazine.mx\/index.php\/2024\/02\/19\/vidcon-mexico-vuelve-con-su-tercera-edicion\/\" \/>\n<meta property=\"og:locale\" content=\"es_ES\" \/>\n<meta property=\"og:type\" content=\"article\" \/>\n<meta property=\"og:title\" content=\"\u00a1VidCon M\u00e9xico Vuelve Con Su Tercera Edici\u00f3n! - Zero Magazine\" \/>\n<meta property=\"og:description\" content=\"Prep\u00e1rense porque la fiesta del contenido digital est\u00e1 de vuelta en M\u00e9xico para su tercera edici\u00f3n consecutiva. Despu\u00e9s de dos a\u00f1os llenos de diversi\u00f3n y aprendizaje, VidCon regresa al Centro Citibanamex del 9 al 11 de agosto. Y s\u00ed, \u00a1va a estar incre\u00edble! Ahora bien, despu\u00e9s de dos exitosas ediciones en nuestro pa\u00eds, \u00bfqu\u00e9 nos [&hellip;]\" \/>\n<meta property=\"og:url\" content=\"https:\/\/zeromagazine.mx\/index.php\/2024\/02\/19\/vidcon-mexico-vuelve-con-su-tercera-edicion\/\" \/>\n<meta property=\"og:site_name\" content=\"Zero Magazine\" \/>\n<meta property=\"article:published_time\" content=\"2024-02-19T21:25:35+00:00\" \/>\n<meta property=\"article:modified_time\" content=\"2024-02-19T21:25:44+00:00\" \/>\n<meta property=\"og:image\" content=\"https:\/\/i0.wp.com\/zeromagazine.mx\/wp-content\/uploads\/2024\/02\/Portada-Blog-4.png?fit=1300%2C1000&ssl=1\" \/>\n\t<meta property=\"og:image:width\" content=\"1300\" \/>\n\t<meta property=\"og:image:height\" content=\"1000\" \/>\n\t<meta property=\"og:image:type\" content=\"image\/png\" \/>\n<meta name=\"author\" content=\"zeromagazinemx\" \/>\n<meta name=\"twitter:card\" content=\"summary_large_image\" \/>\n<meta name=\"twitter:label1\" content=\"Escrito por\" \/>\n\t<meta name=\"twitter:data1\" content=\"zeromagazinemx\" \/>\n\t<meta name=\"twitter:label2\" content=\"Tiempo de lectura\" \/>\n\t<meta name=\"twitter:data2\" content=\"2 minutos\" \/>\n<script type=\"application\/ld+json\" class=\"yoast-schema-graph\">{\"@context\":\"https:\\\/\\\/schema.org\",\"@graph\":[{\"@type\":\"Article\",\"@id\":\"https:\\\/\\\/zeromagazine.mx\\\/index.php\\\/2024\\\/02\\\/19\\\/vidcon-mexico-vuelve-con-su-tercera-edicion\\\/#article\",\"isPartOf\":{\"@id\":\"https:\\\/\\\/zeromagazine.mx\\\/index.php\\\/2024\\\/02\\\/19\\\/vidcon-mexico-vuelve-con-su-tercera-edicion\\\/\"},\"author\":{\"name\":\"zeromagazinemx\",\"@id\":\"https:\\\/\\\/zeromagazine.mx\\\/#\\\/schema\\\/person\\\/9aed9f33a7c39af3a348b86d723f7773\"},\"headline\":\"\u00a1VidCon M\u00e9xico Vuelve Con Su Tercera Edici\u00f3n!\",\"datePublished\":\"2024-02-19T21:25:35+00:00\",\"dateModified\":\"2024-02-19T21:25:44+00:00\",\"mainEntityOfPage\":{\"@id\":\"https:\\\/\\\/zeromagazine.mx\\\/index.php\\\/2024\\\/02\\\/19\\\/vidcon-mexico-vuelve-con-su-tercera-edicion\\\/\"},\"wordCount\":378,\"commentCount\":0,\"publisher\":{\"@id\":\"https:\\\/\\\/zeromagazine.mx\\\/#organization\"},\"image\":{\"@id\":\"https:\\\/\\\/zeromagazine.mx\\\/index.php\\\/2024\\\/02\\\/19\\\/vidcon-mexico-vuelve-con-su-tercera-edicion\\\/#primaryimage\"},\"thumbnailUrl\":\"https:\\\/\\\/i0.wp.com\\\/zeromagazine.mx\\\/wp-content\\\/uploads\\\/2024\\\/02\\\/Portada-Blog-4.png?fit=1300%2C1000&ssl=1\",\"keywords\":[\"Citibanamex\",\"Influencers\",\"VidCon\",\"VidCon M\u00e9xcio\"],\"articleSection\":[\"Entretenimiento\"],\"inLanguage\":\"es\",\"potentialAction\":[{\"@type\":\"CommentAction\",\"name\":\"Comment\",\"target\":[\"https:\\\/\\\/zeromagazine.mx\\\/index.php\\\/2024\\\/02\\\/19\\\/vidcon-mexico-vuelve-con-su-tercera-edicion\\\/#respond\"]}]},{\"@type\":\"WebPage\",\"@id\":\"https:\\\/\\\/zeromagazine.mx\\\/index.php\\\/2024\\\/02\\\/19\\\/vidcon-mexico-vuelve-con-su-tercera-edicion\\\/\",\"url\":\"https:\\\/\\\/zeromagazine.mx\\\/index.php\\\/2024\\\/02\\\/19\\\/vidcon-mexico-vuelve-con-su-tercera-edicion\\\/\",\"name\":\"\u00a1VidCon M\u00e9xico Vuelve Con Su Tercera Edici\u00f3n! - Zero Magazine\",\"isPartOf\":{\"@id\":\"https:\\\/\\\/zeromagazine.mx\\\/#website\"},\"primaryImageOfPage\":{\"@id\":\"https:\\\/\\\/zeromagazine.mx\\\/index.php\\\/2024\\\/02\\\/19\\\/vidcon-mexico-vuelve-con-su-tercera-edicion\\\/#primaryimage\"},\"image\":{\"@id\":\"https:\\\/\\\/zeromagazine.mx\\\/index.php\\\/2024\\\/02\\\/19\\\/vidcon-mexico-vuelve-con-su-tercera-edicion\\\/#primaryimage\"},\"thumbnailUrl\":\"https:\\\/\\\/i0.wp.com\\\/zeromagazine.mx\\\/wp-content\\\/uploads\\\/2024\\\/02\\\/Portada-Blog-4.png?fit=1300%2C1000&ssl=1\",\"datePublished\":\"2024-02-19T21:25:35+00:00\",\"dateModified\":\"2024-02-19T21:25:44+00:00\",\"breadcrumb\":{\"@id\":\"https:\\\/\\\/zeromagazine.mx\\\/index.php\\\/2024\\\/02\\\/19\\\/vidcon-mexico-vuelve-con-su-tercera-edicion\\\/#breadcrumb\"},\"inLanguage\":\"es\",\"potentialAction\":[{\"@type\":\"ReadAction\",\"target\":[\"https:\\\/\\\/zeromagazine.mx\\\/index.php\\\/2024\\\/02\\\/19\\\/vidcon-mexico-vuelve-con-su-tercera-edicion\\\/\"]}]},{\"@type\":\"ImageObject\",\"inLanguage\":\"es\",\"@id\":\"https:\\\/\\\/zeromagazine.mx\\\/index.php\\\/2024\\\/02\\\/19\\\/vidcon-mexico-vuelve-con-su-tercera-edicion\\\/#primaryimage\",\"url\":\"https:\\\/\\\/i0.wp.com\\\/zeromagazine.mx\\\/wp-content\\\/uploads\\\/2024\\\/02\\\/Portada-Blog-4.png?fit=1300%2C1000&ssl=1\",\"contentUrl\":\"https:\\\/\\\/i0.wp.com\\\/zeromagazine.mx\\\/wp-content\\\/uploads\\\/2024\\\/02\\\/Portada-Blog-4.png?fit=1300%2C1000&ssl=1\",\"width\":1300,\"height\":1000},{\"@type\":\"BreadcrumbList\",\"@id\":\"https:\\\/\\\/zeromagazine.mx\\\/index.php\\\/2024\\\/02\\\/19\\\/vidcon-mexico-vuelve-con-su-tercera-edicion\\\/#breadcrumb\",\"itemListElement\":[{\"@type\":\"ListItem\",\"position\":1,\"name\":\"Portada\",\"item\":\"https:\\\/\\\/zeromagazine.mx\\\/\"},{\"@type\":\"ListItem\",\"position\":2,\"name\":\"\u00a1VidCon M\u00e9xico Vuelve Con Su Tercera Edici\u00f3n!\"}]},{\"@type\":\"WebSite\",\"@id\":\"https:\\\/\\\/zeromagazine.mx\\\/#website\",\"url\":\"https:\\\/\\\/zeromagazine.mx\\\/\",\"name\":\"Zero Magazine\",\"description\":\"\",\"publisher\":{\"@id\":\"https:\\\/\\\/zeromagazine.mx\\\/#organization\"},\"potentialAction\":[{\"@type\":\"SearchAction\",\"target\":{\"@type\":\"EntryPoint\",\"urlTemplate\":\"https:\\\/\\\/zeromagazine.mx\\\/?s={search_term_string}\"},\"query-input\":{\"@type\":\"PropertyValueSpecification\",\"valueRequired\":true,\"valueName\":\"search_term_string\"}}],\"inLanguage\":\"es\"},{\"@type\":\"Organization\",\"@id\":\"https:\\\/\\\/zeromagazine.mx\\\/#organization\",\"name\":\"Zero Magazine\",\"url\":\"https:\\\/\\\/zeromagazine.mx\\\/\",\"logo\":{\"@type\":\"ImageObject\",\"inLanguage\":\"es\",\"@id\":\"https:\\\/\\\/zeromagazine.mx\\\/#\\\/schema\\\/logo\\\/image\\\/\",\"url\":\"https:\\\/\\\/i0.wp.com\\\/zeromagazine.mx\\\/wp-content\\\/uploads\\\/2025\\\/11\\\/1.jpeg?fit=1000%2C1000&ssl=1\",\"contentUrl\":\"https:\\\/\\\/i0.wp.com\\\/zeromagazine.mx\\\/wp-content\\\/uploads\\\/2025\\\/11\\\/1.jpeg?fit=1000%2C1000&ssl=1\",\"width\":1000,\"height\":1000,\"caption\":\"Zero Magazine\"},\"image\":{\"@id\":\"https:\\\/\\\/zeromagazine.mx\\\/#\\\/schema\\\/logo\\\/image\\\/\"},\"sameAs\":[\"https:\\\/\\\/instagram.com\\\/zeromagazinemx\"]},{\"@type\":\"Person\",\"@id\":\"https:\\\/\\\/zeromagazine.mx\\\/#\\\/schema\\\/person\\\/9aed9f33a7c39af3a348b86d723f7773\",\"name\":\"zeromagazinemx\",\"image\":{\"@type\":\"ImageObject\",\"inLanguage\":\"es\",\"@id\":\"https:\\\/\\\/zeromagazine.mx\\\/wp-content\\\/litespeed\\\/avatar\\\/f91dfe5410d5dcb1a576bf8c45983896.jpg?ver=1777571230\",\"url\":\"https:\\\/\\\/zeromagazine.mx\\\/wp-content\\\/litespeed\\\/avatar\\\/f91dfe5410d5dcb1a576bf8c45983896.jpg?ver=1777571230\",\"contentUrl\":\"https:\\\/\\\/zeromagazine.mx\\\/wp-content\\\/litespeed\\\/avatar\\\/f91dfe5410d5dcb1a576bf8c45983896.jpg?ver=1777571230\",\"caption\":\"zeromagazinemx\"},\"url\":\"https:\\\/\\\/zeromagazine.mx\\\/index.php\\\/author\\\/zeromagazinemx\\\/\"}]}<\/script>\n<!-- \/ Yoast SEO plugin. -->","yoast_head_json":{"title":"\u00a1VidCon M\u00e9xico Vuelve Con Su Tercera Edici\u00f3n! - Zero Magazine","robots":{"index":"index","follow":"follow","max-snippet":"max-snippet:-1","max-image-preview":"max-image-preview:large","max-video-preview":"max-video-preview:-1"},"canonical":"https:\/\/zeromagazine.mx\/index.php\/2024\/02\/19\/vidcon-mexico-vuelve-con-su-tercera-edicion\/","og_locale":"es_ES","og_type":"article","og_title":"\u00a1VidCon M\u00e9xico Vuelve Con Su Tercera Edici\u00f3n! - Zero Magazine","og_description":"Prep\u00e1rense porque la fiesta del contenido digital est\u00e1 de vuelta en M\u00e9xico para su tercera edici\u00f3n consecutiva. Despu\u00e9s de dos a\u00f1os llenos de diversi\u00f3n y aprendizaje, VidCon regresa al Centro Citibanamex del 9 al 11 de agosto. Y s\u00ed, \u00a1va a estar incre\u00edble! Ahora bien, despu\u00e9s de dos exitosas ediciones en nuestro pa\u00eds, \u00bfqu\u00e9 nos [&hellip;]","og_url":"https:\/\/zeromagazine.mx\/index.php\/2024\/02\/19\/vidcon-mexico-vuelve-con-su-tercera-edicion\/","og_site_name":"Zero Magazine","article_published_time":"2024-02-19T21:25:35+00:00","article_modified_time":"2024-02-19T21:25:44+00:00","og_image":[{"width":1300,"height":1000,"url":"https:\/\/i0.wp.com\/zeromagazine.mx\/wp-content\/uploads\/2024\/02\/Portada-Blog-4.png?fit=1300%2C1000&ssl=1","type":"image\/png"}],"author":"zeromagazinemx","twitter_card":"summary_large_image","twitter_misc":{"Escrito por":"zeromagazinemx","Tiempo de lectura":"2 minutos"},"schema":{"@context":"https:\/\/schema.org","@graph":[{"@type":"Article","@id":"https:\/\/zeromagazine.mx\/index.php\/2024\/02\/19\/vidcon-mexico-vuelve-con-su-tercera-edicion\/#article","isPartOf":{"@id":"https:\/\/zeromagazine.mx\/index.php\/2024\/02\/19\/vidcon-mexico-vuelve-con-su-tercera-edicion\/"},"author":{"name":"zeromagazinemx","@id":"https:\/\/zeromagazine.mx\/#\/schema\/person\/9aed9f33a7c39af3a348b86d723f7773"},"headline":"\u00a1VidCon M\u00e9xico Vuelve Con Su Tercera Edici\u00f3n!","datePublished":"2024-02-19T21:25:35+00:00","dateModified":"2024-02-19T21:25:44+00:00","mainEntityOfPage":{"@id":"https:\/\/zeromagazine.mx\/index.php\/2024\/02\/19\/vidcon-mexico-vuelve-con-su-tercera-edicion\/"},"wordCount":378,"commentCount":0,"publisher":{"@id":"https:\/\/zeromagazine.mx\/#organization"},"image":{"@id":"https:\/\/zeromagazine.mx\/index.php\/2024\/02\/19\/vidcon-mexico-vuelve-con-su-tercera-edicion\/#primaryimage"},"thumbnailUrl":"https:\/\/i0.wp.com\/zeromagazine.mx\/wp-content\/uploads\/2024\/02\/Portada-Blog-4.png?fit=1300%2C1000&ssl=1","keywords":["Citibanamex","Influencers","VidCon","VidCon M\u00e9xcio"],"articleSection":["Entretenimiento"],"inLanguage":"es","potentialAction":[{"@type":"CommentAction","name":"Comment","target":["https:\/\/zeromagazine.mx\/index.php\/2024\/02\/19\/vidcon-mexico-vuelve-con-su-tercera-edicion\/#respond"]}]},{"@type":"WebPage","@id":"https:\/\/zeromagazine.mx\/index.php\/2024\/02\/19\/vidcon-mexico-vuelve-con-su-tercera-edicion\/","url":"https:\/\/zeromagazine.mx\/index.php\/2024\/02\/19\/vidcon-mexico-vuelve-con-su-tercera-edicion\/","name":"\u00a1VidCon M\u00e9xico Vuelve Con Su Tercera Edici\u00f3n! - Zero Magazine","isPartOf":{"@id":"https:\/\/zeromagazine.mx\/#website"},"primaryImageOfPage":{"@id":"https:\/\/zeromagazine.mx\/index.php\/2024\/02\/19\/vidcon-mexico-vuelve-con-su-tercera-edicion\/#primaryimage"},"image":{"@id":"https:\/\/zeromagazine.mx\/index.php\/2024\/02\/19\/vidcon-mexico-vuelve-con-su-tercera-edicion\/#primaryimage"},"thumbnailUrl":"https:\/\/i0.wp.com\/zeromagazine.mx\/wp-content\/uploads\/2024\/02\/Portada-Blog-4.png?fit=1300%2C1000&ssl=1","datePublished":"2024-02-19T21:25:35+00:00","dateModified":"2024-02-19T21:25:44+00:00","breadcrumb":{"@id":"https:\/\/zeromagazine.mx\/index.php\/2024\/02\/19\/vidcon-mexico-vuelve-con-su-tercera-edicion\/#breadcrumb"},"inLanguage":"es","potentialAction":[{"@type":"ReadAction","target":["https:\/\/zeromagazine.mx\/index.php\/2024\/02\/19\/vidcon-mexico-vuelve-con-su-tercera-edicion\/"]}]},{"@type":"ImageObject","inLanguage":"es","@id":"https:\/\/zeromagazine.mx\/index.php\/2024\/02\/19\/vidcon-mexico-vuelve-con-su-tercera-edicion\/#primaryimage","url":"https:\/\/i0.wp.com\/zeromagazine.mx\/wp-content\/uploads\/2024\/02\/Portada-Blog-4.png?fit=1300%2C1000&ssl=1","contentUrl":"https:\/\/i0.wp.com\/zeromagazine.mx\/wp-content\/uploads\/2024\/02\/Portada-Blog-4.png?fit=1300%2C1000&ssl=1","width":1300,"height":1000},{"@type":"BreadcrumbList","@id":"https:\/\/zeromagazine.mx\/index.php\/2024\/02\/19\/vidcon-mexico-vuelve-con-su-tercera-edicion\/#breadcrumb","itemListElement":[{"@type":"ListItem","position":1,"name":"Portada","item":"https:\/\/zeromagazine.mx\/"},{"@type":"ListItem","position":2,"name":"\u00a1VidCon M\u00e9xico Vuelve Con Su Tercera Edici\u00f3n!"}]},{"@type":"WebSite","@id":"https:\/\/zeromagazine.mx\/#website","url":"https:\/\/zeromagazine.mx\/","name":"Zero Magazine","description":"","publisher":{"@id":"https:\/\/zeromagazine.mx\/#organization"},"potentialAction":[{"@type":"SearchAction","target":{"@type":"EntryPoint","urlTemplate":"https:\/\/zeromagazine.mx\/?s={search_term_string}"},"query-input":{"@type":"PropertyValueSpecification","valueRequired":true,"valueName":"search_term_string"}}],"inLanguage":"es"},{"@type":"Organization","@id":"https:\/\/zeromagazine.mx\/#organization","name":"Zero Magazine","url":"https:\/\/zeromagazine.mx\/","logo":{"@type":"ImageObject","inLanguage":"es","@id":"https:\/\/zeromagazine.mx\/#\/schema\/logo\/image\/","url":"https:\/\/i0.wp.com\/zeromagazine.mx\/wp-content\/uploads\/2025\/11\/1.jpeg?fit=1000%2C1000&ssl=1","contentUrl":"https:\/\/i0.wp.com\/zeromagazine.mx\/wp-content\/uploads\/2025\/11\/1.jpeg?fit=1000%2C1000&ssl=1","width":1000,"height":1000,"caption":"Zero Magazine"},"image":{"@id":"https:\/\/zeromagazine.mx\/#\/schema\/logo\/image\/"},"sameAs":["https:\/\/instagram.com\/zeromagazinemx"]},{"@type":"Person","@id":"https:\/\/zeromagazine.mx\/#\/schema\/person\/9aed9f33a7c39af3a348b86d723f7773","name":"zeromagazinemx","image":{"@type":"ImageObject","inLanguage":"es","@id":"https:\/\/zeromagazine.mx\/wp-content\/litespeed\/avatar\/f91dfe5410d5dcb1a576bf8c45983896.jpg?ver=1777571230","url":"https:\/\/zeromagazine.mx\/wp-content\/litespeed\/avatar\/f91dfe5410d5dcb1a576bf8c45983896.jpg?ver=1777571230","contentUrl":"https:\/\/zeromagazine.mx\/wp-content\/litespeed\/avatar\/f91dfe5410d5dcb1a576bf8c45983896.jpg?ver=1777571230","caption":"zeromagazinemx"},"url":"https:\/\/zeromagazine.mx\/index.php\/author\/zeromagazinemx\/"}]}},"jetpack_publicize_connections":[],"jetpack_featured_media_url":"https:\/\/i0.wp.com\/zeromagazine.mx\/wp-content\/uploads\/2024\/02\/Portada-Blog-4.png?fit=1300%2C1000&ssl=1","jetpack-related-posts":[{"id":71551,"url":"https:\/\/zeromagazine.mx\/index.php\/2024\/03\/07\/descubre-a-los-primeros-5-headliners-de-vidcon-mexico-en-su-tercera-edicion\/","url_meta":{"origin":70830,"position":0},"title":"Descubre a los primeros 5 Headliners de VidCon M\u00e9xico en su tercera edici\u00f3n","author":"zeromagazinemx","date":"7 de marzo de 2024","format":false,"excerpt":"\u00a1VidCon est\u00e1 de regreso en M\u00e9xico y viene con todo! La tercera edici\u00f3n de este \u00e9pico evento est\u00e1 lista para sacudir la Ciudad de M\u00e9xico del 9 al 11 de agosto. VidCon es el lugar donde todos los influencers m\u00e1s top se re\u00fanen para compartir experiencias y momentos inolvidables con\u2026","rel":"","context":"En \u00abEntretenimiento\u00bb","block_context":{"text":"Entretenimiento","link":"https:\/\/zeromagazine.mx\/index.php\/category\/entretenimiento\/"},"img":{"alt_text":"","src":"https:\/\/i0.wp.com\/zeromagazine.mx\/wp-content\/uploads\/2024\/03\/Headliners-4x5-1.png?fit=960%2C1200&ssl=1&resize=350%2C200","width":350,"height":200,"srcset":"https:\/\/i0.wp.com\/zeromagazine.mx\/wp-content\/uploads\/2024\/03\/Headliners-4x5-1.png?fit=960%2C1200&ssl=1&resize=350%2C200 1x, https:\/\/i0.wp.com\/zeromagazine.mx\/wp-content\/uploads\/2024\/03\/Headliners-4x5-1.png?fit=960%2C1200&ssl=1&resize=525%2C300 1.5x, https:\/\/i0.wp.com\/zeromagazine.mx\/wp-content\/uploads\/2024\/03\/Headliners-4x5-1.png?fit=960%2C1200&ssl=1&resize=700%2C400 2x"},"classes":[]},{"id":78784,"url":"https:\/\/zeromagazine.mx\/index.php\/2024\/06\/19\/descubre-vidcon-mexico-2024\/","url_meta":{"origin":70830,"position":1},"title":"Descubre VidCon M\u00e9xico 2024","author":"zeromagazinemx","date":"19 de junio de 2024","format":false,"excerpt":"\u00a1Las actividades que no te puedes perder en VidCon M\u00e9xico 2024! \u00a1La tercera edici\u00f3n de VidCon M\u00e9xico presenta los momentos imperdibles para lo que resta del verano! VidCon M\u00e9xico 2024 contar\u00e1 con m\u00e1s de 100 sesiones que incluyen paneles, presentaciones en vivo, ponencias, talleres, meet & greets y \u00a1mucho m\u00e1s!,\u2026","rel":"","context":"En \u00abEntretenimiento\u00bb","block_context":{"text":"Entretenimiento","link":"https:\/\/zeromagazine.mx\/index.php\/category\/entretenimiento\/"},"img":{"alt_text":"","src":"https:\/\/i0.wp.com\/zeromagazine.mx\/wp-content\/uploads\/2024\/06\/unnamed-66.png?fit=1200%2C1195&ssl=1&resize=350%2C200","width":350,"height":200,"srcset":"https:\/\/i0.wp.com\/zeromagazine.mx\/wp-content\/uploads\/2024\/06\/unnamed-66.png?fit=1200%2C1195&ssl=1&resize=350%2C200 1x, https:\/\/i0.wp.com\/zeromagazine.mx\/wp-content\/uploads\/2024\/06\/unnamed-66.png?fit=1200%2C1195&ssl=1&resize=525%2C300 1.5x, https:\/\/i0.wp.com\/zeromagazine.mx\/wp-content\/uploads\/2024\/06\/unnamed-66.png?fit=1200%2C1195&ssl=1&resize=700%2C400 2x, https:\/\/i0.wp.com\/zeromagazine.mx\/wp-content\/uploads\/2024\/06\/unnamed-66.png?fit=1200%2C1195&ssl=1&resize=1050%2C600 3x"},"classes":[]},{"id":78715,"url":"https:\/\/zeromagazine.mx\/index.php\/2024\/06\/18\/rivers-regresa-para-la-tercera-edicion-de-vidcon-mexico\/","url_meta":{"origin":70830,"position":2},"title":"Rivers Regresa para la Tercera Edici\u00f3n de VidCon M\u00e9xico","author":"zeromagazinemx","date":"18 de junio de 2024","format":false,"excerpt":"\u00bfListxs para la mejor edici\u00f3n de VidCon M\u00e9xico hasta ahora? Del 9 al 11 de agosto, el Centro Citibanamex ser\u00e1 el epicentro de todo lo que amamos: paneles incre\u00edbles, din\u00e1micas chidas y experiencias \u00fanicas. Este a\u00f1o, la estrella de Twitch, Rivers, ser\u00e1 una de las headliners, \u00a1y no podr\u00edamos estar\u2026","rel":"","context":"En \u00abEntretenimiento\u00bb","block_context":{"text":"Entretenimiento","link":"https:\/\/zeromagazine.mx\/index.php\/category\/entretenimiento\/"},"img":{"alt_text":"","src":"https:\/\/i0.wp.com\/zeromagazine.mx\/wp-content\/uploads\/2024\/06\/image00001-6-e1718745759255.jpeg?fit=988%2C747&ssl=1&resize=350%2C200","width":350,"height":200,"srcset":"https:\/\/i0.wp.com\/zeromagazine.mx\/wp-content\/uploads\/2024\/06\/image00001-6-e1718745759255.jpeg?fit=988%2C747&ssl=1&resize=350%2C200 1x, https:\/\/i0.wp.com\/zeromagazine.mx\/wp-content\/uploads\/2024\/06\/image00001-6-e1718745759255.jpeg?fit=988%2C747&ssl=1&resize=525%2C300 1.5x, https:\/\/i0.wp.com\/zeromagazine.mx\/wp-content\/uploads\/2024\/06\/image00001-6-e1718745759255.jpeg?fit=988%2C747&ssl=1&resize=700%2C400 2x"},"classes":[]},{"id":76810,"url":"https:\/\/zeromagazine.mx\/index.php\/2024\/05\/30\/el-track-de-industria-de-vidcon-mexico-definira-el-futuro-de-los-medios-digitales\/","url_meta":{"origin":70830,"position":3},"title":"\u00a1El Track de Industria de VidCon M\u00e9xico definir\u00e1 el futuro de los medios digitales!","author":"David Morales","date":"30 de mayo de 2024","format":false,"excerpt":"\u00bfListxs para la mejor noticia del a\u00f1o? VidCon M\u00e9xico vuelve con todo para su tercera edici\u00f3n, y este a\u00f1o se viene con todo lo que nosotrxs, amantes de la cultura digital, necesitamos. Del 9 al 11 de agosto, el Centro Citibanamex ser\u00e1 el epicentro de todo lo que est\u00e1 cool\u2026","rel":"","context":"En \u00abBlog\u00bb","block_context":{"text":"Blog","link":"https:\/\/zeromagazine.mx\/index.php\/category\/blog\/"},"img":{"alt_text":"","src":"https:\/\/i0.wp.com\/zeromagazine.mx\/wp-content\/uploads\/2024\/05\/unnamed-1.png?fit=592%2C210&ssl=1&resize=350%2C200","width":350,"height":200,"srcset":"https:\/\/i0.wp.com\/zeromagazine.mx\/wp-content\/uploads\/2024\/05\/unnamed-1.png?fit=592%2C210&ssl=1&resize=350%2C200 1x, https:\/\/i0.wp.com\/zeromagazine.mx\/wp-content\/uploads\/2024\/05\/unnamed-1.png?fit=592%2C210&ssl=1&resize=525%2C300 1.5x"},"classes":[]},{"id":80302,"url":"https:\/\/zeromagazine.mx\/index.php\/2024\/07\/12\/vive-la-emocion-de-vidcon-mexico-con-cd9\/","url_meta":{"origin":70830,"position":4},"title":"\u00a1Vive la Emoci\u00f3n de VidCon M\u00e9xico con CD9!","author":"zeromagazinemx","date":"12 de julio de 2024","format":false,"excerpt":"Prep\u00e1rense porque ya casi llega la tercera edici\u00f3n de VidCon M\u00e9xico y las sorpresas no paran. Este a\u00f1o, CD9 est\u00e1 entre lxs headliners y no podemos estar m\u00e1s emocionadxs. El evento se va a armar en el Centro Citibanamex del 9 al 11 de agosto, y ya sabemos que va\u2026","rel":"","context":"En \u00abEntretenimiento\u00bb","block_context":{"text":"Entretenimiento","link":"https:\/\/zeromagazine.mx\/index.php\/category\/entretenimiento\/"},"img":{"alt_text":"","src":"https:\/\/i0.wp.com\/zeromagazine.mx\/wp-content\/uploads\/2024\/07\/VC_JUN_CreadoresHL_CD9_4X5-1.png?fit=960%2C1200&ssl=1&resize=350%2C200","width":350,"height":200,"srcset":"https:\/\/i0.wp.com\/zeromagazine.mx\/wp-content\/uploads\/2024\/07\/VC_JUN_CreadoresHL_CD9_4X5-1.png?fit=960%2C1200&ssl=1&resize=350%2C200 1x, https:\/\/i0.wp.com\/zeromagazine.mx\/wp-content\/uploads\/2024\/07\/VC_JUN_CreadoresHL_CD9_4X5-1.png?fit=960%2C1200&ssl=1&resize=525%2C300 1.5x, https:\/\/i0.wp.com\/zeromagazine.mx\/wp-content\/uploads\/2024\/07\/VC_JUN_CreadoresHL_CD9_4X5-1.png?fit=960%2C1200&ssl=1&resize=700%2C400 2x"},"classes":[]},{"id":76303,"url":"https:\/\/zeromagazine.mx\/index.php\/2024\/05\/21\/ricky-limon-se-une-al-cartel-de-vidcon-mexico-2024\/","url_meta":{"origin":70830,"position":5},"title":"\u00a1Ricky Lim\u00f3n se une al cartel de VidCon M\u00e9xico 2024!","author":"zeromagazinemx","date":"21 de mayo de 2024","format":false,"excerpt":"\u00a1Ricky Lim\u00f3n se une al cartel de headliners de VidCon M\u00e9xico 2024! S\u00ed, as\u00ed como lo leen, el creador de contenido m\u00e1s fresco del momento ser\u00e1 parte del evento que nos hace vibrar con la cultura digital. Y eso no es todo, porque en esta edici\u00f3n se suma al poderoso\u2026","rel":"","context":"En \u00abEntretenimiento\u00bb","block_context":{"text":"Entretenimiento","link":"https:\/\/zeromagazine.mx\/index.php\/category\/entretenimiento\/"},"img":{"alt_text":"","src":"https:\/\/i0.wp.com\/zeromagazine.mx\/wp-content\/uploads\/2024\/05\/unnamed-53.png?fit=424%2C516&ssl=1&resize=350%2C200","width":350,"height":200},"classes":[]}],"jetpack_sharing_enabled":true,"builder_content":"","_links":{"self":[{"href":"https:\/\/zeromagazine.mx\/index.php\/wp-json\/wp\/v2\/posts\/70830","targetHints":{"allow":["GET"]}}],"collection":[{"href":"https:\/\/zeromagazine.mx\/index.php\/wp-json\/wp\/v2\/posts"}],"about":[{"href":"https:\/\/zeromagazine.mx\/index.php\/wp-json\/wp\/v2\/types\/post"}],"author":[{"embeddable":true,"href":"https:\/\/zeromagazine.mx\/index.php\/wp-json\/wp\/v2\/users\/2"}],"replies":[{"embeddable":true,"href":"https:\/\/zeromagazine.mx\/index.php\/wp-json\/wp\/v2\/comments?post=70830"}],"version-history":[{"count":6,"href":"https:\/\/zeromagazine.mx\/index.php\/wp-json\/wp\/v2\/posts\/70830\/revisions"}],"predecessor-version":[{"id":70859,"href":"https:\/\/zeromagazine.mx\/index.php\/wp-json\/wp\/v2\/posts\/70830\/revisions\/70859"}],"wp:featuredmedia":[{"embeddable":true,"href":"https:\/\/zeromagazine.mx\/index.php\/wp-json\/wp\/v2\/media\/70847"}],"wp:attachment":[{"href":"https:\/\/zeromagazine.mx\/index.php\/wp-json\/wp\/v2\/media?parent=70830"}],"wp:term":[{"taxonomy":"category","embeddable":true,"href":"https:\/\/zeromagazine.mx\/index.php\/wp-json\/wp\/v2\/categories?post=70830"},{"taxonomy":"post_tag","embeddable":true,"href":"https:\/\/zeromagazine.mx\/index.php\/wp-json\/wp\/v2\/tags?post=70830"}],"curies":[{"name":"wp","href":"https:\/\/api.w.org\/{rel}","templated":true}]}}