{"id":71127,"date":"2024-02-22T01:00:00","date_gmt":"2024-02-22T00:00:00","guid":{"rendered":"https:\/\/zeromagazine.mx\/?p=71127"},"modified":"2024-02-21T22:43:47","modified_gmt":"2024-02-21T21:43:47","slug":"cfilma-desvela-su-anuario-estadistico-2023-mientras-que-amfi-saca-a-la-luz-la-certificacion-ica","status":"publish","type":"post","link":"https:\/\/zeromagazine.mx\/index.php\/2024\/02\/22\/cfilma-desvela-su-anuario-estadistico-2023-mientras-que-amfi-saca-a-la-luz-la-certificacion-ica\/","title":{"rendered":"CFILMA desvela su Anuario Estad\u00edstico 2023 mientras que AMFI saca a la luz la Certificaci\u00f3n ICA"},"content":{"rendered":"<p>Tenemos que hablar sobre las \u00faltimas noticias del mundo audiovisual. La onda es que CFILMA acaba de lanzar su Anuario Estad\u00edstico 2023, titulado \u201cCapital Audiovisual de Latinoam\u00e9rica\u201d, y la AMFI est\u00e1 lanzando la Certificaci\u00f3n ICA. Te cuento m\u00e1s detalles sobre lo que rol\u00f3 en este s\u00faper evento.<\/p>\n\n\n\n<script async src=\"https:\/\/pagead2.googlesyndication.com\/pagead\/js\/adsbygoogle.js?client=ca-pub-5499304793904745\"\n     crossorigin=\"anonymous\"><\/script>\n<ins class=\"adsbygoogle\"\n     style=\"display:block; text-align:center;\"\n     data-ad-layout=\"in-article\"\n     data-ad-format=\"fluid\"\n     data-ad-client=\"ca-pub-5499304793904745\"\n     data-ad-slot=\"5994863093\"><\/ins>\n<script>\n     (adsbygoogle = window.adsbygoogle || []).push({});\n<\/script>\n\n\n\n<p>\u00a1Hablando del Anuario, la movida estuvo repleta de cifras y datos que nos dejaron alucinando! Seg\u00fan las estad\u00edsticas, la inversi\u00f3n en producci\u00f3n audiovisual en la CDMX alcanz\u00f3 la impresionante cifra de $10,341,350,000.00 pesos durante el 2023. En el evento hab\u00eda representantes de CFILMA, CANACINE, AMFI, MPA, AMACC, televisoras, Amazon, Netflix, y un mont\u00f3n m\u00e1s. \u00a1Imag\u00ednate la de conexiones que se hicieron en ese lugar!<\/p>\n\n\n\n<div class=\"wp-block-columns is-layout-flex wp-container-core-columns-is-layout-9d6595d7 wp-block-columns-is-layout-flex\">\n<div class=\"wp-block-column is-layout-flow wp-block-column-is-layout-flow\">\n<figure class=\"wp-block-image size-full\"><img data-recalc-dims=\"1\" decoding=\"async\" width=\"640\" height=\"427\" src=\"https:\/\/i0.wp.com\/zeromagazine.mx\/wp-content\/uploads\/2024\/02\/Luis-Garcia-Director-Ejecutivo-de-la-AMFI.jpeg?resize=640%2C427&#038;ssl=1\" alt=\"\" class=\"wp-image-71128\" srcset=\"https:\/\/i0.wp.com\/zeromagazine.mx\/wp-content\/uploads\/2024\/02\/Luis-Garcia-Director-Ejecutivo-de-la-AMFI.jpeg?w=640&amp;ssl=1 640w, https:\/\/i0.wp.com\/zeromagazine.mx\/wp-content\/uploads\/2024\/02\/Luis-Garcia-Director-Ejecutivo-de-la-AMFI.jpeg?resize=300%2C200&amp;ssl=1 300w\" sizes=\"(max-width: 640px) 100vw, 640px\" \/><\/figure>\n<\/div>\n\n\n\n<div class=\"wp-block-column is-layout-flow wp-block-column-is-layout-flow\">\n<figure class=\"wp-block-image size-full\"><img data-recalc-dims=\"1\" decoding=\"async\" width=\"640\" height=\"427\" src=\"https:\/\/i0.wp.com\/zeromagazine.mx\/wp-content\/uploads\/2024\/02\/Primeros-Certificados-ICA.jpeg?resize=640%2C427&#038;ssl=1\" alt=\"\" class=\"wp-image-71130\" srcset=\"https:\/\/i0.wp.com\/zeromagazine.mx\/wp-content\/uploads\/2024\/02\/Primeros-Certificados-ICA.jpeg?w=640&amp;ssl=1 640w, https:\/\/i0.wp.com\/zeromagazine.mx\/wp-content\/uploads\/2024\/02\/Primeros-Certificados-ICA.jpeg?resize=300%2C200&amp;ssl=1 300w\" sizes=\"(max-width: 640px) 100vw, 640px\" \/><\/figure>\n<\/div>\n<\/div>\n\n\n\n<p><\/p>\n\n\n\n<p>Bien, lo m\u00e1s emocionante fue el anuncio de la Certificaci\u00f3n ICA. \u00a1Esto va a revolucionar la manera en que se hacen las cosas en la industria audiovisual! La movida es que esta certificaci\u00f3n busca garantizar que las empresas de producci\u00f3n sigan buenas pr\u00e1cticas. Ya hay unas cuantas empresas, como Habitant Group, Landia, y Mango Films, que se est\u00e1n lanzando a certificarse. <\/p>\n\n\n\n<script async src=\"https:\/\/pagead2.googlesyndication.com\/pagead\/js\/adsbygoogle.js?client=ca-pub-5499304793904745\"\n     crossorigin=\"anonymous\"><\/script>\n<ins class=\"adsbygoogle\"\n     style=\"display:block; text-align:center;\"\n     data-ad-layout=\"in-article\"\n     data-ad-format=\"fluid\"\n     data-ad-client=\"ca-pub-5499304793904745\"\n     data-ad-slot=\"5994863093\"><\/ins>\n<script>\n     (adsbygoogle = window.adsbygoogle || []).push({});\n<\/script>\n\n\n\n<p>La presentaci\u00f3n del Anuario Estad\u00edstico 2023 y el anuncio de la Certificaci\u00f3n ICA marcaron un hito en la escena audiovisual de la CDMX. Con cifras que nos dejan boquiabiertos y un compromiso firme con la calidad y las buenas pr\u00e1cticas, estamos en camino a un futuro brillante y lleno de oportunidades en nuestra querida ciudad. \u00a1Estemos pendientes de todo lo que viene!<\/p>\n\n\n\n<script async src=\"https:\/\/pagead2.googlesyndication.com\/pagead\/js\/adsbygoogle.js?client=ca-pub-5499304793904745\"\n     crossorigin=\"anonymous\"><\/script>\n<ins class=\"adsbygoogle\"\n     style=\"display:block; text-align:center;\"\n     data-ad-layout=\"in-article\"\n     data-ad-format=\"fluid\"\n     data-ad-client=\"ca-pub-5499304793904745\"\n     data-ad-slot=\"5994863093\"><\/ins>\n<script>\n     (adsbygoogle = window.adsbygoogle || []).push({});\n<\/script>\n\n<!--themify_builder_content-->\n<div id=\"themify_builder_content-71127\" data-postid=\"71127\" class=\"themify_builder_content themify_builder_content-71127 themify_builder tf_clear\">\n    <\/div>\n<!--\/themify_builder_content-->","protected":false},"excerpt":{"rendered":"<p>Tenemos que hablar sobre las \u00faltimas noticias del mundo audiovisual. La onda es que CFILMA acaba de lanzar su Anuario Estad\u00edstico 2023, titulado \u201cCapital Audiovisual de Latinoam\u00e9rica\u201d, y la AMFI est\u00e1 lanzando la Certificaci\u00f3n ICA. Te cuento m\u00e1s detalles sobre lo que rol\u00f3 en este s\u00faper evento. \u00a1Hablando del Anuario, la movida estuvo repleta de [&hellip;]<\/p>\n","protected":false},"author":2,"featured_media":71129,"comment_status":"open","ping_status":"open","sticky":false,"template":"","format":"standard","meta":{"_jetpack_memberships_contains_paid_content":false,"footnotes":"","jetpack_publicize_message":"","jetpack_publicize_feature_enabled":true,"jetpack_social_post_already_shared":false,"jetpack_social_options":{"image_generator_settings":{"template":"highway","default_image_id":0,"font":"","enabled":false},"version":2}},"categories":[1,791],"tags":[7068,7069,1598,7066,7067],"class_list":["post-71127","post","type-post","status-publish","format-standard","has-post-thumbnail","hentry","category-blog","category-cultura","tag-amfi","tag-audiovisual","tag-cdmx","tag-cfilma","tag-ica","has-post-title","has-post-date","has-post-category","has-post-tag","has-post-comment","has-post-author",""],"yoast_head":"<!-- This site is optimized with the Yoast SEO plugin v27.5 - https:\/\/yoast.com\/product\/yoast-seo-wordpress\/ -->\n<title>CFILMA desvela su Anuario Estad\u00edstico 2023 mientras que AMFI saca a la luz la Certificaci\u00f3n ICA - Zero Magazine<\/title>\n<meta name=\"robots\" content=\"index, follow, max-snippet:-1, max-image-preview:large, max-video-preview:-1\" \/>\n<link rel=\"canonical\" href=\"https:\/\/zeromagazine.mx\/index.php\/2024\/02\/22\/cfilma-desvela-su-anuario-estadistico-2023-mientras-que-amfi-saca-a-la-luz-la-certificacion-ica\/\" \/>\n<meta property=\"og:locale\" content=\"es_ES\" \/>\n<meta property=\"og:type\" content=\"article\" \/>\n<meta property=\"og:title\" content=\"CFILMA desvela su Anuario Estad\u00edstico 2023 mientras que AMFI saca a la luz la Certificaci\u00f3n ICA - Zero Magazine\" \/>\n<meta property=\"og:description\" content=\"Tenemos que hablar sobre las \u00faltimas noticias del mundo audiovisual. La onda es que CFILMA acaba de lanzar su Anuario Estad\u00edstico 2023, titulado \u201cCapital Audiovisual de Latinoam\u00e9rica\u201d, y la AMFI est\u00e1 lanzando la Certificaci\u00f3n ICA. Te cuento m\u00e1s detalles sobre lo que rol\u00f3 en este s\u00faper evento. \u00a1Hablando del Anuario, la movida estuvo repleta de [&hellip;]\" \/>\n<meta property=\"og:url\" content=\"https:\/\/zeromagazine.mx\/index.php\/2024\/02\/22\/cfilma-desvela-su-anuario-estadistico-2023-mientras-que-amfi-saca-a-la-luz-la-certificacion-ica\/\" \/>\n<meta property=\"og:site_name\" content=\"Zero Magazine\" \/>\n<meta property=\"article:published_time\" content=\"2024-02-22T00:00:00+00:00\" \/>\n<meta property=\"og:image\" content=\"https:\/\/i0.wp.com\/zeromagazine.mx\/wp-content\/uploads\/2024\/02\/Luis-Garcia-Director-Ejecutivo-de-la-AMFI-presentando-Certificado-ICA.jpeg?fit=640%2C375&ssl=1\" \/>\n\t<meta property=\"og:image:width\" content=\"640\" \/>\n\t<meta property=\"og:image:height\" content=\"375\" \/>\n\t<meta property=\"og:image:type\" content=\"image\/jpeg\" \/>\n<meta name=\"author\" content=\"zeromagazinemx\" \/>\n<meta name=\"twitter:card\" content=\"summary_large_image\" \/>\n<meta name=\"twitter:label1\" content=\"Escrito por\" \/>\n\t<meta name=\"twitter:data1\" content=\"zeromagazinemx\" \/>\n\t<meta name=\"twitter:label2\" content=\"Tiempo de lectura\" \/>\n\t<meta name=\"twitter:data2\" content=\"1 minuto\" \/>\n<script type=\"application\/ld+json\" class=\"yoast-schema-graph\">{\"@context\":\"https:\\\/\\\/schema.org\",\"@graph\":[{\"@type\":\"Article\",\"@id\":\"https:\\\/\\\/zeromagazine.mx\\\/index.php\\\/2024\\\/02\\\/22\\\/cfilma-desvela-su-anuario-estadistico-2023-mientras-que-amfi-saca-a-la-luz-la-certificacion-ica\\\/#article\",\"isPartOf\":{\"@id\":\"https:\\\/\\\/zeromagazine.mx\\\/index.php\\\/2024\\\/02\\\/22\\\/cfilma-desvela-su-anuario-estadistico-2023-mientras-que-amfi-saca-a-la-luz-la-certificacion-ica\\\/\"},\"author\":{\"name\":\"zeromagazinemx\",\"@id\":\"https:\\\/\\\/zeromagazine.mx\\\/#\\\/schema\\\/person\\\/9aed9f33a7c39af3a348b86d723f7773\"},\"headline\":\"CFILMA desvela su Anuario Estad\u00edstico 2023 mientras que AMFI saca a la luz la Certificaci\u00f3n ICA\",\"datePublished\":\"2024-02-22T00:00:00+00:00\",\"mainEntityOfPage\":{\"@id\":\"https:\\\/\\\/zeromagazine.mx\\\/index.php\\\/2024\\\/02\\\/22\\\/cfilma-desvela-su-anuario-estadistico-2023-mientras-que-amfi-saca-a-la-luz-la-certificacion-ica\\\/\"},\"wordCount\":270,\"commentCount\":0,\"publisher\":{\"@id\":\"https:\\\/\\\/zeromagazine.mx\\\/#organization\"},\"image\":{\"@id\":\"https:\\\/\\\/zeromagazine.mx\\\/index.php\\\/2024\\\/02\\\/22\\\/cfilma-desvela-su-anuario-estadistico-2023-mientras-que-amfi-saca-a-la-luz-la-certificacion-ica\\\/#primaryimage\"},\"thumbnailUrl\":\"https:\\\/\\\/i0.wp.com\\\/zeromagazine.mx\\\/wp-content\\\/uploads\\\/2024\\\/02\\\/Luis-Garcia-Director-Ejecutivo-de-la-AMFI-presentando-Certificado-ICA.jpeg?fit=640%2C375&ssl=1\",\"keywords\":[\"AMFI\",\"Audiovisual\",\"CDMX\",\"CFILMA\",\"ICA\"],\"articleSection\":[\"Blog\",\"Cultura\"],\"inLanguage\":\"es\",\"potentialAction\":[{\"@type\":\"CommentAction\",\"name\":\"Comment\",\"target\":[\"https:\\\/\\\/zeromagazine.mx\\\/index.php\\\/2024\\\/02\\\/22\\\/cfilma-desvela-su-anuario-estadistico-2023-mientras-que-amfi-saca-a-la-luz-la-certificacion-ica\\\/#respond\"]}]},{\"@type\":\"WebPage\",\"@id\":\"https:\\\/\\\/zeromagazine.mx\\\/index.php\\\/2024\\\/02\\\/22\\\/cfilma-desvela-su-anuario-estadistico-2023-mientras-que-amfi-saca-a-la-luz-la-certificacion-ica\\\/\",\"url\":\"https:\\\/\\\/zeromagazine.mx\\\/index.php\\\/2024\\\/02\\\/22\\\/cfilma-desvela-su-anuario-estadistico-2023-mientras-que-amfi-saca-a-la-luz-la-certificacion-ica\\\/\",\"name\":\"CFILMA desvela su Anuario Estad\u00edstico 2023 mientras que AMFI saca a la luz la Certificaci\u00f3n ICA - Zero Magazine\",\"isPartOf\":{\"@id\":\"https:\\\/\\\/zeromagazine.mx\\\/#website\"},\"primaryImageOfPage\":{\"@id\":\"https:\\\/\\\/zeromagazine.mx\\\/index.php\\\/2024\\\/02\\\/22\\\/cfilma-desvela-su-anuario-estadistico-2023-mientras-que-amfi-saca-a-la-luz-la-certificacion-ica\\\/#primaryimage\"},\"image\":{\"@id\":\"https:\\\/\\\/zeromagazine.mx\\\/index.php\\\/2024\\\/02\\\/22\\\/cfilma-desvela-su-anuario-estadistico-2023-mientras-que-amfi-saca-a-la-luz-la-certificacion-ica\\\/#primaryimage\"},\"thumbnailUrl\":\"https:\\\/\\\/i0.wp.com\\\/zeromagazine.mx\\\/wp-content\\\/uploads\\\/2024\\\/02\\\/Luis-Garcia-Director-Ejecutivo-de-la-AMFI-presentando-Certificado-ICA.jpeg?fit=640%2C375&ssl=1\",\"datePublished\":\"2024-02-22T00:00:00+00:00\",\"breadcrumb\":{\"@id\":\"https:\\\/\\\/zeromagazine.mx\\\/index.php\\\/2024\\\/02\\\/22\\\/cfilma-desvela-su-anuario-estadistico-2023-mientras-que-amfi-saca-a-la-luz-la-certificacion-ica\\\/#breadcrumb\"},\"inLanguage\":\"es\",\"potentialAction\":[{\"@type\":\"ReadAction\",\"target\":[\"https:\\\/\\\/zeromagazine.mx\\\/index.php\\\/2024\\\/02\\\/22\\\/cfilma-desvela-su-anuario-estadistico-2023-mientras-que-amfi-saca-a-la-luz-la-certificacion-ica\\\/\"]}]},{\"@type\":\"ImageObject\",\"inLanguage\":\"es\",\"@id\":\"https:\\\/\\\/zeromagazine.mx\\\/index.php\\\/2024\\\/02\\\/22\\\/cfilma-desvela-su-anuario-estadistico-2023-mientras-que-amfi-saca-a-la-luz-la-certificacion-ica\\\/#primaryimage\",\"url\":\"https:\\\/\\\/i0.wp.com\\\/zeromagazine.mx\\\/wp-content\\\/uploads\\\/2024\\\/02\\\/Luis-Garcia-Director-Ejecutivo-de-la-AMFI-presentando-Certificado-ICA.jpeg?fit=640%2C375&ssl=1\",\"contentUrl\":\"https:\\\/\\\/i0.wp.com\\\/zeromagazine.mx\\\/wp-content\\\/uploads\\\/2024\\\/02\\\/Luis-Garcia-Director-Ejecutivo-de-la-AMFI-presentando-Certificado-ICA.jpeg?fit=640%2C375&ssl=1\",\"width\":640,\"height\":375},{\"@type\":\"BreadcrumbList\",\"@id\":\"https:\\\/\\\/zeromagazine.mx\\\/index.php\\\/2024\\\/02\\\/22\\\/cfilma-desvela-su-anuario-estadistico-2023-mientras-que-amfi-saca-a-la-luz-la-certificacion-ica\\\/#breadcrumb\",\"itemListElement\":[{\"@type\":\"ListItem\",\"position\":1,\"name\":\"Portada\",\"item\":\"https:\\\/\\\/zeromagazine.mx\\\/\"},{\"@type\":\"ListItem\",\"position\":2,\"name\":\"CFILMA desvela su Anuario Estad\u00edstico 2023 mientras que AMFI saca a la luz la Certificaci\u00f3n ICA\"}]},{\"@type\":\"WebSite\",\"@id\":\"https:\\\/\\\/zeromagazine.mx\\\/#website\",\"url\":\"https:\\\/\\\/zeromagazine.mx\\\/\",\"name\":\"Zero Magazine\",\"description\":\"\",\"publisher\":{\"@id\":\"https:\\\/\\\/zeromagazine.mx\\\/#organization\"},\"potentialAction\":[{\"@type\":\"SearchAction\",\"target\":{\"@type\":\"EntryPoint\",\"urlTemplate\":\"https:\\\/\\\/zeromagazine.mx\\\/?s={search_term_string}\"},\"query-input\":{\"@type\":\"PropertyValueSpecification\",\"valueRequired\":true,\"valueName\":\"search_term_string\"}}],\"inLanguage\":\"es\"},{\"@type\":\"Organization\",\"@id\":\"https:\\\/\\\/zeromagazine.mx\\\/#organization\",\"name\":\"Zero Magazine\",\"url\":\"https:\\\/\\\/zeromagazine.mx\\\/\",\"logo\":{\"@type\":\"ImageObject\",\"inLanguage\":\"es\",\"@id\":\"https:\\\/\\\/zeromagazine.mx\\\/#\\\/schema\\\/logo\\\/image\\\/\",\"url\":\"https:\\\/\\\/i0.wp.com\\\/zeromagazine.mx\\\/wp-content\\\/uploads\\\/2025\\\/11\\\/1.jpeg?fit=1000%2C1000&ssl=1\",\"contentUrl\":\"https:\\\/\\\/i0.wp.com\\\/zeromagazine.mx\\\/wp-content\\\/uploads\\\/2025\\\/11\\\/1.jpeg?fit=1000%2C1000&ssl=1\",\"width\":1000,\"height\":1000,\"caption\":\"Zero Magazine\"},\"image\":{\"@id\":\"https:\\\/\\\/zeromagazine.mx\\\/#\\\/schema\\\/logo\\\/image\\\/\"},\"sameAs\":[\"https:\\\/\\\/instagram.com\\\/zeromagazinemx\"]},{\"@type\":\"Person\",\"@id\":\"https:\\\/\\\/zeromagazine.mx\\\/#\\\/schema\\\/person\\\/9aed9f33a7c39af3a348b86d723f7773\",\"name\":\"zeromagazinemx\",\"image\":{\"@type\":\"ImageObject\",\"inLanguage\":\"es\",\"@id\":\"https:\\\/\\\/zeromagazine.mx\\\/wp-content\\\/litespeed\\\/avatar\\\/f91dfe5410d5dcb1a576bf8c45983896.jpg?ver=1777571230\",\"url\":\"https:\\\/\\\/zeromagazine.mx\\\/wp-content\\\/litespeed\\\/avatar\\\/f91dfe5410d5dcb1a576bf8c45983896.jpg?ver=1777571230\",\"contentUrl\":\"https:\\\/\\\/zeromagazine.mx\\\/wp-content\\\/litespeed\\\/avatar\\\/f91dfe5410d5dcb1a576bf8c45983896.jpg?ver=1777571230\",\"caption\":\"zeromagazinemx\"},\"url\":\"https:\\\/\\\/zeromagazine.mx\\\/index.php\\\/author\\\/zeromagazinemx\\\/\"}]}<\/script>\n<!-- \/ Yoast SEO plugin. -->","yoast_head_json":{"title":"CFILMA desvela su Anuario Estad\u00edstico 2023 mientras que AMFI saca a la luz la Certificaci\u00f3n ICA - Zero Magazine","robots":{"index":"index","follow":"follow","max-snippet":"max-snippet:-1","max-image-preview":"max-image-preview:large","max-video-preview":"max-video-preview:-1"},"canonical":"https:\/\/zeromagazine.mx\/index.php\/2024\/02\/22\/cfilma-desvela-su-anuario-estadistico-2023-mientras-que-amfi-saca-a-la-luz-la-certificacion-ica\/","og_locale":"es_ES","og_type":"article","og_title":"CFILMA desvela su Anuario Estad\u00edstico 2023 mientras que AMFI saca a la luz la Certificaci\u00f3n ICA - Zero Magazine","og_description":"Tenemos que hablar sobre las \u00faltimas noticias del mundo audiovisual. La onda es que CFILMA acaba de lanzar su Anuario Estad\u00edstico 2023, titulado \u201cCapital Audiovisual de Latinoam\u00e9rica\u201d, y la AMFI est\u00e1 lanzando la Certificaci\u00f3n ICA. Te cuento m\u00e1s detalles sobre lo que rol\u00f3 en este s\u00faper evento. \u00a1Hablando del Anuario, la movida estuvo repleta de [&hellip;]","og_url":"https:\/\/zeromagazine.mx\/index.php\/2024\/02\/22\/cfilma-desvela-su-anuario-estadistico-2023-mientras-que-amfi-saca-a-la-luz-la-certificacion-ica\/","og_site_name":"Zero Magazine","article_published_time":"2024-02-22T00:00:00+00:00","og_image":[{"width":640,"height":375,"url":"https:\/\/i0.wp.com\/zeromagazine.mx\/wp-content\/uploads\/2024\/02\/Luis-Garcia-Director-Ejecutivo-de-la-AMFI-presentando-Certificado-ICA.jpeg?fit=640%2C375&ssl=1","type":"image\/jpeg"}],"author":"zeromagazinemx","twitter_card":"summary_large_image","twitter_misc":{"Escrito por":"zeromagazinemx","Tiempo de lectura":"1 minuto"},"schema":{"@context":"https:\/\/schema.org","@graph":[{"@type":"Article","@id":"https:\/\/zeromagazine.mx\/index.php\/2024\/02\/22\/cfilma-desvela-su-anuario-estadistico-2023-mientras-que-amfi-saca-a-la-luz-la-certificacion-ica\/#article","isPartOf":{"@id":"https:\/\/zeromagazine.mx\/index.php\/2024\/02\/22\/cfilma-desvela-su-anuario-estadistico-2023-mientras-que-amfi-saca-a-la-luz-la-certificacion-ica\/"},"author":{"name":"zeromagazinemx","@id":"https:\/\/zeromagazine.mx\/#\/schema\/person\/9aed9f33a7c39af3a348b86d723f7773"},"headline":"CFILMA desvela su Anuario Estad\u00edstico 2023 mientras que AMFI saca a la luz la Certificaci\u00f3n ICA","datePublished":"2024-02-22T00:00:00+00:00","mainEntityOfPage":{"@id":"https:\/\/zeromagazine.mx\/index.php\/2024\/02\/22\/cfilma-desvela-su-anuario-estadistico-2023-mientras-que-amfi-saca-a-la-luz-la-certificacion-ica\/"},"wordCount":270,"commentCount":0,"publisher":{"@id":"https:\/\/zeromagazine.mx\/#organization"},"image":{"@id":"https:\/\/zeromagazine.mx\/index.php\/2024\/02\/22\/cfilma-desvela-su-anuario-estadistico-2023-mientras-que-amfi-saca-a-la-luz-la-certificacion-ica\/#primaryimage"},"thumbnailUrl":"https:\/\/i0.wp.com\/zeromagazine.mx\/wp-content\/uploads\/2024\/02\/Luis-Garcia-Director-Ejecutivo-de-la-AMFI-presentando-Certificado-ICA.jpeg?fit=640%2C375&ssl=1","keywords":["AMFI","Audiovisual","CDMX","CFILMA","ICA"],"articleSection":["Blog","Cultura"],"inLanguage":"es","potentialAction":[{"@type":"CommentAction","name":"Comment","target":["https:\/\/zeromagazine.mx\/index.php\/2024\/02\/22\/cfilma-desvela-su-anuario-estadistico-2023-mientras-que-amfi-saca-a-la-luz-la-certificacion-ica\/#respond"]}]},{"@type":"WebPage","@id":"https:\/\/zeromagazine.mx\/index.php\/2024\/02\/22\/cfilma-desvela-su-anuario-estadistico-2023-mientras-que-amfi-saca-a-la-luz-la-certificacion-ica\/","url":"https:\/\/zeromagazine.mx\/index.php\/2024\/02\/22\/cfilma-desvela-su-anuario-estadistico-2023-mientras-que-amfi-saca-a-la-luz-la-certificacion-ica\/","name":"CFILMA desvela su Anuario Estad\u00edstico 2023 mientras que AMFI saca a la luz la Certificaci\u00f3n ICA - Zero Magazine","isPartOf":{"@id":"https:\/\/zeromagazine.mx\/#website"},"primaryImageOfPage":{"@id":"https:\/\/zeromagazine.mx\/index.php\/2024\/02\/22\/cfilma-desvela-su-anuario-estadistico-2023-mientras-que-amfi-saca-a-la-luz-la-certificacion-ica\/#primaryimage"},"image":{"@id":"https:\/\/zeromagazine.mx\/index.php\/2024\/02\/22\/cfilma-desvela-su-anuario-estadistico-2023-mientras-que-amfi-saca-a-la-luz-la-certificacion-ica\/#primaryimage"},"thumbnailUrl":"https:\/\/i0.wp.com\/zeromagazine.mx\/wp-content\/uploads\/2024\/02\/Luis-Garcia-Director-Ejecutivo-de-la-AMFI-presentando-Certificado-ICA.jpeg?fit=640%2C375&ssl=1","datePublished":"2024-02-22T00:00:00+00:00","breadcrumb":{"@id":"https:\/\/zeromagazine.mx\/index.php\/2024\/02\/22\/cfilma-desvela-su-anuario-estadistico-2023-mientras-que-amfi-saca-a-la-luz-la-certificacion-ica\/#breadcrumb"},"inLanguage":"es","potentialAction":[{"@type":"ReadAction","target":["https:\/\/zeromagazine.mx\/index.php\/2024\/02\/22\/cfilma-desvela-su-anuario-estadistico-2023-mientras-que-amfi-saca-a-la-luz-la-certificacion-ica\/"]}]},{"@type":"ImageObject","inLanguage":"es","@id":"https:\/\/zeromagazine.mx\/index.php\/2024\/02\/22\/cfilma-desvela-su-anuario-estadistico-2023-mientras-que-amfi-saca-a-la-luz-la-certificacion-ica\/#primaryimage","url":"https:\/\/i0.wp.com\/zeromagazine.mx\/wp-content\/uploads\/2024\/02\/Luis-Garcia-Director-Ejecutivo-de-la-AMFI-presentando-Certificado-ICA.jpeg?fit=640%2C375&ssl=1","contentUrl":"https:\/\/i0.wp.com\/zeromagazine.mx\/wp-content\/uploads\/2024\/02\/Luis-Garcia-Director-Ejecutivo-de-la-AMFI-presentando-Certificado-ICA.jpeg?fit=640%2C375&ssl=1","width":640,"height":375},{"@type":"BreadcrumbList","@id":"https:\/\/zeromagazine.mx\/index.php\/2024\/02\/22\/cfilma-desvela-su-anuario-estadistico-2023-mientras-que-amfi-saca-a-la-luz-la-certificacion-ica\/#breadcrumb","itemListElement":[{"@type":"ListItem","position":1,"name":"Portada","item":"https:\/\/zeromagazine.mx\/"},{"@type":"ListItem","position":2,"name":"CFILMA desvela su Anuario Estad\u00edstico 2023 mientras que AMFI saca a la luz la Certificaci\u00f3n ICA"}]},{"@type":"WebSite","@id":"https:\/\/zeromagazine.mx\/#website","url":"https:\/\/zeromagazine.mx\/","name":"Zero Magazine","description":"","publisher":{"@id":"https:\/\/zeromagazine.mx\/#organization"},"potentialAction":[{"@type":"SearchAction","target":{"@type":"EntryPoint","urlTemplate":"https:\/\/zeromagazine.mx\/?s={search_term_string}"},"query-input":{"@type":"PropertyValueSpecification","valueRequired":true,"valueName":"search_term_string"}}],"inLanguage":"es"},{"@type":"Organization","@id":"https:\/\/zeromagazine.mx\/#organization","name":"Zero Magazine","url":"https:\/\/zeromagazine.mx\/","logo":{"@type":"ImageObject","inLanguage":"es","@id":"https:\/\/zeromagazine.mx\/#\/schema\/logo\/image\/","url":"https:\/\/i0.wp.com\/zeromagazine.mx\/wp-content\/uploads\/2025\/11\/1.jpeg?fit=1000%2C1000&ssl=1","contentUrl":"https:\/\/i0.wp.com\/zeromagazine.mx\/wp-content\/uploads\/2025\/11\/1.jpeg?fit=1000%2C1000&ssl=1","width":1000,"height":1000,"caption":"Zero Magazine"},"image":{"@id":"https:\/\/zeromagazine.mx\/#\/schema\/logo\/image\/"},"sameAs":["https:\/\/instagram.com\/zeromagazinemx"]},{"@type":"Person","@id":"https:\/\/zeromagazine.mx\/#\/schema\/person\/9aed9f33a7c39af3a348b86d723f7773","name":"zeromagazinemx","image":{"@type":"ImageObject","inLanguage":"es","@id":"https:\/\/zeromagazine.mx\/wp-content\/litespeed\/avatar\/f91dfe5410d5dcb1a576bf8c45983896.jpg?ver=1777571230","url":"https:\/\/zeromagazine.mx\/wp-content\/litespeed\/avatar\/f91dfe5410d5dcb1a576bf8c45983896.jpg?ver=1777571230","contentUrl":"https:\/\/zeromagazine.mx\/wp-content\/litespeed\/avatar\/f91dfe5410d5dcb1a576bf8c45983896.jpg?ver=1777571230","caption":"zeromagazinemx"},"url":"https:\/\/zeromagazine.mx\/index.php\/author\/zeromagazinemx\/"}]}},"jetpack_publicize_connections":[],"jetpack_featured_media_url":"https:\/\/i0.wp.com\/zeromagazine.mx\/wp-content\/uploads\/2024\/02\/Luis-Garcia-Director-Ejecutivo-de-la-AMFI-presentando-Certificado-ICA.jpeg?fit=640%2C375&ssl=1","jetpack-related-posts":[{"id":105643,"url":"https:\/\/zeromagazine.mx\/index.php\/2025\/06\/06\/pablo-mena-de-camaras-mexicanas-al-sonido-alto-de-ee-uu\/","url_meta":{"origin":71127,"position":0},"title":"Pablo Mena de c\u00e1maras mexicanas al sonido alto de EE.UU","author":"David Morales","date":"6 de junio de 2025","format":false,"excerpt":"Amix, te traigo el chismecito de alguien pro que est\u00e1 rompi\u00e9ndola dur\u00edsimo en el mundo audiovisual, y te hablo nada menos que de Pablo Mena. Puede que su nombre no te suene de una, pero si te laten los comerciales del Super Bowl, los docurealities densos o el cine con\u2026","rel":"","context":"En \u00abCultura\u00bb","block_context":{"text":"Cultura","link":"https:\/\/zeromagazine.mx\/index.php\/category\/cultura\/"},"img":{"alt_text":"","src":"https:\/\/i0.wp.com\/zeromagazine.mx\/wp-content\/uploads\/2025\/06\/Pablo-Mena-2-scaled.jpeg?fit=1200%2C823&ssl=1&resize=350%2C200","width":350,"height":200,"srcset":"https:\/\/i0.wp.com\/zeromagazine.mx\/wp-content\/uploads\/2025\/06\/Pablo-Mena-2-scaled.jpeg?fit=1200%2C823&ssl=1&resize=350%2C200 1x, https:\/\/i0.wp.com\/zeromagazine.mx\/wp-content\/uploads\/2025\/06\/Pablo-Mena-2-scaled.jpeg?fit=1200%2C823&ssl=1&resize=525%2C300 1.5x, https:\/\/i0.wp.com\/zeromagazine.mx\/wp-content\/uploads\/2025\/06\/Pablo-Mena-2-scaled.jpeg?fit=1200%2C823&ssl=1&resize=700%2C400 2x, https:\/\/i0.wp.com\/zeromagazine.mx\/wp-content\/uploads\/2025\/06\/Pablo-Mena-2-scaled.jpeg?fit=1200%2C823&ssl=1&resize=1050%2C600 3x"},"classes":[]},{"id":88200,"url":"https:\/\/zeromagazine.mx\/index.php\/2024\/10\/23\/amacc-x-netflix-formacion-en-produccion-audiovisual\/","url_meta":{"origin":71127,"position":1},"title":"AMACC x Netflix: Formaci\u00f3n en Producci\u00f3n Audiovisual","author":"zeromagazinemx","date":"23 de octubre de 2024","format":false,"excerpt":"\u00bfEst\u00e1s listx para dar el salto a la producci\u00f3n audiovisual? Si tu respuesta es \"S\u00ed\", entonces presta atenci\u00f3n porque la Academia Mexicana de Artes y Ciencias Cinematogr\u00e1ficas (AMACC) y Netflix est\u00e1n aqu\u00ed para abrirte la puerta a un mundo de posibilidades. Te traigo el scoop sobre el nuevo programa de\u2026","rel":"","context":"En \u00abCultura\u00bb","block_context":{"text":"Cultura","link":"https:\/\/zeromagazine.mx\/index.php\/category\/cultura\/"},"img":{"alt_text":"","src":"https:\/\/i0.wp.com\/zeromagazine.mx\/wp-content\/uploads\/2024\/10\/amacc.jpg?fit=1200%2C636&ssl=1&resize=350%2C200","width":350,"height":200,"srcset":"https:\/\/i0.wp.com\/zeromagazine.mx\/wp-content\/uploads\/2024\/10\/amacc.jpg?fit=1200%2C636&ssl=1&resize=350%2C200 1x, https:\/\/i0.wp.com\/zeromagazine.mx\/wp-content\/uploads\/2024\/10\/amacc.jpg?fit=1200%2C636&ssl=1&resize=525%2C300 1.5x, https:\/\/i0.wp.com\/zeromagazine.mx\/wp-content\/uploads\/2024\/10\/amacc.jpg?fit=1200%2C636&ssl=1&resize=700%2C400 2x, https:\/\/i0.wp.com\/zeromagazine.mx\/wp-content\/uploads\/2024\/10\/amacc.jpg?fit=1200%2C636&ssl=1&resize=1050%2C600 3x"},"classes":[]},{"id":81873,"url":"https:\/\/zeromagazine.mx\/index.php\/2024\/08\/14\/netflix-empodera-voces-mexicanas-diversas\/","url_meta":{"origin":71127,"position":2},"title":"\u00abNetflix Empodera Voces Mexicanas Diversas\u00bb","author":"zeromagazinemx","date":"14 de agosto de 2024","format":false,"excerpt":"Ya sabes que Netflix siempre est\u00e1 a la vanguardia, ahora est\u00e1n subiendo la barra con el\u00a0Fondo Netflix para la Equidad Creativa\u00a0en M\u00e9xico. Estamos hablando de un compromiso de\u00a022 millones de pesos\u00a0que ser\u00e1 invertido en los pr\u00f3ximos dos a\u00f1os para dar voz y espacio a las comunidades diversas en el mundo\u2026","rel":"","context":"En \u00abEntretenimiento\u00bb","block_context":{"text":"Entretenimiento","link":"https:\/\/zeromagazine.mx\/index.php\/category\/entretenimiento\/"},"img":{"alt_text":"","src":"https:\/\/i0.wp.com\/zeromagazine.mx\/wp-content\/uploads\/2024\/08\/fondo_netflix.jpg?fit=1200%2C675&ssl=1&resize=350%2C200","width":350,"height":200,"srcset":"https:\/\/i0.wp.com\/zeromagazine.mx\/wp-content\/uploads\/2024\/08\/fondo_netflix.jpg?fit=1200%2C675&ssl=1&resize=350%2C200 1x, https:\/\/i0.wp.com\/zeromagazine.mx\/wp-content\/uploads\/2024\/08\/fondo_netflix.jpg?fit=1200%2C675&ssl=1&resize=525%2C300 1.5x, https:\/\/i0.wp.com\/zeromagazine.mx\/wp-content\/uploads\/2024\/08\/fondo_netflix.jpg?fit=1200%2C675&ssl=1&resize=700%2C400 2x, https:\/\/i0.wp.com\/zeromagazine.mx\/wp-content\/uploads\/2024\/08\/fondo_netflix.jpg?fit=1200%2C675&ssl=1&resize=1050%2C600 3x"},"classes":[]},{"id":71247,"url":"https:\/\/zeromagazine.mx\/index.php\/2024\/02\/23\/nominaciones-de-los-xi-premios-platino-xcaret\/","url_meta":{"origin":71127,"position":3},"title":"Nominaciones de los XI Premios Platino XCARET","author":"zeromagazinemx","date":"23 de febrero de 2024","format":false,"excerpt":"Les tengo las \u00faltimas noticias sobre los XI Premios PLATINO XCARET y, \u00a1wow!, hay mucha tela que cortar. La lista de nominadas est\u00e1 que arde y M\u00e9xico est\u00e1 en el centro del hurac\u00e1n con varias producciones que est\u00e1n arrasando en las categor\u00edas. Desde Huesera hasta Radical, \u00a1qu\u00e9 orgullo ser parte\u2026","rel":"","context":"En \u00abConcursos\u00bb","block_context":{"text":"Concursos","link":"https:\/\/zeromagazine.mx\/index.php\/category\/concursos\/"},"img":{"alt_text":"","src":"https:\/\/i0.wp.com\/zeromagazine.mx\/wp-content\/uploads\/2024\/02\/Foto-Familiar_By-Victor-Chavez-60.jpg?fit=1197%2C834&ssl=1&resize=350%2C200","width":350,"height":200,"srcset":"https:\/\/i0.wp.com\/zeromagazine.mx\/wp-content\/uploads\/2024\/02\/Foto-Familiar_By-Victor-Chavez-60.jpg?fit=1197%2C834&ssl=1&resize=350%2C200 1x, https:\/\/i0.wp.com\/zeromagazine.mx\/wp-content\/uploads\/2024\/02\/Foto-Familiar_By-Victor-Chavez-60.jpg?fit=1197%2C834&ssl=1&resize=525%2C300 1.5x, https:\/\/i0.wp.com\/zeromagazine.mx\/wp-content\/uploads\/2024\/02\/Foto-Familiar_By-Victor-Chavez-60.jpg?fit=1197%2C834&ssl=1&resize=700%2C400 2x, https:\/\/i0.wp.com\/zeromagazine.mx\/wp-content\/uploads\/2024\/02\/Foto-Familiar_By-Victor-Chavez-60.jpg?fit=1197%2C834&ssl=1&resize=1050%2C600 3x"},"classes":[]},{"id":115870,"url":"https:\/\/zeromagazine.mx\/index.php\/2026\/02\/24\/premios-platino-xcaret-cartel-oficial-xiii-edicion\/","url_meta":{"origin":71127,"position":4},"title":"Premios PLATINO XCARET estrenan cartel","author":"zeromagazinemx","date":"24 de febrero de 2026","format":false,"excerpt":"El hype ya est\u00e1 aqu\u00ed. Los Premios PLATINO XCARET acaban de revelar el cartel oficial de su XIII edici\u00f3n y, honestamente, es de esas im\u00e1genes que se sienten como un fotograma listo para cobrar vida. La nueva identidad visual no solo presenta el ic\u00f3nico trofeo, sino que lo convierte en\u2026","rel":"","context":"En \u00abBlog\u00bb","block_context":{"text":"Blog","link":"https:\/\/zeromagazine.mx\/index.php\/category\/blog\/"},"img":{"alt_text":"","src":"https:\/\/i0.wp.com\/zeromagazine.mx\/wp-content\/uploads\/2026\/02\/unnamed-4-1-scaled.jpg?fit=863%2C1200&ssl=1&resize=350%2C200","width":350,"height":200,"srcset":"https:\/\/i0.wp.com\/zeromagazine.mx\/wp-content\/uploads\/2026\/02\/unnamed-4-1-scaled.jpg?fit=863%2C1200&ssl=1&resize=350%2C200 1x, https:\/\/i0.wp.com\/zeromagazine.mx\/wp-content\/uploads\/2026\/02\/unnamed-4-1-scaled.jpg?fit=863%2C1200&ssl=1&resize=525%2C300 1.5x, https:\/\/i0.wp.com\/zeromagazine.mx\/wp-content\/uploads\/2026\/02\/unnamed-4-1-scaled.jpg?fit=863%2C1200&ssl=1&resize=700%2C400 2x"},"classes":[]},{"id":84750,"url":"https:\/\/zeromagazine.mx\/index.php\/2024\/09\/27\/asus-lanza-la-zenbook-s-16\/","url_meta":{"origin":71127,"position":5},"title":"\u00abASUS Lanza la Zenbook S 16\u00bb","author":"zeromagazinemx","date":"27 de septiembre de 2024","format":false,"excerpt":"\u00bfQu\u00e9 pasa cuando juntas tecnolog\u00eda de punta con un dise\u00f1o premium? La respuesta es la ASUS Zenbook S 16. No se trata de otra laptop que va a acumular polvo en tu escritorio. Esta beauty es diferente. Present\u00e1ndose como la primera PC ultradelgada de 16 pulgadas que marca el inicio\u2026","rel":"","context":"En \u00abTech\u00bb","block_context":{"text":"Tech","link":"https:\/\/zeromagazine.mx\/index.php\/category\/tech\/"},"img":{"alt_text":"","src":"https:\/\/i0.wp.com\/zeromagazine.mx\/wp-content\/uploads\/2024\/09\/Zenbook-S-16_UX5606SA_Scenario-photo_02-scaled.jpg?fit=1200%2C900&ssl=1&resize=350%2C200","width":350,"height":200,"srcset":"https:\/\/i0.wp.com\/zeromagazine.mx\/wp-content\/uploads\/2024\/09\/Zenbook-S-16_UX5606SA_Scenario-photo_02-scaled.jpg?fit=1200%2C900&ssl=1&resize=350%2C200 1x, https:\/\/i0.wp.com\/zeromagazine.mx\/wp-content\/uploads\/2024\/09\/Zenbook-S-16_UX5606SA_Scenario-photo_02-scaled.jpg?fit=1200%2C900&ssl=1&resize=525%2C300 1.5x, https:\/\/i0.wp.com\/zeromagazine.mx\/wp-content\/uploads\/2024\/09\/Zenbook-S-16_UX5606SA_Scenario-photo_02-scaled.jpg?fit=1200%2C900&ssl=1&resize=700%2C400 2x, https:\/\/i0.wp.com\/zeromagazine.mx\/wp-content\/uploads\/2024\/09\/Zenbook-S-16_UX5606SA_Scenario-photo_02-scaled.jpg?fit=1200%2C900&ssl=1&resize=1050%2C600 3x"},"classes":[]}],"jetpack_sharing_enabled":true,"builder_content":"","_links":{"self":[{"href":"https:\/\/zeromagazine.mx\/index.php\/wp-json\/wp\/v2\/posts\/71127","targetHints":{"allow":["GET"]}}],"collection":[{"href":"https:\/\/zeromagazine.mx\/index.php\/wp-json\/wp\/v2\/posts"}],"about":[{"href":"https:\/\/zeromagazine.mx\/index.php\/wp-json\/wp\/v2\/types\/post"}],"author":[{"embeddable":true,"href":"https:\/\/zeromagazine.mx\/index.php\/wp-json\/wp\/v2\/users\/2"}],"replies":[{"embeddable":true,"href":"https:\/\/zeromagazine.mx\/index.php\/wp-json\/wp\/v2\/comments?post=71127"}],"version-history":[{"count":3,"href":"https:\/\/zeromagazine.mx\/index.php\/wp-json\/wp\/v2\/posts\/71127\/revisions"}],"predecessor-version":[{"id":71140,"href":"https:\/\/zeromagazine.mx\/index.php\/wp-json\/wp\/v2\/posts\/71127\/revisions\/71140"}],"wp:featuredmedia":[{"embeddable":true,"href":"https:\/\/zeromagazine.mx\/index.php\/wp-json\/wp\/v2\/media\/71129"}],"wp:attachment":[{"href":"https:\/\/zeromagazine.mx\/index.php\/wp-json\/wp\/v2\/media?parent=71127"}],"wp:term":[{"taxonomy":"category","embeddable":true,"href":"https:\/\/zeromagazine.mx\/index.php\/wp-json\/wp\/v2\/categories?post=71127"},{"taxonomy":"post_tag","embeddable":true,"href":"https:\/\/zeromagazine.mx\/index.php\/wp-json\/wp\/v2\/tags?post=71127"}],"curies":[{"name":"wp","href":"https:\/\/api.w.org\/{rel}","templated":true}]}}