{"id":71247,"date":"2024-02-23T22:30:00","date_gmt":"2024-02-23T21:30:00","guid":{"rendered":"https:\/\/zeromagazine.mx\/?p=71247"},"modified":"2024-02-23T20:58:20","modified_gmt":"2024-02-23T19:58:20","slug":"nominaciones-de-los-xi-premios-platino-xcaret","status":"publish","type":"post","link":"https:\/\/zeromagazine.mx\/index.php\/2024\/02\/23\/nominaciones-de-los-xi-premios-platino-xcaret\/","title":{"rendered":"Nominaciones de los XI Premios Platino XCARET"},"content":{"rendered":"<p>Les tengo las \u00faltimas noticias sobre los XI Premios PLATINO XCARET y, \u00a1wow!, hay mucha tela que cortar. La lista de nominadas est\u00e1 que arde y M\u00e9xico est\u00e1 en el centro del hurac\u00e1n con varias producciones que est\u00e1n arrasando en las categor\u00edas. Desde Huesera hasta Radical, \u00a1qu\u00e9 orgullo ser parte de este boom audiovisual! Pero antes de entrar en detalles, d\u00e9jenme contarles un poco sobre lo que est\u00e1 sucediendo.<\/p>\n\n\n\n<script async src=\"https:\/\/pagead2.googlesyndication.com\/pagead\/js\/adsbygoogle.js?client=ca-pub-5499304793904745\"\n     crossorigin=\"anonymous\"><\/script>\n<ins class=\"adsbygoogle\"\n     style=\"display:block; text-align:center;\"\n     data-ad-layout=\"in-article\"\n     data-ad-format=\"fluid\"\n     data-ad-client=\"ca-pub-5499304793904745\"\n     data-ad-slot=\"5994863093\"><\/ins>\n<script>\n     (adsbygoogle = window.adsbygoogle || []).push({});\n<\/script>\n\n\n\n<p>Para empezar, \u00a1imag\u00ednense!, un total de 168 obras audiovisuales han sido seleccionadas para competir en las diferentes categor\u00edas de los Premios Platino XCARET. Esto significa que todas estas producciones tienen la oportunidad de brillar y ser nominadas para el tan ansiado galard\u00f3n que se entregar\u00e1 el 20 de abril. La gala promete ser una bomba y se celebrar\u00e1 en el Teatro Gran Tlachco del parque Xcaret, en Riviera Maya. \u00a1Qu\u00e9 emoci\u00f3n pensar que nuestros \u00eddolos podr\u00edan estar all\u00ed!<\/p>\n\n\n\n<figure class=\"wp-block-image size-large\"><img data-recalc-dims=\"1\" decoding=\"async\" width=\"1024\" height=\"695\" src=\"https:\/\/i0.wp.com\/zeromagazine.mx\/wp-content\/uploads\/2024\/02\/Armando-Casas_Gonzalo-Elvira_Vanessa-Velazquez-Vice_Enrique-Cerezo_Miguel-Angel-Benzal_Fernando-Suguero_Tabata-Villar_By-Victor-Chavez-50-1024x695.jpg?resize=1024%2C695&#038;ssl=1\" alt=\"\" class=\"wp-image-71248\" srcset=\"https:\/\/i0.wp.com\/zeromagazine.mx\/wp-content\/uploads\/2024\/02\/Armando-Casas_Gonzalo-Elvira_Vanessa-Velazquez-Vice_Enrique-Cerezo_Miguel-Angel-Benzal_Fernando-Suguero_Tabata-Villar_By-Victor-Chavez-50.jpg?resize=1024%2C695&amp;ssl=1 1024w, https:\/\/i0.wp.com\/zeromagazine.mx\/wp-content\/uploads\/2024\/02\/Armando-Casas_Gonzalo-Elvira_Vanessa-Velazquez-Vice_Enrique-Cerezo_Miguel-Angel-Benzal_Fernando-Suguero_Tabata-Villar_By-Victor-Chavez-50.jpg?resize=300%2C204&amp;ssl=1 300w, https:\/\/i0.wp.com\/zeromagazine.mx\/wp-content\/uploads\/2024\/02\/Armando-Casas_Gonzalo-Elvira_Vanessa-Velazquez-Vice_Enrique-Cerezo_Miguel-Angel-Benzal_Fernando-Suguero_Tabata-Villar_By-Victor-Chavez-50.jpg?resize=768%2C521&amp;ssl=1 768w, https:\/\/i0.wp.com\/zeromagazine.mx\/wp-content\/uploads\/2024\/02\/Armando-Casas_Gonzalo-Elvira_Vanessa-Velazquez-Vice_Enrique-Cerezo_Miguel-Angel-Benzal_Fernando-Suguero_Tabata-Villar_By-Victor-Chavez-50.jpg?w=1213&amp;ssl=1 1213w\" sizes=\"(max-width: 1024px) 100vw, 1024px\" \/><\/figure>\n\n\n\n<p><\/p>\n\n\n\n<p>Hablando de las joyas de la corona, \u00bfqu\u00e9 les parece que Huesera, dirigida por Michelle Garza Cervera, encabece la lista de las producciones mexicanas con m\u00e1s nominaciones? Con seis nominaciones, esta pel\u00edcula est\u00e1 pisando fuerte y dejando huella en el mundo del cine iberoamericano. Pero no podemos dejar de mencionar a Radical, dirigida por Christopher Zalla, que le pisa los talones con cinco nominaciones. <\/p>\n\n\n\n<script async src=\"https:\/\/pagead2.googlesyndication.com\/pagead\/js\/adsbygoogle.js?client=ca-pub-5499304793904745\"\n     crossorigin=\"anonymous\"><\/script>\n<ins class=\"adsbygoogle\"\n     style=\"display:block; text-align:center;\"\n     data-ad-layout=\"in-article\"\n     data-ad-format=\"fluid\"\n     data-ad-client=\"ca-pub-5499304793904745\"\n     data-ad-slot=\"5994863093\"><\/ins>\n<script>\n     (adsbygoogle = window.adsbygoogle || []).push({});\n<\/script>\n\n\n\n<p>Ahora, hablemos un poco de diversidad. \u00bfSab\u00edan que desde su creaci\u00f3n, los Premios Platino han sido un verdadero caleidoscopio cultural? Con galardones para obras de Argentina, Chile, Colombia, Espa\u00f1a y M\u00e9xico, entre otros, estos premios celebran la riqueza y variedad de nuestras culturas. Adem\u00e1s, con el apoyo de Quintana Roo, Riviera Maya, Grupo XCARET y otras instituciones, se ha logrado crear un evento que promueve la colaboraci\u00f3n y el reconocimiento en la industria audiovisual.<\/p>\n\n\n\n<script async src=\"https:\/\/pagead2.googlesyndication.com\/pagead\/js\/adsbygoogle.js?client=ca-pub-5499304793904745\"\n     crossorigin=\"anonymous\"><\/script>\n<ins class=\"adsbygoogle\"\n     style=\"display:block; text-align:center;\"\n     data-ad-layout=\"in-article\"\n     data-ad-format=\"fluid\"\n     data-ad-client=\"ca-pub-5499304793904745\"\n     data-ad-slot=\"5994863093\"><\/ins>\n<script>\n     (adsbygoogle = window.adsbygoogle || []).push({});\n<\/script>\n\n\n\n<p>As\u00ed que preparen las palomitas y abr\u00f3chense los cinturones porque esta edici\u00f3n de los Premios Platino promete ser una monta\u00f1a rusa llena de emociones y sorpresas. \u00a1Apoyemos a nuestras producciones mexicanas y celebremos juntos este festival de talento iberoamericano!<\/p>\n\n\n\n<script async src=\"https:\/\/pagead2.googlesyndication.com\/pagead\/js\/adsbygoogle.js?client=ca-pub-5499304793904745\"\n     crossorigin=\"anonymous\"><\/script>\n<ins class=\"adsbygoogle\"\n     style=\"display:block; text-align:center;\"\n     data-ad-layout=\"in-article\"\n     data-ad-format=\"fluid\"\n     data-ad-client=\"ca-pub-5499304793904745\"\n     data-ad-slot=\"5994863093\"><\/ins>\n<script>\n     (adsbygoogle = window.adsbygoogle || []).push({});\n<\/script>\n\n<!--themify_builder_content-->\n<div id=\"themify_builder_content-71247\" data-postid=\"71247\" class=\"themify_builder_content themify_builder_content-71247 themify_builder tf_clear\">\n    <\/div>\n<!--\/themify_builder_content-->","protected":false},"excerpt":{"rendered":"<p>Les tengo las \u00faltimas noticias sobre los XI Premios PLATINO XCARET y, \u00a1wow!, hay mucha tela que cortar. La lista de nominadas est\u00e1 que arde y M\u00e9xico est\u00e1 en el centro del hurac\u00e1n con varias producciones que est\u00e1n arrasando en las categor\u00edas. Desde Huesera hasta Radical, \u00a1qu\u00e9 orgullo ser parte de este boom audiovisual! Pero [&hellip;]<\/p>\n","protected":false},"author":2,"featured_media":71249,"comment_status":"open","ping_status":"open","sticky":false,"template":"","format":"standard","meta":{"_jetpack_memberships_contains_paid_content":false,"footnotes":"","jetpack_publicize_message":"","jetpack_publicize_feature_enabled":true,"jetpack_social_post_already_shared":false,"jetpack_social_options":{"image_generator_settings":{"template":"highway","default_image_id":0,"font":"","enabled":false},"version":2}},"categories":[790,791],"tags":[7097,7096,5597],"class_list":["post-71247","post","type-post","status-publish","format-standard","has-post-thumbnail","hentry","category-concursos","category-cultura","tag-nominaciones","tag-premios-platino","tag-xcaret","has-post-title","has-post-date","has-post-category","has-post-tag","has-post-comment","has-post-author",""],"yoast_head":"<!-- This site is optimized with the Yoast SEO plugin v27.5 - https:\/\/yoast.com\/product\/yoast-seo-wordpress\/ -->\n<title>Nominaciones de los XI Premios Platino XCARET - Zero Magazine<\/title>\n<meta name=\"robots\" content=\"index, follow, max-snippet:-1, max-image-preview:large, max-video-preview:-1\" \/>\n<link rel=\"canonical\" href=\"https:\/\/zeromagazine.mx\/index.php\/2024\/02\/23\/nominaciones-de-los-xi-premios-platino-xcaret\/\" \/>\n<meta property=\"og:locale\" content=\"es_ES\" \/>\n<meta property=\"og:type\" content=\"article\" \/>\n<meta property=\"og:title\" content=\"Nominaciones de los XI Premios Platino XCARET - Zero Magazine\" \/>\n<meta property=\"og:description\" content=\"Les tengo las \u00faltimas noticias sobre los XI Premios PLATINO XCARET y, \u00a1wow!, hay mucha tela que cortar. La lista de nominadas est\u00e1 que arde y M\u00e9xico est\u00e1 en el centro del hurac\u00e1n con varias producciones que est\u00e1n arrasando en las categor\u00edas. Desde Huesera hasta Radical, \u00a1qu\u00e9 orgullo ser parte de este boom audiovisual! Pero [&hellip;]\" \/>\n<meta property=\"og:url\" content=\"https:\/\/zeromagazine.mx\/index.php\/2024\/02\/23\/nominaciones-de-los-xi-premios-platino-xcaret\/\" \/>\n<meta property=\"og:site_name\" content=\"Zero Magazine\" \/>\n<meta property=\"article:published_time\" content=\"2024-02-23T21:30:00+00:00\" \/>\n<meta property=\"og:image\" content=\"https:\/\/i0.wp.com\/zeromagazine.mx\/wp-content\/uploads\/2024\/02\/Foto-Familiar_By-Victor-Chavez-60.jpg?fit=1197%2C834&ssl=1\" \/>\n\t<meta property=\"og:image:width\" content=\"1197\" \/>\n\t<meta property=\"og:image:height\" content=\"834\" \/>\n\t<meta property=\"og:image:type\" content=\"image\/jpeg\" \/>\n<meta name=\"author\" content=\"zeromagazinemx\" \/>\n<meta name=\"twitter:card\" content=\"summary_large_image\" \/>\n<meta name=\"twitter:label1\" content=\"Escrito por\" \/>\n\t<meta name=\"twitter:data1\" content=\"zeromagazinemx\" \/>\n\t<meta name=\"twitter:label2\" content=\"Tiempo de lectura\" \/>\n\t<meta name=\"twitter:data2\" content=\"2 minutos\" \/>\n<script type=\"application\/ld+json\" class=\"yoast-schema-graph\">{\"@context\":\"https:\\\/\\\/schema.org\",\"@graph\":[{\"@type\":\"Article\",\"@id\":\"https:\\\/\\\/zeromagazine.mx\\\/index.php\\\/2024\\\/02\\\/23\\\/nominaciones-de-los-xi-premios-platino-xcaret\\\/#article\",\"isPartOf\":{\"@id\":\"https:\\\/\\\/zeromagazine.mx\\\/index.php\\\/2024\\\/02\\\/23\\\/nominaciones-de-los-xi-premios-platino-xcaret\\\/\"},\"author\":{\"name\":\"zeromagazinemx\",\"@id\":\"https:\\\/\\\/zeromagazine.mx\\\/#\\\/schema\\\/person\\\/9aed9f33a7c39af3a348b86d723f7773\"},\"headline\":\"Nominaciones de los XI Premios Platino XCARET\",\"datePublished\":\"2024-02-23T21:30:00+00:00\",\"mainEntityOfPage\":{\"@id\":\"https:\\\/\\\/zeromagazine.mx\\\/index.php\\\/2024\\\/02\\\/23\\\/nominaciones-de-los-xi-premios-platino-xcaret\\\/\"},\"wordCount\":350,\"commentCount\":0,\"publisher\":{\"@id\":\"https:\\\/\\\/zeromagazine.mx\\\/#organization\"},\"image\":{\"@id\":\"https:\\\/\\\/zeromagazine.mx\\\/index.php\\\/2024\\\/02\\\/23\\\/nominaciones-de-los-xi-premios-platino-xcaret\\\/#primaryimage\"},\"thumbnailUrl\":\"https:\\\/\\\/i0.wp.com\\\/zeromagazine.mx\\\/wp-content\\\/uploads\\\/2024\\\/02\\\/Foto-Familiar_By-Victor-Chavez-60.jpg?fit=1197%2C834&ssl=1\",\"keywords\":[\"Nominaciones\",\"Premios Platino\",\"xcaret\"],\"articleSection\":[\"Concursos\",\"Cultura\"],\"inLanguage\":\"es\",\"potentialAction\":[{\"@type\":\"CommentAction\",\"name\":\"Comment\",\"target\":[\"https:\\\/\\\/zeromagazine.mx\\\/index.php\\\/2024\\\/02\\\/23\\\/nominaciones-de-los-xi-premios-platino-xcaret\\\/#respond\"]}]},{\"@type\":\"WebPage\",\"@id\":\"https:\\\/\\\/zeromagazine.mx\\\/index.php\\\/2024\\\/02\\\/23\\\/nominaciones-de-los-xi-premios-platino-xcaret\\\/\",\"url\":\"https:\\\/\\\/zeromagazine.mx\\\/index.php\\\/2024\\\/02\\\/23\\\/nominaciones-de-los-xi-premios-platino-xcaret\\\/\",\"name\":\"Nominaciones de los XI Premios Platino XCARET - Zero Magazine\",\"isPartOf\":{\"@id\":\"https:\\\/\\\/zeromagazine.mx\\\/#website\"},\"primaryImageOfPage\":{\"@id\":\"https:\\\/\\\/zeromagazine.mx\\\/index.php\\\/2024\\\/02\\\/23\\\/nominaciones-de-los-xi-premios-platino-xcaret\\\/#primaryimage\"},\"image\":{\"@id\":\"https:\\\/\\\/zeromagazine.mx\\\/index.php\\\/2024\\\/02\\\/23\\\/nominaciones-de-los-xi-premios-platino-xcaret\\\/#primaryimage\"},\"thumbnailUrl\":\"https:\\\/\\\/i0.wp.com\\\/zeromagazine.mx\\\/wp-content\\\/uploads\\\/2024\\\/02\\\/Foto-Familiar_By-Victor-Chavez-60.jpg?fit=1197%2C834&ssl=1\",\"datePublished\":\"2024-02-23T21:30:00+00:00\",\"breadcrumb\":{\"@id\":\"https:\\\/\\\/zeromagazine.mx\\\/index.php\\\/2024\\\/02\\\/23\\\/nominaciones-de-los-xi-premios-platino-xcaret\\\/#breadcrumb\"},\"inLanguage\":\"es\",\"potentialAction\":[{\"@type\":\"ReadAction\",\"target\":[\"https:\\\/\\\/zeromagazine.mx\\\/index.php\\\/2024\\\/02\\\/23\\\/nominaciones-de-los-xi-premios-platino-xcaret\\\/\"]}]},{\"@type\":\"ImageObject\",\"inLanguage\":\"es\",\"@id\":\"https:\\\/\\\/zeromagazine.mx\\\/index.php\\\/2024\\\/02\\\/23\\\/nominaciones-de-los-xi-premios-platino-xcaret\\\/#primaryimage\",\"url\":\"https:\\\/\\\/i0.wp.com\\\/zeromagazine.mx\\\/wp-content\\\/uploads\\\/2024\\\/02\\\/Foto-Familiar_By-Victor-Chavez-60.jpg?fit=1197%2C834&ssl=1\",\"contentUrl\":\"https:\\\/\\\/i0.wp.com\\\/zeromagazine.mx\\\/wp-content\\\/uploads\\\/2024\\\/02\\\/Foto-Familiar_By-Victor-Chavez-60.jpg?fit=1197%2C834&ssl=1\",\"width\":1197,\"height\":834},{\"@type\":\"BreadcrumbList\",\"@id\":\"https:\\\/\\\/zeromagazine.mx\\\/index.php\\\/2024\\\/02\\\/23\\\/nominaciones-de-los-xi-premios-platino-xcaret\\\/#breadcrumb\",\"itemListElement\":[{\"@type\":\"ListItem\",\"position\":1,\"name\":\"Portada\",\"item\":\"https:\\\/\\\/zeromagazine.mx\\\/\"},{\"@type\":\"ListItem\",\"position\":2,\"name\":\"Nominaciones de los XI Premios Platino XCARET\"}]},{\"@type\":\"WebSite\",\"@id\":\"https:\\\/\\\/zeromagazine.mx\\\/#website\",\"url\":\"https:\\\/\\\/zeromagazine.mx\\\/\",\"name\":\"Zero Magazine\",\"description\":\"\",\"publisher\":{\"@id\":\"https:\\\/\\\/zeromagazine.mx\\\/#organization\"},\"potentialAction\":[{\"@type\":\"SearchAction\",\"target\":{\"@type\":\"EntryPoint\",\"urlTemplate\":\"https:\\\/\\\/zeromagazine.mx\\\/?s={search_term_string}\"},\"query-input\":{\"@type\":\"PropertyValueSpecification\",\"valueRequired\":true,\"valueName\":\"search_term_string\"}}],\"inLanguage\":\"es\"},{\"@type\":\"Organization\",\"@id\":\"https:\\\/\\\/zeromagazine.mx\\\/#organization\",\"name\":\"Zero Magazine\",\"url\":\"https:\\\/\\\/zeromagazine.mx\\\/\",\"logo\":{\"@type\":\"ImageObject\",\"inLanguage\":\"es\",\"@id\":\"https:\\\/\\\/zeromagazine.mx\\\/#\\\/schema\\\/logo\\\/image\\\/\",\"url\":\"https:\\\/\\\/i0.wp.com\\\/zeromagazine.mx\\\/wp-content\\\/uploads\\\/2025\\\/11\\\/1.jpeg?fit=1000%2C1000&ssl=1\",\"contentUrl\":\"https:\\\/\\\/i0.wp.com\\\/zeromagazine.mx\\\/wp-content\\\/uploads\\\/2025\\\/11\\\/1.jpeg?fit=1000%2C1000&ssl=1\",\"width\":1000,\"height\":1000,\"caption\":\"Zero Magazine\"},\"image\":{\"@id\":\"https:\\\/\\\/zeromagazine.mx\\\/#\\\/schema\\\/logo\\\/image\\\/\"},\"sameAs\":[\"https:\\\/\\\/instagram.com\\\/zeromagazinemx\"]},{\"@type\":\"Person\",\"@id\":\"https:\\\/\\\/zeromagazine.mx\\\/#\\\/schema\\\/person\\\/9aed9f33a7c39af3a348b86d723f7773\",\"name\":\"zeromagazinemx\",\"image\":{\"@type\":\"ImageObject\",\"inLanguage\":\"es\",\"@id\":\"https:\\\/\\\/zeromagazine.mx\\\/wp-content\\\/litespeed\\\/avatar\\\/f91dfe5410d5dcb1a576bf8c45983896.jpg?ver=1776966396\",\"url\":\"https:\\\/\\\/zeromagazine.mx\\\/wp-content\\\/litespeed\\\/avatar\\\/f91dfe5410d5dcb1a576bf8c45983896.jpg?ver=1776966396\",\"contentUrl\":\"https:\\\/\\\/zeromagazine.mx\\\/wp-content\\\/litespeed\\\/avatar\\\/f91dfe5410d5dcb1a576bf8c45983896.jpg?ver=1776966396\",\"caption\":\"zeromagazinemx\"},\"url\":\"https:\\\/\\\/zeromagazine.mx\\\/index.php\\\/author\\\/zeromagazinemx\\\/\"}]}<\/script>\n<!-- \/ Yoast SEO plugin. -->","yoast_head_json":{"title":"Nominaciones de los XI Premios Platino XCARET - Zero Magazine","robots":{"index":"index","follow":"follow","max-snippet":"max-snippet:-1","max-image-preview":"max-image-preview:large","max-video-preview":"max-video-preview:-1"},"canonical":"https:\/\/zeromagazine.mx\/index.php\/2024\/02\/23\/nominaciones-de-los-xi-premios-platino-xcaret\/","og_locale":"es_ES","og_type":"article","og_title":"Nominaciones de los XI Premios Platino XCARET - Zero Magazine","og_description":"Les tengo las \u00faltimas noticias sobre los XI Premios PLATINO XCARET y, \u00a1wow!, hay mucha tela que cortar. La lista de nominadas est\u00e1 que arde y M\u00e9xico est\u00e1 en el centro del hurac\u00e1n con varias producciones que est\u00e1n arrasando en las categor\u00edas. Desde Huesera hasta Radical, \u00a1qu\u00e9 orgullo ser parte de este boom audiovisual! Pero [&hellip;]","og_url":"https:\/\/zeromagazine.mx\/index.php\/2024\/02\/23\/nominaciones-de-los-xi-premios-platino-xcaret\/","og_site_name":"Zero Magazine","article_published_time":"2024-02-23T21:30:00+00:00","og_image":[{"width":1197,"height":834,"url":"https:\/\/i0.wp.com\/zeromagazine.mx\/wp-content\/uploads\/2024\/02\/Foto-Familiar_By-Victor-Chavez-60.jpg?fit=1197%2C834&ssl=1","type":"image\/jpeg"}],"author":"zeromagazinemx","twitter_card":"summary_large_image","twitter_misc":{"Escrito por":"zeromagazinemx","Tiempo de lectura":"2 minutos"},"schema":{"@context":"https:\/\/schema.org","@graph":[{"@type":"Article","@id":"https:\/\/zeromagazine.mx\/index.php\/2024\/02\/23\/nominaciones-de-los-xi-premios-platino-xcaret\/#article","isPartOf":{"@id":"https:\/\/zeromagazine.mx\/index.php\/2024\/02\/23\/nominaciones-de-los-xi-premios-platino-xcaret\/"},"author":{"name":"zeromagazinemx","@id":"https:\/\/zeromagazine.mx\/#\/schema\/person\/9aed9f33a7c39af3a348b86d723f7773"},"headline":"Nominaciones de los XI Premios Platino XCARET","datePublished":"2024-02-23T21:30:00+00:00","mainEntityOfPage":{"@id":"https:\/\/zeromagazine.mx\/index.php\/2024\/02\/23\/nominaciones-de-los-xi-premios-platino-xcaret\/"},"wordCount":350,"commentCount":0,"publisher":{"@id":"https:\/\/zeromagazine.mx\/#organization"},"image":{"@id":"https:\/\/zeromagazine.mx\/index.php\/2024\/02\/23\/nominaciones-de-los-xi-premios-platino-xcaret\/#primaryimage"},"thumbnailUrl":"https:\/\/i0.wp.com\/zeromagazine.mx\/wp-content\/uploads\/2024\/02\/Foto-Familiar_By-Victor-Chavez-60.jpg?fit=1197%2C834&ssl=1","keywords":["Nominaciones","Premios Platino","xcaret"],"articleSection":["Concursos","Cultura"],"inLanguage":"es","potentialAction":[{"@type":"CommentAction","name":"Comment","target":["https:\/\/zeromagazine.mx\/index.php\/2024\/02\/23\/nominaciones-de-los-xi-premios-platino-xcaret\/#respond"]}]},{"@type":"WebPage","@id":"https:\/\/zeromagazine.mx\/index.php\/2024\/02\/23\/nominaciones-de-los-xi-premios-platino-xcaret\/","url":"https:\/\/zeromagazine.mx\/index.php\/2024\/02\/23\/nominaciones-de-los-xi-premios-platino-xcaret\/","name":"Nominaciones de los XI Premios Platino XCARET - Zero Magazine","isPartOf":{"@id":"https:\/\/zeromagazine.mx\/#website"},"primaryImageOfPage":{"@id":"https:\/\/zeromagazine.mx\/index.php\/2024\/02\/23\/nominaciones-de-los-xi-premios-platino-xcaret\/#primaryimage"},"image":{"@id":"https:\/\/zeromagazine.mx\/index.php\/2024\/02\/23\/nominaciones-de-los-xi-premios-platino-xcaret\/#primaryimage"},"thumbnailUrl":"https:\/\/i0.wp.com\/zeromagazine.mx\/wp-content\/uploads\/2024\/02\/Foto-Familiar_By-Victor-Chavez-60.jpg?fit=1197%2C834&ssl=1","datePublished":"2024-02-23T21:30:00+00:00","breadcrumb":{"@id":"https:\/\/zeromagazine.mx\/index.php\/2024\/02\/23\/nominaciones-de-los-xi-premios-platino-xcaret\/#breadcrumb"},"inLanguage":"es","potentialAction":[{"@type":"ReadAction","target":["https:\/\/zeromagazine.mx\/index.php\/2024\/02\/23\/nominaciones-de-los-xi-premios-platino-xcaret\/"]}]},{"@type":"ImageObject","inLanguage":"es","@id":"https:\/\/zeromagazine.mx\/index.php\/2024\/02\/23\/nominaciones-de-los-xi-premios-platino-xcaret\/#primaryimage","url":"https:\/\/i0.wp.com\/zeromagazine.mx\/wp-content\/uploads\/2024\/02\/Foto-Familiar_By-Victor-Chavez-60.jpg?fit=1197%2C834&ssl=1","contentUrl":"https:\/\/i0.wp.com\/zeromagazine.mx\/wp-content\/uploads\/2024\/02\/Foto-Familiar_By-Victor-Chavez-60.jpg?fit=1197%2C834&ssl=1","width":1197,"height":834},{"@type":"BreadcrumbList","@id":"https:\/\/zeromagazine.mx\/index.php\/2024\/02\/23\/nominaciones-de-los-xi-premios-platino-xcaret\/#breadcrumb","itemListElement":[{"@type":"ListItem","position":1,"name":"Portada","item":"https:\/\/zeromagazine.mx\/"},{"@type":"ListItem","position":2,"name":"Nominaciones de los XI Premios Platino XCARET"}]},{"@type":"WebSite","@id":"https:\/\/zeromagazine.mx\/#website","url":"https:\/\/zeromagazine.mx\/","name":"Zero Magazine","description":"","publisher":{"@id":"https:\/\/zeromagazine.mx\/#organization"},"potentialAction":[{"@type":"SearchAction","target":{"@type":"EntryPoint","urlTemplate":"https:\/\/zeromagazine.mx\/?s={search_term_string}"},"query-input":{"@type":"PropertyValueSpecification","valueRequired":true,"valueName":"search_term_string"}}],"inLanguage":"es"},{"@type":"Organization","@id":"https:\/\/zeromagazine.mx\/#organization","name":"Zero Magazine","url":"https:\/\/zeromagazine.mx\/","logo":{"@type":"ImageObject","inLanguage":"es","@id":"https:\/\/zeromagazine.mx\/#\/schema\/logo\/image\/","url":"https:\/\/i0.wp.com\/zeromagazine.mx\/wp-content\/uploads\/2025\/11\/1.jpeg?fit=1000%2C1000&ssl=1","contentUrl":"https:\/\/i0.wp.com\/zeromagazine.mx\/wp-content\/uploads\/2025\/11\/1.jpeg?fit=1000%2C1000&ssl=1","width":1000,"height":1000,"caption":"Zero Magazine"},"image":{"@id":"https:\/\/zeromagazine.mx\/#\/schema\/logo\/image\/"},"sameAs":["https:\/\/instagram.com\/zeromagazinemx"]},{"@type":"Person","@id":"https:\/\/zeromagazine.mx\/#\/schema\/person\/9aed9f33a7c39af3a348b86d723f7773","name":"zeromagazinemx","image":{"@type":"ImageObject","inLanguage":"es","@id":"https:\/\/zeromagazine.mx\/wp-content\/litespeed\/avatar\/f91dfe5410d5dcb1a576bf8c45983896.jpg?ver=1776966396","url":"https:\/\/zeromagazine.mx\/wp-content\/litespeed\/avatar\/f91dfe5410d5dcb1a576bf8c45983896.jpg?ver=1776966396","contentUrl":"https:\/\/zeromagazine.mx\/wp-content\/litespeed\/avatar\/f91dfe5410d5dcb1a576bf8c45983896.jpg?ver=1776966396","caption":"zeromagazinemx"},"url":"https:\/\/zeromagazine.mx\/index.php\/author\/zeromagazinemx\/"}]}},"jetpack_publicize_connections":[],"jetpack_featured_media_url":"https:\/\/i0.wp.com\/zeromagazine.mx\/wp-content\/uploads\/2024\/02\/Foto-Familiar_By-Victor-Chavez-60.jpg?fit=1197%2C834&ssl=1","jetpack-related-posts":[{"id":73606,"url":"https:\/\/zeromagazine.mx\/index.php\/2024\/04\/10\/brilla-en-los-premios-platino-xcaret-2024\/","url_meta":{"origin":71247,"position":0},"title":"Brilla en los Premios PLATINO XCARET 2024","author":"zeromagazinemx","date":"10 de abril de 2024","format":false,"excerpt":"Las grandes estrellas del cine y las series de Iberoam\u00e9rica est\u00e1n listas para brillar una vez m\u00e1s en la XI edici\u00f3n de los Premios PLATINO XCARET 2024. \u00bfEmocionadxs? Yo s\u00ed, porque la cita ser\u00e1 el pr\u00f3ximo s\u00e1bado 20 de abril en el Teatro Gran Tlachco del parque Xcaret, en Riviera\u2026","rel":"","context":"En \u00abEntretenimiento\u00bb","block_context":{"text":"Entretenimiento","link":"https:\/\/zeromagazine.mx\/index.php\/category\/entretenimiento\/"},"img":{"alt_text":"","src":"https:\/\/i0.wp.com\/zeromagazine.mx\/wp-content\/uploads\/2024\/04\/unnamed-15.jpg?fit=937%2C625&ssl=1&resize=350%2C200","width":350,"height":200,"srcset":"https:\/\/i0.wp.com\/zeromagazine.mx\/wp-content\/uploads\/2024\/04\/unnamed-15.jpg?fit=937%2C625&ssl=1&resize=350%2C200 1x, https:\/\/i0.wp.com\/zeromagazine.mx\/wp-content\/uploads\/2024\/04\/unnamed-15.jpg?fit=937%2C625&ssl=1&resize=525%2C300 1.5x, https:\/\/i0.wp.com\/zeromagazine.mx\/wp-content\/uploads\/2024\/04\/unnamed-15.jpg?fit=937%2C625&ssl=1&resize=700%2C400 2x"},"classes":[]},{"id":73468,"url":"https:\/\/zeromagazine.mx\/index.php\/2024\/04\/08\/premios-platino-xcaret\/","url_meta":{"origin":71247,"position":1},"title":"Premios PLATINO XCARET","author":"zeromagazinemx","date":"8 de abril de 2024","format":false,"excerpt":"La XI Edici\u00f3n de los Premios PLATINO XCARET est\u00e1 a la vuelta de la esquina y \u00a1qu\u00e9 cartel tan alucinante tenemos este a\u00f1o! Prep\u00e1rense para una noche inolvidable llena de m\u00fasica, talento y celebraci\u00f3n, porque este evento promete ser \u00e9pico. Para empezar, echen un vistazo a este incre\u00edble lineup de\u2026","rel":"","context":"En \u00abEntretenimiento\u00bb","block_context":{"text":"Entretenimiento","link":"https:\/\/zeromagazine.mx\/index.php\/category\/entretenimiento\/"},"img":{"alt_text":"","src":"https:\/\/i0.wp.com\/zeromagazine.mx\/wp-content\/uploads\/2024\/04\/unnamed-18.png?fit=1200%2C794&ssl=1&resize=350%2C200","width":350,"height":200,"srcset":"https:\/\/i0.wp.com\/zeromagazine.mx\/wp-content\/uploads\/2024\/04\/unnamed-18.png?fit=1200%2C794&ssl=1&resize=350%2C200 1x, https:\/\/i0.wp.com\/zeromagazine.mx\/wp-content\/uploads\/2024\/04\/unnamed-18.png?fit=1200%2C794&ssl=1&resize=525%2C300 1.5x, https:\/\/i0.wp.com\/zeromagazine.mx\/wp-content\/uploads\/2024\/04\/unnamed-18.png?fit=1200%2C794&ssl=1&resize=700%2C400 2x, https:\/\/i0.wp.com\/zeromagazine.mx\/wp-content\/uploads\/2024\/04\/unnamed-18.png?fit=1200%2C794&ssl=1&resize=1050%2C600 3x"},"classes":[]},{"id":115870,"url":"https:\/\/zeromagazine.mx\/index.php\/2026\/02\/24\/premios-platino-xcaret-cartel-oficial-xiii-edicion\/","url_meta":{"origin":71247,"position":2},"title":"Premios PLATINO XCARET estrenan cartel","author":"zeromagazinemx","date":"24 de febrero de 2026","format":false,"excerpt":"El hype ya est\u00e1 aqu\u00ed. Los Premios PLATINO XCARET acaban de revelar el cartel oficial de su XIII edici\u00f3n y, honestamente, es de esas im\u00e1genes que se sienten como un fotograma listo para cobrar vida. La nueva identidad visual no solo presenta el ic\u00f3nico trofeo, sino que lo convierte en\u2026","rel":"","context":"En \u00abBlog\u00bb","block_context":{"text":"Blog","link":"https:\/\/zeromagazine.mx\/index.php\/category\/blog\/"},"img":{"alt_text":"","src":"https:\/\/i0.wp.com\/zeromagazine.mx\/wp-content\/uploads\/2026\/02\/unnamed-4-1-scaled.jpg?fit=863%2C1200&ssl=1&resize=350%2C200","width":350,"height":200,"srcset":"https:\/\/i0.wp.com\/zeromagazine.mx\/wp-content\/uploads\/2026\/02\/unnamed-4-1-scaled.jpg?fit=863%2C1200&ssl=1&resize=350%2C200 1x, https:\/\/i0.wp.com\/zeromagazine.mx\/wp-content\/uploads\/2026\/02\/unnamed-4-1-scaled.jpg?fit=863%2C1200&ssl=1&resize=525%2C300 1.5x, https:\/\/i0.wp.com\/zeromagazine.mx\/wp-content\/uploads\/2026\/02\/unnamed-4-1-scaled.jpg?fit=863%2C1200&ssl=1&resize=700%2C400 2x"},"classes":[]},{"id":114383,"url":"https:\/\/zeromagazine.mx\/index.php\/2026\/01\/29\/premios-platino-xcaret-preselecciones-2025\/","url_meta":{"origin":71247,"position":3},"title":"Premios PLATINO XCARET: M\u00e9xico Lidera","author":"zeromagazinemx","date":"29 de enero de 2026","format":false,"excerpt":"Si te gusta seguir el cine iberoamericano, las premiaciones con drama, talento y conversaci\u00f3n cultural real, prep\u00e1rate: los Premios PLATINO XCARET acaban de revelar las preselecciones de su XIII edici\u00f3n, y M\u00e9xico viene fuerte \u2014muy fuerte. Entre las producciones mexicanas m\u00e1s destacadas est\u00e1n \u201cNo nos mover\u00e1n\u201d de Pierre Saint-Martin Castellanos\u2026","rel":"","context":"En \u00abCine\u00bb","block_context":{"text":"Cine","link":"https:\/\/zeromagazine.mx\/index.php\/category\/entretenimiento\/cine\/"},"img":{"alt_text":"","src":"https:\/\/i0.wp.com\/zeromagazine.mx\/wp-content\/uploads\/2026\/01\/unnamed-3-1-scaled.jpg?fit=1200%2C800&ssl=1&resize=350%2C200","width":350,"height":200,"srcset":"https:\/\/i0.wp.com\/zeromagazine.mx\/wp-content\/uploads\/2026\/01\/unnamed-3-1-scaled.jpg?fit=1200%2C800&ssl=1&resize=350%2C200 1x, https:\/\/i0.wp.com\/zeromagazine.mx\/wp-content\/uploads\/2026\/01\/unnamed-3-1-scaled.jpg?fit=1200%2C800&ssl=1&resize=525%2C300 1.5x, https:\/\/i0.wp.com\/zeromagazine.mx\/wp-content\/uploads\/2026\/01\/unnamed-3-1-scaled.jpg?fit=1200%2C800&ssl=1&resize=700%2C400 2x, https:\/\/i0.wp.com\/zeromagazine.mx\/wp-content\/uploads\/2026\/01\/unnamed-3-1-scaled.jpg?fit=1200%2C800&ssl=1&resize=1050%2C600 3x"},"classes":[]},{"id":97594,"url":"https:\/\/zeromagazine.mx\/index.php\/2025\/02\/26\/mexico-en-premios-platino2025\/","url_meta":{"origin":71247,"position":4},"title":"Producciones Mexicanas en PLATINO","author":"David Morales","date":"26 de febrero de 2025","format":false,"excerpt":"El cine y las series mexicanas est\u00e1n rompi\u00e9ndola en la XII Edici\u00f3n de los Premios PLATINO, liderando las candidaturas nacionales con \"Pedro P\u00e1ramo\" y \"Cada minuto cuenta\". Estos premios, que celebran lo mejor del audiovisual iberoamericano, han puesto en la mira varias producciones nacionales que podr\u00edan llevarse un reconocimiento importante\u2026","rel":"","context":"En \u00abCultura\u00bb","block_context":{"text":"Cultura","link":"https:\/\/zeromagazine.mx\/index.php\/category\/cultura\/"},"img":{"alt_text":"","src":"https:\/\/i0.wp.com\/zeromagazine.mx\/wp-content\/uploads\/2025\/02\/Cartel_Final_Premios_Platino_logos_2025_rgb.jpg?fit=907%2C1200&ssl=1&resize=350%2C200","width":350,"height":200,"srcset":"https:\/\/i0.wp.com\/zeromagazine.mx\/wp-content\/uploads\/2025\/02\/Cartel_Final_Premios_Platino_logos_2025_rgb.jpg?fit=907%2C1200&ssl=1&resize=350%2C200 1x, https:\/\/i0.wp.com\/zeromagazine.mx\/wp-content\/uploads\/2025\/02\/Cartel_Final_Premios_Platino_logos_2025_rgb.jpg?fit=907%2C1200&ssl=1&resize=525%2C300 1.5x, https:\/\/i0.wp.com\/zeromagazine.mx\/wp-content\/uploads\/2025\/02\/Cartel_Final_Premios_Platino_logos_2025_rgb.jpg?fit=907%2C1200&ssl=1&resize=700%2C400 2x"},"classes":[]},{"id":116922,"url":"https:\/\/zeromagazine.mx\/index.php\/2026\/03\/18\/feria-xcaret-arte-popular-libro-2025\/","url_meta":{"origin":71247,"position":5},"title":"Grupo Xcaret presenta el libro de Feria Xcaret de Arte Popular Mexicano 2025 y una muestra fotogr\u00e1fica de las piezas ganadoras de las dos ediciones pasadas","author":"David Morales","date":"18 de marzo de 2026","format":false,"excerpt":"La\u00a0Feria Xcaret Arte Popular\u00a0sigue consolid\u00e1ndose como uno de los espacios m\u00e1s importantes para reconocer y difundir el talento artesanal de M\u00e9xico. En esta ocasi\u00f3n,\u00a0Grupo Xcaret\u00a0present\u00f3 un libro especial que documenta lo mejor de la edici\u00f3n 2025, acompa\u00f1ado por una exposici\u00f3n fotogr\u00e1fica que muestra algunas de las piezas ganadoras de ediciones\u2026","rel":"","context":"En \u00abBlog\u00bb","block_context":{"text":"Blog","link":"https:\/\/zeromagazine.mx\/index.php\/category\/blog\/"},"img":{"alt_text":"","src":"https:\/\/i0.wp.com\/zeromagazine.mx\/wp-content\/uploads\/2026\/03\/IMG_1766.jpeg?fit=1200%2C900&ssl=1&resize=350%2C200","width":350,"height":200,"srcset":"https:\/\/i0.wp.com\/zeromagazine.mx\/wp-content\/uploads\/2026\/03\/IMG_1766.jpeg?fit=1200%2C900&ssl=1&resize=350%2C200 1x, https:\/\/i0.wp.com\/zeromagazine.mx\/wp-content\/uploads\/2026\/03\/IMG_1766.jpeg?fit=1200%2C900&ssl=1&resize=525%2C300 1.5x, https:\/\/i0.wp.com\/zeromagazine.mx\/wp-content\/uploads\/2026\/03\/IMG_1766.jpeg?fit=1200%2C900&ssl=1&resize=700%2C400 2x, https:\/\/i0.wp.com\/zeromagazine.mx\/wp-content\/uploads\/2026\/03\/IMG_1766.jpeg?fit=1200%2C900&ssl=1&resize=1050%2C600 3x"},"classes":[]}],"jetpack_sharing_enabled":true,"builder_content":"","_links":{"self":[{"href":"https:\/\/zeromagazine.mx\/index.php\/wp-json\/wp\/v2\/posts\/71247","targetHints":{"allow":["GET"]}}],"collection":[{"href":"https:\/\/zeromagazine.mx\/index.php\/wp-json\/wp\/v2\/posts"}],"about":[{"href":"https:\/\/zeromagazine.mx\/index.php\/wp-json\/wp\/v2\/types\/post"}],"author":[{"embeddable":true,"href":"https:\/\/zeromagazine.mx\/index.php\/wp-json\/wp\/v2\/users\/2"}],"replies":[{"embeddable":true,"href":"https:\/\/zeromagazine.mx\/index.php\/wp-json\/wp\/v2\/comments?post=71247"}],"version-history":[{"count":3,"href":"https:\/\/zeromagazine.mx\/index.php\/wp-json\/wp\/v2\/posts\/71247\/revisions"}],"predecessor-version":[{"id":71277,"href":"https:\/\/zeromagazine.mx\/index.php\/wp-json\/wp\/v2\/posts\/71247\/revisions\/71277"}],"wp:featuredmedia":[{"embeddable":true,"href":"https:\/\/zeromagazine.mx\/index.php\/wp-json\/wp\/v2\/media\/71249"}],"wp:attachment":[{"href":"https:\/\/zeromagazine.mx\/index.php\/wp-json\/wp\/v2\/media?parent=71247"}],"wp:term":[{"taxonomy":"category","embeddable":true,"href":"https:\/\/zeromagazine.mx\/index.php\/wp-json\/wp\/v2\/categories?post=71247"},{"taxonomy":"post_tag","embeddable":true,"href":"https:\/\/zeromagazine.mx\/index.php\/wp-json\/wp\/v2\/tags?post=71247"}],"curies":[{"name":"wp","href":"https:\/\/api.w.org\/{rel}","templated":true}]}}