{"id":71345,"date":"2024-02-28T21:17:13","date_gmt":"2024-02-28T20:17:13","guid":{"rendered":"https:\/\/zeromagazine.mx\/?p=71345"},"modified":"2024-02-28T21:19:58","modified_gmt":"2024-02-28T20:19:58","slug":"revitaliza-tu-piel-y-cabello-con-lifeway-kefir-una-solucion-probiotica","status":"publish","type":"post","link":"https:\/\/zeromagazine.mx\/index.php\/2024\/02\/28\/revitaliza-tu-piel-y-cabello-con-lifeway-kefir-una-solucion-probiotica\/","title":{"rendered":"Revitaliza tu piel y cabello con Lifeway K\u00e9fir: Una soluci\u00f3n probi\u00f3tica"},"content":{"rendered":"<p>Les quiero contar de algo incre\u00edble que encontr\u00e9 para darle un boost a nuestra piel y cabello en este 2024 ca\u00f3tico pero lleno de posibilidades. Resulta que Lifeway K\u00e9fir est\u00e1 revolucionando el juego de las bebidas fermentadas y quiero compartirles todos los detalles.<\/p>\n\n\n\n<script async src=\"https:\/\/pagead2.googlesyndication.com\/pagead\/js\/adsbygoogle.js?client=ca-pub-5499304793904745\"\n     crossorigin=\"anonymous\"><\/script>\n<ins class=\"adsbygoogle\"\n     style=\"display:block; text-align:center;\"\n     data-ad-layout=\"in-article\"\n     data-ad-format=\"fluid\"\n     data-ad-client=\"ca-pub-5499304793904745\"\n     data-ad-slot=\"5994863093\"><\/ins>\n<script>\n     (adsbygoogle = window.adsbygoogle || []).push({});\n<\/script>\n\n\n\n<p>Lifeway K\u00e9fir ha estado en el juego desde hace m\u00e1s de 30 a\u00f1os, y su compromiso con la calidad y la innovaci\u00f3n es simplemente impecable. \u00bfY saben qu\u00e9 es lo mejor? Todos sus productos est\u00e1n cargados con 12 cepas de probi\u00f3ticos vivos y activos, lo que los hace s\u00faper poderosos para nuestra salud digestiva y nuestro bienestar general.<\/p>\n\n\n\n<div class=\"wp-block-columns is-layout-flex wp-container-core-columns-is-layout-9d6595d7 wp-block-columns-is-layout-flex\">\n<div class=\"wp-block-column is-layout-flow wp-block-column-is-layout-flow\">\n<figure class=\"wp-block-image size-large\"><img data-recalc-dims=\"1\" decoding=\"async\" width=\"1024\" height=\"1024\" src=\"https:\/\/i0.wp.com\/zeromagazine.mx\/wp-content\/uploads\/2024\/02\/Lifeway-2-1024x1024.jpeg?resize=1024%2C1024&#038;ssl=1\" alt=\"\" class=\"wp-image-71347\" srcset=\"https:\/\/i0.wp.com\/zeromagazine.mx\/wp-content\/uploads\/2024\/02\/Lifeway-2.jpeg?resize=1024%2C1024&amp;ssl=1 1024w, https:\/\/i0.wp.com\/zeromagazine.mx\/wp-content\/uploads\/2024\/02\/Lifeway-2.jpeg?resize=300%2C300&amp;ssl=1 300w, https:\/\/i0.wp.com\/zeromagazine.mx\/wp-content\/uploads\/2024\/02\/Lifeway-2.jpeg?resize=150%2C150&amp;ssl=1 150w, https:\/\/i0.wp.com\/zeromagazine.mx\/wp-content\/uploads\/2024\/02\/Lifeway-2.jpeg?resize=768%2C768&amp;ssl=1 768w, https:\/\/i0.wp.com\/zeromagazine.mx\/wp-content\/uploads\/2024\/02\/Lifeway-2.jpeg?w=1080&amp;ssl=1 1080w\" sizes=\"(max-width: 1024px) 100vw, 1024px\" \/><\/figure>\n<\/div>\n\n\n\n<div class=\"wp-block-column is-layout-flow wp-block-column-is-layout-flow\">\n<figure class=\"wp-block-image size-large\"><img data-recalc-dims=\"1\" decoding=\"async\" width=\"1024\" height=\"1024\" src=\"https:\/\/i0.wp.com\/zeromagazine.mx\/wp-content\/uploads\/2024\/02\/Lifeway-4-2-1024x1024.jpeg?resize=1024%2C1024&#038;ssl=1\" alt=\"\" class=\"wp-image-71364\" srcset=\"https:\/\/i0.wp.com\/zeromagazine.mx\/wp-content\/uploads\/2024\/02\/Lifeway-4-2.jpeg?resize=1024%2C1024&amp;ssl=1 1024w, https:\/\/i0.wp.com\/zeromagazine.mx\/wp-content\/uploads\/2024\/02\/Lifeway-4-2.jpeg?resize=300%2C300&amp;ssl=1 300w, https:\/\/i0.wp.com\/zeromagazine.mx\/wp-content\/uploads\/2024\/02\/Lifeway-4-2.jpeg?resize=150%2C150&amp;ssl=1 150w, https:\/\/i0.wp.com\/zeromagazine.mx\/wp-content\/uploads\/2024\/02\/Lifeway-4-2.jpeg?resize=768%2C768&amp;ssl=1 768w, https:\/\/i0.wp.com\/zeromagazine.mx\/wp-content\/uploads\/2024\/02\/Lifeway-4-2.jpeg?w=1080&amp;ssl=1 1080w\" sizes=\"(max-width: 1024px) 100vw, 1024px\" \/><\/figure>\n<\/div>\n<\/div>\n\n\n\n<p><\/p>\n\n\n\n<p>Bien, resulta que lo que comemos afecta directamente nuestra piel y cabello. Por eso, sumar Lifeway K\u00e9fir a nuestra dieta equilibrada es como darle un abrazo interno a nuestra microbiota intestinal. Y saben qu\u00e9 pasa cuando la microbiota est\u00e1 feliz, \u00bfno? Piel radiante y cabello envidiable.<\/p>\n\n\n\n<script async src=\"https:\/\/pagead2.googlesyndication.com\/pagead\/js\/adsbygoogle.js?client=ca-pub-5499304793904745\"\n     crossorigin=\"anonymous\"><\/script>\n<ins class=\"adsbygoogle\"\n     style=\"display:block; text-align:center;\"\n     data-ad-layout=\"in-article\"\n     data-ad-format=\"fluid\"\n     data-ad-client=\"ca-pub-5499304793904745\"\n     data-ad-slot=\"5994863093\"><\/ins>\n<script>\n     (adsbygoogle = window.adsbygoogle || []).push({});\n<\/script>\n\n\n\n<p>Ahora, no solo se trata de estar bien por fuera. Resulta que cuando tenemos problemas intestinales, se descontrola toda la onda de las bacterias buenas en nuestro est\u00f3mago, lo que puede causar estragos en nuestra piel. Y nadie quiere lidiar con acn\u00e9 y eccema, \u00bfverdad? As\u00ed que una dieta balanceada con antioxidantes y probi\u00f3ticos es justo lo que necesitamos para mantener esa microbiota intestinal en buen estado y nuestra piel resplandeciente.<\/p>\n\n\n\n<div class=\"wp-block-columns is-layout-flex wp-container-core-columns-is-layout-9d6595d7 wp-block-columns-is-layout-flex\">\n<div class=\"wp-block-column is-layout-flow wp-block-column-is-layout-flow\">\n<figure class=\"wp-block-image size-large\"><img data-recalc-dims=\"1\" decoding=\"async\" width=\"1024\" height=\"1024\" src=\"https:\/\/i0.wp.com\/zeromagazine.mx\/wp-content\/uploads\/2024\/02\/Lifeway-5-1024x1024.jpeg?resize=1024%2C1024&#038;ssl=1\" alt=\"\" class=\"wp-image-71353\" srcset=\"https:\/\/i0.wp.com\/zeromagazine.mx\/wp-content\/uploads\/2024\/02\/Lifeway-5.jpeg?resize=1024%2C1024&amp;ssl=1 1024w, https:\/\/i0.wp.com\/zeromagazine.mx\/wp-content\/uploads\/2024\/02\/Lifeway-5.jpeg?resize=300%2C300&amp;ssl=1 300w, https:\/\/i0.wp.com\/zeromagazine.mx\/wp-content\/uploads\/2024\/02\/Lifeway-5.jpeg?resize=150%2C150&amp;ssl=1 150w, https:\/\/i0.wp.com\/zeromagazine.mx\/wp-content\/uploads\/2024\/02\/Lifeway-5.jpeg?resize=768%2C768&amp;ssl=1 768w, https:\/\/i0.wp.com\/zeromagazine.mx\/wp-content\/uploads\/2024\/02\/Lifeway-5.jpeg?w=1080&amp;ssl=1 1080w\" sizes=\"(max-width: 1024px) 100vw, 1024px\" \/><\/figure>\n<\/div>\n\n\n\n<div class=\"wp-block-column is-layout-flow wp-block-column-is-layout-flow\">\n<figure class=\"wp-block-image size-large\"><img data-recalc-dims=\"1\" decoding=\"async\" width=\"1024\" height=\"1024\" src=\"https:\/\/i0.wp.com\/zeromagazine.mx\/wp-content\/uploads\/2024\/02\/Lifeway-3-2-1024x1024.jpeg?resize=1024%2C1024&#038;ssl=1\" alt=\"\" class=\"wp-image-71357\" srcset=\"https:\/\/i0.wp.com\/zeromagazine.mx\/wp-content\/uploads\/2024\/02\/Lifeway-3-2.jpeg?resize=1024%2C1024&amp;ssl=1 1024w, https:\/\/i0.wp.com\/zeromagazine.mx\/wp-content\/uploads\/2024\/02\/Lifeway-3-2.jpeg?resize=300%2C300&amp;ssl=1 300w, https:\/\/i0.wp.com\/zeromagazine.mx\/wp-content\/uploads\/2024\/02\/Lifeway-3-2.jpeg?resize=150%2C150&amp;ssl=1 150w, https:\/\/i0.wp.com\/zeromagazine.mx\/wp-content\/uploads\/2024\/02\/Lifeway-3-2.jpeg?resize=768%2C768&amp;ssl=1 768w, https:\/\/i0.wp.com\/zeromagazine.mx\/wp-content\/uploads\/2024\/02\/Lifeway-3-2.jpeg?w=1080&amp;ssl=1 1080w\" sizes=\"(max-width: 1024px) 100vw, 1024px\" \/><\/figure>\n<\/div>\n<\/div>\n\n\n\n<p><\/p>\n\n\n\n<p>Tambi\u00e9n tenemos que halar del cabello. \u00bfHan notado que cuando nuestro est\u00f3mago anda mal, nuestro cabello tambi\u00e9n sufre las consecuencias? Pues los amino\u00e1cidos en estas bebidas son como el elixir m\u00e1gico para un cabello fuerte y brillante. Y s\u00ed, tambi\u00e9n contienen vitaminas y minerales que son como un abrazo para nuestra salud capilar.<\/p>\n\n\n\n<script async src=\"https:\/\/pagead2.googlesyndication.com\/pagead\/js\/adsbygoogle.js?client=ca-pub-5499304793904745\"\n     crossorigin=\"anonymous\"><\/script>\n<ins class=\"adsbygoogle\"\n     style=\"display:block; text-align:center;\"\n     data-ad-layout=\"in-article\"\n     data-ad-format=\"fluid\"\n     data-ad-client=\"ca-pub-5499304793904745\"\n     data-ad-slot=\"5994863093\"><\/ins>\n<script>\n     (adsbygoogle = window.adsbygoogle || []).push({});\n<\/script>\n\n\n\n<p>As\u00ed que no lo piensen m\u00e1s, \u00fananse a la revoluci\u00f3n de Lifeway K\u00e9fir. Descubran el poder de estas cepas probi\u00f3ticas y dense el gusto de revitalizar su piel y cabello desde adentro. \u00a1A darle con todo en este viaje hacia una vida m\u00e1s saludable!<\/p>\n\n\n\n<script async src=\"https:\/\/pagead2.googlesyndication.com\/pagead\/js\/adsbygoogle.js?client=ca-pub-5499304793904745\"\n     crossorigin=\"anonymous\"><\/script>\n<ins class=\"adsbygoogle\"\n     style=\"display:block; text-align:center;\"\n     data-ad-layout=\"in-article\"\n     data-ad-format=\"fluid\"\n     data-ad-client=\"ca-pub-5499304793904745\"\n     data-ad-slot=\"5994863093\"><\/ins>\n<script>\n     (adsbygoogle = window.adsbygoogle || []).push({});\n<\/script>\n\n<!--themify_builder_content-->\n<div id=\"themify_builder_content-71345\" data-postid=\"71345\" class=\"themify_builder_content themify_builder_content-71345 themify_builder tf_clear\">\n    <\/div>\n<!--\/themify_builder_content-->","protected":false},"excerpt":{"rendered":"<p>Les quiero contar de algo incre\u00edble que encontr\u00e9 para darle un boost a nuestra piel y cabello en este 2024 ca\u00f3tico pero lleno de posibilidades. Resulta que Lifeway K\u00e9fir est\u00e1 revolucionando el juego de las bebidas fermentadas y quiero compartirles todos los detalles. Lifeway K\u00e9fir ha estado en el juego desde hace m\u00e1s de 30 [&hellip;]<\/p>\n","protected":false},"author":2,"featured_media":71360,"comment_status":"open","ping_status":"open","sticky":false,"template":"","format":"standard","meta":{"_jetpack_memberships_contains_paid_content":false,"footnotes":"","jetpack_publicize_message":"","jetpack_publicize_feature_enabled":true,"jetpack_social_post_already_shared":false,"jetpack_social_options":{"image_generator_settings":{"template":"highway","default_image_id":0,"font":"","enabled":false},"version":2}},"categories":[6870],"tags":[86,7116,6694,7115],"class_list":["post-71345","post","type-post","status-publish","format-standard","has-post-thumbnail","hentry","category-foodie","tag-cuidado-de-la-piel","tag-cuidado-del-cabello","tag-lifeway-kefir","tag-probioticos","has-post-title","has-post-date","has-post-category","has-post-tag","has-post-comment","has-post-author",""],"yoast_head":"<!-- This site is optimized with the Yoast SEO plugin v27.5 - https:\/\/yoast.com\/product\/yoast-seo-wordpress\/ -->\n<title>Revitaliza tu piel y cabello con Lifeway K\u00e9fir: Una soluci\u00f3n probi\u00f3tica - Zero Magazine<\/title>\n<meta name=\"robots\" content=\"index, follow, max-snippet:-1, max-image-preview:large, max-video-preview:-1\" \/>\n<link rel=\"canonical\" href=\"https:\/\/zeromagazine.mx\/index.php\/2024\/02\/28\/revitaliza-tu-piel-y-cabello-con-lifeway-kefir-una-solucion-probiotica\/\" \/>\n<meta property=\"og:locale\" content=\"es_ES\" \/>\n<meta property=\"og:type\" content=\"article\" \/>\n<meta property=\"og:title\" content=\"Revitaliza tu piel y cabello con Lifeway K\u00e9fir: Una soluci\u00f3n probi\u00f3tica - Zero Magazine\" \/>\n<meta property=\"og:description\" content=\"Les quiero contar de algo incre\u00edble que encontr\u00e9 para darle un boost a nuestra piel y cabello en este 2024 ca\u00f3tico pero lleno de posibilidades. Resulta que Lifeway K\u00e9fir est\u00e1 revolucionando el juego de las bebidas fermentadas y quiero compartirles todos los detalles. Lifeway K\u00e9fir ha estado en el juego desde hace m\u00e1s de 30 [&hellip;]\" \/>\n<meta property=\"og:url\" content=\"https:\/\/zeromagazine.mx\/index.php\/2024\/02\/28\/revitaliza-tu-piel-y-cabello-con-lifeway-kefir-una-solucion-probiotica\/\" \/>\n<meta property=\"og:site_name\" content=\"Zero Magazine\" \/>\n<meta property=\"article:published_time\" content=\"2024-02-28T20:17:13+00:00\" \/>\n<meta property=\"article:modified_time\" content=\"2024-02-28T20:19:58+00:00\" \/>\n<meta property=\"og:image\" content=\"https:\/\/i0.wp.com\/zeromagazine.mx\/wp-content\/uploads\/2024\/02\/Lifeway-1-1-1.jpeg?fit=1080%2C1080&ssl=1\" \/>\n\t<meta property=\"og:image:width\" content=\"1080\" \/>\n\t<meta property=\"og:image:height\" content=\"1080\" \/>\n\t<meta property=\"og:image:type\" content=\"image\/jpeg\" \/>\n<meta name=\"author\" content=\"zeromagazinemx\" \/>\n<meta name=\"twitter:card\" content=\"summary_large_image\" \/>\n<meta name=\"twitter:label1\" content=\"Escrito por\" \/>\n\t<meta name=\"twitter:data1\" content=\"zeromagazinemx\" \/>\n\t<meta name=\"twitter:label2\" content=\"Tiempo de lectura\" \/>\n\t<meta name=\"twitter:data2\" content=\"2 minutos\" \/>\n<script type=\"application\/ld+json\" class=\"yoast-schema-graph\">{\"@context\":\"https:\\\/\\\/schema.org\",\"@graph\":[{\"@type\":\"Article\",\"@id\":\"https:\\\/\\\/zeromagazine.mx\\\/index.php\\\/2024\\\/02\\\/28\\\/revitaliza-tu-piel-y-cabello-con-lifeway-kefir-una-solucion-probiotica\\\/#article\",\"isPartOf\":{\"@id\":\"https:\\\/\\\/zeromagazine.mx\\\/index.php\\\/2024\\\/02\\\/28\\\/revitaliza-tu-piel-y-cabello-con-lifeway-kefir-una-solucion-probiotica\\\/\"},\"author\":{\"name\":\"zeromagazinemx\",\"@id\":\"https:\\\/\\\/zeromagazine.mx\\\/#\\\/schema\\\/person\\\/9aed9f33a7c39af3a348b86d723f7773\"},\"headline\":\"Revitaliza tu piel y cabello con Lifeway K\u00e9fir: Una soluci\u00f3n probi\u00f3tica\",\"datePublished\":\"2024-02-28T20:17:13+00:00\",\"dateModified\":\"2024-02-28T20:19:58+00:00\",\"mainEntityOfPage\":{\"@id\":\"https:\\\/\\\/zeromagazine.mx\\\/index.php\\\/2024\\\/02\\\/28\\\/revitaliza-tu-piel-y-cabello-con-lifeway-kefir-una-solucion-probiotica\\\/\"},\"wordCount\":350,\"commentCount\":0,\"publisher\":{\"@id\":\"https:\\\/\\\/zeromagazine.mx\\\/#organization\"},\"image\":{\"@id\":\"https:\\\/\\\/zeromagazine.mx\\\/index.php\\\/2024\\\/02\\\/28\\\/revitaliza-tu-piel-y-cabello-con-lifeway-kefir-una-solucion-probiotica\\\/#primaryimage\"},\"thumbnailUrl\":\"https:\\\/\\\/i0.wp.com\\\/zeromagazine.mx\\\/wp-content\\\/uploads\\\/2024\\\/02\\\/Lifeway-1-1-1.jpeg?fit=1080%2C1080&ssl=1\",\"keywords\":[\"cuidado de la piel\",\"Cuidado del cabello\",\"Lifeway K\u00e9fir\",\"Probi\u00f3ticos\"],\"articleSection\":[\"Foodie\"],\"inLanguage\":\"es\",\"potentialAction\":[{\"@type\":\"CommentAction\",\"name\":\"Comment\",\"target\":[\"https:\\\/\\\/zeromagazine.mx\\\/index.php\\\/2024\\\/02\\\/28\\\/revitaliza-tu-piel-y-cabello-con-lifeway-kefir-una-solucion-probiotica\\\/#respond\"]}]},{\"@type\":\"WebPage\",\"@id\":\"https:\\\/\\\/zeromagazine.mx\\\/index.php\\\/2024\\\/02\\\/28\\\/revitaliza-tu-piel-y-cabello-con-lifeway-kefir-una-solucion-probiotica\\\/\",\"url\":\"https:\\\/\\\/zeromagazine.mx\\\/index.php\\\/2024\\\/02\\\/28\\\/revitaliza-tu-piel-y-cabello-con-lifeway-kefir-una-solucion-probiotica\\\/\",\"name\":\"Revitaliza tu piel y cabello con Lifeway K\u00e9fir: Una soluci\u00f3n probi\u00f3tica - Zero Magazine\",\"isPartOf\":{\"@id\":\"https:\\\/\\\/zeromagazine.mx\\\/#website\"},\"primaryImageOfPage\":{\"@id\":\"https:\\\/\\\/zeromagazine.mx\\\/index.php\\\/2024\\\/02\\\/28\\\/revitaliza-tu-piel-y-cabello-con-lifeway-kefir-una-solucion-probiotica\\\/#primaryimage\"},\"image\":{\"@id\":\"https:\\\/\\\/zeromagazine.mx\\\/index.php\\\/2024\\\/02\\\/28\\\/revitaliza-tu-piel-y-cabello-con-lifeway-kefir-una-solucion-probiotica\\\/#primaryimage\"},\"thumbnailUrl\":\"https:\\\/\\\/i0.wp.com\\\/zeromagazine.mx\\\/wp-content\\\/uploads\\\/2024\\\/02\\\/Lifeway-1-1-1.jpeg?fit=1080%2C1080&ssl=1\",\"datePublished\":\"2024-02-28T20:17:13+00:00\",\"dateModified\":\"2024-02-28T20:19:58+00:00\",\"breadcrumb\":{\"@id\":\"https:\\\/\\\/zeromagazine.mx\\\/index.php\\\/2024\\\/02\\\/28\\\/revitaliza-tu-piel-y-cabello-con-lifeway-kefir-una-solucion-probiotica\\\/#breadcrumb\"},\"inLanguage\":\"es\",\"potentialAction\":[{\"@type\":\"ReadAction\",\"target\":[\"https:\\\/\\\/zeromagazine.mx\\\/index.php\\\/2024\\\/02\\\/28\\\/revitaliza-tu-piel-y-cabello-con-lifeway-kefir-una-solucion-probiotica\\\/\"]}]},{\"@type\":\"ImageObject\",\"inLanguage\":\"es\",\"@id\":\"https:\\\/\\\/zeromagazine.mx\\\/index.php\\\/2024\\\/02\\\/28\\\/revitaliza-tu-piel-y-cabello-con-lifeway-kefir-una-solucion-probiotica\\\/#primaryimage\",\"url\":\"https:\\\/\\\/i0.wp.com\\\/zeromagazine.mx\\\/wp-content\\\/uploads\\\/2024\\\/02\\\/Lifeway-1-1-1.jpeg?fit=1080%2C1080&ssl=1\",\"contentUrl\":\"https:\\\/\\\/i0.wp.com\\\/zeromagazine.mx\\\/wp-content\\\/uploads\\\/2024\\\/02\\\/Lifeway-1-1-1.jpeg?fit=1080%2C1080&ssl=1\",\"width\":1080,\"height\":1080},{\"@type\":\"BreadcrumbList\",\"@id\":\"https:\\\/\\\/zeromagazine.mx\\\/index.php\\\/2024\\\/02\\\/28\\\/revitaliza-tu-piel-y-cabello-con-lifeway-kefir-una-solucion-probiotica\\\/#breadcrumb\",\"itemListElement\":[{\"@type\":\"ListItem\",\"position\":1,\"name\":\"Portada\",\"item\":\"https:\\\/\\\/zeromagazine.mx\\\/\"},{\"@type\":\"ListItem\",\"position\":2,\"name\":\"Revitaliza tu piel y cabello con Lifeway K\u00e9fir: Una soluci\u00f3n probi\u00f3tica\"}]},{\"@type\":\"WebSite\",\"@id\":\"https:\\\/\\\/zeromagazine.mx\\\/#website\",\"url\":\"https:\\\/\\\/zeromagazine.mx\\\/\",\"name\":\"Zero Magazine\",\"description\":\"\",\"publisher\":{\"@id\":\"https:\\\/\\\/zeromagazine.mx\\\/#organization\"},\"potentialAction\":[{\"@type\":\"SearchAction\",\"target\":{\"@type\":\"EntryPoint\",\"urlTemplate\":\"https:\\\/\\\/zeromagazine.mx\\\/?s={search_term_string}\"},\"query-input\":{\"@type\":\"PropertyValueSpecification\",\"valueRequired\":true,\"valueName\":\"search_term_string\"}}],\"inLanguage\":\"es\"},{\"@type\":\"Organization\",\"@id\":\"https:\\\/\\\/zeromagazine.mx\\\/#organization\",\"name\":\"Zero Magazine\",\"url\":\"https:\\\/\\\/zeromagazine.mx\\\/\",\"logo\":{\"@type\":\"ImageObject\",\"inLanguage\":\"es\",\"@id\":\"https:\\\/\\\/zeromagazine.mx\\\/#\\\/schema\\\/logo\\\/image\\\/\",\"url\":\"https:\\\/\\\/i0.wp.com\\\/zeromagazine.mx\\\/wp-content\\\/uploads\\\/2025\\\/11\\\/1.jpeg?fit=1000%2C1000&ssl=1\",\"contentUrl\":\"https:\\\/\\\/i0.wp.com\\\/zeromagazine.mx\\\/wp-content\\\/uploads\\\/2025\\\/11\\\/1.jpeg?fit=1000%2C1000&ssl=1\",\"width\":1000,\"height\":1000,\"caption\":\"Zero Magazine\"},\"image\":{\"@id\":\"https:\\\/\\\/zeromagazine.mx\\\/#\\\/schema\\\/logo\\\/image\\\/\"},\"sameAs\":[\"https:\\\/\\\/instagram.com\\\/zeromagazinemx\"]},{\"@type\":\"Person\",\"@id\":\"https:\\\/\\\/zeromagazine.mx\\\/#\\\/schema\\\/person\\\/9aed9f33a7c39af3a348b86d723f7773\",\"name\":\"zeromagazinemx\",\"image\":{\"@type\":\"ImageObject\",\"inLanguage\":\"es\",\"@id\":\"https:\\\/\\\/zeromagazine.mx\\\/wp-content\\\/litespeed\\\/avatar\\\/f91dfe5410d5dcb1a576bf8c45983896.jpg?ver=1777571230\",\"url\":\"https:\\\/\\\/zeromagazine.mx\\\/wp-content\\\/litespeed\\\/avatar\\\/f91dfe5410d5dcb1a576bf8c45983896.jpg?ver=1777571230\",\"contentUrl\":\"https:\\\/\\\/zeromagazine.mx\\\/wp-content\\\/litespeed\\\/avatar\\\/f91dfe5410d5dcb1a576bf8c45983896.jpg?ver=1777571230\",\"caption\":\"zeromagazinemx\"},\"url\":\"https:\\\/\\\/zeromagazine.mx\\\/index.php\\\/author\\\/zeromagazinemx\\\/\"}]}<\/script>\n<!-- \/ Yoast SEO plugin. -->","yoast_head_json":{"title":"Revitaliza tu piel y cabello con Lifeway K\u00e9fir: Una soluci\u00f3n probi\u00f3tica - Zero Magazine","robots":{"index":"index","follow":"follow","max-snippet":"max-snippet:-1","max-image-preview":"max-image-preview:large","max-video-preview":"max-video-preview:-1"},"canonical":"https:\/\/zeromagazine.mx\/index.php\/2024\/02\/28\/revitaliza-tu-piel-y-cabello-con-lifeway-kefir-una-solucion-probiotica\/","og_locale":"es_ES","og_type":"article","og_title":"Revitaliza tu piel y cabello con Lifeway K\u00e9fir: Una soluci\u00f3n probi\u00f3tica - Zero Magazine","og_description":"Les quiero contar de algo incre\u00edble que encontr\u00e9 para darle un boost a nuestra piel y cabello en este 2024 ca\u00f3tico pero lleno de posibilidades. Resulta que Lifeway K\u00e9fir est\u00e1 revolucionando el juego de las bebidas fermentadas y quiero compartirles todos los detalles. Lifeway K\u00e9fir ha estado en el juego desde hace m\u00e1s de 30 [&hellip;]","og_url":"https:\/\/zeromagazine.mx\/index.php\/2024\/02\/28\/revitaliza-tu-piel-y-cabello-con-lifeway-kefir-una-solucion-probiotica\/","og_site_name":"Zero Magazine","article_published_time":"2024-02-28T20:17:13+00:00","article_modified_time":"2024-02-28T20:19:58+00:00","og_image":[{"width":1080,"height":1080,"url":"https:\/\/i0.wp.com\/zeromagazine.mx\/wp-content\/uploads\/2024\/02\/Lifeway-1-1-1.jpeg?fit=1080%2C1080&ssl=1","type":"image\/jpeg"}],"author":"zeromagazinemx","twitter_card":"summary_large_image","twitter_misc":{"Escrito por":"zeromagazinemx","Tiempo de lectura":"2 minutos"},"schema":{"@context":"https:\/\/schema.org","@graph":[{"@type":"Article","@id":"https:\/\/zeromagazine.mx\/index.php\/2024\/02\/28\/revitaliza-tu-piel-y-cabello-con-lifeway-kefir-una-solucion-probiotica\/#article","isPartOf":{"@id":"https:\/\/zeromagazine.mx\/index.php\/2024\/02\/28\/revitaliza-tu-piel-y-cabello-con-lifeway-kefir-una-solucion-probiotica\/"},"author":{"name":"zeromagazinemx","@id":"https:\/\/zeromagazine.mx\/#\/schema\/person\/9aed9f33a7c39af3a348b86d723f7773"},"headline":"Revitaliza tu piel y cabello con Lifeway K\u00e9fir: Una soluci\u00f3n probi\u00f3tica","datePublished":"2024-02-28T20:17:13+00:00","dateModified":"2024-02-28T20:19:58+00:00","mainEntityOfPage":{"@id":"https:\/\/zeromagazine.mx\/index.php\/2024\/02\/28\/revitaliza-tu-piel-y-cabello-con-lifeway-kefir-una-solucion-probiotica\/"},"wordCount":350,"commentCount":0,"publisher":{"@id":"https:\/\/zeromagazine.mx\/#organization"},"image":{"@id":"https:\/\/zeromagazine.mx\/index.php\/2024\/02\/28\/revitaliza-tu-piel-y-cabello-con-lifeway-kefir-una-solucion-probiotica\/#primaryimage"},"thumbnailUrl":"https:\/\/i0.wp.com\/zeromagazine.mx\/wp-content\/uploads\/2024\/02\/Lifeway-1-1-1.jpeg?fit=1080%2C1080&ssl=1","keywords":["cuidado de la piel","Cuidado del cabello","Lifeway K\u00e9fir","Probi\u00f3ticos"],"articleSection":["Foodie"],"inLanguage":"es","potentialAction":[{"@type":"CommentAction","name":"Comment","target":["https:\/\/zeromagazine.mx\/index.php\/2024\/02\/28\/revitaliza-tu-piel-y-cabello-con-lifeway-kefir-una-solucion-probiotica\/#respond"]}]},{"@type":"WebPage","@id":"https:\/\/zeromagazine.mx\/index.php\/2024\/02\/28\/revitaliza-tu-piel-y-cabello-con-lifeway-kefir-una-solucion-probiotica\/","url":"https:\/\/zeromagazine.mx\/index.php\/2024\/02\/28\/revitaliza-tu-piel-y-cabello-con-lifeway-kefir-una-solucion-probiotica\/","name":"Revitaliza tu piel y cabello con Lifeway K\u00e9fir: Una soluci\u00f3n probi\u00f3tica - Zero Magazine","isPartOf":{"@id":"https:\/\/zeromagazine.mx\/#website"},"primaryImageOfPage":{"@id":"https:\/\/zeromagazine.mx\/index.php\/2024\/02\/28\/revitaliza-tu-piel-y-cabello-con-lifeway-kefir-una-solucion-probiotica\/#primaryimage"},"image":{"@id":"https:\/\/zeromagazine.mx\/index.php\/2024\/02\/28\/revitaliza-tu-piel-y-cabello-con-lifeway-kefir-una-solucion-probiotica\/#primaryimage"},"thumbnailUrl":"https:\/\/i0.wp.com\/zeromagazine.mx\/wp-content\/uploads\/2024\/02\/Lifeway-1-1-1.jpeg?fit=1080%2C1080&ssl=1","datePublished":"2024-02-28T20:17:13+00:00","dateModified":"2024-02-28T20:19:58+00:00","breadcrumb":{"@id":"https:\/\/zeromagazine.mx\/index.php\/2024\/02\/28\/revitaliza-tu-piel-y-cabello-con-lifeway-kefir-una-solucion-probiotica\/#breadcrumb"},"inLanguage":"es","potentialAction":[{"@type":"ReadAction","target":["https:\/\/zeromagazine.mx\/index.php\/2024\/02\/28\/revitaliza-tu-piel-y-cabello-con-lifeway-kefir-una-solucion-probiotica\/"]}]},{"@type":"ImageObject","inLanguage":"es","@id":"https:\/\/zeromagazine.mx\/index.php\/2024\/02\/28\/revitaliza-tu-piel-y-cabello-con-lifeway-kefir-una-solucion-probiotica\/#primaryimage","url":"https:\/\/i0.wp.com\/zeromagazine.mx\/wp-content\/uploads\/2024\/02\/Lifeway-1-1-1.jpeg?fit=1080%2C1080&ssl=1","contentUrl":"https:\/\/i0.wp.com\/zeromagazine.mx\/wp-content\/uploads\/2024\/02\/Lifeway-1-1-1.jpeg?fit=1080%2C1080&ssl=1","width":1080,"height":1080},{"@type":"BreadcrumbList","@id":"https:\/\/zeromagazine.mx\/index.php\/2024\/02\/28\/revitaliza-tu-piel-y-cabello-con-lifeway-kefir-una-solucion-probiotica\/#breadcrumb","itemListElement":[{"@type":"ListItem","position":1,"name":"Portada","item":"https:\/\/zeromagazine.mx\/"},{"@type":"ListItem","position":2,"name":"Revitaliza tu piel y cabello con Lifeway K\u00e9fir: Una soluci\u00f3n probi\u00f3tica"}]},{"@type":"WebSite","@id":"https:\/\/zeromagazine.mx\/#website","url":"https:\/\/zeromagazine.mx\/","name":"Zero Magazine","description":"","publisher":{"@id":"https:\/\/zeromagazine.mx\/#organization"},"potentialAction":[{"@type":"SearchAction","target":{"@type":"EntryPoint","urlTemplate":"https:\/\/zeromagazine.mx\/?s={search_term_string}"},"query-input":{"@type":"PropertyValueSpecification","valueRequired":true,"valueName":"search_term_string"}}],"inLanguage":"es"},{"@type":"Organization","@id":"https:\/\/zeromagazine.mx\/#organization","name":"Zero Magazine","url":"https:\/\/zeromagazine.mx\/","logo":{"@type":"ImageObject","inLanguage":"es","@id":"https:\/\/zeromagazine.mx\/#\/schema\/logo\/image\/","url":"https:\/\/i0.wp.com\/zeromagazine.mx\/wp-content\/uploads\/2025\/11\/1.jpeg?fit=1000%2C1000&ssl=1","contentUrl":"https:\/\/i0.wp.com\/zeromagazine.mx\/wp-content\/uploads\/2025\/11\/1.jpeg?fit=1000%2C1000&ssl=1","width":1000,"height":1000,"caption":"Zero Magazine"},"image":{"@id":"https:\/\/zeromagazine.mx\/#\/schema\/logo\/image\/"},"sameAs":["https:\/\/instagram.com\/zeromagazinemx"]},{"@type":"Person","@id":"https:\/\/zeromagazine.mx\/#\/schema\/person\/9aed9f33a7c39af3a348b86d723f7773","name":"zeromagazinemx","image":{"@type":"ImageObject","inLanguage":"es","@id":"https:\/\/zeromagazine.mx\/wp-content\/litespeed\/avatar\/f91dfe5410d5dcb1a576bf8c45983896.jpg?ver=1777571230","url":"https:\/\/zeromagazine.mx\/wp-content\/litespeed\/avatar\/f91dfe5410d5dcb1a576bf8c45983896.jpg?ver=1777571230","contentUrl":"https:\/\/zeromagazine.mx\/wp-content\/litespeed\/avatar\/f91dfe5410d5dcb1a576bf8c45983896.jpg?ver=1777571230","caption":"zeromagazinemx"},"url":"https:\/\/zeromagazine.mx\/index.php\/author\/zeromagazinemx\/"}]}},"jetpack_publicize_connections":[],"jetpack_featured_media_url":"https:\/\/i0.wp.com\/zeromagazine.mx\/wp-content\/uploads\/2024\/02\/Lifeway-1-1-1.jpeg?fit=1080%2C1080&ssl=1","jetpack-related-posts":[{"id":69699,"url":"https:\/\/zeromagazine.mx\/index.php\/2023\/12\/15\/fortaleciendo-la-onda-invernal-lifeway-kefir-tu-aliado-saludable\/","url_meta":{"origin":71345,"position":0},"title":"Fortaleciendo la Onda Invernal: Lifeway K\u00e9fir, tu aliado saludable","author":"David Morales","date":"15 de diciembre de 2023","format":false,"excerpt":"El invierno est\u00e1 aqu\u00ed y, como seres no binarios que disfrutamos de nuestra vida en la Ciudad de M\u00e9xico, sabemos que cuidar de nuestro sistema inmunol\u00f3gico es crucial para sentirnos al \ud83d\udcaf en esta temporada. Es por eso que quiero compartir contigo c\u00f3mo enfrentar este desaf\u00edo y mantenernos fuertes y\u2026","rel":"","context":"En \u00abBienestar\u00bb","block_context":{"text":"Bienestar","link":"https:\/\/zeromagazine.mx\/index.php\/category\/lifestyle\/bienestar\/"},"img":{"alt_text":"","src":"https:\/\/i0.wp.com\/zeromagazine.mx\/wp-content\/uploads\/2023\/12\/unnamed-16.png?fit=720%2C723&ssl=1&resize=350%2C200","width":350,"height":200,"srcset":"https:\/\/i0.wp.com\/zeromagazine.mx\/wp-content\/uploads\/2023\/12\/unnamed-16.png?fit=720%2C723&ssl=1&resize=350%2C200 1x, https:\/\/i0.wp.com\/zeromagazine.mx\/wp-content\/uploads\/2023\/12\/unnamed-16.png?fit=720%2C723&ssl=1&resize=525%2C300 1.5x, https:\/\/i0.wp.com\/zeromagazine.mx\/wp-content\/uploads\/2023\/12\/unnamed-16.png?fit=720%2C723&ssl=1&resize=700%2C400 2x"},"classes":[]},{"id":88670,"url":"https:\/\/zeromagazine.mx\/index.php\/2024\/10\/29\/microbiota-power-para-boost-de-inmunidad\/","url_meta":{"origin":71345,"position":1},"title":"\u00abMicrobiota Power para Boost de Inmunidad\u00bb","author":"zeromagazinemx","date":"29 de octubre de 2024","format":false,"excerpt":"Ya se siente el fall vibe y, con el cambio de clima, nuestro body se vuelve m\u00e1s vulnerable a esas gripitas molestas y otros virus que siempre rondan por ah\u00ed. Pero aqu\u00ed es donde entra en escena nuestra \"fortaleza\" secreta: la\u00a0microbiota intestinal. As\u00ed que si no has escuchado hablar de\u2026","rel":"","context":"En \u00abBienestar\u00bb","block_context":{"text":"Bienestar","link":"https:\/\/zeromagazine.mx\/index.php\/category\/lifestyle\/bienestar\/"},"img":{"alt_text":"","src":"https:\/\/i0.wp.com\/zeromagazine.mx\/wp-content\/uploads\/2024\/10\/2022-PearlsNuevo10_izq.png?fit=1200%2C1200&ssl=1&resize=350%2C200","width":350,"height":200,"srcset":"https:\/\/i0.wp.com\/zeromagazine.mx\/wp-content\/uploads\/2024\/10\/2022-PearlsNuevo10_izq.png?fit=1200%2C1200&ssl=1&resize=350%2C200 1x, https:\/\/i0.wp.com\/zeromagazine.mx\/wp-content\/uploads\/2024\/10\/2022-PearlsNuevo10_izq.png?fit=1200%2C1200&ssl=1&resize=525%2C300 1.5x, https:\/\/i0.wp.com\/zeromagazine.mx\/wp-content\/uploads\/2024\/10\/2022-PearlsNuevo10_izq.png?fit=1200%2C1200&ssl=1&resize=700%2C400 2x, https:\/\/i0.wp.com\/zeromagazine.mx\/wp-content\/uploads\/2024\/10\/2022-PearlsNuevo10_izq.png?fit=1200%2C1200&ssl=1&resize=1050%2C600 3x"},"classes":[]},{"id":79136,"url":"https:\/\/zeromagazine.mx\/index.php\/2024\/06\/21\/descubre-como-los-probioticos-pearls-pueden-transformar-tu-bienestar\/","url_meta":{"origin":71345,"position":2},"title":"Descubre c\u00f3mo los probi\u00f3ticos Pearls\u00ae pueden transformar tu bienestar","author":"zeromagazinemx","date":"21 de junio de 2024","format":false,"excerpt":"Hoy les quiero platicar sobre algo que nos puede cambiar la vida: los probi\u00f3ticos. La neta es que en estos \u00faltimos a\u00f1os nos hemos dado cuenta de lo importante que es cuidar nuestra salud, y una de las formas m\u00e1s chidas de hacerlo es incluyendo probi\u00f3ticos en nuestra rutina. No\u2026","rel":"","context":"En \u00abBienestar\u00bb","block_context":{"text":"Bienestar","link":"https:\/\/zeromagazine.mx\/index.php\/category\/lifestyle\/bienestar\/"},"img":{"alt_text":"","src":"https:\/\/i0.wp.com\/zeromagazine.mx\/wp-content\/uploads\/2024\/06\/PearlsNuevo10_izq.png?fit=1200%2C1200&ssl=1&resize=350%2C200","width":350,"height":200,"srcset":"https:\/\/i0.wp.com\/zeromagazine.mx\/wp-content\/uploads\/2024\/06\/PearlsNuevo10_izq.png?fit=1200%2C1200&ssl=1&resize=350%2C200 1x, https:\/\/i0.wp.com\/zeromagazine.mx\/wp-content\/uploads\/2024\/06\/PearlsNuevo10_izq.png?fit=1200%2C1200&ssl=1&resize=525%2C300 1.5x, https:\/\/i0.wp.com\/zeromagazine.mx\/wp-content\/uploads\/2024\/06\/PearlsNuevo10_izq.png?fit=1200%2C1200&ssl=1&resize=700%2C400 2x, https:\/\/i0.wp.com\/zeromagazine.mx\/wp-content\/uploads\/2024\/06\/PearlsNuevo10_izq.png?fit=1200%2C1200&ssl=1&resize=1050%2C600 3x"},"classes":[]},{"id":80187,"url":"https:\/\/zeromagazine.mx\/index.php\/2024\/07\/11\/conoce-la-marca-mas-top-en-probioticos\/","url_meta":{"origin":71345,"position":3},"title":"\u00a1Conoce la Marca m\u00e1s Top en Probi\u00f3ticos!","author":"zeromagazinemx","date":"11 de julio de 2024","format":false,"excerpt":"En los \u00faltimos a\u00f1os, hemos visto c\u00f3mo ha crecido la onda de cuidar nuestra salud y bienestar, \u00bfno? Todxs buscamos formas de sentirnos mejor y vivir al m\u00e1ximo. Una de las cosas que ha estado s\u00faper in son los probi\u00f3ticos. \u00a1S\u00ed, esos que nos ayudan desde adentro para tener una\u2026","rel":"","context":"En \u00abBienestar\u00bb","block_context":{"text":"Bienestar","link":"https:\/\/zeromagazine.mx\/index.php\/category\/lifestyle\/bienestar\/"},"img":{"alt_text":"","src":"https:\/\/i0.wp.com\/zeromagazine.mx\/wp-content\/uploads\/2024\/07\/Pearls-30-der.png?fit=1200%2C1200&ssl=1&resize=350%2C200","width":350,"height":200,"srcset":"https:\/\/i0.wp.com\/zeromagazine.mx\/wp-content\/uploads\/2024\/07\/Pearls-30-der.png?fit=1200%2C1200&ssl=1&resize=350%2C200 1x, https:\/\/i0.wp.com\/zeromagazine.mx\/wp-content\/uploads\/2024\/07\/Pearls-30-der.png?fit=1200%2C1200&ssl=1&resize=525%2C300 1.5x, https:\/\/i0.wp.com\/zeromagazine.mx\/wp-content\/uploads\/2024\/07\/Pearls-30-der.png?fit=1200%2C1200&ssl=1&resize=700%2C400 2x, https:\/\/i0.wp.com\/zeromagazine.mx\/wp-content\/uploads\/2024\/07\/Pearls-30-der.png?fit=1200%2C1200&ssl=1&resize=1050%2C600 3x"},"classes":[]},{"id":82611,"url":"https:\/\/zeromagazine.mx\/index.php\/2024\/08\/27\/3-secretos-para-una-barriga-feliz\/","url_meta":{"origin":71345,"position":4},"title":"\u00a13 Secretos para una Barriga Feliz!","author":"zeromagazinemx","date":"27 de agosto de 2024","format":false,"excerpt":"\u00bfAlguna vez has tenido esa sensaci\u00f3n de hinchaz\u00f3n despu\u00e9s de una comida o te has sentido rar@ por dentro sin raz\u00f3n aparente? Puede que est\u00e9s pasando por algo que ni sab\u00edas que exist\u00eda \"la microbiota intestinal\". S\u00ed, esa peque\u00f1a comunidad de microorganismos que vive en tu barriga y juega un\u2026","rel":"","context":"En \u00abBienestar\u00bb","block_context":{"text":"Bienestar","link":"https:\/\/zeromagazine.mx\/index.php\/category\/lifestyle\/bienestar\/"},"img":{"alt_text":"","src":"https:\/\/i0.wp.com\/zeromagazine.mx\/wp-content\/uploads\/2024\/08\/Pearls_producto.png?fit=1200%2C579&ssl=1&resize=350%2C200","width":350,"height":200,"srcset":"https:\/\/i0.wp.com\/zeromagazine.mx\/wp-content\/uploads\/2024\/08\/Pearls_producto.png?fit=1200%2C579&ssl=1&resize=350%2C200 1x, https:\/\/i0.wp.com\/zeromagazine.mx\/wp-content\/uploads\/2024\/08\/Pearls_producto.png?fit=1200%2C579&ssl=1&resize=525%2C300 1.5x, https:\/\/i0.wp.com\/zeromagazine.mx\/wp-content\/uploads\/2024\/08\/Pearls_producto.png?fit=1200%2C579&ssl=1&resize=700%2C400 2x, https:\/\/i0.wp.com\/zeromagazine.mx\/wp-content\/uploads\/2024\/08\/Pearls_producto.png?fit=1200%2C579&ssl=1&resize=1050%2C600 3x"},"classes":[]},{"id":80281,"url":"https:\/\/zeromagazine.mx\/index.php\/2024\/07\/12\/sabias-que-tu-bienestar-empieza-en-el-intestino\/","url_meta":{"origin":71345,"position":5},"title":"\u00bfSab\u00edas que tu Bienestar Empieza en el Intestino?","author":"zeromagazinemx","date":"12 de julio de 2024","format":false,"excerpt":"Hoy en d\u00eda, parece que el cansancio y la fatiga son compa\u00f1eros constantes en nuestra vida diaria. Sin embargo, es crucial recordar que estos s\u00edntomas no deber\u00edan ser normales; m\u00e1s bien, son red flags de que algo no anda bien con nuestra salud y bienestar. Para empezar, cuando exploramos las\u2026","rel":"","context":"En \u00abBienestar\u00bb","block_context":{"text":"Bienestar","link":"https:\/\/zeromagazine.mx\/index.php\/category\/lifestyle\/bienestar\/"},"img":{"alt_text":"","src":"https:\/\/i0.wp.com\/zeromagazine.mx\/wp-content\/uploads\/2024\/07\/MICROBIOT_FIT-17-1-scaled.jpg?fit=800%2C1200&ssl=1&resize=350%2C200","width":350,"height":200,"srcset":"https:\/\/i0.wp.com\/zeromagazine.mx\/wp-content\/uploads\/2024\/07\/MICROBIOT_FIT-17-1-scaled.jpg?fit=800%2C1200&ssl=1&resize=350%2C200 1x, https:\/\/i0.wp.com\/zeromagazine.mx\/wp-content\/uploads\/2024\/07\/MICROBIOT_FIT-17-1-scaled.jpg?fit=800%2C1200&ssl=1&resize=525%2C300 1.5x, https:\/\/i0.wp.com\/zeromagazine.mx\/wp-content\/uploads\/2024\/07\/MICROBIOT_FIT-17-1-scaled.jpg?fit=800%2C1200&ssl=1&resize=700%2C400 2x"},"classes":[]}],"jetpack_sharing_enabled":true,"builder_content":"","_links":{"self":[{"href":"https:\/\/zeromagazine.mx\/index.php\/wp-json\/wp\/v2\/posts\/71345","targetHints":{"allow":["GET"]}}],"collection":[{"href":"https:\/\/zeromagazine.mx\/index.php\/wp-json\/wp\/v2\/posts"}],"about":[{"href":"https:\/\/zeromagazine.mx\/index.php\/wp-json\/wp\/v2\/types\/post"}],"author":[{"embeddable":true,"href":"https:\/\/zeromagazine.mx\/index.php\/wp-json\/wp\/v2\/users\/2"}],"replies":[{"embeddable":true,"href":"https:\/\/zeromagazine.mx\/index.php\/wp-json\/wp\/v2\/comments?post=71345"}],"version-history":[{"count":7,"href":"https:\/\/zeromagazine.mx\/index.php\/wp-json\/wp\/v2\/posts\/71345\/revisions"}],"predecessor-version":[{"id":71367,"href":"https:\/\/zeromagazine.mx\/index.php\/wp-json\/wp\/v2\/posts\/71345\/revisions\/71367"}],"wp:featuredmedia":[{"embeddable":true,"href":"https:\/\/zeromagazine.mx\/index.php\/wp-json\/wp\/v2\/media\/71360"}],"wp:attachment":[{"href":"https:\/\/zeromagazine.mx\/index.php\/wp-json\/wp\/v2\/media?parent=71345"}],"wp:term":[{"taxonomy":"category","embeddable":true,"href":"https:\/\/zeromagazine.mx\/index.php\/wp-json\/wp\/v2\/categories?post=71345"},{"taxonomy":"post_tag","embeddable":true,"href":"https:\/\/zeromagazine.mx\/index.php\/wp-json\/wp\/v2\/tags?post=71345"}],"curies":[{"name":"wp","href":"https:\/\/api.w.org\/{rel}","templated":true}]}}