{"id":71368,"date":"2024-03-01T02:33:16","date_gmt":"2024-03-01T01:33:16","guid":{"rendered":"https:\/\/zeromagazine.mx\/?p=71368"},"modified":"2024-03-01T02:33:17","modified_gmt":"2024-03-01T01:33:17","slug":"j-balvin-jowell-y-randy-y-de-la-ghetto-revolucionan-el-genero-urbano-con-nuevo-sencillo-triple-s","status":"publish","type":"post","link":"https:\/\/zeromagazine.mx\/index.php\/2024\/03\/01\/j-balvin-jowell-y-randy-y-de-la-ghetto-revolucionan-el-genero-urbano-con-nuevo-sencillo-triple-s\/","title":{"rendered":"J Balvin, Jowell y Randy, y De La Ghetto revolucionan el g\u00e9nero urbano con nuevo sencillo \u00abTriple S\u00bb"},"content":{"rendered":"<p>Hoy quiero compartirles la emoci\u00f3n que siento por el pr\u00f3ximo lanzamiento del nuevo sencillo de J Balvin, titulado \u00abTriple S\u00bb. Este tema es m\u00e1s que una canci\u00f3n, es un retorno a sus ra\u00edces y adem\u00e1s es un himno de empoderamiento para todas las mujeres que escuchan.<\/p>\n\n\n<div class=\"wp-block-image\">\n<figure class=\"aligncenter size-large\"><img data-recalc-dims=\"1\" decoding=\"async\" width=\"1024\" height=\"1024\" src=\"https:\/\/i0.wp.com\/zeromagazine.mx\/wp-content\/uploads\/2024\/03\/single_labios_9-1024x1024.png?resize=1024%2C1024&#038;ssl=1\" alt=\"\" class=\"wp-image-71369\" srcset=\"https:\/\/i0.wp.com\/zeromagazine.mx\/wp-content\/uploads\/2024\/03\/single_labios_9.png?resize=1024%2C1024&amp;ssl=1 1024w, https:\/\/i0.wp.com\/zeromagazine.mx\/wp-content\/uploads\/2024\/03\/single_labios_9.png?resize=300%2C300&amp;ssl=1 300w, https:\/\/i0.wp.com\/zeromagazine.mx\/wp-content\/uploads\/2024\/03\/single_labios_9.png?resize=150%2C150&amp;ssl=1 150w, https:\/\/i0.wp.com\/zeromagazine.mx\/wp-content\/uploads\/2024\/03\/single_labios_9.png?resize=768%2C768&amp;ssl=1 768w, https:\/\/i0.wp.com\/zeromagazine.mx\/wp-content\/uploads\/2024\/03\/single_labios_9.png?resize=1536%2C1536&amp;ssl=1 1536w, https:\/\/i0.wp.com\/zeromagazine.mx\/wp-content\/uploads\/2024\/03\/single_labios_9.png?resize=2048%2C2048&amp;ssl=1 2048w, https:\/\/i0.wp.com\/zeromagazine.mx\/wp-content\/uploads\/2024\/03\/single_labios_9.png?w=2330 2330w, https:\/\/i0.wp.com\/zeromagazine.mx\/wp-content\/uploads\/2024\/03\/single_labios_9.png?w=3495 3495w\" sizes=\"(max-width: 1024px) 100vw, 1024px\" \/><\/figure>\n<\/div>\n\n\n<p><\/p>\n\n\n\n<p>Primero que nada, quiero destacar la importancia de este sencillo en el contexto de la m\u00fasica latina actual. J Balvin, junto a los legendarios Jowell y Randy, nos traen una canci\u00f3n que nos recuerda qui\u00e9nes somos y que podemos enfrentar cualquier situaci\u00f3n con fuerza y resiliencia. Adem\u00e1s, colaborar con De La Ghetto ha sido un honor para J Balvin, ya que admira profundamente su trabajo y talento.<\/p>\n\n\n\n<script async src=\"https:\/\/pagead2.googlesyndication.com\/pagead\/js\/adsbygoogle.js?client=ca-pub-5499304793904745\"\n     crossorigin=\"anonymous\"><\/script>\n<ins class=\"adsbygoogle\"\n     style=\"display:block; text-align:center;\"\n     data-ad-layout=\"in-article\"\n     data-ad-format=\"fluid\"\n     data-ad-client=\"ca-pub-5499304793904745\"\n     data-ad-slot=\"5994863093\"><\/ins>\n<script>\n     (adsbygoogle = window.adsbygoogle || []).push({});\n<\/script>\n\n\n\n<p>Ahora, hablemos de la producci\u00f3n de \u00abTriple S\u00bb. Tainy y Subelo Neo han creado un sonido fresco que a\u00fan conserva la esencia del reggaeton cl\u00e1sico, lo cual es simplemente genial. Este sencillo promete no solo ser un \u00e9xito en t\u00e9rminos de ritmo contagioso, sino tambi\u00e9n por el poderoso mensaje que transmite.<\/p>\n\n\n\n<script async src=\"https:\/\/pagead2.googlesyndication.com\/pagead\/js\/adsbygoogle.js?client=ca-pub-5499304793904745\"\n     crossorigin=\"anonymous\"><\/script>\n<ins class=\"adsbygoogle\"\n     style=\"display:block; text-align:center;\"\n     data-ad-layout=\"in-article\"\n     data-ad-format=\"fluid\"\n     data-ad-client=\"ca-pub-5499304793904745\"\n     data-ad-slot=\"5994863093\"><\/ins>\n<script>\n     (adsbygoogle = window.adsbygoogle || []).push({});\n<\/script>\n\n\n\n<p>Y no podemos olvidar la pr\u00f3xima gira europea de J Balvin, \u00abQue Bueno Volver a Verte Tour\u00bb. Desde el 26 de abril hasta el 5 de junio de 2024, llevar\u00e1 su energ\u00eda y talento a pa\u00edses como Alemania, Francia, Italia y m\u00e1s. \u00a1Imag\u00ednense la experiencia que ser\u00e1 para todos los fans europeos!<\/p>\n\n\n\n<div class=\"wp-block-columns is-layout-flex wp-container-core-columns-is-layout-9d6595d7 wp-block-columns-is-layout-flex\">\n<div class=\"wp-block-column is-layout-flow wp-block-column-is-layout-flow\">\n<figure class=\"wp-block-image size-large\"><img data-recalc-dims=\"1\" decoding=\"async\" width=\"683\" height=\"1024\" src=\"https:\/\/i0.wp.com\/zeromagazine.mx\/wp-content\/uploads\/2024\/03\/8A3A0196-683x1024.jpg?resize=683%2C1024&#038;ssl=1\" alt=\"\" class=\"wp-image-71370\" srcset=\"https:\/\/i0.wp.com\/zeromagazine.mx\/wp-content\/uploads\/2024\/03\/8A3A0196-scaled.jpg?resize=683%2C1024&amp;ssl=1 683w, https:\/\/i0.wp.com\/zeromagazine.mx\/wp-content\/uploads\/2024\/03\/8A3A0196-scaled.jpg?resize=200%2C300&amp;ssl=1 200w, https:\/\/i0.wp.com\/zeromagazine.mx\/wp-content\/uploads\/2024\/03\/8A3A0196-scaled.jpg?resize=768%2C1151&amp;ssl=1 768w, https:\/\/i0.wp.com\/zeromagazine.mx\/wp-content\/uploads\/2024\/03\/8A3A0196-scaled.jpg?resize=1025%2C1536&amp;ssl=1 1025w, https:\/\/i0.wp.com\/zeromagazine.mx\/wp-content\/uploads\/2024\/03\/8A3A0196-scaled.jpg?resize=1366%2C2048&amp;ssl=1 1366w, https:\/\/i0.wp.com\/zeromagazine.mx\/wp-content\/uploads\/2024\/03\/8A3A0196-scaled.jpg?w=1708&amp;ssl=1 1708w\" sizes=\"(max-width: 683px) 100vw, 683px\" \/><\/figure>\n<\/div>\n\n\n\n<div class=\"wp-block-column is-layout-flow wp-block-column-is-layout-flow\">\n<figure class=\"wp-block-image size-large\"><img data-recalc-dims=\"1\" decoding=\"async\" width=\"683\" height=\"1024\" src=\"https:\/\/i0.wp.com\/zeromagazine.mx\/wp-content\/uploads\/2024\/03\/8A3A0397-683x1024.jpg?resize=683%2C1024&#038;ssl=1\" alt=\"\" class=\"wp-image-71371\" srcset=\"https:\/\/i0.wp.com\/zeromagazine.mx\/wp-content\/uploads\/2024\/03\/8A3A0397-scaled.jpg?resize=683%2C1024&amp;ssl=1 683w, https:\/\/i0.wp.com\/zeromagazine.mx\/wp-content\/uploads\/2024\/03\/8A3A0397-scaled.jpg?resize=200%2C300&amp;ssl=1 200w, https:\/\/i0.wp.com\/zeromagazine.mx\/wp-content\/uploads\/2024\/03\/8A3A0397-scaled.jpg?resize=768%2C1151&amp;ssl=1 768w, https:\/\/i0.wp.com\/zeromagazine.mx\/wp-content\/uploads\/2024\/03\/8A3A0397-scaled.jpg?resize=1025%2C1536&amp;ssl=1 1025w, https:\/\/i0.wp.com\/zeromagazine.mx\/wp-content\/uploads\/2024\/03\/8A3A0397-scaled.jpg?resize=1366%2C2048&amp;ssl=1 1366w, https:\/\/i0.wp.com\/zeromagazine.mx\/wp-content\/uploads\/2024\/03\/8A3A0397-scaled.jpg?w=1708&amp;ssl=1 1708w\" sizes=\"(max-width: 683px) 100vw, 683px\" \/><\/figure>\n<\/div>\n\n\n\n<div class=\"wp-block-column is-layout-flow wp-block-column-is-layout-flow\">\n<figure class=\"wp-block-image size-large\"><img data-recalc-dims=\"1\" decoding=\"async\" width=\"683\" height=\"1024\" src=\"https:\/\/i0.wp.com\/zeromagazine.mx\/wp-content\/uploads\/2024\/03\/8A3A0140-683x1024.jpg?resize=683%2C1024&#038;ssl=1\" alt=\"\" class=\"wp-image-71372\" srcset=\"https:\/\/i0.wp.com\/zeromagazine.mx\/wp-content\/uploads\/2024\/03\/8A3A0140-scaled.jpg?resize=683%2C1024&amp;ssl=1 683w, https:\/\/i0.wp.com\/zeromagazine.mx\/wp-content\/uploads\/2024\/03\/8A3A0140-scaled.jpg?resize=200%2C300&amp;ssl=1 200w, https:\/\/i0.wp.com\/zeromagazine.mx\/wp-content\/uploads\/2024\/03\/8A3A0140-scaled.jpg?resize=768%2C1151&amp;ssl=1 768w, https:\/\/i0.wp.com\/zeromagazine.mx\/wp-content\/uploads\/2024\/03\/8A3A0140-scaled.jpg?resize=1024%2C1536&amp;ssl=1 1024w, https:\/\/i0.wp.com\/zeromagazine.mx\/wp-content\/uploads\/2024\/03\/8A3A0140-scaled.jpg?resize=1366%2C2048&amp;ssl=1 1366w, https:\/\/i0.wp.com\/zeromagazine.mx\/wp-content\/uploads\/2024\/03\/8A3A0140-scaled.jpg?w=1707&amp;ssl=1 1707w\" sizes=\"(max-width: 683px) 100vw, 683px\" \/><\/figure>\n<\/div>\n<\/div>\n\n\n\n<p><\/p>\n\n\n\n<p>Ahora, pasemos a algunos detalles adicionales. J Balvin ha sido nominado para m\u00faltiples premios y ha tenido presentaciones \u00e9picas, como en Coachella. Adem\u00e1s, su anterior sencillo \u00abAmigos\u00bb fue un \u00e9xito rotundo, y no podemos olvidar su participaci\u00f3n en el spot publicitario de Verizon Latino junto a Usher durante el Super Bowl.<\/p>\n\n\n\n<script async src=\"https:\/\/pagead2.googlesyndication.com\/pagead\/js\/adsbygoogle.js?client=ca-pub-5499304793904745\"\n     crossorigin=\"anonymous\"><\/script>\n<ins class=\"adsbygoogle\"\n     style=\"display:block; text-align:center;\"\n     data-ad-layout=\"in-article\"\n     data-ad-format=\"fluid\"\n     data-ad-client=\"ca-pub-5499304793904745\"\n     data-ad-slot=\"5994863093\"><\/ins>\n<script>\n     (adsbygoogle = window.adsbygoogle || []).push({});\n<\/script>\n\n\n\n<p>\u00abTriple S\u00bb es m\u00e1s que una canci\u00f3n, es un movimiento de empoderamiento que nos recuerda que podemos conquistar el mundo. Estoy emocionade por lo que nos espera con este nuevo lanzamiento y con la gira europea de J Balvin. El sencillo ya se encuentra disponible en todas las plataformas streaming, as\u00ed que no esperen m\u00e1s para escucharlo. \u00a1Nos vemos en el pr\u00f3ximo concierto!<\/p>\n\n\n\n<script async src=\"https:\/\/pagead2.googlesyndication.com\/pagead\/js\/adsbygoogle.js?client=ca-pub-5499304793904745\"\n     crossorigin=\"anonymous\"><\/script>\n<ins class=\"adsbygoogle\"\n     style=\"display:block; text-align:center;\"\n     data-ad-layout=\"in-article\"\n     data-ad-format=\"fluid\"\n     data-ad-client=\"ca-pub-5499304793904745\"\n     data-ad-slot=\"5994863093\"><\/ins>\n<script>\n     (adsbygoogle = window.adsbygoogle || []).push({});\n<\/script>\n\n<!--themify_builder_content-->\n<div id=\"themify_builder_content-71368\" data-postid=\"71368\" class=\"themify_builder_content themify_builder_content-71368 themify_builder tf_clear\">\n    <\/div>\n<!--\/themify_builder_content-->","protected":false},"excerpt":{"rendered":"<p>Hoy quiero compartirles la emoci\u00f3n que siento por el pr\u00f3ximo lanzamiento del nuevo sencillo de J Balvin, titulado \u00abTriple S\u00bb. Este tema es m\u00e1s que una canci\u00f3n, es un retorno a sus ra\u00edces y adem\u00e1s es un himno de empoderamiento para todas las mujeres que escuchan. Primero que nada, quiero destacar la importancia de este [&hellip;]<\/p>\n","protected":false},"author":2,"featured_media":71373,"comment_status":"open","ping_status":"open","sticky":false,"template":"","format":"standard","meta":{"_jetpack_memberships_contains_paid_content":false,"footnotes":"","jetpack_publicize_message":"","jetpack_publicize_feature_enabled":true,"jetpack_social_post_already_shared":false,"jetpack_social_options":{"image_generator_settings":{"template":"highway","default_image_id":0,"font":"","enabled":false},"version":2}},"categories":[1],"tags":[7119,1452,7118,7059,7120,7117],"class_list":["post-71368","post","type-post","status-publish","format-standard","has-post-thumbnail","hentry","category-blog","tag-de-la-ghetto","tag-j-balvin","tag-jowell-y-randy","tag-nueva-musica","tag-nuevo-sencillo","tag-triple-s","has-post-title","has-post-date","has-post-category","has-post-tag","has-post-comment","has-post-author",""],"yoast_head":"<!-- This site is optimized with the Yoast SEO plugin v27.5 - https:\/\/yoast.com\/product\/yoast-seo-wordpress\/ -->\n<title>J Balvin, Jowell y Randy, y De La Ghetto revolucionan el g\u00e9nero urbano con nuevo sencillo &quot;Triple S&quot; - Zero Magazine<\/title>\n<meta name=\"robots\" content=\"index, follow, max-snippet:-1, max-image-preview:large, max-video-preview:-1\" \/>\n<link rel=\"canonical\" href=\"https:\/\/zeromagazine.mx\/index.php\/2024\/03\/01\/j-balvin-jowell-y-randy-y-de-la-ghetto-revolucionan-el-genero-urbano-con-nuevo-sencillo-triple-s\/\" \/>\n<meta property=\"og:locale\" content=\"es_ES\" \/>\n<meta property=\"og:type\" content=\"article\" \/>\n<meta property=\"og:title\" content=\"J Balvin, Jowell y Randy, y De La Ghetto revolucionan el g\u00e9nero urbano con nuevo sencillo &quot;Triple S&quot; - Zero Magazine\" \/>\n<meta property=\"og:description\" content=\"Hoy quiero compartirles la emoci\u00f3n que siento por el pr\u00f3ximo lanzamiento del nuevo sencillo de J Balvin, titulado \u00abTriple S\u00bb. Este tema es m\u00e1s que una canci\u00f3n, es un retorno a sus ra\u00edces y adem\u00e1s es un himno de empoderamiento para todas las mujeres que escuchan. Primero que nada, quiero destacar la importancia de este [&hellip;]\" \/>\n<meta property=\"og:url\" content=\"https:\/\/zeromagazine.mx\/index.php\/2024\/03\/01\/j-balvin-jowell-y-randy-y-de-la-ghetto-revolucionan-el-genero-urbano-con-nuevo-sencillo-triple-s\/\" \/>\n<meta property=\"og:site_name\" content=\"Zero Magazine\" \/>\n<meta property=\"article:published_time\" content=\"2024-03-01T01:33:16+00:00\" \/>\n<meta property=\"article:modified_time\" content=\"2024-03-01T01:33:17+00:00\" \/>\n<meta property=\"og:image\" content=\"https:\/\/i0.wp.com\/zeromagazine.mx\/wp-content\/uploads\/2024\/03\/8A3A0043-scaled.jpg?fit=2560%2C1556&ssl=1\" \/>\n\t<meta property=\"og:image:width\" content=\"2560\" \/>\n\t<meta property=\"og:image:height\" content=\"1556\" \/>\n\t<meta property=\"og:image:type\" content=\"image\/jpeg\" \/>\n<meta name=\"author\" content=\"zeromagazinemx\" \/>\n<meta name=\"twitter:card\" content=\"summary_large_image\" \/>\n<meta name=\"twitter:label1\" content=\"Escrito por\" \/>\n\t<meta name=\"twitter:data1\" content=\"zeromagazinemx\" \/>\n\t<meta name=\"twitter:label2\" content=\"Tiempo de lectura\" \/>\n\t<meta name=\"twitter:data2\" content=\"2 minutos\" \/>\n<script type=\"application\/ld+json\" class=\"yoast-schema-graph\">{\"@context\":\"https:\\\/\\\/schema.org\",\"@graph\":[{\"@type\":\"Article\",\"@id\":\"https:\\\/\\\/zeromagazine.mx\\\/index.php\\\/2024\\\/03\\\/01\\\/j-balvin-jowell-y-randy-y-de-la-ghetto-revolucionan-el-genero-urbano-con-nuevo-sencillo-triple-s\\\/#article\",\"isPartOf\":{\"@id\":\"https:\\\/\\\/zeromagazine.mx\\\/index.php\\\/2024\\\/03\\\/01\\\/j-balvin-jowell-y-randy-y-de-la-ghetto-revolucionan-el-genero-urbano-con-nuevo-sencillo-triple-s\\\/\"},\"author\":{\"name\":\"zeromagazinemx\",\"@id\":\"https:\\\/\\\/zeromagazine.mx\\\/#\\\/schema\\\/person\\\/9aed9f33a7c39af3a348b86d723f7773\"},\"headline\":\"J Balvin, Jowell y Randy, y De La Ghetto revolucionan el g\u00e9nero urbano con nuevo sencillo \u00abTriple S\u00bb\",\"datePublished\":\"2024-03-01T01:33:16+00:00\",\"dateModified\":\"2024-03-01T01:33:17+00:00\",\"mainEntityOfPage\":{\"@id\":\"https:\\\/\\\/zeromagazine.mx\\\/index.php\\\/2024\\\/03\\\/01\\\/j-balvin-jowell-y-randy-y-de-la-ghetto-revolucionan-el-genero-urbano-con-nuevo-sencillo-triple-s\\\/\"},\"wordCount\":374,\"commentCount\":0,\"publisher\":{\"@id\":\"https:\\\/\\\/zeromagazine.mx\\\/#organization\"},\"image\":{\"@id\":\"https:\\\/\\\/zeromagazine.mx\\\/index.php\\\/2024\\\/03\\\/01\\\/j-balvin-jowell-y-randy-y-de-la-ghetto-revolucionan-el-genero-urbano-con-nuevo-sencillo-triple-s\\\/#primaryimage\"},\"thumbnailUrl\":\"https:\\\/\\\/i0.wp.com\\\/zeromagazine.mx\\\/wp-content\\\/uploads\\\/2024\\\/03\\\/8A3A0043-scaled.jpg?fit=2560%2C1556&ssl=1\",\"keywords\":[\"De La Ghetto\",\"J Balvin\",\"Jowell y Randy\",\"Nueva m\u00fasica\",\"Nuevo Sencillo\",\"Triple S\"],\"articleSection\":[\"Blog\"],\"inLanguage\":\"es\",\"potentialAction\":[{\"@type\":\"CommentAction\",\"name\":\"Comment\",\"target\":[\"https:\\\/\\\/zeromagazine.mx\\\/index.php\\\/2024\\\/03\\\/01\\\/j-balvin-jowell-y-randy-y-de-la-ghetto-revolucionan-el-genero-urbano-con-nuevo-sencillo-triple-s\\\/#respond\"]}]},{\"@type\":\"WebPage\",\"@id\":\"https:\\\/\\\/zeromagazine.mx\\\/index.php\\\/2024\\\/03\\\/01\\\/j-balvin-jowell-y-randy-y-de-la-ghetto-revolucionan-el-genero-urbano-con-nuevo-sencillo-triple-s\\\/\",\"url\":\"https:\\\/\\\/zeromagazine.mx\\\/index.php\\\/2024\\\/03\\\/01\\\/j-balvin-jowell-y-randy-y-de-la-ghetto-revolucionan-el-genero-urbano-con-nuevo-sencillo-triple-s\\\/\",\"name\":\"J Balvin, Jowell y Randy, y De La Ghetto revolucionan el g\u00e9nero urbano con nuevo sencillo \\\"Triple S\\\" - Zero Magazine\",\"isPartOf\":{\"@id\":\"https:\\\/\\\/zeromagazine.mx\\\/#website\"},\"primaryImageOfPage\":{\"@id\":\"https:\\\/\\\/zeromagazine.mx\\\/index.php\\\/2024\\\/03\\\/01\\\/j-balvin-jowell-y-randy-y-de-la-ghetto-revolucionan-el-genero-urbano-con-nuevo-sencillo-triple-s\\\/#primaryimage\"},\"image\":{\"@id\":\"https:\\\/\\\/zeromagazine.mx\\\/index.php\\\/2024\\\/03\\\/01\\\/j-balvin-jowell-y-randy-y-de-la-ghetto-revolucionan-el-genero-urbano-con-nuevo-sencillo-triple-s\\\/#primaryimage\"},\"thumbnailUrl\":\"https:\\\/\\\/i0.wp.com\\\/zeromagazine.mx\\\/wp-content\\\/uploads\\\/2024\\\/03\\\/8A3A0043-scaled.jpg?fit=2560%2C1556&ssl=1\",\"datePublished\":\"2024-03-01T01:33:16+00:00\",\"dateModified\":\"2024-03-01T01:33:17+00:00\",\"breadcrumb\":{\"@id\":\"https:\\\/\\\/zeromagazine.mx\\\/index.php\\\/2024\\\/03\\\/01\\\/j-balvin-jowell-y-randy-y-de-la-ghetto-revolucionan-el-genero-urbano-con-nuevo-sencillo-triple-s\\\/#breadcrumb\"},\"inLanguage\":\"es\",\"potentialAction\":[{\"@type\":\"ReadAction\",\"target\":[\"https:\\\/\\\/zeromagazine.mx\\\/index.php\\\/2024\\\/03\\\/01\\\/j-balvin-jowell-y-randy-y-de-la-ghetto-revolucionan-el-genero-urbano-con-nuevo-sencillo-triple-s\\\/\"]}]},{\"@type\":\"ImageObject\",\"inLanguage\":\"es\",\"@id\":\"https:\\\/\\\/zeromagazine.mx\\\/index.php\\\/2024\\\/03\\\/01\\\/j-balvin-jowell-y-randy-y-de-la-ghetto-revolucionan-el-genero-urbano-con-nuevo-sencillo-triple-s\\\/#primaryimage\",\"url\":\"https:\\\/\\\/i0.wp.com\\\/zeromagazine.mx\\\/wp-content\\\/uploads\\\/2024\\\/03\\\/8A3A0043-scaled.jpg?fit=2560%2C1556&ssl=1\",\"contentUrl\":\"https:\\\/\\\/i0.wp.com\\\/zeromagazine.mx\\\/wp-content\\\/uploads\\\/2024\\\/03\\\/8A3A0043-scaled.jpg?fit=2560%2C1556&ssl=1\",\"width\":2560,\"height\":1556},{\"@type\":\"BreadcrumbList\",\"@id\":\"https:\\\/\\\/zeromagazine.mx\\\/index.php\\\/2024\\\/03\\\/01\\\/j-balvin-jowell-y-randy-y-de-la-ghetto-revolucionan-el-genero-urbano-con-nuevo-sencillo-triple-s\\\/#breadcrumb\",\"itemListElement\":[{\"@type\":\"ListItem\",\"position\":1,\"name\":\"Portada\",\"item\":\"https:\\\/\\\/zeromagazine.mx\\\/\"},{\"@type\":\"ListItem\",\"position\":2,\"name\":\"J Balvin, Jowell y Randy, y De La Ghetto revolucionan el g\u00e9nero urbano con nuevo sencillo \u00abTriple S\u00bb\"}]},{\"@type\":\"WebSite\",\"@id\":\"https:\\\/\\\/zeromagazine.mx\\\/#website\",\"url\":\"https:\\\/\\\/zeromagazine.mx\\\/\",\"name\":\"Zero Magazine\",\"description\":\"\",\"publisher\":{\"@id\":\"https:\\\/\\\/zeromagazine.mx\\\/#organization\"},\"potentialAction\":[{\"@type\":\"SearchAction\",\"target\":{\"@type\":\"EntryPoint\",\"urlTemplate\":\"https:\\\/\\\/zeromagazine.mx\\\/?s={search_term_string}\"},\"query-input\":{\"@type\":\"PropertyValueSpecification\",\"valueRequired\":true,\"valueName\":\"search_term_string\"}}],\"inLanguage\":\"es\"},{\"@type\":\"Organization\",\"@id\":\"https:\\\/\\\/zeromagazine.mx\\\/#organization\",\"name\":\"Zero Magazine\",\"url\":\"https:\\\/\\\/zeromagazine.mx\\\/\",\"logo\":{\"@type\":\"ImageObject\",\"inLanguage\":\"es\",\"@id\":\"https:\\\/\\\/zeromagazine.mx\\\/#\\\/schema\\\/logo\\\/image\\\/\",\"url\":\"https:\\\/\\\/i0.wp.com\\\/zeromagazine.mx\\\/wp-content\\\/uploads\\\/2025\\\/11\\\/1.jpeg?fit=1000%2C1000&ssl=1\",\"contentUrl\":\"https:\\\/\\\/i0.wp.com\\\/zeromagazine.mx\\\/wp-content\\\/uploads\\\/2025\\\/11\\\/1.jpeg?fit=1000%2C1000&ssl=1\",\"width\":1000,\"height\":1000,\"caption\":\"Zero Magazine\"},\"image\":{\"@id\":\"https:\\\/\\\/zeromagazine.mx\\\/#\\\/schema\\\/logo\\\/image\\\/\"},\"sameAs\":[\"https:\\\/\\\/instagram.com\\\/zeromagazinemx\"]},{\"@type\":\"Person\",\"@id\":\"https:\\\/\\\/zeromagazine.mx\\\/#\\\/schema\\\/person\\\/9aed9f33a7c39af3a348b86d723f7773\",\"name\":\"zeromagazinemx\",\"image\":{\"@type\":\"ImageObject\",\"inLanguage\":\"es\",\"@id\":\"https:\\\/\\\/zeromagazine.mx\\\/wp-content\\\/litespeed\\\/avatar\\\/f91dfe5410d5dcb1a576bf8c45983896.jpg?ver=1777571230\",\"url\":\"https:\\\/\\\/zeromagazine.mx\\\/wp-content\\\/litespeed\\\/avatar\\\/f91dfe5410d5dcb1a576bf8c45983896.jpg?ver=1777571230\",\"contentUrl\":\"https:\\\/\\\/zeromagazine.mx\\\/wp-content\\\/litespeed\\\/avatar\\\/f91dfe5410d5dcb1a576bf8c45983896.jpg?ver=1777571230\",\"caption\":\"zeromagazinemx\"},\"url\":\"https:\\\/\\\/zeromagazine.mx\\\/index.php\\\/author\\\/zeromagazinemx\\\/\"}]}<\/script>\n<!-- \/ Yoast SEO plugin. -->","yoast_head_json":{"title":"J Balvin, Jowell y Randy, y De La Ghetto revolucionan el g\u00e9nero urbano con nuevo sencillo \"Triple S\" - Zero Magazine","robots":{"index":"index","follow":"follow","max-snippet":"max-snippet:-1","max-image-preview":"max-image-preview:large","max-video-preview":"max-video-preview:-1"},"canonical":"https:\/\/zeromagazine.mx\/index.php\/2024\/03\/01\/j-balvin-jowell-y-randy-y-de-la-ghetto-revolucionan-el-genero-urbano-con-nuevo-sencillo-triple-s\/","og_locale":"es_ES","og_type":"article","og_title":"J Balvin, Jowell y Randy, y De La Ghetto revolucionan el g\u00e9nero urbano con nuevo sencillo \"Triple S\" - Zero Magazine","og_description":"Hoy quiero compartirles la emoci\u00f3n que siento por el pr\u00f3ximo lanzamiento del nuevo sencillo de J Balvin, titulado \u00abTriple S\u00bb. Este tema es m\u00e1s que una canci\u00f3n, es un retorno a sus ra\u00edces y adem\u00e1s es un himno de empoderamiento para todas las mujeres que escuchan. Primero que nada, quiero destacar la importancia de este [&hellip;]","og_url":"https:\/\/zeromagazine.mx\/index.php\/2024\/03\/01\/j-balvin-jowell-y-randy-y-de-la-ghetto-revolucionan-el-genero-urbano-con-nuevo-sencillo-triple-s\/","og_site_name":"Zero Magazine","article_published_time":"2024-03-01T01:33:16+00:00","article_modified_time":"2024-03-01T01:33:17+00:00","og_image":[{"width":2560,"height":1556,"url":"https:\/\/i0.wp.com\/zeromagazine.mx\/wp-content\/uploads\/2024\/03\/8A3A0043-scaled.jpg?fit=2560%2C1556&ssl=1","type":"image\/jpeg"}],"author":"zeromagazinemx","twitter_card":"summary_large_image","twitter_misc":{"Escrito por":"zeromagazinemx","Tiempo de lectura":"2 minutos"},"schema":{"@context":"https:\/\/schema.org","@graph":[{"@type":"Article","@id":"https:\/\/zeromagazine.mx\/index.php\/2024\/03\/01\/j-balvin-jowell-y-randy-y-de-la-ghetto-revolucionan-el-genero-urbano-con-nuevo-sencillo-triple-s\/#article","isPartOf":{"@id":"https:\/\/zeromagazine.mx\/index.php\/2024\/03\/01\/j-balvin-jowell-y-randy-y-de-la-ghetto-revolucionan-el-genero-urbano-con-nuevo-sencillo-triple-s\/"},"author":{"name":"zeromagazinemx","@id":"https:\/\/zeromagazine.mx\/#\/schema\/person\/9aed9f33a7c39af3a348b86d723f7773"},"headline":"J Balvin, Jowell y Randy, y De La Ghetto revolucionan el g\u00e9nero urbano con nuevo sencillo \u00abTriple S\u00bb","datePublished":"2024-03-01T01:33:16+00:00","dateModified":"2024-03-01T01:33:17+00:00","mainEntityOfPage":{"@id":"https:\/\/zeromagazine.mx\/index.php\/2024\/03\/01\/j-balvin-jowell-y-randy-y-de-la-ghetto-revolucionan-el-genero-urbano-con-nuevo-sencillo-triple-s\/"},"wordCount":374,"commentCount":0,"publisher":{"@id":"https:\/\/zeromagazine.mx\/#organization"},"image":{"@id":"https:\/\/zeromagazine.mx\/index.php\/2024\/03\/01\/j-balvin-jowell-y-randy-y-de-la-ghetto-revolucionan-el-genero-urbano-con-nuevo-sencillo-triple-s\/#primaryimage"},"thumbnailUrl":"https:\/\/i0.wp.com\/zeromagazine.mx\/wp-content\/uploads\/2024\/03\/8A3A0043-scaled.jpg?fit=2560%2C1556&ssl=1","keywords":["De La Ghetto","J Balvin","Jowell y Randy","Nueva m\u00fasica","Nuevo Sencillo","Triple S"],"articleSection":["Blog"],"inLanguage":"es","potentialAction":[{"@type":"CommentAction","name":"Comment","target":["https:\/\/zeromagazine.mx\/index.php\/2024\/03\/01\/j-balvin-jowell-y-randy-y-de-la-ghetto-revolucionan-el-genero-urbano-con-nuevo-sencillo-triple-s\/#respond"]}]},{"@type":"WebPage","@id":"https:\/\/zeromagazine.mx\/index.php\/2024\/03\/01\/j-balvin-jowell-y-randy-y-de-la-ghetto-revolucionan-el-genero-urbano-con-nuevo-sencillo-triple-s\/","url":"https:\/\/zeromagazine.mx\/index.php\/2024\/03\/01\/j-balvin-jowell-y-randy-y-de-la-ghetto-revolucionan-el-genero-urbano-con-nuevo-sencillo-triple-s\/","name":"J Balvin, Jowell y Randy, y De La Ghetto revolucionan el g\u00e9nero urbano con nuevo sencillo \"Triple S\" - Zero Magazine","isPartOf":{"@id":"https:\/\/zeromagazine.mx\/#website"},"primaryImageOfPage":{"@id":"https:\/\/zeromagazine.mx\/index.php\/2024\/03\/01\/j-balvin-jowell-y-randy-y-de-la-ghetto-revolucionan-el-genero-urbano-con-nuevo-sencillo-triple-s\/#primaryimage"},"image":{"@id":"https:\/\/zeromagazine.mx\/index.php\/2024\/03\/01\/j-balvin-jowell-y-randy-y-de-la-ghetto-revolucionan-el-genero-urbano-con-nuevo-sencillo-triple-s\/#primaryimage"},"thumbnailUrl":"https:\/\/i0.wp.com\/zeromagazine.mx\/wp-content\/uploads\/2024\/03\/8A3A0043-scaled.jpg?fit=2560%2C1556&ssl=1","datePublished":"2024-03-01T01:33:16+00:00","dateModified":"2024-03-01T01:33:17+00:00","breadcrumb":{"@id":"https:\/\/zeromagazine.mx\/index.php\/2024\/03\/01\/j-balvin-jowell-y-randy-y-de-la-ghetto-revolucionan-el-genero-urbano-con-nuevo-sencillo-triple-s\/#breadcrumb"},"inLanguage":"es","potentialAction":[{"@type":"ReadAction","target":["https:\/\/zeromagazine.mx\/index.php\/2024\/03\/01\/j-balvin-jowell-y-randy-y-de-la-ghetto-revolucionan-el-genero-urbano-con-nuevo-sencillo-triple-s\/"]}]},{"@type":"ImageObject","inLanguage":"es","@id":"https:\/\/zeromagazine.mx\/index.php\/2024\/03\/01\/j-balvin-jowell-y-randy-y-de-la-ghetto-revolucionan-el-genero-urbano-con-nuevo-sencillo-triple-s\/#primaryimage","url":"https:\/\/i0.wp.com\/zeromagazine.mx\/wp-content\/uploads\/2024\/03\/8A3A0043-scaled.jpg?fit=2560%2C1556&ssl=1","contentUrl":"https:\/\/i0.wp.com\/zeromagazine.mx\/wp-content\/uploads\/2024\/03\/8A3A0043-scaled.jpg?fit=2560%2C1556&ssl=1","width":2560,"height":1556},{"@type":"BreadcrumbList","@id":"https:\/\/zeromagazine.mx\/index.php\/2024\/03\/01\/j-balvin-jowell-y-randy-y-de-la-ghetto-revolucionan-el-genero-urbano-con-nuevo-sencillo-triple-s\/#breadcrumb","itemListElement":[{"@type":"ListItem","position":1,"name":"Portada","item":"https:\/\/zeromagazine.mx\/"},{"@type":"ListItem","position":2,"name":"J Balvin, Jowell y Randy, y De La Ghetto revolucionan el g\u00e9nero urbano con nuevo sencillo \u00abTriple S\u00bb"}]},{"@type":"WebSite","@id":"https:\/\/zeromagazine.mx\/#website","url":"https:\/\/zeromagazine.mx\/","name":"Zero Magazine","description":"","publisher":{"@id":"https:\/\/zeromagazine.mx\/#organization"},"potentialAction":[{"@type":"SearchAction","target":{"@type":"EntryPoint","urlTemplate":"https:\/\/zeromagazine.mx\/?s={search_term_string}"},"query-input":{"@type":"PropertyValueSpecification","valueRequired":true,"valueName":"search_term_string"}}],"inLanguage":"es"},{"@type":"Organization","@id":"https:\/\/zeromagazine.mx\/#organization","name":"Zero Magazine","url":"https:\/\/zeromagazine.mx\/","logo":{"@type":"ImageObject","inLanguage":"es","@id":"https:\/\/zeromagazine.mx\/#\/schema\/logo\/image\/","url":"https:\/\/i0.wp.com\/zeromagazine.mx\/wp-content\/uploads\/2025\/11\/1.jpeg?fit=1000%2C1000&ssl=1","contentUrl":"https:\/\/i0.wp.com\/zeromagazine.mx\/wp-content\/uploads\/2025\/11\/1.jpeg?fit=1000%2C1000&ssl=1","width":1000,"height":1000,"caption":"Zero Magazine"},"image":{"@id":"https:\/\/zeromagazine.mx\/#\/schema\/logo\/image\/"},"sameAs":["https:\/\/instagram.com\/zeromagazinemx"]},{"@type":"Person","@id":"https:\/\/zeromagazine.mx\/#\/schema\/person\/9aed9f33a7c39af3a348b86d723f7773","name":"zeromagazinemx","image":{"@type":"ImageObject","inLanguage":"es","@id":"https:\/\/zeromagazine.mx\/wp-content\/litespeed\/avatar\/f91dfe5410d5dcb1a576bf8c45983896.jpg?ver=1777571230","url":"https:\/\/zeromagazine.mx\/wp-content\/litespeed\/avatar\/f91dfe5410d5dcb1a576bf8c45983896.jpg?ver=1777571230","contentUrl":"https:\/\/zeromagazine.mx\/wp-content\/litespeed\/avatar\/f91dfe5410d5dcb1a576bf8c45983896.jpg?ver=1777571230","caption":"zeromagazinemx"},"url":"https:\/\/zeromagazine.mx\/index.php\/author\/zeromagazinemx\/"}]}},"jetpack_publicize_connections":[],"jetpack_featured_media_url":"https:\/\/i0.wp.com\/zeromagazine.mx\/wp-content\/uploads\/2024\/03\/8A3A0043-scaled.jpg?fit=2560%2C1556&ssl=1","jetpack-related-posts":[{"id":49281,"url":"https:\/\/zeromagazine.mx\/index.php\/2021\/07\/02\/j-balvin-y-skrillex-se-unen-en-una-nueva-cancion-in-da-getto\/","url_meta":{"origin":71368,"position":0},"title":"J Balvin y Skrillex se unen en una nueva canci\u00f3n \u201cIn Da Getto\u201d","author":"zeromagazinemx","date":"2 de julio de 2021","format":false,"excerpt":"J Balvin y Skrillex colaboran en una nueva canci\u00f3n, ideal para este verano. Por Mayra Torres \u201cIn Da Getto\u201d es un sencillo que incluye elementos del \u00e9xito de los a\u00f1os 90 \u201cIn De Guetto\u201d de David Morales y The Bad Yard Club. El video captura la energ\u00eda pegajosa del tema\u2026","rel":"","context":"En \u00abEntretenimiento\u00bb","block_context":{"text":"Entretenimiento","link":"https:\/\/zeromagazine.mx\/index.php\/category\/entretenimiento\/"},"img":{"alt_text":"","src":"https:\/\/i0.wp.com\/zeromagazine.mx\/wp-content\/uploads\/2022\/02\/de87a-j-balvin-and-skrillex-by-viviana-garcia-scaled.jpg?fit=1200%2C800&ssl=1&resize=350%2C200","width":350,"height":200,"srcset":"https:\/\/i0.wp.com\/zeromagazine.mx\/wp-content\/uploads\/2022\/02\/de87a-j-balvin-and-skrillex-by-viviana-garcia-scaled.jpg?fit=1200%2C800&ssl=1&resize=350%2C200 1x, https:\/\/i0.wp.com\/zeromagazine.mx\/wp-content\/uploads\/2022\/02\/de87a-j-balvin-and-skrillex-by-viviana-garcia-scaled.jpg?fit=1200%2C800&ssl=1&resize=525%2C300 1.5x, https:\/\/i0.wp.com\/zeromagazine.mx\/wp-content\/uploads\/2022\/02\/de87a-j-balvin-and-skrillex-by-viviana-garcia-scaled.jpg?fit=1200%2C800&ssl=1&resize=700%2C400 2x, https:\/\/i0.wp.com\/zeromagazine.mx\/wp-content\/uploads\/2022\/02\/de87a-j-balvin-and-skrillex-by-viviana-garcia-scaled.jpg?fit=1200%2C800&ssl=1&resize=1050%2C600 3x"},"classes":[]},{"id":53928,"url":"https:\/\/zeromagazine.mx\/index.php\/2021\/09\/06\/j-balvin-el-nino-de-medellin\/","url_meta":{"origin":71368,"position":1},"title":"J BALVIN, EL NI\u00d1O DE MEDELL\u00cdN","author":"zeromagazinemx","date":"6 de septiembre de 2021","format":false,"excerpt":"Jos\u00e9 \u00c1lvaro Osorio Balv\u00edn, conocido mundialmente como J Balvin, a pesar de la pandemia anda m\u00e1s activo que nada. Recientemente tuvo aparici\u00f3n en Fortnite, anunci\u00f3 el Festival Ne\u00f3n Canc\u00fan el cual se llevar\u00e1 a cabo del 20 a\u00a024 de Enero del 2022, y tambi\u00e9n estrena material discogr\u00e1fico este\u00a010 de septiembre\u00a0\u201cJos\u00e9\u201d.\u00a0\u2026","rel":"","context":"En \u00abEntrevistas\u00bb","block_context":{"text":"Entrevistas","link":"https:\/\/zeromagazine.mx\/index.php\/category\/entretenimiento\/entrevistas\/"},"img":{"alt_text":"","src":"","width":0,"height":0},"classes":[]},{"id":53107,"url":"https:\/\/zeromagazine.mx\/index.php\/2021\/08\/27\/j-balvin-estrena-nueva-cancion-junto-a-tokischa\/","url_meta":{"origin":71368,"position":2},"title":"J Balvin estrena nueva canci\u00f3n junto a Tokischa","author":"zeromagazinemx","date":"27 de agosto de 2021","format":false,"excerpt":"J Balvin comparte su nueva canci\u00f3n \u201cPerra\u201d junto a Tokischa, el tema es parte de su quinto \u00e1lbum \u201cJose\u201d que saldr\u00e1 a la venta el 10 de septiembre. Por Mayra Torres El nuevo tema musical de J Balvin \u201cPerra\u201d con Tokischa el cual llega junto con la presentaci\u00f3n del arte\u2026","rel":"","context":"En \u00abCultura\u00bb","block_context":{"text":"Cultura","link":"https:\/\/zeromagazine.mx\/index.php\/category\/cultura\/"},"img":{"alt_text":"","src":"https:\/\/i0.wp.com\/zeromagazinemx.wpcomstaging.com\/wp-content\/uploads\/2022\/02\/c0b08-artwork-440x440-1-1.jpg?resize=350%2C200&ssl=1","width":350,"height":200},"classes":[]},{"id":54287,"url":"https:\/\/zeromagazine.mx\/index.php\/2021\/09\/10\/j-balvin-lanza-su-nuevo-album-jose\/","url_meta":{"origin":71368,"position":3},"title":"J Balv\u00edn lanza su nuevo \u00e1lbum \u201cJose\u201d","author":"zeromagazinemx","date":"10 de septiembre de 2021","format":false,"excerpt":"J Balvin logra el 31\u00b0 n\u00famero uno en la historia de Latin Ariplay, empatando el record de m\u00e1s n\u00famero 1 de todos los tiempos. @TEOGRAPH Por Moises Kushelevich J Balvin lanza su esperado quinto \u00e1lbum de estudio \u201cJose\u201d que se encuentra ya disponible en todo el mundo. El nombre del\u2026","rel":"","context":"En \u00abBlog\u00bb","block_context":{"text":"Blog","link":"https:\/\/zeromagazine.mx\/index.php\/category\/blog\/"},"img":{"alt_text":"","src":"","width":0,"height":0},"classes":[]},{"id":74115,"url":"https:\/\/zeromagazine.mx\/index.php\/2024\/04\/16\/j-balvin-deslumbra-en-coachella-2024\/","url_meta":{"origin":71368,"position":4},"title":"J Balvin deslumbra en Coachella 2024","author":"zeromagazinemx","date":"16 de abril de 2024","format":false,"excerpt":"La reciente presentaci\u00f3n de J Balvin en el festival Coachella 2024 ha sido todo un acontecimiento. El colombiano no solo cautiv\u00f3 al p\u00fablico con su espect\u00e1culo \"Fuera de Este Mundo\", sino que tambi\u00e9n demostr\u00f3 su dominio en el escenario y su capacidad para innovar en cada actuaci\u00f3n. Desde su llegada\u2026","rel":"","context":"En \u00abBlog\u00bb","block_context":{"text":"Blog","link":"https:\/\/zeromagazine.mx\/index.php\/category\/blog\/"},"img":{"alt_text":"","src":"https:\/\/i0.wp.com\/zeromagazine.mx\/wp-content\/uploads\/2024\/04\/JBalvin_Coachella_%40davemalave_01-scaled.jpg?fit=1200%2C800&ssl=1&resize=350%2C200","width":350,"height":200,"srcset":"https:\/\/i0.wp.com\/zeromagazine.mx\/wp-content\/uploads\/2024\/04\/JBalvin_Coachella_%40davemalave_01-scaled.jpg?fit=1200%2C800&ssl=1&resize=350%2C200 1x, https:\/\/i0.wp.com\/zeromagazine.mx\/wp-content\/uploads\/2024\/04\/JBalvin_Coachella_%40davemalave_01-scaled.jpg?fit=1200%2C800&ssl=1&resize=525%2C300 1.5x, https:\/\/i0.wp.com\/zeromagazine.mx\/wp-content\/uploads\/2024\/04\/JBalvin_Coachella_%40davemalave_01-scaled.jpg?fit=1200%2C800&ssl=1&resize=700%2C400 2x, https:\/\/i0.wp.com\/zeromagazine.mx\/wp-content\/uploads\/2024\/04\/JBalvin_Coachella_%40davemalave_01-scaled.jpg?fit=1200%2C800&ssl=1&resize=1050%2C600 3x"},"classes":[]},{"id":50827,"url":"https:\/\/zeromagazine.mx\/index.php\/2021\/07\/26\/entrevista-a-athzy\/","url_meta":{"origin":71368,"position":5},"title":"ENTREVISTA A ATHZY","author":"zeromagazinemx","date":"26 de julio de 2021","format":false,"excerpt":"Joven cantante y compositora mexicana que nos muestra que las mujeres podemos con el g\u00e9nero urbano y lanza su sencillo LA UBI. POR GABRIELA H. DELGADILLO Plat\u00edcame el proceso de lanzamiento de esta canci\u00f3n \u201cLa Ubi\u201d Es la primera canci\u00f3n que grab\u00e9 despu\u00e9s de mucho tiempo, decidimos lanzarla ahora porque\u2026","rel":"","context":"En \u00abEntretenimiento\u00bb","block_context":{"text":"Entretenimiento","link":"https:\/\/zeromagazine.mx\/index.php\/category\/entretenimiento\/"},"img":{"alt_text":"","src":"","width":0,"height":0},"classes":[]}],"jetpack_sharing_enabled":true,"builder_content":"","_links":{"self":[{"href":"https:\/\/zeromagazine.mx\/index.php\/wp-json\/wp\/v2\/posts\/71368","targetHints":{"allow":["GET"]}}],"collection":[{"href":"https:\/\/zeromagazine.mx\/index.php\/wp-json\/wp\/v2\/posts"}],"about":[{"href":"https:\/\/zeromagazine.mx\/index.php\/wp-json\/wp\/v2\/types\/post"}],"author":[{"embeddable":true,"href":"https:\/\/zeromagazine.mx\/index.php\/wp-json\/wp\/v2\/users\/2"}],"replies":[{"embeddable":true,"href":"https:\/\/zeromagazine.mx\/index.php\/wp-json\/wp\/v2\/comments?post=71368"}],"version-history":[{"count":4,"href":"https:\/\/zeromagazine.mx\/index.php\/wp-json\/wp\/v2\/posts\/71368\/revisions"}],"predecessor-version":[{"id":71377,"href":"https:\/\/zeromagazine.mx\/index.php\/wp-json\/wp\/v2\/posts\/71368\/revisions\/71377"}],"wp:featuredmedia":[{"embeddable":true,"href":"https:\/\/zeromagazine.mx\/index.php\/wp-json\/wp\/v2\/media\/71373"}],"wp:attachment":[{"href":"https:\/\/zeromagazine.mx\/index.php\/wp-json\/wp\/v2\/media?parent=71368"}],"wp:term":[{"taxonomy":"category","embeddable":true,"href":"https:\/\/zeromagazine.mx\/index.php\/wp-json\/wp\/v2\/categories?post=71368"},{"taxonomy":"post_tag","embeddable":true,"href":"https:\/\/zeromagazine.mx\/index.php\/wp-json\/wp\/v2\/tags?post=71368"}],"curies":[{"name":"wp","href":"https:\/\/api.w.org\/{rel}","templated":true}]}}