{"id":71448,"date":"2024-03-06T20:49:12","date_gmt":"2024-03-06T19:49:12","guid":{"rendered":"https:\/\/zeromagazine.mx\/?p=71448"},"modified":"2024-03-06T20:49:12","modified_gmt":"2024-03-06T19:49:12","slug":"chef-roberto-alcocer-estrella-michelin-en-sabor-es-polanco-2024","status":"publish","type":"post","link":"https:\/\/zeromagazine.mx\/index.php\/2024\/03\/06\/chef-roberto-alcocer-estrella-michelin-en-sabor-es-polanco-2024\/","title":{"rendered":"Chef Roberto Alcocer, estrella Michelin en Sabor es Polanco 2024"},"content":{"rendered":"<p>Prep\u00e1rense para un evento culinario de otro nivel, estamos hablando de la d\u00e9cima edici\u00f3n de Sabor es Polanco 2024, \u00a1la fiesta gastron\u00f3mica del a\u00f1o! \u00bfSe imaginan poder degustar los platillos del reconocido Chef Roberto Alcocer? \u00a1S\u00ed, el mismo que tiene una estrella Michelin en San Diego! Su genialidad en la cocina promete llevarnos a un viaje sensorial que nunca olvidaremos. As\u00ed que, preparen sus agendas y anoten la fecha: 9 y 10 de marzo en los jardines del Campo Marte.<\/p>\n\n\n\n<script async src=\"https:\/\/pagead2.googlesyndication.com\/pagead\/js\/adsbygoogle.js?client=ca-pub-5499304793904745\"\n     crossorigin=\"anonymous\"><\/script>\n<ins class=\"adsbygoogle\"\n     style=\"display:block; text-align:center;\"\n     data-ad-layout=\"in-article\"\n     data-ad-format=\"fluid\"\n     data-ad-client=\"ca-pub-5499304793904745\"\n     data-ad-slot=\"5994863093\"><\/ins>\n<script>\n     (adsbygoogle = window.adsbygoogle || []).push({});\n<\/script>\n\n\n\n<p>Ahora, hablemos un poco sobre c\u00f3mo este evento ha evolucionado a lo largo de los a\u00f1os. Desde sus humildes comienzos en 2013 con solo 35 restaurantes y 2,000 asistentes, Sabor es Polanco ha crecido hasta convertirse en un gigante culinario con m\u00e1s de 70 de los mejores restaurantes de la Ciudad de M\u00e9xico. Y no solo eso, \u00a1ahora tambi\u00e9n atrae a chefs de otras partes del pa\u00eds e incluso del extranjero!<\/p>\n\n\n\n<div class=\"wp-block-columns is-layout-flex wp-container-core-columns-is-layout-9d6595d7 wp-block-columns-is-layout-flex\">\n<div class=\"wp-block-column is-layout-flow wp-block-column-is-layout-flow\">\n<figure class=\"wp-block-image size-large\"><img data-recalc-dims=\"1\" decoding=\"async\" width=\"1024\" height=\"683\" src=\"https:\/\/i0.wp.com\/zeromagazine.mx\/wp-content\/uploads\/2024\/03\/ALCOCER-041-1024x683.jpg?resize=1024%2C683&#038;ssl=1\" alt=\"\" class=\"wp-image-71450\" srcset=\"https:\/\/i0.wp.com\/zeromagazine.mx\/wp-content\/uploads\/2024\/03\/ALCOCER-041-scaled.jpg?resize=1024%2C683&amp;ssl=1 1024w, https:\/\/i0.wp.com\/zeromagazine.mx\/wp-content\/uploads\/2024\/03\/ALCOCER-041-scaled.jpg?resize=300%2C200&amp;ssl=1 300w, https:\/\/i0.wp.com\/zeromagazine.mx\/wp-content\/uploads\/2024\/03\/ALCOCER-041-scaled.jpg?resize=768%2C512&amp;ssl=1 768w, https:\/\/i0.wp.com\/zeromagazine.mx\/wp-content\/uploads\/2024\/03\/ALCOCER-041-scaled.jpg?resize=1536%2C1024&amp;ssl=1 1536w, https:\/\/i0.wp.com\/zeromagazine.mx\/wp-content\/uploads\/2024\/03\/ALCOCER-041-scaled.jpg?resize=2048%2C1365&amp;ssl=1 2048w, https:\/\/i0.wp.com\/zeromagazine.mx\/wp-content\/uploads\/2024\/03\/ALCOCER-041-scaled.jpg?w=2330 2330w\" sizes=\"(max-width: 1024px) 100vw, 1024px\" \/><\/figure>\n<\/div>\n\n\n\n<div class=\"wp-block-column is-layout-flow wp-block-column-is-layout-flow\">\n<figure class=\"wp-block-image size-large\"><img data-recalc-dims=\"1\" decoding=\"async\" width=\"1024\" height=\"683\" src=\"https:\/\/i0.wp.com\/zeromagazine.mx\/wp-content\/uploads\/2024\/03\/ALCOCER-035-1024x683.jpg?resize=1024%2C683&#038;ssl=1\" alt=\"\" class=\"wp-image-71451\" srcset=\"https:\/\/i0.wp.com\/zeromagazine.mx\/wp-content\/uploads\/2024\/03\/ALCOCER-035-scaled.jpg?resize=1024%2C683&amp;ssl=1 1024w, https:\/\/i0.wp.com\/zeromagazine.mx\/wp-content\/uploads\/2024\/03\/ALCOCER-035-scaled.jpg?resize=300%2C200&amp;ssl=1 300w, https:\/\/i0.wp.com\/zeromagazine.mx\/wp-content\/uploads\/2024\/03\/ALCOCER-035-scaled.jpg?resize=768%2C512&amp;ssl=1 768w, https:\/\/i0.wp.com\/zeromagazine.mx\/wp-content\/uploads\/2024\/03\/ALCOCER-035-scaled.jpg?resize=1536%2C1024&amp;ssl=1 1536w, https:\/\/i0.wp.com\/zeromagazine.mx\/wp-content\/uploads\/2024\/03\/ALCOCER-035-scaled.jpg?resize=2048%2C1365&amp;ssl=1 2048w, https:\/\/i0.wp.com\/zeromagazine.mx\/wp-content\/uploads\/2024\/03\/ALCOCER-035-scaled.jpg?w=2330 2330w\" sizes=\"(max-width: 1024px) 100vw, 1024px\" \/><\/figure>\n<\/div>\n<\/div>\n\n\n\n<p><\/p>\n\n\n\n<p>Pero volviendo al plato principal de este a\u00f1o, el Chef Alcocer es una verdadera leyenda en la cocina mexicana contempor\u00e1nea. Con sus ra\u00edces en Baja California, ha sabido capturar la esencia culinaria de la regi\u00f3n y llevarla a nuevos niveles de excelencia. \u00bfSe imaginan probar sus platos vibrantes y su exquisita combinaci\u00f3n de sabores y texturas?<\/p>\n\n\n\n<script async src=\"https:\/\/pagead2.googlesyndication.com\/pagead\/js\/adsbygoogle.js?client=ca-pub-5499304793904745\"\n     crossorigin=\"anonymous\"><\/script>\n<ins class=\"adsbygoogle\"\n     style=\"display:block; text-align:center;\"\n     data-ad-layout=\"in-article\"\n     data-ad-format=\"fluid\"\n     data-ad-client=\"ca-pub-5499304793904745\"\n     data-ad-slot=\"5994863093\"><\/ins>\n<script>\n     (adsbygoogle = window.adsbygoogle || []).push({});\n<\/script>\n\n\n\n<p>Y no se pierdan las sorpresas que tiene preparadas para nosotres en Sabor es Polanco. Adem\u00e1s de cocinar en una cena especial en honor a la experta en comida tradicional mexicana Carmen \u00abTitita\u00bb Ram\u00edrez Degollado, tambi\u00e9n estar\u00e1 presente durante todo el fin de semana para deleitarnos con degustaciones de sus restaurantes Valle y Malva. \u00a1Una oportunidad \u00fanica para conocer de cerca el arte culinario de uno de los mejores chefs del pa\u00eds!<\/p>\n\n\n\n<script async src=\"https:\/\/pagead2.googlesyndication.com\/pagead\/js\/adsbygoogle.js?client=ca-pub-5499304793904745\"\n     crossorigin=\"anonymous\"><\/script>\n<ins class=\"adsbygoogle\"\n     style=\"display:block; text-align:center;\"\n     data-ad-layout=\"in-article\"\n     data-ad-format=\"fluid\"\n     data-ad-client=\"ca-pub-5499304793904745\"\n     data-ad-slot=\"5994863093\"><\/ins>\n<script>\n     (adsbygoogle = window.adsbygoogle || []).push({});\n<\/script>\n\n\n\n<p>Marquen sus calendarios y \u00fananse a nosotros en este viaje gastron\u00f3mico que promete despertar todos sus sentidos. \u00a1Nos vemos en Sabor es Polanco 2024 para disfrutar de una experiencia culinaria inolvidable junto al Chef Alcocer y muchos m\u00e1s!<\/p>\n\n\n\n<figure class=\"wp-block-image alignwide size-large\"><img data-recalc-dims=\"1\" decoding=\"async\" width=\"1024\" height=\"683\" src=\"https:\/\/i0.wp.com\/zeromagazine.mx\/wp-content\/uploads\/2024\/03\/ALCOCER-025-copia-1024x683.jpg?resize=1024%2C683&#038;ssl=1\" alt=\"\" class=\"wp-image-71452\" srcset=\"https:\/\/i0.wp.com\/zeromagazine.mx\/wp-content\/uploads\/2024\/03\/ALCOCER-025-copia-scaled.jpg?resize=1024%2C683&amp;ssl=1 1024w, https:\/\/i0.wp.com\/zeromagazine.mx\/wp-content\/uploads\/2024\/03\/ALCOCER-025-copia-scaled.jpg?resize=300%2C200&amp;ssl=1 300w, https:\/\/i0.wp.com\/zeromagazine.mx\/wp-content\/uploads\/2024\/03\/ALCOCER-025-copia-scaled.jpg?resize=768%2C512&amp;ssl=1 768w, https:\/\/i0.wp.com\/zeromagazine.mx\/wp-content\/uploads\/2024\/03\/ALCOCER-025-copia-scaled.jpg?resize=1536%2C1024&amp;ssl=1 1536w, https:\/\/i0.wp.com\/zeromagazine.mx\/wp-content\/uploads\/2024\/03\/ALCOCER-025-copia-scaled.jpg?resize=2048%2C1365&amp;ssl=1 2048w, https:\/\/i0.wp.com\/zeromagazine.mx\/wp-content\/uploads\/2024\/03\/ALCOCER-025-copia-scaled.jpg?w=2330 2330w\" sizes=\"(max-width: 1024px) 100vw, 1024px\" \/><\/figure>\n\n<!--themify_builder_content-->\n<div id=\"themify_builder_content-71448\" data-postid=\"71448\" class=\"themify_builder_content themify_builder_content-71448 themify_builder tf_clear\">\n    <\/div>\n<!--\/themify_builder_content-->","protected":false},"excerpt":{"rendered":"<p>Prep\u00e1rense para un evento culinario de otro nivel, estamos hablando de la d\u00e9cima edici\u00f3n de Sabor es Polanco 2024, \u00a1la fiesta gastron\u00f3mica del a\u00f1o! \u00bfSe imaginan poder degustar los platillos del reconocido Chef Roberto Alcocer? \u00a1S\u00ed, el mismo que tiene una estrella Michelin en San Diego! Su genialidad en la cocina promete llevarnos a un [&hellip;]<\/p>\n","protected":false},"author":2,"featured_media":71453,"comment_status":"open","ping_status":"open","sticky":false,"template":"","format":"standard","meta":{"_jetpack_memberships_contains_paid_content":false,"footnotes":"","jetpack_publicize_message":"","jetpack_publicize_feature_enabled":true,"jetpack_social_post_already_shared":false,"jetpack_social_options":{"image_generator_settings":{"template":"highway","default_image_id":0,"font":"","enabled":false},"version":2}},"categories":[1],"tags":[7141,7142,7143,7140],"class_list":["post-71448","post","type-post","status-publish","format-standard","has-post-thumbnail","hentry","category-blog","tag-chef-roberto-alcocer","tag-estrella-michelin","tag-evento-gastronoomico","tag-sabor-polanco-2024","has-post-title","has-post-date","has-post-category","has-post-tag","has-post-comment","has-post-author",""],"yoast_head":"<!-- This site is optimized with the Yoast SEO plugin v27.5 - https:\/\/yoast.com\/product\/yoast-seo-wordpress\/ -->\n<title>Chef Roberto Alcocer, estrella Michelin en Sabor es Polanco 2024 - Zero Magazine<\/title>\n<meta name=\"robots\" content=\"index, follow, max-snippet:-1, max-image-preview:large, max-video-preview:-1\" \/>\n<link rel=\"canonical\" href=\"https:\/\/zeromagazine.mx\/index.php\/2024\/03\/06\/chef-roberto-alcocer-estrella-michelin-en-sabor-es-polanco-2024\/\" \/>\n<meta property=\"og:locale\" content=\"es_ES\" \/>\n<meta property=\"og:type\" content=\"article\" \/>\n<meta property=\"og:title\" content=\"Chef Roberto Alcocer, estrella Michelin en Sabor es Polanco 2024 - Zero Magazine\" \/>\n<meta property=\"og:description\" content=\"Prep\u00e1rense para un evento culinario de otro nivel, estamos hablando de la d\u00e9cima edici\u00f3n de Sabor es Polanco 2024, \u00a1la fiesta gastron\u00f3mica del a\u00f1o! \u00bfSe imaginan poder degustar los platillos del reconocido Chef Roberto Alcocer? \u00a1S\u00ed, el mismo que tiene una estrella Michelin en San Diego! Su genialidad en la cocina promete llevarnos a un [&hellip;]\" \/>\n<meta property=\"og:url\" content=\"https:\/\/zeromagazine.mx\/index.php\/2024\/03\/06\/chef-roberto-alcocer-estrella-michelin-en-sabor-es-polanco-2024\/\" \/>\n<meta property=\"og:site_name\" content=\"Zero Magazine\" \/>\n<meta property=\"article:published_time\" content=\"2024-03-06T19:49:12+00:00\" \/>\n<meta property=\"og:image\" content=\"https:\/\/i0.wp.com\/zeromagazine.mx\/wp-content\/uploads\/2024\/03\/ALCOCER-001-scaled.jpg?fit=2560%2C1707&ssl=1\" \/>\n\t<meta property=\"og:image:width\" content=\"2560\" \/>\n\t<meta property=\"og:image:height\" content=\"1707\" \/>\n\t<meta property=\"og:image:type\" content=\"image\/jpeg\" \/>\n<meta name=\"author\" content=\"zeromagazinemx\" \/>\n<meta name=\"twitter:card\" content=\"summary_large_image\" \/>\n<meta name=\"twitter:label1\" content=\"Escrito por\" \/>\n\t<meta name=\"twitter:data1\" content=\"zeromagazinemx\" \/>\n\t<meta name=\"twitter:label2\" content=\"Tiempo de lectura\" \/>\n\t<meta name=\"twitter:data2\" content=\"2 minutos\" \/>\n<script type=\"application\/ld+json\" class=\"yoast-schema-graph\">{\"@context\":\"https:\\\/\\\/schema.org\",\"@graph\":[{\"@type\":\"Article\",\"@id\":\"https:\\\/\\\/zeromagazine.mx\\\/index.php\\\/2024\\\/03\\\/06\\\/chef-roberto-alcocer-estrella-michelin-en-sabor-es-polanco-2024\\\/#article\",\"isPartOf\":{\"@id\":\"https:\\\/\\\/zeromagazine.mx\\\/index.php\\\/2024\\\/03\\\/06\\\/chef-roberto-alcocer-estrella-michelin-en-sabor-es-polanco-2024\\\/\"},\"author\":{\"name\":\"zeromagazinemx\",\"@id\":\"https:\\\/\\\/zeromagazine.mx\\\/#\\\/schema\\\/person\\\/9aed9f33a7c39af3a348b86d723f7773\"},\"headline\":\"Chef Roberto Alcocer, estrella Michelin en Sabor es Polanco 2024\",\"datePublished\":\"2024-03-06T19:49:12+00:00\",\"mainEntityOfPage\":{\"@id\":\"https:\\\/\\\/zeromagazine.mx\\\/index.php\\\/2024\\\/03\\\/06\\\/chef-roberto-alcocer-estrella-michelin-en-sabor-es-polanco-2024\\\/\"},\"wordCount\":340,\"commentCount\":0,\"publisher\":{\"@id\":\"https:\\\/\\\/zeromagazine.mx\\\/#organization\"},\"image\":{\"@id\":\"https:\\\/\\\/zeromagazine.mx\\\/index.php\\\/2024\\\/03\\\/06\\\/chef-roberto-alcocer-estrella-michelin-en-sabor-es-polanco-2024\\\/#primaryimage\"},\"thumbnailUrl\":\"https:\\\/\\\/i0.wp.com\\\/zeromagazine.mx\\\/wp-content\\\/uploads\\\/2024\\\/03\\\/ALCOCER-001-scaled.jpg?fit=2560%2C1707&ssl=1\",\"keywords\":[\"Chef Roberto Alcocer\",\"Estrella Michelin\",\"Evento gastrono\u00bf\u00f3mico\",\"Sabor Polanco 2024\"],\"articleSection\":[\"Blog\"],\"inLanguage\":\"es\",\"potentialAction\":[{\"@type\":\"CommentAction\",\"name\":\"Comment\",\"target\":[\"https:\\\/\\\/zeromagazine.mx\\\/index.php\\\/2024\\\/03\\\/06\\\/chef-roberto-alcocer-estrella-michelin-en-sabor-es-polanco-2024\\\/#respond\"]}]},{\"@type\":\"WebPage\",\"@id\":\"https:\\\/\\\/zeromagazine.mx\\\/index.php\\\/2024\\\/03\\\/06\\\/chef-roberto-alcocer-estrella-michelin-en-sabor-es-polanco-2024\\\/\",\"url\":\"https:\\\/\\\/zeromagazine.mx\\\/index.php\\\/2024\\\/03\\\/06\\\/chef-roberto-alcocer-estrella-michelin-en-sabor-es-polanco-2024\\\/\",\"name\":\"Chef Roberto Alcocer, estrella Michelin en Sabor es Polanco 2024 - Zero Magazine\",\"isPartOf\":{\"@id\":\"https:\\\/\\\/zeromagazine.mx\\\/#website\"},\"primaryImageOfPage\":{\"@id\":\"https:\\\/\\\/zeromagazine.mx\\\/index.php\\\/2024\\\/03\\\/06\\\/chef-roberto-alcocer-estrella-michelin-en-sabor-es-polanco-2024\\\/#primaryimage\"},\"image\":{\"@id\":\"https:\\\/\\\/zeromagazine.mx\\\/index.php\\\/2024\\\/03\\\/06\\\/chef-roberto-alcocer-estrella-michelin-en-sabor-es-polanco-2024\\\/#primaryimage\"},\"thumbnailUrl\":\"https:\\\/\\\/i0.wp.com\\\/zeromagazine.mx\\\/wp-content\\\/uploads\\\/2024\\\/03\\\/ALCOCER-001-scaled.jpg?fit=2560%2C1707&ssl=1\",\"datePublished\":\"2024-03-06T19:49:12+00:00\",\"breadcrumb\":{\"@id\":\"https:\\\/\\\/zeromagazine.mx\\\/index.php\\\/2024\\\/03\\\/06\\\/chef-roberto-alcocer-estrella-michelin-en-sabor-es-polanco-2024\\\/#breadcrumb\"},\"inLanguage\":\"es\",\"potentialAction\":[{\"@type\":\"ReadAction\",\"target\":[\"https:\\\/\\\/zeromagazine.mx\\\/index.php\\\/2024\\\/03\\\/06\\\/chef-roberto-alcocer-estrella-michelin-en-sabor-es-polanco-2024\\\/\"]}]},{\"@type\":\"ImageObject\",\"inLanguage\":\"es\",\"@id\":\"https:\\\/\\\/zeromagazine.mx\\\/index.php\\\/2024\\\/03\\\/06\\\/chef-roberto-alcocer-estrella-michelin-en-sabor-es-polanco-2024\\\/#primaryimage\",\"url\":\"https:\\\/\\\/i0.wp.com\\\/zeromagazine.mx\\\/wp-content\\\/uploads\\\/2024\\\/03\\\/ALCOCER-001-scaled.jpg?fit=2560%2C1707&ssl=1\",\"contentUrl\":\"https:\\\/\\\/i0.wp.com\\\/zeromagazine.mx\\\/wp-content\\\/uploads\\\/2024\\\/03\\\/ALCOCER-001-scaled.jpg?fit=2560%2C1707&ssl=1\",\"width\":2560,\"height\":1707},{\"@type\":\"BreadcrumbList\",\"@id\":\"https:\\\/\\\/zeromagazine.mx\\\/index.php\\\/2024\\\/03\\\/06\\\/chef-roberto-alcocer-estrella-michelin-en-sabor-es-polanco-2024\\\/#breadcrumb\",\"itemListElement\":[{\"@type\":\"ListItem\",\"position\":1,\"name\":\"Portada\",\"item\":\"https:\\\/\\\/zeromagazine.mx\\\/\"},{\"@type\":\"ListItem\",\"position\":2,\"name\":\"Chef Roberto Alcocer, estrella Michelin en Sabor es Polanco 2024\"}]},{\"@type\":\"WebSite\",\"@id\":\"https:\\\/\\\/zeromagazine.mx\\\/#website\",\"url\":\"https:\\\/\\\/zeromagazine.mx\\\/\",\"name\":\"Zero Magazine\",\"description\":\"\",\"publisher\":{\"@id\":\"https:\\\/\\\/zeromagazine.mx\\\/#organization\"},\"potentialAction\":[{\"@type\":\"SearchAction\",\"target\":{\"@type\":\"EntryPoint\",\"urlTemplate\":\"https:\\\/\\\/zeromagazine.mx\\\/?s={search_term_string}\"},\"query-input\":{\"@type\":\"PropertyValueSpecification\",\"valueRequired\":true,\"valueName\":\"search_term_string\"}}],\"inLanguage\":\"es\"},{\"@type\":\"Organization\",\"@id\":\"https:\\\/\\\/zeromagazine.mx\\\/#organization\",\"name\":\"Zero Magazine\",\"url\":\"https:\\\/\\\/zeromagazine.mx\\\/\",\"logo\":{\"@type\":\"ImageObject\",\"inLanguage\":\"es\",\"@id\":\"https:\\\/\\\/zeromagazine.mx\\\/#\\\/schema\\\/logo\\\/image\\\/\",\"url\":\"https:\\\/\\\/i0.wp.com\\\/zeromagazine.mx\\\/wp-content\\\/uploads\\\/2025\\\/11\\\/1.jpeg?fit=1000%2C1000&ssl=1\",\"contentUrl\":\"https:\\\/\\\/i0.wp.com\\\/zeromagazine.mx\\\/wp-content\\\/uploads\\\/2025\\\/11\\\/1.jpeg?fit=1000%2C1000&ssl=1\",\"width\":1000,\"height\":1000,\"caption\":\"Zero Magazine\"},\"image\":{\"@id\":\"https:\\\/\\\/zeromagazine.mx\\\/#\\\/schema\\\/logo\\\/image\\\/\"},\"sameAs\":[\"https:\\\/\\\/instagram.com\\\/zeromagazinemx\"]},{\"@type\":\"Person\",\"@id\":\"https:\\\/\\\/zeromagazine.mx\\\/#\\\/schema\\\/person\\\/9aed9f33a7c39af3a348b86d723f7773\",\"name\":\"zeromagazinemx\",\"image\":{\"@type\":\"ImageObject\",\"inLanguage\":\"es\",\"@id\":\"https:\\\/\\\/zeromagazine.mx\\\/wp-content\\\/litespeed\\\/avatar\\\/f91dfe5410d5dcb1a576bf8c45983896.jpg?ver=1776966396\",\"url\":\"https:\\\/\\\/zeromagazine.mx\\\/wp-content\\\/litespeed\\\/avatar\\\/f91dfe5410d5dcb1a576bf8c45983896.jpg?ver=1776966396\",\"contentUrl\":\"https:\\\/\\\/zeromagazine.mx\\\/wp-content\\\/litespeed\\\/avatar\\\/f91dfe5410d5dcb1a576bf8c45983896.jpg?ver=1776966396\",\"caption\":\"zeromagazinemx\"},\"url\":\"https:\\\/\\\/zeromagazine.mx\\\/index.php\\\/author\\\/zeromagazinemx\\\/\"}]}<\/script>\n<!-- \/ Yoast SEO plugin. -->","yoast_head_json":{"title":"Chef Roberto Alcocer, estrella Michelin en Sabor es Polanco 2024 - Zero Magazine","robots":{"index":"index","follow":"follow","max-snippet":"max-snippet:-1","max-image-preview":"max-image-preview:large","max-video-preview":"max-video-preview:-1"},"canonical":"https:\/\/zeromagazine.mx\/index.php\/2024\/03\/06\/chef-roberto-alcocer-estrella-michelin-en-sabor-es-polanco-2024\/","og_locale":"es_ES","og_type":"article","og_title":"Chef Roberto Alcocer, estrella Michelin en Sabor es Polanco 2024 - Zero Magazine","og_description":"Prep\u00e1rense para un evento culinario de otro nivel, estamos hablando de la d\u00e9cima edici\u00f3n de Sabor es Polanco 2024, \u00a1la fiesta gastron\u00f3mica del a\u00f1o! \u00bfSe imaginan poder degustar los platillos del reconocido Chef Roberto Alcocer? \u00a1S\u00ed, el mismo que tiene una estrella Michelin en San Diego! Su genialidad en la cocina promete llevarnos a un [&hellip;]","og_url":"https:\/\/zeromagazine.mx\/index.php\/2024\/03\/06\/chef-roberto-alcocer-estrella-michelin-en-sabor-es-polanco-2024\/","og_site_name":"Zero Magazine","article_published_time":"2024-03-06T19:49:12+00:00","og_image":[{"width":2560,"height":1707,"url":"https:\/\/i0.wp.com\/zeromagazine.mx\/wp-content\/uploads\/2024\/03\/ALCOCER-001-scaled.jpg?fit=2560%2C1707&ssl=1","type":"image\/jpeg"}],"author":"zeromagazinemx","twitter_card":"summary_large_image","twitter_misc":{"Escrito por":"zeromagazinemx","Tiempo de lectura":"2 minutos"},"schema":{"@context":"https:\/\/schema.org","@graph":[{"@type":"Article","@id":"https:\/\/zeromagazine.mx\/index.php\/2024\/03\/06\/chef-roberto-alcocer-estrella-michelin-en-sabor-es-polanco-2024\/#article","isPartOf":{"@id":"https:\/\/zeromagazine.mx\/index.php\/2024\/03\/06\/chef-roberto-alcocer-estrella-michelin-en-sabor-es-polanco-2024\/"},"author":{"name":"zeromagazinemx","@id":"https:\/\/zeromagazine.mx\/#\/schema\/person\/9aed9f33a7c39af3a348b86d723f7773"},"headline":"Chef Roberto Alcocer, estrella Michelin en Sabor es Polanco 2024","datePublished":"2024-03-06T19:49:12+00:00","mainEntityOfPage":{"@id":"https:\/\/zeromagazine.mx\/index.php\/2024\/03\/06\/chef-roberto-alcocer-estrella-michelin-en-sabor-es-polanco-2024\/"},"wordCount":340,"commentCount":0,"publisher":{"@id":"https:\/\/zeromagazine.mx\/#organization"},"image":{"@id":"https:\/\/zeromagazine.mx\/index.php\/2024\/03\/06\/chef-roberto-alcocer-estrella-michelin-en-sabor-es-polanco-2024\/#primaryimage"},"thumbnailUrl":"https:\/\/i0.wp.com\/zeromagazine.mx\/wp-content\/uploads\/2024\/03\/ALCOCER-001-scaled.jpg?fit=2560%2C1707&ssl=1","keywords":["Chef Roberto Alcocer","Estrella Michelin","Evento gastrono\u00bf\u00f3mico","Sabor Polanco 2024"],"articleSection":["Blog"],"inLanguage":"es","potentialAction":[{"@type":"CommentAction","name":"Comment","target":["https:\/\/zeromagazine.mx\/index.php\/2024\/03\/06\/chef-roberto-alcocer-estrella-michelin-en-sabor-es-polanco-2024\/#respond"]}]},{"@type":"WebPage","@id":"https:\/\/zeromagazine.mx\/index.php\/2024\/03\/06\/chef-roberto-alcocer-estrella-michelin-en-sabor-es-polanco-2024\/","url":"https:\/\/zeromagazine.mx\/index.php\/2024\/03\/06\/chef-roberto-alcocer-estrella-michelin-en-sabor-es-polanco-2024\/","name":"Chef Roberto Alcocer, estrella Michelin en Sabor es Polanco 2024 - Zero Magazine","isPartOf":{"@id":"https:\/\/zeromagazine.mx\/#website"},"primaryImageOfPage":{"@id":"https:\/\/zeromagazine.mx\/index.php\/2024\/03\/06\/chef-roberto-alcocer-estrella-michelin-en-sabor-es-polanco-2024\/#primaryimage"},"image":{"@id":"https:\/\/zeromagazine.mx\/index.php\/2024\/03\/06\/chef-roberto-alcocer-estrella-michelin-en-sabor-es-polanco-2024\/#primaryimage"},"thumbnailUrl":"https:\/\/i0.wp.com\/zeromagazine.mx\/wp-content\/uploads\/2024\/03\/ALCOCER-001-scaled.jpg?fit=2560%2C1707&ssl=1","datePublished":"2024-03-06T19:49:12+00:00","breadcrumb":{"@id":"https:\/\/zeromagazine.mx\/index.php\/2024\/03\/06\/chef-roberto-alcocer-estrella-michelin-en-sabor-es-polanco-2024\/#breadcrumb"},"inLanguage":"es","potentialAction":[{"@type":"ReadAction","target":["https:\/\/zeromagazine.mx\/index.php\/2024\/03\/06\/chef-roberto-alcocer-estrella-michelin-en-sabor-es-polanco-2024\/"]}]},{"@type":"ImageObject","inLanguage":"es","@id":"https:\/\/zeromagazine.mx\/index.php\/2024\/03\/06\/chef-roberto-alcocer-estrella-michelin-en-sabor-es-polanco-2024\/#primaryimage","url":"https:\/\/i0.wp.com\/zeromagazine.mx\/wp-content\/uploads\/2024\/03\/ALCOCER-001-scaled.jpg?fit=2560%2C1707&ssl=1","contentUrl":"https:\/\/i0.wp.com\/zeromagazine.mx\/wp-content\/uploads\/2024\/03\/ALCOCER-001-scaled.jpg?fit=2560%2C1707&ssl=1","width":2560,"height":1707},{"@type":"BreadcrumbList","@id":"https:\/\/zeromagazine.mx\/index.php\/2024\/03\/06\/chef-roberto-alcocer-estrella-michelin-en-sabor-es-polanco-2024\/#breadcrumb","itemListElement":[{"@type":"ListItem","position":1,"name":"Portada","item":"https:\/\/zeromagazine.mx\/"},{"@type":"ListItem","position":2,"name":"Chef Roberto Alcocer, estrella Michelin en Sabor es Polanco 2024"}]},{"@type":"WebSite","@id":"https:\/\/zeromagazine.mx\/#website","url":"https:\/\/zeromagazine.mx\/","name":"Zero Magazine","description":"","publisher":{"@id":"https:\/\/zeromagazine.mx\/#organization"},"potentialAction":[{"@type":"SearchAction","target":{"@type":"EntryPoint","urlTemplate":"https:\/\/zeromagazine.mx\/?s={search_term_string}"},"query-input":{"@type":"PropertyValueSpecification","valueRequired":true,"valueName":"search_term_string"}}],"inLanguage":"es"},{"@type":"Organization","@id":"https:\/\/zeromagazine.mx\/#organization","name":"Zero Magazine","url":"https:\/\/zeromagazine.mx\/","logo":{"@type":"ImageObject","inLanguage":"es","@id":"https:\/\/zeromagazine.mx\/#\/schema\/logo\/image\/","url":"https:\/\/i0.wp.com\/zeromagazine.mx\/wp-content\/uploads\/2025\/11\/1.jpeg?fit=1000%2C1000&ssl=1","contentUrl":"https:\/\/i0.wp.com\/zeromagazine.mx\/wp-content\/uploads\/2025\/11\/1.jpeg?fit=1000%2C1000&ssl=1","width":1000,"height":1000,"caption":"Zero Magazine"},"image":{"@id":"https:\/\/zeromagazine.mx\/#\/schema\/logo\/image\/"},"sameAs":["https:\/\/instagram.com\/zeromagazinemx"]},{"@type":"Person","@id":"https:\/\/zeromagazine.mx\/#\/schema\/person\/9aed9f33a7c39af3a348b86d723f7773","name":"zeromagazinemx","image":{"@type":"ImageObject","inLanguage":"es","@id":"https:\/\/zeromagazine.mx\/wp-content\/litespeed\/avatar\/f91dfe5410d5dcb1a576bf8c45983896.jpg?ver=1776966396","url":"https:\/\/zeromagazine.mx\/wp-content\/litespeed\/avatar\/f91dfe5410d5dcb1a576bf8c45983896.jpg?ver=1776966396","contentUrl":"https:\/\/zeromagazine.mx\/wp-content\/litespeed\/avatar\/f91dfe5410d5dcb1a576bf8c45983896.jpg?ver=1776966396","caption":"zeromagazinemx"},"url":"https:\/\/zeromagazine.mx\/index.php\/author\/zeromagazinemx\/"}]}},"jetpack_publicize_connections":[],"jetpack_featured_media_url":"https:\/\/i0.wp.com\/zeromagazine.mx\/wp-content\/uploads\/2024\/03\/ALCOCER-001-scaled.jpg?fit=2560%2C1707&ssl=1","jetpack-related-posts":[{"id":82243,"url":"https:\/\/zeromagazine.mx\/index.php\/2024\/08\/21\/chef-roberto-estrella-que-brilla\/","url_meta":{"origin":71448,"position":0},"title":"\u00abChef Roberto: Estrella Que Brilla\u00bb","author":"zeromagazinemx","date":"21 de agosto de 2024","format":false,"excerpt":"! Hola a tod@s\u00a1, esta semana en exclusiva te contamos que el Chef Roberto Alcocer acaba de retener su estrella MICHELIN en la ceremonia de la Gu\u00eda MICHELIN California 2024. No es cualquier cosa, ya que este premio es como el Oscar de la gastronom\u00eda, y cuando te lo llevas\u2026","rel":"","context":"En \u00abFoodie\u00bb","block_context":{"text":"Foodie","link":"https:\/\/zeromagazine.mx\/index.php\/category\/lifestyle\/foodie\/"},"img":{"alt_text":"","src":"https:\/\/i0.wp.com\/zeromagazine.mx\/wp-content\/uploads\/2024\/08\/MP_valledining2_65423-scaled.jpg?fit=1200%2C750&ssl=1&resize=350%2C200","width":350,"height":200,"srcset":"https:\/\/i0.wp.com\/zeromagazine.mx\/wp-content\/uploads\/2024\/08\/MP_valledining2_65423-scaled.jpg?fit=1200%2C750&ssl=1&resize=350%2C200 1x, https:\/\/i0.wp.com\/zeromagazine.mx\/wp-content\/uploads\/2024\/08\/MP_valledining2_65423-scaled.jpg?fit=1200%2C750&ssl=1&resize=525%2C300 1.5x, https:\/\/i0.wp.com\/zeromagazine.mx\/wp-content\/uploads\/2024\/08\/MP_valledining2_65423-scaled.jpg?fit=1200%2C750&ssl=1&resize=700%2C400 2x, https:\/\/i0.wp.com\/zeromagazine.mx\/wp-content\/uploads\/2024\/08\/MP_valledining2_65423-scaled.jpg?fit=1200%2C750&ssl=1&resize=1050%2C600 3x"},"classes":[]},{"id":81995,"url":"https:\/\/zeromagazine.mx\/index.php\/2024\/08\/16\/valle-estrella-michelin-y-puro-orgullo\/","url_meta":{"origin":71448,"position":1},"title":"\u00abValle: Estrella Michelin y Puro Orgullo\u00bb","author":"zeromagazinemx","date":"16 de agosto de 2024","format":false,"excerpt":"\u00a1Hola a tod@s!\u00a0\u00a0\u00bfListos para un viaje culinario que te va a dejar babeando? Imagina un spot que no solo sirve platillos de alta calidad, sino que tambi\u00e9n tiene un estilo \u00fanico que combina lo mejor de la cultura mexicana con t\u00e9cnicas modernas. Pues d\u00e9jenme contarles sobre el restaurante Valle en\u2026","rel":"","context":"En \u00abFoodie\u00bb","block_context":{"text":"Foodie","link":"https:\/\/zeromagazine.mx\/index.php\/category\/lifestyle\/foodie\/"},"img":{"alt_text":"","src":"https:\/\/i0.wp.com\/zeromagazine.mx\/wp-content\/uploads\/2024\/08\/304A9350-2-scaled.jpg?fit=1200%2C800&ssl=1&resize=350%2C200","width":350,"height":200,"srcset":"https:\/\/i0.wp.com\/zeromagazine.mx\/wp-content\/uploads\/2024\/08\/304A9350-2-scaled.jpg?fit=1200%2C800&ssl=1&resize=350%2C200 1x, https:\/\/i0.wp.com\/zeromagazine.mx\/wp-content\/uploads\/2024\/08\/304A9350-2-scaled.jpg?fit=1200%2C800&ssl=1&resize=525%2C300 1.5x, https:\/\/i0.wp.com\/zeromagazine.mx\/wp-content\/uploads\/2024\/08\/304A9350-2-scaled.jpg?fit=1200%2C800&ssl=1&resize=700%2C400 2x, https:\/\/i0.wp.com\/zeromagazine.mx\/wp-content\/uploads\/2024\/08\/304A9350-2-scaled.jpg?fit=1200%2C800&ssl=1&resize=1050%2C600 3x"},"classes":[]},{"id":79994,"url":"https:\/\/zeromagazine.mx\/index.php\/2024\/07\/05\/primer-restaurante-con-estrella-michelin-en-oceanside\/","url_meta":{"origin":71448,"position":2},"title":"1er Restaurante con Estrella Michelin en Oceanside","author":"zeromagazinemx","date":"5 de julio de 2024","format":false,"excerpt":"\u00bfTe imaginas entrar a un lugar donde cada platillo es una verdadera obra de arte? Pues en 2021, el s\u00faper famoso Chef Roberto Alcocer abri\u00f3 Valle en Oceanside, California, y desde entonces ha sido el boom en la escena culinaria. Su pasi\u00f3n por la cocina ha hecho que Valle sea\u2026","rel":"","context":"En \u00abFoodie\u00bb","block_context":{"text":"Foodie","link":"https:\/\/zeromagazine.mx\/index.php\/category\/lifestyle\/foodie\/"},"img":{"alt_text":"","src":"https:\/\/i0.wp.com\/zeromagazine.mx\/wp-content\/uploads\/2024\/07\/tHJqMr5k-scaled.jpeg?fit=1200%2C750&ssl=1&resize=350%2C200","width":350,"height":200,"srcset":"https:\/\/i0.wp.com\/zeromagazine.mx\/wp-content\/uploads\/2024\/07\/tHJqMr5k-scaled.jpeg?fit=1200%2C750&ssl=1&resize=350%2C200 1x, https:\/\/i0.wp.com\/zeromagazine.mx\/wp-content\/uploads\/2024\/07\/tHJqMr5k-scaled.jpeg?fit=1200%2C750&ssl=1&resize=525%2C300 1.5x, https:\/\/i0.wp.com\/zeromagazine.mx\/wp-content\/uploads\/2024\/07\/tHJqMr5k-scaled.jpeg?fit=1200%2C750&ssl=1&resize=700%2C400 2x, https:\/\/i0.wp.com\/zeromagazine.mx\/wp-content\/uploads\/2024\/07\/tHJqMr5k-scaled.jpeg?fit=1200%2C750&ssl=1&resize=1050%2C600 3x"},"classes":[]},{"id":81279,"url":"https:\/\/zeromagazine.mx\/index.php\/2024\/08\/01\/valle-estrella-michelin-y-mas\/","url_meta":{"origin":71448,"position":3},"title":"\u00abValle: Estrella Michelin y M\u00e1s\u00bb","author":"zeromagazinemx","date":"1 de agosto de 2024","format":false,"excerpt":"Hola a tod@s,\u00a0\u00a0Hoy les traigo el chisme m\u00e1s cool del mundo culinario. Nuestro chef favorito, Roberto Alcocer, est\u00e1 a punto de tener otro momento \u00e9pico en su carrera. Es conocido por su habilidad incre\u00edble en la cocina mexicana moderna y est\u00e1 a punto de hacer historia otra vez. La Gran\u2026","rel":"","context":"En \u00abBlog\u00bb","block_context":{"text":"Blog","link":"https:\/\/zeromagazine.mx\/index.php\/category\/blog\/"},"img":{"alt_text":"","src":"https:\/\/i0.wp.com\/zeromagazine.mx\/wp-content\/uploads\/2024\/08\/20210817_Valle_%C2%A9AudreyMa_0476-scaled.jpg?fit=800%2C1200&ssl=1&resize=350%2C200","width":350,"height":200,"srcset":"https:\/\/i0.wp.com\/zeromagazine.mx\/wp-content\/uploads\/2024\/08\/20210817_Valle_%C2%A9AudreyMa_0476-scaled.jpg?fit=800%2C1200&ssl=1&resize=350%2C200 1x, https:\/\/i0.wp.com\/zeromagazine.mx\/wp-content\/uploads\/2024\/08\/20210817_Valle_%C2%A9AudreyMa_0476-scaled.jpg?fit=800%2C1200&ssl=1&resize=525%2C300 1.5x, https:\/\/i0.wp.com\/zeromagazine.mx\/wp-content\/uploads\/2024\/08\/20210817_Valle_%C2%A9AudreyMa_0476-scaled.jpg?fit=800%2C1200&ssl=1&resize=700%2C400 2x"},"classes":[]},{"id":90972,"url":"https:\/\/zeromagazine.mx\/index.php\/2024\/11\/15\/foodie-fest-goals-sabor-epico\/","url_meta":{"origin":71448,"position":4},"title":"\u00abFoodie Fest Goals: Sabor \u00c9pico\u00bb","author":"zeromagazinemx","date":"15 de noviembre de 2024","format":false,"excerpt":"\u00a0 Este\u00a016 y 17 de noviembre, el\u00a0Hip\u00f3dromo de las Am\u00e9ricas\u00a0se convierte en el para\u00edso foodie que toooodos est\u00e1bamos esperando. El\u00a0Food & Wine Festival 2024\u00a0llega con todo el sabor y el vibe m\u00e1s fancy para reunir a m\u00e1s de\u00a060 chefs topde M\u00e9xico y beyond, restaurantes ic\u00f3nicos, y un sinf\u00edn de experiencias\u2026","rel":"","context":"En \u00abFoodie\u00bb","block_context":{"text":"Foodie","link":"https:\/\/zeromagazine.mx\/index.php\/category\/lifestyle\/foodie\/"},"img":{"alt_text":"","src":"https:\/\/i0.wp.com\/zeromagazine.mx\/wp-content\/uploads\/2024\/11\/Roberto-Alcocer-Headshot-LA-TIMES.jpeg?fit=1200%2C800&ssl=1&resize=350%2C200","width":350,"height":200,"srcset":"https:\/\/i0.wp.com\/zeromagazine.mx\/wp-content\/uploads\/2024\/11\/Roberto-Alcocer-Headshot-LA-TIMES.jpeg?fit=1200%2C800&ssl=1&resize=350%2C200 1x, https:\/\/i0.wp.com\/zeromagazine.mx\/wp-content\/uploads\/2024\/11\/Roberto-Alcocer-Headshot-LA-TIMES.jpeg?fit=1200%2C800&ssl=1&resize=525%2C300 1.5x, https:\/\/i0.wp.com\/zeromagazine.mx\/wp-content\/uploads\/2024\/11\/Roberto-Alcocer-Headshot-LA-TIMES.jpeg?fit=1200%2C800&ssl=1&resize=700%2C400 2x, https:\/\/i0.wp.com\/zeromagazine.mx\/wp-content\/uploads\/2024\/11\/Roberto-Alcocer-Headshot-LA-TIMES.jpeg?fit=1200%2C800&ssl=1&resize=1050%2C600 3x"},"classes":[]},{"id":84223,"url":"https:\/\/zeromagazine.mx\/index.php\/2024\/09\/20\/pan-de-la-abuela-nivel-chef\/","url_meta":{"origin":71448,"position":5},"title":"\u00abPan de la Abuela: Nivel Chef\u00bb","author":"zeromagazinemx","date":"20 de septiembre de 2024","format":false,"excerpt":"A ver, si alguna vez has escuchado del Valle de Guadalupe, sabr\u00e1s que es the place en M\u00e9xico cuando se trata de vinos fancy y comida top tier. Pero, \u00bfsab\u00edas que uno de los chefs m\u00e1s legendarios de la regi\u00f3n, Roberto Alcocer, no solo tiene un restaurante con estrella Michelin,\u2026","rel":"","context":"En \u00abFoodie\u00bb","block_context":{"text":"Foodie","link":"https:\/\/zeromagazine.mx\/index.php\/category\/lifestyle\/foodie\/"},"img":{"alt_text":"","src":"https:\/\/i0.wp.com\/zeromagazine.mx\/wp-content\/uploads\/2024\/09\/unnamed-28.jpg?fit=800%2C1200&ssl=1&resize=350%2C200","width":350,"height":200,"srcset":"https:\/\/i0.wp.com\/zeromagazine.mx\/wp-content\/uploads\/2024\/09\/unnamed-28.jpg?fit=800%2C1200&ssl=1&resize=350%2C200 1x, https:\/\/i0.wp.com\/zeromagazine.mx\/wp-content\/uploads\/2024\/09\/unnamed-28.jpg?fit=800%2C1200&ssl=1&resize=525%2C300 1.5x, https:\/\/i0.wp.com\/zeromagazine.mx\/wp-content\/uploads\/2024\/09\/unnamed-28.jpg?fit=800%2C1200&ssl=1&resize=700%2C400 2x"},"classes":[]}],"jetpack_sharing_enabled":true,"builder_content":"","_links":{"self":[{"href":"https:\/\/zeromagazine.mx\/index.php\/wp-json\/wp\/v2\/posts\/71448","targetHints":{"allow":["GET"]}}],"collection":[{"href":"https:\/\/zeromagazine.mx\/index.php\/wp-json\/wp\/v2\/posts"}],"about":[{"href":"https:\/\/zeromagazine.mx\/index.php\/wp-json\/wp\/v2\/types\/post"}],"author":[{"embeddable":true,"href":"https:\/\/zeromagazine.mx\/index.php\/wp-json\/wp\/v2\/users\/2"}],"replies":[{"embeddable":true,"href":"https:\/\/zeromagazine.mx\/index.php\/wp-json\/wp\/v2\/comments?post=71448"}],"version-history":[{"count":2,"href":"https:\/\/zeromagazine.mx\/index.php\/wp-json\/wp\/v2\/posts\/71448\/revisions"}],"predecessor-version":[{"id":71454,"href":"https:\/\/zeromagazine.mx\/index.php\/wp-json\/wp\/v2\/posts\/71448\/revisions\/71454"}],"wp:featuredmedia":[{"embeddable":true,"href":"https:\/\/zeromagazine.mx\/index.php\/wp-json\/wp\/v2\/media\/71453"}],"wp:attachment":[{"href":"https:\/\/zeromagazine.mx\/index.php\/wp-json\/wp\/v2\/media?parent=71448"}],"wp:term":[{"taxonomy":"category","embeddable":true,"href":"https:\/\/zeromagazine.mx\/index.php\/wp-json\/wp\/v2\/categories?post=71448"},{"taxonomy":"post_tag","embeddable":true,"href":"https:\/\/zeromagazine.mx\/index.php\/wp-json\/wp\/v2\/tags?post=71448"}],"curies":[{"name":"wp","href":"https:\/\/api.w.org\/{rel}","templated":true}]}}