{"id":71455,"date":"2024-03-06T21:53:52","date_gmt":"2024-03-06T20:53:52","guid":{"rendered":"https:\/\/zeromagazine.mx\/?p=71455"},"modified":"2024-03-06T21:53:52","modified_gmt":"2024-03-06T20:53:52","slug":"primavera-2024-en-el-palacio-de-hierro-la-gala-que-celebra-el-arte-de-rocca-luis-cesar","status":"publish","type":"post","link":"https:\/\/zeromagazine.mx\/index.php\/2024\/03\/06\/primavera-2024-en-el-palacio-de-hierro-la-gala-que-celebra-el-arte-de-rocca-luis-cesar\/","title":{"rendered":"Primavera 2024 en El Palacio de Hierro: La gala que celebra el arte de Rocca Luis C\u00e9sar"},"content":{"rendered":"<p>En El Palacio de Hierro estamos al tanto de lo m\u00e1s in del momento, y esta Gala de Primavera 2024 no es la excepci\u00f3n. Esta vez, nos sumergimos en un mundo lleno de magia y frescura con tres temas principales: Wonderland, Gymnasium y Tropicalia. \u00a1Vamos a echarle un vistazo!<\/p>\n\n\n\n<script async src=\"https:\/\/pagead2.googlesyndication.com\/pagead\/js\/adsbygoogle.js?client=ca-pub-5499304793904745\"\n     crossorigin=\"anonymous\"><\/script>\n<ins class=\"adsbygoogle\"\n     style=\"display:block; text-align:center;\"\n     data-ad-layout=\"in-article\"\n     data-ad-format=\"fluid\"\n     data-ad-client=\"ca-pub-5499304793904745\"\n     data-ad-slot=\"5994863093\"><\/ins>\n<script>\n     (adsbygoogle = window.adsbygoogle || []).push({});\n<\/script>\n\n\n\n<p>Comenzando con Wonderland, nos adentramos en un universo de ensue\u00f1o inspirado en el arte cl\u00e1sico y el Pa\u00eds de las Maravillas. Aqu\u00ed, la suavidad es la clave, con prendas que te har\u00e1n sentir como en un cuento de hadas. Luego tenemos Gymnasium, donde el optimismo y el minimalismo se juntan para crear looks deportivos con un toque retro. \u00bfQu\u00e9 tal una mezcla entre lo deportivo y lo formal? \u00a1Es la combinaci\u00f3n perfecta para destacar en cualquier ocasi\u00f3n!<\/p>\n\n\n\n<script async src=\"https:\/\/pagead2.googlesyndication.com\/pagead\/js\/adsbygoogle.js?client=ca-pub-5499304793904745\"\n     crossorigin=\"anonymous\"><\/script>\n<ins class=\"adsbygoogle\"\n     style=\"display:block; text-align:center;\"\n     data-ad-layout=\"in-article\"\n     data-ad-format=\"fluid\"\n     data-ad-client=\"ca-pub-5499304793904745\"\n     data-ad-slot=\"5994863093\"><\/ins>\n<script>\n     (adsbygoogle = window.adsbygoogle || []).push({});\n<\/script>\n\n\n\n<p>Y no podemos olvidar Tropicalia, una celebraci\u00f3n de la naturaleza que nos transporta a paisajes m\u00edticos y ex\u00f3ticos. Aqu\u00ed los estampados naturales y los colores brillantes son los protagonistas. \u00bfTe atreves a probar el Suave Utilitario? Es la tendencia que combina lo mejor de dos mundos.<\/p>\n\n\n\n<figure class=\"wp-block-image alignwide size-large\"><img data-recalc-dims=\"1\" decoding=\"async\" width=\"1024\" height=\"683\" src=\"https:\/\/i0.wp.com\/zeromagazine.mx\/wp-content\/uploads\/2024\/03\/Kick-Off-EPH-Polanco-71-1080x720-1-1024x683.jpg?resize=1024%2C683&#038;ssl=1\" alt=\"\" class=\"wp-image-71456\" srcset=\"https:\/\/i0.wp.com\/zeromagazine.mx\/wp-content\/uploads\/2024\/03\/Kick-Off-EPH-Polanco-71-1080x720-1.jpg?resize=1024%2C683&amp;ssl=1 1024w, https:\/\/i0.wp.com\/zeromagazine.mx\/wp-content\/uploads\/2024\/03\/Kick-Off-EPH-Polanco-71-1080x720-1.jpg?resize=300%2C200&amp;ssl=1 300w, https:\/\/i0.wp.com\/zeromagazine.mx\/wp-content\/uploads\/2024\/03\/Kick-Off-EPH-Polanco-71-1080x720-1.jpg?resize=768%2C512&amp;ssl=1 768w, https:\/\/i0.wp.com\/zeromagazine.mx\/wp-content\/uploads\/2024\/03\/Kick-Off-EPH-Polanco-71-1080x720-1.jpg?w=1080&amp;ssl=1 1080w\" sizes=\"(max-width: 1024px) 100vw, 1024px\" \/><\/figure>\n\n\n\n<p><\/p>\n\n\n\n<p>Adem\u00e1s, no te puedes perder la instalaci\u00f3n tridimensional creada por el talentoso artista mexicano Rocca Luis C\u00e9sar. Inspirada en la primavera y las flores, esta obra de arte estar\u00e1 expuesta en El Palacio de Hierro Polanco durante todo el mes de marzo. \u00a1Una experiencia que no te puedes perder!<\/p>\n\n\n\n<script async src=\"https:\/\/pagead2.googlesyndication.com\/pagead\/js\/adsbygoogle.js?client=ca-pub-5499304793904745\"\n     crossorigin=\"anonymous\"><\/script>\n<ins class=\"adsbygoogle\"\n     style=\"display:block; text-align:center;\"\n     data-ad-layout=\"in-article\"\n     data-ad-format=\"fluid\"\n     data-ad-client=\"ca-pub-5499304793904745\"\n     data-ad-slot=\"5994863093\"><\/ins>\n<script>\n     (adsbygoogle = window.adsbygoogle || []).push({});\n<\/script>\n\n\n\n<p>Y hablando de Rocca, \u00bfsab\u00edas que su obra ha sido exhibida en ciudades como Par\u00eds, Barcelona y Miami? Sin duda, es un talento mexicano que est\u00e1 conquistando el mundo con su arte multidisciplinario. La Gala de Primavera 2024 en El Palacio de Hierro es una oportunidad \u00fanica para sumergirte en las tendencias m\u00e1s cool del momento y descubrir el talento de artistas como Rocca Luis C\u00e9sar. <\/p>\n\n\n\n<script async src=\"https:\/\/pagead2.googlesyndication.com\/pagead\/js\/adsbygoogle.js?client=ca-pub-5499304793904745\"\n     crossorigin=\"anonymous\"><\/script>\n<ins class=\"adsbygoogle\"\n     style=\"display:block; text-align:center;\"\n     data-ad-layout=\"in-article\"\n     data-ad-format=\"fluid\"\n     data-ad-client=\"ca-pub-5499304793904745\"\n     data-ad-slot=\"5994863093\"><\/ins>\n<script>\n     (adsbygoogle = window.adsbygoogle || []).push({});\n<\/script>\n\n<!--themify_builder_content-->\n<div id=\"themify_builder_content-71455\" data-postid=\"71455\" class=\"themify_builder_content themify_builder_content-71455 themify_builder tf_clear\">\n    <\/div>\n<!--\/themify_builder_content-->","protected":false},"excerpt":{"rendered":"<p>En El Palacio de Hierro estamos al tanto de lo m\u00e1s in del momento, y esta Gala de Primavera 2024 no es la excepci\u00f3n. Esta vez, nos sumergimos en un mundo lleno de magia y frescura con tres temas principales: Wonderland, Gymnasium y Tropicalia. \u00a1Vamos a echarle un vistazo! Comenzando con Wonderland, nos adentramos en [&hellip;]<\/p>\n","protected":false},"author":2,"featured_media":71457,"comment_status":"open","ping_status":"open","sticky":false,"template":"","format":"standard","meta":{"_jetpack_memberships_contains_paid_content":false,"footnotes":"","jetpack_publicize_message":"","jetpack_publicize_feature_enabled":true,"jetpack_social_post_already_shared":false,"jetpack_social_options":{"image_generator_settings":{"template":"highway","default_image_id":0,"font":"","enabled":false},"version":2}},"categories":[1],"tags":[350,6963,7144],"class_list":["post-71455","post","type-post","status-publish","format-standard","has-post-thumbnail","hentry","category-blog","tag-palacio-de-hierro","tag-primavera-2024","tag-rocca-luis-cesar","has-post-title","has-post-date","has-post-category","has-post-tag","has-post-comment","has-post-author",""],"yoast_head":"<!-- This site is optimized with the Yoast SEO plugin v27.5 - https:\/\/yoast.com\/product\/yoast-seo-wordpress\/ -->\n<title>Primavera 2024 en El Palacio de Hierro: La gala que celebra el arte de Rocca Luis C\u00e9sar - Zero Magazine<\/title>\n<meta name=\"robots\" content=\"index, follow, max-snippet:-1, max-image-preview:large, max-video-preview:-1\" \/>\n<link rel=\"canonical\" href=\"https:\/\/zeromagazine.mx\/index.php\/2024\/03\/06\/primavera-2024-en-el-palacio-de-hierro-la-gala-que-celebra-el-arte-de-rocca-luis-cesar\/\" \/>\n<meta property=\"og:locale\" content=\"es_ES\" \/>\n<meta property=\"og:type\" content=\"article\" \/>\n<meta property=\"og:title\" content=\"Primavera 2024 en El Palacio de Hierro: La gala que celebra el arte de Rocca Luis C\u00e9sar - Zero Magazine\" \/>\n<meta property=\"og:description\" content=\"En El Palacio de Hierro estamos al tanto de lo m\u00e1s in del momento, y esta Gala de Primavera 2024 no es la excepci\u00f3n. Esta vez, nos sumergimos en un mundo lleno de magia y frescura con tres temas principales: Wonderland, Gymnasium y Tropicalia. \u00a1Vamos a echarle un vistazo! Comenzando con Wonderland, nos adentramos en [&hellip;]\" \/>\n<meta property=\"og:url\" content=\"https:\/\/zeromagazine.mx\/index.php\/2024\/03\/06\/primavera-2024-en-el-palacio-de-hierro-la-gala-que-celebra-el-arte-de-rocca-luis-cesar\/\" \/>\n<meta property=\"og:site_name\" content=\"Zero Magazine\" \/>\n<meta property=\"article:published_time\" content=\"2024-03-06T20:53:52+00:00\" \/>\n<meta property=\"og:image\" content=\"https:\/\/i0.wp.com\/zeromagazine.mx\/wp-content\/uploads\/2024\/03\/unnamed.jpg?fit=1280%2C853&ssl=1\" \/>\n\t<meta property=\"og:image:width\" content=\"1280\" \/>\n\t<meta property=\"og:image:height\" content=\"853\" \/>\n\t<meta property=\"og:image:type\" content=\"image\/jpeg\" \/>\n<meta name=\"author\" content=\"zeromagazinemx\" \/>\n<meta name=\"twitter:card\" content=\"summary_large_image\" \/>\n<meta name=\"twitter:label1\" content=\"Escrito por\" \/>\n\t<meta name=\"twitter:data1\" content=\"zeromagazinemx\" \/>\n\t<meta name=\"twitter:label2\" content=\"Tiempo de lectura\" \/>\n\t<meta name=\"twitter:data2\" content=\"2 minutos\" \/>\n<script type=\"application\/ld+json\" class=\"yoast-schema-graph\">{\"@context\":\"https:\\\/\\\/schema.org\",\"@graph\":[{\"@type\":\"Article\",\"@id\":\"https:\\\/\\\/zeromagazine.mx\\\/index.php\\\/2024\\\/03\\\/06\\\/primavera-2024-en-el-palacio-de-hierro-la-gala-que-celebra-el-arte-de-rocca-luis-cesar\\\/#article\",\"isPartOf\":{\"@id\":\"https:\\\/\\\/zeromagazine.mx\\\/index.php\\\/2024\\\/03\\\/06\\\/primavera-2024-en-el-palacio-de-hierro-la-gala-que-celebra-el-arte-de-rocca-luis-cesar\\\/\"},\"author\":{\"name\":\"zeromagazinemx\",\"@id\":\"https:\\\/\\\/zeromagazine.mx\\\/#\\\/schema\\\/person\\\/9aed9f33a7c39af3a348b86d723f7773\"},\"headline\":\"Primavera 2024 en El Palacio de Hierro: La gala que celebra el arte de Rocca Luis C\u00e9sar\",\"datePublished\":\"2024-03-06T20:53:52+00:00\",\"mainEntityOfPage\":{\"@id\":\"https:\\\/\\\/zeromagazine.mx\\\/index.php\\\/2024\\\/03\\\/06\\\/primavera-2024-en-el-palacio-de-hierro-la-gala-que-celebra-el-arte-de-rocca-luis-cesar\\\/\"},\"wordCount\":320,\"commentCount\":0,\"publisher\":{\"@id\":\"https:\\\/\\\/zeromagazine.mx\\\/#organization\"},\"image\":{\"@id\":\"https:\\\/\\\/zeromagazine.mx\\\/index.php\\\/2024\\\/03\\\/06\\\/primavera-2024-en-el-palacio-de-hierro-la-gala-que-celebra-el-arte-de-rocca-luis-cesar\\\/#primaryimage\"},\"thumbnailUrl\":\"https:\\\/\\\/i0.wp.com\\\/zeromagazine.mx\\\/wp-content\\\/uploads\\\/2024\\\/03\\\/unnamed.jpg?fit=1280%2C853&ssl=1\",\"keywords\":[\"palacio de hierro\",\"Primavera 2024\",\"Rocca Luis C\u00e9sar\"],\"articleSection\":[\"Blog\"],\"inLanguage\":\"es\",\"potentialAction\":[{\"@type\":\"CommentAction\",\"name\":\"Comment\",\"target\":[\"https:\\\/\\\/zeromagazine.mx\\\/index.php\\\/2024\\\/03\\\/06\\\/primavera-2024-en-el-palacio-de-hierro-la-gala-que-celebra-el-arte-de-rocca-luis-cesar\\\/#respond\"]}]},{\"@type\":\"WebPage\",\"@id\":\"https:\\\/\\\/zeromagazine.mx\\\/index.php\\\/2024\\\/03\\\/06\\\/primavera-2024-en-el-palacio-de-hierro-la-gala-que-celebra-el-arte-de-rocca-luis-cesar\\\/\",\"url\":\"https:\\\/\\\/zeromagazine.mx\\\/index.php\\\/2024\\\/03\\\/06\\\/primavera-2024-en-el-palacio-de-hierro-la-gala-que-celebra-el-arte-de-rocca-luis-cesar\\\/\",\"name\":\"Primavera 2024 en El Palacio de Hierro: La gala que celebra el arte de Rocca Luis C\u00e9sar - Zero Magazine\",\"isPartOf\":{\"@id\":\"https:\\\/\\\/zeromagazine.mx\\\/#website\"},\"primaryImageOfPage\":{\"@id\":\"https:\\\/\\\/zeromagazine.mx\\\/index.php\\\/2024\\\/03\\\/06\\\/primavera-2024-en-el-palacio-de-hierro-la-gala-que-celebra-el-arte-de-rocca-luis-cesar\\\/#primaryimage\"},\"image\":{\"@id\":\"https:\\\/\\\/zeromagazine.mx\\\/index.php\\\/2024\\\/03\\\/06\\\/primavera-2024-en-el-palacio-de-hierro-la-gala-que-celebra-el-arte-de-rocca-luis-cesar\\\/#primaryimage\"},\"thumbnailUrl\":\"https:\\\/\\\/i0.wp.com\\\/zeromagazine.mx\\\/wp-content\\\/uploads\\\/2024\\\/03\\\/unnamed.jpg?fit=1280%2C853&ssl=1\",\"datePublished\":\"2024-03-06T20:53:52+00:00\",\"breadcrumb\":{\"@id\":\"https:\\\/\\\/zeromagazine.mx\\\/index.php\\\/2024\\\/03\\\/06\\\/primavera-2024-en-el-palacio-de-hierro-la-gala-que-celebra-el-arte-de-rocca-luis-cesar\\\/#breadcrumb\"},\"inLanguage\":\"es\",\"potentialAction\":[{\"@type\":\"ReadAction\",\"target\":[\"https:\\\/\\\/zeromagazine.mx\\\/index.php\\\/2024\\\/03\\\/06\\\/primavera-2024-en-el-palacio-de-hierro-la-gala-que-celebra-el-arte-de-rocca-luis-cesar\\\/\"]}]},{\"@type\":\"ImageObject\",\"inLanguage\":\"es\",\"@id\":\"https:\\\/\\\/zeromagazine.mx\\\/index.php\\\/2024\\\/03\\\/06\\\/primavera-2024-en-el-palacio-de-hierro-la-gala-que-celebra-el-arte-de-rocca-luis-cesar\\\/#primaryimage\",\"url\":\"https:\\\/\\\/i0.wp.com\\\/zeromagazine.mx\\\/wp-content\\\/uploads\\\/2024\\\/03\\\/unnamed.jpg?fit=1280%2C853&ssl=1\",\"contentUrl\":\"https:\\\/\\\/i0.wp.com\\\/zeromagazine.mx\\\/wp-content\\\/uploads\\\/2024\\\/03\\\/unnamed.jpg?fit=1280%2C853&ssl=1\",\"width\":1280,\"height\":853},{\"@type\":\"BreadcrumbList\",\"@id\":\"https:\\\/\\\/zeromagazine.mx\\\/index.php\\\/2024\\\/03\\\/06\\\/primavera-2024-en-el-palacio-de-hierro-la-gala-que-celebra-el-arte-de-rocca-luis-cesar\\\/#breadcrumb\",\"itemListElement\":[{\"@type\":\"ListItem\",\"position\":1,\"name\":\"Portada\",\"item\":\"https:\\\/\\\/zeromagazine.mx\\\/\"},{\"@type\":\"ListItem\",\"position\":2,\"name\":\"Primavera 2024 en El Palacio de Hierro: La gala que celebra el arte de Rocca Luis C\u00e9sar\"}]},{\"@type\":\"WebSite\",\"@id\":\"https:\\\/\\\/zeromagazine.mx\\\/#website\",\"url\":\"https:\\\/\\\/zeromagazine.mx\\\/\",\"name\":\"Zero Magazine\",\"description\":\"\",\"publisher\":{\"@id\":\"https:\\\/\\\/zeromagazine.mx\\\/#organization\"},\"potentialAction\":[{\"@type\":\"SearchAction\",\"target\":{\"@type\":\"EntryPoint\",\"urlTemplate\":\"https:\\\/\\\/zeromagazine.mx\\\/?s={search_term_string}\"},\"query-input\":{\"@type\":\"PropertyValueSpecification\",\"valueRequired\":true,\"valueName\":\"search_term_string\"}}],\"inLanguage\":\"es\"},{\"@type\":\"Organization\",\"@id\":\"https:\\\/\\\/zeromagazine.mx\\\/#organization\",\"name\":\"Zero Magazine\",\"url\":\"https:\\\/\\\/zeromagazine.mx\\\/\",\"logo\":{\"@type\":\"ImageObject\",\"inLanguage\":\"es\",\"@id\":\"https:\\\/\\\/zeromagazine.mx\\\/#\\\/schema\\\/logo\\\/image\\\/\",\"url\":\"https:\\\/\\\/i0.wp.com\\\/zeromagazine.mx\\\/wp-content\\\/uploads\\\/2025\\\/11\\\/1.jpeg?fit=1000%2C1000&ssl=1\",\"contentUrl\":\"https:\\\/\\\/i0.wp.com\\\/zeromagazine.mx\\\/wp-content\\\/uploads\\\/2025\\\/11\\\/1.jpeg?fit=1000%2C1000&ssl=1\",\"width\":1000,\"height\":1000,\"caption\":\"Zero Magazine\"},\"image\":{\"@id\":\"https:\\\/\\\/zeromagazine.mx\\\/#\\\/schema\\\/logo\\\/image\\\/\"},\"sameAs\":[\"https:\\\/\\\/instagram.com\\\/zeromagazinemx\"]},{\"@type\":\"Person\",\"@id\":\"https:\\\/\\\/zeromagazine.mx\\\/#\\\/schema\\\/person\\\/9aed9f33a7c39af3a348b86d723f7773\",\"name\":\"zeromagazinemx\",\"image\":{\"@type\":\"ImageObject\",\"inLanguage\":\"es\",\"@id\":\"https:\\\/\\\/zeromagazine.mx\\\/wp-content\\\/litespeed\\\/avatar\\\/f91dfe5410d5dcb1a576bf8c45983896.jpg?ver=1776966396\",\"url\":\"https:\\\/\\\/zeromagazine.mx\\\/wp-content\\\/litespeed\\\/avatar\\\/f91dfe5410d5dcb1a576bf8c45983896.jpg?ver=1776966396\",\"contentUrl\":\"https:\\\/\\\/zeromagazine.mx\\\/wp-content\\\/litespeed\\\/avatar\\\/f91dfe5410d5dcb1a576bf8c45983896.jpg?ver=1776966396\",\"caption\":\"zeromagazinemx\"},\"url\":\"https:\\\/\\\/zeromagazine.mx\\\/index.php\\\/author\\\/zeromagazinemx\\\/\"}]}<\/script>\n<!-- \/ Yoast SEO plugin. -->","yoast_head_json":{"title":"Primavera 2024 en El Palacio de Hierro: La gala que celebra el arte de Rocca Luis C\u00e9sar - Zero Magazine","robots":{"index":"index","follow":"follow","max-snippet":"max-snippet:-1","max-image-preview":"max-image-preview:large","max-video-preview":"max-video-preview:-1"},"canonical":"https:\/\/zeromagazine.mx\/index.php\/2024\/03\/06\/primavera-2024-en-el-palacio-de-hierro-la-gala-que-celebra-el-arte-de-rocca-luis-cesar\/","og_locale":"es_ES","og_type":"article","og_title":"Primavera 2024 en El Palacio de Hierro: La gala que celebra el arte de Rocca Luis C\u00e9sar - Zero Magazine","og_description":"En El Palacio de Hierro estamos al tanto de lo m\u00e1s in del momento, y esta Gala de Primavera 2024 no es la excepci\u00f3n. Esta vez, nos sumergimos en un mundo lleno de magia y frescura con tres temas principales: Wonderland, Gymnasium y Tropicalia. \u00a1Vamos a echarle un vistazo! Comenzando con Wonderland, nos adentramos en [&hellip;]","og_url":"https:\/\/zeromagazine.mx\/index.php\/2024\/03\/06\/primavera-2024-en-el-palacio-de-hierro-la-gala-que-celebra-el-arte-de-rocca-luis-cesar\/","og_site_name":"Zero Magazine","article_published_time":"2024-03-06T20:53:52+00:00","og_image":[{"width":1280,"height":853,"url":"https:\/\/i0.wp.com\/zeromagazine.mx\/wp-content\/uploads\/2024\/03\/unnamed.jpg?fit=1280%2C853&ssl=1","type":"image\/jpeg"}],"author":"zeromagazinemx","twitter_card":"summary_large_image","twitter_misc":{"Escrito por":"zeromagazinemx","Tiempo de lectura":"2 minutos"},"schema":{"@context":"https:\/\/schema.org","@graph":[{"@type":"Article","@id":"https:\/\/zeromagazine.mx\/index.php\/2024\/03\/06\/primavera-2024-en-el-palacio-de-hierro-la-gala-que-celebra-el-arte-de-rocca-luis-cesar\/#article","isPartOf":{"@id":"https:\/\/zeromagazine.mx\/index.php\/2024\/03\/06\/primavera-2024-en-el-palacio-de-hierro-la-gala-que-celebra-el-arte-de-rocca-luis-cesar\/"},"author":{"name":"zeromagazinemx","@id":"https:\/\/zeromagazine.mx\/#\/schema\/person\/9aed9f33a7c39af3a348b86d723f7773"},"headline":"Primavera 2024 en El Palacio de Hierro: La gala que celebra el arte de Rocca Luis C\u00e9sar","datePublished":"2024-03-06T20:53:52+00:00","mainEntityOfPage":{"@id":"https:\/\/zeromagazine.mx\/index.php\/2024\/03\/06\/primavera-2024-en-el-palacio-de-hierro-la-gala-que-celebra-el-arte-de-rocca-luis-cesar\/"},"wordCount":320,"commentCount":0,"publisher":{"@id":"https:\/\/zeromagazine.mx\/#organization"},"image":{"@id":"https:\/\/zeromagazine.mx\/index.php\/2024\/03\/06\/primavera-2024-en-el-palacio-de-hierro-la-gala-que-celebra-el-arte-de-rocca-luis-cesar\/#primaryimage"},"thumbnailUrl":"https:\/\/i0.wp.com\/zeromagazine.mx\/wp-content\/uploads\/2024\/03\/unnamed.jpg?fit=1280%2C853&ssl=1","keywords":["palacio de hierro","Primavera 2024","Rocca Luis C\u00e9sar"],"articleSection":["Blog"],"inLanguage":"es","potentialAction":[{"@type":"CommentAction","name":"Comment","target":["https:\/\/zeromagazine.mx\/index.php\/2024\/03\/06\/primavera-2024-en-el-palacio-de-hierro-la-gala-que-celebra-el-arte-de-rocca-luis-cesar\/#respond"]}]},{"@type":"WebPage","@id":"https:\/\/zeromagazine.mx\/index.php\/2024\/03\/06\/primavera-2024-en-el-palacio-de-hierro-la-gala-que-celebra-el-arte-de-rocca-luis-cesar\/","url":"https:\/\/zeromagazine.mx\/index.php\/2024\/03\/06\/primavera-2024-en-el-palacio-de-hierro-la-gala-que-celebra-el-arte-de-rocca-luis-cesar\/","name":"Primavera 2024 en El Palacio de Hierro: La gala que celebra el arte de Rocca Luis C\u00e9sar - Zero Magazine","isPartOf":{"@id":"https:\/\/zeromagazine.mx\/#website"},"primaryImageOfPage":{"@id":"https:\/\/zeromagazine.mx\/index.php\/2024\/03\/06\/primavera-2024-en-el-palacio-de-hierro-la-gala-que-celebra-el-arte-de-rocca-luis-cesar\/#primaryimage"},"image":{"@id":"https:\/\/zeromagazine.mx\/index.php\/2024\/03\/06\/primavera-2024-en-el-palacio-de-hierro-la-gala-que-celebra-el-arte-de-rocca-luis-cesar\/#primaryimage"},"thumbnailUrl":"https:\/\/i0.wp.com\/zeromagazine.mx\/wp-content\/uploads\/2024\/03\/unnamed.jpg?fit=1280%2C853&ssl=1","datePublished":"2024-03-06T20:53:52+00:00","breadcrumb":{"@id":"https:\/\/zeromagazine.mx\/index.php\/2024\/03\/06\/primavera-2024-en-el-palacio-de-hierro-la-gala-que-celebra-el-arte-de-rocca-luis-cesar\/#breadcrumb"},"inLanguage":"es","potentialAction":[{"@type":"ReadAction","target":["https:\/\/zeromagazine.mx\/index.php\/2024\/03\/06\/primavera-2024-en-el-palacio-de-hierro-la-gala-que-celebra-el-arte-de-rocca-luis-cesar\/"]}]},{"@type":"ImageObject","inLanguage":"es","@id":"https:\/\/zeromagazine.mx\/index.php\/2024\/03\/06\/primavera-2024-en-el-palacio-de-hierro-la-gala-que-celebra-el-arte-de-rocca-luis-cesar\/#primaryimage","url":"https:\/\/i0.wp.com\/zeromagazine.mx\/wp-content\/uploads\/2024\/03\/unnamed.jpg?fit=1280%2C853&ssl=1","contentUrl":"https:\/\/i0.wp.com\/zeromagazine.mx\/wp-content\/uploads\/2024\/03\/unnamed.jpg?fit=1280%2C853&ssl=1","width":1280,"height":853},{"@type":"BreadcrumbList","@id":"https:\/\/zeromagazine.mx\/index.php\/2024\/03\/06\/primavera-2024-en-el-palacio-de-hierro-la-gala-que-celebra-el-arte-de-rocca-luis-cesar\/#breadcrumb","itemListElement":[{"@type":"ListItem","position":1,"name":"Portada","item":"https:\/\/zeromagazine.mx\/"},{"@type":"ListItem","position":2,"name":"Primavera 2024 en El Palacio de Hierro: La gala que celebra el arte de Rocca Luis C\u00e9sar"}]},{"@type":"WebSite","@id":"https:\/\/zeromagazine.mx\/#website","url":"https:\/\/zeromagazine.mx\/","name":"Zero Magazine","description":"","publisher":{"@id":"https:\/\/zeromagazine.mx\/#organization"},"potentialAction":[{"@type":"SearchAction","target":{"@type":"EntryPoint","urlTemplate":"https:\/\/zeromagazine.mx\/?s={search_term_string}"},"query-input":{"@type":"PropertyValueSpecification","valueRequired":true,"valueName":"search_term_string"}}],"inLanguage":"es"},{"@type":"Organization","@id":"https:\/\/zeromagazine.mx\/#organization","name":"Zero Magazine","url":"https:\/\/zeromagazine.mx\/","logo":{"@type":"ImageObject","inLanguage":"es","@id":"https:\/\/zeromagazine.mx\/#\/schema\/logo\/image\/","url":"https:\/\/i0.wp.com\/zeromagazine.mx\/wp-content\/uploads\/2025\/11\/1.jpeg?fit=1000%2C1000&ssl=1","contentUrl":"https:\/\/i0.wp.com\/zeromagazine.mx\/wp-content\/uploads\/2025\/11\/1.jpeg?fit=1000%2C1000&ssl=1","width":1000,"height":1000,"caption":"Zero Magazine"},"image":{"@id":"https:\/\/zeromagazine.mx\/#\/schema\/logo\/image\/"},"sameAs":["https:\/\/instagram.com\/zeromagazinemx"]},{"@type":"Person","@id":"https:\/\/zeromagazine.mx\/#\/schema\/person\/9aed9f33a7c39af3a348b86d723f7773","name":"zeromagazinemx","image":{"@type":"ImageObject","inLanguage":"es","@id":"https:\/\/zeromagazine.mx\/wp-content\/litespeed\/avatar\/f91dfe5410d5dcb1a576bf8c45983896.jpg?ver=1776966396","url":"https:\/\/zeromagazine.mx\/wp-content\/litespeed\/avatar\/f91dfe5410d5dcb1a576bf8c45983896.jpg?ver=1776966396","contentUrl":"https:\/\/zeromagazine.mx\/wp-content\/litespeed\/avatar\/f91dfe5410d5dcb1a576bf8c45983896.jpg?ver=1776966396","caption":"zeromagazinemx"},"url":"https:\/\/zeromagazine.mx\/index.php\/author\/zeromagazinemx\/"}]}},"jetpack_publicize_connections":[],"jetpack_featured_media_url":"https:\/\/i0.wp.com\/zeromagazine.mx\/wp-content\/uploads\/2024\/03\/unnamed.jpg?fit=1280%2C853&ssl=1","jetpack-related-posts":[{"id":116161,"url":"https:\/\/zeromagazine.mx\/index.php\/2026\/03\/03\/obsesiones-palacio-primavera-2026\/","url_meta":{"origin":71455,"position":0},"title":"Obsesiones Palacio: as\u00ed se vive la Primavera en El Palacio de Hierro","author":"David Morales","date":"3 de marzo de 2026","format":false,"excerpt":"La primavera no llega solo con flores y calorcito cool; llega con actitud. Y este a\u00f1o,\u00a0Obsesiones Palacio\u00a0redefine c\u00f3mo se vive la temporada desde la moda, el hogar y el lifestyle. La m\u00e1s reciente Gala de Primavera de\u00a0El Palacio de Hierro\u00a0no fue solo un desfile: fue una declaraci\u00f3n est\u00e9tica sobre c\u00f3mo\u2026","rel":"","context":"En \u00abBlog\u00bb","block_context":{"text":"Blog","link":"https:\/\/zeromagazine.mx\/index.php\/category\/blog\/"},"img":{"alt_text":"","src":"https:\/\/i0.wp.com\/zeromagazine.mx\/wp-content\/uploads\/2026\/03\/Cobertura-Cam1-EPH-Polanco-5-1-scaled.jpeg?fit=1200%2C1112&ssl=1&resize=350%2C200","width":350,"height":200,"srcset":"https:\/\/i0.wp.com\/zeromagazine.mx\/wp-content\/uploads\/2026\/03\/Cobertura-Cam1-EPH-Polanco-5-1-scaled.jpeg?fit=1200%2C1112&ssl=1&resize=350%2C200 1x, https:\/\/i0.wp.com\/zeromagazine.mx\/wp-content\/uploads\/2026\/03\/Cobertura-Cam1-EPH-Polanco-5-1-scaled.jpeg?fit=1200%2C1112&ssl=1&resize=525%2C300 1.5x, https:\/\/i0.wp.com\/zeromagazine.mx\/wp-content\/uploads\/2026\/03\/Cobertura-Cam1-EPH-Polanco-5-1-scaled.jpeg?fit=1200%2C1112&ssl=1&resize=700%2C400 2x, https:\/\/i0.wp.com\/zeromagazine.mx\/wp-content\/uploads\/2026\/03\/Cobertura-Cam1-EPH-Polanco-5-1-scaled.jpeg?fit=1200%2C1112&ssl=1&resize=1050%2C600 3x"},"classes":[]},{"id":105277,"url":"https:\/\/zeromagazine.mx\/index.php\/2025\/05\/28\/cosentino-renueva-el-palacio-de-hierro-leon\/","url_meta":{"origin":71455,"position":1},"title":"Cosentino Renueva El Palacio De Hierro Le\u00f3n","author":"David Morales","date":"28 de mayo de 2025","format":false,"excerpt":"Amix, si t\u00fa tambi\u00e9n eres de lxs que se clava viendo cada rinc\u00f3n bonito de una tienda, este chisme te va a encantar. El Palacio de Hierro Le\u00f3n se acaba de renovar, y no fue con cualquier cosa: la magia viene de la mano de Cosentino, esa firma top de\u2026","rel":"","context":"En \u00abDise\u00f1o\u00bb","block_context":{"text":"Dise\u00f1o","link":"https:\/\/zeromagazine.mx\/index.php\/category\/diseno\/"},"img":{"alt_text":"","src":"https:\/\/i0.wp.com\/zeromagazine.mx\/wp-content\/uploads\/2025\/05\/jaime-navarro-09996-scaled.jpg?fit=1200%2C800&ssl=1&resize=350%2C200","width":350,"height":200,"srcset":"https:\/\/i0.wp.com\/zeromagazine.mx\/wp-content\/uploads\/2025\/05\/jaime-navarro-09996-scaled.jpg?fit=1200%2C800&ssl=1&resize=350%2C200 1x, https:\/\/i0.wp.com\/zeromagazine.mx\/wp-content\/uploads\/2025\/05\/jaime-navarro-09996-scaled.jpg?fit=1200%2C800&ssl=1&resize=525%2C300 1.5x, https:\/\/i0.wp.com\/zeromagazine.mx\/wp-content\/uploads\/2025\/05\/jaime-navarro-09996-scaled.jpg?fit=1200%2C800&ssl=1&resize=700%2C400 2x, https:\/\/i0.wp.com\/zeromagazine.mx\/wp-content\/uploads\/2025\/05\/jaime-navarro-09996-scaled.jpg?fit=1200%2C800&ssl=1&resize=1050%2C600 3x"},"classes":[]},{"id":103314,"url":"https:\/\/zeromagazine.mx\/index.php\/2025\/05\/07\/pop-up-house-of-creed-en-palacio-de-hierro-perisur\/","url_meta":{"origin":71455,"position":2},"title":"Pop Up House Of Creed En Palacio De Hierro Perisur","author":"David Morales","date":"7 de mayo de 2025","format":false,"excerpt":"Amix, si andas buscando un plan est\u00e9tico, perfumado y lleno de vibes classy para estos d\u00edas, te tengo el chisme m\u00e1s fragante del mes: The House of Creed acaba de abrir un Pop-Up ef\u00edmero en El Palacio de Hierro Perisur. Y no es cualquier stand de perfumes, es una experiencia\u2026","rel":"","context":"En \u00abViajes\u00bb","block_context":{"text":"Viajes","link":"https:\/\/zeromagazine.mx\/index.php\/category\/lugares\/"},"img":{"alt_text":"","src":"https:\/\/i0.wp.com\/zeromagazine.mx\/wp-content\/uploads\/2025\/05\/DSC08976-scaled.jpg?fit=1200%2C800&ssl=1&resize=350%2C200","width":350,"height":200,"srcset":"https:\/\/i0.wp.com\/zeromagazine.mx\/wp-content\/uploads\/2025\/05\/DSC08976-scaled.jpg?fit=1200%2C800&ssl=1&resize=350%2C200 1x, https:\/\/i0.wp.com\/zeromagazine.mx\/wp-content\/uploads\/2025\/05\/DSC08976-scaled.jpg?fit=1200%2C800&ssl=1&resize=525%2C300 1.5x, https:\/\/i0.wp.com\/zeromagazine.mx\/wp-content\/uploads\/2025\/05\/DSC08976-scaled.jpg?fit=1200%2C800&ssl=1&resize=700%2C400 2x, https:\/\/i0.wp.com\/zeromagazine.mx\/wp-content\/uploads\/2025\/05\/DSC08976-scaled.jpg?fit=1200%2C800&ssl=1&resize=1050%2C600 3x"},"classes":[]},{"id":79533,"url":"https:\/\/zeromagazine.mx\/index.php\/2024\/06\/27\/perfumeria-de-autor-llega-al-palacio-de-hierro\/","url_meta":{"origin":71455,"position":3},"title":"Perfumer\u00eda de Autor llega al Palacio de Hierro","author":"zeromagazinemx","date":"27 de junio de 2024","format":false,"excerpt":"\u00bfYa escucharon la noticia? El Palacio de Hierro est\u00e1 revolucionando el mundo de la belleza con la llegada de la Perfumer\u00eda de Autor a sus tiendas. Ahora, en Santa Fe, Interlomas, Quer\u00e9taro y Durango, podemos sumergirnos en un espacio dise\u00f1ado para los amantes del arte de la perfumer\u00eda. \u00bfQu\u00e9 significa\u2026","rel":"","context":"En \u00abBlog\u00bb","block_context":{"text":"Blog","link":"https:\/\/zeromagazine.mx\/index.php\/category\/blog\/"},"img":{"alt_text":"","src":"https:\/\/i0.wp.com\/zeromagazine.mx\/wp-content\/uploads\/2024\/06\/unnamed-16-1.png?fit=1200%2C774&ssl=1&resize=350%2C200","width":350,"height":200,"srcset":"https:\/\/i0.wp.com\/zeromagazine.mx\/wp-content\/uploads\/2024\/06\/unnamed-16-1.png?fit=1200%2C774&ssl=1&resize=350%2C200 1x, https:\/\/i0.wp.com\/zeromagazine.mx\/wp-content\/uploads\/2024\/06\/unnamed-16-1.png?fit=1200%2C774&ssl=1&resize=525%2C300 1.5x, https:\/\/i0.wp.com\/zeromagazine.mx\/wp-content\/uploads\/2024\/06\/unnamed-16-1.png?fit=1200%2C774&ssl=1&resize=700%2C400 2x, https:\/\/i0.wp.com\/zeromagazine.mx\/wp-content\/uploads\/2024\/06\/unnamed-16-1.png?fit=1200%2C774&ssl=1&resize=1050%2C600 3x"},"classes":[]},{"id":90975,"url":"https:\/\/zeromagazine.mx\/index.php\/2024\/11\/15\/hello-kitty-cafe-vibra-kawaii\/","url_meta":{"origin":71455,"position":4},"title":"\u00abHello Kitty Caf\u00e9: Vibra Kawaii\u00bb","author":"zeromagazinemx","date":"15 de noviembre de 2024","format":false,"excerpt":"Si eres fan de Hello Kitty y tu vibra es\u00a0aesthetic\u00a0con un toque gourmet, prep\u00e1rate porque tus sue\u00f1os se hicieron realidad. El ic\u00f3nico Hello Kitty Caf\u00e9 Pop-Up ya est\u00e1 aqu\u00ed, y no cualquier lugar:\u00a0it's in the heart of Polanco, espec\u00edficamente en El Palacio de Hierro. A partir del 14 de noviembre,\u2026","rel":"","context":"En \u00abFoodie\u00bb","block_context":{"text":"Foodie","link":"https:\/\/zeromagazine.mx\/index.php\/category\/lifestyle\/foodie\/"},"img":{"alt_text":"","src":"https:\/\/i0.wp.com\/zeromagazine.mx\/wp-content\/uploads\/2024\/11\/Captura-de-pantalla-2024-11-14-a-las-10.49.57.png?fit=452%2C488&ssl=1&resize=350%2C200","width":350,"height":200},"classes":[]},{"id":95667,"url":"https:\/\/zeromagazine.mx\/index.php\/2025\/01\/21\/30-anos-de-publicidad-del-palacio-de-hierro\/","url_meta":{"origin":71455,"position":5},"title":"30 A\u00f1os de Publicidad del Palacio de Hierro","author":"David Morales","date":"21 de enero de 2025","format":false,"excerpt":"La publicidad no solo vende, cuenta historias. Es un reflejo de aspiraciones, un veh\u00edculo cultural y, en el caso de El Palacio de Hierro, una obra de arte que ha marcado generaciones. Si creciste en M\u00e9xico, seguro recuerdas haber escuchado (o dicho) \u201cSoy Totalmente Palacio\u201d m\u00e1s de una vez. Pero,\u2026","rel":"","context":"En \u00abBlog\u00bb","block_context":{"text":"Blog","link":"https:\/\/zeromagazine.mx\/index.php\/category\/blog\/"},"img":{"alt_text":"","src":"https:\/\/i0.wp.com\/zeromagazine.mx\/wp-content\/uploads\/2025\/02\/IMG_3385-scaled.jpeg?fit=1200%2C800&ssl=1&resize=350%2C200","width":350,"height":200,"srcset":"https:\/\/i0.wp.com\/zeromagazine.mx\/wp-content\/uploads\/2025\/02\/IMG_3385-scaled.jpeg?fit=1200%2C800&ssl=1&resize=350%2C200 1x, https:\/\/i0.wp.com\/zeromagazine.mx\/wp-content\/uploads\/2025\/02\/IMG_3385-scaled.jpeg?fit=1200%2C800&ssl=1&resize=525%2C300 1.5x, https:\/\/i0.wp.com\/zeromagazine.mx\/wp-content\/uploads\/2025\/02\/IMG_3385-scaled.jpeg?fit=1200%2C800&ssl=1&resize=700%2C400 2x, https:\/\/i0.wp.com\/zeromagazine.mx\/wp-content\/uploads\/2025\/02\/IMG_3385-scaled.jpeg?fit=1200%2C800&ssl=1&resize=1050%2C600 3x"},"classes":[]}],"jetpack_sharing_enabled":true,"builder_content":"","_links":{"self":[{"href":"https:\/\/zeromagazine.mx\/index.php\/wp-json\/wp\/v2\/posts\/71455","targetHints":{"allow":["GET"]}}],"collection":[{"href":"https:\/\/zeromagazine.mx\/index.php\/wp-json\/wp\/v2\/posts"}],"about":[{"href":"https:\/\/zeromagazine.mx\/index.php\/wp-json\/wp\/v2\/types\/post"}],"author":[{"embeddable":true,"href":"https:\/\/zeromagazine.mx\/index.php\/wp-json\/wp\/v2\/users\/2"}],"replies":[{"embeddable":true,"href":"https:\/\/zeromagazine.mx\/index.php\/wp-json\/wp\/v2\/comments?post=71455"}],"version-history":[{"count":2,"href":"https:\/\/zeromagazine.mx\/index.php\/wp-json\/wp\/v2\/posts\/71455\/revisions"}],"predecessor-version":[{"id":71459,"href":"https:\/\/zeromagazine.mx\/index.php\/wp-json\/wp\/v2\/posts\/71455\/revisions\/71459"}],"wp:featuredmedia":[{"embeddable":true,"href":"https:\/\/zeromagazine.mx\/index.php\/wp-json\/wp\/v2\/media\/71457"}],"wp:attachment":[{"href":"https:\/\/zeromagazine.mx\/index.php\/wp-json\/wp\/v2\/media?parent=71455"}],"wp:term":[{"taxonomy":"category","embeddable":true,"href":"https:\/\/zeromagazine.mx\/index.php\/wp-json\/wp\/v2\/categories?post=71455"},{"taxonomy":"post_tag","embeddable":true,"href":"https:\/\/zeromagazine.mx\/index.php\/wp-json\/wp\/v2\/tags?post=71455"}],"curies":[{"name":"wp","href":"https:\/\/api.w.org\/{rel}","templated":true}]}}