{"id":71460,"date":"2024-03-06T22:05:25","date_gmt":"2024-03-06T21:05:25","guid":{"rendered":"https:\/\/zeromagazine.mx\/?p=71460"},"modified":"2024-03-06T22:06:46","modified_gmt":"2024-03-06T21:06:46","slug":"el-morado-como-emblema-en-la-batalla-por-la-igualdad-de-genero","status":"publish","type":"post","link":"https:\/\/zeromagazine.mx\/index.php\/2024\/03\/06\/el-morado-como-emblema-en-la-batalla-por-la-igualdad-de-genero\/","title":{"rendered":"El morado como emblema en la batalla por la igualdad de g\u00e9nero"},"content":{"rendered":"<p>Como cada a\u00f1o, el 8 de marzo llega para recordarnos la importancia de la lucha por la igualdad de g\u00e9nero. Es ese d\u00eda en el que ponemos en alto el papel fundamental de las mujeres a lo largo de la historia y su incansable batalla por alcanzar la equidad. Y dentro de este movimiento, un color ha surgido como un poderoso s\u00edmbolo: el morado.<\/p>\n\n\n\n<script async src=\"https:\/\/pagead2.googlesyndication.com\/pagead\/js\/adsbygoogle.js?client=ca-pub-5499304793904745\"\n     crossorigin=\"anonymous\"><\/script>\n<ins class=\"adsbygoogle\"\n     style=\"display:block; text-align:center;\"\n     data-ad-layout=\"in-article\"\n     data-ad-format=\"fluid\"\n     data-ad-client=\"ca-pub-5499304793904745\"\n     data-ad-slot=\"5994863093\"><\/ins>\n<script>\n     (adsbygoogle = window.adsbygoogle || []).push({});\n<\/script>\n\n\n\n<p>De acuerdo con el libro \u00abLos colores de la inclusi\u00f3n\u00bb elaborado por Yo Tambi\u00e9n A.C., el Museo Memoria y Tolerancia, la Universidad Iberoamericana y PPG Comex, el color p\u00farpura o morado ha estado vinculado a las \u00e9lites pol\u00edticas y econ\u00f3micas desde la Antig\u00fcedad hasta la Edad Moderna. En aquellos tiempos, obtener el tinte morado era extremadamente costoso, lo que limitaba su uso a las familias de la realeza, convirti\u00e9ndolo as\u00ed en un s\u00edmbolo de poder y estatus social.<\/p>\n\n\n\n<script async src=\"https:\/\/pagead2.googlesyndication.com\/pagead\/js\/adsbygoogle.js?client=ca-pub-5499304793904745\"\n     crossorigin=\"anonymous\"><\/script>\n<ins class=\"adsbygoogle\"\n     style=\"display:block; text-align:center;\"\n     data-ad-layout=\"in-article\"\n     data-ad-format=\"fluid\"\n     data-ad-client=\"ca-pub-5499304793904745\"\n     data-ad-slot=\"5994863093\"><\/ins>\n<script>\n     (adsbygoogle = window.adsbygoogle || []).push({});\n<\/script>\n\n\n\n<p>Pero su relaci\u00f3n con el feminismo tom\u00f3 fuerza en 1911, durante el tr\u00e1gico incendio de la f\u00e1brica Triangle Waist Co. en Nueva York, donde la mayor\u00eda de las v\u00edctimas eran mujeres. Se dice que el cielo se ti\u00f1\u00f3 de humo morado, record\u00e1ndonos la injusticia vivida por esas trabajadoras.<\/p>\n\n\n\n<script async src=\"https:\/\/pagead2.googlesyndication.com\/pagead\/js\/adsbygoogle.js?client=ca-pub-5499304793904745\"\n     crossorigin=\"anonymous\"><\/script>\n<ins class=\"adsbygoogle\"\n     style=\"display:block; text-align:center;\"\n     data-ad-layout=\"in-article\"\n     data-ad-format=\"fluid\"\n     data-ad-client=\"ca-pub-5499304793904745\"\n     data-ad-slot=\"5994863093\"><\/ins>\n<script>\n     (adsbygoogle = window.adsbygoogle || []).push({});\n<\/script>\n\n\n\n<p>Este color se convirti\u00f3 as\u00ed en un emblema de la lucha feminista, simbolizando la soberan\u00eda, libertad y dignidad de las mujeres. Desde entonces, ha sido utilizado en carteles, mantas y objetos por grupos feministas en todo el mundo, incluyendo nuestras marchas aqu\u00ed en M\u00e9xico.<\/p>\n\n\n\n<figure class=\"wp-block-image size-large\"><img data-recalc-dims=\"1\" decoding=\"async\" width=\"1024\" height=\"683\" src=\"https:\/\/i0.wp.com\/zeromagazine.mx\/wp-content\/uploads\/2024\/03\/pexels-photo-16110854-1024x683.jpeg?resize=1024%2C683&#038;ssl=1\" alt=\"\" class=\"wp-image-71462\" srcset=\"https:\/\/i0.wp.com\/zeromagazine.mx\/wp-content\/uploads\/2024\/03\/pexels-photo-16110854-scaled.jpeg?resize=1024%2C683&amp;ssl=1 1024w, https:\/\/i0.wp.com\/zeromagazine.mx\/wp-content\/uploads\/2024\/03\/pexels-photo-16110854-scaled.jpeg?resize=300%2C200&amp;ssl=1 300w, https:\/\/i0.wp.com\/zeromagazine.mx\/wp-content\/uploads\/2024\/03\/pexels-photo-16110854-scaled.jpeg?resize=768%2C512&amp;ssl=1 768w, https:\/\/i0.wp.com\/zeromagazine.mx\/wp-content\/uploads\/2024\/03\/pexels-photo-16110854-scaled.jpeg?resize=1536%2C1024&amp;ssl=1 1536w, https:\/\/i0.wp.com\/zeromagazine.mx\/wp-content\/uploads\/2024\/03\/pexels-photo-16110854-scaled.jpeg?resize=2048%2C1366&amp;ssl=1 2048w, https:\/\/i0.wp.com\/zeromagazine.mx\/wp-content\/uploads\/2024\/03\/pexels-photo-16110854-scaled.jpeg?w=2330 2330w\" sizes=\"(max-width: 1024px) 100vw, 1024px\" \/><\/figure>\n\n\n\n<p><\/p>\n\n\n\n<p>En nuestro pa\u00eds, donde m\u00e1s de la mitad de la poblaci\u00f3n son mujeres, la lucha por la igualdad de g\u00e9nero adquiere una relevancia especial. Con un alarmante 70% de mujeres que han experimentado alg\u00fan tipo de violencia o discriminaci\u00f3n, el morado nos recuerda la urgencia de seguir adelante en esta lucha.<\/p>\n\n\n\n<script async src=\"https:\/\/pagead2.googlesyndication.com\/pagead\/js\/adsbygoogle.js?client=ca-pub-5499304793904745\"\n     crossorigin=\"anonymous\"><\/script>\n<ins class=\"adsbygoogle\"\n     style=\"display:block; text-align:center;\"\n     data-ad-layout=\"in-article\"\n     data-ad-format=\"fluid\"\n     data-ad-client=\"ca-pub-5499304793904745\"\n     data-ad-slot=\"5994863093\"><\/ins>\n<script>\n     (adsbygoogle = window.adsbygoogle || []).push({});\n<\/script>\n\n\n\n<p>Aunque hemos logrado avances significativos, a\u00fan queda mucho por hacer. La demanda de derechos para mujeres de todas las edades sigue siendo una prioridad en todas las esferas de la vida. Pero mientras tanto, el morado persiste como un s\u00edmbolo de reconocimiento para todas aquellas mujeres que han luchado y como un faro de esperanza para quienes contin\u00faan buscando un mundo m\u00e1s justo y equitativo.<\/p>\n\n\n\n<script async src=\"https:\/\/pagead2.googlesyndication.com\/pagead\/js\/adsbygoogle.js?client=ca-pub-5499304793904745\"\n     crossorigin=\"anonymous\"><\/script>\n<ins class=\"adsbygoogle\"\n     style=\"display:block; text-align:center;\"\n     data-ad-layout=\"in-article\"\n     data-ad-format=\"fluid\"\n     data-ad-client=\"ca-pub-5499304793904745\"\n     data-ad-slot=\"5994863093\"><\/ins>\n<script>\n     (adsbygoogle = window.adsbygoogle || []).push({});\n<\/script>\n\n\n\n<p>En este 8 de marzo, celebremos la fortaleza y la resiliencia de las mujeres, recordemos a quienes han luchado antes que nosotres y renovemos nuestro compromiso con la igualdad de g\u00e9nero. Porque juntxs, en solidaridad, podemos seguir cambiando el mundo.<\/p>\n\n\n\n<script async src=\"https:\/\/pagead2.googlesyndication.com\/pagead\/js\/adsbygoogle.js?client=ca-pub-5499304793904745\"\n     crossorigin=\"anonymous\"><\/script>\n<ins class=\"adsbygoogle\"\n     style=\"display:block; text-align:center;\"\n     data-ad-layout=\"in-article\"\n     data-ad-format=\"fluid\"\n     data-ad-client=\"ca-pub-5499304793904745\"\n     data-ad-slot=\"5994863093\"><\/ins>\n<script>\n     (adsbygoogle = window.adsbygoogle || []).push({});\n<\/script>\n\n<!--themify_builder_content-->\n<div id=\"themify_builder_content-71460\" data-postid=\"71460\" class=\"themify_builder_content themify_builder_content-71460 themify_builder tf_clear\">\n    <\/div>\n<!--\/themify_builder_content-->","protected":false},"excerpt":{"rendered":"<p>Como cada a\u00f1o, el 8 de marzo llega para recordarnos la importancia de la lucha por la igualdad de g\u00e9nero. Es ese d\u00eda en el que ponemos en alto el papel fundamental de las mujeres a lo largo de la historia y su incansable batalla por alcanzar la equidad. Y dentro de este movimiento, un [&hellip;]<\/p>\n","protected":false},"author":2,"featured_media":71461,"comment_status":"open","ping_status":"open","sticky":false,"template":"","format":"standard","meta":{"_jetpack_memberships_contains_paid_content":false,"footnotes":"","jetpack_publicize_message":"","jetpack_publicize_feature_enabled":true,"jetpack_social_post_already_shared":false,"jetpack_social_options":{"image_generator_settings":{"template":"highway","default_image_id":0,"font":"","enabled":false},"version":2}},"categories":[791],"tags":[7146,7148,7147,7145],"class_list":["post-71460","post","type-post","status-publish","format-standard","has-post-thumbnail","hentry","category-cultura","tag-8-de-marzo","tag-color-morado","tag-dis-de-la-mujer","tag-igualdad-de-genero","has-post-title","has-post-date","has-post-category","has-post-tag","has-post-comment","has-post-author",""],"yoast_head":"<!-- This site is optimized with the Yoast SEO plugin v27.5 - https:\/\/yoast.com\/product\/yoast-seo-wordpress\/ -->\n<title>El morado como emblema en la batalla por la igualdad de g\u00e9nero - Zero Magazine<\/title>\n<meta name=\"robots\" content=\"index, follow, max-snippet:-1, max-image-preview:large, max-video-preview:-1\" \/>\n<link rel=\"canonical\" href=\"https:\/\/zeromagazine.mx\/index.php\/2024\/03\/06\/el-morado-como-emblema-en-la-batalla-por-la-igualdad-de-genero\/\" \/>\n<meta property=\"og:locale\" content=\"es_ES\" \/>\n<meta property=\"og:type\" content=\"article\" \/>\n<meta property=\"og:title\" content=\"El morado como emblema en la batalla por la igualdad de g\u00e9nero - Zero Magazine\" \/>\n<meta property=\"og:description\" content=\"Como cada a\u00f1o, el 8 de marzo llega para recordarnos la importancia de la lucha por la igualdad de g\u00e9nero. Es ese d\u00eda en el que ponemos en alto el papel fundamental de las mujeres a lo largo de la historia y su incansable batalla por alcanzar la equidad. Y dentro de este movimiento, un [&hellip;]\" \/>\n<meta property=\"og:url\" content=\"https:\/\/zeromagazine.mx\/index.php\/2024\/03\/06\/el-morado-como-emblema-en-la-batalla-por-la-igualdad-de-genero\/\" \/>\n<meta property=\"og:site_name\" content=\"Zero Magazine\" \/>\n<meta property=\"article:published_time\" content=\"2024-03-06T21:05:25+00:00\" \/>\n<meta property=\"article:modified_time\" content=\"2024-03-06T21:06:46+00:00\" \/>\n<meta property=\"og:image\" content=\"https:\/\/i0.wp.com\/zeromagazine.mx\/wp-content\/uploads\/2024\/03\/Morado-JPG.jpg?fit=740%2C740&ssl=1\" \/>\n\t<meta property=\"og:image:width\" content=\"740\" \/>\n\t<meta property=\"og:image:height\" content=\"740\" \/>\n\t<meta property=\"og:image:type\" content=\"image\/jpeg\" \/>\n<meta name=\"author\" content=\"zeromagazinemx\" \/>\n<meta name=\"twitter:card\" content=\"summary_large_image\" \/>\n<meta name=\"twitter:label1\" content=\"Escrito por\" \/>\n\t<meta name=\"twitter:data1\" content=\"zeromagazinemx\" \/>\n\t<meta name=\"twitter:label2\" content=\"Tiempo de lectura\" \/>\n\t<meta name=\"twitter:data2\" content=\"2 minutos\" \/>\n<script type=\"application\/ld+json\" class=\"yoast-schema-graph\">{\"@context\":\"https:\\\/\\\/schema.org\",\"@graph\":[{\"@type\":\"Article\",\"@id\":\"https:\\\/\\\/zeromagazine.mx\\\/index.php\\\/2024\\\/03\\\/06\\\/el-morado-como-emblema-en-la-batalla-por-la-igualdad-de-genero\\\/#article\",\"isPartOf\":{\"@id\":\"https:\\\/\\\/zeromagazine.mx\\\/index.php\\\/2024\\\/03\\\/06\\\/el-morado-como-emblema-en-la-batalla-por-la-igualdad-de-genero\\\/\"},\"author\":{\"name\":\"zeromagazinemx\",\"@id\":\"https:\\\/\\\/zeromagazine.mx\\\/#\\\/schema\\\/person\\\/9aed9f33a7c39af3a348b86d723f7773\"},\"headline\":\"El morado como emblema en la batalla por la igualdad de g\u00e9nero\",\"datePublished\":\"2024-03-06T21:05:25+00:00\",\"dateModified\":\"2024-03-06T21:06:46+00:00\",\"mainEntityOfPage\":{\"@id\":\"https:\\\/\\\/zeromagazine.mx\\\/index.php\\\/2024\\\/03\\\/06\\\/el-morado-como-emblema-en-la-batalla-por-la-igualdad-de-genero\\\/\"},\"wordCount\":431,\"commentCount\":0,\"publisher\":{\"@id\":\"https:\\\/\\\/zeromagazine.mx\\\/#organization\"},\"image\":{\"@id\":\"https:\\\/\\\/zeromagazine.mx\\\/index.php\\\/2024\\\/03\\\/06\\\/el-morado-como-emblema-en-la-batalla-por-la-igualdad-de-genero\\\/#primaryimage\"},\"thumbnailUrl\":\"https:\\\/\\\/i0.wp.com\\\/zeromagazine.mx\\\/wp-content\\\/uploads\\\/2024\\\/03\\\/Morado-JPG.jpg?fit=740%2C740&ssl=1\",\"keywords\":[\"8 de marzo\",\"Color morado\",\"D\u00eds de la mujer\",\"Igualdad de g\u00e9nero\"],\"articleSection\":[\"Cultura\"],\"inLanguage\":\"es\",\"potentialAction\":[{\"@type\":\"CommentAction\",\"name\":\"Comment\",\"target\":[\"https:\\\/\\\/zeromagazine.mx\\\/index.php\\\/2024\\\/03\\\/06\\\/el-morado-como-emblema-en-la-batalla-por-la-igualdad-de-genero\\\/#respond\"]}]},{\"@type\":\"WebPage\",\"@id\":\"https:\\\/\\\/zeromagazine.mx\\\/index.php\\\/2024\\\/03\\\/06\\\/el-morado-como-emblema-en-la-batalla-por-la-igualdad-de-genero\\\/\",\"url\":\"https:\\\/\\\/zeromagazine.mx\\\/index.php\\\/2024\\\/03\\\/06\\\/el-morado-como-emblema-en-la-batalla-por-la-igualdad-de-genero\\\/\",\"name\":\"El morado como emblema en la batalla por la igualdad de g\u00e9nero - Zero Magazine\",\"isPartOf\":{\"@id\":\"https:\\\/\\\/zeromagazine.mx\\\/#website\"},\"primaryImageOfPage\":{\"@id\":\"https:\\\/\\\/zeromagazine.mx\\\/index.php\\\/2024\\\/03\\\/06\\\/el-morado-como-emblema-en-la-batalla-por-la-igualdad-de-genero\\\/#primaryimage\"},\"image\":{\"@id\":\"https:\\\/\\\/zeromagazine.mx\\\/index.php\\\/2024\\\/03\\\/06\\\/el-morado-como-emblema-en-la-batalla-por-la-igualdad-de-genero\\\/#primaryimage\"},\"thumbnailUrl\":\"https:\\\/\\\/i0.wp.com\\\/zeromagazine.mx\\\/wp-content\\\/uploads\\\/2024\\\/03\\\/Morado-JPG.jpg?fit=740%2C740&ssl=1\",\"datePublished\":\"2024-03-06T21:05:25+00:00\",\"dateModified\":\"2024-03-06T21:06:46+00:00\",\"breadcrumb\":{\"@id\":\"https:\\\/\\\/zeromagazine.mx\\\/index.php\\\/2024\\\/03\\\/06\\\/el-morado-como-emblema-en-la-batalla-por-la-igualdad-de-genero\\\/#breadcrumb\"},\"inLanguage\":\"es\",\"potentialAction\":[{\"@type\":\"ReadAction\",\"target\":[\"https:\\\/\\\/zeromagazine.mx\\\/index.php\\\/2024\\\/03\\\/06\\\/el-morado-como-emblema-en-la-batalla-por-la-igualdad-de-genero\\\/\"]}]},{\"@type\":\"ImageObject\",\"inLanguage\":\"es\",\"@id\":\"https:\\\/\\\/zeromagazine.mx\\\/index.php\\\/2024\\\/03\\\/06\\\/el-morado-como-emblema-en-la-batalla-por-la-igualdad-de-genero\\\/#primaryimage\",\"url\":\"https:\\\/\\\/i0.wp.com\\\/zeromagazine.mx\\\/wp-content\\\/uploads\\\/2024\\\/03\\\/Morado-JPG.jpg?fit=740%2C740&ssl=1\",\"contentUrl\":\"https:\\\/\\\/i0.wp.com\\\/zeromagazine.mx\\\/wp-content\\\/uploads\\\/2024\\\/03\\\/Morado-JPG.jpg?fit=740%2C740&ssl=1\",\"width\":740,\"height\":740},{\"@type\":\"BreadcrumbList\",\"@id\":\"https:\\\/\\\/zeromagazine.mx\\\/index.php\\\/2024\\\/03\\\/06\\\/el-morado-como-emblema-en-la-batalla-por-la-igualdad-de-genero\\\/#breadcrumb\",\"itemListElement\":[{\"@type\":\"ListItem\",\"position\":1,\"name\":\"Portada\",\"item\":\"https:\\\/\\\/zeromagazine.mx\\\/\"},{\"@type\":\"ListItem\",\"position\":2,\"name\":\"El morado como emblema en la batalla por la igualdad de g\u00e9nero\"}]},{\"@type\":\"WebSite\",\"@id\":\"https:\\\/\\\/zeromagazine.mx\\\/#website\",\"url\":\"https:\\\/\\\/zeromagazine.mx\\\/\",\"name\":\"Zero Magazine\",\"description\":\"\",\"publisher\":{\"@id\":\"https:\\\/\\\/zeromagazine.mx\\\/#organization\"},\"potentialAction\":[{\"@type\":\"SearchAction\",\"target\":{\"@type\":\"EntryPoint\",\"urlTemplate\":\"https:\\\/\\\/zeromagazine.mx\\\/?s={search_term_string}\"},\"query-input\":{\"@type\":\"PropertyValueSpecification\",\"valueRequired\":true,\"valueName\":\"search_term_string\"}}],\"inLanguage\":\"es\"},{\"@type\":\"Organization\",\"@id\":\"https:\\\/\\\/zeromagazine.mx\\\/#organization\",\"name\":\"Zero Magazine\",\"url\":\"https:\\\/\\\/zeromagazine.mx\\\/\",\"logo\":{\"@type\":\"ImageObject\",\"inLanguage\":\"es\",\"@id\":\"https:\\\/\\\/zeromagazine.mx\\\/#\\\/schema\\\/logo\\\/image\\\/\",\"url\":\"https:\\\/\\\/i0.wp.com\\\/zeromagazine.mx\\\/wp-content\\\/uploads\\\/2025\\\/11\\\/1.jpeg?fit=1000%2C1000&ssl=1\",\"contentUrl\":\"https:\\\/\\\/i0.wp.com\\\/zeromagazine.mx\\\/wp-content\\\/uploads\\\/2025\\\/11\\\/1.jpeg?fit=1000%2C1000&ssl=1\",\"width\":1000,\"height\":1000,\"caption\":\"Zero Magazine\"},\"image\":{\"@id\":\"https:\\\/\\\/zeromagazine.mx\\\/#\\\/schema\\\/logo\\\/image\\\/\"},\"sameAs\":[\"https:\\\/\\\/instagram.com\\\/zeromagazinemx\"]},{\"@type\":\"Person\",\"@id\":\"https:\\\/\\\/zeromagazine.mx\\\/#\\\/schema\\\/person\\\/9aed9f33a7c39af3a348b86d723f7773\",\"name\":\"zeromagazinemx\",\"image\":{\"@type\":\"ImageObject\",\"inLanguage\":\"es\",\"@id\":\"https:\\\/\\\/zeromagazine.mx\\\/wp-content\\\/litespeed\\\/avatar\\\/f91dfe5410d5dcb1a576bf8c45983896.jpg?ver=1776966396\",\"url\":\"https:\\\/\\\/zeromagazine.mx\\\/wp-content\\\/litespeed\\\/avatar\\\/f91dfe5410d5dcb1a576bf8c45983896.jpg?ver=1776966396\",\"contentUrl\":\"https:\\\/\\\/zeromagazine.mx\\\/wp-content\\\/litespeed\\\/avatar\\\/f91dfe5410d5dcb1a576bf8c45983896.jpg?ver=1776966396\",\"caption\":\"zeromagazinemx\"},\"url\":\"https:\\\/\\\/zeromagazine.mx\\\/index.php\\\/author\\\/zeromagazinemx\\\/\"}]}<\/script>\n<!-- \/ Yoast SEO plugin. -->","yoast_head_json":{"title":"El morado como emblema en la batalla por la igualdad de g\u00e9nero - Zero Magazine","robots":{"index":"index","follow":"follow","max-snippet":"max-snippet:-1","max-image-preview":"max-image-preview:large","max-video-preview":"max-video-preview:-1"},"canonical":"https:\/\/zeromagazine.mx\/index.php\/2024\/03\/06\/el-morado-como-emblema-en-la-batalla-por-la-igualdad-de-genero\/","og_locale":"es_ES","og_type":"article","og_title":"El morado como emblema en la batalla por la igualdad de g\u00e9nero - Zero Magazine","og_description":"Como cada a\u00f1o, el 8 de marzo llega para recordarnos la importancia de la lucha por la igualdad de g\u00e9nero. Es ese d\u00eda en el que ponemos en alto el papel fundamental de las mujeres a lo largo de la historia y su incansable batalla por alcanzar la equidad. Y dentro de este movimiento, un [&hellip;]","og_url":"https:\/\/zeromagazine.mx\/index.php\/2024\/03\/06\/el-morado-como-emblema-en-la-batalla-por-la-igualdad-de-genero\/","og_site_name":"Zero Magazine","article_published_time":"2024-03-06T21:05:25+00:00","article_modified_time":"2024-03-06T21:06:46+00:00","og_image":[{"width":740,"height":740,"url":"https:\/\/i0.wp.com\/zeromagazine.mx\/wp-content\/uploads\/2024\/03\/Morado-JPG.jpg?fit=740%2C740&ssl=1","type":"image\/jpeg"}],"author":"zeromagazinemx","twitter_card":"summary_large_image","twitter_misc":{"Escrito por":"zeromagazinemx","Tiempo de lectura":"2 minutos"},"schema":{"@context":"https:\/\/schema.org","@graph":[{"@type":"Article","@id":"https:\/\/zeromagazine.mx\/index.php\/2024\/03\/06\/el-morado-como-emblema-en-la-batalla-por-la-igualdad-de-genero\/#article","isPartOf":{"@id":"https:\/\/zeromagazine.mx\/index.php\/2024\/03\/06\/el-morado-como-emblema-en-la-batalla-por-la-igualdad-de-genero\/"},"author":{"name":"zeromagazinemx","@id":"https:\/\/zeromagazine.mx\/#\/schema\/person\/9aed9f33a7c39af3a348b86d723f7773"},"headline":"El morado como emblema en la batalla por la igualdad de g\u00e9nero","datePublished":"2024-03-06T21:05:25+00:00","dateModified":"2024-03-06T21:06:46+00:00","mainEntityOfPage":{"@id":"https:\/\/zeromagazine.mx\/index.php\/2024\/03\/06\/el-morado-como-emblema-en-la-batalla-por-la-igualdad-de-genero\/"},"wordCount":431,"commentCount":0,"publisher":{"@id":"https:\/\/zeromagazine.mx\/#organization"},"image":{"@id":"https:\/\/zeromagazine.mx\/index.php\/2024\/03\/06\/el-morado-como-emblema-en-la-batalla-por-la-igualdad-de-genero\/#primaryimage"},"thumbnailUrl":"https:\/\/i0.wp.com\/zeromagazine.mx\/wp-content\/uploads\/2024\/03\/Morado-JPG.jpg?fit=740%2C740&ssl=1","keywords":["8 de marzo","Color morado","D\u00eds de la mujer","Igualdad de g\u00e9nero"],"articleSection":["Cultura"],"inLanguage":"es","potentialAction":[{"@type":"CommentAction","name":"Comment","target":["https:\/\/zeromagazine.mx\/index.php\/2024\/03\/06\/el-morado-como-emblema-en-la-batalla-por-la-igualdad-de-genero\/#respond"]}]},{"@type":"WebPage","@id":"https:\/\/zeromagazine.mx\/index.php\/2024\/03\/06\/el-morado-como-emblema-en-la-batalla-por-la-igualdad-de-genero\/","url":"https:\/\/zeromagazine.mx\/index.php\/2024\/03\/06\/el-morado-como-emblema-en-la-batalla-por-la-igualdad-de-genero\/","name":"El morado como emblema en la batalla por la igualdad de g\u00e9nero - Zero Magazine","isPartOf":{"@id":"https:\/\/zeromagazine.mx\/#website"},"primaryImageOfPage":{"@id":"https:\/\/zeromagazine.mx\/index.php\/2024\/03\/06\/el-morado-como-emblema-en-la-batalla-por-la-igualdad-de-genero\/#primaryimage"},"image":{"@id":"https:\/\/zeromagazine.mx\/index.php\/2024\/03\/06\/el-morado-como-emblema-en-la-batalla-por-la-igualdad-de-genero\/#primaryimage"},"thumbnailUrl":"https:\/\/i0.wp.com\/zeromagazine.mx\/wp-content\/uploads\/2024\/03\/Morado-JPG.jpg?fit=740%2C740&ssl=1","datePublished":"2024-03-06T21:05:25+00:00","dateModified":"2024-03-06T21:06:46+00:00","breadcrumb":{"@id":"https:\/\/zeromagazine.mx\/index.php\/2024\/03\/06\/el-morado-como-emblema-en-la-batalla-por-la-igualdad-de-genero\/#breadcrumb"},"inLanguage":"es","potentialAction":[{"@type":"ReadAction","target":["https:\/\/zeromagazine.mx\/index.php\/2024\/03\/06\/el-morado-como-emblema-en-la-batalla-por-la-igualdad-de-genero\/"]}]},{"@type":"ImageObject","inLanguage":"es","@id":"https:\/\/zeromagazine.mx\/index.php\/2024\/03\/06\/el-morado-como-emblema-en-la-batalla-por-la-igualdad-de-genero\/#primaryimage","url":"https:\/\/i0.wp.com\/zeromagazine.mx\/wp-content\/uploads\/2024\/03\/Morado-JPG.jpg?fit=740%2C740&ssl=1","contentUrl":"https:\/\/i0.wp.com\/zeromagazine.mx\/wp-content\/uploads\/2024\/03\/Morado-JPG.jpg?fit=740%2C740&ssl=1","width":740,"height":740},{"@type":"BreadcrumbList","@id":"https:\/\/zeromagazine.mx\/index.php\/2024\/03\/06\/el-morado-como-emblema-en-la-batalla-por-la-igualdad-de-genero\/#breadcrumb","itemListElement":[{"@type":"ListItem","position":1,"name":"Portada","item":"https:\/\/zeromagazine.mx\/"},{"@type":"ListItem","position":2,"name":"El morado como emblema en la batalla por la igualdad de g\u00e9nero"}]},{"@type":"WebSite","@id":"https:\/\/zeromagazine.mx\/#website","url":"https:\/\/zeromagazine.mx\/","name":"Zero Magazine","description":"","publisher":{"@id":"https:\/\/zeromagazine.mx\/#organization"},"potentialAction":[{"@type":"SearchAction","target":{"@type":"EntryPoint","urlTemplate":"https:\/\/zeromagazine.mx\/?s={search_term_string}"},"query-input":{"@type":"PropertyValueSpecification","valueRequired":true,"valueName":"search_term_string"}}],"inLanguage":"es"},{"@type":"Organization","@id":"https:\/\/zeromagazine.mx\/#organization","name":"Zero Magazine","url":"https:\/\/zeromagazine.mx\/","logo":{"@type":"ImageObject","inLanguage":"es","@id":"https:\/\/zeromagazine.mx\/#\/schema\/logo\/image\/","url":"https:\/\/i0.wp.com\/zeromagazine.mx\/wp-content\/uploads\/2025\/11\/1.jpeg?fit=1000%2C1000&ssl=1","contentUrl":"https:\/\/i0.wp.com\/zeromagazine.mx\/wp-content\/uploads\/2025\/11\/1.jpeg?fit=1000%2C1000&ssl=1","width":1000,"height":1000,"caption":"Zero Magazine"},"image":{"@id":"https:\/\/zeromagazine.mx\/#\/schema\/logo\/image\/"},"sameAs":["https:\/\/instagram.com\/zeromagazinemx"]},{"@type":"Person","@id":"https:\/\/zeromagazine.mx\/#\/schema\/person\/9aed9f33a7c39af3a348b86d723f7773","name":"zeromagazinemx","image":{"@type":"ImageObject","inLanguage":"es","@id":"https:\/\/zeromagazine.mx\/wp-content\/litespeed\/avatar\/f91dfe5410d5dcb1a576bf8c45983896.jpg?ver=1776966396","url":"https:\/\/zeromagazine.mx\/wp-content\/litespeed\/avatar\/f91dfe5410d5dcb1a576bf8c45983896.jpg?ver=1776966396","contentUrl":"https:\/\/zeromagazine.mx\/wp-content\/litespeed\/avatar\/f91dfe5410d5dcb1a576bf8c45983896.jpg?ver=1776966396","caption":"zeromagazinemx"},"url":"https:\/\/zeromagazine.mx\/index.php\/author\/zeromagazinemx\/"}]}},"jetpack_publicize_connections":[],"jetpack_featured_media_url":"https:\/\/i0.wp.com\/zeromagazine.mx\/wp-content\/uploads\/2024\/03\/Morado-JPG.jpg?fit=740%2C740&ssl=1","jetpack-related-posts":[{"id":73230,"url":"https:\/\/zeromagazine.mx\/index.php\/2024\/04\/04\/johnnie-walker-y-mujeres-bartenders-en-mexico\/","url_meta":{"origin":71460,"position":0},"title":"Johnnie Walker y Mujeres Bartenders en M\u00e9xico","author":"zeromagazinemx","date":"4 de abril de 2024","format":false,"excerpt":"\u00bfQui\u00e9n dijo que el mundo de la mixolog\u00eda era solo para hombres? \u00a1Johnnie Walker est\u00e1 aqu\u00ed para cambiar esa percepci\u00f3n! En la Ciudad de M\u00e9xico, esta marca ic\u00f3nica dio un paso adelante para resaltar el incre\u00edble talento de las mujeres bartenders que est\u00e1n rompiendo barreras en un campo predominantemente masculino.\u2026","rel":"","context":"En \u00abFoodie\u00bb","block_context":{"text":"Foodie","link":"https:\/\/zeromagazine.mx\/index.php\/category\/lifestyle\/foodie\/"},"img":{"alt_text":"","src":"https:\/\/i0.wp.com\/zeromagazine.mx\/wp-content\/uploads\/2024\/04\/Invitacion-ponencia-Bianca-Bertoli_JW.jpeg?fit=1080%2C1080&ssl=1&resize=350%2C200","width":350,"height":200,"srcset":"https:\/\/i0.wp.com\/zeromagazine.mx\/wp-content\/uploads\/2024\/04\/Invitacion-ponencia-Bianca-Bertoli_JW.jpeg?fit=1080%2C1080&ssl=1&resize=350%2C200 1x, https:\/\/i0.wp.com\/zeromagazine.mx\/wp-content\/uploads\/2024\/04\/Invitacion-ponencia-Bianca-Bertoli_JW.jpeg?fit=1080%2C1080&ssl=1&resize=525%2C300 1.5x, https:\/\/i0.wp.com\/zeromagazine.mx\/wp-content\/uploads\/2024\/04\/Invitacion-ponencia-Bianca-Bertoli_JW.jpeg?fit=1080%2C1080&ssl=1&resize=700%2C400 2x, https:\/\/i0.wp.com\/zeromagazine.mx\/wp-content\/uploads\/2024\/04\/Invitacion-ponencia-Bianca-Bertoli_JW.jpeg?fit=1080%2C1080&ssl=1&resize=1050%2C600 3x"},"classes":[]},{"id":93541,"url":"https:\/\/zeromagazine.mx\/index.php\/2024\/12\/19\/foro-weps-mexico-2024-igualdad\/","url_meta":{"origin":71460,"position":1},"title":"Foro WEPs M\u00e9xico 2024: Igualdad","author":"zeromagazinemx","date":"19 de diciembre de 2024","format":false,"excerpt":"Foro WEPs M\u00e9xico 2024 Foro WEPs M\u00e9xico 2024 es una iniciativa incre\u00edble, qu\u00e9date que te cuento todo el chismesito. Amix, \u00bfalguna vez te has preguntado por qu\u00e9 la igualdad de g\u00e9nero sigue siendo un tema tan importante hoy en d\u00eda? Pues, en el Foro WEPs M\u00e9xico 2024, m\u00e1s de 150\u2026","rel":"","context":"En \u00abEntretenimiento\u00bb","block_context":{"text":"Entretenimiento","link":"https:\/\/zeromagazine.mx\/index.php\/category\/entretenimiento\/"},"img":{"alt_text":"","src":"https:\/\/i0.wp.com\/zeromagazine.mx\/wp-content\/uploads\/2024\/12\/ONU_Mujeres_WEPs_13_nov_web_084.jpg?fit=1200%2C800&ssl=1&resize=350%2C200","width":350,"height":200,"srcset":"https:\/\/i0.wp.com\/zeromagazine.mx\/wp-content\/uploads\/2024\/12\/ONU_Mujeres_WEPs_13_nov_web_084.jpg?fit=1200%2C800&ssl=1&resize=350%2C200 1x, https:\/\/i0.wp.com\/zeromagazine.mx\/wp-content\/uploads\/2024\/12\/ONU_Mujeres_WEPs_13_nov_web_084.jpg?fit=1200%2C800&ssl=1&resize=525%2C300 1.5x, https:\/\/i0.wp.com\/zeromagazine.mx\/wp-content\/uploads\/2024\/12\/ONU_Mujeres_WEPs_13_nov_web_084.jpg?fit=1200%2C800&ssl=1&resize=700%2C400 2x, https:\/\/i0.wp.com\/zeromagazine.mx\/wp-content\/uploads\/2024\/12\/ONU_Mujeres_WEPs_13_nov_web_084.jpg?fit=1200%2C800&ssl=1&resize=1050%2C600 3x"},"classes":[]},{"id":71953,"url":"https:\/\/zeromagazine.mx\/index.php\/2024\/03\/14\/sephora-mexico-juntas-brillamos-en-honor-al-mes-de-la-mujer\/","url_meta":{"origin":71460,"position":2},"title":"Sephora M\u00e9xico: \u00abJuntas Brillamos\u00bb, en honor al mes de la mujer","author":"zeromagazinemx","date":"14 de marzo de 2024","format":false,"excerpt":"Sephora M\u00e9xico est\u00e1 celebrando a lo grande el Mes de la Mujer con su campa\u00f1a \"Juntas Brillamos\". As\u00ed que, prep\u00e1rense para sumergirse en un mundo de empoderamiento y belleza con un toque de seriedad pero sin perder el estilo juvenil. En este Marzo, el Mes de la Mujer, Sephora M\u00e9xico\u2026","rel":"","context":"En \u00abBienestar\u00bb","block_context":{"text":"Bienestar","link":"https:\/\/zeromagazine.mx\/index.php\/category\/lifestyle\/bienestar\/"},"img":{"alt_text":"","src":"https:\/\/i0.wp.com\/zeromagazine.mx\/wp-content\/uploads\/2024\/03\/8m-2.png?fit=837%2C837&ssl=1&resize=350%2C200","width":350,"height":200,"srcset":"https:\/\/i0.wp.com\/zeromagazine.mx\/wp-content\/uploads\/2024\/03\/8m-2.png?fit=837%2C837&ssl=1&resize=350%2C200 1x, https:\/\/i0.wp.com\/zeromagazine.mx\/wp-content\/uploads\/2024\/03\/8m-2.png?fit=837%2C837&ssl=1&resize=525%2C300 1.5x, https:\/\/i0.wp.com\/zeromagazine.mx\/wp-content\/uploads\/2024\/03\/8m-2.png?fit=837%2C837&ssl=1&resize=700%2C400 2x"},"classes":[]},{"id":76198,"url":"https:\/\/zeromagazine.mx\/index.php\/2024\/05\/20\/construyendo-una-cdmx-para-todes\/","url_meta":{"origin":71460,"position":3},"title":"\u00a1Construyendo una CDMX para Todes!","author":"zeromagazinemx","date":"20 de mayo de 2024","format":false,"excerpt":"Aqu\u00ed viene una movida que no te puedes perder en la CDMX. Impulse Group CDMX est\u00e1 tirando la casa por la ventana con \"Impulsando una #CiudadParaTodes\". Esta movida hist\u00f3rica va a tener a Clara Brugadas y Salom\u00f3n Chertorivski, quienes est\u00e1n buscando la chamba de Jefatura de Gobierno de nuestra querida\u2026","rel":"","context":"En \u00abBienestar\u00bb","block_context":{"text":"Bienestar","link":"https:\/\/zeromagazine.mx\/index.php\/category\/lifestyle\/bienestar\/"},"img":{"alt_text":"","src":"https:\/\/i0.wp.com\/zeromagazine.mx\/wp-content\/uploads\/2024\/05\/WhatsApp-Image-2024-05-17-at-15.22.43.jpeg?fit=1200%2C900&ssl=1&resize=350%2C200","width":350,"height":200,"srcset":"https:\/\/i0.wp.com\/zeromagazine.mx\/wp-content\/uploads\/2024\/05\/WhatsApp-Image-2024-05-17-at-15.22.43.jpeg?fit=1200%2C900&ssl=1&resize=350%2C200 1x, https:\/\/i0.wp.com\/zeromagazine.mx\/wp-content\/uploads\/2024\/05\/WhatsApp-Image-2024-05-17-at-15.22.43.jpeg?fit=1200%2C900&ssl=1&resize=525%2C300 1.5x, https:\/\/i0.wp.com\/zeromagazine.mx\/wp-content\/uploads\/2024\/05\/WhatsApp-Image-2024-05-17-at-15.22.43.jpeg?fit=1200%2C900&ssl=1&resize=700%2C400 2x, https:\/\/i0.wp.com\/zeromagazine.mx\/wp-content\/uploads\/2024\/05\/WhatsApp-Image-2024-05-17-at-15.22.43.jpeg?fit=1200%2C900&ssl=1&resize=1050%2C600 3x"},"classes":[]},{"id":72074,"url":"https:\/\/zeromagazine.mx\/index.php\/2024\/03\/14\/empoderamiento-en-accion-aerie-y-el-movimiento-mas-real\/","url_meta":{"origin":71460,"position":4},"title":"Empoderamiento en Acci\u00f3n: Aerie y el Movimiento m\u00e1s Real","author":"zeromagazinemx","date":"14 de marzo de 2024","format":false,"excerpt":"En el mundo de la moda, hay marcas que van m\u00e1s all\u00e1 de simplemente vender ropa, y Aerie es una de ellas. Este movimiento, conocido como #AerieRealMX, no solo se trata de prendas de vestir, sino de empoderamiento y autenticidad para todas las mujeres. Cada a\u00f1o, cuando llega el mes\u2026","rel":"","context":"En \u00abBienestar\u00bb","block_context":{"text":"Bienestar","link":"https:\/\/zeromagazine.mx\/index.php\/category\/lifestyle\/bienestar\/"},"img":{"alt_text":"","src":"https:\/\/i0.wp.com\/zeromagazine.mx\/wp-content\/uploads\/2024\/03\/aerue.jpg?fit=1108%2C739&ssl=1&resize=350%2C200","width":350,"height":200,"srcset":"https:\/\/i0.wp.com\/zeromagazine.mx\/wp-content\/uploads\/2024\/03\/aerue.jpg?fit=1108%2C739&ssl=1&resize=350%2C200 1x, https:\/\/i0.wp.com\/zeromagazine.mx\/wp-content\/uploads\/2024\/03\/aerue.jpg?fit=1108%2C739&ssl=1&resize=525%2C300 1.5x, https:\/\/i0.wp.com\/zeromagazine.mx\/wp-content\/uploads\/2024\/03\/aerue.jpg?fit=1108%2C739&ssl=1&resize=700%2C400 2x, https:\/\/i0.wp.com\/zeromagazine.mx\/wp-content\/uploads\/2024\/03\/aerue.jpg?fit=1108%2C739&ssl=1&resize=1050%2C600 3x"},"classes":[]},{"id":71542,"url":"https:\/\/zeromagazine.mx\/index.php\/2024\/03\/07\/8m-como-seran-las-mujeres-del-manana\/","url_meta":{"origin":71460,"position":5},"title":"8M: \u00bfC\u00f3mo ser\u00e1n las mujeres del ma\u00f1ana?\u00a0","author":"zeromagazinemx","date":"7 de marzo de 2024","format":false,"excerpt":"Queremos compartirles algo que nos tiene reflexionando en estos d\u00edas previos al 8M. Resulta que el D\u00eda Internacional de la Mujer no solo es un recordatorio de las luchas pasadas, sino tambi\u00e9n una oportunidad para preguntarnos: \u00bfC\u00f3mo ser\u00e1n las mujeres del ma\u00f1ana? Seg\u00fan el Foro Econ\u00f3mico Mundial, la Generaci\u00f3n Z\u2026","rel":"","context":"En \u00abBlog\u00bb","block_context":{"text":"Blog","link":"https:\/\/zeromagazine.mx\/index.php\/category\/blog\/"},"img":{"alt_text":"","src":"https:\/\/i0.wp.com\/zeromagazine.mx\/wp-content\/uploads\/2024\/03\/pexels-rubi-salgado-15883547-scaled.jpg?fit=1200%2C800&ssl=1&resize=350%2C200","width":350,"height":200,"srcset":"https:\/\/i0.wp.com\/zeromagazine.mx\/wp-content\/uploads\/2024\/03\/pexels-rubi-salgado-15883547-scaled.jpg?fit=1200%2C800&ssl=1&resize=350%2C200 1x, https:\/\/i0.wp.com\/zeromagazine.mx\/wp-content\/uploads\/2024\/03\/pexels-rubi-salgado-15883547-scaled.jpg?fit=1200%2C800&ssl=1&resize=525%2C300 1.5x, https:\/\/i0.wp.com\/zeromagazine.mx\/wp-content\/uploads\/2024\/03\/pexels-rubi-salgado-15883547-scaled.jpg?fit=1200%2C800&ssl=1&resize=700%2C400 2x, https:\/\/i0.wp.com\/zeromagazine.mx\/wp-content\/uploads\/2024\/03\/pexels-rubi-salgado-15883547-scaled.jpg?fit=1200%2C800&ssl=1&resize=1050%2C600 3x"},"classes":[]}],"jetpack_sharing_enabled":true,"builder_content":"","_links":{"self":[{"href":"https:\/\/zeromagazine.mx\/index.php\/wp-json\/wp\/v2\/posts\/71460","targetHints":{"allow":["GET"]}}],"collection":[{"href":"https:\/\/zeromagazine.mx\/index.php\/wp-json\/wp\/v2\/posts"}],"about":[{"href":"https:\/\/zeromagazine.mx\/index.php\/wp-json\/wp\/v2\/types\/post"}],"author":[{"embeddable":true,"href":"https:\/\/zeromagazine.mx\/index.php\/wp-json\/wp\/v2\/users\/2"}],"replies":[{"embeddable":true,"href":"https:\/\/zeromagazine.mx\/index.php\/wp-json\/wp\/v2\/comments?post=71460"}],"version-history":[{"count":3,"href":"https:\/\/zeromagazine.mx\/index.php\/wp-json\/wp\/v2\/posts\/71460\/revisions"}],"predecessor-version":[{"id":71465,"href":"https:\/\/zeromagazine.mx\/index.php\/wp-json\/wp\/v2\/posts\/71460\/revisions\/71465"}],"wp:featuredmedia":[{"embeddable":true,"href":"https:\/\/zeromagazine.mx\/index.php\/wp-json\/wp\/v2\/media\/71461"}],"wp:attachment":[{"href":"https:\/\/zeromagazine.mx\/index.php\/wp-json\/wp\/v2\/media?parent=71460"}],"wp:term":[{"taxonomy":"category","embeddable":true,"href":"https:\/\/zeromagazine.mx\/index.php\/wp-json\/wp\/v2\/categories?post=71460"},{"taxonomy":"post_tag","embeddable":true,"href":"https:\/\/zeromagazine.mx\/index.php\/wp-json\/wp\/v2\/tags?post=71460"}],"curies":[{"name":"wp","href":"https:\/\/api.w.org\/{rel}","templated":true}]}}